{"id":18402,"date":"2024-09-03T06:00:00","date_gmt":"2024-09-03T09:00:00","guid":{"rendered":"https:\/\/agenciainfra.com\/blog\/?p=18402"},"modified":"2024-09-03T15:39:34","modified_gmt":"2024-09-03T18:39:34","slug":"com-novo-presidente-vale-deve-destravar-acordo-com-o-governo-sobre-repactuacao-de-contratos-de-ferrovia-diz-ministro","status":"publish","type":"post","link":"https:\/\/agenciainfra.com\/blog\/com-novo-presidente-vale-deve-destravar-acordo-com-o-governo-sobre-repactuacao-de-contratos-de-ferrovia-diz-ministro\/","title":{"rendered":"Com novo presidente, Vale deve destravar acordo com o governo sobre repactua\u00e7\u00e3o de contratos de ferrovia, diz ministro"},"content":{"rendered":"\n<p class=\"has-text-align-right\"><strong>Dimmi Amora e Sheyla Santos, da Ag\u00eancia iNFRA<\/strong><\/p>\n\n\n\n<p>A troca do presidente da Vale, que teve nome escolhido nesta semana, dever\u00e1 destravar as negocia\u00e7\u00f5es que est\u00e3o em andamento para a repactua\u00e7\u00e3o dos contratos ferrovi\u00e1rios da empresa, renovados em 2021.<br><br>O ministro dos Transportes, Renan Filho, disse na quinta-feira (29) que o governo aguarda que a Vale mantenha a proposta apresentada sobre a repactua\u00e7\u00e3o do contrato renovado das ferrovias EFC (Estrada de Ferro Caraj\u00e1s) e EFVM (Estrada de Ferro Vit\u00f3ria a Minas) para poder decidir o tema e, assim, apresentar o novo plano para o setor ferrovi\u00e1rio.\u00a0<br><br>A empresa teve recentemente um novo presidente escolhido, Gustavo Pimenta, que substituir\u00e1 Eduardo Bartolomeo. Segundo Renan, ele foi informado que Pimenta aceita manter os termos que foram encaminhados na \u00faltima proposta da empresa.<br><br>&#8220;Fui informado que o novo presidente mant\u00e9m a proposta ao governo federal&#8221;, disse o ministro ap\u00f3s o leil\u00e3o da rodovia BR-381\/MG.<br><br>Governo e empresa negociam desde o ano passado uma revis\u00e3o dos contratos assinados em 2021. O governo entende ser justo pagar um valor a mais pela renova\u00e7\u00e3o e a empresa negocia melhores prazos para a realiza\u00e7\u00e3o de obriga\u00e7\u00f5es.\u00a0<br><br>Uma proposta da Vale foi encaminhada no fim do semestre passado ao governo, mas o acordo n\u00e3o foi fechado. Internamente, o governo atribui isso ao tumultuado processo de troca do presidente da companhia.<br><br><strong>Ferrogr\u00e3o<\/strong><br>Segundo o ministro, com o fechamento desse acordo com a Vale, o plano para o setor ferrovi\u00e1rio ser\u00e1 lan\u00e7ado. O plano tem como um dos pilares um novo modelo de financiamento, que se assemelha a uma PPP (Parceria P\u00fablico-Privada) com aporte inicial, que depende de recursos que vir\u00e3o de outorgas das ferrovias existentes.<br><br>Renan disse ainda que o plano para as ferrovias ter\u00e1 um pipeline de projetos &#8220;arrojado&#8221; e citou que entre eles estar\u00e1 o projeto da Ferrogr\u00e3o. Segundo ele, essa ferrovia tem desafios e quest\u00f5es legais em discuss\u00e3o, mas o minist\u00e9rio entende a obra como importante para o desenvolvimento nacional e que ela tem como &#8220;dialogar com a sustentabilidade ambiental&#8221;.<br><br><strong>Oito projetos e pacote regulat\u00f3rio<\/strong><br>O minist\u00e9rio fala em oito projetos de PPP ferrovi\u00e1ria. Segundo apurou a\u00a0<strong>Ag\u00eancia iNFRA<\/strong>, os projetos que est\u00e3o mais avan\u00e7ados para terem suas consultas p\u00fablicas levadas ao mercado s\u00e3o o do corredor Fico-Fiol (Ferrovias de Integra\u00e7\u00e3o Centro-Oeste\/Oeste-Leste), que uniria as concess\u00f5es da Fico I e II, e Fiol II e III, e o da EF-118, estrada de ferro ligando o Esp\u00edrito Santo \u00e0 Regi\u00e3o Metropolitana do Rio de Janeiro.<br><br>Outro tema do programa para o setor ferrovi\u00e1rio \u00e9 um pacote regulat\u00f3rio, que foi anunciado pelo secret\u00e1rio-executivo do Minist\u00e9rio dos Transportes, George Santoro, nesta semana durante evento da ANTF (Associa\u00e7\u00e3o Nacional dos Transportadores Ferrovi\u00e1rios).<br><br><strong>Chamamento p\u00fablico<\/strong><br>O programa tamb\u00e9m deve contar com medidas em rela\u00e7\u00e3o ao modelo de ferrovias autorizadas, especialmente na parte que trata de nova utiliza\u00e7\u00e3o dos trechos que ser\u00e3o devolvidos pelas concession\u00e1rias e ter\u00e3o chamamentos p\u00fablicos para apresenta\u00e7\u00e3o de novos operadores.<br><br>Tamb\u00e9m na quinta-feira (29), a ANTT aprovou a reabertura da AP (Audi\u00eancia P\u00fablica) 7\/2024, encerrada em 22 de agosto, que trata da\u00a0regulamenta\u00e7\u00e3o do modelo de chamamento p\u00fablico para autoriza\u00e7\u00e3o para explora\u00e7\u00e3o de ferrovias.<br><br>Citando pedido da MoveInfra, associa\u00e7\u00e3o que re\u00fane os seis maiores grupos de infraestrutura do pa\u00eds (CCR, EcoRodovias, Hidrovias do Brasil, Rumo, Santos Brasil e Ultracargo), foi dada\u00a0amplia\u00e7\u00e3o do prazo para envio de contribui\u00e7\u00f5es por escrito, especificamente sobre os dispositivos da proposta que tratam da \u201c\u00e1rea de influ\u00eancia\u201d e do \u201cdireito de prefer\u00eancia\u201d.<br><br>Segundo o relator da proposta, diretor Lucas Asfor, est\u00e3o sendo feitos esfor\u00e7os para realizar os ajustes necess\u00e1rios junto ao BNDES (Banco Nacional de Desenvolvimento Econ\u00f4mico e Social), estruturador do projeto, e promover as adequa\u00e7\u00f5es decorrentes de apontamentos do TCU (Tribunal de Contas da Uni\u00e3o).<\/p>\n","protected":false},"excerpt":{"rendered":"<p>Dimmi Amora e Sheyla Santos, da Ag\u00eancia iNFRA A troca do presidente da Vale, que teve nome escolhido nesta semana, dever\u00e1 destravar as negocia\u00e7\u00f5es que est\u00e3o em andamento para a repactua\u00e7\u00e3o dos contratos ferrovi\u00e1rios da empresa, renovados em 2021. O ministro dos Transportes, Renan Filho, disse na quinta-feira (29) que o governo aguarda que a [&hellip;]<\/p>\n","protected":false},"author":1,"featured_media":4952,"comment_status":"closed","ping_status":"closed","sticky":false,"template":"","format":"standard","meta":{"_monsterinsights_skip_tracking":false,"_monsterinsights_sitenote_active":false,"_monsterinsights_sitenote_note":"","_monsterinsights_sitenote_category":0,"footnotes":""},"categories":[7250,1,7],"tags":[59,19,11399,229,228,158,79,34,32,16,6141,11400,97,6248,18,70,83],"class_list":["post-18402","post","type-post","status-publish","format-standard","has-post-thumbnail","hentry","category-destaque-lista","category-geral","category-infratransporte","tag-antf","tag-antt","tag-chamamento-publico-ferrovia","tag-efc","tag-efvm","tag-ferrograo","tag-ferrovia","tag-infraestrutura","tag-investimentos","tag-ministerio-dos-transportes","tag-moveinfra","tag-plano-ferrovias","tag-ppp","tag-renan-filho","tag-tcu","tag-transportes","tag-vale"],"yoast_head":"<!-- This site is optimized with the Yoast SEO Premium plugin v25.4 (Yoast SEO v26.0) - https:\/\/yoast.com\/wordpress\/plugins\/seo\/ -->\n<title>Com novo presidente, Vale deve destravar acordo com o governo sobre repactua\u00e7\u00e3o de contratos de ferrovia, diz ministro - Ag\u00eancia iNFRA<\/title>\n<meta name=\"robots\" content=\"index, follow, max-snippet:-1, max-image-preview:large, max-video-preview:-1\" \/>\n<link rel=\"canonical\" href=\"https:\/\/agenciainfra.com\/blog\/com-novo-presidente-vale-deve-destravar-acordo-com-o-governo-sobre-repactuacao-de-contratos-de-ferrovia-diz-ministro\/\" \/>\n<meta property=\"og:locale\" content=\"pt_BR\" \/>\n<meta property=\"og:type\" content=\"article\" \/>\n<meta property=\"og:title\" content=\"Com novo presidente, Vale deve destravar acordo com o governo sobre repactua\u00e7\u00e3o de contratos de ferrovia, diz ministro\" \/>\n<meta property=\"og:description\" content=\"Dimmi Amora e Sheyla Santos, da Ag\u00eancia iNFRA A troca do presidente da Vale, que teve nome escolhido nesta semana, dever\u00e1 destravar as negocia\u00e7\u00f5es que est\u00e3o em andamento para a repactua\u00e7\u00e3o dos contratos ferrovi\u00e1rios da empresa, renovados em 2021. O ministro dos Transportes, Renan Filho, disse na quinta-feira (29) que o governo aguarda que a [&hellip;]\" \/>\n<meta property=\"og:url\" content=\"https:\/\/agenciainfra.com\/blog\/com-novo-presidente-vale-deve-destravar-acordo-com-o-governo-sobre-repactuacao-de-contratos-de-ferrovia-diz-ministro\/\" \/>\n<meta property=\"og:site_name\" content=\"Ag\u00eancia iNFRA\" \/>\n<meta property=\"article:publisher\" content=\"https:\/\/www.facebook.com\/ageninfra\" \/>\n<meta property=\"article:published_time\" content=\"2024-09-03T09:00:00+00:00\" \/>\n<meta property=\"article:modified_time\" content=\"2024-09-03T18:39:34+00:00\" \/>\n<meta property=\"og:image\" content=\"https:\/\/agenciainfra.com\/blog\/wp-content\/uploads\/2020\/05\/estrada-de-ferro-carajas-foto-vale.jpg\" \/>\n\t<meta property=\"og:image:width\" content=\"1024\" \/>\n\t<meta property=\"og:image:height\" content=\"536\" \/>\n\t<meta property=\"og:image:type\" content=\"image\/jpeg\" \/>\n<meta name=\"author\" content=\"Ag\u00eancia iNFRA\" \/>\n<meta name=\"twitter:card\" content=\"summary_large_image\" \/>\n<meta name=\"twitter:creator\" content=\"@agencia_infra\" \/>\n<meta name=\"twitter:site\" content=\"@agencia_infra\" \/>\n<meta name=\"twitter:label1\" content=\"Escrito por\" \/>\n\t<meta name=\"twitter:data1\" content=\"Ag\u00eancia iNFRA\" \/>\n\t<meta name=\"twitter:label2\" content=\"Est. tempo de leitura\" \/>\n\t<meta name=\"twitter:data2\" content=\"3 minutos\" \/>\n<script type=\"application\/ld+json\" class=\"yoast-schema-graph\">{\"@context\":\"https:\/\/schema.org\",\"@graph\":[{\"@type\":\"Article\",\"@id\":\"https:\/\/agenciainfra.com\/blog\/com-novo-presidente-vale-deve-destravar-acordo-com-o-governo-sobre-repactuacao-de-contratos-de-ferrovia-diz-ministro\/#article\",\"isPartOf\":{\"@id\":\"https:\/\/agenciainfra.com\/blog\/com-novo-presidente-vale-deve-destravar-acordo-com-o-governo-sobre-repactuacao-de-contratos-de-ferrovia-diz-ministro\/\"},\"author\":{\"name\":\"Ag\u00eancia iNFRA\",\"@id\":\"https:\/\/agenciainfra.com\/blog\/#\/schema\/person\/34af08dff6adea4cb22b06612ba7acfa\"},\"headline\":\"Com novo presidente, Vale deve destravar acordo com o governo sobre repactua\u00e7\u00e3o de contratos de ferrovia, diz ministro\",\"datePublished\":\"2024-09-03T09:00:00+00:00\",\"dateModified\":\"2024-09-03T18:39:34+00:00\",\"mainEntityOfPage\":{\"@id\":\"https:\/\/agenciainfra.com\/blog\/com-novo-presidente-vale-deve-destravar-acordo-com-o-governo-sobre-repactuacao-de-contratos-de-ferrovia-diz-ministro\/\"},\"wordCount\":698,\"publisher\":{\"@id\":\"https:\/\/agenciainfra.com\/blog\/#organization\"},\"image\":{\"@id\":\"https:\/\/agenciainfra.com\/blog\/com-novo-presidente-vale-deve-destravar-acordo-com-o-governo-sobre-repactuacao-de-contratos-de-ferrovia-diz-ministro\/#primaryimage\"},\"thumbnailUrl\":\"https:\/\/agenciainfra.com\/blog\/wp-content\/uploads\/2020\/05\/estrada-de-ferro-carajas-foto-vale.jpg\",\"keywords\":[\"ANTF\",\"ANTT\",\"chamamento p\u00fablico ferrovia\",\"EFC\",\"EFVM\",\"Ferrogr\u00e3o\",\"Ferrovia\",\"Infraestrutura\",\"Investimentos\",\"minist\u00e9rio dos transportes\",\"MoveInfra\",\"plano ferrovias\",\"PPP\",\"Renan Filho\",\"TCU\",\"transportes\",\"Vale\"],\"articleSection\":[\"Destaque lista\",\"Geral\",\"iNFRATransporte\"],\"inLanguage\":\"pt-BR\",\"copyrightYear\":\"2024\",\"copyrightHolder\":{\"@id\":\"https:\/\/agenciainfra.com\/blog\/#organization\"}},{\"@type\":\"WebPage\",\"@id\":\"https:\/\/agenciainfra.com\/blog\/com-novo-presidente-vale-deve-destravar-acordo-com-o-governo-sobre-repactuacao-de-contratos-de-ferrovia-diz-ministro\/\",\"url\":\"https:\/\/agenciainfra.com\/blog\/com-novo-presidente-vale-deve-destravar-acordo-com-o-governo-sobre-repactuacao-de-contratos-de-ferrovia-diz-ministro\/\",\"name\":\"Com novo presidente, Vale deve destravar acordo com o governo sobre repactua\u00e7\u00e3o de contratos de ferrovia, diz ministro - Ag\u00eancia iNFRA\",\"isPartOf\":{\"@id\":\"https:\/\/agenciainfra.com\/blog\/#website\"},\"primaryImageOfPage\":{\"@id\":\"https:\/\/agenciainfra.com\/blog\/com-novo-presidente-vale-deve-destravar-acordo-com-o-governo-sobre-repactuacao-de-contratos-de-ferrovia-diz-ministro\/#primaryimage\"},\"image\":{\"@id\":\"https:\/\/agenciainfra.com\/blog\/com-novo-presidente-vale-deve-destravar-acordo-com-o-governo-sobre-repactuacao-de-contratos-de-ferrovia-diz-ministro\/#primaryimage\"},\"thumbnailUrl\":\"https:\/\/agenciainfra.com\/blog\/wp-content\/uploads\/2020\/05\/estrada-de-ferro-carajas-foto-vale.jpg\",\"datePublished\":\"2024-09-03T09:00:00+00:00\",\"dateModified\":\"2024-09-03T18:39:34+00:00\",\"breadcrumb\":{\"@id\":\"https:\/\/agenciainfra.com\/blog\/com-novo-presidente-vale-deve-destravar-acordo-com-o-governo-sobre-repactuacao-de-contratos-de-ferrovia-diz-ministro\/#breadcrumb\"},\"inLanguage\":\"pt-BR\",\"potentialAction\":[{\"@type\":\"ReadAction\",\"target\":[\"https:\/\/agenciainfra.com\/blog\/com-novo-presidente-vale-deve-destravar-acordo-com-o-governo-sobre-repactuacao-de-contratos-de-ferrovia-diz-ministro\/\"]}]},{\"@type\":\"ImageObject\",\"inLanguage\":\"pt-BR\",\"@id\":\"https:\/\/agenciainfra.com\/blog\/com-novo-presidente-vale-deve-destravar-acordo-com-o-governo-sobre-repactuacao-de-contratos-de-ferrovia-diz-ministro\/#primaryimage\",\"url\":\"https:\/\/agenciainfra.com\/blog\/wp-content\/uploads\/2020\/05\/estrada-de-ferro-carajas-foto-vale.jpg\",\"contentUrl\":\"https:\/\/agenciainfra.com\/blog\/wp-content\/uploads\/2020\/05\/estrada-de-ferro-carajas-foto-vale.jpg\",\"width\":1024,\"height\":536,\"caption\":\"estrada-de-ferro-carajas-foto-vale\"},{\"@type\":\"BreadcrumbList\",\"@id\":\"https:\/\/agenciainfra.com\/blog\/com-novo-presidente-vale-deve-destravar-acordo-com-o-governo-sobre-repactuacao-de-contratos-de-ferrovia-diz-ministro\/#breadcrumb\",\"itemListElement\":[{\"@type\":\"ListItem\",\"position\":1,\"name\":\"In\u00edcio\",\"item\":\"https:\/\/agenciainfra.com\/blog\/\"},{\"@type\":\"ListItem\",\"position\":2,\"name\":\"Com novo presidente, Vale deve destravar acordo com o governo sobre repactua\u00e7\u00e3o de contratos de ferrovia, diz ministro\"}]},{\"@type\":\"WebSite\",\"@id\":\"https:\/\/agenciainfra.com\/blog\/#website\",\"url\":\"https:\/\/agenciainfra.com\/blog\/\",\"name\":\"Ag\u00eancia iNFRA\",\"description\":\"Multiplataforma de informa\u00e7\u00e3o jornal\u00edstica refer\u00eancia na \u00e1rea de infraestrutura no Brasil!\",\"publisher\":{\"@id\":\"https:\/\/agenciainfra.com\/blog\/#organization\"},\"potentialAction\":[{\"@type\":\"SearchAction\",\"target\":{\"@type\":\"EntryPoint\",\"urlTemplate\":\"https:\/\/agenciainfra.com\/blog\/?s={search_term_string}\"},\"query-input\":{\"@type\":\"PropertyValueSpecification\",\"valueRequired\":true,\"valueName\":\"search_term_string\"}}],\"inLanguage\":\"pt-BR\"},{\"@type\":\"Organization\",\"@id\":\"https:\/\/agenciainfra.com\/blog\/#organization\",\"name\":\"Ag\u00eancia iNFRA\",\"url\":\"https:\/\/agenciainfra.com\/blog\/\",\"logo\":{\"@type\":\"ImageObject\",\"inLanguage\":\"pt-BR\",\"@id\":\"https:\/\/agenciainfra.com\/blog\/#\/schema\/logo\/image\/\",\"url\":\"https:\/\/agenciainfra.com\/blog\/wp-content\/uploads\/2023\/09\/iNFRA_5-e1761735885940.png\",\"contentUrl\":\"https:\/\/agenciainfra.com\/blog\/wp-content\/uploads\/2023\/09\/iNFRA_5-e1761735885940.png\",\"width\":1672,\"height\":454,\"caption\":\"Ag\u00eancia iNFRA\"},\"image\":{\"@id\":\"https:\/\/agenciainfra.com\/blog\/#\/schema\/logo\/image\/\"},\"sameAs\":[\"https:\/\/www.facebook.com\/ageninfra\",\"https:\/\/x.com\/agencia_infra\",\"https:\/\/www.linkedin.com\/company\/ag\u00eanciainfra\/\",\"https:\/\/www.instagram.com\/agenciainfra\/\"]},{\"@type\":\"Person\",\"@id\":\"https:\/\/agenciainfra.com\/blog\/#\/schema\/person\/34af08dff6adea4cb22b06612ba7acfa\",\"name\":\"Ag\u00eancia iNFRA\",\"image\":{\"@type\":\"ImageObject\",\"inLanguage\":\"pt-BR\",\"@id\":\"https:\/\/agenciainfra.com\/blog\/#\/schema\/person\/image\/\",\"url\":\"https:\/\/secure.gravatar.com\/avatar\/d189e01678f06d8eb84d4e01f08eb848b3fffe3f8443818d3c356c66892f5be8?s=96&d=mm&r=g\",\"contentUrl\":\"https:\/\/secure.gravatar.com\/avatar\/d189e01678f06d8eb84d4e01f08eb848b3fffe3f8443818d3c356c66892f5be8?s=96&d=mm&r=g\",\"caption\":\"Ag\u00eancia iNFRA\"},\"url\":\"https:\/\/agenciainfra.com\/blog\/author\/admin\/\"}]}<\/script>\n<!-- \/ Yoast SEO Premium plugin. -->","yoast_head_json":{"title":"Com novo presidente, Vale deve destravar acordo com o governo sobre repactua\u00e7\u00e3o de contratos de ferrovia, diz ministro - Ag\u00eancia iNFRA","robots":{"index":"index","follow":"follow","max-snippet":"max-snippet:-1","max-image-preview":"max-image-preview:large","max-video-preview":"max-video-preview:-1"},"canonical":"https:\/\/agenciainfra.com\/blog\/com-novo-presidente-vale-deve-destravar-acordo-com-o-governo-sobre-repactuacao-de-contratos-de-ferrovia-diz-ministro\/","og_locale":"pt_BR","og_type":"article","og_title":"Com novo presidente, Vale deve destravar acordo com o governo sobre repactua\u00e7\u00e3o de contratos de ferrovia, diz ministro","og_description":"Dimmi Amora e Sheyla Santos, da Ag\u00eancia iNFRA A troca do presidente da Vale, que teve nome escolhido nesta semana, dever\u00e1 destravar as negocia\u00e7\u00f5es que est\u00e3o em andamento para a repactua\u00e7\u00e3o dos contratos ferrovi\u00e1rios da empresa, renovados em 2021. O ministro dos Transportes, Renan Filho, disse na quinta-feira (29) que o governo aguarda que a [&hellip;]","og_url":"https:\/\/agenciainfra.com\/blog\/com-novo-presidente-vale-deve-destravar-acordo-com-o-governo-sobre-repactuacao-de-contratos-de-ferrovia-diz-ministro\/","og_site_name":"Ag\u00eancia iNFRA","article_publisher":"https:\/\/www.facebook.com\/ageninfra","article_published_time":"2024-09-03T09:00:00+00:00","article_modified_time":"2024-09-03T18:39:34+00:00","og_image":[{"width":1024,"height":536,"url":"https:\/\/agenciainfra.com\/blog\/wp-content\/uploads\/2020\/05\/estrada-de-ferro-carajas-foto-vale.jpg","type":"image\/jpeg"}],"author":"Ag\u00eancia iNFRA","twitter_card":"summary_large_image","twitter_creator":"@agencia_infra","twitter_site":"@agencia_infra","twitter_misc":{"Escrito por":"Ag\u00eancia iNFRA","Est. tempo de leitura":"3 minutos"},"schema":{"@context":"https:\/\/schema.org","@graph":[{"@type":"Article","@id":"https:\/\/agenciainfra.com\/blog\/com-novo-presidente-vale-deve-destravar-acordo-com-o-governo-sobre-repactuacao-de-contratos-de-ferrovia-diz-ministro\/#article","isPartOf":{"@id":"https:\/\/agenciainfra.com\/blog\/com-novo-presidente-vale-deve-destravar-acordo-com-o-governo-sobre-repactuacao-de-contratos-de-ferrovia-diz-ministro\/"},"author":{"name":"Ag\u00eancia iNFRA","@id":"https:\/\/agenciainfra.com\/blog\/#\/schema\/person\/34af08dff6adea4cb22b06612ba7acfa"},"headline":"Com novo presidente, Vale deve destravar acordo com o governo sobre repactua\u00e7\u00e3o de contratos de ferrovia, diz ministro","datePublished":"2024-09-03T09:00:00+00:00","dateModified":"2024-09-03T18:39:34+00:00","mainEntityOfPage":{"@id":"https:\/\/agenciainfra.com\/blog\/com-novo-presidente-vale-deve-destravar-acordo-com-o-governo-sobre-repactuacao-de-contratos-de-ferrovia-diz-ministro\/"},"wordCount":698,"publisher":{"@id":"https:\/\/agenciainfra.com\/blog\/#organization"},"image":{"@id":"https:\/\/agenciainfra.com\/blog\/com-novo-presidente-vale-deve-destravar-acordo-com-o-governo-sobre-repactuacao-de-contratos-de-ferrovia-diz-ministro\/#primaryimage"},"thumbnailUrl":"https:\/\/agenciainfra.com\/blog\/wp-content\/uploads\/2020\/05\/estrada-de-ferro-carajas-foto-vale.jpg","keywords":["ANTF","ANTT","chamamento p\u00fablico ferrovia","EFC","EFVM","Ferrogr\u00e3o","Ferrovia","Infraestrutura","Investimentos","minist\u00e9rio dos transportes","MoveInfra","plano ferrovias","PPP","Renan Filho","TCU","transportes","Vale"],"articleSection":["Destaque lista","Geral","iNFRATransporte"],"inLanguage":"pt-BR","copyrightYear":"2024","copyrightHolder":{"@id":"https:\/\/agenciainfra.com\/blog\/#organization"}},{"@type":"WebPage","@id":"https:\/\/agenciainfra.com\/blog\/com-novo-presidente-vale-deve-destravar-acordo-com-o-governo-sobre-repactuacao-de-contratos-de-ferrovia-diz-ministro\/","url":"https:\/\/agenciainfra.com\/blog\/com-novo-presidente-vale-deve-destravar-acordo-com-o-governo-sobre-repactuacao-de-contratos-de-ferrovia-diz-ministro\/","name":"Com novo presidente, Vale deve destravar acordo com o governo sobre repactua\u00e7\u00e3o de contratos de ferrovia, diz ministro - Ag\u00eancia iNFRA","isPartOf":{"@id":"https:\/\/agenciainfra.com\/blog\/#website"},"primaryImageOfPage":{"@id":"https:\/\/agenciainfra.com\/blog\/com-novo-presidente-vale-deve-destravar-acordo-com-o-governo-sobre-repactuacao-de-contratos-de-ferrovia-diz-ministro\/#primaryimage"},"image":{"@id":"https:\/\/agenciainfra.com\/blog\/com-novo-presidente-vale-deve-destravar-acordo-com-o-governo-sobre-repactuacao-de-contratos-de-ferrovia-diz-ministro\/#primaryimage"},"thumbnailUrl":"https:\/\/agenciainfra.com\/blog\/wp-content\/uploads\/2020\/05\/estrada-de-ferro-carajas-foto-vale.jpg","datePublished":"2024-09-03T09:00:00+00:00","dateModified":"2024-09-03T18:39:34+00:00","breadcrumb":{"@id":"https:\/\/agenciainfra.com\/blog\/com-novo-presidente-vale-deve-destravar-acordo-com-o-governo-sobre-repactuacao-de-contratos-de-ferrovia-diz-ministro\/#breadcrumb"},"inLanguage":"pt-BR","potentialAction":[{"@type":"ReadAction","target":["https:\/\/agenciainfra.com\/blog\/com-novo-presidente-vale-deve-destravar-acordo-com-o-governo-sobre-repactuacao-de-contratos-de-ferrovia-diz-ministro\/"]}]},{"@type":"ImageObject","inLanguage":"pt-BR","@id":"https:\/\/agenciainfra.com\/blog\/com-novo-presidente-vale-deve-destravar-acordo-com-o-governo-sobre-repactuacao-de-contratos-de-ferrovia-diz-ministro\/#primaryimage","url":"https:\/\/agenciainfra.com\/blog\/wp-content\/uploads\/2020\/05\/estrada-de-ferro-carajas-foto-vale.jpg","contentUrl":"https:\/\/agenciainfra.com\/blog\/wp-content\/uploads\/2020\/05\/estrada-de-ferro-carajas-foto-vale.jpg","width":1024,"height":536,"caption":"estrada-de-ferro-carajas-foto-vale"},{"@type":"BreadcrumbList","@id":"https:\/\/agenciainfra.com\/blog\/com-novo-presidente-vale-deve-destravar-acordo-com-o-governo-sobre-repactuacao-de-contratos-de-ferrovia-diz-ministro\/#breadcrumb","itemListElement":[{"@type":"ListItem","position":1,"name":"In\u00edcio","item":"https:\/\/agenciainfra.com\/blog\/"},{"@type":"ListItem","position":2,"name":"Com novo presidente, Vale deve destravar acordo com o governo sobre repactua\u00e7\u00e3o de contratos de ferrovia, diz ministro"}]},{"@type":"WebSite","@id":"https:\/\/agenciainfra.com\/blog\/#website","url":"https:\/\/agenciainfra.com\/blog\/","name":"Ag\u00eancia iNFRA","description":"Multiplataforma de informa\u00e7\u00e3o jornal\u00edstica refer\u00eancia na \u00e1rea de infraestrutura no Brasil!","publisher":{"@id":"https:\/\/agenciainfra.com\/blog\/#organization"},"potentialAction":[{"@type":"SearchAction","target":{"@type":"EntryPoint","urlTemplate":"https:\/\/agenciainfra.com\/blog\/?s={search_term_string}"},"query-input":{"@type":"PropertyValueSpecification","valueRequired":true,"valueName":"search_term_string"}}],"inLanguage":"pt-BR"},{"@type":"Organization","@id":"https:\/\/agenciainfra.com\/blog\/#organization","name":"Ag\u00eancia iNFRA","url":"https:\/\/agenciainfra.com\/blog\/","logo":{"@type":"ImageObject","inLanguage":"pt-BR","@id":"https:\/\/agenciainfra.com\/blog\/#\/schema\/logo\/image\/","url":"https:\/\/agenciainfra.com\/blog\/wp-content\/uploads\/2023\/09\/iNFRA_5-e1761735885940.png","contentUrl":"https:\/\/agenciainfra.com\/blog\/wp-content\/uploads\/2023\/09\/iNFRA_5-e1761735885940.png","width":1672,"height":454,"caption":"Ag\u00eancia iNFRA"},"image":{"@id":"https:\/\/agenciainfra.com\/blog\/#\/schema\/logo\/image\/"},"sameAs":["https:\/\/www.facebook.com\/ageninfra","https:\/\/x.com\/agencia_infra","https:\/\/www.linkedin.com\/company\/ag\u00eanciainfra\/","https:\/\/www.instagram.com\/agenciainfra\/"]},{"@type":"Person","@id":"https:\/\/agenciainfra.com\/blog\/#\/schema\/person\/34af08dff6adea4cb22b06612ba7acfa","name":"Ag\u00eancia iNFRA","image":{"@type":"ImageObject","inLanguage":"pt-BR","@id":"https:\/\/agenciainfra.com\/blog\/#\/schema\/person\/image\/","url":"https:\/\/secure.gravatar.com\/avatar\/d189e01678f06d8eb84d4e01f08eb848b3fffe3f8443818d3c356c66892f5be8?s=96&d=mm&r=g","contentUrl":"https:\/\/secure.gravatar.com\/avatar\/d189e01678f06d8eb84d4e01f08eb848b3fffe3f8443818d3c356c66892f5be8?s=96&d=mm&r=g","caption":"Ag\u00eancia iNFRA"},"url":"https:\/\/agenciainfra.com\/blog\/author\/admin\/"}]}},"_links":{"self":[{"href":"https:\/\/agenciainfra.com\/blog\/wp-json\/wp\/v2\/posts\/18402","targetHints":{"allow":["GET"]}}],"collection":[{"href":"https:\/\/agenciainfra.com\/blog\/wp-json\/wp\/v2\/posts"}],"about":[{"href":"https:\/\/agenciainfra.com\/blog\/wp-json\/wp\/v2\/types\/post"}],"author":[{"embeddable":true,"href":"https:\/\/agenciainfra.com\/blog\/wp-json\/wp\/v2\/users\/1"}],"replies":[{"embeddable":true,"href":"https:\/\/agenciainfra.com\/blog\/wp-json\/wp\/v2\/comments?post=18402"}],"version-history":[{"count":1,"href":"https:\/\/agenciainfra.com\/blog\/wp-json\/wp\/v2\/posts\/18402\/revisions"}],"predecessor-version":[{"id":18403,"href":"https:\/\/agenciainfra.com\/blog\/wp-json\/wp\/v2\/posts\/18402\/revisions\/18403"}],"wp:featuredmedia":[{"embeddable":true,"href":"https:\/\/agenciainfra.com\/blog\/wp-json\/wp\/v2\/media\/4952"}],"wp:attachment":[{"href":"https:\/\/agenciainfra.com\/blog\/wp-json\/wp\/v2\/media?parent=18402"}],"wp:term":[{"taxonomy":"category","embeddable":true,"href":"https:\/\/agenciainfra.com\/blog\/wp-json\/wp\/v2\/categories?post=18402"},{"taxonomy":"post_tag","embeddable":true,"href":"https:\/\/agenciainfra.com\/blog\/wp-json\/wp\/v2\/tags?post=18402"}],"curies":[{"name":"wp","href":"https:\/\/api.w.org\/{rel}","templated":true}]}}