{"id":1843,"date":"2018-06-14T07:30:55","date_gmt":"2018-06-14T10:30:55","guid":{"rendered":"http:\/\/www.agenciainfra.com\/blog\/?p=1843"},"modified":"2018-06-14T10:04:27","modified_gmt":"2018-06-14T13:04:27","slug":"comissao-especial-da-camara-conclui-substitutivo-a-projeto-de-lei-das-agencias-reguladoras","status":"publish","type":"post","link":"https:\/\/agenciainfra.com\/blog\/comissao-especial-da-camara-conclui-substitutivo-a-projeto-de-lei-das-agencias-reguladoras\/","title":{"rendered":"Comiss\u00e3o\u00a0especial\u00a0da C\u00e2mara conclui substitutivo a projeto de lei das\u00a0ag\u00eancias\u00a0reguladoras"},"content":{"rendered":"<p style=\"text-align: right;\"><strong>Bernardo Gonzaga, da\u00a0Ag\u00eancia\u00a0iNFRA<\/strong><\/p>\n<p>A C\u00e2mara dos Deputados divulgou na quarta-feira (6) o substitutivo ao PL (projeto de lei) que trata do novo modelo de gest\u00e3o das\u00a0ag\u00eancias\u00a0reguladoras. O novo texto sobrep\u00f5e a vers\u00e3o\u00a0que veio do Senado. A expectativa \u00e9 que a leitura da nova proposta ocorra na pr\u00f3xima reuni\u00e3o da\u00a0Comiss\u00e3o\u00a0Especial\u00a0que analisa a mat\u00e9ria, ainda sem data. O texto completo do relat\u00f3rio est\u00e1 dispon\u00edvel neste\u00a0<a href=\"https:\/\/agenciainfra.us14.list-manage.com\/track\/click?u=d460dd1bcf9ba0ae040e1fc0f&amp;id=9ecfa97a22&amp;e=0c440aab2b\">link<\/a>.<\/p>\n<p>Das 36 emendas sugeridas pelos parlamentares, 15 foram acolhidas totalmente ou parcialmente. As restantes foram caracterizadas como inconstitucionais ou rejeitadas.\u00a0Entre as altera\u00e7\u00f5es implementadas, destaque para a que inclui na nova lei a mais recente\u00a0ag\u00eancia\u00a0reguladora\u00a0que o governo federal criou, a ANM (Ag\u00eancia\u00a0Nacional de Minera\u00e7\u00e3o). Outra importante emenda acolhida \u00e9 a que\u00a0amplia a obrigatoriedade de comunica\u00e7\u00e3o da aprova\u00e7\u00e3o do plano de gest\u00e3o anual da\u00a0ag\u00eancia\u00a0ao minist\u00e9rio ao qual ela se vincula.<\/p>\n<p>Em rela\u00e7\u00e3o ao setor el\u00e9trico, foi aceita a emenda que veda a descentraliza\u00e7\u00e3o dos servi\u00e7os e instala\u00e7\u00f5es de energia el\u00e9trica, a express\u00e3o &#8220;transmiss\u00e3o integrante da rede b\u00e1sica&#8221; por &#8220;transmiss\u00e3o de energia el\u00e9trica, conforme condi\u00e7\u00f5es estabelecidas em regulamento da ANEEL (Ag\u00eancia\u00a0Nacional de Energia El\u00e9trica).<\/p>\n<p>Foi aprovada emenda ao artigo 14, que prev\u00ea que os agentes p\u00fablicos das\u00a0ag\u00eancias reguladoras\u00a0&#8220;n\u00e3o ser\u00e3o responsabilizados por suas decis\u00f5es ou opini\u00f5es t\u00e9cnicas, ressalvadas as hip\u00f3teses de dolo, fraude ou erro grosseiro&#8221;.<\/p>\n<p>Entre as emendas rejeitadas, est\u00e1 a que acrescentaria ao artigo\u00a09\u00ba do projeto a determina\u00e7\u00e3o para\u00a0que a\u00a0ag\u00eancia\u00a0reguladora, antes de realizar uma consulta p\u00fablica, recebesse sugest\u00f5es e cr\u00edticas dos servidores, assegurando o direito a manifesta\u00e7\u00f5es an\u00f4nimas.<\/p>\n<p>Outra emenda rejeitada foi a que determinaria que\u00a0ao menos um dos membros do conselho diretor ou da diretoria colegiada\u00a0fosse escolhido a partir de lista tr\u00edplice de servidores do quadro da\u00a0ag\u00eancia.<\/p>\n<p><strong>Escolha de membros de diretorias<\/strong><br \/>\nPelo projeto, a escolha\u00a0pelo presidente da Rep\u00fablica\u00a0de membros da diretoria de\u00a0ag\u00eancias reguladoras\u00a0ser\u00e1 feita por meio\u00a0de processo p\u00fablico de pr\u00e9-sele\u00e7\u00e3o. Para isso, ser\u00e1 criada uma\u00a0comiss\u00e3o\u00a0espec\u00edfica que selecionar\u00e1 uma lista tr\u00edplice em at\u00e9 120 dias antes da vac\u00e2ncia do cargo. A indica\u00e7\u00e3o presidencial dever\u00e1 ocorrer em at\u00e9 60 dias ap\u00f3s a entrega da lista tr\u00edplice.<\/p>\n<p>O relat\u00f3rio do projeto n\u00e3o especifica quem ser\u00e3o os membros dessa\u00a0comiss\u00e3o. Por\u00e9m, a\u00a0aprova\u00e7\u00e3o continua a cargo do Senado Federal.<\/p>\n<p><strong>Requisitos<\/strong><br \/>\nPara assumir uma diretoria de\u00a0ag\u00eancia\u00a0reguladora, o indicado dever\u00e1 ter, no m\u00ednimo, 10 anos de experi\u00eancia na \u00e1rea da\u00a0ag\u00eancia\u00a0em quest\u00e3o, seja do setor p\u00fablico ou privado.<\/p>\n<p>Caso n\u00e3o atenda a esse requisito, o candidato dever\u00e1 ter ocupado, no m\u00ednimo, por quatro anos, um dos seguintes cargos: dire\u00e7\u00e3o ou chefia superior em empresa no campo de atividade da\u00a0ag\u00eancia\u00a0reguladora; ou cargo de docente ou de pesquisador no campo de atividade da\u00a0ag\u00eancia.<\/p>\n<p><strong>Conflito de interesse<\/strong><br \/>\nO novo projeto veda ao membro do conselho diretor ou da diretoria colegiada ter atividade empresarial como diretor, administrador, gerente, membro de conselho de administra\u00e7\u00e3o ou conselho fiscal. Tamb\u00e9m est\u00e1 vedado a esses cargos pessoas que exer\u00e7am atividade sindical e pol\u00edtico-partid\u00e1ria.<\/p>\n","protected":false},"excerpt":{"rendered":"<p>Bernardo Gonzaga, da\u00a0Ag\u00eancia\u00a0iNFRA A C\u00e2mara dos Deputados divulgou na quarta-feira (6) o substitutivo ao PL (projeto de lei) que trata do novo modelo de gest\u00e3o das\u00a0ag\u00eancias\u00a0reguladoras. O novo texto sobrep\u00f5e a vers\u00e3o\u00a0que veio do Senado. A expectativa \u00e9 que a leitura da nova proposta ocorra na pr\u00f3xima reuni\u00e3o da\u00a0Comiss\u00e3o\u00a0Especial\u00a0que analisa a mat\u00e9ria, ainda sem data. [&hellip;]<\/p>\n","protected":false},"author":1,"featured_media":1849,"comment_status":"closed","ping_status":"open","sticky":false,"template":"","format":"standard","meta":{"_monsterinsights_skip_tracking":false,"_monsterinsights_sitenote_active":false,"_monsterinsights_sitenote_note":"","_monsterinsights_sitenote_category":0,"footnotes":""},"categories":[7],"tags":[46,340,339,338,337,301],"class_list":["post-1843","post","type-post","status-publish","format-standard","has-post-thumbnail","hentry","category-infratransporte","tag-agencias-reguladoras","tag-anm","tag-artigo-14","tag-emendas","tag-modelo","tag-pl"],"yoast_head":"<!-- This site is optimized with the Yoast SEO Premium plugin v25.4 (Yoast SEO v26.0) - https:\/\/yoast.com\/wordpress\/plugins\/seo\/ -->\n<title>Comiss\u00e3o\u00a0especial\u00a0da C\u00e2mara conclui substitutivo a projeto de lei das\u00a0ag\u00eancias\u00a0reguladoras - Ag\u00eancia iNFRA<\/title>\n<meta name=\"robots\" content=\"index, follow, max-snippet:-1, max-image-preview:large, max-video-preview:-1\" \/>\n<link rel=\"canonical\" href=\"https:\/\/agenciainfra.com\/blog\/comissao-especial-da-camara-conclui-substitutivo-a-projeto-de-lei-das-agencias-reguladoras\/\" \/>\n<meta property=\"og:locale\" content=\"pt_BR\" \/>\n<meta property=\"og:type\" content=\"article\" \/>\n<meta property=\"og:title\" content=\"Comiss\u00e3o\u00a0especial\u00a0da C\u00e2mara conclui substitutivo a projeto de lei das\u00a0ag\u00eancias\u00a0reguladoras\" \/>\n<meta property=\"og:description\" content=\"Bernardo Gonzaga, da\u00a0Ag\u00eancia\u00a0iNFRA A C\u00e2mara dos Deputados divulgou na quarta-feira (6) o substitutivo ao PL (projeto de lei) que trata do novo modelo de gest\u00e3o das\u00a0ag\u00eancias\u00a0reguladoras. O novo texto sobrep\u00f5e a vers\u00e3o\u00a0que veio do Senado. A expectativa \u00e9 que a leitura da nova proposta ocorra na pr\u00f3xima reuni\u00e3o da\u00a0Comiss\u00e3o\u00a0Especial\u00a0que analisa a mat\u00e9ria, ainda sem data. [&hellip;]\" \/>\n<meta property=\"og:url\" content=\"https:\/\/agenciainfra.com\/blog\/comissao-especial-da-camara-conclui-substitutivo-a-projeto-de-lei-das-agencias-reguladoras\/\" \/>\n<meta property=\"og:site_name\" content=\"Ag\u00eancia iNFRA\" \/>\n<meta property=\"article:publisher\" content=\"https:\/\/www.facebook.com\/ageninfra\" \/>\n<meta property=\"article:published_time\" content=\"2018-06-14T10:30:55+00:00\" \/>\n<meta property=\"article:modified_time\" content=\"2018-06-14T13:04:27+00:00\" \/>\n<meta property=\"og:image\" content=\"https:\/\/agenciainfra.com\/blog\/wp-content\/uploads\/2018\/06\/antt-sede_divulgacao_antt.jpg\" \/>\n\t<meta property=\"og:image:width\" content=\"660\" \/>\n\t<meta property=\"og:image:height\" content=\"440\" \/>\n\t<meta property=\"og:image:type\" content=\"image\/jpeg\" \/>\n<meta name=\"author\" content=\"Ag\u00eancia iNFRA\" \/>\n<meta name=\"twitter:card\" content=\"summary_large_image\" \/>\n<meta name=\"twitter:creator\" content=\"@agencia_infra\" \/>\n<meta name=\"twitter:site\" content=\"@agencia_infra\" \/>\n<meta name=\"twitter:label1\" content=\"Escrito por\" \/>\n\t<meta name=\"twitter:data1\" content=\"Ag\u00eancia iNFRA\" \/>\n\t<meta name=\"twitter:label2\" content=\"Est. tempo de leitura\" \/>\n\t<meta name=\"twitter:data2\" content=\"3 minutos\" \/>\n<script type=\"application\/ld+json\" class=\"yoast-schema-graph\">{\"@context\":\"https:\/\/schema.org\",\"@graph\":[{\"@type\":\"Article\",\"@id\":\"https:\/\/agenciainfra.com\/blog\/comissao-especial-da-camara-conclui-substitutivo-a-projeto-de-lei-das-agencias-reguladoras\/#article\",\"isPartOf\":{\"@id\":\"https:\/\/agenciainfra.com\/blog\/comissao-especial-da-camara-conclui-substitutivo-a-projeto-de-lei-das-agencias-reguladoras\/\"},\"author\":{\"name\":\"Ag\u00eancia iNFRA\",\"@id\":\"https:\/\/agenciainfra.com\/blog\/#\/schema\/person\/34af08dff6adea4cb22b06612ba7acfa\"},\"headline\":\"Comiss\u00e3o\u00a0especial\u00a0da C\u00e2mara conclui substitutivo a projeto de lei das\u00a0ag\u00eancias\u00a0reguladoras\",\"datePublished\":\"2018-06-14T10:30:55+00:00\",\"dateModified\":\"2018-06-14T13:04:27+00:00\",\"mainEntityOfPage\":{\"@id\":\"https:\/\/agenciainfra.com\/blog\/comissao-especial-da-camara-conclui-substitutivo-a-projeto-de-lei-das-agencias-reguladoras\/\"},\"wordCount\":594,\"publisher\":{\"@id\":\"https:\/\/agenciainfra.com\/blog\/#organization\"},\"image\":{\"@id\":\"https:\/\/agenciainfra.com\/blog\/comissao-especial-da-camara-conclui-substitutivo-a-projeto-de-lei-das-agencias-reguladoras\/#primaryimage\"},\"thumbnailUrl\":\"https:\/\/agenciainfra.com\/blog\/wp-content\/uploads\/2018\/06\/antt-sede_divulgacao_antt.jpg\",\"keywords\":[\"Ag\u00eancias Reguladoras\",\"ANM\",\"artigo 14\",\"emendas\",\"modelo\",\"PL\"],\"articleSection\":[\"iNFRATransporte\"],\"inLanguage\":\"pt-BR\",\"copyrightYear\":\"2018\",\"copyrightHolder\":{\"@id\":\"https:\/\/agenciainfra.com\/blog\/#organization\"}},{\"@type\":\"WebPage\",\"@id\":\"https:\/\/agenciainfra.com\/blog\/comissao-especial-da-camara-conclui-substitutivo-a-projeto-de-lei-das-agencias-reguladoras\/\",\"url\":\"https:\/\/agenciainfra.com\/blog\/comissao-especial-da-camara-conclui-substitutivo-a-projeto-de-lei-das-agencias-reguladoras\/\",\"name\":\"Comiss\u00e3o\u00a0especial\u00a0da C\u00e2mara conclui substitutivo a projeto de lei das\u00a0ag\u00eancias\u00a0reguladoras - Ag\u00eancia iNFRA\",\"isPartOf\":{\"@id\":\"https:\/\/agenciainfra.com\/blog\/#website\"},\"primaryImageOfPage\":{\"@id\":\"https:\/\/agenciainfra.com\/blog\/comissao-especial-da-camara-conclui-substitutivo-a-projeto-de-lei-das-agencias-reguladoras\/#primaryimage\"},\"image\":{\"@id\":\"https:\/\/agenciainfra.com\/blog\/comissao-especial-da-camara-conclui-substitutivo-a-projeto-de-lei-das-agencias-reguladoras\/#primaryimage\"},\"thumbnailUrl\":\"https:\/\/agenciainfra.com\/blog\/wp-content\/uploads\/2018\/06\/antt-sede_divulgacao_antt.jpg\",\"datePublished\":\"2018-06-14T10:30:55+00:00\",\"dateModified\":\"2018-06-14T13:04:27+00:00\",\"breadcrumb\":{\"@id\":\"https:\/\/agenciainfra.com\/blog\/comissao-especial-da-camara-conclui-substitutivo-a-projeto-de-lei-das-agencias-reguladoras\/#breadcrumb\"},\"inLanguage\":\"pt-BR\",\"potentialAction\":[{\"@type\":\"ReadAction\",\"target\":[\"https:\/\/agenciainfra.com\/blog\/comissao-especial-da-camara-conclui-substitutivo-a-projeto-de-lei-das-agencias-reguladoras\/\"]}]},{\"@type\":\"ImageObject\",\"inLanguage\":\"pt-BR\",\"@id\":\"https:\/\/agenciainfra.com\/blog\/comissao-especial-da-camara-conclui-substitutivo-a-projeto-de-lei-das-agencias-reguladoras\/#primaryimage\",\"url\":\"https:\/\/agenciainfra.com\/blog\/wp-content\/uploads\/2018\/06\/antt-sede_divulgacao_antt.jpg\",\"contentUrl\":\"https:\/\/agenciainfra.com\/blog\/wp-content\/uploads\/2018\/06\/antt-sede_divulgacao_antt.jpg\",\"width\":660,\"height\":440},{\"@type\":\"BreadcrumbList\",\"@id\":\"https:\/\/agenciainfra.com\/blog\/comissao-especial-da-camara-conclui-substitutivo-a-projeto-de-lei-das-agencias-reguladoras\/#breadcrumb\",\"itemListElement\":[{\"@type\":\"ListItem\",\"position\":1,\"name\":\"In\u00edcio\",\"item\":\"https:\/\/agenciainfra.com\/blog\/\"},{\"@type\":\"ListItem\",\"position\":2,\"name\":\"Comiss\u00e3o\u00a0especial\u00a0da C\u00e2mara conclui substitutivo a projeto de lei das\u00a0ag\u00eancias\u00a0reguladoras\"}]},{\"@type\":\"WebSite\",\"@id\":\"https:\/\/agenciainfra.com\/blog\/#website\",\"url\":\"https:\/\/agenciainfra.com\/blog\/\",\"name\":\"Ag\u00eancia iNFRA\",\"description\":\"Multiplataforma de informa\u00e7\u00e3o jornal\u00edstica refer\u00eancia na \u00e1rea de infraestrutura no Brasil!\",\"publisher\":{\"@id\":\"https:\/\/agenciainfra.com\/blog\/#organization\"},\"potentialAction\":[{\"@type\":\"SearchAction\",\"target\":{\"@type\":\"EntryPoint\",\"urlTemplate\":\"https:\/\/agenciainfra.com\/blog\/?s={search_term_string}\"},\"query-input\":{\"@type\":\"PropertyValueSpecification\",\"valueRequired\":true,\"valueName\":\"search_term_string\"}}],\"inLanguage\":\"pt-BR\"},{\"@type\":\"Organization\",\"@id\":\"https:\/\/agenciainfra.com\/blog\/#organization\",\"name\":\"Ag\u00eancia iNFRA\",\"url\":\"https:\/\/agenciainfra.com\/blog\/\",\"logo\":{\"@type\":\"ImageObject\",\"inLanguage\":\"pt-BR\",\"@id\":\"https:\/\/agenciainfra.com\/blog\/#\/schema\/logo\/image\/\",\"url\":\"https:\/\/agenciainfra.com\/blog\/wp-content\/uploads\/2023\/09\/iNFRA_5-e1761735885940.png\",\"contentUrl\":\"https:\/\/agenciainfra.com\/blog\/wp-content\/uploads\/2023\/09\/iNFRA_5-e1761735885940.png\",\"width\":1672,\"height\":454,\"caption\":\"Ag\u00eancia iNFRA\"},\"image\":{\"@id\":\"https:\/\/agenciainfra.com\/blog\/#\/schema\/logo\/image\/\"},\"sameAs\":[\"https:\/\/www.facebook.com\/ageninfra\",\"https:\/\/x.com\/agencia_infra\",\"https:\/\/www.linkedin.com\/company\/ag\u00eanciainfra\/\",\"https:\/\/www.instagram.com\/agenciainfra\/\"]},{\"@type\":\"Person\",\"@id\":\"https:\/\/agenciainfra.com\/blog\/#\/schema\/person\/34af08dff6adea4cb22b06612ba7acfa\",\"name\":\"Ag\u00eancia iNFRA\",\"image\":{\"@type\":\"ImageObject\",\"inLanguage\":\"pt-BR\",\"@id\":\"https:\/\/agenciainfra.com\/blog\/#\/schema\/person\/image\/\",\"url\":\"https:\/\/secure.gravatar.com\/avatar\/d189e01678f06d8eb84d4e01f08eb848b3fffe3f8443818d3c356c66892f5be8?s=96&d=mm&r=g\",\"contentUrl\":\"https:\/\/secure.gravatar.com\/avatar\/d189e01678f06d8eb84d4e01f08eb848b3fffe3f8443818d3c356c66892f5be8?s=96&d=mm&r=g\",\"caption\":\"Ag\u00eancia iNFRA\"},\"url\":\"https:\/\/agenciainfra.com\/blog\/author\/admin\/\"}]}<\/script>\n<!-- \/ Yoast SEO Premium plugin. -->","yoast_head_json":{"title":"Comiss\u00e3o\u00a0especial\u00a0da C\u00e2mara conclui substitutivo a projeto de lei das\u00a0ag\u00eancias\u00a0reguladoras - Ag\u00eancia iNFRA","robots":{"index":"index","follow":"follow","max-snippet":"max-snippet:-1","max-image-preview":"max-image-preview:large","max-video-preview":"max-video-preview:-1"},"canonical":"https:\/\/agenciainfra.com\/blog\/comissao-especial-da-camara-conclui-substitutivo-a-projeto-de-lei-das-agencias-reguladoras\/","og_locale":"pt_BR","og_type":"article","og_title":"Comiss\u00e3o\u00a0especial\u00a0da C\u00e2mara conclui substitutivo a projeto de lei das\u00a0ag\u00eancias\u00a0reguladoras","og_description":"Bernardo Gonzaga, da\u00a0Ag\u00eancia\u00a0iNFRA A C\u00e2mara dos Deputados divulgou na quarta-feira (6) o substitutivo ao PL (projeto de lei) que trata do novo modelo de gest\u00e3o das\u00a0ag\u00eancias\u00a0reguladoras. O novo texto sobrep\u00f5e a vers\u00e3o\u00a0que veio do Senado. A expectativa \u00e9 que a leitura da nova proposta ocorra na pr\u00f3xima reuni\u00e3o da\u00a0Comiss\u00e3o\u00a0Especial\u00a0que analisa a mat\u00e9ria, ainda sem data. [&hellip;]","og_url":"https:\/\/agenciainfra.com\/blog\/comissao-especial-da-camara-conclui-substitutivo-a-projeto-de-lei-das-agencias-reguladoras\/","og_site_name":"Ag\u00eancia iNFRA","article_publisher":"https:\/\/www.facebook.com\/ageninfra","article_published_time":"2018-06-14T10:30:55+00:00","article_modified_time":"2018-06-14T13:04:27+00:00","og_image":[{"width":660,"height":440,"url":"https:\/\/agenciainfra.com\/blog\/wp-content\/uploads\/2018\/06\/antt-sede_divulgacao_antt.jpg","type":"image\/jpeg"}],"author":"Ag\u00eancia iNFRA","twitter_card":"summary_large_image","twitter_creator":"@agencia_infra","twitter_site":"@agencia_infra","twitter_misc":{"Escrito por":"Ag\u00eancia iNFRA","Est. tempo de leitura":"3 minutos"},"schema":{"@context":"https:\/\/schema.org","@graph":[{"@type":"Article","@id":"https:\/\/agenciainfra.com\/blog\/comissao-especial-da-camara-conclui-substitutivo-a-projeto-de-lei-das-agencias-reguladoras\/#article","isPartOf":{"@id":"https:\/\/agenciainfra.com\/blog\/comissao-especial-da-camara-conclui-substitutivo-a-projeto-de-lei-das-agencias-reguladoras\/"},"author":{"name":"Ag\u00eancia iNFRA","@id":"https:\/\/agenciainfra.com\/blog\/#\/schema\/person\/34af08dff6adea4cb22b06612ba7acfa"},"headline":"Comiss\u00e3o\u00a0especial\u00a0da C\u00e2mara conclui substitutivo a projeto de lei das\u00a0ag\u00eancias\u00a0reguladoras","datePublished":"2018-06-14T10:30:55+00:00","dateModified":"2018-06-14T13:04:27+00:00","mainEntityOfPage":{"@id":"https:\/\/agenciainfra.com\/blog\/comissao-especial-da-camara-conclui-substitutivo-a-projeto-de-lei-das-agencias-reguladoras\/"},"wordCount":594,"publisher":{"@id":"https:\/\/agenciainfra.com\/blog\/#organization"},"image":{"@id":"https:\/\/agenciainfra.com\/blog\/comissao-especial-da-camara-conclui-substitutivo-a-projeto-de-lei-das-agencias-reguladoras\/#primaryimage"},"thumbnailUrl":"https:\/\/agenciainfra.com\/blog\/wp-content\/uploads\/2018\/06\/antt-sede_divulgacao_antt.jpg","keywords":["Ag\u00eancias Reguladoras","ANM","artigo 14","emendas","modelo","PL"],"articleSection":["iNFRATransporte"],"inLanguage":"pt-BR","copyrightYear":"2018","copyrightHolder":{"@id":"https:\/\/agenciainfra.com\/blog\/#organization"}},{"@type":"WebPage","@id":"https:\/\/agenciainfra.com\/blog\/comissao-especial-da-camara-conclui-substitutivo-a-projeto-de-lei-das-agencias-reguladoras\/","url":"https:\/\/agenciainfra.com\/blog\/comissao-especial-da-camara-conclui-substitutivo-a-projeto-de-lei-das-agencias-reguladoras\/","name":"Comiss\u00e3o\u00a0especial\u00a0da C\u00e2mara conclui substitutivo a projeto de lei das\u00a0ag\u00eancias\u00a0reguladoras - Ag\u00eancia iNFRA","isPartOf":{"@id":"https:\/\/agenciainfra.com\/blog\/#website"},"primaryImageOfPage":{"@id":"https:\/\/agenciainfra.com\/blog\/comissao-especial-da-camara-conclui-substitutivo-a-projeto-de-lei-das-agencias-reguladoras\/#primaryimage"},"image":{"@id":"https:\/\/agenciainfra.com\/blog\/comissao-especial-da-camara-conclui-substitutivo-a-projeto-de-lei-das-agencias-reguladoras\/#primaryimage"},"thumbnailUrl":"https:\/\/agenciainfra.com\/blog\/wp-content\/uploads\/2018\/06\/antt-sede_divulgacao_antt.jpg","datePublished":"2018-06-14T10:30:55+00:00","dateModified":"2018-06-14T13:04:27+00:00","breadcrumb":{"@id":"https:\/\/agenciainfra.com\/blog\/comissao-especial-da-camara-conclui-substitutivo-a-projeto-de-lei-das-agencias-reguladoras\/#breadcrumb"},"inLanguage":"pt-BR","potentialAction":[{"@type":"ReadAction","target":["https:\/\/agenciainfra.com\/blog\/comissao-especial-da-camara-conclui-substitutivo-a-projeto-de-lei-das-agencias-reguladoras\/"]}]},{"@type":"ImageObject","inLanguage":"pt-BR","@id":"https:\/\/agenciainfra.com\/blog\/comissao-especial-da-camara-conclui-substitutivo-a-projeto-de-lei-das-agencias-reguladoras\/#primaryimage","url":"https:\/\/agenciainfra.com\/blog\/wp-content\/uploads\/2018\/06\/antt-sede_divulgacao_antt.jpg","contentUrl":"https:\/\/agenciainfra.com\/blog\/wp-content\/uploads\/2018\/06\/antt-sede_divulgacao_antt.jpg","width":660,"height":440},{"@type":"BreadcrumbList","@id":"https:\/\/agenciainfra.com\/blog\/comissao-especial-da-camara-conclui-substitutivo-a-projeto-de-lei-das-agencias-reguladoras\/#breadcrumb","itemListElement":[{"@type":"ListItem","position":1,"name":"In\u00edcio","item":"https:\/\/agenciainfra.com\/blog\/"},{"@type":"ListItem","position":2,"name":"Comiss\u00e3o\u00a0especial\u00a0da C\u00e2mara conclui substitutivo a projeto de lei das\u00a0ag\u00eancias\u00a0reguladoras"}]},{"@type":"WebSite","@id":"https:\/\/agenciainfra.com\/blog\/#website","url":"https:\/\/agenciainfra.com\/blog\/","name":"Ag\u00eancia iNFRA","description":"Multiplataforma de informa\u00e7\u00e3o jornal\u00edstica refer\u00eancia na \u00e1rea de infraestrutura no Brasil!","publisher":{"@id":"https:\/\/agenciainfra.com\/blog\/#organization"},"potentialAction":[{"@type":"SearchAction","target":{"@type":"EntryPoint","urlTemplate":"https:\/\/agenciainfra.com\/blog\/?s={search_term_string}"},"query-input":{"@type":"PropertyValueSpecification","valueRequired":true,"valueName":"search_term_string"}}],"inLanguage":"pt-BR"},{"@type":"Organization","@id":"https:\/\/agenciainfra.com\/blog\/#organization","name":"Ag\u00eancia iNFRA","url":"https:\/\/agenciainfra.com\/blog\/","logo":{"@type":"ImageObject","inLanguage":"pt-BR","@id":"https:\/\/agenciainfra.com\/blog\/#\/schema\/logo\/image\/","url":"https:\/\/agenciainfra.com\/blog\/wp-content\/uploads\/2023\/09\/iNFRA_5-e1761735885940.png","contentUrl":"https:\/\/agenciainfra.com\/blog\/wp-content\/uploads\/2023\/09\/iNFRA_5-e1761735885940.png","width":1672,"height":454,"caption":"Ag\u00eancia iNFRA"},"image":{"@id":"https:\/\/agenciainfra.com\/blog\/#\/schema\/logo\/image\/"},"sameAs":["https:\/\/www.facebook.com\/ageninfra","https:\/\/x.com\/agencia_infra","https:\/\/www.linkedin.com\/company\/ag\u00eanciainfra\/","https:\/\/www.instagram.com\/agenciainfra\/"]},{"@type":"Person","@id":"https:\/\/agenciainfra.com\/blog\/#\/schema\/person\/34af08dff6adea4cb22b06612ba7acfa","name":"Ag\u00eancia iNFRA","image":{"@type":"ImageObject","inLanguage":"pt-BR","@id":"https:\/\/agenciainfra.com\/blog\/#\/schema\/person\/image\/","url":"https:\/\/secure.gravatar.com\/avatar\/d189e01678f06d8eb84d4e01f08eb848b3fffe3f8443818d3c356c66892f5be8?s=96&d=mm&r=g","contentUrl":"https:\/\/secure.gravatar.com\/avatar\/d189e01678f06d8eb84d4e01f08eb848b3fffe3f8443818d3c356c66892f5be8?s=96&d=mm&r=g","caption":"Ag\u00eancia iNFRA"},"url":"https:\/\/agenciainfra.com\/blog\/author\/admin\/"}]}},"_links":{"self":[{"href":"https:\/\/agenciainfra.com\/blog\/wp-json\/wp\/v2\/posts\/1843","targetHints":{"allow":["GET"]}}],"collection":[{"href":"https:\/\/agenciainfra.com\/blog\/wp-json\/wp\/v2\/posts"}],"about":[{"href":"https:\/\/agenciainfra.com\/blog\/wp-json\/wp\/v2\/types\/post"}],"author":[{"embeddable":true,"href":"https:\/\/agenciainfra.com\/blog\/wp-json\/wp\/v2\/users\/1"}],"replies":[{"embeddable":true,"href":"https:\/\/agenciainfra.com\/blog\/wp-json\/wp\/v2\/comments?post=1843"}],"version-history":[{"count":0,"href":"https:\/\/agenciainfra.com\/blog\/wp-json\/wp\/v2\/posts\/1843\/revisions"}],"wp:featuredmedia":[{"embeddable":true,"href":"https:\/\/agenciainfra.com\/blog\/wp-json\/wp\/v2\/media\/1849"}],"wp:attachment":[{"href":"https:\/\/agenciainfra.com\/blog\/wp-json\/wp\/v2\/media?parent=1843"}],"wp:term":[{"taxonomy":"category","embeddable":true,"href":"https:\/\/agenciainfra.com\/blog\/wp-json\/wp\/v2\/categories?post=1843"},{"taxonomy":"post_tag","embeddable":true,"href":"https:\/\/agenciainfra.com\/blog\/wp-json\/wp\/v2\/tags?post=1843"}],"curies":[{"name":"wp","href":"https:\/\/api.w.org\/{rel}","templated":true}]}}