{"id":18436,"date":"2024-09-04T10:00:00","date_gmt":"2024-09-04T13:00:00","guid":{"rendered":"https:\/\/agenciainfra.com\/blog\/?p=18436"},"modified":"2024-09-04T15:31:52","modified_gmt":"2024-09-04T18:31:52","slug":"usina-santo-antonio-interrompe-parcialmente-operacoes-devido-a-seca","status":"publish","type":"post","link":"https:\/\/agenciainfra.com\/blog\/usina-santo-antonio-interrompe-parcialmente-operacoes-devido-a-seca\/","title":{"rendered":"Usina Santo Ant\u00f4nio interrompe parcialmente opera\u00e7\u00f5es devido \u00e0 seca"},"content":{"rendered":"\n<p class=\"has-text-align-right\"><strong>da Ag\u00eancia iNFRA<\/strong><\/p>\n\n\n\n<p>A hidrel\u00e9trica Santo Ant\u00f4nio paralisou parte de sua gera\u00e7\u00e3o na \u00faltima ter\u00e7a-feira (3), \u00e0s 14h, devido \u00e0 baixa vaz\u00e3o do Rio Madeira (RO), informou em nota a Eletrobras, controladora da usina. De acordo com a companhia, foram paralisadas as unidades geradoras da margem esquerda e do leito do rio, que atingiram os limites operativos. Mas sete unidades geradoras da margem direita permanecem ligadas.<\/p>\n\n\n\n<p>&#8220;No momento, com vaz\u00f5es pr\u00f3ximas a m\u00ednimas hist\u00f3ricas (2.700 m\u00b3\/s) e gera\u00e7\u00e3o efetiva de aproximadamente 490 MWm (megawatts-m\u00e9dios), a usina segue em opera\u00e7\u00e3o e n\u00e3o h\u00e1 previs\u00e3o de parada total da gera\u00e7\u00e3o&#8221;, diz a nota.<\/p>\n\n\n\n<p>A empresa informa ainda que tem adotado as medidas t\u00e9cnicas e operacionais a fim de minimizar o risco de paralisa\u00e7\u00e3o da gera\u00e7\u00e3o na hidrel\u00e9trica neste ano, e que segue gerando energia para Rond\u00f4nia, Acre e outras regi\u00f5es do pa\u00eds. Mas n\u00e3o descarta uma paralisa\u00e7\u00e3o total: &#8220;[&#8230;] Por ser uma usina a fio d&#8217;\u00e1gua, que opera de acordo com o comportamento hidrol\u00f3gico do rio, caso haja uma diminui\u00e7\u00e3o muito maior nas vaz\u00f5es, pode ser necess\u00e1ria esta medida&#8221;.<\/p>\n\n\n\n<p><strong>Aflu\u00eancias piores<\/strong><br>A informa\u00e7\u00e3o havia sido confirmada mais cedo pelo ONS (Operador Nacional do Sistema El\u00e9trico).&nbsp;\u201cEm fun\u00e7\u00e3o das baixas aflu\u00eancias, foi informado pelo agente Santo Ant\u00f4nio Energia sobre a necessidade de paralisa\u00e7\u00e3o de parte das unidades geradoras da UHE Santo Ant\u00f4nio&#8221;, disse o operador em nota.<\/p>\n\n\n\n<p>\u201cSer\u00e3o mantidas em opera\u00e7\u00e3o tr\u00eas unidades geradoras (UGs) adicionais na margem direita, permanecendo um total de 7 UGs sincronizadas no setor de 500 kV da usina e uma gera\u00e7\u00e3o total de aproximadamente 490 MW.\u201d<\/p>\n\n\n\n<p>No ano passado a usina interrompeu sua opera\u00e7\u00e3o por completo no in\u00edcio de outubro, igualmente por falta de chuvas. Neste ano, as aflu\u00eancias est\u00e3o ainda piores na regi\u00e3o, antecipando o pico da seca, normalmente em outubro, para o in\u00edcio de setembro.<\/p>\n","protected":false},"excerpt":{"rendered":"<p>da Ag\u00eancia iNFRA A hidrel\u00e9trica Santo Ant\u00f4nio paralisou parte de sua gera\u00e7\u00e3o na \u00faltima ter\u00e7a-feira (3), \u00e0s 14h, devido \u00e0 baixa vaz\u00e3o do Rio Madeira (RO), informou em nota a Eletrobras, controladora da usina. De acordo com a companhia, foram paralisadas as unidades geradoras da margem esquerda e do leito do rio, que atingiram os [&hellip;]<\/p>\n","protected":false},"author":1,"featured_media":18439,"comment_status":"closed","ping_status":"closed","sticky":false,"template":"","format":"standard","meta":{"_monsterinsights_skip_tracking":false,"_monsterinsights_sitenote_active":false,"_monsterinsights_sitenote_note":"","_monsterinsights_sitenote_category":0,"footnotes":""},"categories":[7250,1,10],"tags":[8743,50,2778,1854,637,216,4236,11418,4010,11416,4609,11415,4312],"class_list":["post-18436","post","type-post","status-publish","format-standard","has-post-thumbnail","hentry","category-destaque-lista","category-geral","category-infraenergia","tag-afluencias","tag-eletrobras","tag-estiagem","tag-geracao","tag-hidreletrica","tag-ons","tag-rio-madeira","tag-santo-antonio-energia","tag-seca","tag-uhe-santo-antonio","tag-usina-hidreletrica","tag-usina-santo-antonio","tag-usinas"],"yoast_head":"<!-- This site is optimized with the Yoast SEO Premium plugin v25.4 (Yoast SEO v26.0) - https:\/\/yoast.com\/wordpress\/plugins\/seo\/ -->\n<title>Usina Santo Ant\u00f4nio interrompe parcialmente opera\u00e7\u00f5es devido \u00e0 seca - Ag\u00eancia iNFRA<\/title>\n<meta name=\"description\" content=\"A hidrel\u00e9trica Santo Ant\u00f4nio paralisou parte de sua gera\u00e7\u00e3o na tarde de ter\u00e7a-feira devido \u00e0 baixa vaz\u00e3o do Rio Madeira (RO).\" \/>\n<meta name=\"robots\" content=\"index, follow, max-snippet:-1, max-image-preview:large, max-video-preview:-1\" \/>\n<link rel=\"canonical\" href=\"https:\/\/agenciainfra.com\/blog\/usina-santo-antonio-interrompe-parcialmente-operacoes-devido-a-seca\/\" \/>\n<meta property=\"og:locale\" content=\"pt_BR\" \/>\n<meta property=\"og:type\" content=\"article\" \/>\n<meta property=\"og:title\" content=\"Usina Santo Ant\u00f4nio interrompe parcialmente opera\u00e7\u00f5es devido \u00e0 seca\" \/>\n<meta property=\"og:description\" content=\"A hidrel\u00e9trica Santo Ant\u00f4nio paralisou parte de sua gera\u00e7\u00e3o na tarde de ter\u00e7a-feira devido \u00e0 baixa vaz\u00e3o do Rio Madeira (RO).\" \/>\n<meta property=\"og:url\" content=\"https:\/\/agenciainfra.com\/blog\/usina-santo-antonio-interrompe-parcialmente-operacoes-devido-a-seca\/\" \/>\n<meta property=\"og:site_name\" content=\"Ag\u00eancia iNFRA\" \/>\n<meta property=\"article:publisher\" content=\"https:\/\/www.facebook.com\/ageninfra\" \/>\n<meta property=\"article:published_time\" content=\"2024-09-04T13:00:00+00:00\" \/>\n<meta property=\"article:modified_time\" content=\"2024-09-04T18:31:52+00:00\" \/>\n<meta property=\"og:image\" content=\"https:\/\/agenciainfra.com\/blog\/wp-content\/uploads\/2024\/09\/uhe-santo-antonio-foto-agencia-brasil-1.jpeg\" \/>\n\t<meta property=\"og:image:width\" content=\"768\" \/>\n\t<meta property=\"og:image:height\" content=\"512\" \/>\n\t<meta property=\"og:image:type\" content=\"image\/jpeg\" \/>\n<meta name=\"author\" content=\"Ag\u00eancia iNFRA\" \/>\n<meta name=\"twitter:card\" content=\"summary_large_image\" \/>\n<meta name=\"twitter:creator\" content=\"@agencia_infra\" \/>\n<meta name=\"twitter:site\" content=\"@agencia_infra\" \/>\n<meta name=\"twitter:label1\" content=\"Escrito por\" \/>\n\t<meta name=\"twitter:data1\" content=\"Ag\u00eancia iNFRA\" \/>\n\t<meta name=\"twitter:label2\" content=\"Est. tempo de leitura\" \/>\n\t<meta name=\"twitter:data2\" content=\"2 minutos\" \/>\n<script type=\"application\/ld+json\" class=\"yoast-schema-graph\">{\"@context\":\"https:\/\/schema.org\",\"@graph\":[{\"@type\":\"Article\",\"@id\":\"https:\/\/agenciainfra.com\/blog\/usina-santo-antonio-interrompe-parcialmente-operacoes-devido-a-seca\/#article\",\"isPartOf\":{\"@id\":\"https:\/\/agenciainfra.com\/blog\/usina-santo-antonio-interrompe-parcialmente-operacoes-devido-a-seca\/\"},\"author\":{\"name\":\"Ag\u00eancia iNFRA\",\"@id\":\"https:\/\/agenciainfra.com\/blog\/#\/schema\/person\/34af08dff6adea4cb22b06612ba7acfa\"},\"headline\":\"Usina Santo Ant\u00f4nio interrompe parcialmente opera\u00e7\u00f5es devido \u00e0 seca\",\"datePublished\":\"2024-09-04T13:00:00+00:00\",\"dateModified\":\"2024-09-04T18:31:52+00:00\",\"mainEntityOfPage\":{\"@id\":\"https:\/\/agenciainfra.com\/blog\/usina-santo-antonio-interrompe-parcialmente-operacoes-devido-a-seca\/\"},\"wordCount\":351,\"publisher\":{\"@id\":\"https:\/\/agenciainfra.com\/blog\/#organization\"},\"image\":{\"@id\":\"https:\/\/agenciainfra.com\/blog\/usina-santo-antonio-interrompe-parcialmente-operacoes-devido-a-seca\/#primaryimage\"},\"thumbnailUrl\":\"https:\/\/agenciainfra.com\/blog\/wp-content\/uploads\/2024\/09\/uhe-santo-antonio-foto-agencia-brasil-1.jpeg\",\"keywords\":[\"Aflu\u00eancias\",\"Eletrobras\",\"estiagem\",\"gera\u00e7\u00e3o\",\"hidrel\u00e9trica\",\"ONS\",\"Rio Madeira\",\"Santo Ant\u00f4nio Energia\",\"seca\",\"UHE Santo Ant\u00f4nio\",\"usina hidrel\u00e9trica\",\"usina santo ant\u00f4nio\",\"usinas\"],\"articleSection\":[\"Destaque lista\",\"Geral\",\"iNFRAEnergia\"],\"inLanguage\":\"pt-BR\",\"copyrightYear\":\"2024\",\"copyrightHolder\":{\"@id\":\"https:\/\/agenciainfra.com\/blog\/#organization\"}},{\"@type\":\"WebPage\",\"@id\":\"https:\/\/agenciainfra.com\/blog\/usina-santo-antonio-interrompe-parcialmente-operacoes-devido-a-seca\/\",\"url\":\"https:\/\/agenciainfra.com\/blog\/usina-santo-antonio-interrompe-parcialmente-operacoes-devido-a-seca\/\",\"name\":\"Usina Santo Ant\u00f4nio interrompe parcialmente opera\u00e7\u00f5es devido \u00e0 seca - Ag\u00eancia iNFRA\",\"isPartOf\":{\"@id\":\"https:\/\/agenciainfra.com\/blog\/#website\"},\"primaryImageOfPage\":{\"@id\":\"https:\/\/agenciainfra.com\/blog\/usina-santo-antonio-interrompe-parcialmente-operacoes-devido-a-seca\/#primaryimage\"},\"image\":{\"@id\":\"https:\/\/agenciainfra.com\/blog\/usina-santo-antonio-interrompe-parcialmente-operacoes-devido-a-seca\/#primaryimage\"},\"thumbnailUrl\":\"https:\/\/agenciainfra.com\/blog\/wp-content\/uploads\/2024\/09\/uhe-santo-antonio-foto-agencia-brasil-1.jpeg\",\"datePublished\":\"2024-09-04T13:00:00+00:00\",\"dateModified\":\"2024-09-04T18:31:52+00:00\",\"description\":\"A hidrel\u00e9trica Santo Ant\u00f4nio paralisou parte de sua gera\u00e7\u00e3o na tarde de ter\u00e7a-feira devido \u00e0 baixa vaz\u00e3o do Rio Madeira (RO).\",\"breadcrumb\":{\"@id\":\"https:\/\/agenciainfra.com\/blog\/usina-santo-antonio-interrompe-parcialmente-operacoes-devido-a-seca\/#breadcrumb\"},\"inLanguage\":\"pt-BR\",\"potentialAction\":[{\"@type\":\"ReadAction\",\"target\":[\"https:\/\/agenciainfra.com\/blog\/usina-santo-antonio-interrompe-parcialmente-operacoes-devido-a-seca\/\"]}]},{\"@type\":\"ImageObject\",\"inLanguage\":\"pt-BR\",\"@id\":\"https:\/\/agenciainfra.com\/blog\/usina-santo-antonio-interrompe-parcialmente-operacoes-devido-a-seca\/#primaryimage\",\"url\":\"https:\/\/agenciainfra.com\/blog\/wp-content\/uploads\/2024\/09\/uhe-santo-antonio-foto-agencia-brasil-1.jpeg\",\"contentUrl\":\"https:\/\/agenciainfra.com\/blog\/wp-content\/uploads\/2024\/09\/uhe-santo-antonio-foto-agencia-brasil-1.jpeg\",\"width\":768,\"height\":512},{\"@type\":\"BreadcrumbList\",\"@id\":\"https:\/\/agenciainfra.com\/blog\/usina-santo-antonio-interrompe-parcialmente-operacoes-devido-a-seca\/#breadcrumb\",\"itemListElement\":[{\"@type\":\"ListItem\",\"position\":1,\"name\":\"In\u00edcio\",\"item\":\"https:\/\/agenciainfra.com\/blog\/\"},{\"@type\":\"ListItem\",\"position\":2,\"name\":\"Usina Santo Ant\u00f4nio interrompe parcialmente opera\u00e7\u00f5es devido \u00e0 seca\"}]},{\"@type\":\"WebSite\",\"@id\":\"https:\/\/agenciainfra.com\/blog\/#website\",\"url\":\"https:\/\/agenciainfra.com\/blog\/\",\"name\":\"Ag\u00eancia iNFRA\",\"description\":\"Multiplataforma de informa\u00e7\u00e3o jornal\u00edstica refer\u00eancia na \u00e1rea de infraestrutura no Brasil!\",\"publisher\":{\"@id\":\"https:\/\/agenciainfra.com\/blog\/#organization\"},\"potentialAction\":[{\"@type\":\"SearchAction\",\"target\":{\"@type\":\"EntryPoint\",\"urlTemplate\":\"https:\/\/agenciainfra.com\/blog\/?s={search_term_string}\"},\"query-input\":{\"@type\":\"PropertyValueSpecification\",\"valueRequired\":true,\"valueName\":\"search_term_string\"}}],\"inLanguage\":\"pt-BR\"},{\"@type\":\"Organization\",\"@id\":\"https:\/\/agenciainfra.com\/blog\/#organization\",\"name\":\"Ag\u00eancia iNFRA\",\"url\":\"https:\/\/agenciainfra.com\/blog\/\",\"logo\":{\"@type\":\"ImageObject\",\"inLanguage\":\"pt-BR\",\"@id\":\"https:\/\/agenciainfra.com\/blog\/#\/schema\/logo\/image\/\",\"url\":\"https:\/\/agenciainfra.com\/blog\/wp-content\/uploads\/2023\/09\/iNFRA_5-e1761735885940.png\",\"contentUrl\":\"https:\/\/agenciainfra.com\/blog\/wp-content\/uploads\/2023\/09\/iNFRA_5-e1761735885940.png\",\"width\":1672,\"height\":454,\"caption\":\"Ag\u00eancia iNFRA\"},\"image\":{\"@id\":\"https:\/\/agenciainfra.com\/blog\/#\/schema\/logo\/image\/\"},\"sameAs\":[\"https:\/\/www.facebook.com\/ageninfra\",\"https:\/\/x.com\/agencia_infra\",\"https:\/\/www.linkedin.com\/company\/ag\u00eanciainfra\/\",\"https:\/\/www.instagram.com\/agenciainfra\/\"]},{\"@type\":\"Person\",\"@id\":\"https:\/\/agenciainfra.com\/blog\/#\/schema\/person\/34af08dff6adea4cb22b06612ba7acfa\",\"name\":\"Ag\u00eancia iNFRA\",\"image\":{\"@type\":\"ImageObject\",\"inLanguage\":\"pt-BR\",\"@id\":\"https:\/\/agenciainfra.com\/blog\/#\/schema\/person\/image\/\",\"url\":\"https:\/\/secure.gravatar.com\/avatar\/d189e01678f06d8eb84d4e01f08eb848b3fffe3f8443818d3c356c66892f5be8?s=96&d=mm&r=g\",\"contentUrl\":\"https:\/\/secure.gravatar.com\/avatar\/d189e01678f06d8eb84d4e01f08eb848b3fffe3f8443818d3c356c66892f5be8?s=96&d=mm&r=g\",\"caption\":\"Ag\u00eancia iNFRA\"},\"url\":\"https:\/\/agenciainfra.com\/blog\/author\/admin\/\"}]}<\/script>\n<!-- \/ Yoast SEO Premium plugin. -->","yoast_head_json":{"title":"Usina Santo Ant\u00f4nio interrompe parcialmente opera\u00e7\u00f5es devido \u00e0 seca - Ag\u00eancia iNFRA","description":"A hidrel\u00e9trica Santo Ant\u00f4nio paralisou parte de sua gera\u00e7\u00e3o na tarde de ter\u00e7a-feira devido \u00e0 baixa vaz\u00e3o do Rio Madeira (RO).","robots":{"index":"index","follow":"follow","max-snippet":"max-snippet:-1","max-image-preview":"max-image-preview:large","max-video-preview":"max-video-preview:-1"},"canonical":"https:\/\/agenciainfra.com\/blog\/usina-santo-antonio-interrompe-parcialmente-operacoes-devido-a-seca\/","og_locale":"pt_BR","og_type":"article","og_title":"Usina Santo Ant\u00f4nio interrompe parcialmente opera\u00e7\u00f5es devido \u00e0 seca","og_description":"A hidrel\u00e9trica Santo Ant\u00f4nio paralisou parte de sua gera\u00e7\u00e3o na tarde de ter\u00e7a-feira devido \u00e0 baixa vaz\u00e3o do Rio Madeira (RO).","og_url":"https:\/\/agenciainfra.com\/blog\/usina-santo-antonio-interrompe-parcialmente-operacoes-devido-a-seca\/","og_site_name":"Ag\u00eancia iNFRA","article_publisher":"https:\/\/www.facebook.com\/ageninfra","article_published_time":"2024-09-04T13:00:00+00:00","article_modified_time":"2024-09-04T18:31:52+00:00","og_image":[{"width":768,"height":512,"url":"https:\/\/agenciainfra.com\/blog\/wp-content\/uploads\/2024\/09\/uhe-santo-antonio-foto-agencia-brasil-1.jpeg","type":"image\/jpeg"}],"author":"Ag\u00eancia iNFRA","twitter_card":"summary_large_image","twitter_creator":"@agencia_infra","twitter_site":"@agencia_infra","twitter_misc":{"Escrito por":"Ag\u00eancia iNFRA","Est. tempo de leitura":"2 minutos"},"schema":{"@context":"https:\/\/schema.org","@graph":[{"@type":"Article","@id":"https:\/\/agenciainfra.com\/blog\/usina-santo-antonio-interrompe-parcialmente-operacoes-devido-a-seca\/#article","isPartOf":{"@id":"https:\/\/agenciainfra.com\/blog\/usina-santo-antonio-interrompe-parcialmente-operacoes-devido-a-seca\/"},"author":{"name":"Ag\u00eancia iNFRA","@id":"https:\/\/agenciainfra.com\/blog\/#\/schema\/person\/34af08dff6adea4cb22b06612ba7acfa"},"headline":"Usina Santo Ant\u00f4nio interrompe parcialmente opera\u00e7\u00f5es devido \u00e0 seca","datePublished":"2024-09-04T13:00:00+00:00","dateModified":"2024-09-04T18:31:52+00:00","mainEntityOfPage":{"@id":"https:\/\/agenciainfra.com\/blog\/usina-santo-antonio-interrompe-parcialmente-operacoes-devido-a-seca\/"},"wordCount":351,"publisher":{"@id":"https:\/\/agenciainfra.com\/blog\/#organization"},"image":{"@id":"https:\/\/agenciainfra.com\/blog\/usina-santo-antonio-interrompe-parcialmente-operacoes-devido-a-seca\/#primaryimage"},"thumbnailUrl":"https:\/\/agenciainfra.com\/blog\/wp-content\/uploads\/2024\/09\/uhe-santo-antonio-foto-agencia-brasil-1.jpeg","keywords":["Aflu\u00eancias","Eletrobras","estiagem","gera\u00e7\u00e3o","hidrel\u00e9trica","ONS","Rio Madeira","Santo Ant\u00f4nio Energia","seca","UHE Santo Ant\u00f4nio","usina hidrel\u00e9trica","usina santo ant\u00f4nio","usinas"],"articleSection":["Destaque lista","Geral","iNFRAEnergia"],"inLanguage":"pt-BR","copyrightYear":"2024","copyrightHolder":{"@id":"https:\/\/agenciainfra.com\/blog\/#organization"}},{"@type":"WebPage","@id":"https:\/\/agenciainfra.com\/blog\/usina-santo-antonio-interrompe-parcialmente-operacoes-devido-a-seca\/","url":"https:\/\/agenciainfra.com\/blog\/usina-santo-antonio-interrompe-parcialmente-operacoes-devido-a-seca\/","name":"Usina Santo Ant\u00f4nio interrompe parcialmente opera\u00e7\u00f5es devido \u00e0 seca - Ag\u00eancia iNFRA","isPartOf":{"@id":"https:\/\/agenciainfra.com\/blog\/#website"},"primaryImageOfPage":{"@id":"https:\/\/agenciainfra.com\/blog\/usina-santo-antonio-interrompe-parcialmente-operacoes-devido-a-seca\/#primaryimage"},"image":{"@id":"https:\/\/agenciainfra.com\/blog\/usina-santo-antonio-interrompe-parcialmente-operacoes-devido-a-seca\/#primaryimage"},"thumbnailUrl":"https:\/\/agenciainfra.com\/blog\/wp-content\/uploads\/2024\/09\/uhe-santo-antonio-foto-agencia-brasil-1.jpeg","datePublished":"2024-09-04T13:00:00+00:00","dateModified":"2024-09-04T18:31:52+00:00","description":"A hidrel\u00e9trica Santo Ant\u00f4nio paralisou parte de sua gera\u00e7\u00e3o na tarde de ter\u00e7a-feira devido \u00e0 baixa vaz\u00e3o do Rio Madeira (RO).","breadcrumb":{"@id":"https:\/\/agenciainfra.com\/blog\/usina-santo-antonio-interrompe-parcialmente-operacoes-devido-a-seca\/#breadcrumb"},"inLanguage":"pt-BR","potentialAction":[{"@type":"ReadAction","target":["https:\/\/agenciainfra.com\/blog\/usina-santo-antonio-interrompe-parcialmente-operacoes-devido-a-seca\/"]}]},{"@type":"ImageObject","inLanguage":"pt-BR","@id":"https:\/\/agenciainfra.com\/blog\/usina-santo-antonio-interrompe-parcialmente-operacoes-devido-a-seca\/#primaryimage","url":"https:\/\/agenciainfra.com\/blog\/wp-content\/uploads\/2024\/09\/uhe-santo-antonio-foto-agencia-brasil-1.jpeg","contentUrl":"https:\/\/agenciainfra.com\/blog\/wp-content\/uploads\/2024\/09\/uhe-santo-antonio-foto-agencia-brasil-1.jpeg","width":768,"height":512},{"@type":"BreadcrumbList","@id":"https:\/\/agenciainfra.com\/blog\/usina-santo-antonio-interrompe-parcialmente-operacoes-devido-a-seca\/#breadcrumb","itemListElement":[{"@type":"ListItem","position":1,"name":"In\u00edcio","item":"https:\/\/agenciainfra.com\/blog\/"},{"@type":"ListItem","position":2,"name":"Usina Santo Ant\u00f4nio interrompe parcialmente opera\u00e7\u00f5es devido \u00e0 seca"}]},{"@type":"WebSite","@id":"https:\/\/agenciainfra.com\/blog\/#website","url":"https:\/\/agenciainfra.com\/blog\/","name":"Ag\u00eancia iNFRA","description":"Multiplataforma de informa\u00e7\u00e3o jornal\u00edstica refer\u00eancia na \u00e1rea de infraestrutura no Brasil!","publisher":{"@id":"https:\/\/agenciainfra.com\/blog\/#organization"},"potentialAction":[{"@type":"SearchAction","target":{"@type":"EntryPoint","urlTemplate":"https:\/\/agenciainfra.com\/blog\/?s={search_term_string}"},"query-input":{"@type":"PropertyValueSpecification","valueRequired":true,"valueName":"search_term_string"}}],"inLanguage":"pt-BR"},{"@type":"Organization","@id":"https:\/\/agenciainfra.com\/blog\/#organization","name":"Ag\u00eancia iNFRA","url":"https:\/\/agenciainfra.com\/blog\/","logo":{"@type":"ImageObject","inLanguage":"pt-BR","@id":"https:\/\/agenciainfra.com\/blog\/#\/schema\/logo\/image\/","url":"https:\/\/agenciainfra.com\/blog\/wp-content\/uploads\/2023\/09\/iNFRA_5-e1761735885940.png","contentUrl":"https:\/\/agenciainfra.com\/blog\/wp-content\/uploads\/2023\/09\/iNFRA_5-e1761735885940.png","width":1672,"height":454,"caption":"Ag\u00eancia iNFRA"},"image":{"@id":"https:\/\/agenciainfra.com\/blog\/#\/schema\/logo\/image\/"},"sameAs":["https:\/\/www.facebook.com\/ageninfra","https:\/\/x.com\/agencia_infra","https:\/\/www.linkedin.com\/company\/ag\u00eanciainfra\/","https:\/\/www.instagram.com\/agenciainfra\/"]},{"@type":"Person","@id":"https:\/\/agenciainfra.com\/blog\/#\/schema\/person\/34af08dff6adea4cb22b06612ba7acfa","name":"Ag\u00eancia iNFRA","image":{"@type":"ImageObject","inLanguage":"pt-BR","@id":"https:\/\/agenciainfra.com\/blog\/#\/schema\/person\/image\/","url":"https:\/\/secure.gravatar.com\/avatar\/d189e01678f06d8eb84d4e01f08eb848b3fffe3f8443818d3c356c66892f5be8?s=96&d=mm&r=g","contentUrl":"https:\/\/secure.gravatar.com\/avatar\/d189e01678f06d8eb84d4e01f08eb848b3fffe3f8443818d3c356c66892f5be8?s=96&d=mm&r=g","caption":"Ag\u00eancia iNFRA"},"url":"https:\/\/agenciainfra.com\/blog\/author\/admin\/"}]}},"_links":{"self":[{"href":"https:\/\/agenciainfra.com\/blog\/wp-json\/wp\/v2\/posts\/18436","targetHints":{"allow":["GET"]}}],"collection":[{"href":"https:\/\/agenciainfra.com\/blog\/wp-json\/wp\/v2\/posts"}],"about":[{"href":"https:\/\/agenciainfra.com\/blog\/wp-json\/wp\/v2\/types\/post"}],"author":[{"embeddable":true,"href":"https:\/\/agenciainfra.com\/blog\/wp-json\/wp\/v2\/users\/1"}],"replies":[{"embeddable":true,"href":"https:\/\/agenciainfra.com\/blog\/wp-json\/wp\/v2\/comments?post=18436"}],"version-history":[{"count":1,"href":"https:\/\/agenciainfra.com\/blog\/wp-json\/wp\/v2\/posts\/18436\/revisions"}],"predecessor-version":[{"id":18440,"href":"https:\/\/agenciainfra.com\/blog\/wp-json\/wp\/v2\/posts\/18436\/revisions\/18440"}],"wp:featuredmedia":[{"embeddable":true,"href":"https:\/\/agenciainfra.com\/blog\/wp-json\/wp\/v2\/media\/18439"}],"wp:attachment":[{"href":"https:\/\/agenciainfra.com\/blog\/wp-json\/wp\/v2\/media?parent=18436"}],"wp:term":[{"taxonomy":"category","embeddable":true,"href":"https:\/\/agenciainfra.com\/blog\/wp-json\/wp\/v2\/categories?post=18436"},{"taxonomy":"post_tag","embeddable":true,"href":"https:\/\/agenciainfra.com\/blog\/wp-json\/wp\/v2\/tags?post=18436"}],"curies":[{"name":"wp","href":"https:\/\/api.w.org\/{rel}","templated":true}]}}