{"id":18486,"date":"2024-09-10T10:00:00","date_gmt":"2024-09-10T13:00:00","guid":{"rendered":"https:\/\/agenciainfra.com\/blog\/?p=18486"},"modified":"2024-09-11T14:17:36","modified_gmt":"2024-09-11T17:17:36","slug":"segmento-solar-busca-apoio-de-deputados-a-jabuti-e-conflita-com-outras-associacoes-do-setor","status":"publish","type":"post","link":"https:\/\/agenciainfra.com\/blog\/segmento-solar-busca-apoio-de-deputados-a-jabuti-e-conflita-com-outras-associacoes-do-setor\/","title":{"rendered":"Segmento solar busca apoio de deputados a &#8216;jabuti&#8217; e conflita com outras associa\u00e7\u00f5es do setor"},"content":{"rendered":"\n<p class=\"has-text-align-right\"><strong>Marisa Wanzeller e Leila Coimbra, da Ag\u00eancia iNFRA<\/strong><\/p>\n\n\n\n<p>A Alian\u00e7a Solar, que re\u00fane entidades do segmento como o Inel (Instituto Nacional de Energia Limpa) e o Movimento Solar Livre, procuraram parlamentares nesta segunda-feira (9) em busca de apoio ao &#8220;jabuti&#8221; sobre GD (Gera\u00e7\u00e3o Distribu\u00edda) inserido no\u00a0<a href=\"https:\/\/agenciainfra.us14.list-manage.com\/track\/click?u=d460dd1bcf9ba0ae040e1fc0f&amp;id=726d951629&amp;e=55b7a27fc9\" target=\"_blank\" rel=\"noreferrer noopener\">PL (Projeto de Lei) do Combust\u00edvel do Futuro<\/a>.\u00a0<\/p>\n\n\n\n<p>Um&nbsp;<a href=\"https:\/\/agenciainfra.us14.list-manage.com\/track\/click?u=d460dd1bcf9ba0ae040e1fc0f&amp;id=24faf45cc8&amp;e=55b7a27fc9\" target=\"_blank\" rel=\"noreferrer noopener\">v\u00eddeo<\/a>&nbsp;enviado por aplicativo de mensagem aos deputados diz que a emenda n\u00e3o amplia subs\u00eddios na conta de energia, mas garante seguran\u00e7a jur\u00eddica para projetos que j\u00e1 est\u00e3o aprovados e que &#8220;precisam de um tempo maior para serem conclu\u00eddos&#8221;.<\/p>\n\n\n\n<p>&#8220;Todos os deputados federais precisam entender essa verdade. Est\u00e3o tentando engan\u00e1-los com a conversa dos subs\u00eddios. Isso \u00e9 mentira&#8221;, diz um texto encaminhado para agentes do setor junto ao v\u00eddeo, pedindo que espalhem o material.&nbsp;<\/p>\n\n\n\n<p><strong>F\u00e1brica de emendas<\/strong><br>Por outro lado, associa\u00e7\u00f5es que representam outros segmentos de gera\u00e7\u00e3o, al\u00e9m de distribuidoras, consumidores, comercializadores e produtores independentes, alegam que o jabuti inserido no PL 528\/2020 encarece a conta de luz e pedem que os deputados n\u00e3o acatem o texto aprovado no Senado.&nbsp;<\/p>\n\n\n\n<p>&#8220;N\u00e3o faz nenhum sentido algu\u00e9m dizer que n\u00e3o tem subs\u00eddio, eu repudio com todas as letras uma fala dessa natureza, as pessoas est\u00e3o querendo enganar a popula\u00e7\u00e3o&#8221;, disse Marcos Madureira, presidente da Abradee (Associa\u00e7\u00e3o Brasileira de Distribuidores de Energia El\u00e9trica), \u00e0&nbsp;<strong>Ag\u00eancia iNFRA<\/strong>.&nbsp;<\/p>\n\n\n\n<p>&#8220;A cada momento&nbsp;o que o pessoal tem buscado \u00e9 inserir emendas em projetos completamente diferentes&#8221;, disse ao relembrar o &#8220;jabuti&#8221; de GD tamb\u00e9m inserido no PL das E\u00f3licas Offshore. &#8220;\u00c9 uma f\u00e1brica de emendas para poder beneficiar a gera\u00e7\u00e3o distribu\u00edda.&#8221;<\/p>\n\n\n\n<p><strong>R$ 24 bi de subs\u00eddios<\/strong><br>A ANEEL (Ag\u00eancia Nacional de Energia El\u00e9trica) estima que o &#8220;jabuti&#8221; de GD (Gera\u00e7\u00e3o Distribu\u00edda) solar inserido no projeto de lei do Combust\u00edvel do Futuro tem potencial para onerar as tarifas de energia em R$ 24 bilh\u00f5es. O c\u00e1lculo est\u00e1 em&nbsp;<a href=\"https:\/\/agenciainfra.us14.list-manage.com\/track\/click?u=d460dd1bcf9ba0ae040e1fc0f&amp;id=93dd44883f&amp;e=55b7a27fc9\" target=\"_blank\" rel=\"noreferrer noopener\">of\u00edcio<\/a>&nbsp;encaminhado ao MME (Minist\u00e9rio de Minas e Energia) na \u00faltima sexta-feira (6), ap\u00f3s solicita\u00e7\u00e3o da pasta.<\/p>\n\n\n\n<p>Ao ampliar de 12 para 30 meses o prazo para inje\u00e7\u00e3o de energia na rede, a emenda enquadra como GD I centrais geradoras que se enquadrariam como GD II ou GD III, ou at\u00e9 mesmo se inviabilizariam. Isso aumenta em 5,7 GW a quantidade de energia gerada anualmente com mais subs\u00eddios no mecanismo de compensa\u00e7\u00e3o, tendo desconto de 100% no uso do fio.<\/p>\n\n\n\n<p>Portanto, o montante gerado pelos empreendimentos potencialmente beneficiados poderia onerar as tarifas de energia el\u00e9trica por meio de um &#8220;subs\u00eddio impl\u00edcito&#8221;, destacou a ag\u00eancia.<\/p>\n\n\n\n<p><strong>Articula\u00e7\u00e3o<\/strong><br>O c\u00e1lculo da ANEEL foi usado em&nbsp;<a href=\"https:\/\/agenciainfra.us14.list-manage.com\/track\/click?u=d460dd1bcf9ba0ae040e1fc0f&amp;id=9c6d6e283c&amp;e=55b7a27fc9\" target=\"_blank\" rel=\"noreferrer noopener\">carta<\/a>&nbsp;assinada por diversas associa\u00e7\u00f5es e que ser\u00e1 utilizada para atua\u00e7\u00e3o junto aos gabinetes dos deputados. &#8220;Pedimos apoio aos parlamentares para evitar que os brasileiros paguem uma conta mais cara e a nossa ind\u00fastria perca competitividade&#8221;, diz o documento.<\/p>\n\n\n\n<p>Assinam a nota as seguintes entidades: Abee\u00f3lica (Associa\u00e7\u00e3o Brasileira de Energia E\u00f3lica), Abrage (Associa\u00e7\u00e3o Brasileira das Empresas Geradoras de Energia El\u00e9trica), Apine (Associa\u00e7\u00e3o Brasileira dos Produtores Independentes de Energia El\u00e9trica), Abradee, Abrace (Associa\u00e7\u00e3o Brasileira de Grandes Consumidores), Abraceel (Associa\u00e7\u00e3o Brasileira dos Comercializadores de Energia), Anace (Associa\u00e7\u00e3o Nacional dos Consumidores de Energia), Frente Nacional dos Consumidores de Energia e movimento Uni\u00e3o pela Energia.<\/p>\n","protected":false},"excerpt":{"rendered":"<p>Marisa Wanzeller e Leila Coimbra, da Ag\u00eancia iNFRA A Alian\u00e7a Solar, que re\u00fane entidades do segmento como o Inel (Instituto Nacional de Energia Limpa) e o Movimento Solar Livre, procuraram parlamentares nesta segunda-feira (9) em busca de apoio ao &#8220;jabuti&#8221; sobre GD (Gera\u00e7\u00e3o Distribu\u00edda) inserido no\u00a0PL (Projeto de Lei) do Combust\u00edvel do Futuro.\u00a0 Um&nbsp;v\u00eddeo&nbsp;enviado por [&hellip;]<\/p>\n","protected":false},"author":1,"featured_media":5390,"comment_status":"closed","ping_status":"closed","sticky":false,"template":"","format":"standard","meta":{"_monsterinsights_skip_tracking":false,"_monsterinsights_sitenote_active":false,"_monsterinsights_sitenote_note":"","_monsterinsights_sitenote_category":0,"footnotes":""},"categories":[7250,1,10],"tags":[725,41,40,494,1335,11452,4926,1197,5203,1093,11453,6371,6293,850,11430,1984,7366,71,6203,9678,3553,4593],"class_list":["post-18486","post","type-post","status-publish","format-standard","has-post-thumbnail","hentry","category-destaque-lista","category-geral","category-infraenergia","tag-abeeolica","tag-abrace","tag-abraceel","tag-abradee","tag-abrage","tag-alianca-solar","tag-anace","tag-apine","tag-combustivel-do-futuro","tag-energia-solar","tag-frente-naiconal-dos-consumidores-de-energia","tag-gd","tag-gd-solar","tag-geracao-distribuida","tag-jabuti","tag-leila-coimbra","tag-marisa-wanzeller","tag-mme","tag-movimento-solar-livre","tag-pl-528-2020","tag-solar","tag-uniao-pela-energia"],"yoast_head":"<!-- This site is optimized with the Yoast SEO Premium plugin v25.4 (Yoast SEO v26.0) - https:\/\/yoast.com\/wordpress\/plugins\/seo\/ -->\n<title>Segmento solar busca apoio de deputados a &#039;jabuti&#039; e conflita com outras associa\u00e7\u00f5es do setor - Ag\u00eancia iNFRA<\/title>\n<meta name=\"description\" content=\"A Alian\u00e7a Solar e o Movimento Solar Livre procuraram parlamentares em busca de apoio ao &quot;jabuti&quot; sobre GD (Gera\u00e7\u00e3o Distribu\u00edda) inserido no\u00a0PL do Combust\u00edvel do Futuro.\u00a0\" \/>\n<meta name=\"robots\" content=\"index, follow, max-snippet:-1, max-image-preview:large, max-video-preview:-1\" \/>\n<link rel=\"canonical\" href=\"https:\/\/agenciainfra.com\/blog\/segmento-solar-busca-apoio-de-deputados-a-jabuti-e-conflita-com-outras-associacoes-do-setor\/\" \/>\n<meta property=\"og:locale\" content=\"pt_BR\" \/>\n<meta property=\"og:type\" content=\"article\" \/>\n<meta property=\"og:title\" content=\"Segmento solar busca apoio de deputados a &#039;jabuti&#039; e conflita com outras associa\u00e7\u00f5es do setor\" \/>\n<meta property=\"og:description\" content=\"A Alian\u00e7a Solar e o Movimento Solar Livre procuraram parlamentares em busca de apoio ao &quot;jabuti&quot; sobre GD (Gera\u00e7\u00e3o Distribu\u00edda) inserido no\u00a0PL do Combust\u00edvel do Futuro.\u00a0\" \/>\n<meta property=\"og:url\" content=\"https:\/\/agenciainfra.com\/blog\/segmento-solar-busca-apoio-de-deputados-a-jabuti-e-conflita-com-outras-associacoes-do-setor\/\" \/>\n<meta property=\"og:site_name\" content=\"Ag\u00eancia iNFRA\" \/>\n<meta property=\"article:publisher\" content=\"https:\/\/www.facebook.com\/ageninfra\" \/>\n<meta property=\"article:published_time\" content=\"2024-09-10T13:00:00+00:00\" \/>\n<meta property=\"article:modified_time\" content=\"2024-09-11T17:17:36+00:00\" \/>\n<meta property=\"og:image\" content=\"https:\/\/agenciainfra.com\/blog\/wp-content\/uploads\/2020\/07\/energia-eolica-solar-foto-dominio-publico.jpg\" \/>\n\t<meta property=\"og:image:width\" content=\"1200\" \/>\n\t<meta property=\"og:image:height\" content=\"798\" \/>\n\t<meta property=\"og:image:type\" content=\"image\/jpeg\" \/>\n<meta name=\"author\" content=\"Ag\u00eancia iNFRA\" \/>\n<meta name=\"twitter:card\" content=\"summary_large_image\" \/>\n<meta name=\"twitter:creator\" content=\"@agencia_infra\" \/>\n<meta name=\"twitter:site\" content=\"@agencia_infra\" \/>\n<meta name=\"twitter:label1\" content=\"Escrito por\" \/>\n\t<meta name=\"twitter:data1\" content=\"Ag\u00eancia iNFRA\" \/>\n\t<meta name=\"twitter:label2\" content=\"Est. tempo de leitura\" \/>\n\t<meta name=\"twitter:data2\" content=\"3 minutos\" \/>\n<script type=\"application\/ld+json\" class=\"yoast-schema-graph\">{\"@context\":\"https:\/\/schema.org\",\"@graph\":[{\"@type\":\"Article\",\"@id\":\"https:\/\/agenciainfra.com\/blog\/segmento-solar-busca-apoio-de-deputados-a-jabuti-e-conflita-com-outras-associacoes-do-setor\/#article\",\"isPartOf\":{\"@id\":\"https:\/\/agenciainfra.com\/blog\/segmento-solar-busca-apoio-de-deputados-a-jabuti-e-conflita-com-outras-associacoes-do-setor\/\"},\"author\":{\"name\":\"Ag\u00eancia iNFRA\",\"@id\":\"https:\/\/agenciainfra.com\/blog\/#\/schema\/person\/34af08dff6adea4cb22b06612ba7acfa\"},\"headline\":\"Segmento solar busca apoio de deputados a &#8216;jabuti&#8217; e conflita com outras associa\u00e7\u00f5es do setor\",\"datePublished\":\"2024-09-10T13:00:00+00:00\",\"dateModified\":\"2024-09-11T17:17:36+00:00\",\"mainEntityOfPage\":{\"@id\":\"https:\/\/agenciainfra.com\/blog\/segmento-solar-busca-apoio-de-deputados-a-jabuti-e-conflita-com-outras-associacoes-do-setor\/\"},\"wordCount\":603,\"publisher\":{\"@id\":\"https:\/\/agenciainfra.com\/blog\/#organization\"},\"image\":{\"@id\":\"https:\/\/agenciainfra.com\/blog\/segmento-solar-busca-apoio-de-deputados-a-jabuti-e-conflita-com-outras-associacoes-do-setor\/#primaryimage\"},\"thumbnailUrl\":\"https:\/\/agenciainfra.com\/blog\/wp-content\/uploads\/2020\/07\/energia-eolica-solar-foto-dominio-publico.jpg\",\"keywords\":[\"abeeolica\",\"Abrace\",\"Abraceel\",\"Abradee\",\"Abrage\",\"Alian\u00e7a Solar\",\"anace\",\"Apine\",\"Combust\u00edvel do Futuro\",\"energia solar\",\"Frente Naiconal dos Consumidores de Energia\",\"GD\",\"GD solar\",\"gera\u00e7\u00e3o distribu\u00edda\",\"jabuti\",\"Leila Coimbra\",\"Marisa Wanzeller\",\"MME\",\"Movimento Solar Livre\",\"PL 528\/2020\",\"solar\",\"Uni\u00e3o pela Energia\"],\"articleSection\":[\"Destaque lista\",\"Geral\",\"iNFRAEnergia\"],\"inLanguage\":\"pt-BR\",\"copyrightYear\":\"2024\",\"copyrightHolder\":{\"@id\":\"https:\/\/agenciainfra.com\/blog\/#organization\"}},{\"@type\":\"WebPage\",\"@id\":\"https:\/\/agenciainfra.com\/blog\/segmento-solar-busca-apoio-de-deputados-a-jabuti-e-conflita-com-outras-associacoes-do-setor\/\",\"url\":\"https:\/\/agenciainfra.com\/blog\/segmento-solar-busca-apoio-de-deputados-a-jabuti-e-conflita-com-outras-associacoes-do-setor\/\",\"name\":\"Segmento solar busca apoio de deputados a 'jabuti' e conflita com outras associa\u00e7\u00f5es do setor - Ag\u00eancia iNFRA\",\"isPartOf\":{\"@id\":\"https:\/\/agenciainfra.com\/blog\/#website\"},\"primaryImageOfPage\":{\"@id\":\"https:\/\/agenciainfra.com\/blog\/segmento-solar-busca-apoio-de-deputados-a-jabuti-e-conflita-com-outras-associacoes-do-setor\/#primaryimage\"},\"image\":{\"@id\":\"https:\/\/agenciainfra.com\/blog\/segmento-solar-busca-apoio-de-deputados-a-jabuti-e-conflita-com-outras-associacoes-do-setor\/#primaryimage\"},\"thumbnailUrl\":\"https:\/\/agenciainfra.com\/blog\/wp-content\/uploads\/2020\/07\/energia-eolica-solar-foto-dominio-publico.jpg\",\"datePublished\":\"2024-09-10T13:00:00+00:00\",\"dateModified\":\"2024-09-11T17:17:36+00:00\",\"description\":\"A Alian\u00e7a Solar e o Movimento Solar Livre procuraram parlamentares em busca de apoio ao \\\"jabuti\\\" sobre GD (Gera\u00e7\u00e3o Distribu\u00edda) inserido no\u00a0PL do Combust\u00edvel do Futuro.\u00a0\",\"breadcrumb\":{\"@id\":\"https:\/\/agenciainfra.com\/blog\/segmento-solar-busca-apoio-de-deputados-a-jabuti-e-conflita-com-outras-associacoes-do-setor\/#breadcrumb\"},\"inLanguage\":\"pt-BR\",\"potentialAction\":[{\"@type\":\"ReadAction\",\"target\":[\"https:\/\/agenciainfra.com\/blog\/segmento-solar-busca-apoio-de-deputados-a-jabuti-e-conflita-com-outras-associacoes-do-setor\/\"]}]},{\"@type\":\"ImageObject\",\"inLanguage\":\"pt-BR\",\"@id\":\"https:\/\/agenciainfra.com\/blog\/segmento-solar-busca-apoio-de-deputados-a-jabuti-e-conflita-com-outras-associacoes-do-setor\/#primaryimage\",\"url\":\"https:\/\/agenciainfra.com\/blog\/wp-content\/uploads\/2020\/07\/energia-eolica-solar-foto-dominio-publico.jpg\",\"contentUrl\":\"https:\/\/agenciainfra.com\/blog\/wp-content\/uploads\/2020\/07\/energia-eolica-solar-foto-dominio-publico.jpg\",\"width\":1200,\"height\":798,\"caption\":\"Foto: Dom\u00ednio P\u00fablico\"},{\"@type\":\"BreadcrumbList\",\"@id\":\"https:\/\/agenciainfra.com\/blog\/segmento-solar-busca-apoio-de-deputados-a-jabuti-e-conflita-com-outras-associacoes-do-setor\/#breadcrumb\",\"itemListElement\":[{\"@type\":\"ListItem\",\"position\":1,\"name\":\"In\u00edcio\",\"item\":\"https:\/\/agenciainfra.com\/blog\/\"},{\"@type\":\"ListItem\",\"position\":2,\"name\":\"Segmento solar busca apoio de deputados a &#8216;jabuti&#8217; e conflita com outras associa\u00e7\u00f5es do setor\"}]},{\"@type\":\"WebSite\",\"@id\":\"https:\/\/agenciainfra.com\/blog\/#website\",\"url\":\"https:\/\/agenciainfra.com\/blog\/\",\"name\":\"Ag\u00eancia iNFRA\",\"description\":\"Multiplataforma de informa\u00e7\u00e3o jornal\u00edstica refer\u00eancia na \u00e1rea de infraestrutura no Brasil!\",\"publisher\":{\"@id\":\"https:\/\/agenciainfra.com\/blog\/#organization\"},\"potentialAction\":[{\"@type\":\"SearchAction\",\"target\":{\"@type\":\"EntryPoint\",\"urlTemplate\":\"https:\/\/agenciainfra.com\/blog\/?s={search_term_string}\"},\"query-input\":{\"@type\":\"PropertyValueSpecification\",\"valueRequired\":true,\"valueName\":\"search_term_string\"}}],\"inLanguage\":\"pt-BR\"},{\"@type\":\"Organization\",\"@id\":\"https:\/\/agenciainfra.com\/blog\/#organization\",\"name\":\"Ag\u00eancia iNFRA\",\"url\":\"https:\/\/agenciainfra.com\/blog\/\",\"logo\":{\"@type\":\"ImageObject\",\"inLanguage\":\"pt-BR\",\"@id\":\"https:\/\/agenciainfra.com\/blog\/#\/schema\/logo\/image\/\",\"url\":\"https:\/\/agenciainfra.com\/blog\/wp-content\/uploads\/2023\/09\/iNFRA_5-e1761735885940.png\",\"contentUrl\":\"https:\/\/agenciainfra.com\/blog\/wp-content\/uploads\/2023\/09\/iNFRA_5-e1761735885940.png\",\"width\":1672,\"height\":454,\"caption\":\"Ag\u00eancia iNFRA\"},\"image\":{\"@id\":\"https:\/\/agenciainfra.com\/blog\/#\/schema\/logo\/image\/\"},\"sameAs\":[\"https:\/\/www.facebook.com\/ageninfra\",\"https:\/\/x.com\/agencia_infra\",\"https:\/\/www.linkedin.com\/company\/ag\u00eanciainfra\/\",\"https:\/\/www.instagram.com\/agenciainfra\/\"]},{\"@type\":\"Person\",\"@id\":\"https:\/\/agenciainfra.com\/blog\/#\/schema\/person\/34af08dff6adea4cb22b06612ba7acfa\",\"name\":\"Ag\u00eancia iNFRA\",\"image\":{\"@type\":\"ImageObject\",\"inLanguage\":\"pt-BR\",\"@id\":\"https:\/\/agenciainfra.com\/blog\/#\/schema\/person\/image\/\",\"url\":\"https:\/\/secure.gravatar.com\/avatar\/d189e01678f06d8eb84d4e01f08eb848b3fffe3f8443818d3c356c66892f5be8?s=96&d=mm&r=g\",\"contentUrl\":\"https:\/\/secure.gravatar.com\/avatar\/d189e01678f06d8eb84d4e01f08eb848b3fffe3f8443818d3c356c66892f5be8?s=96&d=mm&r=g\",\"caption\":\"Ag\u00eancia iNFRA\"},\"url\":\"https:\/\/agenciainfra.com\/blog\/author\/admin\/\"}]}<\/script>\n<!-- \/ Yoast SEO Premium plugin. -->","yoast_head_json":{"title":"Segmento solar busca apoio de deputados a 'jabuti' e conflita com outras associa\u00e7\u00f5es do setor - Ag\u00eancia iNFRA","description":"A Alian\u00e7a Solar e o Movimento Solar Livre procuraram parlamentares em busca de apoio ao \"jabuti\" sobre GD (Gera\u00e7\u00e3o Distribu\u00edda) inserido no\u00a0PL do Combust\u00edvel do Futuro.\u00a0","robots":{"index":"index","follow":"follow","max-snippet":"max-snippet:-1","max-image-preview":"max-image-preview:large","max-video-preview":"max-video-preview:-1"},"canonical":"https:\/\/agenciainfra.com\/blog\/segmento-solar-busca-apoio-de-deputados-a-jabuti-e-conflita-com-outras-associacoes-do-setor\/","og_locale":"pt_BR","og_type":"article","og_title":"Segmento solar busca apoio de deputados a 'jabuti' e conflita com outras associa\u00e7\u00f5es do setor","og_description":"A Alian\u00e7a Solar e o Movimento Solar Livre procuraram parlamentares em busca de apoio ao \"jabuti\" sobre GD (Gera\u00e7\u00e3o Distribu\u00edda) inserido no\u00a0PL do Combust\u00edvel do Futuro.\u00a0","og_url":"https:\/\/agenciainfra.com\/blog\/segmento-solar-busca-apoio-de-deputados-a-jabuti-e-conflita-com-outras-associacoes-do-setor\/","og_site_name":"Ag\u00eancia iNFRA","article_publisher":"https:\/\/www.facebook.com\/ageninfra","article_published_time":"2024-09-10T13:00:00+00:00","article_modified_time":"2024-09-11T17:17:36+00:00","og_image":[{"width":1200,"height":798,"url":"https:\/\/agenciainfra.com\/blog\/wp-content\/uploads\/2020\/07\/energia-eolica-solar-foto-dominio-publico.jpg","type":"image\/jpeg"}],"author":"Ag\u00eancia iNFRA","twitter_card":"summary_large_image","twitter_creator":"@agencia_infra","twitter_site":"@agencia_infra","twitter_misc":{"Escrito por":"Ag\u00eancia iNFRA","Est. tempo de leitura":"3 minutos"},"schema":{"@context":"https:\/\/schema.org","@graph":[{"@type":"Article","@id":"https:\/\/agenciainfra.com\/blog\/segmento-solar-busca-apoio-de-deputados-a-jabuti-e-conflita-com-outras-associacoes-do-setor\/#article","isPartOf":{"@id":"https:\/\/agenciainfra.com\/blog\/segmento-solar-busca-apoio-de-deputados-a-jabuti-e-conflita-com-outras-associacoes-do-setor\/"},"author":{"name":"Ag\u00eancia iNFRA","@id":"https:\/\/agenciainfra.com\/blog\/#\/schema\/person\/34af08dff6adea4cb22b06612ba7acfa"},"headline":"Segmento solar busca apoio de deputados a &#8216;jabuti&#8217; e conflita com outras associa\u00e7\u00f5es do setor","datePublished":"2024-09-10T13:00:00+00:00","dateModified":"2024-09-11T17:17:36+00:00","mainEntityOfPage":{"@id":"https:\/\/agenciainfra.com\/blog\/segmento-solar-busca-apoio-de-deputados-a-jabuti-e-conflita-com-outras-associacoes-do-setor\/"},"wordCount":603,"publisher":{"@id":"https:\/\/agenciainfra.com\/blog\/#organization"},"image":{"@id":"https:\/\/agenciainfra.com\/blog\/segmento-solar-busca-apoio-de-deputados-a-jabuti-e-conflita-com-outras-associacoes-do-setor\/#primaryimage"},"thumbnailUrl":"https:\/\/agenciainfra.com\/blog\/wp-content\/uploads\/2020\/07\/energia-eolica-solar-foto-dominio-publico.jpg","keywords":["abeeolica","Abrace","Abraceel","Abradee","Abrage","Alian\u00e7a Solar","anace","Apine","Combust\u00edvel do Futuro","energia solar","Frente Naiconal dos Consumidores de Energia","GD","GD solar","gera\u00e7\u00e3o distribu\u00edda","jabuti","Leila Coimbra","Marisa Wanzeller","MME","Movimento Solar Livre","PL 528\/2020","solar","Uni\u00e3o pela Energia"],"articleSection":["Destaque lista","Geral","iNFRAEnergia"],"inLanguage":"pt-BR","copyrightYear":"2024","copyrightHolder":{"@id":"https:\/\/agenciainfra.com\/blog\/#organization"}},{"@type":"WebPage","@id":"https:\/\/agenciainfra.com\/blog\/segmento-solar-busca-apoio-de-deputados-a-jabuti-e-conflita-com-outras-associacoes-do-setor\/","url":"https:\/\/agenciainfra.com\/blog\/segmento-solar-busca-apoio-de-deputados-a-jabuti-e-conflita-com-outras-associacoes-do-setor\/","name":"Segmento solar busca apoio de deputados a 'jabuti' e conflita com outras associa\u00e7\u00f5es do setor - Ag\u00eancia iNFRA","isPartOf":{"@id":"https:\/\/agenciainfra.com\/blog\/#website"},"primaryImageOfPage":{"@id":"https:\/\/agenciainfra.com\/blog\/segmento-solar-busca-apoio-de-deputados-a-jabuti-e-conflita-com-outras-associacoes-do-setor\/#primaryimage"},"image":{"@id":"https:\/\/agenciainfra.com\/blog\/segmento-solar-busca-apoio-de-deputados-a-jabuti-e-conflita-com-outras-associacoes-do-setor\/#primaryimage"},"thumbnailUrl":"https:\/\/agenciainfra.com\/blog\/wp-content\/uploads\/2020\/07\/energia-eolica-solar-foto-dominio-publico.jpg","datePublished":"2024-09-10T13:00:00+00:00","dateModified":"2024-09-11T17:17:36+00:00","description":"A Alian\u00e7a Solar e o Movimento Solar Livre procuraram parlamentares em busca de apoio ao \"jabuti\" sobre GD (Gera\u00e7\u00e3o Distribu\u00edda) inserido no\u00a0PL do Combust\u00edvel do Futuro.\u00a0","breadcrumb":{"@id":"https:\/\/agenciainfra.com\/blog\/segmento-solar-busca-apoio-de-deputados-a-jabuti-e-conflita-com-outras-associacoes-do-setor\/#breadcrumb"},"inLanguage":"pt-BR","potentialAction":[{"@type":"ReadAction","target":["https:\/\/agenciainfra.com\/blog\/segmento-solar-busca-apoio-de-deputados-a-jabuti-e-conflita-com-outras-associacoes-do-setor\/"]}]},{"@type":"ImageObject","inLanguage":"pt-BR","@id":"https:\/\/agenciainfra.com\/blog\/segmento-solar-busca-apoio-de-deputados-a-jabuti-e-conflita-com-outras-associacoes-do-setor\/#primaryimage","url":"https:\/\/agenciainfra.com\/blog\/wp-content\/uploads\/2020\/07\/energia-eolica-solar-foto-dominio-publico.jpg","contentUrl":"https:\/\/agenciainfra.com\/blog\/wp-content\/uploads\/2020\/07\/energia-eolica-solar-foto-dominio-publico.jpg","width":1200,"height":798,"caption":"Foto: Dom\u00ednio P\u00fablico"},{"@type":"BreadcrumbList","@id":"https:\/\/agenciainfra.com\/blog\/segmento-solar-busca-apoio-de-deputados-a-jabuti-e-conflita-com-outras-associacoes-do-setor\/#breadcrumb","itemListElement":[{"@type":"ListItem","position":1,"name":"In\u00edcio","item":"https:\/\/agenciainfra.com\/blog\/"},{"@type":"ListItem","position":2,"name":"Segmento solar busca apoio de deputados a &#8216;jabuti&#8217; e conflita com outras associa\u00e7\u00f5es do setor"}]},{"@type":"WebSite","@id":"https:\/\/agenciainfra.com\/blog\/#website","url":"https:\/\/agenciainfra.com\/blog\/","name":"Ag\u00eancia iNFRA","description":"Multiplataforma de informa\u00e7\u00e3o jornal\u00edstica refer\u00eancia na \u00e1rea de infraestrutura no Brasil!","publisher":{"@id":"https:\/\/agenciainfra.com\/blog\/#organization"},"potentialAction":[{"@type":"SearchAction","target":{"@type":"EntryPoint","urlTemplate":"https:\/\/agenciainfra.com\/blog\/?s={search_term_string}"},"query-input":{"@type":"PropertyValueSpecification","valueRequired":true,"valueName":"search_term_string"}}],"inLanguage":"pt-BR"},{"@type":"Organization","@id":"https:\/\/agenciainfra.com\/blog\/#organization","name":"Ag\u00eancia iNFRA","url":"https:\/\/agenciainfra.com\/blog\/","logo":{"@type":"ImageObject","inLanguage":"pt-BR","@id":"https:\/\/agenciainfra.com\/blog\/#\/schema\/logo\/image\/","url":"https:\/\/agenciainfra.com\/blog\/wp-content\/uploads\/2023\/09\/iNFRA_5-e1761735885940.png","contentUrl":"https:\/\/agenciainfra.com\/blog\/wp-content\/uploads\/2023\/09\/iNFRA_5-e1761735885940.png","width":1672,"height":454,"caption":"Ag\u00eancia iNFRA"},"image":{"@id":"https:\/\/agenciainfra.com\/blog\/#\/schema\/logo\/image\/"},"sameAs":["https:\/\/www.facebook.com\/ageninfra","https:\/\/x.com\/agencia_infra","https:\/\/www.linkedin.com\/company\/ag\u00eanciainfra\/","https:\/\/www.instagram.com\/agenciainfra\/"]},{"@type":"Person","@id":"https:\/\/agenciainfra.com\/blog\/#\/schema\/person\/34af08dff6adea4cb22b06612ba7acfa","name":"Ag\u00eancia iNFRA","image":{"@type":"ImageObject","inLanguage":"pt-BR","@id":"https:\/\/agenciainfra.com\/blog\/#\/schema\/person\/image\/","url":"https:\/\/secure.gravatar.com\/avatar\/d189e01678f06d8eb84d4e01f08eb848b3fffe3f8443818d3c356c66892f5be8?s=96&d=mm&r=g","contentUrl":"https:\/\/secure.gravatar.com\/avatar\/d189e01678f06d8eb84d4e01f08eb848b3fffe3f8443818d3c356c66892f5be8?s=96&d=mm&r=g","caption":"Ag\u00eancia iNFRA"},"url":"https:\/\/agenciainfra.com\/blog\/author\/admin\/"}]}},"_links":{"self":[{"href":"https:\/\/agenciainfra.com\/blog\/wp-json\/wp\/v2\/posts\/18486","targetHints":{"allow":["GET"]}}],"collection":[{"href":"https:\/\/agenciainfra.com\/blog\/wp-json\/wp\/v2\/posts"}],"about":[{"href":"https:\/\/agenciainfra.com\/blog\/wp-json\/wp\/v2\/types\/post"}],"author":[{"embeddable":true,"href":"https:\/\/agenciainfra.com\/blog\/wp-json\/wp\/v2\/users\/1"}],"replies":[{"embeddable":true,"href":"https:\/\/agenciainfra.com\/blog\/wp-json\/wp\/v2\/comments?post=18486"}],"version-history":[{"count":1,"href":"https:\/\/agenciainfra.com\/blog\/wp-json\/wp\/v2\/posts\/18486\/revisions"}],"predecessor-version":[{"id":18487,"href":"https:\/\/agenciainfra.com\/blog\/wp-json\/wp\/v2\/posts\/18486\/revisions\/18487"}],"wp:featuredmedia":[{"embeddable":true,"href":"https:\/\/agenciainfra.com\/blog\/wp-json\/wp\/v2\/media\/5390"}],"wp:attachment":[{"href":"https:\/\/agenciainfra.com\/blog\/wp-json\/wp\/v2\/media?parent=18486"}],"wp:term":[{"taxonomy":"category","embeddable":true,"href":"https:\/\/agenciainfra.com\/blog\/wp-json\/wp\/v2\/categories?post=18486"},{"taxonomy":"post_tag","embeddable":true,"href":"https:\/\/agenciainfra.com\/blog\/wp-json\/wp\/v2\/tags?post=18486"}],"curies":[{"name":"wp","href":"https:\/\/api.w.org\/{rel}","templated":true}]}}