{"id":18488,"date":"2024-09-11T13:00:00","date_gmt":"2024-09-11T16:00:00","guid":{"rendered":"https:\/\/agenciainfra.com\/blog\/?p=18488"},"modified":"2024-09-13T12:18:37","modified_gmt":"2024-09-13T15:18:37","slug":"tarifa-de-embarque-de-voos-internacionais-pode-aumentar-para-cobrir-nova-despesa-de-concessionarias","status":"publish","type":"post","link":"https:\/\/agenciainfra.com\/blog\/tarifa-de-embarque-de-voos-internacionais-pode-aumentar-para-cobrir-nova-despesa-de-concessionarias\/","title":{"rendered":"Tarifa de embarque de voos internacionais pode aumentar para cobrir nova despesa de concession\u00e1rias"},"content":{"rendered":"\n<p class=\"has-text-align-right\"><strong>Sheyla Santos e Dimmi Amora, da Ag\u00eancia iNFRA<\/strong><\/p>\n\n\n\n<p>A PF (Pol\u00edcia Federal) est\u00e1 deixando de contratar pessoal terceirizado para fazer servi\u00e7os de controle migrat\u00f3rio nos aeroportos do Brasil em&nbsp;voos internacionais&nbsp;e os servi\u00e7os poder\u00e3o ser assumidos pelas concession\u00e1rias privadas.<\/p>\n\n\n\n<p>Como \u00e9 um custo n\u00e3o previsto em contrato, empresas, Minist\u00e9rio de Portos e Aeroportos e ANAC (Ag\u00eancia Nacional de Avia\u00e7\u00e3o Civil) est\u00e3o em tratativas para reequilibrar os contratos, o que, segundo informou a ANAC \u00e0&nbsp;<strong>Ag\u00eancia iNFRA<\/strong>, envolve todas as op\u00e7\u00f5es de reequil\u00edbrio, inclusive reajustar a taxa de embarque dos passageiros internacionais.<\/p>\n\n\n\n<p>Em of\u00edcio assinado em 23 de julho, o diretor de Pol\u00edcia Administrativa da PF, Rodrigo de Melo Teixeira, afirmou que,&nbsp;diante do &#8220;cen\u00e1rio or\u00e7ament\u00e1rio desafiador&#8221;, da falta de previs\u00e3o de ingresso de novos servidores e do aumento do fluxo de passageiros internacionais, foram abertas tratativas para a mudan\u00e7a.<\/p>\n\n\n\n<p>Segundo o documento, est\u00e3o sendo elaboradas junto \u00e0 ANAC alternativas que permitam o aumento da capacidade de processamento de viajantes internacionais nos aeroportos.<\/p>\n\n\n\n<p>Diante da falta de verba da PF para pagar pelos servi\u00e7os de apoio desses funcion\u00e1rios terceirizados no controle migrat\u00f3rio, as concession\u00e1rias ter\u00e3o de assumir esse custo n\u00e3o previsto nos contratos de concess\u00e3o. Caso as empresas n\u00e3o assumam esse custo, elas correm o risco de n\u00e3o poder operar voos internacionais.<\/p>\n\n\n\n<p>A Pol\u00edcia Federal n\u00e3o apresentou dados solicitados ou respondeu aos questionamentos da&nbsp;<strong>Ag\u00eancia iNFRA<\/strong>. Os valores dos contratos variam de aeroporto a aeroporto, mas podem chegar a R$ 20 milh\u00f5es por ano.<\/p>\n\n\n\n<p>Perguntada sobre um poss\u00edvel reequil\u00edbrio econ\u00f4mico-financeiro, a ANAC informou que, a priori, n\u00e3o \u00e9 poss\u00edvel determinar qual ser\u00e1 o custo para cada aeroporto, dado que, para cada terminal, isso depende de fatores como movimenta\u00e7\u00e3o de passageiros, concentra\u00e7\u00e3o de voos em determinados per\u00edodos do dia e sazonalidade das opera\u00e7\u00f5es.&nbsp;<\/p>\n\n\n\n<p>&#8220;Quanto \u00e0s formas de recomposi\u00e7\u00e3o, n\u00e3o h\u00e1 impedimentos para a utiliza\u00e7\u00e3o de qualquer das formas mencionadas nos contratos, sendo que uma das op\u00e7\u00f5es avaliadas pela Anac \u00e9 um incremento na tarifa de embarque internacional, uma vez que esta incide diretamente sobre o passageiro que ser\u00e1 usu\u00e1rio do servi\u00e7o&#8221;, informou a ag\u00eancia reguladora por meio de nota.<\/p>\n\n\n\n<p>&#8220;A Ag\u00eancia recebe pleitos de operadoras aeroportu\u00e1rias para recomposi\u00e7\u00e3o desses custos quando julgado adequado pelas mesmas. Contudo, para avalia\u00e7\u00e3o quanto ao cabimento dos pleitos, \u00e9 necess\u00e1rio avaliar a matriz de riscos de cada contrato&#8221;, completou.<\/p>\n\n\n\n<p><strong>Tarifa nacional abaixo da m\u00e9dia<\/strong><br>Al\u00e9m da op\u00e7\u00e3o de reajustar as tarifas de embarque, h\u00e1 outras formas de reequil\u00edbrio, como reduzir outorgas ou ampliar tempo de contrato. Mas a avalia\u00e7\u00e3o \u00e9 que o pa\u00eds tem uma tarifa de embarque internacional baixa em rela\u00e7\u00e3o a outros pa\u00edses e por isso \u00e9 poss\u00edvel avaliar essa alternativa.<\/p>\n\n\n\n<p>Estudo da Alta (Associa\u00e7\u00e3o Latino Americana e do Caribe de Transporte A\u00e9reo) sobre competitividade do setor na regi\u00e3o mostrou que enquanto a m\u00e9dia dos pre\u00e7os dos aeroportos brasileiros fica na faixa dos US$ 11, a mesma taxa no M\u00e9xico alcan\u00e7a US$ 48 e na Argentina, US$ 56. O estudo pode ser visto&nbsp;<a href=\"https:\/\/agenciainfra.us14.list-manage.com\/track\/click?u=d460dd1bcf9ba0ae040e1fc0f&amp;id=466ef4f027&amp;e=55b7a27fc9\" target=\"_blank\" rel=\"noreferrer noopener\">neste link<\/a>.<\/p>\n\n\n\n<p>No of\u00edcio encaminhado aos superintendentes da PF, o diretor de Pol\u00edcia Administrativa orienta os aeroportos sobre como incorporar os colaboradores terceirizados a essa nova fun\u00e7\u00e3o. Na ocasi\u00e3o, ele ressaltou que a sinaliza\u00e7\u00e3o da ANAC era de que esses custos fossem ressarcidos \u00e0s concession\u00e1rias conforme mecanismos j\u00e1 existentes na gest\u00e3o dos contratos de concess\u00e3o.<\/p>\n\n\n\n<p>Sobre a seguran\u00e7a, o diretor da PF afirmou no documento que a atividade a ser realizada por colaboradores externos (terceirizados) no controle migrat\u00f3rio \u00e9 limitada, necessitando de efetiva supervis\u00e3o de servidores da PF. A contrata\u00e7\u00e3o desses funcion\u00e1rios terceirizados inclui, ele ressalta, verifica\u00e7\u00e3o de antecedentes criminais e sociais, a\u00e7\u00f5es preventivas aplic\u00e1veis \u00e0 colaboradores externos da PF, al\u00e9m de a\u00e7\u00f5es de capacita\u00e7\u00e3o.<\/p>\n\n\n\n<p><strong>Preocupa\u00e7\u00e3o<\/strong><br>Segundo o diretor, atividades mais complexas, como verifica\u00e7\u00e3o de alertas e restri\u00e7\u00f5es, repatria\u00e7\u00e3o de visitantes, aplica\u00e7\u00e3o de notifica\u00e7\u00f5es e multas, autoriza\u00e7\u00e3o de viagem de menores brasileiros, entre outras situa\u00e7\u00f5es, permanecem sob responsabilidade da PF.<\/p>\n\n\n\n<p>F\u00e1bio Rog\u00e9rio Carvalho, diretor-presidente da ABR (Aeroportos do Brasil), associa\u00e7\u00e3o que representa as empresas privadas do setor, informou que a entidade v\u00ea com &#8220;muita preocupa\u00e7\u00e3o a transfer\u00eancia de obriga\u00e7\u00f5es do Poder P\u00fablico que n\u00e3o estavam previstas em contrato para as concession\u00e1rias&#8221;.<\/p>\n\n\n\n<p>&#8220;O interesse ser\u00e1 sempre em prestar excelentes servi\u00e7os e at\u00e9 aumentar a efici\u00eancia. No entanto, \u00e9 essencial que a ANAC defina como ocorrer\u00e1 a recomposi\u00e7\u00e3o dos custos de forma c\u00e9lere e&nbsp;compat\u00edvel com a urg\u00eancia que nos tem sido requerida pela Pol\u00edcia Federal&#8221;, afirmou.<\/p>\n","protected":false},"excerpt":{"rendered":"<p>Sheyla Santos e Dimmi Amora, da Ag\u00eancia iNFRA A PF (Pol\u00edcia Federal) est\u00e1 deixando de contratar pessoal terceirizado para fazer servi\u00e7os de controle migrat\u00f3rio nos aeroportos do Brasil em&nbsp;voos internacionais&nbsp;e os servi\u00e7os poder\u00e3o ser assumidos pelas concession\u00e1rias privadas. Como \u00e9 um custo n\u00e3o previsto em contrato, empresas, Minist\u00e9rio de Portos e Aeroportos e ANAC (Ag\u00eancia [&hellip;]<\/p>\n","protected":false},"author":1,"featured_media":18489,"comment_status":"closed","ping_status":"closed","sticky":false,"template":"","format":"standard","meta":{"_monsterinsights_skip_tracking":false,"_monsterinsights_sitenote_active":false,"_monsterinsights_sitenote_note":"","_monsterinsights_sitenote_category":0,"footnotes":""},"categories":[7250,1,7],"tags":[6142,1513,242,1299,1319,6919,3431,8838,11454,2566,215,4657],"class_list":["post-18488","post","type-post","status-publish","format-standard","has-post-thumbnail","hentry","category-destaque-lista","category-geral","category-infratransporte","tag-abr","tag-alta","tag-anac","tag-dimmi-amora","tag-fabio-carvalho","tag-mpor","tag-policia-federal","tag-sheyla-santos","tag-tarifa-aeroportuaria","tag-tarifa-de-embarque","tag-tarifas","tag-voos-internacionais"],"yoast_head":"<!-- This site is optimized with the Yoast SEO Premium plugin v25.4 (Yoast SEO v26.0) - https:\/\/yoast.com\/wordpress\/plugins\/seo\/ -->\n<title>Tarifa de embarque de voos internacionais pode aumentar para cobrir nova despesa de concession\u00e1rias - Ag\u00eancia iNFRA<\/title>\n<meta name=\"description\" content=\"PF est\u00e1 deixando de contratar pessoal terceirizado para fazer servi\u00e7os de controle migrat\u00f3rio nos aeroportos do Brasil em\u00a0voos internacionais\" \/>\n<meta name=\"robots\" content=\"index, follow, max-snippet:-1, max-image-preview:large, max-video-preview:-1\" \/>\n<link rel=\"canonical\" href=\"https:\/\/agenciainfra.com\/blog\/tarifa-de-embarque-de-voos-internacionais-pode-aumentar-para-cobrir-nova-despesa-de-concessionarias\/\" \/>\n<meta property=\"og:locale\" content=\"pt_BR\" \/>\n<meta property=\"og:type\" content=\"article\" \/>\n<meta property=\"og:title\" content=\"Tarifa de embarque de voos internacionais pode aumentar para cobrir nova despesa de concession\u00e1rias\" \/>\n<meta property=\"og:description\" content=\"PF est\u00e1 deixando de contratar pessoal terceirizado para fazer servi\u00e7os de controle migrat\u00f3rio nos aeroportos do Brasil em\u00a0voos internacionais\" \/>\n<meta property=\"og:url\" content=\"https:\/\/agenciainfra.com\/blog\/tarifa-de-embarque-de-voos-internacionais-pode-aumentar-para-cobrir-nova-despesa-de-concessionarias\/\" \/>\n<meta property=\"og:site_name\" content=\"Ag\u00eancia iNFRA\" \/>\n<meta property=\"article:publisher\" content=\"https:\/\/www.facebook.com\/ageninfra\" \/>\n<meta property=\"article:published_time\" content=\"2024-09-11T16:00:00+00:00\" \/>\n<meta property=\"article:modified_time\" content=\"2024-09-13T15:18:37+00:00\" \/>\n<meta property=\"og:image\" content=\"https:\/\/agenciainfra.com\/blog\/wp-content\/uploads\/2024\/09\/policia-federal-aeroporto-foto-ministeriodostransporte.jpg\" \/>\n\t<meta property=\"og:image:width\" content=\"1202\" \/>\n\t<meta property=\"og:image:height\" content=\"693\" \/>\n\t<meta property=\"og:image:type\" content=\"image\/jpeg\" \/>\n<meta name=\"author\" content=\"Ag\u00eancia iNFRA\" \/>\n<meta name=\"twitter:card\" content=\"summary_large_image\" \/>\n<meta name=\"twitter:creator\" content=\"@agencia_infra\" \/>\n<meta name=\"twitter:site\" content=\"@agencia_infra\" \/>\n<meta name=\"twitter:label1\" content=\"Escrito por\" \/>\n\t<meta name=\"twitter:data1\" content=\"Ag\u00eancia iNFRA\" \/>\n\t<meta name=\"twitter:label2\" content=\"Est. tempo de leitura\" \/>\n\t<meta name=\"twitter:data2\" content=\"4 minutos\" \/>\n<script type=\"application\/ld+json\" class=\"yoast-schema-graph\">{\"@context\":\"https:\/\/schema.org\",\"@graph\":[{\"@type\":\"Article\",\"@id\":\"https:\/\/agenciainfra.com\/blog\/tarifa-de-embarque-de-voos-internacionais-pode-aumentar-para-cobrir-nova-despesa-de-concessionarias\/#article\",\"isPartOf\":{\"@id\":\"https:\/\/agenciainfra.com\/blog\/tarifa-de-embarque-de-voos-internacionais-pode-aumentar-para-cobrir-nova-despesa-de-concessionarias\/\"},\"author\":{\"name\":\"Ag\u00eancia iNFRA\",\"@id\":\"https:\/\/agenciainfra.com\/blog\/#\/schema\/person\/34af08dff6adea4cb22b06612ba7acfa\"},\"headline\":\"Tarifa de embarque de voos internacionais pode aumentar para cobrir nova despesa de concession\u00e1rias\",\"datePublished\":\"2024-09-11T16:00:00+00:00\",\"dateModified\":\"2024-09-13T15:18:37+00:00\",\"mainEntityOfPage\":{\"@id\":\"https:\/\/agenciainfra.com\/blog\/tarifa-de-embarque-de-voos-internacionais-pode-aumentar-para-cobrir-nova-despesa-de-concessionarias\/\"},\"wordCount\":847,\"publisher\":{\"@id\":\"https:\/\/agenciainfra.com\/blog\/#organization\"},\"image\":{\"@id\":\"https:\/\/agenciainfra.com\/blog\/tarifa-de-embarque-de-voos-internacionais-pode-aumentar-para-cobrir-nova-despesa-de-concessionarias\/#primaryimage\"},\"thumbnailUrl\":\"https:\/\/agenciainfra.com\/blog\/wp-content\/uploads\/2024\/09\/policia-federal-aeroporto-foto-ministeriodostransporte.jpg\",\"keywords\":[\"ABR\",\"ALTA\",\"ANAC\",\"Dimmi Amora\",\"F\u00e1bio Carvalho\",\"MPor\",\"Pol\u00edcia Federal\",\"Sheyla Santos\",\"tarifa aeroportu\u00e1ria\",\"tarifa de embarque\",\"tarifas\",\"voos internacionais\"],\"articleSection\":[\"Destaque lista\",\"Geral\",\"iNFRATransporte\"],\"inLanguage\":\"pt-BR\",\"copyrightYear\":\"2024\",\"copyrightHolder\":{\"@id\":\"https:\/\/agenciainfra.com\/blog\/#organization\"}},{\"@type\":\"WebPage\",\"@id\":\"https:\/\/agenciainfra.com\/blog\/tarifa-de-embarque-de-voos-internacionais-pode-aumentar-para-cobrir-nova-despesa-de-concessionarias\/\",\"url\":\"https:\/\/agenciainfra.com\/blog\/tarifa-de-embarque-de-voos-internacionais-pode-aumentar-para-cobrir-nova-despesa-de-concessionarias\/\",\"name\":\"Tarifa de embarque de voos internacionais pode aumentar para cobrir nova despesa de concession\u00e1rias - Ag\u00eancia iNFRA\",\"isPartOf\":{\"@id\":\"https:\/\/agenciainfra.com\/blog\/#website\"},\"primaryImageOfPage\":{\"@id\":\"https:\/\/agenciainfra.com\/blog\/tarifa-de-embarque-de-voos-internacionais-pode-aumentar-para-cobrir-nova-despesa-de-concessionarias\/#primaryimage\"},\"image\":{\"@id\":\"https:\/\/agenciainfra.com\/blog\/tarifa-de-embarque-de-voos-internacionais-pode-aumentar-para-cobrir-nova-despesa-de-concessionarias\/#primaryimage\"},\"thumbnailUrl\":\"https:\/\/agenciainfra.com\/blog\/wp-content\/uploads\/2024\/09\/policia-federal-aeroporto-foto-ministeriodostransporte.jpg\",\"datePublished\":\"2024-09-11T16:00:00+00:00\",\"dateModified\":\"2024-09-13T15:18:37+00:00\",\"description\":\"PF est\u00e1 deixando de contratar pessoal terceirizado para fazer servi\u00e7os de controle migrat\u00f3rio nos aeroportos do Brasil em\u00a0voos internacionais\",\"breadcrumb\":{\"@id\":\"https:\/\/agenciainfra.com\/blog\/tarifa-de-embarque-de-voos-internacionais-pode-aumentar-para-cobrir-nova-despesa-de-concessionarias\/#breadcrumb\"},\"inLanguage\":\"pt-BR\",\"potentialAction\":[{\"@type\":\"ReadAction\",\"target\":[\"https:\/\/agenciainfra.com\/blog\/tarifa-de-embarque-de-voos-internacionais-pode-aumentar-para-cobrir-nova-despesa-de-concessionarias\/\"]}]},{\"@type\":\"ImageObject\",\"inLanguage\":\"pt-BR\",\"@id\":\"https:\/\/agenciainfra.com\/blog\/tarifa-de-embarque-de-voos-internacionais-pode-aumentar-para-cobrir-nova-despesa-de-concessionarias\/#primaryimage\",\"url\":\"https:\/\/agenciainfra.com\/blog\/wp-content\/uploads\/2024\/09\/policia-federal-aeroporto-foto-ministeriodostransporte.jpg\",\"contentUrl\":\"https:\/\/agenciainfra.com\/blog\/wp-content\/uploads\/2024\/09\/policia-federal-aeroporto-foto-ministeriodostransporte.jpg\",\"width\":1202,\"height\":693},{\"@type\":\"BreadcrumbList\",\"@id\":\"https:\/\/agenciainfra.com\/blog\/tarifa-de-embarque-de-voos-internacionais-pode-aumentar-para-cobrir-nova-despesa-de-concessionarias\/#breadcrumb\",\"itemListElement\":[{\"@type\":\"ListItem\",\"position\":1,\"name\":\"In\u00edcio\",\"item\":\"https:\/\/agenciainfra.com\/blog\/\"},{\"@type\":\"ListItem\",\"position\":2,\"name\":\"Tarifa de embarque de voos internacionais pode aumentar para cobrir nova despesa de concession\u00e1rias\"}]},{\"@type\":\"WebSite\",\"@id\":\"https:\/\/agenciainfra.com\/blog\/#website\",\"url\":\"https:\/\/agenciainfra.com\/blog\/\",\"name\":\"Ag\u00eancia iNFRA\",\"description\":\"Multiplataforma de informa\u00e7\u00e3o jornal\u00edstica refer\u00eancia na \u00e1rea de infraestrutura no Brasil!\",\"publisher\":{\"@id\":\"https:\/\/agenciainfra.com\/blog\/#organization\"},\"potentialAction\":[{\"@type\":\"SearchAction\",\"target\":{\"@type\":\"EntryPoint\",\"urlTemplate\":\"https:\/\/agenciainfra.com\/blog\/?s={search_term_string}\"},\"query-input\":{\"@type\":\"PropertyValueSpecification\",\"valueRequired\":true,\"valueName\":\"search_term_string\"}}],\"inLanguage\":\"pt-BR\"},{\"@type\":\"Organization\",\"@id\":\"https:\/\/agenciainfra.com\/blog\/#organization\",\"name\":\"Ag\u00eancia iNFRA\",\"url\":\"https:\/\/agenciainfra.com\/blog\/\",\"logo\":{\"@type\":\"ImageObject\",\"inLanguage\":\"pt-BR\",\"@id\":\"https:\/\/agenciainfra.com\/blog\/#\/schema\/logo\/image\/\",\"url\":\"https:\/\/agenciainfra.com\/blog\/wp-content\/uploads\/2023\/09\/iNFRA_5-e1761735885940.png\",\"contentUrl\":\"https:\/\/agenciainfra.com\/blog\/wp-content\/uploads\/2023\/09\/iNFRA_5-e1761735885940.png\",\"width\":1672,\"height\":454,\"caption\":\"Ag\u00eancia iNFRA\"},\"image\":{\"@id\":\"https:\/\/agenciainfra.com\/blog\/#\/schema\/logo\/image\/\"},\"sameAs\":[\"https:\/\/www.facebook.com\/ageninfra\",\"https:\/\/x.com\/agencia_infra\",\"https:\/\/www.linkedin.com\/company\/ag\u00eanciainfra\/\",\"https:\/\/www.instagram.com\/agenciainfra\/\"]},{\"@type\":\"Person\",\"@id\":\"https:\/\/agenciainfra.com\/blog\/#\/schema\/person\/34af08dff6adea4cb22b06612ba7acfa\",\"name\":\"Ag\u00eancia iNFRA\",\"image\":{\"@type\":\"ImageObject\",\"inLanguage\":\"pt-BR\",\"@id\":\"https:\/\/agenciainfra.com\/blog\/#\/schema\/person\/image\/\",\"url\":\"https:\/\/secure.gravatar.com\/avatar\/d189e01678f06d8eb84d4e01f08eb848b3fffe3f8443818d3c356c66892f5be8?s=96&d=mm&r=g\",\"contentUrl\":\"https:\/\/secure.gravatar.com\/avatar\/d189e01678f06d8eb84d4e01f08eb848b3fffe3f8443818d3c356c66892f5be8?s=96&d=mm&r=g\",\"caption\":\"Ag\u00eancia iNFRA\"},\"url\":\"https:\/\/agenciainfra.com\/blog\/author\/admin\/\"}]}<\/script>\n<!-- \/ Yoast SEO Premium plugin. -->","yoast_head_json":{"title":"Tarifa de embarque de voos internacionais pode aumentar para cobrir nova despesa de concession\u00e1rias - Ag\u00eancia iNFRA","description":"PF est\u00e1 deixando de contratar pessoal terceirizado para fazer servi\u00e7os de controle migrat\u00f3rio nos aeroportos do Brasil em\u00a0voos internacionais","robots":{"index":"index","follow":"follow","max-snippet":"max-snippet:-1","max-image-preview":"max-image-preview:large","max-video-preview":"max-video-preview:-1"},"canonical":"https:\/\/agenciainfra.com\/blog\/tarifa-de-embarque-de-voos-internacionais-pode-aumentar-para-cobrir-nova-despesa-de-concessionarias\/","og_locale":"pt_BR","og_type":"article","og_title":"Tarifa de embarque de voos internacionais pode aumentar para cobrir nova despesa de concession\u00e1rias","og_description":"PF est\u00e1 deixando de contratar pessoal terceirizado para fazer servi\u00e7os de controle migrat\u00f3rio nos aeroportos do Brasil em\u00a0voos internacionais","og_url":"https:\/\/agenciainfra.com\/blog\/tarifa-de-embarque-de-voos-internacionais-pode-aumentar-para-cobrir-nova-despesa-de-concessionarias\/","og_site_name":"Ag\u00eancia iNFRA","article_publisher":"https:\/\/www.facebook.com\/ageninfra","article_published_time":"2024-09-11T16:00:00+00:00","article_modified_time":"2024-09-13T15:18:37+00:00","og_image":[{"width":1202,"height":693,"url":"https:\/\/agenciainfra.com\/blog\/wp-content\/uploads\/2024\/09\/policia-federal-aeroporto-foto-ministeriodostransporte.jpg","type":"image\/jpeg"}],"author":"Ag\u00eancia iNFRA","twitter_card":"summary_large_image","twitter_creator":"@agencia_infra","twitter_site":"@agencia_infra","twitter_misc":{"Escrito por":"Ag\u00eancia iNFRA","Est. tempo de leitura":"4 minutos"},"schema":{"@context":"https:\/\/schema.org","@graph":[{"@type":"Article","@id":"https:\/\/agenciainfra.com\/blog\/tarifa-de-embarque-de-voos-internacionais-pode-aumentar-para-cobrir-nova-despesa-de-concessionarias\/#article","isPartOf":{"@id":"https:\/\/agenciainfra.com\/blog\/tarifa-de-embarque-de-voos-internacionais-pode-aumentar-para-cobrir-nova-despesa-de-concessionarias\/"},"author":{"name":"Ag\u00eancia iNFRA","@id":"https:\/\/agenciainfra.com\/blog\/#\/schema\/person\/34af08dff6adea4cb22b06612ba7acfa"},"headline":"Tarifa de embarque de voos internacionais pode aumentar para cobrir nova despesa de concession\u00e1rias","datePublished":"2024-09-11T16:00:00+00:00","dateModified":"2024-09-13T15:18:37+00:00","mainEntityOfPage":{"@id":"https:\/\/agenciainfra.com\/blog\/tarifa-de-embarque-de-voos-internacionais-pode-aumentar-para-cobrir-nova-despesa-de-concessionarias\/"},"wordCount":847,"publisher":{"@id":"https:\/\/agenciainfra.com\/blog\/#organization"},"image":{"@id":"https:\/\/agenciainfra.com\/blog\/tarifa-de-embarque-de-voos-internacionais-pode-aumentar-para-cobrir-nova-despesa-de-concessionarias\/#primaryimage"},"thumbnailUrl":"https:\/\/agenciainfra.com\/blog\/wp-content\/uploads\/2024\/09\/policia-federal-aeroporto-foto-ministeriodostransporte.jpg","keywords":["ABR","ALTA","ANAC","Dimmi Amora","F\u00e1bio Carvalho","MPor","Pol\u00edcia Federal","Sheyla Santos","tarifa aeroportu\u00e1ria","tarifa de embarque","tarifas","voos internacionais"],"articleSection":["Destaque lista","Geral","iNFRATransporte"],"inLanguage":"pt-BR","copyrightYear":"2024","copyrightHolder":{"@id":"https:\/\/agenciainfra.com\/blog\/#organization"}},{"@type":"WebPage","@id":"https:\/\/agenciainfra.com\/blog\/tarifa-de-embarque-de-voos-internacionais-pode-aumentar-para-cobrir-nova-despesa-de-concessionarias\/","url":"https:\/\/agenciainfra.com\/blog\/tarifa-de-embarque-de-voos-internacionais-pode-aumentar-para-cobrir-nova-despesa-de-concessionarias\/","name":"Tarifa de embarque de voos internacionais pode aumentar para cobrir nova despesa de concession\u00e1rias - Ag\u00eancia iNFRA","isPartOf":{"@id":"https:\/\/agenciainfra.com\/blog\/#website"},"primaryImageOfPage":{"@id":"https:\/\/agenciainfra.com\/blog\/tarifa-de-embarque-de-voos-internacionais-pode-aumentar-para-cobrir-nova-despesa-de-concessionarias\/#primaryimage"},"image":{"@id":"https:\/\/agenciainfra.com\/blog\/tarifa-de-embarque-de-voos-internacionais-pode-aumentar-para-cobrir-nova-despesa-de-concessionarias\/#primaryimage"},"thumbnailUrl":"https:\/\/agenciainfra.com\/blog\/wp-content\/uploads\/2024\/09\/policia-federal-aeroporto-foto-ministeriodostransporte.jpg","datePublished":"2024-09-11T16:00:00+00:00","dateModified":"2024-09-13T15:18:37+00:00","description":"PF est\u00e1 deixando de contratar pessoal terceirizado para fazer servi\u00e7os de controle migrat\u00f3rio nos aeroportos do Brasil em\u00a0voos internacionais","breadcrumb":{"@id":"https:\/\/agenciainfra.com\/blog\/tarifa-de-embarque-de-voos-internacionais-pode-aumentar-para-cobrir-nova-despesa-de-concessionarias\/#breadcrumb"},"inLanguage":"pt-BR","potentialAction":[{"@type":"ReadAction","target":["https:\/\/agenciainfra.com\/blog\/tarifa-de-embarque-de-voos-internacionais-pode-aumentar-para-cobrir-nova-despesa-de-concessionarias\/"]}]},{"@type":"ImageObject","inLanguage":"pt-BR","@id":"https:\/\/agenciainfra.com\/blog\/tarifa-de-embarque-de-voos-internacionais-pode-aumentar-para-cobrir-nova-despesa-de-concessionarias\/#primaryimage","url":"https:\/\/agenciainfra.com\/blog\/wp-content\/uploads\/2024\/09\/policia-federal-aeroporto-foto-ministeriodostransporte.jpg","contentUrl":"https:\/\/agenciainfra.com\/blog\/wp-content\/uploads\/2024\/09\/policia-federal-aeroporto-foto-ministeriodostransporte.jpg","width":1202,"height":693},{"@type":"BreadcrumbList","@id":"https:\/\/agenciainfra.com\/blog\/tarifa-de-embarque-de-voos-internacionais-pode-aumentar-para-cobrir-nova-despesa-de-concessionarias\/#breadcrumb","itemListElement":[{"@type":"ListItem","position":1,"name":"In\u00edcio","item":"https:\/\/agenciainfra.com\/blog\/"},{"@type":"ListItem","position":2,"name":"Tarifa de embarque de voos internacionais pode aumentar para cobrir nova despesa de concession\u00e1rias"}]},{"@type":"WebSite","@id":"https:\/\/agenciainfra.com\/blog\/#website","url":"https:\/\/agenciainfra.com\/blog\/","name":"Ag\u00eancia iNFRA","description":"Multiplataforma de informa\u00e7\u00e3o jornal\u00edstica refer\u00eancia na \u00e1rea de infraestrutura no Brasil!","publisher":{"@id":"https:\/\/agenciainfra.com\/blog\/#organization"},"potentialAction":[{"@type":"SearchAction","target":{"@type":"EntryPoint","urlTemplate":"https:\/\/agenciainfra.com\/blog\/?s={search_term_string}"},"query-input":{"@type":"PropertyValueSpecification","valueRequired":true,"valueName":"search_term_string"}}],"inLanguage":"pt-BR"},{"@type":"Organization","@id":"https:\/\/agenciainfra.com\/blog\/#organization","name":"Ag\u00eancia iNFRA","url":"https:\/\/agenciainfra.com\/blog\/","logo":{"@type":"ImageObject","inLanguage":"pt-BR","@id":"https:\/\/agenciainfra.com\/blog\/#\/schema\/logo\/image\/","url":"https:\/\/agenciainfra.com\/blog\/wp-content\/uploads\/2023\/09\/iNFRA_5-e1761735885940.png","contentUrl":"https:\/\/agenciainfra.com\/blog\/wp-content\/uploads\/2023\/09\/iNFRA_5-e1761735885940.png","width":1672,"height":454,"caption":"Ag\u00eancia iNFRA"},"image":{"@id":"https:\/\/agenciainfra.com\/blog\/#\/schema\/logo\/image\/"},"sameAs":["https:\/\/www.facebook.com\/ageninfra","https:\/\/x.com\/agencia_infra","https:\/\/www.linkedin.com\/company\/ag\u00eanciainfra\/","https:\/\/www.instagram.com\/agenciainfra\/"]},{"@type":"Person","@id":"https:\/\/agenciainfra.com\/blog\/#\/schema\/person\/34af08dff6adea4cb22b06612ba7acfa","name":"Ag\u00eancia iNFRA","image":{"@type":"ImageObject","inLanguage":"pt-BR","@id":"https:\/\/agenciainfra.com\/blog\/#\/schema\/person\/image\/","url":"https:\/\/secure.gravatar.com\/avatar\/d189e01678f06d8eb84d4e01f08eb848b3fffe3f8443818d3c356c66892f5be8?s=96&d=mm&r=g","contentUrl":"https:\/\/secure.gravatar.com\/avatar\/d189e01678f06d8eb84d4e01f08eb848b3fffe3f8443818d3c356c66892f5be8?s=96&d=mm&r=g","caption":"Ag\u00eancia iNFRA"},"url":"https:\/\/agenciainfra.com\/blog\/author\/admin\/"}]}},"_links":{"self":[{"href":"https:\/\/agenciainfra.com\/blog\/wp-json\/wp\/v2\/posts\/18488","targetHints":{"allow":["GET"]}}],"collection":[{"href":"https:\/\/agenciainfra.com\/blog\/wp-json\/wp\/v2\/posts"}],"about":[{"href":"https:\/\/agenciainfra.com\/blog\/wp-json\/wp\/v2\/types\/post"}],"author":[{"embeddable":true,"href":"https:\/\/agenciainfra.com\/blog\/wp-json\/wp\/v2\/users\/1"}],"replies":[{"embeddable":true,"href":"https:\/\/agenciainfra.com\/blog\/wp-json\/wp\/v2\/comments?post=18488"}],"version-history":[{"count":1,"href":"https:\/\/agenciainfra.com\/blog\/wp-json\/wp\/v2\/posts\/18488\/revisions"}],"predecessor-version":[{"id":18490,"href":"https:\/\/agenciainfra.com\/blog\/wp-json\/wp\/v2\/posts\/18488\/revisions\/18490"}],"wp:featuredmedia":[{"embeddable":true,"href":"https:\/\/agenciainfra.com\/blog\/wp-json\/wp\/v2\/media\/18489"}],"wp:attachment":[{"href":"https:\/\/agenciainfra.com\/blog\/wp-json\/wp\/v2\/media?parent=18488"}],"wp:term":[{"taxonomy":"category","embeddable":true,"href":"https:\/\/agenciainfra.com\/blog\/wp-json\/wp\/v2\/categories?post=18488"},{"taxonomy":"post_tag","embeddable":true,"href":"https:\/\/agenciainfra.com\/blog\/wp-json\/wp\/v2\/tags?post=18488"}],"curies":[{"name":"wp","href":"https:\/\/api.w.org\/{rel}","templated":true}]}}