{"id":18491,"date":"2024-09-11T08:00:00","date_gmt":"2024-09-11T11:00:00","guid":{"rendered":"https:\/\/agenciainfra.com\/blog\/?p=18491"},"modified":"2024-09-11T14:18:14","modified_gmt":"2024-09-11T17:18:14","slug":"antt-anuncia-reunioes-participativas-para-revisao-quinquenal-da-concessao-da-ponte-rio-niteroi","status":"publish","type":"post","link":"https:\/\/agenciainfra.com\/blog\/antt-anuncia-reunioes-participativas-para-revisao-quinquenal-da-concessao-da-ponte-rio-niteroi\/","title":{"rendered":"ANTT anuncia reuni\u00f5es participativas para revis\u00e3o quinquenal da concess\u00e3o da Ponte Rio-Niter\u00f3i"},"content":{"rendered":"\n<p class=\"has-text-align-right\"><strong>da Ag\u00eancia iNFRA<\/strong><\/p>\n\n\n\n<p>A ANTT (Ag\u00eancia Nacional de Transportes Terrestres) anunciou na \u00faltima segunda-feira (9) que vai realizar, nos dias 17 e 18 de setembro, reuni\u00f5es participativas para atualizar o contrato de concess\u00e3o da Ponte Rio-Niter\u00f3i, atualmente administrada pela Ecoponte, em seu processo de revis\u00e3o quinquenal.<\/p>\n\n\n\n<p>Por meio desses encontros, a serem realizados das 14h \u00e0s 17h, em Niter\u00f3i (dia 17) e no Rio de Janeiro (dia 18), a ag\u00eancia vai colher contribui\u00e7\u00f5es sobre as necessidades de altera\u00e7\u00f5es contratuais identificadas na concess\u00e3o da ponte, que tem 13,2 quil\u00f4metros e integra a BR-101\/RJ. Essa fase precede a etapa de revis\u00e3o e poss\u00edveis ajustes do contrato com a concession\u00e1ria.<\/p>\n\n\n\n<p>A partir da&nbsp;<a href=\"https:\/\/agenciainfra.us14.list-manage.com\/track\/click?u=d460dd1bcf9ba0ae040e1fc0f&amp;id=1b814ee884&amp;e=55b7a27fc9\" rel=\"noreferrer noopener\" target=\"_blank\">Resolu\u00e7\u00e3o 6.032<\/a>, de dezembro de 2023, a ANTT iniciou processo de revis\u00e3o das necessidades do contrato para que, assim, a gest\u00e3o da rodovia passasse a atender demandas atuais de seguran\u00e7a, efici\u00eancia e sustentabilidade.<\/p>\n\n\n\n<p>Entre as altera\u00e7\u00f5es e investimentos propostos na revis\u00e3o do contrato, a ag\u00eancia destaca as seguintes interven\u00e7\u00f5es: adequa\u00e7\u00f5es de seguran\u00e7a vi\u00e1ria, com instala\u00e7\u00e3o de grades de prote\u00e7\u00e3o, alambrados e barreiras de concreto para evitar suic\u00eddios e minimizar impactos de acidentes; infraestrutura adicional, com obras de adequa\u00e7\u00e3o de pontos de \u00f4nibus e faixas adicionais em trechos cr\u00edticos da rodovia; monitoramento e tecnologia a partir da implementa\u00e7\u00e3o de sistema de monitoramento em tempo real e a poss\u00edvel ado\u00e7\u00e3o do sistema free flow (cobran\u00e7a eletr\u00f4nica de ped\u00e1gio).<\/p>\n\n\n\n<p>Tamb\u00e9m est\u00e3o previstas mudan\u00e7as sobre ajustes tarif\u00e1rios, por meio de estudo para concess\u00e3o de desconto na tarifa para os usu\u00e1rios que utilizam a pista autom\u00e1tica (AVI), e melhoria na conectividade para garantia de sinal de telefonia em toda a extens\u00e3o da rodovia.<\/p>\n\n\n\n<p>A Ecoponte assinou em maio de 2015 o contrato que permite a concess\u00e3o da ponte por 30 anos, mas a concess\u00e3o teve in\u00edcio, de fato, em junho de 2016, quando passou a ser realizada a cobran\u00e7a da tarifa de ped\u00e1gio. As contribui\u00e7\u00f5es por escrito devem ser enviadas \u00e0 ANTT at\u00e9 30 de setembro, \u00e0s 18h, por meio do e-mail&nbsp;<a href=\"mailto:rp013_2024@antt.gov.br\" rel=\"noreferrer noopener\" target=\"_blank\">rp013_2024@antt.gov.br<\/a>.<\/p>\n","protected":false},"excerpt":{"rendered":"<p>da Ag\u00eancia iNFRA A ANTT (Ag\u00eancia Nacional de Transportes Terrestres) anunciou na \u00faltima segunda-feira (9) que vai realizar, nos dias 17 e 18 de setembro, reuni\u00f5es participativas para atualizar o contrato de concess\u00e3o da Ponte Rio-Niter\u00f3i, atualmente administrada pela Ecoponte, em seu processo de revis\u00e3o quinquenal. Por meio desses encontros, a serem realizados das 14h [&hellip;]<\/p>\n","protected":false},"author":1,"featured_media":7209,"comment_status":"closed","ping_status":"closed","sticky":false,"template":"","format":"standard","meta":{"_monsterinsights_skip_tracking":false,"_monsterinsights_sitenote_active":false,"_monsterinsights_sitenote_note":"","_monsterinsights_sitenote_category":0,"footnotes":""},"categories":[7250,1,7],"tags":[19,4995,22,1863,1106,32,1860,11456,8755,11404,578,126,70],"class_list":["post-18491","post","type-post","status-publish","format-standard","has-post-thumbnail","hentry","category-destaque-lista","category-geral","category-infratransporte","tag-antt","tag-br-101-rj","tag-concessao","tag-ecoponte","tag-free-flow","tag-investimentos","tag-ponte-rio-niteroi","tag-resolucao-6-032","tag-reuniao-participativa","tag-revisao-contratual","tag-revisao-quinquenal","tag-rodovias","tag-transportes"],"yoast_head":"<!-- This site is optimized with the Yoast SEO Premium plugin v25.4 (Yoast SEO v26.0) - https:\/\/yoast.com\/wordpress\/plugins\/seo\/ -->\n<title>ANTT anuncia reuni\u00f5es participativas para revis\u00e3o quinquenal da concess\u00e3o da Ponte Rio-Niter\u00f3i - Ag\u00eancia iNFRA<\/title>\n<meta name=\"robots\" content=\"index, follow, max-snippet:-1, max-image-preview:large, max-video-preview:-1\" \/>\n<link rel=\"canonical\" href=\"https:\/\/agenciainfra.com\/blog\/antt-anuncia-reunioes-participativas-para-revisao-quinquenal-da-concessao-da-ponte-rio-niteroi\/\" \/>\n<meta property=\"og:locale\" content=\"pt_BR\" \/>\n<meta property=\"og:type\" content=\"article\" \/>\n<meta property=\"og:title\" content=\"ANTT anuncia reuni\u00f5es participativas para revis\u00e3o quinquenal da concess\u00e3o da Ponte Rio-Niter\u00f3i\" \/>\n<meta property=\"og:description\" content=\"da Ag\u00eancia iNFRA A ANTT (Ag\u00eancia Nacional de Transportes Terrestres) anunciou na \u00faltima segunda-feira (9) que vai realizar, nos dias 17 e 18 de setembro, reuni\u00f5es participativas para atualizar o contrato de concess\u00e3o da Ponte Rio-Niter\u00f3i, atualmente administrada pela Ecoponte, em seu processo de revis\u00e3o quinquenal. Por meio desses encontros, a serem realizados das 14h [&hellip;]\" \/>\n<meta property=\"og:url\" content=\"https:\/\/agenciainfra.com\/blog\/antt-anuncia-reunioes-participativas-para-revisao-quinquenal-da-concessao-da-ponte-rio-niteroi\/\" \/>\n<meta property=\"og:site_name\" content=\"Ag\u00eancia iNFRA\" \/>\n<meta property=\"article:publisher\" content=\"https:\/\/www.facebook.com\/ageninfra\" \/>\n<meta property=\"article:published_time\" content=\"2024-09-11T11:00:00+00:00\" \/>\n<meta property=\"article:modified_time\" content=\"2024-09-11T17:18:14+00:00\" \/>\n<meta property=\"og:image\" content=\"https:\/\/agenciainfra.com\/blog\/wp-content\/uploads\/2021\/05\/ponte-rio-niteroi-foto-antt.png\" \/>\n\t<meta property=\"og:image:width\" content=\"1280\" \/>\n\t<meta property=\"og:image:height\" content=\"851\" \/>\n\t<meta property=\"og:image:type\" content=\"image\/png\" \/>\n<meta name=\"author\" content=\"Ag\u00eancia iNFRA\" \/>\n<meta name=\"twitter:card\" content=\"summary_large_image\" \/>\n<meta name=\"twitter:creator\" content=\"@agencia_infra\" \/>\n<meta name=\"twitter:site\" content=\"@agencia_infra\" \/>\n<meta name=\"twitter:label1\" content=\"Escrito por\" \/>\n\t<meta name=\"twitter:data1\" content=\"Ag\u00eancia iNFRA\" \/>\n\t<meta name=\"twitter:label2\" content=\"Est. tempo de leitura\" \/>\n\t<meta name=\"twitter:data2\" content=\"2 minutos\" \/>\n<script type=\"application\/ld+json\" class=\"yoast-schema-graph\">{\"@context\":\"https:\/\/schema.org\",\"@graph\":[{\"@type\":\"Article\",\"@id\":\"https:\/\/agenciainfra.com\/blog\/antt-anuncia-reunioes-participativas-para-revisao-quinquenal-da-concessao-da-ponte-rio-niteroi\/#article\",\"isPartOf\":{\"@id\":\"https:\/\/agenciainfra.com\/blog\/antt-anuncia-reunioes-participativas-para-revisao-quinquenal-da-concessao-da-ponte-rio-niteroi\/\"},\"author\":{\"name\":\"Ag\u00eancia iNFRA\",\"@id\":\"https:\/\/agenciainfra.com\/blog\/#\/schema\/person\/34af08dff6adea4cb22b06612ba7acfa\"},\"headline\":\"ANTT anuncia reuni\u00f5es participativas para revis\u00e3o quinquenal da concess\u00e3o da Ponte Rio-Niter\u00f3i\",\"datePublished\":\"2024-09-11T11:00:00+00:00\",\"dateModified\":\"2024-09-11T17:18:14+00:00\",\"mainEntityOfPage\":{\"@id\":\"https:\/\/agenciainfra.com\/blog\/antt-anuncia-reunioes-participativas-para-revisao-quinquenal-da-concessao-da-ponte-rio-niteroi\/\"},\"wordCount\":389,\"publisher\":{\"@id\":\"https:\/\/agenciainfra.com\/blog\/#organization\"},\"image\":{\"@id\":\"https:\/\/agenciainfra.com\/blog\/antt-anuncia-reunioes-participativas-para-revisao-quinquenal-da-concessao-da-ponte-rio-niteroi\/#primaryimage\"},\"thumbnailUrl\":\"https:\/\/agenciainfra.com\/blog\/wp-content\/uploads\/2021\/05\/ponte-rio-niteroi-foto-antt-e1750774467182.png\",\"keywords\":[\"ANTT\",\"BR-101\/RJ\",\"Concess\u00e3o\",\"Ecoponte\",\"free flow\",\"Investimentos\",\"ponte Rio-Niter\u00f3i\",\"Resolu\u00e7\u00e3o 6.032\",\"Reuni\u00e3o Participativa\",\"revis\u00e3o contratual\",\"revis\u00e3o quinquenal\",\"rodovias\",\"transportes\"],\"articleSection\":[\"Destaque lista\",\"Geral\",\"iNFRATransporte\"],\"inLanguage\":\"pt-BR\",\"copyrightYear\":\"2024\",\"copyrightHolder\":{\"@id\":\"https:\/\/agenciainfra.com\/blog\/#organization\"}},{\"@type\":\"WebPage\",\"@id\":\"https:\/\/agenciainfra.com\/blog\/antt-anuncia-reunioes-participativas-para-revisao-quinquenal-da-concessao-da-ponte-rio-niteroi\/\",\"url\":\"https:\/\/agenciainfra.com\/blog\/antt-anuncia-reunioes-participativas-para-revisao-quinquenal-da-concessao-da-ponte-rio-niteroi\/\",\"name\":\"ANTT anuncia reuni\u00f5es participativas para revis\u00e3o quinquenal da concess\u00e3o da Ponte Rio-Niter\u00f3i - Ag\u00eancia iNFRA\",\"isPartOf\":{\"@id\":\"https:\/\/agenciainfra.com\/blog\/#website\"},\"primaryImageOfPage\":{\"@id\":\"https:\/\/agenciainfra.com\/blog\/antt-anuncia-reunioes-participativas-para-revisao-quinquenal-da-concessao-da-ponte-rio-niteroi\/#primaryimage\"},\"image\":{\"@id\":\"https:\/\/agenciainfra.com\/blog\/antt-anuncia-reunioes-participativas-para-revisao-quinquenal-da-concessao-da-ponte-rio-niteroi\/#primaryimage\"},\"thumbnailUrl\":\"https:\/\/agenciainfra.com\/blog\/wp-content\/uploads\/2021\/05\/ponte-rio-niteroi-foto-antt-e1750774467182.png\",\"datePublished\":\"2024-09-11T11:00:00+00:00\",\"dateModified\":\"2024-09-11T17:18:14+00:00\",\"breadcrumb\":{\"@id\":\"https:\/\/agenciainfra.com\/blog\/antt-anuncia-reunioes-participativas-para-revisao-quinquenal-da-concessao-da-ponte-rio-niteroi\/#breadcrumb\"},\"inLanguage\":\"pt-BR\",\"potentialAction\":[{\"@type\":\"ReadAction\",\"target\":[\"https:\/\/agenciainfra.com\/blog\/antt-anuncia-reunioes-participativas-para-revisao-quinquenal-da-concessao-da-ponte-rio-niteroi\/\"]}]},{\"@type\":\"ImageObject\",\"inLanguage\":\"pt-BR\",\"@id\":\"https:\/\/agenciainfra.com\/blog\/antt-anuncia-reunioes-participativas-para-revisao-quinquenal-da-concessao-da-ponte-rio-niteroi\/#primaryimage\",\"url\":\"https:\/\/agenciainfra.com\/blog\/wp-content\/uploads\/2021\/05\/ponte-rio-niteroi-foto-antt-e1750774467182.png\",\"contentUrl\":\"https:\/\/agenciainfra.com\/blog\/wp-content\/uploads\/2021\/05\/ponte-rio-niteroi-foto-antt-e1750774467182.png\",\"width\":1280,\"height\":777},{\"@type\":\"BreadcrumbList\",\"@id\":\"https:\/\/agenciainfra.com\/blog\/antt-anuncia-reunioes-participativas-para-revisao-quinquenal-da-concessao-da-ponte-rio-niteroi\/#breadcrumb\",\"itemListElement\":[{\"@type\":\"ListItem\",\"position\":1,\"name\":\"In\u00edcio\",\"item\":\"https:\/\/agenciainfra.com\/blog\/\"},{\"@type\":\"ListItem\",\"position\":2,\"name\":\"ANTT anuncia reuni\u00f5es participativas para revis\u00e3o quinquenal da concess\u00e3o da Ponte Rio-Niter\u00f3i\"}]},{\"@type\":\"WebSite\",\"@id\":\"https:\/\/agenciainfra.com\/blog\/#website\",\"url\":\"https:\/\/agenciainfra.com\/blog\/\",\"name\":\"Ag\u00eancia iNFRA\",\"description\":\"Multiplataforma de informa\u00e7\u00e3o jornal\u00edstica refer\u00eancia na \u00e1rea de infraestrutura no Brasil!\",\"publisher\":{\"@id\":\"https:\/\/agenciainfra.com\/blog\/#organization\"},\"potentialAction\":[{\"@type\":\"SearchAction\",\"target\":{\"@type\":\"EntryPoint\",\"urlTemplate\":\"https:\/\/agenciainfra.com\/blog\/?s={search_term_string}\"},\"query-input\":{\"@type\":\"PropertyValueSpecification\",\"valueRequired\":true,\"valueName\":\"search_term_string\"}}],\"inLanguage\":\"pt-BR\"},{\"@type\":\"Organization\",\"@id\":\"https:\/\/agenciainfra.com\/blog\/#organization\",\"name\":\"Ag\u00eancia iNFRA\",\"url\":\"https:\/\/agenciainfra.com\/blog\/\",\"logo\":{\"@type\":\"ImageObject\",\"inLanguage\":\"pt-BR\",\"@id\":\"https:\/\/agenciainfra.com\/blog\/#\/schema\/logo\/image\/\",\"url\":\"https:\/\/agenciainfra.com\/blog\/wp-content\/uploads\/2023\/09\/iNFRA_5-e1761735885940.png\",\"contentUrl\":\"https:\/\/agenciainfra.com\/blog\/wp-content\/uploads\/2023\/09\/iNFRA_5-e1761735885940.png\",\"width\":1672,\"height\":454,\"caption\":\"Ag\u00eancia iNFRA\"},\"image\":{\"@id\":\"https:\/\/agenciainfra.com\/blog\/#\/schema\/logo\/image\/\"},\"sameAs\":[\"https:\/\/www.facebook.com\/ageninfra\",\"https:\/\/x.com\/agencia_infra\",\"https:\/\/www.linkedin.com\/company\/ag\u00eanciainfra\/\",\"https:\/\/www.instagram.com\/agenciainfra\/\"]},{\"@type\":\"Person\",\"@id\":\"https:\/\/agenciainfra.com\/blog\/#\/schema\/person\/34af08dff6adea4cb22b06612ba7acfa\",\"name\":\"Ag\u00eancia iNFRA\",\"image\":{\"@type\":\"ImageObject\",\"inLanguage\":\"pt-BR\",\"@id\":\"https:\/\/agenciainfra.com\/blog\/#\/schema\/person\/image\/\",\"url\":\"https:\/\/secure.gravatar.com\/avatar\/d189e01678f06d8eb84d4e01f08eb848b3fffe3f8443818d3c356c66892f5be8?s=96&d=mm&r=g\",\"contentUrl\":\"https:\/\/secure.gravatar.com\/avatar\/d189e01678f06d8eb84d4e01f08eb848b3fffe3f8443818d3c356c66892f5be8?s=96&d=mm&r=g\",\"caption\":\"Ag\u00eancia iNFRA\"},\"url\":\"https:\/\/agenciainfra.com\/blog\/author\/admin\/\"}]}<\/script>\n<!-- \/ Yoast SEO Premium plugin. -->","yoast_head_json":{"title":"ANTT anuncia reuni\u00f5es participativas para revis\u00e3o quinquenal da concess\u00e3o da Ponte Rio-Niter\u00f3i - Ag\u00eancia iNFRA","robots":{"index":"index","follow":"follow","max-snippet":"max-snippet:-1","max-image-preview":"max-image-preview:large","max-video-preview":"max-video-preview:-1"},"canonical":"https:\/\/agenciainfra.com\/blog\/antt-anuncia-reunioes-participativas-para-revisao-quinquenal-da-concessao-da-ponte-rio-niteroi\/","og_locale":"pt_BR","og_type":"article","og_title":"ANTT anuncia reuni\u00f5es participativas para revis\u00e3o quinquenal da concess\u00e3o da Ponte Rio-Niter\u00f3i","og_description":"da Ag\u00eancia iNFRA A ANTT (Ag\u00eancia Nacional de Transportes Terrestres) anunciou na \u00faltima segunda-feira (9) que vai realizar, nos dias 17 e 18 de setembro, reuni\u00f5es participativas para atualizar o contrato de concess\u00e3o da Ponte Rio-Niter\u00f3i, atualmente administrada pela Ecoponte, em seu processo de revis\u00e3o quinquenal. Por meio desses encontros, a serem realizados das 14h [&hellip;]","og_url":"https:\/\/agenciainfra.com\/blog\/antt-anuncia-reunioes-participativas-para-revisao-quinquenal-da-concessao-da-ponte-rio-niteroi\/","og_site_name":"Ag\u00eancia iNFRA","article_publisher":"https:\/\/www.facebook.com\/ageninfra","article_published_time":"2024-09-11T11:00:00+00:00","article_modified_time":"2024-09-11T17:18:14+00:00","og_image":[{"width":1280,"height":851,"url":"https:\/\/agenciainfra.com\/blog\/wp-content\/uploads\/2021\/05\/ponte-rio-niteroi-foto-antt.png","type":"image\/png"}],"author":"Ag\u00eancia iNFRA","twitter_card":"summary_large_image","twitter_creator":"@agencia_infra","twitter_site":"@agencia_infra","twitter_misc":{"Escrito por":"Ag\u00eancia iNFRA","Est. tempo de leitura":"2 minutos"},"schema":{"@context":"https:\/\/schema.org","@graph":[{"@type":"Article","@id":"https:\/\/agenciainfra.com\/blog\/antt-anuncia-reunioes-participativas-para-revisao-quinquenal-da-concessao-da-ponte-rio-niteroi\/#article","isPartOf":{"@id":"https:\/\/agenciainfra.com\/blog\/antt-anuncia-reunioes-participativas-para-revisao-quinquenal-da-concessao-da-ponte-rio-niteroi\/"},"author":{"name":"Ag\u00eancia iNFRA","@id":"https:\/\/agenciainfra.com\/blog\/#\/schema\/person\/34af08dff6adea4cb22b06612ba7acfa"},"headline":"ANTT anuncia reuni\u00f5es participativas para revis\u00e3o quinquenal da concess\u00e3o da Ponte Rio-Niter\u00f3i","datePublished":"2024-09-11T11:00:00+00:00","dateModified":"2024-09-11T17:18:14+00:00","mainEntityOfPage":{"@id":"https:\/\/agenciainfra.com\/blog\/antt-anuncia-reunioes-participativas-para-revisao-quinquenal-da-concessao-da-ponte-rio-niteroi\/"},"wordCount":389,"publisher":{"@id":"https:\/\/agenciainfra.com\/blog\/#organization"},"image":{"@id":"https:\/\/agenciainfra.com\/blog\/antt-anuncia-reunioes-participativas-para-revisao-quinquenal-da-concessao-da-ponte-rio-niteroi\/#primaryimage"},"thumbnailUrl":"https:\/\/agenciainfra.com\/blog\/wp-content\/uploads\/2021\/05\/ponte-rio-niteroi-foto-antt-e1750774467182.png","keywords":["ANTT","BR-101\/RJ","Concess\u00e3o","Ecoponte","free flow","Investimentos","ponte Rio-Niter\u00f3i","Resolu\u00e7\u00e3o 6.032","Reuni\u00e3o Participativa","revis\u00e3o contratual","revis\u00e3o quinquenal","rodovias","transportes"],"articleSection":["Destaque lista","Geral","iNFRATransporte"],"inLanguage":"pt-BR","copyrightYear":"2024","copyrightHolder":{"@id":"https:\/\/agenciainfra.com\/blog\/#organization"}},{"@type":"WebPage","@id":"https:\/\/agenciainfra.com\/blog\/antt-anuncia-reunioes-participativas-para-revisao-quinquenal-da-concessao-da-ponte-rio-niteroi\/","url":"https:\/\/agenciainfra.com\/blog\/antt-anuncia-reunioes-participativas-para-revisao-quinquenal-da-concessao-da-ponte-rio-niteroi\/","name":"ANTT anuncia reuni\u00f5es participativas para revis\u00e3o quinquenal da concess\u00e3o da Ponte Rio-Niter\u00f3i - Ag\u00eancia iNFRA","isPartOf":{"@id":"https:\/\/agenciainfra.com\/blog\/#website"},"primaryImageOfPage":{"@id":"https:\/\/agenciainfra.com\/blog\/antt-anuncia-reunioes-participativas-para-revisao-quinquenal-da-concessao-da-ponte-rio-niteroi\/#primaryimage"},"image":{"@id":"https:\/\/agenciainfra.com\/blog\/antt-anuncia-reunioes-participativas-para-revisao-quinquenal-da-concessao-da-ponte-rio-niteroi\/#primaryimage"},"thumbnailUrl":"https:\/\/agenciainfra.com\/blog\/wp-content\/uploads\/2021\/05\/ponte-rio-niteroi-foto-antt-e1750774467182.png","datePublished":"2024-09-11T11:00:00+00:00","dateModified":"2024-09-11T17:18:14+00:00","breadcrumb":{"@id":"https:\/\/agenciainfra.com\/blog\/antt-anuncia-reunioes-participativas-para-revisao-quinquenal-da-concessao-da-ponte-rio-niteroi\/#breadcrumb"},"inLanguage":"pt-BR","potentialAction":[{"@type":"ReadAction","target":["https:\/\/agenciainfra.com\/blog\/antt-anuncia-reunioes-participativas-para-revisao-quinquenal-da-concessao-da-ponte-rio-niteroi\/"]}]},{"@type":"ImageObject","inLanguage":"pt-BR","@id":"https:\/\/agenciainfra.com\/blog\/antt-anuncia-reunioes-participativas-para-revisao-quinquenal-da-concessao-da-ponte-rio-niteroi\/#primaryimage","url":"https:\/\/agenciainfra.com\/blog\/wp-content\/uploads\/2021\/05\/ponte-rio-niteroi-foto-antt-e1750774467182.png","contentUrl":"https:\/\/agenciainfra.com\/blog\/wp-content\/uploads\/2021\/05\/ponte-rio-niteroi-foto-antt-e1750774467182.png","width":1280,"height":777},{"@type":"BreadcrumbList","@id":"https:\/\/agenciainfra.com\/blog\/antt-anuncia-reunioes-participativas-para-revisao-quinquenal-da-concessao-da-ponte-rio-niteroi\/#breadcrumb","itemListElement":[{"@type":"ListItem","position":1,"name":"In\u00edcio","item":"https:\/\/agenciainfra.com\/blog\/"},{"@type":"ListItem","position":2,"name":"ANTT anuncia reuni\u00f5es participativas para revis\u00e3o quinquenal da concess\u00e3o da Ponte Rio-Niter\u00f3i"}]},{"@type":"WebSite","@id":"https:\/\/agenciainfra.com\/blog\/#website","url":"https:\/\/agenciainfra.com\/blog\/","name":"Ag\u00eancia iNFRA","description":"Multiplataforma de informa\u00e7\u00e3o jornal\u00edstica refer\u00eancia na \u00e1rea de infraestrutura no Brasil!","publisher":{"@id":"https:\/\/agenciainfra.com\/blog\/#organization"},"potentialAction":[{"@type":"SearchAction","target":{"@type":"EntryPoint","urlTemplate":"https:\/\/agenciainfra.com\/blog\/?s={search_term_string}"},"query-input":{"@type":"PropertyValueSpecification","valueRequired":true,"valueName":"search_term_string"}}],"inLanguage":"pt-BR"},{"@type":"Organization","@id":"https:\/\/agenciainfra.com\/blog\/#organization","name":"Ag\u00eancia iNFRA","url":"https:\/\/agenciainfra.com\/blog\/","logo":{"@type":"ImageObject","inLanguage":"pt-BR","@id":"https:\/\/agenciainfra.com\/blog\/#\/schema\/logo\/image\/","url":"https:\/\/agenciainfra.com\/blog\/wp-content\/uploads\/2023\/09\/iNFRA_5-e1761735885940.png","contentUrl":"https:\/\/agenciainfra.com\/blog\/wp-content\/uploads\/2023\/09\/iNFRA_5-e1761735885940.png","width":1672,"height":454,"caption":"Ag\u00eancia iNFRA"},"image":{"@id":"https:\/\/agenciainfra.com\/blog\/#\/schema\/logo\/image\/"},"sameAs":["https:\/\/www.facebook.com\/ageninfra","https:\/\/x.com\/agencia_infra","https:\/\/www.linkedin.com\/company\/ag\u00eanciainfra\/","https:\/\/www.instagram.com\/agenciainfra\/"]},{"@type":"Person","@id":"https:\/\/agenciainfra.com\/blog\/#\/schema\/person\/34af08dff6adea4cb22b06612ba7acfa","name":"Ag\u00eancia iNFRA","image":{"@type":"ImageObject","inLanguage":"pt-BR","@id":"https:\/\/agenciainfra.com\/blog\/#\/schema\/person\/image\/","url":"https:\/\/secure.gravatar.com\/avatar\/d189e01678f06d8eb84d4e01f08eb848b3fffe3f8443818d3c356c66892f5be8?s=96&d=mm&r=g","contentUrl":"https:\/\/secure.gravatar.com\/avatar\/d189e01678f06d8eb84d4e01f08eb848b3fffe3f8443818d3c356c66892f5be8?s=96&d=mm&r=g","caption":"Ag\u00eancia iNFRA"},"url":"https:\/\/agenciainfra.com\/blog\/author\/admin\/"}]}},"_links":{"self":[{"href":"https:\/\/agenciainfra.com\/blog\/wp-json\/wp\/v2\/posts\/18491","targetHints":{"allow":["GET"]}}],"collection":[{"href":"https:\/\/agenciainfra.com\/blog\/wp-json\/wp\/v2\/posts"}],"about":[{"href":"https:\/\/agenciainfra.com\/blog\/wp-json\/wp\/v2\/types\/post"}],"author":[{"embeddable":true,"href":"https:\/\/agenciainfra.com\/blog\/wp-json\/wp\/v2\/users\/1"}],"replies":[{"embeddable":true,"href":"https:\/\/agenciainfra.com\/blog\/wp-json\/wp\/v2\/comments?post=18491"}],"version-history":[{"count":1,"href":"https:\/\/agenciainfra.com\/blog\/wp-json\/wp\/v2\/posts\/18491\/revisions"}],"predecessor-version":[{"id":18492,"href":"https:\/\/agenciainfra.com\/blog\/wp-json\/wp\/v2\/posts\/18491\/revisions\/18492"}],"wp:featuredmedia":[{"embeddable":true,"href":"https:\/\/agenciainfra.com\/blog\/wp-json\/wp\/v2\/media\/7209"}],"wp:attachment":[{"href":"https:\/\/agenciainfra.com\/blog\/wp-json\/wp\/v2\/media?parent=18491"}],"wp:term":[{"taxonomy":"category","embeddable":true,"href":"https:\/\/agenciainfra.com\/blog\/wp-json\/wp\/v2\/categories?post=18491"},{"taxonomy":"post_tag","embeddable":true,"href":"https:\/\/agenciainfra.com\/blog\/wp-json\/wp\/v2\/tags?post=18491"}],"curies":[{"name":"wp","href":"https:\/\/api.w.org\/{rel}","templated":true}]}}