{"id":18518,"date":"2024-09-12T11:00:00","date_gmt":"2024-09-12T14:00:00","guid":{"rendered":"https:\/\/agenciainfra.com\/blog\/?p=18518"},"modified":"2024-09-12T09:29:11","modified_gmt":"2024-09-12T12:29:11","slug":"tcu-aponta-falhas-em-abertura-de-mercado-de-energia-e-pede-plano-de-acao-ao-mme-e-aneel","status":"publish","type":"post","link":"https:\/\/agenciainfra.com\/blog\/tcu-aponta-falhas-em-abertura-de-mercado-de-energia-e-pede-plano-de-acao-ao-mme-e-aneel\/","title":{"rendered":"TCU aponta falhas em abertura de mercado de energia e pede plano de a\u00e7\u00e3o ao MME e ANEEL"},"content":{"rendered":"\n<p class=\"has-text-align-right\"><strong>da&nbsp;Ag\u00eancia iNFRA<\/strong><\/p>\n\n\n\n<p>Auditoria do TCU (Tribunal de Contas da Uni\u00e3o) sobre o processo de abertura gradual do mercado de energia el\u00e9trica indicou uma s\u00e9rie de fragilidades e riscos sist\u00eamicos identificados por stakeholders do setor, que precisam de tratamento. O tema, que tem como relator o ministro Antonio Anastasia,\u00a0foi deliberado pelo plen\u00e1rio da Corte de Contas nesta quarta-feira (11).<br><br>Na decis\u00e3o, o \u00f3rg\u00e3o fiscalizador determinou que o MME (Minist\u00e9rio de Minas e Energia) e a ANEEL (Ag\u00eancia Nacional de Energia El\u00e9trica) elaborem conjuntamente um plano de a\u00e7\u00e3o para adotar as medidas cab\u00edveis para atender \u00e0s lacunas apontadas pela AudEl\u00e9trica (Unidade de Auditoria Especializada em Energia El\u00e9trica e Nuclear). De acordo com os resultados da auditoria, as falhas encontradas poderiam levar \u00e0 concentra\u00e7\u00e3o de mercado e, consequentemente, redu\u00e7\u00e3o na\u00a0competi\u00e7\u00e3o e aumento dos pre\u00e7os.<br><br><strong>Fragilidades<\/strong><br>Entre as fragilidades destacadas, est\u00e3o a aus\u00eancia de uma sistem\u00e1tica de avalia\u00e7\u00e3o dos resultados das a\u00e7\u00f5es tomadas no processo de abertura de mercado; e a falta de\u00a0tratamento pr\u00e9vio de temas relevantes para a abertura do mercado, no \u00e2mbito da an\u00e1lise t\u00e9cnica que resultou na\u00a0<a href=\"https:\/\/agenciainfra.us14.list-manage.com\/track\/click?u=d460dd1bcf9ba0ae040e1fc0f&amp;id=396295fa95&amp;e=de74d75805\" target=\"_blank\" rel=\"noreferrer noopener\">Portaria MME 50\/2022<\/a>\u00a0e na fundamenta\u00e7\u00e3o da dispensa de AIR (An\u00e1lise de Impacto Regulat\u00f3rio).<br><br>O relat\u00f3rio tamb\u00e9m apontou\u00a0demora no aperfei\u00e7oamento regulat\u00f3rio da comercializa\u00e7\u00e3o varejista para permitir a migra\u00e7\u00e3o para o ACL; e fragilidades no tratamento dos riscos relevantes para a competi\u00e7\u00e3o e a efici\u00eancia de mercado na comercializa\u00e7\u00e3o varejista, al\u00e9m da prote\u00e7\u00e3o aos consumidores e tratamento de seus dados.<\/p>\n\n\n\n<p><strong>Metodologia de avalia\u00e7\u00e3o<\/strong><br>Al\u00e9m de determinar a elabora\u00e7\u00e3o de um plano de a\u00e7\u00e3o, o ac\u00f3rd\u00e3o do TCU recomenda ao MME que apresente de forma mais expl\u00edcita os objetivos da pol\u00edtica de abertura do mercado de energia el\u00e9trica; a avalia\u00e7\u00e3o dos resultados e impactos da\u00a0<a href=\"https:\/\/agenciainfra.us14.list-manage.com\/track\/click?u=d460dd1bcf9ba0ae040e1fc0f&amp;id=865bfcf5e2&amp;e=de74d75805\" target=\"_blank\" rel=\"noreferrer noopener\">Portaria MME 514\/2018<\/a>\u00a0(sobre limites de carga) e\u00a0<a href=\"https:\/\/agenciainfra.us14.list-manage.com\/track\/click?u=d460dd1bcf9ba0ae040e1fc0f&amp;id=f5aca68343&amp;e=de74d75805\" target=\"_blank\" rel=\"noreferrer noopener\">465\/2019<\/a>\u00a0(possibilidades de livre contrata\u00e7\u00e3o de energia el\u00e9trica); e a metodologia de avalia\u00e7\u00e3o de resultados da Portaria MME 50\/2022.<br><br>A abertura do mercado teve in\u00edcio em 1\u00ba de janeiro deste ano, em uma primeira etapa na qual foi autorizada a migra\u00e7\u00e3o de consumidores do Grupo A com demanda inferior a 500 kW\u00a0ao ACL (Ambiente de Contrata\u00e7\u00e3o Livre).<\/p>\n","protected":false},"excerpt":{"rendered":"<p>da&nbsp;Ag\u00eancia iNFRA Auditoria do TCU (Tribunal de Contas da Uni\u00e3o) sobre o processo de abertura gradual do mercado de energia el\u00e9trica indicou uma s\u00e9rie de fragilidades e riscos sist\u00eamicos identificados por stakeholders do setor, que precisam de tratamento. O tema, que tem como relator o ministro Antonio Anastasia,\u00a0foi deliberado pelo plen\u00e1rio da Corte de Contas [&hellip;]<\/p>\n","protected":false},"author":1,"featured_media":11189,"comment_status":"closed","ping_status":"closed","sticky":false,"template":"","format":"standard","meta":{"_monsterinsights_skip_tracking":false,"_monsterinsights_sitenote_active":false,"_monsterinsights_sitenote_note":"","_monsterinsights_sitenote_category":0,"footnotes":""},"categories":[7250,1,10],"tags":[2428,53,3252,7705,6122,71,18],"class_list":["post-18518","post","type-post","status-publish","format-standard","has-post-thumbnail","hentry","category-destaque-lista","category-geral","category-infraenergia","tag-acl","tag-aneel","tag-antonio-anastasia","tag-audeletrica","tag-mercado-livre-de-enerfia","tag-mme","tag-tcu"],"yoast_head":"<!-- This site is optimized with the Yoast SEO Premium plugin v25.4 (Yoast SEO v26.0) - https:\/\/yoast.com\/wordpress\/plugins\/seo\/ -->\n<title>TCU aponta falhas em abertura de mercado de energia e pede plano de a\u00e7\u00e3o ao MME e ANEEL - Ag\u00eancia iNFRA<\/title>\n<meta name=\"robots\" content=\"index, follow, max-snippet:-1, max-image-preview:large, max-video-preview:-1\" \/>\n<link rel=\"canonical\" href=\"https:\/\/agenciainfra.com\/blog\/tcu-aponta-falhas-em-abertura-de-mercado-de-energia-e-pede-plano-de-acao-ao-mme-e-aneel\/\" \/>\n<meta property=\"og:locale\" content=\"pt_BR\" \/>\n<meta property=\"og:type\" content=\"article\" \/>\n<meta property=\"og:title\" content=\"TCU aponta falhas em abertura de mercado de energia e pede plano de a\u00e7\u00e3o ao MME e ANEEL\" \/>\n<meta property=\"og:description\" content=\"da&nbsp;Ag\u00eancia iNFRA Auditoria do TCU (Tribunal de Contas da Uni\u00e3o) sobre o processo de abertura gradual do mercado de energia el\u00e9trica indicou uma s\u00e9rie de fragilidades e riscos sist\u00eamicos identificados por stakeholders do setor, que precisam de tratamento. O tema, que tem como relator o ministro Antonio Anastasia,\u00a0foi deliberado pelo plen\u00e1rio da Corte de Contas [&hellip;]\" \/>\n<meta property=\"og:url\" content=\"https:\/\/agenciainfra.com\/blog\/tcu-aponta-falhas-em-abertura-de-mercado-de-energia-e-pede-plano-de-acao-ao-mme-e-aneel\/\" \/>\n<meta property=\"og:site_name\" content=\"Ag\u00eancia iNFRA\" \/>\n<meta property=\"article:publisher\" content=\"https:\/\/www.facebook.com\/ageninfra\" \/>\n<meta property=\"article:published_time\" content=\"2024-09-12T14:00:00+00:00\" \/>\n<meta property=\"og:image\" content=\"https:\/\/agenciainfra.com\/blog\/wp-content\/uploads\/2022\/08\/antonio-anastasia-foto-tcu.jpeg\" \/>\n\t<meta property=\"og:image:width\" content=\"1280\" \/>\n\t<meta property=\"og:image:height\" content=\"853\" \/>\n\t<meta property=\"og:image:type\" content=\"image\/jpeg\" \/>\n<meta name=\"author\" content=\"Ag\u00eancia iNFRA\" \/>\n<meta name=\"twitter:card\" content=\"summary_large_image\" \/>\n<meta name=\"twitter:creator\" content=\"@agencia_infra\" \/>\n<meta name=\"twitter:site\" content=\"@agencia_infra\" \/>\n<meta name=\"twitter:label1\" content=\"Escrito por\" \/>\n\t<meta name=\"twitter:data1\" content=\"Ag\u00eancia iNFRA\" \/>\n\t<meta name=\"twitter:label2\" content=\"Est. tempo de leitura\" \/>\n\t<meta name=\"twitter:data2\" content=\"2 minutos\" \/>\n<script type=\"application\/ld+json\" class=\"yoast-schema-graph\">{\"@context\":\"https:\/\/schema.org\",\"@graph\":[{\"@type\":\"Article\",\"@id\":\"https:\/\/agenciainfra.com\/blog\/tcu-aponta-falhas-em-abertura-de-mercado-de-energia-e-pede-plano-de-acao-ao-mme-e-aneel\/#article\",\"isPartOf\":{\"@id\":\"https:\/\/agenciainfra.com\/blog\/tcu-aponta-falhas-em-abertura-de-mercado-de-energia-e-pede-plano-de-acao-ao-mme-e-aneel\/\"},\"author\":{\"name\":\"Ag\u00eancia iNFRA\",\"@id\":\"https:\/\/agenciainfra.com\/blog\/#\/schema\/person\/34af08dff6adea4cb22b06612ba7acfa\"},\"headline\":\"TCU aponta falhas em abertura de mercado de energia e pede plano de a\u00e7\u00e3o ao MME e ANEEL\",\"datePublished\":\"2024-09-12T14:00:00+00:00\",\"mainEntityOfPage\":{\"@id\":\"https:\/\/agenciainfra.com\/blog\/tcu-aponta-falhas-em-abertura-de-mercado-de-energia-e-pede-plano-de-acao-ao-mme-e-aneel\/\"},\"wordCount\":419,\"publisher\":{\"@id\":\"https:\/\/agenciainfra.com\/blog\/#organization\"},\"image\":{\"@id\":\"https:\/\/agenciainfra.com\/blog\/tcu-aponta-falhas-em-abertura-de-mercado-de-energia-e-pede-plano-de-acao-ao-mme-e-aneel\/#primaryimage\"},\"thumbnailUrl\":\"https:\/\/agenciainfra.com\/blog\/wp-content\/uploads\/2022\/08\/antonio-anastasia-foto-tcu.jpeg\",\"keywords\":[\"ACL\",\"ANEEL\",\"Antonio Anastasia\",\"AudEl\u00e9trica\",\"mercado livre de enerfia\",\"MME\",\"TCU\"],\"articleSection\":[\"Destaque lista\",\"Geral\",\"iNFRAEnergia\"],\"inLanguage\":\"pt-BR\",\"copyrightYear\":\"2024\",\"copyrightHolder\":{\"@id\":\"https:\/\/agenciainfra.com\/blog\/#organization\"}},{\"@type\":\"WebPage\",\"@id\":\"https:\/\/agenciainfra.com\/blog\/tcu-aponta-falhas-em-abertura-de-mercado-de-energia-e-pede-plano-de-acao-ao-mme-e-aneel\/\",\"url\":\"https:\/\/agenciainfra.com\/blog\/tcu-aponta-falhas-em-abertura-de-mercado-de-energia-e-pede-plano-de-acao-ao-mme-e-aneel\/\",\"name\":\"TCU aponta falhas em abertura de mercado de energia e pede plano de a\u00e7\u00e3o ao MME e ANEEL - Ag\u00eancia iNFRA\",\"isPartOf\":{\"@id\":\"https:\/\/agenciainfra.com\/blog\/#website\"},\"primaryImageOfPage\":{\"@id\":\"https:\/\/agenciainfra.com\/blog\/tcu-aponta-falhas-em-abertura-de-mercado-de-energia-e-pede-plano-de-acao-ao-mme-e-aneel\/#primaryimage\"},\"image\":{\"@id\":\"https:\/\/agenciainfra.com\/blog\/tcu-aponta-falhas-em-abertura-de-mercado-de-energia-e-pede-plano-de-acao-ao-mme-e-aneel\/#primaryimage\"},\"thumbnailUrl\":\"https:\/\/agenciainfra.com\/blog\/wp-content\/uploads\/2022\/08\/antonio-anastasia-foto-tcu.jpeg\",\"datePublished\":\"2024-09-12T14:00:00+00:00\",\"breadcrumb\":{\"@id\":\"https:\/\/agenciainfra.com\/blog\/tcu-aponta-falhas-em-abertura-de-mercado-de-energia-e-pede-plano-de-acao-ao-mme-e-aneel\/#breadcrumb\"},\"inLanguage\":\"pt-BR\",\"potentialAction\":[{\"@type\":\"ReadAction\",\"target\":[\"https:\/\/agenciainfra.com\/blog\/tcu-aponta-falhas-em-abertura-de-mercado-de-energia-e-pede-plano-de-acao-ao-mme-e-aneel\/\"]}]},{\"@type\":\"ImageObject\",\"inLanguage\":\"pt-BR\",\"@id\":\"https:\/\/agenciainfra.com\/blog\/tcu-aponta-falhas-em-abertura-de-mercado-de-energia-e-pede-plano-de-acao-ao-mme-e-aneel\/#primaryimage\",\"url\":\"https:\/\/agenciainfra.com\/blog\/wp-content\/uploads\/2022\/08\/antonio-anastasia-foto-tcu.jpeg\",\"contentUrl\":\"https:\/\/agenciainfra.com\/blog\/wp-content\/uploads\/2022\/08\/antonio-anastasia-foto-tcu.jpeg\",\"width\":1280,\"height\":853,\"caption\":\"Foto: TCU\"},{\"@type\":\"BreadcrumbList\",\"@id\":\"https:\/\/agenciainfra.com\/blog\/tcu-aponta-falhas-em-abertura-de-mercado-de-energia-e-pede-plano-de-acao-ao-mme-e-aneel\/#breadcrumb\",\"itemListElement\":[{\"@type\":\"ListItem\",\"position\":1,\"name\":\"In\u00edcio\",\"item\":\"https:\/\/agenciainfra.com\/blog\/\"},{\"@type\":\"ListItem\",\"position\":2,\"name\":\"TCU aponta falhas em abertura de mercado de energia e pede plano de a\u00e7\u00e3o ao MME e ANEEL\"}]},{\"@type\":\"WebSite\",\"@id\":\"https:\/\/agenciainfra.com\/blog\/#website\",\"url\":\"https:\/\/agenciainfra.com\/blog\/\",\"name\":\"Ag\u00eancia iNFRA\",\"description\":\"Multiplataforma de informa\u00e7\u00e3o jornal\u00edstica refer\u00eancia na \u00e1rea de infraestrutura no Brasil!\",\"publisher\":{\"@id\":\"https:\/\/agenciainfra.com\/blog\/#organization\"},\"potentialAction\":[{\"@type\":\"SearchAction\",\"target\":{\"@type\":\"EntryPoint\",\"urlTemplate\":\"https:\/\/agenciainfra.com\/blog\/?s={search_term_string}\"},\"query-input\":{\"@type\":\"PropertyValueSpecification\",\"valueRequired\":true,\"valueName\":\"search_term_string\"}}],\"inLanguage\":\"pt-BR\"},{\"@type\":\"Organization\",\"@id\":\"https:\/\/agenciainfra.com\/blog\/#organization\",\"name\":\"Ag\u00eancia iNFRA\",\"url\":\"https:\/\/agenciainfra.com\/blog\/\",\"logo\":{\"@type\":\"ImageObject\",\"inLanguage\":\"pt-BR\",\"@id\":\"https:\/\/agenciainfra.com\/blog\/#\/schema\/logo\/image\/\",\"url\":\"https:\/\/agenciainfra.com\/blog\/wp-content\/uploads\/2023\/09\/iNFRA_5-e1761735885940.png\",\"contentUrl\":\"https:\/\/agenciainfra.com\/blog\/wp-content\/uploads\/2023\/09\/iNFRA_5-e1761735885940.png\",\"width\":1672,\"height\":454,\"caption\":\"Ag\u00eancia iNFRA\"},\"image\":{\"@id\":\"https:\/\/agenciainfra.com\/blog\/#\/schema\/logo\/image\/\"},\"sameAs\":[\"https:\/\/www.facebook.com\/ageninfra\",\"https:\/\/x.com\/agencia_infra\",\"https:\/\/www.linkedin.com\/company\/ag\u00eanciainfra\/\",\"https:\/\/www.instagram.com\/agenciainfra\/\"]},{\"@type\":\"Person\",\"@id\":\"https:\/\/agenciainfra.com\/blog\/#\/schema\/person\/34af08dff6adea4cb22b06612ba7acfa\",\"name\":\"Ag\u00eancia iNFRA\",\"image\":{\"@type\":\"ImageObject\",\"inLanguage\":\"pt-BR\",\"@id\":\"https:\/\/agenciainfra.com\/blog\/#\/schema\/person\/image\/\",\"url\":\"https:\/\/secure.gravatar.com\/avatar\/d189e01678f06d8eb84d4e01f08eb848b3fffe3f8443818d3c356c66892f5be8?s=96&d=mm&r=g\",\"contentUrl\":\"https:\/\/secure.gravatar.com\/avatar\/d189e01678f06d8eb84d4e01f08eb848b3fffe3f8443818d3c356c66892f5be8?s=96&d=mm&r=g\",\"caption\":\"Ag\u00eancia iNFRA\"},\"url\":\"https:\/\/agenciainfra.com\/blog\/author\/admin\/\"}]}<\/script>\n<!-- \/ Yoast SEO Premium plugin. -->","yoast_head_json":{"title":"TCU aponta falhas em abertura de mercado de energia e pede plano de a\u00e7\u00e3o ao MME e ANEEL - Ag\u00eancia iNFRA","robots":{"index":"index","follow":"follow","max-snippet":"max-snippet:-1","max-image-preview":"max-image-preview:large","max-video-preview":"max-video-preview:-1"},"canonical":"https:\/\/agenciainfra.com\/blog\/tcu-aponta-falhas-em-abertura-de-mercado-de-energia-e-pede-plano-de-acao-ao-mme-e-aneel\/","og_locale":"pt_BR","og_type":"article","og_title":"TCU aponta falhas em abertura de mercado de energia e pede plano de a\u00e7\u00e3o ao MME e ANEEL","og_description":"da&nbsp;Ag\u00eancia iNFRA Auditoria do TCU (Tribunal de Contas da Uni\u00e3o) sobre o processo de abertura gradual do mercado de energia el\u00e9trica indicou uma s\u00e9rie de fragilidades e riscos sist\u00eamicos identificados por stakeholders do setor, que precisam de tratamento. O tema, que tem como relator o ministro Antonio Anastasia,\u00a0foi deliberado pelo plen\u00e1rio da Corte de Contas [&hellip;]","og_url":"https:\/\/agenciainfra.com\/blog\/tcu-aponta-falhas-em-abertura-de-mercado-de-energia-e-pede-plano-de-acao-ao-mme-e-aneel\/","og_site_name":"Ag\u00eancia iNFRA","article_publisher":"https:\/\/www.facebook.com\/ageninfra","article_published_time":"2024-09-12T14:00:00+00:00","og_image":[{"width":1280,"height":853,"url":"https:\/\/agenciainfra.com\/blog\/wp-content\/uploads\/2022\/08\/antonio-anastasia-foto-tcu.jpeg","type":"image\/jpeg"}],"author":"Ag\u00eancia iNFRA","twitter_card":"summary_large_image","twitter_creator":"@agencia_infra","twitter_site":"@agencia_infra","twitter_misc":{"Escrito por":"Ag\u00eancia iNFRA","Est. tempo de leitura":"2 minutos"},"schema":{"@context":"https:\/\/schema.org","@graph":[{"@type":"Article","@id":"https:\/\/agenciainfra.com\/blog\/tcu-aponta-falhas-em-abertura-de-mercado-de-energia-e-pede-plano-de-acao-ao-mme-e-aneel\/#article","isPartOf":{"@id":"https:\/\/agenciainfra.com\/blog\/tcu-aponta-falhas-em-abertura-de-mercado-de-energia-e-pede-plano-de-acao-ao-mme-e-aneel\/"},"author":{"name":"Ag\u00eancia iNFRA","@id":"https:\/\/agenciainfra.com\/blog\/#\/schema\/person\/34af08dff6adea4cb22b06612ba7acfa"},"headline":"TCU aponta falhas em abertura de mercado de energia e pede plano de a\u00e7\u00e3o ao MME e ANEEL","datePublished":"2024-09-12T14:00:00+00:00","mainEntityOfPage":{"@id":"https:\/\/agenciainfra.com\/blog\/tcu-aponta-falhas-em-abertura-de-mercado-de-energia-e-pede-plano-de-acao-ao-mme-e-aneel\/"},"wordCount":419,"publisher":{"@id":"https:\/\/agenciainfra.com\/blog\/#organization"},"image":{"@id":"https:\/\/agenciainfra.com\/blog\/tcu-aponta-falhas-em-abertura-de-mercado-de-energia-e-pede-plano-de-acao-ao-mme-e-aneel\/#primaryimage"},"thumbnailUrl":"https:\/\/agenciainfra.com\/blog\/wp-content\/uploads\/2022\/08\/antonio-anastasia-foto-tcu.jpeg","keywords":["ACL","ANEEL","Antonio Anastasia","AudEl\u00e9trica","mercado livre de enerfia","MME","TCU"],"articleSection":["Destaque lista","Geral","iNFRAEnergia"],"inLanguage":"pt-BR","copyrightYear":"2024","copyrightHolder":{"@id":"https:\/\/agenciainfra.com\/blog\/#organization"}},{"@type":"WebPage","@id":"https:\/\/agenciainfra.com\/blog\/tcu-aponta-falhas-em-abertura-de-mercado-de-energia-e-pede-plano-de-acao-ao-mme-e-aneel\/","url":"https:\/\/agenciainfra.com\/blog\/tcu-aponta-falhas-em-abertura-de-mercado-de-energia-e-pede-plano-de-acao-ao-mme-e-aneel\/","name":"TCU aponta falhas em abertura de mercado de energia e pede plano de a\u00e7\u00e3o ao MME e ANEEL - Ag\u00eancia iNFRA","isPartOf":{"@id":"https:\/\/agenciainfra.com\/blog\/#website"},"primaryImageOfPage":{"@id":"https:\/\/agenciainfra.com\/blog\/tcu-aponta-falhas-em-abertura-de-mercado-de-energia-e-pede-plano-de-acao-ao-mme-e-aneel\/#primaryimage"},"image":{"@id":"https:\/\/agenciainfra.com\/blog\/tcu-aponta-falhas-em-abertura-de-mercado-de-energia-e-pede-plano-de-acao-ao-mme-e-aneel\/#primaryimage"},"thumbnailUrl":"https:\/\/agenciainfra.com\/blog\/wp-content\/uploads\/2022\/08\/antonio-anastasia-foto-tcu.jpeg","datePublished":"2024-09-12T14:00:00+00:00","breadcrumb":{"@id":"https:\/\/agenciainfra.com\/blog\/tcu-aponta-falhas-em-abertura-de-mercado-de-energia-e-pede-plano-de-acao-ao-mme-e-aneel\/#breadcrumb"},"inLanguage":"pt-BR","potentialAction":[{"@type":"ReadAction","target":["https:\/\/agenciainfra.com\/blog\/tcu-aponta-falhas-em-abertura-de-mercado-de-energia-e-pede-plano-de-acao-ao-mme-e-aneel\/"]}]},{"@type":"ImageObject","inLanguage":"pt-BR","@id":"https:\/\/agenciainfra.com\/blog\/tcu-aponta-falhas-em-abertura-de-mercado-de-energia-e-pede-plano-de-acao-ao-mme-e-aneel\/#primaryimage","url":"https:\/\/agenciainfra.com\/blog\/wp-content\/uploads\/2022\/08\/antonio-anastasia-foto-tcu.jpeg","contentUrl":"https:\/\/agenciainfra.com\/blog\/wp-content\/uploads\/2022\/08\/antonio-anastasia-foto-tcu.jpeg","width":1280,"height":853,"caption":"Foto: TCU"},{"@type":"BreadcrumbList","@id":"https:\/\/agenciainfra.com\/blog\/tcu-aponta-falhas-em-abertura-de-mercado-de-energia-e-pede-plano-de-acao-ao-mme-e-aneel\/#breadcrumb","itemListElement":[{"@type":"ListItem","position":1,"name":"In\u00edcio","item":"https:\/\/agenciainfra.com\/blog\/"},{"@type":"ListItem","position":2,"name":"TCU aponta falhas em abertura de mercado de energia e pede plano de a\u00e7\u00e3o ao MME e ANEEL"}]},{"@type":"WebSite","@id":"https:\/\/agenciainfra.com\/blog\/#website","url":"https:\/\/agenciainfra.com\/blog\/","name":"Ag\u00eancia iNFRA","description":"Multiplataforma de informa\u00e7\u00e3o jornal\u00edstica refer\u00eancia na \u00e1rea de infraestrutura no Brasil!","publisher":{"@id":"https:\/\/agenciainfra.com\/blog\/#organization"},"potentialAction":[{"@type":"SearchAction","target":{"@type":"EntryPoint","urlTemplate":"https:\/\/agenciainfra.com\/blog\/?s={search_term_string}"},"query-input":{"@type":"PropertyValueSpecification","valueRequired":true,"valueName":"search_term_string"}}],"inLanguage":"pt-BR"},{"@type":"Organization","@id":"https:\/\/agenciainfra.com\/blog\/#organization","name":"Ag\u00eancia iNFRA","url":"https:\/\/agenciainfra.com\/blog\/","logo":{"@type":"ImageObject","inLanguage":"pt-BR","@id":"https:\/\/agenciainfra.com\/blog\/#\/schema\/logo\/image\/","url":"https:\/\/agenciainfra.com\/blog\/wp-content\/uploads\/2023\/09\/iNFRA_5-e1761735885940.png","contentUrl":"https:\/\/agenciainfra.com\/blog\/wp-content\/uploads\/2023\/09\/iNFRA_5-e1761735885940.png","width":1672,"height":454,"caption":"Ag\u00eancia iNFRA"},"image":{"@id":"https:\/\/agenciainfra.com\/blog\/#\/schema\/logo\/image\/"},"sameAs":["https:\/\/www.facebook.com\/ageninfra","https:\/\/x.com\/agencia_infra","https:\/\/www.linkedin.com\/company\/ag\u00eanciainfra\/","https:\/\/www.instagram.com\/agenciainfra\/"]},{"@type":"Person","@id":"https:\/\/agenciainfra.com\/blog\/#\/schema\/person\/34af08dff6adea4cb22b06612ba7acfa","name":"Ag\u00eancia iNFRA","image":{"@type":"ImageObject","inLanguage":"pt-BR","@id":"https:\/\/agenciainfra.com\/blog\/#\/schema\/person\/image\/","url":"https:\/\/secure.gravatar.com\/avatar\/d189e01678f06d8eb84d4e01f08eb848b3fffe3f8443818d3c356c66892f5be8?s=96&d=mm&r=g","contentUrl":"https:\/\/secure.gravatar.com\/avatar\/d189e01678f06d8eb84d4e01f08eb848b3fffe3f8443818d3c356c66892f5be8?s=96&d=mm&r=g","caption":"Ag\u00eancia iNFRA"},"url":"https:\/\/agenciainfra.com\/blog\/author\/admin\/"}]}},"_links":{"self":[{"href":"https:\/\/agenciainfra.com\/blog\/wp-json\/wp\/v2\/posts\/18518","targetHints":{"allow":["GET"]}}],"collection":[{"href":"https:\/\/agenciainfra.com\/blog\/wp-json\/wp\/v2\/posts"}],"about":[{"href":"https:\/\/agenciainfra.com\/blog\/wp-json\/wp\/v2\/types\/post"}],"author":[{"embeddable":true,"href":"https:\/\/agenciainfra.com\/blog\/wp-json\/wp\/v2\/users\/1"}],"replies":[{"embeddable":true,"href":"https:\/\/agenciainfra.com\/blog\/wp-json\/wp\/v2\/comments?post=18518"}],"version-history":[{"count":1,"href":"https:\/\/agenciainfra.com\/blog\/wp-json\/wp\/v2\/posts\/18518\/revisions"}],"predecessor-version":[{"id":18519,"href":"https:\/\/agenciainfra.com\/blog\/wp-json\/wp\/v2\/posts\/18518\/revisions\/18519"}],"wp:featuredmedia":[{"embeddable":true,"href":"https:\/\/agenciainfra.com\/blog\/wp-json\/wp\/v2\/media\/11189"}],"wp:attachment":[{"href":"https:\/\/agenciainfra.com\/blog\/wp-json\/wp\/v2\/media?parent=18518"}],"wp:term":[{"taxonomy":"category","embeddable":true,"href":"https:\/\/agenciainfra.com\/blog\/wp-json\/wp\/v2\/categories?post=18518"},{"taxonomy":"post_tag","embeddable":true,"href":"https:\/\/agenciainfra.com\/blog\/wp-json\/wp\/v2\/tags?post=18518"}],"curies":[{"name":"wp","href":"https:\/\/api.w.org\/{rel}","templated":true}]}}