{"id":18533,"date":"2024-09-13T11:00:00","date_gmt":"2024-09-13T14:00:00","guid":{"rendered":"https:\/\/agenciainfra.com\/blog\/?p=18533"},"modified":"2024-09-13T12:17:38","modified_gmt":"2024-09-13T15:17:38","slug":"silveira-abertura-do-mercado-causou-disparidade-de-precos-muito-grande","status":"publish","type":"post","link":"https:\/\/agenciainfra.com\/blog\/silveira-abertura-do-mercado-causou-disparidade-de-precos-muito-grande\/","title":{"rendered":"Silveira: abertura do mercado causou disparidade de pre\u00e7os muito grande"},"content":{"rendered":"\n<p class=\"has-text-align-right\"><strong>Marisa Wanzeller, da Ag\u00eancia iNFRA<\/strong><\/p>\n\n\n\n<p>O ministro de Minas e Energia, Alexandre Silveira, disse nesta quinta-feira (12) que a abertura do mercado de energia somente para a alta tens\u00e3o provocou uma &#8220;disparidade de pre\u00e7o muito forte no consumidor regulado&#8221;. Ele endossou auditoria do TCU (Tribunal de Contas da Uni\u00e3o) que&nbsp;<a href=\"https:\/\/agenciainfra.us14.list-manage.com\/track\/click?u=d460dd1bcf9ba0ae040e1fc0f&amp;id=96b5d82748&amp;e=55b7a27fc9\" target=\"_blank\" rel=\"noreferrer noopener\">aponta para falhas<\/a>&nbsp;que podem levar \u00e0 concentra\u00e7\u00e3o de mercado, redu\u00e7\u00e3o na competi\u00e7\u00e3o e aumento de pre\u00e7os.&nbsp;<\/p>\n\n\n\n<p>&#8220;Teve uma abertura de mercado s\u00f3 da alta tens\u00e3o, e isso causou uma disparidade de pre\u00e7o muito forte no consumidor regulado, inclusive a maior parte da CDE [Conta de Desenvolvimento Energ\u00e9tico] ficando para o consumidor mais pobre&#8221;, disse \u00e0 imprensa.<\/p>\n\n\n\n<p>Silveira destacou que o tema est\u00e1 sendo tratado em projeto de lei que ser\u00e1 enviado ao Congresso at\u00e9 o final do ano com proposta de reformula\u00e7\u00e3o do setor el\u00e9trico.<\/p>\n\n\n\n<p>&#8220;J\u00e1 \u00e9 p\u00fablico que n\u00f3s estamos preparando uma pol\u00edtica para reabrir o mercado, para estabelecer uma justi\u00e7a tarif\u00e1ria no Brasil. O que o TCU fala \u00e9 exatamente o que n\u00f3s j\u00e1 estamos fazendo, mas \u00e9 bom que o TCU reforce a vis\u00e3o de que \u00e9 realmente necess\u00e1rio buscar o equil\u00edbrio entre a tarifa do consumidor regulado e a tarifa do consumidor livre&#8221;, destacou.<\/p>\n\n\n\n<p>O ministro disse que considera&nbsp;defasado o&nbsp;<a href=\"https:\/\/agenciainfra.us14.list-manage.com\/track\/click?u=d460dd1bcf9ba0ae040e1fc0f&amp;id=94074259fa&amp;e=55b7a27fc9\" target=\"_blank\" rel=\"noreferrer noopener\">PL 414\/2021<\/a>, que trata do mesmo tema e j\u00e1 est\u00e1 no Congresso Nacional.&nbsp;&#8220;O [PL] 414 \u00e9 um projeto que foi feito ent\u00e3o com uma l\u00f3gica&nbsp;e o tempo passou, ele n\u00e3o [foi] aprovado, se tornou necess\u00e1rio fazer algo mais atual&#8221;, disse.<\/p>\n","protected":false},"excerpt":{"rendered":"<p>Marisa Wanzeller, da Ag\u00eancia iNFRA O ministro de Minas e Energia, Alexandre Silveira, disse nesta quinta-feira (12) que a abertura do mercado de energia somente para a alta tens\u00e3o provocou uma &#8220;disparidade de pre\u00e7o muito forte no consumidor regulado&#8221;. Ele endossou auditoria do TCU (Tribunal de Contas da Uni\u00e3o) que&nbsp;aponta para falhas&nbsp;que podem levar \u00e0 [&hellip;]<\/p>\n","protected":false},"author":1,"featured_media":11980,"comment_status":"closed","ping_status":"closed","sticky":false,"template":"","format":"standard","meta":{"_monsterinsights_skip_tracking":false,"_monsterinsights_sitenote_active":false,"_monsterinsights_sitenote_note":"","_monsterinsights_sitenote_category":0,"footnotes":""},"categories":[7250,1,10],"tags":[5951,6040,56,7366,96,71,3627,18],"class_list":["post-18533","post","type-post","status-publish","format-standard","has-post-thumbnail","hentry","category-destaque-lista","category-geral","category-infraenergia","tag-abertura-do-mercado","tag-alexandre-silveira","tag-cde","tag-marisa-wanzeller","tag-ministerio-de-minas-e-energia","tag-mme","tag-pl-414-2021","tag-tcu"],"yoast_head":"<!-- This site is optimized with the Yoast SEO Premium plugin v25.4 (Yoast SEO v26.0) - https:\/\/yoast.com\/wordpress\/plugins\/seo\/ -->\n<title>Silveira: abertura do mercado causou disparidade de pre\u00e7os muito grande - Ag\u00eancia iNFRA<\/title>\n<meta name=\"robots\" content=\"index, follow, max-snippet:-1, max-image-preview:large, max-video-preview:-1\" \/>\n<link rel=\"canonical\" href=\"https:\/\/agenciainfra.com\/blog\/silveira-abertura-do-mercado-causou-disparidade-de-precos-muito-grande\/\" \/>\n<meta property=\"og:locale\" content=\"pt_BR\" \/>\n<meta property=\"og:type\" content=\"article\" \/>\n<meta property=\"og:title\" content=\"Silveira: abertura do mercado causou disparidade de pre\u00e7os muito grande\" \/>\n<meta property=\"og:description\" content=\"Marisa Wanzeller, da Ag\u00eancia iNFRA O ministro de Minas e Energia, Alexandre Silveira, disse nesta quinta-feira (12) que a abertura do mercado de energia somente para a alta tens\u00e3o provocou uma &#8220;disparidade de pre\u00e7o muito forte no consumidor regulado&#8221;. Ele endossou auditoria do TCU (Tribunal de Contas da Uni\u00e3o) que&nbsp;aponta para falhas&nbsp;que podem levar \u00e0 [&hellip;]\" \/>\n<meta property=\"og:url\" content=\"https:\/\/agenciainfra.com\/blog\/silveira-abertura-do-mercado-causou-disparidade-de-precos-muito-grande\/\" \/>\n<meta property=\"og:site_name\" content=\"Ag\u00eancia iNFRA\" \/>\n<meta property=\"article:publisher\" content=\"https:\/\/www.facebook.com\/ageninfra\" \/>\n<meta property=\"article:published_time\" content=\"2024-09-13T14:00:00+00:00\" \/>\n<meta property=\"article:modified_time\" content=\"2024-09-13T15:17:38+00:00\" \/>\n<meta property=\"og:image\" content=\"https:\/\/agenciainfra.com\/blog\/wp-content\/uploads\/2023\/01\/alexandre-silveira-foto-mme.jpeg\" \/>\n\t<meta property=\"og:image:width\" content=\"1280\" \/>\n\t<meta property=\"og:image:height\" content=\"853\" \/>\n\t<meta property=\"og:image:type\" content=\"image\/jpeg\" \/>\n<meta name=\"author\" content=\"Ag\u00eancia iNFRA\" \/>\n<meta name=\"twitter:card\" content=\"summary_large_image\" \/>\n<meta name=\"twitter:creator\" content=\"@agencia_infra\" \/>\n<meta name=\"twitter:site\" content=\"@agencia_infra\" \/>\n<meta name=\"twitter:label1\" content=\"Escrito por\" \/>\n\t<meta name=\"twitter:data1\" content=\"Ag\u00eancia iNFRA\" \/>\n\t<meta name=\"twitter:label2\" content=\"Est. tempo de leitura\" \/>\n\t<meta name=\"twitter:data2\" content=\"1 minuto\" \/>\n<script type=\"application\/ld+json\" class=\"yoast-schema-graph\">{\"@context\":\"https:\/\/schema.org\",\"@graph\":[{\"@type\":\"Article\",\"@id\":\"https:\/\/agenciainfra.com\/blog\/silveira-abertura-do-mercado-causou-disparidade-de-precos-muito-grande\/#article\",\"isPartOf\":{\"@id\":\"https:\/\/agenciainfra.com\/blog\/silveira-abertura-do-mercado-causou-disparidade-de-precos-muito-grande\/\"},\"author\":{\"name\":\"Ag\u00eancia iNFRA\",\"@id\":\"https:\/\/agenciainfra.com\/blog\/#\/schema\/person\/34af08dff6adea4cb22b06612ba7acfa\"},\"headline\":\"Silveira: abertura do mercado causou disparidade de pre\u00e7os muito grande\",\"datePublished\":\"2024-09-13T14:00:00+00:00\",\"dateModified\":\"2024-09-13T15:17:38+00:00\",\"mainEntityOfPage\":{\"@id\":\"https:\/\/agenciainfra.com\/blog\/silveira-abertura-do-mercado-causou-disparidade-de-precos-muito-grande\/\"},\"wordCount\":282,\"publisher\":{\"@id\":\"https:\/\/agenciainfra.com\/blog\/#organization\"},\"image\":{\"@id\":\"https:\/\/agenciainfra.com\/blog\/silveira-abertura-do-mercado-causou-disparidade-de-precos-muito-grande\/#primaryimage\"},\"thumbnailUrl\":\"https:\/\/agenciainfra.com\/blog\/wp-content\/uploads\/2023\/01\/alexandre-silveira-foto-mme-e1768305568328.jpeg\",\"keywords\":[\"abertura do mercado\",\"Alexandre Silveira\",\"CDE\",\"Marisa Wanzeller\",\"Minist\u00e9rio de Minas e Energia\",\"MME\",\"PL 414\/2021\",\"TCU\"],\"articleSection\":[\"Destaque lista\",\"Geral\",\"iNFRAEnergia\"],\"inLanguage\":\"pt-BR\",\"copyrightYear\":\"2024\",\"copyrightHolder\":{\"@id\":\"https:\/\/agenciainfra.com\/blog\/#organization\"}},{\"@type\":\"WebPage\",\"@id\":\"https:\/\/agenciainfra.com\/blog\/silveira-abertura-do-mercado-causou-disparidade-de-precos-muito-grande\/\",\"url\":\"https:\/\/agenciainfra.com\/blog\/silveira-abertura-do-mercado-causou-disparidade-de-precos-muito-grande\/\",\"name\":\"Silveira: abertura do mercado causou disparidade de pre\u00e7os muito grande - Ag\u00eancia iNFRA\",\"isPartOf\":{\"@id\":\"https:\/\/agenciainfra.com\/blog\/#website\"},\"primaryImageOfPage\":{\"@id\":\"https:\/\/agenciainfra.com\/blog\/silveira-abertura-do-mercado-causou-disparidade-de-precos-muito-grande\/#primaryimage\"},\"image\":{\"@id\":\"https:\/\/agenciainfra.com\/blog\/silveira-abertura-do-mercado-causou-disparidade-de-precos-muito-grande\/#primaryimage\"},\"thumbnailUrl\":\"https:\/\/agenciainfra.com\/blog\/wp-content\/uploads\/2023\/01\/alexandre-silveira-foto-mme-e1768305568328.jpeg\",\"datePublished\":\"2024-09-13T14:00:00+00:00\",\"dateModified\":\"2024-09-13T15:17:38+00:00\",\"breadcrumb\":{\"@id\":\"https:\/\/agenciainfra.com\/blog\/silveira-abertura-do-mercado-causou-disparidade-de-precos-muito-grande\/#breadcrumb\"},\"inLanguage\":\"pt-BR\",\"potentialAction\":[{\"@type\":\"ReadAction\",\"target\":[\"https:\/\/agenciainfra.com\/blog\/silveira-abertura-do-mercado-causou-disparidade-de-precos-muito-grande\/\"]}]},{\"@type\":\"ImageObject\",\"inLanguage\":\"pt-BR\",\"@id\":\"https:\/\/agenciainfra.com\/blog\/silveira-abertura-do-mercado-causou-disparidade-de-precos-muito-grande\/#primaryimage\",\"url\":\"https:\/\/agenciainfra.com\/blog\/wp-content\/uploads\/2023\/01\/alexandre-silveira-foto-mme-e1768305568328.jpeg\",\"contentUrl\":\"https:\/\/agenciainfra.com\/blog\/wp-content\/uploads\/2023\/01\/alexandre-silveira-foto-mme-e1768305568328.jpeg\",\"width\":1280,\"height\":780,\"caption\":\"Foto: Divulga\u00e7\u00e3o MME\"},{\"@type\":\"BreadcrumbList\",\"@id\":\"https:\/\/agenciainfra.com\/blog\/silveira-abertura-do-mercado-causou-disparidade-de-precos-muito-grande\/#breadcrumb\",\"itemListElement\":[{\"@type\":\"ListItem\",\"position\":1,\"name\":\"In\u00edcio\",\"item\":\"https:\/\/agenciainfra.com\/blog\/\"},{\"@type\":\"ListItem\",\"position\":2,\"name\":\"Silveira: abertura do mercado causou disparidade de pre\u00e7os muito grande\"}]},{\"@type\":\"WebSite\",\"@id\":\"https:\/\/agenciainfra.com\/blog\/#website\",\"url\":\"https:\/\/agenciainfra.com\/blog\/\",\"name\":\"Ag\u00eancia iNFRA\",\"description\":\"Multiplataforma de informa\u00e7\u00e3o jornal\u00edstica refer\u00eancia na \u00e1rea de infraestrutura no Brasil!\",\"publisher\":{\"@id\":\"https:\/\/agenciainfra.com\/blog\/#organization\"},\"potentialAction\":[{\"@type\":\"SearchAction\",\"target\":{\"@type\":\"EntryPoint\",\"urlTemplate\":\"https:\/\/agenciainfra.com\/blog\/?s={search_term_string}\"},\"query-input\":{\"@type\":\"PropertyValueSpecification\",\"valueRequired\":true,\"valueName\":\"search_term_string\"}}],\"inLanguage\":\"pt-BR\"},{\"@type\":\"Organization\",\"@id\":\"https:\/\/agenciainfra.com\/blog\/#organization\",\"name\":\"Ag\u00eancia iNFRA\",\"url\":\"https:\/\/agenciainfra.com\/blog\/\",\"logo\":{\"@type\":\"ImageObject\",\"inLanguage\":\"pt-BR\",\"@id\":\"https:\/\/agenciainfra.com\/blog\/#\/schema\/logo\/image\/\",\"url\":\"https:\/\/agenciainfra.com\/blog\/wp-content\/uploads\/2023\/09\/iNFRA_5-e1761735885940.png\",\"contentUrl\":\"https:\/\/agenciainfra.com\/blog\/wp-content\/uploads\/2023\/09\/iNFRA_5-e1761735885940.png\",\"width\":1672,\"height\":454,\"caption\":\"Ag\u00eancia iNFRA\"},\"image\":{\"@id\":\"https:\/\/agenciainfra.com\/blog\/#\/schema\/logo\/image\/\"},\"sameAs\":[\"https:\/\/www.facebook.com\/ageninfra\",\"https:\/\/x.com\/agencia_infra\",\"https:\/\/www.linkedin.com\/company\/ag\u00eanciainfra\/\",\"https:\/\/www.instagram.com\/agenciainfra\/\"]},{\"@type\":\"Person\",\"@id\":\"https:\/\/agenciainfra.com\/blog\/#\/schema\/person\/34af08dff6adea4cb22b06612ba7acfa\",\"name\":\"Ag\u00eancia iNFRA\",\"image\":{\"@type\":\"ImageObject\",\"inLanguage\":\"pt-BR\",\"@id\":\"https:\/\/agenciainfra.com\/blog\/#\/schema\/person\/image\/\",\"url\":\"https:\/\/secure.gravatar.com\/avatar\/d189e01678f06d8eb84d4e01f08eb848b3fffe3f8443818d3c356c66892f5be8?s=96&d=mm&r=g\",\"contentUrl\":\"https:\/\/secure.gravatar.com\/avatar\/d189e01678f06d8eb84d4e01f08eb848b3fffe3f8443818d3c356c66892f5be8?s=96&d=mm&r=g\",\"caption\":\"Ag\u00eancia iNFRA\"},\"url\":\"https:\/\/agenciainfra.com\/blog\/author\/admin\/\"}]}<\/script>\n<!-- \/ Yoast SEO Premium plugin. -->","yoast_head_json":{"title":"Silveira: abertura do mercado causou disparidade de pre\u00e7os muito grande - Ag\u00eancia iNFRA","robots":{"index":"index","follow":"follow","max-snippet":"max-snippet:-1","max-image-preview":"max-image-preview:large","max-video-preview":"max-video-preview:-1"},"canonical":"https:\/\/agenciainfra.com\/blog\/silveira-abertura-do-mercado-causou-disparidade-de-precos-muito-grande\/","og_locale":"pt_BR","og_type":"article","og_title":"Silveira: abertura do mercado causou disparidade de pre\u00e7os muito grande","og_description":"Marisa Wanzeller, da Ag\u00eancia iNFRA O ministro de Minas e Energia, Alexandre Silveira, disse nesta quinta-feira (12) que a abertura do mercado de energia somente para a alta tens\u00e3o provocou uma &#8220;disparidade de pre\u00e7o muito forte no consumidor regulado&#8221;. Ele endossou auditoria do TCU (Tribunal de Contas da Uni\u00e3o) que&nbsp;aponta para falhas&nbsp;que podem levar \u00e0 [&hellip;]","og_url":"https:\/\/agenciainfra.com\/blog\/silveira-abertura-do-mercado-causou-disparidade-de-precos-muito-grande\/","og_site_name":"Ag\u00eancia iNFRA","article_publisher":"https:\/\/www.facebook.com\/ageninfra","article_published_time":"2024-09-13T14:00:00+00:00","article_modified_time":"2024-09-13T15:17:38+00:00","og_image":[{"width":1280,"height":853,"url":"https:\/\/agenciainfra.com\/blog\/wp-content\/uploads\/2023\/01\/alexandre-silveira-foto-mme.jpeg","type":"image\/jpeg"}],"author":"Ag\u00eancia iNFRA","twitter_card":"summary_large_image","twitter_creator":"@agencia_infra","twitter_site":"@agencia_infra","twitter_misc":{"Escrito por":"Ag\u00eancia iNFRA","Est. tempo de leitura":"1 minuto"},"schema":{"@context":"https:\/\/schema.org","@graph":[{"@type":"Article","@id":"https:\/\/agenciainfra.com\/blog\/silveira-abertura-do-mercado-causou-disparidade-de-precos-muito-grande\/#article","isPartOf":{"@id":"https:\/\/agenciainfra.com\/blog\/silveira-abertura-do-mercado-causou-disparidade-de-precos-muito-grande\/"},"author":{"name":"Ag\u00eancia iNFRA","@id":"https:\/\/agenciainfra.com\/blog\/#\/schema\/person\/34af08dff6adea4cb22b06612ba7acfa"},"headline":"Silveira: abertura do mercado causou disparidade de pre\u00e7os muito grande","datePublished":"2024-09-13T14:00:00+00:00","dateModified":"2024-09-13T15:17:38+00:00","mainEntityOfPage":{"@id":"https:\/\/agenciainfra.com\/blog\/silveira-abertura-do-mercado-causou-disparidade-de-precos-muito-grande\/"},"wordCount":282,"publisher":{"@id":"https:\/\/agenciainfra.com\/blog\/#organization"},"image":{"@id":"https:\/\/agenciainfra.com\/blog\/silveira-abertura-do-mercado-causou-disparidade-de-precos-muito-grande\/#primaryimage"},"thumbnailUrl":"https:\/\/agenciainfra.com\/blog\/wp-content\/uploads\/2023\/01\/alexandre-silveira-foto-mme-e1768305568328.jpeg","keywords":["abertura do mercado","Alexandre Silveira","CDE","Marisa Wanzeller","Minist\u00e9rio de Minas e Energia","MME","PL 414\/2021","TCU"],"articleSection":["Destaque lista","Geral","iNFRAEnergia"],"inLanguage":"pt-BR","copyrightYear":"2024","copyrightHolder":{"@id":"https:\/\/agenciainfra.com\/blog\/#organization"}},{"@type":"WebPage","@id":"https:\/\/agenciainfra.com\/blog\/silveira-abertura-do-mercado-causou-disparidade-de-precos-muito-grande\/","url":"https:\/\/agenciainfra.com\/blog\/silveira-abertura-do-mercado-causou-disparidade-de-precos-muito-grande\/","name":"Silveira: abertura do mercado causou disparidade de pre\u00e7os muito grande - Ag\u00eancia iNFRA","isPartOf":{"@id":"https:\/\/agenciainfra.com\/blog\/#website"},"primaryImageOfPage":{"@id":"https:\/\/agenciainfra.com\/blog\/silveira-abertura-do-mercado-causou-disparidade-de-precos-muito-grande\/#primaryimage"},"image":{"@id":"https:\/\/agenciainfra.com\/blog\/silveira-abertura-do-mercado-causou-disparidade-de-precos-muito-grande\/#primaryimage"},"thumbnailUrl":"https:\/\/agenciainfra.com\/blog\/wp-content\/uploads\/2023\/01\/alexandre-silveira-foto-mme-e1768305568328.jpeg","datePublished":"2024-09-13T14:00:00+00:00","dateModified":"2024-09-13T15:17:38+00:00","breadcrumb":{"@id":"https:\/\/agenciainfra.com\/blog\/silveira-abertura-do-mercado-causou-disparidade-de-precos-muito-grande\/#breadcrumb"},"inLanguage":"pt-BR","potentialAction":[{"@type":"ReadAction","target":["https:\/\/agenciainfra.com\/blog\/silveira-abertura-do-mercado-causou-disparidade-de-precos-muito-grande\/"]}]},{"@type":"ImageObject","inLanguage":"pt-BR","@id":"https:\/\/agenciainfra.com\/blog\/silveira-abertura-do-mercado-causou-disparidade-de-precos-muito-grande\/#primaryimage","url":"https:\/\/agenciainfra.com\/blog\/wp-content\/uploads\/2023\/01\/alexandre-silveira-foto-mme-e1768305568328.jpeg","contentUrl":"https:\/\/agenciainfra.com\/blog\/wp-content\/uploads\/2023\/01\/alexandre-silveira-foto-mme-e1768305568328.jpeg","width":1280,"height":780,"caption":"Foto: Divulga\u00e7\u00e3o MME"},{"@type":"BreadcrumbList","@id":"https:\/\/agenciainfra.com\/blog\/silveira-abertura-do-mercado-causou-disparidade-de-precos-muito-grande\/#breadcrumb","itemListElement":[{"@type":"ListItem","position":1,"name":"In\u00edcio","item":"https:\/\/agenciainfra.com\/blog\/"},{"@type":"ListItem","position":2,"name":"Silveira: abertura do mercado causou disparidade de pre\u00e7os muito grande"}]},{"@type":"WebSite","@id":"https:\/\/agenciainfra.com\/blog\/#website","url":"https:\/\/agenciainfra.com\/blog\/","name":"Ag\u00eancia iNFRA","description":"Multiplataforma de informa\u00e7\u00e3o jornal\u00edstica refer\u00eancia na \u00e1rea de infraestrutura no Brasil!","publisher":{"@id":"https:\/\/agenciainfra.com\/blog\/#organization"},"potentialAction":[{"@type":"SearchAction","target":{"@type":"EntryPoint","urlTemplate":"https:\/\/agenciainfra.com\/blog\/?s={search_term_string}"},"query-input":{"@type":"PropertyValueSpecification","valueRequired":true,"valueName":"search_term_string"}}],"inLanguage":"pt-BR"},{"@type":"Organization","@id":"https:\/\/agenciainfra.com\/blog\/#organization","name":"Ag\u00eancia iNFRA","url":"https:\/\/agenciainfra.com\/blog\/","logo":{"@type":"ImageObject","inLanguage":"pt-BR","@id":"https:\/\/agenciainfra.com\/blog\/#\/schema\/logo\/image\/","url":"https:\/\/agenciainfra.com\/blog\/wp-content\/uploads\/2023\/09\/iNFRA_5-e1761735885940.png","contentUrl":"https:\/\/agenciainfra.com\/blog\/wp-content\/uploads\/2023\/09\/iNFRA_5-e1761735885940.png","width":1672,"height":454,"caption":"Ag\u00eancia iNFRA"},"image":{"@id":"https:\/\/agenciainfra.com\/blog\/#\/schema\/logo\/image\/"},"sameAs":["https:\/\/www.facebook.com\/ageninfra","https:\/\/x.com\/agencia_infra","https:\/\/www.linkedin.com\/company\/ag\u00eanciainfra\/","https:\/\/www.instagram.com\/agenciainfra\/"]},{"@type":"Person","@id":"https:\/\/agenciainfra.com\/blog\/#\/schema\/person\/34af08dff6adea4cb22b06612ba7acfa","name":"Ag\u00eancia iNFRA","image":{"@type":"ImageObject","inLanguage":"pt-BR","@id":"https:\/\/agenciainfra.com\/blog\/#\/schema\/person\/image\/","url":"https:\/\/secure.gravatar.com\/avatar\/d189e01678f06d8eb84d4e01f08eb848b3fffe3f8443818d3c356c66892f5be8?s=96&d=mm&r=g","contentUrl":"https:\/\/secure.gravatar.com\/avatar\/d189e01678f06d8eb84d4e01f08eb848b3fffe3f8443818d3c356c66892f5be8?s=96&d=mm&r=g","caption":"Ag\u00eancia iNFRA"},"url":"https:\/\/agenciainfra.com\/blog\/author\/admin\/"}]}},"_links":{"self":[{"href":"https:\/\/agenciainfra.com\/blog\/wp-json\/wp\/v2\/posts\/18533","targetHints":{"allow":["GET"]}}],"collection":[{"href":"https:\/\/agenciainfra.com\/blog\/wp-json\/wp\/v2\/posts"}],"about":[{"href":"https:\/\/agenciainfra.com\/blog\/wp-json\/wp\/v2\/types\/post"}],"author":[{"embeddable":true,"href":"https:\/\/agenciainfra.com\/blog\/wp-json\/wp\/v2\/users\/1"}],"replies":[{"embeddable":true,"href":"https:\/\/agenciainfra.com\/blog\/wp-json\/wp\/v2\/comments?post=18533"}],"version-history":[{"count":1,"href":"https:\/\/agenciainfra.com\/blog\/wp-json\/wp\/v2\/posts\/18533\/revisions"}],"predecessor-version":[{"id":18534,"href":"https:\/\/agenciainfra.com\/blog\/wp-json\/wp\/v2\/posts\/18533\/revisions\/18534"}],"wp:featuredmedia":[{"embeddable":true,"href":"https:\/\/agenciainfra.com\/blog\/wp-json\/wp\/v2\/media\/11980"}],"wp:attachment":[{"href":"https:\/\/agenciainfra.com\/blog\/wp-json\/wp\/v2\/media?parent=18533"}],"wp:term":[{"taxonomy":"category","embeddable":true,"href":"https:\/\/agenciainfra.com\/blog\/wp-json\/wp\/v2\/categories?post=18533"},{"taxonomy":"post_tag","embeddable":true,"href":"https:\/\/agenciainfra.com\/blog\/wp-json\/wp\/v2\/tags?post=18533"}],"curies":[{"name":"wp","href":"https:\/\/api.w.org\/{rel}","templated":true}]}}