{"id":18556,"date":"2024-09-17T07:00:00","date_gmt":"2024-09-17T10:00:00","guid":{"rendered":"https:\/\/agenciainfra.com\/blog\/?p=18556"},"modified":"2024-09-20T11:49:47","modified_gmt":"2024-09-20T14:49:47","slug":"custo-medio-de-indenizacao-por-dano-moral-a-passageiro-aere-e-de-r-67-mil-mostra-estudo","status":"publish","type":"post","link":"https:\/\/agenciainfra.com\/blog\/custo-medio-de-indenizacao-por-dano-moral-a-passageiro-aere-e-de-r-67-mil-mostra-estudo\/","title":{"rendered":"Custo m\u00e9dio de indeniza\u00e7\u00e3o por dano moral a passageiro a\u00e9reo \u00e9 de R$ 6,7 mil, mostra estudo"},"content":{"rendered":"\n<p class=\"has-text-align-right\"><strong>Sheyla Santos, da Ag\u00eancia iNFRA<\/strong><\/p>\n\n\n\n<p>Estudo da Abear (Associa\u00e7\u00e3o Brasileira das Empresas A\u00e9reas) divulgado nesta quinta-feira (12) aponta que o custo m\u00e9dio das indeniza\u00e7\u00f5es por dano moral ao passageiro a\u00e9reo no pa\u00eds \u00e9 de R$ 6,7 mil, valor dez vezes superior ao custo m\u00e9dio de um bilhete a\u00e9reo, que \u00e9 de R$ 670.<br><br>O documento intitulado &#8220;Mapeamento sobre Litig\u00e2ncia Predat\u00f3ria no Setor A\u00e9reo do Brasil&#8221; ainda aponta que 98,5% desse tipo de a\u00e7\u00e3o contra companhias a\u00e9reas no mundo foram ajuizadas no Brasil. Considerando somente as a\u00e7\u00f5es no ambiente dom\u00e9stico, 90% das a\u00e7\u00f5es ajuizadas contra a\u00e9reas foram por dano moral. <br><br><strong>\u2018Litig\u00e2ncia predat\u00f3ria\u2019<\/strong><br>A associa\u00e7\u00e3o ainda realizou um mapeamento in\u00e9dito com uso da plataforma &#8220;Spotlaw&#8221;, que analisou 400 mil processos de 2020, in\u00edcio da pandemia de Covid-19, a 2023. Como resultado, foi identificado um aumento m\u00e9dio de 60% ao ano no volume de processos contra companhias a\u00e9reas no per\u00edodo e a articula\u00e7\u00e3o de um poss\u00edvel esquema, apontado por ind\u00edcios de uma chamada &#8220;litig\u00e2ncia predat\u00f3ria&#8221;.\u00a0<br><br>Segundo a Abear, h\u00e1 uma concentra\u00e7\u00e3o desse tipo de processo contra a\u00e9reas em nomes de 20 advogados ou escrit\u00f3rios de advocacia. Juntos, eles seriam respons\u00e1veis, segundo a entidade, por 10% dos processos contra as quatro principais empresas do setor.<br><br>Segundo a entidade, o poss\u00edvel esquema funcionaria em quatro etapas. Com publicidade agressiva na internet, plataformas digitais identificariam passageiros oferecendo servi\u00e7o jur\u00eddico. Em seguida, a empresa faria contato com o passageiro oferecendo dinheiro em troca dos direitos de a\u00e7\u00e3o contra uma companhia a\u00e9rea.<br><br>Na sequ\u00eancia, as plataformas repassariam os dados das pessoas a advogados parceiros, que, por sua vez, entrariam com um processo em nome do consumidor. Por fim, com os vouchers obtidos na indeniza\u00e7\u00e3o em m\u00e3os, as plataformas comercializariam os trechos para agentes de viagem.<br><br><strong>Mercado paralelo de vouchers<\/strong><br>Esse movimento, segundo a Abear, alimentaria um mercado paralelo de vouchers, que foram suspensos pela maioria das companhias em 2023 como tentativa de combate ao poss\u00edvel esquema. Presidente da Abear, Jurema Monteiro afirma haver um descompasso entre o n\u00famero de voos no pa\u00eds e a quantidade de judicializa\u00e7\u00f5es. Para ela,\u00a0o alto volume de litig\u00e2ncia compromete a atra\u00e7\u00e3o de novos players no pa\u00eds.<br><br>A partir desse mapeamento digital, Jurema conta que houve, em parceria com a OAB (Ordem dos Advogados do Brasil), uma retirada de mais de 60 plataformas do ar, as chamadas &#8220;plataformas abutres&#8221;, que estariam atuando de forma contr\u00e1ria aos preceitos da advocacia, procurando ativamente cliente, incentivando-os a judicializar, antecipando a ele uma indeniza\u00e7\u00e3o e obtendo posteriormente um voucher a\u00e9reo para uso indevido.<br><br><strong>Dano moral presumido<\/strong><br>Como solu\u00e7\u00f5es para redu\u00e7\u00e3o de judicializa\u00e7\u00e3o, a Abear prop\u00f5e um entendimento com o Poder Judici\u00e1rio sobre dano moral presumido, que, segundo Jurema, ocorre quando n\u00e3o \u00e9 preciso demonstrar prova para receber uma indeniza\u00e7\u00e3o por dano moral.<br><br>A Abear defende que haja altera\u00e7\u00e3o legislativa para fixar o entendimento de que o dano extrapatrimonial no transporte a\u00e9reo n\u00e3o \u00e9 presumido, para prever o conceito da pretens\u00e3o resistida, que consiste em incentivar solu\u00e7\u00f5es extrajudiciais, al\u00e9m de uma revis\u00e3o da\u00a0<a href=\"https:\/\/agenciainfra.us14.list-manage.com\/track\/click?u=d460dd1bcf9ba0ae040e1fc0f&amp;id=4ee511a8a8&amp;e=de74d75805\" target=\"_blank\" rel=\"noreferrer noopener\">Resolu\u00e7\u00e3o 400<\/a>\u00a0da ANAC (Ag\u00eancia Nacional de Avia\u00e7\u00e3o Civil), que \u00e9 de 2016 e trata das condi\u00e7\u00f5es gerais do transporte a\u00e9reo.<\/p>\n","protected":false},"excerpt":{"rendered":"<p>Sheyla Santos, da Ag\u00eancia iNFRA Estudo da Abear (Associa\u00e7\u00e3o Brasileira das Empresas A\u00e9reas) divulgado nesta quinta-feira (12) aponta que o custo m\u00e9dio das indeniza\u00e7\u00f5es por dano moral ao passageiro a\u00e9reo no pa\u00eds \u00e9 de R$ 6,7 mil, valor dez vezes superior ao custo m\u00e9dio de um bilhete a\u00e9reo, que \u00e9 de R$ 670. O documento [&hellip;]<\/p>\n","protected":false},"author":1,"featured_media":8341,"comment_status":"closed","ping_status":"closed","sticky":false,"template":"","format":"standard","meta":{"_monsterinsights_skip_tracking":false,"_monsterinsights_sitenote_active":false,"_monsterinsights_sitenote_note":"","_monsterinsights_sitenote_category":0,"footnotes":""},"categories":[7250,9714,1,7],"tags":[1393,11467,107,236,334,11468,70],"class_list":["post-18556","post","type-post","status-publish","format-standard","has-post-thumbnail","hentry","category-destaque-lista","category-destaque-menor","category-geral","category-infratransporte","tag-abear","tag-advocacia-predatoria","tag-aeroportos","tag-aviacao","tag-empresas-aereas","tag-jurema-monteiro","tag-transportes"],"yoast_head":"<!-- This site is optimized with the Yoast SEO Premium plugin v25.4 (Yoast SEO v26.0) - https:\/\/yoast.com\/wordpress\/plugins\/seo\/ -->\n<title>Custo m\u00e9dio de indeniza\u00e7\u00e3o por dano moral a passageiro a\u00e9reo \u00e9 de R$ 6,7 mil, mostra estudo - Ag\u00eancia iNFRA<\/title>\n<meta name=\"robots\" content=\"index, follow, max-snippet:-1, max-image-preview:large, max-video-preview:-1\" \/>\n<link rel=\"canonical\" href=\"https:\/\/agenciainfra.com\/blog\/custo-medio-de-indenizacao-por-dano-moral-a-passageiro-aere-e-de-r-67-mil-mostra-estudo\/\" \/>\n<meta property=\"og:locale\" content=\"pt_BR\" \/>\n<meta property=\"og:type\" content=\"article\" \/>\n<meta property=\"og:title\" content=\"Custo m\u00e9dio de indeniza\u00e7\u00e3o por dano moral a passageiro a\u00e9reo \u00e9 de R$ 6,7 mil, mostra estudo\" \/>\n<meta property=\"og:description\" content=\"Sheyla Santos, da Ag\u00eancia iNFRA Estudo da Abear (Associa\u00e7\u00e3o Brasileira das Empresas A\u00e9reas) divulgado nesta quinta-feira (12) aponta que o custo m\u00e9dio das indeniza\u00e7\u00f5es por dano moral ao passageiro a\u00e9reo no pa\u00eds \u00e9 de R$ 6,7 mil, valor dez vezes superior ao custo m\u00e9dio de um bilhete a\u00e9reo, que \u00e9 de R$ 670. O documento [&hellip;]\" \/>\n<meta property=\"og:url\" content=\"https:\/\/agenciainfra.com\/blog\/custo-medio-de-indenizacao-por-dano-moral-a-passageiro-aere-e-de-r-67-mil-mostra-estudo\/\" \/>\n<meta property=\"og:site_name\" content=\"Ag\u00eancia iNFRA\" \/>\n<meta property=\"article:publisher\" content=\"https:\/\/www.facebook.com\/ageninfra\" \/>\n<meta property=\"article:published_time\" content=\"2024-09-17T10:00:00+00:00\" \/>\n<meta property=\"article:modified_time\" content=\"2024-09-20T14:49:47+00:00\" \/>\n<meta property=\"og:image\" content=\"https:\/\/agenciainfra.com\/blog\/wp-content\/uploads\/2021\/09\/aeroporto-de-guarulhos-foto-rovena-rosa-agencia-brasil.jpg\" \/>\n\t<meta property=\"og:image:width\" content=\"1280\" \/>\n\t<meta property=\"og:image:height\" content=\"851\" \/>\n\t<meta property=\"og:image:type\" content=\"image\/jpeg\" \/>\n<meta name=\"author\" content=\"Ag\u00eancia iNFRA\" \/>\n<meta name=\"twitter:card\" content=\"summary_large_image\" \/>\n<meta name=\"twitter:creator\" content=\"@agencia_infra\" \/>\n<meta name=\"twitter:site\" content=\"@agencia_infra\" \/>\n<meta name=\"twitter:label1\" content=\"Escrito por\" \/>\n\t<meta name=\"twitter:data1\" content=\"Ag\u00eancia iNFRA\" \/>\n\t<meta name=\"twitter:label2\" content=\"Est. tempo de leitura\" \/>\n\t<meta name=\"twitter:data2\" content=\"3 minutos\" \/>\n<script type=\"application\/ld+json\" class=\"yoast-schema-graph\">{\"@context\":\"https:\/\/schema.org\",\"@graph\":[{\"@type\":\"Article\",\"@id\":\"https:\/\/agenciainfra.com\/blog\/custo-medio-de-indenizacao-por-dano-moral-a-passageiro-aere-e-de-r-67-mil-mostra-estudo\/#article\",\"isPartOf\":{\"@id\":\"https:\/\/agenciainfra.com\/blog\/custo-medio-de-indenizacao-por-dano-moral-a-passageiro-aere-e-de-r-67-mil-mostra-estudo\/\"},\"author\":{\"name\":\"Ag\u00eancia iNFRA\",\"@id\":\"https:\/\/agenciainfra.com\/blog\/#\/schema\/person\/34af08dff6adea4cb22b06612ba7acfa\"},\"headline\":\"Custo m\u00e9dio de indeniza\u00e7\u00e3o por dano moral a passageiro a\u00e9reo \u00e9 de R$ 6,7 mil, mostra estudo\",\"datePublished\":\"2024-09-17T10:00:00+00:00\",\"dateModified\":\"2024-09-20T14:49:47+00:00\",\"mainEntityOfPage\":{\"@id\":\"https:\/\/agenciainfra.com\/blog\/custo-medio-de-indenizacao-por-dano-moral-a-passageiro-aere-e-de-r-67-mil-mostra-estudo\/\"},\"wordCount\":586,\"publisher\":{\"@id\":\"https:\/\/agenciainfra.com\/blog\/#organization\"},\"image\":{\"@id\":\"https:\/\/agenciainfra.com\/blog\/custo-medio-de-indenizacao-por-dano-moral-a-passageiro-aere-e-de-r-67-mil-mostra-estudo\/#primaryimage\"},\"thumbnailUrl\":\"https:\/\/agenciainfra.com\/blog\/wp-content\/uploads\/2021\/09\/aeroporto-de-guarulhos-foto-rovena-rosa-agencia-brasil.jpg\",\"keywords\":[\"Abear\",\"advocacia predat\u00f3ria\",\"aeroportos\",\"avia\u00e7\u00e3o\",\"empresas a\u00e9reas\",\"jurema monteiro\",\"transportes\"],\"articleSection\":[\"Destaque lista\",\"Destaque Menor\",\"Geral\",\"iNFRATransporte\"],\"inLanguage\":\"pt-BR\",\"copyrightYear\":\"2024\",\"copyrightHolder\":{\"@id\":\"https:\/\/agenciainfra.com\/blog\/#organization\"}},{\"@type\":\"WebPage\",\"@id\":\"https:\/\/agenciainfra.com\/blog\/custo-medio-de-indenizacao-por-dano-moral-a-passageiro-aere-e-de-r-67-mil-mostra-estudo\/\",\"url\":\"https:\/\/agenciainfra.com\/blog\/custo-medio-de-indenizacao-por-dano-moral-a-passageiro-aere-e-de-r-67-mil-mostra-estudo\/\",\"name\":\"Custo m\u00e9dio de indeniza\u00e7\u00e3o por dano moral a passageiro a\u00e9reo \u00e9 de R$ 6,7 mil, mostra estudo - Ag\u00eancia iNFRA\",\"isPartOf\":{\"@id\":\"https:\/\/agenciainfra.com\/blog\/#website\"},\"primaryImageOfPage\":{\"@id\":\"https:\/\/agenciainfra.com\/blog\/custo-medio-de-indenizacao-por-dano-moral-a-passageiro-aere-e-de-r-67-mil-mostra-estudo\/#primaryimage\"},\"image\":{\"@id\":\"https:\/\/agenciainfra.com\/blog\/custo-medio-de-indenizacao-por-dano-moral-a-passageiro-aere-e-de-r-67-mil-mostra-estudo\/#primaryimage\"},\"thumbnailUrl\":\"https:\/\/agenciainfra.com\/blog\/wp-content\/uploads\/2021\/09\/aeroporto-de-guarulhos-foto-rovena-rosa-agencia-brasil.jpg\",\"datePublished\":\"2024-09-17T10:00:00+00:00\",\"dateModified\":\"2024-09-20T14:49:47+00:00\",\"breadcrumb\":{\"@id\":\"https:\/\/agenciainfra.com\/blog\/custo-medio-de-indenizacao-por-dano-moral-a-passageiro-aere-e-de-r-67-mil-mostra-estudo\/#breadcrumb\"},\"inLanguage\":\"pt-BR\",\"potentialAction\":[{\"@type\":\"ReadAction\",\"target\":[\"https:\/\/agenciainfra.com\/blog\/custo-medio-de-indenizacao-por-dano-moral-a-passageiro-aere-e-de-r-67-mil-mostra-estudo\/\"]}]},{\"@type\":\"ImageObject\",\"inLanguage\":\"pt-BR\",\"@id\":\"https:\/\/agenciainfra.com\/blog\/custo-medio-de-indenizacao-por-dano-moral-a-passageiro-aere-e-de-r-67-mil-mostra-estudo\/#primaryimage\",\"url\":\"https:\/\/agenciainfra.com\/blog\/wp-content\/uploads\/2021\/09\/aeroporto-de-guarulhos-foto-rovena-rosa-agencia-brasil.jpg\",\"contentUrl\":\"https:\/\/agenciainfra.com\/blog\/wp-content\/uploads\/2021\/09\/aeroporto-de-guarulhos-foto-rovena-rosa-agencia-brasil.jpg\",\"width\":1280,\"height\":851,\"caption\":\"Foto: Rovena Rosa\/Ag\u00eancia Brasil\"},{\"@type\":\"BreadcrumbList\",\"@id\":\"https:\/\/agenciainfra.com\/blog\/custo-medio-de-indenizacao-por-dano-moral-a-passageiro-aere-e-de-r-67-mil-mostra-estudo\/#breadcrumb\",\"itemListElement\":[{\"@type\":\"ListItem\",\"position\":1,\"name\":\"In\u00edcio\",\"item\":\"https:\/\/agenciainfra.com\/blog\/\"},{\"@type\":\"ListItem\",\"position\":2,\"name\":\"Custo m\u00e9dio de indeniza\u00e7\u00e3o por dano moral a passageiro a\u00e9reo \u00e9 de R$ 6,7 mil, mostra estudo\"}]},{\"@type\":\"WebSite\",\"@id\":\"https:\/\/agenciainfra.com\/blog\/#website\",\"url\":\"https:\/\/agenciainfra.com\/blog\/\",\"name\":\"Ag\u00eancia iNFRA\",\"description\":\"Multiplataforma de informa\u00e7\u00e3o jornal\u00edstica refer\u00eancia na \u00e1rea de infraestrutura no Brasil!\",\"publisher\":{\"@id\":\"https:\/\/agenciainfra.com\/blog\/#organization\"},\"potentialAction\":[{\"@type\":\"SearchAction\",\"target\":{\"@type\":\"EntryPoint\",\"urlTemplate\":\"https:\/\/agenciainfra.com\/blog\/?s={search_term_string}\"},\"query-input\":{\"@type\":\"PropertyValueSpecification\",\"valueRequired\":true,\"valueName\":\"search_term_string\"}}],\"inLanguage\":\"pt-BR\"},{\"@type\":\"Organization\",\"@id\":\"https:\/\/agenciainfra.com\/blog\/#organization\",\"name\":\"Ag\u00eancia iNFRA\",\"url\":\"https:\/\/agenciainfra.com\/blog\/\",\"logo\":{\"@type\":\"ImageObject\",\"inLanguage\":\"pt-BR\",\"@id\":\"https:\/\/agenciainfra.com\/blog\/#\/schema\/logo\/image\/\",\"url\":\"https:\/\/agenciainfra.com\/blog\/wp-content\/uploads\/2023\/09\/iNFRA_5-e1761735885940.png\",\"contentUrl\":\"https:\/\/agenciainfra.com\/blog\/wp-content\/uploads\/2023\/09\/iNFRA_5-e1761735885940.png\",\"width\":1672,\"height\":454,\"caption\":\"Ag\u00eancia iNFRA\"},\"image\":{\"@id\":\"https:\/\/agenciainfra.com\/blog\/#\/schema\/logo\/image\/\"},\"sameAs\":[\"https:\/\/www.facebook.com\/ageninfra\",\"https:\/\/x.com\/agencia_infra\",\"https:\/\/www.linkedin.com\/company\/ag\u00eanciainfra\/\",\"https:\/\/www.instagram.com\/agenciainfra\/\"]},{\"@type\":\"Person\",\"@id\":\"https:\/\/agenciainfra.com\/blog\/#\/schema\/person\/34af08dff6adea4cb22b06612ba7acfa\",\"name\":\"Ag\u00eancia iNFRA\",\"image\":{\"@type\":\"ImageObject\",\"inLanguage\":\"pt-BR\",\"@id\":\"https:\/\/agenciainfra.com\/blog\/#\/schema\/person\/image\/\",\"url\":\"https:\/\/secure.gravatar.com\/avatar\/d189e01678f06d8eb84d4e01f08eb848b3fffe3f8443818d3c356c66892f5be8?s=96&d=mm&r=g\",\"contentUrl\":\"https:\/\/secure.gravatar.com\/avatar\/d189e01678f06d8eb84d4e01f08eb848b3fffe3f8443818d3c356c66892f5be8?s=96&d=mm&r=g\",\"caption\":\"Ag\u00eancia iNFRA\"},\"url\":\"https:\/\/agenciainfra.com\/blog\/author\/admin\/\"}]}<\/script>\n<!-- \/ Yoast SEO Premium plugin. -->","yoast_head_json":{"title":"Custo m\u00e9dio de indeniza\u00e7\u00e3o por dano moral a passageiro a\u00e9reo \u00e9 de R$ 6,7 mil, mostra estudo - Ag\u00eancia iNFRA","robots":{"index":"index","follow":"follow","max-snippet":"max-snippet:-1","max-image-preview":"max-image-preview:large","max-video-preview":"max-video-preview:-1"},"canonical":"https:\/\/agenciainfra.com\/blog\/custo-medio-de-indenizacao-por-dano-moral-a-passageiro-aere-e-de-r-67-mil-mostra-estudo\/","og_locale":"pt_BR","og_type":"article","og_title":"Custo m\u00e9dio de indeniza\u00e7\u00e3o por dano moral a passageiro a\u00e9reo \u00e9 de R$ 6,7 mil, mostra estudo","og_description":"Sheyla Santos, da Ag\u00eancia iNFRA Estudo da Abear (Associa\u00e7\u00e3o Brasileira das Empresas A\u00e9reas) divulgado nesta quinta-feira (12) aponta que o custo m\u00e9dio das indeniza\u00e7\u00f5es por dano moral ao passageiro a\u00e9reo no pa\u00eds \u00e9 de R$ 6,7 mil, valor dez vezes superior ao custo m\u00e9dio de um bilhete a\u00e9reo, que \u00e9 de R$ 670. O documento [&hellip;]","og_url":"https:\/\/agenciainfra.com\/blog\/custo-medio-de-indenizacao-por-dano-moral-a-passageiro-aere-e-de-r-67-mil-mostra-estudo\/","og_site_name":"Ag\u00eancia iNFRA","article_publisher":"https:\/\/www.facebook.com\/ageninfra","article_published_time":"2024-09-17T10:00:00+00:00","article_modified_time":"2024-09-20T14:49:47+00:00","og_image":[{"width":1280,"height":851,"url":"https:\/\/agenciainfra.com\/blog\/wp-content\/uploads\/2021\/09\/aeroporto-de-guarulhos-foto-rovena-rosa-agencia-brasil.jpg","type":"image\/jpeg"}],"author":"Ag\u00eancia iNFRA","twitter_card":"summary_large_image","twitter_creator":"@agencia_infra","twitter_site":"@agencia_infra","twitter_misc":{"Escrito por":"Ag\u00eancia iNFRA","Est. tempo de leitura":"3 minutos"},"schema":{"@context":"https:\/\/schema.org","@graph":[{"@type":"Article","@id":"https:\/\/agenciainfra.com\/blog\/custo-medio-de-indenizacao-por-dano-moral-a-passageiro-aere-e-de-r-67-mil-mostra-estudo\/#article","isPartOf":{"@id":"https:\/\/agenciainfra.com\/blog\/custo-medio-de-indenizacao-por-dano-moral-a-passageiro-aere-e-de-r-67-mil-mostra-estudo\/"},"author":{"name":"Ag\u00eancia iNFRA","@id":"https:\/\/agenciainfra.com\/blog\/#\/schema\/person\/34af08dff6adea4cb22b06612ba7acfa"},"headline":"Custo m\u00e9dio de indeniza\u00e7\u00e3o por dano moral a passageiro a\u00e9reo \u00e9 de R$ 6,7 mil, mostra estudo","datePublished":"2024-09-17T10:00:00+00:00","dateModified":"2024-09-20T14:49:47+00:00","mainEntityOfPage":{"@id":"https:\/\/agenciainfra.com\/blog\/custo-medio-de-indenizacao-por-dano-moral-a-passageiro-aere-e-de-r-67-mil-mostra-estudo\/"},"wordCount":586,"publisher":{"@id":"https:\/\/agenciainfra.com\/blog\/#organization"},"image":{"@id":"https:\/\/agenciainfra.com\/blog\/custo-medio-de-indenizacao-por-dano-moral-a-passageiro-aere-e-de-r-67-mil-mostra-estudo\/#primaryimage"},"thumbnailUrl":"https:\/\/agenciainfra.com\/blog\/wp-content\/uploads\/2021\/09\/aeroporto-de-guarulhos-foto-rovena-rosa-agencia-brasil.jpg","keywords":["Abear","advocacia predat\u00f3ria","aeroportos","avia\u00e7\u00e3o","empresas a\u00e9reas","jurema monteiro","transportes"],"articleSection":["Destaque lista","Destaque Menor","Geral","iNFRATransporte"],"inLanguage":"pt-BR","copyrightYear":"2024","copyrightHolder":{"@id":"https:\/\/agenciainfra.com\/blog\/#organization"}},{"@type":"WebPage","@id":"https:\/\/agenciainfra.com\/blog\/custo-medio-de-indenizacao-por-dano-moral-a-passageiro-aere-e-de-r-67-mil-mostra-estudo\/","url":"https:\/\/agenciainfra.com\/blog\/custo-medio-de-indenizacao-por-dano-moral-a-passageiro-aere-e-de-r-67-mil-mostra-estudo\/","name":"Custo m\u00e9dio de indeniza\u00e7\u00e3o por dano moral a passageiro a\u00e9reo \u00e9 de R$ 6,7 mil, mostra estudo - Ag\u00eancia iNFRA","isPartOf":{"@id":"https:\/\/agenciainfra.com\/blog\/#website"},"primaryImageOfPage":{"@id":"https:\/\/agenciainfra.com\/blog\/custo-medio-de-indenizacao-por-dano-moral-a-passageiro-aere-e-de-r-67-mil-mostra-estudo\/#primaryimage"},"image":{"@id":"https:\/\/agenciainfra.com\/blog\/custo-medio-de-indenizacao-por-dano-moral-a-passageiro-aere-e-de-r-67-mil-mostra-estudo\/#primaryimage"},"thumbnailUrl":"https:\/\/agenciainfra.com\/blog\/wp-content\/uploads\/2021\/09\/aeroporto-de-guarulhos-foto-rovena-rosa-agencia-brasil.jpg","datePublished":"2024-09-17T10:00:00+00:00","dateModified":"2024-09-20T14:49:47+00:00","breadcrumb":{"@id":"https:\/\/agenciainfra.com\/blog\/custo-medio-de-indenizacao-por-dano-moral-a-passageiro-aere-e-de-r-67-mil-mostra-estudo\/#breadcrumb"},"inLanguage":"pt-BR","potentialAction":[{"@type":"ReadAction","target":["https:\/\/agenciainfra.com\/blog\/custo-medio-de-indenizacao-por-dano-moral-a-passageiro-aere-e-de-r-67-mil-mostra-estudo\/"]}]},{"@type":"ImageObject","inLanguage":"pt-BR","@id":"https:\/\/agenciainfra.com\/blog\/custo-medio-de-indenizacao-por-dano-moral-a-passageiro-aere-e-de-r-67-mil-mostra-estudo\/#primaryimage","url":"https:\/\/agenciainfra.com\/blog\/wp-content\/uploads\/2021\/09\/aeroporto-de-guarulhos-foto-rovena-rosa-agencia-brasil.jpg","contentUrl":"https:\/\/agenciainfra.com\/blog\/wp-content\/uploads\/2021\/09\/aeroporto-de-guarulhos-foto-rovena-rosa-agencia-brasil.jpg","width":1280,"height":851,"caption":"Foto: Rovena Rosa\/Ag\u00eancia Brasil"},{"@type":"BreadcrumbList","@id":"https:\/\/agenciainfra.com\/blog\/custo-medio-de-indenizacao-por-dano-moral-a-passageiro-aere-e-de-r-67-mil-mostra-estudo\/#breadcrumb","itemListElement":[{"@type":"ListItem","position":1,"name":"In\u00edcio","item":"https:\/\/agenciainfra.com\/blog\/"},{"@type":"ListItem","position":2,"name":"Custo m\u00e9dio de indeniza\u00e7\u00e3o por dano moral a passageiro a\u00e9reo \u00e9 de R$ 6,7 mil, mostra estudo"}]},{"@type":"WebSite","@id":"https:\/\/agenciainfra.com\/blog\/#website","url":"https:\/\/agenciainfra.com\/blog\/","name":"Ag\u00eancia iNFRA","description":"Multiplataforma de informa\u00e7\u00e3o jornal\u00edstica refer\u00eancia na \u00e1rea de infraestrutura no Brasil!","publisher":{"@id":"https:\/\/agenciainfra.com\/blog\/#organization"},"potentialAction":[{"@type":"SearchAction","target":{"@type":"EntryPoint","urlTemplate":"https:\/\/agenciainfra.com\/blog\/?s={search_term_string}"},"query-input":{"@type":"PropertyValueSpecification","valueRequired":true,"valueName":"search_term_string"}}],"inLanguage":"pt-BR"},{"@type":"Organization","@id":"https:\/\/agenciainfra.com\/blog\/#organization","name":"Ag\u00eancia iNFRA","url":"https:\/\/agenciainfra.com\/blog\/","logo":{"@type":"ImageObject","inLanguage":"pt-BR","@id":"https:\/\/agenciainfra.com\/blog\/#\/schema\/logo\/image\/","url":"https:\/\/agenciainfra.com\/blog\/wp-content\/uploads\/2023\/09\/iNFRA_5-e1761735885940.png","contentUrl":"https:\/\/agenciainfra.com\/blog\/wp-content\/uploads\/2023\/09\/iNFRA_5-e1761735885940.png","width":1672,"height":454,"caption":"Ag\u00eancia iNFRA"},"image":{"@id":"https:\/\/agenciainfra.com\/blog\/#\/schema\/logo\/image\/"},"sameAs":["https:\/\/www.facebook.com\/ageninfra","https:\/\/x.com\/agencia_infra","https:\/\/www.linkedin.com\/company\/ag\u00eanciainfra\/","https:\/\/www.instagram.com\/agenciainfra\/"]},{"@type":"Person","@id":"https:\/\/agenciainfra.com\/blog\/#\/schema\/person\/34af08dff6adea4cb22b06612ba7acfa","name":"Ag\u00eancia iNFRA","image":{"@type":"ImageObject","inLanguage":"pt-BR","@id":"https:\/\/agenciainfra.com\/blog\/#\/schema\/person\/image\/","url":"https:\/\/secure.gravatar.com\/avatar\/d189e01678f06d8eb84d4e01f08eb848b3fffe3f8443818d3c356c66892f5be8?s=96&d=mm&r=g","contentUrl":"https:\/\/secure.gravatar.com\/avatar\/d189e01678f06d8eb84d4e01f08eb848b3fffe3f8443818d3c356c66892f5be8?s=96&d=mm&r=g","caption":"Ag\u00eancia iNFRA"},"url":"https:\/\/agenciainfra.com\/blog\/author\/admin\/"}]}},"_links":{"self":[{"href":"https:\/\/agenciainfra.com\/blog\/wp-json\/wp\/v2\/posts\/18556","targetHints":{"allow":["GET"]}}],"collection":[{"href":"https:\/\/agenciainfra.com\/blog\/wp-json\/wp\/v2\/posts"}],"about":[{"href":"https:\/\/agenciainfra.com\/blog\/wp-json\/wp\/v2\/types\/post"}],"author":[{"embeddable":true,"href":"https:\/\/agenciainfra.com\/blog\/wp-json\/wp\/v2\/users\/1"}],"replies":[{"embeddable":true,"href":"https:\/\/agenciainfra.com\/blog\/wp-json\/wp\/v2\/comments?post=18556"}],"version-history":[{"count":2,"href":"https:\/\/agenciainfra.com\/blog\/wp-json\/wp\/v2\/posts\/18556\/revisions"}],"predecessor-version":[{"id":18578,"href":"https:\/\/agenciainfra.com\/blog\/wp-json\/wp\/v2\/posts\/18556\/revisions\/18578"}],"wp:featuredmedia":[{"embeddable":true,"href":"https:\/\/agenciainfra.com\/blog\/wp-json\/wp\/v2\/media\/8341"}],"wp:attachment":[{"href":"https:\/\/agenciainfra.com\/blog\/wp-json\/wp\/v2\/media?parent=18556"}],"wp:term":[{"taxonomy":"category","embeddable":true,"href":"https:\/\/agenciainfra.com\/blog\/wp-json\/wp\/v2\/categories?post=18556"},{"taxonomy":"post_tag","embeddable":true,"href":"https:\/\/agenciainfra.com\/blog\/wp-json\/wp\/v2\/tags?post=18556"}],"curies":[{"name":"wp","href":"https:\/\/api.w.org\/{rel}","templated":true}]}}