{"id":18573,"date":"2024-09-18T11:00:00","date_gmt":"2024-09-18T14:00:00","guid":{"rendered":"https:\/\/agenciainfra.com\/blog\/?p=18573"},"modified":"2024-09-19T09:16:37","modified_gmt":"2024-09-19T12:16:37","slug":"nova-resolucao-sobre-free-flow-deve-ser-publicada-em-outubro-diz-secretario","status":"publish","type":"post","link":"https:\/\/agenciainfra.com\/blog\/nova-resolucao-sobre-free-flow-deve-ser-publicada-em-outubro-diz-secretario\/","title":{"rendered":"Nova resolu\u00e7\u00e3o sobre free flow deve ser publicada em outubro, diz secret\u00e1rio"},"content":{"rendered":"\n<p class=\"has-text-align-right\"><strong>Sheyla Santos, da Ag\u00eancia iNFRA<\/strong><\/p>\n\n\n\n<p>O secret\u00e1rio nacional de Tr\u00e2nsito, Adrualdo Cat\u00e3o, afirmou \u00e0&nbsp;<strong>Ag\u00eancia iNFRA<\/strong>&nbsp;nesta segunda-feira (16) que a nova resolu\u00e7\u00e3o sobre o free flow (pagamento autom\u00e1tico de ped\u00e1gio) deve ser publicada em outubro, ap\u00f3s&nbsp;a pr\u00f3xima reuni\u00e3o do Contran (Conselho Nacional de Tr\u00e2nsito). Segundo o secret\u00e1rio, o novo texto est\u00e1 bem encaminhado e trar\u00e1 algumas altera\u00e7\u00f5es, com base nas contribui\u00e7\u00f5es obtidas na consulta p\u00fablica sobre o tema.<\/p>\n\n\n\n<p>\u201cFizemos algumas altera\u00e7\u00f5es. Terminado de finalizar isso, vamos submeter ao Contran. J\u00e1 \u00e9 o Contran que vai decidir e sai no outro dia. Est\u00e1 bem encaminhado\u201d, disse durante o evento de abertura da Semana Nacional de Tr\u00e2nsito realizado no Minist\u00e9rio dos Transportes.<\/p>\n\n\n\n<p>Mudan\u00e7as na primeira regulamenta\u00e7\u00e3o do \u00f3rg\u00e3o de tr\u00e2nsito em rela\u00e7\u00e3o ao modelo de ped\u00e1gio sem cancela est\u00e3o sendo trabalhadas desde o ano passado, a pedido da ANTT (Ag\u00eancia Nacional de Transportes Terrestres) e dos governos locais, que solicitaram entre outros ajustes um maior prazo para que os usu\u00e1rios que n\u00e3o pagam recebam multas por evas\u00e3o de ped\u00e1gio (reportagem&nbsp;<a href=\"https:\/\/agenciainfra.us14.list-manage.com\/track\/click?u=d460dd1bcf9ba0ae040e1fc0f&amp;id=ebee1f9179&amp;e=55b7a27fc9\" target=\"_blank\" rel=\"noreferrer noopener\">neste link<\/a>). Um aumento de 15 para 30 dias nesse per\u00edodo est\u00e1 contemplada na proposta que foi a consulta p\u00fablica.<\/p>\n\n\n\n<p><strong>Excesso de velocidade<\/strong><br>Durante o lan\u00e7amento da Semana Nacional do Tr\u00e2nsito, o secret\u00e1rio disse que&nbsp;as&nbsp;a\u00e7\u00f5es de conscientiza\u00e7\u00e3o come\u00e7am oficialmente nesta quarta-feira (18) e v\u00e3o&nbsp;at\u00e9 25 de setembro. No evento, foi anunciado que a frase que nortear\u00e1 as a\u00e7\u00f5es da Secretaria Nacional de Tr\u00e2nsito em 2025 ser\u00e1 \u201cDesacelere. Seu bem maior \u00e9 a vida\u201d. Segundo a diretora do Departamento de Seguran\u00e7a no Tr\u00e2nsito, Maria Alice Nascimento Souza, o excesso de velocidade \u00e9 justamente o fator de risco que mais causa acidentes de tr\u00e2nsito.&nbsp;<\/p>\n\n\n\n<p>\u201cA gente fala muito em motocicleta, em uso de celular ou coisas assim, mas o fator que est\u00e1 por tr\u00e1s disso tudo \u00e9 a velocidade\u201d, afirmou a diretora.<\/p>\n\n\n\n<p>Cat\u00e3o, por sua vez, ressaltou que desde 2021 a m\u00e9dia de mortes no tr\u00e2nsito gira em torno de 34 mil por ano. Diretora do Departamento de An\u00e1lise Epidemiol\u00f3gica do Minist\u00e9rio da Sa\u00fade, Let\u00edcia Cardoso ressaltou que a maioria dos sinistros fatais de tr\u00e2nsito ocorre nos centros urbanos.<\/p>\n\n\n\n<p><strong>Portaria<\/strong><br>\u201cA morte, infelizmente, est\u00e1 nas cidades\u201d, disse o secret\u00e1rio pouco antes de assinar portaria que institucionaliza a rela\u00e7\u00e3o entre a Senatran e os Setrans no \u00e2mbito da execu\u00e7\u00e3o da Pol\u00edtica Nacional de Tr\u00e2nsito nos munic\u00edpios. Conforme previsto em lei, caber\u00e1 aos Setrans implementar, cobrar, coordenar, elaborar relat\u00f3rios e informar \u00e0 Senatran sobre a aplica\u00e7\u00e3o e execu\u00e7\u00e3o da pol\u00edtica.<\/p>\n\n\n\n<p>A Senatran tamb\u00e9m lan\u00e7ou um &#8220;Guia de Medidas de Modera\u00e7\u00e3o de Tr\u00e1fego&#8221;, que orienta os munic\u00edpios em rela\u00e7\u00e3o \u00e0 infraestrutura das modera\u00e7\u00f5es de velocidade, como locais adequados de lombadas, vias mais elevadas e tipos de piso.<\/p>\n\n\n\n<p>O documento, que pode ser lido integralmente&nbsp;<a href=\"https:\/\/agenciainfra.us14.list-manage.com\/track\/click?u=d460dd1bcf9ba0ae040e1fc0f&amp;id=5c7c5130e9&amp;e=55b7a27fc9\" rel=\"noreferrer noopener\" target=\"_blank\">aqui<\/a>, incentiva a pr\u00e1tica de limites de velocidade seguros, por meio de solu\u00e7\u00f5es de infraestrutura e estrat\u00e9gias de fiscaliza\u00e7\u00e3o e semaforiza\u00e7\u00e3o. &#8220;Traz uma s\u00e9rie de coisas da \u00e1rea de engenharia relacionadas aos munic\u00edpios, aos gestores das vias&#8221;, explicou o secret\u00e1rio.&nbsp;<\/p>\n\n\n\n<p><strong>Concession\u00e1rias<\/strong><br>Presidente da AND (Associa\u00e7\u00e3o Nacional dos Detrans), Givaldo Vieira elogiou a parceria das concession\u00e1rias de rodovias nas a\u00e7\u00f5es conjuntas de conscientiza\u00e7\u00e3o e fiscaliza\u00e7\u00e3o.&nbsp;\u201cFortalecer a fiscaliza\u00e7\u00e3o para que, com uma somada a outra, a gente possa ter como resultado um n\u00famero menor de sinistros e um n\u00famero menor de pessoas que perdem suas vidas ou ficam mutiladas por causa desses acidentes.\u201d<\/p>\n","protected":false},"excerpt":{"rendered":"<p>Sheyla Santos, da Ag\u00eancia iNFRA O secret\u00e1rio nacional de Tr\u00e2nsito, Adrualdo Cat\u00e3o, afirmou \u00e0&nbsp;Ag\u00eancia iNFRA&nbsp;nesta segunda-feira (16) que a nova resolu\u00e7\u00e3o sobre o free flow (pagamento autom\u00e1tico de ped\u00e1gio) deve ser publicada em outubro, ap\u00f3s&nbsp;a pr\u00f3xima reuni\u00e3o do Contran (Conselho Nacional de Tr\u00e2nsito). Segundo o secret\u00e1rio, o novo texto est\u00e1 bem encaminhado e trar\u00e1 algumas [&hellip;]<\/p>\n","protected":false},"author":1,"featured_media":11510,"comment_status":"closed","ping_status":"closed","sticky":false,"template":"","format":"standard","meta":{"_monsterinsights_skip_tracking":false,"_monsterinsights_sitenote_active":false,"_monsterinsights_sitenote_note":"","_monsterinsights_sitenote_category":0,"footnotes":""},"categories":[7250,1,7],"tags":[7417,1581,1106,34,16,20,126,7420,8838,1842],"class_list":["post-18573","post","type-post","status-publish","format-standard","has-post-thumbnail","hentry","category-destaque-lista","category-geral","category-infratransporte","tag-adrualdo-catao","tag-contran","tag-free-flow","tag-infraestrutura","tag-ministerio-dos-transportes","tag-pedagio","tag-rodovias","tag-semana-nacional-de-transito","tag-sheyla-santos","tag-transito"],"yoast_head":"<!-- This site is optimized with the Yoast SEO Premium plugin v25.4 (Yoast SEO v26.0) - https:\/\/yoast.com\/wordpress\/plugins\/seo\/ -->\n<title>Nova resolu\u00e7\u00e3o sobre free flow deve ser publicada em outubro, diz secret\u00e1rio - Ag\u00eancia iNFRA<\/title>\n<meta name=\"robots\" content=\"index, follow, max-snippet:-1, max-image-preview:large, max-video-preview:-1\" \/>\n<link rel=\"canonical\" href=\"https:\/\/agenciainfra.com\/blog\/nova-resolucao-sobre-free-flow-deve-ser-publicada-em-outubro-diz-secretario\/\" \/>\n<meta property=\"og:locale\" content=\"pt_BR\" \/>\n<meta property=\"og:type\" content=\"article\" \/>\n<meta property=\"og:title\" content=\"Nova resolu\u00e7\u00e3o sobre free flow deve ser publicada em outubro, diz secret\u00e1rio\" \/>\n<meta property=\"og:description\" content=\"Sheyla Santos, da Ag\u00eancia iNFRA O secret\u00e1rio nacional de Tr\u00e2nsito, Adrualdo Cat\u00e3o, afirmou \u00e0&nbsp;Ag\u00eancia iNFRA&nbsp;nesta segunda-feira (16) que a nova resolu\u00e7\u00e3o sobre o free flow (pagamento autom\u00e1tico de ped\u00e1gio) deve ser publicada em outubro, ap\u00f3s&nbsp;a pr\u00f3xima reuni\u00e3o do Contran (Conselho Nacional de Tr\u00e2nsito). Segundo o secret\u00e1rio, o novo texto est\u00e1 bem encaminhado e trar\u00e1 algumas [&hellip;]\" \/>\n<meta property=\"og:url\" content=\"https:\/\/agenciainfra.com\/blog\/nova-resolucao-sobre-free-flow-deve-ser-publicada-em-outubro-diz-secretario\/\" \/>\n<meta property=\"og:site_name\" content=\"Ag\u00eancia iNFRA\" \/>\n<meta property=\"article:publisher\" content=\"https:\/\/www.facebook.com\/ageninfra\" \/>\n<meta property=\"article:published_time\" content=\"2024-09-18T14:00:00+00:00\" \/>\n<meta property=\"article:modified_time\" content=\"2024-09-19T12:16:37+00:00\" \/>\n<meta property=\"og:image\" content=\"https:\/\/agenciainfra.com\/blog\/wp-content\/uploads\/2022\/10\/free-flow-foto-antt.jpeg\" \/>\n\t<meta property=\"og:image:width\" content=\"1280\" \/>\n\t<meta property=\"og:image:height\" content=\"854\" \/>\n\t<meta property=\"og:image:type\" content=\"image\/jpeg\" \/>\n<meta name=\"author\" content=\"Ag\u00eancia iNFRA\" \/>\n<meta name=\"twitter:card\" content=\"summary_large_image\" \/>\n<meta name=\"twitter:creator\" content=\"@agencia_infra\" \/>\n<meta name=\"twitter:site\" content=\"@agencia_infra\" \/>\n<meta name=\"twitter:label1\" content=\"Escrito por\" \/>\n\t<meta name=\"twitter:data1\" content=\"Ag\u00eancia iNFRA\" \/>\n\t<meta name=\"twitter:label2\" content=\"Est. tempo de leitura\" \/>\n\t<meta name=\"twitter:data2\" content=\"3 minutos\" \/>\n<script type=\"application\/ld+json\" class=\"yoast-schema-graph\">{\"@context\":\"https:\/\/schema.org\",\"@graph\":[{\"@type\":\"Article\",\"@id\":\"https:\/\/agenciainfra.com\/blog\/nova-resolucao-sobre-free-flow-deve-ser-publicada-em-outubro-diz-secretario\/#article\",\"isPartOf\":{\"@id\":\"https:\/\/agenciainfra.com\/blog\/nova-resolucao-sobre-free-flow-deve-ser-publicada-em-outubro-diz-secretario\/\"},\"author\":{\"name\":\"Ag\u00eancia iNFRA\",\"@id\":\"https:\/\/agenciainfra.com\/blog\/#\/schema\/person\/34af08dff6adea4cb22b06612ba7acfa\"},\"headline\":\"Nova resolu\u00e7\u00e3o sobre free flow deve ser publicada em outubro, diz secret\u00e1rio\",\"datePublished\":\"2024-09-18T14:00:00+00:00\",\"dateModified\":\"2024-09-19T12:16:37+00:00\",\"mainEntityOfPage\":{\"@id\":\"https:\/\/agenciainfra.com\/blog\/nova-resolucao-sobre-free-flow-deve-ser-publicada-em-outubro-diz-secretario\/\"},\"wordCount\":653,\"publisher\":{\"@id\":\"https:\/\/agenciainfra.com\/blog\/#organization\"},\"image\":{\"@id\":\"https:\/\/agenciainfra.com\/blog\/nova-resolucao-sobre-free-flow-deve-ser-publicada-em-outubro-diz-secretario\/#primaryimage\"},\"thumbnailUrl\":\"https:\/\/agenciainfra.com\/blog\/wp-content\/uploads\/2022\/10\/free-flow-foto-antt.jpeg\",\"keywords\":[\"Adrualdo Cat\u00e3o\",\"Contran\",\"free flow\",\"Infraestrutura\",\"minist\u00e9rio dos transportes\",\"Ped\u00e1gio\",\"rodovias\",\"Semana Nacional de Tr\u00e2nsito\",\"Sheyla Santos\",\"tr\u00e2nsito\"],\"articleSection\":[\"Destaque lista\",\"Geral\",\"iNFRATransporte\"],\"inLanguage\":\"pt-BR\",\"copyrightYear\":\"2024\",\"copyrightHolder\":{\"@id\":\"https:\/\/agenciainfra.com\/blog\/#organization\"}},{\"@type\":\"WebPage\",\"@id\":\"https:\/\/agenciainfra.com\/blog\/nova-resolucao-sobre-free-flow-deve-ser-publicada-em-outubro-diz-secretario\/\",\"url\":\"https:\/\/agenciainfra.com\/blog\/nova-resolucao-sobre-free-flow-deve-ser-publicada-em-outubro-diz-secretario\/\",\"name\":\"Nova resolu\u00e7\u00e3o sobre free flow deve ser publicada em outubro, diz secret\u00e1rio - Ag\u00eancia iNFRA\",\"isPartOf\":{\"@id\":\"https:\/\/agenciainfra.com\/blog\/#website\"},\"primaryImageOfPage\":{\"@id\":\"https:\/\/agenciainfra.com\/blog\/nova-resolucao-sobre-free-flow-deve-ser-publicada-em-outubro-diz-secretario\/#primaryimage\"},\"image\":{\"@id\":\"https:\/\/agenciainfra.com\/blog\/nova-resolucao-sobre-free-flow-deve-ser-publicada-em-outubro-diz-secretario\/#primaryimage\"},\"thumbnailUrl\":\"https:\/\/agenciainfra.com\/blog\/wp-content\/uploads\/2022\/10\/free-flow-foto-antt.jpeg\",\"datePublished\":\"2024-09-18T14:00:00+00:00\",\"dateModified\":\"2024-09-19T12:16:37+00:00\",\"breadcrumb\":{\"@id\":\"https:\/\/agenciainfra.com\/blog\/nova-resolucao-sobre-free-flow-deve-ser-publicada-em-outubro-diz-secretario\/#breadcrumb\"},\"inLanguage\":\"pt-BR\",\"potentialAction\":[{\"@type\":\"ReadAction\",\"target\":[\"https:\/\/agenciainfra.com\/blog\/nova-resolucao-sobre-free-flow-deve-ser-publicada-em-outubro-diz-secretario\/\"]}]},{\"@type\":\"ImageObject\",\"inLanguage\":\"pt-BR\",\"@id\":\"https:\/\/agenciainfra.com\/blog\/nova-resolucao-sobre-free-flow-deve-ser-publicada-em-outubro-diz-secretario\/#primaryimage\",\"url\":\"https:\/\/agenciainfra.com\/blog\/wp-content\/uploads\/2022\/10\/free-flow-foto-antt.jpeg\",\"contentUrl\":\"https:\/\/agenciainfra.com\/blog\/wp-content\/uploads\/2022\/10\/free-flow-foto-antt.jpeg\",\"width\":1280,\"height\":854,\"caption\":\"SAMSUNG CSC\"},{\"@type\":\"BreadcrumbList\",\"@id\":\"https:\/\/agenciainfra.com\/blog\/nova-resolucao-sobre-free-flow-deve-ser-publicada-em-outubro-diz-secretario\/#breadcrumb\",\"itemListElement\":[{\"@type\":\"ListItem\",\"position\":1,\"name\":\"In\u00edcio\",\"item\":\"https:\/\/agenciainfra.com\/blog\/\"},{\"@type\":\"ListItem\",\"position\":2,\"name\":\"Nova resolu\u00e7\u00e3o sobre free flow deve ser publicada em outubro, diz secret\u00e1rio\"}]},{\"@type\":\"WebSite\",\"@id\":\"https:\/\/agenciainfra.com\/blog\/#website\",\"url\":\"https:\/\/agenciainfra.com\/blog\/\",\"name\":\"Ag\u00eancia iNFRA\",\"description\":\"Multiplataforma de informa\u00e7\u00e3o jornal\u00edstica refer\u00eancia na \u00e1rea de infraestrutura no Brasil!\",\"publisher\":{\"@id\":\"https:\/\/agenciainfra.com\/blog\/#organization\"},\"potentialAction\":[{\"@type\":\"SearchAction\",\"target\":{\"@type\":\"EntryPoint\",\"urlTemplate\":\"https:\/\/agenciainfra.com\/blog\/?s={search_term_string}\"},\"query-input\":{\"@type\":\"PropertyValueSpecification\",\"valueRequired\":true,\"valueName\":\"search_term_string\"}}],\"inLanguage\":\"pt-BR\"},{\"@type\":\"Organization\",\"@id\":\"https:\/\/agenciainfra.com\/blog\/#organization\",\"name\":\"Ag\u00eancia iNFRA\",\"url\":\"https:\/\/agenciainfra.com\/blog\/\",\"logo\":{\"@type\":\"ImageObject\",\"inLanguage\":\"pt-BR\",\"@id\":\"https:\/\/agenciainfra.com\/blog\/#\/schema\/logo\/image\/\",\"url\":\"https:\/\/agenciainfra.com\/blog\/wp-content\/uploads\/2023\/09\/iNFRA_5-e1761735885940.png\",\"contentUrl\":\"https:\/\/agenciainfra.com\/blog\/wp-content\/uploads\/2023\/09\/iNFRA_5-e1761735885940.png\",\"width\":1672,\"height\":454,\"caption\":\"Ag\u00eancia iNFRA\"},\"image\":{\"@id\":\"https:\/\/agenciainfra.com\/blog\/#\/schema\/logo\/image\/\"},\"sameAs\":[\"https:\/\/www.facebook.com\/ageninfra\",\"https:\/\/x.com\/agencia_infra\",\"https:\/\/www.linkedin.com\/company\/ag\u00eanciainfra\/\",\"https:\/\/www.instagram.com\/agenciainfra\/\"]},{\"@type\":\"Person\",\"@id\":\"https:\/\/agenciainfra.com\/blog\/#\/schema\/person\/34af08dff6adea4cb22b06612ba7acfa\",\"name\":\"Ag\u00eancia iNFRA\",\"image\":{\"@type\":\"ImageObject\",\"inLanguage\":\"pt-BR\",\"@id\":\"https:\/\/agenciainfra.com\/blog\/#\/schema\/person\/image\/\",\"url\":\"https:\/\/secure.gravatar.com\/avatar\/d189e01678f06d8eb84d4e01f08eb848b3fffe3f8443818d3c356c66892f5be8?s=96&d=mm&r=g\",\"contentUrl\":\"https:\/\/secure.gravatar.com\/avatar\/d189e01678f06d8eb84d4e01f08eb848b3fffe3f8443818d3c356c66892f5be8?s=96&d=mm&r=g\",\"caption\":\"Ag\u00eancia iNFRA\"},\"url\":\"https:\/\/agenciainfra.com\/blog\/author\/admin\/\"}]}<\/script>\n<!-- \/ Yoast SEO Premium plugin. -->","yoast_head_json":{"title":"Nova resolu\u00e7\u00e3o sobre free flow deve ser publicada em outubro, diz secret\u00e1rio - Ag\u00eancia iNFRA","robots":{"index":"index","follow":"follow","max-snippet":"max-snippet:-1","max-image-preview":"max-image-preview:large","max-video-preview":"max-video-preview:-1"},"canonical":"https:\/\/agenciainfra.com\/blog\/nova-resolucao-sobre-free-flow-deve-ser-publicada-em-outubro-diz-secretario\/","og_locale":"pt_BR","og_type":"article","og_title":"Nova resolu\u00e7\u00e3o sobre free flow deve ser publicada em outubro, diz secret\u00e1rio","og_description":"Sheyla Santos, da Ag\u00eancia iNFRA O secret\u00e1rio nacional de Tr\u00e2nsito, Adrualdo Cat\u00e3o, afirmou \u00e0&nbsp;Ag\u00eancia iNFRA&nbsp;nesta segunda-feira (16) que a nova resolu\u00e7\u00e3o sobre o free flow (pagamento autom\u00e1tico de ped\u00e1gio) deve ser publicada em outubro, ap\u00f3s&nbsp;a pr\u00f3xima reuni\u00e3o do Contran (Conselho Nacional de Tr\u00e2nsito). Segundo o secret\u00e1rio, o novo texto est\u00e1 bem encaminhado e trar\u00e1 algumas [&hellip;]","og_url":"https:\/\/agenciainfra.com\/blog\/nova-resolucao-sobre-free-flow-deve-ser-publicada-em-outubro-diz-secretario\/","og_site_name":"Ag\u00eancia iNFRA","article_publisher":"https:\/\/www.facebook.com\/ageninfra","article_published_time":"2024-09-18T14:00:00+00:00","article_modified_time":"2024-09-19T12:16:37+00:00","og_image":[{"width":1280,"height":854,"url":"https:\/\/agenciainfra.com\/blog\/wp-content\/uploads\/2022\/10\/free-flow-foto-antt.jpeg","type":"image\/jpeg"}],"author":"Ag\u00eancia iNFRA","twitter_card":"summary_large_image","twitter_creator":"@agencia_infra","twitter_site":"@agencia_infra","twitter_misc":{"Escrito por":"Ag\u00eancia iNFRA","Est. tempo de leitura":"3 minutos"},"schema":{"@context":"https:\/\/schema.org","@graph":[{"@type":"Article","@id":"https:\/\/agenciainfra.com\/blog\/nova-resolucao-sobre-free-flow-deve-ser-publicada-em-outubro-diz-secretario\/#article","isPartOf":{"@id":"https:\/\/agenciainfra.com\/blog\/nova-resolucao-sobre-free-flow-deve-ser-publicada-em-outubro-diz-secretario\/"},"author":{"name":"Ag\u00eancia iNFRA","@id":"https:\/\/agenciainfra.com\/blog\/#\/schema\/person\/34af08dff6adea4cb22b06612ba7acfa"},"headline":"Nova resolu\u00e7\u00e3o sobre free flow deve ser publicada em outubro, diz secret\u00e1rio","datePublished":"2024-09-18T14:00:00+00:00","dateModified":"2024-09-19T12:16:37+00:00","mainEntityOfPage":{"@id":"https:\/\/agenciainfra.com\/blog\/nova-resolucao-sobre-free-flow-deve-ser-publicada-em-outubro-diz-secretario\/"},"wordCount":653,"publisher":{"@id":"https:\/\/agenciainfra.com\/blog\/#organization"},"image":{"@id":"https:\/\/agenciainfra.com\/blog\/nova-resolucao-sobre-free-flow-deve-ser-publicada-em-outubro-diz-secretario\/#primaryimage"},"thumbnailUrl":"https:\/\/agenciainfra.com\/blog\/wp-content\/uploads\/2022\/10\/free-flow-foto-antt.jpeg","keywords":["Adrualdo Cat\u00e3o","Contran","free flow","Infraestrutura","minist\u00e9rio dos transportes","Ped\u00e1gio","rodovias","Semana Nacional de Tr\u00e2nsito","Sheyla Santos","tr\u00e2nsito"],"articleSection":["Destaque lista","Geral","iNFRATransporte"],"inLanguage":"pt-BR","copyrightYear":"2024","copyrightHolder":{"@id":"https:\/\/agenciainfra.com\/blog\/#organization"}},{"@type":"WebPage","@id":"https:\/\/agenciainfra.com\/blog\/nova-resolucao-sobre-free-flow-deve-ser-publicada-em-outubro-diz-secretario\/","url":"https:\/\/agenciainfra.com\/blog\/nova-resolucao-sobre-free-flow-deve-ser-publicada-em-outubro-diz-secretario\/","name":"Nova resolu\u00e7\u00e3o sobre free flow deve ser publicada em outubro, diz secret\u00e1rio - Ag\u00eancia iNFRA","isPartOf":{"@id":"https:\/\/agenciainfra.com\/blog\/#website"},"primaryImageOfPage":{"@id":"https:\/\/agenciainfra.com\/blog\/nova-resolucao-sobre-free-flow-deve-ser-publicada-em-outubro-diz-secretario\/#primaryimage"},"image":{"@id":"https:\/\/agenciainfra.com\/blog\/nova-resolucao-sobre-free-flow-deve-ser-publicada-em-outubro-diz-secretario\/#primaryimage"},"thumbnailUrl":"https:\/\/agenciainfra.com\/blog\/wp-content\/uploads\/2022\/10\/free-flow-foto-antt.jpeg","datePublished":"2024-09-18T14:00:00+00:00","dateModified":"2024-09-19T12:16:37+00:00","breadcrumb":{"@id":"https:\/\/agenciainfra.com\/blog\/nova-resolucao-sobre-free-flow-deve-ser-publicada-em-outubro-diz-secretario\/#breadcrumb"},"inLanguage":"pt-BR","potentialAction":[{"@type":"ReadAction","target":["https:\/\/agenciainfra.com\/blog\/nova-resolucao-sobre-free-flow-deve-ser-publicada-em-outubro-diz-secretario\/"]}]},{"@type":"ImageObject","inLanguage":"pt-BR","@id":"https:\/\/agenciainfra.com\/blog\/nova-resolucao-sobre-free-flow-deve-ser-publicada-em-outubro-diz-secretario\/#primaryimage","url":"https:\/\/agenciainfra.com\/blog\/wp-content\/uploads\/2022\/10\/free-flow-foto-antt.jpeg","contentUrl":"https:\/\/agenciainfra.com\/blog\/wp-content\/uploads\/2022\/10\/free-flow-foto-antt.jpeg","width":1280,"height":854,"caption":"SAMSUNG CSC"},{"@type":"BreadcrumbList","@id":"https:\/\/agenciainfra.com\/blog\/nova-resolucao-sobre-free-flow-deve-ser-publicada-em-outubro-diz-secretario\/#breadcrumb","itemListElement":[{"@type":"ListItem","position":1,"name":"In\u00edcio","item":"https:\/\/agenciainfra.com\/blog\/"},{"@type":"ListItem","position":2,"name":"Nova resolu\u00e7\u00e3o sobre free flow deve ser publicada em outubro, diz secret\u00e1rio"}]},{"@type":"WebSite","@id":"https:\/\/agenciainfra.com\/blog\/#website","url":"https:\/\/agenciainfra.com\/blog\/","name":"Ag\u00eancia iNFRA","description":"Multiplataforma de informa\u00e7\u00e3o jornal\u00edstica refer\u00eancia na \u00e1rea de infraestrutura no Brasil!","publisher":{"@id":"https:\/\/agenciainfra.com\/blog\/#organization"},"potentialAction":[{"@type":"SearchAction","target":{"@type":"EntryPoint","urlTemplate":"https:\/\/agenciainfra.com\/blog\/?s={search_term_string}"},"query-input":{"@type":"PropertyValueSpecification","valueRequired":true,"valueName":"search_term_string"}}],"inLanguage":"pt-BR"},{"@type":"Organization","@id":"https:\/\/agenciainfra.com\/blog\/#organization","name":"Ag\u00eancia iNFRA","url":"https:\/\/agenciainfra.com\/blog\/","logo":{"@type":"ImageObject","inLanguage":"pt-BR","@id":"https:\/\/agenciainfra.com\/blog\/#\/schema\/logo\/image\/","url":"https:\/\/agenciainfra.com\/blog\/wp-content\/uploads\/2023\/09\/iNFRA_5-e1761735885940.png","contentUrl":"https:\/\/agenciainfra.com\/blog\/wp-content\/uploads\/2023\/09\/iNFRA_5-e1761735885940.png","width":1672,"height":454,"caption":"Ag\u00eancia iNFRA"},"image":{"@id":"https:\/\/agenciainfra.com\/blog\/#\/schema\/logo\/image\/"},"sameAs":["https:\/\/www.facebook.com\/ageninfra","https:\/\/x.com\/agencia_infra","https:\/\/www.linkedin.com\/company\/ag\u00eanciainfra\/","https:\/\/www.instagram.com\/agenciainfra\/"]},{"@type":"Person","@id":"https:\/\/agenciainfra.com\/blog\/#\/schema\/person\/34af08dff6adea4cb22b06612ba7acfa","name":"Ag\u00eancia iNFRA","image":{"@type":"ImageObject","inLanguage":"pt-BR","@id":"https:\/\/agenciainfra.com\/blog\/#\/schema\/person\/image\/","url":"https:\/\/secure.gravatar.com\/avatar\/d189e01678f06d8eb84d4e01f08eb848b3fffe3f8443818d3c356c66892f5be8?s=96&d=mm&r=g","contentUrl":"https:\/\/secure.gravatar.com\/avatar\/d189e01678f06d8eb84d4e01f08eb848b3fffe3f8443818d3c356c66892f5be8?s=96&d=mm&r=g","caption":"Ag\u00eancia iNFRA"},"url":"https:\/\/agenciainfra.com\/blog\/author\/admin\/"}]}},"_links":{"self":[{"href":"https:\/\/agenciainfra.com\/blog\/wp-json\/wp\/v2\/posts\/18573","targetHints":{"allow":["GET"]}}],"collection":[{"href":"https:\/\/agenciainfra.com\/blog\/wp-json\/wp\/v2\/posts"}],"about":[{"href":"https:\/\/agenciainfra.com\/blog\/wp-json\/wp\/v2\/types\/post"}],"author":[{"embeddable":true,"href":"https:\/\/agenciainfra.com\/blog\/wp-json\/wp\/v2\/users\/1"}],"replies":[{"embeddable":true,"href":"https:\/\/agenciainfra.com\/blog\/wp-json\/wp\/v2\/comments?post=18573"}],"version-history":[{"count":1,"href":"https:\/\/agenciainfra.com\/blog\/wp-json\/wp\/v2\/posts\/18573\/revisions"}],"predecessor-version":[{"id":18574,"href":"https:\/\/agenciainfra.com\/blog\/wp-json\/wp\/v2\/posts\/18573\/revisions\/18574"}],"wp:featuredmedia":[{"embeddable":true,"href":"https:\/\/agenciainfra.com\/blog\/wp-json\/wp\/v2\/media\/11510"}],"wp:attachment":[{"href":"https:\/\/agenciainfra.com\/blog\/wp-json\/wp\/v2\/media?parent=18573"}],"wp:term":[{"taxonomy":"category","embeddable":true,"href":"https:\/\/agenciainfra.com\/blog\/wp-json\/wp\/v2\/categories?post=18573"},{"taxonomy":"post_tag","embeddable":true,"href":"https:\/\/agenciainfra.com\/blog\/wp-json\/wp\/v2\/tags?post=18573"}],"curies":[{"name":"wp","href":"https:\/\/api.w.org\/{rel}","templated":true}]}}