{"id":18579,"date":"2024-09-18T10:00:00","date_gmt":"2024-09-18T13:00:00","guid":{"rendered":"https:\/\/agenciainfra.com\/blog\/?p=18579"},"modified":"2024-09-18T10:00:54","modified_gmt":"2024-09-18T13:00:54","slug":"diretor-ironiza-demora-em-preencher-vaga-na-aneel-mas-governo-diz-que-nome-esta-no-planalto-ha-dois-meses","status":"publish","type":"post","link":"https:\/\/agenciainfra.com\/blog\/diretor-ironiza-demora-em-preencher-vaga-na-aneel-mas-governo-diz-que-nome-esta-no-planalto-ha-dois-meses\/","title":{"rendered":"Diretor ironiza demora em preencher vaga na ANEEL, mas governo diz que nome est\u00e1 no Planalto h\u00e1 dois meses"},"content":{"rendered":"\n<p class=\"has-text-align-right\"><strong>Marisa Wanzeller, da\u00a0Ag\u00eancia iNFRA<\/strong><\/p>\n\n\n\n<p>O diretor da ANEEL (Ag\u00eancia Nacional de Energia El\u00e9trica) Fernando Mosna ironizou nesta ter\u00e7a-feira (17) a demora do MME (Minist\u00e9rio de Minas e Energia) para indicar um nome \u00e0 cadeira vaga no colegiado desde maio deste ano. A aus\u00eancia de um quinto diretor tem levado a empates e impedido a conclus\u00e3o de processos.<\/p>\n\n\n\n<p>Ap\u00f3s a fala do diretor, fontes do governo informaram \u00e0&nbsp;<strong>Ag\u00eancia iNFRA<\/strong>&nbsp;que o secret\u00e1rio nacional de Energia El\u00e9trica, Gentil Nogueira, j\u00e1 foi recomendado ao Planalto h\u00e1 60 dias. Agora, cabe ao presidente Lula a indica\u00e7\u00e3o oficial ao Senado, casa respons\u00e1vel pela sabatina das autoridades escolhidas pela Presid\u00eancia da Rep\u00fablica para assumir cargos p\u00fablicos.<\/p>\n\n\n\n<p>N\u00e3o houve at\u00e9 o momento o envio de mensagem presidencial ao Legislativo oficializando a indica\u00e7\u00e3o do secret\u00e1rio.&nbsp;<\/p>\n\n\n\n<p><strong>Preju\u00edzo \u00e0 linha de transmiss\u00e3o&nbsp;<\/strong><br>Desta vez, a falta de maioria no colegiado poder\u00e1 prejudicar a emiss\u00e3o de licen\u00e7a para opera\u00e7\u00e3o da LT (Linha de Transmiss\u00e3o) que interliga Feij\u00f3 e Cruzeiro do Sul, no Acre, prevista para outubro. Sem a decis\u00e3o da diretoria, o agente n\u00e3o consegue avan\u00e7ar nos estudos ou concluir o projeto, segundo explicou a \u00e1rea t\u00e9cnica da ANEEL.&nbsp;<\/p>\n\n\n\n<p>&#8220;Temos tempo para ter um quinto diretor, seja indicado pelo presidente e sabatinado pelo Senado, seja por lista de substitui\u00e7\u00e3o. Tenho certeza que com toda a presteza e celeridade que o MME emprega, n\u00e3o far\u00e1 com que esse empreendimento sofra qualquer tipo de consequ\u00eancia&#8221;, ironizou o diretor Fernando Mosna ao constatar que a ag\u00eancia precisaria decidir sobre o tema at\u00e9 o pr\u00f3ximo m\u00eas.&nbsp;<\/p>\n\n\n\n<p>O MME j\u00e1 ressaltou a import\u00e2ncia do empreendimento para redu\u00e7\u00e3o das despesas com gera\u00e7\u00e3o de energia el\u00e9trica local arcadas, em parte, pela CCC (Conta de Consumo de Combust\u00edveis), destacou a diretora Agnes Costa em seu voto.<\/p>\n\n\n\n<p><strong>Tra\u00e7ado em terra ind\u00edgena<\/strong><br>A Transmissora Acre, respons\u00e1vel pela linha, solicita a flexibiliza\u00e7\u00e3o do contrato, que diz que o tra\u00e7ado&nbsp;n\u00e3o poderia passar por \u00e1rea ind\u00edgena. O projeto chegou a sofrer caducidade em concess\u00e3o anterior, \u00e0 Eletronorte, por falta de licenciamento ambiental.<\/p>\n\n\n\n<p>Contudo, desta vez, o Ibama (Instituto Brasileiro do Meio Ambiente e dos Recursos Naturais Renov\u00e1veis) autorizou a constru\u00e7\u00e3o atravessando a tribo Campinas\/Katukina e margeando a BR-364.<\/p>\n\n\n\n<p>O relator, diretor Ricardo Tili, votou por permitir a flexibiliza\u00e7\u00e3o do contrato, mas reduzir a RAP (Receita Anual Permitida) da transmissora. Se aprovado, seu voto ainda instaura processo administrativo punitivo relacionado \u00e0 &#8220;conduta inadequada&#8221; do agente em prosseguir a execu\u00e7\u00e3o de obras em desconformidade com requisitos impostos no contrato de concess\u00e3o. Ele foi acompanhado pelo diretor Fernando Mosna.&nbsp;<\/p>\n\n\n\n<p>A diretora Agnes Costa apresentou voto-vista e foi acompanhada pelo diretor-geral, Sandoval Feitosa. Eles entendem que &#8220;a modelagem de concess\u00e3o dos servi\u00e7os de transmiss\u00e3o utilizada pela ag\u00eancia tradicionalmente pressup\u00f5e a liberdade de tra\u00e7ado&#8221; e que a flexibiliza\u00e7\u00e3o necess\u00e1ria &#8220;\u00e9 de natureza locacional e n\u00e3o t\u00e9cnica&#8221;, sendo alheia \u00e0s compet\u00eancias da ag\u00eancia. De tal forma que n\u00e3o justificaria a redu\u00e7\u00e3o da RAP.<\/p>\n\n\n\n<p><strong>Desalinhamento ao governo<\/strong><br>O ministro Alexandre Silveira tem feito reiteradas cr\u00edticas \u00e0 ANEEL e destacou que o problema est\u00e1 no \u00e2mbito da diretoria, n\u00e3o dos t\u00e9cnicos. Na sua avalia\u00e7\u00e3o, a ag\u00eancia &#8220;n\u00e3o est\u00e1 alinhada com o governo&#8221;.<\/p>\n\n\n\n<p>&#8220;Elas [as ag\u00eancias] devem se restringir ao papel de reguladoras, elas n\u00e3o podem contestar formula\u00e7\u00e3o de pol\u00edtica p\u00fablica&#8221;, disse \u00e0 imprensa na \u00faltima semana. Silveira tamb\u00e9m&nbsp;<a href=\"https:\/\/agenciainfra.us14.list-manage.com\/track\/click?u=d460dd1bcf9ba0ae040e1fc0f&amp;id=f6db38b998&amp;e=55b7a27fc9\" target=\"_blank\" rel=\"noreferrer noopener\">disse em entrevista<\/a>&nbsp;a podcast do Brazil Journal que as ag\u00eancias &#8220;est\u00e3o se escondendo atr\u00e1s de pseudos mandatos para se tornarem pequenos n\u00facleos de poder&#8221;.<\/p>\n","protected":false},"excerpt":{"rendered":"<p>Marisa Wanzeller, da\u00a0Ag\u00eancia iNFRA O diretor da ANEEL (Ag\u00eancia Nacional de Energia El\u00e9trica) Fernando Mosna ironizou nesta ter\u00e7a-feira (17) a demora do MME (Minist\u00e9rio de Minas e Energia) para indicar um nome \u00e0 cadeira vaga no colegiado desde maio deste ano. A aus\u00eancia de um quinto diretor tem levado a empates e impedido a conclus\u00e3o [&hellip;]<\/p>\n","protected":false},"author":1,"featured_media":10058,"comment_status":"closed","ping_status":"closed","sticky":false,"template":"","format":"standard","meta":{"_monsterinsights_skip_tracking":false,"_monsterinsights_sitenote_active":false,"_monsterinsights_sitenote_note":"","_monsterinsights_sitenote_category":0,"footnotes":""},"categories":[7250,1,10],"tags":[72,46,6800,6040,53,7014,6781,11480,648,580,7366,71,1026,11479],"class_list":["post-18579","post","type-post","status-publish","format-standard","has-post-thumbnail","hentry","category-destaque-lista","category-geral","category-infraenergia","tag-agencia-reguladora","tag-agencias-reguladoras","tag-agnes-costa","tag-alexandre-silveira","tag-aneel","tag-fernando-mosna","tag-gentil-nogueira","tag-helvio-guerra-2","tag-linha-de-transmissao","tag-lula","tag-marisa-wanzeller","tag-mme","tag-sandoval-feitosa","tag-transmissora-acre"],"yoast_head":"<!-- This site is optimized with the Yoast SEO Premium plugin v25.4 (Yoast SEO v26.0) - https:\/\/yoast.com\/wordpress\/plugins\/seo\/ -->\n<title>Diretor ironiza demora em preencher vaga na ANEEL, mas governo diz que nome est\u00e1 no Planalto h\u00e1 dois meses - Ag\u00eancia iNFRA<\/title>\n<meta name=\"robots\" content=\"index, follow, max-snippet:-1, max-image-preview:large, max-video-preview:-1\" \/>\n<link rel=\"canonical\" href=\"https:\/\/agenciainfra.com\/blog\/diretor-ironiza-demora-em-preencher-vaga-na-aneel-mas-governo-diz-que-nome-esta-no-planalto-ha-dois-meses\/\" \/>\n<meta property=\"og:locale\" content=\"pt_BR\" \/>\n<meta property=\"og:type\" content=\"article\" \/>\n<meta property=\"og:title\" content=\"Diretor ironiza demora em preencher vaga na ANEEL, mas governo diz que nome est\u00e1 no Planalto h\u00e1 dois meses\" \/>\n<meta property=\"og:description\" content=\"Marisa Wanzeller, da\u00a0Ag\u00eancia iNFRA O diretor da ANEEL (Ag\u00eancia Nacional de Energia El\u00e9trica) Fernando Mosna ironizou nesta ter\u00e7a-feira (17) a demora do MME (Minist\u00e9rio de Minas e Energia) para indicar um nome \u00e0 cadeira vaga no colegiado desde maio deste ano. A aus\u00eancia de um quinto diretor tem levado a empates e impedido a conclus\u00e3o [&hellip;]\" \/>\n<meta property=\"og:url\" content=\"https:\/\/agenciainfra.com\/blog\/diretor-ironiza-demora-em-preencher-vaga-na-aneel-mas-governo-diz-que-nome-esta-no-planalto-ha-dois-meses\/\" \/>\n<meta property=\"og:site_name\" content=\"Ag\u00eancia iNFRA\" \/>\n<meta property=\"article:publisher\" content=\"https:\/\/www.facebook.com\/ageninfra\" \/>\n<meta property=\"article:published_time\" content=\"2024-09-18T13:00:00+00:00\" \/>\n<meta property=\"article:modified_time\" content=\"2024-09-18T13:00:54+00:00\" \/>\n<meta property=\"og:image\" content=\"https:\/\/agenciainfra.com\/blog\/wp-content\/uploads\/2022\/04\/fernando-luiz-mosna-ferreira-foto-pedro-franca-agencia-senado.jpeg\" \/>\n\t<meta property=\"og:image:width\" content=\"1280\" \/>\n\t<meta property=\"og:image:height\" content=\"853\" \/>\n\t<meta property=\"og:image:type\" content=\"image\/jpeg\" \/>\n<meta name=\"author\" content=\"Ag\u00eancia iNFRA\" \/>\n<meta name=\"twitter:card\" content=\"summary_large_image\" \/>\n<meta name=\"twitter:creator\" content=\"@agencia_infra\" \/>\n<meta name=\"twitter:site\" content=\"@agencia_infra\" \/>\n<meta name=\"twitter:label1\" content=\"Escrito por\" \/>\n\t<meta name=\"twitter:data1\" content=\"Ag\u00eancia iNFRA\" \/>\n\t<meta name=\"twitter:label2\" content=\"Est. tempo de leitura\" \/>\n\t<meta name=\"twitter:data2\" content=\"3 minutos\" \/>\n<script type=\"application\/ld+json\" class=\"yoast-schema-graph\">{\"@context\":\"https:\/\/schema.org\",\"@graph\":[{\"@type\":\"Article\",\"@id\":\"https:\/\/agenciainfra.com\/blog\/diretor-ironiza-demora-em-preencher-vaga-na-aneel-mas-governo-diz-que-nome-esta-no-planalto-ha-dois-meses\/#article\",\"isPartOf\":{\"@id\":\"https:\/\/agenciainfra.com\/blog\/diretor-ironiza-demora-em-preencher-vaga-na-aneel-mas-governo-diz-que-nome-esta-no-planalto-ha-dois-meses\/\"},\"author\":{\"name\":\"Ag\u00eancia iNFRA\",\"@id\":\"https:\/\/agenciainfra.com\/blog\/#\/schema\/person\/34af08dff6adea4cb22b06612ba7acfa\"},\"headline\":\"Diretor ironiza demora em preencher vaga na ANEEL, mas governo diz que nome est\u00e1 no Planalto h\u00e1 dois meses\",\"datePublished\":\"2024-09-18T13:00:00+00:00\",\"dateModified\":\"2024-09-18T13:00:54+00:00\",\"mainEntityOfPage\":{\"@id\":\"https:\/\/agenciainfra.com\/blog\/diretor-ironiza-demora-em-preencher-vaga-na-aneel-mas-governo-diz-que-nome-esta-no-planalto-ha-dois-meses\/\"},\"wordCount\":667,\"publisher\":{\"@id\":\"https:\/\/agenciainfra.com\/blog\/#organization\"},\"image\":{\"@id\":\"https:\/\/agenciainfra.com\/blog\/diretor-ironiza-demora-em-preencher-vaga-na-aneel-mas-governo-diz-que-nome-esta-no-planalto-ha-dois-meses\/#primaryimage\"},\"thumbnailUrl\":\"https:\/\/agenciainfra.com\/blog\/wp-content\/uploads\/2022\/04\/fernando-luiz-mosna-ferreira-foto-pedro-franca-agencia-senado.jpeg\",\"keywords\":[\"ag\u00eancia reguladora\",\"Ag\u00eancias Reguladoras\",\"Agnes Costa\",\"Alexandre Silveira\",\"ANEEL\",\"Fernando Mosna\",\"Gentil Nogueira\",\"Helvio Guerra\",\"Linha de Transmiss\u00e3o\",\"Lula\",\"Marisa Wanzeller\",\"MME\",\"Sandoval Feitosa\",\"Transmissora Acre\"],\"articleSection\":[\"Destaque lista\",\"Geral\",\"iNFRAEnergia\"],\"inLanguage\":\"pt-BR\",\"copyrightYear\":\"2024\",\"copyrightHolder\":{\"@id\":\"https:\/\/agenciainfra.com\/blog\/#organization\"}},{\"@type\":\"WebPage\",\"@id\":\"https:\/\/agenciainfra.com\/blog\/diretor-ironiza-demora-em-preencher-vaga-na-aneel-mas-governo-diz-que-nome-esta-no-planalto-ha-dois-meses\/\",\"url\":\"https:\/\/agenciainfra.com\/blog\/diretor-ironiza-demora-em-preencher-vaga-na-aneel-mas-governo-diz-que-nome-esta-no-planalto-ha-dois-meses\/\",\"name\":\"Diretor ironiza demora em preencher vaga na ANEEL, mas governo diz que nome est\u00e1 no Planalto h\u00e1 dois meses - Ag\u00eancia iNFRA\",\"isPartOf\":{\"@id\":\"https:\/\/agenciainfra.com\/blog\/#website\"},\"primaryImageOfPage\":{\"@id\":\"https:\/\/agenciainfra.com\/blog\/diretor-ironiza-demora-em-preencher-vaga-na-aneel-mas-governo-diz-que-nome-esta-no-planalto-ha-dois-meses\/#primaryimage\"},\"image\":{\"@id\":\"https:\/\/agenciainfra.com\/blog\/diretor-ironiza-demora-em-preencher-vaga-na-aneel-mas-governo-diz-que-nome-esta-no-planalto-ha-dois-meses\/#primaryimage\"},\"thumbnailUrl\":\"https:\/\/agenciainfra.com\/blog\/wp-content\/uploads\/2022\/04\/fernando-luiz-mosna-ferreira-foto-pedro-franca-agencia-senado.jpeg\",\"datePublished\":\"2024-09-18T13:00:00+00:00\",\"dateModified\":\"2024-09-18T13:00:54+00:00\",\"breadcrumb\":{\"@id\":\"https:\/\/agenciainfra.com\/blog\/diretor-ironiza-demora-em-preencher-vaga-na-aneel-mas-governo-diz-que-nome-esta-no-planalto-ha-dois-meses\/#breadcrumb\"},\"inLanguage\":\"pt-BR\",\"potentialAction\":[{\"@type\":\"ReadAction\",\"target\":[\"https:\/\/agenciainfra.com\/blog\/diretor-ironiza-demora-em-preencher-vaga-na-aneel-mas-governo-diz-que-nome-esta-no-planalto-ha-dois-meses\/\"]}]},{\"@type\":\"ImageObject\",\"inLanguage\":\"pt-BR\",\"@id\":\"https:\/\/agenciainfra.com\/blog\/diretor-ironiza-demora-em-preencher-vaga-na-aneel-mas-governo-diz-que-nome-esta-no-planalto-ha-dois-meses\/#primaryimage\",\"url\":\"https:\/\/agenciainfra.com\/blog\/wp-content\/uploads\/2022\/04\/fernando-luiz-mosna-ferreira-foto-pedro-franca-agencia-senado.jpeg\",\"contentUrl\":\"https:\/\/agenciainfra.com\/blog\/wp-content\/uploads\/2022\/04\/fernando-luiz-mosna-ferreira-foto-pedro-franca-agencia-senado.jpeg\",\"width\":1280,\"height\":853,\"caption\":\"Foto: Pedro Fran\u00e7a\/Ag\u00eancia Senado\"},{\"@type\":\"BreadcrumbList\",\"@id\":\"https:\/\/agenciainfra.com\/blog\/diretor-ironiza-demora-em-preencher-vaga-na-aneel-mas-governo-diz-que-nome-esta-no-planalto-ha-dois-meses\/#breadcrumb\",\"itemListElement\":[{\"@type\":\"ListItem\",\"position\":1,\"name\":\"In\u00edcio\",\"item\":\"https:\/\/agenciainfra.com\/blog\/\"},{\"@type\":\"ListItem\",\"position\":2,\"name\":\"Diretor ironiza demora em preencher vaga na ANEEL, mas governo diz que nome est\u00e1 no Planalto h\u00e1 dois meses\"}]},{\"@type\":\"WebSite\",\"@id\":\"https:\/\/agenciainfra.com\/blog\/#website\",\"url\":\"https:\/\/agenciainfra.com\/blog\/\",\"name\":\"Ag\u00eancia iNFRA\",\"description\":\"Multiplataforma de informa\u00e7\u00e3o jornal\u00edstica refer\u00eancia na \u00e1rea de infraestrutura no Brasil!\",\"publisher\":{\"@id\":\"https:\/\/agenciainfra.com\/blog\/#organization\"},\"potentialAction\":[{\"@type\":\"SearchAction\",\"target\":{\"@type\":\"EntryPoint\",\"urlTemplate\":\"https:\/\/agenciainfra.com\/blog\/?s={search_term_string}\"},\"query-input\":{\"@type\":\"PropertyValueSpecification\",\"valueRequired\":true,\"valueName\":\"search_term_string\"}}],\"inLanguage\":\"pt-BR\"},{\"@type\":\"Organization\",\"@id\":\"https:\/\/agenciainfra.com\/blog\/#organization\",\"name\":\"Ag\u00eancia iNFRA\",\"url\":\"https:\/\/agenciainfra.com\/blog\/\",\"logo\":{\"@type\":\"ImageObject\",\"inLanguage\":\"pt-BR\",\"@id\":\"https:\/\/agenciainfra.com\/blog\/#\/schema\/logo\/image\/\",\"url\":\"https:\/\/agenciainfra.com\/blog\/wp-content\/uploads\/2023\/09\/iNFRA_5-e1761735885940.png\",\"contentUrl\":\"https:\/\/agenciainfra.com\/blog\/wp-content\/uploads\/2023\/09\/iNFRA_5-e1761735885940.png\",\"width\":1672,\"height\":454,\"caption\":\"Ag\u00eancia iNFRA\"},\"image\":{\"@id\":\"https:\/\/agenciainfra.com\/blog\/#\/schema\/logo\/image\/\"},\"sameAs\":[\"https:\/\/www.facebook.com\/ageninfra\",\"https:\/\/x.com\/agencia_infra\",\"https:\/\/www.linkedin.com\/company\/ag\u00eanciainfra\/\",\"https:\/\/www.instagram.com\/agenciainfra\/\"]},{\"@type\":\"Person\",\"@id\":\"https:\/\/agenciainfra.com\/blog\/#\/schema\/person\/34af08dff6adea4cb22b06612ba7acfa\",\"name\":\"Ag\u00eancia iNFRA\",\"image\":{\"@type\":\"ImageObject\",\"inLanguage\":\"pt-BR\",\"@id\":\"https:\/\/agenciainfra.com\/blog\/#\/schema\/person\/image\/\",\"url\":\"https:\/\/secure.gravatar.com\/avatar\/d189e01678f06d8eb84d4e01f08eb848b3fffe3f8443818d3c356c66892f5be8?s=96&d=mm&r=g\",\"contentUrl\":\"https:\/\/secure.gravatar.com\/avatar\/d189e01678f06d8eb84d4e01f08eb848b3fffe3f8443818d3c356c66892f5be8?s=96&d=mm&r=g\",\"caption\":\"Ag\u00eancia iNFRA\"},\"url\":\"https:\/\/agenciainfra.com\/blog\/author\/admin\/\"}]}<\/script>\n<!-- \/ Yoast SEO Premium plugin. -->","yoast_head_json":{"title":"Diretor ironiza demora em preencher vaga na ANEEL, mas governo diz que nome est\u00e1 no Planalto h\u00e1 dois meses - Ag\u00eancia iNFRA","robots":{"index":"index","follow":"follow","max-snippet":"max-snippet:-1","max-image-preview":"max-image-preview:large","max-video-preview":"max-video-preview:-1"},"canonical":"https:\/\/agenciainfra.com\/blog\/diretor-ironiza-demora-em-preencher-vaga-na-aneel-mas-governo-diz-que-nome-esta-no-planalto-ha-dois-meses\/","og_locale":"pt_BR","og_type":"article","og_title":"Diretor ironiza demora em preencher vaga na ANEEL, mas governo diz que nome est\u00e1 no Planalto h\u00e1 dois meses","og_description":"Marisa Wanzeller, da\u00a0Ag\u00eancia iNFRA O diretor da ANEEL (Ag\u00eancia Nacional de Energia El\u00e9trica) Fernando Mosna ironizou nesta ter\u00e7a-feira (17) a demora do MME (Minist\u00e9rio de Minas e Energia) para indicar um nome \u00e0 cadeira vaga no colegiado desde maio deste ano. A aus\u00eancia de um quinto diretor tem levado a empates e impedido a conclus\u00e3o [&hellip;]","og_url":"https:\/\/agenciainfra.com\/blog\/diretor-ironiza-demora-em-preencher-vaga-na-aneel-mas-governo-diz-que-nome-esta-no-planalto-ha-dois-meses\/","og_site_name":"Ag\u00eancia iNFRA","article_publisher":"https:\/\/www.facebook.com\/ageninfra","article_published_time":"2024-09-18T13:00:00+00:00","article_modified_time":"2024-09-18T13:00:54+00:00","og_image":[{"width":1280,"height":853,"url":"https:\/\/agenciainfra.com\/blog\/wp-content\/uploads\/2022\/04\/fernando-luiz-mosna-ferreira-foto-pedro-franca-agencia-senado.jpeg","type":"image\/jpeg"}],"author":"Ag\u00eancia iNFRA","twitter_card":"summary_large_image","twitter_creator":"@agencia_infra","twitter_site":"@agencia_infra","twitter_misc":{"Escrito por":"Ag\u00eancia iNFRA","Est. tempo de leitura":"3 minutos"},"schema":{"@context":"https:\/\/schema.org","@graph":[{"@type":"Article","@id":"https:\/\/agenciainfra.com\/blog\/diretor-ironiza-demora-em-preencher-vaga-na-aneel-mas-governo-diz-que-nome-esta-no-planalto-ha-dois-meses\/#article","isPartOf":{"@id":"https:\/\/agenciainfra.com\/blog\/diretor-ironiza-demora-em-preencher-vaga-na-aneel-mas-governo-diz-que-nome-esta-no-planalto-ha-dois-meses\/"},"author":{"name":"Ag\u00eancia iNFRA","@id":"https:\/\/agenciainfra.com\/blog\/#\/schema\/person\/34af08dff6adea4cb22b06612ba7acfa"},"headline":"Diretor ironiza demora em preencher vaga na ANEEL, mas governo diz que nome est\u00e1 no Planalto h\u00e1 dois meses","datePublished":"2024-09-18T13:00:00+00:00","dateModified":"2024-09-18T13:00:54+00:00","mainEntityOfPage":{"@id":"https:\/\/agenciainfra.com\/blog\/diretor-ironiza-demora-em-preencher-vaga-na-aneel-mas-governo-diz-que-nome-esta-no-planalto-ha-dois-meses\/"},"wordCount":667,"publisher":{"@id":"https:\/\/agenciainfra.com\/blog\/#organization"},"image":{"@id":"https:\/\/agenciainfra.com\/blog\/diretor-ironiza-demora-em-preencher-vaga-na-aneel-mas-governo-diz-que-nome-esta-no-planalto-ha-dois-meses\/#primaryimage"},"thumbnailUrl":"https:\/\/agenciainfra.com\/blog\/wp-content\/uploads\/2022\/04\/fernando-luiz-mosna-ferreira-foto-pedro-franca-agencia-senado.jpeg","keywords":["ag\u00eancia reguladora","Ag\u00eancias Reguladoras","Agnes Costa","Alexandre Silveira","ANEEL","Fernando Mosna","Gentil Nogueira","Helvio Guerra","Linha de Transmiss\u00e3o","Lula","Marisa Wanzeller","MME","Sandoval Feitosa","Transmissora Acre"],"articleSection":["Destaque lista","Geral","iNFRAEnergia"],"inLanguage":"pt-BR","copyrightYear":"2024","copyrightHolder":{"@id":"https:\/\/agenciainfra.com\/blog\/#organization"}},{"@type":"WebPage","@id":"https:\/\/agenciainfra.com\/blog\/diretor-ironiza-demora-em-preencher-vaga-na-aneel-mas-governo-diz-que-nome-esta-no-planalto-ha-dois-meses\/","url":"https:\/\/agenciainfra.com\/blog\/diretor-ironiza-demora-em-preencher-vaga-na-aneel-mas-governo-diz-que-nome-esta-no-planalto-ha-dois-meses\/","name":"Diretor ironiza demora em preencher vaga na ANEEL, mas governo diz que nome est\u00e1 no Planalto h\u00e1 dois meses - Ag\u00eancia iNFRA","isPartOf":{"@id":"https:\/\/agenciainfra.com\/blog\/#website"},"primaryImageOfPage":{"@id":"https:\/\/agenciainfra.com\/blog\/diretor-ironiza-demora-em-preencher-vaga-na-aneel-mas-governo-diz-que-nome-esta-no-planalto-ha-dois-meses\/#primaryimage"},"image":{"@id":"https:\/\/agenciainfra.com\/blog\/diretor-ironiza-demora-em-preencher-vaga-na-aneel-mas-governo-diz-que-nome-esta-no-planalto-ha-dois-meses\/#primaryimage"},"thumbnailUrl":"https:\/\/agenciainfra.com\/blog\/wp-content\/uploads\/2022\/04\/fernando-luiz-mosna-ferreira-foto-pedro-franca-agencia-senado.jpeg","datePublished":"2024-09-18T13:00:00+00:00","dateModified":"2024-09-18T13:00:54+00:00","breadcrumb":{"@id":"https:\/\/agenciainfra.com\/blog\/diretor-ironiza-demora-em-preencher-vaga-na-aneel-mas-governo-diz-que-nome-esta-no-planalto-ha-dois-meses\/#breadcrumb"},"inLanguage":"pt-BR","potentialAction":[{"@type":"ReadAction","target":["https:\/\/agenciainfra.com\/blog\/diretor-ironiza-demora-em-preencher-vaga-na-aneel-mas-governo-diz-que-nome-esta-no-planalto-ha-dois-meses\/"]}]},{"@type":"ImageObject","inLanguage":"pt-BR","@id":"https:\/\/agenciainfra.com\/blog\/diretor-ironiza-demora-em-preencher-vaga-na-aneel-mas-governo-diz-que-nome-esta-no-planalto-ha-dois-meses\/#primaryimage","url":"https:\/\/agenciainfra.com\/blog\/wp-content\/uploads\/2022\/04\/fernando-luiz-mosna-ferreira-foto-pedro-franca-agencia-senado.jpeg","contentUrl":"https:\/\/agenciainfra.com\/blog\/wp-content\/uploads\/2022\/04\/fernando-luiz-mosna-ferreira-foto-pedro-franca-agencia-senado.jpeg","width":1280,"height":853,"caption":"Foto: Pedro Fran\u00e7a\/Ag\u00eancia Senado"},{"@type":"BreadcrumbList","@id":"https:\/\/agenciainfra.com\/blog\/diretor-ironiza-demora-em-preencher-vaga-na-aneel-mas-governo-diz-que-nome-esta-no-planalto-ha-dois-meses\/#breadcrumb","itemListElement":[{"@type":"ListItem","position":1,"name":"In\u00edcio","item":"https:\/\/agenciainfra.com\/blog\/"},{"@type":"ListItem","position":2,"name":"Diretor ironiza demora em preencher vaga na ANEEL, mas governo diz que nome est\u00e1 no Planalto h\u00e1 dois meses"}]},{"@type":"WebSite","@id":"https:\/\/agenciainfra.com\/blog\/#website","url":"https:\/\/agenciainfra.com\/blog\/","name":"Ag\u00eancia iNFRA","description":"Multiplataforma de informa\u00e7\u00e3o jornal\u00edstica refer\u00eancia na \u00e1rea de infraestrutura no Brasil!","publisher":{"@id":"https:\/\/agenciainfra.com\/blog\/#organization"},"potentialAction":[{"@type":"SearchAction","target":{"@type":"EntryPoint","urlTemplate":"https:\/\/agenciainfra.com\/blog\/?s={search_term_string}"},"query-input":{"@type":"PropertyValueSpecification","valueRequired":true,"valueName":"search_term_string"}}],"inLanguage":"pt-BR"},{"@type":"Organization","@id":"https:\/\/agenciainfra.com\/blog\/#organization","name":"Ag\u00eancia iNFRA","url":"https:\/\/agenciainfra.com\/blog\/","logo":{"@type":"ImageObject","inLanguage":"pt-BR","@id":"https:\/\/agenciainfra.com\/blog\/#\/schema\/logo\/image\/","url":"https:\/\/agenciainfra.com\/blog\/wp-content\/uploads\/2023\/09\/iNFRA_5-e1761735885940.png","contentUrl":"https:\/\/agenciainfra.com\/blog\/wp-content\/uploads\/2023\/09\/iNFRA_5-e1761735885940.png","width":1672,"height":454,"caption":"Ag\u00eancia iNFRA"},"image":{"@id":"https:\/\/agenciainfra.com\/blog\/#\/schema\/logo\/image\/"},"sameAs":["https:\/\/www.facebook.com\/ageninfra","https:\/\/x.com\/agencia_infra","https:\/\/www.linkedin.com\/company\/ag\u00eanciainfra\/","https:\/\/www.instagram.com\/agenciainfra\/"]},{"@type":"Person","@id":"https:\/\/agenciainfra.com\/blog\/#\/schema\/person\/34af08dff6adea4cb22b06612ba7acfa","name":"Ag\u00eancia iNFRA","image":{"@type":"ImageObject","inLanguage":"pt-BR","@id":"https:\/\/agenciainfra.com\/blog\/#\/schema\/person\/image\/","url":"https:\/\/secure.gravatar.com\/avatar\/d189e01678f06d8eb84d4e01f08eb848b3fffe3f8443818d3c356c66892f5be8?s=96&d=mm&r=g","contentUrl":"https:\/\/secure.gravatar.com\/avatar\/d189e01678f06d8eb84d4e01f08eb848b3fffe3f8443818d3c356c66892f5be8?s=96&d=mm&r=g","caption":"Ag\u00eancia iNFRA"},"url":"https:\/\/agenciainfra.com\/blog\/author\/admin\/"}]}},"_links":{"self":[{"href":"https:\/\/agenciainfra.com\/blog\/wp-json\/wp\/v2\/posts\/18579","targetHints":{"allow":["GET"]}}],"collection":[{"href":"https:\/\/agenciainfra.com\/blog\/wp-json\/wp\/v2\/posts"}],"about":[{"href":"https:\/\/agenciainfra.com\/blog\/wp-json\/wp\/v2\/types\/post"}],"author":[{"embeddable":true,"href":"https:\/\/agenciainfra.com\/blog\/wp-json\/wp\/v2\/users\/1"}],"replies":[{"embeddable":true,"href":"https:\/\/agenciainfra.com\/blog\/wp-json\/wp\/v2\/comments?post=18579"}],"version-history":[{"count":1,"href":"https:\/\/agenciainfra.com\/blog\/wp-json\/wp\/v2\/posts\/18579\/revisions"}],"predecessor-version":[{"id":18580,"href":"https:\/\/agenciainfra.com\/blog\/wp-json\/wp\/v2\/posts\/18579\/revisions\/18580"}],"wp:featuredmedia":[{"embeddable":true,"href":"https:\/\/agenciainfra.com\/blog\/wp-json\/wp\/v2\/media\/10058"}],"wp:attachment":[{"href":"https:\/\/agenciainfra.com\/blog\/wp-json\/wp\/v2\/media?parent=18579"}],"wp:term":[{"taxonomy":"category","embeddable":true,"href":"https:\/\/agenciainfra.com\/blog\/wp-json\/wp\/v2\/categories?post=18579"},{"taxonomy":"post_tag","embeddable":true,"href":"https:\/\/agenciainfra.com\/blog\/wp-json\/wp\/v2\/tags?post=18579"}],"curies":[{"name":"wp","href":"https:\/\/api.w.org\/{rel}","templated":true}]}}