{"id":18583,"date":"2024-09-19T09:00:00","date_gmt":"2024-09-19T12:00:00","guid":{"rendered":"https:\/\/agenciainfra.com\/blog\/?p=18583"},"modified":"2024-09-20T11:47:55","modified_gmt":"2024-09-20T14:47:55","slug":"tendencia-e-que-bandeira-tarifaria-permaneca-entre-amarela-e-vermelha-ate-o-fim-do-ano-diz-diretor-geral-da-aneel","status":"publish","type":"post","link":"https:\/\/agenciainfra.com\/blog\/tendencia-e-que-bandeira-tarifaria-permaneca-entre-amarela-e-vermelha-ate-o-fim-do-ano-diz-diretor-geral-da-aneel\/","title":{"rendered":"Tend\u00eancia \u00e9 que bandeira tarif\u00e1ria permane\u00e7a entre amarela e vermelha at\u00e9 o fim do ano, diz diretor-geral da ANEEL"},"content":{"rendered":"\n<p class=\"has-text-align-right\"><strong>Marisa Wanzeller, da Ag\u00eancia iNFRA<\/strong><\/p>\n\n\n\n<p>O diretor-geral da ANEEL (Ag\u00eancia Nacional de Energia El\u00e9trica), Sandoval Feitosa, disse nesta quarta-feira (18) que a tend\u00eancia \u00e9 que a bandeira tarif\u00e1ria fique entre amarela e vermelha at\u00e9 o fim do ano. Isso significa que haver\u00e1 cobran\u00e7a adicional na conta de luz.&nbsp;<br><br>Segundo ele, o saldo que existe atualmente na conta bandeira, de cerca de R$ 8 bilh\u00f5es, poder\u00e1 aliviar a tarifa de energia. &#8220;Esse recurso \u00e9 do consumidor (&#8230;). Ent\u00e3o, n\u00f3s entraremos num momento mais estressante a partir de agora e, certamente, o fato de ter alguma economia aliviar\u00e1 a conta do consumidor&#8221;, afirmou \u00e0 imprensa ap\u00f3s participa\u00e7\u00e3o no Semin\u00e1rio Nacional dos Consumidores de Energia, em Bras\u00edlia.<br><br><strong>Corre\u00e7\u00e3o da bandeira<\/strong><br>O diretor disse que a corre\u00e7\u00e3o da bandeira do patamar Vermelho 2 para o Vermelho 1 em setembro representa uma varia\u00e7\u00e3o de R$ 900 milh\u00f5es, impacto de 0,4% na tarifa. &#8220;Isso se aproxima quase de uma margem de erro em processos.&#8221;&nbsp;Dessa forma, n\u00e3o houve preju\u00edzo ao consumidor.&nbsp;<br><br>&#8220;Quando a gente avalia a regra, a nossa norma diz que a bandeira n\u00e3o se republica e voc\u00ea recalcula o custo futuro a partir daquela identifica\u00e7\u00e3o da inconsist\u00eancia. Depois avaliamos e achamos relevante, a diretoria entendeu por republicar a bandeira, caso a corre\u00e7\u00e3o do dado levasse a uma altera\u00e7\u00e3o das faixas de acionamento da bandeira, o que ocorreu&#8221;, declarou.<br><br><strong>Credibilidade<\/strong><br>A partir dessa corre\u00e7\u00e3o, a diretoria da ANEEL entendeu ser necess\u00e1rio verificar se n\u00e3o h\u00e1 possibilidade de melhorar o processo de defini\u00e7\u00e3o da bandeira, em todas as etapas envolvidas.<br><br>&#8220;Eu queria deixar muito claro para todos que nos acompanham que esse sistema implantado pela ANEEL \u00e9 um ato de credibilidade muito grande para a ANEEL e para a sociedade. (&#8230;) No momento que houve essa inconsist\u00eancia de dados, nosso dever de of\u00edcio foi ter a certeza de que de fato ocorreu e se n\u00e3o h\u00e1 nenhuma possibilidade de n\u00f3s melhorarmos esse processo para que n\u00e3o ocorra mais&#8221;, declarou.<br><br><strong>Sistema el\u00e9trico<\/strong><br>No entendimento do diretor-geral da ANEEL, apesar de a percep\u00e7\u00e3o clim\u00e1tica atual parecer pior que em 2021, quando houve crise h\u00eddrica no pa\u00eds, o sistema el\u00e9trico atualmente &#8220;est\u00e1 muito melhor&#8221;.<br><br>&#8220;N\u00f3s temos um crescimento muito grande da gera\u00e7\u00e3o distribu\u00edda, que nesse momento de aquecimento muito grande, voc\u00ea tem mais abund\u00e2ncia de gera\u00e7\u00e3o, voc\u00ea tem maior crescimento das fontes renov\u00e1veis, voc\u00ea tem uma maior observabilidade do setor el\u00e9trico, o ONS (Operador Nacional do Sistema El\u00e9trico)&nbsp;possui mais ferramentas para operar a rede&#8221;, disse.&nbsp;<br><br>Segundo ele, &#8220;o grande dilema&#8221; \u00e9 o qu\u00e3o quente ser\u00e3o os pr\u00f3ximos meses e como ser\u00e1 o per\u00edodo \u00famido. &#8220;A\u00ed sim n\u00f3s poderemos ter um maior problema ou menor problema para o ano que vem.&#8221;<br><br>&#8220;Mas vamos lembrar, n\u00f3s tivemos dois anos que a bandeira foi verde, tivemos dois anos que os reservat\u00f3rios foram bastante restabelecidos, temos agora um n\u00edvel de armazenamento em torno de 50%, o que traz algum conforto&#8221;, ressaltou.<br><br><strong>Plano de conting\u00eancia e hor\u00e1rio de ver\u00e3o<\/strong><br>Sandoval ressaltou que n\u00e3o foi solicitado \u00e0 ag\u00eancia nenhuma contribui\u00e7\u00e3o acerca da eventual volta do hor\u00e1rio de ver\u00e3o ou sobre o plano de conting\u00eancia para abastecimento do sistema el\u00e9trico.<br><br>Sobre o hor\u00e1rio de ver\u00e3o, &#8220;essa de fato n\u00e3o \u00e9 uma decis\u00e3o que compete \u00e0 ag\u00eancia&#8221;, disse. &#8220;A ANEEL n\u00e3o se manifestou porque de fato n\u00e3o era para se manifestar.&#8221;<br><br>Ele disse que caber\u00e1 \u00e0 ag\u00eancia fiscalizar as a\u00e7\u00f5es que ser\u00e3o apresentadas pelo ONS. &#8220;A nossa fun\u00e7\u00e3o \u00e9 fiscalizar o plano. Ent\u00e3o, o minist\u00e9rio pediu o plano, o ONS informa o plano. Se houver o descumprimento deste plano, a ANEEL faz o seu dever de fiscalizar as a\u00e7\u00f5es&#8221;, ressaltou.&nbsp;<\/p>\n","protected":false},"excerpt":{"rendered":"<p>Marisa Wanzeller, da Ag\u00eancia iNFRA O diretor-geral da ANEEL (Ag\u00eancia Nacional de Energia El\u00e9trica), Sandoval Feitosa, disse nesta quarta-feira (18) que a tend\u00eancia \u00e9 que a bandeira tarif\u00e1ria fique entre amarela e vermelha at\u00e9 o fim do ano. Isso significa que haver\u00e1 cobran\u00e7a adicional na conta de luz.&nbsp; Segundo ele, o saldo que existe atualmente [&hellip;]<\/p>\n","protected":false},"author":1,"featured_media":12759,"comment_status":"closed","ping_status":"closed","sticky":false,"template":"","format":"standard","meta":{"_monsterinsights_skip_tracking":false,"_monsterinsights_sitenote_active":false,"_monsterinsights_sitenote_note":"","_monsterinsights_sitenote_category":0,"footnotes":""},"categories":[7250,9714,1,10],"tags":[53,11483,11482,3203,3868,122,282,11484,7366,71,1026,3049,5586],"class_list":["post-18583","post","type-post","status-publish","format-standard","has-post-thumbnail","hentry","category-destaque-lista","category-destaque-menor","category-geral","category-infraenergia","tag-aneel","tag-bandeira","tag-bandeira-amarela","tag-bandeira-tarifaria","tag-bandeira-vermelha","tag-conta-de-luz","tag-energia-eletrica","tag-horario-de-verao","tag-marisa-wanzeller","tag-mme","tag-sandoval-feitosa","tag-sistema-eletrico","tag-tarifa-de-energia"],"yoast_head":"<!-- This site is optimized with the Yoast SEO Premium plugin v25.4 (Yoast SEO v26.0) - https:\/\/yoast.com\/wordpress\/plugins\/seo\/ -->\n<title>Tend\u00eancia \u00e9 que bandeira tarif\u00e1ria permane\u00e7a entre amarela e vermelha at\u00e9 o fim do ano, diz diretor-geral da ANEEL - Ag\u00eancia iNFRA<\/title>\n<meta name=\"robots\" content=\"index, follow, max-snippet:-1, max-image-preview:large, max-video-preview:-1\" \/>\n<link rel=\"canonical\" href=\"https:\/\/agenciainfra.com\/blog\/tendencia-e-que-bandeira-tarifaria-permaneca-entre-amarela-e-vermelha-ate-o-fim-do-ano-diz-diretor-geral-da-aneel\/\" \/>\n<meta property=\"og:locale\" content=\"pt_BR\" \/>\n<meta property=\"og:type\" content=\"article\" \/>\n<meta property=\"og:title\" content=\"Tend\u00eancia \u00e9 que bandeira tarif\u00e1ria permane\u00e7a entre amarela e vermelha at\u00e9 o fim do ano, diz diretor-geral da ANEEL\" \/>\n<meta property=\"og:description\" content=\"Marisa Wanzeller, da Ag\u00eancia iNFRA O diretor-geral da ANEEL (Ag\u00eancia Nacional de Energia El\u00e9trica), Sandoval Feitosa, disse nesta quarta-feira (18) que a tend\u00eancia \u00e9 que a bandeira tarif\u00e1ria fique entre amarela e vermelha at\u00e9 o fim do ano. Isso significa que haver\u00e1 cobran\u00e7a adicional na conta de luz.&nbsp; Segundo ele, o saldo que existe atualmente [&hellip;]\" \/>\n<meta property=\"og:url\" content=\"https:\/\/agenciainfra.com\/blog\/tendencia-e-que-bandeira-tarifaria-permaneca-entre-amarela-e-vermelha-ate-o-fim-do-ano-diz-diretor-geral-da-aneel\/\" \/>\n<meta property=\"og:site_name\" content=\"Ag\u00eancia iNFRA\" \/>\n<meta property=\"article:publisher\" content=\"https:\/\/www.facebook.com\/ageninfra\" \/>\n<meta property=\"article:published_time\" content=\"2024-09-19T12:00:00+00:00\" \/>\n<meta property=\"article:modified_time\" content=\"2024-09-20T14:47:55+00:00\" \/>\n<meta property=\"og:image\" content=\"https:\/\/agenciainfra.com\/blog\/wp-content\/uploads\/2023\/05\/sandoval-feitosa-foto-geraldo-magela-agencia-senado.jpg\" \/>\n\t<meta property=\"og:image:width\" content=\"1202\" \/>\n\t<meta property=\"og:image:height\" content=\"801\" \/>\n\t<meta property=\"og:image:type\" content=\"image\/jpeg\" \/>\n<meta name=\"author\" content=\"Ag\u00eancia iNFRA\" \/>\n<meta name=\"twitter:card\" content=\"summary_large_image\" \/>\n<meta name=\"twitter:creator\" content=\"@agencia_infra\" \/>\n<meta name=\"twitter:site\" content=\"@agencia_infra\" \/>\n<meta name=\"twitter:label1\" content=\"Escrito por\" \/>\n\t<meta name=\"twitter:data1\" content=\"Ag\u00eancia iNFRA\" \/>\n\t<meta name=\"twitter:label2\" content=\"Est. tempo de leitura\" \/>\n\t<meta name=\"twitter:data2\" content=\"3 minutos\" \/>\n<script type=\"application\/ld+json\" class=\"yoast-schema-graph\">{\"@context\":\"https:\/\/schema.org\",\"@graph\":[{\"@type\":\"Article\",\"@id\":\"https:\/\/agenciainfra.com\/blog\/tendencia-e-que-bandeira-tarifaria-permaneca-entre-amarela-e-vermelha-ate-o-fim-do-ano-diz-diretor-geral-da-aneel\/#article\",\"isPartOf\":{\"@id\":\"https:\/\/agenciainfra.com\/blog\/tendencia-e-que-bandeira-tarifaria-permaneca-entre-amarela-e-vermelha-ate-o-fim-do-ano-diz-diretor-geral-da-aneel\/\"},\"author\":{\"name\":\"Ag\u00eancia iNFRA\",\"@id\":\"https:\/\/agenciainfra.com\/blog\/#\/schema\/person\/34af08dff6adea4cb22b06612ba7acfa\"},\"headline\":\"Tend\u00eancia \u00e9 que bandeira tarif\u00e1ria permane\u00e7a entre amarela e vermelha at\u00e9 o fim do ano, diz diretor-geral da ANEEL\",\"datePublished\":\"2024-09-19T12:00:00+00:00\",\"dateModified\":\"2024-09-20T14:47:55+00:00\",\"mainEntityOfPage\":{\"@id\":\"https:\/\/agenciainfra.com\/blog\/tendencia-e-que-bandeira-tarifaria-permaneca-entre-amarela-e-vermelha-ate-o-fim-do-ano-diz-diretor-geral-da-aneel\/\"},\"wordCount\":680,\"publisher\":{\"@id\":\"https:\/\/agenciainfra.com\/blog\/#organization\"},\"image\":{\"@id\":\"https:\/\/agenciainfra.com\/blog\/tendencia-e-que-bandeira-tarifaria-permaneca-entre-amarela-e-vermelha-ate-o-fim-do-ano-diz-diretor-geral-da-aneel\/#primaryimage\"},\"thumbnailUrl\":\"https:\/\/agenciainfra.com\/blog\/wp-content\/uploads\/2023\/05\/sandoval-feitosa-foto-geraldo-magela-agencia-senado.jpg\",\"keywords\":[\"ANEEL\",\"bandeira\",\"bandeira amarela\",\"bandeira tarif\u00e1ria\",\"bandeira vermelha\",\"Conta de Luz\",\"energia el\u00e9trica\",\"hor\u00e1rio de ver\u00e3o\",\"Marisa Wanzeller\",\"MME\",\"Sandoval Feitosa\",\"sistema el\u00e9trico\",\"tarifa de energia\"],\"articleSection\":[\"Destaque lista\",\"Destaque Menor\",\"Geral\",\"iNFRAEnergia\"],\"inLanguage\":\"pt-BR\",\"copyrightYear\":\"2024\",\"copyrightHolder\":{\"@id\":\"https:\/\/agenciainfra.com\/blog\/#organization\"}},{\"@type\":\"WebPage\",\"@id\":\"https:\/\/agenciainfra.com\/blog\/tendencia-e-que-bandeira-tarifaria-permaneca-entre-amarela-e-vermelha-ate-o-fim-do-ano-diz-diretor-geral-da-aneel\/\",\"url\":\"https:\/\/agenciainfra.com\/blog\/tendencia-e-que-bandeira-tarifaria-permaneca-entre-amarela-e-vermelha-ate-o-fim-do-ano-diz-diretor-geral-da-aneel\/\",\"name\":\"Tend\u00eancia \u00e9 que bandeira tarif\u00e1ria permane\u00e7a entre amarela e vermelha at\u00e9 o fim do ano, diz diretor-geral da ANEEL - Ag\u00eancia iNFRA\",\"isPartOf\":{\"@id\":\"https:\/\/agenciainfra.com\/blog\/#website\"},\"primaryImageOfPage\":{\"@id\":\"https:\/\/agenciainfra.com\/blog\/tendencia-e-que-bandeira-tarifaria-permaneca-entre-amarela-e-vermelha-ate-o-fim-do-ano-diz-diretor-geral-da-aneel\/#primaryimage\"},\"image\":{\"@id\":\"https:\/\/agenciainfra.com\/blog\/tendencia-e-que-bandeira-tarifaria-permaneca-entre-amarela-e-vermelha-ate-o-fim-do-ano-diz-diretor-geral-da-aneel\/#primaryimage\"},\"thumbnailUrl\":\"https:\/\/agenciainfra.com\/blog\/wp-content\/uploads\/2023\/05\/sandoval-feitosa-foto-geraldo-magela-agencia-senado.jpg\",\"datePublished\":\"2024-09-19T12:00:00+00:00\",\"dateModified\":\"2024-09-20T14:47:55+00:00\",\"breadcrumb\":{\"@id\":\"https:\/\/agenciainfra.com\/blog\/tendencia-e-que-bandeira-tarifaria-permaneca-entre-amarela-e-vermelha-ate-o-fim-do-ano-diz-diretor-geral-da-aneel\/#breadcrumb\"},\"inLanguage\":\"pt-BR\",\"potentialAction\":[{\"@type\":\"ReadAction\",\"target\":[\"https:\/\/agenciainfra.com\/blog\/tendencia-e-que-bandeira-tarifaria-permaneca-entre-amarela-e-vermelha-ate-o-fim-do-ano-diz-diretor-geral-da-aneel\/\"]}]},{\"@type\":\"ImageObject\",\"inLanguage\":\"pt-BR\",\"@id\":\"https:\/\/agenciainfra.com\/blog\/tendencia-e-que-bandeira-tarifaria-permaneca-entre-amarela-e-vermelha-ate-o-fim-do-ano-diz-diretor-geral-da-aneel\/#primaryimage\",\"url\":\"https:\/\/agenciainfra.com\/blog\/wp-content\/uploads\/2023\/05\/sandoval-feitosa-foto-geraldo-magela-agencia-senado.jpg\",\"contentUrl\":\"https:\/\/agenciainfra.com\/blog\/wp-content\/uploads\/2023\/05\/sandoval-feitosa-foto-geraldo-magela-agencia-senado.jpg\",\"width\":1202,\"height\":801},{\"@type\":\"BreadcrumbList\",\"@id\":\"https:\/\/agenciainfra.com\/blog\/tendencia-e-que-bandeira-tarifaria-permaneca-entre-amarela-e-vermelha-ate-o-fim-do-ano-diz-diretor-geral-da-aneel\/#breadcrumb\",\"itemListElement\":[{\"@type\":\"ListItem\",\"position\":1,\"name\":\"In\u00edcio\",\"item\":\"https:\/\/agenciainfra.com\/blog\/\"},{\"@type\":\"ListItem\",\"position\":2,\"name\":\"Tend\u00eancia \u00e9 que bandeira tarif\u00e1ria permane\u00e7a entre amarela e vermelha at\u00e9 o fim do ano, diz diretor-geral da ANEEL\"}]},{\"@type\":\"WebSite\",\"@id\":\"https:\/\/agenciainfra.com\/blog\/#website\",\"url\":\"https:\/\/agenciainfra.com\/blog\/\",\"name\":\"Ag\u00eancia iNFRA\",\"description\":\"Multiplataforma de informa\u00e7\u00e3o jornal\u00edstica refer\u00eancia na \u00e1rea de infraestrutura no Brasil!\",\"publisher\":{\"@id\":\"https:\/\/agenciainfra.com\/blog\/#organization\"},\"potentialAction\":[{\"@type\":\"SearchAction\",\"target\":{\"@type\":\"EntryPoint\",\"urlTemplate\":\"https:\/\/agenciainfra.com\/blog\/?s={search_term_string}\"},\"query-input\":{\"@type\":\"PropertyValueSpecification\",\"valueRequired\":true,\"valueName\":\"search_term_string\"}}],\"inLanguage\":\"pt-BR\"},{\"@type\":\"Organization\",\"@id\":\"https:\/\/agenciainfra.com\/blog\/#organization\",\"name\":\"Ag\u00eancia iNFRA\",\"url\":\"https:\/\/agenciainfra.com\/blog\/\",\"logo\":{\"@type\":\"ImageObject\",\"inLanguage\":\"pt-BR\",\"@id\":\"https:\/\/agenciainfra.com\/blog\/#\/schema\/logo\/image\/\",\"url\":\"https:\/\/agenciainfra.com\/blog\/wp-content\/uploads\/2023\/09\/iNFRA_5-e1761735885940.png\",\"contentUrl\":\"https:\/\/agenciainfra.com\/blog\/wp-content\/uploads\/2023\/09\/iNFRA_5-e1761735885940.png\",\"width\":1672,\"height\":454,\"caption\":\"Ag\u00eancia iNFRA\"},\"image\":{\"@id\":\"https:\/\/agenciainfra.com\/blog\/#\/schema\/logo\/image\/\"},\"sameAs\":[\"https:\/\/www.facebook.com\/ageninfra\",\"https:\/\/x.com\/agencia_infra\",\"https:\/\/www.linkedin.com\/company\/ag\u00eanciainfra\/\",\"https:\/\/www.instagram.com\/agenciainfra\/\"]},{\"@type\":\"Person\",\"@id\":\"https:\/\/agenciainfra.com\/blog\/#\/schema\/person\/34af08dff6adea4cb22b06612ba7acfa\",\"name\":\"Ag\u00eancia iNFRA\",\"image\":{\"@type\":\"ImageObject\",\"inLanguage\":\"pt-BR\",\"@id\":\"https:\/\/agenciainfra.com\/blog\/#\/schema\/person\/image\/\",\"url\":\"https:\/\/secure.gravatar.com\/avatar\/d189e01678f06d8eb84d4e01f08eb848b3fffe3f8443818d3c356c66892f5be8?s=96&d=mm&r=g\",\"contentUrl\":\"https:\/\/secure.gravatar.com\/avatar\/d189e01678f06d8eb84d4e01f08eb848b3fffe3f8443818d3c356c66892f5be8?s=96&d=mm&r=g\",\"caption\":\"Ag\u00eancia iNFRA\"},\"url\":\"https:\/\/agenciainfra.com\/blog\/author\/admin\/\"}]}<\/script>\n<!-- \/ Yoast SEO Premium plugin. -->","yoast_head_json":{"title":"Tend\u00eancia \u00e9 que bandeira tarif\u00e1ria permane\u00e7a entre amarela e vermelha at\u00e9 o fim do ano, diz diretor-geral da ANEEL - Ag\u00eancia iNFRA","robots":{"index":"index","follow":"follow","max-snippet":"max-snippet:-1","max-image-preview":"max-image-preview:large","max-video-preview":"max-video-preview:-1"},"canonical":"https:\/\/agenciainfra.com\/blog\/tendencia-e-que-bandeira-tarifaria-permaneca-entre-amarela-e-vermelha-ate-o-fim-do-ano-diz-diretor-geral-da-aneel\/","og_locale":"pt_BR","og_type":"article","og_title":"Tend\u00eancia \u00e9 que bandeira tarif\u00e1ria permane\u00e7a entre amarela e vermelha at\u00e9 o fim do ano, diz diretor-geral da ANEEL","og_description":"Marisa Wanzeller, da Ag\u00eancia iNFRA O diretor-geral da ANEEL (Ag\u00eancia Nacional de Energia El\u00e9trica), Sandoval Feitosa, disse nesta quarta-feira (18) que a tend\u00eancia \u00e9 que a bandeira tarif\u00e1ria fique entre amarela e vermelha at\u00e9 o fim do ano. Isso significa que haver\u00e1 cobran\u00e7a adicional na conta de luz.&nbsp; Segundo ele, o saldo que existe atualmente [&hellip;]","og_url":"https:\/\/agenciainfra.com\/blog\/tendencia-e-que-bandeira-tarifaria-permaneca-entre-amarela-e-vermelha-ate-o-fim-do-ano-diz-diretor-geral-da-aneel\/","og_site_name":"Ag\u00eancia iNFRA","article_publisher":"https:\/\/www.facebook.com\/ageninfra","article_published_time":"2024-09-19T12:00:00+00:00","article_modified_time":"2024-09-20T14:47:55+00:00","og_image":[{"width":1202,"height":801,"url":"https:\/\/agenciainfra.com\/blog\/wp-content\/uploads\/2023\/05\/sandoval-feitosa-foto-geraldo-magela-agencia-senado.jpg","type":"image\/jpeg"}],"author":"Ag\u00eancia iNFRA","twitter_card":"summary_large_image","twitter_creator":"@agencia_infra","twitter_site":"@agencia_infra","twitter_misc":{"Escrito por":"Ag\u00eancia iNFRA","Est. tempo de leitura":"3 minutos"},"schema":{"@context":"https:\/\/schema.org","@graph":[{"@type":"Article","@id":"https:\/\/agenciainfra.com\/blog\/tendencia-e-que-bandeira-tarifaria-permaneca-entre-amarela-e-vermelha-ate-o-fim-do-ano-diz-diretor-geral-da-aneel\/#article","isPartOf":{"@id":"https:\/\/agenciainfra.com\/blog\/tendencia-e-que-bandeira-tarifaria-permaneca-entre-amarela-e-vermelha-ate-o-fim-do-ano-diz-diretor-geral-da-aneel\/"},"author":{"name":"Ag\u00eancia iNFRA","@id":"https:\/\/agenciainfra.com\/blog\/#\/schema\/person\/34af08dff6adea4cb22b06612ba7acfa"},"headline":"Tend\u00eancia \u00e9 que bandeira tarif\u00e1ria permane\u00e7a entre amarela e vermelha at\u00e9 o fim do ano, diz diretor-geral da ANEEL","datePublished":"2024-09-19T12:00:00+00:00","dateModified":"2024-09-20T14:47:55+00:00","mainEntityOfPage":{"@id":"https:\/\/agenciainfra.com\/blog\/tendencia-e-que-bandeira-tarifaria-permaneca-entre-amarela-e-vermelha-ate-o-fim-do-ano-diz-diretor-geral-da-aneel\/"},"wordCount":680,"publisher":{"@id":"https:\/\/agenciainfra.com\/blog\/#organization"},"image":{"@id":"https:\/\/agenciainfra.com\/blog\/tendencia-e-que-bandeira-tarifaria-permaneca-entre-amarela-e-vermelha-ate-o-fim-do-ano-diz-diretor-geral-da-aneel\/#primaryimage"},"thumbnailUrl":"https:\/\/agenciainfra.com\/blog\/wp-content\/uploads\/2023\/05\/sandoval-feitosa-foto-geraldo-magela-agencia-senado.jpg","keywords":["ANEEL","bandeira","bandeira amarela","bandeira tarif\u00e1ria","bandeira vermelha","Conta de Luz","energia el\u00e9trica","hor\u00e1rio de ver\u00e3o","Marisa Wanzeller","MME","Sandoval Feitosa","sistema el\u00e9trico","tarifa de energia"],"articleSection":["Destaque lista","Destaque Menor","Geral","iNFRAEnergia"],"inLanguage":"pt-BR","copyrightYear":"2024","copyrightHolder":{"@id":"https:\/\/agenciainfra.com\/blog\/#organization"}},{"@type":"WebPage","@id":"https:\/\/agenciainfra.com\/blog\/tendencia-e-que-bandeira-tarifaria-permaneca-entre-amarela-e-vermelha-ate-o-fim-do-ano-diz-diretor-geral-da-aneel\/","url":"https:\/\/agenciainfra.com\/blog\/tendencia-e-que-bandeira-tarifaria-permaneca-entre-amarela-e-vermelha-ate-o-fim-do-ano-diz-diretor-geral-da-aneel\/","name":"Tend\u00eancia \u00e9 que bandeira tarif\u00e1ria permane\u00e7a entre amarela e vermelha at\u00e9 o fim do ano, diz diretor-geral da ANEEL - Ag\u00eancia iNFRA","isPartOf":{"@id":"https:\/\/agenciainfra.com\/blog\/#website"},"primaryImageOfPage":{"@id":"https:\/\/agenciainfra.com\/blog\/tendencia-e-que-bandeira-tarifaria-permaneca-entre-amarela-e-vermelha-ate-o-fim-do-ano-diz-diretor-geral-da-aneel\/#primaryimage"},"image":{"@id":"https:\/\/agenciainfra.com\/blog\/tendencia-e-que-bandeira-tarifaria-permaneca-entre-amarela-e-vermelha-ate-o-fim-do-ano-diz-diretor-geral-da-aneel\/#primaryimage"},"thumbnailUrl":"https:\/\/agenciainfra.com\/blog\/wp-content\/uploads\/2023\/05\/sandoval-feitosa-foto-geraldo-magela-agencia-senado.jpg","datePublished":"2024-09-19T12:00:00+00:00","dateModified":"2024-09-20T14:47:55+00:00","breadcrumb":{"@id":"https:\/\/agenciainfra.com\/blog\/tendencia-e-que-bandeira-tarifaria-permaneca-entre-amarela-e-vermelha-ate-o-fim-do-ano-diz-diretor-geral-da-aneel\/#breadcrumb"},"inLanguage":"pt-BR","potentialAction":[{"@type":"ReadAction","target":["https:\/\/agenciainfra.com\/blog\/tendencia-e-que-bandeira-tarifaria-permaneca-entre-amarela-e-vermelha-ate-o-fim-do-ano-diz-diretor-geral-da-aneel\/"]}]},{"@type":"ImageObject","inLanguage":"pt-BR","@id":"https:\/\/agenciainfra.com\/blog\/tendencia-e-que-bandeira-tarifaria-permaneca-entre-amarela-e-vermelha-ate-o-fim-do-ano-diz-diretor-geral-da-aneel\/#primaryimage","url":"https:\/\/agenciainfra.com\/blog\/wp-content\/uploads\/2023\/05\/sandoval-feitosa-foto-geraldo-magela-agencia-senado.jpg","contentUrl":"https:\/\/agenciainfra.com\/blog\/wp-content\/uploads\/2023\/05\/sandoval-feitosa-foto-geraldo-magela-agencia-senado.jpg","width":1202,"height":801},{"@type":"BreadcrumbList","@id":"https:\/\/agenciainfra.com\/blog\/tendencia-e-que-bandeira-tarifaria-permaneca-entre-amarela-e-vermelha-ate-o-fim-do-ano-diz-diretor-geral-da-aneel\/#breadcrumb","itemListElement":[{"@type":"ListItem","position":1,"name":"In\u00edcio","item":"https:\/\/agenciainfra.com\/blog\/"},{"@type":"ListItem","position":2,"name":"Tend\u00eancia \u00e9 que bandeira tarif\u00e1ria permane\u00e7a entre amarela e vermelha at\u00e9 o fim do ano, diz diretor-geral da ANEEL"}]},{"@type":"WebSite","@id":"https:\/\/agenciainfra.com\/blog\/#website","url":"https:\/\/agenciainfra.com\/blog\/","name":"Ag\u00eancia iNFRA","description":"Multiplataforma de informa\u00e7\u00e3o jornal\u00edstica refer\u00eancia na \u00e1rea de infraestrutura no Brasil!","publisher":{"@id":"https:\/\/agenciainfra.com\/blog\/#organization"},"potentialAction":[{"@type":"SearchAction","target":{"@type":"EntryPoint","urlTemplate":"https:\/\/agenciainfra.com\/blog\/?s={search_term_string}"},"query-input":{"@type":"PropertyValueSpecification","valueRequired":true,"valueName":"search_term_string"}}],"inLanguage":"pt-BR"},{"@type":"Organization","@id":"https:\/\/agenciainfra.com\/blog\/#organization","name":"Ag\u00eancia iNFRA","url":"https:\/\/agenciainfra.com\/blog\/","logo":{"@type":"ImageObject","inLanguage":"pt-BR","@id":"https:\/\/agenciainfra.com\/blog\/#\/schema\/logo\/image\/","url":"https:\/\/agenciainfra.com\/blog\/wp-content\/uploads\/2023\/09\/iNFRA_5-e1761735885940.png","contentUrl":"https:\/\/agenciainfra.com\/blog\/wp-content\/uploads\/2023\/09\/iNFRA_5-e1761735885940.png","width":1672,"height":454,"caption":"Ag\u00eancia iNFRA"},"image":{"@id":"https:\/\/agenciainfra.com\/blog\/#\/schema\/logo\/image\/"},"sameAs":["https:\/\/www.facebook.com\/ageninfra","https:\/\/x.com\/agencia_infra","https:\/\/www.linkedin.com\/company\/ag\u00eanciainfra\/","https:\/\/www.instagram.com\/agenciainfra\/"]},{"@type":"Person","@id":"https:\/\/agenciainfra.com\/blog\/#\/schema\/person\/34af08dff6adea4cb22b06612ba7acfa","name":"Ag\u00eancia iNFRA","image":{"@type":"ImageObject","inLanguage":"pt-BR","@id":"https:\/\/agenciainfra.com\/blog\/#\/schema\/person\/image\/","url":"https:\/\/secure.gravatar.com\/avatar\/d189e01678f06d8eb84d4e01f08eb848b3fffe3f8443818d3c356c66892f5be8?s=96&d=mm&r=g","contentUrl":"https:\/\/secure.gravatar.com\/avatar\/d189e01678f06d8eb84d4e01f08eb848b3fffe3f8443818d3c356c66892f5be8?s=96&d=mm&r=g","caption":"Ag\u00eancia iNFRA"},"url":"https:\/\/agenciainfra.com\/blog\/author\/admin\/"}]}},"_links":{"self":[{"href":"https:\/\/agenciainfra.com\/blog\/wp-json\/wp\/v2\/posts\/18583","targetHints":{"allow":["GET"]}}],"collection":[{"href":"https:\/\/agenciainfra.com\/blog\/wp-json\/wp\/v2\/posts"}],"about":[{"href":"https:\/\/agenciainfra.com\/blog\/wp-json\/wp\/v2\/types\/post"}],"author":[{"embeddable":true,"href":"https:\/\/agenciainfra.com\/blog\/wp-json\/wp\/v2\/users\/1"}],"replies":[{"embeddable":true,"href":"https:\/\/agenciainfra.com\/blog\/wp-json\/wp\/v2\/comments?post=18583"}],"version-history":[{"count":1,"href":"https:\/\/agenciainfra.com\/blog\/wp-json\/wp\/v2\/posts\/18583\/revisions"}],"predecessor-version":[{"id":18584,"href":"https:\/\/agenciainfra.com\/blog\/wp-json\/wp\/v2\/posts\/18583\/revisions\/18584"}],"wp:featuredmedia":[{"embeddable":true,"href":"https:\/\/agenciainfra.com\/blog\/wp-json\/wp\/v2\/media\/12759"}],"wp:attachment":[{"href":"https:\/\/agenciainfra.com\/blog\/wp-json\/wp\/v2\/media?parent=18583"}],"wp:term":[{"taxonomy":"category","embeddable":true,"href":"https:\/\/agenciainfra.com\/blog\/wp-json\/wp\/v2\/categories?post=18583"},{"taxonomy":"post_tag","embeddable":true,"href":"https:\/\/agenciainfra.com\/blog\/wp-json\/wp\/v2\/tags?post=18583"}],"curies":[{"name":"wp","href":"https:\/\/api.w.org\/{rel}","templated":true}]}}