{"id":18589,"date":"2024-09-20T07:00:00","date_gmt":"2024-09-20T10:00:00","guid":{"rendered":"https:\/\/agenciainfra.com\/blog\/?p=18589"},"modified":"2024-09-23T10:08:37","modified_gmt":"2024-09-23T13:08:37","slug":"ministerio-de-portos-e-aeroportos-quer-aumentar-numero-de-passageiros-no-santos-dumont-rj-mudando-direcionamento-de-2023","status":"publish","type":"post","link":"https:\/\/agenciainfra.com\/blog\/ministerio-de-portos-e-aeroportos-quer-aumentar-numero-de-passageiros-no-santos-dumont-rj-mudando-direcionamento-de-2023\/","title":{"rendered":"Minist\u00e9rio de Portos e Aeroportos quer aumentar n\u00famero de passageiros no Santos Dumont (RJ), mudando direcionamento de 2023"},"content":{"rendered":"\n<p class=\"has-text-align-right\"><strong>Sheyla Santos, da Ag\u00eancia iNFRA<\/strong><\/p>\n\n\n\n<p>A Secretaria de Avia\u00e7\u00e3o Civil do Minist\u00e9rio de Portos e Aeroportos pediu para a ANAC (Ag\u00eancia Nacional de Avia\u00e7\u00e3o Civil) avaliar o aumento do n\u00famero de voos no Aeroporto Santos Dumont (RJ) para at\u00e9 10 milh\u00f5es de passageiros at\u00e9 2025.<br><br>Em 2023, houve redu\u00e7\u00e3o de voos no terminal que reduziu a capacidade para algo pr\u00f3ximo a 6,5 milh\u00f5es de passageiros ao ano com o intuito de ampliar a demanda de passageiros no Aeroporto do Gale\u00e3o (RJ), que \u00e9 a unidade que recebe voos internacionais.\u00a0<br><br>O aumento foi feito ap\u00f3s meses de conflito entre as autoridades locais e os t\u00e9cnicos do governo federal, que entendiam\u00a0<a href=\"https:\/\/agenciainfra.us14.list-manage.com\/track\/click?u=d460dd1bcf9ba0ae040e1fc0f&amp;id=1c133ea2c5&amp;e=de74d75805\" target=\"_blank\" rel=\"noreferrer noopener\">n\u00e3o ser poss\u00edvel<\/a>\u00a0fazer restri\u00e7\u00f5es, mas acabaram cedendo parcialmente. Em vez de fazer uma restri\u00e7\u00e3o geogr\u00e1fica, limitaram o n\u00famero de passageiros no Santos Dumont por alega\u00e7\u00f5es t\u00e9cnicas.<br><br>Segundo\u00a0of\u00edcio de setembro, a SAC (Secretaria Nacional de Avia\u00e7\u00e3o Civil) solicitou uma avalia\u00e7\u00e3o sobre a flexibiliza\u00e7\u00e3o do limite operacional do Santos Dumont.\u00a0No documento, o secret\u00e1rio da pasta, Tom\u00e9 Franca, sugere flexibilizar o limite operacional do Santos Dumont em duas fases.<br><br>A primeira etapa seria a partir de 1\u00ba de novembro de 2024, quando come\u00e7a a nova temporada de ver\u00e3o, iniciando um processo de amplia\u00e7\u00e3o do limite operacional do Santos Dumont para um intervalo entre 7,5 a 8 milh\u00f5es de passageiros por ano.\u00a0<br><br>A segunda etapa dessa amplia\u00e7\u00e3o no terminal teria in\u00edcio em mar\u00e7o de 2025, com aumento do limite operacional do aeroporto para 10 milh\u00f5es de passageiros por ano. No of\u00edcio, a justificativa \u00e9 que a soma dos passageiros das duas unidades (chamado de Terminal Rio) acabou sendo reduzida com as restri\u00e7\u00f5es no Santos Dumont.<br><br>A prefeitura da cidade, no entanto, vem destacando que a pol\u00edtica de restri\u00e7\u00e3o funcionou, porque est\u00e3o sendo recuperados voos internacionais no Gale\u00e3o, que cresceu o n\u00famero de passageiros e voltou a ser o quarto maior do pa\u00eds.<br><br><strong>Rea\u00e7\u00e3o<\/strong><br>Em nota conjunta, que pode ser lida\u00a0<a href=\"https:\/\/agenciainfra.us14.list-manage.com\/track\/click?u=d460dd1bcf9ba0ae040e1fc0f&amp;id=fd137b1a24&amp;e=de74d75805\" target=\"_blank\" rel=\"noreferrer noopener\">aqui<\/a>, os presidentes da Fecom\u00e9rcio-RJ (Federa\u00e7\u00e3o do Com\u00e9rcio de Bens, Servi\u00e7os e Turismo do Rio de Janeiro), Antonio Florencio de Queiroz Junior, e da ACRJ (Associa\u00e7\u00e3o Comercial do Rio de Janeiro), Josier Vilar, afirmam ser \u201cinaceit\u00e1vel\u201d o que caracterizam como novo impasse entre os dois aeroportos. Eles dizem, ainda, ver com \u201cgrave preocupa\u00e7\u00e3o\u201d a manifesta\u00e7\u00e3o da SAC \u00e0 ag\u00eancia reguladora.<br><br>\u201cO Rio de Janeiro \u00e9 a face mais vis\u00edvel do Brasil no exterior e n\u00e3o vamos abrir m\u00e3o deste ativo para atrair mais turistas e empres\u00e1rios, e simultaneamente ampliar as opera\u00e7\u00f5es de carga a\u00e9rea, que ativam fortemente o com\u00e9rcio, os servi\u00e7os e a ind\u00fastria fluminense\u201d, dizem por meio de nota.<br><br><strong>SAC fala em amplo di\u00e1logo<\/strong><br>A SAC, em resposta \u00e0\u00a0<strong>Ag\u00eancia iNFRA<\/strong>,\u00a0esclareceu que &#8220;nenhuma decis\u00e3o de ampliar ou n\u00e3o o n\u00famero de passageiros do Aeroporto Santos Dumont ser\u00e1 tomada sem o amplo di\u00e1logo com o prefeito Eduardo Paes e demais autoridades estaduais do Rio, com todo setor da avia\u00e7\u00e3o e sociedade civil&#8221;.<br><br>Segundo a nota, &#8220;conforme alinhamento com o Tribunal de Contas da Uni\u00e3o, que instrui processo de representa\u00e7\u00e3o relacionado \u00e0 restri\u00e7\u00e3o operacional no Santos Dumont, e conforme a diretriz de pol\u00edtica p\u00fablica estabelecida buscando melhorar a qualidade de servi\u00e7o no aeroporto, o Minist\u00e9rio de Portos e Aeroportos monitora continuamente os impactos da referida pol\u00edtica&#8221;.\u00a0A nota informa ainda que a proposta foi &#8220;sugerida pelo TCU&#8221;.\u00a0<br><br>&#8220;Isso n\u00e3o significa autoriza\u00e7\u00e3o da flexibiliza\u00e7\u00e3o do n\u00famero de passageiros no aeroporto Santos Dumont.\u00a0O que estamos discutindo neste momento \u00e9 o fortalecimento da avia\u00e7\u00e3o no estado do Rio de Janeiro e queremos continuar trabalhando para ampliar o n\u00famero de passageiros no Rio. N\u00e3o h\u00e1 qualquer decis\u00e3o ou determina\u00e7\u00e3o da Secretaria Nacional de Avia\u00e7\u00e3o Civil para flexibilizar a capacidade do aeroporto Santos Dumont&#8221;, diz o texto.<br><br>O documento est\u00e1 em an\u00e1lise pelas \u00e1reas t\u00e9cnicas da ag\u00eancia. A ANAC informou que o documento enviado pela secretaria tem car\u00e1ter de consulta preliminar.\u00a0<br><br>\u201cA referida proposta, enviada pela Secretaria Nacional de Avia\u00e7\u00e3o Civil (SAC) \u00e0 Anac, tem apenas o car\u00e1ter de consulta preliminar. N\u00e3o h\u00e1 qualquer decis\u00e3o ou determina\u00e7\u00e3o quanto \u00e0 flexibiliza\u00e7\u00e3o da capacidade do Aeroporto Santos Dumont\u201d, informou a ag\u00eancia por meio de nota.<br><br><strong>Fundo de Avia\u00e7\u00e3o\u00a0<\/strong><br>Nesta quarta-feira (18), o presidente Luiz In\u00e1cio Lula da Silva sancionou, em cerim\u00f4nia no Pal\u00e1cio do Planalto, a nova\u00a0Lei Geral do Turismo. O texto aprovado na C\u00e2mara dos Deputados em agosto inclui uma permiss\u00e3o para que as companhias a\u00e9reas possam utilizar recursos do FNAC (Fundo Nacional de Avia\u00e7\u00e3o Civil) para empr\u00e9stimos a companhias a\u00e9reas. Ser\u00e1 garantido um aporte de R$ 6 bilh\u00f5es.<br><br>Os recursos do fundo tamb\u00e9m v\u00e3o poder ser utilizados para aquisi\u00e7\u00e3o de QAV (querosene de avia\u00e7\u00e3o) em aeroportos da Amaz\u00f4nia Legal e para custeio do desenvolvimento de projetos de combust\u00edveis renov\u00e1veis de avia\u00e7\u00e3o, al\u00e9m da moderniza\u00e7\u00e3o da frota e amplia\u00e7\u00e3o de voos.<br><br>A jornalistas, o ministro do Turismo, Celso Sabino, afirmou que, a partir de agora, com a entrada da lei em vigor, o Minist\u00e9rio de Portos e Aeroportos e o Minist\u00e9rio do Turismo entram na fase de regulamenta\u00e7\u00e3o \u201co mais breve poss\u00edvel\u201d dos dispositivos dessa lei. \u201cTanto o Minist\u00e9rio do Turismo como o Minist\u00e9rio de Portos e de Aeroporto tem\u00a0 focado em melhorar o ambiente de neg\u00f3cios\u201d, afirmou.<\/p>\n","protected":false},"excerpt":{"rendered":"<p>Sheyla Santos, da Ag\u00eancia iNFRA A Secretaria de Avia\u00e7\u00e3o Civil do Minist\u00e9rio de Portos e Aeroportos pediu para a ANAC (Ag\u00eancia Nacional de Avia\u00e7\u00e3o Civil) avaliar o aumento do n\u00famero de voos no Aeroporto Santos Dumont (RJ) para at\u00e9 10 milh\u00f5es de passageiros at\u00e9 2025. Em 2023, houve redu\u00e7\u00e3o de voos no terminal que reduziu [&hellip;]<\/p>\n","protected":false},"author":1,"featured_media":9105,"comment_status":"closed","ping_status":"closed","sticky":false,"template":"","format":"standard","meta":{"_monsterinsights_skip_tracking":false,"_monsterinsights_sitenote_active":false,"_monsterinsights_sitenote_note":"","_monsterinsights_sitenote_category":0,"footnotes":""},"categories":[7250,1,7],"tags":[5592,2128,3068,11231,599,78,6232,34,32,6257,11487,501,18,70],"class_list":["post-18589","post","type-post","status-publish","format-standard","has-post-thumbnail","hentry","category-destaque-lista","category-geral","category-infratransporte","tag-acrj","tag-aeroporto-do-galeao","tag-aeroporto-santos-dumont","tag-aeroportos-da-infraero","tag-aviacao-civil","tag-concessoes","tag-fecomercio-rj","tag-infraestrutura","tag-investimentos","tag-ministerio-de-portos-e-aeroportos","tag-prefeitura-do-rio","tag-secretaria-de-aviacao-civil","tag-tcu","tag-transportes"],"yoast_head":"<!-- This site is optimized with the Yoast SEO Premium plugin v25.4 (Yoast SEO v26.0) - https:\/\/yoast.com\/wordpress\/plugins\/seo\/ -->\n<title>Minist\u00e9rio de Portos e Aeroportos quer aumentar n\u00famero de passageiros no Santos Dumont (RJ), mudando direcionamento de 2023 - Ag\u00eancia iNFRA<\/title>\n<meta name=\"robots\" content=\"index, follow, max-snippet:-1, max-image-preview:large, max-video-preview:-1\" \/>\n<link rel=\"canonical\" href=\"https:\/\/agenciainfra.com\/blog\/ministerio-de-portos-e-aeroportos-quer-aumentar-numero-de-passageiros-no-santos-dumont-rj-mudando-direcionamento-de-2023\/\" \/>\n<meta property=\"og:locale\" content=\"pt_BR\" \/>\n<meta property=\"og:type\" content=\"article\" \/>\n<meta property=\"og:title\" content=\"Minist\u00e9rio de Portos e Aeroportos quer aumentar n\u00famero de passageiros no Santos Dumont (RJ), mudando direcionamento de 2023\" \/>\n<meta property=\"og:description\" content=\"Sheyla Santos, da Ag\u00eancia iNFRA A Secretaria de Avia\u00e7\u00e3o Civil do Minist\u00e9rio de Portos e Aeroportos pediu para a ANAC (Ag\u00eancia Nacional de Avia\u00e7\u00e3o Civil) avaliar o aumento do n\u00famero de voos no Aeroporto Santos Dumont (RJ) para at\u00e9 10 milh\u00f5es de passageiros at\u00e9 2025. Em 2023, houve redu\u00e7\u00e3o de voos no terminal que reduziu [&hellip;]\" \/>\n<meta property=\"og:url\" content=\"https:\/\/agenciainfra.com\/blog\/ministerio-de-portos-e-aeroportos-quer-aumentar-numero-de-passageiros-no-santos-dumont-rj-mudando-direcionamento-de-2023\/\" \/>\n<meta property=\"og:site_name\" content=\"Ag\u00eancia iNFRA\" \/>\n<meta property=\"article:publisher\" content=\"https:\/\/www.facebook.com\/ageninfra\" \/>\n<meta property=\"article:published_time\" content=\"2024-09-20T10:00:00+00:00\" \/>\n<meta property=\"article:modified_time\" content=\"2024-09-23T13:08:37+00:00\" \/>\n<meta property=\"og:image\" content=\"https:\/\/agenciainfra.com\/blog\/wp-content\/uploads\/2021\/12\/aeroporto-santos-dumont-foto-infraero.png\" \/>\n\t<meta property=\"og:image:width\" content=\"1280\" \/>\n\t<meta property=\"og:image:height\" content=\"854\" \/>\n\t<meta property=\"og:image:type\" content=\"image\/png\" \/>\n<meta name=\"author\" content=\"Ag\u00eancia iNFRA\" \/>\n<meta name=\"twitter:card\" content=\"summary_large_image\" \/>\n<meta name=\"twitter:creator\" content=\"@agencia_infra\" \/>\n<meta name=\"twitter:site\" content=\"@agencia_infra\" \/>\n<meta name=\"twitter:label1\" content=\"Escrito por\" \/>\n\t<meta name=\"twitter:data1\" content=\"Ag\u00eancia iNFRA\" \/>\n\t<meta name=\"twitter:label2\" content=\"Est. tempo de leitura\" \/>\n\t<meta name=\"twitter:data2\" content=\"5 minutos\" \/>\n<script type=\"application\/ld+json\" class=\"yoast-schema-graph\">{\"@context\":\"https:\/\/schema.org\",\"@graph\":[{\"@type\":\"Article\",\"@id\":\"https:\/\/agenciainfra.com\/blog\/ministerio-de-portos-e-aeroportos-quer-aumentar-numero-de-passageiros-no-santos-dumont-rj-mudando-direcionamento-de-2023\/#article\",\"isPartOf\":{\"@id\":\"https:\/\/agenciainfra.com\/blog\/ministerio-de-portos-e-aeroportos-quer-aumentar-numero-de-passageiros-no-santos-dumont-rj-mudando-direcionamento-de-2023\/\"},\"author\":{\"name\":\"Ag\u00eancia iNFRA\",\"@id\":\"https:\/\/agenciainfra.com\/blog\/#\/schema\/person\/34af08dff6adea4cb22b06612ba7acfa\"},\"headline\":\"Minist\u00e9rio de Portos e Aeroportos quer aumentar n\u00famero de passageiros no Santos Dumont (RJ), mudando direcionamento de 2023\",\"datePublished\":\"2024-09-20T10:00:00+00:00\",\"dateModified\":\"2024-09-23T13:08:37+00:00\",\"mainEntityOfPage\":{\"@id\":\"https:\/\/agenciainfra.com\/blog\/ministerio-de-portos-e-aeroportos-quer-aumentar-numero-de-passageiros-no-santos-dumont-rj-mudando-direcionamento-de-2023\/\"},\"wordCount\":976,\"publisher\":{\"@id\":\"https:\/\/agenciainfra.com\/blog\/#organization\"},\"image\":{\"@id\":\"https:\/\/agenciainfra.com\/blog\/ministerio-de-portos-e-aeroportos-quer-aumentar-numero-de-passageiros-no-santos-dumont-rj-mudando-direcionamento-de-2023\/#primaryimage\"},\"thumbnailUrl\":\"https:\/\/agenciainfra.com\/blog\/wp-content\/uploads\/2021\/12\/aeroporto-santos-dumont-foto-infraero.png\",\"keywords\":[\"ACRJ\",\"Aeroporto do Gale\u00e3o\",\"Aeroporto Santos Dumont\",\"Aeroportos da Infraero\",\"avia\u00e7\u00e3o civil\",\"concess\u00f5es\",\"Fecom\u00e9rcio-RJ\",\"Infraestrutura\",\"Investimentos\",\"Minist\u00e9rio de Portos e Aeroportos\",\"prefeitura do Rio\",\"Secretaria de Avia\u00e7\u00e3o Civil\",\"TCU\",\"transportes\"],\"articleSection\":[\"Destaque lista\",\"Geral\",\"iNFRATransporte\"],\"inLanguage\":\"pt-BR\",\"copyrightYear\":\"2024\",\"copyrightHolder\":{\"@id\":\"https:\/\/agenciainfra.com\/blog\/#organization\"}},{\"@type\":\"WebPage\",\"@id\":\"https:\/\/agenciainfra.com\/blog\/ministerio-de-portos-e-aeroportos-quer-aumentar-numero-de-passageiros-no-santos-dumont-rj-mudando-direcionamento-de-2023\/\",\"url\":\"https:\/\/agenciainfra.com\/blog\/ministerio-de-portos-e-aeroportos-quer-aumentar-numero-de-passageiros-no-santos-dumont-rj-mudando-direcionamento-de-2023\/\",\"name\":\"Minist\u00e9rio de Portos e Aeroportos quer aumentar n\u00famero de passageiros no Santos Dumont (RJ), mudando direcionamento de 2023 - Ag\u00eancia iNFRA\",\"isPartOf\":{\"@id\":\"https:\/\/agenciainfra.com\/blog\/#website\"},\"primaryImageOfPage\":{\"@id\":\"https:\/\/agenciainfra.com\/blog\/ministerio-de-portos-e-aeroportos-quer-aumentar-numero-de-passageiros-no-santos-dumont-rj-mudando-direcionamento-de-2023\/#primaryimage\"},\"image\":{\"@id\":\"https:\/\/agenciainfra.com\/blog\/ministerio-de-portos-e-aeroportos-quer-aumentar-numero-de-passageiros-no-santos-dumont-rj-mudando-direcionamento-de-2023\/#primaryimage\"},\"thumbnailUrl\":\"https:\/\/agenciainfra.com\/blog\/wp-content\/uploads\/2021\/12\/aeroporto-santos-dumont-foto-infraero.png\",\"datePublished\":\"2024-09-20T10:00:00+00:00\",\"dateModified\":\"2024-09-23T13:08:37+00:00\",\"breadcrumb\":{\"@id\":\"https:\/\/agenciainfra.com\/blog\/ministerio-de-portos-e-aeroportos-quer-aumentar-numero-de-passageiros-no-santos-dumont-rj-mudando-direcionamento-de-2023\/#breadcrumb\"},\"inLanguage\":\"pt-BR\",\"potentialAction\":[{\"@type\":\"ReadAction\",\"target\":[\"https:\/\/agenciainfra.com\/blog\/ministerio-de-portos-e-aeroportos-quer-aumentar-numero-de-passageiros-no-santos-dumont-rj-mudando-direcionamento-de-2023\/\"]}]},{\"@type\":\"ImageObject\",\"inLanguage\":\"pt-BR\",\"@id\":\"https:\/\/agenciainfra.com\/blog\/ministerio-de-portos-e-aeroportos-quer-aumentar-numero-de-passageiros-no-santos-dumont-rj-mudando-direcionamento-de-2023\/#primaryimage\",\"url\":\"https:\/\/agenciainfra.com\/blog\/wp-content\/uploads\/2021\/12\/aeroporto-santos-dumont-foto-infraero.png\",\"contentUrl\":\"https:\/\/agenciainfra.com\/blog\/wp-content\/uploads\/2021\/12\/aeroporto-santos-dumont-foto-infraero.png\",\"width\":1280,\"height\":854,\"caption\":\"Foto: Infraero\"},{\"@type\":\"BreadcrumbList\",\"@id\":\"https:\/\/agenciainfra.com\/blog\/ministerio-de-portos-e-aeroportos-quer-aumentar-numero-de-passageiros-no-santos-dumont-rj-mudando-direcionamento-de-2023\/#breadcrumb\",\"itemListElement\":[{\"@type\":\"ListItem\",\"position\":1,\"name\":\"In\u00edcio\",\"item\":\"https:\/\/agenciainfra.com\/blog\/\"},{\"@type\":\"ListItem\",\"position\":2,\"name\":\"Minist\u00e9rio de Portos e Aeroportos quer aumentar n\u00famero de passageiros no Santos Dumont (RJ), mudando direcionamento de 2023\"}]},{\"@type\":\"WebSite\",\"@id\":\"https:\/\/agenciainfra.com\/blog\/#website\",\"url\":\"https:\/\/agenciainfra.com\/blog\/\",\"name\":\"Ag\u00eancia iNFRA\",\"description\":\"Multiplataforma de informa\u00e7\u00e3o jornal\u00edstica refer\u00eancia na \u00e1rea de infraestrutura no Brasil!\",\"publisher\":{\"@id\":\"https:\/\/agenciainfra.com\/blog\/#organization\"},\"potentialAction\":[{\"@type\":\"SearchAction\",\"target\":{\"@type\":\"EntryPoint\",\"urlTemplate\":\"https:\/\/agenciainfra.com\/blog\/?s={search_term_string}\"},\"query-input\":{\"@type\":\"PropertyValueSpecification\",\"valueRequired\":true,\"valueName\":\"search_term_string\"}}],\"inLanguage\":\"pt-BR\"},{\"@type\":\"Organization\",\"@id\":\"https:\/\/agenciainfra.com\/blog\/#organization\",\"name\":\"Ag\u00eancia iNFRA\",\"url\":\"https:\/\/agenciainfra.com\/blog\/\",\"logo\":{\"@type\":\"ImageObject\",\"inLanguage\":\"pt-BR\",\"@id\":\"https:\/\/agenciainfra.com\/blog\/#\/schema\/logo\/image\/\",\"url\":\"https:\/\/agenciainfra.com\/blog\/wp-content\/uploads\/2023\/09\/iNFRA_5-e1761735885940.png\",\"contentUrl\":\"https:\/\/agenciainfra.com\/blog\/wp-content\/uploads\/2023\/09\/iNFRA_5-e1761735885940.png\",\"width\":1672,\"height\":454,\"caption\":\"Ag\u00eancia iNFRA\"},\"image\":{\"@id\":\"https:\/\/agenciainfra.com\/blog\/#\/schema\/logo\/image\/\"},\"sameAs\":[\"https:\/\/www.facebook.com\/ageninfra\",\"https:\/\/x.com\/agencia_infra\",\"https:\/\/www.linkedin.com\/company\/ag\u00eanciainfra\/\",\"https:\/\/www.instagram.com\/agenciainfra\/\"]},{\"@type\":\"Person\",\"@id\":\"https:\/\/agenciainfra.com\/blog\/#\/schema\/person\/34af08dff6adea4cb22b06612ba7acfa\",\"name\":\"Ag\u00eancia iNFRA\",\"image\":{\"@type\":\"ImageObject\",\"inLanguage\":\"pt-BR\",\"@id\":\"https:\/\/agenciainfra.com\/blog\/#\/schema\/person\/image\/\",\"url\":\"https:\/\/secure.gravatar.com\/avatar\/d189e01678f06d8eb84d4e01f08eb848b3fffe3f8443818d3c356c66892f5be8?s=96&d=mm&r=g\",\"contentUrl\":\"https:\/\/secure.gravatar.com\/avatar\/d189e01678f06d8eb84d4e01f08eb848b3fffe3f8443818d3c356c66892f5be8?s=96&d=mm&r=g\",\"caption\":\"Ag\u00eancia iNFRA\"},\"url\":\"https:\/\/agenciainfra.com\/blog\/author\/admin\/\"}]}<\/script>\n<!-- \/ Yoast SEO Premium plugin. -->","yoast_head_json":{"title":"Minist\u00e9rio de Portos e Aeroportos quer aumentar n\u00famero de passageiros no Santos Dumont (RJ), mudando direcionamento de 2023 - Ag\u00eancia iNFRA","robots":{"index":"index","follow":"follow","max-snippet":"max-snippet:-1","max-image-preview":"max-image-preview:large","max-video-preview":"max-video-preview:-1"},"canonical":"https:\/\/agenciainfra.com\/blog\/ministerio-de-portos-e-aeroportos-quer-aumentar-numero-de-passageiros-no-santos-dumont-rj-mudando-direcionamento-de-2023\/","og_locale":"pt_BR","og_type":"article","og_title":"Minist\u00e9rio de Portos e Aeroportos quer aumentar n\u00famero de passageiros no Santos Dumont (RJ), mudando direcionamento de 2023","og_description":"Sheyla Santos, da Ag\u00eancia iNFRA A Secretaria de Avia\u00e7\u00e3o Civil do Minist\u00e9rio de Portos e Aeroportos pediu para a ANAC (Ag\u00eancia Nacional de Avia\u00e7\u00e3o Civil) avaliar o aumento do n\u00famero de voos no Aeroporto Santos Dumont (RJ) para at\u00e9 10 milh\u00f5es de passageiros at\u00e9 2025. Em 2023, houve redu\u00e7\u00e3o de voos no terminal que reduziu [&hellip;]","og_url":"https:\/\/agenciainfra.com\/blog\/ministerio-de-portos-e-aeroportos-quer-aumentar-numero-de-passageiros-no-santos-dumont-rj-mudando-direcionamento-de-2023\/","og_site_name":"Ag\u00eancia iNFRA","article_publisher":"https:\/\/www.facebook.com\/ageninfra","article_published_time":"2024-09-20T10:00:00+00:00","article_modified_time":"2024-09-23T13:08:37+00:00","og_image":[{"width":1280,"height":854,"url":"https:\/\/agenciainfra.com\/blog\/wp-content\/uploads\/2021\/12\/aeroporto-santos-dumont-foto-infraero.png","type":"image\/png"}],"author":"Ag\u00eancia iNFRA","twitter_card":"summary_large_image","twitter_creator":"@agencia_infra","twitter_site":"@agencia_infra","twitter_misc":{"Escrito por":"Ag\u00eancia iNFRA","Est. tempo de leitura":"5 minutos"},"schema":{"@context":"https:\/\/schema.org","@graph":[{"@type":"Article","@id":"https:\/\/agenciainfra.com\/blog\/ministerio-de-portos-e-aeroportos-quer-aumentar-numero-de-passageiros-no-santos-dumont-rj-mudando-direcionamento-de-2023\/#article","isPartOf":{"@id":"https:\/\/agenciainfra.com\/blog\/ministerio-de-portos-e-aeroportos-quer-aumentar-numero-de-passageiros-no-santos-dumont-rj-mudando-direcionamento-de-2023\/"},"author":{"name":"Ag\u00eancia iNFRA","@id":"https:\/\/agenciainfra.com\/blog\/#\/schema\/person\/34af08dff6adea4cb22b06612ba7acfa"},"headline":"Minist\u00e9rio de Portos e Aeroportos quer aumentar n\u00famero de passageiros no Santos Dumont (RJ), mudando direcionamento de 2023","datePublished":"2024-09-20T10:00:00+00:00","dateModified":"2024-09-23T13:08:37+00:00","mainEntityOfPage":{"@id":"https:\/\/agenciainfra.com\/blog\/ministerio-de-portos-e-aeroportos-quer-aumentar-numero-de-passageiros-no-santos-dumont-rj-mudando-direcionamento-de-2023\/"},"wordCount":976,"publisher":{"@id":"https:\/\/agenciainfra.com\/blog\/#organization"},"image":{"@id":"https:\/\/agenciainfra.com\/blog\/ministerio-de-portos-e-aeroportos-quer-aumentar-numero-de-passageiros-no-santos-dumont-rj-mudando-direcionamento-de-2023\/#primaryimage"},"thumbnailUrl":"https:\/\/agenciainfra.com\/blog\/wp-content\/uploads\/2021\/12\/aeroporto-santos-dumont-foto-infraero.png","keywords":["ACRJ","Aeroporto do Gale\u00e3o","Aeroporto Santos Dumont","Aeroportos da Infraero","avia\u00e7\u00e3o civil","concess\u00f5es","Fecom\u00e9rcio-RJ","Infraestrutura","Investimentos","Minist\u00e9rio de Portos e Aeroportos","prefeitura do Rio","Secretaria de Avia\u00e7\u00e3o Civil","TCU","transportes"],"articleSection":["Destaque lista","Geral","iNFRATransporte"],"inLanguage":"pt-BR","copyrightYear":"2024","copyrightHolder":{"@id":"https:\/\/agenciainfra.com\/blog\/#organization"}},{"@type":"WebPage","@id":"https:\/\/agenciainfra.com\/blog\/ministerio-de-portos-e-aeroportos-quer-aumentar-numero-de-passageiros-no-santos-dumont-rj-mudando-direcionamento-de-2023\/","url":"https:\/\/agenciainfra.com\/blog\/ministerio-de-portos-e-aeroportos-quer-aumentar-numero-de-passageiros-no-santos-dumont-rj-mudando-direcionamento-de-2023\/","name":"Minist\u00e9rio de Portos e Aeroportos quer aumentar n\u00famero de passageiros no Santos Dumont (RJ), mudando direcionamento de 2023 - Ag\u00eancia iNFRA","isPartOf":{"@id":"https:\/\/agenciainfra.com\/blog\/#website"},"primaryImageOfPage":{"@id":"https:\/\/agenciainfra.com\/blog\/ministerio-de-portos-e-aeroportos-quer-aumentar-numero-de-passageiros-no-santos-dumont-rj-mudando-direcionamento-de-2023\/#primaryimage"},"image":{"@id":"https:\/\/agenciainfra.com\/blog\/ministerio-de-portos-e-aeroportos-quer-aumentar-numero-de-passageiros-no-santos-dumont-rj-mudando-direcionamento-de-2023\/#primaryimage"},"thumbnailUrl":"https:\/\/agenciainfra.com\/blog\/wp-content\/uploads\/2021\/12\/aeroporto-santos-dumont-foto-infraero.png","datePublished":"2024-09-20T10:00:00+00:00","dateModified":"2024-09-23T13:08:37+00:00","breadcrumb":{"@id":"https:\/\/agenciainfra.com\/blog\/ministerio-de-portos-e-aeroportos-quer-aumentar-numero-de-passageiros-no-santos-dumont-rj-mudando-direcionamento-de-2023\/#breadcrumb"},"inLanguage":"pt-BR","potentialAction":[{"@type":"ReadAction","target":["https:\/\/agenciainfra.com\/blog\/ministerio-de-portos-e-aeroportos-quer-aumentar-numero-de-passageiros-no-santos-dumont-rj-mudando-direcionamento-de-2023\/"]}]},{"@type":"ImageObject","inLanguage":"pt-BR","@id":"https:\/\/agenciainfra.com\/blog\/ministerio-de-portos-e-aeroportos-quer-aumentar-numero-de-passageiros-no-santos-dumont-rj-mudando-direcionamento-de-2023\/#primaryimage","url":"https:\/\/agenciainfra.com\/blog\/wp-content\/uploads\/2021\/12\/aeroporto-santos-dumont-foto-infraero.png","contentUrl":"https:\/\/agenciainfra.com\/blog\/wp-content\/uploads\/2021\/12\/aeroporto-santos-dumont-foto-infraero.png","width":1280,"height":854,"caption":"Foto: Infraero"},{"@type":"BreadcrumbList","@id":"https:\/\/agenciainfra.com\/blog\/ministerio-de-portos-e-aeroportos-quer-aumentar-numero-de-passageiros-no-santos-dumont-rj-mudando-direcionamento-de-2023\/#breadcrumb","itemListElement":[{"@type":"ListItem","position":1,"name":"In\u00edcio","item":"https:\/\/agenciainfra.com\/blog\/"},{"@type":"ListItem","position":2,"name":"Minist\u00e9rio de Portos e Aeroportos quer aumentar n\u00famero de passageiros no Santos Dumont (RJ), mudando direcionamento de 2023"}]},{"@type":"WebSite","@id":"https:\/\/agenciainfra.com\/blog\/#website","url":"https:\/\/agenciainfra.com\/blog\/","name":"Ag\u00eancia iNFRA","description":"Multiplataforma de informa\u00e7\u00e3o jornal\u00edstica refer\u00eancia na \u00e1rea de infraestrutura no Brasil!","publisher":{"@id":"https:\/\/agenciainfra.com\/blog\/#organization"},"potentialAction":[{"@type":"SearchAction","target":{"@type":"EntryPoint","urlTemplate":"https:\/\/agenciainfra.com\/blog\/?s={search_term_string}"},"query-input":{"@type":"PropertyValueSpecification","valueRequired":true,"valueName":"search_term_string"}}],"inLanguage":"pt-BR"},{"@type":"Organization","@id":"https:\/\/agenciainfra.com\/blog\/#organization","name":"Ag\u00eancia iNFRA","url":"https:\/\/agenciainfra.com\/blog\/","logo":{"@type":"ImageObject","inLanguage":"pt-BR","@id":"https:\/\/agenciainfra.com\/blog\/#\/schema\/logo\/image\/","url":"https:\/\/agenciainfra.com\/blog\/wp-content\/uploads\/2023\/09\/iNFRA_5-e1761735885940.png","contentUrl":"https:\/\/agenciainfra.com\/blog\/wp-content\/uploads\/2023\/09\/iNFRA_5-e1761735885940.png","width":1672,"height":454,"caption":"Ag\u00eancia iNFRA"},"image":{"@id":"https:\/\/agenciainfra.com\/blog\/#\/schema\/logo\/image\/"},"sameAs":["https:\/\/www.facebook.com\/ageninfra","https:\/\/x.com\/agencia_infra","https:\/\/www.linkedin.com\/company\/ag\u00eanciainfra\/","https:\/\/www.instagram.com\/agenciainfra\/"]},{"@type":"Person","@id":"https:\/\/agenciainfra.com\/blog\/#\/schema\/person\/34af08dff6adea4cb22b06612ba7acfa","name":"Ag\u00eancia iNFRA","image":{"@type":"ImageObject","inLanguage":"pt-BR","@id":"https:\/\/agenciainfra.com\/blog\/#\/schema\/person\/image\/","url":"https:\/\/secure.gravatar.com\/avatar\/d189e01678f06d8eb84d4e01f08eb848b3fffe3f8443818d3c356c66892f5be8?s=96&d=mm&r=g","contentUrl":"https:\/\/secure.gravatar.com\/avatar\/d189e01678f06d8eb84d4e01f08eb848b3fffe3f8443818d3c356c66892f5be8?s=96&d=mm&r=g","caption":"Ag\u00eancia iNFRA"},"url":"https:\/\/agenciainfra.com\/blog\/author\/admin\/"}]}},"_links":{"self":[{"href":"https:\/\/agenciainfra.com\/blog\/wp-json\/wp\/v2\/posts\/18589","targetHints":{"allow":["GET"]}}],"collection":[{"href":"https:\/\/agenciainfra.com\/blog\/wp-json\/wp\/v2\/posts"}],"about":[{"href":"https:\/\/agenciainfra.com\/blog\/wp-json\/wp\/v2\/types\/post"}],"author":[{"embeddable":true,"href":"https:\/\/agenciainfra.com\/blog\/wp-json\/wp\/v2\/users\/1"}],"replies":[{"embeddable":true,"href":"https:\/\/agenciainfra.com\/blog\/wp-json\/wp\/v2\/comments?post=18589"}],"version-history":[{"count":1,"href":"https:\/\/agenciainfra.com\/blog\/wp-json\/wp\/v2\/posts\/18589\/revisions"}],"predecessor-version":[{"id":18590,"href":"https:\/\/agenciainfra.com\/blog\/wp-json\/wp\/v2\/posts\/18589\/revisions\/18590"}],"wp:featuredmedia":[{"embeddable":true,"href":"https:\/\/agenciainfra.com\/blog\/wp-json\/wp\/v2\/media\/9105"}],"wp:attachment":[{"href":"https:\/\/agenciainfra.com\/blog\/wp-json\/wp\/v2\/media?parent=18589"}],"wp:term":[{"taxonomy":"category","embeddable":true,"href":"https:\/\/agenciainfra.com\/blog\/wp-json\/wp\/v2\/categories?post=18589"},{"taxonomy":"post_tag","embeddable":true,"href":"https:\/\/agenciainfra.com\/blog\/wp-json\/wp\/v2\/tags?post=18589"}],"curies":[{"name":"wp","href":"https:\/\/api.w.org\/{rel}","templated":true}]}}