{"id":18602,"date":"2024-09-23T09:00:00","date_gmt":"2024-09-23T12:00:00","guid":{"rendered":"https:\/\/agenciainfra.com\/blog\/?p=18602"},"modified":"2024-09-23T10:08:08","modified_gmt":"2024-09-23T13:08:08","slug":"amazonas-jf-pede-direito-de-repassar-r-16-bi-para-as-tarifas-mas-aneel-sugere-r-8-bi","status":"publish","type":"post","link":"https:\/\/agenciainfra.com\/blog\/amazonas-jf-pede-direito-de-repassar-r-16-bi-para-as-tarifas-mas-aneel-sugere-r-8-bi\/","title":{"rendered":"Amazonas: J&amp;F pede direito de repassar R$ 16 bi para as tarifas, mas ANEEL sugere R$ 8 bi"},"content":{"rendered":"\n<p class=\"has-text-align-right\"><strong>Leila Coimbra, da\u00a0Ag\u00eancia iNFRA<\/strong><\/p>\n\n\n\n<p>A J&amp;F, holding que abarca os neg\u00f3cios dos irm\u00e3os Joesley e Wesley Batista, pede flexibiliza\u00e7\u00f5es de R$ 15,8 bilh\u00f5es no plano apresentado \u00e0 ANEEL (Ag\u00eancia Nacional de Energia El\u00e9trica) para assumir o&nbsp;controle da Amazonas Energia. O valor seria o custo a ser rateado pelos consumidores brasileiros ao longo de 15 anos&nbsp;na CCC (Conta Consumo de Combust\u00edveis).<br><br>No entanto, as \u00e1reas t\u00e9cnicas da ag\u00eancia sugerem que o total suportado pela CCC seria de aproximadamente R$ 8,04 bilh\u00f5es em 15 anos, prazo que abrangeria tr\u00eas ciclos tarif\u00e1rios. Os n\u00fameros constam na&nbsp;<a href=\"https:\/\/agenciainfra.us14.list-manage.com\/track\/click?u=d460dd1bcf9ba0ae040e1fc0f&amp;id=9b143a2787&amp;e=55b7a27fc9\" target=\"_blank\" rel=\"noreferrer noopener\">NT (Nota T\u00e9cnica)167\/2024<\/a>.<br><br>\u201cA principal diferen\u00e7a entre a flexibiliza\u00e7\u00e3o proposta nesta Nota T\u00e9cnica e a do plano de transfer\u00eancia est\u00e1 nos custos operacionais. O plano de transfer\u00eancia solicita a manuten\u00e7\u00e3o dos valores de custos operacionais que vigoraram at\u00e9 a RTP de maio de 2024, de R$ 951 milh\u00f5es anuais, para os tr\u00eas ciclos. Entretanto, em 2023, os custos operacionais incorridos pela Amazonas Energia foram de R$ 721 milh\u00f5es\u201d, diz o documento.<\/p>\n\n\n\n<p>As flexibiliza\u00e7\u00f5es incluem os par\u00e2metros de perdas n\u00e3o t\u00e9cnicas, receitas irrecuper\u00e1veis e custos operacionais.<br><br><strong>D\u00edvida<\/strong><br>Al\u00e9m dessa disparidade de valores, h\u00e1 uma controv\u00e9rsia em rela\u00e7\u00e3o \u00e0 d\u00edvida da distribuidora. Na documenta\u00e7\u00e3o inicial, o grupo J&amp;F disse que assumiria de forma imediata o valor devido \u00e0 maior credora, a Eletrobras, com a convers\u00e3o de&nbsp;cr\u00e9ditos de R$ 10,05 bilh\u00f5es em capital social,&nbsp;\u201cno momento em que realizada a transfer\u00eancia do controle\u201d<br><br>Mas, durante a CP (Consulta P\u00fablica) 21\/2024,&nbsp;que tratou sobre a venda da concession\u00e1ria, a J&amp;F mudou de opini\u00e3o: mandou&nbsp;<a href=\"https:\/\/agenciainfra.us14.list-manage.com\/track\/click?u=d460dd1bcf9ba0ae040e1fc0f&amp;id=60d85b1eb0&amp;e=55b7a27fc9\" target=\"_blank\" rel=\"noreferrer noopener\">contribui\u00e7\u00e3o<\/a>&nbsp;na qual afirma \u201cn\u00e3o ser razo\u00e1vel pressupor ou exigir que o novo controlador tenha de solucionar o endividamento da companhia de forma instant\u00e2nea, t\u00e3o logo assuma a concess\u00e3o\u201d.<br><br>A empresa defende que n\u00e3o faria sentido dispor de at\u00e9 tr\u00eas ciclos tarif\u00e1rios (15 anos) para recuperar a capacidade econ\u00f4mico-financeira da concess\u00e3o, \u201ce ao mesmo tempo&nbsp;demonstrar de pronto, sem qualquer prazo de car\u00eancia, a elimina\u00e7\u00e3o de quase todo o endividamento da companhia\u201d.<br><br>O plano de transfer\u00eancia apresentado inclui a aliena\u00e7\u00e3o das a\u00e7\u00f5es atualmente detidas pela Oliveira Energia S.A. para os novos donos, os fundos Futura e FIP Mil\u00e3o (controlados pela J&amp;F), que assumir\u00e3o, respectivamente, 61,13% e 30% da participa\u00e7\u00e3o na empresa.<br><br><strong>Procuradoria<\/strong><br><a href=\"https:\/\/agenciainfra.us14.list-manage.com\/track\/click?u=d460dd1bcf9ba0ae040e1fc0f&amp;id=e8dd195f49&amp;e=55b7a27fc9\" target=\"_blank\" rel=\"noreferrer noopener\">Parecer da Procuradoria Federal<\/a>&nbsp;Junto \u00e0 ag\u00eancia disse que reguladora possui respaldo legal para estabelecer condi\u00e7\u00f5es contratuais que definam valores e prazos para a realiza\u00e7\u00e3o de aportes de capital. Ou seja: a ANEEL tem o direito de impor as condi\u00e7\u00f5es que julgar adequadas, ou at\u00e9 mesmo negar a transfer\u00eancia.<br><br>\u201cAo exercer o poder-dever que lhe foi atribu\u00eddo, a ANEEL tem autoridade inclusive para desaprovar o plano transfer\u00eancia do controle societ\u00e1rio. Se \u00e9 assim, dentro da l\u00f3gica do quem pode o mais pode o menos, ela tamb\u00e9m pode propor ajustes ao plano de transfer\u00eancia, o que \u00e9 uma medida menos gravosa do que a sua recusa integral\u201d, diz o documento.<\/p>\n","protected":false},"excerpt":{"rendered":"<p>Leila Coimbra, da\u00a0Ag\u00eancia iNFRA A J&amp;F, holding que abarca os neg\u00f3cios dos irm\u00e3os Joesley e Wesley Batista, pede flexibiliza\u00e7\u00f5es de R$ 15,8 bilh\u00f5es no plano apresentado \u00e0 ANEEL (Ag\u00eancia Nacional de Energia El\u00e9trica) para assumir o&nbsp;controle da Amazonas Energia. O valor seria o custo a ser rateado pelos consumidores brasileiros ao longo de 15 anos&nbsp;na [&hellip;]<\/p>\n","protected":false},"author":1,"featured_media":6714,"comment_status":"closed","ping_status":"closed","sticky":false,"template":"","format":"standard","meta":{"_monsterinsights_skip_tracking":false,"_monsterinsights_sitenote_active":false,"_monsterinsights_sitenote_note":"","_monsterinsights_sitenote_category":0,"footnotes":""},"categories":[7250,1,10],"tags":[144,53,2606,5482,10325,1984,2690,11491],"class_list":["post-18602","post","type-post","status-publish","format-standard","has-post-thumbnail","hentry","category-destaque-lista","category-geral","category-infraenergia","tag-amazonas-energia","tag-aneel","tag-ccc","tag-jf","tag-joesley-batista","tag-leila-coimbra","tag-revisao-tarifaria","tag-wesley-batista"],"yoast_head":"<!-- This site is optimized with the Yoast SEO Premium plugin v25.4 (Yoast SEO v26.0) - https:\/\/yoast.com\/wordpress\/plugins\/seo\/ -->\n<title>Amazonas: J&amp;F pede direito de repassar R$ 16 bi para as tarifas, mas ANEEL sugere R$ 8 bi - Ag\u00eancia iNFRA<\/title>\n<meta name=\"robots\" content=\"index, follow, max-snippet:-1, max-image-preview:large, max-video-preview:-1\" \/>\n<link rel=\"canonical\" href=\"https:\/\/agenciainfra.com\/blog\/amazonas-jf-pede-direito-de-repassar-r-16-bi-para-as-tarifas-mas-aneel-sugere-r-8-bi\/\" \/>\n<meta property=\"og:locale\" content=\"pt_BR\" \/>\n<meta property=\"og:type\" content=\"article\" \/>\n<meta property=\"og:title\" content=\"Amazonas: J&amp;F pede direito de repassar R$ 16 bi para as tarifas, mas ANEEL sugere R$ 8 bi\" \/>\n<meta property=\"og:description\" content=\"Leila Coimbra, da\u00a0Ag\u00eancia iNFRA A J&amp;F, holding que abarca os neg\u00f3cios dos irm\u00e3os Joesley e Wesley Batista, pede flexibiliza\u00e7\u00f5es de R$ 15,8 bilh\u00f5es no plano apresentado \u00e0 ANEEL (Ag\u00eancia Nacional de Energia El\u00e9trica) para assumir o&nbsp;controle da Amazonas Energia. O valor seria o custo a ser rateado pelos consumidores brasileiros ao longo de 15 anos&nbsp;na [&hellip;]\" \/>\n<meta property=\"og:url\" content=\"https:\/\/agenciainfra.com\/blog\/amazonas-jf-pede-direito-de-repassar-r-16-bi-para-as-tarifas-mas-aneel-sugere-r-8-bi\/\" \/>\n<meta property=\"og:site_name\" content=\"Ag\u00eancia iNFRA\" \/>\n<meta property=\"article:publisher\" content=\"https:\/\/www.facebook.com\/ageninfra\" \/>\n<meta property=\"article:published_time\" content=\"2024-09-23T12:00:00+00:00\" \/>\n<meta property=\"article:modified_time\" content=\"2024-09-23T13:08:08+00:00\" \/>\n<meta property=\"og:image\" content=\"https:\/\/agenciainfra.com\/blog\/wp-content\/uploads\/2021\/01\/amazonas-energia-foto-divulgacao-redes-sociais.jpg\" \/>\n\t<meta property=\"og:image:width\" content=\"1280\" \/>\n\t<meta property=\"og:image:height\" content=\"855\" \/>\n\t<meta property=\"og:image:type\" content=\"image\/jpeg\" \/>\n<meta name=\"author\" content=\"Ag\u00eancia iNFRA\" \/>\n<meta name=\"twitter:card\" content=\"summary_large_image\" \/>\n<meta name=\"twitter:creator\" content=\"@agencia_infra\" \/>\n<meta name=\"twitter:site\" content=\"@agencia_infra\" \/>\n<meta name=\"twitter:label1\" content=\"Escrito por\" \/>\n\t<meta name=\"twitter:data1\" content=\"Ag\u00eancia iNFRA\" \/>\n\t<meta name=\"twitter:label2\" content=\"Est. tempo de leitura\" \/>\n\t<meta name=\"twitter:data2\" content=\"3 minutos\" \/>\n<script type=\"application\/ld+json\" class=\"yoast-schema-graph\">{\"@context\":\"https:\/\/schema.org\",\"@graph\":[{\"@type\":\"Article\",\"@id\":\"https:\/\/agenciainfra.com\/blog\/amazonas-jf-pede-direito-de-repassar-r-16-bi-para-as-tarifas-mas-aneel-sugere-r-8-bi\/#article\",\"isPartOf\":{\"@id\":\"https:\/\/agenciainfra.com\/blog\/amazonas-jf-pede-direito-de-repassar-r-16-bi-para-as-tarifas-mas-aneel-sugere-r-8-bi\/\"},\"author\":{\"name\":\"Ag\u00eancia iNFRA\",\"@id\":\"https:\/\/agenciainfra.com\/blog\/#\/schema\/person\/34af08dff6adea4cb22b06612ba7acfa\"},\"headline\":\"Amazonas: J&amp;F pede direito de repassar R$ 16 bi para as tarifas, mas ANEEL sugere R$ 8 bi\",\"datePublished\":\"2024-09-23T12:00:00+00:00\",\"dateModified\":\"2024-09-23T13:08:08+00:00\",\"mainEntityOfPage\":{\"@id\":\"https:\/\/agenciainfra.com\/blog\/amazonas-jf-pede-direito-de-repassar-r-16-bi-para-as-tarifas-mas-aneel-sugere-r-8-bi\/\"},\"wordCount\":568,\"publisher\":{\"@id\":\"https:\/\/agenciainfra.com\/blog\/#organization\"},\"image\":{\"@id\":\"https:\/\/agenciainfra.com\/blog\/amazonas-jf-pede-direito-de-repassar-r-16-bi-para-as-tarifas-mas-aneel-sugere-r-8-bi\/#primaryimage\"},\"thumbnailUrl\":\"https:\/\/agenciainfra.com\/blog\/wp-content\/uploads\/2021\/01\/amazonas-energia-foto-divulgacao-redes-sociais.jpg\",\"keywords\":[\"Amazonas Energia\",\"ANEEL\",\"CCC\",\"J&amp;F\",\"Joesley Batista\",\"Leila Coimbra\",\"revis\u00e3o tarif\u00e1ria\",\"Wesley Batista\"],\"articleSection\":[\"Destaque lista\",\"Geral\",\"iNFRAEnergia\"],\"inLanguage\":\"pt-BR\",\"copyrightYear\":\"2024\",\"copyrightHolder\":{\"@id\":\"https:\/\/agenciainfra.com\/blog\/#organization\"}},{\"@type\":\"WebPage\",\"@id\":\"https:\/\/agenciainfra.com\/blog\/amazonas-jf-pede-direito-de-repassar-r-16-bi-para-as-tarifas-mas-aneel-sugere-r-8-bi\/\",\"url\":\"https:\/\/agenciainfra.com\/blog\/amazonas-jf-pede-direito-de-repassar-r-16-bi-para-as-tarifas-mas-aneel-sugere-r-8-bi\/\",\"name\":\"Amazonas: J&amp;F pede direito de repassar R$ 16 bi para as tarifas, mas ANEEL sugere R$ 8 bi - Ag\u00eancia iNFRA\",\"isPartOf\":{\"@id\":\"https:\/\/agenciainfra.com\/blog\/#website\"},\"primaryImageOfPage\":{\"@id\":\"https:\/\/agenciainfra.com\/blog\/amazonas-jf-pede-direito-de-repassar-r-16-bi-para-as-tarifas-mas-aneel-sugere-r-8-bi\/#primaryimage\"},\"image\":{\"@id\":\"https:\/\/agenciainfra.com\/blog\/amazonas-jf-pede-direito-de-repassar-r-16-bi-para-as-tarifas-mas-aneel-sugere-r-8-bi\/#primaryimage\"},\"thumbnailUrl\":\"https:\/\/agenciainfra.com\/blog\/wp-content\/uploads\/2021\/01\/amazonas-energia-foto-divulgacao-redes-sociais.jpg\",\"datePublished\":\"2024-09-23T12:00:00+00:00\",\"dateModified\":\"2024-09-23T13:08:08+00:00\",\"breadcrumb\":{\"@id\":\"https:\/\/agenciainfra.com\/blog\/amazonas-jf-pede-direito-de-repassar-r-16-bi-para-as-tarifas-mas-aneel-sugere-r-8-bi\/#breadcrumb\"},\"inLanguage\":\"pt-BR\",\"potentialAction\":[{\"@type\":\"ReadAction\",\"target\":[\"https:\/\/agenciainfra.com\/blog\/amazonas-jf-pede-direito-de-repassar-r-16-bi-para-as-tarifas-mas-aneel-sugere-r-8-bi\/\"]}]},{\"@type\":\"ImageObject\",\"inLanguage\":\"pt-BR\",\"@id\":\"https:\/\/agenciainfra.com\/blog\/amazonas-jf-pede-direito-de-repassar-r-16-bi-para-as-tarifas-mas-aneel-sugere-r-8-bi\/#primaryimage\",\"url\":\"https:\/\/agenciainfra.com\/blog\/wp-content\/uploads\/2021\/01\/amazonas-energia-foto-divulgacao-redes-sociais.jpg\",\"contentUrl\":\"https:\/\/agenciainfra.com\/blog\/wp-content\/uploads\/2021\/01\/amazonas-energia-foto-divulgacao-redes-sociais.jpg\",\"width\":1280,\"height\":855,\"caption\":\"Foto: Divulga\u00e7\u00e3o\/Amazonas Energia\"},{\"@type\":\"BreadcrumbList\",\"@id\":\"https:\/\/agenciainfra.com\/blog\/amazonas-jf-pede-direito-de-repassar-r-16-bi-para-as-tarifas-mas-aneel-sugere-r-8-bi\/#breadcrumb\",\"itemListElement\":[{\"@type\":\"ListItem\",\"position\":1,\"name\":\"In\u00edcio\",\"item\":\"https:\/\/agenciainfra.com\/blog\/\"},{\"@type\":\"ListItem\",\"position\":2,\"name\":\"Amazonas: J&amp;F pede direito de repassar R$ 16 bi para as tarifas, mas ANEEL sugere R$ 8 bi\"}]},{\"@type\":\"WebSite\",\"@id\":\"https:\/\/agenciainfra.com\/blog\/#website\",\"url\":\"https:\/\/agenciainfra.com\/blog\/\",\"name\":\"Ag\u00eancia iNFRA\",\"description\":\"Multiplataforma de informa\u00e7\u00e3o jornal\u00edstica refer\u00eancia na \u00e1rea de infraestrutura no Brasil!\",\"publisher\":{\"@id\":\"https:\/\/agenciainfra.com\/blog\/#organization\"},\"potentialAction\":[{\"@type\":\"SearchAction\",\"target\":{\"@type\":\"EntryPoint\",\"urlTemplate\":\"https:\/\/agenciainfra.com\/blog\/?s={search_term_string}\"},\"query-input\":{\"@type\":\"PropertyValueSpecification\",\"valueRequired\":true,\"valueName\":\"search_term_string\"}}],\"inLanguage\":\"pt-BR\"},{\"@type\":\"Organization\",\"@id\":\"https:\/\/agenciainfra.com\/blog\/#organization\",\"name\":\"Ag\u00eancia iNFRA\",\"url\":\"https:\/\/agenciainfra.com\/blog\/\",\"logo\":{\"@type\":\"ImageObject\",\"inLanguage\":\"pt-BR\",\"@id\":\"https:\/\/agenciainfra.com\/blog\/#\/schema\/logo\/image\/\",\"url\":\"https:\/\/agenciainfra.com\/blog\/wp-content\/uploads\/2023\/09\/iNFRA_5-e1761735885940.png\",\"contentUrl\":\"https:\/\/agenciainfra.com\/blog\/wp-content\/uploads\/2023\/09\/iNFRA_5-e1761735885940.png\",\"width\":1672,\"height\":454,\"caption\":\"Ag\u00eancia iNFRA\"},\"image\":{\"@id\":\"https:\/\/agenciainfra.com\/blog\/#\/schema\/logo\/image\/\"},\"sameAs\":[\"https:\/\/www.facebook.com\/ageninfra\",\"https:\/\/x.com\/agencia_infra\",\"https:\/\/www.linkedin.com\/company\/ag\u00eanciainfra\/\",\"https:\/\/www.instagram.com\/agenciainfra\/\"]},{\"@type\":\"Person\",\"@id\":\"https:\/\/agenciainfra.com\/blog\/#\/schema\/person\/34af08dff6adea4cb22b06612ba7acfa\",\"name\":\"Ag\u00eancia iNFRA\",\"image\":{\"@type\":\"ImageObject\",\"inLanguage\":\"pt-BR\",\"@id\":\"https:\/\/agenciainfra.com\/blog\/#\/schema\/person\/image\/\",\"url\":\"https:\/\/secure.gravatar.com\/avatar\/d189e01678f06d8eb84d4e01f08eb848b3fffe3f8443818d3c356c66892f5be8?s=96&d=mm&r=g\",\"contentUrl\":\"https:\/\/secure.gravatar.com\/avatar\/d189e01678f06d8eb84d4e01f08eb848b3fffe3f8443818d3c356c66892f5be8?s=96&d=mm&r=g\",\"caption\":\"Ag\u00eancia iNFRA\"},\"url\":\"https:\/\/agenciainfra.com\/blog\/author\/admin\/\"}]}<\/script>\n<!-- \/ Yoast SEO Premium plugin. -->","yoast_head_json":{"title":"Amazonas: J&amp;F pede direito de repassar R$ 16 bi para as tarifas, mas ANEEL sugere R$ 8 bi - Ag\u00eancia iNFRA","robots":{"index":"index","follow":"follow","max-snippet":"max-snippet:-1","max-image-preview":"max-image-preview:large","max-video-preview":"max-video-preview:-1"},"canonical":"https:\/\/agenciainfra.com\/blog\/amazonas-jf-pede-direito-de-repassar-r-16-bi-para-as-tarifas-mas-aneel-sugere-r-8-bi\/","og_locale":"pt_BR","og_type":"article","og_title":"Amazonas: J&amp;F pede direito de repassar R$ 16 bi para as tarifas, mas ANEEL sugere R$ 8 bi","og_description":"Leila Coimbra, da\u00a0Ag\u00eancia iNFRA A J&amp;F, holding que abarca os neg\u00f3cios dos irm\u00e3os Joesley e Wesley Batista, pede flexibiliza\u00e7\u00f5es de R$ 15,8 bilh\u00f5es no plano apresentado \u00e0 ANEEL (Ag\u00eancia Nacional de Energia El\u00e9trica) para assumir o&nbsp;controle da Amazonas Energia. O valor seria o custo a ser rateado pelos consumidores brasileiros ao longo de 15 anos&nbsp;na [&hellip;]","og_url":"https:\/\/agenciainfra.com\/blog\/amazonas-jf-pede-direito-de-repassar-r-16-bi-para-as-tarifas-mas-aneel-sugere-r-8-bi\/","og_site_name":"Ag\u00eancia iNFRA","article_publisher":"https:\/\/www.facebook.com\/ageninfra","article_published_time":"2024-09-23T12:00:00+00:00","article_modified_time":"2024-09-23T13:08:08+00:00","og_image":[{"width":1280,"height":855,"url":"https:\/\/agenciainfra.com\/blog\/wp-content\/uploads\/2021\/01\/amazonas-energia-foto-divulgacao-redes-sociais.jpg","type":"image\/jpeg"}],"author":"Ag\u00eancia iNFRA","twitter_card":"summary_large_image","twitter_creator":"@agencia_infra","twitter_site":"@agencia_infra","twitter_misc":{"Escrito por":"Ag\u00eancia iNFRA","Est. tempo de leitura":"3 minutos"},"schema":{"@context":"https:\/\/schema.org","@graph":[{"@type":"Article","@id":"https:\/\/agenciainfra.com\/blog\/amazonas-jf-pede-direito-de-repassar-r-16-bi-para-as-tarifas-mas-aneel-sugere-r-8-bi\/#article","isPartOf":{"@id":"https:\/\/agenciainfra.com\/blog\/amazonas-jf-pede-direito-de-repassar-r-16-bi-para-as-tarifas-mas-aneel-sugere-r-8-bi\/"},"author":{"name":"Ag\u00eancia iNFRA","@id":"https:\/\/agenciainfra.com\/blog\/#\/schema\/person\/34af08dff6adea4cb22b06612ba7acfa"},"headline":"Amazonas: J&amp;F pede direito de repassar R$ 16 bi para as tarifas, mas ANEEL sugere R$ 8 bi","datePublished":"2024-09-23T12:00:00+00:00","dateModified":"2024-09-23T13:08:08+00:00","mainEntityOfPage":{"@id":"https:\/\/agenciainfra.com\/blog\/amazonas-jf-pede-direito-de-repassar-r-16-bi-para-as-tarifas-mas-aneel-sugere-r-8-bi\/"},"wordCount":568,"publisher":{"@id":"https:\/\/agenciainfra.com\/blog\/#organization"},"image":{"@id":"https:\/\/agenciainfra.com\/blog\/amazonas-jf-pede-direito-de-repassar-r-16-bi-para-as-tarifas-mas-aneel-sugere-r-8-bi\/#primaryimage"},"thumbnailUrl":"https:\/\/agenciainfra.com\/blog\/wp-content\/uploads\/2021\/01\/amazonas-energia-foto-divulgacao-redes-sociais.jpg","keywords":["Amazonas Energia","ANEEL","CCC","J&amp;F","Joesley Batista","Leila Coimbra","revis\u00e3o tarif\u00e1ria","Wesley Batista"],"articleSection":["Destaque lista","Geral","iNFRAEnergia"],"inLanguage":"pt-BR","copyrightYear":"2024","copyrightHolder":{"@id":"https:\/\/agenciainfra.com\/blog\/#organization"}},{"@type":"WebPage","@id":"https:\/\/agenciainfra.com\/blog\/amazonas-jf-pede-direito-de-repassar-r-16-bi-para-as-tarifas-mas-aneel-sugere-r-8-bi\/","url":"https:\/\/agenciainfra.com\/blog\/amazonas-jf-pede-direito-de-repassar-r-16-bi-para-as-tarifas-mas-aneel-sugere-r-8-bi\/","name":"Amazonas: J&amp;F pede direito de repassar R$ 16 bi para as tarifas, mas ANEEL sugere R$ 8 bi - Ag\u00eancia iNFRA","isPartOf":{"@id":"https:\/\/agenciainfra.com\/blog\/#website"},"primaryImageOfPage":{"@id":"https:\/\/agenciainfra.com\/blog\/amazonas-jf-pede-direito-de-repassar-r-16-bi-para-as-tarifas-mas-aneel-sugere-r-8-bi\/#primaryimage"},"image":{"@id":"https:\/\/agenciainfra.com\/blog\/amazonas-jf-pede-direito-de-repassar-r-16-bi-para-as-tarifas-mas-aneel-sugere-r-8-bi\/#primaryimage"},"thumbnailUrl":"https:\/\/agenciainfra.com\/blog\/wp-content\/uploads\/2021\/01\/amazonas-energia-foto-divulgacao-redes-sociais.jpg","datePublished":"2024-09-23T12:00:00+00:00","dateModified":"2024-09-23T13:08:08+00:00","breadcrumb":{"@id":"https:\/\/agenciainfra.com\/blog\/amazonas-jf-pede-direito-de-repassar-r-16-bi-para-as-tarifas-mas-aneel-sugere-r-8-bi\/#breadcrumb"},"inLanguage":"pt-BR","potentialAction":[{"@type":"ReadAction","target":["https:\/\/agenciainfra.com\/blog\/amazonas-jf-pede-direito-de-repassar-r-16-bi-para-as-tarifas-mas-aneel-sugere-r-8-bi\/"]}]},{"@type":"ImageObject","inLanguage":"pt-BR","@id":"https:\/\/agenciainfra.com\/blog\/amazonas-jf-pede-direito-de-repassar-r-16-bi-para-as-tarifas-mas-aneel-sugere-r-8-bi\/#primaryimage","url":"https:\/\/agenciainfra.com\/blog\/wp-content\/uploads\/2021\/01\/amazonas-energia-foto-divulgacao-redes-sociais.jpg","contentUrl":"https:\/\/agenciainfra.com\/blog\/wp-content\/uploads\/2021\/01\/amazonas-energia-foto-divulgacao-redes-sociais.jpg","width":1280,"height":855,"caption":"Foto: Divulga\u00e7\u00e3o\/Amazonas Energia"},{"@type":"BreadcrumbList","@id":"https:\/\/agenciainfra.com\/blog\/amazonas-jf-pede-direito-de-repassar-r-16-bi-para-as-tarifas-mas-aneel-sugere-r-8-bi\/#breadcrumb","itemListElement":[{"@type":"ListItem","position":1,"name":"In\u00edcio","item":"https:\/\/agenciainfra.com\/blog\/"},{"@type":"ListItem","position":2,"name":"Amazonas: J&amp;F pede direito de repassar R$ 16 bi para as tarifas, mas ANEEL sugere R$ 8 bi"}]},{"@type":"WebSite","@id":"https:\/\/agenciainfra.com\/blog\/#website","url":"https:\/\/agenciainfra.com\/blog\/","name":"Ag\u00eancia iNFRA","description":"Multiplataforma de informa\u00e7\u00e3o jornal\u00edstica refer\u00eancia na \u00e1rea de infraestrutura no Brasil!","publisher":{"@id":"https:\/\/agenciainfra.com\/blog\/#organization"},"potentialAction":[{"@type":"SearchAction","target":{"@type":"EntryPoint","urlTemplate":"https:\/\/agenciainfra.com\/blog\/?s={search_term_string}"},"query-input":{"@type":"PropertyValueSpecification","valueRequired":true,"valueName":"search_term_string"}}],"inLanguage":"pt-BR"},{"@type":"Organization","@id":"https:\/\/agenciainfra.com\/blog\/#organization","name":"Ag\u00eancia iNFRA","url":"https:\/\/agenciainfra.com\/blog\/","logo":{"@type":"ImageObject","inLanguage":"pt-BR","@id":"https:\/\/agenciainfra.com\/blog\/#\/schema\/logo\/image\/","url":"https:\/\/agenciainfra.com\/blog\/wp-content\/uploads\/2023\/09\/iNFRA_5-e1761735885940.png","contentUrl":"https:\/\/agenciainfra.com\/blog\/wp-content\/uploads\/2023\/09\/iNFRA_5-e1761735885940.png","width":1672,"height":454,"caption":"Ag\u00eancia iNFRA"},"image":{"@id":"https:\/\/agenciainfra.com\/blog\/#\/schema\/logo\/image\/"},"sameAs":["https:\/\/www.facebook.com\/ageninfra","https:\/\/x.com\/agencia_infra","https:\/\/www.linkedin.com\/company\/ag\u00eanciainfra\/","https:\/\/www.instagram.com\/agenciainfra\/"]},{"@type":"Person","@id":"https:\/\/agenciainfra.com\/blog\/#\/schema\/person\/34af08dff6adea4cb22b06612ba7acfa","name":"Ag\u00eancia iNFRA","image":{"@type":"ImageObject","inLanguage":"pt-BR","@id":"https:\/\/agenciainfra.com\/blog\/#\/schema\/person\/image\/","url":"https:\/\/secure.gravatar.com\/avatar\/d189e01678f06d8eb84d4e01f08eb848b3fffe3f8443818d3c356c66892f5be8?s=96&d=mm&r=g","contentUrl":"https:\/\/secure.gravatar.com\/avatar\/d189e01678f06d8eb84d4e01f08eb848b3fffe3f8443818d3c356c66892f5be8?s=96&d=mm&r=g","caption":"Ag\u00eancia iNFRA"},"url":"https:\/\/agenciainfra.com\/blog\/author\/admin\/"}]}},"_links":{"self":[{"href":"https:\/\/agenciainfra.com\/blog\/wp-json\/wp\/v2\/posts\/18602","targetHints":{"allow":["GET"]}}],"collection":[{"href":"https:\/\/agenciainfra.com\/blog\/wp-json\/wp\/v2\/posts"}],"about":[{"href":"https:\/\/agenciainfra.com\/blog\/wp-json\/wp\/v2\/types\/post"}],"author":[{"embeddable":true,"href":"https:\/\/agenciainfra.com\/blog\/wp-json\/wp\/v2\/users\/1"}],"replies":[{"embeddable":true,"href":"https:\/\/agenciainfra.com\/blog\/wp-json\/wp\/v2\/comments?post=18602"}],"version-history":[{"count":1,"href":"https:\/\/agenciainfra.com\/blog\/wp-json\/wp\/v2\/posts\/18602\/revisions"}],"predecessor-version":[{"id":18603,"href":"https:\/\/agenciainfra.com\/blog\/wp-json\/wp\/v2\/posts\/18602\/revisions\/18603"}],"wp:featuredmedia":[{"embeddable":true,"href":"https:\/\/agenciainfra.com\/blog\/wp-json\/wp\/v2\/media\/6714"}],"wp:attachment":[{"href":"https:\/\/agenciainfra.com\/blog\/wp-json\/wp\/v2\/media?parent=18602"}],"wp:term":[{"taxonomy":"category","embeddable":true,"href":"https:\/\/agenciainfra.com\/blog\/wp-json\/wp\/v2\/categories?post=18602"},{"taxonomy":"post_tag","embeddable":true,"href":"https:\/\/agenciainfra.com\/blog\/wp-json\/wp\/v2\/tags?post=18602"}],"curies":[{"name":"wp","href":"https:\/\/api.w.org\/{rel}","templated":true}]}}