{"id":18617,"date":"2024-09-24T14:00:00","date_gmt":"2024-09-24T17:00:00","guid":{"rendered":"https:\/\/agenciainfra.com\/blog\/?p=18617"},"modified":"2024-09-24T08:11:53","modified_gmt":"2024-09-24T11:11:53","slug":"negociacao-entre-governo-e-via-bahia-termina-com-acordo-para-saida-da-empresa-da-concessao","status":"publish","type":"post","link":"https:\/\/agenciainfra.com\/blog\/negociacao-entre-governo-e-via-bahia-termina-com-acordo-para-saida-da-empresa-da-concessao\/","title":{"rendered":"Negocia\u00e7\u00e3o entre governo e Via Bahia termina com acordo para sa\u00edda da empresa da concess\u00e3o"},"content":{"rendered":"\n<p class=\"has-text-align-right\"><strong>Dimmi Amora, da Ag\u00eancia iNFRA<\/strong><\/p>\n\n\n\n<p>A repactua\u00e7\u00e3o da concess\u00e3o da Via Bahia, concession\u00e1ria das BR-116-324\/BA terminou com um acordo entre a empresa e o governo para a sa\u00edda da concession\u00e1ria sem disputa, o que deve ocorrer at\u00e9 o fim do ano, caso os termos sejam homologados.<br><br>A concession\u00e1ria pediu ao Minist\u00e9rio dos Transportes para repactuar seu contrato no ano passado dentro do modelo criado pelo TCU (Tribunal de Contas da Uni\u00e3o). A empresa n\u00e3o estava com processo de relicita\u00e7\u00e3o\u00a0nas regras da Lei 13.448\/2017 solicitado.<br><br>Mas ela e a ag\u00eancia vinham praticamente desde o in\u00edcio do contrato em conflito sobre a execu\u00e7\u00e3o de obras e necessidade de reequil\u00edbrio do contrato. Na pr\u00e1tica, muito pouco dos investimentos previstos no contrato foram executados em quase uma d\u00e9cada de concess\u00e3o.\u00a0<br><br>Chegou a ser aberto um processo de caducidade para a concession\u00e1ria na ANTT (Ag\u00eancia Nacional de Transportes Terrestres), que acabou suspenso judicialmente.<br><br>A tentativa de repactua\u00e7\u00e3o dentro da Secex Consenso (Secretaria de Solu\u00e7\u00e3o Consensual e Preven\u00e7\u00e3o de Conflitos) do TCU foi uma nova tentativa de reequilibrar o contrato para que a concession\u00e1ria, que pertence \u00e0 Roadis, do Fundo de Investimentos canadense PSP Investiments, pudesse seguir na concess\u00e3o e acelerar as obras.<br><br><strong>Valor de capex impediu repactua\u00e7\u00e3o<\/strong><br>Segundo apurou a\u00a0<strong>Ag\u00eancia iNFRA<\/strong>\u00a0com fonte envolvida na negocia\u00e7\u00e3o, encerrada na quinta-feira passada, a Via Bahia apresentou um valor de capex para os investimentos previstos que estavam &#8220;muito acima&#8221; dos valores que foram repactuados com outras empresas. Por isso n\u00e3o se chegou ao acordo para que ela prosseguisse.<br><br>Segundo a fonte, mesmo sendo a \u00fanica das quatro concession\u00e1rias que j\u00e1 tiveram as mesas de negocia\u00e7\u00e3o encerradas no TCU que n\u00e3o havia formalizado pedido de relicita\u00e7\u00e3o, a empresa teria topado fazer o processo competitivo para o novo contrato.\u00a0<br><br>Nesse acordo, se fecha um valor sobre os ativos n\u00e3o amortizados que devem ser indenizados pelo futuro concession\u00e1rio, caso haja disputa no processo competitivo. Essa \u00e9 a parte mais complexa e que atrasou os processos de relicita\u00e7\u00e3o pela Lei 13.448\/2017 em anos, j\u00e1 que empresas e governo dificilmente conseguem se entender sobre o valor a que a concession\u00e1ria tem direito de receber pelo que fez no contrato e ainda n\u00e3o havia sido amortizado.<br><br>Se utilizando dessa parte do acordo, o governo apresentou a proposta de indenizar a concession\u00e1ria em um per\u00edodo de tr\u00eas anos para que ela deixe a concess\u00e3o, abrindo m\u00e3o de todas as disputas arbitrais e judiciais, e o governo reassuma as rodovias. Esse acordo teve a concord\u00e2ncia de todos e agora vai a homologa\u00e7\u00e3o do plen\u00e1rio do TCU. A tentativa \u00e9 que a empresa deixe a opera\u00e7\u00e3o at\u00e9 o fim deste ano.<br><br><strong>Rui Costa anuncia sa\u00edda da empresa<\/strong><br>Os acordos est\u00e3o sendo tratados em sigilo no TCU. Mas, neste s\u00e1bado (21), o ministro da Casa Civil, Rui Costa, durante a entrevista coletiva de um evento de candidatura do deputado federal Z\u00e9 Neto \u00e0 prefeitura de Vit\u00f3ria da Conquista, uma das cidades mais impactadas pela concess\u00e3o, informou que a concession\u00e1ria vai deixar a opera\u00e7\u00e3o at\u00e9 o fim do ano e o DNIT (Departamento Nacional de Infraestrutura de Transportes) vai assumir a rodovia, para fazer obras j\u00e1 no in\u00edcio de 2025, at\u00e9 uma nova concess\u00e3o.<br><br>Segundo Rui Costa, n\u00e3o se chegou a um acordo sobre a continuidade da concession\u00e1ria no trecho, como o que foi feito com outras concess\u00f5es, porque a Via Bahia &#8220;n\u00e3o sinalizou nenhuma proposta de acordo vi\u00e1vel dentro dos par\u00e2metros legais e que o TCU considerasse razo\u00e1vel&#8221;.<br><br>&#8220;N\u00e3o tendo acordo, solicitamos que a Via Bahia sa\u00edsse, deixasse o contrato. Est\u00e1 encaminhada essa sa\u00edda. O governo vai retirar a Via Bahia da concess\u00e3o. Isso ser\u00e1 homologado. Ser\u00e1 submetido ao pleno do tribunal&#8221;, disse Rui Costa.<br><br>O ministro lembrou que o plano est\u00e1 condicionado ao aceite do tribunal. &#8220;Se o pleno entender justo e acertado o encaminhamento de retirada, nas condi\u00e7\u00f5es que est\u00e3o escritas, a Via Bahia sai em dezembro e o governo come\u00e7a a executar obras j\u00e1 nos primeiros meses do ano de 2025&#8221;.<\/p>\n\n\n\n<p><strong>Ecorodovias no TCU<\/strong><\/p>\n\n\n\n<p>O acordo de repactua\u00e7\u00e3o do contrato de concess\u00e3o da rodovia BR-101\/ES\/BA, da Eco101, deve ser analisado pelo plen\u00e1rio do TCU (Tribunal de Contas da Uni\u00e3o) na sess\u00e3o desta quarta-feira (25), \u00e0s 14h30. O processo foi pautado pelo relator, ministro Walton Alencar Rodrigues, e deve ser o primeiro do tipo para o setor de rodovias a passar pelo plen\u00e1rio do \u00f3rg\u00e3o fiscalizador.<br>\u00a0<br>O relator havia feito uma s\u00e9rie de questionamentos, vindos da procuradoria da corte de contas, os quais foram esclarecidos pela Secex Consenso. Por ser o primeiro acordo do setor, o processo gera grande expectativa.\u00a0<br><\/p>\n","protected":false},"excerpt":{"rendered":"<p>Dimmi Amora, da Ag\u00eancia iNFRA A repactua\u00e7\u00e3o da concess\u00e3o da Via Bahia, concession\u00e1ria das BR-116-324\/BA terminou com um acordo entre a empresa e o governo para a sa\u00edda da concession\u00e1ria sem disputa, o que deve ocorrer at\u00e9 o fim do ano, caso os termos sejam homologados. A concession\u00e1ria pediu ao Minist\u00e9rio dos Transportes para repactuar [&hellip;]<\/p>\n","protected":false},"author":1,"featured_media":18618,"comment_status":"closed","ping_status":"closed","sticky":false,"template":"","format":"standard","meta":{"_monsterinsights_skip_tracking":false,"_monsterinsights_sitenote_active":false,"_monsterinsights_sitenote_note":"","_monsterinsights_sitenote_category":0,"footnotes":""},"categories":[7250,1,7],"tags":[19,78,3791,1340,11494,34,32,16,126,18,70,1220],"class_list":["post-18617","post","type-post","status-publish","format-standard","has-post-thumbnail","hentry","category-destaque-lista","category-geral","category-infratransporte","tag-antt","tag-concessoes","tag-eco101","tag-ecorodovias","tag-feira-de-santana","tag-infraestrutura","tag-investimentos","tag-ministerio-dos-transportes","tag-rodovias","tag-tcu","tag-transportes","tag-via-bahia"],"yoast_head":"<!-- This site is optimized with the Yoast SEO Premium plugin v25.4 (Yoast SEO v26.0) - https:\/\/yoast.com\/wordpress\/plugins\/seo\/ -->\n<title>Negocia\u00e7\u00e3o entre governo e Via Bahia termina com acordo para sa\u00edda da empresa da concess\u00e3o - Ag\u00eancia iNFRA<\/title>\n<meta name=\"robots\" content=\"index, follow, max-snippet:-1, max-image-preview:large, max-video-preview:-1\" \/>\n<link rel=\"canonical\" href=\"https:\/\/agenciainfra.com\/blog\/negociacao-entre-governo-e-via-bahia-termina-com-acordo-para-saida-da-empresa-da-concessao\/\" \/>\n<meta property=\"og:locale\" content=\"pt_BR\" \/>\n<meta property=\"og:type\" content=\"article\" \/>\n<meta property=\"og:title\" content=\"Negocia\u00e7\u00e3o entre governo e Via Bahia termina com acordo para sa\u00edda da empresa da concess\u00e3o\" \/>\n<meta property=\"og:description\" content=\"Dimmi Amora, da Ag\u00eancia iNFRA A repactua\u00e7\u00e3o da concess\u00e3o da Via Bahia, concession\u00e1ria das BR-116-324\/BA terminou com um acordo entre a empresa e o governo para a sa\u00edda da concession\u00e1ria sem disputa, o que deve ocorrer at\u00e9 o fim do ano, caso os termos sejam homologados. A concession\u00e1ria pediu ao Minist\u00e9rio dos Transportes para repactuar [&hellip;]\" \/>\n<meta property=\"og:url\" content=\"https:\/\/agenciainfra.com\/blog\/negociacao-entre-governo-e-via-bahia-termina-com-acordo-para-saida-da-empresa-da-concessao\/\" \/>\n<meta property=\"og:site_name\" content=\"Ag\u00eancia iNFRA\" \/>\n<meta property=\"article:publisher\" content=\"https:\/\/www.facebook.com\/ageninfra\" \/>\n<meta property=\"article:published_time\" content=\"2024-09-24T17:00:00+00:00\" \/>\n<meta property=\"og:image\" content=\"https:\/\/agenciainfra.com\/blog\/wp-content\/uploads\/2024\/09\/via-bahia-2024.webp\" \/>\n\t<meta property=\"og:image:width\" content=\"1100\" \/>\n\t<meta property=\"og:image:height\" content=\"570\" \/>\n\t<meta property=\"og:image:type\" content=\"image\/webp\" \/>\n<meta name=\"author\" content=\"Ag\u00eancia iNFRA\" \/>\n<meta name=\"twitter:card\" content=\"summary_large_image\" \/>\n<meta name=\"twitter:creator\" content=\"@agencia_infra\" \/>\n<meta name=\"twitter:site\" content=\"@agencia_infra\" \/>\n<meta name=\"twitter:label1\" content=\"Escrito por\" \/>\n\t<meta name=\"twitter:data1\" content=\"Ag\u00eancia iNFRA\" \/>\n\t<meta name=\"twitter:label2\" content=\"Est. tempo de leitura\" \/>\n\t<meta name=\"twitter:data2\" content=\"4 minutos\" \/>\n<script type=\"application\/ld+json\" class=\"yoast-schema-graph\">{\"@context\":\"https:\/\/schema.org\",\"@graph\":[{\"@type\":\"Article\",\"@id\":\"https:\/\/agenciainfra.com\/blog\/negociacao-entre-governo-e-via-bahia-termina-com-acordo-para-saida-da-empresa-da-concessao\/#article\",\"isPartOf\":{\"@id\":\"https:\/\/agenciainfra.com\/blog\/negociacao-entre-governo-e-via-bahia-termina-com-acordo-para-saida-da-empresa-da-concessao\/\"},\"author\":{\"name\":\"Ag\u00eancia iNFRA\",\"@id\":\"https:\/\/agenciainfra.com\/blog\/#\/schema\/person\/34af08dff6adea4cb22b06612ba7acfa\"},\"headline\":\"Negocia\u00e7\u00e3o entre governo e Via Bahia termina com acordo para sa\u00edda da empresa da concess\u00e3o\",\"datePublished\":\"2024-09-24T17:00:00+00:00\",\"mainEntityOfPage\":{\"@id\":\"https:\/\/agenciainfra.com\/blog\/negociacao-entre-governo-e-via-bahia-termina-com-acordo-para-saida-da-empresa-da-concessao\/\"},\"wordCount\":846,\"publisher\":{\"@id\":\"https:\/\/agenciainfra.com\/blog\/#organization\"},\"image\":{\"@id\":\"https:\/\/agenciainfra.com\/blog\/negociacao-entre-governo-e-via-bahia-termina-com-acordo-para-saida-da-empresa-da-concessao\/#primaryimage\"},\"thumbnailUrl\":\"https:\/\/agenciainfra.com\/blog\/wp-content\/uploads\/2024\/09\/via-bahia-2024.webp\",\"keywords\":[\"ANTT\",\"concess\u00f5es\",\"Eco101\",\"EcoRodovias\",\"feira de santana\",\"Infraestrutura\",\"Investimentos\",\"minist\u00e9rio dos transportes\",\"rodovias\",\"TCU\",\"transportes\",\"Via Bahia\"],\"articleSection\":[\"Destaque lista\",\"Geral\",\"iNFRATransporte\"],\"inLanguage\":\"pt-BR\",\"copyrightYear\":\"2024\",\"copyrightHolder\":{\"@id\":\"https:\/\/agenciainfra.com\/blog\/#organization\"}},{\"@type\":\"WebPage\",\"@id\":\"https:\/\/agenciainfra.com\/blog\/negociacao-entre-governo-e-via-bahia-termina-com-acordo-para-saida-da-empresa-da-concessao\/\",\"url\":\"https:\/\/agenciainfra.com\/blog\/negociacao-entre-governo-e-via-bahia-termina-com-acordo-para-saida-da-empresa-da-concessao\/\",\"name\":\"Negocia\u00e7\u00e3o entre governo e Via Bahia termina com acordo para sa\u00edda da empresa da concess\u00e3o - Ag\u00eancia iNFRA\",\"isPartOf\":{\"@id\":\"https:\/\/agenciainfra.com\/blog\/#website\"},\"primaryImageOfPage\":{\"@id\":\"https:\/\/agenciainfra.com\/blog\/negociacao-entre-governo-e-via-bahia-termina-com-acordo-para-saida-da-empresa-da-concessao\/#primaryimage\"},\"image\":{\"@id\":\"https:\/\/agenciainfra.com\/blog\/negociacao-entre-governo-e-via-bahia-termina-com-acordo-para-saida-da-empresa-da-concessao\/#primaryimage\"},\"thumbnailUrl\":\"https:\/\/agenciainfra.com\/blog\/wp-content\/uploads\/2024\/09\/via-bahia-2024.webp\",\"datePublished\":\"2024-09-24T17:00:00+00:00\",\"breadcrumb\":{\"@id\":\"https:\/\/agenciainfra.com\/blog\/negociacao-entre-governo-e-via-bahia-termina-com-acordo-para-saida-da-empresa-da-concessao\/#breadcrumb\"},\"inLanguage\":\"pt-BR\",\"potentialAction\":[{\"@type\":\"ReadAction\",\"target\":[\"https:\/\/agenciainfra.com\/blog\/negociacao-entre-governo-e-via-bahia-termina-com-acordo-para-saida-da-empresa-da-concessao\/\"]}]},{\"@type\":\"ImageObject\",\"inLanguage\":\"pt-BR\",\"@id\":\"https:\/\/agenciainfra.com\/blog\/negociacao-entre-governo-e-via-bahia-termina-com-acordo-para-saida-da-empresa-da-concessao\/#primaryimage\",\"url\":\"https:\/\/agenciainfra.com\/blog\/wp-content\/uploads\/2024\/09\/via-bahia-2024.webp\",\"contentUrl\":\"https:\/\/agenciainfra.com\/blog\/wp-content\/uploads\/2024\/09\/via-bahia-2024.webp\",\"width\":1100,\"height\":570,\"caption\":\"Foto: ViaBahia\"},{\"@type\":\"BreadcrumbList\",\"@id\":\"https:\/\/agenciainfra.com\/blog\/negociacao-entre-governo-e-via-bahia-termina-com-acordo-para-saida-da-empresa-da-concessao\/#breadcrumb\",\"itemListElement\":[{\"@type\":\"ListItem\",\"position\":1,\"name\":\"In\u00edcio\",\"item\":\"https:\/\/agenciainfra.com\/blog\/\"},{\"@type\":\"ListItem\",\"position\":2,\"name\":\"Negocia\u00e7\u00e3o entre governo e Via Bahia termina com acordo para sa\u00edda da empresa da concess\u00e3o\"}]},{\"@type\":\"WebSite\",\"@id\":\"https:\/\/agenciainfra.com\/blog\/#website\",\"url\":\"https:\/\/agenciainfra.com\/blog\/\",\"name\":\"Ag\u00eancia iNFRA\",\"description\":\"Multiplataforma de informa\u00e7\u00e3o jornal\u00edstica refer\u00eancia na \u00e1rea de infraestrutura no Brasil!\",\"publisher\":{\"@id\":\"https:\/\/agenciainfra.com\/blog\/#organization\"},\"potentialAction\":[{\"@type\":\"SearchAction\",\"target\":{\"@type\":\"EntryPoint\",\"urlTemplate\":\"https:\/\/agenciainfra.com\/blog\/?s={search_term_string}\"},\"query-input\":{\"@type\":\"PropertyValueSpecification\",\"valueRequired\":true,\"valueName\":\"search_term_string\"}}],\"inLanguage\":\"pt-BR\"},{\"@type\":\"Organization\",\"@id\":\"https:\/\/agenciainfra.com\/blog\/#organization\",\"name\":\"Ag\u00eancia iNFRA\",\"url\":\"https:\/\/agenciainfra.com\/blog\/\",\"logo\":{\"@type\":\"ImageObject\",\"inLanguage\":\"pt-BR\",\"@id\":\"https:\/\/agenciainfra.com\/blog\/#\/schema\/logo\/image\/\",\"url\":\"https:\/\/agenciainfra.com\/blog\/wp-content\/uploads\/2023\/09\/iNFRA_5-e1761735885940.png\",\"contentUrl\":\"https:\/\/agenciainfra.com\/blog\/wp-content\/uploads\/2023\/09\/iNFRA_5-e1761735885940.png\",\"width\":1672,\"height\":454,\"caption\":\"Ag\u00eancia iNFRA\"},\"image\":{\"@id\":\"https:\/\/agenciainfra.com\/blog\/#\/schema\/logo\/image\/\"},\"sameAs\":[\"https:\/\/www.facebook.com\/ageninfra\",\"https:\/\/x.com\/agencia_infra\",\"https:\/\/www.linkedin.com\/company\/ag\u00eanciainfra\/\",\"https:\/\/www.instagram.com\/agenciainfra\/\"]},{\"@type\":\"Person\",\"@id\":\"https:\/\/agenciainfra.com\/blog\/#\/schema\/person\/34af08dff6adea4cb22b06612ba7acfa\",\"name\":\"Ag\u00eancia iNFRA\",\"image\":{\"@type\":\"ImageObject\",\"inLanguage\":\"pt-BR\",\"@id\":\"https:\/\/agenciainfra.com\/blog\/#\/schema\/person\/image\/\",\"url\":\"https:\/\/secure.gravatar.com\/avatar\/d189e01678f06d8eb84d4e01f08eb848b3fffe3f8443818d3c356c66892f5be8?s=96&d=mm&r=g\",\"contentUrl\":\"https:\/\/secure.gravatar.com\/avatar\/d189e01678f06d8eb84d4e01f08eb848b3fffe3f8443818d3c356c66892f5be8?s=96&d=mm&r=g\",\"caption\":\"Ag\u00eancia iNFRA\"},\"url\":\"https:\/\/agenciainfra.com\/blog\/author\/admin\/\"}]}<\/script>\n<!-- \/ Yoast SEO Premium plugin. -->","yoast_head_json":{"title":"Negocia\u00e7\u00e3o entre governo e Via Bahia termina com acordo para sa\u00edda da empresa da concess\u00e3o - Ag\u00eancia iNFRA","robots":{"index":"index","follow":"follow","max-snippet":"max-snippet:-1","max-image-preview":"max-image-preview:large","max-video-preview":"max-video-preview:-1"},"canonical":"https:\/\/agenciainfra.com\/blog\/negociacao-entre-governo-e-via-bahia-termina-com-acordo-para-saida-da-empresa-da-concessao\/","og_locale":"pt_BR","og_type":"article","og_title":"Negocia\u00e7\u00e3o entre governo e Via Bahia termina com acordo para sa\u00edda da empresa da concess\u00e3o","og_description":"Dimmi Amora, da Ag\u00eancia iNFRA A repactua\u00e7\u00e3o da concess\u00e3o da Via Bahia, concession\u00e1ria das BR-116-324\/BA terminou com um acordo entre a empresa e o governo para a sa\u00edda da concession\u00e1ria sem disputa, o que deve ocorrer at\u00e9 o fim do ano, caso os termos sejam homologados. A concession\u00e1ria pediu ao Minist\u00e9rio dos Transportes para repactuar [&hellip;]","og_url":"https:\/\/agenciainfra.com\/blog\/negociacao-entre-governo-e-via-bahia-termina-com-acordo-para-saida-da-empresa-da-concessao\/","og_site_name":"Ag\u00eancia iNFRA","article_publisher":"https:\/\/www.facebook.com\/ageninfra","article_published_time":"2024-09-24T17:00:00+00:00","og_image":[{"width":1100,"height":570,"url":"https:\/\/agenciainfra.com\/blog\/wp-content\/uploads\/2024\/09\/via-bahia-2024.webp","type":"image\/webp"}],"author":"Ag\u00eancia iNFRA","twitter_card":"summary_large_image","twitter_creator":"@agencia_infra","twitter_site":"@agencia_infra","twitter_misc":{"Escrito por":"Ag\u00eancia iNFRA","Est. tempo de leitura":"4 minutos"},"schema":{"@context":"https:\/\/schema.org","@graph":[{"@type":"Article","@id":"https:\/\/agenciainfra.com\/blog\/negociacao-entre-governo-e-via-bahia-termina-com-acordo-para-saida-da-empresa-da-concessao\/#article","isPartOf":{"@id":"https:\/\/agenciainfra.com\/blog\/negociacao-entre-governo-e-via-bahia-termina-com-acordo-para-saida-da-empresa-da-concessao\/"},"author":{"name":"Ag\u00eancia iNFRA","@id":"https:\/\/agenciainfra.com\/blog\/#\/schema\/person\/34af08dff6adea4cb22b06612ba7acfa"},"headline":"Negocia\u00e7\u00e3o entre governo e Via Bahia termina com acordo para sa\u00edda da empresa da concess\u00e3o","datePublished":"2024-09-24T17:00:00+00:00","mainEntityOfPage":{"@id":"https:\/\/agenciainfra.com\/blog\/negociacao-entre-governo-e-via-bahia-termina-com-acordo-para-saida-da-empresa-da-concessao\/"},"wordCount":846,"publisher":{"@id":"https:\/\/agenciainfra.com\/blog\/#organization"},"image":{"@id":"https:\/\/agenciainfra.com\/blog\/negociacao-entre-governo-e-via-bahia-termina-com-acordo-para-saida-da-empresa-da-concessao\/#primaryimage"},"thumbnailUrl":"https:\/\/agenciainfra.com\/blog\/wp-content\/uploads\/2024\/09\/via-bahia-2024.webp","keywords":["ANTT","concess\u00f5es","Eco101","EcoRodovias","feira de santana","Infraestrutura","Investimentos","minist\u00e9rio dos transportes","rodovias","TCU","transportes","Via Bahia"],"articleSection":["Destaque lista","Geral","iNFRATransporte"],"inLanguage":"pt-BR","copyrightYear":"2024","copyrightHolder":{"@id":"https:\/\/agenciainfra.com\/blog\/#organization"}},{"@type":"WebPage","@id":"https:\/\/agenciainfra.com\/blog\/negociacao-entre-governo-e-via-bahia-termina-com-acordo-para-saida-da-empresa-da-concessao\/","url":"https:\/\/agenciainfra.com\/blog\/negociacao-entre-governo-e-via-bahia-termina-com-acordo-para-saida-da-empresa-da-concessao\/","name":"Negocia\u00e7\u00e3o entre governo e Via Bahia termina com acordo para sa\u00edda da empresa da concess\u00e3o - Ag\u00eancia iNFRA","isPartOf":{"@id":"https:\/\/agenciainfra.com\/blog\/#website"},"primaryImageOfPage":{"@id":"https:\/\/agenciainfra.com\/blog\/negociacao-entre-governo-e-via-bahia-termina-com-acordo-para-saida-da-empresa-da-concessao\/#primaryimage"},"image":{"@id":"https:\/\/agenciainfra.com\/blog\/negociacao-entre-governo-e-via-bahia-termina-com-acordo-para-saida-da-empresa-da-concessao\/#primaryimage"},"thumbnailUrl":"https:\/\/agenciainfra.com\/blog\/wp-content\/uploads\/2024\/09\/via-bahia-2024.webp","datePublished":"2024-09-24T17:00:00+00:00","breadcrumb":{"@id":"https:\/\/agenciainfra.com\/blog\/negociacao-entre-governo-e-via-bahia-termina-com-acordo-para-saida-da-empresa-da-concessao\/#breadcrumb"},"inLanguage":"pt-BR","potentialAction":[{"@type":"ReadAction","target":["https:\/\/agenciainfra.com\/blog\/negociacao-entre-governo-e-via-bahia-termina-com-acordo-para-saida-da-empresa-da-concessao\/"]}]},{"@type":"ImageObject","inLanguage":"pt-BR","@id":"https:\/\/agenciainfra.com\/blog\/negociacao-entre-governo-e-via-bahia-termina-com-acordo-para-saida-da-empresa-da-concessao\/#primaryimage","url":"https:\/\/agenciainfra.com\/blog\/wp-content\/uploads\/2024\/09\/via-bahia-2024.webp","contentUrl":"https:\/\/agenciainfra.com\/blog\/wp-content\/uploads\/2024\/09\/via-bahia-2024.webp","width":1100,"height":570,"caption":"Foto: ViaBahia"},{"@type":"BreadcrumbList","@id":"https:\/\/agenciainfra.com\/blog\/negociacao-entre-governo-e-via-bahia-termina-com-acordo-para-saida-da-empresa-da-concessao\/#breadcrumb","itemListElement":[{"@type":"ListItem","position":1,"name":"In\u00edcio","item":"https:\/\/agenciainfra.com\/blog\/"},{"@type":"ListItem","position":2,"name":"Negocia\u00e7\u00e3o entre governo e Via Bahia termina com acordo para sa\u00edda da empresa da concess\u00e3o"}]},{"@type":"WebSite","@id":"https:\/\/agenciainfra.com\/blog\/#website","url":"https:\/\/agenciainfra.com\/blog\/","name":"Ag\u00eancia iNFRA","description":"Multiplataforma de informa\u00e7\u00e3o jornal\u00edstica refer\u00eancia na \u00e1rea de infraestrutura no Brasil!","publisher":{"@id":"https:\/\/agenciainfra.com\/blog\/#organization"},"potentialAction":[{"@type":"SearchAction","target":{"@type":"EntryPoint","urlTemplate":"https:\/\/agenciainfra.com\/blog\/?s={search_term_string}"},"query-input":{"@type":"PropertyValueSpecification","valueRequired":true,"valueName":"search_term_string"}}],"inLanguage":"pt-BR"},{"@type":"Organization","@id":"https:\/\/agenciainfra.com\/blog\/#organization","name":"Ag\u00eancia iNFRA","url":"https:\/\/agenciainfra.com\/blog\/","logo":{"@type":"ImageObject","inLanguage":"pt-BR","@id":"https:\/\/agenciainfra.com\/blog\/#\/schema\/logo\/image\/","url":"https:\/\/agenciainfra.com\/blog\/wp-content\/uploads\/2023\/09\/iNFRA_5-e1761735885940.png","contentUrl":"https:\/\/agenciainfra.com\/blog\/wp-content\/uploads\/2023\/09\/iNFRA_5-e1761735885940.png","width":1672,"height":454,"caption":"Ag\u00eancia iNFRA"},"image":{"@id":"https:\/\/agenciainfra.com\/blog\/#\/schema\/logo\/image\/"},"sameAs":["https:\/\/www.facebook.com\/ageninfra","https:\/\/x.com\/agencia_infra","https:\/\/www.linkedin.com\/company\/ag\u00eanciainfra\/","https:\/\/www.instagram.com\/agenciainfra\/"]},{"@type":"Person","@id":"https:\/\/agenciainfra.com\/blog\/#\/schema\/person\/34af08dff6adea4cb22b06612ba7acfa","name":"Ag\u00eancia iNFRA","image":{"@type":"ImageObject","inLanguage":"pt-BR","@id":"https:\/\/agenciainfra.com\/blog\/#\/schema\/person\/image\/","url":"https:\/\/secure.gravatar.com\/avatar\/d189e01678f06d8eb84d4e01f08eb848b3fffe3f8443818d3c356c66892f5be8?s=96&d=mm&r=g","contentUrl":"https:\/\/secure.gravatar.com\/avatar\/d189e01678f06d8eb84d4e01f08eb848b3fffe3f8443818d3c356c66892f5be8?s=96&d=mm&r=g","caption":"Ag\u00eancia iNFRA"},"url":"https:\/\/agenciainfra.com\/blog\/author\/admin\/"}]}},"_links":{"self":[{"href":"https:\/\/agenciainfra.com\/blog\/wp-json\/wp\/v2\/posts\/18617","targetHints":{"allow":["GET"]}}],"collection":[{"href":"https:\/\/agenciainfra.com\/blog\/wp-json\/wp\/v2\/posts"}],"about":[{"href":"https:\/\/agenciainfra.com\/blog\/wp-json\/wp\/v2\/types\/post"}],"author":[{"embeddable":true,"href":"https:\/\/agenciainfra.com\/blog\/wp-json\/wp\/v2\/users\/1"}],"replies":[{"embeddable":true,"href":"https:\/\/agenciainfra.com\/blog\/wp-json\/wp\/v2\/comments?post=18617"}],"version-history":[{"count":2,"href":"https:\/\/agenciainfra.com\/blog\/wp-json\/wp\/v2\/posts\/18617\/revisions"}],"predecessor-version":[{"id":18632,"href":"https:\/\/agenciainfra.com\/blog\/wp-json\/wp\/v2\/posts\/18617\/revisions\/18632"}],"wp:featuredmedia":[{"embeddable":true,"href":"https:\/\/agenciainfra.com\/blog\/wp-json\/wp\/v2\/media\/18618"}],"wp:attachment":[{"href":"https:\/\/agenciainfra.com\/blog\/wp-json\/wp\/v2\/media?parent=18617"}],"wp:term":[{"taxonomy":"category","embeddable":true,"href":"https:\/\/agenciainfra.com\/blog\/wp-json\/wp\/v2\/categories?post=18617"},{"taxonomy":"post_tag","embeddable":true,"href":"https:\/\/agenciainfra.com\/blog\/wp-json\/wp\/v2\/tags?post=18617"}],"curies":[{"name":"wp","href":"https:\/\/api.w.org\/{rel}","templated":true}]}}