{"id":18625,"date":"2024-09-26T07:00:00","date_gmt":"2024-09-26T10:00:00","guid":{"rendered":"https:\/\/agenciainfra.com\/blog\/?p=18625"},"modified":"2024-09-30T14:06:03","modified_gmt":"2024-09-30T17:06:03","slug":"brasil-so-reduz-participacao-rodoviaria-na-matriz-de-transporte-se-implantar-125-mil-km-de-ferrovias-ate-2035-mostra-estudo","status":"publish","type":"post","link":"https:\/\/agenciainfra.com\/blog\/brasil-so-reduz-participacao-rodoviaria-na-matriz-de-transporte-se-implantar-125-mil-km-de-ferrovias-ate-2035-mostra-estudo\/","title":{"rendered":"Brasil s\u00f3 reduz participa\u00e7\u00e3o rodovi\u00e1ria na matriz de transporte se implantar 12,5 mil km de ferrovias at\u00e9 2035, mostra estudo"},"content":{"rendered":"\n<p class=\"has-text-align-right\"><strong>Dimmi Amora, da Ag\u00eancia iNFRA<\/strong><\/p>\n\n\n\n<p>O Brasil s\u00f3 vai conseguir ter alguma redu\u00e7\u00e3o significativa na participa\u00e7\u00e3o do setor rodovi\u00e1rio na matriz de transportes se conseguir, at\u00e9 2035, implantar quase 12,5 mil quil\u00f4metros de novas ferrovias.<br><br>Esse \u00e9 o cen\u00e1rio tra\u00e7ado no mais completo estudo sobre o planejamento de transportes, o projeto Pilt (Plataforma de Infraestrutura em Log\u00edstica e Transportes)\u00a0da Funda\u00e7\u00e3o Dom Cabral, apresentado recentemente num evento com o BID (Banco Interamericano de Desenvolvimento), em Nova York (EUA). <br><br>O Pilt vem sendo desenvolvido h\u00e1 quase uma d\u00e9cada, obtendo e selecionando dados sobre volumes transportados pelo pa\u00eds de diferentes fontes\u00a0e melhorando a metodologia para tratar os dados.\u00a0<br><br>Segundo o professor Paulo Resende, que coordena o trabalho, o projeto chegou a um est\u00e1gio avan\u00e7ado de desenvolvimento que garante alta confiabilidade para as proje\u00e7\u00f5es de volumes que ser\u00e3o demandados pelo setor produtivo e de monitoramento dos caminhos que ser\u00e3o utilizados.<br><br>O diagn\u00f3stico a que chegou o estudo, para o professor, mostra que o pa\u00eds chegou a um ponto muito complexo sobre as decis\u00f5es de investimentos que precisam ser tomadas.<br><br>&#8220;Temos uma necessidade de investimento para n\u00e3o retroagir no ponto em que estamos em rela\u00e7\u00e3o \u00e0 oferta e \u00e0 qualidade. E por outro lado, temos que avan\u00e7ar numa infraestrutura\u00a0capaz de se alinhar aos desafios das inova\u00e7\u00f5es tecnol\u00f3gicas&#8221;, disse Paulo Resende \u00e0\u00a0<strong>Ag\u00eancia iNFRA<\/strong>.\u00a0<br><br><strong>Duas redes futuras<\/strong><br>Com o gigantesco banco de dados coletado ao longo dos anos, foram tra\u00e7ados tr\u00eas cen\u00e1rios at\u00e9 2035, um com a rede atual sem investimentos, outro com a rede atual recebendo investimentos que est\u00e3o contratados e que ampliam em 584 quil\u00f4metros a malha rodovi\u00e1ria e em 3,3 mil quil\u00f4metros a ferrovi\u00e1ria, chamado de RF1 (Rede Futura 1).<br><br>O cen\u00e1rio da RF1 j\u00e1 \u00e9 desafiador.\u00a0A maioria das obras est\u00e1 contratada e com boas chances de ser implementada\u00a0nos prazos tra\u00e7ados.\u00a0Mas h\u00e1 algumas, como por exemplo a conclus\u00e3o da ferrovia Fiol 1 (Ferrovia de Integra\u00e7\u00e3o Oeste-Leste 1), atualmente j\u00e1 completamente fora dos prazos e considerada imposs\u00edvel de ser conclu\u00edda no que foi programado, 2026.\u00a0<br><br>H\u00e1 um terceiro cen\u00e1rio no qual a malha rodovi\u00e1ria ganha mais 46 quil\u00f4metros e a ferrovi\u00e1ria\u00a0mais 9,2 mil em rela\u00e7\u00e3o \u00e0 RF1, chamado de RF2 (Rede Futura 2). Esse, no qual a ferrovia chega a 12,5 mil quil\u00f4metros, \u00e9 ainda mais dif\u00edcil de ser implementado, visto haver uma gama de projetos que ainda est\u00e3o no papel ou se arrastam h\u00e1 d\u00e9cadas.<br><br><strong>Aumento das cargas<\/strong><br>Se as redes novas forem implantadas, o volume de carga transportada no pa\u00eds aumenta. No cen\u00e1rio sem investimentos, a taxa de crescimento estimada fica em 1,89% ao ano (em toneladas \u00fateis). Para a RF1, o volume ao ano vai a 1,93% a mais que o cen\u00e1rio sem investimentos; e no RF2, 2,16%.<br><br>Em valores, se o cen\u00e1rio RF2 estiver implantado, significar\u00e1 que o pa\u00eds vai transportar mais 110 milh\u00f5es de toneladas\/ano a mais que no cen\u00e1rio sem investimentos, o que significa mais ou menos tr\u00eas meses do volume ferrovi\u00e1rio transportado hoje.\u00a0<br><br>Os mapas mostram que, com a rede hoje projetada com maior probabilidade de acontecer, a RF1, o pa\u00eds muda muito pouco os principais caminhos de escoamento das principais mercadorias, mesmo se tirando o min\u00e9rio de ferro.<br><br><strong>RF2 muda o mapa<\/strong><br>Mas\u00a0quando \u00e9 colocado o cen\u00e1rio de maior investimento ferrovi\u00e1rio (RF2), com \u00eanfase em ferrovias, o mapa de carregamento muda, com uma distribui\u00e7\u00e3o melhor pelo territ\u00f3rio, especialmente as regi\u00f5es mais a norte do pa\u00eds.<br><br>Isso ocorre porque a distribui\u00e7\u00e3o das cargas praticamente n\u00e3o se altera com o cen\u00e1rio RF1 entre os modos de transporte. Se implantado, o rodovi\u00e1rio vai seguir liderando, caindo apenas de 58% para 57% em 2035. Esse percentual perdido vai para a ferrovia, que passaria dos 23,5% para 24,4%, muito longe dos 40% que diferentes governos v\u00eam colocando como meta para 2035.<br><br>S\u00f3 com o cen\u00e1rio 2, considerando todas as cargas, \u00e9 que a configura\u00e7\u00e3o come\u00e7a a mudar, mas sem atingir ainda o patamar desejado. As ferrovias passariam em 2035 a representar 33,8%, um aumento de quase 10 pontos percentuais, e o rodovi\u00e1rio deixaria de ser maior que todos os outros modos somados, descendo a 49,1%.<br><br><strong>Mudan\u00e7a radical no transporte agr\u00edcola<\/strong><br>Considerando todas as cargas menos min\u00e9rios, as altera\u00e7\u00f5es tamb\u00e9m s\u00e3o significativas. Atualmente, 70,6% do que \u00e9 transportado vai de caminh\u00e3o, e esse percentual iria para 59,3%. As ferrovias passam a ganhar quase 15 pontos percentuais, saindo dos atuais 7,3% para 21,6% das cargas transportadas no Brasil.<br><br>Para o setor agr\u00edcola, a diferen\u00e7a \u00e9 brutal. Hoje, 65% da produ\u00e7\u00e3o s\u00e3o transportados de caminh\u00e3o e 25,5% de trem. No cen\u00e1rio RF2, o percentual das ferrovias vai a 51,4%, ou seja, mais que dobra. As rodovias caem para 41,8%.<br><br>Isso decorre da implanta\u00e7\u00e3o de novos grandes corredores ferrovi\u00e1rios, entre eles a Ferrogr\u00e3o, a Fico-Fiol, a Ferrovia Transnordestina, a Ferroeste, o corredor Minas-Bahia\u00a0e a extens\u00e3o da Norte-Sul at\u00e9 o Par\u00e1, o que consiste no grande desafio do pa\u00eds.<br><br><strong>Expans\u00e3o ferrovi\u00e1ria lenta<\/strong><br>A expans\u00e3o da rede ferrovi\u00e1ria no Brasil tem sido lenta ao longo dos anos. O pa\u00eds segue com oficialmente algo na faixa dos 30 mil quil\u00f4metros implantados, mas menos da metade disso em uso efetivo pelas concession\u00e1rias.\u00a0<br><br>Sem dinheiro do Estado para investimentos no setor (s\u00e3o estimados entre R$ 10 a R$ 20 milh\u00f5es por quil\u00f4metro para implantar uma ferrovia), foi aprovada uma lei no Congresso em 2021, com apoio do governo anterior, para incentivar investimentos totalmente privados, que ainda n\u00e3o decolou.\u00a0<br><br><strong>&#8220;Necessidade jamais vista&#8221;<\/strong><br>O atual governo acena com um projeto misto, um modelo de PPPs (Parcerias P\u00fablico-Privadas) para as ferrovias, mas ainda est\u00e3o\u00a0em discuss\u00e3o as formas para garantir recursos para os aportes do Estado nos projetos.\u00a0<br><br>&#8220;\u00c9 preciso que tenhamos no Brasil uma ideia de planejamento de curto, m\u00e9dio e longo prazos, feitos ao mesmo tempo. Exige que os gestores tenham uma concep\u00e7\u00e3o de estrutura\u00e7\u00e3o de projetos jamais vista. O que estamos vendo s\u00e3o cen\u00e1rios desafiadores de desenvolvimento em infraestrutura. V\u00e3o exigir uma vis\u00e3o muito distante da influ\u00eancia pol\u00edtica e de interesses&#8221;, alertou Resende, indicando que a necessidade \u00e9 investir em poucos projetos estruturantes.<br><br>H\u00e1 tamb\u00e9m n\u00fameros calculados para a redu\u00e7\u00e3o de emiss\u00f5es de gases do efeito estufa que tamb\u00e9m indicam poucos ganhos se a rede for aumentada apenas no que est\u00e1 projetado, que seria de 1,6% das redu\u00e7\u00f5es. Se o cen\u00e1rio dois for implantado, essa redu\u00e7\u00e3o passa a ser de 7,35% em rela\u00e7\u00e3o ao cen\u00e1rio sem investimentos.<\/p>\n","protected":false},"excerpt":{"rendered":"<p>Dimmi Amora, da Ag\u00eancia iNFRA O Brasil s\u00f3 vai conseguir ter alguma redu\u00e7\u00e3o significativa na participa\u00e7\u00e3o do setor rodovi\u00e1rio na matriz de transportes se conseguir, at\u00e9 2035, implantar quase 12,5 mil quil\u00f4metros de novas ferrovias. Esse \u00e9 o cen\u00e1rio tra\u00e7ado no mais completo estudo sobre o planejamento de transportes, o projeto Pilt (Plataforma de Infraestrutura [&hellip;]<\/p>\n","protected":false},"author":1,"featured_media":18626,"comment_status":"closed","ping_status":"closed","sticky":false,"template":"","format":"standard","meta":{"_monsterinsights_skip_tracking":false,"_monsterinsights_sitenote_active":false,"_monsterinsights_sitenote_note":"","_monsterinsights_sitenote_category":0,"footnotes":""},"categories":[9714,1,7],"tags":[589,78,79,3093,34,702,6257,16,5467,11498,97,21],"class_list":["post-18625","post","type-post","status-publish","format-standard","has-post-thumbnail","hentry","category-destaque-menor","category-geral","category-infratransporte","tag-caminhao","tag-concessoes","tag-ferrovia","tag-fundacao-dom-cabral","tag-infraestrutura","tag-investimento","tag-ministerio-de-portos-e-aeroportos","tag-ministerio-dos-transportes","tag-pilt","tag-planejamento-de-transportes","tag-ppp","tag-rodovia"],"yoast_head":"<!-- This site is optimized with the Yoast SEO Premium plugin v25.4 (Yoast SEO v26.0) - https:\/\/yoast.com\/wordpress\/plugins\/seo\/ -->\n<title>Brasil s\u00f3 reduz participa\u00e7\u00e3o rodovi\u00e1ria na matriz de transporte se implantar 12,5 mil km de ferrovias at\u00e9 2035, mostra estudo - Ag\u00eancia iNFRA<\/title>\n<meta name=\"robots\" content=\"index, follow, max-snippet:-1, max-image-preview:large, max-video-preview:-1\" \/>\n<link rel=\"canonical\" href=\"https:\/\/agenciainfra.com\/blog\/brasil-so-reduz-participacao-rodoviaria-na-matriz-de-transporte-se-implantar-125-mil-km-de-ferrovias-ate-2035-mostra-estudo\/\" \/>\n<meta property=\"og:locale\" content=\"pt_BR\" \/>\n<meta property=\"og:type\" content=\"article\" \/>\n<meta property=\"og:title\" content=\"Brasil s\u00f3 reduz participa\u00e7\u00e3o rodovi\u00e1ria na matriz de transporte se implantar 12,5 mil km de ferrovias at\u00e9 2035, mostra estudo\" \/>\n<meta property=\"og:description\" content=\"Dimmi Amora, da Ag\u00eancia iNFRA O Brasil s\u00f3 vai conseguir ter alguma redu\u00e7\u00e3o significativa na participa\u00e7\u00e3o do setor rodovi\u00e1rio na matriz de transportes se conseguir, at\u00e9 2035, implantar quase 12,5 mil quil\u00f4metros de novas ferrovias. Esse \u00e9 o cen\u00e1rio tra\u00e7ado no mais completo estudo sobre o planejamento de transportes, o projeto Pilt (Plataforma de Infraestrutura [&hellip;]\" \/>\n<meta property=\"og:url\" content=\"https:\/\/agenciainfra.com\/blog\/brasil-so-reduz-participacao-rodoviaria-na-matriz-de-transporte-se-implantar-125-mil-km-de-ferrovias-ate-2035-mostra-estudo\/\" \/>\n<meta property=\"og:site_name\" content=\"Ag\u00eancia iNFRA\" \/>\n<meta property=\"article:publisher\" content=\"https:\/\/www.facebook.com\/ageninfra\" \/>\n<meta property=\"article:published_time\" content=\"2024-09-26T10:00:00+00:00\" \/>\n<meta property=\"article:modified_time\" content=\"2024-09-30T17:06:03+00:00\" \/>\n<meta property=\"og:image\" content=\"https:\/\/agenciainfra.com\/blog\/wp-content\/uploads\/2024\/09\/mapa-pilt-fundacao-dom-cabral.png\" \/>\n\t<meta property=\"og:image:width\" content=\"892\" \/>\n\t<meta property=\"og:image:height\" content=\"519\" \/>\n\t<meta property=\"og:image:type\" content=\"image\/png\" \/>\n<meta name=\"author\" content=\"Ag\u00eancia iNFRA\" \/>\n<meta name=\"twitter:card\" content=\"summary_large_image\" \/>\n<meta name=\"twitter:creator\" content=\"@agencia_infra\" \/>\n<meta name=\"twitter:site\" content=\"@agencia_infra\" \/>\n<meta name=\"twitter:label1\" content=\"Escrito por\" \/>\n\t<meta name=\"twitter:data1\" content=\"Ag\u00eancia iNFRA\" \/>\n\t<meta name=\"twitter:label2\" content=\"Est. tempo de leitura\" \/>\n\t<meta name=\"twitter:data2\" content=\"6 minutos\" \/>\n<script type=\"application\/ld+json\" class=\"yoast-schema-graph\">{\"@context\":\"https:\/\/schema.org\",\"@graph\":[{\"@type\":\"Article\",\"@id\":\"https:\/\/agenciainfra.com\/blog\/brasil-so-reduz-participacao-rodoviaria-na-matriz-de-transporte-se-implantar-125-mil-km-de-ferrovias-ate-2035-mostra-estudo\/#article\",\"isPartOf\":{\"@id\":\"https:\/\/agenciainfra.com\/blog\/brasil-so-reduz-participacao-rodoviaria-na-matriz-de-transporte-se-implantar-125-mil-km-de-ferrovias-ate-2035-mostra-estudo\/\"},\"author\":{\"name\":\"Ag\u00eancia iNFRA\",\"@id\":\"https:\/\/agenciainfra.com\/blog\/#\/schema\/person\/34af08dff6adea4cb22b06612ba7acfa\"},\"headline\":\"Brasil s\u00f3 reduz participa\u00e7\u00e3o rodovi\u00e1ria na matriz de transporte se implantar 12,5 mil km de ferrovias at\u00e9 2035, mostra estudo\",\"datePublished\":\"2024-09-26T10:00:00+00:00\",\"dateModified\":\"2024-09-30T17:06:03+00:00\",\"mainEntityOfPage\":{\"@id\":\"https:\/\/agenciainfra.com\/blog\/brasil-so-reduz-participacao-rodoviaria-na-matriz-de-transporte-se-implantar-125-mil-km-de-ferrovias-ate-2035-mostra-estudo\/\"},\"wordCount\":1145,\"publisher\":{\"@id\":\"https:\/\/agenciainfra.com\/blog\/#organization\"},\"image\":{\"@id\":\"https:\/\/agenciainfra.com\/blog\/brasil-so-reduz-participacao-rodoviaria-na-matriz-de-transporte-se-implantar-125-mil-km-de-ferrovias-ate-2035-mostra-estudo\/#primaryimage\"},\"thumbnailUrl\":\"https:\/\/agenciainfra.com\/blog\/wp-content\/uploads\/2024\/09\/mapa-pilt-fundacao-dom-cabral.png\",\"keywords\":[\"Caminh\u00e3o\",\"concess\u00f5es\",\"Ferrovia\",\"Funda\u00e7\u00e3o Dom Cabral\",\"Infraestrutura\",\"Investimento\",\"Minist\u00e9rio de Portos e Aeroportos\",\"minist\u00e9rio dos transportes\",\"Pilt\",\"planejamento de transportes\",\"PPP\",\"Rodovia\"],\"articleSection\":[\"Destaque Menor\",\"Geral\",\"iNFRATransporte\"],\"inLanguage\":\"pt-BR\",\"copyrightYear\":\"2024\",\"copyrightHolder\":{\"@id\":\"https:\/\/agenciainfra.com\/blog\/#organization\"}},{\"@type\":\"WebPage\",\"@id\":\"https:\/\/agenciainfra.com\/blog\/brasil-so-reduz-participacao-rodoviaria-na-matriz-de-transporte-se-implantar-125-mil-km-de-ferrovias-ate-2035-mostra-estudo\/\",\"url\":\"https:\/\/agenciainfra.com\/blog\/brasil-so-reduz-participacao-rodoviaria-na-matriz-de-transporte-se-implantar-125-mil-km-de-ferrovias-ate-2035-mostra-estudo\/\",\"name\":\"Brasil s\u00f3 reduz participa\u00e7\u00e3o rodovi\u00e1ria na matriz de transporte se implantar 12,5 mil km de ferrovias at\u00e9 2035, mostra estudo - Ag\u00eancia iNFRA\",\"isPartOf\":{\"@id\":\"https:\/\/agenciainfra.com\/blog\/#website\"},\"primaryImageOfPage\":{\"@id\":\"https:\/\/agenciainfra.com\/blog\/brasil-so-reduz-participacao-rodoviaria-na-matriz-de-transporte-se-implantar-125-mil-km-de-ferrovias-ate-2035-mostra-estudo\/#primaryimage\"},\"image\":{\"@id\":\"https:\/\/agenciainfra.com\/blog\/brasil-so-reduz-participacao-rodoviaria-na-matriz-de-transporte-se-implantar-125-mil-km-de-ferrovias-ate-2035-mostra-estudo\/#primaryimage\"},\"thumbnailUrl\":\"https:\/\/agenciainfra.com\/blog\/wp-content\/uploads\/2024\/09\/mapa-pilt-fundacao-dom-cabral.png\",\"datePublished\":\"2024-09-26T10:00:00+00:00\",\"dateModified\":\"2024-09-30T17:06:03+00:00\",\"breadcrumb\":{\"@id\":\"https:\/\/agenciainfra.com\/blog\/brasil-so-reduz-participacao-rodoviaria-na-matriz-de-transporte-se-implantar-125-mil-km-de-ferrovias-ate-2035-mostra-estudo\/#breadcrumb\"},\"inLanguage\":\"pt-BR\",\"potentialAction\":[{\"@type\":\"ReadAction\",\"target\":[\"https:\/\/agenciainfra.com\/blog\/brasil-so-reduz-participacao-rodoviaria-na-matriz-de-transporte-se-implantar-125-mil-km-de-ferrovias-ate-2035-mostra-estudo\/\"]}]},{\"@type\":\"ImageObject\",\"inLanguage\":\"pt-BR\",\"@id\":\"https:\/\/agenciainfra.com\/blog\/brasil-so-reduz-participacao-rodoviaria-na-matriz-de-transporte-se-implantar-125-mil-km-de-ferrovias-ate-2035-mostra-estudo\/#primaryimage\",\"url\":\"https:\/\/agenciainfra.com\/blog\/wp-content\/uploads\/2024\/09\/mapa-pilt-fundacao-dom-cabral.png\",\"contentUrl\":\"https:\/\/agenciainfra.com\/blog\/wp-content\/uploads\/2024\/09\/mapa-pilt-fundacao-dom-cabral.png\",\"width\":892,\"height\":519},{\"@type\":\"BreadcrumbList\",\"@id\":\"https:\/\/agenciainfra.com\/blog\/brasil-so-reduz-participacao-rodoviaria-na-matriz-de-transporte-se-implantar-125-mil-km-de-ferrovias-ate-2035-mostra-estudo\/#breadcrumb\",\"itemListElement\":[{\"@type\":\"ListItem\",\"position\":1,\"name\":\"In\u00edcio\",\"item\":\"https:\/\/agenciainfra.com\/blog\/\"},{\"@type\":\"ListItem\",\"position\":2,\"name\":\"Brasil s\u00f3 reduz participa\u00e7\u00e3o rodovi\u00e1ria na matriz de transporte se implantar 12,5 mil km de ferrovias at\u00e9 2035, mostra estudo\"}]},{\"@type\":\"WebSite\",\"@id\":\"https:\/\/agenciainfra.com\/blog\/#website\",\"url\":\"https:\/\/agenciainfra.com\/blog\/\",\"name\":\"Ag\u00eancia iNFRA\",\"description\":\"Multiplataforma de informa\u00e7\u00e3o jornal\u00edstica refer\u00eancia na \u00e1rea de infraestrutura no Brasil!\",\"publisher\":{\"@id\":\"https:\/\/agenciainfra.com\/blog\/#organization\"},\"potentialAction\":[{\"@type\":\"SearchAction\",\"target\":{\"@type\":\"EntryPoint\",\"urlTemplate\":\"https:\/\/agenciainfra.com\/blog\/?s={search_term_string}\"},\"query-input\":{\"@type\":\"PropertyValueSpecification\",\"valueRequired\":true,\"valueName\":\"search_term_string\"}}],\"inLanguage\":\"pt-BR\"},{\"@type\":\"Organization\",\"@id\":\"https:\/\/agenciainfra.com\/blog\/#organization\",\"name\":\"Ag\u00eancia iNFRA\",\"url\":\"https:\/\/agenciainfra.com\/blog\/\",\"logo\":{\"@type\":\"ImageObject\",\"inLanguage\":\"pt-BR\",\"@id\":\"https:\/\/agenciainfra.com\/blog\/#\/schema\/logo\/image\/\",\"url\":\"https:\/\/agenciainfra.com\/blog\/wp-content\/uploads\/2023\/09\/iNFRA_5-e1761735885940.png\",\"contentUrl\":\"https:\/\/agenciainfra.com\/blog\/wp-content\/uploads\/2023\/09\/iNFRA_5-e1761735885940.png\",\"width\":1672,\"height\":454,\"caption\":\"Ag\u00eancia iNFRA\"},\"image\":{\"@id\":\"https:\/\/agenciainfra.com\/blog\/#\/schema\/logo\/image\/\"},\"sameAs\":[\"https:\/\/www.facebook.com\/ageninfra\",\"https:\/\/x.com\/agencia_infra\",\"https:\/\/www.linkedin.com\/company\/ag\u00eanciainfra\/\",\"https:\/\/www.instagram.com\/agenciainfra\/\"]},{\"@type\":\"Person\",\"@id\":\"https:\/\/agenciainfra.com\/blog\/#\/schema\/person\/34af08dff6adea4cb22b06612ba7acfa\",\"name\":\"Ag\u00eancia iNFRA\",\"image\":{\"@type\":\"ImageObject\",\"inLanguage\":\"pt-BR\",\"@id\":\"https:\/\/agenciainfra.com\/blog\/#\/schema\/person\/image\/\",\"url\":\"https:\/\/secure.gravatar.com\/avatar\/d189e01678f06d8eb84d4e01f08eb848b3fffe3f8443818d3c356c66892f5be8?s=96&d=mm&r=g\",\"contentUrl\":\"https:\/\/secure.gravatar.com\/avatar\/d189e01678f06d8eb84d4e01f08eb848b3fffe3f8443818d3c356c66892f5be8?s=96&d=mm&r=g\",\"caption\":\"Ag\u00eancia iNFRA\"},\"url\":\"https:\/\/agenciainfra.com\/blog\/author\/admin\/\"}]}<\/script>\n<!-- \/ Yoast SEO Premium plugin. -->","yoast_head_json":{"title":"Brasil s\u00f3 reduz participa\u00e7\u00e3o rodovi\u00e1ria na matriz de transporte se implantar 12,5 mil km de ferrovias at\u00e9 2035, mostra estudo - Ag\u00eancia iNFRA","robots":{"index":"index","follow":"follow","max-snippet":"max-snippet:-1","max-image-preview":"max-image-preview:large","max-video-preview":"max-video-preview:-1"},"canonical":"https:\/\/agenciainfra.com\/blog\/brasil-so-reduz-participacao-rodoviaria-na-matriz-de-transporte-se-implantar-125-mil-km-de-ferrovias-ate-2035-mostra-estudo\/","og_locale":"pt_BR","og_type":"article","og_title":"Brasil s\u00f3 reduz participa\u00e7\u00e3o rodovi\u00e1ria na matriz de transporte se implantar 12,5 mil km de ferrovias at\u00e9 2035, mostra estudo","og_description":"Dimmi Amora, da Ag\u00eancia iNFRA O Brasil s\u00f3 vai conseguir ter alguma redu\u00e7\u00e3o significativa na participa\u00e7\u00e3o do setor rodovi\u00e1rio na matriz de transportes se conseguir, at\u00e9 2035, implantar quase 12,5 mil quil\u00f4metros de novas ferrovias. Esse \u00e9 o cen\u00e1rio tra\u00e7ado no mais completo estudo sobre o planejamento de transportes, o projeto Pilt (Plataforma de Infraestrutura [&hellip;]","og_url":"https:\/\/agenciainfra.com\/blog\/brasil-so-reduz-participacao-rodoviaria-na-matriz-de-transporte-se-implantar-125-mil-km-de-ferrovias-ate-2035-mostra-estudo\/","og_site_name":"Ag\u00eancia iNFRA","article_publisher":"https:\/\/www.facebook.com\/ageninfra","article_published_time":"2024-09-26T10:00:00+00:00","article_modified_time":"2024-09-30T17:06:03+00:00","og_image":[{"width":892,"height":519,"url":"https:\/\/agenciainfra.com\/blog\/wp-content\/uploads\/2024\/09\/mapa-pilt-fundacao-dom-cabral.png","type":"image\/png"}],"author":"Ag\u00eancia iNFRA","twitter_card":"summary_large_image","twitter_creator":"@agencia_infra","twitter_site":"@agencia_infra","twitter_misc":{"Escrito por":"Ag\u00eancia iNFRA","Est. tempo de leitura":"6 minutos"},"schema":{"@context":"https:\/\/schema.org","@graph":[{"@type":"Article","@id":"https:\/\/agenciainfra.com\/blog\/brasil-so-reduz-participacao-rodoviaria-na-matriz-de-transporte-se-implantar-125-mil-km-de-ferrovias-ate-2035-mostra-estudo\/#article","isPartOf":{"@id":"https:\/\/agenciainfra.com\/blog\/brasil-so-reduz-participacao-rodoviaria-na-matriz-de-transporte-se-implantar-125-mil-km-de-ferrovias-ate-2035-mostra-estudo\/"},"author":{"name":"Ag\u00eancia iNFRA","@id":"https:\/\/agenciainfra.com\/blog\/#\/schema\/person\/34af08dff6adea4cb22b06612ba7acfa"},"headline":"Brasil s\u00f3 reduz participa\u00e7\u00e3o rodovi\u00e1ria na matriz de transporte se implantar 12,5 mil km de ferrovias at\u00e9 2035, mostra estudo","datePublished":"2024-09-26T10:00:00+00:00","dateModified":"2024-09-30T17:06:03+00:00","mainEntityOfPage":{"@id":"https:\/\/agenciainfra.com\/blog\/brasil-so-reduz-participacao-rodoviaria-na-matriz-de-transporte-se-implantar-125-mil-km-de-ferrovias-ate-2035-mostra-estudo\/"},"wordCount":1145,"publisher":{"@id":"https:\/\/agenciainfra.com\/blog\/#organization"},"image":{"@id":"https:\/\/agenciainfra.com\/blog\/brasil-so-reduz-participacao-rodoviaria-na-matriz-de-transporte-se-implantar-125-mil-km-de-ferrovias-ate-2035-mostra-estudo\/#primaryimage"},"thumbnailUrl":"https:\/\/agenciainfra.com\/blog\/wp-content\/uploads\/2024\/09\/mapa-pilt-fundacao-dom-cabral.png","keywords":["Caminh\u00e3o","concess\u00f5es","Ferrovia","Funda\u00e7\u00e3o Dom Cabral","Infraestrutura","Investimento","Minist\u00e9rio de Portos e Aeroportos","minist\u00e9rio dos transportes","Pilt","planejamento de transportes","PPP","Rodovia"],"articleSection":["Destaque Menor","Geral","iNFRATransporte"],"inLanguage":"pt-BR","copyrightYear":"2024","copyrightHolder":{"@id":"https:\/\/agenciainfra.com\/blog\/#organization"}},{"@type":"WebPage","@id":"https:\/\/agenciainfra.com\/blog\/brasil-so-reduz-participacao-rodoviaria-na-matriz-de-transporte-se-implantar-125-mil-km-de-ferrovias-ate-2035-mostra-estudo\/","url":"https:\/\/agenciainfra.com\/blog\/brasil-so-reduz-participacao-rodoviaria-na-matriz-de-transporte-se-implantar-125-mil-km-de-ferrovias-ate-2035-mostra-estudo\/","name":"Brasil s\u00f3 reduz participa\u00e7\u00e3o rodovi\u00e1ria na matriz de transporte se implantar 12,5 mil km de ferrovias at\u00e9 2035, mostra estudo - Ag\u00eancia iNFRA","isPartOf":{"@id":"https:\/\/agenciainfra.com\/blog\/#website"},"primaryImageOfPage":{"@id":"https:\/\/agenciainfra.com\/blog\/brasil-so-reduz-participacao-rodoviaria-na-matriz-de-transporte-se-implantar-125-mil-km-de-ferrovias-ate-2035-mostra-estudo\/#primaryimage"},"image":{"@id":"https:\/\/agenciainfra.com\/blog\/brasil-so-reduz-participacao-rodoviaria-na-matriz-de-transporte-se-implantar-125-mil-km-de-ferrovias-ate-2035-mostra-estudo\/#primaryimage"},"thumbnailUrl":"https:\/\/agenciainfra.com\/blog\/wp-content\/uploads\/2024\/09\/mapa-pilt-fundacao-dom-cabral.png","datePublished":"2024-09-26T10:00:00+00:00","dateModified":"2024-09-30T17:06:03+00:00","breadcrumb":{"@id":"https:\/\/agenciainfra.com\/blog\/brasil-so-reduz-participacao-rodoviaria-na-matriz-de-transporte-se-implantar-125-mil-km-de-ferrovias-ate-2035-mostra-estudo\/#breadcrumb"},"inLanguage":"pt-BR","potentialAction":[{"@type":"ReadAction","target":["https:\/\/agenciainfra.com\/blog\/brasil-so-reduz-participacao-rodoviaria-na-matriz-de-transporte-se-implantar-125-mil-km-de-ferrovias-ate-2035-mostra-estudo\/"]}]},{"@type":"ImageObject","inLanguage":"pt-BR","@id":"https:\/\/agenciainfra.com\/blog\/brasil-so-reduz-participacao-rodoviaria-na-matriz-de-transporte-se-implantar-125-mil-km-de-ferrovias-ate-2035-mostra-estudo\/#primaryimage","url":"https:\/\/agenciainfra.com\/blog\/wp-content\/uploads\/2024\/09\/mapa-pilt-fundacao-dom-cabral.png","contentUrl":"https:\/\/agenciainfra.com\/blog\/wp-content\/uploads\/2024\/09\/mapa-pilt-fundacao-dom-cabral.png","width":892,"height":519},{"@type":"BreadcrumbList","@id":"https:\/\/agenciainfra.com\/blog\/brasil-so-reduz-participacao-rodoviaria-na-matriz-de-transporte-se-implantar-125-mil-km-de-ferrovias-ate-2035-mostra-estudo\/#breadcrumb","itemListElement":[{"@type":"ListItem","position":1,"name":"In\u00edcio","item":"https:\/\/agenciainfra.com\/blog\/"},{"@type":"ListItem","position":2,"name":"Brasil s\u00f3 reduz participa\u00e7\u00e3o rodovi\u00e1ria na matriz de transporte se implantar 12,5 mil km de ferrovias at\u00e9 2035, mostra estudo"}]},{"@type":"WebSite","@id":"https:\/\/agenciainfra.com\/blog\/#website","url":"https:\/\/agenciainfra.com\/blog\/","name":"Ag\u00eancia iNFRA","description":"Multiplataforma de informa\u00e7\u00e3o jornal\u00edstica refer\u00eancia na \u00e1rea de infraestrutura no Brasil!","publisher":{"@id":"https:\/\/agenciainfra.com\/blog\/#organization"},"potentialAction":[{"@type":"SearchAction","target":{"@type":"EntryPoint","urlTemplate":"https:\/\/agenciainfra.com\/blog\/?s={search_term_string}"},"query-input":{"@type":"PropertyValueSpecification","valueRequired":true,"valueName":"search_term_string"}}],"inLanguage":"pt-BR"},{"@type":"Organization","@id":"https:\/\/agenciainfra.com\/blog\/#organization","name":"Ag\u00eancia iNFRA","url":"https:\/\/agenciainfra.com\/blog\/","logo":{"@type":"ImageObject","inLanguage":"pt-BR","@id":"https:\/\/agenciainfra.com\/blog\/#\/schema\/logo\/image\/","url":"https:\/\/agenciainfra.com\/blog\/wp-content\/uploads\/2023\/09\/iNFRA_5-e1761735885940.png","contentUrl":"https:\/\/agenciainfra.com\/blog\/wp-content\/uploads\/2023\/09\/iNFRA_5-e1761735885940.png","width":1672,"height":454,"caption":"Ag\u00eancia iNFRA"},"image":{"@id":"https:\/\/agenciainfra.com\/blog\/#\/schema\/logo\/image\/"},"sameAs":["https:\/\/www.facebook.com\/ageninfra","https:\/\/x.com\/agencia_infra","https:\/\/www.linkedin.com\/company\/ag\u00eanciainfra\/","https:\/\/www.instagram.com\/agenciainfra\/"]},{"@type":"Person","@id":"https:\/\/agenciainfra.com\/blog\/#\/schema\/person\/34af08dff6adea4cb22b06612ba7acfa","name":"Ag\u00eancia iNFRA","image":{"@type":"ImageObject","inLanguage":"pt-BR","@id":"https:\/\/agenciainfra.com\/blog\/#\/schema\/person\/image\/","url":"https:\/\/secure.gravatar.com\/avatar\/d189e01678f06d8eb84d4e01f08eb848b3fffe3f8443818d3c356c66892f5be8?s=96&d=mm&r=g","contentUrl":"https:\/\/secure.gravatar.com\/avatar\/d189e01678f06d8eb84d4e01f08eb848b3fffe3f8443818d3c356c66892f5be8?s=96&d=mm&r=g","caption":"Ag\u00eancia iNFRA"},"url":"https:\/\/agenciainfra.com\/blog\/author\/admin\/"}]}},"_links":{"self":[{"href":"https:\/\/agenciainfra.com\/blog\/wp-json\/wp\/v2\/posts\/18625","targetHints":{"allow":["GET"]}}],"collection":[{"href":"https:\/\/agenciainfra.com\/blog\/wp-json\/wp\/v2\/posts"}],"about":[{"href":"https:\/\/agenciainfra.com\/blog\/wp-json\/wp\/v2\/types\/post"}],"author":[{"embeddable":true,"href":"https:\/\/agenciainfra.com\/blog\/wp-json\/wp\/v2\/users\/1"}],"replies":[{"embeddable":true,"href":"https:\/\/agenciainfra.com\/blog\/wp-json\/wp\/v2\/comments?post=18625"}],"version-history":[{"count":1,"href":"https:\/\/agenciainfra.com\/blog\/wp-json\/wp\/v2\/posts\/18625\/revisions"}],"predecessor-version":[{"id":18627,"href":"https:\/\/agenciainfra.com\/blog\/wp-json\/wp\/v2\/posts\/18625\/revisions\/18627"}],"wp:featuredmedia":[{"embeddable":true,"href":"https:\/\/agenciainfra.com\/blog\/wp-json\/wp\/v2\/media\/18626"}],"wp:attachment":[{"href":"https:\/\/agenciainfra.com\/blog\/wp-json\/wp\/v2\/media?parent=18625"}],"wp:term":[{"taxonomy":"category","embeddable":true,"href":"https:\/\/agenciainfra.com\/blog\/wp-json\/wp\/v2\/categories?post=18625"},{"taxonomy":"post_tag","embeddable":true,"href":"https:\/\/agenciainfra.com\/blog\/wp-json\/wp\/v2\/tags?post=18625"}],"curies":[{"name":"wp","href":"https:\/\/api.w.org\/{rel}","templated":true}]}}