{"id":18629,"date":"2024-09-24T09:00:00","date_gmt":"2024-09-24T12:00:00","guid":{"rendered":"https:\/\/agenciainfra.com\/blog\/?p=18629"},"modified":"2024-09-25T08:47:39","modified_gmt":"2024-09-25T11:47:39","slug":"justica-da-48-horas-para-aneel-aprovar-transferencia-da-amazonas-e-conversao-de-contratos","status":"publish","type":"post","link":"https:\/\/agenciainfra.com\/blog\/justica-da-48-horas-para-aneel-aprovar-transferencia-da-amazonas-e-conversao-de-contratos\/","title":{"rendered":"Justi\u00e7a d\u00e1 48 horas para ANEEL aprovar transfer\u00eancia da Amazonas e convers\u00e3o de contratos"},"content":{"rendered":"\n<p class=\"has-text-align-right\"><strong>Marisa Wanzeller&nbsp;e Leila Coimbra, da&nbsp;Ag\u00eancia iNFRA<\/strong><\/p>\n\n\n\n<p>A ju\u00edza Jaiza Maria Pinto Fraxe, do TRF-1 (Tribunal Regional Federal da 1\u00aa Regi\u00e3o), determinou nesta segunda-feira (23) que a ANEEL (Ag\u00eancia Nacional de Energia El\u00e9trica) aprove em 48 horas a transfer\u00eancia de controle da Amazonas Energia para a J&amp;F, dos irm\u00e3os Joesley e Wesley Batista, nos termos apresentados pela proponente.&nbsp;<\/p>\n\n\n\n<p>Al\u00e9m disso, a reguladora deve efetivar a implementa\u00e7\u00e3o da transforma\u00e7\u00e3o dos contratos originais das usinas adquiridas pela J&amp;F na regi\u00e3o Norte em CERs (Contratos de Energia de Reserva), conforme a&nbsp;<a href=\"https:\/\/agenciainfra.us14.list-manage.com\/track\/click?u=d460dd1bcf9ba0ae040e1fc0f&amp;id=67c70712c4&amp;e=55b7a27fc9\" target=\"_blank\" rel=\"noreferrer noopener\">MP (Medida Provis\u00f3ria) 1.232\/2024<\/a>.&nbsp;<\/p>\n\n\n\n<p>A ANEEL est\u00e1 sob pena de &#8220;medidas interventivas necess\u00e1rias&#8221; para concretiza\u00e7\u00e3o da&nbsp;<a href=\"https:\/\/agenciainfra.us14.list-manage.com\/track\/click?u=d460dd1bcf9ba0ae040e1fc0f&amp;id=63e5cbf883&amp;e=55b7a27fc9\" target=\"_blank\" rel=\"noreferrer noopener\">decis\u00e3o judicial<\/a>, caso n\u00e3o assine o termo aditivo ao contrato de concess\u00e3o da distribuidora no prazo indicado, a partir da intima\u00e7\u00e3o.&nbsp;<\/p>\n\n\n\n<p><strong>Atraso indevido<\/strong><br>A Amazonas, que entrou com o pedido judicial, alega que a ag\u00eancia atrasou indevidamente esses processos e que, at\u00e9 o momento, n\u00e3o h\u00e1 decis\u00e3o ou pauta nas reuni\u00f5es do colegiado para resolver as quest\u00f5es antes da caducidade da MP, no pr\u00f3ximo dia 12 de outubro.&nbsp;<\/p>\n\n\n\n<p>Os processos de transfer\u00eancia de controle e de convers\u00e3o dos contratos est\u00e3o em an\u00e1lise na ag\u00eancia, sob relatoria dos diretores Ricardo Tili e Fernando Mosna, respectivamente.<\/p>\n\n\n\n<p><strong>Flexibiliza\u00e7\u00f5es&nbsp;<\/strong><br>Nos termos apresentados pela J&amp;F, a nova controladora da Amazonas Energia ter\u00e1 R$ 15,8 bilh\u00f5es flexibilizados, que seriam custeados pelos consumidores brasileiros ao longo de 15 anos na CCC (Conta Consumo de Combust\u00edveis).<\/p>\n\n\n\n<p>No entanto, a&nbsp;<a href=\"https:\/\/agenciainfra.us14.list-manage.com\/track\/click?u=d460dd1bcf9ba0ae040e1fc0f&amp;id=b8903c32aa&amp;e=55b7a27fc9\" target=\"_blank\" rel=\"noreferrer noopener\">NT (Nota T\u00e9cnica) 167\/2024<\/a>,&nbsp;emitida pelas superintend\u00eancias da ANEEL sugerem que o valor suportado pela CCC seja de R$ 8,04 milh\u00f5es, prazo que abrangeria tr\u00eas ciclos tarif\u00e1rios.&nbsp;<\/p>\n\n\n\n<p><strong>Repasse de R$ 447 milh\u00f5es<\/strong><br>A decis\u00e3o decorre da a\u00e7\u00e3o ajuizada pela Amazonas Energia em 22 de agosto. No dia seguinte, a Justi\u00e7a determinou que a ANEEL editasse a regulamenta\u00e7\u00e3o da medida em at\u00e9 72 horas, sob pena de multa de R$ 1 milh\u00e3o.&nbsp;<\/p>\n\n\n\n<p>Em 27 de agosto, a ANEEL autorizou o repasse de R$ 156 milh\u00f5es, referentes \u00e0s flexibiliza\u00e7\u00f5es de custos operacionais postergadas pela MP. No entanto, condicionou os outros R$ 290 milh\u00f5es requisitados pela distribuidora \u00e0 comprova\u00e7\u00e3o de pagamento ao gerador de energia. O valor se refere a fatores de corte e par\u00e2metros de efici\u00eancia econ\u00f4mica e energ\u00e9tica.<\/p>\n\n\n\n<p>Em 3 de setembro, a ag\u00eancia abriu CPs (Consultas P\u00fablicas) acerca da transfer\u00eancia de controle e da convers\u00e3o dos contratos. As CPs se encerraram em 11 e 13 de setembro, mas ainda n\u00e3o tiveram notas t\u00e9cnicas de fechamento emitidas no sistema de consulta processual da ag\u00eancia, e n\u00e3o foram pautadas para delibera\u00e7\u00e3o em colegiado.<\/p>\n\n\n\n<p><strong>Responsabilidade<\/strong><br>O ministro de Minas e Energia, Alexandre Silveira, disse \u00e0 imprensa que a ANEEL dever\u00e1 assumir o \u00f4nus, caso n\u00e3o autorize a troca de controle da Amazonas Energia.&nbsp;<\/p>\n\n\n\n<p>&#8220;Ela [Amazonas Energia] perdeu sa\u00fade financeira. \u00c9 importante que todos compreendam que por isso \u00e9 necess\u00e1ria a passagem de controle, ou mesmo a interven\u00e7\u00e3o, ou mesmo a caducidade. Que a ANEEL assuma a sua responsabilidade nessa quest\u00e3o. Ela se decida. Se decida e assuma o \u00f4nus, caso n\u00e3o seja a passagem de controle&#8221;, disse no dia 11 deste m\u00eas, em Bras\u00edlia.&nbsp;<\/p>\n\n\n\n<p>Em agosto, Silveira mencionou que &#8220;a melhor solu\u00e7\u00e3o&#8221; para a distribuidora \u00e9 a troca de controle e que ser\u00e1 estudada interven\u00e7\u00e3o ou caducidade, caso n\u00e3o ocorra.<\/p>\n","protected":false},"excerpt":{"rendered":"<p>Marisa Wanzeller&nbsp;e Leila Coimbra, da&nbsp;Ag\u00eancia iNFRA A ju\u00edza Jaiza Maria Pinto Fraxe, do TRF-1 (Tribunal Regional Federal da 1\u00aa Regi\u00e3o), determinou nesta segunda-feira (23) que a ANEEL (Ag\u00eancia Nacional de Energia El\u00e9trica) aprove em 48 horas a transfer\u00eancia de controle da Amazonas Energia para a J&amp;F, dos irm\u00e3os Joesley e Wesley Batista, nos termos apresentados [&hellip;]<\/p>\n","protected":false},"author":1,"featured_media":7194,"comment_status":"closed","ping_status":"closed","sticky":false,"template":"","format":"standard","meta":{"_monsterinsights_skip_tracking":false,"_monsterinsights_sitenote_active":false,"_monsterinsights_sitenote_note":"","_monsterinsights_sitenote_category":0,"footnotes":""},"categories":[7250,1,10],"tags":[144,53,22,11501,5482,11500,10325,1984,7366,11502,7876,4766,11491],"class_list":["post-18629","post","type-post","status-publish","format-standard","has-post-thumbnail","hentry","category-destaque-lista","category-geral","category-infraenergia","tag-amazonas-energia","tag-aneel","tag-concessao","tag-irmaos-batista","tag-jf","tag-jaiza-maria-pinto-fraxe","tag-joesley-batista","tag-leila-coimbra","tag-marisa-wanzeller","tag-mp-1-232","tag-transferencia-de-controle","tag-trf-1","tag-wesley-batista"],"yoast_head":"<!-- This site is optimized with the Yoast SEO Premium plugin v25.4 (Yoast SEO v26.0) - https:\/\/yoast.com\/wordpress\/plugins\/seo\/ -->\n<title>Justi\u00e7a d\u00e1 48 horas para ANEEL aprovar transfer\u00eancia da Amazonas e convers\u00e3o de contratos - Ag\u00eancia iNFRA<\/title>\n<meta name=\"robots\" content=\"index, follow, max-snippet:-1, max-image-preview:large, max-video-preview:-1\" \/>\n<link rel=\"canonical\" href=\"https:\/\/agenciainfra.com\/blog\/justica-da-48-horas-para-aneel-aprovar-transferencia-da-amazonas-e-conversao-de-contratos\/\" \/>\n<meta property=\"og:locale\" content=\"pt_BR\" \/>\n<meta property=\"og:type\" content=\"article\" \/>\n<meta property=\"og:title\" content=\"Justi\u00e7a d\u00e1 48 horas para ANEEL aprovar transfer\u00eancia da Amazonas e convers\u00e3o de contratos\" \/>\n<meta property=\"og:description\" content=\"Marisa Wanzeller&nbsp;e Leila Coimbra, da&nbsp;Ag\u00eancia iNFRA A ju\u00edza Jaiza Maria Pinto Fraxe, do TRF-1 (Tribunal Regional Federal da 1\u00aa Regi\u00e3o), determinou nesta segunda-feira (23) que a ANEEL (Ag\u00eancia Nacional de Energia El\u00e9trica) aprove em 48 horas a transfer\u00eancia de controle da Amazonas Energia para a J&amp;F, dos irm\u00e3os Joesley e Wesley Batista, nos termos apresentados [&hellip;]\" \/>\n<meta property=\"og:url\" content=\"https:\/\/agenciainfra.com\/blog\/justica-da-48-horas-para-aneel-aprovar-transferencia-da-amazonas-e-conversao-de-contratos\/\" \/>\n<meta property=\"og:site_name\" content=\"Ag\u00eancia iNFRA\" \/>\n<meta property=\"article:publisher\" content=\"https:\/\/www.facebook.com\/ageninfra\" \/>\n<meta property=\"article:published_time\" content=\"2024-09-24T12:00:00+00:00\" \/>\n<meta property=\"article:modified_time\" content=\"2024-09-25T11:47:39+00:00\" \/>\n<meta property=\"og:image\" content=\"https:\/\/agenciainfra.com\/blog\/wp-content\/uploads\/2021\/05\/amazonas-energia-foto-amazonas-energia.jpeg\" \/>\n\t<meta property=\"og:image:width\" content=\"1280\" \/>\n\t<meta property=\"og:image:height\" content=\"959\" \/>\n\t<meta property=\"og:image:type\" content=\"image\/jpeg\" \/>\n<meta name=\"author\" content=\"Ag\u00eancia iNFRA\" \/>\n<meta name=\"twitter:card\" content=\"summary_large_image\" \/>\n<meta name=\"twitter:creator\" content=\"@agencia_infra\" \/>\n<meta name=\"twitter:site\" content=\"@agencia_infra\" \/>\n<meta name=\"twitter:label1\" content=\"Escrito por\" \/>\n\t<meta name=\"twitter:data1\" content=\"Ag\u00eancia iNFRA\" \/>\n\t<meta name=\"twitter:label2\" content=\"Est. tempo de leitura\" \/>\n\t<meta name=\"twitter:data2\" content=\"3 minutos\" \/>\n<script type=\"application\/ld+json\" class=\"yoast-schema-graph\">{\"@context\":\"https:\/\/schema.org\",\"@graph\":[{\"@type\":\"Article\",\"@id\":\"https:\/\/agenciainfra.com\/blog\/justica-da-48-horas-para-aneel-aprovar-transferencia-da-amazonas-e-conversao-de-contratos\/#article\",\"isPartOf\":{\"@id\":\"https:\/\/agenciainfra.com\/blog\/justica-da-48-horas-para-aneel-aprovar-transferencia-da-amazonas-e-conversao-de-contratos\/\"},\"author\":{\"name\":\"Ag\u00eancia iNFRA\",\"@id\":\"https:\/\/agenciainfra.com\/blog\/#\/schema\/person\/34af08dff6adea4cb22b06612ba7acfa\"},\"headline\":\"Justi\u00e7a d\u00e1 48 horas para ANEEL aprovar transfer\u00eancia da Amazonas e convers\u00e3o de contratos\",\"datePublished\":\"2024-09-24T12:00:00+00:00\",\"dateModified\":\"2024-09-25T11:47:39+00:00\",\"mainEntityOfPage\":{\"@id\":\"https:\/\/agenciainfra.com\/blog\/justica-da-48-horas-para-aneel-aprovar-transferencia-da-amazonas-e-conversao-de-contratos\/\"},\"wordCount\":616,\"publisher\":{\"@id\":\"https:\/\/agenciainfra.com\/blog\/#organization\"},\"image\":{\"@id\":\"https:\/\/agenciainfra.com\/blog\/justica-da-48-horas-para-aneel-aprovar-transferencia-da-amazonas-e-conversao-de-contratos\/#primaryimage\"},\"thumbnailUrl\":\"https:\/\/agenciainfra.com\/blog\/wp-content\/uploads\/2021\/05\/amazonas-energia-foto-amazonas-energia.jpeg\",\"keywords\":[\"Amazonas Energia\",\"ANEEL\",\"Concess\u00e3o\",\"irm\u00e3os batista\",\"J&amp;F\",\"Jaiza Maria Pinto Fraxe\",\"Joesley Batista\",\"Leila Coimbra\",\"Marisa Wanzeller\",\"MP 1.232\",\"transfer\u00eancia de controle\",\"TRF-1\",\"Wesley Batista\"],\"articleSection\":[\"Destaque lista\",\"Geral\",\"iNFRAEnergia\"],\"inLanguage\":\"pt-BR\",\"copyrightYear\":\"2024\",\"copyrightHolder\":{\"@id\":\"https:\/\/agenciainfra.com\/blog\/#organization\"}},{\"@type\":\"WebPage\",\"@id\":\"https:\/\/agenciainfra.com\/blog\/justica-da-48-horas-para-aneel-aprovar-transferencia-da-amazonas-e-conversao-de-contratos\/\",\"url\":\"https:\/\/agenciainfra.com\/blog\/justica-da-48-horas-para-aneel-aprovar-transferencia-da-amazonas-e-conversao-de-contratos\/\",\"name\":\"Justi\u00e7a d\u00e1 48 horas para ANEEL aprovar transfer\u00eancia da Amazonas e convers\u00e3o de contratos - Ag\u00eancia iNFRA\",\"isPartOf\":{\"@id\":\"https:\/\/agenciainfra.com\/blog\/#website\"},\"primaryImageOfPage\":{\"@id\":\"https:\/\/agenciainfra.com\/blog\/justica-da-48-horas-para-aneel-aprovar-transferencia-da-amazonas-e-conversao-de-contratos\/#primaryimage\"},\"image\":{\"@id\":\"https:\/\/agenciainfra.com\/blog\/justica-da-48-horas-para-aneel-aprovar-transferencia-da-amazonas-e-conversao-de-contratos\/#primaryimage\"},\"thumbnailUrl\":\"https:\/\/agenciainfra.com\/blog\/wp-content\/uploads\/2021\/05\/amazonas-energia-foto-amazonas-energia.jpeg\",\"datePublished\":\"2024-09-24T12:00:00+00:00\",\"dateModified\":\"2024-09-25T11:47:39+00:00\",\"breadcrumb\":{\"@id\":\"https:\/\/agenciainfra.com\/blog\/justica-da-48-horas-para-aneel-aprovar-transferencia-da-amazonas-e-conversao-de-contratos\/#breadcrumb\"},\"inLanguage\":\"pt-BR\",\"potentialAction\":[{\"@type\":\"ReadAction\",\"target\":[\"https:\/\/agenciainfra.com\/blog\/justica-da-48-horas-para-aneel-aprovar-transferencia-da-amazonas-e-conversao-de-contratos\/\"]}]},{\"@type\":\"ImageObject\",\"inLanguage\":\"pt-BR\",\"@id\":\"https:\/\/agenciainfra.com\/blog\/justica-da-48-horas-para-aneel-aprovar-transferencia-da-amazonas-e-conversao-de-contratos\/#primaryimage\",\"url\":\"https:\/\/agenciainfra.com\/blog\/wp-content\/uploads\/2021\/05\/amazonas-energia-foto-amazonas-energia.jpeg\",\"contentUrl\":\"https:\/\/agenciainfra.com\/blog\/wp-content\/uploads\/2021\/05\/amazonas-energia-foto-amazonas-energia.jpeg\",\"width\":1280,\"height\":959},{\"@type\":\"BreadcrumbList\",\"@id\":\"https:\/\/agenciainfra.com\/blog\/justica-da-48-horas-para-aneel-aprovar-transferencia-da-amazonas-e-conversao-de-contratos\/#breadcrumb\",\"itemListElement\":[{\"@type\":\"ListItem\",\"position\":1,\"name\":\"In\u00edcio\",\"item\":\"https:\/\/agenciainfra.com\/blog\/\"},{\"@type\":\"ListItem\",\"position\":2,\"name\":\"Justi\u00e7a d\u00e1 48 horas para ANEEL aprovar transfer\u00eancia da Amazonas e convers\u00e3o de contratos\"}]},{\"@type\":\"WebSite\",\"@id\":\"https:\/\/agenciainfra.com\/blog\/#website\",\"url\":\"https:\/\/agenciainfra.com\/blog\/\",\"name\":\"Ag\u00eancia iNFRA\",\"description\":\"Multiplataforma de informa\u00e7\u00e3o jornal\u00edstica refer\u00eancia na \u00e1rea de infraestrutura no Brasil!\",\"publisher\":{\"@id\":\"https:\/\/agenciainfra.com\/blog\/#organization\"},\"potentialAction\":[{\"@type\":\"SearchAction\",\"target\":{\"@type\":\"EntryPoint\",\"urlTemplate\":\"https:\/\/agenciainfra.com\/blog\/?s={search_term_string}\"},\"query-input\":{\"@type\":\"PropertyValueSpecification\",\"valueRequired\":true,\"valueName\":\"search_term_string\"}}],\"inLanguage\":\"pt-BR\"},{\"@type\":\"Organization\",\"@id\":\"https:\/\/agenciainfra.com\/blog\/#organization\",\"name\":\"Ag\u00eancia iNFRA\",\"url\":\"https:\/\/agenciainfra.com\/blog\/\",\"logo\":{\"@type\":\"ImageObject\",\"inLanguage\":\"pt-BR\",\"@id\":\"https:\/\/agenciainfra.com\/blog\/#\/schema\/logo\/image\/\",\"url\":\"https:\/\/agenciainfra.com\/blog\/wp-content\/uploads\/2023\/09\/iNFRA_5-e1761735885940.png\",\"contentUrl\":\"https:\/\/agenciainfra.com\/blog\/wp-content\/uploads\/2023\/09\/iNFRA_5-e1761735885940.png\",\"width\":1672,\"height\":454,\"caption\":\"Ag\u00eancia iNFRA\"},\"image\":{\"@id\":\"https:\/\/agenciainfra.com\/blog\/#\/schema\/logo\/image\/\"},\"sameAs\":[\"https:\/\/www.facebook.com\/ageninfra\",\"https:\/\/x.com\/agencia_infra\",\"https:\/\/www.linkedin.com\/company\/ag\u00eanciainfra\/\",\"https:\/\/www.instagram.com\/agenciainfra\/\"]},{\"@type\":\"Person\",\"@id\":\"https:\/\/agenciainfra.com\/blog\/#\/schema\/person\/34af08dff6adea4cb22b06612ba7acfa\",\"name\":\"Ag\u00eancia iNFRA\",\"image\":{\"@type\":\"ImageObject\",\"inLanguage\":\"pt-BR\",\"@id\":\"https:\/\/agenciainfra.com\/blog\/#\/schema\/person\/image\/\",\"url\":\"https:\/\/secure.gravatar.com\/avatar\/d189e01678f06d8eb84d4e01f08eb848b3fffe3f8443818d3c356c66892f5be8?s=96&d=mm&r=g\",\"contentUrl\":\"https:\/\/secure.gravatar.com\/avatar\/d189e01678f06d8eb84d4e01f08eb848b3fffe3f8443818d3c356c66892f5be8?s=96&d=mm&r=g\",\"caption\":\"Ag\u00eancia iNFRA\"},\"url\":\"https:\/\/agenciainfra.com\/blog\/author\/admin\/\"}]}<\/script>\n<!-- \/ Yoast SEO Premium plugin. -->","yoast_head_json":{"title":"Justi\u00e7a d\u00e1 48 horas para ANEEL aprovar transfer\u00eancia da Amazonas e convers\u00e3o de contratos - Ag\u00eancia iNFRA","robots":{"index":"index","follow":"follow","max-snippet":"max-snippet:-1","max-image-preview":"max-image-preview:large","max-video-preview":"max-video-preview:-1"},"canonical":"https:\/\/agenciainfra.com\/blog\/justica-da-48-horas-para-aneel-aprovar-transferencia-da-amazonas-e-conversao-de-contratos\/","og_locale":"pt_BR","og_type":"article","og_title":"Justi\u00e7a d\u00e1 48 horas para ANEEL aprovar transfer\u00eancia da Amazonas e convers\u00e3o de contratos","og_description":"Marisa Wanzeller&nbsp;e Leila Coimbra, da&nbsp;Ag\u00eancia iNFRA A ju\u00edza Jaiza Maria Pinto Fraxe, do TRF-1 (Tribunal Regional Federal da 1\u00aa Regi\u00e3o), determinou nesta segunda-feira (23) que a ANEEL (Ag\u00eancia Nacional de Energia El\u00e9trica) aprove em 48 horas a transfer\u00eancia de controle da Amazonas Energia para a J&amp;F, dos irm\u00e3os Joesley e Wesley Batista, nos termos apresentados [&hellip;]","og_url":"https:\/\/agenciainfra.com\/blog\/justica-da-48-horas-para-aneel-aprovar-transferencia-da-amazonas-e-conversao-de-contratos\/","og_site_name":"Ag\u00eancia iNFRA","article_publisher":"https:\/\/www.facebook.com\/ageninfra","article_published_time":"2024-09-24T12:00:00+00:00","article_modified_time":"2024-09-25T11:47:39+00:00","og_image":[{"width":1280,"height":959,"url":"https:\/\/agenciainfra.com\/blog\/wp-content\/uploads\/2021\/05\/amazonas-energia-foto-amazonas-energia.jpeg","type":"image\/jpeg"}],"author":"Ag\u00eancia iNFRA","twitter_card":"summary_large_image","twitter_creator":"@agencia_infra","twitter_site":"@agencia_infra","twitter_misc":{"Escrito por":"Ag\u00eancia iNFRA","Est. tempo de leitura":"3 minutos"},"schema":{"@context":"https:\/\/schema.org","@graph":[{"@type":"Article","@id":"https:\/\/agenciainfra.com\/blog\/justica-da-48-horas-para-aneel-aprovar-transferencia-da-amazonas-e-conversao-de-contratos\/#article","isPartOf":{"@id":"https:\/\/agenciainfra.com\/blog\/justica-da-48-horas-para-aneel-aprovar-transferencia-da-amazonas-e-conversao-de-contratos\/"},"author":{"name":"Ag\u00eancia iNFRA","@id":"https:\/\/agenciainfra.com\/blog\/#\/schema\/person\/34af08dff6adea4cb22b06612ba7acfa"},"headline":"Justi\u00e7a d\u00e1 48 horas para ANEEL aprovar transfer\u00eancia da Amazonas e convers\u00e3o de contratos","datePublished":"2024-09-24T12:00:00+00:00","dateModified":"2024-09-25T11:47:39+00:00","mainEntityOfPage":{"@id":"https:\/\/agenciainfra.com\/blog\/justica-da-48-horas-para-aneel-aprovar-transferencia-da-amazonas-e-conversao-de-contratos\/"},"wordCount":616,"publisher":{"@id":"https:\/\/agenciainfra.com\/blog\/#organization"},"image":{"@id":"https:\/\/agenciainfra.com\/blog\/justica-da-48-horas-para-aneel-aprovar-transferencia-da-amazonas-e-conversao-de-contratos\/#primaryimage"},"thumbnailUrl":"https:\/\/agenciainfra.com\/blog\/wp-content\/uploads\/2021\/05\/amazonas-energia-foto-amazonas-energia.jpeg","keywords":["Amazonas Energia","ANEEL","Concess\u00e3o","irm\u00e3os batista","J&amp;F","Jaiza Maria Pinto Fraxe","Joesley Batista","Leila Coimbra","Marisa Wanzeller","MP 1.232","transfer\u00eancia de controle","TRF-1","Wesley Batista"],"articleSection":["Destaque lista","Geral","iNFRAEnergia"],"inLanguage":"pt-BR","copyrightYear":"2024","copyrightHolder":{"@id":"https:\/\/agenciainfra.com\/blog\/#organization"}},{"@type":"WebPage","@id":"https:\/\/agenciainfra.com\/blog\/justica-da-48-horas-para-aneel-aprovar-transferencia-da-amazonas-e-conversao-de-contratos\/","url":"https:\/\/agenciainfra.com\/blog\/justica-da-48-horas-para-aneel-aprovar-transferencia-da-amazonas-e-conversao-de-contratos\/","name":"Justi\u00e7a d\u00e1 48 horas para ANEEL aprovar transfer\u00eancia da Amazonas e convers\u00e3o de contratos - Ag\u00eancia iNFRA","isPartOf":{"@id":"https:\/\/agenciainfra.com\/blog\/#website"},"primaryImageOfPage":{"@id":"https:\/\/agenciainfra.com\/blog\/justica-da-48-horas-para-aneel-aprovar-transferencia-da-amazonas-e-conversao-de-contratos\/#primaryimage"},"image":{"@id":"https:\/\/agenciainfra.com\/blog\/justica-da-48-horas-para-aneel-aprovar-transferencia-da-amazonas-e-conversao-de-contratos\/#primaryimage"},"thumbnailUrl":"https:\/\/agenciainfra.com\/blog\/wp-content\/uploads\/2021\/05\/amazonas-energia-foto-amazonas-energia.jpeg","datePublished":"2024-09-24T12:00:00+00:00","dateModified":"2024-09-25T11:47:39+00:00","breadcrumb":{"@id":"https:\/\/agenciainfra.com\/blog\/justica-da-48-horas-para-aneel-aprovar-transferencia-da-amazonas-e-conversao-de-contratos\/#breadcrumb"},"inLanguage":"pt-BR","potentialAction":[{"@type":"ReadAction","target":["https:\/\/agenciainfra.com\/blog\/justica-da-48-horas-para-aneel-aprovar-transferencia-da-amazonas-e-conversao-de-contratos\/"]}]},{"@type":"ImageObject","inLanguage":"pt-BR","@id":"https:\/\/agenciainfra.com\/blog\/justica-da-48-horas-para-aneel-aprovar-transferencia-da-amazonas-e-conversao-de-contratos\/#primaryimage","url":"https:\/\/agenciainfra.com\/blog\/wp-content\/uploads\/2021\/05\/amazonas-energia-foto-amazonas-energia.jpeg","contentUrl":"https:\/\/agenciainfra.com\/blog\/wp-content\/uploads\/2021\/05\/amazonas-energia-foto-amazonas-energia.jpeg","width":1280,"height":959},{"@type":"BreadcrumbList","@id":"https:\/\/agenciainfra.com\/blog\/justica-da-48-horas-para-aneel-aprovar-transferencia-da-amazonas-e-conversao-de-contratos\/#breadcrumb","itemListElement":[{"@type":"ListItem","position":1,"name":"In\u00edcio","item":"https:\/\/agenciainfra.com\/blog\/"},{"@type":"ListItem","position":2,"name":"Justi\u00e7a d\u00e1 48 horas para ANEEL aprovar transfer\u00eancia da Amazonas e convers\u00e3o de contratos"}]},{"@type":"WebSite","@id":"https:\/\/agenciainfra.com\/blog\/#website","url":"https:\/\/agenciainfra.com\/blog\/","name":"Ag\u00eancia iNFRA","description":"Multiplataforma de informa\u00e7\u00e3o jornal\u00edstica refer\u00eancia na \u00e1rea de infraestrutura no Brasil!","publisher":{"@id":"https:\/\/agenciainfra.com\/blog\/#organization"},"potentialAction":[{"@type":"SearchAction","target":{"@type":"EntryPoint","urlTemplate":"https:\/\/agenciainfra.com\/blog\/?s={search_term_string}"},"query-input":{"@type":"PropertyValueSpecification","valueRequired":true,"valueName":"search_term_string"}}],"inLanguage":"pt-BR"},{"@type":"Organization","@id":"https:\/\/agenciainfra.com\/blog\/#organization","name":"Ag\u00eancia iNFRA","url":"https:\/\/agenciainfra.com\/blog\/","logo":{"@type":"ImageObject","inLanguage":"pt-BR","@id":"https:\/\/agenciainfra.com\/blog\/#\/schema\/logo\/image\/","url":"https:\/\/agenciainfra.com\/blog\/wp-content\/uploads\/2023\/09\/iNFRA_5-e1761735885940.png","contentUrl":"https:\/\/agenciainfra.com\/blog\/wp-content\/uploads\/2023\/09\/iNFRA_5-e1761735885940.png","width":1672,"height":454,"caption":"Ag\u00eancia iNFRA"},"image":{"@id":"https:\/\/agenciainfra.com\/blog\/#\/schema\/logo\/image\/"},"sameAs":["https:\/\/www.facebook.com\/ageninfra","https:\/\/x.com\/agencia_infra","https:\/\/www.linkedin.com\/company\/ag\u00eanciainfra\/","https:\/\/www.instagram.com\/agenciainfra\/"]},{"@type":"Person","@id":"https:\/\/agenciainfra.com\/blog\/#\/schema\/person\/34af08dff6adea4cb22b06612ba7acfa","name":"Ag\u00eancia iNFRA","image":{"@type":"ImageObject","inLanguage":"pt-BR","@id":"https:\/\/agenciainfra.com\/blog\/#\/schema\/person\/image\/","url":"https:\/\/secure.gravatar.com\/avatar\/d189e01678f06d8eb84d4e01f08eb848b3fffe3f8443818d3c356c66892f5be8?s=96&d=mm&r=g","contentUrl":"https:\/\/secure.gravatar.com\/avatar\/d189e01678f06d8eb84d4e01f08eb848b3fffe3f8443818d3c356c66892f5be8?s=96&d=mm&r=g","caption":"Ag\u00eancia iNFRA"},"url":"https:\/\/agenciainfra.com\/blog\/author\/admin\/"}]}},"_links":{"self":[{"href":"https:\/\/agenciainfra.com\/blog\/wp-json\/wp\/v2\/posts\/18629","targetHints":{"allow":["GET"]}}],"collection":[{"href":"https:\/\/agenciainfra.com\/blog\/wp-json\/wp\/v2\/posts"}],"about":[{"href":"https:\/\/agenciainfra.com\/blog\/wp-json\/wp\/v2\/types\/post"}],"author":[{"embeddable":true,"href":"https:\/\/agenciainfra.com\/blog\/wp-json\/wp\/v2\/users\/1"}],"replies":[{"embeddable":true,"href":"https:\/\/agenciainfra.com\/blog\/wp-json\/wp\/v2\/comments?post=18629"}],"version-history":[{"count":2,"href":"https:\/\/agenciainfra.com\/blog\/wp-json\/wp\/v2\/posts\/18629\/revisions"}],"predecessor-version":[{"id":18631,"href":"https:\/\/agenciainfra.com\/blog\/wp-json\/wp\/v2\/posts\/18629\/revisions\/18631"}],"wp:featuredmedia":[{"embeddable":true,"href":"https:\/\/agenciainfra.com\/blog\/wp-json\/wp\/v2\/media\/7194"}],"wp:attachment":[{"href":"https:\/\/agenciainfra.com\/blog\/wp-json\/wp\/v2\/media?parent=18629"}],"wp:term":[{"taxonomy":"category","embeddable":true,"href":"https:\/\/agenciainfra.com\/blog\/wp-json\/wp\/v2\/categories?post=18629"},{"taxonomy":"post_tag","embeddable":true,"href":"https:\/\/agenciainfra.com\/blog\/wp-json\/wp\/v2\/tags?post=18629"}],"curies":[{"name":"wp","href":"https:\/\/api.w.org\/{rel}","templated":true}]}}