{"id":18658,"date":"2024-09-27T07:00:00","date_gmt":"2024-09-27T10:00:00","guid":{"rendered":"https:\/\/agenciainfra.com\/blog\/?p=18658"},"modified":"2024-09-26T08:53:48","modified_gmt":"2024-09-26T11:53:48","slug":"tcu-da-90-dias-de-prazo-para-regulacao-da-avaliacao-de-condicionantes-para-repasse-de-verba-para-saneamento","status":"publish","type":"post","link":"https:\/\/agenciainfra.com\/blog\/tcu-da-90-dias-de-prazo-para-regulacao-da-avaliacao-de-condicionantes-para-repasse-de-verba-para-saneamento\/","title":{"rendered":"TCU d\u00e1 90 dias de prazo para regula\u00e7\u00e3o da avalia\u00e7\u00e3o de condicionantes para repasse de verba para saneamento"},"content":{"rendered":"\n<p class=\"has-text-align-right\"><strong>da Ag\u00eancia iNFRA<\/strong><\/p>\n\n\n\n<p>O TCU (Tribunal de Contas da Uni\u00e3o) deu prazo de 90 dias para que o Minist\u00e9rio das Cidades \u201cestabele\u00e7a e institucionalize metodologia e procedimentos de avalia\u00e7\u00e3o das condicionantes de acesso a recursos federais para a\u00e7\u00f5es de saneamento b\u00e1sico\u201d para a presta\u00e7\u00e3o regionalizada.<\/p>\n\n\n\n<p>A norma ter\u00e1 que estabelecer as \u201cformas, momento e respons\u00e1veis pelas avalia\u00e7\u00f5es\u201d, de acordo com decis\u00e3o do plen\u00e1rio do \u00f3rg\u00e3o no Ac\u00f3rd\u00e3o 1.940\/2024, cujo relator foi o ministro Vital do R\u00eago.<\/p>\n\n\n\n<p>A proposta foi apresentada no processo de acompanhamento do \u00f3rg\u00e3o de controle sobre a implementa\u00e7\u00e3o do marco legal do saneamento b\u00e1sico, aprovado no Congresso Nacional em 2020, que mostrou que a posterga\u00e7\u00e3o do prazo para a regulariza\u00e7\u00e3o dos contratos para 2025 \u2013 estabelecida no Decreto 11.598\/2023 \u2013 \u201cp\u00f5e em risco os prazos para a universaliza\u00e7\u00e3o do saneamento\u201d.<br><br>Segundo o levantamento, mais de mil contratos com prestadores de servi\u00e7os mostraram-se irregulares em 2023 e, por isso, foi dado neste decreto prazo de mais dois anos para a comprova\u00e7\u00e3o da capacidade financeira desses prestadores. Pela lei, os contratos que forem considerados irregulares ou dos quais os prestadores n\u00e3o tenham capacidade para executar os investimentos para a universaliza\u00e7\u00e3o n\u00e3o podem receber recursos da Uni\u00e3o.<br><br>No entanto, de acordo com a an\u00e1lise do TCU, \u201cos regramentos do Minist\u00e9rio das Cidades para a an\u00e1lise das condicionantes para recebimento de apoio federal com recursos do OGU [Or\u00e7amento Geral da Uni\u00e3o] s\u00e3o gen\u00e9ricos e n\u00e3o estabelecem procedimentos completos e suficientes\u201d.<br><br>Por isso, a necessidade de que a pasta das Cidades crie esses novos regramentos para que os recursos ao setor, mais de R$ 8,5 bilh\u00f5es\/ano estimados, sejam enviados para contratos que cumpram os requisitos legais, de acordo com a decis\u00e3o do TCU.<br><br><strong>Cobran\u00e7a pelas normas de refer\u00eancia<\/strong><br>A ANA (Ag\u00eancia Nacional de \u00c1guas e Saneamento B\u00e1sico) tamb\u00e9m foi cobrada pelo tribunal para que coloque em dia a publica\u00e7\u00e3o da lista de entidades reguladoras infranacionais que adotam as normas de refer\u00eancia nacionais para a regula\u00e7\u00e3o dos servi\u00e7os p\u00fablicos de saneamento b\u00e1sico.<br><br>De acordo com o TCU, esse procedimento foi regulamentado pela pr\u00f3pria ag\u00eancia na primeira norma de refer\u00eancia publicada para dar par\u00e2metros de regula\u00e7\u00e3o nacional ao setor, mas as entidades n\u00e3o est\u00e3o enviando os dados, o que impede a ANA de divulgar quem est\u00e1 cumprindo ou n\u00e3o as normas de refer\u00eancia j\u00e1 estabelecidas.<br><br>Para o TCU, esse atraso na divulga\u00e7\u00e3o pode \u201cinviabilizar a verifica\u00e7\u00e3o da condicionante para destina\u00e7\u00e3o de recursos federais estabelecida\u201d, al\u00e9m de prejudicar os agentes do setor\u00a0que, sem a transpar\u00eancia dos dados, podem ter menor previsibilidade para a tomada de decis\u00e3o.<br><br>Al\u00e9m de cobrar a divulga\u00e7\u00e3o sobre o cumprimento das normas j\u00e1 criadas, o TCU tamb\u00e9m indicou que a ag\u00eancia ter\u00e1 que \u201cdivulgar, quando da publica\u00e7\u00e3o de cada norma de refer\u00eancia (&#8230;), o per\u00edodo em que ser\u00e1 efetuada a verifica\u00e7\u00e3o da ades\u00e3o das entidades reguladoras infranacionais aos seus termos e o per\u00edodo em que ocorrer\u00e1 a publica\u00e7\u00e3o da lista de entidades reguladoras infranacionais aderentes\u201d.<br><br><strong>Dificuldades de pessoal<\/strong><br>O levantamento constatou que a ANA segue com dificuldades de pessoal para criar todas as normas de refer\u00eancia previstas para regulamentar o marco do saneamento, o que levou a mudan\u00e7as na agenda regulat\u00f3ria da ag\u00eancia em rela\u00e7\u00e3o ao tema. At\u00e9 o fim do levantamento, eram seis normas de refer\u00eancia publicadas (agora s\u00e3o nove).<br><br>Segundo o \u00f3rg\u00e3o, n\u00e3o houve necessidade de fazer determina\u00e7\u00f5es sobre o tema porque a ag\u00eancia \u201cest\u00e1 comprometida com a estrutura\u00e7\u00e3o e capacita\u00e7\u00e3o de sua equipe para a produ\u00e7\u00e3o e avalia\u00e7\u00e3o das normas necess\u00e1rias \u00e0 moderniza\u00e7\u00e3o do setor de saneamento b\u00e1sico\u201d.<br><br><strong>\u00cdndice iESGo<\/strong><br>O tribunal tamb\u00e9m divulgou o iESGo, \u00edndice para avaliar e promover pr\u00e1ticas de governan\u00e7a, sustentabilidade e gest\u00e3o das organiza\u00e7\u00f5es p\u00fablicas, no qual foram analisadas 387 organiza\u00e7\u00f5es. O \u00edndice \u00e9 uma evolu\u00e7\u00e3o do IGG, criado pelo \u00f3rg\u00e3o para avaliar a governan\u00e7a das institui\u00e7\u00f5es p\u00fablicas, agora tamb\u00e9m cobrindo os indicadores ESG.<br><br>O levantamento mostrou que cerca de 60% das institui\u00e7\u00f5es n\u00e3o definem respons\u00e1veis ou equipes para os temas ESG e que 46% n\u00e3o t\u00eam objetivos, indicadores e metas de sustentabilidade ambiental.<\/p>\n","protected":false},"excerpt":{"rendered":"<p>da Ag\u00eancia iNFRA O TCU (Tribunal de Contas da Uni\u00e3o) deu prazo de 90 dias para que o Minist\u00e9rio das Cidades \u201cestabele\u00e7a e institucionalize metodologia e procedimentos de avalia\u00e7\u00e3o das condicionantes de acesso a recursos federais para a\u00e7\u00f5es de saneamento b\u00e1sico\u201d para a presta\u00e7\u00e3o regionalizada. A norma ter\u00e1 que estabelecer as \u201cformas, momento e respons\u00e1veis [&hellip;]<\/p>\n","protected":false},"author":1,"featured_media":3733,"comment_status":"closed","ping_status":"closed","sticky":false,"template":"","format":"standard","meta":{"_monsterinsights_skip_tracking":false,"_monsterinsights_sitenote_active":false,"_monsterinsights_sitenote_note":"","_monsterinsights_sitenote_category":0,"footnotes":""},"categories":[7250,1,7827],"tags":[3307,660,77,78,661,11402,4035,9432,179,18],"class_list":["post-18658","post","type-post","status-publish","format-standard","has-post-thumbnail","hentry","category-destaque-lista","category-geral","category-infrasaneamento","tag-agencia-nacional-de-aguas-e-saneamento-basico","tag-agua","tag-ana","tag-concessoes","tag-esgoto","tag-iesgo","tag-ministerio-das-cidades","tag-norma-de-referencia","tag-saneamento","tag-tcu"],"yoast_head":"<!-- This site is optimized with the Yoast SEO Premium plugin v25.4 (Yoast SEO v26.0) - https:\/\/yoast.com\/wordpress\/plugins\/seo\/ -->\n<title>TCU d\u00e1 90 dias de prazo para regula\u00e7\u00e3o da avalia\u00e7\u00e3o de condicionantes para repasse de verba para saneamento - Ag\u00eancia iNFRA<\/title>\n<meta name=\"robots\" content=\"index, follow, max-snippet:-1, max-image-preview:large, max-video-preview:-1\" \/>\n<link rel=\"canonical\" href=\"https:\/\/agenciainfra.com\/blog\/tcu-da-90-dias-de-prazo-para-regulacao-da-avaliacao-de-condicionantes-para-repasse-de-verba-para-saneamento\/\" \/>\n<meta property=\"og:locale\" content=\"pt_BR\" \/>\n<meta property=\"og:type\" content=\"article\" \/>\n<meta property=\"og:title\" content=\"TCU d\u00e1 90 dias de prazo para regula\u00e7\u00e3o da avalia\u00e7\u00e3o de condicionantes para repasse de verba para saneamento\" \/>\n<meta property=\"og:description\" content=\"da Ag\u00eancia iNFRA O TCU (Tribunal de Contas da Uni\u00e3o) deu prazo de 90 dias para que o Minist\u00e9rio das Cidades \u201cestabele\u00e7a e institucionalize metodologia e procedimentos de avalia\u00e7\u00e3o das condicionantes de acesso a recursos federais para a\u00e7\u00f5es de saneamento b\u00e1sico\u201d para a presta\u00e7\u00e3o regionalizada. A norma ter\u00e1 que estabelecer as \u201cformas, momento e respons\u00e1veis [&hellip;]\" \/>\n<meta property=\"og:url\" content=\"https:\/\/agenciainfra.com\/blog\/tcu-da-90-dias-de-prazo-para-regulacao-da-avaliacao-de-condicionantes-para-repasse-de-verba-para-saneamento\/\" \/>\n<meta property=\"og:site_name\" content=\"Ag\u00eancia iNFRA\" \/>\n<meta property=\"article:publisher\" content=\"https:\/\/www.facebook.com\/ageninfra\" \/>\n<meta property=\"article:published_time\" content=\"2024-09-27T10:00:00+00:00\" \/>\n<meta property=\"og:image\" content=\"https:\/\/agenciainfra.com\/blog\/wp-content\/uploads\/2019\/09\/saneamento-basico-foto-prefeitura-de-cariacica.jpg\" \/>\n\t<meta property=\"og:image:width\" content=\"1280\" \/>\n\t<meta property=\"og:image:height\" content=\"960\" \/>\n\t<meta property=\"og:image:type\" content=\"image\/jpeg\" \/>\n<meta name=\"author\" content=\"Ag\u00eancia iNFRA\" \/>\n<meta name=\"twitter:card\" content=\"summary_large_image\" \/>\n<meta name=\"twitter:creator\" content=\"@agencia_infra\" \/>\n<meta name=\"twitter:site\" content=\"@agencia_infra\" \/>\n<meta name=\"twitter:label1\" content=\"Escrito por\" \/>\n\t<meta name=\"twitter:data1\" content=\"Ag\u00eancia iNFRA\" \/>\n\t<meta name=\"twitter:label2\" content=\"Est. tempo de leitura\" \/>\n\t<meta name=\"twitter:data2\" content=\"4 minutos\" \/>\n<script type=\"application\/ld+json\" class=\"yoast-schema-graph\">{\"@context\":\"https:\/\/schema.org\",\"@graph\":[{\"@type\":\"Article\",\"@id\":\"https:\/\/agenciainfra.com\/blog\/tcu-da-90-dias-de-prazo-para-regulacao-da-avaliacao-de-condicionantes-para-repasse-de-verba-para-saneamento\/#article\",\"isPartOf\":{\"@id\":\"https:\/\/agenciainfra.com\/blog\/tcu-da-90-dias-de-prazo-para-regulacao-da-avaliacao-de-condicionantes-para-repasse-de-verba-para-saneamento\/\"},\"author\":{\"name\":\"Ag\u00eancia iNFRA\",\"@id\":\"https:\/\/agenciainfra.com\/blog\/#\/schema\/person\/34af08dff6adea4cb22b06612ba7acfa\"},\"headline\":\"TCU d\u00e1 90 dias de prazo para regula\u00e7\u00e3o da avalia\u00e7\u00e3o de condicionantes para repasse de verba para saneamento\",\"datePublished\":\"2024-09-27T10:00:00+00:00\",\"mainEntityOfPage\":{\"@id\":\"https:\/\/agenciainfra.com\/blog\/tcu-da-90-dias-de-prazo-para-regulacao-da-avaliacao-de-condicionantes-para-repasse-de-verba-para-saneamento\/\"},\"wordCount\":779,\"publisher\":{\"@id\":\"https:\/\/agenciainfra.com\/blog\/#organization\"},\"image\":{\"@id\":\"https:\/\/agenciainfra.com\/blog\/tcu-da-90-dias-de-prazo-para-regulacao-da-avaliacao-de-condicionantes-para-repasse-de-verba-para-saneamento\/#primaryimage\"},\"thumbnailUrl\":\"https:\/\/agenciainfra.com\/blog\/wp-content\/uploads\/2019\/09\/saneamento-basico-foto-prefeitura-de-cariacica.jpg\",\"keywords\":[\"Ag\u00eancia Nacional de \u00c1guas e Saneamento B\u00e1sico\",\"\u00e1gua\",\"ANA\",\"concess\u00f5es\",\"esgoto\",\"iESGo\",\"Minist\u00e9rio das Cidades\",\"Norma de Refer\u00eancia\",\"saneamento\",\"TCU\"],\"articleSection\":[\"Destaque lista\",\"Geral\",\"iNFRASaneamento\"],\"inLanguage\":\"pt-BR\",\"copyrightYear\":\"2024\",\"copyrightHolder\":{\"@id\":\"https:\/\/agenciainfra.com\/blog\/#organization\"}},{\"@type\":\"WebPage\",\"@id\":\"https:\/\/agenciainfra.com\/blog\/tcu-da-90-dias-de-prazo-para-regulacao-da-avaliacao-de-condicionantes-para-repasse-de-verba-para-saneamento\/\",\"url\":\"https:\/\/agenciainfra.com\/blog\/tcu-da-90-dias-de-prazo-para-regulacao-da-avaliacao-de-condicionantes-para-repasse-de-verba-para-saneamento\/\",\"name\":\"TCU d\u00e1 90 dias de prazo para regula\u00e7\u00e3o da avalia\u00e7\u00e3o de condicionantes para repasse de verba para saneamento - Ag\u00eancia iNFRA\",\"isPartOf\":{\"@id\":\"https:\/\/agenciainfra.com\/blog\/#website\"},\"primaryImageOfPage\":{\"@id\":\"https:\/\/agenciainfra.com\/blog\/tcu-da-90-dias-de-prazo-para-regulacao-da-avaliacao-de-condicionantes-para-repasse-de-verba-para-saneamento\/#primaryimage\"},\"image\":{\"@id\":\"https:\/\/agenciainfra.com\/blog\/tcu-da-90-dias-de-prazo-para-regulacao-da-avaliacao-de-condicionantes-para-repasse-de-verba-para-saneamento\/#primaryimage\"},\"thumbnailUrl\":\"https:\/\/agenciainfra.com\/blog\/wp-content\/uploads\/2019\/09\/saneamento-basico-foto-prefeitura-de-cariacica.jpg\",\"datePublished\":\"2024-09-27T10:00:00+00:00\",\"breadcrumb\":{\"@id\":\"https:\/\/agenciainfra.com\/blog\/tcu-da-90-dias-de-prazo-para-regulacao-da-avaliacao-de-condicionantes-para-repasse-de-verba-para-saneamento\/#breadcrumb\"},\"inLanguage\":\"pt-BR\",\"potentialAction\":[{\"@type\":\"ReadAction\",\"target\":[\"https:\/\/agenciainfra.com\/blog\/tcu-da-90-dias-de-prazo-para-regulacao-da-avaliacao-de-condicionantes-para-repasse-de-verba-para-saneamento\/\"]}]},{\"@type\":\"ImageObject\",\"inLanguage\":\"pt-BR\",\"@id\":\"https:\/\/agenciainfra.com\/blog\/tcu-da-90-dias-de-prazo-para-regulacao-da-avaliacao-de-condicionantes-para-repasse-de-verba-para-saneamento\/#primaryimage\",\"url\":\"https:\/\/agenciainfra.com\/blog\/wp-content\/uploads\/2019\/09\/saneamento-basico-foto-prefeitura-de-cariacica.jpg\",\"contentUrl\":\"https:\/\/agenciainfra.com\/blog\/wp-content\/uploads\/2019\/09\/saneamento-basico-foto-prefeitura-de-cariacica.jpg\",\"width\":1280,\"height\":960,\"caption\":\"Foto: Divulga\u00e7\u00e3o\/Prefeitura de Cariacica\"},{\"@type\":\"BreadcrumbList\",\"@id\":\"https:\/\/agenciainfra.com\/blog\/tcu-da-90-dias-de-prazo-para-regulacao-da-avaliacao-de-condicionantes-para-repasse-de-verba-para-saneamento\/#breadcrumb\",\"itemListElement\":[{\"@type\":\"ListItem\",\"position\":1,\"name\":\"In\u00edcio\",\"item\":\"https:\/\/agenciainfra.com\/blog\/\"},{\"@type\":\"ListItem\",\"position\":2,\"name\":\"TCU d\u00e1 90 dias de prazo para regula\u00e7\u00e3o da avalia\u00e7\u00e3o de condicionantes para repasse de verba para saneamento\"}]},{\"@type\":\"WebSite\",\"@id\":\"https:\/\/agenciainfra.com\/blog\/#website\",\"url\":\"https:\/\/agenciainfra.com\/blog\/\",\"name\":\"Ag\u00eancia iNFRA\",\"description\":\"Multiplataforma de informa\u00e7\u00e3o jornal\u00edstica refer\u00eancia na \u00e1rea de infraestrutura no Brasil!\",\"publisher\":{\"@id\":\"https:\/\/agenciainfra.com\/blog\/#organization\"},\"potentialAction\":[{\"@type\":\"SearchAction\",\"target\":{\"@type\":\"EntryPoint\",\"urlTemplate\":\"https:\/\/agenciainfra.com\/blog\/?s={search_term_string}\"},\"query-input\":{\"@type\":\"PropertyValueSpecification\",\"valueRequired\":true,\"valueName\":\"search_term_string\"}}],\"inLanguage\":\"pt-BR\"},{\"@type\":\"Organization\",\"@id\":\"https:\/\/agenciainfra.com\/blog\/#organization\",\"name\":\"Ag\u00eancia iNFRA\",\"url\":\"https:\/\/agenciainfra.com\/blog\/\",\"logo\":{\"@type\":\"ImageObject\",\"inLanguage\":\"pt-BR\",\"@id\":\"https:\/\/agenciainfra.com\/blog\/#\/schema\/logo\/image\/\",\"url\":\"https:\/\/agenciainfra.com\/blog\/wp-content\/uploads\/2023\/09\/iNFRA_5-e1761735885940.png\",\"contentUrl\":\"https:\/\/agenciainfra.com\/blog\/wp-content\/uploads\/2023\/09\/iNFRA_5-e1761735885940.png\",\"width\":1672,\"height\":454,\"caption\":\"Ag\u00eancia iNFRA\"},\"image\":{\"@id\":\"https:\/\/agenciainfra.com\/blog\/#\/schema\/logo\/image\/\"},\"sameAs\":[\"https:\/\/www.facebook.com\/ageninfra\",\"https:\/\/x.com\/agencia_infra\",\"https:\/\/www.linkedin.com\/company\/ag\u00eanciainfra\/\",\"https:\/\/www.instagram.com\/agenciainfra\/\"]},{\"@type\":\"Person\",\"@id\":\"https:\/\/agenciainfra.com\/blog\/#\/schema\/person\/34af08dff6adea4cb22b06612ba7acfa\",\"name\":\"Ag\u00eancia iNFRA\",\"image\":{\"@type\":\"ImageObject\",\"inLanguage\":\"pt-BR\",\"@id\":\"https:\/\/agenciainfra.com\/blog\/#\/schema\/person\/image\/\",\"url\":\"https:\/\/secure.gravatar.com\/avatar\/d189e01678f06d8eb84d4e01f08eb848b3fffe3f8443818d3c356c66892f5be8?s=96&d=mm&r=g\",\"contentUrl\":\"https:\/\/secure.gravatar.com\/avatar\/d189e01678f06d8eb84d4e01f08eb848b3fffe3f8443818d3c356c66892f5be8?s=96&d=mm&r=g\",\"caption\":\"Ag\u00eancia iNFRA\"},\"url\":\"https:\/\/agenciainfra.com\/blog\/author\/admin\/\"}]}<\/script>\n<!-- \/ Yoast SEO Premium plugin. -->","yoast_head_json":{"title":"TCU d\u00e1 90 dias de prazo para regula\u00e7\u00e3o da avalia\u00e7\u00e3o de condicionantes para repasse de verba para saneamento - Ag\u00eancia iNFRA","robots":{"index":"index","follow":"follow","max-snippet":"max-snippet:-1","max-image-preview":"max-image-preview:large","max-video-preview":"max-video-preview:-1"},"canonical":"https:\/\/agenciainfra.com\/blog\/tcu-da-90-dias-de-prazo-para-regulacao-da-avaliacao-de-condicionantes-para-repasse-de-verba-para-saneamento\/","og_locale":"pt_BR","og_type":"article","og_title":"TCU d\u00e1 90 dias de prazo para regula\u00e7\u00e3o da avalia\u00e7\u00e3o de condicionantes para repasse de verba para saneamento","og_description":"da Ag\u00eancia iNFRA O TCU (Tribunal de Contas da Uni\u00e3o) deu prazo de 90 dias para que o Minist\u00e9rio das Cidades \u201cestabele\u00e7a e institucionalize metodologia e procedimentos de avalia\u00e7\u00e3o das condicionantes de acesso a recursos federais para a\u00e7\u00f5es de saneamento b\u00e1sico\u201d para a presta\u00e7\u00e3o regionalizada. A norma ter\u00e1 que estabelecer as \u201cformas, momento e respons\u00e1veis [&hellip;]","og_url":"https:\/\/agenciainfra.com\/blog\/tcu-da-90-dias-de-prazo-para-regulacao-da-avaliacao-de-condicionantes-para-repasse-de-verba-para-saneamento\/","og_site_name":"Ag\u00eancia iNFRA","article_publisher":"https:\/\/www.facebook.com\/ageninfra","article_published_time":"2024-09-27T10:00:00+00:00","og_image":[{"width":1280,"height":960,"url":"https:\/\/agenciainfra.com\/blog\/wp-content\/uploads\/2019\/09\/saneamento-basico-foto-prefeitura-de-cariacica.jpg","type":"image\/jpeg"}],"author":"Ag\u00eancia iNFRA","twitter_card":"summary_large_image","twitter_creator":"@agencia_infra","twitter_site":"@agencia_infra","twitter_misc":{"Escrito por":"Ag\u00eancia iNFRA","Est. tempo de leitura":"4 minutos"},"schema":{"@context":"https:\/\/schema.org","@graph":[{"@type":"Article","@id":"https:\/\/agenciainfra.com\/blog\/tcu-da-90-dias-de-prazo-para-regulacao-da-avaliacao-de-condicionantes-para-repasse-de-verba-para-saneamento\/#article","isPartOf":{"@id":"https:\/\/agenciainfra.com\/blog\/tcu-da-90-dias-de-prazo-para-regulacao-da-avaliacao-de-condicionantes-para-repasse-de-verba-para-saneamento\/"},"author":{"name":"Ag\u00eancia iNFRA","@id":"https:\/\/agenciainfra.com\/blog\/#\/schema\/person\/34af08dff6adea4cb22b06612ba7acfa"},"headline":"TCU d\u00e1 90 dias de prazo para regula\u00e7\u00e3o da avalia\u00e7\u00e3o de condicionantes para repasse de verba para saneamento","datePublished":"2024-09-27T10:00:00+00:00","mainEntityOfPage":{"@id":"https:\/\/agenciainfra.com\/blog\/tcu-da-90-dias-de-prazo-para-regulacao-da-avaliacao-de-condicionantes-para-repasse-de-verba-para-saneamento\/"},"wordCount":779,"publisher":{"@id":"https:\/\/agenciainfra.com\/blog\/#organization"},"image":{"@id":"https:\/\/agenciainfra.com\/blog\/tcu-da-90-dias-de-prazo-para-regulacao-da-avaliacao-de-condicionantes-para-repasse-de-verba-para-saneamento\/#primaryimage"},"thumbnailUrl":"https:\/\/agenciainfra.com\/blog\/wp-content\/uploads\/2019\/09\/saneamento-basico-foto-prefeitura-de-cariacica.jpg","keywords":["Ag\u00eancia Nacional de \u00c1guas e Saneamento B\u00e1sico","\u00e1gua","ANA","concess\u00f5es","esgoto","iESGo","Minist\u00e9rio das Cidades","Norma de Refer\u00eancia","saneamento","TCU"],"articleSection":["Destaque lista","Geral","iNFRASaneamento"],"inLanguage":"pt-BR","copyrightYear":"2024","copyrightHolder":{"@id":"https:\/\/agenciainfra.com\/blog\/#organization"}},{"@type":"WebPage","@id":"https:\/\/agenciainfra.com\/blog\/tcu-da-90-dias-de-prazo-para-regulacao-da-avaliacao-de-condicionantes-para-repasse-de-verba-para-saneamento\/","url":"https:\/\/agenciainfra.com\/blog\/tcu-da-90-dias-de-prazo-para-regulacao-da-avaliacao-de-condicionantes-para-repasse-de-verba-para-saneamento\/","name":"TCU d\u00e1 90 dias de prazo para regula\u00e7\u00e3o da avalia\u00e7\u00e3o de condicionantes para repasse de verba para saneamento - Ag\u00eancia iNFRA","isPartOf":{"@id":"https:\/\/agenciainfra.com\/blog\/#website"},"primaryImageOfPage":{"@id":"https:\/\/agenciainfra.com\/blog\/tcu-da-90-dias-de-prazo-para-regulacao-da-avaliacao-de-condicionantes-para-repasse-de-verba-para-saneamento\/#primaryimage"},"image":{"@id":"https:\/\/agenciainfra.com\/blog\/tcu-da-90-dias-de-prazo-para-regulacao-da-avaliacao-de-condicionantes-para-repasse-de-verba-para-saneamento\/#primaryimage"},"thumbnailUrl":"https:\/\/agenciainfra.com\/blog\/wp-content\/uploads\/2019\/09\/saneamento-basico-foto-prefeitura-de-cariacica.jpg","datePublished":"2024-09-27T10:00:00+00:00","breadcrumb":{"@id":"https:\/\/agenciainfra.com\/blog\/tcu-da-90-dias-de-prazo-para-regulacao-da-avaliacao-de-condicionantes-para-repasse-de-verba-para-saneamento\/#breadcrumb"},"inLanguage":"pt-BR","potentialAction":[{"@type":"ReadAction","target":["https:\/\/agenciainfra.com\/blog\/tcu-da-90-dias-de-prazo-para-regulacao-da-avaliacao-de-condicionantes-para-repasse-de-verba-para-saneamento\/"]}]},{"@type":"ImageObject","inLanguage":"pt-BR","@id":"https:\/\/agenciainfra.com\/blog\/tcu-da-90-dias-de-prazo-para-regulacao-da-avaliacao-de-condicionantes-para-repasse-de-verba-para-saneamento\/#primaryimage","url":"https:\/\/agenciainfra.com\/blog\/wp-content\/uploads\/2019\/09\/saneamento-basico-foto-prefeitura-de-cariacica.jpg","contentUrl":"https:\/\/agenciainfra.com\/blog\/wp-content\/uploads\/2019\/09\/saneamento-basico-foto-prefeitura-de-cariacica.jpg","width":1280,"height":960,"caption":"Foto: Divulga\u00e7\u00e3o\/Prefeitura de Cariacica"},{"@type":"BreadcrumbList","@id":"https:\/\/agenciainfra.com\/blog\/tcu-da-90-dias-de-prazo-para-regulacao-da-avaliacao-de-condicionantes-para-repasse-de-verba-para-saneamento\/#breadcrumb","itemListElement":[{"@type":"ListItem","position":1,"name":"In\u00edcio","item":"https:\/\/agenciainfra.com\/blog\/"},{"@type":"ListItem","position":2,"name":"TCU d\u00e1 90 dias de prazo para regula\u00e7\u00e3o da avalia\u00e7\u00e3o de condicionantes para repasse de verba para saneamento"}]},{"@type":"WebSite","@id":"https:\/\/agenciainfra.com\/blog\/#website","url":"https:\/\/agenciainfra.com\/blog\/","name":"Ag\u00eancia iNFRA","description":"Multiplataforma de informa\u00e7\u00e3o jornal\u00edstica refer\u00eancia na \u00e1rea de infraestrutura no Brasil!","publisher":{"@id":"https:\/\/agenciainfra.com\/blog\/#organization"},"potentialAction":[{"@type":"SearchAction","target":{"@type":"EntryPoint","urlTemplate":"https:\/\/agenciainfra.com\/blog\/?s={search_term_string}"},"query-input":{"@type":"PropertyValueSpecification","valueRequired":true,"valueName":"search_term_string"}}],"inLanguage":"pt-BR"},{"@type":"Organization","@id":"https:\/\/agenciainfra.com\/blog\/#organization","name":"Ag\u00eancia iNFRA","url":"https:\/\/agenciainfra.com\/blog\/","logo":{"@type":"ImageObject","inLanguage":"pt-BR","@id":"https:\/\/agenciainfra.com\/blog\/#\/schema\/logo\/image\/","url":"https:\/\/agenciainfra.com\/blog\/wp-content\/uploads\/2023\/09\/iNFRA_5-e1761735885940.png","contentUrl":"https:\/\/agenciainfra.com\/blog\/wp-content\/uploads\/2023\/09\/iNFRA_5-e1761735885940.png","width":1672,"height":454,"caption":"Ag\u00eancia iNFRA"},"image":{"@id":"https:\/\/agenciainfra.com\/blog\/#\/schema\/logo\/image\/"},"sameAs":["https:\/\/www.facebook.com\/ageninfra","https:\/\/x.com\/agencia_infra","https:\/\/www.linkedin.com\/company\/ag\u00eanciainfra\/","https:\/\/www.instagram.com\/agenciainfra\/"]},{"@type":"Person","@id":"https:\/\/agenciainfra.com\/blog\/#\/schema\/person\/34af08dff6adea4cb22b06612ba7acfa","name":"Ag\u00eancia iNFRA","image":{"@type":"ImageObject","inLanguage":"pt-BR","@id":"https:\/\/agenciainfra.com\/blog\/#\/schema\/person\/image\/","url":"https:\/\/secure.gravatar.com\/avatar\/d189e01678f06d8eb84d4e01f08eb848b3fffe3f8443818d3c356c66892f5be8?s=96&d=mm&r=g","contentUrl":"https:\/\/secure.gravatar.com\/avatar\/d189e01678f06d8eb84d4e01f08eb848b3fffe3f8443818d3c356c66892f5be8?s=96&d=mm&r=g","caption":"Ag\u00eancia iNFRA"},"url":"https:\/\/agenciainfra.com\/blog\/author\/admin\/"}]}},"_links":{"self":[{"href":"https:\/\/agenciainfra.com\/blog\/wp-json\/wp\/v2\/posts\/18658","targetHints":{"allow":["GET"]}}],"collection":[{"href":"https:\/\/agenciainfra.com\/blog\/wp-json\/wp\/v2\/posts"}],"about":[{"href":"https:\/\/agenciainfra.com\/blog\/wp-json\/wp\/v2\/types\/post"}],"author":[{"embeddable":true,"href":"https:\/\/agenciainfra.com\/blog\/wp-json\/wp\/v2\/users\/1"}],"replies":[{"embeddable":true,"href":"https:\/\/agenciainfra.com\/blog\/wp-json\/wp\/v2\/comments?post=18658"}],"version-history":[{"count":2,"href":"https:\/\/agenciainfra.com\/blog\/wp-json\/wp\/v2\/posts\/18658\/revisions"}],"predecessor-version":[{"id":18667,"href":"https:\/\/agenciainfra.com\/blog\/wp-json\/wp\/v2\/posts\/18658\/revisions\/18667"}],"wp:featuredmedia":[{"embeddable":true,"href":"https:\/\/agenciainfra.com\/blog\/wp-json\/wp\/v2\/media\/3733"}],"wp:attachment":[{"href":"https:\/\/agenciainfra.com\/blog\/wp-json\/wp\/v2\/media?parent=18658"}],"wp:term":[{"taxonomy":"category","embeddable":true,"href":"https:\/\/agenciainfra.com\/blog\/wp-json\/wp\/v2\/categories?post=18658"},{"taxonomy":"post_tag","embeddable":true,"href":"https:\/\/agenciainfra.com\/blog\/wp-json\/wp\/v2\/tags?post=18658"}],"curies":[{"name":"wp","href":"https:\/\/api.w.org\/{rel}","templated":true}]}}