{"id":18680,"date":"2024-09-30T10:00:00","date_gmt":"2024-09-30T13:00:00","guid":{"rendered":"https:\/\/agenciainfra.com\/blog\/?p=18680"},"modified":"2024-10-02T11:58:07","modified_gmt":"2024-10-02T14:58:07","slug":"intercambio-de-energia-entre-o-norte-nordeste-e-sudeste-aumenta-neste-mes-diz-diretor-geral-do-ons","status":"publish","type":"post","link":"https:\/\/agenciainfra.com\/blog\/intercambio-de-energia-entre-o-norte-nordeste-e-sudeste-aumenta-neste-mes-diz-diretor-geral-do-ons\/","title":{"rendered":"Interc\u00e2mbio de energia entre o Norte, Nordeste e Sudeste aumenta neste m\u00eas, diz diretor-geral do ONS"},"content":{"rendered":"\n<p class=\"has-text-align-right\"><strong>Marisa Wanzeller e Leila Coimbra, da\u00a0Ag\u00eancia iNFRA<\/strong><\/p>\n\n\n\n<p>Diretor-geral do ONS (Operador Nacional do Sistema El\u00e9trico) desde 17 de maio deste ano, Marcio Rea assumiu a posi\u00e7\u00e3o em meio a maior seca hist\u00f3rica do pa\u00eds. Em entrevista \u00e0&nbsp;<strong>Ag\u00eancia iNFRA<\/strong>, ele fala sobre os desafios no atendimento \u00e0 ponta, o hor\u00e1rio de ver\u00e3o, o uso de baterias e o&nbsp;programa de resposta de demanda, dentre outros assuntos.<br><br>Segundo Rea, apesar de n\u00e3o haver risco de falta de energia, o operador trabalha em medidas adicionais que se tornam cada vez mais importantes para garantir o suprimento energ\u00e9tico do SIN (Sistema Interligado Nacional).<br><br>Dentre elas, o aumento do interc\u00e2mbio entre as regi\u00f5es Nordeste e Norte, de 4,8 mil MW megawatts para 6,2 mil MW, e do Nordeste para o Sudeste,&nbsp;de 11,6 mil MW para 13 mil MW<br><br>O diretor-geral do ONS explica que os meses de setembro a dezembro ser\u00e3o os mais desafiadores para o atendimento \u00e0 ponta e ainda n\u00e3o \u00e9 poss\u00edvel prever qual ser\u00e1 o comportamento das chuvas.<br><br>\u201cOs modelos de previs\u00e3o ainda n\u00e3o apontam um cen\u00e1rio preciso sobre as quest\u00f5es das chuvas no pr\u00f3ximo per\u00edodo \u00famido. H\u00e1 um consenso que outubro ainda deve ser um m\u00eas com chuva abaixo da m\u00e9dia&#8221;, afirmou. &#8220;Sobre 2025, estamos identificando um conjunto de medidas operativas para garantir o atendimento mesmo no pior cen\u00e1rio dos estudos prospectivos&#8221;.&nbsp; Leia a entrevista:<br><br><strong>Ag\u00eancia iNFRA \u2013 Quais as prioridades na sua gest\u00e3o? J\u00e1 foram identificadas?<\/strong><br><strong>Marcio Rea \u2013<\/strong>&nbsp;Identifiquei que a gente precisa garantir a seguran\u00e7a energ\u00e9tica do sistema. Ent\u00e3o, a gente vai dar continuidade ao trabalho de excel\u00eancia que os profissionais, nesses 26 anos de exist\u00eancia, fazem.<br><br>Preparar o ONS para a transi\u00e7\u00e3o energ\u00e9tica, isso \u00e9 muito importante, em parceria com o ministro [de Minas e Energia], Alexandre Silveira. A gente entende que essa \u00e9 uma agenda imprescind\u00edvel para o Brasil, uma agenda global.<br><br>O di\u00e1logo com as institui\u00e7\u00f5es, com as entidades do setor el\u00e9trico tamb\u00e9m \u00e9 uma das minhas prioridades. Eu quero marcar na minha gest\u00e3o o di\u00e1logo, a gente tem que ter sempre, a gente tem que estar aberto para os agentes, para o setor. Ter um alinhamento com poder concedente e com o \u00f3rg\u00e3o regulador \u00e9 muito importante tamb\u00e9m.<br><br><strong>Quais os maiores desafios que o ONS tem enfrentado para a opera\u00e7\u00e3o do sistema nesse momento?<\/strong><br>&nbsp;Em termos de atendimento energ\u00e9tico, embora estejamos enfrentando um per\u00edodo seco bastante rigoroso, n\u00e3o h\u00e1 sinaliza\u00e7\u00e3o de risco de falta de energia, [quero] deixar isso bem claro. O que estamos enfrentando atualmente s\u00e3o grandes desafios no atendimento \u00e0 ponta de carga, principalmente no per\u00edodo noturno.<\/p>\n\n\n\n<p>Nos dias de calor intenso, com baixa contribui\u00e7\u00e3o de gera\u00e7\u00e3o e\u00f3lica, nesses dias a gente tem a necessidade de dispor de outros recursos, inclusive gera\u00e7\u00e3o t\u00e9rmica. N\u00f3s mostramos no CMSE [Comit\u00ea de Monitoramento do Setor El\u00e9trico] que setembro a dezembro desse ano ser\u00e3o os meses mais desafiadores para o atendimento de ponta noturna, porque a ponta mudou. A ponta come\u00e7ava \u00e0s 17h, \u00e0s 16h, hoje a ponta em si ela come\u00e7a \u00e0s 18h e vai at\u00e9 20h, 22h \u00e0s vezes.<br><br>Esse \u00e9 um problema novo que a gente vem enfrentando. Uma nova avalia\u00e7\u00e3o para a gente fazer dentro do ONS, \u00e9 que o per\u00edodo mais cr\u00edtico est\u00e1 entre 18h e 22h, para ter uma ideia da mudan\u00e7a que a gente teve.<br><br>Ent\u00e3o, de uma forma geral, o ONS tem lidado em diversos momentos com as adversidades clim\u00e1ticas. No in\u00edcio do ano tivemos as cheias do Rio Grande do Sul, quando tivemos de operar o sistema com diversas restri\u00e7\u00f5es, seja na quest\u00e3o de gera\u00e7\u00e3o, seja na quest\u00e3o de linha de transmiss\u00e3o. Passando essa fase, n\u00f3s estamos com a seca severa no Nordeste do pa\u00eds, e as queimadas que vem atrapalhando e dificultando muito, o que tamb\u00e9m traz desafios.<br><br>Essa realidade de extremos clim\u00e1ticos est\u00e1 cada vez mais presente no dia a dia da opera\u00e7\u00e3o, \u00e9 uma coisa que a gente lida diariamente. \u00c9 uma quest\u00e3o complicada, estamos caminhando, tentando se adaptar aos efeitos clim\u00e1ticos. Daqui para frente vai ser cada vez mais complicado, enquanto o mundo n\u00e3o mudar a maneira de agir, a maneira de cuidar do planeta, a gente vai ter muito problema.<br><br><strong>Neste m\u00eas, o CMSE reconheceu a import\u00e2ncia da volta do hor\u00e1rio de ver\u00e3o para a opera\u00e7\u00e3o do sistema, baseado em um estudo apresentado pelo ONS. Ser\u00e1 prejudicial para o sistema caso o governo opte por n\u00e3o decretar hor\u00e1rio de ver\u00e3o?<\/strong><br>Ent\u00e3o, do ponto de vista do setor el\u00e9trico, no desafio de atendimento de ponta, de escassez h\u00eddrica nas principais bacias, no Nordeste, no Sudeste, fazem com que as medidas adicionais como hor\u00e1rio de ver\u00e3o se tornem cada vez mais importantes, ganhem destaque e relev\u00e2ncia.<br><br>Eu entendo que a ado\u00e7\u00e3o do hor\u00e1rio de ver\u00e3o poder\u00e1 trazer uma redu\u00e7\u00e3o boa de at\u00e9 2,9% dessa demanda e podemos ter at\u00e9 um ganho econ\u00f4mico na ordem de R$ 400 milh\u00f5es. Como \u00e9 que a gente est\u00e1 hoje? O hor\u00e1rio de ver\u00e3o \u00e9 uma decis\u00e3o do Poder Executivo. O ministro Alexandre Silveira tem os estudos para avaliar essa quest\u00e3o. Estamos aguardando o resultado dessa avalia\u00e7\u00e3o, mas \u00e9 fundamental a gente ver a necessidade do hor\u00e1rio de ver\u00e3o.<br><br><strong>Como uma alternativa para garantir o atendimento da ponta, o operador disp\u00f5e do programa de resposta da demanda. Em que p\u00e9 isso est\u00e1 sendo tratado?<\/strong><br>O programa de resposta da demanda vem no intuito de aumentar a flexibilidade operativa do Sistema Interligado Nacional, sendo mais um recurso que o ONS tem, e representa uma redu\u00e7\u00e3o de custo de opera\u00e7\u00e3o que vai substituir a parcela do despacho t\u00e9rmico.<br><br>Agora, estamos recebendo as ofertas no per\u00edodo de uma semana. Recentemente a ANEEL [Ag\u00eancia Nacional de Energia El\u00e9trica] aprovou o mecanismo competitivo de resposta de demanda e o ONS est\u00e1 trabalhando agora para viabilizar as ofertas nessa nova modalidade. Ent\u00e3o, eu acho que vamos avan\u00e7ar bastante nessa \u00e1rea.<br><br><strong>Em rela\u00e7\u00e3o ao despacho de t\u00e9rmicas na ponta, o parque instalado atual \u00e9 suficiente para atender a demanda?<\/strong><br>Sim, ele \u00e9 suficiente. O parque atual est\u00e1 dimensionado corretamente e \u00e9 capaz de atender a demanda de ponta de carga. O planejamento de longo prazo do setor el\u00e9trico \u00e9 feito pela EPE [Empresa de Pesquisa Energ\u00e9tica], que est\u00e1 atenta \u00e0s demandas futuras, tanto que o setor est\u00e1 discutindo as bases de um novo leil\u00e3o de reserva de capacidade. Ent\u00e3o, eu n\u00e3o tenho nenhuma d\u00favida, a gente atende sim. O nosso parque t\u00e9rmico \u00e9 robusto, \u00e9 muito bem elaborado.<br><br><strong>Sobre o Norte do pa\u00eds, a Eletrobras realizou uma obra a fim de permitir a opera\u00e7\u00e3o de Jirau sozinha, sem a gera\u00e7\u00e3o de Santo Ant\u00f4nio. A obra j\u00e1 foi conclu\u00edda? Ela se mostra suficiente para essa opera\u00e7\u00e3o?<\/strong><br>As altera\u00e7\u00f5es necess\u00e1rias j\u00e1 foram realizadas pela Eletrobras e j\u00e1 est\u00e3o em funcionamento. Acompanhamos esse trabalho de perto, fizemos v\u00e1rias reuni\u00f5es na Eletrobras e aqui no ONS. Essas medidas foram importantes para aumentar a resili\u00eancia do sistema de transmiss\u00e3o. Por exemplo, nessa semana [passada] ocorreu a perda de quatro circuitos 230 kV [quilovolt] que atende o Acre e Rond\u00f4nia, e n\u00e3o houve qualquer consequ\u00eancia para o consumidor. Ent\u00e3o, j\u00e1 foi um teste que mostrou a efici\u00eancia do trabalho que foi desenvolvido.<br><br>Sob o ponto de vista el\u00e9trico, esse conjunto de medidas j\u00e1 permite a opera\u00e7\u00e3o de Jirau sozinha sem a gera\u00e7\u00e3o de Santo Ant\u00f4nio, caso as condi\u00e7\u00f5es h\u00eddricas se agravem. Se a seca chegar ao ponto de eu ter que desligar Santo Ant\u00f4nio, Jirau vai poder operar sozinha. Foi um excelente trabalho em conjunto a\u00ed do Minist\u00e9rio, do ONS e da Eletrobras.<br><br><strong>Ap\u00f3s o apag\u00e3o em agosto do ano passado, o ONS optou por operar o sistema de forma mais conservadora. A opera\u00e7\u00e3o se mant\u00e9m assim? Quais os dados atuais de interc\u00e2mbio de energia entre as regi\u00f5es?<\/strong><br>Na realidade, a ocorr\u00eancia de agosto de 2023 revelou que a modelagem de gera\u00e7\u00e3o declarada por algumas usinas e\u00f3licas e fotovoltaicas n\u00e3o estava coerente com a implementa\u00e7\u00e3o em campo. \u00c9 justamente essa modelagem que proporciona a realiza\u00e7\u00e3o dos estudos para o planejamento da programa\u00e7\u00e3o e opera\u00e7\u00e3o do sistema. O ONS ajustou os modelos dessas usinas de forma que possa existir uma melhor coer\u00eancia com o comportamento observado e a referida ocorr\u00eancia.<br><br>Portanto, o que a gente entende \u00e9 que n\u00e3o \u00e9 correto dizer que se trata de uma opera\u00e7\u00e3o mais conservadora, mas sim de uma opera\u00e7\u00e3o mais aderente \u00e0 realidade observada em campo, no dia a dia.<br><br>\u00c9 importante tamb\u00e9m considerar a expans\u00e3o do sistema de transmiss\u00e3o que vem sendo estimulada por meio dos bem-sucedidos leil\u00f5es realizados nos \u00faltimos anos. \u00c0 medida em que esses empreendimentos forem entregues, teremos mais infraestrutura para um aproveitamento ainda maior das fontes renov\u00e1veis.<br><br>Al\u00e9m disso, ainda para este m\u00eas de setembro, est\u00e1 prevista a entrada de opera\u00e7\u00e3o da linha de transmiss\u00e3o de 500 kV Jaguaruana II \u2013 Pacatuba. Isto aumentar\u00e1 a capacidade de transfer\u00eancia da regi\u00e3o Nordeste para a regi\u00e3o Norte de 4,8 mil MW [megawatts] para 6,2 mil MW. Al\u00e9m disso, a exporta\u00e7\u00e3o total da regi\u00e3o Nordeste passar\u00e1 de 11,6 mil MW para 13 mil MW, retornando aos n\u00edveis de interliga\u00e7\u00e3o observados antes do evento de 15 de agosto de 2023.<br><br>Um outro ponto de restri\u00e7\u00e3o de gera\u00e7\u00e3o \u00e9 que o SIN s\u00f3 pode entregar a gera\u00e7\u00e3o demandada pelo consumo de carga da sociedade. A oferta da gera\u00e7\u00e3o cresceu de uma forma muito mais acelerada do que a carga. Ent\u00e3o, \u00e9 uma quest\u00e3o f\u00edsica. N\u00e3o \u00e9 poss\u00edvel consumir uma gera\u00e7\u00e3o que n\u00e3o \u00e9 demandada pela sociedade. Futuramente, quando tiver a quest\u00e3o de baterias, pode ser uma alternativa para armazenar essa energia gerada excedente.<br><br><strong>E h\u00e1 expectativa quanto \u00e0 inser\u00e7\u00e3o das baterias no sistema?<\/strong><br>Conforme anunciado recentemente, esse tema vem sendo estudado no setor, capitaneado pelo ministro Alexandre. A inser\u00e7\u00e3o de diferentes recursos vem no sentido de cada vez mais incorporar flexibilidade operativa para o sistema.<br><br>Sobre a bateria, a gente j\u00e1 tem alguns estudos organizados pelo minist\u00e9rio, quem cuida disso \u00e9 a \u00e1rea do secret\u00e1rio de Transi\u00e7\u00e3o Energ\u00e9tica e Planejamento, Thiago Barral.<br><br>Futuramente, o MME vai lan\u00e7ar alguma esp\u00e9cie de leil\u00e3o para ser um piloto, para a gente ver como \u00e9 que isso vai se adaptar no Brasil. Porque a gente sabe que a quest\u00e3o da bateria, ainda tem algumas d\u00favidas no mundo. Na Europa, por exemplo, existem algumas d\u00favidas quanto ao armazenamento, quanto ao valor disso.<br><br><strong>Em setembro houve uma corre\u00e7\u00e3o da bandeira tarif\u00e1ria acionada pela ANEEL de Vermelha patamar 2 para vermelha patamar 1. O que houve? Como est\u00e1 esse processo?<\/strong><br>No dia 11 de setembro, o ONS recebeu os t\u00e9cnicos da ANEEL para o processo de fiscaliza\u00e7\u00e3o, sendo esclarecidas nessa ocasi\u00e3o as d\u00favidas trazidas pela ag\u00eancia. O fato ocorrido foi uma inconsist\u00eancia espec\u00edfica que n\u00f3s tivemos, sendo feito um ajuste pontual necess\u00e1rio imediatamente. Ent\u00e3o, resumidamente \u00e9 isso. Foi um ajuste, foi corrigido.<br><br><strong>Quais s\u00e3o as perspectivas para o ano que vem em termos de reservat\u00f3rios e aflu\u00eancias? j\u00e1 existe uma perspectiva se o pr\u00f3ximo per\u00edodo \u00famido ter\u00e1 chuvas abundantes? Caso contr\u00e1rio, a opera\u00e7\u00e3o em 2025 pode ficar mais complicada?<\/strong><br>Os modelos de previs\u00e3o ainda n\u00e3o apontam um cen\u00e1rio preciso sobre as quest\u00f5es das chuvas no pr\u00f3ximo per\u00edodo \u00famido. H\u00e1 um consenso que outubro ainda deve ser um m\u00eas com chuva abaixo da m\u00e9dia. Isso \u00e9 muito complicado, mas \u00e9 o que a gente tem por enquanto.<br><br>Sobre a opera\u00e7\u00e3o de 2025, estamos identificando um conjunto de medidas operativas para garantir o atendimento mesmo no pior cen\u00e1rio dos estudos prospectivos. O que a gente faz aqui, no estudo prospectivo que a gente tem? A gente sempre trabalha com uma gordura. Se piorar, temos um bom plano de conting\u00eancia, que estamos sempre atualizando.<br><br>Hoje eu posso dizer, a minha maior miss\u00e3o que eu tive aqui quando eu fui convidado pelo ministro para assumir o ONS foi ter um sistema robusto, resiliente, e que desse toda a confian\u00e7a e estabilidade para os brasileiros.<\/p>\n","protected":false},"excerpt":{"rendered":"<p>Marisa Wanzeller e Leila Coimbra, da\u00a0Ag\u00eancia iNFRA Diretor-geral do ONS (Operador Nacional do Sistema El\u00e9trico) desde 17 de maio deste ano, Marcio Rea assumiu a posi\u00e7\u00e3o em meio a maior seca hist\u00f3rica do pa\u00eds. Em entrevista \u00e0&nbsp;Ag\u00eancia iNFRA, ele fala sobre os desafios no atendimento \u00e0 ponta, o hor\u00e1rio de ver\u00e3o, o uso de baterias [&hellip;]<\/p>\n","protected":false},"author":1,"featured_media":18691,"comment_status":"closed","ping_status":"closed","sticky":false,"template":"","format":"standard","meta":{"_monsterinsights_skip_tracking":false,"_monsterinsights_sitenote_active":false,"_monsterinsights_sitenote_note":"","_monsterinsights_sitenote_category":0,"footnotes":""},"categories":[9714,1,10],"tags":[282,11484,8391,1984,9635,7366,216,3360],"class_list":["post-18680","post","type-post","status-publish","format-standard","has-post-thumbnail","hentry","category-destaque-menor","category-geral","category-infraenergia","tag-energia-eletrica","tag-horario-de-verao","tag-intercambio-de-energia","tag-leila-coimbra","tag-marcio-rea","tag-marisa-wanzeller","tag-ons","tag-sin"],"yoast_head":"<!-- This site is optimized with the Yoast SEO Premium plugin v25.4 (Yoast SEO v26.0) - https:\/\/yoast.com\/wordpress\/plugins\/seo\/ -->\n<title>Interc\u00e2mbio de energia entre o Norte, Nordeste e Sudeste aumenta neste m\u00eas, diz diretor-geral do ONS - Ag\u00eancia iNFRA<\/title>\n<meta name=\"robots\" content=\"index, follow, max-snippet:-1, max-image-preview:large, max-video-preview:-1\" \/>\n<link rel=\"canonical\" href=\"https:\/\/agenciainfra.com\/blog\/intercambio-de-energia-entre-o-norte-nordeste-e-sudeste-aumenta-neste-mes-diz-diretor-geral-do-ons\/\" \/>\n<meta property=\"og:locale\" content=\"pt_BR\" \/>\n<meta property=\"og:type\" content=\"article\" \/>\n<meta property=\"og:title\" content=\"Interc\u00e2mbio de energia entre o Norte, Nordeste e Sudeste aumenta neste m\u00eas, diz diretor-geral do ONS\" \/>\n<meta property=\"og:description\" content=\"Marisa Wanzeller e Leila Coimbra, da\u00a0Ag\u00eancia iNFRA Diretor-geral do ONS (Operador Nacional do Sistema El\u00e9trico) desde 17 de maio deste ano, Marcio Rea assumiu a posi\u00e7\u00e3o em meio a maior seca hist\u00f3rica do pa\u00eds. Em entrevista \u00e0&nbsp;Ag\u00eancia iNFRA, ele fala sobre os desafios no atendimento \u00e0 ponta, o hor\u00e1rio de ver\u00e3o, o uso de baterias [&hellip;]\" \/>\n<meta property=\"og:url\" content=\"https:\/\/agenciainfra.com\/blog\/intercambio-de-energia-entre-o-norte-nordeste-e-sudeste-aumenta-neste-mes-diz-diretor-geral-do-ons\/\" \/>\n<meta property=\"og:site_name\" content=\"Ag\u00eancia iNFRA\" \/>\n<meta property=\"article:publisher\" content=\"https:\/\/www.facebook.com\/ageninfra\" \/>\n<meta property=\"article:published_time\" content=\"2024-09-30T13:00:00+00:00\" \/>\n<meta property=\"article:modified_time\" content=\"2024-10-02T14:58:07+00:00\" \/>\n<meta property=\"og:image\" content=\"https:\/\/agenciainfra.com\/blog\/wp-content\/uploads\/2024\/09\/marcio-rea-foto-divulgacao-e1727715858577.jpeg\" \/>\n\t<meta property=\"og:image:width\" content=\"1066\" \/>\n\t<meta property=\"og:image:height\" content=\"861\" \/>\n\t<meta property=\"og:image:type\" content=\"image\/jpeg\" \/>\n<meta name=\"author\" content=\"Ag\u00eancia iNFRA\" \/>\n<meta name=\"twitter:card\" content=\"summary_large_image\" \/>\n<meta name=\"twitter:creator\" content=\"@agencia_infra\" \/>\n<meta name=\"twitter:site\" content=\"@agencia_infra\" \/>\n<meta name=\"twitter:label1\" content=\"Escrito por\" \/>\n\t<meta name=\"twitter:data1\" content=\"Ag\u00eancia iNFRA\" \/>\n\t<meta name=\"twitter:label2\" content=\"Est. tempo de leitura\" \/>\n\t<meta name=\"twitter:data2\" content=\"11 minutos\" \/>\n<script type=\"application\/ld+json\" class=\"yoast-schema-graph\">{\"@context\":\"https:\/\/schema.org\",\"@graph\":[{\"@type\":\"Article\",\"@id\":\"https:\/\/agenciainfra.com\/blog\/intercambio-de-energia-entre-o-norte-nordeste-e-sudeste-aumenta-neste-mes-diz-diretor-geral-do-ons\/#article\",\"isPartOf\":{\"@id\":\"https:\/\/agenciainfra.com\/blog\/intercambio-de-energia-entre-o-norte-nordeste-e-sudeste-aumenta-neste-mes-diz-diretor-geral-do-ons\/\"},\"author\":{\"name\":\"Ag\u00eancia iNFRA\",\"@id\":\"https:\/\/agenciainfra.com\/blog\/#\/schema\/person\/34af08dff6adea4cb22b06612ba7acfa\"},\"headline\":\"Interc\u00e2mbio de energia entre o Norte, Nordeste e Sudeste aumenta neste m\u00eas, diz diretor-geral do ONS\",\"datePublished\":\"2024-09-30T13:00:00+00:00\",\"dateModified\":\"2024-10-02T14:58:07+00:00\",\"mainEntityOfPage\":{\"@id\":\"https:\/\/agenciainfra.com\/blog\/intercambio-de-energia-entre-o-norte-nordeste-e-sudeste-aumenta-neste-mes-diz-diretor-geral-do-ons\/\"},\"wordCount\":2161,\"publisher\":{\"@id\":\"https:\/\/agenciainfra.com\/blog\/#organization\"},\"image\":{\"@id\":\"https:\/\/agenciainfra.com\/blog\/intercambio-de-energia-entre-o-norte-nordeste-e-sudeste-aumenta-neste-mes-diz-diretor-geral-do-ons\/#primaryimage\"},\"thumbnailUrl\":\"https:\/\/agenciainfra.com\/blog\/wp-content\/uploads\/2024\/09\/marcio-rea-foto-divulgacao-e1747387655881.jpeg\",\"keywords\":[\"energia el\u00e9trica\",\"hor\u00e1rio de ver\u00e3o\",\"Interc\u00e2mbio de Energia\",\"Leila Coimbra\",\"M\u00e1rcio Rea\",\"Marisa Wanzeller\",\"ONS\",\"SIN\"],\"articleSection\":[\"Destaque Menor\",\"Geral\",\"iNFRAEnergia\"],\"inLanguage\":\"pt-BR\",\"copyrightYear\":\"2024\",\"copyrightHolder\":{\"@id\":\"https:\/\/agenciainfra.com\/blog\/#organization\"}},{\"@type\":\"WebPage\",\"@id\":\"https:\/\/agenciainfra.com\/blog\/intercambio-de-energia-entre-o-norte-nordeste-e-sudeste-aumenta-neste-mes-diz-diretor-geral-do-ons\/\",\"url\":\"https:\/\/agenciainfra.com\/blog\/intercambio-de-energia-entre-o-norte-nordeste-e-sudeste-aumenta-neste-mes-diz-diretor-geral-do-ons\/\",\"name\":\"Interc\u00e2mbio de energia entre o Norte, Nordeste e Sudeste aumenta neste m\u00eas, diz diretor-geral do ONS - Ag\u00eancia iNFRA\",\"isPartOf\":{\"@id\":\"https:\/\/agenciainfra.com\/blog\/#website\"},\"primaryImageOfPage\":{\"@id\":\"https:\/\/agenciainfra.com\/blog\/intercambio-de-energia-entre-o-norte-nordeste-e-sudeste-aumenta-neste-mes-diz-diretor-geral-do-ons\/#primaryimage\"},\"image\":{\"@id\":\"https:\/\/agenciainfra.com\/blog\/intercambio-de-energia-entre-o-norte-nordeste-e-sudeste-aumenta-neste-mes-diz-diretor-geral-do-ons\/#primaryimage\"},\"thumbnailUrl\":\"https:\/\/agenciainfra.com\/blog\/wp-content\/uploads\/2024\/09\/marcio-rea-foto-divulgacao-e1747387655881.jpeg\",\"datePublished\":\"2024-09-30T13:00:00+00:00\",\"dateModified\":\"2024-10-02T14:58:07+00:00\",\"breadcrumb\":{\"@id\":\"https:\/\/agenciainfra.com\/blog\/intercambio-de-energia-entre-o-norte-nordeste-e-sudeste-aumenta-neste-mes-diz-diretor-geral-do-ons\/#breadcrumb\"},\"inLanguage\":\"pt-BR\",\"potentialAction\":[{\"@type\":\"ReadAction\",\"target\":[\"https:\/\/agenciainfra.com\/blog\/intercambio-de-energia-entre-o-norte-nordeste-e-sudeste-aumenta-neste-mes-diz-diretor-geral-do-ons\/\"]}]},{\"@type\":\"ImageObject\",\"inLanguage\":\"pt-BR\",\"@id\":\"https:\/\/agenciainfra.com\/blog\/intercambio-de-energia-entre-o-norte-nordeste-e-sudeste-aumenta-neste-mes-diz-diretor-geral-do-ons\/#primaryimage\",\"url\":\"https:\/\/agenciainfra.com\/blog\/wp-content\/uploads\/2024\/09\/marcio-rea-foto-divulgacao-e1747387655881.jpeg\",\"contentUrl\":\"https:\/\/agenciainfra.com\/blog\/wp-content\/uploads\/2024\/09\/marcio-rea-foto-divulgacao-e1747387655881.jpeg\",\"width\":1066,\"height\":737},{\"@type\":\"BreadcrumbList\",\"@id\":\"https:\/\/agenciainfra.com\/blog\/intercambio-de-energia-entre-o-norte-nordeste-e-sudeste-aumenta-neste-mes-diz-diretor-geral-do-ons\/#breadcrumb\",\"itemListElement\":[{\"@type\":\"ListItem\",\"position\":1,\"name\":\"In\u00edcio\",\"item\":\"https:\/\/agenciainfra.com\/blog\/\"},{\"@type\":\"ListItem\",\"position\":2,\"name\":\"Interc\u00e2mbio de energia entre o Norte, Nordeste e Sudeste aumenta neste m\u00eas, diz diretor-geral do ONS\"}]},{\"@type\":\"WebSite\",\"@id\":\"https:\/\/agenciainfra.com\/blog\/#website\",\"url\":\"https:\/\/agenciainfra.com\/blog\/\",\"name\":\"Ag\u00eancia iNFRA\",\"description\":\"Multiplataforma de informa\u00e7\u00e3o jornal\u00edstica refer\u00eancia na \u00e1rea de infraestrutura no Brasil!\",\"publisher\":{\"@id\":\"https:\/\/agenciainfra.com\/blog\/#organization\"},\"potentialAction\":[{\"@type\":\"SearchAction\",\"target\":{\"@type\":\"EntryPoint\",\"urlTemplate\":\"https:\/\/agenciainfra.com\/blog\/?s={search_term_string}\"},\"query-input\":{\"@type\":\"PropertyValueSpecification\",\"valueRequired\":true,\"valueName\":\"search_term_string\"}}],\"inLanguage\":\"pt-BR\"},{\"@type\":\"Organization\",\"@id\":\"https:\/\/agenciainfra.com\/blog\/#organization\",\"name\":\"Ag\u00eancia iNFRA\",\"url\":\"https:\/\/agenciainfra.com\/blog\/\",\"logo\":{\"@type\":\"ImageObject\",\"inLanguage\":\"pt-BR\",\"@id\":\"https:\/\/agenciainfra.com\/blog\/#\/schema\/logo\/image\/\",\"url\":\"https:\/\/agenciainfra.com\/blog\/wp-content\/uploads\/2023\/09\/iNFRA_5-e1761735885940.png\",\"contentUrl\":\"https:\/\/agenciainfra.com\/blog\/wp-content\/uploads\/2023\/09\/iNFRA_5-e1761735885940.png\",\"width\":1672,\"height\":454,\"caption\":\"Ag\u00eancia iNFRA\"},\"image\":{\"@id\":\"https:\/\/agenciainfra.com\/blog\/#\/schema\/logo\/image\/\"},\"sameAs\":[\"https:\/\/www.facebook.com\/ageninfra\",\"https:\/\/x.com\/agencia_infra\",\"https:\/\/www.linkedin.com\/company\/ag\u00eanciainfra\/\",\"https:\/\/www.instagram.com\/agenciainfra\/\"]},{\"@type\":\"Person\",\"@id\":\"https:\/\/agenciainfra.com\/blog\/#\/schema\/person\/34af08dff6adea4cb22b06612ba7acfa\",\"name\":\"Ag\u00eancia iNFRA\",\"image\":{\"@type\":\"ImageObject\",\"inLanguage\":\"pt-BR\",\"@id\":\"https:\/\/agenciainfra.com\/blog\/#\/schema\/person\/image\/\",\"url\":\"https:\/\/secure.gravatar.com\/avatar\/d189e01678f06d8eb84d4e01f08eb848b3fffe3f8443818d3c356c66892f5be8?s=96&d=mm&r=g\",\"contentUrl\":\"https:\/\/secure.gravatar.com\/avatar\/d189e01678f06d8eb84d4e01f08eb848b3fffe3f8443818d3c356c66892f5be8?s=96&d=mm&r=g\",\"caption\":\"Ag\u00eancia iNFRA\"},\"url\":\"https:\/\/agenciainfra.com\/blog\/author\/admin\/\"}]}<\/script>\n<!-- \/ Yoast SEO Premium plugin. -->","yoast_head_json":{"title":"Interc\u00e2mbio de energia entre o Norte, Nordeste e Sudeste aumenta neste m\u00eas, diz diretor-geral do ONS - Ag\u00eancia iNFRA","robots":{"index":"index","follow":"follow","max-snippet":"max-snippet:-1","max-image-preview":"max-image-preview:large","max-video-preview":"max-video-preview:-1"},"canonical":"https:\/\/agenciainfra.com\/blog\/intercambio-de-energia-entre-o-norte-nordeste-e-sudeste-aumenta-neste-mes-diz-diretor-geral-do-ons\/","og_locale":"pt_BR","og_type":"article","og_title":"Interc\u00e2mbio de energia entre o Norte, Nordeste e Sudeste aumenta neste m\u00eas, diz diretor-geral do ONS","og_description":"Marisa Wanzeller e Leila Coimbra, da\u00a0Ag\u00eancia iNFRA Diretor-geral do ONS (Operador Nacional do Sistema El\u00e9trico) desde 17 de maio deste ano, Marcio Rea assumiu a posi\u00e7\u00e3o em meio a maior seca hist\u00f3rica do pa\u00eds. Em entrevista \u00e0&nbsp;Ag\u00eancia iNFRA, ele fala sobre os desafios no atendimento \u00e0 ponta, o hor\u00e1rio de ver\u00e3o, o uso de baterias [&hellip;]","og_url":"https:\/\/agenciainfra.com\/blog\/intercambio-de-energia-entre-o-norte-nordeste-e-sudeste-aumenta-neste-mes-diz-diretor-geral-do-ons\/","og_site_name":"Ag\u00eancia iNFRA","article_publisher":"https:\/\/www.facebook.com\/ageninfra","article_published_time":"2024-09-30T13:00:00+00:00","article_modified_time":"2024-10-02T14:58:07+00:00","og_image":[{"width":1066,"height":861,"url":"https:\/\/agenciainfra.com\/blog\/wp-content\/uploads\/2024\/09\/marcio-rea-foto-divulgacao-e1727715858577.jpeg","type":"image\/jpeg"}],"author":"Ag\u00eancia iNFRA","twitter_card":"summary_large_image","twitter_creator":"@agencia_infra","twitter_site":"@agencia_infra","twitter_misc":{"Escrito por":"Ag\u00eancia iNFRA","Est. tempo de leitura":"11 minutos"},"schema":{"@context":"https:\/\/schema.org","@graph":[{"@type":"Article","@id":"https:\/\/agenciainfra.com\/blog\/intercambio-de-energia-entre-o-norte-nordeste-e-sudeste-aumenta-neste-mes-diz-diretor-geral-do-ons\/#article","isPartOf":{"@id":"https:\/\/agenciainfra.com\/blog\/intercambio-de-energia-entre-o-norte-nordeste-e-sudeste-aumenta-neste-mes-diz-diretor-geral-do-ons\/"},"author":{"name":"Ag\u00eancia iNFRA","@id":"https:\/\/agenciainfra.com\/blog\/#\/schema\/person\/34af08dff6adea4cb22b06612ba7acfa"},"headline":"Interc\u00e2mbio de energia entre o Norte, Nordeste e Sudeste aumenta neste m\u00eas, diz diretor-geral do ONS","datePublished":"2024-09-30T13:00:00+00:00","dateModified":"2024-10-02T14:58:07+00:00","mainEntityOfPage":{"@id":"https:\/\/agenciainfra.com\/blog\/intercambio-de-energia-entre-o-norte-nordeste-e-sudeste-aumenta-neste-mes-diz-diretor-geral-do-ons\/"},"wordCount":2161,"publisher":{"@id":"https:\/\/agenciainfra.com\/blog\/#organization"},"image":{"@id":"https:\/\/agenciainfra.com\/blog\/intercambio-de-energia-entre-o-norte-nordeste-e-sudeste-aumenta-neste-mes-diz-diretor-geral-do-ons\/#primaryimage"},"thumbnailUrl":"https:\/\/agenciainfra.com\/blog\/wp-content\/uploads\/2024\/09\/marcio-rea-foto-divulgacao-e1747387655881.jpeg","keywords":["energia el\u00e9trica","hor\u00e1rio de ver\u00e3o","Interc\u00e2mbio de Energia","Leila Coimbra","M\u00e1rcio Rea","Marisa Wanzeller","ONS","SIN"],"articleSection":["Destaque Menor","Geral","iNFRAEnergia"],"inLanguage":"pt-BR","copyrightYear":"2024","copyrightHolder":{"@id":"https:\/\/agenciainfra.com\/blog\/#organization"}},{"@type":"WebPage","@id":"https:\/\/agenciainfra.com\/blog\/intercambio-de-energia-entre-o-norte-nordeste-e-sudeste-aumenta-neste-mes-diz-diretor-geral-do-ons\/","url":"https:\/\/agenciainfra.com\/blog\/intercambio-de-energia-entre-o-norte-nordeste-e-sudeste-aumenta-neste-mes-diz-diretor-geral-do-ons\/","name":"Interc\u00e2mbio de energia entre o Norte, Nordeste e Sudeste aumenta neste m\u00eas, diz diretor-geral do ONS - Ag\u00eancia iNFRA","isPartOf":{"@id":"https:\/\/agenciainfra.com\/blog\/#website"},"primaryImageOfPage":{"@id":"https:\/\/agenciainfra.com\/blog\/intercambio-de-energia-entre-o-norte-nordeste-e-sudeste-aumenta-neste-mes-diz-diretor-geral-do-ons\/#primaryimage"},"image":{"@id":"https:\/\/agenciainfra.com\/blog\/intercambio-de-energia-entre-o-norte-nordeste-e-sudeste-aumenta-neste-mes-diz-diretor-geral-do-ons\/#primaryimage"},"thumbnailUrl":"https:\/\/agenciainfra.com\/blog\/wp-content\/uploads\/2024\/09\/marcio-rea-foto-divulgacao-e1747387655881.jpeg","datePublished":"2024-09-30T13:00:00+00:00","dateModified":"2024-10-02T14:58:07+00:00","breadcrumb":{"@id":"https:\/\/agenciainfra.com\/blog\/intercambio-de-energia-entre-o-norte-nordeste-e-sudeste-aumenta-neste-mes-diz-diretor-geral-do-ons\/#breadcrumb"},"inLanguage":"pt-BR","potentialAction":[{"@type":"ReadAction","target":["https:\/\/agenciainfra.com\/blog\/intercambio-de-energia-entre-o-norte-nordeste-e-sudeste-aumenta-neste-mes-diz-diretor-geral-do-ons\/"]}]},{"@type":"ImageObject","inLanguage":"pt-BR","@id":"https:\/\/agenciainfra.com\/blog\/intercambio-de-energia-entre-o-norte-nordeste-e-sudeste-aumenta-neste-mes-diz-diretor-geral-do-ons\/#primaryimage","url":"https:\/\/agenciainfra.com\/blog\/wp-content\/uploads\/2024\/09\/marcio-rea-foto-divulgacao-e1747387655881.jpeg","contentUrl":"https:\/\/agenciainfra.com\/blog\/wp-content\/uploads\/2024\/09\/marcio-rea-foto-divulgacao-e1747387655881.jpeg","width":1066,"height":737},{"@type":"BreadcrumbList","@id":"https:\/\/agenciainfra.com\/blog\/intercambio-de-energia-entre-o-norte-nordeste-e-sudeste-aumenta-neste-mes-diz-diretor-geral-do-ons\/#breadcrumb","itemListElement":[{"@type":"ListItem","position":1,"name":"In\u00edcio","item":"https:\/\/agenciainfra.com\/blog\/"},{"@type":"ListItem","position":2,"name":"Interc\u00e2mbio de energia entre o Norte, Nordeste e Sudeste aumenta neste m\u00eas, diz diretor-geral do ONS"}]},{"@type":"WebSite","@id":"https:\/\/agenciainfra.com\/blog\/#website","url":"https:\/\/agenciainfra.com\/blog\/","name":"Ag\u00eancia iNFRA","description":"Multiplataforma de informa\u00e7\u00e3o jornal\u00edstica refer\u00eancia na \u00e1rea de infraestrutura no Brasil!","publisher":{"@id":"https:\/\/agenciainfra.com\/blog\/#organization"},"potentialAction":[{"@type":"SearchAction","target":{"@type":"EntryPoint","urlTemplate":"https:\/\/agenciainfra.com\/blog\/?s={search_term_string}"},"query-input":{"@type":"PropertyValueSpecification","valueRequired":true,"valueName":"search_term_string"}}],"inLanguage":"pt-BR"},{"@type":"Organization","@id":"https:\/\/agenciainfra.com\/blog\/#organization","name":"Ag\u00eancia iNFRA","url":"https:\/\/agenciainfra.com\/blog\/","logo":{"@type":"ImageObject","inLanguage":"pt-BR","@id":"https:\/\/agenciainfra.com\/blog\/#\/schema\/logo\/image\/","url":"https:\/\/agenciainfra.com\/blog\/wp-content\/uploads\/2023\/09\/iNFRA_5-e1761735885940.png","contentUrl":"https:\/\/agenciainfra.com\/blog\/wp-content\/uploads\/2023\/09\/iNFRA_5-e1761735885940.png","width":1672,"height":454,"caption":"Ag\u00eancia iNFRA"},"image":{"@id":"https:\/\/agenciainfra.com\/blog\/#\/schema\/logo\/image\/"},"sameAs":["https:\/\/www.facebook.com\/ageninfra","https:\/\/x.com\/agencia_infra","https:\/\/www.linkedin.com\/company\/ag\u00eanciainfra\/","https:\/\/www.instagram.com\/agenciainfra\/"]},{"@type":"Person","@id":"https:\/\/agenciainfra.com\/blog\/#\/schema\/person\/34af08dff6adea4cb22b06612ba7acfa","name":"Ag\u00eancia iNFRA","image":{"@type":"ImageObject","inLanguage":"pt-BR","@id":"https:\/\/agenciainfra.com\/blog\/#\/schema\/person\/image\/","url":"https:\/\/secure.gravatar.com\/avatar\/d189e01678f06d8eb84d4e01f08eb848b3fffe3f8443818d3c356c66892f5be8?s=96&d=mm&r=g","contentUrl":"https:\/\/secure.gravatar.com\/avatar\/d189e01678f06d8eb84d4e01f08eb848b3fffe3f8443818d3c356c66892f5be8?s=96&d=mm&r=g","caption":"Ag\u00eancia iNFRA"},"url":"https:\/\/agenciainfra.com\/blog\/author\/admin\/"}]}},"_links":{"self":[{"href":"https:\/\/agenciainfra.com\/blog\/wp-json\/wp\/v2\/posts\/18680","targetHints":{"allow":["GET"]}}],"collection":[{"href":"https:\/\/agenciainfra.com\/blog\/wp-json\/wp\/v2\/posts"}],"about":[{"href":"https:\/\/agenciainfra.com\/blog\/wp-json\/wp\/v2\/types\/post"}],"author":[{"embeddable":true,"href":"https:\/\/agenciainfra.com\/blog\/wp-json\/wp\/v2\/users\/1"}],"replies":[{"embeddable":true,"href":"https:\/\/agenciainfra.com\/blog\/wp-json\/wp\/v2\/comments?post=18680"}],"version-history":[{"count":1,"href":"https:\/\/agenciainfra.com\/blog\/wp-json\/wp\/v2\/posts\/18680\/revisions"}],"predecessor-version":[{"id":18682,"href":"https:\/\/agenciainfra.com\/blog\/wp-json\/wp\/v2\/posts\/18680\/revisions\/18682"}],"wp:featuredmedia":[{"embeddable":true,"href":"https:\/\/agenciainfra.com\/blog\/wp-json\/wp\/v2\/media\/18691"}],"wp:attachment":[{"href":"https:\/\/agenciainfra.com\/blog\/wp-json\/wp\/v2\/media?parent=18680"}],"wp:term":[{"taxonomy":"category","embeddable":true,"href":"https:\/\/agenciainfra.com\/blog\/wp-json\/wp\/v2\/categories?post=18680"},{"taxonomy":"post_tag","embeddable":true,"href":"https:\/\/agenciainfra.com\/blog\/wp-json\/wp\/v2\/tags?post=18680"}],"curies":[{"name":"wp","href":"https:\/\/api.w.org\/{rel}","templated":true}]}}