{"id":18692,"date":"2024-10-01T07:00:00","date_gmt":"2024-10-01T10:00:00","guid":{"rendered":"https:\/\/agenciainfra.com\/blog\/?p=18692"},"modified":"2024-10-03T06:42:09","modified_gmt":"2024-10-03T09:42:09","slug":"pedidos-de-mudancas-do-tcu-no-acordo-com-a-eco101-podem-ser-solucionados-mas-preocupam","status":"publish","type":"post","link":"https:\/\/agenciainfra.com\/blog\/pedidos-de-mudancas-do-tcu-no-acordo-com-a-eco101-podem-ser-solucionados-mas-preocupam\/","title":{"rendered":"Pedidos de mudan\u00e7as do TCU no acordo com a Eco101 podem ser solucionados, mas preocupam"},"content":{"rendered":"\n<p class=\"has-text-align-right\"><strong>da Ag\u00eancia iNFRA<\/strong><\/p>\n\n\n\n<p>Os pedidos de mudan\u00e7as no acordo aprovado pelo plen\u00e1rio do TCU (Tribunal de Contas da Uni\u00e3o) para o primeiro processo de repactua\u00e7\u00e3o dos contratos de concess\u00e3o de rodovias negociado na SecexConsenso (Secretaria de Solu\u00e7\u00e3o Consensual e Preven\u00e7\u00e3o de Conflitos) s\u00e3o poss\u00edveis de serem solucionados, mas causam preocupa\u00e7\u00e3o, de acordo com avalia\u00e7\u00e3o de pessoas envolvidas no processo.<br><br>Nesta quarta-feira (25), o plen\u00e1rio do \u00f3rg\u00e3o de controle aprovou a primeira proposta negociada, a da Eco101 (BR-101\/ES-BA), mas indicou a necessidade de que sejam feitas altera\u00e7\u00f5es em rela\u00e7\u00e3o a dois pontos, o valor estimado das obras e o tempo para a realiza\u00e7\u00e3o do processo competitivo, al\u00e9m de determinar que sejam feitas &#8220;audi\u00eancias p\u00fablicas&#8221; para apresentar o procedimento.<br><br>Pelas regras do modelo de solu\u00e7\u00e3o consensual do TCU, se o plen\u00e1rio faz pedidos de mudan\u00e7a no que foi acordado na mesa de negocia\u00e7\u00e3o, as partes s\u00e3o chamadas novamente para avaliar se o acordo \u00e9 v\u00e1lido. Se alguma das partes n\u00e3o concordar com os novos par\u00e2metros, o acordo pode n\u00e3o ser fechado.<br><br>A decis\u00e3o de pedir a revis\u00e3o do acordo j\u00e1 fez com que o pr\u00f3prio ministro dos Transportes, Renan Filho, que vinha defendendo que era poss\u00edvel fazer o leil\u00e3o do processo competitivo decorrente da repactua\u00e7\u00e3o ainda neste ano, j\u00e1 indicasse nesta quinta-feira (26) que ele ser\u00e1 realizado no primeiro trimestre de 2025.&nbsp;<br><br>Mas ele afirmou que as mudan\u00e7as solicitadas podem ser cumpridas. Renan Filho lembrou ainda que o presidente do colegiado, ministro Bruno Dantas, disse que a decis\u00e3o garante um par\u00e2metro para as pr\u00f3ximas repactua\u00e7\u00f5es, mas que, se necess\u00e1rio, &#8220;v\u00e3o melhorar, corrigir, para que tenham todos os contratos voltando a performar&#8221;.<br><br>&#8220;\u00c9 um Brasil diferente, com todas as concess\u00f5es se transformando em obras para o cidad\u00e3o. Imagina se at\u00e9 o fim do ano que vem tivermos todas essas concess\u00f5es, as novas e antigas, performando, fazendo investimentos? Certamente, isso vai colaborar muito com o desenvolvimento do pa\u00eds&#8221;, disse Renan Filho ap\u00f3s a realiza\u00e7\u00e3o do leil\u00e3o da concess\u00e3o da BR-040\/MG-GO.<br><br><strong>Audi\u00eancia p\u00fablica&nbsp;<\/strong><br>O novo prazo que ser\u00e1 estabelecido para a avalia\u00e7\u00e3o do edital por parte dos competidores, que ter\u00e1 que ser maior que os 70 dias previstos no acordo, \u00e9 o motivo de menor preocupa\u00e7\u00e3o. J\u00e1 havia uma tentativa de levar esse prazo para mais pr\u00f3ximo de 100 dias, que \u00e9 usado nos editais para novas concess\u00f5es.<br><br>O fato de a ANTT ter que fazer uma audi\u00eancia p\u00fablica j\u00e1 traz uma preocupa\u00e7\u00e3o maior, visto que, pelo modelo de audi\u00eancia p\u00fablica previsto em lei, a proposta \u00e9 apresentada com o intuito de receber contribui\u00e7\u00f5es para fazer mudan\u00e7as. Se isso ocorrer na etapa em que o processo est\u00e1, o acordo ter\u00e1 que ser novamente revisto por todos, o que pode alongar o processo indefinidamente.<br><br>J\u00e1 a revis\u00e3o do valor dos investimentos \u00e9 o que causa maior preocupa\u00e7\u00e3o. O ministro relator, Walton Alencar, considerou procedentes os argumentos da auditoria especializada do \u00f3rg\u00e3o e do Minist\u00e9rio P\u00fablico de Contas. Eles consideraram que o modelo utilizado para chegar ao pre\u00e7o das obras, uma estimativa param\u00e9trica, seria inconsistente e trouxe como resultado estimativas para esse tipo de constru\u00e7\u00e3o com valores&nbsp;acima de outros projetos.<br><br><strong>Modelo param\u00e9trico<\/strong><br>O modelo param\u00e9trico \u00e9 uma esp\u00e9cie de m\u00e9dia de pre\u00e7os de projetos semelhantes, que foi usado para comparar com o valor proposto pela concession\u00e1ria para os custos, que acabaram sendo reduzidos.&nbsp;<br><br>Os representantes do governo e da SecexConsenso do TCU entenderam que os valores a que se chegou no acordo, abaixo da proposta inicial da empresa, estavam adequados para as obras previstas e que foram apresentadas justificativas necess\u00e1rias para os pre\u00e7os.<br><br>Al\u00e9m disso, avaliaram que o processo competitivo tende a fazer ajustes caso a proposta esteja com par\u00e2metros acima dos de mercado. Por esses motivos, defenderam que n\u00e3o havia necessidade de mudan\u00e7as.<br><br><strong>Negocia\u00e7\u00f5es duras<\/strong><br>As negocia\u00e7\u00f5es entre os representantes do governo e da concession\u00e1ria sobre esses valores foram duras, segundo quem esteve envolvido, at\u00e9 que a EcoRodovias aceitasse os par\u00e2metros que foram apresentados (em outro caso, a concession\u00e1ria Via Bahia n\u00e3o aceitou e o acordo n\u00e3o foi feito). Por isso, uma mudan\u00e7a nessas estimativas pode n\u00e3o ser t\u00e3o simples de ser feita.<br>&nbsp;<br>O ponto positivo nesse item, considerado por quem avaliou a decis\u00e3o,&nbsp;foi que o ministro Alencar n\u00e3o determinou um par\u00e2metro espec\u00edfico de pre\u00e7os que tenha que ser seguido, como os sistemas oficiais do governo, o que poderia tornar ainda mais dif\u00edcil&nbsp;uma negocia\u00e7\u00e3o.<\/p>\n","protected":false},"excerpt":{"rendered":"<p>da Ag\u00eancia iNFRA Os pedidos de mudan\u00e7as no acordo aprovado pelo plen\u00e1rio do TCU (Tribunal de Contas da Uni\u00e3o) para o primeiro processo de repactua\u00e7\u00e3o dos contratos de concess\u00e3o de rodovias negociado na SecexConsenso (Secretaria de Solu\u00e7\u00e3o Consensual e Preven\u00e7\u00e3o de Conflitos) s\u00e3o poss\u00edveis de serem solucionados, mas causam preocupa\u00e7\u00e3o, de acordo com avalia\u00e7\u00e3o de [&hellip;]<\/p>\n","protected":false},"author":1,"featured_media":6936,"comment_status":"closed","ping_status":"closed","sticky":false,"template":"","format":"standard","meta":{"_monsterinsights_skip_tracking":false,"_monsterinsights_sitenote_active":false,"_monsterinsights_sitenote_note":"","_monsterinsights_sitenote_category":0,"footnotes":""},"categories":[9714,1,7],"tags":[19,2031,588,78,3791,1340,34,32,16,48,126,8734,6379,18,70],"class_list":["post-18692","post","type-post","status-publish","format-standard","has-post-thumbnail","hentry","category-destaque-menor","category-geral","category-infratransporte","tag-antt","tag-arteris","tag-ccr","tag-concessoes","tag-eco101","tag-ecorodovias","tag-infraestrutura","tag-investimentos","tag-ministerio-dos-transportes","tag-regulacao","tag-rodovias","tag-secex-consenso","tag-solucao-consensual","tag-tcu","tag-transportes"],"yoast_head":"<!-- This site is optimized with the Yoast SEO Premium plugin v25.4 (Yoast SEO v26.0) - https:\/\/yoast.com\/wordpress\/plugins\/seo\/ -->\n<title>Pedidos de mudan\u00e7as do TCU no acordo com a Eco101 podem ser solucionados, mas preocupam - Ag\u00eancia iNFRA<\/title>\n<meta name=\"robots\" content=\"index, follow, max-snippet:-1, max-image-preview:large, max-video-preview:-1\" \/>\n<link rel=\"canonical\" href=\"https:\/\/agenciainfra.com\/blog\/pedidos-de-mudancas-do-tcu-no-acordo-com-a-eco101-podem-ser-solucionados-mas-preocupam\/\" \/>\n<meta property=\"og:locale\" content=\"pt_BR\" \/>\n<meta property=\"og:type\" content=\"article\" \/>\n<meta property=\"og:title\" content=\"Pedidos de mudan\u00e7as do TCU no acordo com a Eco101 podem ser solucionados, mas preocupam\" \/>\n<meta property=\"og:description\" content=\"da Ag\u00eancia iNFRA Os pedidos de mudan\u00e7as no acordo aprovado pelo plen\u00e1rio do TCU (Tribunal de Contas da Uni\u00e3o) para o primeiro processo de repactua\u00e7\u00e3o dos contratos de concess\u00e3o de rodovias negociado na SecexConsenso (Secretaria de Solu\u00e7\u00e3o Consensual e Preven\u00e7\u00e3o de Conflitos) s\u00e3o poss\u00edveis de serem solucionados, mas causam preocupa\u00e7\u00e3o, de acordo com avalia\u00e7\u00e3o de [&hellip;]\" \/>\n<meta property=\"og:url\" content=\"https:\/\/agenciainfra.com\/blog\/pedidos-de-mudancas-do-tcu-no-acordo-com-a-eco101-podem-ser-solucionados-mas-preocupam\/\" \/>\n<meta property=\"og:site_name\" content=\"Ag\u00eancia iNFRA\" \/>\n<meta property=\"article:publisher\" content=\"https:\/\/www.facebook.com\/ageninfra\" \/>\n<meta property=\"article:published_time\" content=\"2024-10-01T10:00:00+00:00\" \/>\n<meta property=\"article:modified_time\" content=\"2024-10-03T09:42:09+00:00\" \/>\n<meta property=\"og:image\" content=\"https:\/\/agenciainfra.com\/blog\/wp-content\/uploads\/2021\/03\/br101-foto-eco101.jpeg\" \/>\n\t<meta property=\"og:image:width\" content=\"1280\" \/>\n\t<meta property=\"og:image:height\" content=\"854\" \/>\n\t<meta property=\"og:image:type\" content=\"image\/jpeg\" \/>\n<meta name=\"author\" content=\"Ag\u00eancia iNFRA\" \/>\n<meta name=\"twitter:card\" content=\"summary_large_image\" \/>\n<meta name=\"twitter:creator\" content=\"@agencia_infra\" \/>\n<meta name=\"twitter:site\" content=\"@agencia_infra\" \/>\n<meta name=\"twitter:label1\" content=\"Escrito por\" \/>\n\t<meta name=\"twitter:data1\" content=\"Ag\u00eancia iNFRA\" \/>\n\t<meta name=\"twitter:label2\" content=\"Est. tempo de leitura\" \/>\n\t<meta name=\"twitter:data2\" content=\"4 minutos\" \/>\n<script type=\"application\/ld+json\" class=\"yoast-schema-graph\">{\"@context\":\"https:\/\/schema.org\",\"@graph\":[{\"@type\":\"Article\",\"@id\":\"https:\/\/agenciainfra.com\/blog\/pedidos-de-mudancas-do-tcu-no-acordo-com-a-eco101-podem-ser-solucionados-mas-preocupam\/#article\",\"isPartOf\":{\"@id\":\"https:\/\/agenciainfra.com\/blog\/pedidos-de-mudancas-do-tcu-no-acordo-com-a-eco101-podem-ser-solucionados-mas-preocupam\/\"},\"author\":{\"name\":\"Ag\u00eancia iNFRA\",\"@id\":\"https:\/\/agenciainfra.com\/blog\/#\/schema\/person\/34af08dff6adea4cb22b06612ba7acfa\"},\"headline\":\"Pedidos de mudan\u00e7as do TCU no acordo com a Eco101 podem ser solucionados, mas preocupam\",\"datePublished\":\"2024-10-01T10:00:00+00:00\",\"dateModified\":\"2024-10-03T09:42:09+00:00\",\"mainEntityOfPage\":{\"@id\":\"https:\/\/agenciainfra.com\/blog\/pedidos-de-mudancas-do-tcu-no-acordo-com-a-eco101-podem-ser-solucionados-mas-preocupam\/\"},\"wordCount\":834,\"publisher\":{\"@id\":\"https:\/\/agenciainfra.com\/blog\/#organization\"},\"image\":{\"@id\":\"https:\/\/agenciainfra.com\/blog\/pedidos-de-mudancas-do-tcu-no-acordo-com-a-eco101-podem-ser-solucionados-mas-preocupam\/#primaryimage\"},\"thumbnailUrl\":\"https:\/\/agenciainfra.com\/blog\/wp-content\/uploads\/2021\/03\/br101-foto-eco101.jpeg\",\"keywords\":[\"ANTT\",\"Arteris\",\"CCR\",\"concess\u00f5es\",\"Eco101\",\"EcoRodovias\",\"Infraestrutura\",\"Investimentos\",\"minist\u00e9rio dos transportes\",\"Regula\u00e7\u00e3o\",\"rodovias\",\"Secex Consenso\",\"solu\u00e7\u00e3o consensual\",\"TCU\",\"transportes\"],\"articleSection\":[\"Destaque Menor\",\"Geral\",\"iNFRATransporte\"],\"inLanguage\":\"pt-BR\",\"copyrightYear\":\"2024\",\"copyrightHolder\":{\"@id\":\"https:\/\/agenciainfra.com\/blog\/#organization\"}},{\"@type\":\"WebPage\",\"@id\":\"https:\/\/agenciainfra.com\/blog\/pedidos-de-mudancas-do-tcu-no-acordo-com-a-eco101-podem-ser-solucionados-mas-preocupam\/\",\"url\":\"https:\/\/agenciainfra.com\/blog\/pedidos-de-mudancas-do-tcu-no-acordo-com-a-eco101-podem-ser-solucionados-mas-preocupam\/\",\"name\":\"Pedidos de mudan\u00e7as do TCU no acordo com a Eco101 podem ser solucionados, mas preocupam - Ag\u00eancia iNFRA\",\"isPartOf\":{\"@id\":\"https:\/\/agenciainfra.com\/blog\/#website\"},\"primaryImageOfPage\":{\"@id\":\"https:\/\/agenciainfra.com\/blog\/pedidos-de-mudancas-do-tcu-no-acordo-com-a-eco101-podem-ser-solucionados-mas-preocupam\/#primaryimage\"},\"image\":{\"@id\":\"https:\/\/agenciainfra.com\/blog\/pedidos-de-mudancas-do-tcu-no-acordo-com-a-eco101-podem-ser-solucionados-mas-preocupam\/#primaryimage\"},\"thumbnailUrl\":\"https:\/\/agenciainfra.com\/blog\/wp-content\/uploads\/2021\/03\/br101-foto-eco101.jpeg\",\"datePublished\":\"2024-10-01T10:00:00+00:00\",\"dateModified\":\"2024-10-03T09:42:09+00:00\",\"breadcrumb\":{\"@id\":\"https:\/\/agenciainfra.com\/blog\/pedidos-de-mudancas-do-tcu-no-acordo-com-a-eco101-podem-ser-solucionados-mas-preocupam\/#breadcrumb\"},\"inLanguage\":\"pt-BR\",\"potentialAction\":[{\"@type\":\"ReadAction\",\"target\":[\"https:\/\/agenciainfra.com\/blog\/pedidos-de-mudancas-do-tcu-no-acordo-com-a-eco101-podem-ser-solucionados-mas-preocupam\/\"]}]},{\"@type\":\"ImageObject\",\"inLanguage\":\"pt-BR\",\"@id\":\"https:\/\/agenciainfra.com\/blog\/pedidos-de-mudancas-do-tcu-no-acordo-com-a-eco101-podem-ser-solucionados-mas-preocupam\/#primaryimage\",\"url\":\"https:\/\/agenciainfra.com\/blog\/wp-content\/uploads\/2021\/03\/br101-foto-eco101.jpeg\",\"contentUrl\":\"https:\/\/agenciainfra.com\/blog\/wp-content\/uploads\/2021\/03\/br101-foto-eco101.jpeg\",\"width\":1280,\"height\":854,\"caption\":\"Foto: Eco101\/Divulga\u00e7\u00e3o\"},{\"@type\":\"BreadcrumbList\",\"@id\":\"https:\/\/agenciainfra.com\/blog\/pedidos-de-mudancas-do-tcu-no-acordo-com-a-eco101-podem-ser-solucionados-mas-preocupam\/#breadcrumb\",\"itemListElement\":[{\"@type\":\"ListItem\",\"position\":1,\"name\":\"In\u00edcio\",\"item\":\"https:\/\/agenciainfra.com\/blog\/\"},{\"@type\":\"ListItem\",\"position\":2,\"name\":\"Pedidos de mudan\u00e7as do TCU no acordo com a Eco101 podem ser solucionados, mas preocupam\"}]},{\"@type\":\"WebSite\",\"@id\":\"https:\/\/agenciainfra.com\/blog\/#website\",\"url\":\"https:\/\/agenciainfra.com\/blog\/\",\"name\":\"Ag\u00eancia iNFRA\",\"description\":\"Multiplataforma de informa\u00e7\u00e3o jornal\u00edstica refer\u00eancia na \u00e1rea de infraestrutura no Brasil!\",\"publisher\":{\"@id\":\"https:\/\/agenciainfra.com\/blog\/#organization\"},\"potentialAction\":[{\"@type\":\"SearchAction\",\"target\":{\"@type\":\"EntryPoint\",\"urlTemplate\":\"https:\/\/agenciainfra.com\/blog\/?s={search_term_string}\"},\"query-input\":{\"@type\":\"PropertyValueSpecification\",\"valueRequired\":true,\"valueName\":\"search_term_string\"}}],\"inLanguage\":\"pt-BR\"},{\"@type\":\"Organization\",\"@id\":\"https:\/\/agenciainfra.com\/blog\/#organization\",\"name\":\"Ag\u00eancia iNFRA\",\"url\":\"https:\/\/agenciainfra.com\/blog\/\",\"logo\":{\"@type\":\"ImageObject\",\"inLanguage\":\"pt-BR\",\"@id\":\"https:\/\/agenciainfra.com\/blog\/#\/schema\/logo\/image\/\",\"url\":\"https:\/\/agenciainfra.com\/blog\/wp-content\/uploads\/2023\/09\/iNFRA_5-e1761735885940.png\",\"contentUrl\":\"https:\/\/agenciainfra.com\/blog\/wp-content\/uploads\/2023\/09\/iNFRA_5-e1761735885940.png\",\"width\":1672,\"height\":454,\"caption\":\"Ag\u00eancia iNFRA\"},\"image\":{\"@id\":\"https:\/\/agenciainfra.com\/blog\/#\/schema\/logo\/image\/\"},\"sameAs\":[\"https:\/\/www.facebook.com\/ageninfra\",\"https:\/\/x.com\/agencia_infra\",\"https:\/\/www.linkedin.com\/company\/ag\u00eanciainfra\/\",\"https:\/\/www.instagram.com\/agenciainfra\/\"]},{\"@type\":\"Person\",\"@id\":\"https:\/\/agenciainfra.com\/blog\/#\/schema\/person\/34af08dff6adea4cb22b06612ba7acfa\",\"name\":\"Ag\u00eancia iNFRA\",\"image\":{\"@type\":\"ImageObject\",\"inLanguage\":\"pt-BR\",\"@id\":\"https:\/\/agenciainfra.com\/blog\/#\/schema\/person\/image\/\",\"url\":\"https:\/\/secure.gravatar.com\/avatar\/d189e01678f06d8eb84d4e01f08eb848b3fffe3f8443818d3c356c66892f5be8?s=96&d=mm&r=g\",\"contentUrl\":\"https:\/\/secure.gravatar.com\/avatar\/d189e01678f06d8eb84d4e01f08eb848b3fffe3f8443818d3c356c66892f5be8?s=96&d=mm&r=g\",\"caption\":\"Ag\u00eancia iNFRA\"},\"url\":\"https:\/\/agenciainfra.com\/blog\/author\/admin\/\"}]}<\/script>\n<!-- \/ Yoast SEO Premium plugin. -->","yoast_head_json":{"title":"Pedidos de mudan\u00e7as do TCU no acordo com a Eco101 podem ser solucionados, mas preocupam - Ag\u00eancia iNFRA","robots":{"index":"index","follow":"follow","max-snippet":"max-snippet:-1","max-image-preview":"max-image-preview:large","max-video-preview":"max-video-preview:-1"},"canonical":"https:\/\/agenciainfra.com\/blog\/pedidos-de-mudancas-do-tcu-no-acordo-com-a-eco101-podem-ser-solucionados-mas-preocupam\/","og_locale":"pt_BR","og_type":"article","og_title":"Pedidos de mudan\u00e7as do TCU no acordo com a Eco101 podem ser solucionados, mas preocupam","og_description":"da Ag\u00eancia iNFRA Os pedidos de mudan\u00e7as no acordo aprovado pelo plen\u00e1rio do TCU (Tribunal de Contas da Uni\u00e3o) para o primeiro processo de repactua\u00e7\u00e3o dos contratos de concess\u00e3o de rodovias negociado na SecexConsenso (Secretaria de Solu\u00e7\u00e3o Consensual e Preven\u00e7\u00e3o de Conflitos) s\u00e3o poss\u00edveis de serem solucionados, mas causam preocupa\u00e7\u00e3o, de acordo com avalia\u00e7\u00e3o de [&hellip;]","og_url":"https:\/\/agenciainfra.com\/blog\/pedidos-de-mudancas-do-tcu-no-acordo-com-a-eco101-podem-ser-solucionados-mas-preocupam\/","og_site_name":"Ag\u00eancia iNFRA","article_publisher":"https:\/\/www.facebook.com\/ageninfra","article_published_time":"2024-10-01T10:00:00+00:00","article_modified_time":"2024-10-03T09:42:09+00:00","og_image":[{"width":1280,"height":854,"url":"https:\/\/agenciainfra.com\/blog\/wp-content\/uploads\/2021\/03\/br101-foto-eco101.jpeg","type":"image\/jpeg"}],"author":"Ag\u00eancia iNFRA","twitter_card":"summary_large_image","twitter_creator":"@agencia_infra","twitter_site":"@agencia_infra","twitter_misc":{"Escrito por":"Ag\u00eancia iNFRA","Est. tempo de leitura":"4 minutos"},"schema":{"@context":"https:\/\/schema.org","@graph":[{"@type":"Article","@id":"https:\/\/agenciainfra.com\/blog\/pedidos-de-mudancas-do-tcu-no-acordo-com-a-eco101-podem-ser-solucionados-mas-preocupam\/#article","isPartOf":{"@id":"https:\/\/agenciainfra.com\/blog\/pedidos-de-mudancas-do-tcu-no-acordo-com-a-eco101-podem-ser-solucionados-mas-preocupam\/"},"author":{"name":"Ag\u00eancia iNFRA","@id":"https:\/\/agenciainfra.com\/blog\/#\/schema\/person\/34af08dff6adea4cb22b06612ba7acfa"},"headline":"Pedidos de mudan\u00e7as do TCU no acordo com a Eco101 podem ser solucionados, mas preocupam","datePublished":"2024-10-01T10:00:00+00:00","dateModified":"2024-10-03T09:42:09+00:00","mainEntityOfPage":{"@id":"https:\/\/agenciainfra.com\/blog\/pedidos-de-mudancas-do-tcu-no-acordo-com-a-eco101-podem-ser-solucionados-mas-preocupam\/"},"wordCount":834,"publisher":{"@id":"https:\/\/agenciainfra.com\/blog\/#organization"},"image":{"@id":"https:\/\/agenciainfra.com\/blog\/pedidos-de-mudancas-do-tcu-no-acordo-com-a-eco101-podem-ser-solucionados-mas-preocupam\/#primaryimage"},"thumbnailUrl":"https:\/\/agenciainfra.com\/blog\/wp-content\/uploads\/2021\/03\/br101-foto-eco101.jpeg","keywords":["ANTT","Arteris","CCR","concess\u00f5es","Eco101","EcoRodovias","Infraestrutura","Investimentos","minist\u00e9rio dos transportes","Regula\u00e7\u00e3o","rodovias","Secex Consenso","solu\u00e7\u00e3o consensual","TCU","transportes"],"articleSection":["Destaque Menor","Geral","iNFRATransporte"],"inLanguage":"pt-BR","copyrightYear":"2024","copyrightHolder":{"@id":"https:\/\/agenciainfra.com\/blog\/#organization"}},{"@type":"WebPage","@id":"https:\/\/agenciainfra.com\/blog\/pedidos-de-mudancas-do-tcu-no-acordo-com-a-eco101-podem-ser-solucionados-mas-preocupam\/","url":"https:\/\/agenciainfra.com\/blog\/pedidos-de-mudancas-do-tcu-no-acordo-com-a-eco101-podem-ser-solucionados-mas-preocupam\/","name":"Pedidos de mudan\u00e7as do TCU no acordo com a Eco101 podem ser solucionados, mas preocupam - Ag\u00eancia iNFRA","isPartOf":{"@id":"https:\/\/agenciainfra.com\/blog\/#website"},"primaryImageOfPage":{"@id":"https:\/\/agenciainfra.com\/blog\/pedidos-de-mudancas-do-tcu-no-acordo-com-a-eco101-podem-ser-solucionados-mas-preocupam\/#primaryimage"},"image":{"@id":"https:\/\/agenciainfra.com\/blog\/pedidos-de-mudancas-do-tcu-no-acordo-com-a-eco101-podem-ser-solucionados-mas-preocupam\/#primaryimage"},"thumbnailUrl":"https:\/\/agenciainfra.com\/blog\/wp-content\/uploads\/2021\/03\/br101-foto-eco101.jpeg","datePublished":"2024-10-01T10:00:00+00:00","dateModified":"2024-10-03T09:42:09+00:00","breadcrumb":{"@id":"https:\/\/agenciainfra.com\/blog\/pedidos-de-mudancas-do-tcu-no-acordo-com-a-eco101-podem-ser-solucionados-mas-preocupam\/#breadcrumb"},"inLanguage":"pt-BR","potentialAction":[{"@type":"ReadAction","target":["https:\/\/agenciainfra.com\/blog\/pedidos-de-mudancas-do-tcu-no-acordo-com-a-eco101-podem-ser-solucionados-mas-preocupam\/"]}]},{"@type":"ImageObject","inLanguage":"pt-BR","@id":"https:\/\/agenciainfra.com\/blog\/pedidos-de-mudancas-do-tcu-no-acordo-com-a-eco101-podem-ser-solucionados-mas-preocupam\/#primaryimage","url":"https:\/\/agenciainfra.com\/blog\/wp-content\/uploads\/2021\/03\/br101-foto-eco101.jpeg","contentUrl":"https:\/\/agenciainfra.com\/blog\/wp-content\/uploads\/2021\/03\/br101-foto-eco101.jpeg","width":1280,"height":854,"caption":"Foto: Eco101\/Divulga\u00e7\u00e3o"},{"@type":"BreadcrumbList","@id":"https:\/\/agenciainfra.com\/blog\/pedidos-de-mudancas-do-tcu-no-acordo-com-a-eco101-podem-ser-solucionados-mas-preocupam\/#breadcrumb","itemListElement":[{"@type":"ListItem","position":1,"name":"In\u00edcio","item":"https:\/\/agenciainfra.com\/blog\/"},{"@type":"ListItem","position":2,"name":"Pedidos de mudan\u00e7as do TCU no acordo com a Eco101 podem ser solucionados, mas preocupam"}]},{"@type":"WebSite","@id":"https:\/\/agenciainfra.com\/blog\/#website","url":"https:\/\/agenciainfra.com\/blog\/","name":"Ag\u00eancia iNFRA","description":"Multiplataforma de informa\u00e7\u00e3o jornal\u00edstica refer\u00eancia na \u00e1rea de infraestrutura no Brasil!","publisher":{"@id":"https:\/\/agenciainfra.com\/blog\/#organization"},"potentialAction":[{"@type":"SearchAction","target":{"@type":"EntryPoint","urlTemplate":"https:\/\/agenciainfra.com\/blog\/?s={search_term_string}"},"query-input":{"@type":"PropertyValueSpecification","valueRequired":true,"valueName":"search_term_string"}}],"inLanguage":"pt-BR"},{"@type":"Organization","@id":"https:\/\/agenciainfra.com\/blog\/#organization","name":"Ag\u00eancia iNFRA","url":"https:\/\/agenciainfra.com\/blog\/","logo":{"@type":"ImageObject","inLanguage":"pt-BR","@id":"https:\/\/agenciainfra.com\/blog\/#\/schema\/logo\/image\/","url":"https:\/\/agenciainfra.com\/blog\/wp-content\/uploads\/2023\/09\/iNFRA_5-e1761735885940.png","contentUrl":"https:\/\/agenciainfra.com\/blog\/wp-content\/uploads\/2023\/09\/iNFRA_5-e1761735885940.png","width":1672,"height":454,"caption":"Ag\u00eancia iNFRA"},"image":{"@id":"https:\/\/agenciainfra.com\/blog\/#\/schema\/logo\/image\/"},"sameAs":["https:\/\/www.facebook.com\/ageninfra","https:\/\/x.com\/agencia_infra","https:\/\/www.linkedin.com\/company\/ag\u00eanciainfra\/","https:\/\/www.instagram.com\/agenciainfra\/"]},{"@type":"Person","@id":"https:\/\/agenciainfra.com\/blog\/#\/schema\/person\/34af08dff6adea4cb22b06612ba7acfa","name":"Ag\u00eancia iNFRA","image":{"@type":"ImageObject","inLanguage":"pt-BR","@id":"https:\/\/agenciainfra.com\/blog\/#\/schema\/person\/image\/","url":"https:\/\/secure.gravatar.com\/avatar\/d189e01678f06d8eb84d4e01f08eb848b3fffe3f8443818d3c356c66892f5be8?s=96&d=mm&r=g","contentUrl":"https:\/\/secure.gravatar.com\/avatar\/d189e01678f06d8eb84d4e01f08eb848b3fffe3f8443818d3c356c66892f5be8?s=96&d=mm&r=g","caption":"Ag\u00eancia iNFRA"},"url":"https:\/\/agenciainfra.com\/blog\/author\/admin\/"}]}},"_links":{"self":[{"href":"https:\/\/agenciainfra.com\/blog\/wp-json\/wp\/v2\/posts\/18692","targetHints":{"allow":["GET"]}}],"collection":[{"href":"https:\/\/agenciainfra.com\/blog\/wp-json\/wp\/v2\/posts"}],"about":[{"href":"https:\/\/agenciainfra.com\/blog\/wp-json\/wp\/v2\/types\/post"}],"author":[{"embeddable":true,"href":"https:\/\/agenciainfra.com\/blog\/wp-json\/wp\/v2\/users\/1"}],"replies":[{"embeddable":true,"href":"https:\/\/agenciainfra.com\/blog\/wp-json\/wp\/v2\/comments?post=18692"}],"version-history":[{"count":1,"href":"https:\/\/agenciainfra.com\/blog\/wp-json\/wp\/v2\/posts\/18692\/revisions"}],"predecessor-version":[{"id":18693,"href":"https:\/\/agenciainfra.com\/blog\/wp-json\/wp\/v2\/posts\/18692\/revisions\/18693"}],"wp:featuredmedia":[{"embeddable":true,"href":"https:\/\/agenciainfra.com\/blog\/wp-json\/wp\/v2\/media\/6936"}],"wp:attachment":[{"href":"https:\/\/agenciainfra.com\/blog\/wp-json\/wp\/v2\/media?parent=18692"}],"wp:term":[{"taxonomy":"category","embeddable":true,"href":"https:\/\/agenciainfra.com\/blog\/wp-json\/wp\/v2\/categories?post=18692"},{"taxonomy":"post_tag","embeddable":true,"href":"https:\/\/agenciainfra.com\/blog\/wp-json\/wp\/v2\/tags?post=18692"}],"curies":[{"name":"wp","href":"https:\/\/api.w.org\/{rel}","templated":true}]}}