{"id":18694,"date":"2024-10-02T07:00:00","date_gmt":"2024-10-02T10:00:00","guid":{"rendered":"https:\/\/agenciainfra.com\/blog\/?p=18694"},"modified":"2024-09-30T11:17:36","modified_gmt":"2024-09-30T14:17:36","slug":"antt-avalia-alteracoes-nas-autorizacoes-ferroviarias-em-meio-a-pressao-por-mudancas-no-setor","status":"publish","type":"post","link":"https:\/\/agenciainfra.com\/blog\/antt-avalia-alteracoes-nas-autorizacoes-ferroviarias-em-meio-a-pressao-por-mudancas-no-setor\/","title":{"rendered":"ANTT avalia altera\u00e7\u00f5es nas autoriza\u00e7\u00f5es ferrovi\u00e1rias em meio a press\u00e3o por mudan\u00e7as no setor"},"content":{"rendered":"\n<p class=\"has-text-align-right\"><strong>da Ag\u00eancia iNFRA<\/strong><\/p>\n\n\n\n<p>Os diretores da ANTT (Ag\u00eancia Nacional de Transportes Terrestres) devem analisar, na reuni\u00e3o de diretoria desta quinta-feira (3), \u00e0s 14h30, proposta de altera\u00e7\u00f5es no processo de requerimento de explora\u00e7\u00e3o ferrovi\u00e1ria mediante outorga por autoriza\u00e7\u00e3o e na minuta de contrato de ades\u00e3o. O processo tem como relator o diretor Felipe Queiroz.<br><br>As altera\u00e7\u00f5es se dar\u00e3o na Resolu\u00e7\u00e3o 5.987\/2022 da ag\u00eancia, que trata dos procedimentos internos para avalia\u00e7\u00e3o desses pedidos,\u00a0ap\u00f3s defini\u00e7\u00f5es pelo Congresso em rela\u00e7\u00e3o a temas que tinham sido motivo de veto presidencial na san\u00e7\u00e3o da lei de 2021.\u00a0<br>\u00a0<br>Em outro campo desse mesmo tema, a\u00a0ag\u00eancia reguladora abriu audi\u00eancia p\u00fablica 7\/2024, na qual trata da regulamenta\u00e7\u00e3o dos chamamentos p\u00fablicos para passar ao setor privado trechos ferrovi\u00e1rios.\u00a0Nessa consulta, a ag\u00eancia\u00a0buscou\u00a0definir tamb\u00e9m outros pontos,\u00a0como a forma\u00a0das concession\u00e1rias de ferrovias de exercerem o direito de prefer\u00eancia\u00a0e a delimita\u00e7\u00e3o das \u00e1reas de influ\u00eancia das concess\u00f5es, temas cujas propostas apresentadas na consulta\u00a0foram\u00a0<a href=\"https:\/\/agenciainfra.us14.list-manage.com\/track\/click?u=d460dd1bcf9ba0ae040e1fc0f&amp;id=f7fab41f58&amp;e=de74d75805\" target=\"_blank\" rel=\"noreferrer noopener\">alvo de cr\u00edticas<\/a>\u00a0por parte de agentes do setor.<br><br>A proposta de mudan\u00e7a da ag\u00eancia nessa\u00a0portaria ocorre num momento em que h\u00e1 uma press\u00e3o por mudan\u00e7as na regulamenta\u00e7\u00e3o do setor de ferrovias, no sentido da amplia\u00e7\u00e3o dos investimentos e obter maior abertura para a competi\u00e7\u00e3o intersetorial. Em\u00a0<a href=\"https:\/\/agenciainfra.us14.list-manage.com\/track\/click?u=d460dd1bcf9ba0ae040e1fc0f&amp;id=fe98bfac91&amp;e=de74d75805\" target=\"_blank\" rel=\"noreferrer noopener\">audi\u00eancia p\u00fablica\u00a0<\/a>na C\u00e2mara, houve queixas generalizadas sobre falta de atentimento e pre\u00e7os elevados.<br><br>Em evento das concession\u00e1ria do setor no fim de agosto, o secret\u00e1rio-executivo do Minist\u00e9rios dos Transportes, George Santoro,\u00a0<a href=\"https:\/\/agenciainfra.us14.list-manage.com\/track\/click?u=d460dd1bcf9ba0ae040e1fc0f&amp;id=b73a802eec&amp;e=de74d75805\" target=\"_blank\" rel=\"noreferrer noopener\">revelou<\/a>\u00a0que a pasta prepara um pacote regulat\u00f3rio, como forma de fortalecer os investimentos no setor, a ser lan\u00e7ado junto com o um plano de investimentos que ter\u00e1 como premissa a concess\u00e3o de trechos com aportes de recursos p\u00fablicos para obras.\u00a0<br><br><strong>Auditoria do TCU\u00a0<\/strong><br>Essa proposta ganhou for\u00e7a na semana passada com a conclus\u00e3o por parte do TCU (Tribunal de Contas da Uni\u00e3o) de uma auditoria que tratou sobre o potencial ferrovi\u00e1rio subutilizado no pa\u00eds, confirmando dados de que, na pr\u00e1tica, s\u00f3 1\/3 da malha nacional tem\u00a0um uso que possa ser considerado adequado. O restante est\u00e1 sub ou inutilizado.<br><br>O trabalho, no entanto, se aprofundou e indicou n\u00e3o haver motivos para essa subutiliza\u00e7\u00e3o j\u00e1 que os dados mostram que &#8220;existe um grande potencial ferrovi\u00e1rio inexplorado para atendimento ao mercado dom\u00e9stico&#8221;, o que n\u00e3o justifica o direcionamento das ferrovias para o atendimento do mercado exterior, transportando praticamente s\u00f3 produtos como gran\u00e9is minerais e vegetais.\u00a0<br><br>&#8220;Torna-se necess\u00e1ria avaliar se o melhor aproveitamento da malha ferrovi\u00e1ria existente \u2013 atrav\u00e9s de ajustes de pol\u00edticas p\u00fablicas, regula\u00e7\u00e3o, desburocratiza\u00e7\u00e3o, incentivos, e inova\u00e7\u00e3o tecnol\u00f3gica, por exemplo \u2013 seria um meio mais barato e eficaz, ou ao menos mais uma op\u00e7\u00e3o, para se alcan\u00e7ar a racionaliza\u00e7\u00e3o da matriz de transportes. At\u00e9 mesmo porque essa racionaliza\u00e7\u00e3o n\u00e3o ocorrer\u00e1 de forma substancial e coerente enquanto a distribui\u00e7\u00e3o dom\u00e9stica estiver ocorrendo quase que exclusivamente por vias rodovi\u00e1rias&#8221;, aponta o relat\u00f3rio.\u00a0<br><br><strong>Necessidade de 12,5 mil quil\u00f4metros<\/strong><br>A auditoria indica ainda que os estudos sobre o tema por parte do governo n\u00e3o est\u00e3o sendo bem aproveitados, o que faz com que os projetos de investimentos n\u00e3o sejam direcionados para ferrovias que possam melhorar o atendimento dom\u00e9stico. Mostra ainda que os planos do governo de reduzir a participa\u00e7\u00e3o do modo rodovi\u00e1rio na matriz de transporte n\u00e3o v\u00e3o ser alcan\u00e7ados sem mais investimentos nas ferrovias para cargas internas.<br><br>E esse diagn\u00f3stico j\u00e1 tinha sido apontado em outro trabalho recente. Conforme mostrou\u00a0<a href=\"https:\/\/agenciainfra.us14.list-manage.com\/track\/click?u=d460dd1bcf9ba0ae040e1fc0f&amp;id=dff81ad5c1&amp;e=de74d75805\" target=\"_blank\" rel=\"noreferrer noopener\">reportagem<\/a>\u00a0da<strong>\u00a0Ag\u00eancia iNFRA<\/strong>, a Funda\u00e7\u00e3o Dom Cabral apontou que o pa\u00eds s\u00f3 vai conseguir de fato alguma mudan\u00e7a na matriz de transportes se implementar at\u00e9 2035, algo como 12,5 mil quil\u00f4metros de ferrovias (novas ou amplia\u00e7\u00e3o de investimentos).\u00a0\u00a0<br><br>O diretor Felipe Queiroz tamb\u00e9m relata, na mesma reuni\u00e3o de diretoria da ag\u00eancia,\u00a0o processo de reabertura da audi\u00eancia p\u00fablica referente ao plano de sustentabilidade para concess\u00f5es de rodovias e ferrovias. A reuni\u00e3o prev\u00ea ainda\u00a0a aprova\u00e7\u00e3o e publica\u00e7\u00e3o do relat\u00f3rio final da audi\u00eancia p\u00fablica sobre o processo administrativo de apura\u00e7\u00e3o de infra\u00e7\u00f5es e aplica\u00e7\u00e3o de penalidades. O relator \u00e9 o diretor Guilherme Sampaio.\u00a0Acesse a pauta completa da reuni\u00e3o\u00a0<a href=\"https:\/\/agenciainfra.us14.list-manage.com\/track\/click?u=d460dd1bcf9ba0ae040e1fc0f&amp;id=bcfe2cf4e0&amp;e=de74d75805\" target=\"_blank\" rel=\"noreferrer noopener\">neste link<\/a>.<\/p>\n","protected":false},"excerpt":{"rendered":"<p>da Ag\u00eancia iNFRA Os diretores da ANTT (Ag\u00eancia Nacional de Transportes Terrestres) devem analisar, na reuni\u00e3o de diretoria desta quinta-feira (3), \u00e0s 14h30, proposta de altera\u00e7\u00f5es no processo de requerimento de explora\u00e7\u00e3o ferrovi\u00e1ria mediante outorga por autoriza\u00e7\u00e3o e na minuta de contrato de ades\u00e3o. O processo tem como relator o diretor Felipe Queiroz. As altera\u00e7\u00f5es [&hellip;]<\/p>\n","protected":false},"author":1,"featured_media":3307,"comment_status":"closed","ping_status":"closed","sticky":false,"template":"","format":"standard","meta":{"_monsterinsights_skip_tracking":false,"_monsterinsights_sitenote_active":false,"_monsterinsights_sitenote_note":"","_monsterinsights_sitenote_category":0,"footnotes":""},"categories":[7248,7250,1,7],"tags":[19,78,120,34,32,16,48,18,70],"class_list":["post-18694","post","type-post","status-publish","format-standard","has-post-thumbnail","hentry","category-cabecalho","category-destaque-lista","category-geral","category-infratransporte","tag-antt","tag-concessoes","tag-ferrovias","tag-infraestrutura","tag-investimentos","tag-ministerio-dos-transportes","tag-regulacao","tag-tcu","tag-transportes"],"yoast_head":"<!-- This site is optimized with the Yoast SEO Premium plugin v25.4 (Yoast SEO v26.0) - https:\/\/yoast.com\/wordpress\/plugins\/seo\/ -->\n<title>ANTT avalia altera\u00e7\u00f5es nas autoriza\u00e7\u00f5es ferrovi\u00e1rias em meio a press\u00e3o por mudan\u00e7as no setor - Ag\u00eancia iNFRA<\/title>\n<meta name=\"robots\" content=\"index, follow, max-snippet:-1, max-image-preview:large, max-video-preview:-1\" \/>\n<link rel=\"canonical\" href=\"https:\/\/agenciainfra.com\/blog\/antt-avalia-alteracoes-nas-autorizacoes-ferroviarias-em-meio-a-pressao-por-mudancas-no-setor\/\" \/>\n<meta property=\"og:locale\" content=\"pt_BR\" \/>\n<meta property=\"og:type\" content=\"article\" \/>\n<meta property=\"og:title\" content=\"ANTT avalia altera\u00e7\u00f5es nas autoriza\u00e7\u00f5es ferrovi\u00e1rias em meio a press\u00e3o por mudan\u00e7as no setor\" \/>\n<meta property=\"og:description\" content=\"da Ag\u00eancia iNFRA Os diretores da ANTT (Ag\u00eancia Nacional de Transportes Terrestres) devem analisar, na reuni\u00e3o de diretoria desta quinta-feira (3), \u00e0s 14h30, proposta de altera\u00e7\u00f5es no processo de requerimento de explora\u00e7\u00e3o ferrovi\u00e1ria mediante outorga por autoriza\u00e7\u00e3o e na minuta de contrato de ades\u00e3o. O processo tem como relator o diretor Felipe Queiroz. As altera\u00e7\u00f5es [&hellip;]\" \/>\n<meta property=\"og:url\" content=\"https:\/\/agenciainfra.com\/blog\/antt-avalia-alteracoes-nas-autorizacoes-ferroviarias-em-meio-a-pressao-por-mudancas-no-setor\/\" \/>\n<meta property=\"og:site_name\" content=\"Ag\u00eancia iNFRA\" \/>\n<meta property=\"article:publisher\" content=\"https:\/\/www.facebook.com\/ageninfra\" \/>\n<meta property=\"article:published_time\" content=\"2024-10-02T10:00:00+00:00\" \/>\n<meta property=\"og:image\" content=\"https:\/\/agenciainfra.com\/blog\/wp-content\/uploads\/2019\/06\/ferrovia-foto-ASRIC-EPL.jpeg\" \/>\n\t<meta property=\"og:image:width\" content=\"732\" \/>\n\t<meta property=\"og:image:height\" content=\"489\" \/>\n\t<meta property=\"og:image:type\" content=\"image\/jpeg\" \/>\n<meta name=\"author\" content=\"Ag\u00eancia iNFRA\" \/>\n<meta name=\"twitter:card\" content=\"summary_large_image\" \/>\n<meta name=\"twitter:creator\" content=\"@agencia_infra\" \/>\n<meta name=\"twitter:site\" content=\"@agencia_infra\" \/>\n<meta name=\"twitter:label1\" content=\"Escrito por\" \/>\n\t<meta name=\"twitter:data1\" content=\"Ag\u00eancia iNFRA\" \/>\n\t<meta name=\"twitter:label2\" content=\"Est. tempo de leitura\" \/>\n\t<meta name=\"twitter:data2\" content=\"4 minutos\" \/>\n<script type=\"application\/ld+json\" class=\"yoast-schema-graph\">{\"@context\":\"https:\/\/schema.org\",\"@graph\":[{\"@type\":\"Article\",\"@id\":\"https:\/\/agenciainfra.com\/blog\/antt-avalia-alteracoes-nas-autorizacoes-ferroviarias-em-meio-a-pressao-por-mudancas-no-setor\/#article\",\"isPartOf\":{\"@id\":\"https:\/\/agenciainfra.com\/blog\/antt-avalia-alteracoes-nas-autorizacoes-ferroviarias-em-meio-a-pressao-por-mudancas-no-setor\/\"},\"author\":{\"name\":\"Ag\u00eancia iNFRA\",\"@id\":\"https:\/\/agenciainfra.com\/blog\/#\/schema\/person\/34af08dff6adea4cb22b06612ba7acfa\"},\"headline\":\"ANTT avalia altera\u00e7\u00f5es nas autoriza\u00e7\u00f5es ferrovi\u00e1rias em meio a press\u00e3o por mudan\u00e7as no setor\",\"datePublished\":\"2024-10-02T10:00:00+00:00\",\"mainEntityOfPage\":{\"@id\":\"https:\/\/agenciainfra.com\/blog\/antt-avalia-alteracoes-nas-autorizacoes-ferroviarias-em-meio-a-pressao-por-mudancas-no-setor\/\"},\"wordCount\":786,\"publisher\":{\"@id\":\"https:\/\/agenciainfra.com\/blog\/#organization\"},\"image\":{\"@id\":\"https:\/\/agenciainfra.com\/blog\/antt-avalia-alteracoes-nas-autorizacoes-ferroviarias-em-meio-a-pressao-por-mudancas-no-setor\/#primaryimage\"},\"thumbnailUrl\":\"https:\/\/agenciainfra.com\/blog\/wp-content\/uploads\/2019\/06\/ferrovia-foto-ASRIC-EPL.jpeg\",\"keywords\":[\"ANTT\",\"concess\u00f5es\",\"Ferrovias\",\"Infraestrutura\",\"Investimentos\",\"minist\u00e9rio dos transportes\",\"Regula\u00e7\u00e3o\",\"TCU\",\"transportes\"],\"articleSection\":[\"Cabe\u00e7alho\",\"Destaque lista\",\"Geral\",\"iNFRATransporte\"],\"inLanguage\":\"pt-BR\",\"copyrightYear\":\"2024\",\"copyrightHolder\":{\"@id\":\"https:\/\/agenciainfra.com\/blog\/#organization\"}},{\"@type\":\"WebPage\",\"@id\":\"https:\/\/agenciainfra.com\/blog\/antt-avalia-alteracoes-nas-autorizacoes-ferroviarias-em-meio-a-pressao-por-mudancas-no-setor\/\",\"url\":\"https:\/\/agenciainfra.com\/blog\/antt-avalia-alteracoes-nas-autorizacoes-ferroviarias-em-meio-a-pressao-por-mudancas-no-setor\/\",\"name\":\"ANTT avalia altera\u00e7\u00f5es nas autoriza\u00e7\u00f5es ferrovi\u00e1rias em meio a press\u00e3o por mudan\u00e7as no setor - Ag\u00eancia iNFRA\",\"isPartOf\":{\"@id\":\"https:\/\/agenciainfra.com\/blog\/#website\"},\"primaryImageOfPage\":{\"@id\":\"https:\/\/agenciainfra.com\/blog\/antt-avalia-alteracoes-nas-autorizacoes-ferroviarias-em-meio-a-pressao-por-mudancas-no-setor\/#primaryimage\"},\"image\":{\"@id\":\"https:\/\/agenciainfra.com\/blog\/antt-avalia-alteracoes-nas-autorizacoes-ferroviarias-em-meio-a-pressao-por-mudancas-no-setor\/#primaryimage\"},\"thumbnailUrl\":\"https:\/\/agenciainfra.com\/blog\/wp-content\/uploads\/2019\/06\/ferrovia-foto-ASRIC-EPL.jpeg\",\"datePublished\":\"2024-10-02T10:00:00+00:00\",\"breadcrumb\":{\"@id\":\"https:\/\/agenciainfra.com\/blog\/antt-avalia-alteracoes-nas-autorizacoes-ferroviarias-em-meio-a-pressao-por-mudancas-no-setor\/#breadcrumb\"},\"inLanguage\":\"pt-BR\",\"potentialAction\":[{\"@type\":\"ReadAction\",\"target\":[\"https:\/\/agenciainfra.com\/blog\/antt-avalia-alteracoes-nas-autorizacoes-ferroviarias-em-meio-a-pressao-por-mudancas-no-setor\/\"]}]},{\"@type\":\"ImageObject\",\"inLanguage\":\"pt-BR\",\"@id\":\"https:\/\/agenciainfra.com\/blog\/antt-avalia-alteracoes-nas-autorizacoes-ferroviarias-em-meio-a-pressao-por-mudancas-no-setor\/#primaryimage\",\"url\":\"https:\/\/agenciainfra.com\/blog\/wp-content\/uploads\/2019\/06\/ferrovia-foto-ASRIC-EPL.jpeg\",\"contentUrl\":\"https:\/\/agenciainfra.com\/blog\/wp-content\/uploads\/2019\/06\/ferrovia-foto-ASRIC-EPL.jpeg\",\"width\":732,\"height\":489},{\"@type\":\"BreadcrumbList\",\"@id\":\"https:\/\/agenciainfra.com\/blog\/antt-avalia-alteracoes-nas-autorizacoes-ferroviarias-em-meio-a-pressao-por-mudancas-no-setor\/#breadcrumb\",\"itemListElement\":[{\"@type\":\"ListItem\",\"position\":1,\"name\":\"In\u00edcio\",\"item\":\"https:\/\/agenciainfra.com\/blog\/\"},{\"@type\":\"ListItem\",\"position\":2,\"name\":\"ANTT avalia altera\u00e7\u00f5es nas autoriza\u00e7\u00f5es ferrovi\u00e1rias em meio a press\u00e3o por mudan\u00e7as no setor\"}]},{\"@type\":\"WebSite\",\"@id\":\"https:\/\/agenciainfra.com\/blog\/#website\",\"url\":\"https:\/\/agenciainfra.com\/blog\/\",\"name\":\"Ag\u00eancia iNFRA\",\"description\":\"Multiplataforma de informa\u00e7\u00e3o jornal\u00edstica refer\u00eancia na \u00e1rea de infraestrutura no Brasil!\",\"publisher\":{\"@id\":\"https:\/\/agenciainfra.com\/blog\/#organization\"},\"potentialAction\":[{\"@type\":\"SearchAction\",\"target\":{\"@type\":\"EntryPoint\",\"urlTemplate\":\"https:\/\/agenciainfra.com\/blog\/?s={search_term_string}\"},\"query-input\":{\"@type\":\"PropertyValueSpecification\",\"valueRequired\":true,\"valueName\":\"search_term_string\"}}],\"inLanguage\":\"pt-BR\"},{\"@type\":\"Organization\",\"@id\":\"https:\/\/agenciainfra.com\/blog\/#organization\",\"name\":\"Ag\u00eancia iNFRA\",\"url\":\"https:\/\/agenciainfra.com\/blog\/\",\"logo\":{\"@type\":\"ImageObject\",\"inLanguage\":\"pt-BR\",\"@id\":\"https:\/\/agenciainfra.com\/blog\/#\/schema\/logo\/image\/\",\"url\":\"https:\/\/agenciainfra.com\/blog\/wp-content\/uploads\/2023\/09\/iNFRA_5-e1761735885940.png\",\"contentUrl\":\"https:\/\/agenciainfra.com\/blog\/wp-content\/uploads\/2023\/09\/iNFRA_5-e1761735885940.png\",\"width\":1672,\"height\":454,\"caption\":\"Ag\u00eancia iNFRA\"},\"image\":{\"@id\":\"https:\/\/agenciainfra.com\/blog\/#\/schema\/logo\/image\/\"},\"sameAs\":[\"https:\/\/www.facebook.com\/ageninfra\",\"https:\/\/x.com\/agencia_infra\",\"https:\/\/www.linkedin.com\/company\/ag\u00eanciainfra\/\",\"https:\/\/www.instagram.com\/agenciainfra\/\"]},{\"@type\":\"Person\",\"@id\":\"https:\/\/agenciainfra.com\/blog\/#\/schema\/person\/34af08dff6adea4cb22b06612ba7acfa\",\"name\":\"Ag\u00eancia iNFRA\",\"image\":{\"@type\":\"ImageObject\",\"inLanguage\":\"pt-BR\",\"@id\":\"https:\/\/agenciainfra.com\/blog\/#\/schema\/person\/image\/\",\"url\":\"https:\/\/secure.gravatar.com\/avatar\/d189e01678f06d8eb84d4e01f08eb848b3fffe3f8443818d3c356c66892f5be8?s=96&d=mm&r=g\",\"contentUrl\":\"https:\/\/secure.gravatar.com\/avatar\/d189e01678f06d8eb84d4e01f08eb848b3fffe3f8443818d3c356c66892f5be8?s=96&d=mm&r=g\",\"caption\":\"Ag\u00eancia iNFRA\"},\"url\":\"https:\/\/agenciainfra.com\/blog\/author\/admin\/\"}]}<\/script>\n<!-- \/ Yoast SEO Premium plugin. -->","yoast_head_json":{"title":"ANTT avalia altera\u00e7\u00f5es nas autoriza\u00e7\u00f5es ferrovi\u00e1rias em meio a press\u00e3o por mudan\u00e7as no setor - Ag\u00eancia iNFRA","robots":{"index":"index","follow":"follow","max-snippet":"max-snippet:-1","max-image-preview":"max-image-preview:large","max-video-preview":"max-video-preview:-1"},"canonical":"https:\/\/agenciainfra.com\/blog\/antt-avalia-alteracoes-nas-autorizacoes-ferroviarias-em-meio-a-pressao-por-mudancas-no-setor\/","og_locale":"pt_BR","og_type":"article","og_title":"ANTT avalia altera\u00e7\u00f5es nas autoriza\u00e7\u00f5es ferrovi\u00e1rias em meio a press\u00e3o por mudan\u00e7as no setor","og_description":"da Ag\u00eancia iNFRA Os diretores da ANTT (Ag\u00eancia Nacional de Transportes Terrestres) devem analisar, na reuni\u00e3o de diretoria desta quinta-feira (3), \u00e0s 14h30, proposta de altera\u00e7\u00f5es no processo de requerimento de explora\u00e7\u00e3o ferrovi\u00e1ria mediante outorga por autoriza\u00e7\u00e3o e na minuta de contrato de ades\u00e3o. O processo tem como relator o diretor Felipe Queiroz. As altera\u00e7\u00f5es [&hellip;]","og_url":"https:\/\/agenciainfra.com\/blog\/antt-avalia-alteracoes-nas-autorizacoes-ferroviarias-em-meio-a-pressao-por-mudancas-no-setor\/","og_site_name":"Ag\u00eancia iNFRA","article_publisher":"https:\/\/www.facebook.com\/ageninfra","article_published_time":"2024-10-02T10:00:00+00:00","og_image":[{"width":732,"height":489,"url":"https:\/\/agenciainfra.com\/blog\/wp-content\/uploads\/2019\/06\/ferrovia-foto-ASRIC-EPL.jpeg","type":"image\/jpeg"}],"author":"Ag\u00eancia iNFRA","twitter_card":"summary_large_image","twitter_creator":"@agencia_infra","twitter_site":"@agencia_infra","twitter_misc":{"Escrito por":"Ag\u00eancia iNFRA","Est. tempo de leitura":"4 minutos"},"schema":{"@context":"https:\/\/schema.org","@graph":[{"@type":"Article","@id":"https:\/\/agenciainfra.com\/blog\/antt-avalia-alteracoes-nas-autorizacoes-ferroviarias-em-meio-a-pressao-por-mudancas-no-setor\/#article","isPartOf":{"@id":"https:\/\/agenciainfra.com\/blog\/antt-avalia-alteracoes-nas-autorizacoes-ferroviarias-em-meio-a-pressao-por-mudancas-no-setor\/"},"author":{"name":"Ag\u00eancia iNFRA","@id":"https:\/\/agenciainfra.com\/blog\/#\/schema\/person\/34af08dff6adea4cb22b06612ba7acfa"},"headline":"ANTT avalia altera\u00e7\u00f5es nas autoriza\u00e7\u00f5es ferrovi\u00e1rias em meio a press\u00e3o por mudan\u00e7as no setor","datePublished":"2024-10-02T10:00:00+00:00","mainEntityOfPage":{"@id":"https:\/\/agenciainfra.com\/blog\/antt-avalia-alteracoes-nas-autorizacoes-ferroviarias-em-meio-a-pressao-por-mudancas-no-setor\/"},"wordCount":786,"publisher":{"@id":"https:\/\/agenciainfra.com\/blog\/#organization"},"image":{"@id":"https:\/\/agenciainfra.com\/blog\/antt-avalia-alteracoes-nas-autorizacoes-ferroviarias-em-meio-a-pressao-por-mudancas-no-setor\/#primaryimage"},"thumbnailUrl":"https:\/\/agenciainfra.com\/blog\/wp-content\/uploads\/2019\/06\/ferrovia-foto-ASRIC-EPL.jpeg","keywords":["ANTT","concess\u00f5es","Ferrovias","Infraestrutura","Investimentos","minist\u00e9rio dos transportes","Regula\u00e7\u00e3o","TCU","transportes"],"articleSection":["Cabe\u00e7alho","Destaque lista","Geral","iNFRATransporte"],"inLanguage":"pt-BR","copyrightYear":"2024","copyrightHolder":{"@id":"https:\/\/agenciainfra.com\/blog\/#organization"}},{"@type":"WebPage","@id":"https:\/\/agenciainfra.com\/blog\/antt-avalia-alteracoes-nas-autorizacoes-ferroviarias-em-meio-a-pressao-por-mudancas-no-setor\/","url":"https:\/\/agenciainfra.com\/blog\/antt-avalia-alteracoes-nas-autorizacoes-ferroviarias-em-meio-a-pressao-por-mudancas-no-setor\/","name":"ANTT avalia altera\u00e7\u00f5es nas autoriza\u00e7\u00f5es ferrovi\u00e1rias em meio a press\u00e3o por mudan\u00e7as no setor - Ag\u00eancia iNFRA","isPartOf":{"@id":"https:\/\/agenciainfra.com\/blog\/#website"},"primaryImageOfPage":{"@id":"https:\/\/agenciainfra.com\/blog\/antt-avalia-alteracoes-nas-autorizacoes-ferroviarias-em-meio-a-pressao-por-mudancas-no-setor\/#primaryimage"},"image":{"@id":"https:\/\/agenciainfra.com\/blog\/antt-avalia-alteracoes-nas-autorizacoes-ferroviarias-em-meio-a-pressao-por-mudancas-no-setor\/#primaryimage"},"thumbnailUrl":"https:\/\/agenciainfra.com\/blog\/wp-content\/uploads\/2019\/06\/ferrovia-foto-ASRIC-EPL.jpeg","datePublished":"2024-10-02T10:00:00+00:00","breadcrumb":{"@id":"https:\/\/agenciainfra.com\/blog\/antt-avalia-alteracoes-nas-autorizacoes-ferroviarias-em-meio-a-pressao-por-mudancas-no-setor\/#breadcrumb"},"inLanguage":"pt-BR","potentialAction":[{"@type":"ReadAction","target":["https:\/\/agenciainfra.com\/blog\/antt-avalia-alteracoes-nas-autorizacoes-ferroviarias-em-meio-a-pressao-por-mudancas-no-setor\/"]}]},{"@type":"ImageObject","inLanguage":"pt-BR","@id":"https:\/\/agenciainfra.com\/blog\/antt-avalia-alteracoes-nas-autorizacoes-ferroviarias-em-meio-a-pressao-por-mudancas-no-setor\/#primaryimage","url":"https:\/\/agenciainfra.com\/blog\/wp-content\/uploads\/2019\/06\/ferrovia-foto-ASRIC-EPL.jpeg","contentUrl":"https:\/\/agenciainfra.com\/blog\/wp-content\/uploads\/2019\/06\/ferrovia-foto-ASRIC-EPL.jpeg","width":732,"height":489},{"@type":"BreadcrumbList","@id":"https:\/\/agenciainfra.com\/blog\/antt-avalia-alteracoes-nas-autorizacoes-ferroviarias-em-meio-a-pressao-por-mudancas-no-setor\/#breadcrumb","itemListElement":[{"@type":"ListItem","position":1,"name":"In\u00edcio","item":"https:\/\/agenciainfra.com\/blog\/"},{"@type":"ListItem","position":2,"name":"ANTT avalia altera\u00e7\u00f5es nas autoriza\u00e7\u00f5es ferrovi\u00e1rias em meio a press\u00e3o por mudan\u00e7as no setor"}]},{"@type":"WebSite","@id":"https:\/\/agenciainfra.com\/blog\/#website","url":"https:\/\/agenciainfra.com\/blog\/","name":"Ag\u00eancia iNFRA","description":"Multiplataforma de informa\u00e7\u00e3o jornal\u00edstica refer\u00eancia na \u00e1rea de infraestrutura no Brasil!","publisher":{"@id":"https:\/\/agenciainfra.com\/blog\/#organization"},"potentialAction":[{"@type":"SearchAction","target":{"@type":"EntryPoint","urlTemplate":"https:\/\/agenciainfra.com\/blog\/?s={search_term_string}"},"query-input":{"@type":"PropertyValueSpecification","valueRequired":true,"valueName":"search_term_string"}}],"inLanguage":"pt-BR"},{"@type":"Organization","@id":"https:\/\/agenciainfra.com\/blog\/#organization","name":"Ag\u00eancia iNFRA","url":"https:\/\/agenciainfra.com\/blog\/","logo":{"@type":"ImageObject","inLanguage":"pt-BR","@id":"https:\/\/agenciainfra.com\/blog\/#\/schema\/logo\/image\/","url":"https:\/\/agenciainfra.com\/blog\/wp-content\/uploads\/2023\/09\/iNFRA_5-e1761735885940.png","contentUrl":"https:\/\/agenciainfra.com\/blog\/wp-content\/uploads\/2023\/09\/iNFRA_5-e1761735885940.png","width":1672,"height":454,"caption":"Ag\u00eancia iNFRA"},"image":{"@id":"https:\/\/agenciainfra.com\/blog\/#\/schema\/logo\/image\/"},"sameAs":["https:\/\/www.facebook.com\/ageninfra","https:\/\/x.com\/agencia_infra","https:\/\/www.linkedin.com\/company\/ag\u00eanciainfra\/","https:\/\/www.instagram.com\/agenciainfra\/"]},{"@type":"Person","@id":"https:\/\/agenciainfra.com\/blog\/#\/schema\/person\/34af08dff6adea4cb22b06612ba7acfa","name":"Ag\u00eancia iNFRA","image":{"@type":"ImageObject","inLanguage":"pt-BR","@id":"https:\/\/agenciainfra.com\/blog\/#\/schema\/person\/image\/","url":"https:\/\/secure.gravatar.com\/avatar\/d189e01678f06d8eb84d4e01f08eb848b3fffe3f8443818d3c356c66892f5be8?s=96&d=mm&r=g","contentUrl":"https:\/\/secure.gravatar.com\/avatar\/d189e01678f06d8eb84d4e01f08eb848b3fffe3f8443818d3c356c66892f5be8?s=96&d=mm&r=g","caption":"Ag\u00eancia iNFRA"},"url":"https:\/\/agenciainfra.com\/blog\/author\/admin\/"}]}},"_links":{"self":[{"href":"https:\/\/agenciainfra.com\/blog\/wp-json\/wp\/v2\/posts\/18694","targetHints":{"allow":["GET"]}}],"collection":[{"href":"https:\/\/agenciainfra.com\/blog\/wp-json\/wp\/v2\/posts"}],"about":[{"href":"https:\/\/agenciainfra.com\/blog\/wp-json\/wp\/v2\/types\/post"}],"author":[{"embeddable":true,"href":"https:\/\/agenciainfra.com\/blog\/wp-json\/wp\/v2\/users\/1"}],"replies":[{"embeddable":true,"href":"https:\/\/agenciainfra.com\/blog\/wp-json\/wp\/v2\/comments?post=18694"}],"version-history":[{"count":1,"href":"https:\/\/agenciainfra.com\/blog\/wp-json\/wp\/v2\/posts\/18694\/revisions"}],"predecessor-version":[{"id":18695,"href":"https:\/\/agenciainfra.com\/blog\/wp-json\/wp\/v2\/posts\/18694\/revisions\/18695"}],"wp:featuredmedia":[{"embeddable":true,"href":"https:\/\/agenciainfra.com\/blog\/wp-json\/wp\/v2\/media\/3307"}],"wp:attachment":[{"href":"https:\/\/agenciainfra.com\/blog\/wp-json\/wp\/v2\/media?parent=18694"}],"wp:term":[{"taxonomy":"category","embeddable":true,"href":"https:\/\/agenciainfra.com\/blog\/wp-json\/wp\/v2\/categories?post=18694"},{"taxonomy":"post_tag","embeddable":true,"href":"https:\/\/agenciainfra.com\/blog\/wp-json\/wp\/v2\/tags?post=18694"}],"curies":[{"name":"wp","href":"https:\/\/api.w.org\/{rel}","templated":true}]}}