{"id":18697,"date":"2024-10-01T10:00:00","date_gmt":"2024-10-01T13:00:00","guid":{"rendered":"https:\/\/agenciainfra.com\/blog\/?p=18697"},"modified":"2024-10-01T10:04:36","modified_gmt":"2024-10-01T13:04:36","slug":"cigas-requer-participacao-em-acao-ajuizada-pela-amazonas-energia","status":"publish","type":"post","link":"https:\/\/agenciainfra.com\/blog\/cigas-requer-participacao-em-acao-ajuizada-pela-amazonas-energia\/","title":{"rendered":"Cig\u00e1s requer participa\u00e7\u00e3o em a\u00e7\u00e3o ajuizada pela Amazonas Energia"},"content":{"rendered":"\n<p class=\"has-text-align-right\"><strong>Marisa Wanzeller e Leila Coimbra, da\u00a0Ag\u00eancia iNFRA<\/strong><\/p>\n\n\n\n<p>A Cig\u00e1s (Companhia de G\u00e1s do Amazonas)&nbsp;<a href=\"https:\/\/agenciainfra.us14.list-manage.com\/track\/click?u=d460dd1bcf9ba0ae040e1fc0f&amp;id=f4d829f611&amp;e=55b7a27fc9\" target=\"_blank\" rel=\"noreferrer noopener\">pediu participa\u00e7\u00e3o<\/a>&nbsp;como assistente da ANEEL (Ag\u00eancia Nacional de Energia El\u00e9trica) em&nbsp;<a href=\"https:\/\/agenciainfra.us14.list-manage.com\/track\/click?u=d460dd1bcf9ba0ae040e1fc0f&amp;id=6650c8deae&amp;e=55b7a27fc9\" target=\"_blank\" rel=\"noreferrer noopener\">a\u00e7\u00e3o ajuizada pela Amazonas Energia<\/a>, sobre transfer\u00eancia de controle da distribuidora e convers\u00e3o de contratos de usinas termel\u00e9tricas compradas da Eletrobras pelo grupo J&amp;F, dos irm\u00e3os Batista, em CERs (Contratos de Energia de Reserva).&nbsp;<\/p>\n\n\n\n<p>A companhia, que tem entre os s\u00f3cios o empres\u00e1rio Carlos Suarez, explora com exclusividade os servi\u00e7os locais de g\u00e1s canalizado no estado do Amazonas. No requerimento apresentado \u00e0 Justi\u00e7a no \u00faltimo domingo (29), pede que seja &#8220;previamente ouvida&#8221; antes da assinatura do Termo de Anu\u00eancia \u00e0 Convers\u00e3o dos CCVEs (Contratos de Compra e Venda de Energia) das t\u00e9rmicas da Eletrobras vendidas ao grupo J&amp;F em CER (Contrato de Energia de Reserva).&nbsp;<\/p>\n\n\n\n<p>O pedido faz coro ao entendimento do diretor da ANEEL Fernando Mosna, que relata o processo sobre o tema e apresentou voto neste sentido na \u00faltima sexta-feira (27).<\/p>\n\n\n\n<p>&#8220;\u00c9 importante pontuar que as cadeias de suprimento de g\u00e1s natural e as atividades de gera\u00e7\u00e3o, transmiss\u00e3o e distribui\u00e7\u00e3o de energia el\u00e9trica s\u00e3o extremamente complexas e intimamente relacionadas, de tal modo que qualquer delibera\u00e7\u00e3o que impacte os contratos de energia poder\u00e1 repercutir substancialmente na estabilidade e na opera\u00e7\u00e3o da cadeia de g\u00e1s, afetando a continuidade dos servi\u00e7os prestados aos consumidores&#8221;, diz o requerimento da Cig\u00e1s.<\/p>\n\n\n\n<p>A companhia destaca que tanto a transfer\u00eancia de controle da Amazonas quanto a convers\u00e3o dos contratos&nbsp;podem refletir nos compromissos contratuais e nas &#8220;controv\u00e9rsias jur\u00eddicas&#8221; existentes entre a Cigas, a Eletrobras e a Petrobras, relacionadas ao contrato vigente de compra e venda de g\u00e1s natural para fins de gera\u00e7\u00e3o de energia el\u00e9trica.&nbsp;<\/p>\n\n\n\n<p>Ambos os processos s\u00e3o respaldados pela&nbsp;<a href=\"https:\/\/agenciainfra.us14.list-manage.com\/track\/click?u=d460dd1bcf9ba0ae040e1fc0f&amp;id=2cb2b7183d&amp;e=55b7a27fc9\" target=\"_blank\" rel=\"noreferrer noopener\">MP (Medida Provis\u00f3ria) 1.232\/2024<\/a>, vigente at\u00e9 10 de outubro, segundo sistema do Congresso Nacional.&nbsp;<\/p>\n\n\n\n<p><strong>Decis\u00e3o judicial<\/strong><br>As partes envolvidas aguardam a ju\u00edza Jaiza Maria Pinto Fraxe, do TRF-1 (Tribunal Regional Federal da 1\u00aa Regi\u00e3o), manifestar-se ap\u00f3s peti\u00e7\u00e3o ajuizada pela Procuradoria Federal junto \u00e0 ANEEL na noite de domingo. Nela, os procuradores pedem que o tribunal fixe &#8220;prazo razo\u00e1vel&#8221; para que a diretoria da reguladora decida sobre a nova proposta de transfer\u00eancia de controle da Amazonas Energia, apresentada pelo grupo J&amp;F na \u00faltima semana.<br><br>Essa mesma proposta, contudo, j\u00e1 foi analisada favoravelmente em voto apresentado pela diretora Agnes Costa, acompanhada pelo diretor-geral, Sandoval Feitosa. J\u00e1 os diretores Fernando Mosna e Ricardo Tili votaram em outro sentido, contrariando essa tese. Com o empate, n\u00e3o houve decis\u00e3o a respeito e a determina\u00e7\u00e3o da Justi\u00e7a para a transfer\u00eancia do controle em 48 horas n\u00e3o ocorreu.<br><br>A peti\u00e7\u00e3o ajuizada solicita que seja afastada a alega\u00e7\u00e3o da Amazonas Energia quanto a descumprimento de decis\u00e3o judicial e destaca que a prerrogativa de determinar voto de qualidade do diretor-geral para o desempate \u00e9 do Poder Legislativo.<br><br>O Plen\u00e1rio do STF j\u00e1 formou maioria no sentido de que a institui\u00e7\u00e3o desse crit\u00e9rio de desempate \u00e9 escolha do Poder Legislativo, conforme discutido no \u00e2mbito do voto de qualidade do Carf (Conselho Administrativo de Recursos Fiscais), diz o documento.<br><br>O texto diz ainda que o pedido da Amazonas para que seja nomeado um interventor caso a reguladora n\u00e3o aprove a transfer\u00eancia em 24 horas contraria precedente j\u00e1 fixado.<\/p>\n\n\n\n<p><strong>Desembargador suspeito<\/strong><br>Nesta segunda-feira (30), o desembargador federal do TRF-1 Newton Campos&nbsp;<a href=\"https:\/\/agenciainfra.us14.list-manage.com\/track\/click?u=d460dd1bcf9ba0ae040e1fc0f&amp;id=95de896e1e&amp;e=55b7a27fc9\" target=\"_blank\" rel=\"noreferrer noopener\">declarou-se suspeito<\/a>&nbsp;para &#8220;processar e julgar&#8221; o recurso da ANEEL. O mesmo desembargador havia suspendido parcialmente decis\u00e3o de 23 de agosto que determinava \u00e0 ANEEL a regulamenta\u00e7\u00e3o da MP 1.232 em at\u00e9 72 horas sob pena de multa de R$ 1 milh\u00e3o, mais R$ 10 mil por dia a partir da intima\u00e7\u00e3o, a recair sobre patrim\u00f4nio pessoal do presidente e conselheiros da referida ag\u00eancia.&nbsp;<\/p>\n\n\n\n<p>Na ocasi\u00e3o, ap\u00f3s recurso, o desembargador definiu que n\u00e3o caberia a aplica\u00e7\u00e3o de multa pessoal aos diretores da ANEEL.&nbsp;<\/p>\n","protected":false},"excerpt":{"rendered":"<p>Marisa Wanzeller e Leila Coimbra, da\u00a0Ag\u00eancia iNFRA A Cig\u00e1s (Companhia de G\u00e1s do Amazonas)&nbsp;pediu participa\u00e7\u00e3o&nbsp;como assistente da ANEEL (Ag\u00eancia Nacional de Energia El\u00e9trica) em&nbsp;a\u00e7\u00e3o ajuizada pela Amazonas Energia, sobre transfer\u00eancia de controle da distribuidora e convers\u00e3o de contratos de usinas termel\u00e9tricas compradas da Eletrobras pelo grupo J&amp;F, dos irm\u00e3os Batista, em CERs (Contratos de Energia [&hellip;]<\/p>\n","protected":false},"author":1,"featured_media":5206,"comment_status":"closed","ping_status":"closed","sticky":false,"template":"","format":"standard","meta":{"_monsterinsights_skip_tracking":false,"_monsterinsights_sitenote_active":false,"_monsterinsights_sitenote_note":"","_monsterinsights_sitenote_category":0,"footnotes":""},"categories":[7250,1,10],"tags":[6800,144,53,11510,2026,11511,50,7014,11501,5482,1984,7366,5682,1026],"class_list":["post-18697","post","type-post","status-publish","format-standard","has-post-thumbnail","hentry","category-destaque-lista","category-geral","category-infraenergia","tag-agnes-costa","tag-amazonas-energia","tag-aneel","tag-carlos-suarez","tag-cigas","tag-contrato-de-energia-de-reserva","tag-eletrobras","tag-fernando-mosna","tag-irmaos-batista","tag-jf","tag-leila-coimbra","tag-marisa-wanzeller","tag-ricardo-tili","tag-sandoval-feitosa"],"yoast_head":"<!-- This site is optimized with the Yoast SEO Premium plugin v25.4 (Yoast SEO v26.0) - https:\/\/yoast.com\/wordpress\/plugins\/seo\/ -->\n<title>Cig\u00e1s requer participa\u00e7\u00e3o em a\u00e7\u00e3o ajuizada pela Amazonas Energia - Ag\u00eancia iNFRA<\/title>\n<meta name=\"robots\" content=\"index, follow, max-snippet:-1, max-image-preview:large, max-video-preview:-1\" \/>\n<link rel=\"canonical\" href=\"https:\/\/agenciainfra.com\/blog\/cigas-requer-participacao-em-acao-ajuizada-pela-amazonas-energia\/\" \/>\n<meta property=\"og:locale\" content=\"pt_BR\" \/>\n<meta property=\"og:type\" content=\"article\" \/>\n<meta property=\"og:title\" content=\"Cig\u00e1s requer participa\u00e7\u00e3o em a\u00e7\u00e3o ajuizada pela Amazonas Energia\" \/>\n<meta property=\"og:description\" content=\"Marisa Wanzeller e Leila Coimbra, da\u00a0Ag\u00eancia iNFRA A Cig\u00e1s (Companhia de G\u00e1s do Amazonas)&nbsp;pediu participa\u00e7\u00e3o&nbsp;como assistente da ANEEL (Ag\u00eancia Nacional de Energia El\u00e9trica) em&nbsp;a\u00e7\u00e3o ajuizada pela Amazonas Energia, sobre transfer\u00eancia de controle da distribuidora e convers\u00e3o de contratos de usinas termel\u00e9tricas compradas da Eletrobras pelo grupo J&amp;F, dos irm\u00e3os Batista, em CERs (Contratos de Energia [&hellip;]\" \/>\n<meta property=\"og:url\" content=\"https:\/\/agenciainfra.com\/blog\/cigas-requer-participacao-em-acao-ajuizada-pela-amazonas-energia\/\" \/>\n<meta property=\"og:site_name\" content=\"Ag\u00eancia iNFRA\" \/>\n<meta property=\"article:publisher\" content=\"https:\/\/www.facebook.com\/ageninfra\" \/>\n<meta property=\"article:published_time\" content=\"2024-10-01T13:00:00+00:00\" \/>\n<meta property=\"article:modified_time\" content=\"2024-10-01T13:04:36+00:00\" \/>\n<meta property=\"og:image\" content=\"https:\/\/agenciainfra.com\/blog\/wp-content\/uploads\/2020\/06\/mercado-de-gas-foto-cigas.png\" \/>\n\t<meta property=\"og:image:width\" content=\"1280\" \/>\n\t<meta property=\"og:image:height\" content=\"851\" \/>\n\t<meta property=\"og:image:type\" content=\"image\/png\" \/>\n<meta name=\"author\" content=\"Ag\u00eancia iNFRA\" \/>\n<meta name=\"twitter:card\" content=\"summary_large_image\" \/>\n<meta name=\"twitter:creator\" content=\"@agencia_infra\" \/>\n<meta name=\"twitter:site\" content=\"@agencia_infra\" \/>\n<meta name=\"twitter:label1\" content=\"Escrito por\" \/>\n\t<meta name=\"twitter:data1\" content=\"Ag\u00eancia iNFRA\" \/>\n\t<meta name=\"twitter:label2\" content=\"Est. tempo de leitura\" \/>\n\t<meta name=\"twitter:data2\" content=\"3 minutos\" \/>\n<script type=\"application\/ld+json\" class=\"yoast-schema-graph\">{\"@context\":\"https:\/\/schema.org\",\"@graph\":[{\"@type\":\"Article\",\"@id\":\"https:\/\/agenciainfra.com\/blog\/cigas-requer-participacao-em-acao-ajuizada-pela-amazonas-energia\/#article\",\"isPartOf\":{\"@id\":\"https:\/\/agenciainfra.com\/blog\/cigas-requer-participacao-em-acao-ajuizada-pela-amazonas-energia\/\"},\"author\":{\"name\":\"Ag\u00eancia iNFRA\",\"@id\":\"https:\/\/agenciainfra.com\/blog\/#\/schema\/person\/34af08dff6adea4cb22b06612ba7acfa\"},\"headline\":\"Cig\u00e1s requer participa\u00e7\u00e3o em a\u00e7\u00e3o ajuizada pela Amazonas Energia\",\"datePublished\":\"2024-10-01T13:00:00+00:00\",\"dateModified\":\"2024-10-01T13:04:36+00:00\",\"mainEntityOfPage\":{\"@id\":\"https:\/\/agenciainfra.com\/blog\/cigas-requer-participacao-em-acao-ajuizada-pela-amazonas-energia\/\"},\"wordCount\":706,\"publisher\":{\"@id\":\"https:\/\/agenciainfra.com\/blog\/#organization\"},\"image\":{\"@id\":\"https:\/\/agenciainfra.com\/blog\/cigas-requer-participacao-em-acao-ajuizada-pela-amazonas-energia\/#primaryimage\"},\"thumbnailUrl\":\"https:\/\/agenciainfra.com\/blog\/wp-content\/uploads\/2020\/06\/mercado-de-gas-foto-cigas.png\",\"keywords\":[\"Agnes Costa\",\"Amazonas Energia\",\"ANEEL\",\"Carlos Suarez\",\"Cig\u00e1s\",\"Contrato de Energia de Reserva\",\"Eletrobras\",\"Fernando Mosna\",\"irm\u00e3os batista\",\"J&amp;F\",\"Leila Coimbra\",\"Marisa Wanzeller\",\"Ricardo Tili\",\"Sandoval Feitosa\"],\"articleSection\":[\"Destaque lista\",\"Geral\",\"iNFRAEnergia\"],\"inLanguage\":\"pt-BR\",\"copyrightYear\":\"2024\",\"copyrightHolder\":{\"@id\":\"https:\/\/agenciainfra.com\/blog\/#organization\"}},{\"@type\":\"WebPage\",\"@id\":\"https:\/\/agenciainfra.com\/blog\/cigas-requer-participacao-em-acao-ajuizada-pela-amazonas-energia\/\",\"url\":\"https:\/\/agenciainfra.com\/blog\/cigas-requer-participacao-em-acao-ajuizada-pela-amazonas-energia\/\",\"name\":\"Cig\u00e1s requer participa\u00e7\u00e3o em a\u00e7\u00e3o ajuizada pela Amazonas Energia - Ag\u00eancia iNFRA\",\"isPartOf\":{\"@id\":\"https:\/\/agenciainfra.com\/blog\/#website\"},\"primaryImageOfPage\":{\"@id\":\"https:\/\/agenciainfra.com\/blog\/cigas-requer-participacao-em-acao-ajuizada-pela-amazonas-energia\/#primaryimage\"},\"image\":{\"@id\":\"https:\/\/agenciainfra.com\/blog\/cigas-requer-participacao-em-acao-ajuizada-pela-amazonas-energia\/#primaryimage\"},\"thumbnailUrl\":\"https:\/\/agenciainfra.com\/blog\/wp-content\/uploads\/2020\/06\/mercado-de-gas-foto-cigas.png\",\"datePublished\":\"2024-10-01T13:00:00+00:00\",\"dateModified\":\"2024-10-01T13:04:36+00:00\",\"breadcrumb\":{\"@id\":\"https:\/\/agenciainfra.com\/blog\/cigas-requer-participacao-em-acao-ajuizada-pela-amazonas-energia\/#breadcrumb\"},\"inLanguage\":\"pt-BR\",\"potentialAction\":[{\"@type\":\"ReadAction\",\"target\":[\"https:\/\/agenciainfra.com\/blog\/cigas-requer-participacao-em-acao-ajuizada-pela-amazonas-energia\/\"]}]},{\"@type\":\"ImageObject\",\"inLanguage\":\"pt-BR\",\"@id\":\"https:\/\/agenciainfra.com\/blog\/cigas-requer-participacao-em-acao-ajuizada-pela-amazonas-energia\/#primaryimage\",\"url\":\"https:\/\/agenciainfra.com\/blog\/wp-content\/uploads\/2020\/06\/mercado-de-gas-foto-cigas.png\",\"contentUrl\":\"https:\/\/agenciainfra.com\/blog\/wp-content\/uploads\/2020\/06\/mercado-de-gas-foto-cigas.png\",\"width\":1280,\"height\":851},{\"@type\":\"BreadcrumbList\",\"@id\":\"https:\/\/agenciainfra.com\/blog\/cigas-requer-participacao-em-acao-ajuizada-pela-amazonas-energia\/#breadcrumb\",\"itemListElement\":[{\"@type\":\"ListItem\",\"position\":1,\"name\":\"In\u00edcio\",\"item\":\"https:\/\/agenciainfra.com\/blog\/\"},{\"@type\":\"ListItem\",\"position\":2,\"name\":\"Cig\u00e1s requer participa\u00e7\u00e3o em a\u00e7\u00e3o ajuizada pela Amazonas Energia\"}]},{\"@type\":\"WebSite\",\"@id\":\"https:\/\/agenciainfra.com\/blog\/#website\",\"url\":\"https:\/\/agenciainfra.com\/blog\/\",\"name\":\"Ag\u00eancia iNFRA\",\"description\":\"Multiplataforma de informa\u00e7\u00e3o jornal\u00edstica refer\u00eancia na \u00e1rea de infraestrutura no Brasil!\",\"publisher\":{\"@id\":\"https:\/\/agenciainfra.com\/blog\/#organization\"},\"potentialAction\":[{\"@type\":\"SearchAction\",\"target\":{\"@type\":\"EntryPoint\",\"urlTemplate\":\"https:\/\/agenciainfra.com\/blog\/?s={search_term_string}\"},\"query-input\":{\"@type\":\"PropertyValueSpecification\",\"valueRequired\":true,\"valueName\":\"search_term_string\"}}],\"inLanguage\":\"pt-BR\"},{\"@type\":\"Organization\",\"@id\":\"https:\/\/agenciainfra.com\/blog\/#organization\",\"name\":\"Ag\u00eancia iNFRA\",\"url\":\"https:\/\/agenciainfra.com\/blog\/\",\"logo\":{\"@type\":\"ImageObject\",\"inLanguage\":\"pt-BR\",\"@id\":\"https:\/\/agenciainfra.com\/blog\/#\/schema\/logo\/image\/\",\"url\":\"https:\/\/agenciainfra.com\/blog\/wp-content\/uploads\/2023\/09\/iNFRA_5-e1761735885940.png\",\"contentUrl\":\"https:\/\/agenciainfra.com\/blog\/wp-content\/uploads\/2023\/09\/iNFRA_5-e1761735885940.png\",\"width\":1672,\"height\":454,\"caption\":\"Ag\u00eancia iNFRA\"},\"image\":{\"@id\":\"https:\/\/agenciainfra.com\/blog\/#\/schema\/logo\/image\/\"},\"sameAs\":[\"https:\/\/www.facebook.com\/ageninfra\",\"https:\/\/x.com\/agencia_infra\",\"https:\/\/www.linkedin.com\/company\/ag\u00eanciainfra\/\",\"https:\/\/www.instagram.com\/agenciainfra\/\"]},{\"@type\":\"Person\",\"@id\":\"https:\/\/agenciainfra.com\/blog\/#\/schema\/person\/34af08dff6adea4cb22b06612ba7acfa\",\"name\":\"Ag\u00eancia iNFRA\",\"image\":{\"@type\":\"ImageObject\",\"inLanguage\":\"pt-BR\",\"@id\":\"https:\/\/agenciainfra.com\/blog\/#\/schema\/person\/image\/\",\"url\":\"https:\/\/secure.gravatar.com\/avatar\/d189e01678f06d8eb84d4e01f08eb848b3fffe3f8443818d3c356c66892f5be8?s=96&d=mm&r=g\",\"contentUrl\":\"https:\/\/secure.gravatar.com\/avatar\/d189e01678f06d8eb84d4e01f08eb848b3fffe3f8443818d3c356c66892f5be8?s=96&d=mm&r=g\",\"caption\":\"Ag\u00eancia iNFRA\"},\"url\":\"https:\/\/agenciainfra.com\/blog\/author\/admin\/\"}]}<\/script>\n<!-- \/ Yoast SEO Premium plugin. -->","yoast_head_json":{"title":"Cig\u00e1s requer participa\u00e7\u00e3o em a\u00e7\u00e3o ajuizada pela Amazonas Energia - Ag\u00eancia iNFRA","robots":{"index":"index","follow":"follow","max-snippet":"max-snippet:-1","max-image-preview":"max-image-preview:large","max-video-preview":"max-video-preview:-1"},"canonical":"https:\/\/agenciainfra.com\/blog\/cigas-requer-participacao-em-acao-ajuizada-pela-amazonas-energia\/","og_locale":"pt_BR","og_type":"article","og_title":"Cig\u00e1s requer participa\u00e7\u00e3o em a\u00e7\u00e3o ajuizada pela Amazonas Energia","og_description":"Marisa Wanzeller e Leila Coimbra, da\u00a0Ag\u00eancia iNFRA A Cig\u00e1s (Companhia de G\u00e1s do Amazonas)&nbsp;pediu participa\u00e7\u00e3o&nbsp;como assistente da ANEEL (Ag\u00eancia Nacional de Energia El\u00e9trica) em&nbsp;a\u00e7\u00e3o ajuizada pela Amazonas Energia, sobre transfer\u00eancia de controle da distribuidora e convers\u00e3o de contratos de usinas termel\u00e9tricas compradas da Eletrobras pelo grupo J&amp;F, dos irm\u00e3os Batista, em CERs (Contratos de Energia [&hellip;]","og_url":"https:\/\/agenciainfra.com\/blog\/cigas-requer-participacao-em-acao-ajuizada-pela-amazonas-energia\/","og_site_name":"Ag\u00eancia iNFRA","article_publisher":"https:\/\/www.facebook.com\/ageninfra","article_published_time":"2024-10-01T13:00:00+00:00","article_modified_time":"2024-10-01T13:04:36+00:00","og_image":[{"width":1280,"height":851,"url":"https:\/\/agenciainfra.com\/blog\/wp-content\/uploads\/2020\/06\/mercado-de-gas-foto-cigas.png","type":"image\/png"}],"author":"Ag\u00eancia iNFRA","twitter_card":"summary_large_image","twitter_creator":"@agencia_infra","twitter_site":"@agencia_infra","twitter_misc":{"Escrito por":"Ag\u00eancia iNFRA","Est. tempo de leitura":"3 minutos"},"schema":{"@context":"https:\/\/schema.org","@graph":[{"@type":"Article","@id":"https:\/\/agenciainfra.com\/blog\/cigas-requer-participacao-em-acao-ajuizada-pela-amazonas-energia\/#article","isPartOf":{"@id":"https:\/\/agenciainfra.com\/blog\/cigas-requer-participacao-em-acao-ajuizada-pela-amazonas-energia\/"},"author":{"name":"Ag\u00eancia iNFRA","@id":"https:\/\/agenciainfra.com\/blog\/#\/schema\/person\/34af08dff6adea4cb22b06612ba7acfa"},"headline":"Cig\u00e1s requer participa\u00e7\u00e3o em a\u00e7\u00e3o ajuizada pela Amazonas Energia","datePublished":"2024-10-01T13:00:00+00:00","dateModified":"2024-10-01T13:04:36+00:00","mainEntityOfPage":{"@id":"https:\/\/agenciainfra.com\/blog\/cigas-requer-participacao-em-acao-ajuizada-pela-amazonas-energia\/"},"wordCount":706,"publisher":{"@id":"https:\/\/agenciainfra.com\/blog\/#organization"},"image":{"@id":"https:\/\/agenciainfra.com\/blog\/cigas-requer-participacao-em-acao-ajuizada-pela-amazonas-energia\/#primaryimage"},"thumbnailUrl":"https:\/\/agenciainfra.com\/blog\/wp-content\/uploads\/2020\/06\/mercado-de-gas-foto-cigas.png","keywords":["Agnes Costa","Amazonas Energia","ANEEL","Carlos Suarez","Cig\u00e1s","Contrato de Energia de Reserva","Eletrobras","Fernando Mosna","irm\u00e3os batista","J&amp;F","Leila Coimbra","Marisa Wanzeller","Ricardo Tili","Sandoval Feitosa"],"articleSection":["Destaque lista","Geral","iNFRAEnergia"],"inLanguage":"pt-BR","copyrightYear":"2024","copyrightHolder":{"@id":"https:\/\/agenciainfra.com\/blog\/#organization"}},{"@type":"WebPage","@id":"https:\/\/agenciainfra.com\/blog\/cigas-requer-participacao-em-acao-ajuizada-pela-amazonas-energia\/","url":"https:\/\/agenciainfra.com\/blog\/cigas-requer-participacao-em-acao-ajuizada-pela-amazonas-energia\/","name":"Cig\u00e1s requer participa\u00e7\u00e3o em a\u00e7\u00e3o ajuizada pela Amazonas Energia - Ag\u00eancia iNFRA","isPartOf":{"@id":"https:\/\/agenciainfra.com\/blog\/#website"},"primaryImageOfPage":{"@id":"https:\/\/agenciainfra.com\/blog\/cigas-requer-participacao-em-acao-ajuizada-pela-amazonas-energia\/#primaryimage"},"image":{"@id":"https:\/\/agenciainfra.com\/blog\/cigas-requer-participacao-em-acao-ajuizada-pela-amazonas-energia\/#primaryimage"},"thumbnailUrl":"https:\/\/agenciainfra.com\/blog\/wp-content\/uploads\/2020\/06\/mercado-de-gas-foto-cigas.png","datePublished":"2024-10-01T13:00:00+00:00","dateModified":"2024-10-01T13:04:36+00:00","breadcrumb":{"@id":"https:\/\/agenciainfra.com\/blog\/cigas-requer-participacao-em-acao-ajuizada-pela-amazonas-energia\/#breadcrumb"},"inLanguage":"pt-BR","potentialAction":[{"@type":"ReadAction","target":["https:\/\/agenciainfra.com\/blog\/cigas-requer-participacao-em-acao-ajuizada-pela-amazonas-energia\/"]}]},{"@type":"ImageObject","inLanguage":"pt-BR","@id":"https:\/\/agenciainfra.com\/blog\/cigas-requer-participacao-em-acao-ajuizada-pela-amazonas-energia\/#primaryimage","url":"https:\/\/agenciainfra.com\/blog\/wp-content\/uploads\/2020\/06\/mercado-de-gas-foto-cigas.png","contentUrl":"https:\/\/agenciainfra.com\/blog\/wp-content\/uploads\/2020\/06\/mercado-de-gas-foto-cigas.png","width":1280,"height":851},{"@type":"BreadcrumbList","@id":"https:\/\/agenciainfra.com\/blog\/cigas-requer-participacao-em-acao-ajuizada-pela-amazonas-energia\/#breadcrumb","itemListElement":[{"@type":"ListItem","position":1,"name":"In\u00edcio","item":"https:\/\/agenciainfra.com\/blog\/"},{"@type":"ListItem","position":2,"name":"Cig\u00e1s requer participa\u00e7\u00e3o em a\u00e7\u00e3o ajuizada pela Amazonas Energia"}]},{"@type":"WebSite","@id":"https:\/\/agenciainfra.com\/blog\/#website","url":"https:\/\/agenciainfra.com\/blog\/","name":"Ag\u00eancia iNFRA","description":"Multiplataforma de informa\u00e7\u00e3o jornal\u00edstica refer\u00eancia na \u00e1rea de infraestrutura no Brasil!","publisher":{"@id":"https:\/\/agenciainfra.com\/blog\/#organization"},"potentialAction":[{"@type":"SearchAction","target":{"@type":"EntryPoint","urlTemplate":"https:\/\/agenciainfra.com\/blog\/?s={search_term_string}"},"query-input":{"@type":"PropertyValueSpecification","valueRequired":true,"valueName":"search_term_string"}}],"inLanguage":"pt-BR"},{"@type":"Organization","@id":"https:\/\/agenciainfra.com\/blog\/#organization","name":"Ag\u00eancia iNFRA","url":"https:\/\/agenciainfra.com\/blog\/","logo":{"@type":"ImageObject","inLanguage":"pt-BR","@id":"https:\/\/agenciainfra.com\/blog\/#\/schema\/logo\/image\/","url":"https:\/\/agenciainfra.com\/blog\/wp-content\/uploads\/2023\/09\/iNFRA_5-e1761735885940.png","contentUrl":"https:\/\/agenciainfra.com\/blog\/wp-content\/uploads\/2023\/09\/iNFRA_5-e1761735885940.png","width":1672,"height":454,"caption":"Ag\u00eancia iNFRA"},"image":{"@id":"https:\/\/agenciainfra.com\/blog\/#\/schema\/logo\/image\/"},"sameAs":["https:\/\/www.facebook.com\/ageninfra","https:\/\/x.com\/agencia_infra","https:\/\/www.linkedin.com\/company\/ag\u00eanciainfra\/","https:\/\/www.instagram.com\/agenciainfra\/"]},{"@type":"Person","@id":"https:\/\/agenciainfra.com\/blog\/#\/schema\/person\/34af08dff6adea4cb22b06612ba7acfa","name":"Ag\u00eancia iNFRA","image":{"@type":"ImageObject","inLanguage":"pt-BR","@id":"https:\/\/agenciainfra.com\/blog\/#\/schema\/person\/image\/","url":"https:\/\/secure.gravatar.com\/avatar\/d189e01678f06d8eb84d4e01f08eb848b3fffe3f8443818d3c356c66892f5be8?s=96&d=mm&r=g","contentUrl":"https:\/\/secure.gravatar.com\/avatar\/d189e01678f06d8eb84d4e01f08eb848b3fffe3f8443818d3c356c66892f5be8?s=96&d=mm&r=g","caption":"Ag\u00eancia iNFRA"},"url":"https:\/\/agenciainfra.com\/blog\/author\/admin\/"}]}},"_links":{"self":[{"href":"https:\/\/agenciainfra.com\/blog\/wp-json\/wp\/v2\/posts\/18697","targetHints":{"allow":["GET"]}}],"collection":[{"href":"https:\/\/agenciainfra.com\/blog\/wp-json\/wp\/v2\/posts"}],"about":[{"href":"https:\/\/agenciainfra.com\/blog\/wp-json\/wp\/v2\/types\/post"}],"author":[{"embeddable":true,"href":"https:\/\/agenciainfra.com\/blog\/wp-json\/wp\/v2\/users\/1"}],"replies":[{"embeddable":true,"href":"https:\/\/agenciainfra.com\/blog\/wp-json\/wp\/v2\/comments?post=18697"}],"version-history":[{"count":1,"href":"https:\/\/agenciainfra.com\/blog\/wp-json\/wp\/v2\/posts\/18697\/revisions"}],"predecessor-version":[{"id":18698,"href":"https:\/\/agenciainfra.com\/blog\/wp-json\/wp\/v2\/posts\/18697\/revisions\/18698"}],"wp:featuredmedia":[{"embeddable":true,"href":"https:\/\/agenciainfra.com\/blog\/wp-json\/wp\/v2\/media\/5206"}],"wp:attachment":[{"href":"https:\/\/agenciainfra.com\/blog\/wp-json\/wp\/v2\/media?parent=18697"}],"wp:term":[{"taxonomy":"category","embeddable":true,"href":"https:\/\/agenciainfra.com\/blog\/wp-json\/wp\/v2\/categories?post=18697"},{"taxonomy":"post_tag","embeddable":true,"href":"https:\/\/agenciainfra.com\/blog\/wp-json\/wp\/v2\/tags?post=18697"}],"curies":[{"name":"wp","href":"https:\/\/api.w.org\/{rel}","templated":true}]}}