{"id":18699,"date":"2024-10-01T13:00:00","date_gmt":"2024-10-01T16:00:00","guid":{"rendered":"https:\/\/agenciainfra.com\/blog\/?p=18699"},"modified":"2025-11-24T10:26:13","modified_gmt":"2025-11-24T13:26:13","slug":"opiniao-armazenamento-hidraulico-como-alternativa-para-confiabilidade-do-setor-eletrico","status":"publish","type":"post","link":"https:\/\/agenciainfra.com\/blog\/opiniao-armazenamento-hidraulico-como-alternativa-para-confiabilidade-do-setor-eletrico\/","title":{"rendered":"Opini\u00e3o \u2013 Armazenamento hidr\u00e1ulico como alternativa para confiabilidade do setor el\u00e9trico"},"content":{"rendered":"\n<p class=\"has-text-align-right\"><strong>Marisete Pereira Dadald*<\/strong><\/p>\n\n\n\n<p>Em 27 de setembro de 2024, o MME (Minist\u00e9rio de Minas e Energia) instaurou a Consulta P\u00fablica 176\/2024, para receber contribui\u00e7\u00f5es \u00e0 minuta de Portaria de Diretrizes para o LRCAP Armazenamento 2025, leil\u00e3o de reserva de capacidade na forma de pot\u00eancia, com sistemas de armazenamento, previsto para 2025.<\/p>\n\n\n\n<p>Essa \u00e9 uma discuss\u00e3o relevante e necess\u00e1ria para o pa\u00eds, uma vez que os estudos, tanto da EPE (Empresa de Pesquisa Energ\u00e9tica) por meio do caderno de estudo do PDE (Plano Decenal de Expans\u00e3o de Energia) 2034, como do ONS (Operador Nacional do Sistema El\u00e9trico) por meio do PEN (Plano da Opera\u00e7\u00e3o Energ\u00e9tica) 2024, divulgado em 3 de setembro, indicam necessidade de pot\u00eancia para o atendimento aos hor\u00e1rios de maior consumo, considerando que nossa matriz el\u00e9trica vem passando por mudan\u00e7as significativas e precisar\u00e1 cada vez mais desse recurso de pot\u00eancia para garantir o atendimento \u00e0s demandas de energia.<\/p>\n\n\n\n<p>Contudo, h\u00e1 que se mencionar que a participa\u00e7\u00e3o para este certame, conforme proposta do MME, est\u00e1 restrita a sistemas de armazenamento por meio de baterias qu\u00edmicas, desconsiderando os sistemas de armazenamento hidr\u00e1ulico \u2013 usinas revers\u00edveis ou tecnologia de bombeamento \u2013 que possuem caracter\u00edsticas \u00fanicas em rela\u00e7\u00e3o ao custo e \u00e0 vida \u00fatil secular, assim como as usinas hidrel\u00e9tricas tradicionais. Em compensa\u00e7\u00e3o, as baterias qu\u00edmicas possuem vida \u00fatil reduzida, devendo ser considerado o descarte, a destina\u00e7\u00e3o final ou a reciclagem desses equipamentos.<\/p>\n\n\n\n<p>Por meio da Nota T\u00e9cnica n\u00ba 125\/2024\/DPOG\/SNTEP, que subsidia a minuta da Portaria em discuss\u00e3o, o MME aponta que \u201c<em>a inser\u00e7\u00e3o desses sistemas na matriz el\u00e9trica brasileira tem ganhado destaque nas discuss\u00f5es do Planejamento do Setor El\u00e9trico nos \u00faltimos anos, devido \u00e0 sua <strong>capacidade de resposta instant\u00e2nea, flexibilidade operativa e locacional<\/strong><\/em>\u201d<em>. <\/em>E complementa que \u201c<em>esses sistemas s\u00e3o considerados potenciais candidatos para diversas aplica\u00e7\u00f5es no setor el\u00e9trico brasileiro, incluindo o <strong>provimento de capacidade de ponta<\/strong>. Al\u00e9m disso, o armazenamento de energia el\u00e9trica por meio de baterias <strong>j\u00e1 \u00e9 uma solu\u00e7\u00e3o amplamente adotada globalmente<\/strong> para m\u00faltiplas finalidades, como a oferta de servi\u00e7os ancilares<\/em>.<\/p>\n\n\n\n<p>Sobre esses aspectos, ressalte-se que os sistemas de armazenamento hidr\u00e1ulico s\u00e3o baterias naturais, provedores de flexibilidade e atendimento \u00e0 ponta de demanda, ou seja, fornecem plenamente todos esses servi\u00e7os prestados pelas baterias, diferenciando-se dessas \u00faltimas pelo seu baixo custo com longa vida \u00fatil. Essas usinas fazem o bombeamento de \u00e1gua para um reservat\u00f3rio superior em momentos de baixa demanda ou de excesso de oferta, e a liberam para gerar energia em per\u00edodos de alta demanda, garantindo a capacidade de suprimento de pot\u00eancia ao sistema.<\/p>\n\n\n\n<p>De acordo com a International Hydropower Association \u2013 IHA, esses sistemas representam atualmente a maior tecnologia nesse segmento do mundo, respondendo por mais de 90% do armazenamento de energia, superando em grande medida o sistema de baterias.<\/p>\n\n\n\n<p>As usinas revers\u00edveis s\u00e3o uma tecnologia existente, mas ainda pouco explorada pelo Brasil, e precisa ser endere\u00e7ada por meio de contrata\u00e7\u00e3o competitiva, valendo-nos do modelo brasileiro bem sucedido de leil\u00f5es, a exemplo do anunciado leil\u00e3o de baterias, pois o pa\u00eds possui um potencial estimado de 38 GW, em uma avalia\u00e7\u00e3o conservadora. Desse potencial, alguns projetos j\u00e1 possuem mapeamento da localiza\u00e7\u00e3o para implanta\u00e7\u00e3o em est\u00e1gio mais avan\u00e7ado, portanto, se esse produto integrar o leil\u00e3o de armazenamento a ser realizado pelo MME em 2025, poder\u00edamos introduzir essa tecnologia na nossa matriz. E, vejam, no mundo, essa tecnologia representa hoje 179 GW de capacidade, com previs\u00e3o de crescimento de 50% at\u00e9 2030 (240 GW). Somente na China \u2013 pa\u00eds com grandes investimentos nesse segmento \u2013 existe hoje cerca de 90 GW de projetos em desenvolvimento. Contarmos com sistemas de armazenamento hidr\u00e1ulico a partir de julho de 2029 \u00e9 poss\u00edvel e um produto para tanto no leil\u00e3o de 2025 poderia revelar tal viabilidade.<\/p>\n\n\n\n<p>Por outro lado, a ind\u00fastria nacional tem exportado equipamentos e tecnologia para outros pa\u00edses que est\u00e3o investindo nesses sistemas de armazenamento hidr\u00e1ulico como uma solu\u00e7\u00e3o de baixo custo e de longa vida \u00fatil, ou seja, a capacidade brasileira de fazer investimentos internos nesse segmento est\u00e1 subutilizada. Em contrapartida, temos importado baterias de outros pa\u00edses, como a China.<\/p>\n\n\n\n<p>\u00c9 importante mencionar que no atual contexto de transi\u00e7\u00e3o energ\u00e9tica, com a descarboniza\u00e7\u00e3o e transforma\u00e7\u00e3o da matriz el\u00e9trica brasileira, a partir da entrada massiva de fontes intermitentes de energia \u2013 majoritariamente representadas pelas fontes e\u00f3lica e solar \u2013 os sistemas de armazenamento, tanto hidr\u00e1ulico como por meio de baterias, ter\u00e3o grande relev\u00e2ncia na manuten\u00e7\u00e3o da confiabilidade do sistema, presta\u00e7\u00e3o de servi\u00e7os ancilares e na modularidade de baixo impacto ambiental, pois possuem alta densidade de energia e baixo tempo de resposta operativa. Em Portugal, por exemplo, as usinas revers\u00edveis possuem capacidade instalada de 6 GW e s\u00e3o utilizadas estrategicamente para aumentar a penetra\u00e7\u00e3o de fontes renov\u00e1veis com caracter\u00edsticas de variabilidade.<\/p>\n\n\n\n<p>Diante de um cen\u00e1rio iminente de necessidade de recursos que disponibilizem para o sistema flexibilidade, capacidade de resposta instant\u00e2nea e de atendimento \u00e0 ponta, a tecnologia de usinas revers\u00edveis ou bombeamento \u00e9 uma solu\u00e7\u00e3o que n\u00e3o pode deixar de ser considerada pelo planejador e executor da pol\u00edtica p\u00fablica, principalmente por agregar o bin\u00f4mio seguran\u00e7a com modicidade tarif\u00e1ria, al\u00e9m de&nbsp; favorecer grandes investimentos ao pa\u00eds, gerar emprego e renda, e garantir a manuten\u00e7\u00e3o da confiabilidade do sistema el\u00e9trico brasileiro.<\/p>\n\n\n\n<p>*<strong>Marisete Pereira Dadald<\/strong>\u00a0\u00e9 presidente da Abrage (Associa\u00e7\u00e3o Brasileira das Empresas Geradoras de Energia El\u00e9trica) e ex-secret\u00e1ria executiva do MME (Minist\u00e9rio de Minas e Energia).<\/p>\n\n\n\n<p class=\"has-luminous-vivid-orange-color has-text-color has-link-color wp-elements-fd3f544adf696c46a4d36363cd72c59e\">As opini\u00f5es dos autores n\u00e3o refletem necessariamente o pensamento da<strong> Ag\u00eancia iNFRA<\/strong>, sendo de total responsabilidade do autor as informa\u00e7\u00f5es, ju\u00edzos de valor e conceitos descritos no texto.<\/p>\n","protected":false},"excerpt":{"rendered":"<p>Marisete Pereira Dadald* Em 27 de setembro de 2024, o MME (Minist\u00e9rio de Minas e Energia) instaurou a Consulta P\u00fablica 176\/2024, para receber contribui\u00e7\u00f5es \u00e0 minuta de Portaria de Diretrizes para o LRCAP Armazenamento 2025, leil\u00e3o de reserva de capacidade na forma de pot\u00eancia, com sistemas de armazenamento, previsto para 2025. Essa \u00e9 uma discuss\u00e3o [&hellip;]<\/p>\n","protected":false},"author":1,"featured_media":17167,"comment_status":"closed","ping_status":"closed","sticky":false,"template":"","format":"standard","meta":{"_monsterinsights_skip_tracking":false,"_monsterinsights_sitenote_active":false,"_monsterinsights_sitenote_note":"","_monsterinsights_sitenote_category":0,"footnotes":""},"categories":[7250,1,10,10040],"tags":[5189,12,254,11465,9822,1002,11512,11513,71,216,11515,11514,54,2006],"class_list":["post-18699","post","type-post","status-publish","format-standard","has-post-thumbnail","hentry","category-destaque-lista","category-geral","category-infraenergia","category-opiniao","tag-baterias","tag-epe","tag-leilao","tag-leilao-de-baterias","tag-lrcap","tag-marisete-dadald","tag-marisete-pereira","tag-ministerio-de-minas-de-energia","tag-mme","tag-ons","tag-pde-2034","tag-pen-2024","tag-setor-eletrico","tag-transicao-energetica"],"yoast_head":"<!-- This site is optimized with the Yoast SEO Premium plugin v25.4 (Yoast SEO v26.0) - https:\/\/yoast.com\/wordpress\/plugins\/seo\/ -->\n<title>Opini\u00e3o \u2013 Armazenamento hidr\u00e1ulico como alternativa para confiabilidade do setor el\u00e9trico - Ag\u00eancia iNFRA<\/title>\n<meta name=\"robots\" content=\"index, follow, max-snippet:-1, max-image-preview:large, max-video-preview:-1\" \/>\n<link rel=\"canonical\" href=\"https:\/\/agenciainfra.com\/blog\/opiniao-armazenamento-hidraulico-como-alternativa-para-confiabilidade-do-setor-eletrico\/\" \/>\n<meta property=\"og:locale\" content=\"pt_BR\" \/>\n<meta property=\"og:type\" content=\"article\" \/>\n<meta property=\"og:title\" content=\"Opini\u00e3o \u2013 Armazenamento hidr\u00e1ulico como alternativa para confiabilidade do setor el\u00e9trico\" \/>\n<meta property=\"og:description\" content=\"Marisete Pereira Dadald* Em 27 de setembro de 2024, o MME (Minist\u00e9rio de Minas e Energia) instaurou a Consulta P\u00fablica 176\/2024, para receber contribui\u00e7\u00f5es \u00e0 minuta de Portaria de Diretrizes para o LRCAP Armazenamento 2025, leil\u00e3o de reserva de capacidade na forma de pot\u00eancia, com sistemas de armazenamento, previsto para 2025. Essa \u00e9 uma discuss\u00e3o [&hellip;]\" \/>\n<meta property=\"og:url\" content=\"https:\/\/agenciainfra.com\/blog\/opiniao-armazenamento-hidraulico-como-alternativa-para-confiabilidade-do-setor-eletrico\/\" \/>\n<meta property=\"og:site_name\" content=\"Ag\u00eancia iNFRA\" \/>\n<meta property=\"article:publisher\" content=\"https:\/\/www.facebook.com\/ageninfra\" \/>\n<meta property=\"article:published_time\" content=\"2024-10-01T16:00:00+00:00\" \/>\n<meta property=\"article:modified_time\" content=\"2025-11-24T13:26:13+00:00\" \/>\n<meta property=\"og:image\" content=\"https:\/\/agenciainfra.com\/blog\/wp-content\/uploads\/2024\/06\/marisete-dadald-pereira-foto-ascom-abrage.jpg\" \/>\n\t<meta property=\"og:image:width\" content=\"1202\" \/>\n\t<meta property=\"og:image:height\" content=\"861\" \/>\n\t<meta property=\"og:image:type\" content=\"image\/jpeg\" \/>\n<meta name=\"author\" content=\"Ag\u00eancia iNFRA\" \/>\n<meta name=\"twitter:card\" content=\"summary_large_image\" \/>\n<meta name=\"twitter:creator\" content=\"@agencia_infra\" \/>\n<meta name=\"twitter:site\" content=\"@agencia_infra\" \/>\n<meta name=\"twitter:label1\" content=\"Escrito por\" \/>\n\t<meta name=\"twitter:data1\" content=\"Ag\u00eancia iNFRA\" \/>\n\t<meta name=\"twitter:label2\" content=\"Est. tempo de leitura\" \/>\n\t<meta name=\"twitter:data2\" content=\"5 minutos\" \/>\n<script type=\"application\/ld+json\" class=\"yoast-schema-graph\">{\"@context\":\"https:\/\/schema.org\",\"@graph\":[{\"@type\":\"Article\",\"@id\":\"https:\/\/agenciainfra.com\/blog\/opiniao-armazenamento-hidraulico-como-alternativa-para-confiabilidade-do-setor-eletrico\/#article\",\"isPartOf\":{\"@id\":\"https:\/\/agenciainfra.com\/blog\/opiniao-armazenamento-hidraulico-como-alternativa-para-confiabilidade-do-setor-eletrico\/\"},\"author\":{\"name\":\"Ag\u00eancia iNFRA\",\"@id\":\"https:\/\/agenciainfra.com\/blog\/#\/schema\/person\/34af08dff6adea4cb22b06612ba7acfa\"},\"headline\":\"Opini\u00e3o \u2013 Armazenamento hidr\u00e1ulico como alternativa para confiabilidade do setor el\u00e9trico\",\"datePublished\":\"2024-10-01T16:00:00+00:00\",\"dateModified\":\"2025-11-24T13:26:13+00:00\",\"mainEntityOfPage\":{\"@id\":\"https:\/\/agenciainfra.com\/blog\/opiniao-armazenamento-hidraulico-como-alternativa-para-confiabilidade-do-setor-eletrico\/\"},\"wordCount\":1000,\"publisher\":{\"@id\":\"https:\/\/agenciainfra.com\/blog\/#organization\"},\"image\":{\"@id\":\"https:\/\/agenciainfra.com\/blog\/opiniao-armazenamento-hidraulico-como-alternativa-para-confiabilidade-do-setor-eletrico\/#primaryimage\"},\"thumbnailUrl\":\"https:\/\/agenciainfra.com\/blog\/wp-content\/uploads\/2024\/06\/marisete-dadald-pereira-foto-ascom-abrage.jpg\",\"keywords\":[\"baterias\",\"epe\",\"leil\u00e3o\",\"leil\u00e3o de baterias\",\"LRCAP\",\"Marisete Dadald\",\"marisete pereira\",\"Minist\u00e9rio de Minas de Energia\",\"MME\",\"ONS\",\"PDE 2034\",\"PEN 2024\",\"Setor El\u00e9trico\",\"transi\u00e7\u00e3o energ\u00e9tica\"],\"articleSection\":[\"Destaque lista\",\"Geral\",\"iNFRAEnergia\",\"Opini\u00e3o\"],\"inLanguage\":\"pt-BR\",\"copyrightYear\":\"2024\",\"copyrightHolder\":{\"@id\":\"https:\/\/agenciainfra.com\/blog\/#organization\"}},{\"@type\":\"WebPage\",\"@id\":\"https:\/\/agenciainfra.com\/blog\/opiniao-armazenamento-hidraulico-como-alternativa-para-confiabilidade-do-setor-eletrico\/\",\"url\":\"https:\/\/agenciainfra.com\/blog\/opiniao-armazenamento-hidraulico-como-alternativa-para-confiabilidade-do-setor-eletrico\/\",\"name\":\"Opini\u00e3o \u2013 Armazenamento hidr\u00e1ulico como alternativa para confiabilidade do setor el\u00e9trico - Ag\u00eancia iNFRA\",\"isPartOf\":{\"@id\":\"https:\/\/agenciainfra.com\/blog\/#website\"},\"primaryImageOfPage\":{\"@id\":\"https:\/\/agenciainfra.com\/blog\/opiniao-armazenamento-hidraulico-como-alternativa-para-confiabilidade-do-setor-eletrico\/#primaryimage\"},\"image\":{\"@id\":\"https:\/\/agenciainfra.com\/blog\/opiniao-armazenamento-hidraulico-como-alternativa-para-confiabilidade-do-setor-eletrico\/#primaryimage\"},\"thumbnailUrl\":\"https:\/\/agenciainfra.com\/blog\/wp-content\/uploads\/2024\/06\/marisete-dadald-pereira-foto-ascom-abrage.jpg\",\"datePublished\":\"2024-10-01T16:00:00+00:00\",\"dateModified\":\"2025-11-24T13:26:13+00:00\",\"breadcrumb\":{\"@id\":\"https:\/\/agenciainfra.com\/blog\/opiniao-armazenamento-hidraulico-como-alternativa-para-confiabilidade-do-setor-eletrico\/#breadcrumb\"},\"inLanguage\":\"pt-BR\",\"potentialAction\":[{\"@type\":\"ReadAction\",\"target\":[\"https:\/\/agenciainfra.com\/blog\/opiniao-armazenamento-hidraulico-como-alternativa-para-confiabilidade-do-setor-eletrico\/\"]}]},{\"@type\":\"ImageObject\",\"inLanguage\":\"pt-BR\",\"@id\":\"https:\/\/agenciainfra.com\/blog\/opiniao-armazenamento-hidraulico-como-alternativa-para-confiabilidade-do-setor-eletrico\/#primaryimage\",\"url\":\"https:\/\/agenciainfra.com\/blog\/wp-content\/uploads\/2024\/06\/marisete-dadald-pereira-foto-ascom-abrage.jpg\",\"contentUrl\":\"https:\/\/agenciainfra.com\/blog\/wp-content\/uploads\/2024\/06\/marisete-dadald-pereira-foto-ascom-abrage.jpg\",\"width\":1202,\"height\":861},{\"@type\":\"BreadcrumbList\",\"@id\":\"https:\/\/agenciainfra.com\/blog\/opiniao-armazenamento-hidraulico-como-alternativa-para-confiabilidade-do-setor-eletrico\/#breadcrumb\",\"itemListElement\":[{\"@type\":\"ListItem\",\"position\":1,\"name\":\"In\u00edcio\",\"item\":\"https:\/\/agenciainfra.com\/blog\/\"},{\"@type\":\"ListItem\",\"position\":2,\"name\":\"Opini\u00e3o \u2013 Armazenamento hidr\u00e1ulico como alternativa para confiabilidade do setor el\u00e9trico\"}]},{\"@type\":\"WebSite\",\"@id\":\"https:\/\/agenciainfra.com\/blog\/#website\",\"url\":\"https:\/\/agenciainfra.com\/blog\/\",\"name\":\"Ag\u00eancia iNFRA\",\"description\":\"Multiplataforma de informa\u00e7\u00e3o jornal\u00edstica refer\u00eancia na \u00e1rea de infraestrutura no Brasil!\",\"publisher\":{\"@id\":\"https:\/\/agenciainfra.com\/blog\/#organization\"},\"potentialAction\":[{\"@type\":\"SearchAction\",\"target\":{\"@type\":\"EntryPoint\",\"urlTemplate\":\"https:\/\/agenciainfra.com\/blog\/?s={search_term_string}\"},\"query-input\":{\"@type\":\"PropertyValueSpecification\",\"valueRequired\":true,\"valueName\":\"search_term_string\"}}],\"inLanguage\":\"pt-BR\"},{\"@type\":\"Organization\",\"@id\":\"https:\/\/agenciainfra.com\/blog\/#organization\",\"name\":\"Ag\u00eancia iNFRA\",\"url\":\"https:\/\/agenciainfra.com\/blog\/\",\"logo\":{\"@type\":\"ImageObject\",\"inLanguage\":\"pt-BR\",\"@id\":\"https:\/\/agenciainfra.com\/blog\/#\/schema\/logo\/image\/\",\"url\":\"https:\/\/agenciainfra.com\/blog\/wp-content\/uploads\/2023\/09\/iNFRA_5-e1761735885940.png\",\"contentUrl\":\"https:\/\/agenciainfra.com\/blog\/wp-content\/uploads\/2023\/09\/iNFRA_5-e1761735885940.png\",\"width\":1672,\"height\":454,\"caption\":\"Ag\u00eancia iNFRA\"},\"image\":{\"@id\":\"https:\/\/agenciainfra.com\/blog\/#\/schema\/logo\/image\/\"},\"sameAs\":[\"https:\/\/www.facebook.com\/ageninfra\",\"https:\/\/x.com\/agencia_infra\",\"https:\/\/www.linkedin.com\/company\/ag\u00eanciainfra\/\",\"https:\/\/www.instagram.com\/agenciainfra\/\"]},{\"@type\":\"Person\",\"@id\":\"https:\/\/agenciainfra.com\/blog\/#\/schema\/person\/34af08dff6adea4cb22b06612ba7acfa\",\"name\":\"Ag\u00eancia iNFRA\",\"image\":{\"@type\":\"ImageObject\",\"inLanguage\":\"pt-BR\",\"@id\":\"https:\/\/agenciainfra.com\/blog\/#\/schema\/person\/image\/\",\"url\":\"https:\/\/secure.gravatar.com\/avatar\/d189e01678f06d8eb84d4e01f08eb848b3fffe3f8443818d3c356c66892f5be8?s=96&d=mm&r=g\",\"contentUrl\":\"https:\/\/secure.gravatar.com\/avatar\/d189e01678f06d8eb84d4e01f08eb848b3fffe3f8443818d3c356c66892f5be8?s=96&d=mm&r=g\",\"caption\":\"Ag\u00eancia iNFRA\"},\"url\":\"https:\/\/agenciainfra.com\/blog\/author\/admin\/\"}]}<\/script>\n<!-- \/ Yoast SEO Premium plugin. -->","yoast_head_json":{"title":"Opini\u00e3o \u2013 Armazenamento hidr\u00e1ulico como alternativa para confiabilidade do setor el\u00e9trico - Ag\u00eancia iNFRA","robots":{"index":"index","follow":"follow","max-snippet":"max-snippet:-1","max-image-preview":"max-image-preview:large","max-video-preview":"max-video-preview:-1"},"canonical":"https:\/\/agenciainfra.com\/blog\/opiniao-armazenamento-hidraulico-como-alternativa-para-confiabilidade-do-setor-eletrico\/","og_locale":"pt_BR","og_type":"article","og_title":"Opini\u00e3o \u2013 Armazenamento hidr\u00e1ulico como alternativa para confiabilidade do setor el\u00e9trico","og_description":"Marisete Pereira Dadald* Em 27 de setembro de 2024, o MME (Minist\u00e9rio de Minas e Energia) instaurou a Consulta P\u00fablica 176\/2024, para receber contribui\u00e7\u00f5es \u00e0 minuta de Portaria de Diretrizes para o LRCAP Armazenamento 2025, leil\u00e3o de reserva de capacidade na forma de pot\u00eancia, com sistemas de armazenamento, previsto para 2025. Essa \u00e9 uma discuss\u00e3o [&hellip;]","og_url":"https:\/\/agenciainfra.com\/blog\/opiniao-armazenamento-hidraulico-como-alternativa-para-confiabilidade-do-setor-eletrico\/","og_site_name":"Ag\u00eancia iNFRA","article_publisher":"https:\/\/www.facebook.com\/ageninfra","article_published_time":"2024-10-01T16:00:00+00:00","article_modified_time":"2025-11-24T13:26:13+00:00","og_image":[{"width":1202,"height":861,"url":"https:\/\/agenciainfra.com\/blog\/wp-content\/uploads\/2024\/06\/marisete-dadald-pereira-foto-ascom-abrage.jpg","type":"image\/jpeg"}],"author":"Ag\u00eancia iNFRA","twitter_card":"summary_large_image","twitter_creator":"@agencia_infra","twitter_site":"@agencia_infra","twitter_misc":{"Escrito por":"Ag\u00eancia iNFRA","Est. tempo de leitura":"5 minutos"},"schema":{"@context":"https:\/\/schema.org","@graph":[{"@type":"Article","@id":"https:\/\/agenciainfra.com\/blog\/opiniao-armazenamento-hidraulico-como-alternativa-para-confiabilidade-do-setor-eletrico\/#article","isPartOf":{"@id":"https:\/\/agenciainfra.com\/blog\/opiniao-armazenamento-hidraulico-como-alternativa-para-confiabilidade-do-setor-eletrico\/"},"author":{"name":"Ag\u00eancia iNFRA","@id":"https:\/\/agenciainfra.com\/blog\/#\/schema\/person\/34af08dff6adea4cb22b06612ba7acfa"},"headline":"Opini\u00e3o \u2013 Armazenamento hidr\u00e1ulico como alternativa para confiabilidade do setor el\u00e9trico","datePublished":"2024-10-01T16:00:00+00:00","dateModified":"2025-11-24T13:26:13+00:00","mainEntityOfPage":{"@id":"https:\/\/agenciainfra.com\/blog\/opiniao-armazenamento-hidraulico-como-alternativa-para-confiabilidade-do-setor-eletrico\/"},"wordCount":1000,"publisher":{"@id":"https:\/\/agenciainfra.com\/blog\/#organization"},"image":{"@id":"https:\/\/agenciainfra.com\/blog\/opiniao-armazenamento-hidraulico-como-alternativa-para-confiabilidade-do-setor-eletrico\/#primaryimage"},"thumbnailUrl":"https:\/\/agenciainfra.com\/blog\/wp-content\/uploads\/2024\/06\/marisete-dadald-pereira-foto-ascom-abrage.jpg","keywords":["baterias","epe","leil\u00e3o","leil\u00e3o de baterias","LRCAP","Marisete Dadald","marisete pereira","Minist\u00e9rio de Minas de Energia","MME","ONS","PDE 2034","PEN 2024","Setor El\u00e9trico","transi\u00e7\u00e3o energ\u00e9tica"],"articleSection":["Destaque lista","Geral","iNFRAEnergia","Opini\u00e3o"],"inLanguage":"pt-BR","copyrightYear":"2024","copyrightHolder":{"@id":"https:\/\/agenciainfra.com\/blog\/#organization"}},{"@type":"WebPage","@id":"https:\/\/agenciainfra.com\/blog\/opiniao-armazenamento-hidraulico-como-alternativa-para-confiabilidade-do-setor-eletrico\/","url":"https:\/\/agenciainfra.com\/blog\/opiniao-armazenamento-hidraulico-como-alternativa-para-confiabilidade-do-setor-eletrico\/","name":"Opini\u00e3o \u2013 Armazenamento hidr\u00e1ulico como alternativa para confiabilidade do setor el\u00e9trico - Ag\u00eancia iNFRA","isPartOf":{"@id":"https:\/\/agenciainfra.com\/blog\/#website"},"primaryImageOfPage":{"@id":"https:\/\/agenciainfra.com\/blog\/opiniao-armazenamento-hidraulico-como-alternativa-para-confiabilidade-do-setor-eletrico\/#primaryimage"},"image":{"@id":"https:\/\/agenciainfra.com\/blog\/opiniao-armazenamento-hidraulico-como-alternativa-para-confiabilidade-do-setor-eletrico\/#primaryimage"},"thumbnailUrl":"https:\/\/agenciainfra.com\/blog\/wp-content\/uploads\/2024\/06\/marisete-dadald-pereira-foto-ascom-abrage.jpg","datePublished":"2024-10-01T16:00:00+00:00","dateModified":"2025-11-24T13:26:13+00:00","breadcrumb":{"@id":"https:\/\/agenciainfra.com\/blog\/opiniao-armazenamento-hidraulico-como-alternativa-para-confiabilidade-do-setor-eletrico\/#breadcrumb"},"inLanguage":"pt-BR","potentialAction":[{"@type":"ReadAction","target":["https:\/\/agenciainfra.com\/blog\/opiniao-armazenamento-hidraulico-como-alternativa-para-confiabilidade-do-setor-eletrico\/"]}]},{"@type":"ImageObject","inLanguage":"pt-BR","@id":"https:\/\/agenciainfra.com\/blog\/opiniao-armazenamento-hidraulico-como-alternativa-para-confiabilidade-do-setor-eletrico\/#primaryimage","url":"https:\/\/agenciainfra.com\/blog\/wp-content\/uploads\/2024\/06\/marisete-dadald-pereira-foto-ascom-abrage.jpg","contentUrl":"https:\/\/agenciainfra.com\/blog\/wp-content\/uploads\/2024\/06\/marisete-dadald-pereira-foto-ascom-abrage.jpg","width":1202,"height":861},{"@type":"BreadcrumbList","@id":"https:\/\/agenciainfra.com\/blog\/opiniao-armazenamento-hidraulico-como-alternativa-para-confiabilidade-do-setor-eletrico\/#breadcrumb","itemListElement":[{"@type":"ListItem","position":1,"name":"In\u00edcio","item":"https:\/\/agenciainfra.com\/blog\/"},{"@type":"ListItem","position":2,"name":"Opini\u00e3o \u2013 Armazenamento hidr\u00e1ulico como alternativa para confiabilidade do setor el\u00e9trico"}]},{"@type":"WebSite","@id":"https:\/\/agenciainfra.com\/blog\/#website","url":"https:\/\/agenciainfra.com\/blog\/","name":"Ag\u00eancia iNFRA","description":"Multiplataforma de informa\u00e7\u00e3o jornal\u00edstica refer\u00eancia na \u00e1rea de infraestrutura no Brasil!","publisher":{"@id":"https:\/\/agenciainfra.com\/blog\/#organization"},"potentialAction":[{"@type":"SearchAction","target":{"@type":"EntryPoint","urlTemplate":"https:\/\/agenciainfra.com\/blog\/?s={search_term_string}"},"query-input":{"@type":"PropertyValueSpecification","valueRequired":true,"valueName":"search_term_string"}}],"inLanguage":"pt-BR"},{"@type":"Organization","@id":"https:\/\/agenciainfra.com\/blog\/#organization","name":"Ag\u00eancia iNFRA","url":"https:\/\/agenciainfra.com\/blog\/","logo":{"@type":"ImageObject","inLanguage":"pt-BR","@id":"https:\/\/agenciainfra.com\/blog\/#\/schema\/logo\/image\/","url":"https:\/\/agenciainfra.com\/blog\/wp-content\/uploads\/2023\/09\/iNFRA_5-e1761735885940.png","contentUrl":"https:\/\/agenciainfra.com\/blog\/wp-content\/uploads\/2023\/09\/iNFRA_5-e1761735885940.png","width":1672,"height":454,"caption":"Ag\u00eancia iNFRA"},"image":{"@id":"https:\/\/agenciainfra.com\/blog\/#\/schema\/logo\/image\/"},"sameAs":["https:\/\/www.facebook.com\/ageninfra","https:\/\/x.com\/agencia_infra","https:\/\/www.linkedin.com\/company\/ag\u00eanciainfra\/","https:\/\/www.instagram.com\/agenciainfra\/"]},{"@type":"Person","@id":"https:\/\/agenciainfra.com\/blog\/#\/schema\/person\/34af08dff6adea4cb22b06612ba7acfa","name":"Ag\u00eancia iNFRA","image":{"@type":"ImageObject","inLanguage":"pt-BR","@id":"https:\/\/agenciainfra.com\/blog\/#\/schema\/person\/image\/","url":"https:\/\/secure.gravatar.com\/avatar\/d189e01678f06d8eb84d4e01f08eb848b3fffe3f8443818d3c356c66892f5be8?s=96&d=mm&r=g","contentUrl":"https:\/\/secure.gravatar.com\/avatar\/d189e01678f06d8eb84d4e01f08eb848b3fffe3f8443818d3c356c66892f5be8?s=96&d=mm&r=g","caption":"Ag\u00eancia iNFRA"},"url":"https:\/\/agenciainfra.com\/blog\/author\/admin\/"}]}},"_links":{"self":[{"href":"https:\/\/agenciainfra.com\/blog\/wp-json\/wp\/v2\/posts\/18699","targetHints":{"allow":["GET"]}}],"collection":[{"href":"https:\/\/agenciainfra.com\/blog\/wp-json\/wp\/v2\/posts"}],"about":[{"href":"https:\/\/agenciainfra.com\/blog\/wp-json\/wp\/v2\/types\/post"}],"author":[{"embeddable":true,"href":"https:\/\/agenciainfra.com\/blog\/wp-json\/wp\/v2\/users\/1"}],"replies":[{"embeddable":true,"href":"https:\/\/agenciainfra.com\/blog\/wp-json\/wp\/v2\/comments?post=18699"}],"version-history":[{"count":4,"href":"https:\/\/agenciainfra.com\/blog\/wp-json\/wp\/v2\/posts\/18699\/revisions"}],"predecessor-version":[{"id":32562,"href":"https:\/\/agenciainfra.com\/blog\/wp-json\/wp\/v2\/posts\/18699\/revisions\/32562"}],"wp:featuredmedia":[{"embeddable":true,"href":"https:\/\/agenciainfra.com\/blog\/wp-json\/wp\/v2\/media\/17167"}],"wp:attachment":[{"href":"https:\/\/agenciainfra.com\/blog\/wp-json\/wp\/v2\/media?parent=18699"}],"wp:term":[{"taxonomy":"category","embeddable":true,"href":"https:\/\/agenciainfra.com\/blog\/wp-json\/wp\/v2\/categories?post=18699"},{"taxonomy":"post_tag","embeddable":true,"href":"https:\/\/agenciainfra.com\/blog\/wp-json\/wp\/v2\/tags?post=18699"}],"curies":[{"name":"wp","href":"https:\/\/api.w.org\/{rel}","templated":true}]}}