{"id":18708,"date":"2024-10-03T07:00:00","date_gmt":"2024-10-03T10:00:00","guid":{"rendered":"https:\/\/agenciainfra.com\/blog\/?p=18708"},"modified":"2024-10-01T12:41:26","modified_gmt":"2024-10-01T15:41:26","slug":"agenda-regulatoria-da-anac-vai-tratar-de-combustivel-sustentavel-evtol-atrasos-e-cancelamentos","status":"publish","type":"post","link":"https:\/\/agenciainfra.com\/blog\/agenda-regulatoria-da-anac-vai-tratar-de-combustivel-sustentavel-evtol-atrasos-e-cancelamentos\/","title":{"rendered":"Agenda Regulat\u00f3ria da ANAC vai tratar de combust\u00edvel sustent\u00e1vel, eVTOL, atrasos e cancelamentos"},"content":{"rendered":"\n<p class=\"has-text-align-right\"><strong>Sheyla Santos, da Ag\u00eancia iNFRA<\/strong><\/p>\n\n\n\n<p>A nova AR (Agenda Regulat\u00f3ria) da ANAC (Ag\u00eancia Nacional de Avia\u00e7\u00e3o Civil)&nbsp;prev\u00ea 26 temas e traz novas iniciativas envolvendo meio ambiente, regula\u00e7\u00e3o de vertiportos e eVTOL, al\u00e9m de avalia\u00e7\u00e3o da efetividade de servi\u00e7os a\u00e9reos, como a divulga\u00e7\u00e3o de percentuais de atrasos e cancelamentos.<\/p>\n\n\n\n<p>O processo de tomada de subs\u00eddios da AR para o bi\u00eanio 2025-2026 foi aberto na \u00faltima segunda-feira (30). Para enviar contribui\u00e7\u00f5es at\u00e9 22 de outubro \u00e9 necess\u00e1rio acessar a plataforma\u00a0<a href=\"https:\/\/agenciainfra.us14.list-manage.com\/track\/click?u=d460dd1bcf9ba0ae040e1fc0f&amp;id=f2b6e45f7a&amp;e=55b7a27fc9\" target=\"_blank\" rel=\"noreferrer noopener\">Participa +<\/a>\u00a0e clicar no bot\u00e3o \u201cOpine aqui\u201d.<\/p>\n\n\n\n<p>Na \u00e1rea ambiental, o superintendente de Governan\u00e7a e Meio Ambiente da ag\u00eancia, Marcelo Bernardes, destacou a necessidade de regulamenta\u00e7\u00e3o do&nbsp;<a href=\"https:\/\/agenciainfra.us14.list-manage.com\/track\/click?u=d460dd1bcf9ba0ae040e1fc0f&amp;id=e3977c8282&amp;e=55b7a27fc9\" rel=\"noreferrer noopener\" target=\"_blank\">PL ( Projeto de Lei) 528\/2020,<\/a>&nbsp;o chamado PL do Combust\u00edvel do Futuro, que foi aprovado no Congresso Nacional e aguarda san\u00e7\u00e3o presidencial.<\/p>\n\n\n\n<p>Com base no PL, esse item da agenda trata do monitoramento e reporte de emiss\u00f5es de CO2 das opera\u00e7\u00f5es dom\u00e9sticas pelo uso de SAF, combust\u00edvel sustent\u00e1vel de avia\u00e7\u00e3o. O projeto determina que cabe \u00e0 ag\u00eancia estabelecer a metodologia de c\u00e1lculo e verifica\u00e7\u00e3o da redu\u00e7\u00e3o das emiss\u00f5es associados ao SAF, incluindo meios alternativos de compensa\u00e7\u00e3o, al\u00e9m de fiscalizar o cumprimento das obriga\u00e7\u00f5es.<\/p>\n\n\n\n<p>\u201cEle [o PL] traz a obriga\u00e7\u00e3o de redu\u00e7\u00e3o de gases de efeito estufa nas opera\u00e7\u00f5es dom\u00e9sticas dos operadores a\u00e9reos a partir de 2027. Ent\u00e3o, a partir de 2027, come\u00e7a com 1%, chegando at\u00e9 10% em 2037\u201d, disse Bernardes.<\/p>\n\n\n\n<p><strong>Requisitos para eVTOL<\/strong><br>Gerente de Normas Operacionais e Suporte da ag\u00eancia,&nbsp;Carlo Leite trouxe \u00e0 nova agenda temas relacionados a padr\u00f5es operacionais que devem ser trabalhados nos pr\u00f3ximos dois anos, como o estabelecimento de requisitos tanto para opera\u00e7\u00f5es de avia\u00e7\u00e3o geral como para opera\u00e7\u00f5es comerciais das aeronaves chamadas de eVTOL, incluindo vertiportos. Segundo ele, o tema \u00e9 de \u201crelativa complexidade\u201d, visto que se trata de tecnologia relativamente nova.<\/p>\n\n\n\n<p>\u201cO assunto hoje n\u00e3o \u00e9 regulamentado pela ANAC. Hoje, existem regras no RBAC [Regulamento Brasileiro da Avia\u00e7\u00e3o Civil] 91 que s\u00e3o aplic\u00e1veis a aeronaves em geral e que, por isso, se aplicariam a VTOL. Mas elas n\u00e3o foram pensadas para serem aplicadas nesse contexto. Ent\u00e3o, a gente entende que elas devem ser repensadas\u201d, disse.<\/p>\n\n\n\n<p>Segundo Leite, a ag\u00eancia v\u00ea um aumento de interesse na certifica\u00e7\u00e3o desses novos modelos de aeronaves. \u201c\u00c9 importante que n\u00f3s nos adiantemos para estabelecer esses padr\u00f5es para essas aeronaves\u201d, ressaltou.<\/p>\n\n\n\n<p><strong>Atrasos e cancelamentos<\/strong><br>Adriano Pinto de Miranda, superintendente de Acompanhamento de Servi\u00e7os A\u00e9reos da ANAC, destacou como novo tema na agenda uma ARR (Avalia\u00e7\u00e3o de Resultado Regulat\u00f3rio) envolvendo&nbsp;obriga\u00e7\u00f5es como a divulga\u00e7\u00e3o de percentuais de atrasos e de cancelamentos no transporte a\u00e9reo p\u00fablico de passageiros durante o processo de comercializa\u00e7\u00e3o.<\/p>\n\n\n\n<p>\u201c\u00c9 uma avalia\u00e7\u00e3o de resultado regulat\u00f3rio de uma norma vigente, que \u00e9 a Resolu\u00e7\u00e3o 218. Ela trata daquela obriga\u00e7\u00e3o das empresas a\u00e9reas [em] divulgarem, no processo de venda dos bilhetes, o \u00edndice de atrasos e cancelamentos\u201d, afirmou Miranda. \u201c\u00c9 uma norma que est\u00e1 vigente h\u00e1 13 anos e a gente quer avaliar o resultado que a gente obteve com essa regula\u00e7\u00e3o.\u201d<\/p>\n\n\n\n<p><strong>Tarifas aeroportu\u00e1rias<\/strong><br>Presente na agenda 2023-2024, o item que disp\u00f5e sobre regras de cobran\u00e7a e arrecada\u00e7\u00e3o das tarifas aeroportu\u00e1rias de embarque, conex\u00e3o, pouso e perman\u00eancia ser\u00e1 mantido no novo bi\u00eanio.<\/p>\n","protected":false},"excerpt":{"rendered":"<p>Sheyla Santos, da Ag\u00eancia iNFRA A nova AR (Agenda Regulat\u00f3ria) da ANAC (Ag\u00eancia Nacional de Avia\u00e7\u00e3o Civil)&nbsp;prev\u00ea 26 temas e traz novas iniciativas envolvendo meio ambiente, regula\u00e7\u00e3o de vertiportos e eVTOL, al\u00e9m de avalia\u00e7\u00e3o da efetividade de servi\u00e7os a\u00e9reos, como a divulga\u00e7\u00e3o de percentuais de atrasos e cancelamentos. O processo de tomada de subs\u00eddios da [&hellip;]<\/p>\n","protected":false},"author":1,"featured_media":9023,"comment_status":"closed","ping_status":"closed","sticky":false,"template":"","format":"standard","meta":{"_monsterinsights_skip_tracking":false,"_monsterinsights_sitenote_active":false,"_monsterinsights_sitenote_note":"","_monsterinsights_sitenote_category":0,"footnotes":""},"categories":[7250,1,7],"tags":[502,2540,242,11526,9490,4729,11525,8838,5348,2352,9762],"class_list":["post-18708","post","type-post","status-publish","format-standard","has-post-thumbnail","hentry","category-destaque-lista","category-geral","category-infratransporte","tag-adriano-pinto-de-miranda","tag-agenda-regulatoria","tag-anac","tag-carlo-leite","tag-combustivel-sustentavel","tag-evtol","tag-marcelo-bernardes","tag-sheyla-santos","tag-tarifas-aeroportuarias","tag-tomada-de-subsidios","tag-vertiportos"],"yoast_head":"<!-- This site is optimized with the Yoast SEO Premium plugin v25.4 (Yoast SEO v26.0) - https:\/\/yoast.com\/wordpress\/plugins\/seo\/ -->\n<title>Agenda Regulat\u00f3ria da ANAC vai tratar de combust\u00edvel sustent\u00e1vel, eVTOL, atrasos e cancelamentos - Ag\u00eancia iNFRA<\/title>\n<meta name=\"robots\" content=\"index, follow, max-snippet:-1, max-image-preview:large, max-video-preview:-1\" \/>\n<link rel=\"canonical\" href=\"https:\/\/agenciainfra.com\/blog\/agenda-regulatoria-da-anac-vai-tratar-de-combustivel-sustentavel-evtol-atrasos-e-cancelamentos\/\" \/>\n<meta property=\"og:locale\" content=\"pt_BR\" \/>\n<meta property=\"og:type\" content=\"article\" \/>\n<meta property=\"og:title\" content=\"Agenda Regulat\u00f3ria da ANAC vai tratar de combust\u00edvel sustent\u00e1vel, eVTOL, atrasos e cancelamentos\" \/>\n<meta property=\"og:description\" content=\"Sheyla Santos, da Ag\u00eancia iNFRA A nova AR (Agenda Regulat\u00f3ria) da ANAC (Ag\u00eancia Nacional de Avia\u00e7\u00e3o Civil)&nbsp;prev\u00ea 26 temas e traz novas iniciativas envolvendo meio ambiente, regula\u00e7\u00e3o de vertiportos e eVTOL, al\u00e9m de avalia\u00e7\u00e3o da efetividade de servi\u00e7os a\u00e9reos, como a divulga\u00e7\u00e3o de percentuais de atrasos e cancelamentos. O processo de tomada de subs\u00eddios da [&hellip;]\" \/>\n<meta property=\"og:url\" content=\"https:\/\/agenciainfra.com\/blog\/agenda-regulatoria-da-anac-vai-tratar-de-combustivel-sustentavel-evtol-atrasos-e-cancelamentos\/\" \/>\n<meta property=\"og:site_name\" content=\"Ag\u00eancia iNFRA\" \/>\n<meta property=\"article:publisher\" content=\"https:\/\/www.facebook.com\/ageninfra\" \/>\n<meta property=\"article:published_time\" content=\"2024-10-03T10:00:00+00:00\" \/>\n<meta property=\"og:image\" content=\"https:\/\/agenciainfra.com\/blog\/wp-content\/uploads\/2021\/11\/anac-foto-ana-volpe-senado.jpg\" \/>\n\t<meta property=\"og:image:width\" content=\"1279\" \/>\n\t<meta property=\"og:image:height\" content=\"848\" \/>\n\t<meta property=\"og:image:type\" content=\"image\/jpeg\" \/>\n<meta name=\"author\" content=\"Ag\u00eancia iNFRA\" \/>\n<meta name=\"twitter:card\" content=\"summary_large_image\" \/>\n<meta name=\"twitter:creator\" content=\"@agencia_infra\" \/>\n<meta name=\"twitter:site\" content=\"@agencia_infra\" \/>\n<meta name=\"twitter:label1\" content=\"Escrito por\" \/>\n\t<meta name=\"twitter:data1\" content=\"Ag\u00eancia iNFRA\" \/>\n\t<meta name=\"twitter:label2\" content=\"Est. tempo de leitura\" \/>\n\t<meta name=\"twitter:data2\" content=\"3 minutos\" \/>\n<script type=\"application\/ld+json\" class=\"yoast-schema-graph\">{\"@context\":\"https:\/\/schema.org\",\"@graph\":[{\"@type\":\"Article\",\"@id\":\"https:\/\/agenciainfra.com\/blog\/agenda-regulatoria-da-anac-vai-tratar-de-combustivel-sustentavel-evtol-atrasos-e-cancelamentos\/#article\",\"isPartOf\":{\"@id\":\"https:\/\/agenciainfra.com\/blog\/agenda-regulatoria-da-anac-vai-tratar-de-combustivel-sustentavel-evtol-atrasos-e-cancelamentos\/\"},\"author\":{\"name\":\"Ag\u00eancia iNFRA\",\"@id\":\"https:\/\/agenciainfra.com\/blog\/#\/schema\/person\/34af08dff6adea4cb22b06612ba7acfa\"},\"headline\":\"Agenda Regulat\u00f3ria da ANAC vai tratar de combust\u00edvel sustent\u00e1vel, eVTOL, atrasos e cancelamentos\",\"datePublished\":\"2024-10-03T10:00:00+00:00\",\"mainEntityOfPage\":{\"@id\":\"https:\/\/agenciainfra.com\/blog\/agenda-regulatoria-da-anac-vai-tratar-de-combustivel-sustentavel-evtol-atrasos-e-cancelamentos\/\"},\"wordCount\":600,\"publisher\":{\"@id\":\"https:\/\/agenciainfra.com\/blog\/#organization\"},\"image\":{\"@id\":\"https:\/\/agenciainfra.com\/blog\/agenda-regulatoria-da-anac-vai-tratar-de-combustivel-sustentavel-evtol-atrasos-e-cancelamentos\/#primaryimage\"},\"thumbnailUrl\":\"https:\/\/agenciainfra.com\/blog\/wp-content\/uploads\/2021\/11\/anac-foto-ana-volpe-senado-e1750855960994.jpg\",\"keywords\":[\"Adriano Pinto de Miranda\",\"agenda regulat\u00f3ria\",\"ANAC\",\"Carlo Leite\",\"combust\u00edvel sustent\u00e1vel\",\"eVTOL\",\"Marcelo Bernardes\",\"Sheyla Santos\",\"tarifas aeroportu\u00e1rias\",\"tomada de subs\u00eddios\",\"Vertiportos\"],\"articleSection\":[\"Destaque lista\",\"Geral\",\"iNFRATransporte\"],\"inLanguage\":\"pt-BR\",\"copyrightYear\":\"2024\",\"copyrightHolder\":{\"@id\":\"https:\/\/agenciainfra.com\/blog\/#organization\"}},{\"@type\":\"WebPage\",\"@id\":\"https:\/\/agenciainfra.com\/blog\/agenda-regulatoria-da-anac-vai-tratar-de-combustivel-sustentavel-evtol-atrasos-e-cancelamentos\/\",\"url\":\"https:\/\/agenciainfra.com\/blog\/agenda-regulatoria-da-anac-vai-tratar-de-combustivel-sustentavel-evtol-atrasos-e-cancelamentos\/\",\"name\":\"Agenda Regulat\u00f3ria da ANAC vai tratar de combust\u00edvel sustent\u00e1vel, eVTOL, atrasos e cancelamentos - Ag\u00eancia iNFRA\",\"isPartOf\":{\"@id\":\"https:\/\/agenciainfra.com\/blog\/#website\"},\"primaryImageOfPage\":{\"@id\":\"https:\/\/agenciainfra.com\/blog\/agenda-regulatoria-da-anac-vai-tratar-de-combustivel-sustentavel-evtol-atrasos-e-cancelamentos\/#primaryimage\"},\"image\":{\"@id\":\"https:\/\/agenciainfra.com\/blog\/agenda-regulatoria-da-anac-vai-tratar-de-combustivel-sustentavel-evtol-atrasos-e-cancelamentos\/#primaryimage\"},\"thumbnailUrl\":\"https:\/\/agenciainfra.com\/blog\/wp-content\/uploads\/2021\/11\/anac-foto-ana-volpe-senado-e1750855960994.jpg\",\"datePublished\":\"2024-10-03T10:00:00+00:00\",\"breadcrumb\":{\"@id\":\"https:\/\/agenciainfra.com\/blog\/agenda-regulatoria-da-anac-vai-tratar-de-combustivel-sustentavel-evtol-atrasos-e-cancelamentos\/#breadcrumb\"},\"inLanguage\":\"pt-BR\",\"potentialAction\":[{\"@type\":\"ReadAction\",\"target\":[\"https:\/\/agenciainfra.com\/blog\/agenda-regulatoria-da-anac-vai-tratar-de-combustivel-sustentavel-evtol-atrasos-e-cancelamentos\/\"]}]},{\"@type\":\"ImageObject\",\"inLanguage\":\"pt-BR\",\"@id\":\"https:\/\/agenciainfra.com\/blog\/agenda-regulatoria-da-anac-vai-tratar-de-combustivel-sustentavel-evtol-atrasos-e-cancelamentos\/#primaryimage\",\"url\":\"https:\/\/agenciainfra.com\/blog\/wp-content\/uploads\/2021\/11\/anac-foto-ana-volpe-senado-e1750855960994.jpg\",\"contentUrl\":\"https:\/\/agenciainfra.com\/blog\/wp-content\/uploads\/2021\/11\/anac-foto-ana-volpe-senado-e1750855960994.jpg\",\"width\":1279,\"height\":748,\"caption\":\"Foto: Ana Volpe\/Senado\"},{\"@type\":\"BreadcrumbList\",\"@id\":\"https:\/\/agenciainfra.com\/blog\/agenda-regulatoria-da-anac-vai-tratar-de-combustivel-sustentavel-evtol-atrasos-e-cancelamentos\/#breadcrumb\",\"itemListElement\":[{\"@type\":\"ListItem\",\"position\":1,\"name\":\"In\u00edcio\",\"item\":\"https:\/\/agenciainfra.com\/blog\/\"},{\"@type\":\"ListItem\",\"position\":2,\"name\":\"Agenda Regulat\u00f3ria da ANAC vai tratar de combust\u00edvel sustent\u00e1vel, eVTOL, atrasos e cancelamentos\"}]},{\"@type\":\"WebSite\",\"@id\":\"https:\/\/agenciainfra.com\/blog\/#website\",\"url\":\"https:\/\/agenciainfra.com\/blog\/\",\"name\":\"Ag\u00eancia iNFRA\",\"description\":\"Multiplataforma de informa\u00e7\u00e3o jornal\u00edstica refer\u00eancia na \u00e1rea de infraestrutura no Brasil!\",\"publisher\":{\"@id\":\"https:\/\/agenciainfra.com\/blog\/#organization\"},\"potentialAction\":[{\"@type\":\"SearchAction\",\"target\":{\"@type\":\"EntryPoint\",\"urlTemplate\":\"https:\/\/agenciainfra.com\/blog\/?s={search_term_string}\"},\"query-input\":{\"@type\":\"PropertyValueSpecification\",\"valueRequired\":true,\"valueName\":\"search_term_string\"}}],\"inLanguage\":\"pt-BR\"},{\"@type\":\"Organization\",\"@id\":\"https:\/\/agenciainfra.com\/blog\/#organization\",\"name\":\"Ag\u00eancia iNFRA\",\"url\":\"https:\/\/agenciainfra.com\/blog\/\",\"logo\":{\"@type\":\"ImageObject\",\"inLanguage\":\"pt-BR\",\"@id\":\"https:\/\/agenciainfra.com\/blog\/#\/schema\/logo\/image\/\",\"url\":\"https:\/\/agenciainfra.com\/blog\/wp-content\/uploads\/2023\/09\/iNFRA_5-e1761735885940.png\",\"contentUrl\":\"https:\/\/agenciainfra.com\/blog\/wp-content\/uploads\/2023\/09\/iNFRA_5-e1761735885940.png\",\"width\":1672,\"height\":454,\"caption\":\"Ag\u00eancia iNFRA\"},\"image\":{\"@id\":\"https:\/\/agenciainfra.com\/blog\/#\/schema\/logo\/image\/\"},\"sameAs\":[\"https:\/\/www.facebook.com\/ageninfra\",\"https:\/\/x.com\/agencia_infra\",\"https:\/\/www.linkedin.com\/company\/ag\u00eanciainfra\/\",\"https:\/\/www.instagram.com\/agenciainfra\/\"]},{\"@type\":\"Person\",\"@id\":\"https:\/\/agenciainfra.com\/blog\/#\/schema\/person\/34af08dff6adea4cb22b06612ba7acfa\",\"name\":\"Ag\u00eancia iNFRA\",\"image\":{\"@type\":\"ImageObject\",\"inLanguage\":\"pt-BR\",\"@id\":\"https:\/\/agenciainfra.com\/blog\/#\/schema\/person\/image\/\",\"url\":\"https:\/\/secure.gravatar.com\/avatar\/d189e01678f06d8eb84d4e01f08eb848b3fffe3f8443818d3c356c66892f5be8?s=96&d=mm&r=g\",\"contentUrl\":\"https:\/\/secure.gravatar.com\/avatar\/d189e01678f06d8eb84d4e01f08eb848b3fffe3f8443818d3c356c66892f5be8?s=96&d=mm&r=g\",\"caption\":\"Ag\u00eancia iNFRA\"},\"url\":\"https:\/\/agenciainfra.com\/blog\/author\/admin\/\"}]}<\/script>\n<!-- \/ Yoast SEO Premium plugin. -->","yoast_head_json":{"title":"Agenda Regulat\u00f3ria da ANAC vai tratar de combust\u00edvel sustent\u00e1vel, eVTOL, atrasos e cancelamentos - Ag\u00eancia iNFRA","robots":{"index":"index","follow":"follow","max-snippet":"max-snippet:-1","max-image-preview":"max-image-preview:large","max-video-preview":"max-video-preview:-1"},"canonical":"https:\/\/agenciainfra.com\/blog\/agenda-regulatoria-da-anac-vai-tratar-de-combustivel-sustentavel-evtol-atrasos-e-cancelamentos\/","og_locale":"pt_BR","og_type":"article","og_title":"Agenda Regulat\u00f3ria da ANAC vai tratar de combust\u00edvel sustent\u00e1vel, eVTOL, atrasos e cancelamentos","og_description":"Sheyla Santos, da Ag\u00eancia iNFRA A nova AR (Agenda Regulat\u00f3ria) da ANAC (Ag\u00eancia Nacional de Avia\u00e7\u00e3o Civil)&nbsp;prev\u00ea 26 temas e traz novas iniciativas envolvendo meio ambiente, regula\u00e7\u00e3o de vertiportos e eVTOL, al\u00e9m de avalia\u00e7\u00e3o da efetividade de servi\u00e7os a\u00e9reos, como a divulga\u00e7\u00e3o de percentuais de atrasos e cancelamentos. O processo de tomada de subs\u00eddios da [&hellip;]","og_url":"https:\/\/agenciainfra.com\/blog\/agenda-regulatoria-da-anac-vai-tratar-de-combustivel-sustentavel-evtol-atrasos-e-cancelamentos\/","og_site_name":"Ag\u00eancia iNFRA","article_publisher":"https:\/\/www.facebook.com\/ageninfra","article_published_time":"2024-10-03T10:00:00+00:00","og_image":[{"width":1279,"height":848,"url":"https:\/\/agenciainfra.com\/blog\/wp-content\/uploads\/2021\/11\/anac-foto-ana-volpe-senado.jpg","type":"image\/jpeg"}],"author":"Ag\u00eancia iNFRA","twitter_card":"summary_large_image","twitter_creator":"@agencia_infra","twitter_site":"@agencia_infra","twitter_misc":{"Escrito por":"Ag\u00eancia iNFRA","Est. tempo de leitura":"3 minutos"},"schema":{"@context":"https:\/\/schema.org","@graph":[{"@type":"Article","@id":"https:\/\/agenciainfra.com\/blog\/agenda-regulatoria-da-anac-vai-tratar-de-combustivel-sustentavel-evtol-atrasos-e-cancelamentos\/#article","isPartOf":{"@id":"https:\/\/agenciainfra.com\/blog\/agenda-regulatoria-da-anac-vai-tratar-de-combustivel-sustentavel-evtol-atrasos-e-cancelamentos\/"},"author":{"name":"Ag\u00eancia iNFRA","@id":"https:\/\/agenciainfra.com\/blog\/#\/schema\/person\/34af08dff6adea4cb22b06612ba7acfa"},"headline":"Agenda Regulat\u00f3ria da ANAC vai tratar de combust\u00edvel sustent\u00e1vel, eVTOL, atrasos e cancelamentos","datePublished":"2024-10-03T10:00:00+00:00","mainEntityOfPage":{"@id":"https:\/\/agenciainfra.com\/blog\/agenda-regulatoria-da-anac-vai-tratar-de-combustivel-sustentavel-evtol-atrasos-e-cancelamentos\/"},"wordCount":600,"publisher":{"@id":"https:\/\/agenciainfra.com\/blog\/#organization"},"image":{"@id":"https:\/\/agenciainfra.com\/blog\/agenda-regulatoria-da-anac-vai-tratar-de-combustivel-sustentavel-evtol-atrasos-e-cancelamentos\/#primaryimage"},"thumbnailUrl":"https:\/\/agenciainfra.com\/blog\/wp-content\/uploads\/2021\/11\/anac-foto-ana-volpe-senado-e1750855960994.jpg","keywords":["Adriano Pinto de Miranda","agenda regulat\u00f3ria","ANAC","Carlo Leite","combust\u00edvel sustent\u00e1vel","eVTOL","Marcelo Bernardes","Sheyla Santos","tarifas aeroportu\u00e1rias","tomada de subs\u00eddios","Vertiportos"],"articleSection":["Destaque lista","Geral","iNFRATransporte"],"inLanguage":"pt-BR","copyrightYear":"2024","copyrightHolder":{"@id":"https:\/\/agenciainfra.com\/blog\/#organization"}},{"@type":"WebPage","@id":"https:\/\/agenciainfra.com\/blog\/agenda-regulatoria-da-anac-vai-tratar-de-combustivel-sustentavel-evtol-atrasos-e-cancelamentos\/","url":"https:\/\/agenciainfra.com\/blog\/agenda-regulatoria-da-anac-vai-tratar-de-combustivel-sustentavel-evtol-atrasos-e-cancelamentos\/","name":"Agenda Regulat\u00f3ria da ANAC vai tratar de combust\u00edvel sustent\u00e1vel, eVTOL, atrasos e cancelamentos - Ag\u00eancia iNFRA","isPartOf":{"@id":"https:\/\/agenciainfra.com\/blog\/#website"},"primaryImageOfPage":{"@id":"https:\/\/agenciainfra.com\/blog\/agenda-regulatoria-da-anac-vai-tratar-de-combustivel-sustentavel-evtol-atrasos-e-cancelamentos\/#primaryimage"},"image":{"@id":"https:\/\/agenciainfra.com\/blog\/agenda-regulatoria-da-anac-vai-tratar-de-combustivel-sustentavel-evtol-atrasos-e-cancelamentos\/#primaryimage"},"thumbnailUrl":"https:\/\/agenciainfra.com\/blog\/wp-content\/uploads\/2021\/11\/anac-foto-ana-volpe-senado-e1750855960994.jpg","datePublished":"2024-10-03T10:00:00+00:00","breadcrumb":{"@id":"https:\/\/agenciainfra.com\/blog\/agenda-regulatoria-da-anac-vai-tratar-de-combustivel-sustentavel-evtol-atrasos-e-cancelamentos\/#breadcrumb"},"inLanguage":"pt-BR","potentialAction":[{"@type":"ReadAction","target":["https:\/\/agenciainfra.com\/blog\/agenda-regulatoria-da-anac-vai-tratar-de-combustivel-sustentavel-evtol-atrasos-e-cancelamentos\/"]}]},{"@type":"ImageObject","inLanguage":"pt-BR","@id":"https:\/\/agenciainfra.com\/blog\/agenda-regulatoria-da-anac-vai-tratar-de-combustivel-sustentavel-evtol-atrasos-e-cancelamentos\/#primaryimage","url":"https:\/\/agenciainfra.com\/blog\/wp-content\/uploads\/2021\/11\/anac-foto-ana-volpe-senado-e1750855960994.jpg","contentUrl":"https:\/\/agenciainfra.com\/blog\/wp-content\/uploads\/2021\/11\/anac-foto-ana-volpe-senado-e1750855960994.jpg","width":1279,"height":748,"caption":"Foto: Ana Volpe\/Senado"},{"@type":"BreadcrumbList","@id":"https:\/\/agenciainfra.com\/blog\/agenda-regulatoria-da-anac-vai-tratar-de-combustivel-sustentavel-evtol-atrasos-e-cancelamentos\/#breadcrumb","itemListElement":[{"@type":"ListItem","position":1,"name":"In\u00edcio","item":"https:\/\/agenciainfra.com\/blog\/"},{"@type":"ListItem","position":2,"name":"Agenda Regulat\u00f3ria da ANAC vai tratar de combust\u00edvel sustent\u00e1vel, eVTOL, atrasos e cancelamentos"}]},{"@type":"WebSite","@id":"https:\/\/agenciainfra.com\/blog\/#website","url":"https:\/\/agenciainfra.com\/blog\/","name":"Ag\u00eancia iNFRA","description":"Multiplataforma de informa\u00e7\u00e3o jornal\u00edstica refer\u00eancia na \u00e1rea de infraestrutura no Brasil!","publisher":{"@id":"https:\/\/agenciainfra.com\/blog\/#organization"},"potentialAction":[{"@type":"SearchAction","target":{"@type":"EntryPoint","urlTemplate":"https:\/\/agenciainfra.com\/blog\/?s={search_term_string}"},"query-input":{"@type":"PropertyValueSpecification","valueRequired":true,"valueName":"search_term_string"}}],"inLanguage":"pt-BR"},{"@type":"Organization","@id":"https:\/\/agenciainfra.com\/blog\/#organization","name":"Ag\u00eancia iNFRA","url":"https:\/\/agenciainfra.com\/blog\/","logo":{"@type":"ImageObject","inLanguage":"pt-BR","@id":"https:\/\/agenciainfra.com\/blog\/#\/schema\/logo\/image\/","url":"https:\/\/agenciainfra.com\/blog\/wp-content\/uploads\/2023\/09\/iNFRA_5-e1761735885940.png","contentUrl":"https:\/\/agenciainfra.com\/blog\/wp-content\/uploads\/2023\/09\/iNFRA_5-e1761735885940.png","width":1672,"height":454,"caption":"Ag\u00eancia iNFRA"},"image":{"@id":"https:\/\/agenciainfra.com\/blog\/#\/schema\/logo\/image\/"},"sameAs":["https:\/\/www.facebook.com\/ageninfra","https:\/\/x.com\/agencia_infra","https:\/\/www.linkedin.com\/company\/ag\u00eanciainfra\/","https:\/\/www.instagram.com\/agenciainfra\/"]},{"@type":"Person","@id":"https:\/\/agenciainfra.com\/blog\/#\/schema\/person\/34af08dff6adea4cb22b06612ba7acfa","name":"Ag\u00eancia iNFRA","image":{"@type":"ImageObject","inLanguage":"pt-BR","@id":"https:\/\/agenciainfra.com\/blog\/#\/schema\/person\/image\/","url":"https:\/\/secure.gravatar.com\/avatar\/d189e01678f06d8eb84d4e01f08eb848b3fffe3f8443818d3c356c66892f5be8?s=96&d=mm&r=g","contentUrl":"https:\/\/secure.gravatar.com\/avatar\/d189e01678f06d8eb84d4e01f08eb848b3fffe3f8443818d3c356c66892f5be8?s=96&d=mm&r=g","caption":"Ag\u00eancia iNFRA"},"url":"https:\/\/agenciainfra.com\/blog\/author\/admin\/"}]}},"_links":{"self":[{"href":"https:\/\/agenciainfra.com\/blog\/wp-json\/wp\/v2\/posts\/18708","targetHints":{"allow":["GET"]}}],"collection":[{"href":"https:\/\/agenciainfra.com\/blog\/wp-json\/wp\/v2\/posts"}],"about":[{"href":"https:\/\/agenciainfra.com\/blog\/wp-json\/wp\/v2\/types\/post"}],"author":[{"embeddable":true,"href":"https:\/\/agenciainfra.com\/blog\/wp-json\/wp\/v2\/users\/1"}],"replies":[{"embeddable":true,"href":"https:\/\/agenciainfra.com\/blog\/wp-json\/wp\/v2\/comments?post=18708"}],"version-history":[{"count":1,"href":"https:\/\/agenciainfra.com\/blog\/wp-json\/wp\/v2\/posts\/18708\/revisions"}],"predecessor-version":[{"id":18709,"href":"https:\/\/agenciainfra.com\/blog\/wp-json\/wp\/v2\/posts\/18708\/revisions\/18709"}],"wp:featuredmedia":[{"embeddable":true,"href":"https:\/\/agenciainfra.com\/blog\/wp-json\/wp\/v2\/media\/9023"}],"wp:attachment":[{"href":"https:\/\/agenciainfra.com\/blog\/wp-json\/wp\/v2\/media?parent=18708"}],"wp:term":[{"taxonomy":"category","embeddable":true,"href":"https:\/\/agenciainfra.com\/blog\/wp-json\/wp\/v2\/categories?post=18708"},{"taxonomy":"post_tag","embeddable":true,"href":"https:\/\/agenciainfra.com\/blog\/wp-json\/wp\/v2\/tags?post=18708"}],"curies":[{"name":"wp","href":"https:\/\/api.w.org\/{rel}","templated":true}]}}