{"id":18713,"date":"2024-10-02T10:00:00","date_gmt":"2024-10-02T13:00:00","guid":{"rendered":"https:\/\/agenciainfra.com\/blog\/?p=18713"},"modified":"2024-10-02T09:18:22","modified_gmt":"2024-10-02T12:18:22","slug":"acao-popular-pedindo-o-afastamento-de-tres-dos-quatro-diretores-da-aneel-e-ajuizada","status":"publish","type":"post","link":"https:\/\/agenciainfra.com\/blog\/acao-popular-pedindo-o-afastamento-de-tres-dos-quatro-diretores-da-aneel-e-ajuizada\/","title":{"rendered":"A\u00e7\u00e3o popular pedindo o afastamento de tr\u00eas dos quatro diretores da ANEEL \u00e9 ajuizada"},"content":{"rendered":"\n<p class=\"has-text-align-right\"><strong>da\u00a0Ag\u00eancia iNFRA<\/strong><\/p>\n\n\n\n<p>Uma\u00a0<a href=\"https:\/\/agenciainfra.us14.list-manage.com\/track\/click?u=d460dd1bcf9ba0ae040e1fc0f&amp;id=5a2872501a&amp;e=55b7a27fc9\" target=\"_blank\" rel=\"noreferrer noopener\">a\u00e7\u00e3o popular<\/a>\u00a0pedindo o afastamento dos diretores Fernando Mosna e Ricardo Tili, al\u00e9m do diretor-geral da ANEEL (Ag\u00eancia Nacional de Energia El\u00e9trica), Sandoval Feitosa, foi ajuizada na \u00faltima segunda-feira (30) na 1\u00aa Vara da Se\u00e7\u00e3o Judici\u00e1ria do Amazonas.<\/p>\n\n\n\n<p>A peti\u00e7\u00e3o, de autoria do deputado federal Saullo Vianna (Uni\u00e3o-AM), pede \u201co afastamento cautelar dos requeridos dos respectivos cargos (cargo de diretor), sem preju\u00edzo da remunera\u00e7\u00e3o, at\u00e9 decis\u00e3o final ou t\u00e9rmino do respectivo mandato, o que ocorrer primeiro\u201d.<\/p>\n\n\n\n<p>O texto cita o \u201cn\u00e3o cumprimento da decis\u00e3o proferida pelo Ju\u00edzo\u201d pelos tr\u00eas diretores. J\u00e1 a diretora Agnes Costa, \u201cpor sua vez, deliberou por cumprir a decis\u00e3o judicial, nos termos do Parecer de For\u00e7a Execut\u00f3ria e de acordo com a proposta apresentada pela proponente\u201d.<\/p>\n\n\n\n<p>Para dar prosseguimento aos trabalhos do colegiado da ag\u00eancia reguladora, a a\u00e7\u00e3o requer o acionamento da lista de substitui\u00e7\u00e3o (diretores substitutos j\u00e1 indicados).<\/p>\n","protected":false},"excerpt":{"rendered":"<p>da\u00a0Ag\u00eancia iNFRA Uma\u00a0a\u00e7\u00e3o popular\u00a0pedindo o afastamento dos diretores Fernando Mosna e Ricardo Tili, al\u00e9m do diretor-geral da ANEEL (Ag\u00eancia Nacional de Energia El\u00e9trica), Sandoval Feitosa, foi ajuizada na \u00faltima segunda-feira (30) na 1\u00aa Vara da Se\u00e7\u00e3o Judici\u00e1ria do Amazonas. A peti\u00e7\u00e3o, de autoria do deputado federal Saullo Vianna (Uni\u00e3o-AM), pede \u201co afastamento cautelar dos requeridos [&hellip;]<\/p>\n","protected":false},"author":1,"featured_media":10310,"comment_status":"closed","ping_status":"closed","sticky":false,"template":"","format":"standard","meta":{"_monsterinsights_skip_tracking":false,"_monsterinsights_sitenote_active":false,"_monsterinsights_sitenote_note":"","_monsterinsights_sitenote_category":0,"footnotes":""},"categories":[7250,1,10],"tags":[6800,144,11398,53,22,7014,11501,5482,11500,10325,1984,7366,11502,5682,1026,7876,4766],"class_list":["post-18713","post","type-post","status-publish","format-standard","has-post-thumbnail","hentry","category-destaque-lista","category-geral","category-infraenergia","tag-agnes-costa","tag-amazonas-energia","tag-ambar-energia-2","tag-aneel","tag-concessao","tag-fernando-mosna","tag-irmaos-batista","tag-jf","tag-jaiza-maria-pinto-fraxe","tag-joesley-batista","tag-leila-coimbra","tag-marisa-wanzeller","tag-mp-1-232","tag-ricardo-tili","tag-sandoval-feitosa","tag-transferencia-de-controle","tag-trf-1"],"yoast_head":"<!-- This site is optimized with the Yoast SEO Premium plugin v25.4 (Yoast SEO v26.0) - https:\/\/yoast.com\/wordpress\/plugins\/seo\/ -->\n<title>A\u00e7\u00e3o popular pedindo o afastamento de tr\u00eas dos quatro diretores da ANEEL \u00e9 ajuizada - Ag\u00eancia iNFRA<\/title>\n<meta name=\"robots\" content=\"index, follow, max-snippet:-1, max-image-preview:large, max-video-preview:-1\" \/>\n<link rel=\"canonical\" href=\"https:\/\/agenciainfra.com\/blog\/acao-popular-pedindo-o-afastamento-de-tres-dos-quatro-diretores-da-aneel-e-ajuizada\/\" \/>\n<meta property=\"og:locale\" content=\"pt_BR\" \/>\n<meta property=\"og:type\" content=\"article\" \/>\n<meta property=\"og:title\" content=\"A\u00e7\u00e3o popular pedindo o afastamento de tr\u00eas dos quatro diretores da ANEEL \u00e9 ajuizada\" \/>\n<meta property=\"og:description\" content=\"da\u00a0Ag\u00eancia iNFRA Uma\u00a0a\u00e7\u00e3o popular\u00a0pedindo o afastamento dos diretores Fernando Mosna e Ricardo Tili, al\u00e9m do diretor-geral da ANEEL (Ag\u00eancia Nacional de Energia El\u00e9trica), Sandoval Feitosa, foi ajuizada na \u00faltima segunda-feira (30) na 1\u00aa Vara da Se\u00e7\u00e3o Judici\u00e1ria do Amazonas. A peti\u00e7\u00e3o, de autoria do deputado federal Saullo Vianna (Uni\u00e3o-AM), pede \u201co afastamento cautelar dos requeridos [&hellip;]\" \/>\n<meta property=\"og:url\" content=\"https:\/\/agenciainfra.com\/blog\/acao-popular-pedindo-o-afastamento-de-tres-dos-quatro-diretores-da-aneel-e-ajuizada\/\" \/>\n<meta property=\"og:site_name\" content=\"Ag\u00eancia iNFRA\" \/>\n<meta property=\"article:publisher\" content=\"https:\/\/www.facebook.com\/ageninfra\" \/>\n<meta property=\"article:published_time\" content=\"2024-10-02T13:00:00+00:00\" \/>\n<meta property=\"og:image\" content=\"https:\/\/agenciainfra.com\/blog\/wp-content\/uploads\/2022\/05\/aneel-foto-aneel.jpg\" \/>\n\t<meta property=\"og:image:width\" content=\"1299\" \/>\n\t<meta property=\"og:image:height\" content=\"868\" \/>\n\t<meta property=\"og:image:type\" content=\"image\/jpeg\" \/>\n<meta name=\"author\" content=\"Ag\u00eancia iNFRA\" \/>\n<meta name=\"twitter:card\" content=\"summary_large_image\" \/>\n<meta name=\"twitter:creator\" content=\"@agencia_infra\" \/>\n<meta name=\"twitter:site\" content=\"@agencia_infra\" \/>\n<meta name=\"twitter:label1\" content=\"Escrito por\" \/>\n\t<meta name=\"twitter:data1\" content=\"Ag\u00eancia iNFRA\" \/>\n\t<meta name=\"twitter:label2\" content=\"Est. tempo de leitura\" \/>\n\t<meta name=\"twitter:data2\" content=\"1 minuto\" \/>\n<script type=\"application\/ld+json\" class=\"yoast-schema-graph\">{\"@context\":\"https:\/\/schema.org\",\"@graph\":[{\"@type\":\"Article\",\"@id\":\"https:\/\/agenciainfra.com\/blog\/acao-popular-pedindo-o-afastamento-de-tres-dos-quatro-diretores-da-aneel-e-ajuizada\/#article\",\"isPartOf\":{\"@id\":\"https:\/\/agenciainfra.com\/blog\/acao-popular-pedindo-o-afastamento-de-tres-dos-quatro-diretores-da-aneel-e-ajuizada\/\"},\"author\":{\"name\":\"Ag\u00eancia iNFRA\",\"@id\":\"https:\/\/agenciainfra.com\/blog\/#\/schema\/person\/34af08dff6adea4cb22b06612ba7acfa\"},\"headline\":\"A\u00e7\u00e3o popular pedindo o afastamento de tr\u00eas dos quatro diretores da ANEEL \u00e9 ajuizada\",\"datePublished\":\"2024-10-02T13:00:00+00:00\",\"mainEntityOfPage\":{\"@id\":\"https:\/\/agenciainfra.com\/blog\/acao-popular-pedindo-o-afastamento-de-tres-dos-quatro-diretores-da-aneel-e-ajuizada\/\"},\"wordCount\":183,\"publisher\":{\"@id\":\"https:\/\/agenciainfra.com\/blog\/#organization\"},\"image\":{\"@id\":\"https:\/\/agenciainfra.com\/blog\/acao-popular-pedindo-o-afastamento-de-tres-dos-quatro-diretores-da-aneel-e-ajuizada\/#primaryimage\"},\"thumbnailUrl\":\"https:\/\/agenciainfra.com\/blog\/wp-content\/uploads\/2022\/05\/aneel-foto-aneel-e1764788022595.jpg\",\"keywords\":[\"Agnes Costa\",\"Amazonas Energia\",\"ambar energia\",\"ANEEL\",\"Concess\u00e3o\",\"Fernando Mosna\",\"irm\u00e3os batista\",\"J&amp;F\",\"Jaiza Maria Pinto Fraxe\",\"Joesley Batista\",\"Leila Coimbra\",\"Marisa Wanzeller\",\"MP 1.232\",\"Ricardo Tili\",\"Sandoval Feitosa\",\"transfer\u00eancia de controle\",\"TRF-1\"],\"articleSection\":[\"Destaque lista\",\"Geral\",\"iNFRAEnergia\"],\"inLanguage\":\"pt-BR\",\"copyrightYear\":\"2024\",\"copyrightHolder\":{\"@id\":\"https:\/\/agenciainfra.com\/blog\/#organization\"}},{\"@type\":\"WebPage\",\"@id\":\"https:\/\/agenciainfra.com\/blog\/acao-popular-pedindo-o-afastamento-de-tres-dos-quatro-diretores-da-aneel-e-ajuizada\/\",\"url\":\"https:\/\/agenciainfra.com\/blog\/acao-popular-pedindo-o-afastamento-de-tres-dos-quatro-diretores-da-aneel-e-ajuizada\/\",\"name\":\"A\u00e7\u00e3o popular pedindo o afastamento de tr\u00eas dos quatro diretores da ANEEL \u00e9 ajuizada - Ag\u00eancia iNFRA\",\"isPartOf\":{\"@id\":\"https:\/\/agenciainfra.com\/blog\/#website\"},\"primaryImageOfPage\":{\"@id\":\"https:\/\/agenciainfra.com\/blog\/acao-popular-pedindo-o-afastamento-de-tres-dos-quatro-diretores-da-aneel-e-ajuizada\/#primaryimage\"},\"image\":{\"@id\":\"https:\/\/agenciainfra.com\/blog\/acao-popular-pedindo-o-afastamento-de-tres-dos-quatro-diretores-da-aneel-e-ajuizada\/#primaryimage\"},\"thumbnailUrl\":\"https:\/\/agenciainfra.com\/blog\/wp-content\/uploads\/2022\/05\/aneel-foto-aneel-e1764788022595.jpg\",\"datePublished\":\"2024-10-02T13:00:00+00:00\",\"breadcrumb\":{\"@id\":\"https:\/\/agenciainfra.com\/blog\/acao-popular-pedindo-o-afastamento-de-tres-dos-quatro-diretores-da-aneel-e-ajuizada\/#breadcrumb\"},\"inLanguage\":\"pt-BR\",\"potentialAction\":[{\"@type\":\"ReadAction\",\"target\":[\"https:\/\/agenciainfra.com\/blog\/acao-popular-pedindo-o-afastamento-de-tres-dos-quatro-diretores-da-aneel-e-ajuizada\/\"]}]},{\"@type\":\"ImageObject\",\"inLanguage\":\"pt-BR\",\"@id\":\"https:\/\/agenciainfra.com\/blog\/acao-popular-pedindo-o-afastamento-de-tres-dos-quatro-diretores-da-aneel-e-ajuizada\/#primaryimage\",\"url\":\"https:\/\/agenciainfra.com\/blog\/wp-content\/uploads\/2022\/05\/aneel-foto-aneel-e1764788022595.jpg\",\"contentUrl\":\"https:\/\/agenciainfra.com\/blog\/wp-content\/uploads\/2022\/05\/aneel-foto-aneel-e1764788022595.jpg\",\"width\":1280,\"height\":753,\"caption\":\"Foto: ANEEL\"},{\"@type\":\"BreadcrumbList\",\"@id\":\"https:\/\/agenciainfra.com\/blog\/acao-popular-pedindo-o-afastamento-de-tres-dos-quatro-diretores-da-aneel-e-ajuizada\/#breadcrumb\",\"itemListElement\":[{\"@type\":\"ListItem\",\"position\":1,\"name\":\"In\u00edcio\",\"item\":\"https:\/\/agenciainfra.com\/blog\/\"},{\"@type\":\"ListItem\",\"position\":2,\"name\":\"A\u00e7\u00e3o popular pedindo o afastamento de tr\u00eas dos quatro diretores da ANEEL \u00e9 ajuizada\"}]},{\"@type\":\"WebSite\",\"@id\":\"https:\/\/agenciainfra.com\/blog\/#website\",\"url\":\"https:\/\/agenciainfra.com\/blog\/\",\"name\":\"Ag\u00eancia iNFRA\",\"description\":\"Multiplataforma de informa\u00e7\u00e3o jornal\u00edstica refer\u00eancia na \u00e1rea de infraestrutura no Brasil!\",\"publisher\":{\"@id\":\"https:\/\/agenciainfra.com\/blog\/#organization\"},\"potentialAction\":[{\"@type\":\"SearchAction\",\"target\":{\"@type\":\"EntryPoint\",\"urlTemplate\":\"https:\/\/agenciainfra.com\/blog\/?s={search_term_string}\"},\"query-input\":{\"@type\":\"PropertyValueSpecification\",\"valueRequired\":true,\"valueName\":\"search_term_string\"}}],\"inLanguage\":\"pt-BR\"},{\"@type\":\"Organization\",\"@id\":\"https:\/\/agenciainfra.com\/blog\/#organization\",\"name\":\"Ag\u00eancia iNFRA\",\"url\":\"https:\/\/agenciainfra.com\/blog\/\",\"logo\":{\"@type\":\"ImageObject\",\"inLanguage\":\"pt-BR\",\"@id\":\"https:\/\/agenciainfra.com\/blog\/#\/schema\/logo\/image\/\",\"url\":\"https:\/\/agenciainfra.com\/blog\/wp-content\/uploads\/2023\/09\/iNFRA_5-e1761735885940.png\",\"contentUrl\":\"https:\/\/agenciainfra.com\/blog\/wp-content\/uploads\/2023\/09\/iNFRA_5-e1761735885940.png\",\"width\":1672,\"height\":454,\"caption\":\"Ag\u00eancia iNFRA\"},\"image\":{\"@id\":\"https:\/\/agenciainfra.com\/blog\/#\/schema\/logo\/image\/\"},\"sameAs\":[\"https:\/\/www.facebook.com\/ageninfra\",\"https:\/\/x.com\/agencia_infra\",\"https:\/\/www.linkedin.com\/company\/ag\u00eanciainfra\/\",\"https:\/\/www.instagram.com\/agenciainfra\/\"]},{\"@type\":\"Person\",\"@id\":\"https:\/\/agenciainfra.com\/blog\/#\/schema\/person\/34af08dff6adea4cb22b06612ba7acfa\",\"name\":\"Ag\u00eancia iNFRA\",\"image\":{\"@type\":\"ImageObject\",\"inLanguage\":\"pt-BR\",\"@id\":\"https:\/\/agenciainfra.com\/blog\/#\/schema\/person\/image\/\",\"url\":\"https:\/\/secure.gravatar.com\/avatar\/d189e01678f06d8eb84d4e01f08eb848b3fffe3f8443818d3c356c66892f5be8?s=96&d=mm&r=g\",\"contentUrl\":\"https:\/\/secure.gravatar.com\/avatar\/d189e01678f06d8eb84d4e01f08eb848b3fffe3f8443818d3c356c66892f5be8?s=96&d=mm&r=g\",\"caption\":\"Ag\u00eancia iNFRA\"},\"url\":\"https:\/\/agenciainfra.com\/blog\/author\/admin\/\"}]}<\/script>\n<!-- \/ Yoast SEO Premium plugin. -->","yoast_head_json":{"title":"A\u00e7\u00e3o popular pedindo o afastamento de tr\u00eas dos quatro diretores da ANEEL \u00e9 ajuizada - Ag\u00eancia iNFRA","robots":{"index":"index","follow":"follow","max-snippet":"max-snippet:-1","max-image-preview":"max-image-preview:large","max-video-preview":"max-video-preview:-1"},"canonical":"https:\/\/agenciainfra.com\/blog\/acao-popular-pedindo-o-afastamento-de-tres-dos-quatro-diretores-da-aneel-e-ajuizada\/","og_locale":"pt_BR","og_type":"article","og_title":"A\u00e7\u00e3o popular pedindo o afastamento de tr\u00eas dos quatro diretores da ANEEL \u00e9 ajuizada","og_description":"da\u00a0Ag\u00eancia iNFRA Uma\u00a0a\u00e7\u00e3o popular\u00a0pedindo o afastamento dos diretores Fernando Mosna e Ricardo Tili, al\u00e9m do diretor-geral da ANEEL (Ag\u00eancia Nacional de Energia El\u00e9trica), Sandoval Feitosa, foi ajuizada na \u00faltima segunda-feira (30) na 1\u00aa Vara da Se\u00e7\u00e3o Judici\u00e1ria do Amazonas. A peti\u00e7\u00e3o, de autoria do deputado federal Saullo Vianna (Uni\u00e3o-AM), pede \u201co afastamento cautelar dos requeridos [&hellip;]","og_url":"https:\/\/agenciainfra.com\/blog\/acao-popular-pedindo-o-afastamento-de-tres-dos-quatro-diretores-da-aneel-e-ajuizada\/","og_site_name":"Ag\u00eancia iNFRA","article_publisher":"https:\/\/www.facebook.com\/ageninfra","article_published_time":"2024-10-02T13:00:00+00:00","og_image":[{"width":1299,"height":868,"url":"https:\/\/agenciainfra.com\/blog\/wp-content\/uploads\/2022\/05\/aneel-foto-aneel.jpg","type":"image\/jpeg"}],"author":"Ag\u00eancia iNFRA","twitter_card":"summary_large_image","twitter_creator":"@agencia_infra","twitter_site":"@agencia_infra","twitter_misc":{"Escrito por":"Ag\u00eancia iNFRA","Est. tempo de leitura":"1 minuto"},"schema":{"@context":"https:\/\/schema.org","@graph":[{"@type":"Article","@id":"https:\/\/agenciainfra.com\/blog\/acao-popular-pedindo-o-afastamento-de-tres-dos-quatro-diretores-da-aneel-e-ajuizada\/#article","isPartOf":{"@id":"https:\/\/agenciainfra.com\/blog\/acao-popular-pedindo-o-afastamento-de-tres-dos-quatro-diretores-da-aneel-e-ajuizada\/"},"author":{"name":"Ag\u00eancia iNFRA","@id":"https:\/\/agenciainfra.com\/blog\/#\/schema\/person\/34af08dff6adea4cb22b06612ba7acfa"},"headline":"A\u00e7\u00e3o popular pedindo o afastamento de tr\u00eas dos quatro diretores da ANEEL \u00e9 ajuizada","datePublished":"2024-10-02T13:00:00+00:00","mainEntityOfPage":{"@id":"https:\/\/agenciainfra.com\/blog\/acao-popular-pedindo-o-afastamento-de-tres-dos-quatro-diretores-da-aneel-e-ajuizada\/"},"wordCount":183,"publisher":{"@id":"https:\/\/agenciainfra.com\/blog\/#organization"},"image":{"@id":"https:\/\/agenciainfra.com\/blog\/acao-popular-pedindo-o-afastamento-de-tres-dos-quatro-diretores-da-aneel-e-ajuizada\/#primaryimage"},"thumbnailUrl":"https:\/\/agenciainfra.com\/blog\/wp-content\/uploads\/2022\/05\/aneel-foto-aneel-e1764788022595.jpg","keywords":["Agnes Costa","Amazonas Energia","ambar energia","ANEEL","Concess\u00e3o","Fernando Mosna","irm\u00e3os batista","J&amp;F","Jaiza Maria Pinto Fraxe","Joesley Batista","Leila Coimbra","Marisa Wanzeller","MP 1.232","Ricardo Tili","Sandoval Feitosa","transfer\u00eancia de controle","TRF-1"],"articleSection":["Destaque lista","Geral","iNFRAEnergia"],"inLanguage":"pt-BR","copyrightYear":"2024","copyrightHolder":{"@id":"https:\/\/agenciainfra.com\/blog\/#organization"}},{"@type":"WebPage","@id":"https:\/\/agenciainfra.com\/blog\/acao-popular-pedindo-o-afastamento-de-tres-dos-quatro-diretores-da-aneel-e-ajuizada\/","url":"https:\/\/agenciainfra.com\/blog\/acao-popular-pedindo-o-afastamento-de-tres-dos-quatro-diretores-da-aneel-e-ajuizada\/","name":"A\u00e7\u00e3o popular pedindo o afastamento de tr\u00eas dos quatro diretores da ANEEL \u00e9 ajuizada - Ag\u00eancia iNFRA","isPartOf":{"@id":"https:\/\/agenciainfra.com\/blog\/#website"},"primaryImageOfPage":{"@id":"https:\/\/agenciainfra.com\/blog\/acao-popular-pedindo-o-afastamento-de-tres-dos-quatro-diretores-da-aneel-e-ajuizada\/#primaryimage"},"image":{"@id":"https:\/\/agenciainfra.com\/blog\/acao-popular-pedindo-o-afastamento-de-tres-dos-quatro-diretores-da-aneel-e-ajuizada\/#primaryimage"},"thumbnailUrl":"https:\/\/agenciainfra.com\/blog\/wp-content\/uploads\/2022\/05\/aneel-foto-aneel-e1764788022595.jpg","datePublished":"2024-10-02T13:00:00+00:00","breadcrumb":{"@id":"https:\/\/agenciainfra.com\/blog\/acao-popular-pedindo-o-afastamento-de-tres-dos-quatro-diretores-da-aneel-e-ajuizada\/#breadcrumb"},"inLanguage":"pt-BR","potentialAction":[{"@type":"ReadAction","target":["https:\/\/agenciainfra.com\/blog\/acao-popular-pedindo-o-afastamento-de-tres-dos-quatro-diretores-da-aneel-e-ajuizada\/"]}]},{"@type":"ImageObject","inLanguage":"pt-BR","@id":"https:\/\/agenciainfra.com\/blog\/acao-popular-pedindo-o-afastamento-de-tres-dos-quatro-diretores-da-aneel-e-ajuizada\/#primaryimage","url":"https:\/\/agenciainfra.com\/blog\/wp-content\/uploads\/2022\/05\/aneel-foto-aneel-e1764788022595.jpg","contentUrl":"https:\/\/agenciainfra.com\/blog\/wp-content\/uploads\/2022\/05\/aneel-foto-aneel-e1764788022595.jpg","width":1280,"height":753,"caption":"Foto: ANEEL"},{"@type":"BreadcrumbList","@id":"https:\/\/agenciainfra.com\/blog\/acao-popular-pedindo-o-afastamento-de-tres-dos-quatro-diretores-da-aneel-e-ajuizada\/#breadcrumb","itemListElement":[{"@type":"ListItem","position":1,"name":"In\u00edcio","item":"https:\/\/agenciainfra.com\/blog\/"},{"@type":"ListItem","position":2,"name":"A\u00e7\u00e3o popular pedindo o afastamento de tr\u00eas dos quatro diretores da ANEEL \u00e9 ajuizada"}]},{"@type":"WebSite","@id":"https:\/\/agenciainfra.com\/blog\/#website","url":"https:\/\/agenciainfra.com\/blog\/","name":"Ag\u00eancia iNFRA","description":"Multiplataforma de informa\u00e7\u00e3o jornal\u00edstica refer\u00eancia na \u00e1rea de infraestrutura no Brasil!","publisher":{"@id":"https:\/\/agenciainfra.com\/blog\/#organization"},"potentialAction":[{"@type":"SearchAction","target":{"@type":"EntryPoint","urlTemplate":"https:\/\/agenciainfra.com\/blog\/?s={search_term_string}"},"query-input":{"@type":"PropertyValueSpecification","valueRequired":true,"valueName":"search_term_string"}}],"inLanguage":"pt-BR"},{"@type":"Organization","@id":"https:\/\/agenciainfra.com\/blog\/#organization","name":"Ag\u00eancia iNFRA","url":"https:\/\/agenciainfra.com\/blog\/","logo":{"@type":"ImageObject","inLanguage":"pt-BR","@id":"https:\/\/agenciainfra.com\/blog\/#\/schema\/logo\/image\/","url":"https:\/\/agenciainfra.com\/blog\/wp-content\/uploads\/2023\/09\/iNFRA_5-e1761735885940.png","contentUrl":"https:\/\/agenciainfra.com\/blog\/wp-content\/uploads\/2023\/09\/iNFRA_5-e1761735885940.png","width":1672,"height":454,"caption":"Ag\u00eancia iNFRA"},"image":{"@id":"https:\/\/agenciainfra.com\/blog\/#\/schema\/logo\/image\/"},"sameAs":["https:\/\/www.facebook.com\/ageninfra","https:\/\/x.com\/agencia_infra","https:\/\/www.linkedin.com\/company\/ag\u00eanciainfra\/","https:\/\/www.instagram.com\/agenciainfra\/"]},{"@type":"Person","@id":"https:\/\/agenciainfra.com\/blog\/#\/schema\/person\/34af08dff6adea4cb22b06612ba7acfa","name":"Ag\u00eancia iNFRA","image":{"@type":"ImageObject","inLanguage":"pt-BR","@id":"https:\/\/agenciainfra.com\/blog\/#\/schema\/person\/image\/","url":"https:\/\/secure.gravatar.com\/avatar\/d189e01678f06d8eb84d4e01f08eb848b3fffe3f8443818d3c356c66892f5be8?s=96&d=mm&r=g","contentUrl":"https:\/\/secure.gravatar.com\/avatar\/d189e01678f06d8eb84d4e01f08eb848b3fffe3f8443818d3c356c66892f5be8?s=96&d=mm&r=g","caption":"Ag\u00eancia iNFRA"},"url":"https:\/\/agenciainfra.com\/blog\/author\/admin\/"}]}},"_links":{"self":[{"href":"https:\/\/agenciainfra.com\/blog\/wp-json\/wp\/v2\/posts\/18713","targetHints":{"allow":["GET"]}}],"collection":[{"href":"https:\/\/agenciainfra.com\/blog\/wp-json\/wp\/v2\/posts"}],"about":[{"href":"https:\/\/agenciainfra.com\/blog\/wp-json\/wp\/v2\/types\/post"}],"author":[{"embeddable":true,"href":"https:\/\/agenciainfra.com\/blog\/wp-json\/wp\/v2\/users\/1"}],"replies":[{"embeddable":true,"href":"https:\/\/agenciainfra.com\/blog\/wp-json\/wp\/v2\/comments?post=18713"}],"version-history":[{"count":1,"href":"https:\/\/agenciainfra.com\/blog\/wp-json\/wp\/v2\/posts\/18713\/revisions"}],"predecessor-version":[{"id":18714,"href":"https:\/\/agenciainfra.com\/blog\/wp-json\/wp\/v2\/posts\/18713\/revisions\/18714"}],"wp:featuredmedia":[{"embeddable":true,"href":"https:\/\/agenciainfra.com\/blog\/wp-json\/wp\/v2\/media\/10310"}],"wp:attachment":[{"href":"https:\/\/agenciainfra.com\/blog\/wp-json\/wp\/v2\/media?parent=18713"}],"wp:term":[{"taxonomy":"category","embeddable":true,"href":"https:\/\/agenciainfra.com\/blog\/wp-json\/wp\/v2\/categories?post=18713"},{"taxonomy":"post_tag","embeddable":true,"href":"https:\/\/agenciainfra.com\/blog\/wp-json\/wp\/v2\/tags?post=18713"}],"curies":[{"name":"wp","href":"https:\/\/api.w.org\/{rel}","templated":true}]}}