{"id":18721,"date":"2024-10-03T13:00:00","date_gmt":"2024-10-03T16:00:00","guid":{"rendered":"https:\/\/agenciainfra.com\/blog\/?p=18721"},"modified":"2024-10-02T11:56:57","modified_gmt":"2024-10-02T14:56:57","slug":"setor-portuario-cobra-de-ministerio-previsibilidade-na-area-de-dragagens","status":"publish","type":"post","link":"https:\/\/agenciainfra.com\/blog\/setor-portuario-cobra-de-ministerio-previsibilidade-na-area-de-dragagens\/","title":{"rendered":"Setor portu\u00e1rio cobra de minist\u00e9rio previsibilidade na \u00e1rea de dragagens"},"content":{"rendered":"\n<p class=\"has-text-align-right\"><strong>Sheyla Santos, da Ag\u00eancia iNFRA<\/strong><\/p>\n\n\n\n<p>O diretor-executivo do Centronave (Centro Nacional de Navega\u00e7\u00e3o Transatl\u00e2ntica), Claudio Loureiro, que representa armadores internacionais, cobrou na \u00faltima ter\u00e7a-feira (1\u00ba) do MPor (Minist\u00e9rio de Portos e Aeroportos) uma maior previsibilidade para os investimentos no setor portu\u00e1rio, com metas claras e objetivos definidos em rela\u00e7\u00e3o \u00e0s agendas de dragagens e aprofundamento de canais.<\/p>\n\n\n\n<p>Loureiro disse haver recursos no setor para fazer as obras e mencionou ter tido perdas da ordem de US$ 50 milh\u00f5es por conta das indefini\u00e7\u00f5es.&nbsp;A dificuldade que o governo tem enfrentado para dar andamento \u00e0s obras de dragagens foi alvo de cr\u00edticas em evento realizado pela FPPA (Frente Parlamentar Mista de Portos e Aeroportos) e pelo IBI (Instituto Brasileiro de Infraestrutura) em Bras\u00edlia.<\/p>\n\n\n\n<p>\u201cNo ano passado, a gente teve uma m\u00e9dia de espera de 121h, e com carga a bordo, carga com compromisso de entrega. Eu tenho dinheiro para fazer dragagem e n\u00e3o consigo\u201d, afirmou Loureiro. O executivo ainda reclamou da demora na realiza\u00e7\u00e3o de novas licita\u00e7\u00f5es de terminais de cont\u00eaineres. \u201cN\u00e3o tem ber\u00e7o para atracar\u201d, reclamou.<\/p>\n\n\n\n<p>O secret\u00e1rio de Portos do MPor, Alex \u00c1vila, afirmou que as dragagens est\u00e3o na ordem do dia do minist\u00e9rio e admitiu que o tema \u00e9 extremamente sens\u00edvel e complexo, visto que sem dragagem adequada n\u00e3o h\u00e1 movimenta\u00e7\u00e3o de cargas. O secret\u00e1rio disse&nbsp;que o governo acompanha junto \u00e0s autoridades portu\u00e1rias o que est\u00e1 sendo desenvolvido tanto em rela\u00e7\u00e3o \u00e0 dragagem de manuten\u00e7\u00e3o como \u00e0 dragagem de aprofundamento.<\/p>\n\n\n\n<p><strong>Concess\u00e3o do Paranagu\u00e1<\/strong><br>\u00c1vila disse que a principal pauta da pasta com rela\u00e7\u00e3o \u00e0 dragagem s\u00e3o as&nbsp;concess\u00f5es, como a do canal de acesso ao porto de Paranagu\u00e1 (PR), que dever\u00e1 ser licitada at\u00e9 abril de 2025. Segundo o secret\u00e1rio, o&nbsp;estudo&nbsp;de viabilidade da&nbsp;concess\u00e3o deve ser enviado&nbsp;ao TCU (Tribunal de Contas da Uni\u00e3o) nos pr\u00f3ximos 30 dias. Por se tratar da primeira concess\u00e3o de canal de acesso de um porto p\u00fablico, o projeto dever\u00e1 balizar as futuras concess\u00f5es.<\/p>\n\n\n\n<p>\u201cNosso objetivo \u00e9 proporcionar o que for poss\u00edvel de fazer de melhor na concess\u00e3o, \u00e9 a gente proporcionar para o mercado poder avaliar e, com toda certeza, a gente tem a\u00ed um leil\u00e3o exitoso para poder ter essa concess\u00e3o, primeiro no Paranagu\u00e1, que est\u00e1 mais avan\u00e7ado, pelos pr\u00f3ximos, no m\u00ednimo, 25 anos\u201d, afirmou.<\/p>\n\n\n\n<p>Sobre as cr\u00edticas do setor quanto \u00e0 indefini\u00e7\u00e3o na agenda, o secret\u00e1rio limitou-se a dizer que elas s\u00e3o &#8220;sempre muito bem-vindas&#8221; e que ser\u00e3o levadas \u00e0s reflex\u00f5es. \u201c[As cr\u00edticas] nos servem para a gente entender a forma como o mercado enxerga\u201d, avaliou.<\/p>\n\n\n\n<p><strong>Tabela 1<\/strong><br>Sem investimentos adequados, o pagamento da &#8220;tabela 1&#8221;, que s\u00e3o as tarifas pagas pelos navios aos portos, tamb\u00e9m foi alvo de cr\u00edticas. &nbsp;Loureiro, do Centronave, disse que paga a tabela 1, em Santos (SP), sem ter retorno adequado. \u201c\u00c9 escandalosa. Tem tanta coisa equivocada em volta\u201d, disse.<\/p>\n\n\n\n<p>Pelas regras da&nbsp;ANTAQ (Ag\u00eancia Nacional de Transportes Aquavi\u00e1rios), caso os portos n\u00e3o ofertem os servi\u00e7os compat\u00edveis com os valores cobrados, a ag\u00eancia pode reduzir os pre\u00e7os da tabela 1. A diretora da ag\u00eancia Fl\u00e1via Takafashi disse que a dragagem \u00e9 um tema ao qual a ag\u00eancia tem muita aten\u00e7\u00e3o, principalmente por causa da rela\u00e7\u00e3o com a aplica\u00e7\u00e3o das tarifas portu\u00e1rias.<\/p>\n\n\n\n<p>Fl\u00e1via afirmou que frequentemente a ag\u00eancia recebe den\u00fancias e preocupa\u00e7\u00f5es do setor tanto em rela\u00e7\u00e3o \u00e0 capacidade que os portos t\u00eam de receber grandes navios como de fazer investimentos para aprofundar canais de acesso e profundidades de meios de atraca\u00e7\u00e3o. Segundo a diretora, apesar de haver apenas tr\u00eas grandes reuni\u00f5es de diretoria neste ano, a ag\u00eancia pretende se debru\u00e7ar sobre o tema e apresentar ainda em 2024 um diagn\u00f3stico de portos que puderam fazer investimento e tiveram como consequ\u00eancia o reajuste tarif\u00e1rio.<\/p>\n\n\n\n<p>\u201cA gente est\u00e1 finalizando agora. Tivemos reuni\u00f5es dos tr\u00eas diretores, com a \u00e1rea de fiscaliza\u00e7\u00e3o, com acompanhamento de cada um desses processos\u201d, disse, acrescentando que h\u00e1 cerca de dez anos a ag\u00eancia instalou um programa espec\u00edfico de fiscaliza\u00e7\u00e3o para monitorar mais de perto a aplica\u00e7\u00e3o desses investimentos.<\/p>\n\n\n\n<p><strong>Fundo da Marinha Mercante<\/strong><br>Presente ao evento, o secret\u00e1rio nacional de Hidrovias do MPor, Dino Antunes, que lidera a agenda de concess\u00f5es hidrovi\u00e1rias, afirmou que o governo trabalha para fazer com que o vencedor do certame saiba de antem\u00e3o que poder\u00e1 ter acesso aos recursos do FMM (Fundo da Marinha Mercante).<\/p>\n\n\n\n<p>\u201cO vencedor do certame poderia solicitar prioridade para financiamento antes mesmo do certame\u201d, afirmou. \u201cA gente j\u00e1 inaugurou esse modelo de invers\u00e3o de fase, vamos dizer assim, nas navega\u00e7\u00f5es com a Petrobras, na FPSO [Plataformas]\u201d. Segundo ele, o processo, que \u00e9 simples, dever\u00e1 ser tratado possivelmente at\u00e9 dezembro, quando ser\u00e1 realizada a pr\u00f3xima reuni\u00e3o sobre o fundo.<\/p>\n\n\n\n<p>A empres\u00e1rios, Dino voltou a falar da dificuldade de comunica\u00e7\u00e3o da pasta sobre as concess\u00f5es e afirmou que, no momento, o maior gargalo do setor hidrovi\u00e1rio \u00e9 a quest\u00e3o ambiental.<\/p>\n","protected":false},"excerpt":{"rendered":"<p>Sheyla Santos, da Ag\u00eancia iNFRA O diretor-executivo do Centronave (Centro Nacional de Navega\u00e7\u00e3o Transatl\u00e2ntica), Claudio Loureiro, que representa armadores internacionais, cobrou na \u00faltima ter\u00e7a-feira (1\u00ba) do MPor (Minist\u00e9rio de Portos e Aeroportos) uma maior previsibilidade para os investimentos no setor portu\u00e1rio, com metas claras e objetivos definidos em rela\u00e7\u00e3o \u00e0s agendas de dragagens e aprofundamento [&hellip;]<\/p>\n","protected":false},"author":1,"featured_media":5641,"comment_status":"closed","ping_status":"closed","sticky":false,"template":"","format":"standard","meta":{"_monsterinsights_skip_tracking":false,"_monsterinsights_sitenote_active":false,"_monsterinsights_sitenote_note":"","_monsterinsights_sitenote_category":0,"footnotes":""},"categories":[7250,1,7],"tags":[8958,86,407,1714,7616,1145,3082,3263,10079,8867,6919,310,1201,8838,816],"class_list":["post-18721","post","type-post","status-publish","format-standard","has-post-thumbnail","hentry","category-destaque-lista","category-geral","category-infratransporte","tag-alex-avila","tag-antaq","tag-cabotagem","tag-centronave","tag-claudio-loureiro-2","tag-dino-antunes","tag-dragagem-2","tag-flavia-takafashi","tag-fppa","tag-ibi","tag-mpor","tag-portos","tag-setor-portuario","tag-sheyla-santos","tag-transporte-aquaviario"],"yoast_head":"<!-- This site is optimized with the Yoast SEO Premium plugin v25.4 (Yoast SEO v26.0) - https:\/\/yoast.com\/wordpress\/plugins\/seo\/ -->\n<title>Setor portu\u00e1rio cobra de minist\u00e9rio previsibilidade na \u00e1rea de dragagens - Ag\u00eancia iNFRA<\/title>\n<meta name=\"robots\" content=\"index, follow, max-snippet:-1, max-image-preview:large, max-video-preview:-1\" \/>\n<link rel=\"canonical\" href=\"https:\/\/agenciainfra.com\/blog\/setor-portuario-cobra-de-ministerio-previsibilidade-na-area-de-dragagens\/\" \/>\n<meta property=\"og:locale\" content=\"pt_BR\" \/>\n<meta property=\"og:type\" content=\"article\" \/>\n<meta property=\"og:title\" content=\"Setor portu\u00e1rio cobra de minist\u00e9rio previsibilidade na \u00e1rea de dragagens\" \/>\n<meta property=\"og:description\" content=\"Sheyla Santos, da Ag\u00eancia iNFRA O diretor-executivo do Centronave (Centro Nacional de Navega\u00e7\u00e3o Transatl\u00e2ntica), Claudio Loureiro, que representa armadores internacionais, cobrou na \u00faltima ter\u00e7a-feira (1\u00ba) do MPor (Minist\u00e9rio de Portos e Aeroportos) uma maior previsibilidade para os investimentos no setor portu\u00e1rio, com metas claras e objetivos definidos em rela\u00e7\u00e3o \u00e0s agendas de dragagens e aprofundamento [&hellip;]\" \/>\n<meta property=\"og:url\" content=\"https:\/\/agenciainfra.com\/blog\/setor-portuario-cobra-de-ministerio-previsibilidade-na-area-de-dragagens\/\" \/>\n<meta property=\"og:site_name\" content=\"Ag\u00eancia iNFRA\" \/>\n<meta property=\"article:publisher\" content=\"https:\/\/www.facebook.com\/ageninfra\" \/>\n<meta property=\"article:published_time\" content=\"2024-10-03T16:00:00+00:00\" \/>\n<meta property=\"og:image\" content=\"https:\/\/agenciainfra.com\/blog\/wp-content\/uploads\/2020\/08\/navios-foto-claudio-neves-portos-do-parana.jpeg\" \/>\n\t<meta property=\"og:image:width\" content=\"1280\" \/>\n\t<meta property=\"og:image:height\" content=\"853\" \/>\n\t<meta property=\"og:image:type\" content=\"image\/jpeg\" \/>\n<meta name=\"author\" content=\"Ag\u00eancia iNFRA\" \/>\n<meta name=\"twitter:card\" content=\"summary_large_image\" \/>\n<meta name=\"twitter:creator\" content=\"@agencia_infra\" \/>\n<meta name=\"twitter:site\" content=\"@agencia_infra\" \/>\n<meta name=\"twitter:label1\" content=\"Escrito por\" \/>\n\t<meta name=\"twitter:data1\" content=\"Ag\u00eancia iNFRA\" \/>\n\t<meta name=\"twitter:label2\" content=\"Est. tempo de leitura\" \/>\n\t<meta name=\"twitter:data2\" content=\"4 minutos\" \/>\n<script type=\"application\/ld+json\" class=\"yoast-schema-graph\">{\"@context\":\"https:\/\/schema.org\",\"@graph\":[{\"@type\":\"Article\",\"@id\":\"https:\/\/agenciainfra.com\/blog\/setor-portuario-cobra-de-ministerio-previsibilidade-na-area-de-dragagens\/#article\",\"isPartOf\":{\"@id\":\"https:\/\/agenciainfra.com\/blog\/setor-portuario-cobra-de-ministerio-previsibilidade-na-area-de-dragagens\/\"},\"author\":{\"name\":\"Ag\u00eancia iNFRA\",\"@id\":\"https:\/\/agenciainfra.com\/blog\/#\/schema\/person\/34af08dff6adea4cb22b06612ba7acfa\"},\"headline\":\"Setor portu\u00e1rio cobra de minist\u00e9rio previsibilidade na \u00e1rea de dragagens\",\"datePublished\":\"2024-10-03T16:00:00+00:00\",\"mainEntityOfPage\":{\"@id\":\"https:\/\/agenciainfra.com\/blog\/setor-portuario-cobra-de-ministerio-previsibilidade-na-area-de-dragagens\/\"},\"wordCount\":898,\"publisher\":{\"@id\":\"https:\/\/agenciainfra.com\/blog\/#organization\"},\"image\":{\"@id\":\"https:\/\/agenciainfra.com\/blog\/setor-portuario-cobra-de-ministerio-previsibilidade-na-area-de-dragagens\/#primaryimage\"},\"thumbnailUrl\":\"https:\/\/agenciainfra.com\/blog\/wp-content\/uploads\/2020\/08\/navios-foto-claudio-neves-portos-do-parana.jpeg\",\"keywords\":[\"Alex \u00c1vila\",\"ANTAQ\",\"cabotagem\",\"Centronave\",\"Claudio Loureiro\",\"Dino Antunes\",\"dragagem\",\"Fl\u00e1via Takafashi\",\"FPPA\",\"IBI\",\"MPor\",\"portos\",\"setor portu\u00e1rio\",\"Sheyla Santos\",\"transporte aquavi\u00e1rio\"],\"articleSection\":[\"Destaque lista\",\"Geral\",\"iNFRATransporte\"],\"inLanguage\":\"pt-BR\",\"copyrightYear\":\"2024\",\"copyrightHolder\":{\"@id\":\"https:\/\/agenciainfra.com\/blog\/#organization\"}},{\"@type\":\"WebPage\",\"@id\":\"https:\/\/agenciainfra.com\/blog\/setor-portuario-cobra-de-ministerio-previsibilidade-na-area-de-dragagens\/\",\"url\":\"https:\/\/agenciainfra.com\/blog\/setor-portuario-cobra-de-ministerio-previsibilidade-na-area-de-dragagens\/\",\"name\":\"Setor portu\u00e1rio cobra de minist\u00e9rio previsibilidade na \u00e1rea de dragagens - Ag\u00eancia iNFRA\",\"isPartOf\":{\"@id\":\"https:\/\/agenciainfra.com\/blog\/#website\"},\"primaryImageOfPage\":{\"@id\":\"https:\/\/agenciainfra.com\/blog\/setor-portuario-cobra-de-ministerio-previsibilidade-na-area-de-dragagens\/#primaryimage\"},\"image\":{\"@id\":\"https:\/\/agenciainfra.com\/blog\/setor-portuario-cobra-de-ministerio-previsibilidade-na-area-de-dragagens\/#primaryimage\"},\"thumbnailUrl\":\"https:\/\/agenciainfra.com\/blog\/wp-content\/uploads\/2020\/08\/navios-foto-claudio-neves-portos-do-parana.jpeg\",\"datePublished\":\"2024-10-03T16:00:00+00:00\",\"breadcrumb\":{\"@id\":\"https:\/\/agenciainfra.com\/blog\/setor-portuario-cobra-de-ministerio-previsibilidade-na-area-de-dragagens\/#breadcrumb\"},\"inLanguage\":\"pt-BR\",\"potentialAction\":[{\"@type\":\"ReadAction\",\"target\":[\"https:\/\/agenciainfra.com\/blog\/setor-portuario-cobra-de-ministerio-previsibilidade-na-area-de-dragagens\/\"]}]},{\"@type\":\"ImageObject\",\"inLanguage\":\"pt-BR\",\"@id\":\"https:\/\/agenciainfra.com\/blog\/setor-portuario-cobra-de-ministerio-previsibilidade-na-area-de-dragagens\/#primaryimage\",\"url\":\"https:\/\/agenciainfra.com\/blog\/wp-content\/uploads\/2020\/08\/navios-foto-claudio-neves-portos-do-parana.jpeg\",\"contentUrl\":\"https:\/\/agenciainfra.com\/blog\/wp-content\/uploads\/2020\/08\/navios-foto-claudio-neves-portos-do-parana.jpeg\",\"width\":1280,\"height\":853},{\"@type\":\"BreadcrumbList\",\"@id\":\"https:\/\/agenciainfra.com\/blog\/setor-portuario-cobra-de-ministerio-previsibilidade-na-area-de-dragagens\/#breadcrumb\",\"itemListElement\":[{\"@type\":\"ListItem\",\"position\":1,\"name\":\"In\u00edcio\",\"item\":\"https:\/\/agenciainfra.com\/blog\/\"},{\"@type\":\"ListItem\",\"position\":2,\"name\":\"Setor portu\u00e1rio cobra de minist\u00e9rio previsibilidade na \u00e1rea de dragagens\"}]},{\"@type\":\"WebSite\",\"@id\":\"https:\/\/agenciainfra.com\/blog\/#website\",\"url\":\"https:\/\/agenciainfra.com\/blog\/\",\"name\":\"Ag\u00eancia iNFRA\",\"description\":\"Multiplataforma de informa\u00e7\u00e3o jornal\u00edstica refer\u00eancia na \u00e1rea de infraestrutura no Brasil!\",\"publisher\":{\"@id\":\"https:\/\/agenciainfra.com\/blog\/#organization\"},\"potentialAction\":[{\"@type\":\"SearchAction\",\"target\":{\"@type\":\"EntryPoint\",\"urlTemplate\":\"https:\/\/agenciainfra.com\/blog\/?s={search_term_string}\"},\"query-input\":{\"@type\":\"PropertyValueSpecification\",\"valueRequired\":true,\"valueName\":\"search_term_string\"}}],\"inLanguage\":\"pt-BR\"},{\"@type\":\"Organization\",\"@id\":\"https:\/\/agenciainfra.com\/blog\/#organization\",\"name\":\"Ag\u00eancia iNFRA\",\"url\":\"https:\/\/agenciainfra.com\/blog\/\",\"logo\":{\"@type\":\"ImageObject\",\"inLanguage\":\"pt-BR\",\"@id\":\"https:\/\/agenciainfra.com\/blog\/#\/schema\/logo\/image\/\",\"url\":\"https:\/\/agenciainfra.com\/blog\/wp-content\/uploads\/2023\/09\/iNFRA_5-e1761735885940.png\",\"contentUrl\":\"https:\/\/agenciainfra.com\/blog\/wp-content\/uploads\/2023\/09\/iNFRA_5-e1761735885940.png\",\"width\":1672,\"height\":454,\"caption\":\"Ag\u00eancia iNFRA\"},\"image\":{\"@id\":\"https:\/\/agenciainfra.com\/blog\/#\/schema\/logo\/image\/\"},\"sameAs\":[\"https:\/\/www.facebook.com\/ageninfra\",\"https:\/\/x.com\/agencia_infra\",\"https:\/\/www.linkedin.com\/company\/ag\u00eanciainfra\/\",\"https:\/\/www.instagram.com\/agenciainfra\/\"]},{\"@type\":\"Person\",\"@id\":\"https:\/\/agenciainfra.com\/blog\/#\/schema\/person\/34af08dff6adea4cb22b06612ba7acfa\",\"name\":\"Ag\u00eancia iNFRA\",\"image\":{\"@type\":\"ImageObject\",\"inLanguage\":\"pt-BR\",\"@id\":\"https:\/\/agenciainfra.com\/blog\/#\/schema\/person\/image\/\",\"url\":\"https:\/\/secure.gravatar.com\/avatar\/d189e01678f06d8eb84d4e01f08eb848b3fffe3f8443818d3c356c66892f5be8?s=96&d=mm&r=g\",\"contentUrl\":\"https:\/\/secure.gravatar.com\/avatar\/d189e01678f06d8eb84d4e01f08eb848b3fffe3f8443818d3c356c66892f5be8?s=96&d=mm&r=g\",\"caption\":\"Ag\u00eancia iNFRA\"},\"url\":\"https:\/\/agenciainfra.com\/blog\/author\/admin\/\"}]}<\/script>\n<!-- \/ Yoast SEO Premium plugin. -->","yoast_head_json":{"title":"Setor portu\u00e1rio cobra de minist\u00e9rio previsibilidade na \u00e1rea de dragagens - Ag\u00eancia iNFRA","robots":{"index":"index","follow":"follow","max-snippet":"max-snippet:-1","max-image-preview":"max-image-preview:large","max-video-preview":"max-video-preview:-1"},"canonical":"https:\/\/agenciainfra.com\/blog\/setor-portuario-cobra-de-ministerio-previsibilidade-na-area-de-dragagens\/","og_locale":"pt_BR","og_type":"article","og_title":"Setor portu\u00e1rio cobra de minist\u00e9rio previsibilidade na \u00e1rea de dragagens","og_description":"Sheyla Santos, da Ag\u00eancia iNFRA O diretor-executivo do Centronave (Centro Nacional de Navega\u00e7\u00e3o Transatl\u00e2ntica), Claudio Loureiro, que representa armadores internacionais, cobrou na \u00faltima ter\u00e7a-feira (1\u00ba) do MPor (Minist\u00e9rio de Portos e Aeroportos) uma maior previsibilidade para os investimentos no setor portu\u00e1rio, com metas claras e objetivos definidos em rela\u00e7\u00e3o \u00e0s agendas de dragagens e aprofundamento [&hellip;]","og_url":"https:\/\/agenciainfra.com\/blog\/setor-portuario-cobra-de-ministerio-previsibilidade-na-area-de-dragagens\/","og_site_name":"Ag\u00eancia iNFRA","article_publisher":"https:\/\/www.facebook.com\/ageninfra","article_published_time":"2024-10-03T16:00:00+00:00","og_image":[{"width":1280,"height":853,"url":"https:\/\/agenciainfra.com\/blog\/wp-content\/uploads\/2020\/08\/navios-foto-claudio-neves-portos-do-parana.jpeg","type":"image\/jpeg"}],"author":"Ag\u00eancia iNFRA","twitter_card":"summary_large_image","twitter_creator":"@agencia_infra","twitter_site":"@agencia_infra","twitter_misc":{"Escrito por":"Ag\u00eancia iNFRA","Est. tempo de leitura":"4 minutos"},"schema":{"@context":"https:\/\/schema.org","@graph":[{"@type":"Article","@id":"https:\/\/agenciainfra.com\/blog\/setor-portuario-cobra-de-ministerio-previsibilidade-na-area-de-dragagens\/#article","isPartOf":{"@id":"https:\/\/agenciainfra.com\/blog\/setor-portuario-cobra-de-ministerio-previsibilidade-na-area-de-dragagens\/"},"author":{"name":"Ag\u00eancia iNFRA","@id":"https:\/\/agenciainfra.com\/blog\/#\/schema\/person\/34af08dff6adea4cb22b06612ba7acfa"},"headline":"Setor portu\u00e1rio cobra de minist\u00e9rio previsibilidade na \u00e1rea de dragagens","datePublished":"2024-10-03T16:00:00+00:00","mainEntityOfPage":{"@id":"https:\/\/agenciainfra.com\/blog\/setor-portuario-cobra-de-ministerio-previsibilidade-na-area-de-dragagens\/"},"wordCount":898,"publisher":{"@id":"https:\/\/agenciainfra.com\/blog\/#organization"},"image":{"@id":"https:\/\/agenciainfra.com\/blog\/setor-portuario-cobra-de-ministerio-previsibilidade-na-area-de-dragagens\/#primaryimage"},"thumbnailUrl":"https:\/\/agenciainfra.com\/blog\/wp-content\/uploads\/2020\/08\/navios-foto-claudio-neves-portos-do-parana.jpeg","keywords":["Alex \u00c1vila","ANTAQ","cabotagem","Centronave","Claudio Loureiro","Dino Antunes","dragagem","Fl\u00e1via Takafashi","FPPA","IBI","MPor","portos","setor portu\u00e1rio","Sheyla Santos","transporte aquavi\u00e1rio"],"articleSection":["Destaque lista","Geral","iNFRATransporte"],"inLanguage":"pt-BR","copyrightYear":"2024","copyrightHolder":{"@id":"https:\/\/agenciainfra.com\/blog\/#organization"}},{"@type":"WebPage","@id":"https:\/\/agenciainfra.com\/blog\/setor-portuario-cobra-de-ministerio-previsibilidade-na-area-de-dragagens\/","url":"https:\/\/agenciainfra.com\/blog\/setor-portuario-cobra-de-ministerio-previsibilidade-na-area-de-dragagens\/","name":"Setor portu\u00e1rio cobra de minist\u00e9rio previsibilidade na \u00e1rea de dragagens - Ag\u00eancia iNFRA","isPartOf":{"@id":"https:\/\/agenciainfra.com\/blog\/#website"},"primaryImageOfPage":{"@id":"https:\/\/agenciainfra.com\/blog\/setor-portuario-cobra-de-ministerio-previsibilidade-na-area-de-dragagens\/#primaryimage"},"image":{"@id":"https:\/\/agenciainfra.com\/blog\/setor-portuario-cobra-de-ministerio-previsibilidade-na-area-de-dragagens\/#primaryimage"},"thumbnailUrl":"https:\/\/agenciainfra.com\/blog\/wp-content\/uploads\/2020\/08\/navios-foto-claudio-neves-portos-do-parana.jpeg","datePublished":"2024-10-03T16:00:00+00:00","breadcrumb":{"@id":"https:\/\/agenciainfra.com\/blog\/setor-portuario-cobra-de-ministerio-previsibilidade-na-area-de-dragagens\/#breadcrumb"},"inLanguage":"pt-BR","potentialAction":[{"@type":"ReadAction","target":["https:\/\/agenciainfra.com\/blog\/setor-portuario-cobra-de-ministerio-previsibilidade-na-area-de-dragagens\/"]}]},{"@type":"ImageObject","inLanguage":"pt-BR","@id":"https:\/\/agenciainfra.com\/blog\/setor-portuario-cobra-de-ministerio-previsibilidade-na-area-de-dragagens\/#primaryimage","url":"https:\/\/agenciainfra.com\/blog\/wp-content\/uploads\/2020\/08\/navios-foto-claudio-neves-portos-do-parana.jpeg","contentUrl":"https:\/\/agenciainfra.com\/blog\/wp-content\/uploads\/2020\/08\/navios-foto-claudio-neves-portos-do-parana.jpeg","width":1280,"height":853},{"@type":"BreadcrumbList","@id":"https:\/\/agenciainfra.com\/blog\/setor-portuario-cobra-de-ministerio-previsibilidade-na-area-de-dragagens\/#breadcrumb","itemListElement":[{"@type":"ListItem","position":1,"name":"In\u00edcio","item":"https:\/\/agenciainfra.com\/blog\/"},{"@type":"ListItem","position":2,"name":"Setor portu\u00e1rio cobra de minist\u00e9rio previsibilidade na \u00e1rea de dragagens"}]},{"@type":"WebSite","@id":"https:\/\/agenciainfra.com\/blog\/#website","url":"https:\/\/agenciainfra.com\/blog\/","name":"Ag\u00eancia iNFRA","description":"Multiplataforma de informa\u00e7\u00e3o jornal\u00edstica refer\u00eancia na \u00e1rea de infraestrutura no Brasil!","publisher":{"@id":"https:\/\/agenciainfra.com\/blog\/#organization"},"potentialAction":[{"@type":"SearchAction","target":{"@type":"EntryPoint","urlTemplate":"https:\/\/agenciainfra.com\/blog\/?s={search_term_string}"},"query-input":{"@type":"PropertyValueSpecification","valueRequired":true,"valueName":"search_term_string"}}],"inLanguage":"pt-BR"},{"@type":"Organization","@id":"https:\/\/agenciainfra.com\/blog\/#organization","name":"Ag\u00eancia iNFRA","url":"https:\/\/agenciainfra.com\/blog\/","logo":{"@type":"ImageObject","inLanguage":"pt-BR","@id":"https:\/\/agenciainfra.com\/blog\/#\/schema\/logo\/image\/","url":"https:\/\/agenciainfra.com\/blog\/wp-content\/uploads\/2023\/09\/iNFRA_5-e1761735885940.png","contentUrl":"https:\/\/agenciainfra.com\/blog\/wp-content\/uploads\/2023\/09\/iNFRA_5-e1761735885940.png","width":1672,"height":454,"caption":"Ag\u00eancia iNFRA"},"image":{"@id":"https:\/\/agenciainfra.com\/blog\/#\/schema\/logo\/image\/"},"sameAs":["https:\/\/www.facebook.com\/ageninfra","https:\/\/x.com\/agencia_infra","https:\/\/www.linkedin.com\/company\/ag\u00eanciainfra\/","https:\/\/www.instagram.com\/agenciainfra\/"]},{"@type":"Person","@id":"https:\/\/agenciainfra.com\/blog\/#\/schema\/person\/34af08dff6adea4cb22b06612ba7acfa","name":"Ag\u00eancia iNFRA","image":{"@type":"ImageObject","inLanguage":"pt-BR","@id":"https:\/\/agenciainfra.com\/blog\/#\/schema\/person\/image\/","url":"https:\/\/secure.gravatar.com\/avatar\/d189e01678f06d8eb84d4e01f08eb848b3fffe3f8443818d3c356c66892f5be8?s=96&d=mm&r=g","contentUrl":"https:\/\/secure.gravatar.com\/avatar\/d189e01678f06d8eb84d4e01f08eb848b3fffe3f8443818d3c356c66892f5be8?s=96&d=mm&r=g","caption":"Ag\u00eancia iNFRA"},"url":"https:\/\/agenciainfra.com\/blog\/author\/admin\/"}]}},"_links":{"self":[{"href":"https:\/\/agenciainfra.com\/blog\/wp-json\/wp\/v2\/posts\/18721","targetHints":{"allow":["GET"]}}],"collection":[{"href":"https:\/\/agenciainfra.com\/blog\/wp-json\/wp\/v2\/posts"}],"about":[{"href":"https:\/\/agenciainfra.com\/blog\/wp-json\/wp\/v2\/types\/post"}],"author":[{"embeddable":true,"href":"https:\/\/agenciainfra.com\/blog\/wp-json\/wp\/v2\/users\/1"}],"replies":[{"embeddable":true,"href":"https:\/\/agenciainfra.com\/blog\/wp-json\/wp\/v2\/comments?post=18721"}],"version-history":[{"count":1,"href":"https:\/\/agenciainfra.com\/blog\/wp-json\/wp\/v2\/posts\/18721\/revisions"}],"predecessor-version":[{"id":18722,"href":"https:\/\/agenciainfra.com\/blog\/wp-json\/wp\/v2\/posts\/18721\/revisions\/18722"}],"wp:featuredmedia":[{"embeddable":true,"href":"https:\/\/agenciainfra.com\/blog\/wp-json\/wp\/v2\/media\/5641"}],"wp:attachment":[{"href":"https:\/\/agenciainfra.com\/blog\/wp-json\/wp\/v2\/media?parent=18721"}],"wp:term":[{"taxonomy":"category","embeddable":true,"href":"https:\/\/agenciainfra.com\/blog\/wp-json\/wp\/v2\/categories?post=18721"},{"taxonomy":"post_tag","embeddable":true,"href":"https:\/\/agenciainfra.com\/blog\/wp-json\/wp\/v2\/tags?post=18721"}],"curies":[{"name":"wp","href":"https:\/\/api.w.org\/{rel}","templated":true}]}}