{"id":18726,"date":"2024-10-04T15:30:00","date_gmt":"2024-10-04T18:30:00","guid":{"rendered":"https:\/\/agenciainfra.com\/blog\/?p=18726"},"modified":"2026-02-13T17:12:15","modified_gmt":"2026-02-13T20:12:15","slug":"opiniao-tarifa-de-disponibilidade-nao-e-consumo-minimo-nem-preco-fixo","status":"publish","type":"post","link":"https:\/\/agenciainfra.com\/blog\/opiniao-tarifa-de-disponibilidade-nao-e-consumo-minimo-nem-preco-fixo\/","title":{"rendered":"Opini\u00e3o &#8211; \u201cTarifa de disponibilidade\u201d n\u00e3o \u00e9 \u201cconsumo m\u00ednimo\u201d, nem \u201cpre\u00e7o fixo\u201d."},"content":{"rendered":"\n<p class=\"has-text-align-right\"><strong>Juliano Heinen<\/strong>*<\/p>\n\n\n\n<p>Recentemente, as discuss\u00f5es sobre estrutura tarif\u00e1ria s\u00e3o inauguradas pela Ag\u00eancia Nacional de \u00c1guas e Saneamento B\u00e1sico (ANA), sendo este um tema central e essencial para todos: cidad\u00e3os, prestadores, Estado, ag\u00eancias. Afinal, o assunto ter\u00e1 ou teria por meta tratar da sustentabilidade do sistema,\u00a0 subs\u00eddio cruzado, subs\u00eddio a pessoas vulner\u00e1veis, equidade etc.<\/p>\n\n\n\n<p>Para o in\u00edcio, o trabalho de modelagem normativa deveria partir da finalidade da tarifa, que, entre outras, cogita remunerar o custo do servi\u00e7o e ser um fator modelador das desigualdades sociais (<em>v.g.<\/em> capacidade contributiva \u2013 paga mais quem tem mais condi\u00e7\u00f5es econ\u00f4micas). Mas n\u00e3o s\u00f3, a tarifa se presta a um fator indutivo importante \u2013 sim, falo de um mecanismo regulador de comportamentos. Assim, como ocorre com a energia el\u00e9trica, a tarifa de saneamento b\u00e1sico poderia travar uma varia\u00e7\u00e3o de pre\u00e7os por hora do dia, ainda que exista uma complexidade maior na opera\u00e7\u00e3o, por conta de que a abertura e fechamento de bombas e v\u00e1lvulas n\u00e3o \u00e9 \u201ct\u00e3o autom\u00e1tico\u201d como no setor el\u00e9trico. Mas, a priori, poderiam ser mensurados os hor\u00e1rios de pico de demanda de \u00e1gua, momento em que seriam cobrados pre\u00e7os mais altos pela \u00e1gua consumida, induzindo a comportamentos sociais mais sustent\u00e1veis.<\/p>\n\n\n\n<p>Existe uma m\u00e9trica comum que fixa o valor da tarifa, praticada comumente em v\u00e1rios lugares do mundo, consistente em (1) um valor fixo para custear um custo fixo \u2013 a redund\u00e2ncia \u00e9 proposital; e (2) um valor adicional que pode deter uma s\u00e9rie de m\u00e9tricas. E por que \u00e9 assim? Imaginemos que exista todo um sistema de capta\u00e7\u00e3o de \u00e1guas dos mananciais (bombas, adutoras, canaliza\u00e7\u00f5es) e um sistema de reserva\u00e7\u00e3o para hor\u00e1rios de maior consumo ou \u00e9pocas de seca. E vamos imaginar ainda que n\u00e3o exista nenhum usu\u00e1rio conectado e se abastecendo deste sistema. O cen\u00e1rio hipot\u00e9tico d\u00e1 conta de que ainda assim h\u00e1 um custo de manuten\u00e7\u00e3o de estruturas que independe do consumo. Este, por sua vez, pressionar\u00e1 um aumento das despesas com energia el\u00e9trica, produtos qu\u00edmicos, pessoal etc., reclamando um pagamento maior.<\/p>\n\n\n\n<p>Ent\u00e3o, ficou f\u00e1cil ver que existe um \u201ccusto fixo\u201d que deve ser remunerado por uma \u201ctarifa fixa\u201d, ou \u201ctarifa m\u00ednima\u201d, ou \u201cpre\u00e7o m\u00ednimo\u201d, ou \u201cpre\u00e7o fixo\u201d, ou \u201cfaixa fixa\u201d \u2013 tanto faz a nomenclatura. &nbsp;Por exemplo, a AIRS de Santa Catarina adota no nome de &#8220;Tarifa B\u00e1sica Operacional &#8211; TBO&#8221; e a ARSAE de Minas Gerais chama de &#8220;Tarifa Fixa&#8221;. Para dar exatid\u00e3o ao texto, iremos adotar a express\u00e3o \u201cTarifa fixa\u201d.Para al\u00e9m deste custo fixo, que independe do consumo volum\u00e9trico, podem ser atrelados um \u201cconsumo m\u00ednimo\u201d, uma esp\u00e9cie de \u201ccontrato por demanda\u201d, que \u00e9 opcional em cada presta\u00e7\u00e3o. Contudo, a ANA n\u00e3o pode negligenciar que existe este \u201ccusto fixo\u201d ou \u201cm\u00ednimo\u201d, independentemente do consumo. E esse m\u00ednimo deve ser necessariamente visto por economia, n\u00e3o por conex\u00e3o, conforme recentemente decidido pelo STJ, quando julgou o Tema n\u00ba 414 \u2013 n\u00e3o cabe aqui revisitarmos o assunto, porque demandaria um trabalho inteiro. O ponto \u00e9: h\u00e1 uma seguran\u00e7a jur\u00eddica fixada, e seria um ato na contram\u00e3o da hist\u00f3ria e do STJ tentar revisitar este assunto.<\/p>\n\n\n\n<p>Segundo: \u201ctarifa fixa\u201d, ou \u201ctarifa m\u00ednima\u201d, ou \u201cpre\u00e7o m\u00ednimo\u201d, ou \u201cpre\u00e7o fixo\u201d n\u00e3o se confunde e n\u00e3o deve se confundir com \u201ctarifa de disponibilidade\u201d, esta aplicada a quem n\u00e3o est\u00e1 conectado \u00e0 rede p\u00fablica de distribui\u00e7\u00e3o de \u00e1gua pot\u00e1vel. Este conceito surgiu a partir da altera\u00e7\u00e3o feita no art. 45,&nbsp;<em>caput<\/em>, \u00a7\u00a7 4\u00ba e 5\u00ba da Lei n\u00ba 14.026\/2020, com reda\u00e7\u00e3o dada pela Lei n\u00ba 14.026\/2020. A cobran\u00e7a por disponibilidade \u00e9 feita para qualquer consumidor tenha rede dispon\u00edvel, ainda que n\u00e3o esteja conectado. E por que n\u00e3o se confunde?<\/p>\n\n\n\n<p>Vimos, antes, que a \u201ctarifa m\u00ednima\u201d serve para quitar o custo da estrutura dispon\u00edvel de <em>quem est\u00e1 conectado<\/em>. Para <em>quem n\u00e3o est\u00e1 conectado,<\/em> a \u201ctarifa de disponibilidade\u201d deve ser ainda mais custosa, como fator indutor \u00e0 conex\u00e3o e dissuas\u00f3rio a permanecer utilizando ilegalmente fontes alternativas de abastecimento \u2013 como po\u00e7os e caminh\u00f5es-pipa. Logo, a \u201ctarifa de disponibilidade\u201d n\u00e3o pode ser confundida nem conceitual, nem legalmente com o pagamento por \u201cconsumo m\u00ednimo\u201d, este aplicado a quem est\u00e1 conectado. Em resumo, a tarifa dever\u00e1 comportar a remunera\u00e7\u00e3o de custo total. Ent\u00e3o, inclui todos os custos (sejam do passado ou do futuro), opera\u00e7\u00f5es, manuten\u00e7\u00e3o e custos de capital. A forma das estruturas de taxas n\u00e3o tem tanta relev\u00e2ncia, desde que todos os custos sejam recuperados.<\/p>\n\n\n\n<p>Como visto, a \u201ctarifa de disponibilidade\u201d tem um efeito econ\u00f4mico indutor e modelador e condutas, com a pretens\u00e3o de proteger o meio ambiente, dado que se eliminaria o consumo de fontes h\u00eddricas n\u00e3o abastecidas pelo sistema coletivo e eventualmente at\u00e9 mesmo n\u00e3o renov\u00e1veis. Definida claramente, imp\u00f5e-se ao usu\u00e1rio uma sobretaxa de \u00e1gua. Seu valor dever-se-\u00e1 ater aos dados do consumo regular de \u00e1gua, sendo fixada qual a faixa em que se supera a m\u00e9dia local ou regional.<\/p>\n\n\n\n<p>Ainda que a ANA opte por adotar outras denomina\u00e7\u00f5es para estes conceitos, entende-se que a Norma de Refer\u00eancia sobre Estrutura Tarif\u00e1ria deve trazer essa distin\u00e7\u00e3o de forma clara para evitar controv\u00e9rsias. Al\u00e9m dessas duas categorias, gostaria de demonstrar que ambos os modelos podem ser parametrizados a partir de valores sazonais em rela\u00e7\u00e3o ao consumo de \u00e1gua. Eles aumentar\u00e3o ou diminuir\u00e3o conforme as condi\u00e7\u00f5es h\u00eddricas e a correspondente demanda.<\/p>\n\n\n\n<p>Nos Estados Unidos, as tarifas de saneamento b\u00e1sico s\u00e3o operadas por meio de quatro principais modelos. Todas elas s\u00e3o permeadas de vantagens e de desvantagens, e por isto que o operador deve decidir cuidadosa e ponderadamente, a equilibrar as necessidades de usu\u00e1rios pequenos e grandes em sua \u00e1rea de servi\u00e7o. Mas n\u00e3o s\u00f3: deve pensar a tarifa tamb\u00e9m em rela\u00e7\u00e3o \u00e0 pol\u00edtica p\u00fablica e ao planejamento econ\u00f4mico e ambiental que se quer implementar. Por exemplo: se \u00e9 o intento do governo atrair novas ind\u00fastrias, tender\u00e1 a estruturar uma tarifa que privilegie grandes consumidores. Mas essa pol\u00edtica pode ser feita \u00e0 custa de pequenos usu\u00e1rios residenciais, por exemplo. A estrutura tarif\u00e1ria ser\u00e1 essencial na busca pela maior ou menor conserva\u00e7\u00e3o dos mananciais de \u00e1gua, adequando-se \u00e0s pol\u00edticas p\u00fablicas de prote\u00e7\u00e3o sustent\u00e1vel dos recursos h\u00eddricos. Se o sistema n\u00e3o for medido, faz sentido se ter uma tarifa uniforme, com todas as desvantagens que esta modelagem geraria. O plano uniforme de taxa n\u00e3o reclama a instala\u00e7\u00e3o de medidores. Esses exemplos retirados do sistema de saneamento norte-americano demonstram que a estrutura tarif\u00e1ria n\u00e3o estar\u00e1 atrelada somente ao OPEX ou ao CAPEX, mas tamb\u00e9m a uma s\u00e9rie de pol\u00edticas p\u00fablicas. Portanto, deve-se notar que o sistema norte-americano dimensiona os valores de tarifa a partir de dois principais crit\u00e9rios: (1) natureza do consumidor (se comercial, residencial, industrial ou rural); e (2) quantidade de consumo.<\/p>\n\n\n\n<p>Para concluir, espera-se que a Norma de Refer\u00eancia da ANA contenha diretrizes do tipo:<\/p>\n\n\n\n<ul class=\"wp-block-list\">\n<li>Esteja atrelada \u00e0 sustentabilidade econ\u00f4mico-financeira \u2013 que tem previs\u00e3o determinativa em uma s\u00e9rie de dispositivos do novo marco (tratamos do instituto com detalhamento <a href=\"https:\/\/agenciainfra.com\/blog\/infradebate-atencao-concessionarias-ha-algo-mais-amplo-do-que-o-equilibrio-economico-financeiro-dos-contratos-no-setor-de-saneamento-basico\/\">aqui<\/a>).<\/li>\n\n\n\n<li>Diferencie \u201ctarifa m\u00ednima\u201d de \u201ctarifa por disponibilidade\u201d:<\/li>\n<\/ul>\n\n\n\n<p>(2.1) \u201cTarifa m\u00ednima\u201d \u2013 tem por meta pagar pelo custo fixo do sistema operacional e investimentos de quem est\u00e1 conectado;<\/p>\n\n\n\n<p>(2.2) \u201cTarifa de disponibilidade\u201d \u2013 tem por meta, al\u00e9m de pagar pelo custo fixo do sistema operacional e investimentos de quem N\u00c3O est\u00e1 conectado, fixar um valor adicional para incentivar a conex\u00e3o;<\/p>\n\n\n\n<ul class=\"wp-block-list\">\n<li>Coordenar uma s\u00e9rie de subs\u00eddios:<\/li>\n<\/ul>\n\n\n\n<p>(3.1) Sejam cruzados (<em>v.g. <\/em>servi\u00e7o de abastecimento de \u00e1gua custeando o servi\u00e7o de esgotamento sanit\u00e1rio; regi\u00f5es menos atrativas custeando regi\u00f5es atrativas);<\/p>\n\n\n\n<p>(3.2) Sejam por categoria de usu\u00e1rio (<em>v.g. <\/em>capacidade de pagamento);<\/p>\n\n\n\n<p>(3.3) Sejam por regi\u00f5es (<em>v.g.<\/em> bairros; rural v. urbana);<\/p>\n\n\n\n<ul class=\"wp-block-list\">\n<li>Coordenar a indu\u00e7\u00e3o de um consumo racional:<\/li>\n<\/ul>\n\n\n\n<p>(4.1) Seja por faixa de hor\u00e1rios;<\/p>\n\n\n\n<p>(4.2) Seja por sazonalidade.<\/p>\n\n\n\n<ul class=\"wp-block-list\">\n<li>Reflitam as (in)efici\u00eancias do prestador, alocando uma metodologia clara para tanto.<\/li>\n<\/ul>\n\n\n\n<p>Em suma, essas categorias jur\u00eddicas ou econ\u00f4micas de longe s\u00e3o apenas compreens\u00f5es meramente te\u00f3ricas, porque fixam pontos cruciais na estrutura da presta\u00e7\u00e3o do servi\u00e7o de saneamento b\u00e1sico e, por consequ\u00eancia, na vida de todos n\u00f3s.<\/p>\n\n\n\n<p><\/p>\n\n\n\n<p>*<strong>Juliano Heinen<\/strong> \u00e9 Diretor jur\u00eddico estatut\u00e1rio da Igu\u00e1 Saneamento. Doutor e P\u00f3s-Doutor em Direito pela UFRGS. Procurador do Estado do RS (licenciado).<\/p>\n\n\n\n<p><\/p>\n\n\n\n<p class=\"has-luminous-vivid-orange-color has-text-color has-link-color wp-elements-23e936d2348a3331654577b2c4ae35df\">As opini\u00f5es dos autores n\u00e3o refletem necessariamente o pensamento da Ag\u00eancia iNFRA, sendo de total responsabilidade do autor as informa\u00e7\u00f5es, ju\u00edzos de valor e conceitos descritos no texto.<\/p>\n","protected":false},"excerpt":{"rendered":"<p>Juliano Heinen* Recentemente, as discuss\u00f5es sobre estrutura tarif\u00e1ria s\u00e3o inauguradas pela Ag\u00eancia Nacional de \u00c1guas e Saneamento B\u00e1sico (ANA), sendo este um tema central e essencial para todos: cidad\u00e3os, prestadores, Estado, ag\u00eancias. Afinal, o assunto ter\u00e1 ou teria por meta tratar da sustentabilidade do sistema,\u00a0 subs\u00eddio cruzado, subs\u00eddio a pessoas vulner\u00e1veis, equidade etc. Para o [&hellip;]<\/p>\n","protected":false},"author":1,"featured_media":18743,"comment_status":"closed","ping_status":"closed","sticky":false,"template":"","format":"standard","meta":{"_monsterinsights_skip_tracking":false,"_monsterinsights_sitenote_active":false,"_monsterinsights_sitenote_note":"","_monsterinsights_sitenote_category":0,"footnotes":""},"categories":[7827,10040],"tags":[78,6983,34,7701,97,48,179],"class_list":["post-18726","post","type-post","status-publish","format-standard","has-post-thumbnail","hentry","category-infrasaneamento","category-opiniao","tag-concessoes","tag-igua-saneamento","tag-infraestrutura","tag-juliano-heinen","tag-ppp","tag-regulacao","tag-saneamento"],"yoast_head":"<!-- This site is optimized with the Yoast SEO Premium plugin v25.4 (Yoast SEO v26.0) - https:\/\/yoast.com\/wordpress\/plugins\/seo\/ -->\n<title>Opini\u00e3o - \u201cTarifa de disponibilidade\u201d n\u00e3o \u00e9 \u201cconsumo m\u00ednimo\u201d, nem \u201cpre\u00e7o fixo\u201d. - Ag\u00eancia iNFRA<\/title>\n<meta name=\"robots\" content=\"index, follow, max-snippet:-1, max-image-preview:large, max-video-preview:-1\" \/>\n<link rel=\"canonical\" href=\"https:\/\/agenciainfra.com\/blog\/opiniao-tarifa-de-disponibilidade-nao-e-consumo-minimo-nem-preco-fixo\/\" \/>\n<meta property=\"og:locale\" content=\"pt_BR\" \/>\n<meta property=\"og:type\" content=\"article\" \/>\n<meta property=\"og:title\" content=\"Opini\u00e3o - \u201cTarifa de disponibilidade\u201d n\u00e3o \u00e9 \u201cconsumo m\u00ednimo\u201d, nem \u201cpre\u00e7o fixo\u201d.\" \/>\n<meta property=\"og:description\" content=\"Juliano Heinen* Recentemente, as discuss\u00f5es sobre estrutura tarif\u00e1ria s\u00e3o inauguradas pela Ag\u00eancia Nacional de \u00c1guas e Saneamento B\u00e1sico (ANA), sendo este um tema central e essencial para todos: cidad\u00e3os, prestadores, Estado, ag\u00eancias. Afinal, o assunto ter\u00e1 ou teria por meta tratar da sustentabilidade do sistema,\u00a0 subs\u00eddio cruzado, subs\u00eddio a pessoas vulner\u00e1veis, equidade etc. Para o [&hellip;]\" \/>\n<meta property=\"og:url\" content=\"https:\/\/agenciainfra.com\/blog\/opiniao-tarifa-de-disponibilidade-nao-e-consumo-minimo-nem-preco-fixo\/\" \/>\n<meta property=\"og:site_name\" content=\"Ag\u00eancia iNFRA\" \/>\n<meta property=\"article:publisher\" content=\"https:\/\/www.facebook.com\/ageninfra\" \/>\n<meta property=\"article:published_time\" content=\"2024-10-04T18:30:00+00:00\" \/>\n<meta property=\"article:modified_time\" content=\"2026-02-13T20:12:15+00:00\" \/>\n<meta property=\"og:image\" content=\"https:\/\/agenciainfra.com\/blog\/wp-content\/uploads\/2024\/10\/Juliano-Hanan-foto-arquivo-1.jpg\" \/>\n\t<meta property=\"og:image:width\" content=\"1280\" \/>\n\t<meta property=\"og:image:height\" content=\"1280\" \/>\n\t<meta property=\"og:image:type\" content=\"image\/jpeg\" \/>\n<meta name=\"author\" content=\"Ag\u00eancia iNFRA\" \/>\n<meta name=\"twitter:card\" content=\"summary_large_image\" \/>\n<meta name=\"twitter:creator\" content=\"@agencia_infra\" \/>\n<meta name=\"twitter:site\" content=\"@agencia_infra\" \/>\n<meta name=\"twitter:label1\" content=\"Escrito por\" \/>\n\t<meta name=\"twitter:data1\" content=\"Ag\u00eancia iNFRA\" \/>\n\t<meta name=\"twitter:label2\" content=\"Est. tempo de leitura\" \/>\n\t<meta name=\"twitter:data2\" content=\"7 minutos\" \/>\n<script type=\"application\/ld+json\" class=\"yoast-schema-graph\">{\"@context\":\"https:\/\/schema.org\",\"@graph\":[{\"@type\":\"Article\",\"@id\":\"https:\/\/agenciainfra.com\/blog\/opiniao-tarifa-de-disponibilidade-nao-e-consumo-minimo-nem-preco-fixo\/#article\",\"isPartOf\":{\"@id\":\"https:\/\/agenciainfra.com\/blog\/opiniao-tarifa-de-disponibilidade-nao-e-consumo-minimo-nem-preco-fixo\/\"},\"author\":{\"name\":\"Ag\u00eancia iNFRA\",\"@id\":\"https:\/\/agenciainfra.com\/blog\/#\/schema\/person\/34af08dff6adea4cb22b06612ba7acfa\"},\"headline\":\"Opini\u00e3o &#8211; \u201cTarifa de disponibilidade\u201d n\u00e3o \u00e9 \u201cconsumo m\u00ednimo\u201d, nem \u201cpre\u00e7o fixo\u201d.\",\"datePublished\":\"2024-10-04T18:30:00+00:00\",\"dateModified\":\"2026-02-13T20:12:15+00:00\",\"mainEntityOfPage\":{\"@id\":\"https:\/\/agenciainfra.com\/blog\/opiniao-tarifa-de-disponibilidade-nao-e-consumo-minimo-nem-preco-fixo\/\"},\"wordCount\":1514,\"publisher\":{\"@id\":\"https:\/\/agenciainfra.com\/blog\/#organization\"},\"image\":{\"@id\":\"https:\/\/agenciainfra.com\/blog\/opiniao-tarifa-de-disponibilidade-nao-e-consumo-minimo-nem-preco-fixo\/#primaryimage\"},\"thumbnailUrl\":\"https:\/\/agenciainfra.com\/blog\/wp-content\/uploads\/2024\/10\/Juliano-Hanan-foto-arquivo-1.jpg\",\"keywords\":[\"concess\u00f5es\",\"Igu\u00e1 Saneamento\",\"Infraestrutura\",\"Juliano Heinen\",\"PPP\",\"Regula\u00e7\u00e3o\",\"saneamento\"],\"articleSection\":[\"iNFRASaneamento\",\"Opini\u00e3o\"],\"inLanguage\":\"pt-BR\",\"copyrightYear\":\"2024\",\"copyrightHolder\":{\"@id\":\"https:\/\/agenciainfra.com\/blog\/#organization\"}},{\"@type\":\"WebPage\",\"@id\":\"https:\/\/agenciainfra.com\/blog\/opiniao-tarifa-de-disponibilidade-nao-e-consumo-minimo-nem-preco-fixo\/\",\"url\":\"https:\/\/agenciainfra.com\/blog\/opiniao-tarifa-de-disponibilidade-nao-e-consumo-minimo-nem-preco-fixo\/\",\"name\":\"Opini\u00e3o - \u201cTarifa de disponibilidade\u201d n\u00e3o \u00e9 \u201cconsumo m\u00ednimo\u201d, nem \u201cpre\u00e7o fixo\u201d. - Ag\u00eancia iNFRA\",\"isPartOf\":{\"@id\":\"https:\/\/agenciainfra.com\/blog\/#website\"},\"primaryImageOfPage\":{\"@id\":\"https:\/\/agenciainfra.com\/blog\/opiniao-tarifa-de-disponibilidade-nao-e-consumo-minimo-nem-preco-fixo\/#primaryimage\"},\"image\":{\"@id\":\"https:\/\/agenciainfra.com\/blog\/opiniao-tarifa-de-disponibilidade-nao-e-consumo-minimo-nem-preco-fixo\/#primaryimage\"},\"thumbnailUrl\":\"https:\/\/agenciainfra.com\/blog\/wp-content\/uploads\/2024\/10\/Juliano-Hanan-foto-arquivo-1.jpg\",\"datePublished\":\"2024-10-04T18:30:00+00:00\",\"dateModified\":\"2026-02-13T20:12:15+00:00\",\"breadcrumb\":{\"@id\":\"https:\/\/agenciainfra.com\/blog\/opiniao-tarifa-de-disponibilidade-nao-e-consumo-minimo-nem-preco-fixo\/#breadcrumb\"},\"inLanguage\":\"pt-BR\",\"potentialAction\":[{\"@type\":\"ReadAction\",\"target\":[\"https:\/\/agenciainfra.com\/blog\/opiniao-tarifa-de-disponibilidade-nao-e-consumo-minimo-nem-preco-fixo\/\"]}]},{\"@type\":\"ImageObject\",\"inLanguage\":\"pt-BR\",\"@id\":\"https:\/\/agenciainfra.com\/blog\/opiniao-tarifa-de-disponibilidade-nao-e-consumo-minimo-nem-preco-fixo\/#primaryimage\",\"url\":\"https:\/\/agenciainfra.com\/blog\/wp-content\/uploads\/2024\/10\/Juliano-Hanan-foto-arquivo-1.jpg\",\"contentUrl\":\"https:\/\/agenciainfra.com\/blog\/wp-content\/uploads\/2024\/10\/Juliano-Hanan-foto-arquivo-1.jpg\",\"width\":1280,\"height\":1280},{\"@type\":\"BreadcrumbList\",\"@id\":\"https:\/\/agenciainfra.com\/blog\/opiniao-tarifa-de-disponibilidade-nao-e-consumo-minimo-nem-preco-fixo\/#breadcrumb\",\"itemListElement\":[{\"@type\":\"ListItem\",\"position\":1,\"name\":\"In\u00edcio\",\"item\":\"https:\/\/agenciainfra.com\/blog\/\"},{\"@type\":\"ListItem\",\"position\":2,\"name\":\"Opini\u00e3o &#8211; \u201cTarifa de disponibilidade\u201d n\u00e3o \u00e9 \u201cconsumo m\u00ednimo\u201d, nem \u201cpre\u00e7o fixo\u201d.\"}]},{\"@type\":\"WebSite\",\"@id\":\"https:\/\/agenciainfra.com\/blog\/#website\",\"url\":\"https:\/\/agenciainfra.com\/blog\/\",\"name\":\"Ag\u00eancia iNFRA\",\"description\":\"Multiplataforma de informa\u00e7\u00e3o jornal\u00edstica refer\u00eancia na \u00e1rea de infraestrutura no Brasil!\",\"publisher\":{\"@id\":\"https:\/\/agenciainfra.com\/blog\/#organization\"},\"potentialAction\":[{\"@type\":\"SearchAction\",\"target\":{\"@type\":\"EntryPoint\",\"urlTemplate\":\"https:\/\/agenciainfra.com\/blog\/?s={search_term_string}\"},\"query-input\":{\"@type\":\"PropertyValueSpecification\",\"valueRequired\":true,\"valueName\":\"search_term_string\"}}],\"inLanguage\":\"pt-BR\"},{\"@type\":\"Organization\",\"@id\":\"https:\/\/agenciainfra.com\/blog\/#organization\",\"name\":\"Ag\u00eancia iNFRA\",\"url\":\"https:\/\/agenciainfra.com\/blog\/\",\"logo\":{\"@type\":\"ImageObject\",\"inLanguage\":\"pt-BR\",\"@id\":\"https:\/\/agenciainfra.com\/blog\/#\/schema\/logo\/image\/\",\"url\":\"https:\/\/agenciainfra.com\/blog\/wp-content\/uploads\/2023\/09\/iNFRA_5-e1761735885940.png\",\"contentUrl\":\"https:\/\/agenciainfra.com\/blog\/wp-content\/uploads\/2023\/09\/iNFRA_5-e1761735885940.png\",\"width\":1672,\"height\":454,\"caption\":\"Ag\u00eancia iNFRA\"},\"image\":{\"@id\":\"https:\/\/agenciainfra.com\/blog\/#\/schema\/logo\/image\/\"},\"sameAs\":[\"https:\/\/www.facebook.com\/ageninfra\",\"https:\/\/x.com\/agencia_infra\",\"https:\/\/www.linkedin.com\/company\/ag\u00eanciainfra\/\",\"https:\/\/www.instagram.com\/agenciainfra\/\"]},{\"@type\":\"Person\",\"@id\":\"https:\/\/agenciainfra.com\/blog\/#\/schema\/person\/34af08dff6adea4cb22b06612ba7acfa\",\"name\":\"Ag\u00eancia iNFRA\",\"image\":{\"@type\":\"ImageObject\",\"inLanguage\":\"pt-BR\",\"@id\":\"https:\/\/agenciainfra.com\/blog\/#\/schema\/person\/image\/\",\"url\":\"https:\/\/secure.gravatar.com\/avatar\/d189e01678f06d8eb84d4e01f08eb848b3fffe3f8443818d3c356c66892f5be8?s=96&d=mm&r=g\",\"contentUrl\":\"https:\/\/secure.gravatar.com\/avatar\/d189e01678f06d8eb84d4e01f08eb848b3fffe3f8443818d3c356c66892f5be8?s=96&d=mm&r=g\",\"caption\":\"Ag\u00eancia iNFRA\"},\"url\":\"https:\/\/agenciainfra.com\/blog\/author\/admin\/\"}]}<\/script>\n<!-- \/ Yoast SEO Premium plugin. -->","yoast_head_json":{"title":"Opini\u00e3o - \u201cTarifa de disponibilidade\u201d n\u00e3o \u00e9 \u201cconsumo m\u00ednimo\u201d, nem \u201cpre\u00e7o fixo\u201d. - Ag\u00eancia iNFRA","robots":{"index":"index","follow":"follow","max-snippet":"max-snippet:-1","max-image-preview":"max-image-preview:large","max-video-preview":"max-video-preview:-1"},"canonical":"https:\/\/agenciainfra.com\/blog\/opiniao-tarifa-de-disponibilidade-nao-e-consumo-minimo-nem-preco-fixo\/","og_locale":"pt_BR","og_type":"article","og_title":"Opini\u00e3o - \u201cTarifa de disponibilidade\u201d n\u00e3o \u00e9 \u201cconsumo m\u00ednimo\u201d, nem \u201cpre\u00e7o fixo\u201d.","og_description":"Juliano Heinen* Recentemente, as discuss\u00f5es sobre estrutura tarif\u00e1ria s\u00e3o inauguradas pela Ag\u00eancia Nacional de \u00c1guas e Saneamento B\u00e1sico (ANA), sendo este um tema central e essencial para todos: cidad\u00e3os, prestadores, Estado, ag\u00eancias. Afinal, o assunto ter\u00e1 ou teria por meta tratar da sustentabilidade do sistema,\u00a0 subs\u00eddio cruzado, subs\u00eddio a pessoas vulner\u00e1veis, equidade etc. Para o [&hellip;]","og_url":"https:\/\/agenciainfra.com\/blog\/opiniao-tarifa-de-disponibilidade-nao-e-consumo-minimo-nem-preco-fixo\/","og_site_name":"Ag\u00eancia iNFRA","article_publisher":"https:\/\/www.facebook.com\/ageninfra","article_published_time":"2024-10-04T18:30:00+00:00","article_modified_time":"2026-02-13T20:12:15+00:00","og_image":[{"width":1280,"height":1280,"url":"https:\/\/agenciainfra.com\/blog\/wp-content\/uploads\/2024\/10\/Juliano-Hanan-foto-arquivo-1.jpg","type":"image\/jpeg"}],"author":"Ag\u00eancia iNFRA","twitter_card":"summary_large_image","twitter_creator":"@agencia_infra","twitter_site":"@agencia_infra","twitter_misc":{"Escrito por":"Ag\u00eancia iNFRA","Est. tempo de leitura":"7 minutos"},"schema":{"@context":"https:\/\/schema.org","@graph":[{"@type":"Article","@id":"https:\/\/agenciainfra.com\/blog\/opiniao-tarifa-de-disponibilidade-nao-e-consumo-minimo-nem-preco-fixo\/#article","isPartOf":{"@id":"https:\/\/agenciainfra.com\/blog\/opiniao-tarifa-de-disponibilidade-nao-e-consumo-minimo-nem-preco-fixo\/"},"author":{"name":"Ag\u00eancia iNFRA","@id":"https:\/\/agenciainfra.com\/blog\/#\/schema\/person\/34af08dff6adea4cb22b06612ba7acfa"},"headline":"Opini\u00e3o &#8211; \u201cTarifa de disponibilidade\u201d n\u00e3o \u00e9 \u201cconsumo m\u00ednimo\u201d, nem \u201cpre\u00e7o fixo\u201d.","datePublished":"2024-10-04T18:30:00+00:00","dateModified":"2026-02-13T20:12:15+00:00","mainEntityOfPage":{"@id":"https:\/\/agenciainfra.com\/blog\/opiniao-tarifa-de-disponibilidade-nao-e-consumo-minimo-nem-preco-fixo\/"},"wordCount":1514,"publisher":{"@id":"https:\/\/agenciainfra.com\/blog\/#organization"},"image":{"@id":"https:\/\/agenciainfra.com\/blog\/opiniao-tarifa-de-disponibilidade-nao-e-consumo-minimo-nem-preco-fixo\/#primaryimage"},"thumbnailUrl":"https:\/\/agenciainfra.com\/blog\/wp-content\/uploads\/2024\/10\/Juliano-Hanan-foto-arquivo-1.jpg","keywords":["concess\u00f5es","Igu\u00e1 Saneamento","Infraestrutura","Juliano Heinen","PPP","Regula\u00e7\u00e3o","saneamento"],"articleSection":["iNFRASaneamento","Opini\u00e3o"],"inLanguage":"pt-BR","copyrightYear":"2024","copyrightHolder":{"@id":"https:\/\/agenciainfra.com\/blog\/#organization"}},{"@type":"WebPage","@id":"https:\/\/agenciainfra.com\/blog\/opiniao-tarifa-de-disponibilidade-nao-e-consumo-minimo-nem-preco-fixo\/","url":"https:\/\/agenciainfra.com\/blog\/opiniao-tarifa-de-disponibilidade-nao-e-consumo-minimo-nem-preco-fixo\/","name":"Opini\u00e3o - \u201cTarifa de disponibilidade\u201d n\u00e3o \u00e9 \u201cconsumo m\u00ednimo\u201d, nem \u201cpre\u00e7o fixo\u201d. - Ag\u00eancia iNFRA","isPartOf":{"@id":"https:\/\/agenciainfra.com\/blog\/#website"},"primaryImageOfPage":{"@id":"https:\/\/agenciainfra.com\/blog\/opiniao-tarifa-de-disponibilidade-nao-e-consumo-minimo-nem-preco-fixo\/#primaryimage"},"image":{"@id":"https:\/\/agenciainfra.com\/blog\/opiniao-tarifa-de-disponibilidade-nao-e-consumo-minimo-nem-preco-fixo\/#primaryimage"},"thumbnailUrl":"https:\/\/agenciainfra.com\/blog\/wp-content\/uploads\/2024\/10\/Juliano-Hanan-foto-arquivo-1.jpg","datePublished":"2024-10-04T18:30:00+00:00","dateModified":"2026-02-13T20:12:15+00:00","breadcrumb":{"@id":"https:\/\/agenciainfra.com\/blog\/opiniao-tarifa-de-disponibilidade-nao-e-consumo-minimo-nem-preco-fixo\/#breadcrumb"},"inLanguage":"pt-BR","potentialAction":[{"@type":"ReadAction","target":["https:\/\/agenciainfra.com\/blog\/opiniao-tarifa-de-disponibilidade-nao-e-consumo-minimo-nem-preco-fixo\/"]}]},{"@type":"ImageObject","inLanguage":"pt-BR","@id":"https:\/\/agenciainfra.com\/blog\/opiniao-tarifa-de-disponibilidade-nao-e-consumo-minimo-nem-preco-fixo\/#primaryimage","url":"https:\/\/agenciainfra.com\/blog\/wp-content\/uploads\/2024\/10\/Juliano-Hanan-foto-arquivo-1.jpg","contentUrl":"https:\/\/agenciainfra.com\/blog\/wp-content\/uploads\/2024\/10\/Juliano-Hanan-foto-arquivo-1.jpg","width":1280,"height":1280},{"@type":"BreadcrumbList","@id":"https:\/\/agenciainfra.com\/blog\/opiniao-tarifa-de-disponibilidade-nao-e-consumo-minimo-nem-preco-fixo\/#breadcrumb","itemListElement":[{"@type":"ListItem","position":1,"name":"In\u00edcio","item":"https:\/\/agenciainfra.com\/blog\/"},{"@type":"ListItem","position":2,"name":"Opini\u00e3o &#8211; \u201cTarifa de disponibilidade\u201d n\u00e3o \u00e9 \u201cconsumo m\u00ednimo\u201d, nem \u201cpre\u00e7o fixo\u201d."}]},{"@type":"WebSite","@id":"https:\/\/agenciainfra.com\/blog\/#website","url":"https:\/\/agenciainfra.com\/blog\/","name":"Ag\u00eancia iNFRA","description":"Multiplataforma de informa\u00e7\u00e3o jornal\u00edstica refer\u00eancia na \u00e1rea de infraestrutura no Brasil!","publisher":{"@id":"https:\/\/agenciainfra.com\/blog\/#organization"},"potentialAction":[{"@type":"SearchAction","target":{"@type":"EntryPoint","urlTemplate":"https:\/\/agenciainfra.com\/blog\/?s={search_term_string}"},"query-input":{"@type":"PropertyValueSpecification","valueRequired":true,"valueName":"search_term_string"}}],"inLanguage":"pt-BR"},{"@type":"Organization","@id":"https:\/\/agenciainfra.com\/blog\/#organization","name":"Ag\u00eancia iNFRA","url":"https:\/\/agenciainfra.com\/blog\/","logo":{"@type":"ImageObject","inLanguage":"pt-BR","@id":"https:\/\/agenciainfra.com\/blog\/#\/schema\/logo\/image\/","url":"https:\/\/agenciainfra.com\/blog\/wp-content\/uploads\/2023\/09\/iNFRA_5-e1761735885940.png","contentUrl":"https:\/\/agenciainfra.com\/blog\/wp-content\/uploads\/2023\/09\/iNFRA_5-e1761735885940.png","width":1672,"height":454,"caption":"Ag\u00eancia iNFRA"},"image":{"@id":"https:\/\/agenciainfra.com\/blog\/#\/schema\/logo\/image\/"},"sameAs":["https:\/\/www.facebook.com\/ageninfra","https:\/\/x.com\/agencia_infra","https:\/\/www.linkedin.com\/company\/ag\u00eanciainfra\/","https:\/\/www.instagram.com\/agenciainfra\/"]},{"@type":"Person","@id":"https:\/\/agenciainfra.com\/blog\/#\/schema\/person\/34af08dff6adea4cb22b06612ba7acfa","name":"Ag\u00eancia iNFRA","image":{"@type":"ImageObject","inLanguage":"pt-BR","@id":"https:\/\/agenciainfra.com\/blog\/#\/schema\/person\/image\/","url":"https:\/\/secure.gravatar.com\/avatar\/d189e01678f06d8eb84d4e01f08eb848b3fffe3f8443818d3c356c66892f5be8?s=96&d=mm&r=g","contentUrl":"https:\/\/secure.gravatar.com\/avatar\/d189e01678f06d8eb84d4e01f08eb848b3fffe3f8443818d3c356c66892f5be8?s=96&d=mm&r=g","caption":"Ag\u00eancia iNFRA"},"url":"https:\/\/agenciainfra.com\/blog\/author\/admin\/"}]}},"_links":{"self":[{"href":"https:\/\/agenciainfra.com\/blog\/wp-json\/wp\/v2\/posts\/18726","targetHints":{"allow":["GET"]}}],"collection":[{"href":"https:\/\/agenciainfra.com\/blog\/wp-json\/wp\/v2\/posts"}],"about":[{"href":"https:\/\/agenciainfra.com\/blog\/wp-json\/wp\/v2\/types\/post"}],"author":[{"embeddable":true,"href":"https:\/\/agenciainfra.com\/blog\/wp-json\/wp\/v2\/users\/1"}],"replies":[{"embeddable":true,"href":"https:\/\/agenciainfra.com\/blog\/wp-json\/wp\/v2\/comments?post=18726"}],"version-history":[{"count":1,"href":"https:\/\/agenciainfra.com\/blog\/wp-json\/wp\/v2\/posts\/18726\/revisions"}],"predecessor-version":[{"id":18727,"href":"https:\/\/agenciainfra.com\/blog\/wp-json\/wp\/v2\/posts\/18726\/revisions\/18727"}],"wp:featuredmedia":[{"embeddable":true,"href":"https:\/\/agenciainfra.com\/blog\/wp-json\/wp\/v2\/media\/18743"}],"wp:attachment":[{"href":"https:\/\/agenciainfra.com\/blog\/wp-json\/wp\/v2\/media?parent=18726"}],"wp:term":[{"taxonomy":"category","embeddable":true,"href":"https:\/\/agenciainfra.com\/blog\/wp-json\/wp\/v2\/categories?post=18726"},{"taxonomy":"post_tag","embeddable":true,"href":"https:\/\/agenciainfra.com\/blog\/wp-json\/wp\/v2\/tags?post=18726"}],"curies":[{"name":"wp","href":"https:\/\/api.w.org\/{rel}","templated":true}]}}