{"id":18735,"date":"2024-10-03T09:00:00","date_gmt":"2024-10-03T12:00:00","guid":{"rendered":"https:\/\/agenciainfra.com\/blog\/?p=18735"},"modified":"2024-10-03T10:42:11","modified_gmt":"2024-10-03T13:42:11","slug":"ambar-entra-com-recurso-na-aneel-contra-decisao-sobre-a-amazonas-diretor-mosna-sera-o-relator","status":"publish","type":"post","link":"https:\/\/agenciainfra.com\/blog\/ambar-entra-com-recurso-na-aneel-contra-decisao-sobre-a-amazonas-diretor-mosna-sera-o-relator\/","title":{"rendered":"\u00c2mbar entra com recurso na ANEEL contra decis\u00e3o sobre a Amazonas; diretor Mosna ser\u00e1 o relator"},"content":{"rendered":"\n<p class=\"has-text-align-right\"><strong>Marisa Wanzeller e Leila Coimbra, da\u00a0Ag\u00eancia iNFRA<\/strong><\/p>\n\n\n\n<p>A&nbsp;\u00c2mbar Energia protocolou&nbsp;<a href=\"https:\/\/agenciainfra.us14.list-manage.com\/track\/click?u=d460dd1bcf9ba0ae040e1fc0f&amp;id=2b2935b3e5&amp;e=55b7a27fc9\" target=\"_blank\" rel=\"noreferrer noopener\">recurso<\/a>&nbsp;junto \u00e0 ANEEL (Ag\u00eancia Nacional de Energia El\u00e9trica) nesta quarta-feira (2) solicitando que a reguladora reconsidere a decis\u00e3o tomada anteriormente e aprove o plano de transfer\u00eancia de controle da Amazonas Energia submetido pela empresa.<\/p>\n\n\n\n<p>A empresa&nbsp;se compromete com um aporte de R$ 6,5 bilh\u00f5es at\u00e9 o final de 2024, a ser convertido em capital social da distribuidora, abatendo&nbsp;parte do endividamento que supera R$ 10 bilh\u00f5es. O pagamento do saldo devedor remanescente seria quitado em at\u00e9 quinze anos, conforme o documento.<\/p>\n\n\n\n<p>A empresa pede que uma nova RPE (Reuni\u00e3o P\u00fablica Extraordin\u00e1ria) da diretoria da ag\u00eancia seja realizada &#8220;impreterivelmente&#8221; nesta semana. Isso porque a troca de controle societ\u00e1rio precisa ocorrer durante a vig\u00eancia da&nbsp;<a href=\"https:\/\/agenciainfra.us14.list-manage.com\/track\/click?u=d460dd1bcf9ba0ae040e1fc0f&amp;id=377735af27&amp;e=55b7a27fc9\" target=\"_blank\" rel=\"noreferrer noopener\">MP (Medida Provis\u00f3ria) 1.232\/2024<\/a>, que vale at\u00e9 a pr\u00f3xima quinta-feira (10), conforme o sistema do Congresso Nacional.<\/p>\n\n\n\n<p><strong>Celeridade<\/strong><br>O processo foi sorteado para a relatoria do diretor Fernando Mosna, que j\u00e1 solicitou, em&nbsp;<a href=\"https:\/\/agenciainfra.us14.list-manage.com\/track\/click?u=d460dd1bcf9ba0ae040e1fc0f&amp;id=e6954bc774&amp;e=55b7a27fc9\" target=\"_blank\" rel=\"noreferrer noopener\">memorando<\/a>, que as \u00e1reas t\u00e9cnicas da ANEEL avaliem com rapidez os termos apresentados pela \u00c2mbar, para poder realizar reuni\u00e3o extraordin\u00e1ria &#8220;o quanto antes&#8221;.<\/p>\n\n\n\n<p>\u201cSolicito que a emiss\u00e3o das Notas T\u00e9cnicas que embasar\u00e3o as an\u00e1lises ora solicitadas considere a exiguidade do prazo da iminente caducidade da Medida Provis\u00f3ria n\u00ba 1.232\/2024, a fim de que seja poss\u00edvel atender ao pedido do pretenso controlador e convocar a realiza\u00e7\u00e3o de Reuni\u00e3o P\u00fablica Extraordin\u00e1ria o quanto antes\u201d, diz o texto.<\/p>\n\n\n\n<p>O documento foi enviado \u00e0 superintendente de Gest\u00e3o Tarif\u00e1ria e Regula\u00e7\u00e3o Econ\u00f4mica (STR), Camila Bomfim, e \u00e0 superintendente de Fiscaliza\u00e7\u00e3o Econ\u00f4mica, Financeira e de Mercado (SFF), Maria Luiza Caldwell.<\/p>\n\n\n\n<p>Para a STR, o diretor Mosna solicita an\u00e1lise das propostas de altera\u00e7\u00e3o das trajet\u00f3rias flexibilizadas de perdas n\u00e3o-t\u00e9cnicas, dos custos operacionais e das receitas irrecuper\u00e1veis apresentadas no pedido de reconsidera\u00e7\u00e3o.<\/p>\n\n\n\n<p>J\u00e1 \u00e0 SFF foi requerida avalia\u00e7\u00e3o sobre o aporte de capital proposto, de R$ 6,5 bilh\u00f5es. Mosna questiona se o valor cumpre os crit\u00e9rios de efici\u00eancia com rela\u00e7\u00e3o \u00e0 gest\u00e3o econ\u00f4mico-financeira da concess\u00e3o ou, em caso negativo, qual seria o valor do aporte necess\u00e1rio.<\/p>\n\n\n\n<p><strong>Manifesta\u00e7\u00e3o judicial<\/strong><br>Na noite de ter\u00e7a-feira (1\u00ba), a Amazonas Energia protocolou uma nova manifesta\u00e7\u00e3o na 1\u00aa Vara Federal C\u00edvel da SJAM (Se\u00e7\u00e3o Judici\u00e1ria do Amazonas), na qual reitera o pedido para que o diretor-geral da ANEEL, Sandoval Feitosa, seja obrigado a aprovar de forma monocr\u00e1tica a transfer\u00eancia nos termos submetidos pela \u00c2mbar.<\/p>\n\n\n\n<p>No&nbsp;<a href=\"https:\/\/agenciainfra.us14.list-manage.com\/track\/click?u=d460dd1bcf9ba0ae040e1fc0f&amp;id=fe1e6f9d6c&amp;e=55b7a27fc9\" target=\"_blank\" rel=\"noreferrer noopener\">documento<\/a>, a distribuidora diz que n\u00e3o se pode admitir as &#8220;condi\u00e7\u00f5es absurdas indevidamente impostas&#8221; pela ANEEL com a decis\u00e3o proferida na \u00faltima RPO (Reuni\u00e3o P\u00fablica Ordin\u00e1ria). A empresa se manifesta contra a assinatura do termo aditivo de concess\u00e3o condicionada \u00e0 ren\u00fancia de todos os envolvidos aos direitos da a\u00e7\u00e3o judicial em andamento.&nbsp;<\/p>\n\n\n\n<p>Al\u00e9m disso, argumenta que a aprova\u00e7\u00e3o da troca de controle com base na nota t\u00e9cnica da ag\u00eancia vai contra a decis\u00e3o judicial exarada na \u00faltima semana, &#8220;que \u00e9 clara ao determinar que a aprova\u00e7\u00e3o deve se dar em conformidade com o plano apresentado&#8221;.<\/p>\n\n\n\n<p>Segundo a Amazonas, a previs\u00e3o de um custo de flexibiliza\u00e7\u00f5es de R$ 8 bilh\u00f5es em 15 anos &#8220;\u00e9 insuficiente para restabelecer o equil\u00edbrio financeiro da concess\u00e3o, e poder\u00e1 culminar com a n\u00e3o concretiza\u00e7\u00e3o da transfer\u00eancia de controle nestes termos&#8221;. A empresa pleiteava R$ 15,8 bilh\u00f5es, alterando para R$ 14 bilh\u00f5es nas \u00faltimas atualiza\u00e7\u00f5es da proposta.<\/p>\n\n\n\n<p>A \u00c2mbar j\u00e1 tinha comunicado na \u00faltima ter\u00e7a, ap\u00f3s a RPO, que n\u00e3o tem interesse em assumir a Amazonas Energia de acordo com os termos propostos pela ag\u00eancia, e informou que pediria a reconsidera\u00e7\u00e3o da decis\u00e3o.<br><br><strong>Condi\u00e7\u00f5es da troca<\/strong><br>Outras condi\u00e7\u00f5es descritas no recurso protocolado junto \u00e0 ANEEL s\u00e3o:<\/p>\n\n\n\n<p>1) n\u00e3o aplica\u00e7\u00e3o do crit\u00e9rio de efici\u00eancia com rela\u00e7\u00e3o \u00e0 gest\u00e3o econ\u00f4mico-financeira durante o primeiro ciclo tarif\u00e1rio subsequente \u00e0 transfer\u00eancia do controle, voltando a incidir no sexto ano ap\u00f3s a opera\u00e7\u00e3o;<\/p>\n\n\n\n<p>2) fixa\u00e7\u00e3o de trajet\u00f3ria alternativa de perdas n\u00e3o t\u00e9cnicas, a qual parte do \u00edndice de 119,8% para 2024, com per\u00edodo de transi\u00e7\u00e3o nos anos de 2024 e 2025 e, ap\u00f3s, trajet\u00f3ria linear at\u00e9 atingir 67,97%, em 2038;<\/p>\n\n\n\n<p>3) estabelecimento de nova trajet\u00f3ria de custos operacionais que contemple per\u00edodo de transi\u00e7\u00e3o para os anos de 2024 a 2027, com o in\u00edcio efetivo da trajet\u00f3ria de redu\u00e7\u00e3o a partir de 2028;<\/p>\n\n\n\n<p>4) ado\u00e7\u00e3o, para as receitas irrecuper\u00e1veis, dos n\u00edveis atuais da Amazonas Energia, observados no ano de 2023, adotando-se, a partir da\u00ed, trajet\u00f3ria linear at\u00e9 2038, com per\u00edodo de transi\u00e7\u00e3o para os anos de 2024 a 2026;&nbsp;<\/p>\n\n\n\n<p>5) antecipa\u00e7\u00e3o para o in\u00edcio do segundo ciclo tarif\u00e1rio, sexto ano ap\u00f3s a transfer\u00eancia do controle societ\u00e1rio, do momento a partir do qual os eventuais ganhos de efici\u00eancia da Amazonas Energia ser\u00e3o compartilhados com o consumidor;&nbsp;<\/p>\n\n\n\n<p>6) manuten\u00e7\u00e3o preventiva do repasse da sobrecontrata\u00e7\u00e3o involunt\u00e1ria \u00e0 CCC (Conta Consumo de Combust\u00edveis) at\u00e9 2030 ou at\u00e9 que ocorra a convers\u00e3o dos contratos das t\u00e9rmicas em CERs (Contratos de Energia de Reserva), nos termos da MP 1.232\/2024.<\/p>\n","protected":false},"excerpt":{"rendered":"<p>Marisa Wanzeller e Leila Coimbra, da\u00a0Ag\u00eancia iNFRA A&nbsp;\u00c2mbar Energia protocolou&nbsp;recurso&nbsp;junto \u00e0 ANEEL (Ag\u00eancia Nacional de Energia El\u00e9trica) nesta quarta-feira (2) solicitando que a reguladora reconsidere a decis\u00e3o tomada anteriormente e aprove o plano de transfer\u00eancia de controle da Amazonas Energia submetido pela empresa. A empresa&nbsp;se compromete com um aporte de R$ 6,5 bilh\u00f5es at\u00e9 o [&hellip;]<\/p>\n","protected":false},"author":1,"featured_media":3005,"comment_status":"closed","ping_status":"closed","sticky":false,"template":"","format":"standard","meta":{"_monsterinsights_skip_tracking":false,"_monsterinsights_sitenote_active":false,"_monsterinsights_sitenote_note":"","_monsterinsights_sitenote_category":0,"footnotes":""},"categories":[7250,1,10],"tags":[6800,144,5481,53,22,7014,11501,5482,11500,10325,1984,7366,11502,5682,1026,7876,4766,11491],"class_list":["post-18735","post","type-post","status-publish","format-standard","has-post-thumbnail","hentry","category-destaque-lista","category-geral","category-infraenergia","tag-agnes-costa","tag-amazonas-energia","tag-ambar-energia","tag-aneel","tag-concessao","tag-fernando-mosna","tag-irmaos-batista","tag-jf","tag-jaiza-maria-pinto-fraxe","tag-joesley-batista","tag-leila-coimbra","tag-marisa-wanzeller","tag-mp-1-232","tag-ricardo-tili","tag-sandoval-feitosa","tag-transferencia-de-controle","tag-trf-1","tag-wesley-batista"],"yoast_head":"<!-- This site is optimized with the Yoast SEO Premium plugin v25.4 (Yoast SEO v26.0) - https:\/\/yoast.com\/wordpress\/plugins\/seo\/ -->\n<title>\u00c2mbar entra com recurso na ANEEL contra decis\u00e3o sobre a Amazonas; diretor Mosna ser\u00e1 o relator - Ag\u00eancia iNFRA<\/title>\n<meta name=\"robots\" content=\"index, follow, max-snippet:-1, max-image-preview:large, max-video-preview:-1\" \/>\n<link rel=\"canonical\" href=\"https:\/\/agenciainfra.com\/blog\/ambar-entra-com-recurso-na-aneel-contra-decisao-sobre-a-amazonas-diretor-mosna-sera-o-relator\/\" \/>\n<meta property=\"og:locale\" content=\"pt_BR\" \/>\n<meta property=\"og:type\" content=\"article\" \/>\n<meta property=\"og:title\" content=\"\u00c2mbar entra com recurso na ANEEL contra decis\u00e3o sobre a Amazonas; diretor Mosna ser\u00e1 o relator\" \/>\n<meta property=\"og:description\" content=\"Marisa Wanzeller e Leila Coimbra, da\u00a0Ag\u00eancia iNFRA A&nbsp;\u00c2mbar Energia protocolou&nbsp;recurso&nbsp;junto \u00e0 ANEEL (Ag\u00eancia Nacional de Energia El\u00e9trica) nesta quarta-feira (2) solicitando que a reguladora reconsidere a decis\u00e3o tomada anteriormente e aprove o plano de transfer\u00eancia de controle da Amazonas Energia submetido pela empresa. A empresa&nbsp;se compromete com um aporte de R$ 6,5 bilh\u00f5es at\u00e9 o [&hellip;]\" \/>\n<meta property=\"og:url\" content=\"https:\/\/agenciainfra.com\/blog\/ambar-entra-com-recurso-na-aneel-contra-decisao-sobre-a-amazonas-diretor-mosna-sera-o-relator\/\" \/>\n<meta property=\"og:site_name\" content=\"Ag\u00eancia iNFRA\" \/>\n<meta property=\"article:publisher\" content=\"https:\/\/www.facebook.com\/ageninfra\" \/>\n<meta property=\"article:published_time\" content=\"2024-10-03T12:00:00+00:00\" \/>\n<meta property=\"article:modified_time\" content=\"2024-10-03T13:42:11+00:00\" \/>\n<meta property=\"og:image\" content=\"https:\/\/agenciainfra.com\/blog\/wp-content\/uploads\/2019\/03\/Eletrobras-Amazonas-divulgacao-1024x681.jpg\" \/>\n\t<meta property=\"og:image:width\" content=\"1024\" \/>\n\t<meta property=\"og:image:height\" content=\"681\" \/>\n\t<meta property=\"og:image:type\" content=\"image\/jpeg\" \/>\n<meta name=\"author\" content=\"Ag\u00eancia iNFRA\" \/>\n<meta name=\"twitter:card\" content=\"summary_large_image\" \/>\n<meta name=\"twitter:creator\" content=\"@agencia_infra\" \/>\n<meta name=\"twitter:site\" content=\"@agencia_infra\" \/>\n<meta name=\"twitter:label1\" content=\"Escrito por\" \/>\n\t<meta name=\"twitter:data1\" content=\"Ag\u00eancia iNFRA\" \/>\n\t<meta name=\"twitter:label2\" content=\"Est. tempo de leitura\" \/>\n\t<meta name=\"twitter:data2\" content=\"4 minutos\" \/>\n<script type=\"application\/ld+json\" class=\"yoast-schema-graph\">{\"@context\":\"https:\/\/schema.org\",\"@graph\":[{\"@type\":\"Article\",\"@id\":\"https:\/\/agenciainfra.com\/blog\/ambar-entra-com-recurso-na-aneel-contra-decisao-sobre-a-amazonas-diretor-mosna-sera-o-relator\/#article\",\"isPartOf\":{\"@id\":\"https:\/\/agenciainfra.com\/blog\/ambar-entra-com-recurso-na-aneel-contra-decisao-sobre-a-amazonas-diretor-mosna-sera-o-relator\/\"},\"author\":{\"name\":\"Ag\u00eancia iNFRA\",\"@id\":\"https:\/\/agenciainfra.com\/blog\/#\/schema\/person\/34af08dff6adea4cb22b06612ba7acfa\"},\"headline\":\"\u00c2mbar entra com recurso na ANEEL contra decis\u00e3o sobre a Amazonas; diretor Mosna ser\u00e1 o relator\",\"datePublished\":\"2024-10-03T12:00:00+00:00\",\"dateModified\":\"2024-10-03T13:42:11+00:00\",\"mainEntityOfPage\":{\"@id\":\"https:\/\/agenciainfra.com\/blog\/ambar-entra-com-recurso-na-aneel-contra-decisao-sobre-a-amazonas-diretor-mosna-sera-o-relator\/\"},\"wordCount\":919,\"publisher\":{\"@id\":\"https:\/\/agenciainfra.com\/blog\/#organization\"},\"image\":{\"@id\":\"https:\/\/agenciainfra.com\/blog\/ambar-entra-com-recurso-na-aneel-contra-decisao-sobre-a-amazonas-diretor-mosna-sera-o-relator\/#primaryimage\"},\"thumbnailUrl\":\"https:\/\/agenciainfra.com\/blog\/wp-content\/uploads\/2019\/03\/Eletrobras-Amazonas-divulgacao.jpg\",\"keywords\":[\"Agnes Costa\",\"Amazonas Energia\",\"\u00c2mbar Energia\",\"ANEEL\",\"Concess\u00e3o\",\"Fernando Mosna\",\"irm\u00e3os batista\",\"J&amp;F\",\"Jaiza Maria Pinto Fraxe\",\"Joesley Batista\",\"Leila Coimbra\",\"Marisa Wanzeller\",\"MP 1.232\",\"Ricardo Tili\",\"Sandoval Feitosa\",\"transfer\u00eancia de controle\",\"TRF-1\",\"Wesley Batista\"],\"articleSection\":[\"Destaque lista\",\"Geral\",\"iNFRAEnergia\"],\"inLanguage\":\"pt-BR\",\"copyrightYear\":\"2024\",\"copyrightHolder\":{\"@id\":\"https:\/\/agenciainfra.com\/blog\/#organization\"}},{\"@type\":\"WebPage\",\"@id\":\"https:\/\/agenciainfra.com\/blog\/ambar-entra-com-recurso-na-aneel-contra-decisao-sobre-a-amazonas-diretor-mosna-sera-o-relator\/\",\"url\":\"https:\/\/agenciainfra.com\/blog\/ambar-entra-com-recurso-na-aneel-contra-decisao-sobre-a-amazonas-diretor-mosna-sera-o-relator\/\",\"name\":\"\u00c2mbar entra com recurso na ANEEL contra decis\u00e3o sobre a Amazonas; diretor Mosna ser\u00e1 o relator - Ag\u00eancia iNFRA\",\"isPartOf\":{\"@id\":\"https:\/\/agenciainfra.com\/blog\/#website\"},\"primaryImageOfPage\":{\"@id\":\"https:\/\/agenciainfra.com\/blog\/ambar-entra-com-recurso-na-aneel-contra-decisao-sobre-a-amazonas-diretor-mosna-sera-o-relator\/#primaryimage\"},\"image\":{\"@id\":\"https:\/\/agenciainfra.com\/blog\/ambar-entra-com-recurso-na-aneel-contra-decisao-sobre-a-amazonas-diretor-mosna-sera-o-relator\/#primaryimage\"},\"thumbnailUrl\":\"https:\/\/agenciainfra.com\/blog\/wp-content\/uploads\/2019\/03\/Eletrobras-Amazonas-divulgacao.jpg\",\"datePublished\":\"2024-10-03T12:00:00+00:00\",\"dateModified\":\"2024-10-03T13:42:11+00:00\",\"breadcrumb\":{\"@id\":\"https:\/\/agenciainfra.com\/blog\/ambar-entra-com-recurso-na-aneel-contra-decisao-sobre-a-amazonas-diretor-mosna-sera-o-relator\/#breadcrumb\"},\"inLanguage\":\"pt-BR\",\"potentialAction\":[{\"@type\":\"ReadAction\",\"target\":[\"https:\/\/agenciainfra.com\/blog\/ambar-entra-com-recurso-na-aneel-contra-decisao-sobre-a-amazonas-diretor-mosna-sera-o-relator\/\"]}]},{\"@type\":\"ImageObject\",\"inLanguage\":\"pt-BR\",\"@id\":\"https:\/\/agenciainfra.com\/blog\/ambar-entra-com-recurso-na-aneel-contra-decisao-sobre-a-amazonas-diretor-mosna-sera-o-relator\/#primaryimage\",\"url\":\"https:\/\/agenciainfra.com\/blog\/wp-content\/uploads\/2019\/03\/Eletrobras-Amazonas-divulgacao.jpg\",\"contentUrl\":\"https:\/\/agenciainfra.com\/blog\/wp-content\/uploads\/2019\/03\/Eletrobras-Amazonas-divulgacao.jpg\",\"width\":4256,\"height\":2832},{\"@type\":\"BreadcrumbList\",\"@id\":\"https:\/\/agenciainfra.com\/blog\/ambar-entra-com-recurso-na-aneel-contra-decisao-sobre-a-amazonas-diretor-mosna-sera-o-relator\/#breadcrumb\",\"itemListElement\":[{\"@type\":\"ListItem\",\"position\":1,\"name\":\"In\u00edcio\",\"item\":\"https:\/\/agenciainfra.com\/blog\/\"},{\"@type\":\"ListItem\",\"position\":2,\"name\":\"\u00c2mbar entra com recurso na ANEEL contra decis\u00e3o sobre a Amazonas; diretor Mosna ser\u00e1 o relator\"}]},{\"@type\":\"WebSite\",\"@id\":\"https:\/\/agenciainfra.com\/blog\/#website\",\"url\":\"https:\/\/agenciainfra.com\/blog\/\",\"name\":\"Ag\u00eancia iNFRA\",\"description\":\"Multiplataforma de informa\u00e7\u00e3o jornal\u00edstica refer\u00eancia na \u00e1rea de infraestrutura no Brasil!\",\"publisher\":{\"@id\":\"https:\/\/agenciainfra.com\/blog\/#organization\"},\"potentialAction\":[{\"@type\":\"SearchAction\",\"target\":{\"@type\":\"EntryPoint\",\"urlTemplate\":\"https:\/\/agenciainfra.com\/blog\/?s={search_term_string}\"},\"query-input\":{\"@type\":\"PropertyValueSpecification\",\"valueRequired\":true,\"valueName\":\"search_term_string\"}}],\"inLanguage\":\"pt-BR\"},{\"@type\":\"Organization\",\"@id\":\"https:\/\/agenciainfra.com\/blog\/#organization\",\"name\":\"Ag\u00eancia iNFRA\",\"url\":\"https:\/\/agenciainfra.com\/blog\/\",\"logo\":{\"@type\":\"ImageObject\",\"inLanguage\":\"pt-BR\",\"@id\":\"https:\/\/agenciainfra.com\/blog\/#\/schema\/logo\/image\/\",\"url\":\"https:\/\/agenciainfra.com\/blog\/wp-content\/uploads\/2023\/09\/iNFRA_5-e1761735885940.png\",\"contentUrl\":\"https:\/\/agenciainfra.com\/blog\/wp-content\/uploads\/2023\/09\/iNFRA_5-e1761735885940.png\",\"width\":1672,\"height\":454,\"caption\":\"Ag\u00eancia iNFRA\"},\"image\":{\"@id\":\"https:\/\/agenciainfra.com\/blog\/#\/schema\/logo\/image\/\"},\"sameAs\":[\"https:\/\/www.facebook.com\/ageninfra\",\"https:\/\/x.com\/agencia_infra\",\"https:\/\/www.linkedin.com\/company\/ag\u00eanciainfra\/\",\"https:\/\/www.instagram.com\/agenciainfra\/\"]},{\"@type\":\"Person\",\"@id\":\"https:\/\/agenciainfra.com\/blog\/#\/schema\/person\/34af08dff6adea4cb22b06612ba7acfa\",\"name\":\"Ag\u00eancia iNFRA\",\"image\":{\"@type\":\"ImageObject\",\"inLanguage\":\"pt-BR\",\"@id\":\"https:\/\/agenciainfra.com\/blog\/#\/schema\/person\/image\/\",\"url\":\"https:\/\/secure.gravatar.com\/avatar\/d189e01678f06d8eb84d4e01f08eb848b3fffe3f8443818d3c356c66892f5be8?s=96&d=mm&r=g\",\"contentUrl\":\"https:\/\/secure.gravatar.com\/avatar\/d189e01678f06d8eb84d4e01f08eb848b3fffe3f8443818d3c356c66892f5be8?s=96&d=mm&r=g\",\"caption\":\"Ag\u00eancia iNFRA\"},\"url\":\"https:\/\/agenciainfra.com\/blog\/author\/admin\/\"}]}<\/script>\n<!-- \/ Yoast SEO Premium plugin. -->","yoast_head_json":{"title":"\u00c2mbar entra com recurso na ANEEL contra decis\u00e3o sobre a Amazonas; diretor Mosna ser\u00e1 o relator - Ag\u00eancia iNFRA","robots":{"index":"index","follow":"follow","max-snippet":"max-snippet:-1","max-image-preview":"max-image-preview:large","max-video-preview":"max-video-preview:-1"},"canonical":"https:\/\/agenciainfra.com\/blog\/ambar-entra-com-recurso-na-aneel-contra-decisao-sobre-a-amazonas-diretor-mosna-sera-o-relator\/","og_locale":"pt_BR","og_type":"article","og_title":"\u00c2mbar entra com recurso na ANEEL contra decis\u00e3o sobre a Amazonas; diretor Mosna ser\u00e1 o relator","og_description":"Marisa Wanzeller e Leila Coimbra, da\u00a0Ag\u00eancia iNFRA A&nbsp;\u00c2mbar Energia protocolou&nbsp;recurso&nbsp;junto \u00e0 ANEEL (Ag\u00eancia Nacional de Energia El\u00e9trica) nesta quarta-feira (2) solicitando que a reguladora reconsidere a decis\u00e3o tomada anteriormente e aprove o plano de transfer\u00eancia de controle da Amazonas Energia submetido pela empresa. A empresa&nbsp;se compromete com um aporte de R$ 6,5 bilh\u00f5es at\u00e9 o [&hellip;]","og_url":"https:\/\/agenciainfra.com\/blog\/ambar-entra-com-recurso-na-aneel-contra-decisao-sobre-a-amazonas-diretor-mosna-sera-o-relator\/","og_site_name":"Ag\u00eancia iNFRA","article_publisher":"https:\/\/www.facebook.com\/ageninfra","article_published_time":"2024-10-03T12:00:00+00:00","article_modified_time":"2024-10-03T13:42:11+00:00","og_image":[{"width":1024,"height":681,"url":"https:\/\/agenciainfra.com\/blog\/wp-content\/uploads\/2019\/03\/Eletrobras-Amazonas-divulgacao-1024x681.jpg","type":"image\/jpeg"}],"author":"Ag\u00eancia iNFRA","twitter_card":"summary_large_image","twitter_creator":"@agencia_infra","twitter_site":"@agencia_infra","twitter_misc":{"Escrito por":"Ag\u00eancia iNFRA","Est. tempo de leitura":"4 minutos"},"schema":{"@context":"https:\/\/schema.org","@graph":[{"@type":"Article","@id":"https:\/\/agenciainfra.com\/blog\/ambar-entra-com-recurso-na-aneel-contra-decisao-sobre-a-amazonas-diretor-mosna-sera-o-relator\/#article","isPartOf":{"@id":"https:\/\/agenciainfra.com\/blog\/ambar-entra-com-recurso-na-aneel-contra-decisao-sobre-a-amazonas-diretor-mosna-sera-o-relator\/"},"author":{"name":"Ag\u00eancia iNFRA","@id":"https:\/\/agenciainfra.com\/blog\/#\/schema\/person\/34af08dff6adea4cb22b06612ba7acfa"},"headline":"\u00c2mbar entra com recurso na ANEEL contra decis\u00e3o sobre a Amazonas; diretor Mosna ser\u00e1 o relator","datePublished":"2024-10-03T12:00:00+00:00","dateModified":"2024-10-03T13:42:11+00:00","mainEntityOfPage":{"@id":"https:\/\/agenciainfra.com\/blog\/ambar-entra-com-recurso-na-aneel-contra-decisao-sobre-a-amazonas-diretor-mosna-sera-o-relator\/"},"wordCount":919,"publisher":{"@id":"https:\/\/agenciainfra.com\/blog\/#organization"},"image":{"@id":"https:\/\/agenciainfra.com\/blog\/ambar-entra-com-recurso-na-aneel-contra-decisao-sobre-a-amazonas-diretor-mosna-sera-o-relator\/#primaryimage"},"thumbnailUrl":"https:\/\/agenciainfra.com\/blog\/wp-content\/uploads\/2019\/03\/Eletrobras-Amazonas-divulgacao.jpg","keywords":["Agnes Costa","Amazonas Energia","\u00c2mbar Energia","ANEEL","Concess\u00e3o","Fernando Mosna","irm\u00e3os batista","J&amp;F","Jaiza Maria Pinto Fraxe","Joesley Batista","Leila Coimbra","Marisa Wanzeller","MP 1.232","Ricardo Tili","Sandoval Feitosa","transfer\u00eancia de controle","TRF-1","Wesley Batista"],"articleSection":["Destaque lista","Geral","iNFRAEnergia"],"inLanguage":"pt-BR","copyrightYear":"2024","copyrightHolder":{"@id":"https:\/\/agenciainfra.com\/blog\/#organization"}},{"@type":"WebPage","@id":"https:\/\/agenciainfra.com\/blog\/ambar-entra-com-recurso-na-aneel-contra-decisao-sobre-a-amazonas-diretor-mosna-sera-o-relator\/","url":"https:\/\/agenciainfra.com\/blog\/ambar-entra-com-recurso-na-aneel-contra-decisao-sobre-a-amazonas-diretor-mosna-sera-o-relator\/","name":"\u00c2mbar entra com recurso na ANEEL contra decis\u00e3o sobre a Amazonas; diretor Mosna ser\u00e1 o relator - Ag\u00eancia iNFRA","isPartOf":{"@id":"https:\/\/agenciainfra.com\/blog\/#website"},"primaryImageOfPage":{"@id":"https:\/\/agenciainfra.com\/blog\/ambar-entra-com-recurso-na-aneel-contra-decisao-sobre-a-amazonas-diretor-mosna-sera-o-relator\/#primaryimage"},"image":{"@id":"https:\/\/agenciainfra.com\/blog\/ambar-entra-com-recurso-na-aneel-contra-decisao-sobre-a-amazonas-diretor-mosna-sera-o-relator\/#primaryimage"},"thumbnailUrl":"https:\/\/agenciainfra.com\/blog\/wp-content\/uploads\/2019\/03\/Eletrobras-Amazonas-divulgacao.jpg","datePublished":"2024-10-03T12:00:00+00:00","dateModified":"2024-10-03T13:42:11+00:00","breadcrumb":{"@id":"https:\/\/agenciainfra.com\/blog\/ambar-entra-com-recurso-na-aneel-contra-decisao-sobre-a-amazonas-diretor-mosna-sera-o-relator\/#breadcrumb"},"inLanguage":"pt-BR","potentialAction":[{"@type":"ReadAction","target":["https:\/\/agenciainfra.com\/blog\/ambar-entra-com-recurso-na-aneel-contra-decisao-sobre-a-amazonas-diretor-mosna-sera-o-relator\/"]}]},{"@type":"ImageObject","inLanguage":"pt-BR","@id":"https:\/\/agenciainfra.com\/blog\/ambar-entra-com-recurso-na-aneel-contra-decisao-sobre-a-amazonas-diretor-mosna-sera-o-relator\/#primaryimage","url":"https:\/\/agenciainfra.com\/blog\/wp-content\/uploads\/2019\/03\/Eletrobras-Amazonas-divulgacao.jpg","contentUrl":"https:\/\/agenciainfra.com\/blog\/wp-content\/uploads\/2019\/03\/Eletrobras-Amazonas-divulgacao.jpg","width":4256,"height":2832},{"@type":"BreadcrumbList","@id":"https:\/\/agenciainfra.com\/blog\/ambar-entra-com-recurso-na-aneel-contra-decisao-sobre-a-amazonas-diretor-mosna-sera-o-relator\/#breadcrumb","itemListElement":[{"@type":"ListItem","position":1,"name":"In\u00edcio","item":"https:\/\/agenciainfra.com\/blog\/"},{"@type":"ListItem","position":2,"name":"\u00c2mbar entra com recurso na ANEEL contra decis\u00e3o sobre a Amazonas; diretor Mosna ser\u00e1 o relator"}]},{"@type":"WebSite","@id":"https:\/\/agenciainfra.com\/blog\/#website","url":"https:\/\/agenciainfra.com\/blog\/","name":"Ag\u00eancia iNFRA","description":"Multiplataforma de informa\u00e7\u00e3o jornal\u00edstica refer\u00eancia na \u00e1rea de infraestrutura no Brasil!","publisher":{"@id":"https:\/\/agenciainfra.com\/blog\/#organization"},"potentialAction":[{"@type":"SearchAction","target":{"@type":"EntryPoint","urlTemplate":"https:\/\/agenciainfra.com\/blog\/?s={search_term_string}"},"query-input":{"@type":"PropertyValueSpecification","valueRequired":true,"valueName":"search_term_string"}}],"inLanguage":"pt-BR"},{"@type":"Organization","@id":"https:\/\/agenciainfra.com\/blog\/#organization","name":"Ag\u00eancia iNFRA","url":"https:\/\/agenciainfra.com\/blog\/","logo":{"@type":"ImageObject","inLanguage":"pt-BR","@id":"https:\/\/agenciainfra.com\/blog\/#\/schema\/logo\/image\/","url":"https:\/\/agenciainfra.com\/blog\/wp-content\/uploads\/2023\/09\/iNFRA_5-e1761735885940.png","contentUrl":"https:\/\/agenciainfra.com\/blog\/wp-content\/uploads\/2023\/09\/iNFRA_5-e1761735885940.png","width":1672,"height":454,"caption":"Ag\u00eancia iNFRA"},"image":{"@id":"https:\/\/agenciainfra.com\/blog\/#\/schema\/logo\/image\/"},"sameAs":["https:\/\/www.facebook.com\/ageninfra","https:\/\/x.com\/agencia_infra","https:\/\/www.linkedin.com\/company\/ag\u00eanciainfra\/","https:\/\/www.instagram.com\/agenciainfra\/"]},{"@type":"Person","@id":"https:\/\/agenciainfra.com\/blog\/#\/schema\/person\/34af08dff6adea4cb22b06612ba7acfa","name":"Ag\u00eancia iNFRA","image":{"@type":"ImageObject","inLanguage":"pt-BR","@id":"https:\/\/agenciainfra.com\/blog\/#\/schema\/person\/image\/","url":"https:\/\/secure.gravatar.com\/avatar\/d189e01678f06d8eb84d4e01f08eb848b3fffe3f8443818d3c356c66892f5be8?s=96&d=mm&r=g","contentUrl":"https:\/\/secure.gravatar.com\/avatar\/d189e01678f06d8eb84d4e01f08eb848b3fffe3f8443818d3c356c66892f5be8?s=96&d=mm&r=g","caption":"Ag\u00eancia iNFRA"},"url":"https:\/\/agenciainfra.com\/blog\/author\/admin\/"}]}},"_links":{"self":[{"href":"https:\/\/agenciainfra.com\/blog\/wp-json\/wp\/v2\/posts\/18735","targetHints":{"allow":["GET"]}}],"collection":[{"href":"https:\/\/agenciainfra.com\/blog\/wp-json\/wp\/v2\/posts"}],"about":[{"href":"https:\/\/agenciainfra.com\/blog\/wp-json\/wp\/v2\/types\/post"}],"author":[{"embeddable":true,"href":"https:\/\/agenciainfra.com\/blog\/wp-json\/wp\/v2\/users\/1"}],"replies":[{"embeddable":true,"href":"https:\/\/agenciainfra.com\/blog\/wp-json\/wp\/v2\/comments?post=18735"}],"version-history":[{"count":1,"href":"https:\/\/agenciainfra.com\/blog\/wp-json\/wp\/v2\/posts\/18735\/revisions"}],"predecessor-version":[{"id":18736,"href":"https:\/\/agenciainfra.com\/blog\/wp-json\/wp\/v2\/posts\/18735\/revisions\/18736"}],"wp:featuredmedia":[{"embeddable":true,"href":"https:\/\/agenciainfra.com\/blog\/wp-json\/wp\/v2\/media\/3005"}],"wp:attachment":[{"href":"https:\/\/agenciainfra.com\/blog\/wp-json\/wp\/v2\/media?parent=18735"}],"wp:term":[{"taxonomy":"category","embeddable":true,"href":"https:\/\/agenciainfra.com\/blog\/wp-json\/wp\/v2\/categories?post=18735"},{"taxonomy":"post_tag","embeddable":true,"href":"https:\/\/agenciainfra.com\/blog\/wp-json\/wp\/v2\/tags?post=18735"}],"curies":[{"name":"wp","href":"https:\/\/api.w.org\/{rel}","templated":true}]}}