{"id":18737,"date":"2024-10-03T10:00:00","date_gmt":"2024-10-03T13:00:00","guid":{"rendered":"https:\/\/agenciainfra.com\/blog\/?p=18737"},"modified":"2024-10-03T10:42:05","modified_gmt":"2024-10-03T13:42:05","slug":"ministro-diz-que-aneel-trabalha-contra-o-pais-e-que-boicota-governo","status":"publish","type":"post","link":"https:\/\/agenciainfra.com\/blog\/ministro-diz-que-aneel-trabalha-contra-o-pais-e-que-boicota-governo\/","title":{"rendered":"Ministro diz que ANEEL trabalha contra o pa\u00eds e que boicota governo"},"content":{"rendered":"\n<p class=\"has-text-align-right\"><strong>Marisa Wanzeller, da\u00a0Ag\u00eancia iNFRA<\/strong><\/p>\n\n\n\n<p>O ministro de Minas e Energia, Alexandre Silveira, declarou nesta quarta-feira (2) que a ANEEL (Ag\u00eancia Nacional de Energia El\u00e9trica) &#8220;trabalha contra o pa\u00eds e contra o governo, e boicotando, inclusive, o governo&#8221;. Ele falou em resposta \u00e0 afirma\u00e7\u00e3o feita pelo diretor-geral da ag\u00eancia, Sandoval Feitosa, nesta ter\u00e7a-feira (1\u00ba), de que a autoridade tarif\u00e1ria do Brasil \u00e9 a ANEEL.<br><br>&#8220;Que bom que pela primeira vez, depois de um ano e nove meses, a ANEEL assumiu alguma responsabilidade. Agora, deixando claro que a quest\u00e3o do custo de energia do Brasil \u00e9 responsabilidade dela, de certa forma me tranquiliza, mas ao mesmo tempo me preocupa muito&#8221;, disse \u00e0 imprensa.&nbsp;<br><br>&#8220;Se ela se alinhar \u00e0s pol\u00edticas p\u00fablicas do governo, vai me alegrar. Se ela continuar sendo uma ag\u00eancia que trabalha contra o pa\u00eds e contra o governo, e boicotando, inclusive, o governo, essa quest\u00e3o de ela bater no peito e chamar a quest\u00e3o dos custos tarif\u00e1rios para ela vai me preocupar muito&#8221;, completou Silveira.<br><br>A discuss\u00e3o teve in\u00edcio quando o MME (Minist\u00e9rio de Minas e Energia)&nbsp;<a href=\"https:\/\/agenciainfra.us14.list-manage.com\/track\/click?u=d460dd1bcf9ba0ae040e1fc0f&amp;id=240df85477&amp;e=55b7a27fc9\" target=\"_blank\" rel=\"noreferrer noopener\">oficiou<\/a>&nbsp;a reguladora nesta ter\u00e7a-feira (1\u00ba) solicitando que a ag\u00eancia considere o saldo superavit\u00e1rio da Conta Bandeiras para evitar cobran\u00e7as adicionais na conta de luz, inclusive a partir da compet\u00eancia de outubro. Para este m\u00eas, est\u00e1 vigente a bandeira vermelha patamar 2, que acresce R$ 7,87 na conta a cada 100 kWh (quilowatts-hora) consumidos.&nbsp;&nbsp;<br><br>Sandoval disse&nbsp;\u00e0 imprensa&nbsp;que qualquer altera\u00e7\u00e3o no mecanismo de acionamento da bandeira passar\u00e1 por uma an\u00e1lise seguindo o rito da ag\u00eancia, j\u00e1 que ela \u00e9 quem responde pela tarifa de energia.<br><br><strong>Amazonas<\/strong><br>Questionado sobre as decis\u00f5es da ANEEL acerca da transfer\u00eancia de controle da Amazonas Energia, o ministro afirmou que a reguladora vive momento de &#8220;completa desarmonia interna&#8221;, de &#8220;tanta falta de sintonia entre seus diretores e falta de converg\u00eancia com a \u00e1rea t\u00e9cnica&#8221;.<br><br>Silveira ressaltou que a ag\u00eancia n\u00e3o apresentou publicamente ou ao minist\u00e9rio qual seria o custo de uma eventual interven\u00e7\u00e3o na concess\u00e3o, caso a troca de controle n\u00e3o seja efetuada a tempo da vig\u00eancia da&nbsp;<a href=\"https:\/\/agenciainfra.us14.list-manage.com\/track\/click?u=d460dd1bcf9ba0ae040e1fc0f&amp;id=8d9f01eb38&amp;e=55b7a27fc9\" target=\"_blank\" rel=\"noreferrer noopener\">MP (Medida Provis\u00f3ria) 1.232\/2024<\/a>, que vale at\u00e9 a pr\u00f3xima quinta-feira (10).<br><br>&#8220;A ANEEL n\u00e3o est\u00e1 tendo o cuidado nem de apresentar alternativas \u00e0 passagem de controle. Se der certo, custa X ao Brasil. Se n\u00e3o der certo, se houver uma interven\u00e7\u00e3o, com uma poss\u00edvel e posterior caducidade, quanto custa para o Brasil?&#8221;, questionou.<br><br>\u201c\u00c9 justo que o povo brasileiro, com dinheiro dos impostos, venha agora financiar uma interven\u00e7\u00e3o? Quanto custa essa interven\u00e7\u00e3o? A ANEEL n\u00e3o conseguiu publicamente ou ao minist\u00e9rio apresentar dados sobre a decis\u00e3o que vai tomar&#8221;, disse.<br><br>O ministro tamb\u00e9m afirmou que a determina\u00e7\u00e3o judicial exarada na \u00faltima semana resolveria o atual problema.<\/p>\n","protected":false},"excerpt":{"rendered":"<p>Marisa Wanzeller, da\u00a0Ag\u00eancia iNFRA O ministro de Minas e Energia, Alexandre Silveira, declarou nesta quarta-feira (2) que a ANEEL (Ag\u00eancia Nacional de Energia El\u00e9trica) &#8220;trabalha contra o pa\u00eds e contra o governo, e boicotando, inclusive, o governo&#8221;. Ele falou em resposta \u00e0 afirma\u00e7\u00e3o feita pelo diretor-geral da ag\u00eancia, Sandoval Feitosa, nesta ter\u00e7a-feira (1\u00ba), de que [&hellip;]<\/p>\n","protected":false},"author":1,"featured_media":18252,"comment_status":"closed","ping_status":"closed","sticky":false,"template":"","format":"standard","meta":{"_monsterinsights_skip_tracking":false,"_monsterinsights_sitenote_active":false,"_monsterinsights_sitenote_note":"","_monsterinsights_sitenote_category":0,"footnotes":""},"categories":[7250,1,10],"tags":[6040,144,53,3203,11531,11530,96,71,10043],"class_list":["post-18737","post","type-post","status-publish","format-standard","has-post-thumbnail","hentry","category-destaque-lista","category-geral","category-infraenergia","tag-alexandre-silveira","tag-amazonas-energia","tag-aneel","tag-bandeira-tarifaria","tag-conta-bandeiras","tag-marisa-wanzeler","tag-ministerio-de-minas-e-energia","tag-mme","tag-mp-1-232-2024"],"yoast_head":"<!-- This site is optimized with the Yoast SEO Premium plugin v25.4 (Yoast SEO v26.0) - https:\/\/yoast.com\/wordpress\/plugins\/seo\/ -->\n<title>Ministro diz que ANEEL trabalha contra o pa\u00eds e que boicota governo - Ag\u00eancia iNFRA<\/title>\n<meta name=\"robots\" content=\"index, follow, max-snippet:-1, max-image-preview:large, max-video-preview:-1\" \/>\n<link rel=\"canonical\" href=\"https:\/\/agenciainfra.com\/blog\/ministro-diz-que-aneel-trabalha-contra-o-pais-e-que-boicota-governo\/\" \/>\n<meta property=\"og:locale\" content=\"pt_BR\" \/>\n<meta property=\"og:type\" content=\"article\" \/>\n<meta property=\"og:title\" content=\"Ministro diz que ANEEL trabalha contra o pa\u00eds e que boicota governo\" \/>\n<meta property=\"og:description\" content=\"Marisa Wanzeller, da\u00a0Ag\u00eancia iNFRA O ministro de Minas e Energia, Alexandre Silveira, declarou nesta quarta-feira (2) que a ANEEL (Ag\u00eancia Nacional de Energia El\u00e9trica) &#8220;trabalha contra o pa\u00eds e contra o governo, e boicotando, inclusive, o governo&#8221;. Ele falou em resposta \u00e0 afirma\u00e7\u00e3o feita pelo diretor-geral da ag\u00eancia, Sandoval Feitosa, nesta ter\u00e7a-feira (1\u00ba), de que [&hellip;]\" \/>\n<meta property=\"og:url\" content=\"https:\/\/agenciainfra.com\/blog\/ministro-diz-que-aneel-trabalha-contra-o-pais-e-que-boicota-governo\/\" \/>\n<meta property=\"og:site_name\" content=\"Ag\u00eancia iNFRA\" \/>\n<meta property=\"article:publisher\" content=\"https:\/\/www.facebook.com\/ageninfra\" \/>\n<meta property=\"article:published_time\" content=\"2024-10-03T13:00:00+00:00\" \/>\n<meta property=\"article:modified_time\" content=\"2024-10-03T13:42:05+00:00\" \/>\n<meta property=\"og:image\" content=\"https:\/\/agenciainfra.com\/blog\/wp-content\/uploads\/2024\/08\/alexandre-silveira-foto-agencia-brasil-fabio-rodrigues-pozzebom.jpg\" \/>\n\t<meta property=\"og:image:width\" content=\"1202\" \/>\n\t<meta property=\"og:image:height\" content=\"801\" \/>\n\t<meta property=\"og:image:type\" content=\"image\/jpeg\" \/>\n<meta name=\"author\" content=\"Ag\u00eancia iNFRA\" \/>\n<meta name=\"twitter:card\" content=\"summary_large_image\" \/>\n<meta name=\"twitter:creator\" content=\"@agencia_infra\" \/>\n<meta name=\"twitter:site\" content=\"@agencia_infra\" \/>\n<meta name=\"twitter:label1\" content=\"Escrito por\" \/>\n\t<meta name=\"twitter:data1\" content=\"Ag\u00eancia iNFRA\" \/>\n\t<meta name=\"twitter:label2\" content=\"Est. tempo de leitura\" \/>\n\t<meta name=\"twitter:data2\" content=\"2 minutos\" \/>\n<script type=\"application\/ld+json\" class=\"yoast-schema-graph\">{\"@context\":\"https:\/\/schema.org\",\"@graph\":[{\"@type\":\"Article\",\"@id\":\"https:\/\/agenciainfra.com\/blog\/ministro-diz-que-aneel-trabalha-contra-o-pais-e-que-boicota-governo\/#article\",\"isPartOf\":{\"@id\":\"https:\/\/agenciainfra.com\/blog\/ministro-diz-que-aneel-trabalha-contra-o-pais-e-que-boicota-governo\/\"},\"author\":{\"name\":\"Ag\u00eancia iNFRA\",\"@id\":\"https:\/\/agenciainfra.com\/blog\/#\/schema\/person\/34af08dff6adea4cb22b06612ba7acfa\"},\"headline\":\"Ministro diz que ANEEL trabalha contra o pa\u00eds e que boicota governo\",\"datePublished\":\"2024-10-03T13:00:00+00:00\",\"dateModified\":\"2024-10-03T13:42:05+00:00\",\"mainEntityOfPage\":{\"@id\":\"https:\/\/agenciainfra.com\/blog\/ministro-diz-que-aneel-trabalha-contra-o-pais-e-que-boicota-governo\/\"},\"wordCount\":503,\"publisher\":{\"@id\":\"https:\/\/agenciainfra.com\/blog\/#organization\"},\"image\":{\"@id\":\"https:\/\/agenciainfra.com\/blog\/ministro-diz-que-aneel-trabalha-contra-o-pais-e-que-boicota-governo\/#primaryimage\"},\"thumbnailUrl\":\"https:\/\/agenciainfra.com\/blog\/wp-content\/uploads\/2024\/08\/alexandre-silveira-foto-agencia-brasil-fabio-rodrigues-pozzebom.jpg\",\"keywords\":[\"Alexandre Silveira\",\"Amazonas Energia\",\"ANEEL\",\"bandeira tarif\u00e1ria\",\"Conta Bandeiras\",\"Marisa Wanzeler\",\"Minist\u00e9rio de Minas e Energia\",\"MME\",\"MP 1.232\/2024\"],\"articleSection\":[\"Destaque lista\",\"Geral\",\"iNFRAEnergia\"],\"inLanguage\":\"pt-BR\",\"copyrightYear\":\"2024\",\"copyrightHolder\":{\"@id\":\"https:\/\/agenciainfra.com\/blog\/#organization\"}},{\"@type\":\"WebPage\",\"@id\":\"https:\/\/agenciainfra.com\/blog\/ministro-diz-que-aneel-trabalha-contra-o-pais-e-que-boicota-governo\/\",\"url\":\"https:\/\/agenciainfra.com\/blog\/ministro-diz-que-aneel-trabalha-contra-o-pais-e-que-boicota-governo\/\",\"name\":\"Ministro diz que ANEEL trabalha contra o pa\u00eds e que boicota governo - Ag\u00eancia iNFRA\",\"isPartOf\":{\"@id\":\"https:\/\/agenciainfra.com\/blog\/#website\"},\"primaryImageOfPage\":{\"@id\":\"https:\/\/agenciainfra.com\/blog\/ministro-diz-que-aneel-trabalha-contra-o-pais-e-que-boicota-governo\/#primaryimage\"},\"image\":{\"@id\":\"https:\/\/agenciainfra.com\/blog\/ministro-diz-que-aneel-trabalha-contra-o-pais-e-que-boicota-governo\/#primaryimage\"},\"thumbnailUrl\":\"https:\/\/agenciainfra.com\/blog\/wp-content\/uploads\/2024\/08\/alexandre-silveira-foto-agencia-brasil-fabio-rodrigues-pozzebom.jpg\",\"datePublished\":\"2024-10-03T13:00:00+00:00\",\"dateModified\":\"2024-10-03T13:42:05+00:00\",\"breadcrumb\":{\"@id\":\"https:\/\/agenciainfra.com\/blog\/ministro-diz-que-aneel-trabalha-contra-o-pais-e-que-boicota-governo\/#breadcrumb\"},\"inLanguage\":\"pt-BR\",\"potentialAction\":[{\"@type\":\"ReadAction\",\"target\":[\"https:\/\/agenciainfra.com\/blog\/ministro-diz-que-aneel-trabalha-contra-o-pais-e-que-boicota-governo\/\"]}]},{\"@type\":\"ImageObject\",\"inLanguage\":\"pt-BR\",\"@id\":\"https:\/\/agenciainfra.com\/blog\/ministro-diz-que-aneel-trabalha-contra-o-pais-e-que-boicota-governo\/#primaryimage\",\"url\":\"https:\/\/agenciainfra.com\/blog\/wp-content\/uploads\/2024\/08\/alexandre-silveira-foto-agencia-brasil-fabio-rodrigues-pozzebom.jpg\",\"contentUrl\":\"https:\/\/agenciainfra.com\/blog\/wp-content\/uploads\/2024\/08\/alexandre-silveira-foto-agencia-brasil-fabio-rodrigues-pozzebom.jpg\",\"width\":1202,\"height\":801,\"caption\":\"Foto: Fabio Rodrigues\/Ag\u00eancia Brasil\"},{\"@type\":\"BreadcrumbList\",\"@id\":\"https:\/\/agenciainfra.com\/blog\/ministro-diz-que-aneel-trabalha-contra-o-pais-e-que-boicota-governo\/#breadcrumb\",\"itemListElement\":[{\"@type\":\"ListItem\",\"position\":1,\"name\":\"In\u00edcio\",\"item\":\"https:\/\/agenciainfra.com\/blog\/\"},{\"@type\":\"ListItem\",\"position\":2,\"name\":\"Ministro diz que ANEEL trabalha contra o pa\u00eds e que boicota governo\"}]},{\"@type\":\"WebSite\",\"@id\":\"https:\/\/agenciainfra.com\/blog\/#website\",\"url\":\"https:\/\/agenciainfra.com\/blog\/\",\"name\":\"Ag\u00eancia iNFRA\",\"description\":\"Multiplataforma de informa\u00e7\u00e3o jornal\u00edstica refer\u00eancia na \u00e1rea de infraestrutura no Brasil!\",\"publisher\":{\"@id\":\"https:\/\/agenciainfra.com\/blog\/#organization\"},\"potentialAction\":[{\"@type\":\"SearchAction\",\"target\":{\"@type\":\"EntryPoint\",\"urlTemplate\":\"https:\/\/agenciainfra.com\/blog\/?s={search_term_string}\"},\"query-input\":{\"@type\":\"PropertyValueSpecification\",\"valueRequired\":true,\"valueName\":\"search_term_string\"}}],\"inLanguage\":\"pt-BR\"},{\"@type\":\"Organization\",\"@id\":\"https:\/\/agenciainfra.com\/blog\/#organization\",\"name\":\"Ag\u00eancia iNFRA\",\"url\":\"https:\/\/agenciainfra.com\/blog\/\",\"logo\":{\"@type\":\"ImageObject\",\"inLanguage\":\"pt-BR\",\"@id\":\"https:\/\/agenciainfra.com\/blog\/#\/schema\/logo\/image\/\",\"url\":\"https:\/\/agenciainfra.com\/blog\/wp-content\/uploads\/2023\/09\/iNFRA_5-e1761735885940.png\",\"contentUrl\":\"https:\/\/agenciainfra.com\/blog\/wp-content\/uploads\/2023\/09\/iNFRA_5-e1761735885940.png\",\"width\":1672,\"height\":454,\"caption\":\"Ag\u00eancia iNFRA\"},\"image\":{\"@id\":\"https:\/\/agenciainfra.com\/blog\/#\/schema\/logo\/image\/\"},\"sameAs\":[\"https:\/\/www.facebook.com\/ageninfra\",\"https:\/\/x.com\/agencia_infra\",\"https:\/\/www.linkedin.com\/company\/ag\u00eanciainfra\/\",\"https:\/\/www.instagram.com\/agenciainfra\/\"]},{\"@type\":\"Person\",\"@id\":\"https:\/\/agenciainfra.com\/blog\/#\/schema\/person\/34af08dff6adea4cb22b06612ba7acfa\",\"name\":\"Ag\u00eancia iNFRA\",\"image\":{\"@type\":\"ImageObject\",\"inLanguage\":\"pt-BR\",\"@id\":\"https:\/\/agenciainfra.com\/blog\/#\/schema\/person\/image\/\",\"url\":\"https:\/\/secure.gravatar.com\/avatar\/d189e01678f06d8eb84d4e01f08eb848b3fffe3f8443818d3c356c66892f5be8?s=96&d=mm&r=g\",\"contentUrl\":\"https:\/\/secure.gravatar.com\/avatar\/d189e01678f06d8eb84d4e01f08eb848b3fffe3f8443818d3c356c66892f5be8?s=96&d=mm&r=g\",\"caption\":\"Ag\u00eancia iNFRA\"},\"url\":\"https:\/\/agenciainfra.com\/blog\/author\/admin\/\"}]}<\/script>\n<!-- \/ Yoast SEO Premium plugin. -->","yoast_head_json":{"title":"Ministro diz que ANEEL trabalha contra o pa\u00eds e que boicota governo - Ag\u00eancia iNFRA","robots":{"index":"index","follow":"follow","max-snippet":"max-snippet:-1","max-image-preview":"max-image-preview:large","max-video-preview":"max-video-preview:-1"},"canonical":"https:\/\/agenciainfra.com\/blog\/ministro-diz-que-aneel-trabalha-contra-o-pais-e-que-boicota-governo\/","og_locale":"pt_BR","og_type":"article","og_title":"Ministro diz que ANEEL trabalha contra o pa\u00eds e que boicota governo","og_description":"Marisa Wanzeller, da\u00a0Ag\u00eancia iNFRA O ministro de Minas e Energia, Alexandre Silveira, declarou nesta quarta-feira (2) que a ANEEL (Ag\u00eancia Nacional de Energia El\u00e9trica) &#8220;trabalha contra o pa\u00eds e contra o governo, e boicotando, inclusive, o governo&#8221;. Ele falou em resposta \u00e0 afirma\u00e7\u00e3o feita pelo diretor-geral da ag\u00eancia, Sandoval Feitosa, nesta ter\u00e7a-feira (1\u00ba), de que [&hellip;]","og_url":"https:\/\/agenciainfra.com\/blog\/ministro-diz-que-aneel-trabalha-contra-o-pais-e-que-boicota-governo\/","og_site_name":"Ag\u00eancia iNFRA","article_publisher":"https:\/\/www.facebook.com\/ageninfra","article_published_time":"2024-10-03T13:00:00+00:00","article_modified_time":"2024-10-03T13:42:05+00:00","og_image":[{"width":1202,"height":801,"url":"https:\/\/agenciainfra.com\/blog\/wp-content\/uploads\/2024\/08\/alexandre-silveira-foto-agencia-brasil-fabio-rodrigues-pozzebom.jpg","type":"image\/jpeg"}],"author":"Ag\u00eancia iNFRA","twitter_card":"summary_large_image","twitter_creator":"@agencia_infra","twitter_site":"@agencia_infra","twitter_misc":{"Escrito por":"Ag\u00eancia iNFRA","Est. tempo de leitura":"2 minutos"},"schema":{"@context":"https:\/\/schema.org","@graph":[{"@type":"Article","@id":"https:\/\/agenciainfra.com\/blog\/ministro-diz-que-aneel-trabalha-contra-o-pais-e-que-boicota-governo\/#article","isPartOf":{"@id":"https:\/\/agenciainfra.com\/blog\/ministro-diz-que-aneel-trabalha-contra-o-pais-e-que-boicota-governo\/"},"author":{"name":"Ag\u00eancia iNFRA","@id":"https:\/\/agenciainfra.com\/blog\/#\/schema\/person\/34af08dff6adea4cb22b06612ba7acfa"},"headline":"Ministro diz que ANEEL trabalha contra o pa\u00eds e que boicota governo","datePublished":"2024-10-03T13:00:00+00:00","dateModified":"2024-10-03T13:42:05+00:00","mainEntityOfPage":{"@id":"https:\/\/agenciainfra.com\/blog\/ministro-diz-que-aneel-trabalha-contra-o-pais-e-que-boicota-governo\/"},"wordCount":503,"publisher":{"@id":"https:\/\/agenciainfra.com\/blog\/#organization"},"image":{"@id":"https:\/\/agenciainfra.com\/blog\/ministro-diz-que-aneel-trabalha-contra-o-pais-e-que-boicota-governo\/#primaryimage"},"thumbnailUrl":"https:\/\/agenciainfra.com\/blog\/wp-content\/uploads\/2024\/08\/alexandre-silveira-foto-agencia-brasil-fabio-rodrigues-pozzebom.jpg","keywords":["Alexandre Silveira","Amazonas Energia","ANEEL","bandeira tarif\u00e1ria","Conta Bandeiras","Marisa Wanzeler","Minist\u00e9rio de Minas e Energia","MME","MP 1.232\/2024"],"articleSection":["Destaque lista","Geral","iNFRAEnergia"],"inLanguage":"pt-BR","copyrightYear":"2024","copyrightHolder":{"@id":"https:\/\/agenciainfra.com\/blog\/#organization"}},{"@type":"WebPage","@id":"https:\/\/agenciainfra.com\/blog\/ministro-diz-que-aneel-trabalha-contra-o-pais-e-que-boicota-governo\/","url":"https:\/\/agenciainfra.com\/blog\/ministro-diz-que-aneel-trabalha-contra-o-pais-e-que-boicota-governo\/","name":"Ministro diz que ANEEL trabalha contra o pa\u00eds e que boicota governo - Ag\u00eancia iNFRA","isPartOf":{"@id":"https:\/\/agenciainfra.com\/blog\/#website"},"primaryImageOfPage":{"@id":"https:\/\/agenciainfra.com\/blog\/ministro-diz-que-aneel-trabalha-contra-o-pais-e-que-boicota-governo\/#primaryimage"},"image":{"@id":"https:\/\/agenciainfra.com\/blog\/ministro-diz-que-aneel-trabalha-contra-o-pais-e-que-boicota-governo\/#primaryimage"},"thumbnailUrl":"https:\/\/agenciainfra.com\/blog\/wp-content\/uploads\/2024\/08\/alexandre-silveira-foto-agencia-brasil-fabio-rodrigues-pozzebom.jpg","datePublished":"2024-10-03T13:00:00+00:00","dateModified":"2024-10-03T13:42:05+00:00","breadcrumb":{"@id":"https:\/\/agenciainfra.com\/blog\/ministro-diz-que-aneel-trabalha-contra-o-pais-e-que-boicota-governo\/#breadcrumb"},"inLanguage":"pt-BR","potentialAction":[{"@type":"ReadAction","target":["https:\/\/agenciainfra.com\/blog\/ministro-diz-que-aneel-trabalha-contra-o-pais-e-que-boicota-governo\/"]}]},{"@type":"ImageObject","inLanguage":"pt-BR","@id":"https:\/\/agenciainfra.com\/blog\/ministro-diz-que-aneel-trabalha-contra-o-pais-e-que-boicota-governo\/#primaryimage","url":"https:\/\/agenciainfra.com\/blog\/wp-content\/uploads\/2024\/08\/alexandre-silveira-foto-agencia-brasil-fabio-rodrigues-pozzebom.jpg","contentUrl":"https:\/\/agenciainfra.com\/blog\/wp-content\/uploads\/2024\/08\/alexandre-silveira-foto-agencia-brasil-fabio-rodrigues-pozzebom.jpg","width":1202,"height":801,"caption":"Foto: Fabio Rodrigues\/Ag\u00eancia Brasil"},{"@type":"BreadcrumbList","@id":"https:\/\/agenciainfra.com\/blog\/ministro-diz-que-aneel-trabalha-contra-o-pais-e-que-boicota-governo\/#breadcrumb","itemListElement":[{"@type":"ListItem","position":1,"name":"In\u00edcio","item":"https:\/\/agenciainfra.com\/blog\/"},{"@type":"ListItem","position":2,"name":"Ministro diz que ANEEL trabalha contra o pa\u00eds e que boicota governo"}]},{"@type":"WebSite","@id":"https:\/\/agenciainfra.com\/blog\/#website","url":"https:\/\/agenciainfra.com\/blog\/","name":"Ag\u00eancia iNFRA","description":"Multiplataforma de informa\u00e7\u00e3o jornal\u00edstica refer\u00eancia na \u00e1rea de infraestrutura no Brasil!","publisher":{"@id":"https:\/\/agenciainfra.com\/blog\/#organization"},"potentialAction":[{"@type":"SearchAction","target":{"@type":"EntryPoint","urlTemplate":"https:\/\/agenciainfra.com\/blog\/?s={search_term_string}"},"query-input":{"@type":"PropertyValueSpecification","valueRequired":true,"valueName":"search_term_string"}}],"inLanguage":"pt-BR"},{"@type":"Organization","@id":"https:\/\/agenciainfra.com\/blog\/#organization","name":"Ag\u00eancia iNFRA","url":"https:\/\/agenciainfra.com\/blog\/","logo":{"@type":"ImageObject","inLanguage":"pt-BR","@id":"https:\/\/agenciainfra.com\/blog\/#\/schema\/logo\/image\/","url":"https:\/\/agenciainfra.com\/blog\/wp-content\/uploads\/2023\/09\/iNFRA_5-e1761735885940.png","contentUrl":"https:\/\/agenciainfra.com\/blog\/wp-content\/uploads\/2023\/09\/iNFRA_5-e1761735885940.png","width":1672,"height":454,"caption":"Ag\u00eancia iNFRA"},"image":{"@id":"https:\/\/agenciainfra.com\/blog\/#\/schema\/logo\/image\/"},"sameAs":["https:\/\/www.facebook.com\/ageninfra","https:\/\/x.com\/agencia_infra","https:\/\/www.linkedin.com\/company\/ag\u00eanciainfra\/","https:\/\/www.instagram.com\/agenciainfra\/"]},{"@type":"Person","@id":"https:\/\/agenciainfra.com\/blog\/#\/schema\/person\/34af08dff6adea4cb22b06612ba7acfa","name":"Ag\u00eancia iNFRA","image":{"@type":"ImageObject","inLanguage":"pt-BR","@id":"https:\/\/agenciainfra.com\/blog\/#\/schema\/person\/image\/","url":"https:\/\/secure.gravatar.com\/avatar\/d189e01678f06d8eb84d4e01f08eb848b3fffe3f8443818d3c356c66892f5be8?s=96&d=mm&r=g","contentUrl":"https:\/\/secure.gravatar.com\/avatar\/d189e01678f06d8eb84d4e01f08eb848b3fffe3f8443818d3c356c66892f5be8?s=96&d=mm&r=g","caption":"Ag\u00eancia iNFRA"},"url":"https:\/\/agenciainfra.com\/blog\/author\/admin\/"}]}},"_links":{"self":[{"href":"https:\/\/agenciainfra.com\/blog\/wp-json\/wp\/v2\/posts\/18737","targetHints":{"allow":["GET"]}}],"collection":[{"href":"https:\/\/agenciainfra.com\/blog\/wp-json\/wp\/v2\/posts"}],"about":[{"href":"https:\/\/agenciainfra.com\/blog\/wp-json\/wp\/v2\/types\/post"}],"author":[{"embeddable":true,"href":"https:\/\/agenciainfra.com\/blog\/wp-json\/wp\/v2\/users\/1"}],"replies":[{"embeddable":true,"href":"https:\/\/agenciainfra.com\/blog\/wp-json\/wp\/v2\/comments?post=18737"}],"version-history":[{"count":1,"href":"https:\/\/agenciainfra.com\/blog\/wp-json\/wp\/v2\/posts\/18737\/revisions"}],"predecessor-version":[{"id":18738,"href":"https:\/\/agenciainfra.com\/blog\/wp-json\/wp\/v2\/posts\/18737\/revisions\/18738"}],"wp:featuredmedia":[{"embeddable":true,"href":"https:\/\/agenciainfra.com\/blog\/wp-json\/wp\/v2\/media\/18252"}],"wp:attachment":[{"href":"https:\/\/agenciainfra.com\/blog\/wp-json\/wp\/v2\/media?parent=18737"}],"wp:term":[{"taxonomy":"category","embeddable":true,"href":"https:\/\/agenciainfra.com\/blog\/wp-json\/wp\/v2\/categories?post=18737"},{"taxonomy":"post_tag","embeddable":true,"href":"https:\/\/agenciainfra.com\/blog\/wp-json\/wp\/v2\/tags?post=18737"}],"curies":[{"name":"wp","href":"https:\/\/api.w.org\/{rel}","templated":true}]}}