{"id":18741,"date":"2024-10-04T10:00:00","date_gmt":"2024-10-04T13:00:00","guid":{"rendered":"https:\/\/agenciainfra.com\/blog\/?p=18741"},"modified":"2024-10-04T08:53:52","modified_gmt":"2024-10-04T11:53:52","slug":"juiza-determina-comando-a-aneel-sobre-a-amazonas-mas-ninguem-entende-qual-seria","status":"publish","type":"post","link":"https:\/\/agenciainfra.com\/blog\/juiza-determina-comando-a-aneel-sobre-a-amazonas-mas-ninguem-entende-qual-seria\/","title":{"rendered":"Ju\u00edza determina comando \u00e0 ANEEL sobre a Amazonas, mas ningu\u00e9m entende qual seria"},"content":{"rendered":"\n<p class=\"has-text-align-right\"><strong>da Ag\u00eancia iNFRA<\/strong><\/p>\n\n\n\n<p>A ju\u00edza Jaiza Fraxe, da 1\u00aa Vara C\u00edvel da SJAM (Se\u00e7\u00e3o Judici\u00e1ria do Amazonas),&nbsp;<a href=\"https:\/\/agenciainfra.us14.list-manage.com\/track\/click?u=d460dd1bcf9ba0ae040e1fc0f&amp;id=522a335464&amp;e=55b7a27fc9\" target=\"_blank\" rel=\"noreferrer noopener\">determinou a intima\u00e7\u00e3o<\/a>&nbsp;da ANEEL (Ag\u00eancia Nacional de Energia El\u00e9trica) sobre a transfer\u00eancia de controle da Amazonas Energia para a&nbsp;\u00c2mbar Energia, do grupo J&amp;F, dos irm\u00e3os Batista, nesta quinta-feira (3).<br><br>O comando, no entanto, n\u00e3o ficou claro nem para o setor nem para a pr\u00f3pria ANEEL, que respondeu oficialmente que vai aguardar a notifica\u00e7\u00e3o e orienta\u00e7\u00f5es da AGU (Advocacia Geral da Uni\u00e3o) quanto ao cumprimento da decis\u00e3o.<br><br>A ju\u00edza escreveu que a Amazonas reitera o pedido para que a ag\u00eancia aprove em 24 horas a transfer\u00eancia, mas n\u00e3o ficou claro se houve uma determina\u00e7\u00e3o para isso.<\/p>\n\n\n\n<p>Especialistas disseram que o estranhamento surge ao observar que a ju\u00edza faz um relat\u00f3rio do caso, determina o cumprimento de algo, mas sem especificar o que deve ser cumprido. Ela tamb\u00e9m n\u00e3o estabelece qualquer consequ\u00eancia em caso de descumprimento.&nbsp;<\/p>\n\n\n\n<p><strong>Flexibiliza\u00e7\u00f5es<\/strong><br>Uma das interpreta\u00e7\u00f5es poss\u00edveis, segundo fontes, seria para a ag\u00eancia aprovar a transfer\u00eancia de controle no prazo especificado. J\u00e1 o custo das flexibiliza\u00e7\u00f5es seria definido em outro momento.<\/p>\n\n\n\n<p>A ju\u00edza Jaiza Fraxe diz que os &#8220;preju\u00edzos, perdas e ganhos&#8221; sobre o montante devem ser debatidos em momento posterior. &#8220;N\u00e3o cabendo alega\u00e7\u00f5es de transfer\u00eancia aos consumidores, ficando desde j\u00e1 consignado que pretens\u00f5es desse jaez ser\u00e3o alvo do controle judicial, pois que ilegais e abusivas&#8221;, diz o documento.<\/p>\n\n\n\n<p><strong>Crime de desobedi\u00eancia<\/strong><br>A ju\u00edza Jaiza Fraxe foi quem determinou, na semana passada, que a&nbsp;<a href=\"https:\/\/agenciainfra.us14.list-manage.com\/track\/click?u=d460dd1bcf9ba0ae040e1fc0f&amp;id=e60b612302&amp;e=55b7a27fc9\" target=\"_blank\" rel=\"noreferrer noopener\">ANEEL transferisse<\/a>, em 48 horas, o controle da Amazonas para a&nbsp;\u00c2mbar nos termos pleiteados pela empresa, o que provocou a convoca\u00e7\u00e3o de reuni\u00e3o extraordin\u00e1ria do colegiado na sexta-feira (27). No fim, a vota\u00e7\u00e3o terminou em empate, e sem decis\u00e3o, o que poderia caracterizar descumprimento da decis\u00e3o judicial.<\/p>\n\n\n\n<p>No despacho desta quinta, a ju\u00edza reconhece que a ANEEL age legitimamente ao realizar reuni\u00f5es para discutir a aprova\u00e7\u00e3o do plano de transfer\u00eancia e afasta caracteriza\u00e7\u00e3o de m\u00e1-f\u00e9. Assim, destaca que n\u00e3o houve crime de desobedi\u00eancia por parte da reguladora, que segue o rito necess\u00e1rio para tomar a decis\u00e3o.<\/p>\n\n\n\n<p><strong>Cig\u00e1s<\/strong><br>Ademais, ela admite o ingresso da Cig\u00e1s na a\u00e7\u00e3o judicial, por ser uma das credoras da Amazonas Energia. Contudo, entende que n\u00e3o \u00e9 necess\u00e1ria a anu\u00eancia pr\u00e9via para a convers\u00e3o dos contratos de compra e venda de energia das termel\u00e9tricas em CERs (Contratos de Energia de Reserva).<\/p>\n\n\n\n<p><strong>Nova manifesta\u00e7\u00e3o<\/strong><br>Mais tarde, a Amazonas Energia protocolou&nbsp;<a href=\"https:\/\/agenciainfra.us14.list-manage.com\/track\/click?u=d460dd1bcf9ba0ae040e1fc0f&amp;id=90ffeb759e&amp;e=55b7a27fc9\" target=\"_blank\" rel=\"noreferrer noopener\">nova manifesta\u00e7\u00e3o<\/a>,&nbsp;na qual requer que a ANEEL seja intimada &#8220;com m\u00e1xima urg\u00eancia&#8221;, &#8220;constando expressamente&#8221; que a transfer\u00eancia de controle deve ocorrer&nbsp;nos termos do voto da diretora Agnes Costa<\/p>\n","protected":false},"excerpt":{"rendered":"<p>da Ag\u00eancia iNFRA A ju\u00edza Jaiza Fraxe, da 1\u00aa Vara C\u00edvel da SJAM (Se\u00e7\u00e3o Judici\u00e1ria do Amazonas),&nbsp;determinou a intima\u00e7\u00e3o&nbsp;da ANEEL (Ag\u00eancia Nacional de Energia El\u00e9trica) sobre a transfer\u00eancia de controle da Amazonas Energia para a&nbsp;\u00c2mbar Energia, do grupo J&amp;F, dos irm\u00e3os Batista, nesta quinta-feira (3). O comando, no entanto, n\u00e3o ficou claro nem para o [&hellip;]<\/p>\n","protected":false},"author":1,"featured_media":14147,"comment_status":"closed","ping_status":"closed","sticky":false,"template":"","format":"standard","meta":{"_monsterinsights_skip_tracking":false,"_monsterinsights_sitenote_active":false,"_monsterinsights_sitenote_note":"","_monsterinsights_sitenote_category":0,"footnotes":""},"categories":[7250,1,10],"tags":[6800,144,5481,53,22,7014,11501,5482,11500,10325,1984,7366,11502,5682,1026,7876,4766,11491],"class_list":["post-18741","post","type-post","status-publish","format-standard","has-post-thumbnail","hentry","category-destaque-lista","category-geral","category-infraenergia","tag-agnes-costa","tag-amazonas-energia","tag-ambar-energia","tag-aneel","tag-concessao","tag-fernando-mosna","tag-irmaos-batista","tag-jf","tag-jaiza-maria-pinto-fraxe","tag-joesley-batista","tag-leila-coimbra","tag-marisa-wanzeller","tag-mp-1-232","tag-ricardo-tili","tag-sandoval-feitosa","tag-transferencia-de-controle","tag-trf-1","tag-wesley-batista"],"yoast_head":"<!-- This site is optimized with the Yoast SEO Premium plugin v25.4 (Yoast SEO v26.0) - https:\/\/yoast.com\/wordpress\/plugins\/seo\/ -->\n<title>Ju\u00edza determina comando \u00e0 ANEEL sobre a Amazonas, mas ningu\u00e9m entende qual seria - Ag\u00eancia iNFRA<\/title>\n<meta name=\"robots\" content=\"index, follow, max-snippet:-1, max-image-preview:large, max-video-preview:-1\" \/>\n<link rel=\"canonical\" href=\"https:\/\/agenciainfra.com\/blog\/juiza-determina-comando-a-aneel-sobre-a-amazonas-mas-ninguem-entende-qual-seria\/\" \/>\n<meta property=\"og:locale\" content=\"pt_BR\" \/>\n<meta property=\"og:type\" content=\"article\" \/>\n<meta property=\"og:title\" content=\"Ju\u00edza determina comando \u00e0 ANEEL sobre a Amazonas, mas ningu\u00e9m entende qual seria\" \/>\n<meta property=\"og:description\" content=\"da Ag\u00eancia iNFRA A ju\u00edza Jaiza Fraxe, da 1\u00aa Vara C\u00edvel da SJAM (Se\u00e7\u00e3o Judici\u00e1ria do Amazonas),&nbsp;determinou a intima\u00e7\u00e3o&nbsp;da ANEEL (Ag\u00eancia Nacional de Energia El\u00e9trica) sobre a transfer\u00eancia de controle da Amazonas Energia para a&nbsp;\u00c2mbar Energia, do grupo J&amp;F, dos irm\u00e3os Batista, nesta quinta-feira (3). O comando, no entanto, n\u00e3o ficou claro nem para o [&hellip;]\" \/>\n<meta property=\"og:url\" content=\"https:\/\/agenciainfra.com\/blog\/juiza-determina-comando-a-aneel-sobre-a-amazonas-mas-ninguem-entende-qual-seria\/\" \/>\n<meta property=\"og:site_name\" content=\"Ag\u00eancia iNFRA\" \/>\n<meta property=\"article:publisher\" content=\"https:\/\/www.facebook.com\/ageninfra\" \/>\n<meta property=\"article:published_time\" content=\"2024-10-04T13:00:00+00:00\" \/>\n<meta property=\"og:image\" content=\"https:\/\/agenciainfra.com\/blog\/wp-content\/uploads\/2023\/09\/energia-transmissao-foto-governo-federal.png\" \/>\n\t<meta property=\"og:image:width\" content=\"1202\" \/>\n\t<meta property=\"og:image:height\" content=\"720\" \/>\n\t<meta property=\"og:image:type\" content=\"image\/png\" \/>\n<meta name=\"author\" content=\"Ag\u00eancia iNFRA\" \/>\n<meta name=\"twitter:card\" content=\"summary_large_image\" \/>\n<meta name=\"twitter:creator\" content=\"@agencia_infra\" \/>\n<meta name=\"twitter:site\" content=\"@agencia_infra\" \/>\n<meta name=\"twitter:label1\" content=\"Escrito por\" \/>\n\t<meta name=\"twitter:data1\" content=\"Ag\u00eancia iNFRA\" \/>\n\t<meta name=\"twitter:label2\" content=\"Est. tempo de leitura\" \/>\n\t<meta name=\"twitter:data2\" content=\"3 minutos\" \/>\n<script type=\"application\/ld+json\" class=\"yoast-schema-graph\">{\"@context\":\"https:\/\/schema.org\",\"@graph\":[{\"@type\":\"Article\",\"@id\":\"https:\/\/agenciainfra.com\/blog\/juiza-determina-comando-a-aneel-sobre-a-amazonas-mas-ninguem-entende-qual-seria\/#article\",\"isPartOf\":{\"@id\":\"https:\/\/agenciainfra.com\/blog\/juiza-determina-comando-a-aneel-sobre-a-amazonas-mas-ninguem-entende-qual-seria\/\"},\"author\":{\"name\":\"Ag\u00eancia iNFRA\",\"@id\":\"https:\/\/agenciainfra.com\/blog\/#\/schema\/person\/34af08dff6adea4cb22b06612ba7acfa\"},\"headline\":\"Ju\u00edza determina comando \u00e0 ANEEL sobre a Amazonas, mas ningu\u00e9m entende qual seria\",\"datePublished\":\"2024-10-04T13:00:00+00:00\",\"mainEntityOfPage\":{\"@id\":\"https:\/\/agenciainfra.com\/blog\/juiza-determina-comando-a-aneel-sobre-a-amazonas-mas-ninguem-entende-qual-seria\/\"},\"wordCount\":518,\"publisher\":{\"@id\":\"https:\/\/agenciainfra.com\/blog\/#organization\"},\"image\":{\"@id\":\"https:\/\/agenciainfra.com\/blog\/juiza-determina-comando-a-aneel-sobre-a-amazonas-mas-ninguem-entende-qual-seria\/#primaryimage\"},\"thumbnailUrl\":\"https:\/\/agenciainfra.com\/blog\/wp-content\/uploads\/2023\/09\/energia-transmissao-foto-governo-federal.png\",\"keywords\":[\"Agnes Costa\",\"Amazonas Energia\",\"\u00c2mbar Energia\",\"ANEEL\",\"Concess\u00e3o\",\"Fernando Mosna\",\"irm\u00e3os batista\",\"J&amp;F\",\"Jaiza Maria Pinto Fraxe\",\"Joesley Batista\",\"Leila Coimbra\",\"Marisa Wanzeller\",\"MP 1.232\",\"Ricardo Tili\",\"Sandoval Feitosa\",\"transfer\u00eancia de controle\",\"TRF-1\",\"Wesley Batista\"],\"articleSection\":[\"Destaque lista\",\"Geral\",\"iNFRAEnergia\"],\"inLanguage\":\"pt-BR\",\"copyrightYear\":\"2024\",\"copyrightHolder\":{\"@id\":\"https:\/\/agenciainfra.com\/blog\/#organization\"}},{\"@type\":\"WebPage\",\"@id\":\"https:\/\/agenciainfra.com\/blog\/juiza-determina-comando-a-aneel-sobre-a-amazonas-mas-ninguem-entende-qual-seria\/\",\"url\":\"https:\/\/agenciainfra.com\/blog\/juiza-determina-comando-a-aneel-sobre-a-amazonas-mas-ninguem-entende-qual-seria\/\",\"name\":\"Ju\u00edza determina comando \u00e0 ANEEL sobre a Amazonas, mas ningu\u00e9m entende qual seria - Ag\u00eancia iNFRA\",\"isPartOf\":{\"@id\":\"https:\/\/agenciainfra.com\/blog\/#website\"},\"primaryImageOfPage\":{\"@id\":\"https:\/\/agenciainfra.com\/blog\/juiza-determina-comando-a-aneel-sobre-a-amazonas-mas-ninguem-entende-qual-seria\/#primaryimage\"},\"image\":{\"@id\":\"https:\/\/agenciainfra.com\/blog\/juiza-determina-comando-a-aneel-sobre-a-amazonas-mas-ninguem-entende-qual-seria\/#primaryimage\"},\"thumbnailUrl\":\"https:\/\/agenciainfra.com\/blog\/wp-content\/uploads\/2023\/09\/energia-transmissao-foto-governo-federal.png\",\"datePublished\":\"2024-10-04T13:00:00+00:00\",\"breadcrumb\":{\"@id\":\"https:\/\/agenciainfra.com\/blog\/juiza-determina-comando-a-aneel-sobre-a-amazonas-mas-ninguem-entende-qual-seria\/#breadcrumb\"},\"inLanguage\":\"pt-BR\",\"potentialAction\":[{\"@type\":\"ReadAction\",\"target\":[\"https:\/\/agenciainfra.com\/blog\/juiza-determina-comando-a-aneel-sobre-a-amazonas-mas-ninguem-entende-qual-seria\/\"]}]},{\"@type\":\"ImageObject\",\"inLanguage\":\"pt-BR\",\"@id\":\"https:\/\/agenciainfra.com\/blog\/juiza-determina-comando-a-aneel-sobre-a-amazonas-mas-ninguem-entende-qual-seria\/#primaryimage\",\"url\":\"https:\/\/agenciainfra.com\/blog\/wp-content\/uploads\/2023\/09\/energia-transmissao-foto-governo-federal.png\",\"contentUrl\":\"https:\/\/agenciainfra.com\/blog\/wp-content\/uploads\/2023\/09\/energia-transmissao-foto-governo-federal.png\",\"width\":1202,\"height\":720,\"caption\":\"Foto: Governo Federal\"},{\"@type\":\"BreadcrumbList\",\"@id\":\"https:\/\/agenciainfra.com\/blog\/juiza-determina-comando-a-aneel-sobre-a-amazonas-mas-ninguem-entende-qual-seria\/#breadcrumb\",\"itemListElement\":[{\"@type\":\"ListItem\",\"position\":1,\"name\":\"In\u00edcio\",\"item\":\"https:\/\/agenciainfra.com\/blog\/\"},{\"@type\":\"ListItem\",\"position\":2,\"name\":\"Ju\u00edza determina comando \u00e0 ANEEL sobre a Amazonas, mas ningu\u00e9m entende qual seria\"}]},{\"@type\":\"WebSite\",\"@id\":\"https:\/\/agenciainfra.com\/blog\/#website\",\"url\":\"https:\/\/agenciainfra.com\/blog\/\",\"name\":\"Ag\u00eancia iNFRA\",\"description\":\"Multiplataforma de informa\u00e7\u00e3o jornal\u00edstica refer\u00eancia na \u00e1rea de infraestrutura no Brasil!\",\"publisher\":{\"@id\":\"https:\/\/agenciainfra.com\/blog\/#organization\"},\"potentialAction\":[{\"@type\":\"SearchAction\",\"target\":{\"@type\":\"EntryPoint\",\"urlTemplate\":\"https:\/\/agenciainfra.com\/blog\/?s={search_term_string}\"},\"query-input\":{\"@type\":\"PropertyValueSpecification\",\"valueRequired\":true,\"valueName\":\"search_term_string\"}}],\"inLanguage\":\"pt-BR\"},{\"@type\":\"Organization\",\"@id\":\"https:\/\/agenciainfra.com\/blog\/#organization\",\"name\":\"Ag\u00eancia iNFRA\",\"url\":\"https:\/\/agenciainfra.com\/blog\/\",\"logo\":{\"@type\":\"ImageObject\",\"inLanguage\":\"pt-BR\",\"@id\":\"https:\/\/agenciainfra.com\/blog\/#\/schema\/logo\/image\/\",\"url\":\"https:\/\/agenciainfra.com\/blog\/wp-content\/uploads\/2023\/09\/iNFRA_5-e1761735885940.png\",\"contentUrl\":\"https:\/\/agenciainfra.com\/blog\/wp-content\/uploads\/2023\/09\/iNFRA_5-e1761735885940.png\",\"width\":1672,\"height\":454,\"caption\":\"Ag\u00eancia iNFRA\"},\"image\":{\"@id\":\"https:\/\/agenciainfra.com\/blog\/#\/schema\/logo\/image\/\"},\"sameAs\":[\"https:\/\/www.facebook.com\/ageninfra\",\"https:\/\/x.com\/agencia_infra\",\"https:\/\/www.linkedin.com\/company\/ag\u00eanciainfra\/\",\"https:\/\/www.instagram.com\/agenciainfra\/\"]},{\"@type\":\"Person\",\"@id\":\"https:\/\/agenciainfra.com\/blog\/#\/schema\/person\/34af08dff6adea4cb22b06612ba7acfa\",\"name\":\"Ag\u00eancia iNFRA\",\"image\":{\"@type\":\"ImageObject\",\"inLanguage\":\"pt-BR\",\"@id\":\"https:\/\/agenciainfra.com\/blog\/#\/schema\/person\/image\/\",\"url\":\"https:\/\/secure.gravatar.com\/avatar\/d189e01678f06d8eb84d4e01f08eb848b3fffe3f8443818d3c356c66892f5be8?s=96&d=mm&r=g\",\"contentUrl\":\"https:\/\/secure.gravatar.com\/avatar\/d189e01678f06d8eb84d4e01f08eb848b3fffe3f8443818d3c356c66892f5be8?s=96&d=mm&r=g\",\"caption\":\"Ag\u00eancia iNFRA\"},\"url\":\"https:\/\/agenciainfra.com\/blog\/author\/admin\/\"}]}<\/script>\n<!-- \/ Yoast SEO Premium plugin. -->","yoast_head_json":{"title":"Ju\u00edza determina comando \u00e0 ANEEL sobre a Amazonas, mas ningu\u00e9m entende qual seria - Ag\u00eancia iNFRA","robots":{"index":"index","follow":"follow","max-snippet":"max-snippet:-1","max-image-preview":"max-image-preview:large","max-video-preview":"max-video-preview:-1"},"canonical":"https:\/\/agenciainfra.com\/blog\/juiza-determina-comando-a-aneel-sobre-a-amazonas-mas-ninguem-entende-qual-seria\/","og_locale":"pt_BR","og_type":"article","og_title":"Ju\u00edza determina comando \u00e0 ANEEL sobre a Amazonas, mas ningu\u00e9m entende qual seria","og_description":"da Ag\u00eancia iNFRA A ju\u00edza Jaiza Fraxe, da 1\u00aa Vara C\u00edvel da SJAM (Se\u00e7\u00e3o Judici\u00e1ria do Amazonas),&nbsp;determinou a intima\u00e7\u00e3o&nbsp;da ANEEL (Ag\u00eancia Nacional de Energia El\u00e9trica) sobre a transfer\u00eancia de controle da Amazonas Energia para a&nbsp;\u00c2mbar Energia, do grupo J&amp;F, dos irm\u00e3os Batista, nesta quinta-feira (3). O comando, no entanto, n\u00e3o ficou claro nem para o [&hellip;]","og_url":"https:\/\/agenciainfra.com\/blog\/juiza-determina-comando-a-aneel-sobre-a-amazonas-mas-ninguem-entende-qual-seria\/","og_site_name":"Ag\u00eancia iNFRA","article_publisher":"https:\/\/www.facebook.com\/ageninfra","article_published_time":"2024-10-04T13:00:00+00:00","og_image":[{"width":1202,"height":720,"url":"https:\/\/agenciainfra.com\/blog\/wp-content\/uploads\/2023\/09\/energia-transmissao-foto-governo-federal.png","type":"image\/png"}],"author":"Ag\u00eancia iNFRA","twitter_card":"summary_large_image","twitter_creator":"@agencia_infra","twitter_site":"@agencia_infra","twitter_misc":{"Escrito por":"Ag\u00eancia iNFRA","Est. tempo de leitura":"3 minutos"},"schema":{"@context":"https:\/\/schema.org","@graph":[{"@type":"Article","@id":"https:\/\/agenciainfra.com\/blog\/juiza-determina-comando-a-aneel-sobre-a-amazonas-mas-ninguem-entende-qual-seria\/#article","isPartOf":{"@id":"https:\/\/agenciainfra.com\/blog\/juiza-determina-comando-a-aneel-sobre-a-amazonas-mas-ninguem-entende-qual-seria\/"},"author":{"name":"Ag\u00eancia iNFRA","@id":"https:\/\/agenciainfra.com\/blog\/#\/schema\/person\/34af08dff6adea4cb22b06612ba7acfa"},"headline":"Ju\u00edza determina comando \u00e0 ANEEL sobre a Amazonas, mas ningu\u00e9m entende qual seria","datePublished":"2024-10-04T13:00:00+00:00","mainEntityOfPage":{"@id":"https:\/\/agenciainfra.com\/blog\/juiza-determina-comando-a-aneel-sobre-a-amazonas-mas-ninguem-entende-qual-seria\/"},"wordCount":518,"publisher":{"@id":"https:\/\/agenciainfra.com\/blog\/#organization"},"image":{"@id":"https:\/\/agenciainfra.com\/blog\/juiza-determina-comando-a-aneel-sobre-a-amazonas-mas-ninguem-entende-qual-seria\/#primaryimage"},"thumbnailUrl":"https:\/\/agenciainfra.com\/blog\/wp-content\/uploads\/2023\/09\/energia-transmissao-foto-governo-federal.png","keywords":["Agnes Costa","Amazonas Energia","\u00c2mbar Energia","ANEEL","Concess\u00e3o","Fernando Mosna","irm\u00e3os batista","J&amp;F","Jaiza Maria Pinto Fraxe","Joesley Batista","Leila Coimbra","Marisa Wanzeller","MP 1.232","Ricardo Tili","Sandoval Feitosa","transfer\u00eancia de controle","TRF-1","Wesley Batista"],"articleSection":["Destaque lista","Geral","iNFRAEnergia"],"inLanguage":"pt-BR","copyrightYear":"2024","copyrightHolder":{"@id":"https:\/\/agenciainfra.com\/blog\/#organization"}},{"@type":"WebPage","@id":"https:\/\/agenciainfra.com\/blog\/juiza-determina-comando-a-aneel-sobre-a-amazonas-mas-ninguem-entende-qual-seria\/","url":"https:\/\/agenciainfra.com\/blog\/juiza-determina-comando-a-aneel-sobre-a-amazonas-mas-ninguem-entende-qual-seria\/","name":"Ju\u00edza determina comando \u00e0 ANEEL sobre a Amazonas, mas ningu\u00e9m entende qual seria - Ag\u00eancia iNFRA","isPartOf":{"@id":"https:\/\/agenciainfra.com\/blog\/#website"},"primaryImageOfPage":{"@id":"https:\/\/agenciainfra.com\/blog\/juiza-determina-comando-a-aneel-sobre-a-amazonas-mas-ninguem-entende-qual-seria\/#primaryimage"},"image":{"@id":"https:\/\/agenciainfra.com\/blog\/juiza-determina-comando-a-aneel-sobre-a-amazonas-mas-ninguem-entende-qual-seria\/#primaryimage"},"thumbnailUrl":"https:\/\/agenciainfra.com\/blog\/wp-content\/uploads\/2023\/09\/energia-transmissao-foto-governo-federal.png","datePublished":"2024-10-04T13:00:00+00:00","breadcrumb":{"@id":"https:\/\/agenciainfra.com\/blog\/juiza-determina-comando-a-aneel-sobre-a-amazonas-mas-ninguem-entende-qual-seria\/#breadcrumb"},"inLanguage":"pt-BR","potentialAction":[{"@type":"ReadAction","target":["https:\/\/agenciainfra.com\/blog\/juiza-determina-comando-a-aneel-sobre-a-amazonas-mas-ninguem-entende-qual-seria\/"]}]},{"@type":"ImageObject","inLanguage":"pt-BR","@id":"https:\/\/agenciainfra.com\/blog\/juiza-determina-comando-a-aneel-sobre-a-amazonas-mas-ninguem-entende-qual-seria\/#primaryimage","url":"https:\/\/agenciainfra.com\/blog\/wp-content\/uploads\/2023\/09\/energia-transmissao-foto-governo-federal.png","contentUrl":"https:\/\/agenciainfra.com\/blog\/wp-content\/uploads\/2023\/09\/energia-transmissao-foto-governo-federal.png","width":1202,"height":720,"caption":"Foto: Governo Federal"},{"@type":"BreadcrumbList","@id":"https:\/\/agenciainfra.com\/blog\/juiza-determina-comando-a-aneel-sobre-a-amazonas-mas-ninguem-entende-qual-seria\/#breadcrumb","itemListElement":[{"@type":"ListItem","position":1,"name":"In\u00edcio","item":"https:\/\/agenciainfra.com\/blog\/"},{"@type":"ListItem","position":2,"name":"Ju\u00edza determina comando \u00e0 ANEEL sobre a Amazonas, mas ningu\u00e9m entende qual seria"}]},{"@type":"WebSite","@id":"https:\/\/agenciainfra.com\/blog\/#website","url":"https:\/\/agenciainfra.com\/blog\/","name":"Ag\u00eancia iNFRA","description":"Multiplataforma de informa\u00e7\u00e3o jornal\u00edstica refer\u00eancia na \u00e1rea de infraestrutura no Brasil!","publisher":{"@id":"https:\/\/agenciainfra.com\/blog\/#organization"},"potentialAction":[{"@type":"SearchAction","target":{"@type":"EntryPoint","urlTemplate":"https:\/\/agenciainfra.com\/blog\/?s={search_term_string}"},"query-input":{"@type":"PropertyValueSpecification","valueRequired":true,"valueName":"search_term_string"}}],"inLanguage":"pt-BR"},{"@type":"Organization","@id":"https:\/\/agenciainfra.com\/blog\/#organization","name":"Ag\u00eancia iNFRA","url":"https:\/\/agenciainfra.com\/blog\/","logo":{"@type":"ImageObject","inLanguage":"pt-BR","@id":"https:\/\/agenciainfra.com\/blog\/#\/schema\/logo\/image\/","url":"https:\/\/agenciainfra.com\/blog\/wp-content\/uploads\/2023\/09\/iNFRA_5-e1761735885940.png","contentUrl":"https:\/\/agenciainfra.com\/blog\/wp-content\/uploads\/2023\/09\/iNFRA_5-e1761735885940.png","width":1672,"height":454,"caption":"Ag\u00eancia iNFRA"},"image":{"@id":"https:\/\/agenciainfra.com\/blog\/#\/schema\/logo\/image\/"},"sameAs":["https:\/\/www.facebook.com\/ageninfra","https:\/\/x.com\/agencia_infra","https:\/\/www.linkedin.com\/company\/ag\u00eanciainfra\/","https:\/\/www.instagram.com\/agenciainfra\/"]},{"@type":"Person","@id":"https:\/\/agenciainfra.com\/blog\/#\/schema\/person\/34af08dff6adea4cb22b06612ba7acfa","name":"Ag\u00eancia iNFRA","image":{"@type":"ImageObject","inLanguage":"pt-BR","@id":"https:\/\/agenciainfra.com\/blog\/#\/schema\/person\/image\/","url":"https:\/\/secure.gravatar.com\/avatar\/d189e01678f06d8eb84d4e01f08eb848b3fffe3f8443818d3c356c66892f5be8?s=96&d=mm&r=g","contentUrl":"https:\/\/secure.gravatar.com\/avatar\/d189e01678f06d8eb84d4e01f08eb848b3fffe3f8443818d3c356c66892f5be8?s=96&d=mm&r=g","caption":"Ag\u00eancia iNFRA"},"url":"https:\/\/agenciainfra.com\/blog\/author\/admin\/"}]}},"_links":{"self":[{"href":"https:\/\/agenciainfra.com\/blog\/wp-json\/wp\/v2\/posts\/18741","targetHints":{"allow":["GET"]}}],"collection":[{"href":"https:\/\/agenciainfra.com\/blog\/wp-json\/wp\/v2\/posts"}],"about":[{"href":"https:\/\/agenciainfra.com\/blog\/wp-json\/wp\/v2\/types\/post"}],"author":[{"embeddable":true,"href":"https:\/\/agenciainfra.com\/blog\/wp-json\/wp\/v2\/users\/1"}],"replies":[{"embeddable":true,"href":"https:\/\/agenciainfra.com\/blog\/wp-json\/wp\/v2\/comments?post=18741"}],"version-history":[{"count":1,"href":"https:\/\/agenciainfra.com\/blog\/wp-json\/wp\/v2\/posts\/18741\/revisions"}],"predecessor-version":[{"id":18742,"href":"https:\/\/agenciainfra.com\/blog\/wp-json\/wp\/v2\/posts\/18741\/revisions\/18742"}],"wp:featuredmedia":[{"embeddable":true,"href":"https:\/\/agenciainfra.com\/blog\/wp-json\/wp\/v2\/media\/14147"}],"wp:attachment":[{"href":"https:\/\/agenciainfra.com\/blog\/wp-json\/wp\/v2\/media?parent=18741"}],"wp:term":[{"taxonomy":"category","embeddable":true,"href":"https:\/\/agenciainfra.com\/blog\/wp-json\/wp\/v2\/categories?post=18741"},{"taxonomy":"post_tag","embeddable":true,"href":"https:\/\/agenciainfra.com\/blog\/wp-json\/wp\/v2\/tags?post=18741"}],"curies":[{"name":"wp","href":"https:\/\/api.w.org\/{rel}","templated":true}]}}