{"id":18745,"date":"2024-10-07T10:00:00","date_gmt":"2024-10-07T13:00:00","guid":{"rendered":"https:\/\/agenciainfra.com\/blog\/?p=18745"},"modified":"2024-10-07T13:09:27","modified_gmt":"2024-10-07T16:09:27","slug":"aneel-propoe-repasse-de-r-97-bi-as-tarifas-para-assumir-a-amazonas-mas-ambar-diz-que-e-insuficiente","status":"publish","type":"post","link":"https:\/\/agenciainfra.com\/blog\/aneel-propoe-repasse-de-r-97-bi-as-tarifas-para-assumir-a-amazonas-mas-ambar-diz-que-e-insuficiente\/","title":{"rendered":"ANEEL prop\u00f5e repasse de R$ 9,7 bi \u00e0s tarifas para assumir a Amazonas, mas \u00c2mbar diz que \u00e9 insuficiente"},"content":{"rendered":"\n<p class=\"has-text-align-right\"><strong>Marisa Wanzeller e Leila Coimbra, da\u00a0Ag\u00eancia iNFRA<\/strong><\/p>\n\n\n\n<p>As \u00e1reas t\u00e9cnicas da ANEEL (Ag\u00eancia Nacional de Energia El\u00e9trica) analisaram o recurso apresentado pela \u00c2mbar para assumir a distribuidora Amazonas Energia e conclu\u00edram que a empresa pode ter flexibiliza\u00e7\u00f5es de R$ 9,7 bilh\u00f5es (direito de repasse \u00e0s tarifas). O c\u00e1lculo consta na\u00a0<a href=\"https:\/\/agenciainfra.us14.list-manage.com\/track\/click?u=d460dd1bcf9ba0ae040e1fc0f&amp;id=d86e84f2af&amp;e=55b7a27fc9\" target=\"_blank\" rel=\"noreferrer noopener\">NT (Nota T\u00e9cnica) 199<\/a>, publicada na \u00faltima sexta-feira (4).<br>\u00a0<br>O valor \u00e9 maior que os R$ 8 bilh\u00f5es que os t\u00e9cnicos haviam calculado anteriormente (<a href=\"https:\/\/agenciainfra.us14.list-manage.com\/track\/click?u=d460dd1bcf9ba0ae040e1fc0f&amp;id=aa24e564f0&amp;e=55b7a27fc9\" target=\"_blank\" rel=\"noreferrer noopener\">na NT 188<\/a>), mas menor do que a \u00c2mbar pleiteava, de R$ 14 bilh\u00f5es, o que acabou desagradando a empresa.<br>\u00a0<br>Em nota, a pretensa compradora diz que os n\u00fameros \u201cn\u00e3o s\u00e3o suficientes para tornar economicamente sustent\u00e1vel uma empresa que perdeu R$ 40 bilh\u00f5es em 25 anos, apesar de ter contado com diversas flexibiliza\u00e7\u00f5es regulat\u00f3rias e ter sido gerida por dois grupos econ\u00f4micos\u201d.<br>\u00a0<br><strong>R$ 20 bi caso n\u00e3o ocorra a transfer\u00eancia<\/strong><br>Afirmou ainda que \u201ca diferen\u00e7a de R$ 4,3 bilh\u00f5es entre os planos da \u00c2mbar e da \u00e1rea t\u00e9cnica representa um valor muito inferior aos gastos de at\u00e9 R$ 20 bilh\u00f5es que recair\u00e3o sobre os contribuintes caso a transfer\u00eancia de controle n\u00e3o ocorra\u201d.<br>\u00a0<br>\u201cDiante disso, a \u00c2mbar confia que a diretoria da ANEEL aprovar\u00e1 o plano de transfer\u00eancia nos termos apresentados pela empresa, garantindo uma solu\u00e7\u00e3o definitiva e mais vantajosa para a popula\u00e7\u00e3o do Amazonas, os consumidores de energia de todo o pa\u00eds e a Uni\u00e3o\u201d, afirma o texto publicado no s\u00e1bado (5).<br>\u00a0<br>A \u00e1rea t\u00e9cnica tamb\u00e9m definiu que a empresa fa\u00e7a um aporte m\u00ednimo de R$ 8,5 bilh\u00f5es para abater o endividamento da empresa, de mais de R$ 10 bilh\u00f5es, at\u00e9 31 de dezembro de 2024. A \u00c2mbar sugeriu aporte de R$ 6,5 bilh\u00f5es.<br>\u00a0<br><strong>Reuni\u00e3o Extraordin\u00e1ria<\/strong><br>A ANEEL (Ag\u00eancia Nacional de Energia El\u00e9trica) agendou para esta ter\u00e7a-feira (8), \u00e0s 10h, uma\u00a0<a href=\"https:\/\/agenciainfra.us14.list-manage.com\/track\/click?u=d460dd1bcf9ba0ae040e1fc0f&amp;id=8af709ad8a&amp;e=55b7a27fc9\" target=\"_blank\" rel=\"noreferrer noopener\">RPE (Reuni\u00e3o P\u00fablica Extraordin\u00e1ria)<\/a>\u00a0para analisar o recurso interposto pela Amazonas Energia e pela \u00c2mbar sobre a transfer\u00eancia de controle da distribuidora.<br>\u00a0<br>O processo est\u00e1 sob relatoria do diretor Fernando Mosna. A extraordin\u00e1ria ocorre logo ap\u00f3s a\u00a0<a href=\"https:\/\/agenciainfra.us14.list-manage.com\/track\/click?u=d460dd1bcf9ba0ae040e1fc0f&amp;id=7f7818bfbf&amp;e=55b7a27fc9\" target=\"_blank\" rel=\"noreferrer noopener\">RPO (Reuni\u00e3o P\u00fablica Ordin\u00e1ria)<\/a>, que tem in\u00edcio \u00e0s 9h e ter\u00e1 todos os itens apreciados em bloco.<br>\u00a0<br><strong>Inconformismo da ANEEL<\/strong><br>Na \u00faltima sexta-feira (4) a ju\u00edza Jaiza Fraxe negou embargo apresentado pela reguladora no qual pede esclarecimentos sobre a decis\u00e3o exarada na quinta-feira (3).<br>\u00a0<br>O\u00a0<a href=\"https:\/\/agenciainfra.us14.list-manage.com\/track\/click?u=d460dd1bcf9ba0ae040e1fc0f&amp;id=1a4c7dcd54&amp;e=55b7a27fc9\" target=\"_blank\" rel=\"noreferrer noopener\">documento<\/a>\u00a0diz que a ANEEL apontou &#8220;omiss\u00f5es e obscuridades&#8221; na decis\u00e3o, solicitando os seguintes esclarecimentos: 1) sobre qual plano de transfer\u00eancia deve ser considerado, se o plano aprovado pela ANEEL ou o plano apresentado pela Amazonas Energia; e 2) sobre a impossibilidade de acolhimento do pedido de ren\u00fancia de direitos, alegando que o ju\u00edzo n\u00e3o foi claro ao explicar se a ren\u00fancia seria invi\u00e1vel no momento administrativo\/judicial ou se h\u00e1 impedimentos legais.<br>\u00a0<br>No entendimento da ju\u00edza da SJAM (Se\u00e7\u00e3o Judici\u00e1ria do Amazonas), os embargos &#8220;se revestem, em verdade, em tentativa de se alterar o entendimento do Ju\u00edzo em rela\u00e7\u00e3o ao caso concreto&#8221;. &#8220;Resta claro que a irresigna\u00e7\u00e3o revela t\u00e3o somente o inconformismo da parte referente \u00e0 obriga\u00e7\u00e3o de fazer&#8221;, afirma.<br>\u00a0<br>A ju\u00edza tamb\u00e9m destaca que, apesar do recurso da ANEEL contra a decis\u00e3o de 23 de setembro, na qual determinou a aprova\u00e7\u00e3o da transfer\u00eancia de controle nos termos da proponente, n\u00e3o houve qualquer suspens\u00e3o.<\/p>\n","protected":false},"excerpt":{"rendered":"<p>Marisa Wanzeller e Leila Coimbra, da\u00a0Ag\u00eancia iNFRA As \u00e1reas t\u00e9cnicas da ANEEL (Ag\u00eancia Nacional de Energia El\u00e9trica) analisaram o recurso apresentado pela \u00c2mbar para assumir a distribuidora Amazonas Energia e conclu\u00edram que a empresa pode ter flexibiliza\u00e7\u00f5es de R$ 9,7 bilh\u00f5es (direito de repasse \u00e0s tarifas). O c\u00e1lculo consta na\u00a0NT (Nota T\u00e9cnica) 199, publicada na [&hellip;]<\/p>\n","protected":false},"author":1,"featured_media":5976,"comment_status":"closed","ping_status":"closed","sticky":false,"template":"","format":"standard","meta":{"_monsterinsights_skip_tracking":false,"_monsterinsights_sitenote_active":false,"_monsterinsights_sitenote_note":"","_monsterinsights_sitenote_category":0,"footnotes":""},"categories":[7250,1,10],"tags":[6800,6040,144,5481,53,22,7014,11501,5482,11500,10325,1984,7366,71,11502,5682,1026,7876,4766,11491],"class_list":["post-18745","post","type-post","status-publish","format-standard","has-post-thumbnail","hentry","category-destaque-lista","category-geral","category-infraenergia","tag-agnes-costa","tag-alexandre-silveira","tag-amazonas-energia","tag-ambar-energia","tag-aneel","tag-concessao","tag-fernando-mosna","tag-irmaos-batista","tag-jf","tag-jaiza-maria-pinto-fraxe","tag-joesley-batista","tag-leila-coimbra","tag-marisa-wanzeller","tag-mme","tag-mp-1-232","tag-ricardo-tili","tag-sandoval-feitosa","tag-transferencia-de-controle","tag-trf-1","tag-wesley-batista"],"yoast_head":"<!-- This site is optimized with the Yoast SEO Premium plugin v25.4 (Yoast SEO v26.0) - https:\/\/yoast.com\/wordpress\/plugins\/seo\/ -->\n<title>ANEEL prop\u00f5e repasse de R$ 9,7 bi \u00e0s tarifas para assumir a Amazonas, mas \u00c2mbar diz que \u00e9 insuficiente - Ag\u00eancia iNFRA<\/title>\n<meta name=\"robots\" content=\"index, follow, max-snippet:-1, max-image-preview:large, max-video-preview:-1\" \/>\n<link rel=\"canonical\" href=\"https:\/\/agenciainfra.com\/blog\/aneel-propoe-repasse-de-r-97-bi-as-tarifas-para-assumir-a-amazonas-mas-ambar-diz-que-e-insuficiente\/\" \/>\n<meta property=\"og:locale\" content=\"pt_BR\" \/>\n<meta property=\"og:type\" content=\"article\" \/>\n<meta property=\"og:title\" content=\"ANEEL prop\u00f5e repasse de R$ 9,7 bi \u00e0s tarifas para assumir a Amazonas, mas \u00c2mbar diz que \u00e9 insuficiente\" \/>\n<meta property=\"og:description\" content=\"Marisa Wanzeller e Leila Coimbra, da\u00a0Ag\u00eancia iNFRA As \u00e1reas t\u00e9cnicas da ANEEL (Ag\u00eancia Nacional de Energia El\u00e9trica) analisaram o recurso apresentado pela \u00c2mbar para assumir a distribuidora Amazonas Energia e conclu\u00edram que a empresa pode ter flexibiliza\u00e7\u00f5es de R$ 9,7 bilh\u00f5es (direito de repasse \u00e0s tarifas). O c\u00e1lculo consta na\u00a0NT (Nota T\u00e9cnica) 199, publicada na [&hellip;]\" \/>\n<meta property=\"og:url\" content=\"https:\/\/agenciainfra.com\/blog\/aneel-propoe-repasse-de-r-97-bi-as-tarifas-para-assumir-a-amazonas-mas-ambar-diz-que-e-insuficiente\/\" \/>\n<meta property=\"og:site_name\" content=\"Ag\u00eancia iNFRA\" \/>\n<meta property=\"article:publisher\" content=\"https:\/\/www.facebook.com\/ageninfra\" \/>\n<meta property=\"article:published_time\" content=\"2024-10-07T13:00:00+00:00\" \/>\n<meta property=\"article:modified_time\" content=\"2024-10-07T16:09:27+00:00\" \/>\n<meta property=\"og:image\" content=\"https:\/\/agenciainfra.com\/blog\/wp-content\/uploads\/2020\/09\/linha-energia-eletrica.jpg\" \/>\n\t<meta property=\"og:image:width\" content=\"1280\" \/>\n\t<meta property=\"og:image:height\" content=\"853\" \/>\n\t<meta property=\"og:image:type\" content=\"image\/jpeg\" \/>\n<meta name=\"author\" content=\"Ag\u00eancia iNFRA\" \/>\n<meta name=\"twitter:card\" content=\"summary_large_image\" \/>\n<meta name=\"twitter:creator\" content=\"@agencia_infra\" \/>\n<meta name=\"twitter:site\" content=\"@agencia_infra\" \/>\n<meta name=\"twitter:label1\" content=\"Escrito por\" \/>\n\t<meta name=\"twitter:data1\" content=\"Ag\u00eancia iNFRA\" \/>\n\t<meta name=\"twitter:label2\" content=\"Est. tempo de leitura\" \/>\n\t<meta name=\"twitter:data2\" content=\"3 minutos\" \/>\n<script type=\"application\/ld+json\" class=\"yoast-schema-graph\">{\"@context\":\"https:\/\/schema.org\",\"@graph\":[{\"@type\":\"Article\",\"@id\":\"https:\/\/agenciainfra.com\/blog\/aneel-propoe-repasse-de-r-97-bi-as-tarifas-para-assumir-a-amazonas-mas-ambar-diz-que-e-insuficiente\/#article\",\"isPartOf\":{\"@id\":\"https:\/\/agenciainfra.com\/blog\/aneel-propoe-repasse-de-r-97-bi-as-tarifas-para-assumir-a-amazonas-mas-ambar-diz-que-e-insuficiente\/\"},\"author\":{\"name\":\"Ag\u00eancia iNFRA\",\"@id\":\"https:\/\/agenciainfra.com\/blog\/#\/schema\/person\/34af08dff6adea4cb22b06612ba7acfa\"},\"headline\":\"ANEEL prop\u00f5e repasse de R$ 9,7 bi \u00e0s tarifas para assumir a Amazonas, mas \u00c2mbar diz que \u00e9 insuficiente\",\"datePublished\":\"2024-10-07T13:00:00+00:00\",\"dateModified\":\"2024-10-07T16:09:27+00:00\",\"mainEntityOfPage\":{\"@id\":\"https:\/\/agenciainfra.com\/blog\/aneel-propoe-repasse-de-r-97-bi-as-tarifas-para-assumir-a-amazonas-mas-ambar-diz-que-e-insuficiente\/\"},\"wordCount\":608,\"publisher\":{\"@id\":\"https:\/\/agenciainfra.com\/blog\/#organization\"},\"image\":{\"@id\":\"https:\/\/agenciainfra.com\/blog\/aneel-propoe-repasse-de-r-97-bi-as-tarifas-para-assumir-a-amazonas-mas-ambar-diz-que-e-insuficiente\/#primaryimage\"},\"thumbnailUrl\":\"https:\/\/agenciainfra.com\/blog\/wp-content\/uploads\/2020\/09\/linha-energia-eletrica-e1748353978543.jpg\",\"keywords\":[\"Agnes Costa\",\"Alexandre Silveira\",\"Amazonas Energia\",\"\u00c2mbar Energia\",\"ANEEL\",\"Concess\u00e3o\",\"Fernando Mosna\",\"irm\u00e3os batista\",\"J&amp;F\",\"Jaiza Maria Pinto Fraxe\",\"Joesley Batista\",\"Leila Coimbra\",\"Marisa Wanzeller\",\"MME\",\"MP 1.232\",\"Ricardo Tili\",\"Sandoval Feitosa\",\"transfer\u00eancia de controle\",\"TRF-1\",\"Wesley Batista\"],\"articleSection\":[\"Destaque lista\",\"Geral\",\"iNFRAEnergia\"],\"inLanguage\":\"pt-BR\",\"copyrightYear\":\"2024\",\"copyrightHolder\":{\"@id\":\"https:\/\/agenciainfra.com\/blog\/#organization\"}},{\"@type\":\"WebPage\",\"@id\":\"https:\/\/agenciainfra.com\/blog\/aneel-propoe-repasse-de-r-97-bi-as-tarifas-para-assumir-a-amazonas-mas-ambar-diz-que-e-insuficiente\/\",\"url\":\"https:\/\/agenciainfra.com\/blog\/aneel-propoe-repasse-de-r-97-bi-as-tarifas-para-assumir-a-amazonas-mas-ambar-diz-que-e-insuficiente\/\",\"name\":\"ANEEL prop\u00f5e repasse de R$ 9,7 bi \u00e0s tarifas para assumir a Amazonas, mas \u00c2mbar diz que \u00e9 insuficiente - Ag\u00eancia iNFRA\",\"isPartOf\":{\"@id\":\"https:\/\/agenciainfra.com\/blog\/#website\"},\"primaryImageOfPage\":{\"@id\":\"https:\/\/agenciainfra.com\/blog\/aneel-propoe-repasse-de-r-97-bi-as-tarifas-para-assumir-a-amazonas-mas-ambar-diz-que-e-insuficiente\/#primaryimage\"},\"image\":{\"@id\":\"https:\/\/agenciainfra.com\/blog\/aneel-propoe-repasse-de-r-97-bi-as-tarifas-para-assumir-a-amazonas-mas-ambar-diz-que-e-insuficiente\/#primaryimage\"},\"thumbnailUrl\":\"https:\/\/agenciainfra.com\/blog\/wp-content\/uploads\/2020\/09\/linha-energia-eletrica-e1748353978543.jpg\",\"datePublished\":\"2024-10-07T13:00:00+00:00\",\"dateModified\":\"2024-10-07T16:09:27+00:00\",\"breadcrumb\":{\"@id\":\"https:\/\/agenciainfra.com\/blog\/aneel-propoe-repasse-de-r-97-bi-as-tarifas-para-assumir-a-amazonas-mas-ambar-diz-que-e-insuficiente\/#breadcrumb\"},\"inLanguage\":\"pt-BR\",\"potentialAction\":[{\"@type\":\"ReadAction\",\"target\":[\"https:\/\/agenciainfra.com\/blog\/aneel-propoe-repasse-de-r-97-bi-as-tarifas-para-assumir-a-amazonas-mas-ambar-diz-que-e-insuficiente\/\"]}]},{\"@type\":\"ImageObject\",\"inLanguage\":\"pt-BR\",\"@id\":\"https:\/\/agenciainfra.com\/blog\/aneel-propoe-repasse-de-r-97-bi-as-tarifas-para-assumir-a-amazonas-mas-ambar-diz-que-e-insuficiente\/#primaryimage\",\"url\":\"https:\/\/agenciainfra.com\/blog\/wp-content\/uploads\/2020\/09\/linha-energia-eletrica-e1748353978543.jpg\",\"contentUrl\":\"https:\/\/agenciainfra.com\/blog\/wp-content\/uploads\/2020\/09\/linha-energia-eletrica-e1748353978543.jpg\",\"width\":1280,\"height\":750},{\"@type\":\"BreadcrumbList\",\"@id\":\"https:\/\/agenciainfra.com\/blog\/aneel-propoe-repasse-de-r-97-bi-as-tarifas-para-assumir-a-amazonas-mas-ambar-diz-que-e-insuficiente\/#breadcrumb\",\"itemListElement\":[{\"@type\":\"ListItem\",\"position\":1,\"name\":\"In\u00edcio\",\"item\":\"https:\/\/agenciainfra.com\/blog\/\"},{\"@type\":\"ListItem\",\"position\":2,\"name\":\"ANEEL prop\u00f5e repasse de R$ 9,7 bi \u00e0s tarifas para assumir a Amazonas, mas \u00c2mbar diz que \u00e9 insuficiente\"}]},{\"@type\":\"WebSite\",\"@id\":\"https:\/\/agenciainfra.com\/blog\/#website\",\"url\":\"https:\/\/agenciainfra.com\/blog\/\",\"name\":\"Ag\u00eancia iNFRA\",\"description\":\"Multiplataforma de informa\u00e7\u00e3o jornal\u00edstica refer\u00eancia na \u00e1rea de infraestrutura no Brasil!\",\"publisher\":{\"@id\":\"https:\/\/agenciainfra.com\/blog\/#organization\"},\"potentialAction\":[{\"@type\":\"SearchAction\",\"target\":{\"@type\":\"EntryPoint\",\"urlTemplate\":\"https:\/\/agenciainfra.com\/blog\/?s={search_term_string}\"},\"query-input\":{\"@type\":\"PropertyValueSpecification\",\"valueRequired\":true,\"valueName\":\"search_term_string\"}}],\"inLanguage\":\"pt-BR\"},{\"@type\":\"Organization\",\"@id\":\"https:\/\/agenciainfra.com\/blog\/#organization\",\"name\":\"Ag\u00eancia iNFRA\",\"url\":\"https:\/\/agenciainfra.com\/blog\/\",\"logo\":{\"@type\":\"ImageObject\",\"inLanguage\":\"pt-BR\",\"@id\":\"https:\/\/agenciainfra.com\/blog\/#\/schema\/logo\/image\/\",\"url\":\"https:\/\/agenciainfra.com\/blog\/wp-content\/uploads\/2023\/09\/iNFRA_5-e1761735885940.png\",\"contentUrl\":\"https:\/\/agenciainfra.com\/blog\/wp-content\/uploads\/2023\/09\/iNFRA_5-e1761735885940.png\",\"width\":1672,\"height\":454,\"caption\":\"Ag\u00eancia iNFRA\"},\"image\":{\"@id\":\"https:\/\/agenciainfra.com\/blog\/#\/schema\/logo\/image\/\"},\"sameAs\":[\"https:\/\/www.facebook.com\/ageninfra\",\"https:\/\/x.com\/agencia_infra\",\"https:\/\/www.linkedin.com\/company\/ag\u00eanciainfra\/\",\"https:\/\/www.instagram.com\/agenciainfra\/\"]},{\"@type\":\"Person\",\"@id\":\"https:\/\/agenciainfra.com\/blog\/#\/schema\/person\/34af08dff6adea4cb22b06612ba7acfa\",\"name\":\"Ag\u00eancia iNFRA\",\"image\":{\"@type\":\"ImageObject\",\"inLanguage\":\"pt-BR\",\"@id\":\"https:\/\/agenciainfra.com\/blog\/#\/schema\/person\/image\/\",\"url\":\"https:\/\/secure.gravatar.com\/avatar\/d189e01678f06d8eb84d4e01f08eb848b3fffe3f8443818d3c356c66892f5be8?s=96&d=mm&r=g\",\"contentUrl\":\"https:\/\/secure.gravatar.com\/avatar\/d189e01678f06d8eb84d4e01f08eb848b3fffe3f8443818d3c356c66892f5be8?s=96&d=mm&r=g\",\"caption\":\"Ag\u00eancia iNFRA\"},\"url\":\"https:\/\/agenciainfra.com\/blog\/author\/admin\/\"}]}<\/script>\n<!-- \/ Yoast SEO Premium plugin. -->","yoast_head_json":{"title":"ANEEL prop\u00f5e repasse de R$ 9,7 bi \u00e0s tarifas para assumir a Amazonas, mas \u00c2mbar diz que \u00e9 insuficiente - Ag\u00eancia iNFRA","robots":{"index":"index","follow":"follow","max-snippet":"max-snippet:-1","max-image-preview":"max-image-preview:large","max-video-preview":"max-video-preview:-1"},"canonical":"https:\/\/agenciainfra.com\/blog\/aneel-propoe-repasse-de-r-97-bi-as-tarifas-para-assumir-a-amazonas-mas-ambar-diz-que-e-insuficiente\/","og_locale":"pt_BR","og_type":"article","og_title":"ANEEL prop\u00f5e repasse de R$ 9,7 bi \u00e0s tarifas para assumir a Amazonas, mas \u00c2mbar diz que \u00e9 insuficiente","og_description":"Marisa Wanzeller e Leila Coimbra, da\u00a0Ag\u00eancia iNFRA As \u00e1reas t\u00e9cnicas da ANEEL (Ag\u00eancia Nacional de Energia El\u00e9trica) analisaram o recurso apresentado pela \u00c2mbar para assumir a distribuidora Amazonas Energia e conclu\u00edram que a empresa pode ter flexibiliza\u00e7\u00f5es de R$ 9,7 bilh\u00f5es (direito de repasse \u00e0s tarifas). O c\u00e1lculo consta na\u00a0NT (Nota T\u00e9cnica) 199, publicada na [&hellip;]","og_url":"https:\/\/agenciainfra.com\/blog\/aneel-propoe-repasse-de-r-97-bi-as-tarifas-para-assumir-a-amazonas-mas-ambar-diz-que-e-insuficiente\/","og_site_name":"Ag\u00eancia iNFRA","article_publisher":"https:\/\/www.facebook.com\/ageninfra","article_published_time":"2024-10-07T13:00:00+00:00","article_modified_time":"2024-10-07T16:09:27+00:00","og_image":[{"width":1280,"height":853,"url":"https:\/\/agenciainfra.com\/blog\/wp-content\/uploads\/2020\/09\/linha-energia-eletrica.jpg","type":"image\/jpeg"}],"author":"Ag\u00eancia iNFRA","twitter_card":"summary_large_image","twitter_creator":"@agencia_infra","twitter_site":"@agencia_infra","twitter_misc":{"Escrito por":"Ag\u00eancia iNFRA","Est. tempo de leitura":"3 minutos"},"schema":{"@context":"https:\/\/schema.org","@graph":[{"@type":"Article","@id":"https:\/\/agenciainfra.com\/blog\/aneel-propoe-repasse-de-r-97-bi-as-tarifas-para-assumir-a-amazonas-mas-ambar-diz-que-e-insuficiente\/#article","isPartOf":{"@id":"https:\/\/agenciainfra.com\/blog\/aneel-propoe-repasse-de-r-97-bi-as-tarifas-para-assumir-a-amazonas-mas-ambar-diz-que-e-insuficiente\/"},"author":{"name":"Ag\u00eancia iNFRA","@id":"https:\/\/agenciainfra.com\/blog\/#\/schema\/person\/34af08dff6adea4cb22b06612ba7acfa"},"headline":"ANEEL prop\u00f5e repasse de R$ 9,7 bi \u00e0s tarifas para assumir a Amazonas, mas \u00c2mbar diz que \u00e9 insuficiente","datePublished":"2024-10-07T13:00:00+00:00","dateModified":"2024-10-07T16:09:27+00:00","mainEntityOfPage":{"@id":"https:\/\/agenciainfra.com\/blog\/aneel-propoe-repasse-de-r-97-bi-as-tarifas-para-assumir-a-amazonas-mas-ambar-diz-que-e-insuficiente\/"},"wordCount":608,"publisher":{"@id":"https:\/\/agenciainfra.com\/blog\/#organization"},"image":{"@id":"https:\/\/agenciainfra.com\/blog\/aneel-propoe-repasse-de-r-97-bi-as-tarifas-para-assumir-a-amazonas-mas-ambar-diz-que-e-insuficiente\/#primaryimage"},"thumbnailUrl":"https:\/\/agenciainfra.com\/blog\/wp-content\/uploads\/2020\/09\/linha-energia-eletrica-e1748353978543.jpg","keywords":["Agnes Costa","Alexandre Silveira","Amazonas Energia","\u00c2mbar Energia","ANEEL","Concess\u00e3o","Fernando Mosna","irm\u00e3os batista","J&amp;F","Jaiza Maria Pinto Fraxe","Joesley Batista","Leila Coimbra","Marisa Wanzeller","MME","MP 1.232","Ricardo Tili","Sandoval Feitosa","transfer\u00eancia de controle","TRF-1","Wesley Batista"],"articleSection":["Destaque lista","Geral","iNFRAEnergia"],"inLanguage":"pt-BR","copyrightYear":"2024","copyrightHolder":{"@id":"https:\/\/agenciainfra.com\/blog\/#organization"}},{"@type":"WebPage","@id":"https:\/\/agenciainfra.com\/blog\/aneel-propoe-repasse-de-r-97-bi-as-tarifas-para-assumir-a-amazonas-mas-ambar-diz-que-e-insuficiente\/","url":"https:\/\/agenciainfra.com\/blog\/aneel-propoe-repasse-de-r-97-bi-as-tarifas-para-assumir-a-amazonas-mas-ambar-diz-que-e-insuficiente\/","name":"ANEEL prop\u00f5e repasse de R$ 9,7 bi \u00e0s tarifas para assumir a Amazonas, mas \u00c2mbar diz que \u00e9 insuficiente - Ag\u00eancia iNFRA","isPartOf":{"@id":"https:\/\/agenciainfra.com\/blog\/#website"},"primaryImageOfPage":{"@id":"https:\/\/agenciainfra.com\/blog\/aneel-propoe-repasse-de-r-97-bi-as-tarifas-para-assumir-a-amazonas-mas-ambar-diz-que-e-insuficiente\/#primaryimage"},"image":{"@id":"https:\/\/agenciainfra.com\/blog\/aneel-propoe-repasse-de-r-97-bi-as-tarifas-para-assumir-a-amazonas-mas-ambar-diz-que-e-insuficiente\/#primaryimage"},"thumbnailUrl":"https:\/\/agenciainfra.com\/blog\/wp-content\/uploads\/2020\/09\/linha-energia-eletrica-e1748353978543.jpg","datePublished":"2024-10-07T13:00:00+00:00","dateModified":"2024-10-07T16:09:27+00:00","breadcrumb":{"@id":"https:\/\/agenciainfra.com\/blog\/aneel-propoe-repasse-de-r-97-bi-as-tarifas-para-assumir-a-amazonas-mas-ambar-diz-que-e-insuficiente\/#breadcrumb"},"inLanguage":"pt-BR","potentialAction":[{"@type":"ReadAction","target":["https:\/\/agenciainfra.com\/blog\/aneel-propoe-repasse-de-r-97-bi-as-tarifas-para-assumir-a-amazonas-mas-ambar-diz-que-e-insuficiente\/"]}]},{"@type":"ImageObject","inLanguage":"pt-BR","@id":"https:\/\/agenciainfra.com\/blog\/aneel-propoe-repasse-de-r-97-bi-as-tarifas-para-assumir-a-amazonas-mas-ambar-diz-que-e-insuficiente\/#primaryimage","url":"https:\/\/agenciainfra.com\/blog\/wp-content\/uploads\/2020\/09\/linha-energia-eletrica-e1748353978543.jpg","contentUrl":"https:\/\/agenciainfra.com\/blog\/wp-content\/uploads\/2020\/09\/linha-energia-eletrica-e1748353978543.jpg","width":1280,"height":750},{"@type":"BreadcrumbList","@id":"https:\/\/agenciainfra.com\/blog\/aneel-propoe-repasse-de-r-97-bi-as-tarifas-para-assumir-a-amazonas-mas-ambar-diz-que-e-insuficiente\/#breadcrumb","itemListElement":[{"@type":"ListItem","position":1,"name":"In\u00edcio","item":"https:\/\/agenciainfra.com\/blog\/"},{"@type":"ListItem","position":2,"name":"ANEEL prop\u00f5e repasse de R$ 9,7 bi \u00e0s tarifas para assumir a Amazonas, mas \u00c2mbar diz que \u00e9 insuficiente"}]},{"@type":"WebSite","@id":"https:\/\/agenciainfra.com\/blog\/#website","url":"https:\/\/agenciainfra.com\/blog\/","name":"Ag\u00eancia iNFRA","description":"Multiplataforma de informa\u00e7\u00e3o jornal\u00edstica refer\u00eancia na \u00e1rea de infraestrutura no Brasil!","publisher":{"@id":"https:\/\/agenciainfra.com\/blog\/#organization"},"potentialAction":[{"@type":"SearchAction","target":{"@type":"EntryPoint","urlTemplate":"https:\/\/agenciainfra.com\/blog\/?s={search_term_string}"},"query-input":{"@type":"PropertyValueSpecification","valueRequired":true,"valueName":"search_term_string"}}],"inLanguage":"pt-BR"},{"@type":"Organization","@id":"https:\/\/agenciainfra.com\/blog\/#organization","name":"Ag\u00eancia iNFRA","url":"https:\/\/agenciainfra.com\/blog\/","logo":{"@type":"ImageObject","inLanguage":"pt-BR","@id":"https:\/\/agenciainfra.com\/blog\/#\/schema\/logo\/image\/","url":"https:\/\/agenciainfra.com\/blog\/wp-content\/uploads\/2023\/09\/iNFRA_5-e1761735885940.png","contentUrl":"https:\/\/agenciainfra.com\/blog\/wp-content\/uploads\/2023\/09\/iNFRA_5-e1761735885940.png","width":1672,"height":454,"caption":"Ag\u00eancia iNFRA"},"image":{"@id":"https:\/\/agenciainfra.com\/blog\/#\/schema\/logo\/image\/"},"sameAs":["https:\/\/www.facebook.com\/ageninfra","https:\/\/x.com\/agencia_infra","https:\/\/www.linkedin.com\/company\/ag\u00eanciainfra\/","https:\/\/www.instagram.com\/agenciainfra\/"]},{"@type":"Person","@id":"https:\/\/agenciainfra.com\/blog\/#\/schema\/person\/34af08dff6adea4cb22b06612ba7acfa","name":"Ag\u00eancia iNFRA","image":{"@type":"ImageObject","inLanguage":"pt-BR","@id":"https:\/\/agenciainfra.com\/blog\/#\/schema\/person\/image\/","url":"https:\/\/secure.gravatar.com\/avatar\/d189e01678f06d8eb84d4e01f08eb848b3fffe3f8443818d3c356c66892f5be8?s=96&d=mm&r=g","contentUrl":"https:\/\/secure.gravatar.com\/avatar\/d189e01678f06d8eb84d4e01f08eb848b3fffe3f8443818d3c356c66892f5be8?s=96&d=mm&r=g","caption":"Ag\u00eancia iNFRA"},"url":"https:\/\/agenciainfra.com\/blog\/author\/admin\/"}]}},"_links":{"self":[{"href":"https:\/\/agenciainfra.com\/blog\/wp-json\/wp\/v2\/posts\/18745","targetHints":{"allow":["GET"]}}],"collection":[{"href":"https:\/\/agenciainfra.com\/blog\/wp-json\/wp\/v2\/posts"}],"about":[{"href":"https:\/\/agenciainfra.com\/blog\/wp-json\/wp\/v2\/types\/post"}],"author":[{"embeddable":true,"href":"https:\/\/agenciainfra.com\/blog\/wp-json\/wp\/v2\/users\/1"}],"replies":[{"embeddable":true,"href":"https:\/\/agenciainfra.com\/blog\/wp-json\/wp\/v2\/comments?post=18745"}],"version-history":[{"count":1,"href":"https:\/\/agenciainfra.com\/blog\/wp-json\/wp\/v2\/posts\/18745\/revisions"}],"predecessor-version":[{"id":18746,"href":"https:\/\/agenciainfra.com\/blog\/wp-json\/wp\/v2\/posts\/18745\/revisions\/18746"}],"wp:featuredmedia":[{"embeddable":true,"href":"https:\/\/agenciainfra.com\/blog\/wp-json\/wp\/v2\/media\/5976"}],"wp:attachment":[{"href":"https:\/\/agenciainfra.com\/blog\/wp-json\/wp\/v2\/media?parent=18745"}],"wp:term":[{"taxonomy":"category","embeddable":true,"href":"https:\/\/agenciainfra.com\/blog\/wp-json\/wp\/v2\/categories?post=18745"},{"taxonomy":"post_tag","embeddable":true,"href":"https:\/\/agenciainfra.com\/blog\/wp-json\/wp\/v2\/tags?post=18745"}],"curies":[{"name":"wp","href":"https:\/\/api.w.org\/{rel}","templated":true}]}}