{"id":18747,"date":"2024-10-07T13:00:00","date_gmt":"2024-10-07T16:00:00","guid":{"rendered":"https:\/\/agenciainfra.com\/blog\/?p=18747"},"modified":"2024-10-08T11:51:27","modified_gmt":"2024-10-08T14:51:27","slug":"repactuacao-de-aeroportos-preve-criar-modelo-de-disputa-entre-concessionarias-por-unidades-regionais","status":"publish","type":"post","link":"https:\/\/agenciainfra.com\/blog\/repactuacao-de-aeroportos-preve-criar-modelo-de-disputa-entre-concessionarias-por-unidades-regionais\/","title":{"rendered":"Repactua\u00e7\u00e3o de aeroportos prev\u00ea criar modelo de disputa entre concession\u00e1rias por unidades regionais"},"content":{"rendered":"\n<p class=\"has-text-align-right\"><strong>Sheyla Santos, da Ag\u00eancia iNFRA<\/strong><\/p>\n\n\n\n<p>O TCU (Tribunal de Contas da Uni\u00e3o) informou na \u00faltima quarta-feira (2) que o acordo de solu\u00e7\u00e3o consensual que envolve controv\u00e9rsias na concess\u00e3o do Aeroporto Internacional de Guarulhos (SP) vai prever uma\u00a0disputa entre as concession\u00e1rias aeroportu\u00e1rias para inclus\u00e3o de unidades regionais nos contratos. De acordo com a decis\u00e3o da corte, que pode ser lida\u00a0<a href=\"https:\/\/agenciainfra.us14.list-manage.com\/track\/click?u=d460dd1bcf9ba0ae040e1fc0f&amp;id=d09320f1c4&amp;e=55b7a27fc9\" target=\"_blank\" rel=\"noreferrer noopener\">aqui<\/a>, o acordo n\u00e3o vai incluir automaticamente novos aeroportos na negocia\u00e7\u00e3o.<\/p>\n\n\n\n<p>Na mesa de negocia\u00e7\u00e3o, houve acordo entre as partes para que o contrato seja repactuado para incluir novos investimentos no maior aeroporto do Brasil, controlado pela Invepar,&nbsp;e tamb\u00e9m para que o terminal esteja habilitado a participar do processo de sele\u00e7\u00e3o que vai incluir aeroportos regionais nos contratos de grandes aeroportos, conforme&nbsp;<a href=\"https:\/\/agenciainfra.us14.list-manage.com\/track\/click?u=d460dd1bcf9ba0ae040e1fc0f&amp;id=651ef0eb60&amp;e=55b7a27fc9\" target=\"_blank\" rel=\"noreferrer noopener\">informou<\/a>&nbsp;a&nbsp;<strong>Ag\u00eancia iNFRA<\/strong>.<\/p>\n\n\n\n<p>A decis\u00e3o do TCU, que apresenta as informa\u00e7\u00f5es sobre&nbsp;o andamento do processo de repactua\u00e7\u00e3o dos contratos aeroportu\u00e1rios, atende a uma solicita\u00e7\u00e3o de esclarecimentos dos deputados federais Evair Melo (PP-ES) e Jo\u00e3o Carlos Bacelar (PL-BA), que requereu informa\u00e7\u00f5es sobre as prorroga\u00e7\u00f5es antecipadas de contratos de concess\u00e3o de grandes aeroportos. O caso foi relatado pelo ministro da corte Augusto Nardes.<\/p>\n\n\n\n<p>Os deputados questionaram sobre a regularidade e a legalidade do processo de inclus\u00e3o de unidades nas repactua\u00e7\u00f5es. Seis&nbsp;concession\u00e1rias apresentaram pedidos para repactuar seus contratos de concess\u00e3o visando a ampliar investimentos nessas unidades ou solucionar conflitos contratuais entre as concess\u00f5es e o governo, caso dos aeroportos do Gale\u00e3o (RJ) e Viracopos (SP).<\/p>\n\n\n\n<p>Segundo o TCU, o MPor (Minist\u00e9rio de Portos e Aeroportos) apresentou a proposta de&nbsp;aloca\u00e7\u00e3o direta de um grupo de aeroportos regionais deficit\u00e1rios nos&nbsp;contratos dessas grandes concess\u00f5es de&nbsp;aeroporto, alegando que as concess\u00f5es que vieram depois delas, a partir de 2019,&nbsp;j\u00e1 utilizam esse modelo, conhecido como &#8220;fil\u00e9 com osso&#8221;, no qual unidades mais lucrativas financiam a opera\u00e7\u00e3o de deficit\u00e1rias.<\/p>\n\n\n\n<p>No entanto, de acordo com o relat\u00f3rio,&nbsp;durante os trabalhos da comiss\u00e3o de solu\u00e7\u00e3o consensual do Aeroporto de Guarulhos, \u201cap\u00f3s extenso debate envolvendo quest\u00f5es t\u00e9cnicas e jur\u00eddicas\u201d sobre a proposta, foi apresentada&nbsp;como solu\u00e7\u00e3o a defini\u00e7\u00e3o da&nbsp;minuta da portaria para o&nbsp;Pipar (Programa de Investimentos Privados em Aeroportos Regionais).<\/p>\n\n\n\n<p>Na pr\u00e1tica, o Pipar contempla mecanismos de aloca\u00e7\u00e3o de aeroportos regionais deficit\u00e1rios entre as concession\u00e1rias que possuem contratos vigentes. Segundo o TCU, esses aeroportos deficit\u00e1rios ser\u00e3o definidos pelo MPor \u201ccom vistas a assegurar maior transpar\u00eancia, isonomia e competitividade\u201d e todas as concession\u00e1rias aeroportu\u00e1rias v\u00e3o poder participar dos processos seletivos. Ainda segundo a corte, a minuta da portaria para o Pipar passar\u00e1 por consulta p\u00fablica, que ficar\u00e1 a cargo do MPor.<\/p>\n\n\n\n<p><strong>Vota\u00e7\u00e3o em plen\u00e1rio<\/strong><br>O ministro do TCU Jhonatan de Jesus anunciou na sess\u00e3o plen\u00e1ria da \u00faltima quarta-feira, como\u00a0relator do processo de repactua\u00e7\u00e3o do contrato do aeroporto de Guarulhos, que ele ser\u00e1 levado para vota\u00e7\u00e3o em plen\u00e1rio em 16 de outubro.<\/p>\n\n\n\n<p>Ser\u00e1 o&nbsp;primeiro processo de solu\u00e7\u00e3o consensual relativo ao modelo que trata das grandes unidades, com possibilidade de inclus\u00e3o de novos aeroportos. Um processo de repactua\u00e7\u00e3o com a concession\u00e1ria do Aeroporto de Cuiab\u00e1 (MT) foi conclu\u00eddo com acordo no ano passado. O pedido de repactua\u00e7\u00e3o de Confins (MG) n\u00e3o teve acordo.&nbsp;<\/p>\n\n\n\n<p>O ministro informou que o processo foi recebido por ele em 14 de agosto e que o prazo previsto seria de 30 dias. Mas, dada a complexidade e as particularidades do caso, ele solicitou extens\u00e3o de prazo para submeter a proposta ao plen\u00e1rio em sess\u00e3o na qual o ministro e presidente da corte de contas, Bruno Dantas, poder\u00e1 estar presente.<\/p>\n\n\n\n<p><strong>Obras na educa\u00e7\u00e3o<\/strong><br>Em\u00a0<a href=\"https:\/\/agenciainfra.us14.list-manage.com\/track\/click?u=d460dd1bcf9ba0ae040e1fc0f&amp;id=e521b6b4ab&amp;e=55b7a27fc9\" target=\"_blank\" rel=\"noreferrer noopener\">decis\u00e3o<\/a>\u00a0divulgada na \u00faltima quarta-feira sobre o acompanhamento das a\u00e7\u00f5es do governo federal no Pacto Nacional pela Retomada de Obras e de Servi\u00e7os de Engenharia destinados \u00e0 Educa\u00e7\u00e3o B\u00e1sica e Profissionalizante, o TCU apontou \u201cbaixo n\u00edvel de transpar\u00eancia e incompletude das informa\u00e7\u00f5es\u201d. Segundo a corte, os problemas de transpar\u00eancia das informa\u00e7\u00f5es do pacto decorrem de \u201cinconsist\u00eancias nos dados divulgados e de restri\u00e7\u00f5es de acesso\u201d.<\/p>\n\n\n\n<p>Em seu voto, o ministro Jhonatan de Jesus, relator do caso, apontou \u201caus\u00eancia de conex\u00e3o\u201d entre as obras repactuadas no pacto e as pol\u00edticas p\u00fablicas de educa\u00e7\u00e3o infantil e profissionalizante em curso. Segundo ele, a falta de desdobramentos mais claros sobre como essas obras se integram \u00e0s pol\u00edticas p\u00fablicas de educa\u00e7\u00e3o compromete a vis\u00e3o de longo prazo e a sustentabilidade dos projetos executados no \u00e2mbito do pacto.<\/p>\n\n\n\n<p>\u201cA complementaridade dos fatores \u00e9 essencial na gest\u00e3o de tais pol\u00edticas, pois a oferta de servi\u00e7os educacionais eficazes vai al\u00e9m da constru\u00e7\u00e3o de unidades escolares\u201d, disse o ministro na decis\u00e3o.<\/p>\n","protected":false},"excerpt":{"rendered":"<p>Sheyla Santos, da Ag\u00eancia iNFRA O TCU (Tribunal de Contas da Uni\u00e3o) informou na \u00faltima quarta-feira (2) que o acordo de solu\u00e7\u00e3o consensual que envolve controv\u00e9rsias na concess\u00e3o do Aeroporto Internacional de Guarulhos (SP) vai prever uma\u00a0disputa entre as concession\u00e1rias aeroportu\u00e1rias para inclus\u00e3o de unidades regionais nos contratos. De acordo com a decis\u00e3o da corte, [&hellip;]<\/p>\n","protected":false},"author":1,"featured_media":15114,"comment_status":"closed","ping_status":"closed","sticky":false,"template":"","format":"standard","meta":{"_monsterinsights_skip_tracking":false,"_monsterinsights_sitenote_active":false,"_monsterinsights_sitenote_note":"","_monsterinsights_sitenote_category":0,"footnotes":""},"categories":[7250,1,7],"tags":[63,5002,107,6316,6068,4825,1020,3125,6919,2131,8010,8838,18],"class_list":["post-18747","post","type-post","status-publish","format-standard","has-post-thumbnail","hentry","category-destaque-lista","category-geral","category-infratransporte","tag-aeroporto-de-cuiaba","tag-aeroporto-de-guarulhos","tag-aeroportos","tag-aeroportos-do-brasil","tag-concessao-de-aeroportos","tag-gru-airport","tag-invepar","tag-jhonatan-de-jesus","tag-mpor","tag-repactuacao","tag-repactuacao-de-contratos","tag-sheyla-santos","tag-tcu"],"yoast_head":"<!-- This site is optimized with the Yoast SEO Premium plugin v25.4 (Yoast SEO v26.0) - https:\/\/yoast.com\/wordpress\/plugins\/seo\/ -->\n<title>Repactua\u00e7\u00e3o de aeroportos prev\u00ea criar modelo de disputa entre concession\u00e1rias por unidades regionais - Ag\u00eancia iNFRA<\/title>\n<meta name=\"robots\" content=\"index, follow, max-snippet:-1, max-image-preview:large, max-video-preview:-1\" \/>\n<link rel=\"canonical\" href=\"https:\/\/agenciainfra.com\/blog\/repactuacao-de-aeroportos-preve-criar-modelo-de-disputa-entre-concessionarias-por-unidades-regionais\/\" \/>\n<meta property=\"og:locale\" content=\"pt_BR\" \/>\n<meta property=\"og:type\" content=\"article\" \/>\n<meta property=\"og:title\" content=\"Repactua\u00e7\u00e3o de aeroportos prev\u00ea criar modelo de disputa entre concession\u00e1rias por unidades regionais\" \/>\n<meta property=\"og:description\" content=\"Sheyla Santos, da Ag\u00eancia iNFRA O TCU (Tribunal de Contas da Uni\u00e3o) informou na \u00faltima quarta-feira (2) que o acordo de solu\u00e7\u00e3o consensual que envolve controv\u00e9rsias na concess\u00e3o do Aeroporto Internacional de Guarulhos (SP) vai prever uma\u00a0disputa entre as concession\u00e1rias aeroportu\u00e1rias para inclus\u00e3o de unidades regionais nos contratos. De acordo com a decis\u00e3o da corte, [&hellip;]\" \/>\n<meta property=\"og:url\" content=\"https:\/\/agenciainfra.com\/blog\/repactuacao-de-aeroportos-preve-criar-modelo-de-disputa-entre-concessionarias-por-unidades-regionais\/\" \/>\n<meta property=\"og:site_name\" content=\"Ag\u00eancia iNFRA\" \/>\n<meta property=\"article:publisher\" content=\"https:\/\/www.facebook.com\/ageninfra\" \/>\n<meta property=\"article:published_time\" content=\"2024-10-07T16:00:00+00:00\" \/>\n<meta property=\"article:modified_time\" content=\"2024-10-08T14:51:27+00:00\" \/>\n<meta property=\"og:image\" content=\"https:\/\/agenciainfra.com\/blog\/wp-content\/uploads\/2023\/12\/aeroporto-de-guarulhos-foto-prefeitura-de-guarulhos.jpeg\" \/>\n\t<meta property=\"og:image:width\" content=\"1200\" \/>\n\t<meta property=\"og:image:height\" content=\"716\" \/>\n\t<meta property=\"og:image:type\" content=\"image\/jpeg\" \/>\n<meta name=\"author\" content=\"Ag\u00eancia iNFRA\" \/>\n<meta name=\"twitter:card\" content=\"summary_large_image\" \/>\n<meta name=\"twitter:creator\" content=\"@agencia_infra\" \/>\n<meta name=\"twitter:site\" content=\"@agencia_infra\" \/>\n<meta name=\"twitter:label1\" content=\"Escrito por\" \/>\n\t<meta name=\"twitter:data1\" content=\"Ag\u00eancia iNFRA\" \/>\n\t<meta name=\"twitter:label2\" content=\"Est. tempo de leitura\" \/>\n\t<meta name=\"twitter:data2\" content=\"4 minutos\" \/>\n<script type=\"application\/ld+json\" class=\"yoast-schema-graph\">{\"@context\":\"https:\/\/schema.org\",\"@graph\":[{\"@type\":\"Article\",\"@id\":\"https:\/\/agenciainfra.com\/blog\/repactuacao-de-aeroportos-preve-criar-modelo-de-disputa-entre-concessionarias-por-unidades-regionais\/#article\",\"isPartOf\":{\"@id\":\"https:\/\/agenciainfra.com\/blog\/repactuacao-de-aeroportos-preve-criar-modelo-de-disputa-entre-concessionarias-por-unidades-regionais\/\"},\"author\":{\"name\":\"Ag\u00eancia iNFRA\",\"@id\":\"https:\/\/agenciainfra.com\/blog\/#\/schema\/person\/34af08dff6adea4cb22b06612ba7acfa\"},\"headline\":\"Repactua\u00e7\u00e3o de aeroportos prev\u00ea criar modelo de disputa entre concession\u00e1rias por unidades regionais\",\"datePublished\":\"2024-10-07T16:00:00+00:00\",\"dateModified\":\"2024-10-08T14:51:27+00:00\",\"mainEntityOfPage\":{\"@id\":\"https:\/\/agenciainfra.com\/blog\/repactuacao-de-aeroportos-preve-criar-modelo-de-disputa-entre-concessionarias-por-unidades-regionais\/\"},\"wordCount\":862,\"publisher\":{\"@id\":\"https:\/\/agenciainfra.com\/blog\/#organization\"},\"image\":{\"@id\":\"https:\/\/agenciainfra.com\/blog\/repactuacao-de-aeroportos-preve-criar-modelo-de-disputa-entre-concessionarias-por-unidades-regionais\/#primaryimage\"},\"thumbnailUrl\":\"https:\/\/agenciainfra.com\/blog\/wp-content\/uploads\/2023\/12\/aeroporto-de-guarulhos-foto-prefeitura-de-guarulhos.jpeg\",\"keywords\":[\"Aeroporto de Cuiab\u00e1\",\"Aeroporto de Guarulhos\",\"aeroportos\",\"Aeroportos do Brasil\",\"concess\u00e3o de aeroportos\",\"GRU Airport\",\"Invepar\",\"Jhonatan de Jesus\",\"MPor\",\"repactua\u00e7\u00e3o\",\"repactua\u00e7\u00e3o de contratos\",\"Sheyla Santos\",\"TCU\"],\"articleSection\":[\"Destaque lista\",\"Geral\",\"iNFRATransporte\"],\"inLanguage\":\"pt-BR\",\"copyrightYear\":\"2024\",\"copyrightHolder\":{\"@id\":\"https:\/\/agenciainfra.com\/blog\/#organization\"}},{\"@type\":\"WebPage\",\"@id\":\"https:\/\/agenciainfra.com\/blog\/repactuacao-de-aeroportos-preve-criar-modelo-de-disputa-entre-concessionarias-por-unidades-regionais\/\",\"url\":\"https:\/\/agenciainfra.com\/blog\/repactuacao-de-aeroportos-preve-criar-modelo-de-disputa-entre-concessionarias-por-unidades-regionais\/\",\"name\":\"Repactua\u00e7\u00e3o de aeroportos prev\u00ea criar modelo de disputa entre concession\u00e1rias por unidades regionais - Ag\u00eancia iNFRA\",\"isPartOf\":{\"@id\":\"https:\/\/agenciainfra.com\/blog\/#website\"},\"primaryImageOfPage\":{\"@id\":\"https:\/\/agenciainfra.com\/blog\/repactuacao-de-aeroportos-preve-criar-modelo-de-disputa-entre-concessionarias-por-unidades-regionais\/#primaryimage\"},\"image\":{\"@id\":\"https:\/\/agenciainfra.com\/blog\/repactuacao-de-aeroportos-preve-criar-modelo-de-disputa-entre-concessionarias-por-unidades-regionais\/#primaryimage\"},\"thumbnailUrl\":\"https:\/\/agenciainfra.com\/blog\/wp-content\/uploads\/2023\/12\/aeroporto-de-guarulhos-foto-prefeitura-de-guarulhos.jpeg\",\"datePublished\":\"2024-10-07T16:00:00+00:00\",\"dateModified\":\"2024-10-08T14:51:27+00:00\",\"breadcrumb\":{\"@id\":\"https:\/\/agenciainfra.com\/blog\/repactuacao-de-aeroportos-preve-criar-modelo-de-disputa-entre-concessionarias-por-unidades-regionais\/#breadcrumb\"},\"inLanguage\":\"pt-BR\",\"potentialAction\":[{\"@type\":\"ReadAction\",\"target\":[\"https:\/\/agenciainfra.com\/blog\/repactuacao-de-aeroportos-preve-criar-modelo-de-disputa-entre-concessionarias-por-unidades-regionais\/\"]}]},{\"@type\":\"ImageObject\",\"inLanguage\":\"pt-BR\",\"@id\":\"https:\/\/agenciainfra.com\/blog\/repactuacao-de-aeroportos-preve-criar-modelo-de-disputa-entre-concessionarias-por-unidades-regionais\/#primaryimage\",\"url\":\"https:\/\/agenciainfra.com\/blog\/wp-content\/uploads\/2023\/12\/aeroporto-de-guarulhos-foto-prefeitura-de-guarulhos.jpeg\",\"contentUrl\":\"https:\/\/agenciainfra.com\/blog\/wp-content\/uploads\/2023\/12\/aeroporto-de-guarulhos-foto-prefeitura-de-guarulhos.jpeg\",\"width\":1200,\"height\":716,\"caption\":\"Foto: Prefeitura de Guarulhos\"},{\"@type\":\"BreadcrumbList\",\"@id\":\"https:\/\/agenciainfra.com\/blog\/repactuacao-de-aeroportos-preve-criar-modelo-de-disputa-entre-concessionarias-por-unidades-regionais\/#breadcrumb\",\"itemListElement\":[{\"@type\":\"ListItem\",\"position\":1,\"name\":\"In\u00edcio\",\"item\":\"https:\/\/agenciainfra.com\/blog\/\"},{\"@type\":\"ListItem\",\"position\":2,\"name\":\"Repactua\u00e7\u00e3o de aeroportos prev\u00ea criar modelo de disputa entre concession\u00e1rias por unidades regionais\"}]},{\"@type\":\"WebSite\",\"@id\":\"https:\/\/agenciainfra.com\/blog\/#website\",\"url\":\"https:\/\/agenciainfra.com\/blog\/\",\"name\":\"Ag\u00eancia iNFRA\",\"description\":\"Multiplataforma de informa\u00e7\u00e3o jornal\u00edstica refer\u00eancia na \u00e1rea de infraestrutura no Brasil!\",\"publisher\":{\"@id\":\"https:\/\/agenciainfra.com\/blog\/#organization\"},\"potentialAction\":[{\"@type\":\"SearchAction\",\"target\":{\"@type\":\"EntryPoint\",\"urlTemplate\":\"https:\/\/agenciainfra.com\/blog\/?s={search_term_string}\"},\"query-input\":{\"@type\":\"PropertyValueSpecification\",\"valueRequired\":true,\"valueName\":\"search_term_string\"}}],\"inLanguage\":\"pt-BR\"},{\"@type\":\"Organization\",\"@id\":\"https:\/\/agenciainfra.com\/blog\/#organization\",\"name\":\"Ag\u00eancia iNFRA\",\"url\":\"https:\/\/agenciainfra.com\/blog\/\",\"logo\":{\"@type\":\"ImageObject\",\"inLanguage\":\"pt-BR\",\"@id\":\"https:\/\/agenciainfra.com\/blog\/#\/schema\/logo\/image\/\",\"url\":\"https:\/\/agenciainfra.com\/blog\/wp-content\/uploads\/2023\/09\/iNFRA_5-e1761735885940.png\",\"contentUrl\":\"https:\/\/agenciainfra.com\/blog\/wp-content\/uploads\/2023\/09\/iNFRA_5-e1761735885940.png\",\"width\":1672,\"height\":454,\"caption\":\"Ag\u00eancia iNFRA\"},\"image\":{\"@id\":\"https:\/\/agenciainfra.com\/blog\/#\/schema\/logo\/image\/\"},\"sameAs\":[\"https:\/\/www.facebook.com\/ageninfra\",\"https:\/\/x.com\/agencia_infra\",\"https:\/\/www.linkedin.com\/company\/ag\u00eanciainfra\/\",\"https:\/\/www.instagram.com\/agenciainfra\/\"]},{\"@type\":\"Person\",\"@id\":\"https:\/\/agenciainfra.com\/blog\/#\/schema\/person\/34af08dff6adea4cb22b06612ba7acfa\",\"name\":\"Ag\u00eancia iNFRA\",\"image\":{\"@type\":\"ImageObject\",\"inLanguage\":\"pt-BR\",\"@id\":\"https:\/\/agenciainfra.com\/blog\/#\/schema\/person\/image\/\",\"url\":\"https:\/\/secure.gravatar.com\/avatar\/d189e01678f06d8eb84d4e01f08eb848b3fffe3f8443818d3c356c66892f5be8?s=96&d=mm&r=g\",\"contentUrl\":\"https:\/\/secure.gravatar.com\/avatar\/d189e01678f06d8eb84d4e01f08eb848b3fffe3f8443818d3c356c66892f5be8?s=96&d=mm&r=g\",\"caption\":\"Ag\u00eancia iNFRA\"},\"url\":\"https:\/\/agenciainfra.com\/blog\/author\/admin\/\"}]}<\/script>\n<!-- \/ Yoast SEO Premium plugin. -->","yoast_head_json":{"title":"Repactua\u00e7\u00e3o de aeroportos prev\u00ea criar modelo de disputa entre concession\u00e1rias por unidades regionais - Ag\u00eancia iNFRA","robots":{"index":"index","follow":"follow","max-snippet":"max-snippet:-1","max-image-preview":"max-image-preview:large","max-video-preview":"max-video-preview:-1"},"canonical":"https:\/\/agenciainfra.com\/blog\/repactuacao-de-aeroportos-preve-criar-modelo-de-disputa-entre-concessionarias-por-unidades-regionais\/","og_locale":"pt_BR","og_type":"article","og_title":"Repactua\u00e7\u00e3o de aeroportos prev\u00ea criar modelo de disputa entre concession\u00e1rias por unidades regionais","og_description":"Sheyla Santos, da Ag\u00eancia iNFRA O TCU (Tribunal de Contas da Uni\u00e3o) informou na \u00faltima quarta-feira (2) que o acordo de solu\u00e7\u00e3o consensual que envolve controv\u00e9rsias na concess\u00e3o do Aeroporto Internacional de Guarulhos (SP) vai prever uma\u00a0disputa entre as concession\u00e1rias aeroportu\u00e1rias para inclus\u00e3o de unidades regionais nos contratos. De acordo com a decis\u00e3o da corte, [&hellip;]","og_url":"https:\/\/agenciainfra.com\/blog\/repactuacao-de-aeroportos-preve-criar-modelo-de-disputa-entre-concessionarias-por-unidades-regionais\/","og_site_name":"Ag\u00eancia iNFRA","article_publisher":"https:\/\/www.facebook.com\/ageninfra","article_published_time":"2024-10-07T16:00:00+00:00","article_modified_time":"2024-10-08T14:51:27+00:00","og_image":[{"width":1200,"height":716,"url":"https:\/\/agenciainfra.com\/blog\/wp-content\/uploads\/2023\/12\/aeroporto-de-guarulhos-foto-prefeitura-de-guarulhos.jpeg","type":"image\/jpeg"}],"author":"Ag\u00eancia iNFRA","twitter_card":"summary_large_image","twitter_creator":"@agencia_infra","twitter_site":"@agencia_infra","twitter_misc":{"Escrito por":"Ag\u00eancia iNFRA","Est. tempo de leitura":"4 minutos"},"schema":{"@context":"https:\/\/schema.org","@graph":[{"@type":"Article","@id":"https:\/\/agenciainfra.com\/blog\/repactuacao-de-aeroportos-preve-criar-modelo-de-disputa-entre-concessionarias-por-unidades-regionais\/#article","isPartOf":{"@id":"https:\/\/agenciainfra.com\/blog\/repactuacao-de-aeroportos-preve-criar-modelo-de-disputa-entre-concessionarias-por-unidades-regionais\/"},"author":{"name":"Ag\u00eancia iNFRA","@id":"https:\/\/agenciainfra.com\/blog\/#\/schema\/person\/34af08dff6adea4cb22b06612ba7acfa"},"headline":"Repactua\u00e7\u00e3o de aeroportos prev\u00ea criar modelo de disputa entre concession\u00e1rias por unidades regionais","datePublished":"2024-10-07T16:00:00+00:00","dateModified":"2024-10-08T14:51:27+00:00","mainEntityOfPage":{"@id":"https:\/\/agenciainfra.com\/blog\/repactuacao-de-aeroportos-preve-criar-modelo-de-disputa-entre-concessionarias-por-unidades-regionais\/"},"wordCount":862,"publisher":{"@id":"https:\/\/agenciainfra.com\/blog\/#organization"},"image":{"@id":"https:\/\/agenciainfra.com\/blog\/repactuacao-de-aeroportos-preve-criar-modelo-de-disputa-entre-concessionarias-por-unidades-regionais\/#primaryimage"},"thumbnailUrl":"https:\/\/agenciainfra.com\/blog\/wp-content\/uploads\/2023\/12\/aeroporto-de-guarulhos-foto-prefeitura-de-guarulhos.jpeg","keywords":["Aeroporto de Cuiab\u00e1","Aeroporto de Guarulhos","aeroportos","Aeroportos do Brasil","concess\u00e3o de aeroportos","GRU Airport","Invepar","Jhonatan de Jesus","MPor","repactua\u00e7\u00e3o","repactua\u00e7\u00e3o de contratos","Sheyla Santos","TCU"],"articleSection":["Destaque lista","Geral","iNFRATransporte"],"inLanguage":"pt-BR","copyrightYear":"2024","copyrightHolder":{"@id":"https:\/\/agenciainfra.com\/blog\/#organization"}},{"@type":"WebPage","@id":"https:\/\/agenciainfra.com\/blog\/repactuacao-de-aeroportos-preve-criar-modelo-de-disputa-entre-concessionarias-por-unidades-regionais\/","url":"https:\/\/agenciainfra.com\/blog\/repactuacao-de-aeroportos-preve-criar-modelo-de-disputa-entre-concessionarias-por-unidades-regionais\/","name":"Repactua\u00e7\u00e3o de aeroportos prev\u00ea criar modelo de disputa entre concession\u00e1rias por unidades regionais - Ag\u00eancia iNFRA","isPartOf":{"@id":"https:\/\/agenciainfra.com\/blog\/#website"},"primaryImageOfPage":{"@id":"https:\/\/agenciainfra.com\/blog\/repactuacao-de-aeroportos-preve-criar-modelo-de-disputa-entre-concessionarias-por-unidades-regionais\/#primaryimage"},"image":{"@id":"https:\/\/agenciainfra.com\/blog\/repactuacao-de-aeroportos-preve-criar-modelo-de-disputa-entre-concessionarias-por-unidades-regionais\/#primaryimage"},"thumbnailUrl":"https:\/\/agenciainfra.com\/blog\/wp-content\/uploads\/2023\/12\/aeroporto-de-guarulhos-foto-prefeitura-de-guarulhos.jpeg","datePublished":"2024-10-07T16:00:00+00:00","dateModified":"2024-10-08T14:51:27+00:00","breadcrumb":{"@id":"https:\/\/agenciainfra.com\/blog\/repactuacao-de-aeroportos-preve-criar-modelo-de-disputa-entre-concessionarias-por-unidades-regionais\/#breadcrumb"},"inLanguage":"pt-BR","potentialAction":[{"@type":"ReadAction","target":["https:\/\/agenciainfra.com\/blog\/repactuacao-de-aeroportos-preve-criar-modelo-de-disputa-entre-concessionarias-por-unidades-regionais\/"]}]},{"@type":"ImageObject","inLanguage":"pt-BR","@id":"https:\/\/agenciainfra.com\/blog\/repactuacao-de-aeroportos-preve-criar-modelo-de-disputa-entre-concessionarias-por-unidades-regionais\/#primaryimage","url":"https:\/\/agenciainfra.com\/blog\/wp-content\/uploads\/2023\/12\/aeroporto-de-guarulhos-foto-prefeitura-de-guarulhos.jpeg","contentUrl":"https:\/\/agenciainfra.com\/blog\/wp-content\/uploads\/2023\/12\/aeroporto-de-guarulhos-foto-prefeitura-de-guarulhos.jpeg","width":1200,"height":716,"caption":"Foto: Prefeitura de Guarulhos"},{"@type":"BreadcrumbList","@id":"https:\/\/agenciainfra.com\/blog\/repactuacao-de-aeroportos-preve-criar-modelo-de-disputa-entre-concessionarias-por-unidades-regionais\/#breadcrumb","itemListElement":[{"@type":"ListItem","position":1,"name":"In\u00edcio","item":"https:\/\/agenciainfra.com\/blog\/"},{"@type":"ListItem","position":2,"name":"Repactua\u00e7\u00e3o de aeroportos prev\u00ea criar modelo de disputa entre concession\u00e1rias por unidades regionais"}]},{"@type":"WebSite","@id":"https:\/\/agenciainfra.com\/blog\/#website","url":"https:\/\/agenciainfra.com\/blog\/","name":"Ag\u00eancia iNFRA","description":"Multiplataforma de informa\u00e7\u00e3o jornal\u00edstica refer\u00eancia na \u00e1rea de infraestrutura no Brasil!","publisher":{"@id":"https:\/\/agenciainfra.com\/blog\/#organization"},"potentialAction":[{"@type":"SearchAction","target":{"@type":"EntryPoint","urlTemplate":"https:\/\/agenciainfra.com\/blog\/?s={search_term_string}"},"query-input":{"@type":"PropertyValueSpecification","valueRequired":true,"valueName":"search_term_string"}}],"inLanguage":"pt-BR"},{"@type":"Organization","@id":"https:\/\/agenciainfra.com\/blog\/#organization","name":"Ag\u00eancia iNFRA","url":"https:\/\/agenciainfra.com\/blog\/","logo":{"@type":"ImageObject","inLanguage":"pt-BR","@id":"https:\/\/agenciainfra.com\/blog\/#\/schema\/logo\/image\/","url":"https:\/\/agenciainfra.com\/blog\/wp-content\/uploads\/2023\/09\/iNFRA_5-e1761735885940.png","contentUrl":"https:\/\/agenciainfra.com\/blog\/wp-content\/uploads\/2023\/09\/iNFRA_5-e1761735885940.png","width":1672,"height":454,"caption":"Ag\u00eancia iNFRA"},"image":{"@id":"https:\/\/agenciainfra.com\/blog\/#\/schema\/logo\/image\/"},"sameAs":["https:\/\/www.facebook.com\/ageninfra","https:\/\/x.com\/agencia_infra","https:\/\/www.linkedin.com\/company\/ag\u00eanciainfra\/","https:\/\/www.instagram.com\/agenciainfra\/"]},{"@type":"Person","@id":"https:\/\/agenciainfra.com\/blog\/#\/schema\/person\/34af08dff6adea4cb22b06612ba7acfa","name":"Ag\u00eancia iNFRA","image":{"@type":"ImageObject","inLanguage":"pt-BR","@id":"https:\/\/agenciainfra.com\/blog\/#\/schema\/person\/image\/","url":"https:\/\/secure.gravatar.com\/avatar\/d189e01678f06d8eb84d4e01f08eb848b3fffe3f8443818d3c356c66892f5be8?s=96&d=mm&r=g","contentUrl":"https:\/\/secure.gravatar.com\/avatar\/d189e01678f06d8eb84d4e01f08eb848b3fffe3f8443818d3c356c66892f5be8?s=96&d=mm&r=g","caption":"Ag\u00eancia iNFRA"},"url":"https:\/\/agenciainfra.com\/blog\/author\/admin\/"}]}},"_links":{"self":[{"href":"https:\/\/agenciainfra.com\/blog\/wp-json\/wp\/v2\/posts\/18747","targetHints":{"allow":["GET"]}}],"collection":[{"href":"https:\/\/agenciainfra.com\/blog\/wp-json\/wp\/v2\/posts"}],"about":[{"href":"https:\/\/agenciainfra.com\/blog\/wp-json\/wp\/v2\/types\/post"}],"author":[{"embeddable":true,"href":"https:\/\/agenciainfra.com\/blog\/wp-json\/wp\/v2\/users\/1"}],"replies":[{"embeddable":true,"href":"https:\/\/agenciainfra.com\/blog\/wp-json\/wp\/v2\/comments?post=18747"}],"version-history":[{"count":1,"href":"https:\/\/agenciainfra.com\/blog\/wp-json\/wp\/v2\/posts\/18747\/revisions"}],"predecessor-version":[{"id":18748,"href":"https:\/\/agenciainfra.com\/blog\/wp-json\/wp\/v2\/posts\/18747\/revisions\/18748"}],"wp:featuredmedia":[{"embeddable":true,"href":"https:\/\/agenciainfra.com\/blog\/wp-json\/wp\/v2\/media\/15114"}],"wp:attachment":[{"href":"https:\/\/agenciainfra.com\/blog\/wp-json\/wp\/v2\/media?parent=18747"}],"wp:term":[{"taxonomy":"category","embeddable":true,"href":"https:\/\/agenciainfra.com\/blog\/wp-json\/wp\/v2\/categories?post=18747"},{"taxonomy":"post_tag","embeddable":true,"href":"https:\/\/agenciainfra.com\/blog\/wp-json\/wp\/v2\/tags?post=18747"}],"curies":[{"name":"wp","href":"https:\/\/api.w.org\/{rel}","templated":true}]}}