{"id":18786,"date":"2024-10-10T15:00:00","date_gmt":"2024-10-10T18:00:00","guid":{"rendered":"https:\/\/agenciainfra.com\/blog\/?p=18786"},"modified":"2024-10-10T06:36:36","modified_gmt":"2024-10-10T09:36:36","slug":"tcu-libera-caminho-para-acordo-do-mme-com-a-ambar-sobre-termicas-do-pcs","status":"publish","type":"post","link":"https:\/\/agenciainfra.com\/blog\/tcu-libera-caminho-para-acordo-do-mme-com-a-ambar-sobre-termicas-do-pcs\/","title":{"rendered":"TCU libera caminho para acordo do MME com a \u00c2mbar sobre t\u00e9rmicas do PCS"},"content":{"rendered":"\n<p class=\"has-text-align-right\"><strong>da Ag\u00eancia iNFRA<\/strong><\/p>\n\n\n\n<p>O TCU (Tribunal de Contas da Uni\u00e3o) abriu caminho nesta quarta-feira (9) para que o acordo de R$ 9,5 bilh\u00f5es entre o MME (Minist\u00e9rio de Minas e Energia) e a \u00c2mbar Energia, do grupo J&amp;F, sobre t\u00e9rmicas do PCS (Procedimento Competitivo Simplificado) passe a valer. A vig\u00eancia do acordo est\u00e1 prevista para 31 de outubro, mas poder\u00e1 ser adiantada, conforme sinalizou o ministro Alexandre Silveira, de Minas e Energia.<\/p>\n\n\n\n<p>O relator do processo, ministro Benjamin Zymler, votou por considerar improcedente a representa\u00e7\u00e3o do subprocurador Lucas Furtado, que alegava irregularidades na solu\u00e7\u00e3o tratada entre o \u00f3rg\u00e3o e a empresa.<\/p>\n\n\n\n<p>Zymler tamb\u00e9m ressaltou que a t\u00e9rmica da \u00c2mbar poder\u00e1 ser necess\u00e1ria para o abastecimento energ\u00e9tico do pa\u00eds nos pr\u00f3ximos meses, dadas as condi\u00e7\u00f5es hidrol\u00f3gicas atuais. \u200b\u200b&#8221;Caso confirmado novo cen\u00e1rio de escassez, o contrato com a \u00c2mbar (e outras t\u00e9rmicas contratadas no PCS) pode se tornar indubitavelmente vantajoso, ou at\u00e9 indispens\u00e1vel, a julgar que haver\u00e1 a necessidade de pot\u00eancia (ou energia)&#8221;, diz o&nbsp;<a href=\"https:\/\/mcusercontent.com\/d460dd1bcf9ba0ae040e1fc0f\/files\/217a6257-0aa1-1e98-d8e3-ddfd34d3b72c\/017.557_2024_0_BZ_Crise_Hi_drica.pdf\" target=\"_blank\" rel=\"noreferrer noopener\">ac\u00f3rd\u00e3o<\/a>.<\/p>\n\n\n\n<p>Em 2021, a empresa foi contratada para construir quatro novas usinas t\u00e9rmicas, no entanto n\u00e3o conseguiu entreg\u00e1-las a tempo, o que poderia ocasionar na rescis\u00e3o dos contratos e multa. Dentre os termos propostos para o acordo, est\u00e1 a substitui\u00e7\u00e3o do fornecimento de energia dos quatro empreendimentos pela gera\u00e7\u00e3o em outro, j\u00e1 existente, a UTE Cuiab\u00e1.<\/p>\n\n\n\n<p>Segundo dados apontados pelo TCU, o acordo, que retira a inflexibilidade operativa, prev\u00ea o despacho da usina com um CVU (Custo Vari\u00e1vel Unit\u00e1rio) de R$ 1.039\/MWh, com a dilui\u00e7\u00e3o de R$ 9,4 bilh\u00f5es de custos durante a vig\u00eancia do contrato. J\u00e1 o valor da t\u00e9rmica merchant, ou seja, descontratada, seria maior que R$ 2.000\/MWh.<\/p>\n\n\n\n<p><strong>&#8216;Decis\u00e3o afasta questionamento&#8217;<\/strong><br>Em nota, a \u00c2mbar afirma que a decis\u00e3o do TCU evita que a quest\u00e3o seja judicializada e garante a seguran\u00e7a jur\u00eddica e energ\u00e9tica do pa\u00eds. &#8220;A aprova\u00e7\u00e3o pela corte de contas afasta qualquer questionamento a respeito do acordo e garante benef\u00edcios significativos para o consumidor em rela\u00e7\u00e3o ao contrato original ao qual a \u00c2mbar tinha direito&#8221;, diz.<\/p>\n\n\n\n<p>De acordo com a companhia, o desconto previsto no acordo \u00e9 de mais de 60% do valor do contrato, com disponibilidade da pot\u00eancia pelo dobro do prazo original, e&nbsp;gera\u00e7\u00e3o de energia apenas nos per\u00edodos de maior necessidade de abastecimento.<\/p>\n","protected":false},"excerpt":{"rendered":"<p>da Ag\u00eancia iNFRA O TCU (Tribunal de Contas da Uni\u00e3o) abriu caminho nesta quarta-feira (9) para que o acordo de R$ 9,5 bilh\u00f5es entre o MME (Minist\u00e9rio de Minas e Energia) e a \u00c2mbar Energia, do grupo J&amp;F, sobre t\u00e9rmicas do PCS (Procedimento Competitivo Simplificado) passe a valer. A vig\u00eancia do acordo est\u00e1 prevista para [&hellip;]<\/p>\n","protected":false},"author":1,"featured_media":10719,"comment_status":"closed","ping_status":"closed","sticky":false,"template":"","format":"standard","meta":{"_monsterinsights_skip_tracking":false,"_monsterinsights_sitenote_active":false,"_monsterinsights_sitenote_note":"","_monsterinsights_sitenote_category":0,"footnotes":""},"categories":[7250,1,10],"tags":[6040,5678,5481,490,1549,5482,96,71,5589,18,631],"class_list":["post-18786","post","type-post","status-publish","format-standard","has-post-thumbnail","hentry","category-destaque-lista","category-geral","category-infraenergia","tag-alexandre-silveira","tag-ambar","tag-ambar-energia","tag-benjamin-zymler","tag-cvu","tag-jf","tag-ministerio-de-minas-e-energia","tag-mme","tag-pcs","tag-tcu","tag-termicas"],"yoast_head":"<!-- This site is optimized with the Yoast SEO Premium plugin v25.4 (Yoast SEO v26.0) - https:\/\/yoast.com\/wordpress\/plugins\/seo\/ -->\n<title>TCU libera caminho para acordo do MME com a \u00c2mbar sobre t\u00e9rmicas do PCS - Ag\u00eancia iNFRA<\/title>\n<meta name=\"robots\" content=\"index, follow, max-snippet:-1, max-image-preview:large, max-video-preview:-1\" \/>\n<link rel=\"canonical\" href=\"https:\/\/agenciainfra.com\/blog\/tcu-libera-caminho-para-acordo-do-mme-com-a-ambar-sobre-termicas-do-pcs\/\" \/>\n<meta property=\"og:locale\" content=\"pt_BR\" \/>\n<meta property=\"og:type\" content=\"article\" \/>\n<meta property=\"og:title\" content=\"TCU libera caminho para acordo do MME com a \u00c2mbar sobre t\u00e9rmicas do PCS\" \/>\n<meta property=\"og:description\" content=\"da Ag\u00eancia iNFRA O TCU (Tribunal de Contas da Uni\u00e3o) abriu caminho nesta quarta-feira (9) para que o acordo de R$ 9,5 bilh\u00f5es entre o MME (Minist\u00e9rio de Minas e Energia) e a \u00c2mbar Energia, do grupo J&amp;F, sobre t\u00e9rmicas do PCS (Procedimento Competitivo Simplificado) passe a valer. A vig\u00eancia do acordo est\u00e1 prevista para [&hellip;]\" \/>\n<meta property=\"og:url\" content=\"https:\/\/agenciainfra.com\/blog\/tcu-libera-caminho-para-acordo-do-mme-com-a-ambar-sobre-termicas-do-pcs\/\" \/>\n<meta property=\"og:site_name\" content=\"Ag\u00eancia iNFRA\" \/>\n<meta property=\"article:publisher\" content=\"https:\/\/www.facebook.com\/ageninfra\" \/>\n<meta property=\"article:published_time\" content=\"2024-10-10T18:00:00+00:00\" \/>\n<meta property=\"og:image\" content=\"https:\/\/agenciainfra.com\/blog\/wp-content\/uploads\/2022\/06\/usinas-termicas-foto-dominio-publico-pexels.jpeg\" \/>\n\t<meta property=\"og:image:width\" content=\"1300\" \/>\n\t<meta property=\"og:image:height\" content=\"867\" \/>\n\t<meta property=\"og:image:type\" content=\"image\/jpeg\" \/>\n<meta name=\"author\" content=\"Ag\u00eancia iNFRA\" \/>\n<meta name=\"twitter:card\" content=\"summary_large_image\" \/>\n<meta name=\"twitter:creator\" content=\"@agencia_infra\" \/>\n<meta name=\"twitter:site\" content=\"@agencia_infra\" \/>\n<meta name=\"twitter:label1\" content=\"Escrito por\" \/>\n\t<meta name=\"twitter:data1\" content=\"Ag\u00eancia iNFRA\" \/>\n\t<meta name=\"twitter:label2\" content=\"Est. tempo de leitura\" \/>\n\t<meta name=\"twitter:data2\" content=\"2 minutos\" \/>\n<script type=\"application\/ld+json\" class=\"yoast-schema-graph\">{\"@context\":\"https:\/\/schema.org\",\"@graph\":[{\"@type\":\"Article\",\"@id\":\"https:\/\/agenciainfra.com\/blog\/tcu-libera-caminho-para-acordo-do-mme-com-a-ambar-sobre-termicas-do-pcs\/#article\",\"isPartOf\":{\"@id\":\"https:\/\/agenciainfra.com\/blog\/tcu-libera-caminho-para-acordo-do-mme-com-a-ambar-sobre-termicas-do-pcs\/\"},\"author\":{\"name\":\"Ag\u00eancia iNFRA\",\"@id\":\"https:\/\/agenciainfra.com\/blog\/#\/schema\/person\/34af08dff6adea4cb22b06612ba7acfa\"},\"headline\":\"TCU libera caminho para acordo do MME com a \u00c2mbar sobre t\u00e9rmicas do PCS\",\"datePublished\":\"2024-10-10T18:00:00+00:00\",\"mainEntityOfPage\":{\"@id\":\"https:\/\/agenciainfra.com\/blog\/tcu-libera-caminho-para-acordo-do-mme-com-a-ambar-sobre-termicas-do-pcs\/\"},\"wordCount\":433,\"publisher\":{\"@id\":\"https:\/\/agenciainfra.com\/blog\/#organization\"},\"image\":{\"@id\":\"https:\/\/agenciainfra.com\/blog\/tcu-libera-caminho-para-acordo-do-mme-com-a-ambar-sobre-termicas-do-pcs\/#primaryimage\"},\"thumbnailUrl\":\"https:\/\/agenciainfra.com\/blog\/wp-content\/uploads\/2022\/06\/usinas-termicas-foto-dominio-publico-pexels-e1748859394761.jpeg\",\"keywords\":[\"Alexandre Silveira\",\"\u00c2mbar\",\"\u00c2mbar Energia\",\"Benjamin Zymler\",\"CVU\",\"J&amp;F\",\"Minist\u00e9rio de Minas e Energia\",\"MME\",\"PCS\",\"TCU\",\"t\u00e9rmicas\"],\"articleSection\":[\"Destaque lista\",\"Geral\",\"iNFRAEnergia\"],\"inLanguage\":\"pt-BR\",\"copyrightYear\":\"2024\",\"copyrightHolder\":{\"@id\":\"https:\/\/agenciainfra.com\/blog\/#organization\"}},{\"@type\":\"WebPage\",\"@id\":\"https:\/\/agenciainfra.com\/blog\/tcu-libera-caminho-para-acordo-do-mme-com-a-ambar-sobre-termicas-do-pcs\/\",\"url\":\"https:\/\/agenciainfra.com\/blog\/tcu-libera-caminho-para-acordo-do-mme-com-a-ambar-sobre-termicas-do-pcs\/\",\"name\":\"TCU libera caminho para acordo do MME com a \u00c2mbar sobre t\u00e9rmicas do PCS - Ag\u00eancia iNFRA\",\"isPartOf\":{\"@id\":\"https:\/\/agenciainfra.com\/blog\/#website\"},\"primaryImageOfPage\":{\"@id\":\"https:\/\/agenciainfra.com\/blog\/tcu-libera-caminho-para-acordo-do-mme-com-a-ambar-sobre-termicas-do-pcs\/#primaryimage\"},\"image\":{\"@id\":\"https:\/\/agenciainfra.com\/blog\/tcu-libera-caminho-para-acordo-do-mme-com-a-ambar-sobre-termicas-do-pcs\/#primaryimage\"},\"thumbnailUrl\":\"https:\/\/agenciainfra.com\/blog\/wp-content\/uploads\/2022\/06\/usinas-termicas-foto-dominio-publico-pexels-e1748859394761.jpeg\",\"datePublished\":\"2024-10-10T18:00:00+00:00\",\"breadcrumb\":{\"@id\":\"https:\/\/agenciainfra.com\/blog\/tcu-libera-caminho-para-acordo-do-mme-com-a-ambar-sobre-termicas-do-pcs\/#breadcrumb\"},\"inLanguage\":\"pt-BR\",\"potentialAction\":[{\"@type\":\"ReadAction\",\"target\":[\"https:\/\/agenciainfra.com\/blog\/tcu-libera-caminho-para-acordo-do-mme-com-a-ambar-sobre-termicas-do-pcs\/\"]}]},{\"@type\":\"ImageObject\",\"inLanguage\":\"pt-BR\",\"@id\":\"https:\/\/agenciainfra.com\/blog\/tcu-libera-caminho-para-acordo-do-mme-com-a-ambar-sobre-termicas-do-pcs\/#primaryimage\",\"url\":\"https:\/\/agenciainfra.com\/blog\/wp-content\/uploads\/2022\/06\/usinas-termicas-foto-dominio-publico-pexels-e1748859394761.jpeg\",\"contentUrl\":\"https:\/\/agenciainfra.com\/blog\/wp-content\/uploads\/2022\/06\/usinas-termicas-foto-dominio-publico-pexels-e1748859394761.jpeg\",\"width\":1276,\"height\":780,\"caption\":\"Foto: Dom\u00ednio P\u00fablico\"},{\"@type\":\"BreadcrumbList\",\"@id\":\"https:\/\/agenciainfra.com\/blog\/tcu-libera-caminho-para-acordo-do-mme-com-a-ambar-sobre-termicas-do-pcs\/#breadcrumb\",\"itemListElement\":[{\"@type\":\"ListItem\",\"position\":1,\"name\":\"In\u00edcio\",\"item\":\"https:\/\/agenciainfra.com\/blog\/\"},{\"@type\":\"ListItem\",\"position\":2,\"name\":\"TCU libera caminho para acordo do MME com a \u00c2mbar sobre t\u00e9rmicas do PCS\"}]},{\"@type\":\"WebSite\",\"@id\":\"https:\/\/agenciainfra.com\/blog\/#website\",\"url\":\"https:\/\/agenciainfra.com\/blog\/\",\"name\":\"Ag\u00eancia iNFRA\",\"description\":\"Multiplataforma de informa\u00e7\u00e3o jornal\u00edstica refer\u00eancia na \u00e1rea de infraestrutura no Brasil!\",\"publisher\":{\"@id\":\"https:\/\/agenciainfra.com\/blog\/#organization\"},\"potentialAction\":[{\"@type\":\"SearchAction\",\"target\":{\"@type\":\"EntryPoint\",\"urlTemplate\":\"https:\/\/agenciainfra.com\/blog\/?s={search_term_string}\"},\"query-input\":{\"@type\":\"PropertyValueSpecification\",\"valueRequired\":true,\"valueName\":\"search_term_string\"}}],\"inLanguage\":\"pt-BR\"},{\"@type\":\"Organization\",\"@id\":\"https:\/\/agenciainfra.com\/blog\/#organization\",\"name\":\"Ag\u00eancia iNFRA\",\"url\":\"https:\/\/agenciainfra.com\/blog\/\",\"logo\":{\"@type\":\"ImageObject\",\"inLanguage\":\"pt-BR\",\"@id\":\"https:\/\/agenciainfra.com\/blog\/#\/schema\/logo\/image\/\",\"url\":\"https:\/\/agenciainfra.com\/blog\/wp-content\/uploads\/2023\/09\/iNFRA_5-e1761735885940.png\",\"contentUrl\":\"https:\/\/agenciainfra.com\/blog\/wp-content\/uploads\/2023\/09\/iNFRA_5-e1761735885940.png\",\"width\":1672,\"height\":454,\"caption\":\"Ag\u00eancia iNFRA\"},\"image\":{\"@id\":\"https:\/\/agenciainfra.com\/blog\/#\/schema\/logo\/image\/\"},\"sameAs\":[\"https:\/\/www.facebook.com\/ageninfra\",\"https:\/\/x.com\/agencia_infra\",\"https:\/\/www.linkedin.com\/company\/ag\u00eanciainfra\/\",\"https:\/\/www.instagram.com\/agenciainfra\/\"]},{\"@type\":\"Person\",\"@id\":\"https:\/\/agenciainfra.com\/blog\/#\/schema\/person\/34af08dff6adea4cb22b06612ba7acfa\",\"name\":\"Ag\u00eancia iNFRA\",\"image\":{\"@type\":\"ImageObject\",\"inLanguage\":\"pt-BR\",\"@id\":\"https:\/\/agenciainfra.com\/blog\/#\/schema\/person\/image\/\",\"url\":\"https:\/\/secure.gravatar.com\/avatar\/d189e01678f06d8eb84d4e01f08eb848b3fffe3f8443818d3c356c66892f5be8?s=96&d=mm&r=g\",\"contentUrl\":\"https:\/\/secure.gravatar.com\/avatar\/d189e01678f06d8eb84d4e01f08eb848b3fffe3f8443818d3c356c66892f5be8?s=96&d=mm&r=g\",\"caption\":\"Ag\u00eancia iNFRA\"},\"url\":\"https:\/\/agenciainfra.com\/blog\/author\/admin\/\"}]}<\/script>\n<!-- \/ Yoast SEO Premium plugin. -->","yoast_head_json":{"title":"TCU libera caminho para acordo do MME com a \u00c2mbar sobre t\u00e9rmicas do PCS - Ag\u00eancia iNFRA","robots":{"index":"index","follow":"follow","max-snippet":"max-snippet:-1","max-image-preview":"max-image-preview:large","max-video-preview":"max-video-preview:-1"},"canonical":"https:\/\/agenciainfra.com\/blog\/tcu-libera-caminho-para-acordo-do-mme-com-a-ambar-sobre-termicas-do-pcs\/","og_locale":"pt_BR","og_type":"article","og_title":"TCU libera caminho para acordo do MME com a \u00c2mbar sobre t\u00e9rmicas do PCS","og_description":"da Ag\u00eancia iNFRA O TCU (Tribunal de Contas da Uni\u00e3o) abriu caminho nesta quarta-feira (9) para que o acordo de R$ 9,5 bilh\u00f5es entre o MME (Minist\u00e9rio de Minas e Energia) e a \u00c2mbar Energia, do grupo J&amp;F, sobre t\u00e9rmicas do PCS (Procedimento Competitivo Simplificado) passe a valer. A vig\u00eancia do acordo est\u00e1 prevista para [&hellip;]","og_url":"https:\/\/agenciainfra.com\/blog\/tcu-libera-caminho-para-acordo-do-mme-com-a-ambar-sobre-termicas-do-pcs\/","og_site_name":"Ag\u00eancia iNFRA","article_publisher":"https:\/\/www.facebook.com\/ageninfra","article_published_time":"2024-10-10T18:00:00+00:00","og_image":[{"width":1300,"height":867,"url":"https:\/\/agenciainfra.com\/blog\/wp-content\/uploads\/2022\/06\/usinas-termicas-foto-dominio-publico-pexels.jpeg","type":"image\/jpeg"}],"author":"Ag\u00eancia iNFRA","twitter_card":"summary_large_image","twitter_creator":"@agencia_infra","twitter_site":"@agencia_infra","twitter_misc":{"Escrito por":"Ag\u00eancia iNFRA","Est. tempo de leitura":"2 minutos"},"schema":{"@context":"https:\/\/schema.org","@graph":[{"@type":"Article","@id":"https:\/\/agenciainfra.com\/blog\/tcu-libera-caminho-para-acordo-do-mme-com-a-ambar-sobre-termicas-do-pcs\/#article","isPartOf":{"@id":"https:\/\/agenciainfra.com\/blog\/tcu-libera-caminho-para-acordo-do-mme-com-a-ambar-sobre-termicas-do-pcs\/"},"author":{"name":"Ag\u00eancia iNFRA","@id":"https:\/\/agenciainfra.com\/blog\/#\/schema\/person\/34af08dff6adea4cb22b06612ba7acfa"},"headline":"TCU libera caminho para acordo do MME com a \u00c2mbar sobre t\u00e9rmicas do PCS","datePublished":"2024-10-10T18:00:00+00:00","mainEntityOfPage":{"@id":"https:\/\/agenciainfra.com\/blog\/tcu-libera-caminho-para-acordo-do-mme-com-a-ambar-sobre-termicas-do-pcs\/"},"wordCount":433,"publisher":{"@id":"https:\/\/agenciainfra.com\/blog\/#organization"},"image":{"@id":"https:\/\/agenciainfra.com\/blog\/tcu-libera-caminho-para-acordo-do-mme-com-a-ambar-sobre-termicas-do-pcs\/#primaryimage"},"thumbnailUrl":"https:\/\/agenciainfra.com\/blog\/wp-content\/uploads\/2022\/06\/usinas-termicas-foto-dominio-publico-pexels-e1748859394761.jpeg","keywords":["Alexandre Silveira","\u00c2mbar","\u00c2mbar Energia","Benjamin Zymler","CVU","J&amp;F","Minist\u00e9rio de Minas e Energia","MME","PCS","TCU","t\u00e9rmicas"],"articleSection":["Destaque lista","Geral","iNFRAEnergia"],"inLanguage":"pt-BR","copyrightYear":"2024","copyrightHolder":{"@id":"https:\/\/agenciainfra.com\/blog\/#organization"}},{"@type":"WebPage","@id":"https:\/\/agenciainfra.com\/blog\/tcu-libera-caminho-para-acordo-do-mme-com-a-ambar-sobre-termicas-do-pcs\/","url":"https:\/\/agenciainfra.com\/blog\/tcu-libera-caminho-para-acordo-do-mme-com-a-ambar-sobre-termicas-do-pcs\/","name":"TCU libera caminho para acordo do MME com a \u00c2mbar sobre t\u00e9rmicas do PCS - Ag\u00eancia iNFRA","isPartOf":{"@id":"https:\/\/agenciainfra.com\/blog\/#website"},"primaryImageOfPage":{"@id":"https:\/\/agenciainfra.com\/blog\/tcu-libera-caminho-para-acordo-do-mme-com-a-ambar-sobre-termicas-do-pcs\/#primaryimage"},"image":{"@id":"https:\/\/agenciainfra.com\/blog\/tcu-libera-caminho-para-acordo-do-mme-com-a-ambar-sobre-termicas-do-pcs\/#primaryimage"},"thumbnailUrl":"https:\/\/agenciainfra.com\/blog\/wp-content\/uploads\/2022\/06\/usinas-termicas-foto-dominio-publico-pexels-e1748859394761.jpeg","datePublished":"2024-10-10T18:00:00+00:00","breadcrumb":{"@id":"https:\/\/agenciainfra.com\/blog\/tcu-libera-caminho-para-acordo-do-mme-com-a-ambar-sobre-termicas-do-pcs\/#breadcrumb"},"inLanguage":"pt-BR","potentialAction":[{"@type":"ReadAction","target":["https:\/\/agenciainfra.com\/blog\/tcu-libera-caminho-para-acordo-do-mme-com-a-ambar-sobre-termicas-do-pcs\/"]}]},{"@type":"ImageObject","inLanguage":"pt-BR","@id":"https:\/\/agenciainfra.com\/blog\/tcu-libera-caminho-para-acordo-do-mme-com-a-ambar-sobre-termicas-do-pcs\/#primaryimage","url":"https:\/\/agenciainfra.com\/blog\/wp-content\/uploads\/2022\/06\/usinas-termicas-foto-dominio-publico-pexels-e1748859394761.jpeg","contentUrl":"https:\/\/agenciainfra.com\/blog\/wp-content\/uploads\/2022\/06\/usinas-termicas-foto-dominio-publico-pexels-e1748859394761.jpeg","width":1276,"height":780,"caption":"Foto: Dom\u00ednio P\u00fablico"},{"@type":"BreadcrumbList","@id":"https:\/\/agenciainfra.com\/blog\/tcu-libera-caminho-para-acordo-do-mme-com-a-ambar-sobre-termicas-do-pcs\/#breadcrumb","itemListElement":[{"@type":"ListItem","position":1,"name":"In\u00edcio","item":"https:\/\/agenciainfra.com\/blog\/"},{"@type":"ListItem","position":2,"name":"TCU libera caminho para acordo do MME com a \u00c2mbar sobre t\u00e9rmicas do PCS"}]},{"@type":"WebSite","@id":"https:\/\/agenciainfra.com\/blog\/#website","url":"https:\/\/agenciainfra.com\/blog\/","name":"Ag\u00eancia iNFRA","description":"Multiplataforma de informa\u00e7\u00e3o jornal\u00edstica refer\u00eancia na \u00e1rea de infraestrutura no Brasil!","publisher":{"@id":"https:\/\/agenciainfra.com\/blog\/#organization"},"potentialAction":[{"@type":"SearchAction","target":{"@type":"EntryPoint","urlTemplate":"https:\/\/agenciainfra.com\/blog\/?s={search_term_string}"},"query-input":{"@type":"PropertyValueSpecification","valueRequired":true,"valueName":"search_term_string"}}],"inLanguage":"pt-BR"},{"@type":"Organization","@id":"https:\/\/agenciainfra.com\/blog\/#organization","name":"Ag\u00eancia iNFRA","url":"https:\/\/agenciainfra.com\/blog\/","logo":{"@type":"ImageObject","inLanguage":"pt-BR","@id":"https:\/\/agenciainfra.com\/blog\/#\/schema\/logo\/image\/","url":"https:\/\/agenciainfra.com\/blog\/wp-content\/uploads\/2023\/09\/iNFRA_5-e1761735885940.png","contentUrl":"https:\/\/agenciainfra.com\/blog\/wp-content\/uploads\/2023\/09\/iNFRA_5-e1761735885940.png","width":1672,"height":454,"caption":"Ag\u00eancia iNFRA"},"image":{"@id":"https:\/\/agenciainfra.com\/blog\/#\/schema\/logo\/image\/"},"sameAs":["https:\/\/www.facebook.com\/ageninfra","https:\/\/x.com\/agencia_infra","https:\/\/www.linkedin.com\/company\/ag\u00eanciainfra\/","https:\/\/www.instagram.com\/agenciainfra\/"]},{"@type":"Person","@id":"https:\/\/agenciainfra.com\/blog\/#\/schema\/person\/34af08dff6adea4cb22b06612ba7acfa","name":"Ag\u00eancia iNFRA","image":{"@type":"ImageObject","inLanguage":"pt-BR","@id":"https:\/\/agenciainfra.com\/blog\/#\/schema\/person\/image\/","url":"https:\/\/secure.gravatar.com\/avatar\/d189e01678f06d8eb84d4e01f08eb848b3fffe3f8443818d3c356c66892f5be8?s=96&d=mm&r=g","contentUrl":"https:\/\/secure.gravatar.com\/avatar\/d189e01678f06d8eb84d4e01f08eb848b3fffe3f8443818d3c356c66892f5be8?s=96&d=mm&r=g","caption":"Ag\u00eancia iNFRA"},"url":"https:\/\/agenciainfra.com\/blog\/author\/admin\/"}]}},"_links":{"self":[{"href":"https:\/\/agenciainfra.com\/blog\/wp-json\/wp\/v2\/posts\/18786","targetHints":{"allow":["GET"]}}],"collection":[{"href":"https:\/\/agenciainfra.com\/blog\/wp-json\/wp\/v2\/posts"}],"about":[{"href":"https:\/\/agenciainfra.com\/blog\/wp-json\/wp\/v2\/types\/post"}],"author":[{"embeddable":true,"href":"https:\/\/agenciainfra.com\/blog\/wp-json\/wp\/v2\/users\/1"}],"replies":[{"embeddable":true,"href":"https:\/\/agenciainfra.com\/blog\/wp-json\/wp\/v2\/comments?post=18786"}],"version-history":[{"count":1,"href":"https:\/\/agenciainfra.com\/blog\/wp-json\/wp\/v2\/posts\/18786\/revisions"}],"predecessor-version":[{"id":18787,"href":"https:\/\/agenciainfra.com\/blog\/wp-json\/wp\/v2\/posts\/18786\/revisions\/18787"}],"wp:featuredmedia":[{"embeddable":true,"href":"https:\/\/agenciainfra.com\/blog\/wp-json\/wp\/v2\/media\/10719"}],"wp:attachment":[{"href":"https:\/\/agenciainfra.com\/blog\/wp-json\/wp\/v2\/media?parent=18786"}],"wp:term":[{"taxonomy":"category","embeddable":true,"href":"https:\/\/agenciainfra.com\/blog\/wp-json\/wp\/v2\/categories?post=18786"},{"taxonomy":"post_tag","embeddable":true,"href":"https:\/\/agenciainfra.com\/blog\/wp-json\/wp\/v2\/tags?post=18786"}],"curies":[{"name":"wp","href":"https:\/\/api.w.org\/{rel}","templated":true}]}}