{"id":18794,"date":"2024-10-12T09:00:00","date_gmt":"2024-10-12T12:00:00","guid":{"rendered":"https:\/\/agenciainfra.com\/blog\/?p=18794"},"modified":"2024-10-15T06:57:34","modified_gmt":"2024-10-15T09:57:34","slug":"proposta-de-mudanca-da-lei-de-portos-acaba-com-indicacao-de-modicidade-tarifaria-e-exclusividade-para-contratar-mao-de-obra","status":"publish","type":"post","link":"https:\/\/agenciainfra.com\/blog\/proposta-de-mudanca-da-lei-de-portos-acaba-com-indicacao-de-modicidade-tarifaria-e-exclusividade-para-contratar-mao-de-obra\/","title":{"rendered":"Proposta de mudan\u00e7a da Lei de Portos acaba com indica\u00e7\u00e3o de modicidade tarif\u00e1ria e exclusividade para contratar m\u00e3o de obra"},"content":{"rendered":"\n<p class=\"has-text-align-right\"><strong>Dimmi Amora, da Ag\u00eancia iNFRA<\/strong><\/p>\n\n\n\n<p>A Comiss\u00e3o Especial de Juristas criada pela C\u00e2mara dos Deputados neste ano est\u00e1 propondo a implanta\u00e7\u00e3o de uma nova lei de portos no pa\u00eds, extinguindo a lei aprovada em 2013, com mudan\u00e7as expressivas no funcionamento do setor.<\/p>\n\n\n\n<p>A&nbsp;<a href=\"https:\/\/agenciainfra.us14.list-manage.com\/track\/click?u=d460dd1bcf9ba0ae040e1fc0f&amp;id=f4a34eaabd&amp;e=1192c754bc\" target=\"_blank\" rel=\"noreferrer noopener\">proposta inicial<\/a>&nbsp;\u00e0 qual a&nbsp;<strong>Ag\u00eancia iNFRA<\/strong>&nbsp;teve acesso, e que ainda pode sofrer altera\u00e7\u00f5es antes da vers\u00e3o final, prop\u00f5e maior liberdade para os terminais que operam em portos p\u00fablicos na realiza\u00e7\u00e3o de investimentos e na cobran\u00e7a dos pre\u00e7os aos usu\u00e1rios, al\u00e9m de ampliar o prazo de todos os contratos existentes para at\u00e9 70 anos.<\/p>\n\n\n\n<p>Tamb\u00e9m acaba com a exclusividade na contrata\u00e7\u00e3o de m\u00e3o de obra nos portos p\u00fablicos, esvazia o poder do Minist\u00e9rio de Portos e Aeroportos, repassando as principais compet\u00eancias para a ANTAQ (Ag\u00eancia Nacional de Transportes Aquavi\u00e1rios) e para as autoridades portu\u00e1rias, e amplia os poderes dos CAPs (Conselhos de Autoridade Portu\u00e1ria).<\/p>\n\n\n\n<p>Em seu relat\u00f3rio, o desembargador Celso Peel, que \u00e9 o relator da comiss\u00e3o denominada Ceportos, defende que a mudan\u00e7a \u00e9 necess\u00e1ria porque o setor portu\u00e1rio enfrenta &#8220;desafios significativos, incluindo a burocracia excessiva, a falta de seguran\u00e7a jur\u00eddica e a necessidade de moderniza\u00e7\u00e3o&#8221;, e informa que &#8220;esses fatores impactam diretamente a efici\u00eancia das opera\u00e7\u00f5es portu\u00e1rias e a atra\u00e7\u00e3o de investimentos&#8221;.<\/p>\n\n\n\n<p>Tamb\u00e9m defende que, para a elabora\u00e7\u00e3o da proposta, &#8220;foram ouvidos de forma exaustiva representantes de todas as partes que comp\u00f5em o sistema, particularmente, representantes das classes trabalhadoras e empregadoras&#8221;.<\/p>\n\n\n\n<p>No entanto, a proposta apresentada \u00e9 motivo de cr\u00edticas tanto do setor patronal como dos trabalhadores ouvidos pela&nbsp;<strong>Ag\u00eancia iNFRA<\/strong>. Ela n\u00e3o \u00e9 a vers\u00e3o definitiva. Os participantes da comiss\u00e3o est\u00e3o enviando sugest\u00f5es de mudan\u00e7as que ser\u00e3o apreciadas at\u00e9 a entrega de um relat\u00f3rio final previsto para o dia 23 de outubro.<\/p>\n\n\n\n<p>O relat\u00f3rio indica que o texto est\u00e1 baseado em princ\u00edpios como o &#8220;consensualismo, a seguran\u00e7a jur\u00eddica, a livre iniciativa e a valoriza\u00e7\u00e3o do trabalho humano&#8221; e que as diretrizes para isso foram a descentraliza\u00e7\u00e3o, a desburocratiza\u00e7\u00e3o e a simplifica\u00e7\u00e3o.<\/p>\n\n\n\n<p>Seguindo essas diretrizes, o relat\u00f3rio informa que retirou &#8220;a necessidade de aplica\u00e7\u00e3o do princ\u00edpio da modicidade e publicidade aos pre\u00e7os praticados nos portos p\u00fablicos, para dar ao arrendat\u00e1rio\/concession\u00e1rio a possibilidade de competir em iguais condi\u00e7\u00f5es com o porto privado&#8221;.<\/p>\n\n\n\n<p>O setor portu\u00e1rio funciona num modelo que se assemelha a um shopping center. As autoridades portu\u00e1rias, p\u00fablicas ou concedidas, s\u00e3o os donos do shopping que alugam (arrendam) lojas (terminais) para empresas privadas operarem (movimentarem cargas). Nesse modelo, as autoridades portu\u00e1rias cobram o arrendamento dos terminais, mas esses t\u00eam liberdade para cobrar dos seus clientes.<\/p>\n\n\n\n<p><strong>Servi\u00e7os p\u00fablicos<\/strong><br>No entanto, a lei atual refere-se a esses servi\u00e7os prestados pelos arrendat\u00e1rios como p\u00fablicos e, por isso, submetidos a regras de qualidade de presta\u00e7\u00e3o e pre\u00e7os m\u00f3dicos, entre outras. E isso gera dezenas de conflitos sobre pre\u00e7os, que acabam tendo que ser arbitrados pela ag\u00eancia reguladora.<\/p>\n\n\n\n<p>Os terminais arrendados tamb\u00e9m poder\u00e3o fazer investimentos por sua conta e risco e sem revers\u00e3o de bens ao fim do contrato. Hoje a empresa tem que pedir autoriza\u00e7\u00e3o da ag\u00eancia para fazer grandes investimentos, a qual faz v\u00e1rias an\u00e1lise sobre necessidade, interesse p\u00fablico, custos e outros. E&nbsp;esses investimentos s\u00e3o revertidos ao patrim\u00f4nio p\u00fablico ao fim do contrato.<\/p>\n\n\n\n<p>&#8220;Uma das motiva\u00e7\u00f5es para conceder ou arrendar infraestruturas ao setor privado \u00e9 que este conhece melhor as necessidades do neg\u00f3cio, inclusive os investimentos requeridos, do que o setor p\u00fablico. N\u00e3o faz sentido que se demore um tempo enorme para o regulador avaliar o investimento e apenas a\u00ed conceder a autoriza\u00e7\u00e3o para investir&#8221;, escreve o desembargador para defender a proposta.<\/p>\n\n\n\n<p>A ag\u00eancia ficou mais empoderada nesses conflitos, j\u00e1 que est\u00e3o sendo propostos delineamentos na lei que determinam ao Cade (Conselho Administrativo de Defesa Econ\u00f4mica) que informe a ela, por exemplo, casos que foram denunciados ao \u00f3rg\u00e3o de defesa da concorr\u00eancia.<\/p>\n\n\n\n<p><strong>70 anos para todos<\/strong><br>Todos os contratos de terminais portu\u00e1rios poder\u00e3o ter at\u00e9 70 anos de prazo. Esse prazo passou a valer para novos contratos a partir de um decreto de 2017 e a ideia \u00e9 incluir isso em todos os contratos, mesmo os assinados anteriormente a 2017 e que tiveram previs\u00e3o expl\u00edcita de prazo menor, o que depender\u00e1 de avalia\u00e7\u00e3o da ANTAQ.<\/p>\n\n\n\n<p>A proposta tamb\u00e9m empoderou a ag\u00eancia dando a ela o poder concedente, atualmente com o Minist\u00e9rio de Portos e Aeroportos. Segundo o relat\u00f3rio, &#8220;atualmente, a \u00fanica ag\u00eancia reguladora que n\u00e3o funciona como Poder Concedente \u00e9 a Antaq. Esta mudan\u00e7a corrige esta distor\u00e7\u00e3o&#8221;.<\/p>\n\n\n\n<p>As autoridades portu\u00e1rias locais tamb\u00e9m ganharam mais poderes, com autonomia para realizar suas pr\u00f3prias licita\u00e7\u00f5es, por exemplo. \u00c9 uma mudan\u00e7a profunda em rela\u00e7\u00e3o \u00e0 lei de 2013, que indicou a necessidade de centraliza\u00e7\u00e3o desses poderes no minist\u00e9rio sob o argumento da \u00e9poca de que as comunidades locais dominavam os portos e impediam a concorr\u00eancia.<\/p>\n\n\n\n<p>Tamb\u00e9m est\u00e1 sendo criado um modelo mais facilitado de contrata\u00e7\u00e3o por parte dessas estatais e colocada na lei a permiss\u00e3o para que possa ser feito um programa de concess\u00e3o de dragagens. Os CAPs mantiveram sua fun\u00e7\u00e3o de \u00f3rg\u00e3o consultivo da autoridade portu\u00e1ria, mas ter\u00e3o mais poderes, como sabatinar diretores indicados (tamb\u00e9m de maneira consultiva).<\/p>\n\n\n\n<p><strong>Profundas mudan\u00e7as na m\u00e3o de obra<\/strong><br>O que era apontado por quem acompanha o setor como o principal motivo para a cria\u00e7\u00e3o da Ceportos, a mudan\u00e7a nas regras de contrata\u00e7\u00e3o de m\u00e3o de obra portu\u00e1ria, foi concretizado, fazendo profundas mudan\u00e7as em rela\u00e7\u00e3o a esse tema, o que est\u00e1 levando os trabalhadores do setor a convoca\u00e7\u00e3o de uma greve para o dia 22 de outubro (reportagem abaixo).<\/p>\n\n\n\n<p>Os portos p\u00fablicos s\u00e3o obrigados a contratar trabalhadores para grande parte dos servi\u00e7os do cais e do navio junto a uma organiza\u00e7\u00e3o denominada Ogmo (\u00d3rg\u00e3o Gestor de M\u00e3o de Obra). As empresas reclamam que a contrata\u00e7\u00e3o obrigat\u00f3ria nesse \u00f3rg\u00e3o cria problemas para o gerenciamento, al\u00e9m de custos excessivos e baixa produtividade.<\/p>\n\n\n\n<p>Na lei de 2013, houve a tentativa de acabar com a exclusividade, mas os trabalhadores portu\u00e1rios conseguiram se mobilizar e n\u00e3o s\u00f3 mantiveram como ampliaram as hip\u00f3teses de contrata\u00e7\u00e3o exclusiva. Desde ent\u00e3o, organiza\u00e7\u00f5es patronais tentam derrubar esse dispositivo legal na Justi\u00e7a, sem sucesso.<\/p>\n\n\n\n<p><strong>Fus\u00e3o de categorias<\/strong><br>A proposta da Ceportos&nbsp;n\u00e3o s\u00f3 acaba&nbsp;com a obrigatoriedade, como permite que empresas privadas e cooperativas possam fornecer m\u00e3o de obra avulsa (n\u00e3o fixa) para os trabalhos portu\u00e1rios. Al\u00e9m disso, tira v\u00e1rias categorias de trabalhadores dessa rela\u00e7\u00e3o, al\u00e9m de determinar que ao longo do tempo elas ter\u00e3o que se fundir em uma \u00fanica.&nbsp;<\/p>\n\n\n\n<p>&#8220;A obrigatoriedade de se contratar exclusivamente trabalhadores com registro no OGMO representa um gargalo no processo de moderniza\u00e7\u00e3o do setor, incompat\u00edvel com as demandas atuais do setor portu\u00e1rio, na medida em que dificulta incrementos de efici\u00eancia gerados pela automatiza\u00e7\u00e3o&#8221;, informa o relat\u00f3rio.<\/p>\n","protected":false},"excerpt":{"rendered":"<p>Dimmi Amora, da Ag\u00eancia iNFRA A Comiss\u00e3o Especial de Juristas criada pela C\u00e2mara dos Deputados neste ano est\u00e1 propondo a implanta\u00e7\u00e3o de uma nova lei de portos no pa\u00eds, extinguindo a lei aprovada em 2013, com mudan\u00e7as expressivas no funcionamento do setor. A&nbsp;proposta inicial&nbsp;\u00e0 qual a&nbsp;Ag\u00eancia iNFRA&nbsp;teve acesso, e que ainda pode sofrer altera\u00e7\u00f5es antes [&hellip;]<\/p>\n","protected":false},"author":1,"featured_media":7180,"comment_status":"closed","ping_status":"closed","sticky":false,"template":"","format":"standard","meta":{"_monsterinsights_skip_tracking":false,"_monsterinsights_sitenote_active":false,"_monsterinsights_sitenote_note":"","_monsterinsights_sitenote_category":0,"footnotes":""},"categories":[7250,1,7],"tags":[305,11542,11541,1299,9889,2557,6919,310],"class_list":["post-18794","post","type-post","status-publish","format-standard","has-post-thumbnail","hentry","category-destaque-lista","category-geral","category-infratransporte","tag-camara-dos-deputados","tag-celso-peel","tag-comissao-especial-de-juristas","tag-dimmi-amora","tag-lei","tag-lei-de-portos","tag-mpor","tag-portos"],"yoast_head":"<!-- This site is optimized with the Yoast SEO Premium plugin v25.4 (Yoast SEO v26.0) - https:\/\/yoast.com\/wordpress\/plugins\/seo\/ -->\n<title>Proposta de mudan\u00e7a da Lei de Portos acaba com indica\u00e7\u00e3o de modicidade tarif\u00e1ria e exclusividade para contratar m\u00e3o de obra - Ag\u00eancia iNFRA<\/title>\n<meta name=\"robots\" content=\"index, follow, max-snippet:-1, max-image-preview:large, max-video-preview:-1\" \/>\n<link rel=\"canonical\" href=\"https:\/\/agenciainfra.com\/blog\/proposta-de-mudanca-da-lei-de-portos-acaba-com-indicacao-de-modicidade-tarifaria-e-exclusividade-para-contratar-mao-de-obra\/\" \/>\n<meta property=\"og:locale\" content=\"pt_BR\" \/>\n<meta property=\"og:type\" content=\"article\" \/>\n<meta property=\"og:title\" content=\"Proposta de mudan\u00e7a da Lei de Portos acaba com indica\u00e7\u00e3o de modicidade tarif\u00e1ria e exclusividade para contratar m\u00e3o de obra\" \/>\n<meta property=\"og:description\" content=\"Dimmi Amora, da Ag\u00eancia iNFRA A Comiss\u00e3o Especial de Juristas criada pela C\u00e2mara dos Deputados neste ano est\u00e1 propondo a implanta\u00e7\u00e3o de uma nova lei de portos no pa\u00eds, extinguindo a lei aprovada em 2013, com mudan\u00e7as expressivas no funcionamento do setor. A&nbsp;proposta inicial&nbsp;\u00e0 qual a&nbsp;Ag\u00eancia iNFRA&nbsp;teve acesso, e que ainda pode sofrer altera\u00e7\u00f5es antes [&hellip;]\" \/>\n<meta property=\"og:url\" content=\"https:\/\/agenciainfra.com\/blog\/proposta-de-mudanca-da-lei-de-portos-acaba-com-indicacao-de-modicidade-tarifaria-e-exclusividade-para-contratar-mao-de-obra\/\" \/>\n<meta property=\"og:site_name\" content=\"Ag\u00eancia iNFRA\" \/>\n<meta property=\"article:publisher\" content=\"https:\/\/www.facebook.com\/ageninfra\" \/>\n<meta property=\"article:published_time\" content=\"2024-10-12T12:00:00+00:00\" \/>\n<meta property=\"article:modified_time\" content=\"2024-10-15T09:57:34+00:00\" \/>\n<meta property=\"og:image\" content=\"https:\/\/agenciainfra.com\/blog\/wp-content\/uploads\/2021\/04\/porto-paranagua-foto-portos-do-parana.jpeg\" \/>\n\t<meta property=\"og:image:width\" content=\"1280\" \/>\n\t<meta property=\"og:image:height\" content=\"727\" \/>\n\t<meta property=\"og:image:type\" content=\"image\/jpeg\" \/>\n<meta name=\"author\" content=\"Ag\u00eancia iNFRA\" \/>\n<meta name=\"twitter:card\" content=\"summary_large_image\" \/>\n<meta name=\"twitter:creator\" content=\"@agencia_infra\" \/>\n<meta name=\"twitter:site\" content=\"@agencia_infra\" \/>\n<meta name=\"twitter:label1\" content=\"Escrito por\" \/>\n\t<meta name=\"twitter:data1\" content=\"Ag\u00eancia iNFRA\" \/>\n\t<meta name=\"twitter:label2\" content=\"Est. tempo de leitura\" \/>\n\t<meta name=\"twitter:data2\" content=\"6 minutos\" \/>\n<script type=\"application\/ld+json\" class=\"yoast-schema-graph\">{\"@context\":\"https:\/\/schema.org\",\"@graph\":[{\"@type\":\"Article\",\"@id\":\"https:\/\/agenciainfra.com\/blog\/proposta-de-mudanca-da-lei-de-portos-acaba-com-indicacao-de-modicidade-tarifaria-e-exclusividade-para-contratar-mao-de-obra\/#article\",\"isPartOf\":{\"@id\":\"https:\/\/agenciainfra.com\/blog\/proposta-de-mudanca-da-lei-de-portos-acaba-com-indicacao-de-modicidade-tarifaria-e-exclusividade-para-contratar-mao-de-obra\/\"},\"author\":{\"name\":\"Ag\u00eancia iNFRA\",\"@id\":\"https:\/\/agenciainfra.com\/blog\/#\/schema\/person\/34af08dff6adea4cb22b06612ba7acfa\"},\"headline\":\"Proposta de mudan\u00e7a da Lei de Portos acaba com indica\u00e7\u00e3o de modicidade tarif\u00e1ria e exclusividade para contratar m\u00e3o de obra\",\"datePublished\":\"2024-10-12T12:00:00+00:00\",\"dateModified\":\"2024-10-15T09:57:34+00:00\",\"mainEntityOfPage\":{\"@id\":\"https:\/\/agenciainfra.com\/blog\/proposta-de-mudanca-da-lei-de-portos-acaba-com-indicacao-de-modicidade-tarifaria-e-exclusividade-para-contratar-mao-de-obra\/\"},\"wordCount\":1289,\"publisher\":{\"@id\":\"https:\/\/agenciainfra.com\/blog\/#organization\"},\"image\":{\"@id\":\"https:\/\/agenciainfra.com\/blog\/proposta-de-mudanca-da-lei-de-portos-acaba-com-indicacao-de-modicidade-tarifaria-e-exclusividade-para-contratar-mao-de-obra\/#primaryimage\"},\"thumbnailUrl\":\"https:\/\/agenciainfra.com\/blog\/wp-content\/uploads\/2021\/04\/porto-paranagua-foto-portos-do-parana.jpeg\",\"keywords\":[\"C\u00e2mara dos Deputados\",\"Celso Peel\",\"Comiss\u00e3o Especial de Juristas\",\"Dimmi Amora\",\"Lei\",\"Lei de Portos\",\"MPor\",\"portos\"],\"articleSection\":[\"Destaque lista\",\"Geral\",\"iNFRATransporte\"],\"inLanguage\":\"pt-BR\",\"copyrightYear\":\"2024\",\"copyrightHolder\":{\"@id\":\"https:\/\/agenciainfra.com\/blog\/#organization\"}},{\"@type\":\"WebPage\",\"@id\":\"https:\/\/agenciainfra.com\/blog\/proposta-de-mudanca-da-lei-de-portos-acaba-com-indicacao-de-modicidade-tarifaria-e-exclusividade-para-contratar-mao-de-obra\/\",\"url\":\"https:\/\/agenciainfra.com\/blog\/proposta-de-mudanca-da-lei-de-portos-acaba-com-indicacao-de-modicidade-tarifaria-e-exclusividade-para-contratar-mao-de-obra\/\",\"name\":\"Proposta de mudan\u00e7a da Lei de Portos acaba com indica\u00e7\u00e3o de modicidade tarif\u00e1ria e exclusividade para contratar m\u00e3o de obra - Ag\u00eancia iNFRA\",\"isPartOf\":{\"@id\":\"https:\/\/agenciainfra.com\/blog\/#website\"},\"primaryImageOfPage\":{\"@id\":\"https:\/\/agenciainfra.com\/blog\/proposta-de-mudanca-da-lei-de-portos-acaba-com-indicacao-de-modicidade-tarifaria-e-exclusividade-para-contratar-mao-de-obra\/#primaryimage\"},\"image\":{\"@id\":\"https:\/\/agenciainfra.com\/blog\/proposta-de-mudanca-da-lei-de-portos-acaba-com-indicacao-de-modicidade-tarifaria-e-exclusividade-para-contratar-mao-de-obra\/#primaryimage\"},\"thumbnailUrl\":\"https:\/\/agenciainfra.com\/blog\/wp-content\/uploads\/2021\/04\/porto-paranagua-foto-portos-do-parana.jpeg\",\"datePublished\":\"2024-10-12T12:00:00+00:00\",\"dateModified\":\"2024-10-15T09:57:34+00:00\",\"breadcrumb\":{\"@id\":\"https:\/\/agenciainfra.com\/blog\/proposta-de-mudanca-da-lei-de-portos-acaba-com-indicacao-de-modicidade-tarifaria-e-exclusividade-para-contratar-mao-de-obra\/#breadcrumb\"},\"inLanguage\":\"pt-BR\",\"potentialAction\":[{\"@type\":\"ReadAction\",\"target\":[\"https:\/\/agenciainfra.com\/blog\/proposta-de-mudanca-da-lei-de-portos-acaba-com-indicacao-de-modicidade-tarifaria-e-exclusividade-para-contratar-mao-de-obra\/\"]}]},{\"@type\":\"ImageObject\",\"inLanguage\":\"pt-BR\",\"@id\":\"https:\/\/agenciainfra.com\/blog\/proposta-de-mudanca-da-lei-de-portos-acaba-com-indicacao-de-modicidade-tarifaria-e-exclusividade-para-contratar-mao-de-obra\/#primaryimage\",\"url\":\"https:\/\/agenciainfra.com\/blog\/wp-content\/uploads\/2021\/04\/porto-paranagua-foto-portos-do-parana.jpeg\",\"contentUrl\":\"https:\/\/agenciainfra.com\/blog\/wp-content\/uploads\/2021\/04\/porto-paranagua-foto-portos-do-parana.jpeg\",\"width\":1280,\"height\":727,\"caption\":\"Foto: Portos do Paran\u00e1\"},{\"@type\":\"BreadcrumbList\",\"@id\":\"https:\/\/agenciainfra.com\/blog\/proposta-de-mudanca-da-lei-de-portos-acaba-com-indicacao-de-modicidade-tarifaria-e-exclusividade-para-contratar-mao-de-obra\/#breadcrumb\",\"itemListElement\":[{\"@type\":\"ListItem\",\"position\":1,\"name\":\"In\u00edcio\",\"item\":\"https:\/\/agenciainfra.com\/blog\/\"},{\"@type\":\"ListItem\",\"position\":2,\"name\":\"Proposta de mudan\u00e7a da Lei de Portos acaba com indica\u00e7\u00e3o de modicidade tarif\u00e1ria e exclusividade para contratar m\u00e3o de obra\"}]},{\"@type\":\"WebSite\",\"@id\":\"https:\/\/agenciainfra.com\/blog\/#website\",\"url\":\"https:\/\/agenciainfra.com\/blog\/\",\"name\":\"Ag\u00eancia iNFRA\",\"description\":\"Multiplataforma de informa\u00e7\u00e3o jornal\u00edstica refer\u00eancia na \u00e1rea de infraestrutura no Brasil!\",\"publisher\":{\"@id\":\"https:\/\/agenciainfra.com\/blog\/#organization\"},\"potentialAction\":[{\"@type\":\"SearchAction\",\"target\":{\"@type\":\"EntryPoint\",\"urlTemplate\":\"https:\/\/agenciainfra.com\/blog\/?s={search_term_string}\"},\"query-input\":{\"@type\":\"PropertyValueSpecification\",\"valueRequired\":true,\"valueName\":\"search_term_string\"}}],\"inLanguage\":\"pt-BR\"},{\"@type\":\"Organization\",\"@id\":\"https:\/\/agenciainfra.com\/blog\/#organization\",\"name\":\"Ag\u00eancia iNFRA\",\"url\":\"https:\/\/agenciainfra.com\/blog\/\",\"logo\":{\"@type\":\"ImageObject\",\"inLanguage\":\"pt-BR\",\"@id\":\"https:\/\/agenciainfra.com\/blog\/#\/schema\/logo\/image\/\",\"url\":\"https:\/\/agenciainfra.com\/blog\/wp-content\/uploads\/2023\/09\/iNFRA_5-e1761735885940.png\",\"contentUrl\":\"https:\/\/agenciainfra.com\/blog\/wp-content\/uploads\/2023\/09\/iNFRA_5-e1761735885940.png\",\"width\":1672,\"height\":454,\"caption\":\"Ag\u00eancia iNFRA\"},\"image\":{\"@id\":\"https:\/\/agenciainfra.com\/blog\/#\/schema\/logo\/image\/\"},\"sameAs\":[\"https:\/\/www.facebook.com\/ageninfra\",\"https:\/\/x.com\/agencia_infra\",\"https:\/\/www.linkedin.com\/company\/ag\u00eanciainfra\/\",\"https:\/\/www.instagram.com\/agenciainfra\/\"]},{\"@type\":\"Person\",\"@id\":\"https:\/\/agenciainfra.com\/blog\/#\/schema\/person\/34af08dff6adea4cb22b06612ba7acfa\",\"name\":\"Ag\u00eancia iNFRA\",\"image\":{\"@type\":\"ImageObject\",\"inLanguage\":\"pt-BR\",\"@id\":\"https:\/\/agenciainfra.com\/blog\/#\/schema\/person\/image\/\",\"url\":\"https:\/\/secure.gravatar.com\/avatar\/d189e01678f06d8eb84d4e01f08eb848b3fffe3f8443818d3c356c66892f5be8?s=96&d=mm&r=g\",\"contentUrl\":\"https:\/\/secure.gravatar.com\/avatar\/d189e01678f06d8eb84d4e01f08eb848b3fffe3f8443818d3c356c66892f5be8?s=96&d=mm&r=g\",\"caption\":\"Ag\u00eancia iNFRA\"},\"url\":\"https:\/\/agenciainfra.com\/blog\/author\/admin\/\"}]}<\/script>\n<!-- \/ Yoast SEO Premium plugin. -->","yoast_head_json":{"title":"Proposta de mudan\u00e7a da Lei de Portos acaba com indica\u00e7\u00e3o de modicidade tarif\u00e1ria e exclusividade para contratar m\u00e3o de obra - Ag\u00eancia iNFRA","robots":{"index":"index","follow":"follow","max-snippet":"max-snippet:-1","max-image-preview":"max-image-preview:large","max-video-preview":"max-video-preview:-1"},"canonical":"https:\/\/agenciainfra.com\/blog\/proposta-de-mudanca-da-lei-de-portos-acaba-com-indicacao-de-modicidade-tarifaria-e-exclusividade-para-contratar-mao-de-obra\/","og_locale":"pt_BR","og_type":"article","og_title":"Proposta de mudan\u00e7a da Lei de Portos acaba com indica\u00e7\u00e3o de modicidade tarif\u00e1ria e exclusividade para contratar m\u00e3o de obra","og_description":"Dimmi Amora, da Ag\u00eancia iNFRA A Comiss\u00e3o Especial de Juristas criada pela C\u00e2mara dos Deputados neste ano est\u00e1 propondo a implanta\u00e7\u00e3o de uma nova lei de portos no pa\u00eds, extinguindo a lei aprovada em 2013, com mudan\u00e7as expressivas no funcionamento do setor. A&nbsp;proposta inicial&nbsp;\u00e0 qual a&nbsp;Ag\u00eancia iNFRA&nbsp;teve acesso, e que ainda pode sofrer altera\u00e7\u00f5es antes [&hellip;]","og_url":"https:\/\/agenciainfra.com\/blog\/proposta-de-mudanca-da-lei-de-portos-acaba-com-indicacao-de-modicidade-tarifaria-e-exclusividade-para-contratar-mao-de-obra\/","og_site_name":"Ag\u00eancia iNFRA","article_publisher":"https:\/\/www.facebook.com\/ageninfra","article_published_time":"2024-10-12T12:00:00+00:00","article_modified_time":"2024-10-15T09:57:34+00:00","og_image":[{"width":1280,"height":727,"url":"https:\/\/agenciainfra.com\/blog\/wp-content\/uploads\/2021\/04\/porto-paranagua-foto-portos-do-parana.jpeg","type":"image\/jpeg"}],"author":"Ag\u00eancia iNFRA","twitter_card":"summary_large_image","twitter_creator":"@agencia_infra","twitter_site":"@agencia_infra","twitter_misc":{"Escrito por":"Ag\u00eancia iNFRA","Est. tempo de leitura":"6 minutos"},"schema":{"@context":"https:\/\/schema.org","@graph":[{"@type":"Article","@id":"https:\/\/agenciainfra.com\/blog\/proposta-de-mudanca-da-lei-de-portos-acaba-com-indicacao-de-modicidade-tarifaria-e-exclusividade-para-contratar-mao-de-obra\/#article","isPartOf":{"@id":"https:\/\/agenciainfra.com\/blog\/proposta-de-mudanca-da-lei-de-portos-acaba-com-indicacao-de-modicidade-tarifaria-e-exclusividade-para-contratar-mao-de-obra\/"},"author":{"name":"Ag\u00eancia iNFRA","@id":"https:\/\/agenciainfra.com\/blog\/#\/schema\/person\/34af08dff6adea4cb22b06612ba7acfa"},"headline":"Proposta de mudan\u00e7a da Lei de Portos acaba com indica\u00e7\u00e3o de modicidade tarif\u00e1ria e exclusividade para contratar m\u00e3o de obra","datePublished":"2024-10-12T12:00:00+00:00","dateModified":"2024-10-15T09:57:34+00:00","mainEntityOfPage":{"@id":"https:\/\/agenciainfra.com\/blog\/proposta-de-mudanca-da-lei-de-portos-acaba-com-indicacao-de-modicidade-tarifaria-e-exclusividade-para-contratar-mao-de-obra\/"},"wordCount":1289,"publisher":{"@id":"https:\/\/agenciainfra.com\/blog\/#organization"},"image":{"@id":"https:\/\/agenciainfra.com\/blog\/proposta-de-mudanca-da-lei-de-portos-acaba-com-indicacao-de-modicidade-tarifaria-e-exclusividade-para-contratar-mao-de-obra\/#primaryimage"},"thumbnailUrl":"https:\/\/agenciainfra.com\/blog\/wp-content\/uploads\/2021\/04\/porto-paranagua-foto-portos-do-parana.jpeg","keywords":["C\u00e2mara dos Deputados","Celso Peel","Comiss\u00e3o Especial de Juristas","Dimmi Amora","Lei","Lei de Portos","MPor","portos"],"articleSection":["Destaque lista","Geral","iNFRATransporte"],"inLanguage":"pt-BR","copyrightYear":"2024","copyrightHolder":{"@id":"https:\/\/agenciainfra.com\/blog\/#organization"}},{"@type":"WebPage","@id":"https:\/\/agenciainfra.com\/blog\/proposta-de-mudanca-da-lei-de-portos-acaba-com-indicacao-de-modicidade-tarifaria-e-exclusividade-para-contratar-mao-de-obra\/","url":"https:\/\/agenciainfra.com\/blog\/proposta-de-mudanca-da-lei-de-portos-acaba-com-indicacao-de-modicidade-tarifaria-e-exclusividade-para-contratar-mao-de-obra\/","name":"Proposta de mudan\u00e7a da Lei de Portos acaba com indica\u00e7\u00e3o de modicidade tarif\u00e1ria e exclusividade para contratar m\u00e3o de obra - Ag\u00eancia iNFRA","isPartOf":{"@id":"https:\/\/agenciainfra.com\/blog\/#website"},"primaryImageOfPage":{"@id":"https:\/\/agenciainfra.com\/blog\/proposta-de-mudanca-da-lei-de-portos-acaba-com-indicacao-de-modicidade-tarifaria-e-exclusividade-para-contratar-mao-de-obra\/#primaryimage"},"image":{"@id":"https:\/\/agenciainfra.com\/blog\/proposta-de-mudanca-da-lei-de-portos-acaba-com-indicacao-de-modicidade-tarifaria-e-exclusividade-para-contratar-mao-de-obra\/#primaryimage"},"thumbnailUrl":"https:\/\/agenciainfra.com\/blog\/wp-content\/uploads\/2021\/04\/porto-paranagua-foto-portos-do-parana.jpeg","datePublished":"2024-10-12T12:00:00+00:00","dateModified":"2024-10-15T09:57:34+00:00","breadcrumb":{"@id":"https:\/\/agenciainfra.com\/blog\/proposta-de-mudanca-da-lei-de-portos-acaba-com-indicacao-de-modicidade-tarifaria-e-exclusividade-para-contratar-mao-de-obra\/#breadcrumb"},"inLanguage":"pt-BR","potentialAction":[{"@type":"ReadAction","target":["https:\/\/agenciainfra.com\/blog\/proposta-de-mudanca-da-lei-de-portos-acaba-com-indicacao-de-modicidade-tarifaria-e-exclusividade-para-contratar-mao-de-obra\/"]}]},{"@type":"ImageObject","inLanguage":"pt-BR","@id":"https:\/\/agenciainfra.com\/blog\/proposta-de-mudanca-da-lei-de-portos-acaba-com-indicacao-de-modicidade-tarifaria-e-exclusividade-para-contratar-mao-de-obra\/#primaryimage","url":"https:\/\/agenciainfra.com\/blog\/wp-content\/uploads\/2021\/04\/porto-paranagua-foto-portos-do-parana.jpeg","contentUrl":"https:\/\/agenciainfra.com\/blog\/wp-content\/uploads\/2021\/04\/porto-paranagua-foto-portos-do-parana.jpeg","width":1280,"height":727,"caption":"Foto: Portos do Paran\u00e1"},{"@type":"BreadcrumbList","@id":"https:\/\/agenciainfra.com\/blog\/proposta-de-mudanca-da-lei-de-portos-acaba-com-indicacao-de-modicidade-tarifaria-e-exclusividade-para-contratar-mao-de-obra\/#breadcrumb","itemListElement":[{"@type":"ListItem","position":1,"name":"In\u00edcio","item":"https:\/\/agenciainfra.com\/blog\/"},{"@type":"ListItem","position":2,"name":"Proposta de mudan\u00e7a da Lei de Portos acaba com indica\u00e7\u00e3o de modicidade tarif\u00e1ria e exclusividade para contratar m\u00e3o de obra"}]},{"@type":"WebSite","@id":"https:\/\/agenciainfra.com\/blog\/#website","url":"https:\/\/agenciainfra.com\/blog\/","name":"Ag\u00eancia iNFRA","description":"Multiplataforma de informa\u00e7\u00e3o jornal\u00edstica refer\u00eancia na \u00e1rea de infraestrutura no Brasil!","publisher":{"@id":"https:\/\/agenciainfra.com\/blog\/#organization"},"potentialAction":[{"@type":"SearchAction","target":{"@type":"EntryPoint","urlTemplate":"https:\/\/agenciainfra.com\/blog\/?s={search_term_string}"},"query-input":{"@type":"PropertyValueSpecification","valueRequired":true,"valueName":"search_term_string"}}],"inLanguage":"pt-BR"},{"@type":"Organization","@id":"https:\/\/agenciainfra.com\/blog\/#organization","name":"Ag\u00eancia iNFRA","url":"https:\/\/agenciainfra.com\/blog\/","logo":{"@type":"ImageObject","inLanguage":"pt-BR","@id":"https:\/\/agenciainfra.com\/blog\/#\/schema\/logo\/image\/","url":"https:\/\/agenciainfra.com\/blog\/wp-content\/uploads\/2023\/09\/iNFRA_5-e1761735885940.png","contentUrl":"https:\/\/agenciainfra.com\/blog\/wp-content\/uploads\/2023\/09\/iNFRA_5-e1761735885940.png","width":1672,"height":454,"caption":"Ag\u00eancia iNFRA"},"image":{"@id":"https:\/\/agenciainfra.com\/blog\/#\/schema\/logo\/image\/"},"sameAs":["https:\/\/www.facebook.com\/ageninfra","https:\/\/x.com\/agencia_infra","https:\/\/www.linkedin.com\/company\/ag\u00eanciainfra\/","https:\/\/www.instagram.com\/agenciainfra\/"]},{"@type":"Person","@id":"https:\/\/agenciainfra.com\/blog\/#\/schema\/person\/34af08dff6adea4cb22b06612ba7acfa","name":"Ag\u00eancia iNFRA","image":{"@type":"ImageObject","inLanguage":"pt-BR","@id":"https:\/\/agenciainfra.com\/blog\/#\/schema\/person\/image\/","url":"https:\/\/secure.gravatar.com\/avatar\/d189e01678f06d8eb84d4e01f08eb848b3fffe3f8443818d3c356c66892f5be8?s=96&d=mm&r=g","contentUrl":"https:\/\/secure.gravatar.com\/avatar\/d189e01678f06d8eb84d4e01f08eb848b3fffe3f8443818d3c356c66892f5be8?s=96&d=mm&r=g","caption":"Ag\u00eancia iNFRA"},"url":"https:\/\/agenciainfra.com\/blog\/author\/admin\/"}]}},"_links":{"self":[{"href":"https:\/\/agenciainfra.com\/blog\/wp-json\/wp\/v2\/posts\/18794","targetHints":{"allow":["GET"]}}],"collection":[{"href":"https:\/\/agenciainfra.com\/blog\/wp-json\/wp\/v2\/posts"}],"about":[{"href":"https:\/\/agenciainfra.com\/blog\/wp-json\/wp\/v2\/types\/post"}],"author":[{"embeddable":true,"href":"https:\/\/agenciainfra.com\/blog\/wp-json\/wp\/v2\/users\/1"}],"replies":[{"embeddable":true,"href":"https:\/\/agenciainfra.com\/blog\/wp-json\/wp\/v2\/comments?post=18794"}],"version-history":[{"count":1,"href":"https:\/\/agenciainfra.com\/blog\/wp-json\/wp\/v2\/posts\/18794\/revisions"}],"predecessor-version":[{"id":18795,"href":"https:\/\/agenciainfra.com\/blog\/wp-json\/wp\/v2\/posts\/18794\/revisions\/18795"}],"wp:featuredmedia":[{"embeddable":true,"href":"https:\/\/agenciainfra.com\/blog\/wp-json\/wp\/v2\/media\/7180"}],"wp:attachment":[{"href":"https:\/\/agenciainfra.com\/blog\/wp-json\/wp\/v2\/media?parent=18794"}],"wp:term":[{"taxonomy":"category","embeddable":true,"href":"https:\/\/agenciainfra.com\/blog\/wp-json\/wp\/v2\/categories?post=18794"},{"taxonomy":"post_tag","embeddable":true,"href":"https:\/\/agenciainfra.com\/blog\/wp-json\/wp\/v2\/tags?post=18794"}],"curies":[{"name":"wp","href":"https:\/\/api.w.org\/{rel}","templated":true}]}}