{"id":18818,"date":"2024-10-16T09:00:00","date_gmt":"2024-10-16T12:00:00","guid":{"rendered":"https:\/\/agenciainfra.com\/blog\/?p=18818"},"modified":"2024-10-16T06:32:03","modified_gmt":"2024-10-16T09:32:03","slug":"aneel-propoe-que-distribuidoras-renunciem-as-acoes-na-justica-para-renovar-suas-concessoes","status":"publish","type":"post","link":"https:\/\/agenciainfra.com\/blog\/aneel-propoe-que-distribuidoras-renunciem-as-acoes-na-justica-para-renovar-suas-concessoes\/","title":{"rendered":"ANEEL prop\u00f5e que distribuidoras renunciem \u00e0s a\u00e7\u00f5es na Justi\u00e7a para renovar suas concess\u00f5es"},"content":{"rendered":"\n<p class=\"has-text-align-right\"><strong>Marisa Wanzeller e Leila Coimbra, da\u00a0Ag\u00eancia iNFRA<\/strong><\/p>\n\n\n\n<p>A diretoria da ANEEL (Ag\u00eancia Nacional de Energia El\u00e9trica) aprovou nesta ter\u00e7a-feira (15) a abertura de\u00a0CP (Consulta P\u00fablica) que condiciona a renova\u00e7\u00e3o dos contratos de concess\u00e3o das distribuidoras de energia \u00e0 ren\u00fancia de a\u00e7\u00f5es judiciais. No entendimento da reguladora, tanto as empresas quanto a Abradee (Associa\u00e7\u00e3o dos Distribuidores de Energia El\u00e9trica) devem abrir m\u00e3o de pleitos em andamento para que o termo aditivo seja assinado, renovando a concess\u00e3o por mais 30 anos.\u00a0Leia o\u00a0<a href=\"https:\/\/mcusercontent.com\/d460dd1bcf9ba0ae040e1fc0f\/files\/6e1d2f0f-a390-7ed8-98bd-9afe495f408a\/VOTO_ABERTURA_CP_ADITIVO_CONTRATO_CONCESSA_O_DISTRIBUIDORAS.pdf\" target=\"_blank\" rel=\"noreferrer noopener\">voto<\/a>\u00a0da diretora Agnes Costa aprovado pelo colegiado e a <a href=\"https:\/\/mcusercontent.com\/d460dd1bcf9ba0ae040e1fc0f\/files\/5fa014a3-2813-cf60-d76e-b37fadb4cc1b\/Nota_Te_cnica_1.056.2024_Abertura_CP_2.01.pdf\" target=\"_blank\" rel=\"noreferrer noopener\">nota t\u00e9cnica<\/a> que embasou os termos.<\/p>\n\n\n\n<p>A imposi\u00e7\u00e3o da&nbsp;desist\u00eancia das a\u00e7\u00f5es na Justi\u00e7a desagradou a alguns agentes do segmento que falaram \u00e0 <strong>Ag\u00eancia iNFRA<\/strong> sob anonimato. Para eles, a ANEEL n\u00e3o pode tentar solucionar as judicializa\u00e7\u00f5es do setor pressionando&nbsp;as empresas&nbsp;que pretendem renovar suas concess\u00f5es.&nbsp;<\/p>\n\n\n\n<p><strong>Temas ultrapassados<\/strong><br>Durante a reuni\u00e3o de diretoria,&nbsp;o diretor-geral, Sandoval Feitosa, explicou que a medida foi fruto de uma discuss\u00e3o que teve com a diretora relatora, Agnes Costa. &#8220;N\u00f3s solicitamos que fosse colocado para discuss\u00e3o com a sociedade como crit\u00e9rio de renova\u00e7\u00e3o das concess\u00f5es que as distribuidoras que assinarem os termos aditivos de renova\u00e7\u00e3o renunciem a todas as demandas judiciais com o estado brasileiro relacionados \u00e0 presta\u00e7\u00e3o do servi\u00e7o&#8221;, disse.<\/p>\n\n\n\n<p>&#8220;No momento em que n\u00f3s iremos repactuar um longo per\u00edodo de concess\u00e3o, a nosso ju\u00edzo, claro, para discuss\u00e3o com a sociedade, n\u00e3o faz nenhum sentido que as empresas continuem litigando com o poder concedente, com a ag\u00eancia reguladora, em temas que j\u00e1 foram ultrapassados&#8221;, continuou o diretor-geral.<\/p>\n\n\n\n<p>No entendimento de Sandoval, &#8220;faz todo sentido que as empresas, ao pleitearem suas renova\u00e7\u00f5es, por \u00f3bvio, quitem as suas multas administrativas que t\u00eam hoje judicializadas com a ANEEL e com o poder concedente em grande medida&#8221;, afirmou.<\/p>\n\n\n\n<p>&#8220;Da mesma forma, demandas judiciais n\u00e3o necessariamente pecuni\u00e1rias, de discuss\u00e3o de m\u00e9ritos, de regulamenta\u00e7\u00f5es das ag\u00eancias, tamb\u00e9m sejam encerradas como condi\u00e7\u00e3o necess\u00e1ria para renova\u00e7\u00e3o das concess\u00f5es&#8221;, pontuou Sandoval.<\/p>\n\n\n\n<p><strong>Associa\u00e7\u00e3o<\/strong><br>A NT 1.056\/2024 deixa claro que n\u00e3o apenas as distribuidoras devem abrir m\u00e3o das a\u00e7\u00f5es na Justi\u00e7a, como tamb\u00e9m a Abradee.&nbsp;<\/p>\n\n\n\n<p>&#8220;\u00c9 necess\u00e1rio esclarecer que, no caso de concession\u00e1rias que fa\u00e7am parte da Abradee, a renova\u00e7\u00e3o da concess\u00e3o deve ficar condicionada e ser precedida da desist\u00eancia da referida a\u00e7\u00e3o judicial, bem como da ren\u00fancia a qualquer alega\u00e7\u00e3o de direito sobre o qual se funda a a\u00e7\u00e3o (&#8230;). Adicionalmente, previamente \u00e0 celebra\u00e7\u00e3o do termo aditivo, deve a concession\u00e1ria apresentar \u00e0 ANEEL o respectivo acerto financeiro com cada um dos munic\u00edpios afetados pela suspens\u00e3o do cumprimento da regula\u00e7\u00e3o&#8221;, diz o documento.&nbsp;<\/p>\n\n\n\n<p>Questionado sobre esse t\u00f3pico,&nbsp;o diretor-executivo de Regula\u00e7\u00e3o da Abradee, Ricardo Brand\u00e3o, disse que a associa\u00e7\u00e3o ainda vai se debru\u00e7ar sobre o tema e fazer uma avalia\u00e7\u00e3o jur\u00eddica sobre sua pertin\u00eancia, assim como de outros itens que ser\u00e3o objeto de estudo. &#8220;Vamos trazer a nossa posi\u00e7\u00e3o quando da&nbsp;entrega da contribui\u00e7\u00e3o para a consulta p\u00fablica&#8221;, disse \u00e0 imprensa.<\/p>\n\n\n\n<p><strong>Eventos clim\u00e1ticos extremos<\/strong><br>Entre as contribui\u00e7\u00f5es a serem apresentadas pela Abradee, est\u00e1 um maior detalhamento da aloca\u00e7\u00e3o de riscos entre as distribuidoras e o poder concedente, um deles o enfrentamento de eventos clim\u00e1ticos extremos. Segundo Brand\u00e3o, a lista de riscos apresentada na minuta do termo aditivo &#8220;\u00e9 insuficiente para cobrir todas as situa\u00e7\u00f5es que as distribuidoras enfrentam&#8221;.&nbsp;<\/p>\n\n\n\n<p>Ele entende que &#8220;eventos de for\u00e7a maior&#8221;, &#8220;de fato s\u00e3o riscos do poder concedente e n\u00e3o da distribuidora&#8221;, mas que h\u00e1 espa\u00e7o no contrato para deixar esses aspectos mais claros.&nbsp;<\/p>\n\n\n\n<p>&#8220;A gente entende que a proposta que est\u00e1 colocada ali precisa ser aprimorada porque, de fato, j\u00e1 seria uma evolu\u00e7\u00e3o. Os contratos atuais n\u00e3o t\u00eam uma matriz de risco muito bem definida sobre o que \u00e9 risco da distribuidora, o que \u00e9 risco do poder concedente&#8221;, disse. &#8220;Claro que existe alguns conceitos, como de eventos de for\u00e7a maior, que de fato s\u00e3o riscos do poder concedente e n\u00e3o da distribuidora, mas eu acho que tem um espa\u00e7o aqui nesse contrato de concess\u00e3o exatamente para deixar esses aspectos mais claros.&#8221;&nbsp;<\/p>\n\n\n\n<p><strong>Crise na Enel<\/strong><br>O diretor da associa\u00e7\u00e3o das distribuidoras disse ainda esperar uma &#8220;coopera\u00e7\u00e3o institucional&#8221; para que a crise atual envolvendo a Enel S\u00e3o Paulo n\u00e3o prejudique o debate.&nbsp;<\/p>\n\n\n\n<p>&#8220;A gente entende que um tema como esse, que \u00e9 t\u00e3o importante para o consumidor e para a sociedade, que ele precisa de coopera\u00e7\u00e3o institucional&#8221;, afirmou \u00e0 imprensa. \u201cA gente entende que tem as situa\u00e7\u00f5es da conjuntura, mas n\u00f3s estamos falando de um modelo de contrato de concess\u00e3o que vai servir para os pr\u00f3ximos 30 anos. Ent\u00e3o, ele tem que ser robusto o suficiente, inclusive para as situa\u00e7\u00f5es da conjuntura, mas entendemos que a proposta que est\u00e1 colocada no Decreto [12.068\/2024], e tamb\u00e9m na minuta de contrato de concess\u00e3o colocada pela ANEEL, endere\u00e7a os problemas atuais e os futuros.&#8221;<\/p>\n\n\n\n<p>Questionado sobre uma eventual caducidade do contrato da Enel, Brand\u00e3o destacou que a possibilidade est\u00e1 prevista em lei e que h\u00e1 confian\u00e7a de que o caso ser\u00e1 bem conduzido pela ag\u00eancia reguladora.<\/p>\n","protected":false},"excerpt":{"rendered":"<p>Marisa Wanzeller e Leila Coimbra, da\u00a0Ag\u00eancia iNFRA A diretoria da ANEEL (Ag\u00eancia Nacional de Energia El\u00e9trica) aprovou nesta ter\u00e7a-feira (15) a abertura de\u00a0CP (Consulta P\u00fablica) que condiciona a renova\u00e7\u00e3o dos contratos de concess\u00e3o das distribuidoras de energia \u00e0 ren\u00fancia de a\u00e7\u00f5es judiciais. No entendimento da reguladora, tanto as empresas quanto a Abradee (Associa\u00e7\u00e3o dos Distribuidores [&hellip;]<\/p>\n","protected":false},"author":1,"featured_media":12991,"comment_status":"closed","ping_status":"closed","sticky":false,"template":"","format":"standard","meta":{"_monsterinsights_skip_tracking":false,"_monsterinsights_sitenote_active":false,"_monsterinsights_sitenote_note":"","_monsterinsights_sitenote_category":0,"footnotes":""},"categories":[7250,1,10],"tags":[494,6800,53,78,292,616,7829,25,282,1984,7366,7169,1026],"class_list":["post-18818","post","type-post","status-publish","format-standard","has-post-thumbnail","hentry","category-destaque-lista","category-geral","category-infraenergia","tag-abradee","tag-agnes-costa","tag-aneel","tag-concessoes","tag-distribuidoras","tag-enel","tag-enel-sp","tag-energia","tag-energia-eletrica","tag-leila-coimbra","tag-marisa-wanzeller","tag-renovacao-de-concessoes","tag-sandoval-feitosa"],"yoast_head":"<!-- This site is optimized with the Yoast SEO Premium plugin v25.4 (Yoast SEO v26.0) - https:\/\/yoast.com\/wordpress\/plugins\/seo\/ -->\n<title>ANEEL prop\u00f5e que distribuidoras renunciem \u00e0s a\u00e7\u00f5es na Justi\u00e7a para renovar suas concess\u00f5es - Ag\u00eancia iNFRA<\/title>\n<meta name=\"robots\" content=\"index, follow, max-snippet:-1, max-image-preview:large, max-video-preview:-1\" \/>\n<link rel=\"canonical\" href=\"https:\/\/agenciainfra.com\/blog\/aneel-propoe-que-distribuidoras-renunciem-as-acoes-na-justica-para-renovar-suas-concessoes\/\" \/>\n<meta property=\"og:locale\" content=\"pt_BR\" \/>\n<meta property=\"og:type\" content=\"article\" \/>\n<meta property=\"og:title\" content=\"ANEEL prop\u00f5e que distribuidoras renunciem \u00e0s a\u00e7\u00f5es na Justi\u00e7a para renovar suas concess\u00f5es\" \/>\n<meta property=\"og:description\" content=\"Marisa Wanzeller e Leila Coimbra, da\u00a0Ag\u00eancia iNFRA A diretoria da ANEEL (Ag\u00eancia Nacional de Energia El\u00e9trica) aprovou nesta ter\u00e7a-feira (15) a abertura de\u00a0CP (Consulta P\u00fablica) que condiciona a renova\u00e7\u00e3o dos contratos de concess\u00e3o das distribuidoras de energia \u00e0 ren\u00fancia de a\u00e7\u00f5es judiciais. No entendimento da reguladora, tanto as empresas quanto a Abradee (Associa\u00e7\u00e3o dos Distribuidores [&hellip;]\" \/>\n<meta property=\"og:url\" content=\"https:\/\/agenciainfra.com\/blog\/aneel-propoe-que-distribuidoras-renunciem-as-acoes-na-justica-para-renovar-suas-concessoes\/\" \/>\n<meta property=\"og:site_name\" content=\"Ag\u00eancia iNFRA\" \/>\n<meta property=\"article:publisher\" content=\"https:\/\/www.facebook.com\/ageninfra\" \/>\n<meta property=\"article:published_time\" content=\"2024-10-16T12:00:00+00:00\" \/>\n<meta property=\"og:image\" content=\"https:\/\/agenciainfra.com\/blog\/wp-content\/uploads\/2023\/07\/distribuidoras-energia-foto-dulcineia-bedim-caetano-agencia-de-noticias-do-parana.jpg\" \/>\n\t<meta property=\"og:image:width\" content=\"1202\" \/>\n\t<meta property=\"og:image:height\" content=\"902\" \/>\n\t<meta property=\"og:image:type\" content=\"image\/jpeg\" \/>\n<meta name=\"author\" content=\"Ag\u00eancia iNFRA\" \/>\n<meta name=\"twitter:card\" content=\"summary_large_image\" \/>\n<meta name=\"twitter:creator\" content=\"@agencia_infra\" \/>\n<meta name=\"twitter:site\" content=\"@agencia_infra\" \/>\n<meta name=\"twitter:label1\" content=\"Escrito por\" \/>\n\t<meta name=\"twitter:data1\" content=\"Ag\u00eancia iNFRA\" \/>\n\t<meta name=\"twitter:label2\" content=\"Est. tempo de leitura\" \/>\n\t<meta name=\"twitter:data2\" content=\"5 minutos\" \/>\n<script type=\"application\/ld+json\" class=\"yoast-schema-graph\">{\"@context\":\"https:\/\/schema.org\",\"@graph\":[{\"@type\":\"Article\",\"@id\":\"https:\/\/agenciainfra.com\/blog\/aneel-propoe-que-distribuidoras-renunciem-as-acoes-na-justica-para-renovar-suas-concessoes\/#article\",\"isPartOf\":{\"@id\":\"https:\/\/agenciainfra.com\/blog\/aneel-propoe-que-distribuidoras-renunciem-as-acoes-na-justica-para-renovar-suas-concessoes\/\"},\"author\":{\"name\":\"Ag\u00eancia iNFRA\",\"@id\":\"https:\/\/agenciainfra.com\/blog\/#\/schema\/person\/34af08dff6adea4cb22b06612ba7acfa\"},\"headline\":\"ANEEL prop\u00f5e que distribuidoras renunciem \u00e0s a\u00e7\u00f5es na Justi\u00e7a para renovar suas concess\u00f5es\",\"datePublished\":\"2024-10-16T12:00:00+00:00\",\"mainEntityOfPage\":{\"@id\":\"https:\/\/agenciainfra.com\/blog\/aneel-propoe-que-distribuidoras-renunciem-as-acoes-na-justica-para-renovar-suas-concessoes\/\"},\"wordCount\":949,\"publisher\":{\"@id\":\"https:\/\/agenciainfra.com\/blog\/#organization\"},\"image\":{\"@id\":\"https:\/\/agenciainfra.com\/blog\/aneel-propoe-que-distribuidoras-renunciem-as-acoes-na-justica-para-renovar-suas-concessoes\/#primaryimage\"},\"thumbnailUrl\":\"https:\/\/agenciainfra.com\/blog\/wp-content\/uploads\/2023\/07\/distribuidoras-energia-foto-dulcineia-bedim-caetano-agencia-de-noticias-do-parana.jpg\",\"keywords\":[\"Abradee\",\"Agnes Costa\",\"ANEEL\",\"concess\u00f5es\",\"distribuidoras\",\"Enel\",\"ENEL SP\",\"energia\",\"energia el\u00e9trica\",\"Leila Coimbra\",\"Marisa Wanzeller\",\"renova\u00e7\u00e3o de concess\u00f5es\",\"Sandoval Feitosa\"],\"articleSection\":[\"Destaque lista\",\"Geral\",\"iNFRAEnergia\"],\"inLanguage\":\"pt-BR\",\"copyrightYear\":\"2024\",\"copyrightHolder\":{\"@id\":\"https:\/\/agenciainfra.com\/blog\/#organization\"}},{\"@type\":\"WebPage\",\"@id\":\"https:\/\/agenciainfra.com\/blog\/aneel-propoe-que-distribuidoras-renunciem-as-acoes-na-justica-para-renovar-suas-concessoes\/\",\"url\":\"https:\/\/agenciainfra.com\/blog\/aneel-propoe-que-distribuidoras-renunciem-as-acoes-na-justica-para-renovar-suas-concessoes\/\",\"name\":\"ANEEL prop\u00f5e que distribuidoras renunciem \u00e0s a\u00e7\u00f5es na Justi\u00e7a para renovar suas concess\u00f5es - Ag\u00eancia iNFRA\",\"isPartOf\":{\"@id\":\"https:\/\/agenciainfra.com\/blog\/#website\"},\"primaryImageOfPage\":{\"@id\":\"https:\/\/agenciainfra.com\/blog\/aneel-propoe-que-distribuidoras-renunciem-as-acoes-na-justica-para-renovar-suas-concessoes\/#primaryimage\"},\"image\":{\"@id\":\"https:\/\/agenciainfra.com\/blog\/aneel-propoe-que-distribuidoras-renunciem-as-acoes-na-justica-para-renovar-suas-concessoes\/#primaryimage\"},\"thumbnailUrl\":\"https:\/\/agenciainfra.com\/blog\/wp-content\/uploads\/2023\/07\/distribuidoras-energia-foto-dulcineia-bedim-caetano-agencia-de-noticias-do-parana.jpg\",\"datePublished\":\"2024-10-16T12:00:00+00:00\",\"breadcrumb\":{\"@id\":\"https:\/\/agenciainfra.com\/blog\/aneel-propoe-que-distribuidoras-renunciem-as-acoes-na-justica-para-renovar-suas-concessoes\/#breadcrumb\"},\"inLanguage\":\"pt-BR\",\"potentialAction\":[{\"@type\":\"ReadAction\",\"target\":[\"https:\/\/agenciainfra.com\/blog\/aneel-propoe-que-distribuidoras-renunciem-as-acoes-na-justica-para-renovar-suas-concessoes\/\"]}]},{\"@type\":\"ImageObject\",\"inLanguage\":\"pt-BR\",\"@id\":\"https:\/\/agenciainfra.com\/blog\/aneel-propoe-que-distribuidoras-renunciem-as-acoes-na-justica-para-renovar-suas-concessoes\/#primaryimage\",\"url\":\"https:\/\/agenciainfra.com\/blog\/wp-content\/uploads\/2023\/07\/distribuidoras-energia-foto-dulcineia-bedim-caetano-agencia-de-noticias-do-parana.jpg\",\"contentUrl\":\"https:\/\/agenciainfra.com\/blog\/wp-content\/uploads\/2023\/07\/distribuidoras-energia-foto-dulcineia-bedim-caetano-agencia-de-noticias-do-parana.jpg\",\"width\":1202,\"height\":902,\"caption\":\"Foto: Dulcineia Bedim Caetano\/Ag\u00eancia de Not\u00edcias do Paran\u00e1\"},{\"@type\":\"BreadcrumbList\",\"@id\":\"https:\/\/agenciainfra.com\/blog\/aneel-propoe-que-distribuidoras-renunciem-as-acoes-na-justica-para-renovar-suas-concessoes\/#breadcrumb\",\"itemListElement\":[{\"@type\":\"ListItem\",\"position\":1,\"name\":\"In\u00edcio\",\"item\":\"https:\/\/agenciainfra.com\/blog\/\"},{\"@type\":\"ListItem\",\"position\":2,\"name\":\"ANEEL prop\u00f5e que distribuidoras renunciem \u00e0s a\u00e7\u00f5es na Justi\u00e7a para renovar suas concess\u00f5es\"}]},{\"@type\":\"WebSite\",\"@id\":\"https:\/\/agenciainfra.com\/blog\/#website\",\"url\":\"https:\/\/agenciainfra.com\/blog\/\",\"name\":\"Ag\u00eancia iNFRA\",\"description\":\"Multiplataforma de informa\u00e7\u00e3o jornal\u00edstica refer\u00eancia na \u00e1rea de infraestrutura no Brasil!\",\"publisher\":{\"@id\":\"https:\/\/agenciainfra.com\/blog\/#organization\"},\"potentialAction\":[{\"@type\":\"SearchAction\",\"target\":{\"@type\":\"EntryPoint\",\"urlTemplate\":\"https:\/\/agenciainfra.com\/blog\/?s={search_term_string}\"},\"query-input\":{\"@type\":\"PropertyValueSpecification\",\"valueRequired\":true,\"valueName\":\"search_term_string\"}}],\"inLanguage\":\"pt-BR\"},{\"@type\":\"Organization\",\"@id\":\"https:\/\/agenciainfra.com\/blog\/#organization\",\"name\":\"Ag\u00eancia iNFRA\",\"url\":\"https:\/\/agenciainfra.com\/blog\/\",\"logo\":{\"@type\":\"ImageObject\",\"inLanguage\":\"pt-BR\",\"@id\":\"https:\/\/agenciainfra.com\/blog\/#\/schema\/logo\/image\/\",\"url\":\"https:\/\/agenciainfra.com\/blog\/wp-content\/uploads\/2023\/09\/iNFRA_5-e1761735885940.png\",\"contentUrl\":\"https:\/\/agenciainfra.com\/blog\/wp-content\/uploads\/2023\/09\/iNFRA_5-e1761735885940.png\",\"width\":1672,\"height\":454,\"caption\":\"Ag\u00eancia iNFRA\"},\"image\":{\"@id\":\"https:\/\/agenciainfra.com\/blog\/#\/schema\/logo\/image\/\"},\"sameAs\":[\"https:\/\/www.facebook.com\/ageninfra\",\"https:\/\/x.com\/agencia_infra\",\"https:\/\/www.linkedin.com\/company\/ag\u00eanciainfra\/\",\"https:\/\/www.instagram.com\/agenciainfra\/\"]},{\"@type\":\"Person\",\"@id\":\"https:\/\/agenciainfra.com\/blog\/#\/schema\/person\/34af08dff6adea4cb22b06612ba7acfa\",\"name\":\"Ag\u00eancia iNFRA\",\"image\":{\"@type\":\"ImageObject\",\"inLanguage\":\"pt-BR\",\"@id\":\"https:\/\/agenciainfra.com\/blog\/#\/schema\/person\/image\/\",\"url\":\"https:\/\/secure.gravatar.com\/avatar\/d189e01678f06d8eb84d4e01f08eb848b3fffe3f8443818d3c356c66892f5be8?s=96&d=mm&r=g\",\"contentUrl\":\"https:\/\/secure.gravatar.com\/avatar\/d189e01678f06d8eb84d4e01f08eb848b3fffe3f8443818d3c356c66892f5be8?s=96&d=mm&r=g\",\"caption\":\"Ag\u00eancia iNFRA\"},\"url\":\"https:\/\/agenciainfra.com\/blog\/author\/admin\/\"}]}<\/script>\n<!-- \/ Yoast SEO Premium plugin. -->","yoast_head_json":{"title":"ANEEL prop\u00f5e que distribuidoras renunciem \u00e0s a\u00e7\u00f5es na Justi\u00e7a para renovar suas concess\u00f5es - Ag\u00eancia iNFRA","robots":{"index":"index","follow":"follow","max-snippet":"max-snippet:-1","max-image-preview":"max-image-preview:large","max-video-preview":"max-video-preview:-1"},"canonical":"https:\/\/agenciainfra.com\/blog\/aneel-propoe-que-distribuidoras-renunciem-as-acoes-na-justica-para-renovar-suas-concessoes\/","og_locale":"pt_BR","og_type":"article","og_title":"ANEEL prop\u00f5e que distribuidoras renunciem \u00e0s a\u00e7\u00f5es na Justi\u00e7a para renovar suas concess\u00f5es","og_description":"Marisa Wanzeller e Leila Coimbra, da\u00a0Ag\u00eancia iNFRA A diretoria da ANEEL (Ag\u00eancia Nacional de Energia El\u00e9trica) aprovou nesta ter\u00e7a-feira (15) a abertura de\u00a0CP (Consulta P\u00fablica) que condiciona a renova\u00e7\u00e3o dos contratos de concess\u00e3o das distribuidoras de energia \u00e0 ren\u00fancia de a\u00e7\u00f5es judiciais. No entendimento da reguladora, tanto as empresas quanto a Abradee (Associa\u00e7\u00e3o dos Distribuidores [&hellip;]","og_url":"https:\/\/agenciainfra.com\/blog\/aneel-propoe-que-distribuidoras-renunciem-as-acoes-na-justica-para-renovar-suas-concessoes\/","og_site_name":"Ag\u00eancia iNFRA","article_publisher":"https:\/\/www.facebook.com\/ageninfra","article_published_time":"2024-10-16T12:00:00+00:00","og_image":[{"width":1202,"height":902,"url":"https:\/\/agenciainfra.com\/blog\/wp-content\/uploads\/2023\/07\/distribuidoras-energia-foto-dulcineia-bedim-caetano-agencia-de-noticias-do-parana.jpg","type":"image\/jpeg"}],"author":"Ag\u00eancia iNFRA","twitter_card":"summary_large_image","twitter_creator":"@agencia_infra","twitter_site":"@agencia_infra","twitter_misc":{"Escrito por":"Ag\u00eancia iNFRA","Est. tempo de leitura":"5 minutos"},"schema":{"@context":"https:\/\/schema.org","@graph":[{"@type":"Article","@id":"https:\/\/agenciainfra.com\/blog\/aneel-propoe-que-distribuidoras-renunciem-as-acoes-na-justica-para-renovar-suas-concessoes\/#article","isPartOf":{"@id":"https:\/\/agenciainfra.com\/blog\/aneel-propoe-que-distribuidoras-renunciem-as-acoes-na-justica-para-renovar-suas-concessoes\/"},"author":{"name":"Ag\u00eancia iNFRA","@id":"https:\/\/agenciainfra.com\/blog\/#\/schema\/person\/34af08dff6adea4cb22b06612ba7acfa"},"headline":"ANEEL prop\u00f5e que distribuidoras renunciem \u00e0s a\u00e7\u00f5es na Justi\u00e7a para renovar suas concess\u00f5es","datePublished":"2024-10-16T12:00:00+00:00","mainEntityOfPage":{"@id":"https:\/\/agenciainfra.com\/blog\/aneel-propoe-que-distribuidoras-renunciem-as-acoes-na-justica-para-renovar-suas-concessoes\/"},"wordCount":949,"publisher":{"@id":"https:\/\/agenciainfra.com\/blog\/#organization"},"image":{"@id":"https:\/\/agenciainfra.com\/blog\/aneel-propoe-que-distribuidoras-renunciem-as-acoes-na-justica-para-renovar-suas-concessoes\/#primaryimage"},"thumbnailUrl":"https:\/\/agenciainfra.com\/blog\/wp-content\/uploads\/2023\/07\/distribuidoras-energia-foto-dulcineia-bedim-caetano-agencia-de-noticias-do-parana.jpg","keywords":["Abradee","Agnes Costa","ANEEL","concess\u00f5es","distribuidoras","Enel","ENEL SP","energia","energia el\u00e9trica","Leila Coimbra","Marisa Wanzeller","renova\u00e7\u00e3o de concess\u00f5es","Sandoval Feitosa"],"articleSection":["Destaque lista","Geral","iNFRAEnergia"],"inLanguage":"pt-BR","copyrightYear":"2024","copyrightHolder":{"@id":"https:\/\/agenciainfra.com\/blog\/#organization"}},{"@type":"WebPage","@id":"https:\/\/agenciainfra.com\/blog\/aneel-propoe-que-distribuidoras-renunciem-as-acoes-na-justica-para-renovar-suas-concessoes\/","url":"https:\/\/agenciainfra.com\/blog\/aneel-propoe-que-distribuidoras-renunciem-as-acoes-na-justica-para-renovar-suas-concessoes\/","name":"ANEEL prop\u00f5e que distribuidoras renunciem \u00e0s a\u00e7\u00f5es na Justi\u00e7a para renovar suas concess\u00f5es - Ag\u00eancia iNFRA","isPartOf":{"@id":"https:\/\/agenciainfra.com\/blog\/#website"},"primaryImageOfPage":{"@id":"https:\/\/agenciainfra.com\/blog\/aneel-propoe-que-distribuidoras-renunciem-as-acoes-na-justica-para-renovar-suas-concessoes\/#primaryimage"},"image":{"@id":"https:\/\/agenciainfra.com\/blog\/aneel-propoe-que-distribuidoras-renunciem-as-acoes-na-justica-para-renovar-suas-concessoes\/#primaryimage"},"thumbnailUrl":"https:\/\/agenciainfra.com\/blog\/wp-content\/uploads\/2023\/07\/distribuidoras-energia-foto-dulcineia-bedim-caetano-agencia-de-noticias-do-parana.jpg","datePublished":"2024-10-16T12:00:00+00:00","breadcrumb":{"@id":"https:\/\/agenciainfra.com\/blog\/aneel-propoe-que-distribuidoras-renunciem-as-acoes-na-justica-para-renovar-suas-concessoes\/#breadcrumb"},"inLanguage":"pt-BR","potentialAction":[{"@type":"ReadAction","target":["https:\/\/agenciainfra.com\/blog\/aneel-propoe-que-distribuidoras-renunciem-as-acoes-na-justica-para-renovar-suas-concessoes\/"]}]},{"@type":"ImageObject","inLanguage":"pt-BR","@id":"https:\/\/agenciainfra.com\/blog\/aneel-propoe-que-distribuidoras-renunciem-as-acoes-na-justica-para-renovar-suas-concessoes\/#primaryimage","url":"https:\/\/agenciainfra.com\/blog\/wp-content\/uploads\/2023\/07\/distribuidoras-energia-foto-dulcineia-bedim-caetano-agencia-de-noticias-do-parana.jpg","contentUrl":"https:\/\/agenciainfra.com\/blog\/wp-content\/uploads\/2023\/07\/distribuidoras-energia-foto-dulcineia-bedim-caetano-agencia-de-noticias-do-parana.jpg","width":1202,"height":902,"caption":"Foto: Dulcineia Bedim Caetano\/Ag\u00eancia de Not\u00edcias do Paran\u00e1"},{"@type":"BreadcrumbList","@id":"https:\/\/agenciainfra.com\/blog\/aneel-propoe-que-distribuidoras-renunciem-as-acoes-na-justica-para-renovar-suas-concessoes\/#breadcrumb","itemListElement":[{"@type":"ListItem","position":1,"name":"In\u00edcio","item":"https:\/\/agenciainfra.com\/blog\/"},{"@type":"ListItem","position":2,"name":"ANEEL prop\u00f5e que distribuidoras renunciem \u00e0s a\u00e7\u00f5es na Justi\u00e7a para renovar suas concess\u00f5es"}]},{"@type":"WebSite","@id":"https:\/\/agenciainfra.com\/blog\/#website","url":"https:\/\/agenciainfra.com\/blog\/","name":"Ag\u00eancia iNFRA","description":"Multiplataforma de informa\u00e7\u00e3o jornal\u00edstica refer\u00eancia na \u00e1rea de infraestrutura no Brasil!","publisher":{"@id":"https:\/\/agenciainfra.com\/blog\/#organization"},"potentialAction":[{"@type":"SearchAction","target":{"@type":"EntryPoint","urlTemplate":"https:\/\/agenciainfra.com\/blog\/?s={search_term_string}"},"query-input":{"@type":"PropertyValueSpecification","valueRequired":true,"valueName":"search_term_string"}}],"inLanguage":"pt-BR"},{"@type":"Organization","@id":"https:\/\/agenciainfra.com\/blog\/#organization","name":"Ag\u00eancia iNFRA","url":"https:\/\/agenciainfra.com\/blog\/","logo":{"@type":"ImageObject","inLanguage":"pt-BR","@id":"https:\/\/agenciainfra.com\/blog\/#\/schema\/logo\/image\/","url":"https:\/\/agenciainfra.com\/blog\/wp-content\/uploads\/2023\/09\/iNFRA_5-e1761735885940.png","contentUrl":"https:\/\/agenciainfra.com\/blog\/wp-content\/uploads\/2023\/09\/iNFRA_5-e1761735885940.png","width":1672,"height":454,"caption":"Ag\u00eancia iNFRA"},"image":{"@id":"https:\/\/agenciainfra.com\/blog\/#\/schema\/logo\/image\/"},"sameAs":["https:\/\/www.facebook.com\/ageninfra","https:\/\/x.com\/agencia_infra","https:\/\/www.linkedin.com\/company\/ag\u00eanciainfra\/","https:\/\/www.instagram.com\/agenciainfra\/"]},{"@type":"Person","@id":"https:\/\/agenciainfra.com\/blog\/#\/schema\/person\/34af08dff6adea4cb22b06612ba7acfa","name":"Ag\u00eancia iNFRA","image":{"@type":"ImageObject","inLanguage":"pt-BR","@id":"https:\/\/agenciainfra.com\/blog\/#\/schema\/person\/image\/","url":"https:\/\/secure.gravatar.com\/avatar\/d189e01678f06d8eb84d4e01f08eb848b3fffe3f8443818d3c356c66892f5be8?s=96&d=mm&r=g","contentUrl":"https:\/\/secure.gravatar.com\/avatar\/d189e01678f06d8eb84d4e01f08eb848b3fffe3f8443818d3c356c66892f5be8?s=96&d=mm&r=g","caption":"Ag\u00eancia iNFRA"},"url":"https:\/\/agenciainfra.com\/blog\/author\/admin\/"}]}},"_links":{"self":[{"href":"https:\/\/agenciainfra.com\/blog\/wp-json\/wp\/v2\/posts\/18818","targetHints":{"allow":["GET"]}}],"collection":[{"href":"https:\/\/agenciainfra.com\/blog\/wp-json\/wp\/v2\/posts"}],"about":[{"href":"https:\/\/agenciainfra.com\/blog\/wp-json\/wp\/v2\/types\/post"}],"author":[{"embeddable":true,"href":"https:\/\/agenciainfra.com\/blog\/wp-json\/wp\/v2\/users\/1"}],"replies":[{"embeddable":true,"href":"https:\/\/agenciainfra.com\/blog\/wp-json\/wp\/v2\/comments?post=18818"}],"version-history":[{"count":1,"href":"https:\/\/agenciainfra.com\/blog\/wp-json\/wp\/v2\/posts\/18818\/revisions"}],"predecessor-version":[{"id":18819,"href":"https:\/\/agenciainfra.com\/blog\/wp-json\/wp\/v2\/posts\/18818\/revisions\/18819"}],"wp:featuredmedia":[{"embeddable":true,"href":"https:\/\/agenciainfra.com\/blog\/wp-json\/wp\/v2\/media\/12991"}],"wp:attachment":[{"href":"https:\/\/agenciainfra.com\/blog\/wp-json\/wp\/v2\/media?parent=18818"}],"wp:term":[{"taxonomy":"category","embeddable":true,"href":"https:\/\/agenciainfra.com\/blog\/wp-json\/wp\/v2\/categories?post=18818"},{"taxonomy":"post_tag","embeddable":true,"href":"https:\/\/agenciainfra.com\/blog\/wp-json\/wp\/v2\/tags?post=18818"}],"curies":[{"name":"wp","href":"https:\/\/api.w.org\/{rel}","templated":true}]}}