{"id":18828,"date":"2024-10-17T13:00:00","date_gmt":"2024-10-17T16:00:00","guid":{"rendered":"https:\/\/agenciainfra.com\/blog\/?p=18828"},"modified":"2024-10-17T06:03:32","modified_gmt":"2024-10-17T09:03:32","slug":"apos-quase-tres-anos-ministerio-de-portos-e-aeroportos-decide-retomar-leilao-do-sts10-em-santos","status":"publish","type":"post","link":"https:\/\/agenciainfra.com\/blog\/apos-quase-tres-anos-ministerio-de-portos-e-aeroportos-decide-retomar-leilao-do-sts10-em-santos\/","title":{"rendered":"Ap\u00f3s quase tr\u00eas anos, Minist\u00e9rio de Portos e Aeroportos decide retomar leil\u00e3o do STS10, em Santos"},"content":{"rendered":"\n<p class=\"has-text-align-right\"><strong>Sheyla Santos e Dimmi Amora, da Ag\u00eancia iNFRA<\/strong><\/p>\n\n\n\n<p>O ministro de Portos e Aeroportos, Silvio Costa Filho, anunciou na \u00faltima ter\u00e7a-feira (15) a decis\u00e3o do governo federal de realizar o leil\u00e3o do terminal de cont\u00eaineres STS10 em Santos (SP). A estimativa da pasta \u00e9 encaminhar o projeto para o TCU (Tribunal de Contas da Uni\u00e3o) em novembro e licitar a \u00e1rea em 2025.<\/p>\n\n\n\n<p>O modelo aprovado pela pasta, em alinhamento com a Casa Civil, amplia o projeto que foi paralisado no in\u00edcio de 2022, ao ser colocado pela gest\u00e3o anterior como parte da concess\u00e3o total do porto, e enterra as propostas de dividir a \u00e1rea em outros terminais e a de construir na mesma \u00e1rea um terminal de passageiros.<\/p>\n\n\n\n<p>Segundo a nota do ministro, o projeto novo prev\u00ea quatro ber\u00e7os de atraca\u00e7\u00e3o, um a mais do que o projeto original, de 2019, que previa tr\u00eas ber\u00e7os. Com o novo ber\u00e7o, a pasta espera ampliar a capacidade de cont\u00eaineres no porto de Santos em 50%.&nbsp;<\/p>\n\n\n\n<p>Hoje o porto tem, nas contas do minist\u00e9rio, capacidade de&nbsp;receber seis milh\u00f5es de cont\u00eaineres por ano. Com a mudan\u00e7a, a previs\u00e3o \u00e9 de que a capacidade passe a comportar nove milh\u00f5es de unidades, somente com esse novo terminal. H\u00e1 tamb\u00e9m projetos de expans\u00e3o de outros terminais de cont\u00eaineres em andamento.<\/p>\n\n\n\n<p>Em rela\u00e7\u00e3o ao terminal de passageiros, o governo informou que vai analisar juntamente \u00e0 Infra S.A. qual ser\u00e1 a melhor modelagem para a opera\u00e7\u00e3o, tendo em vista que o local hoje recebe cerca de 1 milh\u00e3o de cruzeiristas por ano. De acordo com o minist\u00e9rio, o novo terminal de passageiros n\u00e3o dever\u00e1 interferir na opera\u00e7\u00e3o da \u00e1rea de cont\u00eaineres.<\/p>\n\n\n\n<p>Em entrevista a jornalistas \u00e0 noite, o ministro Silvio Costa Filho disse que a proposta &#8220;passou quatro anos no governo anterior sem avan\u00e7ar nada&#8221; e que &#8220;ela j\u00e1 tinha mais de seis anos&#8221;. A maior parte da gest\u00e3o anterior da pasta coube ao atual governador de S\u00e3o Paulo, Tarc\u00edsio de Freitas, que \u00e9 do Republicanos, mesmo partido do ministro.<\/p>\n\n\n\n<p>Segundo ele, a pasta est\u00e1 h\u00e1 oito meses trabalhando na proposta, que &#8220;dialoga com o plano de investimentos do porto que a gente est\u00e1 trabalhando, n\u00e3o s\u00f3 do STS-10, mas tamb\u00e9m da Ilha de Bagres, Ilha dos Criadores e outros adensamentos que a gente espera fazer para ampliar cada vez mais a capacidade do Porto de Santos&#8221;.<\/p>\n\n\n\n<p><strong>Press\u00e3o da Casa Civil e do TCU<\/strong><br>O minist\u00e9rio de Portos e Aeroportos tinha se alinhado com uma posi\u00e7\u00e3o da APS (Autoridade Portu\u00e1ria de Santos), adotada a partir de abril de 2023, de n\u00e3o licitar mais o STS10 e dividir a \u00e1rea em tr\u00eas projetos. Por press\u00e3o da Casa Civil da Presid\u00eancia da Rep\u00fablica e do TCU, o minist\u00e9rio reviu a posi\u00e7\u00e3o.<\/p>\n\n\n\n<p>Mas os praticamente tr\u00eas anos que o processo ficou indefinido poder\u00e3o fazer com que haja um desvio estimado de 1,4 milh\u00e3o de cont\u00eaineres por ano do maior porto do pa\u00eds para outros portos, por falta de capacidade, na avalia\u00e7\u00e3o feita pelo TCU, utilizando-se de dados de estudos da ANTAQ (Ag\u00eancia Nacional de Transportes Aquavi\u00e1rios), que tamb\u00e9m vem defendendo desde 2023 a imediata licita\u00e7\u00e3o do STS10.<\/p>\n\n\n\n<p>Em parecer de agosto deste ano, que pode ser lido&nbsp;<a href=\"https:\/\/agenciainfra.us14.list-manage.com\/track\/click?u=d460dd1bcf9ba0ae040e1fc0f&amp;id=fe070494a8&amp;e=55b7a27fc9\" target=\"_blank\" rel=\"noreferrer noopener\">aqui<\/a>, a AudPortoFerrovia (Unidade de Auditoria Especializada em Infraestrutura Portu\u00e1ria e Ferrovi\u00e1ria) do TCU concluiu que a expans\u00e3o da infraestrutura para movimenta\u00e7\u00e3o de cont\u00eaineres no porto de Santos \u00e9 crucial para evitar a &#8220;insufici\u00eancia da capacidade&#8221;.<\/p>\n\n\n\n<p><strong>1,4 milh\u00e3o de cont\u00eaineres para outros portos<\/strong><br>Segundo o relat\u00f3rio de acompanhamento da corte, os atrasos na implementa\u00e7\u00e3o do STS10 resultam em preju\u00edzos significativos, visto que&nbsp;a demanda crescente n\u00e3o atendida cria d\u00e9ficits de oferta que afetam o n\u00edvel de servi\u00e7o e aumentam os pre\u00e7os contratados.&nbsp;<\/p>\n\n\n\n<p>\u201cAs simula\u00e7\u00f5es mostram que qualquer cen\u00e1rio de atraso no aporte de capacidade causar\u00e1 d\u00e9ficits substanciais na oferta programada, no \u00e2mbito do projeto STS10, para capturar a demanda entre 2026 e 2031\u201d, diz a auditoria, acrescentando que, como resultado, ocorrer\u00e3o \u201cimpactos significativos\u201d tanto no n\u00edvel de servi\u00e7o prestado como nos pre\u00e7os contratados.<\/p>\n\n\n\n<p>Na estimativa da ANTAQ, a partir de 2028, o porto j\u00e1 estaria com capacidade esgotada para cont\u00eaineres. Como dificilmente um novo terminal de cont\u00eaineres estar\u00e1 completamente operacional em 2028 se for licitado em 2025 (a estimativa \u00e9 de cinco anos), o \u00f3rg\u00e3o estima que &#8220;o cen\u00e1rio de atraso de tr\u00eas anos pode promover a fuga de carga do complexo, dada a magnitude da demanda que deixar\u00e1 de ser atendida em 2029 (1,4 milh\u00e3o de TEUs)&#8221;.<\/p>\n\n\n\n<p><strong>Perda de R$ 1 bilh\u00e3o para a APS<\/strong><br>O relat\u00f3rio mostra ainda que a autoridade portu\u00e1ria poder\u00e1 perder, na soma dos tr\u00eas anos de atraso, cerca de R$ 1 bilh\u00e3o em tarifas, j\u00e1 que a atual \u00e1rea que ser\u00e1 ocupada no Sabo\u00f3 pelo STS10 est\u00e1 subutilizada, resultando em baixa arrecada\u00e7\u00e3o para a empresa.<\/p>\n\n\n\n<p>Nem a APS nem o minist\u00e9rio concordavam na \u00e9poca da auditoria, no primeiro semestre deste ano, com os n\u00fameros apresentados pelo TCU e pela ANTAQ, indicando que, com expans\u00f5es previstas nos outros tr\u00eas terminais de cont\u00eaineres no porto, mais uma poss\u00edvel renova\u00e7\u00e3o do contrato do Ecoporto (que ocupa hoje \u00e1rea onde ser\u00e1 o STS10), seria poss\u00edvel atender \u00e0 demanda de cont\u00eaineres at\u00e9 a pr\u00f3xima d\u00e9cada.<\/p>\n\n\n\n<p><strong>Preju\u00edzo aos usu\u00e1rios<\/strong><br>No entanto, para a auditoria do TCU, isso n\u00e3o vem se demonstrando. No relat\u00f3rio, o \u00f3rg\u00e3o mostra que \u00e0 medida que a demanda cresce sem que a capacidade dos terminais aumente, os pre\u00e7os pagos pelos usu\u00e1rios para movimentar os cont\u00eaineres est\u00e3o subindo.<\/p>\n\n\n\n<p>&#8220;A restri\u00e7\u00e3o de oferta nos terminais portu\u00e1rios n\u00e3o s\u00f3 beneficia os operadores em termos de aumento do lucro, mas tamb\u00e9m cria um efeito cascata que onera os usu\u00e1rios finais e compromete a efici\u00eancia e competitividade do sistema portu\u00e1rio como um todo&#8221;, informa o relat\u00f3rio.<\/p>\n","protected":false},"excerpt":{"rendered":"<p>Sheyla Santos e Dimmi Amora, da Ag\u00eancia iNFRA O ministro de Portos e Aeroportos, Silvio Costa Filho, anunciou na \u00faltima ter\u00e7a-feira (15) a decis\u00e3o do governo federal de realizar o leil\u00e3o do terminal de cont\u00eaineres STS10 em Santos (SP). A estimativa da pasta \u00e9 encaminhar o projeto para o TCU (Tribunal de Contas da Uni\u00e3o) [&hellip;]<\/p>\n","protected":false},"author":1,"featured_media":7481,"comment_status":"closed","ping_status":"closed","sticky":false,"template":"","format":"standard","meta":{"_monsterinsights_skip_tracking":false,"_monsterinsights_sitenote_active":false,"_monsterinsights_sitenote_note":"","_monsterinsights_sitenote_category":0,"footnotes":""},"categories":[7250,1,7],"tags":[6854,4918,873,254,5402,4754,346,6257,6919,260,310,7467,4101,18,1634],"class_list":["post-18828","post","type-post","status-publish","format-standard","has-post-thumbnail","hentry","category-destaque-lista","category-geral","category-infratransporte","tag-aps","tag-autoridade-portuaria-de-santos","tag-conteineres","tag-leilao","tag-leilao-do-sts10","tag-leilao-portuario","tag-leiloes","tag-ministerio-de-portos-e-aeroportos","tag-mpor","tag-porto-de-santos","tag-portos","tag-silvio-costa-filho","tag-sts10","tag-tcu","tag-terminal-de-conteineres"],"yoast_head":"<!-- This site is optimized with the Yoast SEO Premium plugin v25.4 (Yoast SEO v26.0) - https:\/\/yoast.com\/wordpress\/plugins\/seo\/ -->\n<title>Ap\u00f3s quase tr\u00eas anos, Minist\u00e9rio de Portos e Aeroportos decide retomar leil\u00e3o do STS10, em Santos - Ag\u00eancia iNFRA<\/title>\n<meta name=\"robots\" content=\"index, follow, max-snippet:-1, max-image-preview:large, max-video-preview:-1\" \/>\n<link rel=\"canonical\" href=\"https:\/\/agenciainfra.com\/blog\/apos-quase-tres-anos-ministerio-de-portos-e-aeroportos-decide-retomar-leilao-do-sts10-em-santos\/\" \/>\n<meta property=\"og:locale\" content=\"pt_BR\" \/>\n<meta property=\"og:type\" content=\"article\" \/>\n<meta property=\"og:title\" content=\"Ap\u00f3s quase tr\u00eas anos, Minist\u00e9rio de Portos e Aeroportos decide retomar leil\u00e3o do STS10, em Santos\" \/>\n<meta property=\"og:description\" content=\"Sheyla Santos e Dimmi Amora, da Ag\u00eancia iNFRA O ministro de Portos e Aeroportos, Silvio Costa Filho, anunciou na \u00faltima ter\u00e7a-feira (15) a decis\u00e3o do governo federal de realizar o leil\u00e3o do terminal de cont\u00eaineres STS10 em Santos (SP). A estimativa da pasta \u00e9 encaminhar o projeto para o TCU (Tribunal de Contas da Uni\u00e3o) [&hellip;]\" \/>\n<meta property=\"og:url\" content=\"https:\/\/agenciainfra.com\/blog\/apos-quase-tres-anos-ministerio-de-portos-e-aeroportos-decide-retomar-leilao-do-sts10-em-santos\/\" \/>\n<meta property=\"og:site_name\" content=\"Ag\u00eancia iNFRA\" \/>\n<meta property=\"article:publisher\" content=\"https:\/\/www.facebook.com\/ageninfra\" \/>\n<meta property=\"article:published_time\" content=\"2024-10-17T16:00:00+00:00\" \/>\n<meta property=\"og:image\" content=\"https:\/\/agenciainfra.com\/blog\/wp-content\/uploads\/2021\/06\/porto-de-santos-foto-porto-de-santos.jpeg\" \/>\n\t<meta property=\"og:image:width\" content=\"1280\" \/>\n\t<meta property=\"og:image:height\" content=\"959\" \/>\n\t<meta property=\"og:image:type\" content=\"image\/jpeg\" \/>\n<meta name=\"author\" content=\"Ag\u00eancia iNFRA\" \/>\n<meta name=\"twitter:card\" content=\"summary_large_image\" \/>\n<meta name=\"twitter:creator\" content=\"@agencia_infra\" \/>\n<meta name=\"twitter:site\" content=\"@agencia_infra\" \/>\n<meta name=\"twitter:label1\" content=\"Escrito por\" \/>\n\t<meta name=\"twitter:data1\" content=\"Ag\u00eancia iNFRA\" \/>\n\t<meta name=\"twitter:label2\" content=\"Est. tempo de leitura\" \/>\n\t<meta name=\"twitter:data2\" content=\"5 minutos\" \/>\n<script type=\"application\/ld+json\" class=\"yoast-schema-graph\">{\"@context\":\"https:\/\/schema.org\",\"@graph\":[{\"@type\":\"Article\",\"@id\":\"https:\/\/agenciainfra.com\/blog\/apos-quase-tres-anos-ministerio-de-portos-e-aeroportos-decide-retomar-leilao-do-sts10-em-santos\/#article\",\"isPartOf\":{\"@id\":\"https:\/\/agenciainfra.com\/blog\/apos-quase-tres-anos-ministerio-de-portos-e-aeroportos-decide-retomar-leilao-do-sts10-em-santos\/\"},\"author\":{\"name\":\"Ag\u00eancia iNFRA\",\"@id\":\"https:\/\/agenciainfra.com\/blog\/#\/schema\/person\/34af08dff6adea4cb22b06612ba7acfa\"},\"headline\":\"Ap\u00f3s quase tr\u00eas anos, Minist\u00e9rio de Portos e Aeroportos decide retomar leil\u00e3o do STS10, em Santos\",\"datePublished\":\"2024-10-17T16:00:00+00:00\",\"mainEntityOfPage\":{\"@id\":\"https:\/\/agenciainfra.com\/blog\/apos-quase-tres-anos-ministerio-de-portos-e-aeroportos-decide-retomar-leilao-do-sts10-em-santos\/\"},\"wordCount\":1061,\"publisher\":{\"@id\":\"https:\/\/agenciainfra.com\/blog\/#organization\"},\"image\":{\"@id\":\"https:\/\/agenciainfra.com\/blog\/apos-quase-tres-anos-ministerio-de-portos-e-aeroportos-decide-retomar-leilao-do-sts10-em-santos\/#primaryimage\"},\"thumbnailUrl\":\"https:\/\/agenciainfra.com\/blog\/wp-content\/uploads\/2021\/06\/porto-de-santos-foto-porto-de-santos-e1763135113767.jpeg\",\"keywords\":[\"APS\",\"Autoridade Portu\u00e1ria de Santos\",\"cont\u00eaineres\",\"leil\u00e3o\",\"leil\u00e3o do STS10\",\"leil\u00e3o portu\u00e1rio\",\"leil\u00f5es\",\"Minist\u00e9rio de Portos e Aeroportos\",\"MPor\",\"Porto de Santos\",\"portos\",\"Silvio Costa Filho\",\"STS10\",\"TCU\",\"terminal de cont\u00eaineres\"],\"articleSection\":[\"Destaque lista\",\"Geral\",\"iNFRATransporte\"],\"inLanguage\":\"pt-BR\",\"copyrightYear\":\"2024\",\"copyrightHolder\":{\"@id\":\"https:\/\/agenciainfra.com\/blog\/#organization\"}},{\"@type\":\"WebPage\",\"@id\":\"https:\/\/agenciainfra.com\/blog\/apos-quase-tres-anos-ministerio-de-portos-e-aeroportos-decide-retomar-leilao-do-sts10-em-santos\/\",\"url\":\"https:\/\/agenciainfra.com\/blog\/apos-quase-tres-anos-ministerio-de-portos-e-aeroportos-decide-retomar-leilao-do-sts10-em-santos\/\",\"name\":\"Ap\u00f3s quase tr\u00eas anos, Minist\u00e9rio de Portos e Aeroportos decide retomar leil\u00e3o do STS10, em Santos - Ag\u00eancia iNFRA\",\"isPartOf\":{\"@id\":\"https:\/\/agenciainfra.com\/blog\/#website\"},\"primaryImageOfPage\":{\"@id\":\"https:\/\/agenciainfra.com\/blog\/apos-quase-tres-anos-ministerio-de-portos-e-aeroportos-decide-retomar-leilao-do-sts10-em-santos\/#primaryimage\"},\"image\":{\"@id\":\"https:\/\/agenciainfra.com\/blog\/apos-quase-tres-anos-ministerio-de-portos-e-aeroportos-decide-retomar-leilao-do-sts10-em-santos\/#primaryimage\"},\"thumbnailUrl\":\"https:\/\/agenciainfra.com\/blog\/wp-content\/uploads\/2021\/06\/porto-de-santos-foto-porto-de-santos-e1763135113767.jpeg\",\"datePublished\":\"2024-10-17T16:00:00+00:00\",\"breadcrumb\":{\"@id\":\"https:\/\/agenciainfra.com\/blog\/apos-quase-tres-anos-ministerio-de-portos-e-aeroportos-decide-retomar-leilao-do-sts10-em-santos\/#breadcrumb\"},\"inLanguage\":\"pt-BR\",\"potentialAction\":[{\"@type\":\"ReadAction\",\"target\":[\"https:\/\/agenciainfra.com\/blog\/apos-quase-tres-anos-ministerio-de-portos-e-aeroportos-decide-retomar-leilao-do-sts10-em-santos\/\"]}]},{\"@type\":\"ImageObject\",\"inLanguage\":\"pt-BR\",\"@id\":\"https:\/\/agenciainfra.com\/blog\/apos-quase-tres-anos-ministerio-de-portos-e-aeroportos-decide-retomar-leilao-do-sts10-em-santos\/#primaryimage\",\"url\":\"https:\/\/agenciainfra.com\/blog\/wp-content\/uploads\/2021\/06\/porto-de-santos-foto-porto-de-santos-e1763135113767.jpeg\",\"contentUrl\":\"https:\/\/agenciainfra.com\/blog\/wp-content\/uploads\/2021\/06\/porto-de-santos-foto-porto-de-santos-e1763135113767.jpeg\",\"width\":1280,\"height\":787,\"caption\":\"Foto: Autoridade Portu\u00e1ria de Santos\"},{\"@type\":\"BreadcrumbList\",\"@id\":\"https:\/\/agenciainfra.com\/blog\/apos-quase-tres-anos-ministerio-de-portos-e-aeroportos-decide-retomar-leilao-do-sts10-em-santos\/#breadcrumb\",\"itemListElement\":[{\"@type\":\"ListItem\",\"position\":1,\"name\":\"In\u00edcio\",\"item\":\"https:\/\/agenciainfra.com\/blog\/\"},{\"@type\":\"ListItem\",\"position\":2,\"name\":\"Ap\u00f3s quase tr\u00eas anos, Minist\u00e9rio de Portos e Aeroportos decide retomar leil\u00e3o do STS10, em Santos\"}]},{\"@type\":\"WebSite\",\"@id\":\"https:\/\/agenciainfra.com\/blog\/#website\",\"url\":\"https:\/\/agenciainfra.com\/blog\/\",\"name\":\"Ag\u00eancia iNFRA\",\"description\":\"Multiplataforma de informa\u00e7\u00e3o jornal\u00edstica refer\u00eancia na \u00e1rea de infraestrutura no Brasil!\",\"publisher\":{\"@id\":\"https:\/\/agenciainfra.com\/blog\/#organization\"},\"potentialAction\":[{\"@type\":\"SearchAction\",\"target\":{\"@type\":\"EntryPoint\",\"urlTemplate\":\"https:\/\/agenciainfra.com\/blog\/?s={search_term_string}\"},\"query-input\":{\"@type\":\"PropertyValueSpecification\",\"valueRequired\":true,\"valueName\":\"search_term_string\"}}],\"inLanguage\":\"pt-BR\"},{\"@type\":\"Organization\",\"@id\":\"https:\/\/agenciainfra.com\/blog\/#organization\",\"name\":\"Ag\u00eancia iNFRA\",\"url\":\"https:\/\/agenciainfra.com\/blog\/\",\"logo\":{\"@type\":\"ImageObject\",\"inLanguage\":\"pt-BR\",\"@id\":\"https:\/\/agenciainfra.com\/blog\/#\/schema\/logo\/image\/\",\"url\":\"https:\/\/agenciainfra.com\/blog\/wp-content\/uploads\/2023\/09\/iNFRA_5-e1761735885940.png\",\"contentUrl\":\"https:\/\/agenciainfra.com\/blog\/wp-content\/uploads\/2023\/09\/iNFRA_5-e1761735885940.png\",\"width\":1672,\"height\":454,\"caption\":\"Ag\u00eancia iNFRA\"},\"image\":{\"@id\":\"https:\/\/agenciainfra.com\/blog\/#\/schema\/logo\/image\/\"},\"sameAs\":[\"https:\/\/www.facebook.com\/ageninfra\",\"https:\/\/x.com\/agencia_infra\",\"https:\/\/www.linkedin.com\/company\/ag\u00eanciainfra\/\",\"https:\/\/www.instagram.com\/agenciainfra\/\"]},{\"@type\":\"Person\",\"@id\":\"https:\/\/agenciainfra.com\/blog\/#\/schema\/person\/34af08dff6adea4cb22b06612ba7acfa\",\"name\":\"Ag\u00eancia iNFRA\",\"image\":{\"@type\":\"ImageObject\",\"inLanguage\":\"pt-BR\",\"@id\":\"https:\/\/agenciainfra.com\/blog\/#\/schema\/person\/image\/\",\"url\":\"https:\/\/secure.gravatar.com\/avatar\/d189e01678f06d8eb84d4e01f08eb848b3fffe3f8443818d3c356c66892f5be8?s=96&d=mm&r=g\",\"contentUrl\":\"https:\/\/secure.gravatar.com\/avatar\/d189e01678f06d8eb84d4e01f08eb848b3fffe3f8443818d3c356c66892f5be8?s=96&d=mm&r=g\",\"caption\":\"Ag\u00eancia iNFRA\"},\"url\":\"https:\/\/agenciainfra.com\/blog\/author\/admin\/\"}]}<\/script>\n<!-- \/ Yoast SEO Premium plugin. -->","yoast_head_json":{"title":"Ap\u00f3s quase tr\u00eas anos, Minist\u00e9rio de Portos e Aeroportos decide retomar leil\u00e3o do STS10, em Santos - Ag\u00eancia iNFRA","robots":{"index":"index","follow":"follow","max-snippet":"max-snippet:-1","max-image-preview":"max-image-preview:large","max-video-preview":"max-video-preview:-1"},"canonical":"https:\/\/agenciainfra.com\/blog\/apos-quase-tres-anos-ministerio-de-portos-e-aeroportos-decide-retomar-leilao-do-sts10-em-santos\/","og_locale":"pt_BR","og_type":"article","og_title":"Ap\u00f3s quase tr\u00eas anos, Minist\u00e9rio de Portos e Aeroportos decide retomar leil\u00e3o do STS10, em Santos","og_description":"Sheyla Santos e Dimmi Amora, da Ag\u00eancia iNFRA O ministro de Portos e Aeroportos, Silvio Costa Filho, anunciou na \u00faltima ter\u00e7a-feira (15) a decis\u00e3o do governo federal de realizar o leil\u00e3o do terminal de cont\u00eaineres STS10 em Santos (SP). A estimativa da pasta \u00e9 encaminhar o projeto para o TCU (Tribunal de Contas da Uni\u00e3o) [&hellip;]","og_url":"https:\/\/agenciainfra.com\/blog\/apos-quase-tres-anos-ministerio-de-portos-e-aeroportos-decide-retomar-leilao-do-sts10-em-santos\/","og_site_name":"Ag\u00eancia iNFRA","article_publisher":"https:\/\/www.facebook.com\/ageninfra","article_published_time":"2024-10-17T16:00:00+00:00","og_image":[{"width":1280,"height":959,"url":"https:\/\/agenciainfra.com\/blog\/wp-content\/uploads\/2021\/06\/porto-de-santos-foto-porto-de-santos.jpeg","type":"image\/jpeg"}],"author":"Ag\u00eancia iNFRA","twitter_card":"summary_large_image","twitter_creator":"@agencia_infra","twitter_site":"@agencia_infra","twitter_misc":{"Escrito por":"Ag\u00eancia iNFRA","Est. tempo de leitura":"5 minutos"},"schema":{"@context":"https:\/\/schema.org","@graph":[{"@type":"Article","@id":"https:\/\/agenciainfra.com\/blog\/apos-quase-tres-anos-ministerio-de-portos-e-aeroportos-decide-retomar-leilao-do-sts10-em-santos\/#article","isPartOf":{"@id":"https:\/\/agenciainfra.com\/blog\/apos-quase-tres-anos-ministerio-de-portos-e-aeroportos-decide-retomar-leilao-do-sts10-em-santos\/"},"author":{"name":"Ag\u00eancia iNFRA","@id":"https:\/\/agenciainfra.com\/blog\/#\/schema\/person\/34af08dff6adea4cb22b06612ba7acfa"},"headline":"Ap\u00f3s quase tr\u00eas anos, Minist\u00e9rio de Portos e Aeroportos decide retomar leil\u00e3o do STS10, em Santos","datePublished":"2024-10-17T16:00:00+00:00","mainEntityOfPage":{"@id":"https:\/\/agenciainfra.com\/blog\/apos-quase-tres-anos-ministerio-de-portos-e-aeroportos-decide-retomar-leilao-do-sts10-em-santos\/"},"wordCount":1061,"publisher":{"@id":"https:\/\/agenciainfra.com\/blog\/#organization"},"image":{"@id":"https:\/\/agenciainfra.com\/blog\/apos-quase-tres-anos-ministerio-de-portos-e-aeroportos-decide-retomar-leilao-do-sts10-em-santos\/#primaryimage"},"thumbnailUrl":"https:\/\/agenciainfra.com\/blog\/wp-content\/uploads\/2021\/06\/porto-de-santos-foto-porto-de-santos-e1763135113767.jpeg","keywords":["APS","Autoridade Portu\u00e1ria de Santos","cont\u00eaineres","leil\u00e3o","leil\u00e3o do STS10","leil\u00e3o portu\u00e1rio","leil\u00f5es","Minist\u00e9rio de Portos e Aeroportos","MPor","Porto de Santos","portos","Silvio Costa Filho","STS10","TCU","terminal de cont\u00eaineres"],"articleSection":["Destaque lista","Geral","iNFRATransporte"],"inLanguage":"pt-BR","copyrightYear":"2024","copyrightHolder":{"@id":"https:\/\/agenciainfra.com\/blog\/#organization"}},{"@type":"WebPage","@id":"https:\/\/agenciainfra.com\/blog\/apos-quase-tres-anos-ministerio-de-portos-e-aeroportos-decide-retomar-leilao-do-sts10-em-santos\/","url":"https:\/\/agenciainfra.com\/blog\/apos-quase-tres-anos-ministerio-de-portos-e-aeroportos-decide-retomar-leilao-do-sts10-em-santos\/","name":"Ap\u00f3s quase tr\u00eas anos, Minist\u00e9rio de Portos e Aeroportos decide retomar leil\u00e3o do STS10, em Santos - Ag\u00eancia iNFRA","isPartOf":{"@id":"https:\/\/agenciainfra.com\/blog\/#website"},"primaryImageOfPage":{"@id":"https:\/\/agenciainfra.com\/blog\/apos-quase-tres-anos-ministerio-de-portos-e-aeroportos-decide-retomar-leilao-do-sts10-em-santos\/#primaryimage"},"image":{"@id":"https:\/\/agenciainfra.com\/blog\/apos-quase-tres-anos-ministerio-de-portos-e-aeroportos-decide-retomar-leilao-do-sts10-em-santos\/#primaryimage"},"thumbnailUrl":"https:\/\/agenciainfra.com\/blog\/wp-content\/uploads\/2021\/06\/porto-de-santos-foto-porto-de-santos-e1763135113767.jpeg","datePublished":"2024-10-17T16:00:00+00:00","breadcrumb":{"@id":"https:\/\/agenciainfra.com\/blog\/apos-quase-tres-anos-ministerio-de-portos-e-aeroportos-decide-retomar-leilao-do-sts10-em-santos\/#breadcrumb"},"inLanguage":"pt-BR","potentialAction":[{"@type":"ReadAction","target":["https:\/\/agenciainfra.com\/blog\/apos-quase-tres-anos-ministerio-de-portos-e-aeroportos-decide-retomar-leilao-do-sts10-em-santos\/"]}]},{"@type":"ImageObject","inLanguage":"pt-BR","@id":"https:\/\/agenciainfra.com\/blog\/apos-quase-tres-anos-ministerio-de-portos-e-aeroportos-decide-retomar-leilao-do-sts10-em-santos\/#primaryimage","url":"https:\/\/agenciainfra.com\/blog\/wp-content\/uploads\/2021\/06\/porto-de-santos-foto-porto-de-santos-e1763135113767.jpeg","contentUrl":"https:\/\/agenciainfra.com\/blog\/wp-content\/uploads\/2021\/06\/porto-de-santos-foto-porto-de-santos-e1763135113767.jpeg","width":1280,"height":787,"caption":"Foto: Autoridade Portu\u00e1ria de Santos"},{"@type":"BreadcrumbList","@id":"https:\/\/agenciainfra.com\/blog\/apos-quase-tres-anos-ministerio-de-portos-e-aeroportos-decide-retomar-leilao-do-sts10-em-santos\/#breadcrumb","itemListElement":[{"@type":"ListItem","position":1,"name":"In\u00edcio","item":"https:\/\/agenciainfra.com\/blog\/"},{"@type":"ListItem","position":2,"name":"Ap\u00f3s quase tr\u00eas anos, Minist\u00e9rio de Portos e Aeroportos decide retomar leil\u00e3o do STS10, em Santos"}]},{"@type":"WebSite","@id":"https:\/\/agenciainfra.com\/blog\/#website","url":"https:\/\/agenciainfra.com\/blog\/","name":"Ag\u00eancia iNFRA","description":"Multiplataforma de informa\u00e7\u00e3o jornal\u00edstica refer\u00eancia na \u00e1rea de infraestrutura no Brasil!","publisher":{"@id":"https:\/\/agenciainfra.com\/blog\/#organization"},"potentialAction":[{"@type":"SearchAction","target":{"@type":"EntryPoint","urlTemplate":"https:\/\/agenciainfra.com\/blog\/?s={search_term_string}"},"query-input":{"@type":"PropertyValueSpecification","valueRequired":true,"valueName":"search_term_string"}}],"inLanguage":"pt-BR"},{"@type":"Organization","@id":"https:\/\/agenciainfra.com\/blog\/#organization","name":"Ag\u00eancia iNFRA","url":"https:\/\/agenciainfra.com\/blog\/","logo":{"@type":"ImageObject","inLanguage":"pt-BR","@id":"https:\/\/agenciainfra.com\/blog\/#\/schema\/logo\/image\/","url":"https:\/\/agenciainfra.com\/blog\/wp-content\/uploads\/2023\/09\/iNFRA_5-e1761735885940.png","contentUrl":"https:\/\/agenciainfra.com\/blog\/wp-content\/uploads\/2023\/09\/iNFRA_5-e1761735885940.png","width":1672,"height":454,"caption":"Ag\u00eancia iNFRA"},"image":{"@id":"https:\/\/agenciainfra.com\/blog\/#\/schema\/logo\/image\/"},"sameAs":["https:\/\/www.facebook.com\/ageninfra","https:\/\/x.com\/agencia_infra","https:\/\/www.linkedin.com\/company\/ag\u00eanciainfra\/","https:\/\/www.instagram.com\/agenciainfra\/"]},{"@type":"Person","@id":"https:\/\/agenciainfra.com\/blog\/#\/schema\/person\/34af08dff6adea4cb22b06612ba7acfa","name":"Ag\u00eancia iNFRA","image":{"@type":"ImageObject","inLanguage":"pt-BR","@id":"https:\/\/agenciainfra.com\/blog\/#\/schema\/person\/image\/","url":"https:\/\/secure.gravatar.com\/avatar\/d189e01678f06d8eb84d4e01f08eb848b3fffe3f8443818d3c356c66892f5be8?s=96&d=mm&r=g","contentUrl":"https:\/\/secure.gravatar.com\/avatar\/d189e01678f06d8eb84d4e01f08eb848b3fffe3f8443818d3c356c66892f5be8?s=96&d=mm&r=g","caption":"Ag\u00eancia iNFRA"},"url":"https:\/\/agenciainfra.com\/blog\/author\/admin\/"}]}},"_links":{"self":[{"href":"https:\/\/agenciainfra.com\/blog\/wp-json\/wp\/v2\/posts\/18828","targetHints":{"allow":["GET"]}}],"collection":[{"href":"https:\/\/agenciainfra.com\/blog\/wp-json\/wp\/v2\/posts"}],"about":[{"href":"https:\/\/agenciainfra.com\/blog\/wp-json\/wp\/v2\/types\/post"}],"author":[{"embeddable":true,"href":"https:\/\/agenciainfra.com\/blog\/wp-json\/wp\/v2\/users\/1"}],"replies":[{"embeddable":true,"href":"https:\/\/agenciainfra.com\/blog\/wp-json\/wp\/v2\/comments?post=18828"}],"version-history":[{"count":1,"href":"https:\/\/agenciainfra.com\/blog\/wp-json\/wp\/v2\/posts\/18828\/revisions"}],"predecessor-version":[{"id":18829,"href":"https:\/\/agenciainfra.com\/blog\/wp-json\/wp\/v2\/posts\/18828\/revisions\/18829"}],"wp:featuredmedia":[{"embeddable":true,"href":"https:\/\/agenciainfra.com\/blog\/wp-json\/wp\/v2\/media\/7481"}],"wp:attachment":[{"href":"https:\/\/agenciainfra.com\/blog\/wp-json\/wp\/v2\/media?parent=18828"}],"wp:term":[{"taxonomy":"category","embeddable":true,"href":"https:\/\/agenciainfra.com\/blog\/wp-json\/wp\/v2\/categories?post=18828"},{"taxonomy":"post_tag","embeddable":true,"href":"https:\/\/agenciainfra.com\/blog\/wp-json\/wp\/v2\/tags?post=18828"}],"curies":[{"name":"wp","href":"https:\/\/api.w.org\/{rel}","templated":true}]}}