{"id":18830,"date":"2024-10-17T09:00:00","date_gmt":"2024-10-17T12:00:00","guid":{"rendered":"https:\/\/agenciainfra.com\/blog\/?p=18830"},"modified":"2024-10-18T08:07:25","modified_gmt":"2024-10-18T11:07:25","slug":"tcu-aprova-determinacoes-a-aneel-mas-nao-responsabiliza-agencia-ou-uniao-sobre-apagao-em-sp","status":"publish","type":"post","link":"https:\/\/agenciainfra.com\/blog\/tcu-aprova-determinacoes-a-aneel-mas-nao-responsabiliza-agencia-ou-uniao-sobre-apagao-em-sp\/","title":{"rendered":"TCU aprova determina\u00e7\u00f5es \u00e0 ANEEL, mas n\u00e3o responsabiliza ag\u00eancia ou Uni\u00e3o sobre apag\u00e3o em SP"},"content":{"rendered":"\n<p class=\"has-text-align-right\"><strong>Marisa Wanzeller e Sheyla Santos, da Ag\u00eancia iNFRA<\/strong><\/p>\n\n\n\n<p>O TCU (Tribunal de Contas da Uni\u00e3o) determinou, em car\u00e1ter cautelar, nesta quarta-feira (16), que a ANEEL (Ag\u00eancia Nacional de Energia El\u00e9trica) operacionalize o compartilhamento de informa\u00e7\u00f5es em tempo real da Enel S\u00e3o Paulo com a Arsesp (Ag\u00eancia Reguladora de Servi\u00e7os P\u00fablicos do Estado de S\u00e3o Paulo) e com os governos do estado e municipais. O intuito \u00e9 dar maior celeridade ao acompanhamento das a\u00e7\u00f5es para restitui\u00e7\u00e3o do servi\u00e7o de energia el\u00e9trica.<\/p>\n\n\n\n<p>O relator do processo, ministro Augusto Nardes, disse na ter\u00e7a-feira (15) que tanto a ANEEL quanto a Uni\u00e3o teriam que ser responsabilizadas pelas falhas na presta\u00e7\u00e3o de servi\u00e7o da Enel. Contudo, o voto lido em plen\u00e1rio nesta quarta-feira n\u00e3o tratou de tal responsabiliza\u00e7\u00e3o.<\/p>\n\n\n\n<p>A corte aprovou representa\u00e7\u00e3o do MPTCU (Minist\u00e9rio P\u00fablico junto ao Tribunal de Contas da Uni\u00e3o) ap\u00f3s o apag\u00e3o ocorrido em novembro do ano passado, requerendo a an\u00e1lise das causas do evento e o acompanhamento de medidas adotadas pelo governo federal.&nbsp;<\/p>\n\n\n\n<p>O processo foi inclu\u00eddo ainda na quarta-feira (16)&nbsp;na pauta, ap\u00f3s o relator do processo, ministro Augusto Nardes, reunir-se em S\u00e3o Paulo com representantes da distribuidora, da ANEEL e com autoridades locais, na ter\u00e7a (15). Em seu voto, Nardes caracterizou a situa\u00e7\u00e3o como &#8220;muito grave e preocupante&#8221; e disse ser dever da concession\u00e1ria compartilhar informa\u00e7\u00f5es de seu controle operacional em tempo real para que esses servi\u00e7os possam ser continuamente monitorados com maior celeridade.<br><br>&#8220;Considerando que o controle externo neste caso \u00e9 de segunda ordem, cabe determina\u00e7\u00e3o cautelar \u00e0 ANEEL para que envide esfor\u00e7os junto \u00e0 concession\u00e1ria para que essas informa\u00e7\u00f5es sejam disponibilizadas&#8221;, diz o&nbsp;<a href=\"https:\/\/mcusercontent.com\/d460dd1bcf9ba0ae040e1fc0f\/files\/c0bdeb42-2042-df2c-1df0-935857e68cc9\/037.796_2023_2_AN_Cautelar_Enel.pdf\" target=\"_blank\" rel=\"noreferrer noopener\">ac\u00f3rd\u00e3o<\/a>&nbsp;aprovado.<\/p>\n\n\n\n<p><strong>Interven\u00e7\u00e3o ou caducidade<\/strong><br>Um segundo ponto apontado pelo ministro se refere \u00e0 avalia\u00e7\u00e3o por parte do poder concedente, a Uni\u00e3o, e da ANEEL, diante da gravidade do cen\u00e1rio, de ado\u00e7\u00e3o de medidas mais severas, como a &#8220;necessidade de interven\u00e7\u00e3o&#8221;, ou a &#8220;declara\u00e7\u00e3o de caducidade da concess\u00e3o&#8221;.<\/p>\n\n\n\n<p>&#8220;Como a compet\u00eancia desses atos \u00e9 do poder concedente, entendo desnecess\u00e1ria a\u00e7\u00e3o imediata do TCU, sem preju\u00edzo do acompanhamento da gest\u00e3o dessas medidas pelo Poder P\u00fablico&#8221;, avaliou o ministro.<\/p>\n\n\n\n<p><strong>Fatos inadmiss\u00edveis<\/strong><br>O relator disse demonstrar preocupa\u00e7\u00e3o com &#8220;fatos inadmiss\u00edveis&#8221; que foram relatados em sua ida a S\u00e3o Paulo, com &#8220;graves ind\u00edcios de irregularidades&#8221; na atua\u00e7\u00e3o da concession\u00e1ria, que demandam aprofundamento por parte do TCU.<\/p>\n\n\n\n<p>Os fatos mencionados s\u00e3o: 1) Indicadores regulat\u00f3rios de desempenho&nbsp;insuficientes para assegurar uma boa qualidade de servi\u00e7os; 2) defici\u00eancia no encaminhamento de informa\u00e7\u00f5es tempestivas pela Enel \u00e0 ANEEL, \u00e0 Arsesp, ao governo do estado e aos munic\u00edpios; 3) baixa autonomia da Arsesp no conv\u00eanio firmado com a ANEEL nas atividades de fiscaliza\u00e7\u00e3o; 4) insufici\u00eancia de mecanismos que possam prever cat\u00e1strofes naturais com agilidade e antecipa\u00e7\u00e3o; 5) lentid\u00e3o da concession\u00e1ria em solucionar esse tipo de problema diante da insufici\u00eancia de funcion\u00e1rios; 6) baixa governan\u00e7a do Minist\u00e9rio de Minas e Energias e da ANEEL para o acompanhamento do tema; 7) insufici\u00eancia de avalia\u00e7\u00e3o e tratamento de riscos pela concession\u00e1ria para minimizar preju\u00edzos decorrentes de cat\u00e1strofes naturais; e 8) planos de conting\u00eancia definidos pelas partes, mas n\u00e3o cumpridos pela concession\u00e1ria.&nbsp;<\/p>\n\n\n\n<p><strong>Corre\u00e7\u00e3o nos estudos<\/strong><br>Os autos tamb\u00e9m foram encaminhados \u00e0 AudEl\u00e9trica, unidade de auditoria especializada da corte, para o aprofundamento dos estudos relativos aos novos ind\u00edcios de irregularidades constatados com o novo apag\u00e3o e apresenta\u00e7\u00e3o das devidas medidas corretivas.<\/p>\n\n\n\n<p>Um relat\u00f3rio entregue pela AudEl\u00e9trica dizia que n\u00e3o cabiam medidas punitivas \u00e0 Enel por problemas no fornecimento relativos ao apag\u00e3o do ano passado.<\/p>\n","protected":false},"excerpt":{"rendered":"<p>Marisa Wanzeller e Sheyla Santos, da Ag\u00eancia iNFRA O TCU (Tribunal de Contas da Uni\u00e3o) determinou, em car\u00e1ter cautelar, nesta quarta-feira (16), que a ANEEL (Ag\u00eancia Nacional de Energia El\u00e9trica) operacionalize o compartilhamento de informa\u00e7\u00f5es em tempo real da Enel S\u00e3o Paulo com a Arsesp (Ag\u00eancia Reguladora de Servi\u00e7os P\u00fablicos do Estado de S\u00e3o Paulo) [&hellip;]<\/p>\n","protected":false},"author":1,"featured_media":14664,"comment_status":"closed","ping_status":"closed","sticky":false,"template":"","format":"standard","meta":{"_monsterinsights_skip_tracking":false,"_monsterinsights_sitenote_active":false,"_monsterinsights_sitenote_note":"","_monsterinsights_sitenote_category":0,"footnotes":""},"categories":[9714,1,10],"tags":[53,3002,11549,2829,7705,616,8475,7366,96,71,8838,18],"class_list":["post-18830","post","type-post","status-publish","format-standard","has-post-thumbnail","hentry","category-destaque-menor","category-geral","category-infraenergia","tag-aneel","tag-apagao","tag-apagao-em-sp","tag-arsesp","tag-audeletrica","tag-enel","tag-enel-sao-paulo","tag-marisa-wanzeller","tag-ministerio-de-minas-e-energia","tag-mme","tag-sheyla-santos","tag-tcu"],"yoast_head":"<!-- This site is optimized with the Yoast SEO Premium plugin v25.4 (Yoast SEO v26.0) - https:\/\/yoast.com\/wordpress\/plugins\/seo\/ -->\n<title>TCU aprova determina\u00e7\u00f5es \u00e0 ANEEL, mas n\u00e3o responsabiliza ag\u00eancia ou Uni\u00e3o sobre apag\u00e3o em SP - Ag\u00eancia iNFRA<\/title>\n<meta name=\"robots\" content=\"index, follow, max-snippet:-1, max-image-preview:large, max-video-preview:-1\" \/>\n<link rel=\"canonical\" href=\"https:\/\/agenciainfra.com\/blog\/tcu-aprova-determinacoes-a-aneel-mas-nao-responsabiliza-agencia-ou-uniao-sobre-apagao-em-sp\/\" \/>\n<meta property=\"og:locale\" content=\"pt_BR\" \/>\n<meta property=\"og:type\" content=\"article\" \/>\n<meta property=\"og:title\" content=\"TCU aprova determina\u00e7\u00f5es \u00e0 ANEEL, mas n\u00e3o responsabiliza ag\u00eancia ou Uni\u00e3o sobre apag\u00e3o em SP\" \/>\n<meta property=\"og:description\" content=\"Marisa Wanzeller e Sheyla Santos, da Ag\u00eancia iNFRA O TCU (Tribunal de Contas da Uni\u00e3o) determinou, em car\u00e1ter cautelar, nesta quarta-feira (16), que a ANEEL (Ag\u00eancia Nacional de Energia El\u00e9trica) operacionalize o compartilhamento de informa\u00e7\u00f5es em tempo real da Enel S\u00e3o Paulo com a Arsesp (Ag\u00eancia Reguladora de Servi\u00e7os P\u00fablicos do Estado de S\u00e3o Paulo) [&hellip;]\" \/>\n<meta property=\"og:url\" content=\"https:\/\/agenciainfra.com\/blog\/tcu-aprova-determinacoes-a-aneel-mas-nao-responsabiliza-agencia-ou-uniao-sobre-apagao-em-sp\/\" \/>\n<meta property=\"og:site_name\" content=\"Ag\u00eancia iNFRA\" \/>\n<meta property=\"article:publisher\" content=\"https:\/\/www.facebook.com\/ageninfra\" \/>\n<meta property=\"article:published_time\" content=\"2024-10-17T12:00:00+00:00\" \/>\n<meta property=\"article:modified_time\" content=\"2024-10-18T11:07:25+00:00\" \/>\n<meta property=\"og:image\" content=\"https:\/\/agenciainfra.com\/blog\/wp-content\/uploads\/2023\/11\/apagao-foto-rovena-rosa-governo-federal.jpeg\" \/>\n\t<meta property=\"og:image:width\" content=\"1202\" \/>\n\t<meta property=\"og:image:height\" content=\"800\" \/>\n\t<meta property=\"og:image:type\" content=\"image\/jpeg\" \/>\n<meta name=\"author\" content=\"Ag\u00eancia iNFRA\" \/>\n<meta name=\"twitter:card\" content=\"summary_large_image\" \/>\n<meta name=\"twitter:creator\" content=\"@agencia_infra\" \/>\n<meta name=\"twitter:site\" content=\"@agencia_infra\" \/>\n<meta name=\"twitter:label1\" content=\"Escrito por\" \/>\n\t<meta name=\"twitter:data1\" content=\"Ag\u00eancia iNFRA\" \/>\n\t<meta name=\"twitter:label2\" content=\"Est. tempo de leitura\" \/>\n\t<meta name=\"twitter:data2\" content=\"3 minutos\" \/>\n<script type=\"application\/ld+json\" class=\"yoast-schema-graph\">{\"@context\":\"https:\/\/schema.org\",\"@graph\":[{\"@type\":\"Article\",\"@id\":\"https:\/\/agenciainfra.com\/blog\/tcu-aprova-determinacoes-a-aneel-mas-nao-responsabiliza-agencia-ou-uniao-sobre-apagao-em-sp\/#article\",\"isPartOf\":{\"@id\":\"https:\/\/agenciainfra.com\/blog\/tcu-aprova-determinacoes-a-aneel-mas-nao-responsabiliza-agencia-ou-uniao-sobre-apagao-em-sp\/\"},\"author\":{\"name\":\"Ag\u00eancia iNFRA\",\"@id\":\"https:\/\/agenciainfra.com\/blog\/#\/schema\/person\/34af08dff6adea4cb22b06612ba7acfa\"},\"headline\":\"TCU aprova determina\u00e7\u00f5es \u00e0 ANEEL, mas n\u00e3o responsabiliza ag\u00eancia ou Uni\u00e3o sobre apag\u00e3o em SP\",\"datePublished\":\"2024-10-17T12:00:00+00:00\",\"dateModified\":\"2024-10-18T11:07:25+00:00\",\"mainEntityOfPage\":{\"@id\":\"https:\/\/agenciainfra.com\/blog\/tcu-aprova-determinacoes-a-aneel-mas-nao-responsabiliza-agencia-ou-uniao-sobre-apagao-em-sp\/\"},\"wordCount\":669,\"publisher\":{\"@id\":\"https:\/\/agenciainfra.com\/blog\/#organization\"},\"image\":{\"@id\":\"https:\/\/agenciainfra.com\/blog\/tcu-aprova-determinacoes-a-aneel-mas-nao-responsabiliza-agencia-ou-uniao-sobre-apagao-em-sp\/#primaryimage\"},\"thumbnailUrl\":\"https:\/\/agenciainfra.com\/blog\/wp-content\/uploads\/2023\/11\/apagao-foto-rovena-rosa-governo-federal.jpeg\",\"keywords\":[\"ANEEL\",\"apag\u00e3o\",\"apag\u00e3o em sp\",\"Arsesp\",\"AudEl\u00e9trica\",\"Enel\",\"Enel S\u00e3o Paulo\",\"Marisa Wanzeller\",\"Minist\u00e9rio de Minas e Energia\",\"MME\",\"Sheyla Santos\",\"TCU\"],\"articleSection\":[\"Destaque Menor\",\"Geral\",\"iNFRAEnergia\"],\"inLanguage\":\"pt-BR\",\"copyrightYear\":\"2024\",\"copyrightHolder\":{\"@id\":\"https:\/\/agenciainfra.com\/blog\/#organization\"}},{\"@type\":\"WebPage\",\"@id\":\"https:\/\/agenciainfra.com\/blog\/tcu-aprova-determinacoes-a-aneel-mas-nao-responsabiliza-agencia-ou-uniao-sobre-apagao-em-sp\/\",\"url\":\"https:\/\/agenciainfra.com\/blog\/tcu-aprova-determinacoes-a-aneel-mas-nao-responsabiliza-agencia-ou-uniao-sobre-apagao-em-sp\/\",\"name\":\"TCU aprova determina\u00e7\u00f5es \u00e0 ANEEL, mas n\u00e3o responsabiliza ag\u00eancia ou Uni\u00e3o sobre apag\u00e3o em SP - Ag\u00eancia iNFRA\",\"isPartOf\":{\"@id\":\"https:\/\/agenciainfra.com\/blog\/#website\"},\"primaryImageOfPage\":{\"@id\":\"https:\/\/agenciainfra.com\/blog\/tcu-aprova-determinacoes-a-aneel-mas-nao-responsabiliza-agencia-ou-uniao-sobre-apagao-em-sp\/#primaryimage\"},\"image\":{\"@id\":\"https:\/\/agenciainfra.com\/blog\/tcu-aprova-determinacoes-a-aneel-mas-nao-responsabiliza-agencia-ou-uniao-sobre-apagao-em-sp\/#primaryimage\"},\"thumbnailUrl\":\"https:\/\/agenciainfra.com\/blog\/wp-content\/uploads\/2023\/11\/apagao-foto-rovena-rosa-governo-federal.jpeg\",\"datePublished\":\"2024-10-17T12:00:00+00:00\",\"dateModified\":\"2024-10-18T11:07:25+00:00\",\"breadcrumb\":{\"@id\":\"https:\/\/agenciainfra.com\/blog\/tcu-aprova-determinacoes-a-aneel-mas-nao-responsabiliza-agencia-ou-uniao-sobre-apagao-em-sp\/#breadcrumb\"},\"inLanguage\":\"pt-BR\",\"potentialAction\":[{\"@type\":\"ReadAction\",\"target\":[\"https:\/\/agenciainfra.com\/blog\/tcu-aprova-determinacoes-a-aneel-mas-nao-responsabiliza-agencia-ou-uniao-sobre-apagao-em-sp\/\"]}]},{\"@type\":\"ImageObject\",\"inLanguage\":\"pt-BR\",\"@id\":\"https:\/\/agenciainfra.com\/blog\/tcu-aprova-determinacoes-a-aneel-mas-nao-responsabiliza-agencia-ou-uniao-sobre-apagao-em-sp\/#primaryimage\",\"url\":\"https:\/\/agenciainfra.com\/blog\/wp-content\/uploads\/2023\/11\/apagao-foto-rovena-rosa-governo-federal.jpeg\",\"contentUrl\":\"https:\/\/agenciainfra.com\/blog\/wp-content\/uploads\/2023\/11\/apagao-foto-rovena-rosa-governo-federal.jpeg\",\"width\":1202,\"height\":800,\"caption\":\"Foto: Rovena Rosa\/Governo Federal\"},{\"@type\":\"BreadcrumbList\",\"@id\":\"https:\/\/agenciainfra.com\/blog\/tcu-aprova-determinacoes-a-aneel-mas-nao-responsabiliza-agencia-ou-uniao-sobre-apagao-em-sp\/#breadcrumb\",\"itemListElement\":[{\"@type\":\"ListItem\",\"position\":1,\"name\":\"In\u00edcio\",\"item\":\"https:\/\/agenciainfra.com\/blog\/\"},{\"@type\":\"ListItem\",\"position\":2,\"name\":\"TCU aprova determina\u00e7\u00f5es \u00e0 ANEEL, mas n\u00e3o responsabiliza ag\u00eancia ou Uni\u00e3o sobre apag\u00e3o em SP\"}]},{\"@type\":\"WebSite\",\"@id\":\"https:\/\/agenciainfra.com\/blog\/#website\",\"url\":\"https:\/\/agenciainfra.com\/blog\/\",\"name\":\"Ag\u00eancia iNFRA\",\"description\":\"Multiplataforma de informa\u00e7\u00e3o jornal\u00edstica refer\u00eancia na \u00e1rea de infraestrutura no Brasil!\",\"publisher\":{\"@id\":\"https:\/\/agenciainfra.com\/blog\/#organization\"},\"potentialAction\":[{\"@type\":\"SearchAction\",\"target\":{\"@type\":\"EntryPoint\",\"urlTemplate\":\"https:\/\/agenciainfra.com\/blog\/?s={search_term_string}\"},\"query-input\":{\"@type\":\"PropertyValueSpecification\",\"valueRequired\":true,\"valueName\":\"search_term_string\"}}],\"inLanguage\":\"pt-BR\"},{\"@type\":\"Organization\",\"@id\":\"https:\/\/agenciainfra.com\/blog\/#organization\",\"name\":\"Ag\u00eancia iNFRA\",\"url\":\"https:\/\/agenciainfra.com\/blog\/\",\"logo\":{\"@type\":\"ImageObject\",\"inLanguage\":\"pt-BR\",\"@id\":\"https:\/\/agenciainfra.com\/blog\/#\/schema\/logo\/image\/\",\"url\":\"https:\/\/agenciainfra.com\/blog\/wp-content\/uploads\/2023\/09\/iNFRA_5-e1761735885940.png\",\"contentUrl\":\"https:\/\/agenciainfra.com\/blog\/wp-content\/uploads\/2023\/09\/iNFRA_5-e1761735885940.png\",\"width\":1672,\"height\":454,\"caption\":\"Ag\u00eancia iNFRA\"},\"image\":{\"@id\":\"https:\/\/agenciainfra.com\/blog\/#\/schema\/logo\/image\/\"},\"sameAs\":[\"https:\/\/www.facebook.com\/ageninfra\",\"https:\/\/x.com\/agencia_infra\",\"https:\/\/www.linkedin.com\/company\/ag\u00eanciainfra\/\",\"https:\/\/www.instagram.com\/agenciainfra\/\"]},{\"@type\":\"Person\",\"@id\":\"https:\/\/agenciainfra.com\/blog\/#\/schema\/person\/34af08dff6adea4cb22b06612ba7acfa\",\"name\":\"Ag\u00eancia iNFRA\",\"image\":{\"@type\":\"ImageObject\",\"inLanguage\":\"pt-BR\",\"@id\":\"https:\/\/agenciainfra.com\/blog\/#\/schema\/person\/image\/\",\"url\":\"https:\/\/secure.gravatar.com\/avatar\/d189e01678f06d8eb84d4e01f08eb848b3fffe3f8443818d3c356c66892f5be8?s=96&d=mm&r=g\",\"contentUrl\":\"https:\/\/secure.gravatar.com\/avatar\/d189e01678f06d8eb84d4e01f08eb848b3fffe3f8443818d3c356c66892f5be8?s=96&d=mm&r=g\",\"caption\":\"Ag\u00eancia iNFRA\"},\"url\":\"https:\/\/agenciainfra.com\/blog\/author\/admin\/\"}]}<\/script>\n<!-- \/ Yoast SEO Premium plugin. -->","yoast_head_json":{"title":"TCU aprova determina\u00e7\u00f5es \u00e0 ANEEL, mas n\u00e3o responsabiliza ag\u00eancia ou Uni\u00e3o sobre apag\u00e3o em SP - Ag\u00eancia iNFRA","robots":{"index":"index","follow":"follow","max-snippet":"max-snippet:-1","max-image-preview":"max-image-preview:large","max-video-preview":"max-video-preview:-1"},"canonical":"https:\/\/agenciainfra.com\/blog\/tcu-aprova-determinacoes-a-aneel-mas-nao-responsabiliza-agencia-ou-uniao-sobre-apagao-em-sp\/","og_locale":"pt_BR","og_type":"article","og_title":"TCU aprova determina\u00e7\u00f5es \u00e0 ANEEL, mas n\u00e3o responsabiliza ag\u00eancia ou Uni\u00e3o sobre apag\u00e3o em SP","og_description":"Marisa Wanzeller e Sheyla Santos, da Ag\u00eancia iNFRA O TCU (Tribunal de Contas da Uni\u00e3o) determinou, em car\u00e1ter cautelar, nesta quarta-feira (16), que a ANEEL (Ag\u00eancia Nacional de Energia El\u00e9trica) operacionalize o compartilhamento de informa\u00e7\u00f5es em tempo real da Enel S\u00e3o Paulo com a Arsesp (Ag\u00eancia Reguladora de Servi\u00e7os P\u00fablicos do Estado de S\u00e3o Paulo) [&hellip;]","og_url":"https:\/\/agenciainfra.com\/blog\/tcu-aprova-determinacoes-a-aneel-mas-nao-responsabiliza-agencia-ou-uniao-sobre-apagao-em-sp\/","og_site_name":"Ag\u00eancia iNFRA","article_publisher":"https:\/\/www.facebook.com\/ageninfra","article_published_time":"2024-10-17T12:00:00+00:00","article_modified_time":"2024-10-18T11:07:25+00:00","og_image":[{"width":1202,"height":800,"url":"https:\/\/agenciainfra.com\/blog\/wp-content\/uploads\/2023\/11\/apagao-foto-rovena-rosa-governo-federal.jpeg","type":"image\/jpeg"}],"author":"Ag\u00eancia iNFRA","twitter_card":"summary_large_image","twitter_creator":"@agencia_infra","twitter_site":"@agencia_infra","twitter_misc":{"Escrito por":"Ag\u00eancia iNFRA","Est. tempo de leitura":"3 minutos"},"schema":{"@context":"https:\/\/schema.org","@graph":[{"@type":"Article","@id":"https:\/\/agenciainfra.com\/blog\/tcu-aprova-determinacoes-a-aneel-mas-nao-responsabiliza-agencia-ou-uniao-sobre-apagao-em-sp\/#article","isPartOf":{"@id":"https:\/\/agenciainfra.com\/blog\/tcu-aprova-determinacoes-a-aneel-mas-nao-responsabiliza-agencia-ou-uniao-sobre-apagao-em-sp\/"},"author":{"name":"Ag\u00eancia iNFRA","@id":"https:\/\/agenciainfra.com\/blog\/#\/schema\/person\/34af08dff6adea4cb22b06612ba7acfa"},"headline":"TCU aprova determina\u00e7\u00f5es \u00e0 ANEEL, mas n\u00e3o responsabiliza ag\u00eancia ou Uni\u00e3o sobre apag\u00e3o em SP","datePublished":"2024-10-17T12:00:00+00:00","dateModified":"2024-10-18T11:07:25+00:00","mainEntityOfPage":{"@id":"https:\/\/agenciainfra.com\/blog\/tcu-aprova-determinacoes-a-aneel-mas-nao-responsabiliza-agencia-ou-uniao-sobre-apagao-em-sp\/"},"wordCount":669,"publisher":{"@id":"https:\/\/agenciainfra.com\/blog\/#organization"},"image":{"@id":"https:\/\/agenciainfra.com\/blog\/tcu-aprova-determinacoes-a-aneel-mas-nao-responsabiliza-agencia-ou-uniao-sobre-apagao-em-sp\/#primaryimage"},"thumbnailUrl":"https:\/\/agenciainfra.com\/blog\/wp-content\/uploads\/2023\/11\/apagao-foto-rovena-rosa-governo-federal.jpeg","keywords":["ANEEL","apag\u00e3o","apag\u00e3o em sp","Arsesp","AudEl\u00e9trica","Enel","Enel S\u00e3o Paulo","Marisa Wanzeller","Minist\u00e9rio de Minas e Energia","MME","Sheyla Santos","TCU"],"articleSection":["Destaque Menor","Geral","iNFRAEnergia"],"inLanguage":"pt-BR","copyrightYear":"2024","copyrightHolder":{"@id":"https:\/\/agenciainfra.com\/blog\/#organization"}},{"@type":"WebPage","@id":"https:\/\/agenciainfra.com\/blog\/tcu-aprova-determinacoes-a-aneel-mas-nao-responsabiliza-agencia-ou-uniao-sobre-apagao-em-sp\/","url":"https:\/\/agenciainfra.com\/blog\/tcu-aprova-determinacoes-a-aneel-mas-nao-responsabiliza-agencia-ou-uniao-sobre-apagao-em-sp\/","name":"TCU aprova determina\u00e7\u00f5es \u00e0 ANEEL, mas n\u00e3o responsabiliza ag\u00eancia ou Uni\u00e3o sobre apag\u00e3o em SP - Ag\u00eancia iNFRA","isPartOf":{"@id":"https:\/\/agenciainfra.com\/blog\/#website"},"primaryImageOfPage":{"@id":"https:\/\/agenciainfra.com\/blog\/tcu-aprova-determinacoes-a-aneel-mas-nao-responsabiliza-agencia-ou-uniao-sobre-apagao-em-sp\/#primaryimage"},"image":{"@id":"https:\/\/agenciainfra.com\/blog\/tcu-aprova-determinacoes-a-aneel-mas-nao-responsabiliza-agencia-ou-uniao-sobre-apagao-em-sp\/#primaryimage"},"thumbnailUrl":"https:\/\/agenciainfra.com\/blog\/wp-content\/uploads\/2023\/11\/apagao-foto-rovena-rosa-governo-federal.jpeg","datePublished":"2024-10-17T12:00:00+00:00","dateModified":"2024-10-18T11:07:25+00:00","breadcrumb":{"@id":"https:\/\/agenciainfra.com\/blog\/tcu-aprova-determinacoes-a-aneel-mas-nao-responsabiliza-agencia-ou-uniao-sobre-apagao-em-sp\/#breadcrumb"},"inLanguage":"pt-BR","potentialAction":[{"@type":"ReadAction","target":["https:\/\/agenciainfra.com\/blog\/tcu-aprova-determinacoes-a-aneel-mas-nao-responsabiliza-agencia-ou-uniao-sobre-apagao-em-sp\/"]}]},{"@type":"ImageObject","inLanguage":"pt-BR","@id":"https:\/\/agenciainfra.com\/blog\/tcu-aprova-determinacoes-a-aneel-mas-nao-responsabiliza-agencia-ou-uniao-sobre-apagao-em-sp\/#primaryimage","url":"https:\/\/agenciainfra.com\/blog\/wp-content\/uploads\/2023\/11\/apagao-foto-rovena-rosa-governo-federal.jpeg","contentUrl":"https:\/\/agenciainfra.com\/blog\/wp-content\/uploads\/2023\/11\/apagao-foto-rovena-rosa-governo-federal.jpeg","width":1202,"height":800,"caption":"Foto: Rovena Rosa\/Governo Federal"},{"@type":"BreadcrumbList","@id":"https:\/\/agenciainfra.com\/blog\/tcu-aprova-determinacoes-a-aneel-mas-nao-responsabiliza-agencia-ou-uniao-sobre-apagao-em-sp\/#breadcrumb","itemListElement":[{"@type":"ListItem","position":1,"name":"In\u00edcio","item":"https:\/\/agenciainfra.com\/blog\/"},{"@type":"ListItem","position":2,"name":"TCU aprova determina\u00e7\u00f5es \u00e0 ANEEL, mas n\u00e3o responsabiliza ag\u00eancia ou Uni\u00e3o sobre apag\u00e3o em SP"}]},{"@type":"WebSite","@id":"https:\/\/agenciainfra.com\/blog\/#website","url":"https:\/\/agenciainfra.com\/blog\/","name":"Ag\u00eancia iNFRA","description":"Multiplataforma de informa\u00e7\u00e3o jornal\u00edstica refer\u00eancia na \u00e1rea de infraestrutura no Brasil!","publisher":{"@id":"https:\/\/agenciainfra.com\/blog\/#organization"},"potentialAction":[{"@type":"SearchAction","target":{"@type":"EntryPoint","urlTemplate":"https:\/\/agenciainfra.com\/blog\/?s={search_term_string}"},"query-input":{"@type":"PropertyValueSpecification","valueRequired":true,"valueName":"search_term_string"}}],"inLanguage":"pt-BR"},{"@type":"Organization","@id":"https:\/\/agenciainfra.com\/blog\/#organization","name":"Ag\u00eancia iNFRA","url":"https:\/\/agenciainfra.com\/blog\/","logo":{"@type":"ImageObject","inLanguage":"pt-BR","@id":"https:\/\/agenciainfra.com\/blog\/#\/schema\/logo\/image\/","url":"https:\/\/agenciainfra.com\/blog\/wp-content\/uploads\/2023\/09\/iNFRA_5-e1761735885940.png","contentUrl":"https:\/\/agenciainfra.com\/blog\/wp-content\/uploads\/2023\/09\/iNFRA_5-e1761735885940.png","width":1672,"height":454,"caption":"Ag\u00eancia iNFRA"},"image":{"@id":"https:\/\/agenciainfra.com\/blog\/#\/schema\/logo\/image\/"},"sameAs":["https:\/\/www.facebook.com\/ageninfra","https:\/\/x.com\/agencia_infra","https:\/\/www.linkedin.com\/company\/ag\u00eanciainfra\/","https:\/\/www.instagram.com\/agenciainfra\/"]},{"@type":"Person","@id":"https:\/\/agenciainfra.com\/blog\/#\/schema\/person\/34af08dff6adea4cb22b06612ba7acfa","name":"Ag\u00eancia iNFRA","image":{"@type":"ImageObject","inLanguage":"pt-BR","@id":"https:\/\/agenciainfra.com\/blog\/#\/schema\/person\/image\/","url":"https:\/\/secure.gravatar.com\/avatar\/d189e01678f06d8eb84d4e01f08eb848b3fffe3f8443818d3c356c66892f5be8?s=96&d=mm&r=g","contentUrl":"https:\/\/secure.gravatar.com\/avatar\/d189e01678f06d8eb84d4e01f08eb848b3fffe3f8443818d3c356c66892f5be8?s=96&d=mm&r=g","caption":"Ag\u00eancia iNFRA"},"url":"https:\/\/agenciainfra.com\/blog\/author\/admin\/"}]}},"_links":{"self":[{"href":"https:\/\/agenciainfra.com\/blog\/wp-json\/wp\/v2\/posts\/18830","targetHints":{"allow":["GET"]}}],"collection":[{"href":"https:\/\/agenciainfra.com\/blog\/wp-json\/wp\/v2\/posts"}],"about":[{"href":"https:\/\/agenciainfra.com\/blog\/wp-json\/wp\/v2\/types\/post"}],"author":[{"embeddable":true,"href":"https:\/\/agenciainfra.com\/blog\/wp-json\/wp\/v2\/users\/1"}],"replies":[{"embeddable":true,"href":"https:\/\/agenciainfra.com\/blog\/wp-json\/wp\/v2\/comments?post=18830"}],"version-history":[{"count":1,"href":"https:\/\/agenciainfra.com\/blog\/wp-json\/wp\/v2\/posts\/18830\/revisions"}],"predecessor-version":[{"id":18831,"href":"https:\/\/agenciainfra.com\/blog\/wp-json\/wp\/v2\/posts\/18830\/revisions\/18831"}],"wp:featuredmedia":[{"embeddable":true,"href":"https:\/\/agenciainfra.com\/blog\/wp-json\/wp\/v2\/media\/14664"}],"wp:attachment":[{"href":"https:\/\/agenciainfra.com\/blog\/wp-json\/wp\/v2\/media?parent=18830"}],"wp:term":[{"taxonomy":"category","embeddable":true,"href":"https:\/\/agenciainfra.com\/blog\/wp-json\/wp\/v2\/categories?post=18830"},{"taxonomy":"post_tag","embeddable":true,"href":"https:\/\/agenciainfra.com\/blog\/wp-json\/wp\/v2\/tags?post=18830"}],"curies":[{"name":"wp","href":"https:\/\/api.w.org\/{rel}","templated":true}]}}