{"id":18832,"date":"2024-10-17T11:00:00","date_gmt":"2024-10-17T14:00:00","guid":{"rendered":"https:\/\/agenciainfra.com\/blog\/?p=18832"},"modified":"2024-10-18T06:53:50","modified_gmt":"2024-10-18T09:53:50","slug":"ministro-defende-alteracao-na-lei-das-agencias-e-fim-dos-mandatos-para-diretores","status":"publish","type":"post","link":"https:\/\/agenciainfra.com\/blog\/ministro-defende-alteracao-na-lei-das-agencias-e-fim-dos-mandatos-para-diretores\/","title":{"rendered":"Ministro defende altera\u00e7\u00e3o na Lei das Ag\u00eancias e fim dos mandatos para diretores"},"content":{"rendered":"\n<p class=\"has-text-align-right\"><strong>Marisa Wanzeller, da\u00a0Ag\u00eancia iNFRA<\/strong><\/p>\n\n\n\n<p>O ministro de Minas e Energia, Alexandre Silveira, disse nesta quarta-feira (16) que, por ele, haveria mudan\u00e7a na governan\u00e7a da ANEEL (Ag\u00eancia Nacional de Energia El\u00e9trica), mas que essa \u00e9 uma decis\u00e3o de governo que n\u00e3o depende apenas dele. Para isso seria necess\u00e1ria uma altera\u00e7\u00e3o na lei atual, por meio de envio de texto ao Congresso Nacional, afirmou durante entrevista \u00e0 imprensa.<\/p>\n\n\n\n<p>Silveira tamb\u00e9m defendeu que as ag\u00eancias reguladoras n\u00e3o tenham mandatos de diretores e exemplificou o funcionamento da EPE (Empresa de Pesquisa Energ\u00e9tica). Caso permane\u00e7am os mandatos, segundo ele, seria &#8220;muito melhor&#8221; que eles fossem coincidentes com o per\u00edodo do governo federal para que &#8220;n\u00e3o tenha ideologiza\u00e7\u00e3o das ag\u00eancias reguladoras&#8221;.<\/p>\n\n\n\n<p>O ministro confirmou que essa ideia est\u00e1 sendo estudada pelo presidente Lula. &#8220;Tem ideia, mas n\u00e3o tem nada esbo\u00e7ado ou encaminhado, eu espero que seja esbo\u00e7ado ou encaminhado r\u00e1pido, pelo bem da na\u00e7\u00e3o&#8221;, disse.<\/p>\n\n\n\n<p><strong>Autonomia<\/strong><br>Silveira voltou a questionar a autonomia das ag\u00eancias reguladoras e disse que nenhum \u00f3rg\u00e3o nem poder est\u00e1 imune ao que chamou de aperfei\u00e7oamentos e moderniza\u00e7\u00e3o. &#8220;Uma coisa \u00e9 autonomia, outra coisa \u00e9 o que querem ter no Brasil, supremacia&#8221;, disse.<\/p>\n\n\n\n<p>&#8220;Eu n\u00e3o acredito nesse papo de autonomia. Tem que ter mandato porque tem que ser aut\u00f4nomo, porque tem que fazer o que quer. Isso \u00e9 papo furado, porque todo mundo tem que ter autonomia&#8221;, continuou o ministro.<\/p>\n\n\n\n<p>O ministro disse ainda que as ag\u00eancias reguladoras s\u00e3o autarquias &#8220;de governo&#8221;: &#8220;\u00c9 vinculada ao governo, mas elas esquecem que s\u00e3o&#8221;.<\/p>\n","protected":false},"excerpt":{"rendered":"<p>Marisa Wanzeller, da\u00a0Ag\u00eancia iNFRA O ministro de Minas e Energia, Alexandre Silveira, disse nesta quarta-feira (16) que, por ele, haveria mudan\u00e7a na governan\u00e7a da ANEEL (Ag\u00eancia Nacional de Energia El\u00e9trica), mas que essa \u00e9 uma decis\u00e3o de governo que n\u00e3o depende apenas dele. Para isso seria necess\u00e1ria uma altera\u00e7\u00e3o na lei atual, por meio de [&hellip;]<\/p>\n","protected":false},"author":1,"featured_media":18833,"comment_status":"closed","ping_status":"closed","sticky":false,"template":"","format":"standard","meta":{"_monsterinsights_skip_tracking":false,"_monsterinsights_sitenote_active":false,"_monsterinsights_sitenote_note":"","_monsterinsights_sitenote_category":0,"footnotes":""},"categories":[9714,1,10],"tags":[6040,53,12,1679,10969,7366,71],"class_list":["post-18832","post","type-post","status-publish","format-standard","has-post-thumbnail","hentry","category-destaque-menor","category-geral","category-infraenergia","tag-alexandre-silveira","tag-aneel","tag-epe","tag-lei-das-agencias","tag-mandato-de-diretor","tag-marisa-wanzeller","tag-mme"],"yoast_head":"<!-- This site is optimized with the Yoast SEO Premium plugin v25.4 (Yoast SEO v26.0) - https:\/\/yoast.com\/wordpress\/plugins\/seo\/ -->\n<title>Ministro defende altera\u00e7\u00e3o na Lei das Ag\u00eancias e fim dos mandatos para diretores - Ag\u00eancia iNFRA<\/title>\n<meta name=\"robots\" content=\"index, follow, max-snippet:-1, max-image-preview:large, max-video-preview:-1\" \/>\n<link rel=\"canonical\" href=\"https:\/\/agenciainfra.com\/blog\/ministro-defende-alteracao-na-lei-das-agencias-e-fim-dos-mandatos-para-diretores\/\" \/>\n<meta property=\"og:locale\" content=\"pt_BR\" \/>\n<meta property=\"og:type\" content=\"article\" \/>\n<meta property=\"og:title\" content=\"Ministro defende altera\u00e7\u00e3o na Lei das Ag\u00eancias e fim dos mandatos para diretores\" \/>\n<meta property=\"og:description\" content=\"Marisa Wanzeller, da\u00a0Ag\u00eancia iNFRA O ministro de Minas e Energia, Alexandre Silveira, disse nesta quarta-feira (16) que, por ele, haveria mudan\u00e7a na governan\u00e7a da ANEEL (Ag\u00eancia Nacional de Energia El\u00e9trica), mas que essa \u00e9 uma decis\u00e3o de governo que n\u00e3o depende apenas dele. Para isso seria necess\u00e1ria uma altera\u00e7\u00e3o na lei atual, por meio de [&hellip;]\" \/>\n<meta property=\"og:url\" content=\"https:\/\/agenciainfra.com\/blog\/ministro-defende-alteracao-na-lei-das-agencias-e-fim-dos-mandatos-para-diretores\/\" \/>\n<meta property=\"og:site_name\" content=\"Ag\u00eancia iNFRA\" \/>\n<meta property=\"article:publisher\" content=\"https:\/\/www.facebook.com\/ageninfra\" \/>\n<meta property=\"article:published_time\" content=\"2024-10-17T14:00:00+00:00\" \/>\n<meta property=\"article:modified_time\" content=\"2024-10-18T09:53:50+00:00\" \/>\n<meta property=\"og:image\" content=\"https:\/\/agenciainfra.com\/blog\/wp-content\/uploads\/2024\/10\/alexandre-silveira-mme-foto-mme.jpeg\" \/>\n\t<meta property=\"og:image:width\" content=\"1200\" \/>\n\t<meta property=\"og:image:height\" content=\"800\" \/>\n\t<meta property=\"og:image:type\" content=\"image\/jpeg\" \/>\n<meta name=\"author\" content=\"Ag\u00eancia iNFRA\" \/>\n<meta name=\"twitter:card\" content=\"summary_large_image\" \/>\n<meta name=\"twitter:creator\" content=\"@agencia_infra\" \/>\n<meta name=\"twitter:site\" content=\"@agencia_infra\" \/>\n<meta name=\"twitter:label1\" content=\"Escrito por\" \/>\n\t<meta name=\"twitter:data1\" content=\"Ag\u00eancia iNFRA\" \/>\n\t<meta name=\"twitter:label2\" content=\"Est. tempo de leitura\" \/>\n\t<meta name=\"twitter:data2\" content=\"1 minuto\" \/>\n<script type=\"application\/ld+json\" class=\"yoast-schema-graph\">{\"@context\":\"https:\/\/schema.org\",\"@graph\":[{\"@type\":\"Article\",\"@id\":\"https:\/\/agenciainfra.com\/blog\/ministro-defende-alteracao-na-lei-das-agencias-e-fim-dos-mandatos-para-diretores\/#article\",\"isPartOf\":{\"@id\":\"https:\/\/agenciainfra.com\/blog\/ministro-defende-alteracao-na-lei-das-agencias-e-fim-dos-mandatos-para-diretores\/\"},\"author\":{\"name\":\"Ag\u00eancia iNFRA\",\"@id\":\"https:\/\/agenciainfra.com\/blog\/#\/schema\/person\/34af08dff6adea4cb22b06612ba7acfa\"},\"headline\":\"Ministro defende altera\u00e7\u00e3o na Lei das Ag\u00eancias e fim dos mandatos para diretores\",\"datePublished\":\"2024-10-17T14:00:00+00:00\",\"dateModified\":\"2024-10-18T09:53:50+00:00\",\"mainEntityOfPage\":{\"@id\":\"https:\/\/agenciainfra.com\/blog\/ministro-defende-alteracao-na-lei-das-agencias-e-fim-dos-mandatos-para-diretores\/\"},\"wordCount\":289,\"publisher\":{\"@id\":\"https:\/\/agenciainfra.com\/blog\/#organization\"},\"image\":{\"@id\":\"https:\/\/agenciainfra.com\/blog\/ministro-defende-alteracao-na-lei-das-agencias-e-fim-dos-mandatos-para-diretores\/#primaryimage\"},\"thumbnailUrl\":\"https:\/\/agenciainfra.com\/blog\/wp-content\/uploads\/2024\/10\/alexandre-silveira-mme-foto-mme.jpeg\",\"keywords\":[\"Alexandre Silveira\",\"ANEEL\",\"epe\",\"Lei das Ag\u00eancias\",\"mandato de diretor\",\"Marisa Wanzeller\",\"MME\"],\"articleSection\":[\"Destaque Menor\",\"Geral\",\"iNFRAEnergia\"],\"inLanguage\":\"pt-BR\",\"copyrightYear\":\"2024\",\"copyrightHolder\":{\"@id\":\"https:\/\/agenciainfra.com\/blog\/#organization\"}},{\"@type\":\"WebPage\",\"@id\":\"https:\/\/agenciainfra.com\/blog\/ministro-defende-alteracao-na-lei-das-agencias-e-fim-dos-mandatos-para-diretores\/\",\"url\":\"https:\/\/agenciainfra.com\/blog\/ministro-defende-alteracao-na-lei-das-agencias-e-fim-dos-mandatos-para-diretores\/\",\"name\":\"Ministro defende altera\u00e7\u00e3o na Lei das Ag\u00eancias e fim dos mandatos para diretores - Ag\u00eancia iNFRA\",\"isPartOf\":{\"@id\":\"https:\/\/agenciainfra.com\/blog\/#website\"},\"primaryImageOfPage\":{\"@id\":\"https:\/\/agenciainfra.com\/blog\/ministro-defende-alteracao-na-lei-das-agencias-e-fim-dos-mandatos-para-diretores\/#primaryimage\"},\"image\":{\"@id\":\"https:\/\/agenciainfra.com\/blog\/ministro-defende-alteracao-na-lei-das-agencias-e-fim-dos-mandatos-para-diretores\/#primaryimage\"},\"thumbnailUrl\":\"https:\/\/agenciainfra.com\/blog\/wp-content\/uploads\/2024\/10\/alexandre-silveira-mme-foto-mme.jpeg\",\"datePublished\":\"2024-10-17T14:00:00+00:00\",\"dateModified\":\"2024-10-18T09:53:50+00:00\",\"breadcrumb\":{\"@id\":\"https:\/\/agenciainfra.com\/blog\/ministro-defende-alteracao-na-lei-das-agencias-e-fim-dos-mandatos-para-diretores\/#breadcrumb\"},\"inLanguage\":\"pt-BR\",\"potentialAction\":[{\"@type\":\"ReadAction\",\"target\":[\"https:\/\/agenciainfra.com\/blog\/ministro-defende-alteracao-na-lei-das-agencias-e-fim-dos-mandatos-para-diretores\/\"]}]},{\"@type\":\"ImageObject\",\"inLanguage\":\"pt-BR\",\"@id\":\"https:\/\/agenciainfra.com\/blog\/ministro-defende-alteracao-na-lei-das-agencias-e-fim-dos-mandatos-para-diretores\/#primaryimage\",\"url\":\"https:\/\/agenciainfra.com\/blog\/wp-content\/uploads\/2024\/10\/alexandre-silveira-mme-foto-mme.jpeg\",\"contentUrl\":\"https:\/\/agenciainfra.com\/blog\/wp-content\/uploads\/2024\/10\/alexandre-silveira-mme-foto-mme.jpeg\",\"width\":1200,\"height\":800},{\"@type\":\"BreadcrumbList\",\"@id\":\"https:\/\/agenciainfra.com\/blog\/ministro-defende-alteracao-na-lei-das-agencias-e-fim-dos-mandatos-para-diretores\/#breadcrumb\",\"itemListElement\":[{\"@type\":\"ListItem\",\"position\":1,\"name\":\"In\u00edcio\",\"item\":\"https:\/\/agenciainfra.com\/blog\/\"},{\"@type\":\"ListItem\",\"position\":2,\"name\":\"Ministro defende altera\u00e7\u00e3o na Lei das Ag\u00eancias e fim dos mandatos para diretores\"}]},{\"@type\":\"WebSite\",\"@id\":\"https:\/\/agenciainfra.com\/blog\/#website\",\"url\":\"https:\/\/agenciainfra.com\/blog\/\",\"name\":\"Ag\u00eancia iNFRA\",\"description\":\"Multiplataforma de informa\u00e7\u00e3o jornal\u00edstica refer\u00eancia na \u00e1rea de infraestrutura no Brasil!\",\"publisher\":{\"@id\":\"https:\/\/agenciainfra.com\/blog\/#organization\"},\"potentialAction\":[{\"@type\":\"SearchAction\",\"target\":{\"@type\":\"EntryPoint\",\"urlTemplate\":\"https:\/\/agenciainfra.com\/blog\/?s={search_term_string}\"},\"query-input\":{\"@type\":\"PropertyValueSpecification\",\"valueRequired\":true,\"valueName\":\"search_term_string\"}}],\"inLanguage\":\"pt-BR\"},{\"@type\":\"Organization\",\"@id\":\"https:\/\/agenciainfra.com\/blog\/#organization\",\"name\":\"Ag\u00eancia iNFRA\",\"url\":\"https:\/\/agenciainfra.com\/blog\/\",\"logo\":{\"@type\":\"ImageObject\",\"inLanguage\":\"pt-BR\",\"@id\":\"https:\/\/agenciainfra.com\/blog\/#\/schema\/logo\/image\/\",\"url\":\"https:\/\/agenciainfra.com\/blog\/wp-content\/uploads\/2023\/09\/iNFRA_5-e1761735885940.png\",\"contentUrl\":\"https:\/\/agenciainfra.com\/blog\/wp-content\/uploads\/2023\/09\/iNFRA_5-e1761735885940.png\",\"width\":1672,\"height\":454,\"caption\":\"Ag\u00eancia iNFRA\"},\"image\":{\"@id\":\"https:\/\/agenciainfra.com\/blog\/#\/schema\/logo\/image\/\"},\"sameAs\":[\"https:\/\/www.facebook.com\/ageninfra\",\"https:\/\/x.com\/agencia_infra\",\"https:\/\/www.linkedin.com\/company\/ag\u00eanciainfra\/\",\"https:\/\/www.instagram.com\/agenciainfra\/\"]},{\"@type\":\"Person\",\"@id\":\"https:\/\/agenciainfra.com\/blog\/#\/schema\/person\/34af08dff6adea4cb22b06612ba7acfa\",\"name\":\"Ag\u00eancia iNFRA\",\"image\":{\"@type\":\"ImageObject\",\"inLanguage\":\"pt-BR\",\"@id\":\"https:\/\/agenciainfra.com\/blog\/#\/schema\/person\/image\/\",\"url\":\"https:\/\/secure.gravatar.com\/avatar\/d189e01678f06d8eb84d4e01f08eb848b3fffe3f8443818d3c356c66892f5be8?s=96&d=mm&r=g\",\"contentUrl\":\"https:\/\/secure.gravatar.com\/avatar\/d189e01678f06d8eb84d4e01f08eb848b3fffe3f8443818d3c356c66892f5be8?s=96&d=mm&r=g\",\"caption\":\"Ag\u00eancia iNFRA\"},\"url\":\"https:\/\/agenciainfra.com\/blog\/author\/admin\/\"}]}<\/script>\n<!-- \/ Yoast SEO Premium plugin. -->","yoast_head_json":{"title":"Ministro defende altera\u00e7\u00e3o na Lei das Ag\u00eancias e fim dos mandatos para diretores - Ag\u00eancia iNFRA","robots":{"index":"index","follow":"follow","max-snippet":"max-snippet:-1","max-image-preview":"max-image-preview:large","max-video-preview":"max-video-preview:-1"},"canonical":"https:\/\/agenciainfra.com\/blog\/ministro-defende-alteracao-na-lei-das-agencias-e-fim-dos-mandatos-para-diretores\/","og_locale":"pt_BR","og_type":"article","og_title":"Ministro defende altera\u00e7\u00e3o na Lei das Ag\u00eancias e fim dos mandatos para diretores","og_description":"Marisa Wanzeller, da\u00a0Ag\u00eancia iNFRA O ministro de Minas e Energia, Alexandre Silveira, disse nesta quarta-feira (16) que, por ele, haveria mudan\u00e7a na governan\u00e7a da ANEEL (Ag\u00eancia Nacional de Energia El\u00e9trica), mas que essa \u00e9 uma decis\u00e3o de governo que n\u00e3o depende apenas dele. Para isso seria necess\u00e1ria uma altera\u00e7\u00e3o na lei atual, por meio de [&hellip;]","og_url":"https:\/\/agenciainfra.com\/blog\/ministro-defende-alteracao-na-lei-das-agencias-e-fim-dos-mandatos-para-diretores\/","og_site_name":"Ag\u00eancia iNFRA","article_publisher":"https:\/\/www.facebook.com\/ageninfra","article_published_time":"2024-10-17T14:00:00+00:00","article_modified_time":"2024-10-18T09:53:50+00:00","og_image":[{"width":1200,"height":800,"url":"https:\/\/agenciainfra.com\/blog\/wp-content\/uploads\/2024\/10\/alexandre-silveira-mme-foto-mme.jpeg","type":"image\/jpeg"}],"author":"Ag\u00eancia iNFRA","twitter_card":"summary_large_image","twitter_creator":"@agencia_infra","twitter_site":"@agencia_infra","twitter_misc":{"Escrito por":"Ag\u00eancia iNFRA","Est. tempo de leitura":"1 minuto"},"schema":{"@context":"https:\/\/schema.org","@graph":[{"@type":"Article","@id":"https:\/\/agenciainfra.com\/blog\/ministro-defende-alteracao-na-lei-das-agencias-e-fim-dos-mandatos-para-diretores\/#article","isPartOf":{"@id":"https:\/\/agenciainfra.com\/blog\/ministro-defende-alteracao-na-lei-das-agencias-e-fim-dos-mandatos-para-diretores\/"},"author":{"name":"Ag\u00eancia iNFRA","@id":"https:\/\/agenciainfra.com\/blog\/#\/schema\/person\/34af08dff6adea4cb22b06612ba7acfa"},"headline":"Ministro defende altera\u00e7\u00e3o na Lei das Ag\u00eancias e fim dos mandatos para diretores","datePublished":"2024-10-17T14:00:00+00:00","dateModified":"2024-10-18T09:53:50+00:00","mainEntityOfPage":{"@id":"https:\/\/agenciainfra.com\/blog\/ministro-defende-alteracao-na-lei-das-agencias-e-fim-dos-mandatos-para-diretores\/"},"wordCount":289,"publisher":{"@id":"https:\/\/agenciainfra.com\/blog\/#organization"},"image":{"@id":"https:\/\/agenciainfra.com\/blog\/ministro-defende-alteracao-na-lei-das-agencias-e-fim-dos-mandatos-para-diretores\/#primaryimage"},"thumbnailUrl":"https:\/\/agenciainfra.com\/blog\/wp-content\/uploads\/2024\/10\/alexandre-silveira-mme-foto-mme.jpeg","keywords":["Alexandre Silveira","ANEEL","epe","Lei das Ag\u00eancias","mandato de diretor","Marisa Wanzeller","MME"],"articleSection":["Destaque Menor","Geral","iNFRAEnergia"],"inLanguage":"pt-BR","copyrightYear":"2024","copyrightHolder":{"@id":"https:\/\/agenciainfra.com\/blog\/#organization"}},{"@type":"WebPage","@id":"https:\/\/agenciainfra.com\/blog\/ministro-defende-alteracao-na-lei-das-agencias-e-fim-dos-mandatos-para-diretores\/","url":"https:\/\/agenciainfra.com\/blog\/ministro-defende-alteracao-na-lei-das-agencias-e-fim-dos-mandatos-para-diretores\/","name":"Ministro defende altera\u00e7\u00e3o na Lei das Ag\u00eancias e fim dos mandatos para diretores - Ag\u00eancia iNFRA","isPartOf":{"@id":"https:\/\/agenciainfra.com\/blog\/#website"},"primaryImageOfPage":{"@id":"https:\/\/agenciainfra.com\/blog\/ministro-defende-alteracao-na-lei-das-agencias-e-fim-dos-mandatos-para-diretores\/#primaryimage"},"image":{"@id":"https:\/\/agenciainfra.com\/blog\/ministro-defende-alteracao-na-lei-das-agencias-e-fim-dos-mandatos-para-diretores\/#primaryimage"},"thumbnailUrl":"https:\/\/agenciainfra.com\/blog\/wp-content\/uploads\/2024\/10\/alexandre-silveira-mme-foto-mme.jpeg","datePublished":"2024-10-17T14:00:00+00:00","dateModified":"2024-10-18T09:53:50+00:00","breadcrumb":{"@id":"https:\/\/agenciainfra.com\/blog\/ministro-defende-alteracao-na-lei-das-agencias-e-fim-dos-mandatos-para-diretores\/#breadcrumb"},"inLanguage":"pt-BR","potentialAction":[{"@type":"ReadAction","target":["https:\/\/agenciainfra.com\/blog\/ministro-defende-alteracao-na-lei-das-agencias-e-fim-dos-mandatos-para-diretores\/"]}]},{"@type":"ImageObject","inLanguage":"pt-BR","@id":"https:\/\/agenciainfra.com\/blog\/ministro-defende-alteracao-na-lei-das-agencias-e-fim-dos-mandatos-para-diretores\/#primaryimage","url":"https:\/\/agenciainfra.com\/blog\/wp-content\/uploads\/2024\/10\/alexandre-silveira-mme-foto-mme.jpeg","contentUrl":"https:\/\/agenciainfra.com\/blog\/wp-content\/uploads\/2024\/10\/alexandre-silveira-mme-foto-mme.jpeg","width":1200,"height":800},{"@type":"BreadcrumbList","@id":"https:\/\/agenciainfra.com\/blog\/ministro-defende-alteracao-na-lei-das-agencias-e-fim-dos-mandatos-para-diretores\/#breadcrumb","itemListElement":[{"@type":"ListItem","position":1,"name":"In\u00edcio","item":"https:\/\/agenciainfra.com\/blog\/"},{"@type":"ListItem","position":2,"name":"Ministro defende altera\u00e7\u00e3o na Lei das Ag\u00eancias e fim dos mandatos para diretores"}]},{"@type":"WebSite","@id":"https:\/\/agenciainfra.com\/blog\/#website","url":"https:\/\/agenciainfra.com\/blog\/","name":"Ag\u00eancia iNFRA","description":"Multiplataforma de informa\u00e7\u00e3o jornal\u00edstica refer\u00eancia na \u00e1rea de infraestrutura no Brasil!","publisher":{"@id":"https:\/\/agenciainfra.com\/blog\/#organization"},"potentialAction":[{"@type":"SearchAction","target":{"@type":"EntryPoint","urlTemplate":"https:\/\/agenciainfra.com\/blog\/?s={search_term_string}"},"query-input":{"@type":"PropertyValueSpecification","valueRequired":true,"valueName":"search_term_string"}}],"inLanguage":"pt-BR"},{"@type":"Organization","@id":"https:\/\/agenciainfra.com\/blog\/#organization","name":"Ag\u00eancia iNFRA","url":"https:\/\/agenciainfra.com\/blog\/","logo":{"@type":"ImageObject","inLanguage":"pt-BR","@id":"https:\/\/agenciainfra.com\/blog\/#\/schema\/logo\/image\/","url":"https:\/\/agenciainfra.com\/blog\/wp-content\/uploads\/2023\/09\/iNFRA_5-e1761735885940.png","contentUrl":"https:\/\/agenciainfra.com\/blog\/wp-content\/uploads\/2023\/09\/iNFRA_5-e1761735885940.png","width":1672,"height":454,"caption":"Ag\u00eancia iNFRA"},"image":{"@id":"https:\/\/agenciainfra.com\/blog\/#\/schema\/logo\/image\/"},"sameAs":["https:\/\/www.facebook.com\/ageninfra","https:\/\/x.com\/agencia_infra","https:\/\/www.linkedin.com\/company\/ag\u00eanciainfra\/","https:\/\/www.instagram.com\/agenciainfra\/"]},{"@type":"Person","@id":"https:\/\/agenciainfra.com\/blog\/#\/schema\/person\/34af08dff6adea4cb22b06612ba7acfa","name":"Ag\u00eancia iNFRA","image":{"@type":"ImageObject","inLanguage":"pt-BR","@id":"https:\/\/agenciainfra.com\/blog\/#\/schema\/person\/image\/","url":"https:\/\/secure.gravatar.com\/avatar\/d189e01678f06d8eb84d4e01f08eb848b3fffe3f8443818d3c356c66892f5be8?s=96&d=mm&r=g","contentUrl":"https:\/\/secure.gravatar.com\/avatar\/d189e01678f06d8eb84d4e01f08eb848b3fffe3f8443818d3c356c66892f5be8?s=96&d=mm&r=g","caption":"Ag\u00eancia iNFRA"},"url":"https:\/\/agenciainfra.com\/blog\/author\/admin\/"}]}},"_links":{"self":[{"href":"https:\/\/agenciainfra.com\/blog\/wp-json\/wp\/v2\/posts\/18832","targetHints":{"allow":["GET"]}}],"collection":[{"href":"https:\/\/agenciainfra.com\/blog\/wp-json\/wp\/v2\/posts"}],"about":[{"href":"https:\/\/agenciainfra.com\/blog\/wp-json\/wp\/v2\/types\/post"}],"author":[{"embeddable":true,"href":"https:\/\/agenciainfra.com\/blog\/wp-json\/wp\/v2\/users\/1"}],"replies":[{"embeddable":true,"href":"https:\/\/agenciainfra.com\/blog\/wp-json\/wp\/v2\/comments?post=18832"}],"version-history":[{"count":1,"href":"https:\/\/agenciainfra.com\/blog\/wp-json\/wp\/v2\/posts\/18832\/revisions"}],"predecessor-version":[{"id":18834,"href":"https:\/\/agenciainfra.com\/blog\/wp-json\/wp\/v2\/posts\/18832\/revisions\/18834"}],"wp:featuredmedia":[{"embeddable":true,"href":"https:\/\/agenciainfra.com\/blog\/wp-json\/wp\/v2\/media\/18833"}],"wp:attachment":[{"href":"https:\/\/agenciainfra.com\/blog\/wp-json\/wp\/v2\/media?parent=18832"}],"wp:term":[{"taxonomy":"category","embeddable":true,"href":"https:\/\/agenciainfra.com\/blog\/wp-json\/wp\/v2\/categories?post=18832"},{"taxonomy":"post_tag","embeddable":true,"href":"https:\/\/agenciainfra.com\/blog\/wp-json\/wp\/v2\/tags?post=18832"}],"curies":[{"name":"wp","href":"https:\/\/api.w.org\/{rel}","templated":true}]}}