{"id":18836,"date":"2024-10-18T08:00:00","date_gmt":"2024-10-18T11:00:00","guid":{"rendered":"https:\/\/agenciainfra.com\/blog\/?p=18836"},"modified":"2024-10-18T09:07:58","modified_gmt":"2024-10-18T12:07:58","slug":"representantes-da-bahia-indicam-que-renovacao-da-fca-so-segue-com-inclusao-de-trecho-de-aratu-a-mg","status":"publish","type":"post","link":"https:\/\/agenciainfra.com\/blog\/representantes-da-bahia-indicam-que-renovacao-da-fca-so-segue-com-inclusao-de-trecho-de-aratu-a-mg\/","title":{"rendered":"Representantes da Bahia indicam que renova\u00e7\u00e3o da FCA s\u00f3 segue com inclus\u00e3o de trecho de Aratu a MG"},"content":{"rendered":"\n<p class=\"has-text-align-right\"><strong>Dimmi Amora, da Ag\u00eancia iNFRA<\/strong><\/p>\n\n\n\n<p>A audi\u00eancia p\u00fablica prevista para hoje (18) sobre a renova\u00e7\u00e3o da concess\u00e3o da FCA (Ferrovia Centro-Atl\u00e2ntica) vai indicar aos representantes do Minist\u00e9rio dos Transportes e da ANTT (Ag\u00eancia Nacional de Transportes Terrestres) que n\u00e3o haver\u00e1 novo contrato com a empresa sem a inclus\u00e3o do trecho ligando Corinto (MG) e o porto de Aratu (BA).<\/p>\n\n\n\n<p>A indica\u00e7\u00e3o j\u00e1 foi feita tanto pelo governo local quanto pela Casa Civil da Presid\u00eancia, onde o ministro, Rui Costa, \u00e9 o ex-governador da Bahia, e ser\u00e1 reiterada no encontro, com forte apoio do empresariado local, que vem criticando fortemente a proposta apresentada.<\/p>\n\n\n\n<p>O projeto levado a audi\u00eancia p\u00fablica&nbsp;pelo minist\u00e9rio e pela ag\u00eancia prev\u00ea a renova\u00e7\u00e3o antecipada de dois principais corredores dessa ferrovia, chamados de Corredor Leste e Sudeste, um ligando-a \u00e0s ferrovias que levam ao porto de Santos e outra ligando-a \u00e0s ferrovias que v\u00e3o ao&nbsp;porto do Esp\u00edrito Santo. Apresenta\u00e7\u00e3o&nbsp;<a href=\"https:\/\/drive.google.com\/file\/d\/1ebK8QK2_GGsW1Y__z7e63wdDASy59YBi\/view?usp=sharing\" target=\"_blank\" rel=\"noreferrer noopener\">neste link<\/a>.<\/p>\n\n\n\n<p>Dos cerca de 7,2 mil quil\u00f4metros de concess\u00e3o hoje sob a responsabilidade da concession\u00e1ria, cerca de 2,1 mil seriam devolvidos. Mas h\u00e1 aproximadamente 3 mil quil\u00f4metros de ferrovias, que come\u00e7am na Bahia e seguem em dire\u00e7\u00e3o a Minas Gerais e ao norte do estado (cidade de Campo Formoso), que est\u00e3o sem defini\u00e7\u00e3o na proposta sobre o que ser\u00e1 feito com eles, com quatro op\u00e7\u00f5es.<\/p>\n\n\n\n<p>O estudo apresentado pela concession\u00e1ria e validado pelo minist\u00e9rio e pela ag\u00eancia diz que o volume de carga nesses dois corredores, inclusive o de Minas a Bahia, seria deficit\u00e1rio no novo per\u00edodo da concess\u00e3o sem que sejam feitos novos investimentos.&nbsp;<\/p>\n\n\n\n<p>N\u00e3o est\u00e1 apresentado na proposta, mas a empresa indica que ficaria com o corredor para Minas Gerais se forem feitos investimentos de moderniza\u00e7\u00e3o. E tamb\u00e9m garante n\u00e3o parar a opera\u00e7\u00e3o at\u00e9 que seja dada uma solu\u00e7\u00e3o definitiva com novo operador, caso o trecho n\u00e3o fique na concess\u00e3o.&nbsp;<\/p>\n\n\n\n<p>Esses investimentos podem ser feitos com recursos que est\u00e3o &#8220;livres&#8221; com a proposta atual de renova\u00e7\u00e3o. S\u00e3o eles cerca de R$ 1,5 bilh\u00e3o em pagamento de outorgas pela renova\u00e7\u00e3o e outros cerca de R$ 3,5 bilh\u00f5es em indeniza\u00e7\u00f5es de trechos que ser\u00e3o devolvidos. O valor j\u00e1 seria suficiente para investir nesse corredor para Minas Gerais.&nbsp;<\/p>\n\n\n\n<p>Mas os outros estados por onde passa a ferrovia, como Minas Gerais, Rio de Janeiro, Esp\u00edrito Santo e Goi\u00e1s, tamb\u00e9m querem fazer investimentos em corredores hoje&nbsp;em poder da FCA, concession\u00e1ria da empresa VLI. Por isso, o dinheiro n\u00e3o d\u00e1 para tudo,&nbsp;<a href=\"https:\/\/agenciainfra.com\/blog\/nao-ha-como-incluir-todas-as-demandas-na-renovacao-antecipada-da-fca-diz-secretario-de-ferrovias\/\" target=\"_blank\" rel=\"noreferrer noopener\">como j\u00e1 disse<\/a>&nbsp;o secret\u00e1rio nacional de Ferrovias do Minist\u00e9rio dos Transportes, Leonardo Ribeiro, em audi\u00eancia p\u00fablica no Congresso sobre o tema.<\/p>\n\n\n\n<p><strong>Empresas dizem ter mais carga<\/strong><br>A avalia\u00e7\u00e3o na Bahia, no entanto, \u00e9 diferente da apresentada nos estudos. Segundo uma fonte que est\u00e1 trabalhando nas avalia\u00e7\u00f5es, o volume de carga projetado no corredor Minas-Bahia est\u00e1 subestimado. O corredor \u00e9 a \u00fanica liga\u00e7\u00e3o por ferrovia entre Sudeste e Nordeste no pa\u00eds.<\/p>\n\n\n\n<p>V\u00e1rias empresas est\u00e3o indicando, inclusive nas sess\u00f5es de audi\u00eancia p\u00fablica, que t\u00eam carga para transportar na ferrovia e que n\u00e3o o fazem por inseguran\u00e7a sobre o processo de renova\u00e7\u00e3o, que se arrasta desde 2015 (o contrato vence em 2026). Somente esses volumes j\u00e1 seriam suficientes para considerar o corredor superavit\u00e1rio e justificar a renova\u00e7\u00e3o, por essa vis\u00e3o.<\/p>\n\n\n\n<p>Mas, al\u00e9m disso, a indeniza\u00e7\u00e3o pela devolu\u00e7\u00e3o dos corredores no estado, com os quais h\u00e1 concord\u00e2ncia de que n\u00e3o h\u00e1 carga que os justifique, poderiam render mais indeniza\u00e7\u00f5es, que seriam suficientes para os investimentos que precisam ser feitos no corredor para Minas Gerais.<\/p>\n\n\n\n<p><strong>&#8220;Ferrovia para a carga&#8221;<\/strong><br>Outro dado \u00e9 que, se for colocada no valor do processo a indeniza\u00e7\u00e3o pela devolu\u00e7\u00e3o do trecho inteiro entre Corinto e Campo Formoso, a viabilidade econ\u00f4mica da renova\u00e7\u00e3o poder\u00e1 ser negativa, j\u00e1 que o valor a ser pago de indeniza\u00e7\u00e3o pelo corredor de Minas Gerais seria elevado.&nbsp;<\/p>\n\n\n\n<p>O conceito que norteou a proposta de renova\u00e7\u00e3o apresentada para essa ferrovia, de que s\u00f3 se justifica manter um trecho se houver carga garantida antes, desagrada fortemente a regi\u00e3o, que indica a necessidade de que sejam feitos investimentos pr\u00e9vios para atrair mais carga para as ferrovias, n\u00e3o o oposto.<\/p>\n\n\n\n<p>Segundo a fonte, a pol\u00edtica de renova\u00e7\u00e3o \u00e9 para &#8220;acelerar investimentos, n\u00e3o para retroceder&#8221;, e \u00e9 a ferrovia que tem que estar pronta para &#8220;a carga, e n\u00e3o o contr\u00e1rio&#8221;.&nbsp;<\/p>\n\n\n\n<p>O descontentamento tem levado a uma mobiliza\u00e7\u00e3o social grande no estado, com movimentos que apregoam inclusive que o trecho deve ser retirado da VLI para uma nova licita\u00e7\u00e3o ou chamamento p\u00fablico, diante do que \u00e9 visto como &#8220;m\u00e1 vontade&#8221; com a Bahia.<\/p>\n\n\n\n<p><strong>Renova\u00e7\u00e3o em 2025<\/strong><br>A proposta de renova\u00e7\u00e3o apresentada estima que ser\u00e3o realizados no novo contrato R$ 13,2 bilh\u00f5es em manuten\u00e7\u00e3o e melhorias; R$ 10,4 bilh\u00f5es em aquisi\u00e7\u00e3o de material rodante; e mais R$ 0,3 bilh\u00e3o em obras de solu\u00e7\u00f5es de conflitos urbanos e no Ramal Aratu. Isso aumentaria&nbsp;o volume de 40 milh\u00f5es para 59 milh\u00f5es de toneladas\/ano. Essa conta n\u00e3o trata dos ramais na Bahia.<\/p>\n\n\n\n<p>O per\u00edodo de contribui\u00e7\u00f5es da retomada da\u00a0<a href=\"https:\/\/participantt.antt.gov.br\/Site\/AudienciaPublica\/VisualizarAvisoAudienciaPublica.aspx?CodigoAudiencia=441\" target=\"_blank\" rel=\"noreferrer noopener\">Audi\u00eancia P\u00fablica 12\/2020<\/a>\u00a0vai at\u00e9 29 de outubro. Al\u00e9m da audi\u00eancia presencial na Bahia hoje, ainda ser\u00e1 feita uma rodada em Goi\u00e2nia, na segunda-feira (21). A estimativa \u00e9 apresentar em 2025 uma proposta definitiva ao TCU (Tribunal de Contas da Uni\u00e3o), ap\u00f3s an\u00e1lise das contribui\u00e7\u00f5es,\u00a0e renovar a concess\u00e3o no mesmo ano.<\/p>\n","protected":false},"excerpt":{"rendered":"<p>Dimmi Amora, da Ag\u00eancia iNFRA A audi\u00eancia p\u00fablica prevista para hoje (18) sobre a renova\u00e7\u00e3o da concess\u00e3o da FCA (Ferrovia Centro-Atl\u00e2ntica) vai indicar aos representantes do Minist\u00e9rio dos Transportes e da ANTT (Ag\u00eancia Nacional de Transportes Terrestres) que n\u00e3o haver\u00e1 novo contrato com a empresa sem a inclus\u00e3o do trecho ligando Corinto (MG) e o [&hellip;]<\/p>\n","protected":false},"author":1,"featured_media":11366,"comment_status":"closed","ping_status":"closed","sticky":false,"template":"","format":"standard","meta":{"_monsterinsights_skip_tracking":false,"_monsterinsights_sitenote_active":false,"_monsterinsights_sitenote_note":"","_monsterinsights_sitenote_category":0,"footnotes":""},"categories":[7250,1,7],"tags":[19,3020,446,754,120,16,8829,940,1033],"class_list":["post-18836","post","type-post","status-publish","format-standard","has-post-thumbnail","hentry","category-destaque-lista","category-geral","category-infratransporte","tag-antt","tag-audiencia-publica","tag-fca","tag-ferrovia-centro-atlantica","tag-ferrovias","tag-ministerio-dos-transportes","tag-renovacao-da-fca","tag-transporte-de-carga","tag-transporte-ferroviario"],"yoast_head":"<!-- This site is optimized with the Yoast SEO Premium plugin v25.4 (Yoast SEO v26.0) - https:\/\/yoast.com\/wordpress\/plugins\/seo\/ -->\n<title>Representantes da Bahia indicam que renova\u00e7\u00e3o da FCA s\u00f3 segue com inclus\u00e3o de trecho de Aratu a MG - Ag\u00eancia iNFRA<\/title>\n<meta name=\"robots\" content=\"index, follow, max-snippet:-1, max-image-preview:large, max-video-preview:-1\" \/>\n<link rel=\"canonical\" href=\"https:\/\/agenciainfra.com\/blog\/representantes-da-bahia-indicam-que-renovacao-da-fca-so-segue-com-inclusao-de-trecho-de-aratu-a-mg\/\" \/>\n<meta property=\"og:locale\" content=\"pt_BR\" \/>\n<meta property=\"og:type\" content=\"article\" \/>\n<meta property=\"og:title\" content=\"Representantes da Bahia indicam que renova\u00e7\u00e3o da FCA s\u00f3 segue com inclus\u00e3o de trecho de Aratu a MG\" \/>\n<meta property=\"og:description\" content=\"Dimmi Amora, da Ag\u00eancia iNFRA A audi\u00eancia p\u00fablica prevista para hoje (18) sobre a renova\u00e7\u00e3o da concess\u00e3o da FCA (Ferrovia Centro-Atl\u00e2ntica) vai indicar aos representantes do Minist\u00e9rio dos Transportes e da ANTT (Ag\u00eancia Nacional de Transportes Terrestres) que n\u00e3o haver\u00e1 novo contrato com a empresa sem a inclus\u00e3o do trecho ligando Corinto (MG) e o [&hellip;]\" \/>\n<meta property=\"og:url\" content=\"https:\/\/agenciainfra.com\/blog\/representantes-da-bahia-indicam-que-renovacao-da-fca-so-segue-com-inclusao-de-trecho-de-aratu-a-mg\/\" \/>\n<meta property=\"og:site_name\" content=\"Ag\u00eancia iNFRA\" \/>\n<meta property=\"article:publisher\" content=\"https:\/\/www.facebook.com\/ageninfra\" \/>\n<meta property=\"article:published_time\" content=\"2024-10-18T11:00:00+00:00\" \/>\n<meta property=\"article:modified_time\" content=\"2024-10-18T12:07:58+00:00\" \/>\n<meta property=\"og:image\" content=\"https:\/\/agenciainfra.com\/blog\/wp-content\/uploads\/2022\/09\/fca-foto-gustavo-andrade-vli.png\" \/>\n\t<meta property=\"og:image:width\" content=\"1280\" \/>\n\t<meta property=\"og:image:height\" content=\"854\" \/>\n\t<meta property=\"og:image:type\" content=\"image\/png\" \/>\n<meta name=\"author\" content=\"Ag\u00eancia iNFRA\" \/>\n<meta name=\"twitter:card\" content=\"summary_large_image\" \/>\n<meta name=\"twitter:creator\" content=\"@agencia_infra\" \/>\n<meta name=\"twitter:site\" content=\"@agencia_infra\" \/>\n<meta name=\"twitter:label1\" content=\"Escrito por\" \/>\n\t<meta name=\"twitter:data1\" content=\"Ag\u00eancia iNFRA\" \/>\n\t<meta name=\"twitter:label2\" content=\"Est. tempo de leitura\" \/>\n\t<meta name=\"twitter:data2\" content=\"5 minutos\" \/>\n<script type=\"application\/ld+json\" class=\"yoast-schema-graph\">{\"@context\":\"https:\/\/schema.org\",\"@graph\":[{\"@type\":\"Article\",\"@id\":\"https:\/\/agenciainfra.com\/blog\/representantes-da-bahia-indicam-que-renovacao-da-fca-so-segue-com-inclusao-de-trecho-de-aratu-a-mg\/#article\",\"isPartOf\":{\"@id\":\"https:\/\/agenciainfra.com\/blog\/representantes-da-bahia-indicam-que-renovacao-da-fca-so-segue-com-inclusao-de-trecho-de-aratu-a-mg\/\"},\"author\":{\"name\":\"Ag\u00eancia iNFRA\",\"@id\":\"https:\/\/agenciainfra.com\/blog\/#\/schema\/person\/34af08dff6adea4cb22b06612ba7acfa\"},\"headline\":\"Representantes da Bahia indicam que renova\u00e7\u00e3o da FCA s\u00f3 segue com inclus\u00e3o de trecho de Aratu a MG\",\"datePublished\":\"2024-10-18T11:00:00+00:00\",\"dateModified\":\"2024-10-18T12:07:58+00:00\",\"mainEntityOfPage\":{\"@id\":\"https:\/\/agenciainfra.com\/blog\/representantes-da-bahia-indicam-que-renovacao-da-fca-so-segue-com-inclusao-de-trecho-de-aratu-a-mg\/\"},\"wordCount\":1000,\"publisher\":{\"@id\":\"https:\/\/agenciainfra.com\/blog\/#organization\"},\"image\":{\"@id\":\"https:\/\/agenciainfra.com\/blog\/representantes-da-bahia-indicam-que-renovacao-da-fca-so-segue-com-inclusao-de-trecho-de-aratu-a-mg\/#primaryimage\"},\"thumbnailUrl\":\"https:\/\/agenciainfra.com\/blog\/wp-content\/uploads\/2022\/09\/fca-foto-gustavo-andrade-vli.png\",\"keywords\":[\"ANTT\",\"audi\u00eancia p\u00fablica\",\"FCA\",\"Ferrovia Centro-Atl\u00e2ntica\",\"Ferrovias\",\"minist\u00e9rio dos transportes\",\"Renova\u00e7\u00e3o da FCA\",\"transporte de carga\",\"transporte ferrovi\u00e1rio\"],\"articleSection\":[\"Destaque lista\",\"Geral\",\"iNFRATransporte\"],\"inLanguage\":\"pt-BR\",\"copyrightYear\":\"2024\",\"copyrightHolder\":{\"@id\":\"https:\/\/agenciainfra.com\/blog\/#organization\"}},{\"@type\":\"WebPage\",\"@id\":\"https:\/\/agenciainfra.com\/blog\/representantes-da-bahia-indicam-que-renovacao-da-fca-so-segue-com-inclusao-de-trecho-de-aratu-a-mg\/\",\"url\":\"https:\/\/agenciainfra.com\/blog\/representantes-da-bahia-indicam-que-renovacao-da-fca-so-segue-com-inclusao-de-trecho-de-aratu-a-mg\/\",\"name\":\"Representantes da Bahia indicam que renova\u00e7\u00e3o da FCA s\u00f3 segue com inclus\u00e3o de trecho de Aratu a MG - Ag\u00eancia iNFRA\",\"isPartOf\":{\"@id\":\"https:\/\/agenciainfra.com\/blog\/#website\"},\"primaryImageOfPage\":{\"@id\":\"https:\/\/agenciainfra.com\/blog\/representantes-da-bahia-indicam-que-renovacao-da-fca-so-segue-com-inclusao-de-trecho-de-aratu-a-mg\/#primaryimage\"},\"image\":{\"@id\":\"https:\/\/agenciainfra.com\/blog\/representantes-da-bahia-indicam-que-renovacao-da-fca-so-segue-com-inclusao-de-trecho-de-aratu-a-mg\/#primaryimage\"},\"thumbnailUrl\":\"https:\/\/agenciainfra.com\/blog\/wp-content\/uploads\/2022\/09\/fca-foto-gustavo-andrade-vli.png\",\"datePublished\":\"2024-10-18T11:00:00+00:00\",\"dateModified\":\"2024-10-18T12:07:58+00:00\",\"breadcrumb\":{\"@id\":\"https:\/\/agenciainfra.com\/blog\/representantes-da-bahia-indicam-que-renovacao-da-fca-so-segue-com-inclusao-de-trecho-de-aratu-a-mg\/#breadcrumb\"},\"inLanguage\":\"pt-BR\",\"potentialAction\":[{\"@type\":\"ReadAction\",\"target\":[\"https:\/\/agenciainfra.com\/blog\/representantes-da-bahia-indicam-que-renovacao-da-fca-so-segue-com-inclusao-de-trecho-de-aratu-a-mg\/\"]}]},{\"@type\":\"ImageObject\",\"inLanguage\":\"pt-BR\",\"@id\":\"https:\/\/agenciainfra.com\/blog\/representantes-da-bahia-indicam-que-renovacao-da-fca-so-segue-com-inclusao-de-trecho-de-aratu-a-mg\/#primaryimage\",\"url\":\"https:\/\/agenciainfra.com\/blog\/wp-content\/uploads\/2022\/09\/fca-foto-gustavo-andrade-vli.png\",\"contentUrl\":\"https:\/\/agenciainfra.com\/blog\/wp-content\/uploads\/2022\/09\/fca-foto-gustavo-andrade-vli.png\",\"width\":1280,\"height\":854,\"caption\":\"Foto: Gustavo Andrade\/VLI\"},{\"@type\":\"BreadcrumbList\",\"@id\":\"https:\/\/agenciainfra.com\/blog\/representantes-da-bahia-indicam-que-renovacao-da-fca-so-segue-com-inclusao-de-trecho-de-aratu-a-mg\/#breadcrumb\",\"itemListElement\":[{\"@type\":\"ListItem\",\"position\":1,\"name\":\"In\u00edcio\",\"item\":\"https:\/\/agenciainfra.com\/blog\/\"},{\"@type\":\"ListItem\",\"position\":2,\"name\":\"Representantes da Bahia indicam que renova\u00e7\u00e3o da FCA s\u00f3 segue com inclus\u00e3o de trecho de Aratu a MG\"}]},{\"@type\":\"WebSite\",\"@id\":\"https:\/\/agenciainfra.com\/blog\/#website\",\"url\":\"https:\/\/agenciainfra.com\/blog\/\",\"name\":\"Ag\u00eancia iNFRA\",\"description\":\"Multiplataforma de informa\u00e7\u00e3o jornal\u00edstica refer\u00eancia na \u00e1rea de infraestrutura no Brasil!\",\"publisher\":{\"@id\":\"https:\/\/agenciainfra.com\/blog\/#organization\"},\"potentialAction\":[{\"@type\":\"SearchAction\",\"target\":{\"@type\":\"EntryPoint\",\"urlTemplate\":\"https:\/\/agenciainfra.com\/blog\/?s={search_term_string}\"},\"query-input\":{\"@type\":\"PropertyValueSpecification\",\"valueRequired\":true,\"valueName\":\"search_term_string\"}}],\"inLanguage\":\"pt-BR\"},{\"@type\":\"Organization\",\"@id\":\"https:\/\/agenciainfra.com\/blog\/#organization\",\"name\":\"Ag\u00eancia iNFRA\",\"url\":\"https:\/\/agenciainfra.com\/blog\/\",\"logo\":{\"@type\":\"ImageObject\",\"inLanguage\":\"pt-BR\",\"@id\":\"https:\/\/agenciainfra.com\/blog\/#\/schema\/logo\/image\/\",\"url\":\"https:\/\/agenciainfra.com\/blog\/wp-content\/uploads\/2023\/09\/iNFRA_5-e1761735885940.png\",\"contentUrl\":\"https:\/\/agenciainfra.com\/blog\/wp-content\/uploads\/2023\/09\/iNFRA_5-e1761735885940.png\",\"width\":1672,\"height\":454,\"caption\":\"Ag\u00eancia iNFRA\"},\"image\":{\"@id\":\"https:\/\/agenciainfra.com\/blog\/#\/schema\/logo\/image\/\"},\"sameAs\":[\"https:\/\/www.facebook.com\/ageninfra\",\"https:\/\/x.com\/agencia_infra\",\"https:\/\/www.linkedin.com\/company\/ag\u00eanciainfra\/\",\"https:\/\/www.instagram.com\/agenciainfra\/\"]},{\"@type\":\"Person\",\"@id\":\"https:\/\/agenciainfra.com\/blog\/#\/schema\/person\/34af08dff6adea4cb22b06612ba7acfa\",\"name\":\"Ag\u00eancia iNFRA\",\"image\":{\"@type\":\"ImageObject\",\"inLanguage\":\"pt-BR\",\"@id\":\"https:\/\/agenciainfra.com\/blog\/#\/schema\/person\/image\/\",\"url\":\"https:\/\/secure.gravatar.com\/avatar\/d189e01678f06d8eb84d4e01f08eb848b3fffe3f8443818d3c356c66892f5be8?s=96&d=mm&r=g\",\"contentUrl\":\"https:\/\/secure.gravatar.com\/avatar\/d189e01678f06d8eb84d4e01f08eb848b3fffe3f8443818d3c356c66892f5be8?s=96&d=mm&r=g\",\"caption\":\"Ag\u00eancia iNFRA\"},\"url\":\"https:\/\/agenciainfra.com\/blog\/author\/admin\/\"}]}<\/script>\n<!-- \/ Yoast SEO Premium plugin. -->","yoast_head_json":{"title":"Representantes da Bahia indicam que renova\u00e7\u00e3o da FCA s\u00f3 segue com inclus\u00e3o de trecho de Aratu a MG - Ag\u00eancia iNFRA","robots":{"index":"index","follow":"follow","max-snippet":"max-snippet:-1","max-image-preview":"max-image-preview:large","max-video-preview":"max-video-preview:-1"},"canonical":"https:\/\/agenciainfra.com\/blog\/representantes-da-bahia-indicam-que-renovacao-da-fca-so-segue-com-inclusao-de-trecho-de-aratu-a-mg\/","og_locale":"pt_BR","og_type":"article","og_title":"Representantes da Bahia indicam que renova\u00e7\u00e3o da FCA s\u00f3 segue com inclus\u00e3o de trecho de Aratu a MG","og_description":"Dimmi Amora, da Ag\u00eancia iNFRA A audi\u00eancia p\u00fablica prevista para hoje (18) sobre a renova\u00e7\u00e3o da concess\u00e3o da FCA (Ferrovia Centro-Atl\u00e2ntica) vai indicar aos representantes do Minist\u00e9rio dos Transportes e da ANTT (Ag\u00eancia Nacional de Transportes Terrestres) que n\u00e3o haver\u00e1 novo contrato com a empresa sem a inclus\u00e3o do trecho ligando Corinto (MG) e o [&hellip;]","og_url":"https:\/\/agenciainfra.com\/blog\/representantes-da-bahia-indicam-que-renovacao-da-fca-so-segue-com-inclusao-de-trecho-de-aratu-a-mg\/","og_site_name":"Ag\u00eancia iNFRA","article_publisher":"https:\/\/www.facebook.com\/ageninfra","article_published_time":"2024-10-18T11:00:00+00:00","article_modified_time":"2024-10-18T12:07:58+00:00","og_image":[{"width":1280,"height":854,"url":"https:\/\/agenciainfra.com\/blog\/wp-content\/uploads\/2022\/09\/fca-foto-gustavo-andrade-vli.png","type":"image\/png"}],"author":"Ag\u00eancia iNFRA","twitter_card":"summary_large_image","twitter_creator":"@agencia_infra","twitter_site":"@agencia_infra","twitter_misc":{"Escrito por":"Ag\u00eancia iNFRA","Est. tempo de leitura":"5 minutos"},"schema":{"@context":"https:\/\/schema.org","@graph":[{"@type":"Article","@id":"https:\/\/agenciainfra.com\/blog\/representantes-da-bahia-indicam-que-renovacao-da-fca-so-segue-com-inclusao-de-trecho-de-aratu-a-mg\/#article","isPartOf":{"@id":"https:\/\/agenciainfra.com\/blog\/representantes-da-bahia-indicam-que-renovacao-da-fca-so-segue-com-inclusao-de-trecho-de-aratu-a-mg\/"},"author":{"name":"Ag\u00eancia iNFRA","@id":"https:\/\/agenciainfra.com\/blog\/#\/schema\/person\/34af08dff6adea4cb22b06612ba7acfa"},"headline":"Representantes da Bahia indicam que renova\u00e7\u00e3o da FCA s\u00f3 segue com inclus\u00e3o de trecho de Aratu a MG","datePublished":"2024-10-18T11:00:00+00:00","dateModified":"2024-10-18T12:07:58+00:00","mainEntityOfPage":{"@id":"https:\/\/agenciainfra.com\/blog\/representantes-da-bahia-indicam-que-renovacao-da-fca-so-segue-com-inclusao-de-trecho-de-aratu-a-mg\/"},"wordCount":1000,"publisher":{"@id":"https:\/\/agenciainfra.com\/blog\/#organization"},"image":{"@id":"https:\/\/agenciainfra.com\/blog\/representantes-da-bahia-indicam-que-renovacao-da-fca-so-segue-com-inclusao-de-trecho-de-aratu-a-mg\/#primaryimage"},"thumbnailUrl":"https:\/\/agenciainfra.com\/blog\/wp-content\/uploads\/2022\/09\/fca-foto-gustavo-andrade-vli.png","keywords":["ANTT","audi\u00eancia p\u00fablica","FCA","Ferrovia Centro-Atl\u00e2ntica","Ferrovias","minist\u00e9rio dos transportes","Renova\u00e7\u00e3o da FCA","transporte de carga","transporte ferrovi\u00e1rio"],"articleSection":["Destaque lista","Geral","iNFRATransporte"],"inLanguage":"pt-BR","copyrightYear":"2024","copyrightHolder":{"@id":"https:\/\/agenciainfra.com\/blog\/#organization"}},{"@type":"WebPage","@id":"https:\/\/agenciainfra.com\/blog\/representantes-da-bahia-indicam-que-renovacao-da-fca-so-segue-com-inclusao-de-trecho-de-aratu-a-mg\/","url":"https:\/\/agenciainfra.com\/blog\/representantes-da-bahia-indicam-que-renovacao-da-fca-so-segue-com-inclusao-de-trecho-de-aratu-a-mg\/","name":"Representantes da Bahia indicam que renova\u00e7\u00e3o da FCA s\u00f3 segue com inclus\u00e3o de trecho de Aratu a MG - Ag\u00eancia iNFRA","isPartOf":{"@id":"https:\/\/agenciainfra.com\/blog\/#website"},"primaryImageOfPage":{"@id":"https:\/\/agenciainfra.com\/blog\/representantes-da-bahia-indicam-que-renovacao-da-fca-so-segue-com-inclusao-de-trecho-de-aratu-a-mg\/#primaryimage"},"image":{"@id":"https:\/\/agenciainfra.com\/blog\/representantes-da-bahia-indicam-que-renovacao-da-fca-so-segue-com-inclusao-de-trecho-de-aratu-a-mg\/#primaryimage"},"thumbnailUrl":"https:\/\/agenciainfra.com\/blog\/wp-content\/uploads\/2022\/09\/fca-foto-gustavo-andrade-vli.png","datePublished":"2024-10-18T11:00:00+00:00","dateModified":"2024-10-18T12:07:58+00:00","breadcrumb":{"@id":"https:\/\/agenciainfra.com\/blog\/representantes-da-bahia-indicam-que-renovacao-da-fca-so-segue-com-inclusao-de-trecho-de-aratu-a-mg\/#breadcrumb"},"inLanguage":"pt-BR","potentialAction":[{"@type":"ReadAction","target":["https:\/\/agenciainfra.com\/blog\/representantes-da-bahia-indicam-que-renovacao-da-fca-so-segue-com-inclusao-de-trecho-de-aratu-a-mg\/"]}]},{"@type":"ImageObject","inLanguage":"pt-BR","@id":"https:\/\/agenciainfra.com\/blog\/representantes-da-bahia-indicam-que-renovacao-da-fca-so-segue-com-inclusao-de-trecho-de-aratu-a-mg\/#primaryimage","url":"https:\/\/agenciainfra.com\/blog\/wp-content\/uploads\/2022\/09\/fca-foto-gustavo-andrade-vli.png","contentUrl":"https:\/\/agenciainfra.com\/blog\/wp-content\/uploads\/2022\/09\/fca-foto-gustavo-andrade-vli.png","width":1280,"height":854,"caption":"Foto: Gustavo Andrade\/VLI"},{"@type":"BreadcrumbList","@id":"https:\/\/agenciainfra.com\/blog\/representantes-da-bahia-indicam-que-renovacao-da-fca-so-segue-com-inclusao-de-trecho-de-aratu-a-mg\/#breadcrumb","itemListElement":[{"@type":"ListItem","position":1,"name":"In\u00edcio","item":"https:\/\/agenciainfra.com\/blog\/"},{"@type":"ListItem","position":2,"name":"Representantes da Bahia indicam que renova\u00e7\u00e3o da FCA s\u00f3 segue com inclus\u00e3o de trecho de Aratu a MG"}]},{"@type":"WebSite","@id":"https:\/\/agenciainfra.com\/blog\/#website","url":"https:\/\/agenciainfra.com\/blog\/","name":"Ag\u00eancia iNFRA","description":"Multiplataforma de informa\u00e7\u00e3o jornal\u00edstica refer\u00eancia na \u00e1rea de infraestrutura no Brasil!","publisher":{"@id":"https:\/\/agenciainfra.com\/blog\/#organization"},"potentialAction":[{"@type":"SearchAction","target":{"@type":"EntryPoint","urlTemplate":"https:\/\/agenciainfra.com\/blog\/?s={search_term_string}"},"query-input":{"@type":"PropertyValueSpecification","valueRequired":true,"valueName":"search_term_string"}}],"inLanguage":"pt-BR"},{"@type":"Organization","@id":"https:\/\/agenciainfra.com\/blog\/#organization","name":"Ag\u00eancia iNFRA","url":"https:\/\/agenciainfra.com\/blog\/","logo":{"@type":"ImageObject","inLanguage":"pt-BR","@id":"https:\/\/agenciainfra.com\/blog\/#\/schema\/logo\/image\/","url":"https:\/\/agenciainfra.com\/blog\/wp-content\/uploads\/2023\/09\/iNFRA_5-e1761735885940.png","contentUrl":"https:\/\/agenciainfra.com\/blog\/wp-content\/uploads\/2023\/09\/iNFRA_5-e1761735885940.png","width":1672,"height":454,"caption":"Ag\u00eancia iNFRA"},"image":{"@id":"https:\/\/agenciainfra.com\/blog\/#\/schema\/logo\/image\/"},"sameAs":["https:\/\/www.facebook.com\/ageninfra","https:\/\/x.com\/agencia_infra","https:\/\/www.linkedin.com\/company\/ag\u00eanciainfra\/","https:\/\/www.instagram.com\/agenciainfra\/"]},{"@type":"Person","@id":"https:\/\/agenciainfra.com\/blog\/#\/schema\/person\/34af08dff6adea4cb22b06612ba7acfa","name":"Ag\u00eancia iNFRA","image":{"@type":"ImageObject","inLanguage":"pt-BR","@id":"https:\/\/agenciainfra.com\/blog\/#\/schema\/person\/image\/","url":"https:\/\/secure.gravatar.com\/avatar\/d189e01678f06d8eb84d4e01f08eb848b3fffe3f8443818d3c356c66892f5be8?s=96&d=mm&r=g","contentUrl":"https:\/\/secure.gravatar.com\/avatar\/d189e01678f06d8eb84d4e01f08eb848b3fffe3f8443818d3c356c66892f5be8?s=96&d=mm&r=g","caption":"Ag\u00eancia iNFRA"},"url":"https:\/\/agenciainfra.com\/blog\/author\/admin\/"}]}},"_links":{"self":[{"href":"https:\/\/agenciainfra.com\/blog\/wp-json\/wp\/v2\/posts\/18836","targetHints":{"allow":["GET"]}}],"collection":[{"href":"https:\/\/agenciainfra.com\/blog\/wp-json\/wp\/v2\/posts"}],"about":[{"href":"https:\/\/agenciainfra.com\/blog\/wp-json\/wp\/v2\/types\/post"}],"author":[{"embeddable":true,"href":"https:\/\/agenciainfra.com\/blog\/wp-json\/wp\/v2\/users\/1"}],"replies":[{"embeddable":true,"href":"https:\/\/agenciainfra.com\/blog\/wp-json\/wp\/v2\/comments?post=18836"}],"version-history":[{"count":1,"href":"https:\/\/agenciainfra.com\/blog\/wp-json\/wp\/v2\/posts\/18836\/revisions"}],"predecessor-version":[{"id":18837,"href":"https:\/\/agenciainfra.com\/blog\/wp-json\/wp\/v2\/posts\/18836\/revisions\/18837"}],"wp:featuredmedia":[{"embeddable":true,"href":"https:\/\/agenciainfra.com\/blog\/wp-json\/wp\/v2\/media\/11366"}],"wp:attachment":[{"href":"https:\/\/agenciainfra.com\/blog\/wp-json\/wp\/v2\/media?parent=18836"}],"wp:term":[{"taxonomy":"category","embeddable":true,"href":"https:\/\/agenciainfra.com\/blog\/wp-json\/wp\/v2\/categories?post=18836"},{"taxonomy":"post_tag","embeddable":true,"href":"https:\/\/agenciainfra.com\/blog\/wp-json\/wp\/v2\/tags?post=18836"}],"curies":[{"name":"wp","href":"https:\/\/api.w.org\/{rel}","templated":true}]}}