{"id":18838,"date":"2024-10-18T13:00:00","date_gmt":"2024-10-18T16:00:00","guid":{"rendered":"https:\/\/agenciainfra.com\/blog\/?p=18838"},"modified":"2024-10-22T11:32:08","modified_gmt":"2024-10-22T14:32:08","slug":"crise-na-aneel-leva-a-temor-de-empresas-e-reguladores-de-interferencia-em-agencias","status":"publish","type":"post","link":"https:\/\/agenciainfra.com\/blog\/crise-na-aneel-leva-a-temor-de-empresas-e-reguladores-de-interferencia-em-agencias\/","title":{"rendered":"Crise na ANEEL leva a temor de empresas e reguladores de interfer\u00eancia em ag\u00eancias"},"content":{"rendered":"\n<p class=\"has-text-align-right\"><strong>Dimmi Amora, da Ag\u00eancia iNFRA<\/strong><\/p>\n\n\n\n<p>A crise entre a ANEEL (Ag\u00eancia Nacional de Energia El\u00e9trica) e o Minist\u00e9rio de Minas e Energia est\u00e1 criando temor a representantes de empresas e reguladores de que governo e Congresso possam fazer interfer\u00eancias nas ag\u00eancias reguladoras que reduzam a autonomia desses \u00f3rg\u00e3os, o que vai amea\u00e7ar o aumento dos investimentos em infraestrutura nos pr\u00f3ximos anos.<br><br>A avalia\u00e7\u00e3o entre agentes ouvidos pela&nbsp;<strong>Ag\u00eancia iNFRA<\/strong>&nbsp;\u00e9 que a crise ganhou contornos pol\u00edticos por causa do per\u00edodo eleitoral. Mas que, se houver uma escalada nas pr\u00f3ximas semanas, propostas avaliadas como prejudiciais ao modelo de regula\u00e7\u00e3o podem ganhar for\u00e7a, entre elas mudan\u00e7as no modelo de nomea\u00e7\u00e3o dos diretores, cria\u00e7\u00e3o de \u00f3rg\u00e3os para se sobrepor \u00e0s ag\u00eancias, entre outros.<br><br>As crises com as ag\u00eancias v\u00eam se repetindo a cada nova elei\u00e7\u00e3o. A \u00faltima tinha sido em 2023, desta vez com o Congresso Nacional, que tentou aprovar uma legisla\u00e7\u00e3o que tirava o poder das ag\u00eancias (emenda apresentada pelo deputado Danilo Forte, do Uni\u00e3o Brasil, \u00e0 MP 1.154). Houve forte rea\u00e7\u00e3o do setor privado ligado \u00e0 infraestrutura, indicando claramente que o modelo de ag\u00eancias com independ\u00eancia \u00e9, na avalia\u00e7\u00e3o deles, mais adequado para atrair os investimentos privados em contratos de longo prazo.<br><br>Para Forte, o movimento para altera\u00e7\u00e3o na Lei Geral das Ag\u00eancias Reguladoras (Lei 13.848\/2019) ser\u00e1 forte, j\u00e1 que agora os governos federais, estaduais e municipais se juntaram ao Congresso Nacional na defesa de mudan\u00e7as nas autarquias. O deputado&nbsp;est\u00e1 articulando um projeto de lei para aplicar mudan\u00e7as na lei das ag\u00eancias. A tend\u00eancia \u00e9 que a mat\u00e9ria seja apresentada ainda na pr\u00f3xima semana, disseram fontes \u00e0&nbsp;<strong>Ag\u00eancia iNFRA<\/strong>. Leia reportagem sobre o tema na edi\u00e7\u00e3o de hoje (18) do&nbsp;<strong>iNFRAEnergia<\/strong>.<br><br>A proposta do parlamentar em 2023 n\u00e3o avan\u00e7ou, mas os problemas entre governo e ag\u00eancia continuaram, especialmente em rela\u00e7\u00e3o aos or\u00e7amentos, que v\u00eam sendo seguidamente reduzidos, e com a remunera\u00e7\u00e3o dos servidores, que teve crescimento menor que o de outras carreiras de Estado, resultando em \u00eaxodo de pessoal. Com menos recursos e menos pessoal, mas com crescimento das obriga\u00e7\u00f5es com o mercado regulado, esses agentes apontam que as chances de problemas ocorrerem aumentam.<br><br>Venilton Tadini, presidente-executivo da Abdib (Associa\u00e7\u00e3o Brasileira da Infraestrutura e Ind\u00fastrias de Base), que re\u00fane empresas de diferentes setores, diz que a ANEEL \u00e9 um dos exemplos em que tem havido enfraquecimento da ag\u00eancia com redu\u00e7\u00e3o de pessoal e de or\u00e7amento e amplia\u00e7\u00e3o das atribui\u00e7\u00f5es. Segundo ele, sem os investimentos, n\u00e3o adianta reclamar depois que os problemas ocorrerem.<br><br>\u201cVoc\u00ea deixa a ag\u00eancia em fragilidade e depois vem dizer que ela tem que sofrer interven\u00e7\u00e3o? Isso joga o programa de investimentos por terra, gera crise de confian\u00e7a e inseguran\u00e7a jur\u00eddica\u201d, afirmou o presidente-executivo.<br><br>Tadini tamb\u00e9m rebate os argumentos de que as ag\u00eancias precisariam de alguma esp\u00e9cie de supervis\u00e3o, o que segundo ele j\u00e1 \u00e9 feito por diferentes \u00f3rg\u00e3os de Estado, citando o Minist\u00e9rio P\u00fablico, o TCU (Tribunal de Contas da Uni\u00e3o) e a CGU (Controladoria Geral da Uni\u00e3o), que imp\u00f5em limites de atua\u00e7\u00e3o e controles rigorosos sobre todos os atos das diretorias e dos servidores.<br><br>\u201c\u00c9 uma quest\u00e3o que n\u00e3o se coloca. A ag\u00eancia est\u00e1 ligada a todo tipo de controle. A n\u00e3o ser que esses \u00f3rg\u00e3os n\u00e3o funcionem, n\u00e3o tem que ter outro para as ag\u00eancias\u201d, aponta Tadini. \u201cSe em qualquer d\u00favida o governo pode, \u00e0 sua conveni\u00eancia, mudar a diretoria, que vai mudar o que est\u00e1 pactuado, a\u00ed n\u00f3s vamos para o faroeste e fica dif\u00edcil ter um programa de investimentos privados para o pa\u00eds.\u201d<br><br>Marco Aur\u00e9lio Barcelos, diretor-presidente da Melhores Rodovias do Brasil &#8211; ABCR (Associa\u00e7\u00e3o Brasileira de Concession\u00e1rias de Rodovias), diz que os governos t\u00eam instrumentos para cobrar e fiscalizar atos de alguma ag\u00eancia que possam estar levando a problemas para um setor. Mas que um problema pontual em uma ag\u00eancia n\u00e3o pode justificar medidas que interfiram em todas.<br><br>\u201cEstamos preocupados com os rumos que essas conversas est\u00e3o tomando. N\u00e3o d\u00e1 para retroceder na agenda regulat\u00f3ria e achar que as ag\u00eancias viraram a grande vil\u00e3. N\u00e3o d\u00e1 para achar que est\u00e1 tudo ruim, porque n\u00e3o est\u00e1\u201d, disse o representante das concession\u00e1rias de rodovias.<br><br><strong>\u201cTrag\u00e9dia\u201d com mandatos coincidentes<\/strong><br>Barcelos lembrou ainda que o TCU faz medi\u00e7\u00f5es sobre a evolu\u00e7\u00e3o do n\u00edvel de governan\u00e7a de todas as ag\u00eancias e indica quais as que est\u00e3o evoluindo e quais chegaram a est\u00e1gios mais avan\u00e7ados para a gest\u00e3o dos contratos. Ele cita que a ANTT (Ag\u00eancia Nacional de Transportes Terrestres), que regula o setor, evoluiu muito nessas avalia\u00e7\u00f5es ao longo do tempo, mostrando que o modelo precisa ser incentivado.<br><br>\u201cA ag\u00eancia n\u00e3o est\u00e1 do lado do governo, do concession\u00e1rio. E nem sempre vai tomar decis\u00f5es bem quistas pelos usu\u00e1rios. Ela est\u00e1 do lado de quem? Ela est\u00e1 do lado da seguran\u00e7a jur\u00eddica e isso \u00e9 fundamental\u201d, defendeu Barcelos.<br><br>Entre agentes reguladores e empresas que falaram sob a condi\u00e7\u00e3o de anonimato, a ideia apresentada em reuni\u00e3o na Presid\u00eancia da Rep\u00fablica de fazer mandatos de diretores coincidentes com os dos governantes \u00e9 considerada uma trag\u00e9dia em termos de regula\u00e7\u00e3o para os setores.<br><br>O modelo aprovado na lei de 2019 que alterou a antiga lei das ag\u00eancias foi em caminho oposto, criando os mandatos n\u00e3o coincidentes entre diretores com a inten\u00e7\u00e3o de que com trocas de diretores n\u00e3o levassem a mudan\u00e7as bruscas na regula\u00e7\u00e3o setorial.<br><br><strong>Mudan\u00e7as com regras<\/strong><br>A confian\u00e7a do setor privado de que a regula\u00e7\u00e3o dos contratos de parceria para presta\u00e7\u00e3o de servi\u00e7os p\u00fablicos ser\u00e1 est\u00e1vel e que mudan\u00e7as v\u00e3o ser feitas a partir de processos pr\u00e9-estabelecidos, precedidos de instrumentos como AIR (An\u00e1lise de Impacto Regulat\u00f3rio) e consultas p\u00fablicas, \u00e9 elemento crucial para a tomada de decis\u00e3o de investimentos, na avalia\u00e7\u00e3o de F\u00e1bio Rog\u00e9rio Carvalho, diretor-presidente da ABR (Aeroportos Brasil), que re\u00fane os concession\u00e1rios privados de aeroportos do pa\u00eds.<br><br>\u201cQualquer retrocesso da independ\u00eancia das ag\u00eancias reguladoras e n\u00e3o reconhecimento de que os contratos de concess\u00e3o s\u00e3o melhor geridos por entes de estado, e n\u00e3o por entes de governo, sempre preocupa muito qualquer setor de infraestrutura\u201d, disse Carvalho.<br><br>Para ele, os investidores em contratos de longo prazo v\u00e3o sempre preferir lidar com ag\u00eancias na regula\u00e7\u00e3o a ter&nbsp;a supervis\u00e3o diretamente ligada aos minist\u00e9rios, que ter\u00e3o naturalmente maior volatilidade na ocupa\u00e7\u00e3o dos cargos e maior tend\u00eancia a tomar decis\u00f5es que resultem em impactos de curto prazo nos contratos.<br><br>\u201cO setor regulado prefere ser fiscalizado, regulado e acompanhado pelas ag\u00eancias reguladoras, porque a interfer\u00eancia pol\u00edtica sempre vai ser menor. A necessidade de manter o contrato, de olhar para seguran\u00e7a jur\u00eddica, ganha uma t\u00f4nica muito diferente de quando isso \u00e9 realizado por \u00f3rg\u00e3os de governo\u201d, disse Carvalho, que foi servidor e diretor da ANTT.<br><br><strong>Novos diretores<\/strong><br>Outra preocupa\u00e7\u00e3o dos agentes \u00e9 que a crise atual impacte nas nomea\u00e7\u00f5es dos cargos em diretoria que est\u00e3o ou ser\u00e3o abertos nos pr\u00f3ximos meses. Barcelos, da ABCR, diz que \u00e9 essencial que as novas nomea\u00e7\u00f5es n\u00e3o possam ser impactadas por decis\u00f5es pol\u00edticas e que sejam mantidos os crit\u00e9rios previstos para nomea\u00e7\u00e3o no novo marco das ag\u00eancias.<br><br>\u201cO mercado vai estar atent\u00edssimo \u00e0s pessoas que ser\u00e3o apontadas como novos diretores. Elas t\u00eam que preencher os requisitos t\u00e9cnicos, ter capacidade de regula\u00e7\u00e3o, que est\u00e3o previstos na lei. E n\u00e3o atender a esse ou aquele setor, essa ou aquela pessoa. Isso n\u00e3o funciona\u201d, disse Barcelos.<\/p>\n","protected":false},"excerpt":{"rendered":"<p>Dimmi Amora, da Ag\u00eancia iNFRA A crise entre a ANEEL (Ag\u00eancia Nacional de Energia El\u00e9trica) e o Minist\u00e9rio de Minas e Energia est\u00e1 criando temor a representantes de empresas e reguladores de que governo e Congresso possam fazer interfer\u00eancias nas ag\u00eancias reguladoras que reduzam a autonomia desses \u00f3rg\u00e3os, o que vai amea\u00e7ar o aumento dos [&hellip;]<\/p>\n","protected":false},"author":1,"featured_media":10310,"comment_status":"closed","ping_status":"closed","sticky":false,"template":"","format":"standard","meta":{"_monsterinsights_skip_tracking":false,"_monsterinsights_sitenote_active":false,"_monsterinsights_sitenote_note":"","_monsterinsights_sitenote_category":0,"footnotes":""},"categories":[7250,1,10,7],"tags":[46,6040,53,11562,11561,1299,71,48,18],"class_list":["post-18838","post","type-post","status-publish","format-standard","has-post-thumbnail","hentry","category-destaque-lista","category-geral","category-infraenergia","category-infratransporte","tag-agencias-reguladoras","tag-alexandre-silveira","tag-aneel","tag-aneel-e-mme","tag-crise-na-aneel","tag-dimmi-amora","tag-mme","tag-regulacao","tag-tcu"],"yoast_head":"<!-- This site is optimized with the Yoast SEO Premium plugin v25.4 (Yoast SEO v26.0) - https:\/\/yoast.com\/wordpress\/plugins\/seo\/ -->\n<title>Crise na ANEEL leva a temor de empresas e reguladores de interfer\u00eancia em ag\u00eancias - Ag\u00eancia iNFRA<\/title>\n<meta name=\"robots\" content=\"index, follow, max-snippet:-1, max-image-preview:large, max-video-preview:-1\" \/>\n<link rel=\"canonical\" href=\"https:\/\/agenciainfra.com\/blog\/crise-na-aneel-leva-a-temor-de-empresas-e-reguladores-de-interferencia-em-agencias\/\" \/>\n<meta property=\"og:locale\" content=\"pt_BR\" \/>\n<meta property=\"og:type\" content=\"article\" \/>\n<meta property=\"og:title\" content=\"Crise na ANEEL leva a temor de empresas e reguladores de interfer\u00eancia em ag\u00eancias\" \/>\n<meta property=\"og:description\" content=\"Dimmi Amora, da Ag\u00eancia iNFRA A crise entre a ANEEL (Ag\u00eancia Nacional de Energia El\u00e9trica) e o Minist\u00e9rio de Minas e Energia est\u00e1 criando temor a representantes de empresas e reguladores de que governo e Congresso possam fazer interfer\u00eancias nas ag\u00eancias reguladoras que reduzam a autonomia desses \u00f3rg\u00e3os, o que vai amea\u00e7ar o aumento dos [&hellip;]\" \/>\n<meta property=\"og:url\" content=\"https:\/\/agenciainfra.com\/blog\/crise-na-aneel-leva-a-temor-de-empresas-e-reguladores-de-interferencia-em-agencias\/\" \/>\n<meta property=\"og:site_name\" content=\"Ag\u00eancia iNFRA\" \/>\n<meta property=\"article:publisher\" content=\"https:\/\/www.facebook.com\/ageninfra\" \/>\n<meta property=\"article:published_time\" content=\"2024-10-18T16:00:00+00:00\" \/>\n<meta property=\"article:modified_time\" content=\"2024-10-22T14:32:08+00:00\" \/>\n<meta property=\"og:image\" content=\"https:\/\/agenciainfra.com\/blog\/wp-content\/uploads\/2022\/05\/aneel-foto-aneel.jpg\" \/>\n\t<meta property=\"og:image:width\" content=\"1299\" \/>\n\t<meta property=\"og:image:height\" content=\"868\" \/>\n\t<meta property=\"og:image:type\" content=\"image\/jpeg\" \/>\n<meta name=\"author\" content=\"Ag\u00eancia iNFRA\" \/>\n<meta name=\"twitter:card\" content=\"summary_large_image\" \/>\n<meta name=\"twitter:creator\" content=\"@agencia_infra\" \/>\n<meta name=\"twitter:site\" content=\"@agencia_infra\" \/>\n<meta name=\"twitter:label1\" content=\"Escrito por\" \/>\n\t<meta name=\"twitter:data1\" content=\"Ag\u00eancia iNFRA\" \/>\n\t<meta name=\"twitter:label2\" content=\"Est. tempo de leitura\" \/>\n\t<meta name=\"twitter:data2\" content=\"7 minutos\" \/>\n<script type=\"application\/ld+json\" class=\"yoast-schema-graph\">{\"@context\":\"https:\/\/schema.org\",\"@graph\":[{\"@type\":\"Article\",\"@id\":\"https:\/\/agenciainfra.com\/blog\/crise-na-aneel-leva-a-temor-de-empresas-e-reguladores-de-interferencia-em-agencias\/#article\",\"isPartOf\":{\"@id\":\"https:\/\/agenciainfra.com\/blog\/crise-na-aneel-leva-a-temor-de-empresas-e-reguladores-de-interferencia-em-agencias\/\"},\"author\":{\"name\":\"Ag\u00eancia iNFRA\",\"@id\":\"https:\/\/agenciainfra.com\/blog\/#\/schema\/person\/34af08dff6adea4cb22b06612ba7acfa\"},\"headline\":\"Crise na ANEEL leva a temor de empresas e reguladores de interfer\u00eancia em ag\u00eancias\",\"datePublished\":\"2024-10-18T16:00:00+00:00\",\"dateModified\":\"2024-10-22T14:32:08+00:00\",\"mainEntityOfPage\":{\"@id\":\"https:\/\/agenciainfra.com\/blog\/crise-na-aneel-leva-a-temor-de-empresas-e-reguladores-de-interferencia-em-agencias\/\"},\"wordCount\":1389,\"publisher\":{\"@id\":\"https:\/\/agenciainfra.com\/blog\/#organization\"},\"image\":{\"@id\":\"https:\/\/agenciainfra.com\/blog\/crise-na-aneel-leva-a-temor-de-empresas-e-reguladores-de-interferencia-em-agencias\/#primaryimage\"},\"thumbnailUrl\":\"https:\/\/agenciainfra.com\/blog\/wp-content\/uploads\/2022\/05\/aneel-foto-aneel-e1764788022595.jpg\",\"keywords\":[\"Ag\u00eancias Reguladoras\",\"Alexandre Silveira\",\"ANEEL\",\"ANEEL e MME\",\"Crise na ANEEL\",\"Dimmi Amora\",\"MME\",\"Regula\u00e7\u00e3o\",\"TCU\"],\"articleSection\":[\"Destaque lista\",\"Geral\",\"iNFRAEnergia\",\"iNFRATransporte\"],\"inLanguage\":\"pt-BR\",\"copyrightYear\":\"2024\",\"copyrightHolder\":{\"@id\":\"https:\/\/agenciainfra.com\/blog\/#organization\"}},{\"@type\":\"WebPage\",\"@id\":\"https:\/\/agenciainfra.com\/blog\/crise-na-aneel-leva-a-temor-de-empresas-e-reguladores-de-interferencia-em-agencias\/\",\"url\":\"https:\/\/agenciainfra.com\/blog\/crise-na-aneel-leva-a-temor-de-empresas-e-reguladores-de-interferencia-em-agencias\/\",\"name\":\"Crise na ANEEL leva a temor de empresas e reguladores de interfer\u00eancia em ag\u00eancias - Ag\u00eancia iNFRA\",\"isPartOf\":{\"@id\":\"https:\/\/agenciainfra.com\/blog\/#website\"},\"primaryImageOfPage\":{\"@id\":\"https:\/\/agenciainfra.com\/blog\/crise-na-aneel-leva-a-temor-de-empresas-e-reguladores-de-interferencia-em-agencias\/#primaryimage\"},\"image\":{\"@id\":\"https:\/\/agenciainfra.com\/blog\/crise-na-aneel-leva-a-temor-de-empresas-e-reguladores-de-interferencia-em-agencias\/#primaryimage\"},\"thumbnailUrl\":\"https:\/\/agenciainfra.com\/blog\/wp-content\/uploads\/2022\/05\/aneel-foto-aneel-e1764788022595.jpg\",\"datePublished\":\"2024-10-18T16:00:00+00:00\",\"dateModified\":\"2024-10-22T14:32:08+00:00\",\"breadcrumb\":{\"@id\":\"https:\/\/agenciainfra.com\/blog\/crise-na-aneel-leva-a-temor-de-empresas-e-reguladores-de-interferencia-em-agencias\/#breadcrumb\"},\"inLanguage\":\"pt-BR\",\"potentialAction\":[{\"@type\":\"ReadAction\",\"target\":[\"https:\/\/agenciainfra.com\/blog\/crise-na-aneel-leva-a-temor-de-empresas-e-reguladores-de-interferencia-em-agencias\/\"]}]},{\"@type\":\"ImageObject\",\"inLanguage\":\"pt-BR\",\"@id\":\"https:\/\/agenciainfra.com\/blog\/crise-na-aneel-leva-a-temor-de-empresas-e-reguladores-de-interferencia-em-agencias\/#primaryimage\",\"url\":\"https:\/\/agenciainfra.com\/blog\/wp-content\/uploads\/2022\/05\/aneel-foto-aneel-e1764788022595.jpg\",\"contentUrl\":\"https:\/\/agenciainfra.com\/blog\/wp-content\/uploads\/2022\/05\/aneel-foto-aneel-e1764788022595.jpg\",\"width\":1280,\"height\":753,\"caption\":\"Foto: ANEEL\"},{\"@type\":\"BreadcrumbList\",\"@id\":\"https:\/\/agenciainfra.com\/blog\/crise-na-aneel-leva-a-temor-de-empresas-e-reguladores-de-interferencia-em-agencias\/#breadcrumb\",\"itemListElement\":[{\"@type\":\"ListItem\",\"position\":1,\"name\":\"In\u00edcio\",\"item\":\"https:\/\/agenciainfra.com\/blog\/\"},{\"@type\":\"ListItem\",\"position\":2,\"name\":\"Crise na ANEEL leva a temor de empresas e reguladores de interfer\u00eancia em ag\u00eancias\"}]},{\"@type\":\"WebSite\",\"@id\":\"https:\/\/agenciainfra.com\/blog\/#website\",\"url\":\"https:\/\/agenciainfra.com\/blog\/\",\"name\":\"Ag\u00eancia iNFRA\",\"description\":\"Multiplataforma de informa\u00e7\u00e3o jornal\u00edstica refer\u00eancia na \u00e1rea de infraestrutura no Brasil!\",\"publisher\":{\"@id\":\"https:\/\/agenciainfra.com\/blog\/#organization\"},\"potentialAction\":[{\"@type\":\"SearchAction\",\"target\":{\"@type\":\"EntryPoint\",\"urlTemplate\":\"https:\/\/agenciainfra.com\/blog\/?s={search_term_string}\"},\"query-input\":{\"@type\":\"PropertyValueSpecification\",\"valueRequired\":true,\"valueName\":\"search_term_string\"}}],\"inLanguage\":\"pt-BR\"},{\"@type\":\"Organization\",\"@id\":\"https:\/\/agenciainfra.com\/blog\/#organization\",\"name\":\"Ag\u00eancia iNFRA\",\"url\":\"https:\/\/agenciainfra.com\/blog\/\",\"logo\":{\"@type\":\"ImageObject\",\"inLanguage\":\"pt-BR\",\"@id\":\"https:\/\/agenciainfra.com\/blog\/#\/schema\/logo\/image\/\",\"url\":\"https:\/\/agenciainfra.com\/blog\/wp-content\/uploads\/2023\/09\/iNFRA_5-e1761735885940.png\",\"contentUrl\":\"https:\/\/agenciainfra.com\/blog\/wp-content\/uploads\/2023\/09\/iNFRA_5-e1761735885940.png\",\"width\":1672,\"height\":454,\"caption\":\"Ag\u00eancia iNFRA\"},\"image\":{\"@id\":\"https:\/\/agenciainfra.com\/blog\/#\/schema\/logo\/image\/\"},\"sameAs\":[\"https:\/\/www.facebook.com\/ageninfra\",\"https:\/\/x.com\/agencia_infra\",\"https:\/\/www.linkedin.com\/company\/ag\u00eanciainfra\/\",\"https:\/\/www.instagram.com\/agenciainfra\/\"]},{\"@type\":\"Person\",\"@id\":\"https:\/\/agenciainfra.com\/blog\/#\/schema\/person\/34af08dff6adea4cb22b06612ba7acfa\",\"name\":\"Ag\u00eancia iNFRA\",\"image\":{\"@type\":\"ImageObject\",\"inLanguage\":\"pt-BR\",\"@id\":\"https:\/\/agenciainfra.com\/blog\/#\/schema\/person\/image\/\",\"url\":\"https:\/\/secure.gravatar.com\/avatar\/d189e01678f06d8eb84d4e01f08eb848b3fffe3f8443818d3c356c66892f5be8?s=96&d=mm&r=g\",\"contentUrl\":\"https:\/\/secure.gravatar.com\/avatar\/d189e01678f06d8eb84d4e01f08eb848b3fffe3f8443818d3c356c66892f5be8?s=96&d=mm&r=g\",\"caption\":\"Ag\u00eancia iNFRA\"},\"url\":\"https:\/\/agenciainfra.com\/blog\/author\/admin\/\"}]}<\/script>\n<!-- \/ Yoast SEO Premium plugin. -->","yoast_head_json":{"title":"Crise na ANEEL leva a temor de empresas e reguladores de interfer\u00eancia em ag\u00eancias - Ag\u00eancia iNFRA","robots":{"index":"index","follow":"follow","max-snippet":"max-snippet:-1","max-image-preview":"max-image-preview:large","max-video-preview":"max-video-preview:-1"},"canonical":"https:\/\/agenciainfra.com\/blog\/crise-na-aneel-leva-a-temor-de-empresas-e-reguladores-de-interferencia-em-agencias\/","og_locale":"pt_BR","og_type":"article","og_title":"Crise na ANEEL leva a temor de empresas e reguladores de interfer\u00eancia em ag\u00eancias","og_description":"Dimmi Amora, da Ag\u00eancia iNFRA A crise entre a ANEEL (Ag\u00eancia Nacional de Energia El\u00e9trica) e o Minist\u00e9rio de Minas e Energia est\u00e1 criando temor a representantes de empresas e reguladores de que governo e Congresso possam fazer interfer\u00eancias nas ag\u00eancias reguladoras que reduzam a autonomia desses \u00f3rg\u00e3os, o que vai amea\u00e7ar o aumento dos [&hellip;]","og_url":"https:\/\/agenciainfra.com\/blog\/crise-na-aneel-leva-a-temor-de-empresas-e-reguladores-de-interferencia-em-agencias\/","og_site_name":"Ag\u00eancia iNFRA","article_publisher":"https:\/\/www.facebook.com\/ageninfra","article_published_time":"2024-10-18T16:00:00+00:00","article_modified_time":"2024-10-22T14:32:08+00:00","og_image":[{"width":1299,"height":868,"url":"https:\/\/agenciainfra.com\/blog\/wp-content\/uploads\/2022\/05\/aneel-foto-aneel.jpg","type":"image\/jpeg"}],"author":"Ag\u00eancia iNFRA","twitter_card":"summary_large_image","twitter_creator":"@agencia_infra","twitter_site":"@agencia_infra","twitter_misc":{"Escrito por":"Ag\u00eancia iNFRA","Est. tempo de leitura":"7 minutos"},"schema":{"@context":"https:\/\/schema.org","@graph":[{"@type":"Article","@id":"https:\/\/agenciainfra.com\/blog\/crise-na-aneel-leva-a-temor-de-empresas-e-reguladores-de-interferencia-em-agencias\/#article","isPartOf":{"@id":"https:\/\/agenciainfra.com\/blog\/crise-na-aneel-leva-a-temor-de-empresas-e-reguladores-de-interferencia-em-agencias\/"},"author":{"name":"Ag\u00eancia iNFRA","@id":"https:\/\/agenciainfra.com\/blog\/#\/schema\/person\/34af08dff6adea4cb22b06612ba7acfa"},"headline":"Crise na ANEEL leva a temor de empresas e reguladores de interfer\u00eancia em ag\u00eancias","datePublished":"2024-10-18T16:00:00+00:00","dateModified":"2024-10-22T14:32:08+00:00","mainEntityOfPage":{"@id":"https:\/\/agenciainfra.com\/blog\/crise-na-aneel-leva-a-temor-de-empresas-e-reguladores-de-interferencia-em-agencias\/"},"wordCount":1389,"publisher":{"@id":"https:\/\/agenciainfra.com\/blog\/#organization"},"image":{"@id":"https:\/\/agenciainfra.com\/blog\/crise-na-aneel-leva-a-temor-de-empresas-e-reguladores-de-interferencia-em-agencias\/#primaryimage"},"thumbnailUrl":"https:\/\/agenciainfra.com\/blog\/wp-content\/uploads\/2022\/05\/aneel-foto-aneel-e1764788022595.jpg","keywords":["Ag\u00eancias Reguladoras","Alexandre Silveira","ANEEL","ANEEL e MME","Crise na ANEEL","Dimmi Amora","MME","Regula\u00e7\u00e3o","TCU"],"articleSection":["Destaque lista","Geral","iNFRAEnergia","iNFRATransporte"],"inLanguage":"pt-BR","copyrightYear":"2024","copyrightHolder":{"@id":"https:\/\/agenciainfra.com\/blog\/#organization"}},{"@type":"WebPage","@id":"https:\/\/agenciainfra.com\/blog\/crise-na-aneel-leva-a-temor-de-empresas-e-reguladores-de-interferencia-em-agencias\/","url":"https:\/\/agenciainfra.com\/blog\/crise-na-aneel-leva-a-temor-de-empresas-e-reguladores-de-interferencia-em-agencias\/","name":"Crise na ANEEL leva a temor de empresas e reguladores de interfer\u00eancia em ag\u00eancias - Ag\u00eancia iNFRA","isPartOf":{"@id":"https:\/\/agenciainfra.com\/blog\/#website"},"primaryImageOfPage":{"@id":"https:\/\/agenciainfra.com\/blog\/crise-na-aneel-leva-a-temor-de-empresas-e-reguladores-de-interferencia-em-agencias\/#primaryimage"},"image":{"@id":"https:\/\/agenciainfra.com\/blog\/crise-na-aneel-leva-a-temor-de-empresas-e-reguladores-de-interferencia-em-agencias\/#primaryimage"},"thumbnailUrl":"https:\/\/agenciainfra.com\/blog\/wp-content\/uploads\/2022\/05\/aneel-foto-aneel-e1764788022595.jpg","datePublished":"2024-10-18T16:00:00+00:00","dateModified":"2024-10-22T14:32:08+00:00","breadcrumb":{"@id":"https:\/\/agenciainfra.com\/blog\/crise-na-aneel-leva-a-temor-de-empresas-e-reguladores-de-interferencia-em-agencias\/#breadcrumb"},"inLanguage":"pt-BR","potentialAction":[{"@type":"ReadAction","target":["https:\/\/agenciainfra.com\/blog\/crise-na-aneel-leva-a-temor-de-empresas-e-reguladores-de-interferencia-em-agencias\/"]}]},{"@type":"ImageObject","inLanguage":"pt-BR","@id":"https:\/\/agenciainfra.com\/blog\/crise-na-aneel-leva-a-temor-de-empresas-e-reguladores-de-interferencia-em-agencias\/#primaryimage","url":"https:\/\/agenciainfra.com\/blog\/wp-content\/uploads\/2022\/05\/aneel-foto-aneel-e1764788022595.jpg","contentUrl":"https:\/\/agenciainfra.com\/blog\/wp-content\/uploads\/2022\/05\/aneel-foto-aneel-e1764788022595.jpg","width":1280,"height":753,"caption":"Foto: ANEEL"},{"@type":"BreadcrumbList","@id":"https:\/\/agenciainfra.com\/blog\/crise-na-aneel-leva-a-temor-de-empresas-e-reguladores-de-interferencia-em-agencias\/#breadcrumb","itemListElement":[{"@type":"ListItem","position":1,"name":"In\u00edcio","item":"https:\/\/agenciainfra.com\/blog\/"},{"@type":"ListItem","position":2,"name":"Crise na ANEEL leva a temor de empresas e reguladores de interfer\u00eancia em ag\u00eancias"}]},{"@type":"WebSite","@id":"https:\/\/agenciainfra.com\/blog\/#website","url":"https:\/\/agenciainfra.com\/blog\/","name":"Ag\u00eancia iNFRA","description":"Multiplataforma de informa\u00e7\u00e3o jornal\u00edstica refer\u00eancia na \u00e1rea de infraestrutura no Brasil!","publisher":{"@id":"https:\/\/agenciainfra.com\/blog\/#organization"},"potentialAction":[{"@type":"SearchAction","target":{"@type":"EntryPoint","urlTemplate":"https:\/\/agenciainfra.com\/blog\/?s={search_term_string}"},"query-input":{"@type":"PropertyValueSpecification","valueRequired":true,"valueName":"search_term_string"}}],"inLanguage":"pt-BR"},{"@type":"Organization","@id":"https:\/\/agenciainfra.com\/blog\/#organization","name":"Ag\u00eancia iNFRA","url":"https:\/\/agenciainfra.com\/blog\/","logo":{"@type":"ImageObject","inLanguage":"pt-BR","@id":"https:\/\/agenciainfra.com\/blog\/#\/schema\/logo\/image\/","url":"https:\/\/agenciainfra.com\/blog\/wp-content\/uploads\/2023\/09\/iNFRA_5-e1761735885940.png","contentUrl":"https:\/\/agenciainfra.com\/blog\/wp-content\/uploads\/2023\/09\/iNFRA_5-e1761735885940.png","width":1672,"height":454,"caption":"Ag\u00eancia iNFRA"},"image":{"@id":"https:\/\/agenciainfra.com\/blog\/#\/schema\/logo\/image\/"},"sameAs":["https:\/\/www.facebook.com\/ageninfra","https:\/\/x.com\/agencia_infra","https:\/\/www.linkedin.com\/company\/ag\u00eanciainfra\/","https:\/\/www.instagram.com\/agenciainfra\/"]},{"@type":"Person","@id":"https:\/\/agenciainfra.com\/blog\/#\/schema\/person\/34af08dff6adea4cb22b06612ba7acfa","name":"Ag\u00eancia iNFRA","image":{"@type":"ImageObject","inLanguage":"pt-BR","@id":"https:\/\/agenciainfra.com\/blog\/#\/schema\/person\/image\/","url":"https:\/\/secure.gravatar.com\/avatar\/d189e01678f06d8eb84d4e01f08eb848b3fffe3f8443818d3c356c66892f5be8?s=96&d=mm&r=g","contentUrl":"https:\/\/secure.gravatar.com\/avatar\/d189e01678f06d8eb84d4e01f08eb848b3fffe3f8443818d3c356c66892f5be8?s=96&d=mm&r=g","caption":"Ag\u00eancia iNFRA"},"url":"https:\/\/agenciainfra.com\/blog\/author\/admin\/"}]}},"_links":{"self":[{"href":"https:\/\/agenciainfra.com\/blog\/wp-json\/wp\/v2\/posts\/18838","targetHints":{"allow":["GET"]}}],"collection":[{"href":"https:\/\/agenciainfra.com\/blog\/wp-json\/wp\/v2\/posts"}],"about":[{"href":"https:\/\/agenciainfra.com\/blog\/wp-json\/wp\/v2\/types\/post"}],"author":[{"embeddable":true,"href":"https:\/\/agenciainfra.com\/blog\/wp-json\/wp\/v2\/users\/1"}],"replies":[{"embeddable":true,"href":"https:\/\/agenciainfra.com\/blog\/wp-json\/wp\/v2\/comments?post=18838"}],"version-history":[{"count":1,"href":"https:\/\/agenciainfra.com\/blog\/wp-json\/wp\/v2\/posts\/18838\/revisions"}],"predecessor-version":[{"id":18839,"href":"https:\/\/agenciainfra.com\/blog\/wp-json\/wp\/v2\/posts\/18838\/revisions\/18839"}],"wp:featuredmedia":[{"embeddable":true,"href":"https:\/\/agenciainfra.com\/blog\/wp-json\/wp\/v2\/media\/10310"}],"wp:attachment":[{"href":"https:\/\/agenciainfra.com\/blog\/wp-json\/wp\/v2\/media?parent=18838"}],"wp:term":[{"taxonomy":"category","embeddable":true,"href":"https:\/\/agenciainfra.com\/blog\/wp-json\/wp\/v2\/categories?post=18838"},{"taxonomy":"post_tag","embeddable":true,"href":"https:\/\/agenciainfra.com\/blog\/wp-json\/wp\/v2\/tags?post=18838"}],"curies":[{"name":"wp","href":"https:\/\/api.w.org\/{rel}","templated":true}]}}