{"id":18855,"date":"2024-10-21T11:00:00","date_gmt":"2024-10-21T14:00:00","guid":{"rendered":"https:\/\/agenciainfra.com\/blog\/?p=18855"},"modified":"2024-10-22T11:31:51","modified_gmt":"2024-10-22T14:31:51","slug":"ambiente-instavel-politicamente-no-setor-de-energia-afasta-investidores-do-pais-diz-executivo","status":"publish","type":"post","link":"https:\/\/agenciainfra.com\/blog\/ambiente-instavel-politicamente-no-setor-de-energia-afasta-investidores-do-pais-diz-executivo\/","title":{"rendered":"Ambiente inst\u00e1vel politicamente no setor de energia afasta investidores do pa\u00eds, diz executivo"},"content":{"rendered":"\n<p class=\"has-text-align-right\"><strong>Marisa Wanzeller e Leila Coimbra, da\u00a0Ag\u00eancia iNFRA<\/strong><\/p>\n\n\n\n<p>A atual instabilidade pol\u00edtica e institucional do pa\u00eds, com crescentes embates entre o MME (Minist\u00e9rio de Minas e Energia) e a ANEEL (Ag\u00eancia Nacional de Energia El\u00e9trica), est\u00e1 afastando investimentos, diz o CEO da CMU Comercializadora de Energia, Walter Fr\u00f3es.<br><br>Segundo Fr\u00f3es, o clima de amea\u00e7a \u00e0s ag\u00eancias reguladoras gerou incertezas, que tornaram arriscado o investimento, na percep\u00e7\u00e3o dos empres\u00e1rios. Ele disse \u00e0&nbsp;<strong>Ag\u00eancia iNFRA<\/strong>&nbsp;que pelo menos dois grandes clientes eletrointensivos da CMU postergaram projetos bilion\u00e1rios por &#8220;medo&#8221; de investir no Brasil. &#8220;Essa briga institucional deixou os investidores tensos. N\u00e3o h\u00e1 seguran\u00e7a para tocar os projetos&#8221;, relatou.<br><br>Um deles, do ramo de materiais refrat\u00e1rios, com planos de investir aproximadamente R$ 1 bilh\u00e3o, destacou a &#8220;indefini\u00e7\u00e3o pol\u00edtica no Brasil&#8221; e optou por priorizar projetos na \u00cdndia. Outro, do setor de minera\u00e7\u00e3o, com projeto estimado em mais de R$ 2 bilh\u00f5es, escolheu aplicar o dinheiro na Guiana.&nbsp;<br><br><strong>Ataques<\/strong><br>Na \u00faltima semana, a troca de farpas entre o ministro e a ANEEL aumentou, depois que temporais deixaram mais de tr\u00eas milh\u00f5es de pessoas sem energia na \u00e1rea da concess\u00e3o da Enel, em S\u00e3o Paulo. O ministro de Minas e Energia, Alexandre Silveira, acusou a diretoria da ag\u00eancia de energia de boicotar o governo por ser \u201cbolsonarista\u201d, j\u00e1 que os atuais diretores foram indicados na \u00e9poca de Jair Bolsonaro.<br><br>Silveira tamb\u00e9m defendeu o fim dos mandatos dos dirigentes das ag\u00eancias reguladoras e disse que o presidente Lula avalia enviar proposta legislativa ao Congresso que estabele\u00e7a a coincid\u00eancia entre os mandatos dos diretores com o tempo do governo federal. Atualmente, o tempo no cargo n\u00e3o \u00e9 coincidente, e os nomes, apesar de indicados pelo presidente da Rep\u00fablica, precisam ser respaldados pelo Senado Federal.<br><br>J\u00e1 a&nbsp;ANEEL respondeu aos ataques destacando a autonomia concedida \u00e0s reguladoras pela atual legisla\u00e7\u00e3o.<br><br><strong>Pre\u00e7os<\/strong><br>O executivo tamb\u00e9m citou a disparada dos pre\u00e7os da energia como um problema conjuntural que pode afetar quem \u00e9 eletrointensivo. \u201cTem consumidores eletrointensivos que est\u00e3o pagando R$ 600 reais por MWh (megawatt-hora) at\u00e9 dezembro. Isso no eletrointensivo \u00e9 quebra, porque a energia \u00e9 30% da matriz de custos&nbsp;dele. N\u00e3o tem not\u00edcia estruturante ou estrutural para a energia estar a R$ 600\u201d, explicou Fr\u00f3es.<br><br>Houve uma disparada no PLD (Pre\u00e7o de Liquida\u00e7\u00e3o das Diferen\u00e7as), que serve de refer\u00eancia no mercado de curto prazo, por conta do aumento de gera\u00e7\u00e3o t\u00e9rmica, especialmente no hor\u00e1rio de ponta (in\u00edcio da noite). Em alguns dias, o PLD, que estava no piso de R$ 61 o MWh, chegou a mais de R$ 1 mil o MWh.<\/p>\n\n\n\n<p>Segundo o executivo, para o pr\u00f3ximo ano os pre\u00e7os devem voltar ao normal, algo na faixa R$ 200, R$ 220 o megawatt-hora. &#8220;Isso aqui \u00e9 um susto, vai voltar ao normal. Esse susto explodiu no oportunismo\u201d, completou.<\/p>\n","protected":false},"excerpt":{"rendered":"<p>Marisa Wanzeller e Leila Coimbra, da\u00a0Ag\u00eancia iNFRA A atual instabilidade pol\u00edtica e institucional do pa\u00eds, com crescentes embates entre o MME (Minist\u00e9rio de Minas e Energia) e a ANEEL (Ag\u00eancia Nacional de Energia El\u00e9trica), est\u00e1 afastando investimentos, diz o CEO da CMU Comercializadora de Energia, Walter Fr\u00f3es. Segundo Fr\u00f3es, o clima de amea\u00e7a \u00e0s ag\u00eancias [&hellip;]<\/p>\n","protected":false},"author":1,"featured_media":11126,"comment_status":"closed","ping_status":"closed","sticky":false,"template":"","format":"standard","meta":{"_monsterinsights_skip_tracking":false,"_monsterinsights_sitenote_active":false,"_monsterinsights_sitenote_note":"","_monsterinsights_sitenote_category":0,"footnotes":""},"categories":[9714,1,10],"tags":[46,6040,53,3002,616,702,32,11577,1984,7366,519,71,1169,10140],"class_list":["post-18855","post","type-post","status-publish","format-standard","has-post-thumbnail","hentry","category-destaque-menor","category-geral","category-infraenergia","tag-agencias-reguladoras","tag-alexandre-silveira","tag-aneel","tag-apagao","tag-enel","tag-investimento","tag-investimentos","tag-investimentos-no-brasil","tag-leila-coimbra","tag-marisa-wanzeller","tag-minas-e-energia","tag-mme","tag-pld","tag-walter-froes"],"yoast_head":"<!-- This site is optimized with the Yoast SEO Premium plugin v25.4 (Yoast SEO v26.0) - https:\/\/yoast.com\/wordpress\/plugins\/seo\/ -->\n<title>Ambiente inst\u00e1vel politicamente no setor de energia afasta investidores do pa\u00eds, diz executivo - Ag\u00eancia iNFRA<\/title>\n<meta name=\"robots\" content=\"index, follow, max-snippet:-1, max-image-preview:large, max-video-preview:-1\" \/>\n<link rel=\"canonical\" href=\"https:\/\/agenciainfra.com\/blog\/ambiente-instavel-politicamente-no-setor-de-energia-afasta-investidores-do-pais-diz-executivo\/\" \/>\n<meta property=\"og:locale\" content=\"pt_BR\" \/>\n<meta property=\"og:type\" content=\"article\" \/>\n<meta property=\"og:title\" content=\"Ambiente inst\u00e1vel politicamente no setor de energia afasta investidores do pa\u00eds, diz executivo\" \/>\n<meta property=\"og:description\" content=\"Marisa Wanzeller e Leila Coimbra, da\u00a0Ag\u00eancia iNFRA A atual instabilidade pol\u00edtica e institucional do pa\u00eds, com crescentes embates entre o MME (Minist\u00e9rio de Minas e Energia) e a ANEEL (Ag\u00eancia Nacional de Energia El\u00e9trica), est\u00e1 afastando investimentos, diz o CEO da CMU Comercializadora de Energia, Walter Fr\u00f3es. Segundo Fr\u00f3es, o clima de amea\u00e7a \u00e0s ag\u00eancias [&hellip;]\" \/>\n<meta property=\"og:url\" content=\"https:\/\/agenciainfra.com\/blog\/ambiente-instavel-politicamente-no-setor-de-energia-afasta-investidores-do-pais-diz-executivo\/\" \/>\n<meta property=\"og:site_name\" content=\"Ag\u00eancia iNFRA\" \/>\n<meta property=\"article:publisher\" content=\"https:\/\/www.facebook.com\/ageninfra\" \/>\n<meta property=\"article:published_time\" content=\"2024-10-21T14:00:00+00:00\" \/>\n<meta property=\"article:modified_time\" content=\"2024-10-22T14:31:51+00:00\" \/>\n<meta property=\"og:image\" content=\"https:\/\/agenciainfra.com\/blog\/wp-content\/uploads\/2022\/08\/dinheiro-foto-pixabay.jpg\" \/>\n\t<meta property=\"og:image:width\" content=\"1280\" \/>\n\t<meta property=\"og:image:height\" content=\"734\" \/>\n\t<meta property=\"og:image:type\" content=\"image\/jpeg\" \/>\n<meta name=\"author\" content=\"Ag\u00eancia iNFRA\" \/>\n<meta name=\"twitter:card\" content=\"summary_large_image\" \/>\n<meta name=\"twitter:creator\" content=\"@agencia_infra\" \/>\n<meta name=\"twitter:site\" content=\"@agencia_infra\" \/>\n<meta name=\"twitter:label1\" content=\"Escrito por\" \/>\n\t<meta name=\"twitter:data1\" content=\"Ag\u00eancia iNFRA\" \/>\n\t<meta name=\"twitter:label2\" content=\"Est. tempo de leitura\" \/>\n\t<meta name=\"twitter:data2\" content=\"3 minutos\" \/>\n<script type=\"application\/ld+json\" class=\"yoast-schema-graph\">{\"@context\":\"https:\/\/schema.org\",\"@graph\":[{\"@type\":\"Article\",\"@id\":\"https:\/\/agenciainfra.com\/blog\/ambiente-instavel-politicamente-no-setor-de-energia-afasta-investidores-do-pais-diz-executivo\/#article\",\"isPartOf\":{\"@id\":\"https:\/\/agenciainfra.com\/blog\/ambiente-instavel-politicamente-no-setor-de-energia-afasta-investidores-do-pais-diz-executivo\/\"},\"author\":{\"name\":\"Ag\u00eancia iNFRA\",\"@id\":\"https:\/\/agenciainfra.com\/blog\/#\/schema\/person\/34af08dff6adea4cb22b06612ba7acfa\"},\"headline\":\"Ambiente inst\u00e1vel politicamente no setor de energia afasta investidores do pa\u00eds, diz executivo\",\"datePublished\":\"2024-10-21T14:00:00+00:00\",\"dateModified\":\"2024-10-22T14:31:51+00:00\",\"mainEntityOfPage\":{\"@id\":\"https:\/\/agenciainfra.com\/blog\/ambiente-instavel-politicamente-no-setor-de-energia-afasta-investidores-do-pais-diz-executivo\/\"},\"wordCount\":517,\"publisher\":{\"@id\":\"https:\/\/agenciainfra.com\/blog\/#organization\"},\"image\":{\"@id\":\"https:\/\/agenciainfra.com\/blog\/ambiente-instavel-politicamente-no-setor-de-energia-afasta-investidores-do-pais-diz-executivo\/#primaryimage\"},\"thumbnailUrl\":\"https:\/\/agenciainfra.com\/blog\/wp-content\/uploads\/2022\/08\/dinheiro-foto-pixabay.jpg\",\"keywords\":[\"Ag\u00eancias Reguladoras\",\"Alexandre Silveira\",\"ANEEL\",\"apag\u00e3o\",\"Enel\",\"Investimento\",\"Investimentos\",\"investimentos no Brasil\",\"Leila Coimbra\",\"Marisa Wanzeller\",\"Minas e Energia\",\"MME\",\"PLD\",\"Walter Fr\u00f3es\"],\"articleSection\":[\"Destaque Menor\",\"Geral\",\"iNFRAEnergia\"],\"inLanguage\":\"pt-BR\",\"copyrightYear\":\"2024\",\"copyrightHolder\":{\"@id\":\"https:\/\/agenciainfra.com\/blog\/#organization\"}},{\"@type\":\"WebPage\",\"@id\":\"https:\/\/agenciainfra.com\/blog\/ambiente-instavel-politicamente-no-setor-de-energia-afasta-investidores-do-pais-diz-executivo\/\",\"url\":\"https:\/\/agenciainfra.com\/blog\/ambiente-instavel-politicamente-no-setor-de-energia-afasta-investidores-do-pais-diz-executivo\/\",\"name\":\"Ambiente inst\u00e1vel politicamente no setor de energia afasta investidores do pa\u00eds, diz executivo - Ag\u00eancia iNFRA\",\"isPartOf\":{\"@id\":\"https:\/\/agenciainfra.com\/blog\/#website\"},\"primaryImageOfPage\":{\"@id\":\"https:\/\/agenciainfra.com\/blog\/ambiente-instavel-politicamente-no-setor-de-energia-afasta-investidores-do-pais-diz-executivo\/#primaryimage\"},\"image\":{\"@id\":\"https:\/\/agenciainfra.com\/blog\/ambiente-instavel-politicamente-no-setor-de-energia-afasta-investidores-do-pais-diz-executivo\/#primaryimage\"},\"thumbnailUrl\":\"https:\/\/agenciainfra.com\/blog\/wp-content\/uploads\/2022\/08\/dinheiro-foto-pixabay.jpg\",\"datePublished\":\"2024-10-21T14:00:00+00:00\",\"dateModified\":\"2024-10-22T14:31:51+00:00\",\"breadcrumb\":{\"@id\":\"https:\/\/agenciainfra.com\/blog\/ambiente-instavel-politicamente-no-setor-de-energia-afasta-investidores-do-pais-diz-executivo\/#breadcrumb\"},\"inLanguage\":\"pt-BR\",\"potentialAction\":[{\"@type\":\"ReadAction\",\"target\":[\"https:\/\/agenciainfra.com\/blog\/ambiente-instavel-politicamente-no-setor-de-energia-afasta-investidores-do-pais-diz-executivo\/\"]}]},{\"@type\":\"ImageObject\",\"inLanguage\":\"pt-BR\",\"@id\":\"https:\/\/agenciainfra.com\/blog\/ambiente-instavel-politicamente-no-setor-de-energia-afasta-investidores-do-pais-diz-executivo\/#primaryimage\",\"url\":\"https:\/\/agenciainfra.com\/blog\/wp-content\/uploads\/2022\/08\/dinheiro-foto-pixabay.jpg\",\"contentUrl\":\"https:\/\/agenciainfra.com\/blog\/wp-content\/uploads\/2022\/08\/dinheiro-foto-pixabay.jpg\",\"width\":1280,\"height\":734},{\"@type\":\"BreadcrumbList\",\"@id\":\"https:\/\/agenciainfra.com\/blog\/ambiente-instavel-politicamente-no-setor-de-energia-afasta-investidores-do-pais-diz-executivo\/#breadcrumb\",\"itemListElement\":[{\"@type\":\"ListItem\",\"position\":1,\"name\":\"In\u00edcio\",\"item\":\"https:\/\/agenciainfra.com\/blog\/\"},{\"@type\":\"ListItem\",\"position\":2,\"name\":\"Ambiente inst\u00e1vel politicamente no setor de energia afasta investidores do pa\u00eds, diz executivo\"}]},{\"@type\":\"WebSite\",\"@id\":\"https:\/\/agenciainfra.com\/blog\/#website\",\"url\":\"https:\/\/agenciainfra.com\/blog\/\",\"name\":\"Ag\u00eancia iNFRA\",\"description\":\"Multiplataforma de informa\u00e7\u00e3o jornal\u00edstica refer\u00eancia na \u00e1rea de infraestrutura no Brasil!\",\"publisher\":{\"@id\":\"https:\/\/agenciainfra.com\/blog\/#organization\"},\"potentialAction\":[{\"@type\":\"SearchAction\",\"target\":{\"@type\":\"EntryPoint\",\"urlTemplate\":\"https:\/\/agenciainfra.com\/blog\/?s={search_term_string}\"},\"query-input\":{\"@type\":\"PropertyValueSpecification\",\"valueRequired\":true,\"valueName\":\"search_term_string\"}}],\"inLanguage\":\"pt-BR\"},{\"@type\":\"Organization\",\"@id\":\"https:\/\/agenciainfra.com\/blog\/#organization\",\"name\":\"Ag\u00eancia iNFRA\",\"url\":\"https:\/\/agenciainfra.com\/blog\/\",\"logo\":{\"@type\":\"ImageObject\",\"inLanguage\":\"pt-BR\",\"@id\":\"https:\/\/agenciainfra.com\/blog\/#\/schema\/logo\/image\/\",\"url\":\"https:\/\/agenciainfra.com\/blog\/wp-content\/uploads\/2023\/09\/iNFRA_5-e1761735885940.png\",\"contentUrl\":\"https:\/\/agenciainfra.com\/blog\/wp-content\/uploads\/2023\/09\/iNFRA_5-e1761735885940.png\",\"width\":1672,\"height\":454,\"caption\":\"Ag\u00eancia iNFRA\"},\"image\":{\"@id\":\"https:\/\/agenciainfra.com\/blog\/#\/schema\/logo\/image\/\"},\"sameAs\":[\"https:\/\/www.facebook.com\/ageninfra\",\"https:\/\/x.com\/agencia_infra\",\"https:\/\/www.linkedin.com\/company\/ag\u00eanciainfra\/\",\"https:\/\/www.instagram.com\/agenciainfra\/\"]},{\"@type\":\"Person\",\"@id\":\"https:\/\/agenciainfra.com\/blog\/#\/schema\/person\/34af08dff6adea4cb22b06612ba7acfa\",\"name\":\"Ag\u00eancia iNFRA\",\"image\":{\"@type\":\"ImageObject\",\"inLanguage\":\"pt-BR\",\"@id\":\"https:\/\/agenciainfra.com\/blog\/#\/schema\/person\/image\/\",\"url\":\"https:\/\/secure.gravatar.com\/avatar\/d189e01678f06d8eb84d4e01f08eb848b3fffe3f8443818d3c356c66892f5be8?s=96&d=mm&r=g\",\"contentUrl\":\"https:\/\/secure.gravatar.com\/avatar\/d189e01678f06d8eb84d4e01f08eb848b3fffe3f8443818d3c356c66892f5be8?s=96&d=mm&r=g\",\"caption\":\"Ag\u00eancia iNFRA\"},\"url\":\"https:\/\/agenciainfra.com\/blog\/author\/admin\/\"}]}<\/script>\n<!-- \/ Yoast SEO Premium plugin. -->","yoast_head_json":{"title":"Ambiente inst\u00e1vel politicamente no setor de energia afasta investidores do pa\u00eds, diz executivo - Ag\u00eancia iNFRA","robots":{"index":"index","follow":"follow","max-snippet":"max-snippet:-1","max-image-preview":"max-image-preview:large","max-video-preview":"max-video-preview:-1"},"canonical":"https:\/\/agenciainfra.com\/blog\/ambiente-instavel-politicamente-no-setor-de-energia-afasta-investidores-do-pais-diz-executivo\/","og_locale":"pt_BR","og_type":"article","og_title":"Ambiente inst\u00e1vel politicamente no setor de energia afasta investidores do pa\u00eds, diz executivo","og_description":"Marisa Wanzeller e Leila Coimbra, da\u00a0Ag\u00eancia iNFRA A atual instabilidade pol\u00edtica e institucional do pa\u00eds, com crescentes embates entre o MME (Minist\u00e9rio de Minas e Energia) e a ANEEL (Ag\u00eancia Nacional de Energia El\u00e9trica), est\u00e1 afastando investimentos, diz o CEO da CMU Comercializadora de Energia, Walter Fr\u00f3es. Segundo Fr\u00f3es, o clima de amea\u00e7a \u00e0s ag\u00eancias [&hellip;]","og_url":"https:\/\/agenciainfra.com\/blog\/ambiente-instavel-politicamente-no-setor-de-energia-afasta-investidores-do-pais-diz-executivo\/","og_site_name":"Ag\u00eancia iNFRA","article_publisher":"https:\/\/www.facebook.com\/ageninfra","article_published_time":"2024-10-21T14:00:00+00:00","article_modified_time":"2024-10-22T14:31:51+00:00","og_image":[{"width":1280,"height":734,"url":"https:\/\/agenciainfra.com\/blog\/wp-content\/uploads\/2022\/08\/dinheiro-foto-pixabay.jpg","type":"image\/jpeg"}],"author":"Ag\u00eancia iNFRA","twitter_card":"summary_large_image","twitter_creator":"@agencia_infra","twitter_site":"@agencia_infra","twitter_misc":{"Escrito por":"Ag\u00eancia iNFRA","Est. tempo de leitura":"3 minutos"},"schema":{"@context":"https:\/\/schema.org","@graph":[{"@type":"Article","@id":"https:\/\/agenciainfra.com\/blog\/ambiente-instavel-politicamente-no-setor-de-energia-afasta-investidores-do-pais-diz-executivo\/#article","isPartOf":{"@id":"https:\/\/agenciainfra.com\/blog\/ambiente-instavel-politicamente-no-setor-de-energia-afasta-investidores-do-pais-diz-executivo\/"},"author":{"name":"Ag\u00eancia iNFRA","@id":"https:\/\/agenciainfra.com\/blog\/#\/schema\/person\/34af08dff6adea4cb22b06612ba7acfa"},"headline":"Ambiente inst\u00e1vel politicamente no setor de energia afasta investidores do pa\u00eds, diz executivo","datePublished":"2024-10-21T14:00:00+00:00","dateModified":"2024-10-22T14:31:51+00:00","mainEntityOfPage":{"@id":"https:\/\/agenciainfra.com\/blog\/ambiente-instavel-politicamente-no-setor-de-energia-afasta-investidores-do-pais-diz-executivo\/"},"wordCount":517,"publisher":{"@id":"https:\/\/agenciainfra.com\/blog\/#organization"},"image":{"@id":"https:\/\/agenciainfra.com\/blog\/ambiente-instavel-politicamente-no-setor-de-energia-afasta-investidores-do-pais-diz-executivo\/#primaryimage"},"thumbnailUrl":"https:\/\/agenciainfra.com\/blog\/wp-content\/uploads\/2022\/08\/dinheiro-foto-pixabay.jpg","keywords":["Ag\u00eancias Reguladoras","Alexandre Silveira","ANEEL","apag\u00e3o","Enel","Investimento","Investimentos","investimentos no Brasil","Leila Coimbra","Marisa Wanzeller","Minas e Energia","MME","PLD","Walter Fr\u00f3es"],"articleSection":["Destaque Menor","Geral","iNFRAEnergia"],"inLanguage":"pt-BR","copyrightYear":"2024","copyrightHolder":{"@id":"https:\/\/agenciainfra.com\/blog\/#organization"}},{"@type":"WebPage","@id":"https:\/\/agenciainfra.com\/blog\/ambiente-instavel-politicamente-no-setor-de-energia-afasta-investidores-do-pais-diz-executivo\/","url":"https:\/\/agenciainfra.com\/blog\/ambiente-instavel-politicamente-no-setor-de-energia-afasta-investidores-do-pais-diz-executivo\/","name":"Ambiente inst\u00e1vel politicamente no setor de energia afasta investidores do pa\u00eds, diz executivo - Ag\u00eancia iNFRA","isPartOf":{"@id":"https:\/\/agenciainfra.com\/blog\/#website"},"primaryImageOfPage":{"@id":"https:\/\/agenciainfra.com\/blog\/ambiente-instavel-politicamente-no-setor-de-energia-afasta-investidores-do-pais-diz-executivo\/#primaryimage"},"image":{"@id":"https:\/\/agenciainfra.com\/blog\/ambiente-instavel-politicamente-no-setor-de-energia-afasta-investidores-do-pais-diz-executivo\/#primaryimage"},"thumbnailUrl":"https:\/\/agenciainfra.com\/blog\/wp-content\/uploads\/2022\/08\/dinheiro-foto-pixabay.jpg","datePublished":"2024-10-21T14:00:00+00:00","dateModified":"2024-10-22T14:31:51+00:00","breadcrumb":{"@id":"https:\/\/agenciainfra.com\/blog\/ambiente-instavel-politicamente-no-setor-de-energia-afasta-investidores-do-pais-diz-executivo\/#breadcrumb"},"inLanguage":"pt-BR","potentialAction":[{"@type":"ReadAction","target":["https:\/\/agenciainfra.com\/blog\/ambiente-instavel-politicamente-no-setor-de-energia-afasta-investidores-do-pais-diz-executivo\/"]}]},{"@type":"ImageObject","inLanguage":"pt-BR","@id":"https:\/\/agenciainfra.com\/blog\/ambiente-instavel-politicamente-no-setor-de-energia-afasta-investidores-do-pais-diz-executivo\/#primaryimage","url":"https:\/\/agenciainfra.com\/blog\/wp-content\/uploads\/2022\/08\/dinheiro-foto-pixabay.jpg","contentUrl":"https:\/\/agenciainfra.com\/blog\/wp-content\/uploads\/2022\/08\/dinheiro-foto-pixabay.jpg","width":1280,"height":734},{"@type":"BreadcrumbList","@id":"https:\/\/agenciainfra.com\/blog\/ambiente-instavel-politicamente-no-setor-de-energia-afasta-investidores-do-pais-diz-executivo\/#breadcrumb","itemListElement":[{"@type":"ListItem","position":1,"name":"In\u00edcio","item":"https:\/\/agenciainfra.com\/blog\/"},{"@type":"ListItem","position":2,"name":"Ambiente inst\u00e1vel politicamente no setor de energia afasta investidores do pa\u00eds, diz executivo"}]},{"@type":"WebSite","@id":"https:\/\/agenciainfra.com\/blog\/#website","url":"https:\/\/agenciainfra.com\/blog\/","name":"Ag\u00eancia iNFRA","description":"Multiplataforma de informa\u00e7\u00e3o jornal\u00edstica refer\u00eancia na \u00e1rea de infraestrutura no Brasil!","publisher":{"@id":"https:\/\/agenciainfra.com\/blog\/#organization"},"potentialAction":[{"@type":"SearchAction","target":{"@type":"EntryPoint","urlTemplate":"https:\/\/agenciainfra.com\/blog\/?s={search_term_string}"},"query-input":{"@type":"PropertyValueSpecification","valueRequired":true,"valueName":"search_term_string"}}],"inLanguage":"pt-BR"},{"@type":"Organization","@id":"https:\/\/agenciainfra.com\/blog\/#organization","name":"Ag\u00eancia iNFRA","url":"https:\/\/agenciainfra.com\/blog\/","logo":{"@type":"ImageObject","inLanguage":"pt-BR","@id":"https:\/\/agenciainfra.com\/blog\/#\/schema\/logo\/image\/","url":"https:\/\/agenciainfra.com\/blog\/wp-content\/uploads\/2023\/09\/iNFRA_5-e1761735885940.png","contentUrl":"https:\/\/agenciainfra.com\/blog\/wp-content\/uploads\/2023\/09\/iNFRA_5-e1761735885940.png","width":1672,"height":454,"caption":"Ag\u00eancia iNFRA"},"image":{"@id":"https:\/\/agenciainfra.com\/blog\/#\/schema\/logo\/image\/"},"sameAs":["https:\/\/www.facebook.com\/ageninfra","https:\/\/x.com\/agencia_infra","https:\/\/www.linkedin.com\/company\/ag\u00eanciainfra\/","https:\/\/www.instagram.com\/agenciainfra\/"]},{"@type":"Person","@id":"https:\/\/agenciainfra.com\/blog\/#\/schema\/person\/34af08dff6adea4cb22b06612ba7acfa","name":"Ag\u00eancia iNFRA","image":{"@type":"ImageObject","inLanguage":"pt-BR","@id":"https:\/\/agenciainfra.com\/blog\/#\/schema\/person\/image\/","url":"https:\/\/secure.gravatar.com\/avatar\/d189e01678f06d8eb84d4e01f08eb848b3fffe3f8443818d3c356c66892f5be8?s=96&d=mm&r=g","contentUrl":"https:\/\/secure.gravatar.com\/avatar\/d189e01678f06d8eb84d4e01f08eb848b3fffe3f8443818d3c356c66892f5be8?s=96&d=mm&r=g","caption":"Ag\u00eancia iNFRA"},"url":"https:\/\/agenciainfra.com\/blog\/author\/admin\/"}]}},"_links":{"self":[{"href":"https:\/\/agenciainfra.com\/blog\/wp-json\/wp\/v2\/posts\/18855","targetHints":{"allow":["GET"]}}],"collection":[{"href":"https:\/\/agenciainfra.com\/blog\/wp-json\/wp\/v2\/posts"}],"about":[{"href":"https:\/\/agenciainfra.com\/blog\/wp-json\/wp\/v2\/types\/post"}],"author":[{"embeddable":true,"href":"https:\/\/agenciainfra.com\/blog\/wp-json\/wp\/v2\/users\/1"}],"replies":[{"embeddable":true,"href":"https:\/\/agenciainfra.com\/blog\/wp-json\/wp\/v2\/comments?post=18855"}],"version-history":[{"count":1,"href":"https:\/\/agenciainfra.com\/blog\/wp-json\/wp\/v2\/posts\/18855\/revisions"}],"predecessor-version":[{"id":18856,"href":"https:\/\/agenciainfra.com\/blog\/wp-json\/wp\/v2\/posts\/18855\/revisions\/18856"}],"wp:featuredmedia":[{"embeddable":true,"href":"https:\/\/agenciainfra.com\/blog\/wp-json\/wp\/v2\/media\/11126"}],"wp:attachment":[{"href":"https:\/\/agenciainfra.com\/blog\/wp-json\/wp\/v2\/media?parent=18855"}],"wp:term":[{"taxonomy":"category","embeddable":true,"href":"https:\/\/agenciainfra.com\/blog\/wp-json\/wp\/v2\/categories?post=18855"},{"taxonomy":"post_tag","embeddable":true,"href":"https:\/\/agenciainfra.com\/blog\/wp-json\/wp\/v2\/tags?post=18855"}],"curies":[{"name":"wp","href":"https:\/\/api.w.org\/{rel}","templated":true}]}}