{"id":18875,"date":"2024-10-22T09:00:00","date_gmt":"2024-10-22T12:00:00","guid":{"rendered":"https:\/\/agenciainfra.com\/blog\/?p=18875"},"modified":"2024-10-22T11:27:11","modified_gmt":"2024-10-22T14:27:11","slug":"ambar-recorre-contra-extincao-de-processos-da-amazonas-energia-na-aneel-apos-vencimento-de-mp","status":"publish","type":"post","link":"https:\/\/agenciainfra.com\/blog\/ambar-recorre-contra-extincao-de-processos-da-amazonas-energia-na-aneel-apos-vencimento-de-mp\/","title":{"rendered":"\u00c2mbar recorre contra extin\u00e7\u00e3o de processos da Amazonas Energia na ANEEL ap\u00f3s vencimento de MP"},"content":{"rendered":"\n<p class=\"has-text-align-right\"><strong>Marisa Wanzeller, da\u00a0Ag\u00eancia iNFRA<\/strong><\/p>\n\n\n\n<p>A \u00c2mbar Energia entrou com novo agravo na ANEEL (Ag\u00eancia Nacional de Energia El\u00e9trica), desta vez contra despachos do diretor-geral, Sandoval Feitosa, que extinguiu os processos sobre a venda da Amazonas Energia e a convers\u00e3o de contratos de t\u00e9rmicas em CERs (Contratos de Energia de Reserva).&nbsp;<\/p>\n\n\n\n<p>Sandoval concluiu que os objetos das decis\u00f5es se tornaram prejudicados por &#8220;fato superveniente&#8221;, com a perda de efic\u00e1cia da MP (Medida Provis\u00f3ria) 1.232\/2024, que viabilizava as opera\u00e7\u00f5es. O agravo foi encaminhado para a relatoria do pr\u00f3prio diretor-geral nesta segunda-feira (21), seguindo as regras da ag\u00eancia.<\/p>\n\n\n\n<p>A MP perdeu a validade \u00e0 meia-noite do dia 10 de outubro. No dia 11 de outubro foram assinados os despachos de perda do objeto pelo diretor-geral, posteriormente publicados no DOU (Di\u00e1rio Oficial da Uni\u00e3o) em 14 de outubro. Confira&nbsp;<a href=\"https:\/\/www.in.gov.br\/en\/web\/dou\/-\/despacho-n-3.092-de-11-de-outubro-de-2024-589790888\" target=\"_blank\" rel=\"noreferrer noopener\">aqui<\/a>&nbsp;o despacho sobre a venda da distribuidora, e&nbsp;<a href=\"https:\/\/www.in.gov.br\/en\/web\/dou\/-\/despacho-n-3.091-de-11-de-outubro-de-2024-589787656\" target=\"_blank\" rel=\"noreferrer noopener\">aqui<\/a>&nbsp;o despacho sobre a convers\u00e3o das t\u00e9rmicas.<\/p>\n\n\n\n<p><strong>Troca de controle<\/strong><br>O prazo da MP tamb\u00e9m foi utilizado pela ANEEL para&nbsp;<a href=\"https:\/\/agenciainfra.com\/blog\/aneel-contesta-venda-da-amazonas-energia-na-justica-por-assinaturas-fora-do-prazo\/\" target=\"_blank\" rel=\"noreferrer noopener\">contestar judicialmente a venda<\/a>&nbsp;da Amazonas para a \u00c2mbar. A ag\u00eancia alega que os representantes das empresas assinaram o termo de transfer\u00eancia de controle ap\u00f3s a meia-noite do dia 10 e, por isso, a opera\u00e7\u00e3o n\u00e3o estaria &#8220;plenamente constitu\u00edda&#8221;. &nbsp;<\/p>\n\n\n\n<p>Segundo a Procuradoria Federal, representante da reguladora, apenas o diretor-geral assinou o termo ainda no dia 10 de outubro. De acordo com a ANEEL, os termos foram inseridos no sistema \u00e0s 23h58. O diretor-geral da ag\u00eancia, Sandoval Feitosa, assinou \u00e0s 23h59. Marcelo Zanatta e Marcos Ferreira Costa, representantes da \u00c2mbar Energia, assinaram \u00e0 meia-noite em ponto e 1h15, respectivamente. J\u00e1 Orsine Oliveira e M\u00e1rcio Zimmermann, da Amazonas Energia, assinaram tr\u00eas e 15 minutos depois da meia-noite, respectivamente.<\/p>\n\n\n\n<p><strong>&#8220;M\u00e1-f\u00e9&#8221;<\/strong><br>No entendimento da \u00c2mbar, a MP era v\u00e1lida at\u00e9 11 de outubro de 2024, conforme a Constitui\u00e7\u00e3o Federal, que prev\u00ea 120 dias a partir da data de publica\u00e7\u00e3o,13 de junho de 2024. Contudo, ainda que o prazo correto fosse o dia 10 de outubro, &#8220;prevaleceria a assinatura da autoridade respons\u00e1vel pela aprova\u00e7\u00e3o, a Ag\u00eancia Nacional de Energia El\u00e9trica, que ocorreu \u00e0s 23:59:01&#8221;, disse a empresa em nota encaminhada \u00e0 imprensa.<\/p>\n\n\n\n<p>A \u00c2mbar ainda destaca que o documento foi disponibilizado para assinatura \u00e0s 23h58 do dia 10. Com isso, segundo a companhia, &#8220;estaria tamb\u00e9m configurada a m\u00e1-f\u00e9 da pr\u00f3pria ANEEL,&nbsp;ao inviabilizar a assinatura por todas as partes at\u00e9 a meia-noite&#8221;.&nbsp;<\/p>\n\n\n\n<p>&#8220;Registre-se que n\u00e3o acreditamos na m\u00e1-f\u00e9, mas que se trate de mero desencontro de informa\u00e7\u00f5es entre a diretoria geral que assinou o contrato e os procuradores da ag\u00eancia&#8221;, concluiu.&nbsp;<\/p>\n\n\n\n<p><strong>Respaldo administrativo&nbsp;<\/strong><br>A transfer\u00eancia assinada ocorreu com base em decis\u00e3o judicial, que obrigou o diretor-geral, Sandoval Feitosa, a autorizar a venda por meio de decis\u00e3o monocr\u00e1tica, nos termos pretendidos pela \u00c2mbar. Contudo, n\u00e3o h\u00e1 respaldo administrativo na ag\u00eancia que d\u00ea seguran\u00e7a \u00e0 opera\u00e7\u00e3o.&nbsp;<\/p>\n\n\n\n<p>Atualmente, o colegiado da ag\u00eancia aprovou a venda com custos de at\u00e9 R$ 8 bilh\u00f5es em flexibiliza\u00e7\u00f5es, n\u00e3o de R$ 14 bilh\u00f5es, como a \u00c2mbar pedia em sua proposta mais recente enviada \u00e0 reguladora.<\/p>\n","protected":false},"excerpt":{"rendered":"<p>Marisa Wanzeller, da\u00a0Ag\u00eancia iNFRA A \u00c2mbar Energia entrou com novo agravo na ANEEL (Ag\u00eancia Nacional de Energia El\u00e9trica), desta vez contra despachos do diretor-geral, Sandoval Feitosa, que extinguiu os processos sobre a venda da Amazonas Energia e a convers\u00e3o de contratos de t\u00e9rmicas em CERs (Contratos de Energia de Reserva).&nbsp; Sandoval concluiu que os objetos [&hellip;]<\/p>\n","protected":false},"author":1,"featured_media":18298,"comment_status":"closed","ping_status":"closed","sticky":false,"template":"","format":"standard","meta":{"_monsterinsights_skip_tracking":false,"_monsterinsights_sitenote_active":false,"_monsterinsights_sitenote_note":"","_monsterinsights_sitenote_category":0,"footnotes":""},"categories":[7250,1,10],"tags":[6800,6040,144,5481,53,22,7014,11501,5482,11500,10325,1984,7366,71,11502,5682,1026,7876,4766,11491],"class_list":["post-18875","post","type-post","status-publish","format-standard","has-post-thumbnail","hentry","category-destaque-lista","category-geral","category-infraenergia","tag-agnes-costa","tag-alexandre-silveira","tag-amazonas-energia","tag-ambar-energia","tag-aneel","tag-concessao","tag-fernando-mosna","tag-irmaos-batista","tag-jf","tag-jaiza-maria-pinto-fraxe","tag-joesley-batista","tag-leila-coimbra","tag-marisa-wanzeller","tag-mme","tag-mp-1-232","tag-ricardo-tili","tag-sandoval-feitosa","tag-transferencia-de-controle","tag-trf-1","tag-wesley-batista"],"yoast_head":"<!-- This site is optimized with the Yoast SEO Premium plugin v25.4 (Yoast SEO v26.0) - https:\/\/yoast.com\/wordpress\/plugins\/seo\/ -->\n<title>\u00c2mbar recorre contra extin\u00e7\u00e3o de processos da Amazonas Energia na ANEEL ap\u00f3s vencimento de MP - Ag\u00eancia iNFRA<\/title>\n<meta name=\"robots\" content=\"index, follow, max-snippet:-1, max-image-preview:large, max-video-preview:-1\" \/>\n<link rel=\"canonical\" href=\"https:\/\/agenciainfra.com\/blog\/ambar-recorre-contra-extincao-de-processos-da-amazonas-energia-na-aneel-apos-vencimento-de-mp\/\" \/>\n<meta property=\"og:locale\" content=\"pt_BR\" \/>\n<meta property=\"og:type\" content=\"article\" \/>\n<meta property=\"og:title\" content=\"\u00c2mbar recorre contra extin\u00e7\u00e3o de processos da Amazonas Energia na ANEEL ap\u00f3s vencimento de MP\" \/>\n<meta property=\"og:description\" content=\"Marisa Wanzeller, da\u00a0Ag\u00eancia iNFRA A \u00c2mbar Energia entrou com novo agravo na ANEEL (Ag\u00eancia Nacional de Energia El\u00e9trica), desta vez contra despachos do diretor-geral, Sandoval Feitosa, que extinguiu os processos sobre a venda da Amazonas Energia e a convers\u00e3o de contratos de t\u00e9rmicas em CERs (Contratos de Energia de Reserva).&nbsp; Sandoval concluiu que os objetos [&hellip;]\" \/>\n<meta property=\"og:url\" content=\"https:\/\/agenciainfra.com\/blog\/ambar-recorre-contra-extincao-de-processos-da-amazonas-energia-na-aneel-apos-vencimento-de-mp\/\" \/>\n<meta property=\"og:site_name\" content=\"Ag\u00eancia iNFRA\" \/>\n<meta property=\"article:publisher\" content=\"https:\/\/www.facebook.com\/ageninfra\" \/>\n<meta property=\"article:published_time\" content=\"2024-10-22T12:00:00+00:00\" \/>\n<meta property=\"article:modified_time\" content=\"2024-10-22T14:27:11+00:00\" \/>\n<meta property=\"og:image\" content=\"https:\/\/agenciainfra.com\/blog\/wp-content\/uploads\/2024\/08\/amazonas-energia-foto-ascom.jpeg\" \/>\n\t<meta property=\"og:image:width\" content=\"1202\" \/>\n\t<meta property=\"og:image:height\" content=\"801\" \/>\n\t<meta property=\"og:image:type\" content=\"image\/jpeg\" \/>\n<meta name=\"author\" content=\"Ag\u00eancia iNFRA\" \/>\n<meta name=\"twitter:card\" content=\"summary_large_image\" \/>\n<meta name=\"twitter:creator\" content=\"@agencia_infra\" \/>\n<meta name=\"twitter:site\" content=\"@agencia_infra\" \/>\n<meta name=\"twitter:label1\" content=\"Escrito por\" \/>\n\t<meta name=\"twitter:data1\" content=\"Ag\u00eancia iNFRA\" \/>\n\t<meta name=\"twitter:label2\" content=\"Est. tempo de leitura\" \/>\n\t<meta name=\"twitter:data2\" content=\"3 minutos\" \/>\n<script type=\"application\/ld+json\" class=\"yoast-schema-graph\">{\"@context\":\"https:\/\/schema.org\",\"@graph\":[{\"@type\":\"Article\",\"@id\":\"https:\/\/agenciainfra.com\/blog\/ambar-recorre-contra-extincao-de-processos-da-amazonas-energia-na-aneel-apos-vencimento-de-mp\/#article\",\"isPartOf\":{\"@id\":\"https:\/\/agenciainfra.com\/blog\/ambar-recorre-contra-extincao-de-processos-da-amazonas-energia-na-aneel-apos-vencimento-de-mp\/\"},\"author\":{\"name\":\"Ag\u00eancia iNFRA\",\"@id\":\"https:\/\/agenciainfra.com\/blog\/#\/schema\/person\/34af08dff6adea4cb22b06612ba7acfa\"},\"headline\":\"\u00c2mbar recorre contra extin\u00e7\u00e3o de processos da Amazonas Energia na ANEEL ap\u00f3s vencimento de MP\",\"datePublished\":\"2024-10-22T12:00:00+00:00\",\"dateModified\":\"2024-10-22T14:27:11+00:00\",\"mainEntityOfPage\":{\"@id\":\"https:\/\/agenciainfra.com\/blog\/ambar-recorre-contra-extincao-de-processos-da-amazonas-energia-na-aneel-apos-vencimento-de-mp\/\"},\"wordCount\":560,\"publisher\":{\"@id\":\"https:\/\/agenciainfra.com\/blog\/#organization\"},\"image\":{\"@id\":\"https:\/\/agenciainfra.com\/blog\/ambar-recorre-contra-extincao-de-processos-da-amazonas-energia-na-aneel-apos-vencimento-de-mp\/#primaryimage\"},\"thumbnailUrl\":\"https:\/\/agenciainfra.com\/blog\/wp-content\/uploads\/2024\/08\/amazonas-energia-foto-ascom.jpeg\",\"keywords\":[\"Agnes Costa\",\"Alexandre Silveira\",\"Amazonas Energia\",\"\u00c2mbar Energia\",\"ANEEL\",\"Concess\u00e3o\",\"Fernando Mosna\",\"irm\u00e3os batista\",\"J&amp;F\",\"Jaiza Maria Pinto Fraxe\",\"Joesley Batista\",\"Leila Coimbra\",\"Marisa Wanzeller\",\"MME\",\"MP 1.232\",\"Ricardo Tili\",\"Sandoval Feitosa\",\"transfer\u00eancia de controle\",\"TRF-1\",\"Wesley Batista\"],\"articleSection\":[\"Destaque lista\",\"Geral\",\"iNFRAEnergia\"],\"inLanguage\":\"pt-BR\",\"copyrightYear\":\"2024\",\"copyrightHolder\":{\"@id\":\"https:\/\/agenciainfra.com\/blog\/#organization\"}},{\"@type\":\"WebPage\",\"@id\":\"https:\/\/agenciainfra.com\/blog\/ambar-recorre-contra-extincao-de-processos-da-amazonas-energia-na-aneel-apos-vencimento-de-mp\/\",\"url\":\"https:\/\/agenciainfra.com\/blog\/ambar-recorre-contra-extincao-de-processos-da-amazonas-energia-na-aneel-apos-vencimento-de-mp\/\",\"name\":\"\u00c2mbar recorre contra extin\u00e7\u00e3o de processos da Amazonas Energia na ANEEL ap\u00f3s vencimento de MP - Ag\u00eancia iNFRA\",\"isPartOf\":{\"@id\":\"https:\/\/agenciainfra.com\/blog\/#website\"},\"primaryImageOfPage\":{\"@id\":\"https:\/\/agenciainfra.com\/blog\/ambar-recorre-contra-extincao-de-processos-da-amazonas-energia-na-aneel-apos-vencimento-de-mp\/#primaryimage\"},\"image\":{\"@id\":\"https:\/\/agenciainfra.com\/blog\/ambar-recorre-contra-extincao-de-processos-da-amazonas-energia-na-aneel-apos-vencimento-de-mp\/#primaryimage\"},\"thumbnailUrl\":\"https:\/\/agenciainfra.com\/blog\/wp-content\/uploads\/2024\/08\/amazonas-energia-foto-ascom.jpeg\",\"datePublished\":\"2024-10-22T12:00:00+00:00\",\"dateModified\":\"2024-10-22T14:27:11+00:00\",\"breadcrumb\":{\"@id\":\"https:\/\/agenciainfra.com\/blog\/ambar-recorre-contra-extincao-de-processos-da-amazonas-energia-na-aneel-apos-vencimento-de-mp\/#breadcrumb\"},\"inLanguage\":\"pt-BR\",\"potentialAction\":[{\"@type\":\"ReadAction\",\"target\":[\"https:\/\/agenciainfra.com\/blog\/ambar-recorre-contra-extincao-de-processos-da-amazonas-energia-na-aneel-apos-vencimento-de-mp\/\"]}]},{\"@type\":\"ImageObject\",\"inLanguage\":\"pt-BR\",\"@id\":\"https:\/\/agenciainfra.com\/blog\/ambar-recorre-contra-extincao-de-processos-da-amazonas-energia-na-aneel-apos-vencimento-de-mp\/#primaryimage\",\"url\":\"https:\/\/agenciainfra.com\/blog\/wp-content\/uploads\/2024\/08\/amazonas-energia-foto-ascom.jpeg\",\"contentUrl\":\"https:\/\/agenciainfra.com\/blog\/wp-content\/uploads\/2024\/08\/amazonas-energia-foto-ascom.jpeg\",\"width\":1202,\"height\":801,\"caption\":\"Foto: Amazonas Energia\"},{\"@type\":\"BreadcrumbList\",\"@id\":\"https:\/\/agenciainfra.com\/blog\/ambar-recorre-contra-extincao-de-processos-da-amazonas-energia-na-aneel-apos-vencimento-de-mp\/#breadcrumb\",\"itemListElement\":[{\"@type\":\"ListItem\",\"position\":1,\"name\":\"In\u00edcio\",\"item\":\"https:\/\/agenciainfra.com\/blog\/\"},{\"@type\":\"ListItem\",\"position\":2,\"name\":\"\u00c2mbar recorre contra extin\u00e7\u00e3o de processos da Amazonas Energia na ANEEL ap\u00f3s vencimento de MP\"}]},{\"@type\":\"WebSite\",\"@id\":\"https:\/\/agenciainfra.com\/blog\/#website\",\"url\":\"https:\/\/agenciainfra.com\/blog\/\",\"name\":\"Ag\u00eancia iNFRA\",\"description\":\"Multiplataforma de informa\u00e7\u00e3o jornal\u00edstica refer\u00eancia na \u00e1rea de infraestrutura no Brasil!\",\"publisher\":{\"@id\":\"https:\/\/agenciainfra.com\/blog\/#organization\"},\"potentialAction\":[{\"@type\":\"SearchAction\",\"target\":{\"@type\":\"EntryPoint\",\"urlTemplate\":\"https:\/\/agenciainfra.com\/blog\/?s={search_term_string}\"},\"query-input\":{\"@type\":\"PropertyValueSpecification\",\"valueRequired\":true,\"valueName\":\"search_term_string\"}}],\"inLanguage\":\"pt-BR\"},{\"@type\":\"Organization\",\"@id\":\"https:\/\/agenciainfra.com\/blog\/#organization\",\"name\":\"Ag\u00eancia iNFRA\",\"url\":\"https:\/\/agenciainfra.com\/blog\/\",\"logo\":{\"@type\":\"ImageObject\",\"inLanguage\":\"pt-BR\",\"@id\":\"https:\/\/agenciainfra.com\/blog\/#\/schema\/logo\/image\/\",\"url\":\"https:\/\/agenciainfra.com\/blog\/wp-content\/uploads\/2023\/09\/iNFRA_5-e1761735885940.png\",\"contentUrl\":\"https:\/\/agenciainfra.com\/blog\/wp-content\/uploads\/2023\/09\/iNFRA_5-e1761735885940.png\",\"width\":1672,\"height\":454,\"caption\":\"Ag\u00eancia iNFRA\"},\"image\":{\"@id\":\"https:\/\/agenciainfra.com\/blog\/#\/schema\/logo\/image\/\"},\"sameAs\":[\"https:\/\/www.facebook.com\/ageninfra\",\"https:\/\/x.com\/agencia_infra\",\"https:\/\/www.linkedin.com\/company\/ag\u00eanciainfra\/\",\"https:\/\/www.instagram.com\/agenciainfra\/\"]},{\"@type\":\"Person\",\"@id\":\"https:\/\/agenciainfra.com\/blog\/#\/schema\/person\/34af08dff6adea4cb22b06612ba7acfa\",\"name\":\"Ag\u00eancia iNFRA\",\"image\":{\"@type\":\"ImageObject\",\"inLanguage\":\"pt-BR\",\"@id\":\"https:\/\/agenciainfra.com\/blog\/#\/schema\/person\/image\/\",\"url\":\"https:\/\/secure.gravatar.com\/avatar\/d189e01678f06d8eb84d4e01f08eb848b3fffe3f8443818d3c356c66892f5be8?s=96&d=mm&r=g\",\"contentUrl\":\"https:\/\/secure.gravatar.com\/avatar\/d189e01678f06d8eb84d4e01f08eb848b3fffe3f8443818d3c356c66892f5be8?s=96&d=mm&r=g\",\"caption\":\"Ag\u00eancia iNFRA\"},\"url\":\"https:\/\/agenciainfra.com\/blog\/author\/admin\/\"}]}<\/script>\n<!-- \/ Yoast SEO Premium plugin. -->","yoast_head_json":{"title":"\u00c2mbar recorre contra extin\u00e7\u00e3o de processos da Amazonas Energia na ANEEL ap\u00f3s vencimento de MP - Ag\u00eancia iNFRA","robots":{"index":"index","follow":"follow","max-snippet":"max-snippet:-1","max-image-preview":"max-image-preview:large","max-video-preview":"max-video-preview:-1"},"canonical":"https:\/\/agenciainfra.com\/blog\/ambar-recorre-contra-extincao-de-processos-da-amazonas-energia-na-aneel-apos-vencimento-de-mp\/","og_locale":"pt_BR","og_type":"article","og_title":"\u00c2mbar recorre contra extin\u00e7\u00e3o de processos da Amazonas Energia na ANEEL ap\u00f3s vencimento de MP","og_description":"Marisa Wanzeller, da\u00a0Ag\u00eancia iNFRA A \u00c2mbar Energia entrou com novo agravo na ANEEL (Ag\u00eancia Nacional de Energia El\u00e9trica), desta vez contra despachos do diretor-geral, Sandoval Feitosa, que extinguiu os processos sobre a venda da Amazonas Energia e a convers\u00e3o de contratos de t\u00e9rmicas em CERs (Contratos de Energia de Reserva).&nbsp; Sandoval concluiu que os objetos [&hellip;]","og_url":"https:\/\/agenciainfra.com\/blog\/ambar-recorre-contra-extincao-de-processos-da-amazonas-energia-na-aneel-apos-vencimento-de-mp\/","og_site_name":"Ag\u00eancia iNFRA","article_publisher":"https:\/\/www.facebook.com\/ageninfra","article_published_time":"2024-10-22T12:00:00+00:00","article_modified_time":"2024-10-22T14:27:11+00:00","og_image":[{"width":1202,"height":801,"url":"https:\/\/agenciainfra.com\/blog\/wp-content\/uploads\/2024\/08\/amazonas-energia-foto-ascom.jpeg","type":"image\/jpeg"}],"author":"Ag\u00eancia iNFRA","twitter_card":"summary_large_image","twitter_creator":"@agencia_infra","twitter_site":"@agencia_infra","twitter_misc":{"Escrito por":"Ag\u00eancia iNFRA","Est. tempo de leitura":"3 minutos"},"schema":{"@context":"https:\/\/schema.org","@graph":[{"@type":"Article","@id":"https:\/\/agenciainfra.com\/blog\/ambar-recorre-contra-extincao-de-processos-da-amazonas-energia-na-aneel-apos-vencimento-de-mp\/#article","isPartOf":{"@id":"https:\/\/agenciainfra.com\/blog\/ambar-recorre-contra-extincao-de-processos-da-amazonas-energia-na-aneel-apos-vencimento-de-mp\/"},"author":{"name":"Ag\u00eancia iNFRA","@id":"https:\/\/agenciainfra.com\/blog\/#\/schema\/person\/34af08dff6adea4cb22b06612ba7acfa"},"headline":"\u00c2mbar recorre contra extin\u00e7\u00e3o de processos da Amazonas Energia na ANEEL ap\u00f3s vencimento de MP","datePublished":"2024-10-22T12:00:00+00:00","dateModified":"2024-10-22T14:27:11+00:00","mainEntityOfPage":{"@id":"https:\/\/agenciainfra.com\/blog\/ambar-recorre-contra-extincao-de-processos-da-amazonas-energia-na-aneel-apos-vencimento-de-mp\/"},"wordCount":560,"publisher":{"@id":"https:\/\/agenciainfra.com\/blog\/#organization"},"image":{"@id":"https:\/\/agenciainfra.com\/blog\/ambar-recorre-contra-extincao-de-processos-da-amazonas-energia-na-aneel-apos-vencimento-de-mp\/#primaryimage"},"thumbnailUrl":"https:\/\/agenciainfra.com\/blog\/wp-content\/uploads\/2024\/08\/amazonas-energia-foto-ascom.jpeg","keywords":["Agnes Costa","Alexandre Silveira","Amazonas Energia","\u00c2mbar Energia","ANEEL","Concess\u00e3o","Fernando Mosna","irm\u00e3os batista","J&amp;F","Jaiza Maria Pinto Fraxe","Joesley Batista","Leila Coimbra","Marisa Wanzeller","MME","MP 1.232","Ricardo Tili","Sandoval Feitosa","transfer\u00eancia de controle","TRF-1","Wesley Batista"],"articleSection":["Destaque lista","Geral","iNFRAEnergia"],"inLanguage":"pt-BR","copyrightYear":"2024","copyrightHolder":{"@id":"https:\/\/agenciainfra.com\/blog\/#organization"}},{"@type":"WebPage","@id":"https:\/\/agenciainfra.com\/blog\/ambar-recorre-contra-extincao-de-processos-da-amazonas-energia-na-aneel-apos-vencimento-de-mp\/","url":"https:\/\/agenciainfra.com\/blog\/ambar-recorre-contra-extincao-de-processos-da-amazonas-energia-na-aneel-apos-vencimento-de-mp\/","name":"\u00c2mbar recorre contra extin\u00e7\u00e3o de processos da Amazonas Energia na ANEEL ap\u00f3s vencimento de MP - Ag\u00eancia iNFRA","isPartOf":{"@id":"https:\/\/agenciainfra.com\/blog\/#website"},"primaryImageOfPage":{"@id":"https:\/\/agenciainfra.com\/blog\/ambar-recorre-contra-extincao-de-processos-da-amazonas-energia-na-aneel-apos-vencimento-de-mp\/#primaryimage"},"image":{"@id":"https:\/\/agenciainfra.com\/blog\/ambar-recorre-contra-extincao-de-processos-da-amazonas-energia-na-aneel-apos-vencimento-de-mp\/#primaryimage"},"thumbnailUrl":"https:\/\/agenciainfra.com\/blog\/wp-content\/uploads\/2024\/08\/amazonas-energia-foto-ascom.jpeg","datePublished":"2024-10-22T12:00:00+00:00","dateModified":"2024-10-22T14:27:11+00:00","breadcrumb":{"@id":"https:\/\/agenciainfra.com\/blog\/ambar-recorre-contra-extincao-de-processos-da-amazonas-energia-na-aneel-apos-vencimento-de-mp\/#breadcrumb"},"inLanguage":"pt-BR","potentialAction":[{"@type":"ReadAction","target":["https:\/\/agenciainfra.com\/blog\/ambar-recorre-contra-extincao-de-processos-da-amazonas-energia-na-aneel-apos-vencimento-de-mp\/"]}]},{"@type":"ImageObject","inLanguage":"pt-BR","@id":"https:\/\/agenciainfra.com\/blog\/ambar-recorre-contra-extincao-de-processos-da-amazonas-energia-na-aneel-apos-vencimento-de-mp\/#primaryimage","url":"https:\/\/agenciainfra.com\/blog\/wp-content\/uploads\/2024\/08\/amazonas-energia-foto-ascom.jpeg","contentUrl":"https:\/\/agenciainfra.com\/blog\/wp-content\/uploads\/2024\/08\/amazonas-energia-foto-ascom.jpeg","width":1202,"height":801,"caption":"Foto: Amazonas Energia"},{"@type":"BreadcrumbList","@id":"https:\/\/agenciainfra.com\/blog\/ambar-recorre-contra-extincao-de-processos-da-amazonas-energia-na-aneel-apos-vencimento-de-mp\/#breadcrumb","itemListElement":[{"@type":"ListItem","position":1,"name":"In\u00edcio","item":"https:\/\/agenciainfra.com\/blog\/"},{"@type":"ListItem","position":2,"name":"\u00c2mbar recorre contra extin\u00e7\u00e3o de processos da Amazonas Energia na ANEEL ap\u00f3s vencimento de MP"}]},{"@type":"WebSite","@id":"https:\/\/agenciainfra.com\/blog\/#website","url":"https:\/\/agenciainfra.com\/blog\/","name":"Ag\u00eancia iNFRA","description":"Multiplataforma de informa\u00e7\u00e3o jornal\u00edstica refer\u00eancia na \u00e1rea de infraestrutura no Brasil!","publisher":{"@id":"https:\/\/agenciainfra.com\/blog\/#organization"},"potentialAction":[{"@type":"SearchAction","target":{"@type":"EntryPoint","urlTemplate":"https:\/\/agenciainfra.com\/blog\/?s={search_term_string}"},"query-input":{"@type":"PropertyValueSpecification","valueRequired":true,"valueName":"search_term_string"}}],"inLanguage":"pt-BR"},{"@type":"Organization","@id":"https:\/\/agenciainfra.com\/blog\/#organization","name":"Ag\u00eancia iNFRA","url":"https:\/\/agenciainfra.com\/blog\/","logo":{"@type":"ImageObject","inLanguage":"pt-BR","@id":"https:\/\/agenciainfra.com\/blog\/#\/schema\/logo\/image\/","url":"https:\/\/agenciainfra.com\/blog\/wp-content\/uploads\/2023\/09\/iNFRA_5-e1761735885940.png","contentUrl":"https:\/\/agenciainfra.com\/blog\/wp-content\/uploads\/2023\/09\/iNFRA_5-e1761735885940.png","width":1672,"height":454,"caption":"Ag\u00eancia iNFRA"},"image":{"@id":"https:\/\/agenciainfra.com\/blog\/#\/schema\/logo\/image\/"},"sameAs":["https:\/\/www.facebook.com\/ageninfra","https:\/\/x.com\/agencia_infra","https:\/\/www.linkedin.com\/company\/ag\u00eanciainfra\/","https:\/\/www.instagram.com\/agenciainfra\/"]},{"@type":"Person","@id":"https:\/\/agenciainfra.com\/blog\/#\/schema\/person\/34af08dff6adea4cb22b06612ba7acfa","name":"Ag\u00eancia iNFRA","image":{"@type":"ImageObject","inLanguage":"pt-BR","@id":"https:\/\/agenciainfra.com\/blog\/#\/schema\/person\/image\/","url":"https:\/\/secure.gravatar.com\/avatar\/d189e01678f06d8eb84d4e01f08eb848b3fffe3f8443818d3c356c66892f5be8?s=96&d=mm&r=g","contentUrl":"https:\/\/secure.gravatar.com\/avatar\/d189e01678f06d8eb84d4e01f08eb848b3fffe3f8443818d3c356c66892f5be8?s=96&d=mm&r=g","caption":"Ag\u00eancia iNFRA"},"url":"https:\/\/agenciainfra.com\/blog\/author\/admin\/"}]}},"_links":{"self":[{"href":"https:\/\/agenciainfra.com\/blog\/wp-json\/wp\/v2\/posts\/18875","targetHints":{"allow":["GET"]}}],"collection":[{"href":"https:\/\/agenciainfra.com\/blog\/wp-json\/wp\/v2\/posts"}],"about":[{"href":"https:\/\/agenciainfra.com\/blog\/wp-json\/wp\/v2\/types\/post"}],"author":[{"embeddable":true,"href":"https:\/\/agenciainfra.com\/blog\/wp-json\/wp\/v2\/users\/1"}],"replies":[{"embeddable":true,"href":"https:\/\/agenciainfra.com\/blog\/wp-json\/wp\/v2\/comments?post=18875"}],"version-history":[{"count":1,"href":"https:\/\/agenciainfra.com\/blog\/wp-json\/wp\/v2\/posts\/18875\/revisions"}],"predecessor-version":[{"id":18876,"href":"https:\/\/agenciainfra.com\/blog\/wp-json\/wp\/v2\/posts\/18875\/revisions\/18876"}],"wp:featuredmedia":[{"embeddable":true,"href":"https:\/\/agenciainfra.com\/blog\/wp-json\/wp\/v2\/media\/18298"}],"wp:attachment":[{"href":"https:\/\/agenciainfra.com\/blog\/wp-json\/wp\/v2\/media?parent=18875"}],"wp:term":[{"taxonomy":"category","embeddable":true,"href":"https:\/\/agenciainfra.com\/blog\/wp-json\/wp\/v2\/categories?post=18875"},{"taxonomy":"post_tag","embeddable":true,"href":"https:\/\/agenciainfra.com\/blog\/wp-json\/wp\/v2\/tags?post=18875"}],"curies":[{"name":"wp","href":"https:\/\/api.w.org\/{rel}","templated":true}]}}