{"id":18879,"date":"2024-10-22T15:00:00","date_gmt":"2024-10-22T18:00:00","guid":{"rendered":"https:\/\/agenciainfra.com\/blog\/?p=18879"},"modified":"2024-10-24T12:28:34","modified_gmt":"2024-10-24T15:28:34","slug":"nova-aquisicao-consolida-verticalizacao-no-setor-de-conteiner-e-pressiona-porto-de-santos-e-ampliar-capacidade","status":"publish","type":"post","link":"https:\/\/agenciainfra.com\/blog\/nova-aquisicao-consolida-verticalizacao-no-setor-de-conteiner-e-pressiona-porto-de-santos-e-ampliar-capacidade\/","title":{"rendered":"Nova aquisi\u00e7\u00e3o consolida verticaliza\u00e7\u00e3o no setor de cont\u00eainer e pressiona porto de Santos e ampliar capacidade"},"content":{"rendered":"\n<p class=\"has-text-align-right\"><strong>Dimmi Amora, da Ag\u00eancia iNFRA<\/strong><\/p>\n\n\n\n<p>Uma nova transa\u00e7\u00e3o bilion\u00e1ria no mercado de cont\u00eaineres no Brasil ampliou a concentra\u00e7\u00e3o dos tr\u00eas principais armadores mundiais no mercado brasileiro e tende a aumentar a press\u00e3o para que o porto de Santos (SP) amplie a sua capacidade para movimentar esse tipo de carga.<\/p>\n\n\n\n<p>Numa opera\u00e7\u00e3o anunciada na madrugada da \u00faltima segunda-feira (21), estimada na casa dos R$ 5 bilh\u00f5es, a MSC, maior operadora de navios de cont\u00eaineres do mundo e que controla terminais portu\u00e1rios atrav\u00e9s da sua subsidi\u00e1ria TiL, comprou a Wilson Sons, uma companhia tradicional do pa\u00eds\u00a0que opera em alguns segmentos da navega\u00e7\u00e3o e da log\u00edstica, especialmente dois terminais de cont\u00eaineres, em Salvador (BA) e Rio Grande (RS).<\/p>\n\n\n\n<p>A opera\u00e7\u00e3o, que passar\u00e1 por avalia\u00e7\u00e3o de autoridades e deve se concretizar em 2025, acontece semanas depois de a terceira maior operadora de cont\u00eaineres no mundo, a CMA CGM, anunciar a compra da Santos Brasil, controladora do maior terminal de cont\u00eaineres do porto de Santos (SP), que a MSC vinha tentando h\u00e1 anos adquirir.<\/p>\n\n\n\n<p>&#8220;O mundo est\u00e1 ampliando cada vez mais os investimentos no Brasil. Foram duas aquisi\u00e7\u00f5es com quase R$ 20 bilh\u00f5es em investimentos&#8221;, disse o ministro de Portos e Aeroportos, Silvio Costa Filho. &#8220;Vamos continuar trabalhando para ampliar cada vez mais esses investimentos no Brasil.&#8221;<\/p>\n\n\n\n<p>Silvio Costa Filho reiterou ainda a meta anunciada no ano passado de realizar 39 arrendamentos portu\u00e1rios e quatro concess\u00f5es de canal at\u00e9 o final de 2026, o que, somado ao que j\u00e1 foi leiloado desde o in\u00edcio do governo Lula, resultar\u00e1 em 58 parcerias licitadas, n\u00famero que somado \u00e9 superior ao que foi realizado entre 2013 e 2022.<\/p>\n\n\n\n<p>Com a aquisi\u00e7\u00e3o da Santos Brasil e da Wilson Sons, praticamente todos os grandes terminais portu\u00e1rios do pa\u00eds passam a estar sob o controle dos armadores, numa tend\u00eancia de verticaliza\u00e7\u00e3o do setor que tem sido observada em v\u00e1rias partes do mundo.&nbsp;<\/p>\n\n\n\n<p>No Brasil, esse modelo vinha sendo duramente combatido pela Santos Brasil at\u00e9 a aquisi\u00e7\u00e3o pela CMA CGM, que, at\u00e9 o momento, n\u00e3o se posicionou sobre esse tema. A Santos Brasil, que pertencia ent\u00e3o ao Grupo Opportunity, alegava que havia pr\u00e1ticas anticoncorrenciais nas a\u00e7\u00f5es das empresas de navega\u00e7\u00e3o que controlavam outro terminal em Santos.<\/p>\n\n\n\n<p>Com a CMA CGM operando o maior terminal do porto paulista, e que ainda tem algum espa\u00e7o para movimentar essas cargas, a situa\u00e7\u00e3o da MSC e da segunda colocada, a Maersk, pode ficar ainda mais desconfort\u00e1vel no maior porto do pa\u00eds, onde ambas alegam falta de capacidade.<\/p>\n\n\n\n<p>Apesar de armadores e terminais terem contratos de longo prazo, a avalia\u00e7\u00e3o \u00e9 que a CMA CGM tenha planos para ampliar suas opera\u00e7\u00f5es aqui, o que pode tirar o espa\u00e7o das duas maiores operadoras atuais no terminal da Santos Brasil.<\/p>\n\n\n\n<p>Em Santos, MSC e Maersk s\u00e3o s\u00f3cias no segundo maior terminal, o BTP, que \u00e9 atualmente o mais ocupado dos tr\u00eas e cuja amplia\u00e7\u00e3o deve levar algum tempo (o terceiro, a DPW, \u00e9 de uma empresa internacional sem s\u00f3cios no setor de navega\u00e7\u00e3o, e tamb\u00e9m tem operado mais pr\u00f3xima dos limites).<\/p>\n\n\n\n<p><strong>Pedidos pelo STS10<\/strong><br>H\u00e1 alguns anos, as empresas de navega\u00e7\u00e3o pedem que o porto de Santos licite um nova \u00e1rea para cont\u00eaineres, que ficou conhecida como STS10, e alegam que os atrasos nesse processo, e tamb\u00e9m a demora em ampliar a profundidade do canal de acesso dos navios, levam o porto a uma situa\u00e7\u00e3o de &#8220;colapso&#8221;, com aumento de custos para os consumidores.<\/p>\n\n\n\n<p>Na atual gest\u00e3o da autoridade portu\u00e1ria local, havia um direcionamento para n\u00e3o licitar somente para cont\u00eaineres a \u00e1rea onde o STS10 est\u00e1, dividindo o local em v\u00e1rios projetos. Mas uma interven\u00e7\u00e3o da Casa Civil da Presid\u00eancia da Rep\u00fablica fez com que essa ideia fosse abortada e foi anunciado pelo Minist\u00e9rio de Portos e Aeroportos o leil\u00e3o do STS10 para 2025.<\/p>\n\n\n\n<p>A avalia\u00e7\u00e3o de um agente do mercado \u00e9 de que o porto de Santos, por ser o que est\u00e1 localizado na regi\u00e3o de maior PIB do pa\u00eds, n\u00e3o tem se preocupado em expandir sua \u00e1rea ou melhorar seu atendimento, acreditando que ter\u00e1 sempre a prefer\u00eancia dos navios pela maior demanda dos clientes.<\/p>\n\n\n\n<p><strong>Mudan\u00e7as no mercado<\/strong><br>Mas as mudan\u00e7as no mercado de navega\u00e7\u00e3o, com a amplia\u00e7\u00e3o do tamanho dos navios de cont\u00eaineres e a necessidade de que eles sejam menos poluentes para cumprir com metas de descarboniza\u00e7\u00e3o, podem fazer com que Santos se torne caro e pouco atraente para essa nova ind\u00fastria que no mundo inteiro vem se organizando por hubs.<\/p>\n\n\n\n<p>Em breve, segundo uma fonte, a costa leste da Am\u00e9rica do Sul ser\u00e1 a \u00fanica regi\u00e3o no mundo sem esse tipo de porto, que se caracteriza por uma enorme capacidade de armazenamento de cont\u00eaineres e capacidade para a recep\u00e7\u00e3o de grandes navios, especialmente a profundidade do canal.&nbsp;<\/p>\n\n\n\n<p>Esses grandes navios, capazes de levar entre 14 e 20 mil cont\u00eaineres de uma vez, fazem suas cargas e descargas nos hubs, onde navios menores pegam ou depositam os cont\u00eaineres para os portos de menor porte. Santos atualmente s\u00f3 tem capacidade para operar navios de menor porte, seja pela profundidade do canal, seja pela falta de espa\u00e7o nos terminais.<\/p>\n\n\n\n<p><strong>Conta pode mudar<\/strong><br>Mas outros portos na costa brasileira conseguem ter profundidades naturais para navios maiores, como \u00e9 o caso de Salvador e Rio Grande, por exemplo, agora em poder da MSC. Em entrevista recente \u00e0&nbsp;<strong>Ag\u00eancia iNFRA<\/strong>, o diretor do terminal afirmou que vem trabalhando para tornar a \u00e1rea um hub port.<\/p>\n\n\n\n<p>A Maersk tamb\u00e9m adquiriu recentemente uma \u00e1rea no Porto de Suape (PE), tamb\u00e9m com canal com grande profundidade, e est\u00e1 criando um novo terminal de cont\u00eaineres na regi\u00e3o. Portos no Rio de Janeiro, Santa Catarina e Paran\u00e1 tamb\u00e9m buscam ampliar suas capacidades para atrair os grandes navios, o que n\u00e3o&nbsp;\u00e9 simples, visto que alguns est\u00e3o em \u00e1reas de dif\u00edcil expans\u00e3o, por exemplo.<\/p>\n\n\n\n<p>As vantagens econ\u00f4micas de Santos para ser o grande hub da costa leste da Am\u00e9rica do Sul, inclusive com capacidade para receber toda a carga de Argentina e Uruguai, s\u00e3o enormes, na avalia\u00e7\u00e3o de um agente. Mas, se nada for feito, essa conta pode mudar rapidamente.<\/p>\n","protected":false},"excerpt":{"rendered":"<p>Dimmi Amora, da Ag\u00eancia iNFRA Uma nova transa\u00e7\u00e3o bilion\u00e1ria no mercado de cont\u00eaineres no Brasil ampliou a concentra\u00e7\u00e3o dos tr\u00eas principais armadores mundiais no mercado brasileiro e tende a aumentar a press\u00e3o para que o porto de Santos (SP) amplie a sua capacidade para movimentar esse tipo de carga. Numa opera\u00e7\u00e3o anunciada na madrugada da [&hellip;]<\/p>\n","protected":false},"author":1,"featured_media":5956,"comment_status":"closed","ping_status":"closed","sticky":false,"template":"","format":"standard","meta":{"_monsterinsights_skip_tracking":false,"_monsterinsights_sitenote_active":false,"_monsterinsights_sitenote_note":"","_monsterinsights_sitenote_category":0,"footnotes":""},"categories":[7248,1,7],"tags":[11583,873,1299,1057,6257,6919,5457,260,310,7467,4101,4451,816,70,2726,4767],"class_list":["post-18879","post","type-post","status-publish","format-standard","has-post-thumbnail","hentry","category-cabecalho","category-geral","category-infratransporte","tag-cma-ggm","tag-conteineres","tag-dimmi-amora","tag-maersk","tag-ministerio-de-portos-e-aeroportos","tag-mpor","tag-msc","tag-porto-de-santos","tag-portos","tag-silvio-costa-filho","tag-sts10","tag-til","tag-transporte-aquaviario","tag-transportes","tag-verticalizacao","tag-wilson-sons"],"yoast_head":"<!-- This site is optimized with the Yoast SEO Premium plugin v25.4 (Yoast SEO v26.0) - https:\/\/yoast.com\/wordpress\/plugins\/seo\/ -->\n<title>Nova aquisi\u00e7\u00e3o consolida verticaliza\u00e7\u00e3o no setor de cont\u00eainer e pressiona porto de Santos e ampliar capacidade - Ag\u00eancia iNFRA<\/title>\n<meta name=\"robots\" content=\"index, follow, max-snippet:-1, max-image-preview:large, max-video-preview:-1\" \/>\n<link rel=\"canonical\" href=\"https:\/\/agenciainfra.com\/blog\/nova-aquisicao-consolida-verticalizacao-no-setor-de-conteiner-e-pressiona-porto-de-santos-e-ampliar-capacidade\/\" \/>\n<meta property=\"og:locale\" content=\"pt_BR\" \/>\n<meta property=\"og:type\" content=\"article\" \/>\n<meta property=\"og:title\" content=\"Nova aquisi\u00e7\u00e3o consolida verticaliza\u00e7\u00e3o no setor de cont\u00eainer e pressiona porto de Santos e ampliar capacidade\" \/>\n<meta property=\"og:description\" content=\"Dimmi Amora, da Ag\u00eancia iNFRA Uma nova transa\u00e7\u00e3o bilion\u00e1ria no mercado de cont\u00eaineres no Brasil ampliou a concentra\u00e7\u00e3o dos tr\u00eas principais armadores mundiais no mercado brasileiro e tende a aumentar a press\u00e3o para que o porto de Santos (SP) amplie a sua capacidade para movimentar esse tipo de carga. Numa opera\u00e7\u00e3o anunciada na madrugada da [&hellip;]\" \/>\n<meta property=\"og:url\" content=\"https:\/\/agenciainfra.com\/blog\/nova-aquisicao-consolida-verticalizacao-no-setor-de-conteiner-e-pressiona-porto-de-santos-e-ampliar-capacidade\/\" \/>\n<meta property=\"og:site_name\" content=\"Ag\u00eancia iNFRA\" \/>\n<meta property=\"article:publisher\" content=\"https:\/\/www.facebook.com\/ageninfra\" \/>\n<meta property=\"article:published_time\" content=\"2024-10-22T18:00:00+00:00\" \/>\n<meta property=\"article:modified_time\" content=\"2024-10-24T15:28:34+00:00\" \/>\n<meta property=\"og:image\" content=\"https:\/\/agenciainfra.com\/blog\/wp-content\/uploads\/2020\/09\/navio-porto-conteineres-foto-claudio-neves-portos-do-parana.jpg\" \/>\n\t<meta property=\"og:image:width\" content=\"1280\" \/>\n\t<meta property=\"og:image:height\" content=\"853\" \/>\n\t<meta property=\"og:image:type\" content=\"image\/jpeg\" \/>\n<meta name=\"author\" content=\"Ag\u00eancia iNFRA\" \/>\n<meta name=\"twitter:card\" content=\"summary_large_image\" \/>\n<meta name=\"twitter:creator\" content=\"@agencia_infra\" \/>\n<meta name=\"twitter:site\" content=\"@agencia_infra\" \/>\n<meta name=\"twitter:label1\" content=\"Escrito por\" \/>\n\t<meta name=\"twitter:data1\" content=\"Ag\u00eancia iNFRA\" \/>\n\t<meta name=\"twitter:label2\" content=\"Est. tempo de leitura\" \/>\n\t<meta name=\"twitter:data2\" content=\"5 minutos\" \/>\n<script type=\"application\/ld+json\" class=\"yoast-schema-graph\">{\"@context\":\"https:\/\/schema.org\",\"@graph\":[{\"@type\":\"Article\",\"@id\":\"https:\/\/agenciainfra.com\/blog\/nova-aquisicao-consolida-verticalizacao-no-setor-de-conteiner-e-pressiona-porto-de-santos-e-ampliar-capacidade\/#article\",\"isPartOf\":{\"@id\":\"https:\/\/agenciainfra.com\/blog\/nova-aquisicao-consolida-verticalizacao-no-setor-de-conteiner-e-pressiona-porto-de-santos-e-ampliar-capacidade\/\"},\"author\":{\"name\":\"Ag\u00eancia iNFRA\",\"@id\":\"https:\/\/agenciainfra.com\/blog\/#\/schema\/person\/34af08dff6adea4cb22b06612ba7acfa\"},\"headline\":\"Nova aquisi\u00e7\u00e3o consolida verticaliza\u00e7\u00e3o no setor de cont\u00eainer e pressiona porto de Santos e ampliar capacidade\",\"datePublished\":\"2024-10-22T18:00:00+00:00\",\"dateModified\":\"2024-10-24T15:28:34+00:00\",\"mainEntityOfPage\":{\"@id\":\"https:\/\/agenciainfra.com\/blog\/nova-aquisicao-consolida-verticalizacao-no-setor-de-conteiner-e-pressiona-porto-de-santos-e-ampliar-capacidade\/\"},\"wordCount\":1108,\"publisher\":{\"@id\":\"https:\/\/agenciainfra.com\/blog\/#organization\"},\"image\":{\"@id\":\"https:\/\/agenciainfra.com\/blog\/nova-aquisicao-consolida-verticalizacao-no-setor-de-conteiner-e-pressiona-porto-de-santos-e-ampliar-capacidade\/#primaryimage\"},\"thumbnailUrl\":\"https:\/\/agenciainfra.com\/blog\/wp-content\/uploads\/2020\/09\/navio-porto-conteineres-foto-claudio-neves-portos-do-parana.jpg\",\"keywords\":[\"CMA GGM\",\"cont\u00eaineres\",\"Dimmi Amora\",\"Maersk\",\"Minist\u00e9rio de Portos e Aeroportos\",\"MPor\",\"MSC\",\"Porto de Santos\",\"portos\",\"Silvio Costa Filho\",\"STS10\",\"TiL\",\"transporte aquavi\u00e1rio\",\"transportes\",\"verticaliza\u00e7\u00e3o\",\"Wilson Sons\"],\"articleSection\":[\"Cabe\u00e7alho\",\"Geral\",\"iNFRATransporte\"],\"inLanguage\":\"pt-BR\",\"copyrightYear\":\"2024\",\"copyrightHolder\":{\"@id\":\"https:\/\/agenciainfra.com\/blog\/#organization\"}},{\"@type\":\"WebPage\",\"@id\":\"https:\/\/agenciainfra.com\/blog\/nova-aquisicao-consolida-verticalizacao-no-setor-de-conteiner-e-pressiona-porto-de-santos-e-ampliar-capacidade\/\",\"url\":\"https:\/\/agenciainfra.com\/blog\/nova-aquisicao-consolida-verticalizacao-no-setor-de-conteiner-e-pressiona-porto-de-santos-e-ampliar-capacidade\/\",\"name\":\"Nova aquisi\u00e7\u00e3o consolida verticaliza\u00e7\u00e3o no setor de cont\u00eainer e pressiona porto de Santos e ampliar capacidade - Ag\u00eancia iNFRA\",\"isPartOf\":{\"@id\":\"https:\/\/agenciainfra.com\/blog\/#website\"},\"primaryImageOfPage\":{\"@id\":\"https:\/\/agenciainfra.com\/blog\/nova-aquisicao-consolida-verticalizacao-no-setor-de-conteiner-e-pressiona-porto-de-santos-e-ampliar-capacidade\/#primaryimage\"},\"image\":{\"@id\":\"https:\/\/agenciainfra.com\/blog\/nova-aquisicao-consolida-verticalizacao-no-setor-de-conteiner-e-pressiona-porto-de-santos-e-ampliar-capacidade\/#primaryimage\"},\"thumbnailUrl\":\"https:\/\/agenciainfra.com\/blog\/wp-content\/uploads\/2020\/09\/navio-porto-conteineres-foto-claudio-neves-portos-do-parana.jpg\",\"datePublished\":\"2024-10-22T18:00:00+00:00\",\"dateModified\":\"2024-10-24T15:28:34+00:00\",\"breadcrumb\":{\"@id\":\"https:\/\/agenciainfra.com\/blog\/nova-aquisicao-consolida-verticalizacao-no-setor-de-conteiner-e-pressiona-porto-de-santos-e-ampliar-capacidade\/#breadcrumb\"},\"inLanguage\":\"pt-BR\",\"potentialAction\":[{\"@type\":\"ReadAction\",\"target\":[\"https:\/\/agenciainfra.com\/blog\/nova-aquisicao-consolida-verticalizacao-no-setor-de-conteiner-e-pressiona-porto-de-santos-e-ampliar-capacidade\/\"]}]},{\"@type\":\"ImageObject\",\"inLanguage\":\"pt-BR\",\"@id\":\"https:\/\/agenciainfra.com\/blog\/nova-aquisicao-consolida-verticalizacao-no-setor-de-conteiner-e-pressiona-porto-de-santos-e-ampliar-capacidade\/#primaryimage\",\"url\":\"https:\/\/agenciainfra.com\/blog\/wp-content\/uploads\/2020\/09\/navio-porto-conteineres-foto-claudio-neves-portos-do-parana.jpg\",\"contentUrl\":\"https:\/\/agenciainfra.com\/blog\/wp-content\/uploads\/2020\/09\/navio-porto-conteineres-foto-claudio-neves-portos-do-parana.jpg\",\"width\":1280,\"height\":853,\"caption\":\"Foto: Cl\u00e1udio Neves\/Portos do Paran\u00e1\"},{\"@type\":\"BreadcrumbList\",\"@id\":\"https:\/\/agenciainfra.com\/blog\/nova-aquisicao-consolida-verticalizacao-no-setor-de-conteiner-e-pressiona-porto-de-santos-e-ampliar-capacidade\/#breadcrumb\",\"itemListElement\":[{\"@type\":\"ListItem\",\"position\":1,\"name\":\"In\u00edcio\",\"item\":\"https:\/\/agenciainfra.com\/blog\/\"},{\"@type\":\"ListItem\",\"position\":2,\"name\":\"Nova aquisi\u00e7\u00e3o consolida verticaliza\u00e7\u00e3o no setor de cont\u00eainer e pressiona porto de Santos e ampliar capacidade\"}]},{\"@type\":\"WebSite\",\"@id\":\"https:\/\/agenciainfra.com\/blog\/#website\",\"url\":\"https:\/\/agenciainfra.com\/blog\/\",\"name\":\"Ag\u00eancia iNFRA\",\"description\":\"Multiplataforma de informa\u00e7\u00e3o jornal\u00edstica refer\u00eancia na \u00e1rea de infraestrutura no Brasil!\",\"publisher\":{\"@id\":\"https:\/\/agenciainfra.com\/blog\/#organization\"},\"potentialAction\":[{\"@type\":\"SearchAction\",\"target\":{\"@type\":\"EntryPoint\",\"urlTemplate\":\"https:\/\/agenciainfra.com\/blog\/?s={search_term_string}\"},\"query-input\":{\"@type\":\"PropertyValueSpecification\",\"valueRequired\":true,\"valueName\":\"search_term_string\"}}],\"inLanguage\":\"pt-BR\"},{\"@type\":\"Organization\",\"@id\":\"https:\/\/agenciainfra.com\/blog\/#organization\",\"name\":\"Ag\u00eancia iNFRA\",\"url\":\"https:\/\/agenciainfra.com\/blog\/\",\"logo\":{\"@type\":\"ImageObject\",\"inLanguage\":\"pt-BR\",\"@id\":\"https:\/\/agenciainfra.com\/blog\/#\/schema\/logo\/image\/\",\"url\":\"https:\/\/agenciainfra.com\/blog\/wp-content\/uploads\/2023\/09\/iNFRA_5-e1761735885940.png\",\"contentUrl\":\"https:\/\/agenciainfra.com\/blog\/wp-content\/uploads\/2023\/09\/iNFRA_5-e1761735885940.png\",\"width\":1672,\"height\":454,\"caption\":\"Ag\u00eancia iNFRA\"},\"image\":{\"@id\":\"https:\/\/agenciainfra.com\/blog\/#\/schema\/logo\/image\/\"},\"sameAs\":[\"https:\/\/www.facebook.com\/ageninfra\",\"https:\/\/x.com\/agencia_infra\",\"https:\/\/www.linkedin.com\/company\/ag\u00eanciainfra\/\",\"https:\/\/www.instagram.com\/agenciainfra\/\"]},{\"@type\":\"Person\",\"@id\":\"https:\/\/agenciainfra.com\/blog\/#\/schema\/person\/34af08dff6adea4cb22b06612ba7acfa\",\"name\":\"Ag\u00eancia iNFRA\",\"image\":{\"@type\":\"ImageObject\",\"inLanguage\":\"pt-BR\",\"@id\":\"https:\/\/agenciainfra.com\/blog\/#\/schema\/person\/image\/\",\"url\":\"https:\/\/secure.gravatar.com\/avatar\/d189e01678f06d8eb84d4e01f08eb848b3fffe3f8443818d3c356c66892f5be8?s=96&d=mm&r=g\",\"contentUrl\":\"https:\/\/secure.gravatar.com\/avatar\/d189e01678f06d8eb84d4e01f08eb848b3fffe3f8443818d3c356c66892f5be8?s=96&d=mm&r=g\",\"caption\":\"Ag\u00eancia iNFRA\"},\"url\":\"https:\/\/agenciainfra.com\/blog\/author\/admin\/\"}]}<\/script>\n<!-- \/ Yoast SEO Premium plugin. -->","yoast_head_json":{"title":"Nova aquisi\u00e7\u00e3o consolida verticaliza\u00e7\u00e3o no setor de cont\u00eainer e pressiona porto de Santos e ampliar capacidade - Ag\u00eancia iNFRA","robots":{"index":"index","follow":"follow","max-snippet":"max-snippet:-1","max-image-preview":"max-image-preview:large","max-video-preview":"max-video-preview:-1"},"canonical":"https:\/\/agenciainfra.com\/blog\/nova-aquisicao-consolida-verticalizacao-no-setor-de-conteiner-e-pressiona-porto-de-santos-e-ampliar-capacidade\/","og_locale":"pt_BR","og_type":"article","og_title":"Nova aquisi\u00e7\u00e3o consolida verticaliza\u00e7\u00e3o no setor de cont\u00eainer e pressiona porto de Santos e ampliar capacidade","og_description":"Dimmi Amora, da Ag\u00eancia iNFRA Uma nova transa\u00e7\u00e3o bilion\u00e1ria no mercado de cont\u00eaineres no Brasil ampliou a concentra\u00e7\u00e3o dos tr\u00eas principais armadores mundiais no mercado brasileiro e tende a aumentar a press\u00e3o para que o porto de Santos (SP) amplie a sua capacidade para movimentar esse tipo de carga. Numa opera\u00e7\u00e3o anunciada na madrugada da [&hellip;]","og_url":"https:\/\/agenciainfra.com\/blog\/nova-aquisicao-consolida-verticalizacao-no-setor-de-conteiner-e-pressiona-porto-de-santos-e-ampliar-capacidade\/","og_site_name":"Ag\u00eancia iNFRA","article_publisher":"https:\/\/www.facebook.com\/ageninfra","article_published_time":"2024-10-22T18:00:00+00:00","article_modified_time":"2024-10-24T15:28:34+00:00","og_image":[{"width":1280,"height":853,"url":"https:\/\/agenciainfra.com\/blog\/wp-content\/uploads\/2020\/09\/navio-porto-conteineres-foto-claudio-neves-portos-do-parana.jpg","type":"image\/jpeg"}],"author":"Ag\u00eancia iNFRA","twitter_card":"summary_large_image","twitter_creator":"@agencia_infra","twitter_site":"@agencia_infra","twitter_misc":{"Escrito por":"Ag\u00eancia iNFRA","Est. tempo de leitura":"5 minutos"},"schema":{"@context":"https:\/\/schema.org","@graph":[{"@type":"Article","@id":"https:\/\/agenciainfra.com\/blog\/nova-aquisicao-consolida-verticalizacao-no-setor-de-conteiner-e-pressiona-porto-de-santos-e-ampliar-capacidade\/#article","isPartOf":{"@id":"https:\/\/agenciainfra.com\/blog\/nova-aquisicao-consolida-verticalizacao-no-setor-de-conteiner-e-pressiona-porto-de-santos-e-ampliar-capacidade\/"},"author":{"name":"Ag\u00eancia iNFRA","@id":"https:\/\/agenciainfra.com\/blog\/#\/schema\/person\/34af08dff6adea4cb22b06612ba7acfa"},"headline":"Nova aquisi\u00e7\u00e3o consolida verticaliza\u00e7\u00e3o no setor de cont\u00eainer e pressiona porto de Santos e ampliar capacidade","datePublished":"2024-10-22T18:00:00+00:00","dateModified":"2024-10-24T15:28:34+00:00","mainEntityOfPage":{"@id":"https:\/\/agenciainfra.com\/blog\/nova-aquisicao-consolida-verticalizacao-no-setor-de-conteiner-e-pressiona-porto-de-santos-e-ampliar-capacidade\/"},"wordCount":1108,"publisher":{"@id":"https:\/\/agenciainfra.com\/blog\/#organization"},"image":{"@id":"https:\/\/agenciainfra.com\/blog\/nova-aquisicao-consolida-verticalizacao-no-setor-de-conteiner-e-pressiona-porto-de-santos-e-ampliar-capacidade\/#primaryimage"},"thumbnailUrl":"https:\/\/agenciainfra.com\/blog\/wp-content\/uploads\/2020\/09\/navio-porto-conteineres-foto-claudio-neves-portos-do-parana.jpg","keywords":["CMA GGM","cont\u00eaineres","Dimmi Amora","Maersk","Minist\u00e9rio de Portos e Aeroportos","MPor","MSC","Porto de Santos","portos","Silvio Costa Filho","STS10","TiL","transporte aquavi\u00e1rio","transportes","verticaliza\u00e7\u00e3o","Wilson Sons"],"articleSection":["Cabe\u00e7alho","Geral","iNFRATransporte"],"inLanguage":"pt-BR","copyrightYear":"2024","copyrightHolder":{"@id":"https:\/\/agenciainfra.com\/blog\/#organization"}},{"@type":"WebPage","@id":"https:\/\/agenciainfra.com\/blog\/nova-aquisicao-consolida-verticalizacao-no-setor-de-conteiner-e-pressiona-porto-de-santos-e-ampliar-capacidade\/","url":"https:\/\/agenciainfra.com\/blog\/nova-aquisicao-consolida-verticalizacao-no-setor-de-conteiner-e-pressiona-porto-de-santos-e-ampliar-capacidade\/","name":"Nova aquisi\u00e7\u00e3o consolida verticaliza\u00e7\u00e3o no setor de cont\u00eainer e pressiona porto de Santos e ampliar capacidade - Ag\u00eancia iNFRA","isPartOf":{"@id":"https:\/\/agenciainfra.com\/blog\/#website"},"primaryImageOfPage":{"@id":"https:\/\/agenciainfra.com\/blog\/nova-aquisicao-consolida-verticalizacao-no-setor-de-conteiner-e-pressiona-porto-de-santos-e-ampliar-capacidade\/#primaryimage"},"image":{"@id":"https:\/\/agenciainfra.com\/blog\/nova-aquisicao-consolida-verticalizacao-no-setor-de-conteiner-e-pressiona-porto-de-santos-e-ampliar-capacidade\/#primaryimage"},"thumbnailUrl":"https:\/\/agenciainfra.com\/blog\/wp-content\/uploads\/2020\/09\/navio-porto-conteineres-foto-claudio-neves-portos-do-parana.jpg","datePublished":"2024-10-22T18:00:00+00:00","dateModified":"2024-10-24T15:28:34+00:00","breadcrumb":{"@id":"https:\/\/agenciainfra.com\/blog\/nova-aquisicao-consolida-verticalizacao-no-setor-de-conteiner-e-pressiona-porto-de-santos-e-ampliar-capacidade\/#breadcrumb"},"inLanguage":"pt-BR","potentialAction":[{"@type":"ReadAction","target":["https:\/\/agenciainfra.com\/blog\/nova-aquisicao-consolida-verticalizacao-no-setor-de-conteiner-e-pressiona-porto-de-santos-e-ampliar-capacidade\/"]}]},{"@type":"ImageObject","inLanguage":"pt-BR","@id":"https:\/\/agenciainfra.com\/blog\/nova-aquisicao-consolida-verticalizacao-no-setor-de-conteiner-e-pressiona-porto-de-santos-e-ampliar-capacidade\/#primaryimage","url":"https:\/\/agenciainfra.com\/blog\/wp-content\/uploads\/2020\/09\/navio-porto-conteineres-foto-claudio-neves-portos-do-parana.jpg","contentUrl":"https:\/\/agenciainfra.com\/blog\/wp-content\/uploads\/2020\/09\/navio-porto-conteineres-foto-claudio-neves-portos-do-parana.jpg","width":1280,"height":853,"caption":"Foto: Cl\u00e1udio Neves\/Portos do Paran\u00e1"},{"@type":"BreadcrumbList","@id":"https:\/\/agenciainfra.com\/blog\/nova-aquisicao-consolida-verticalizacao-no-setor-de-conteiner-e-pressiona-porto-de-santos-e-ampliar-capacidade\/#breadcrumb","itemListElement":[{"@type":"ListItem","position":1,"name":"In\u00edcio","item":"https:\/\/agenciainfra.com\/blog\/"},{"@type":"ListItem","position":2,"name":"Nova aquisi\u00e7\u00e3o consolida verticaliza\u00e7\u00e3o no setor de cont\u00eainer e pressiona porto de Santos e ampliar capacidade"}]},{"@type":"WebSite","@id":"https:\/\/agenciainfra.com\/blog\/#website","url":"https:\/\/agenciainfra.com\/blog\/","name":"Ag\u00eancia iNFRA","description":"Multiplataforma de informa\u00e7\u00e3o jornal\u00edstica refer\u00eancia na \u00e1rea de infraestrutura no Brasil!","publisher":{"@id":"https:\/\/agenciainfra.com\/blog\/#organization"},"potentialAction":[{"@type":"SearchAction","target":{"@type":"EntryPoint","urlTemplate":"https:\/\/agenciainfra.com\/blog\/?s={search_term_string}"},"query-input":{"@type":"PropertyValueSpecification","valueRequired":true,"valueName":"search_term_string"}}],"inLanguage":"pt-BR"},{"@type":"Organization","@id":"https:\/\/agenciainfra.com\/blog\/#organization","name":"Ag\u00eancia iNFRA","url":"https:\/\/agenciainfra.com\/blog\/","logo":{"@type":"ImageObject","inLanguage":"pt-BR","@id":"https:\/\/agenciainfra.com\/blog\/#\/schema\/logo\/image\/","url":"https:\/\/agenciainfra.com\/blog\/wp-content\/uploads\/2023\/09\/iNFRA_5-e1761735885940.png","contentUrl":"https:\/\/agenciainfra.com\/blog\/wp-content\/uploads\/2023\/09\/iNFRA_5-e1761735885940.png","width":1672,"height":454,"caption":"Ag\u00eancia iNFRA"},"image":{"@id":"https:\/\/agenciainfra.com\/blog\/#\/schema\/logo\/image\/"},"sameAs":["https:\/\/www.facebook.com\/ageninfra","https:\/\/x.com\/agencia_infra","https:\/\/www.linkedin.com\/company\/ag\u00eanciainfra\/","https:\/\/www.instagram.com\/agenciainfra\/"]},{"@type":"Person","@id":"https:\/\/agenciainfra.com\/blog\/#\/schema\/person\/34af08dff6adea4cb22b06612ba7acfa","name":"Ag\u00eancia iNFRA","image":{"@type":"ImageObject","inLanguage":"pt-BR","@id":"https:\/\/agenciainfra.com\/blog\/#\/schema\/person\/image\/","url":"https:\/\/secure.gravatar.com\/avatar\/d189e01678f06d8eb84d4e01f08eb848b3fffe3f8443818d3c356c66892f5be8?s=96&d=mm&r=g","contentUrl":"https:\/\/secure.gravatar.com\/avatar\/d189e01678f06d8eb84d4e01f08eb848b3fffe3f8443818d3c356c66892f5be8?s=96&d=mm&r=g","caption":"Ag\u00eancia iNFRA"},"url":"https:\/\/agenciainfra.com\/blog\/author\/admin\/"}]}},"_links":{"self":[{"href":"https:\/\/agenciainfra.com\/blog\/wp-json\/wp\/v2\/posts\/18879","targetHints":{"allow":["GET"]}}],"collection":[{"href":"https:\/\/agenciainfra.com\/blog\/wp-json\/wp\/v2\/posts"}],"about":[{"href":"https:\/\/agenciainfra.com\/blog\/wp-json\/wp\/v2\/types\/post"}],"author":[{"embeddable":true,"href":"https:\/\/agenciainfra.com\/blog\/wp-json\/wp\/v2\/users\/1"}],"replies":[{"embeddable":true,"href":"https:\/\/agenciainfra.com\/blog\/wp-json\/wp\/v2\/comments?post=18879"}],"version-history":[{"count":1,"href":"https:\/\/agenciainfra.com\/blog\/wp-json\/wp\/v2\/posts\/18879\/revisions"}],"predecessor-version":[{"id":18880,"href":"https:\/\/agenciainfra.com\/blog\/wp-json\/wp\/v2\/posts\/18879\/revisions\/18880"}],"wp:featuredmedia":[{"embeddable":true,"href":"https:\/\/agenciainfra.com\/blog\/wp-json\/wp\/v2\/media\/5956"}],"wp:attachment":[{"href":"https:\/\/agenciainfra.com\/blog\/wp-json\/wp\/v2\/media?parent=18879"}],"wp:term":[{"taxonomy":"category","embeddable":true,"href":"https:\/\/agenciainfra.com\/blog\/wp-json\/wp\/v2\/categories?post=18879"},{"taxonomy":"post_tag","embeddable":true,"href":"https:\/\/agenciainfra.com\/blog\/wp-json\/wp\/v2\/tags?post=18879"}],"curies":[{"name":"wp","href":"https:\/\/api.w.org\/{rel}","templated":true}]}}