{"id":18905,"date":"2024-10-25T10:00:00","date_gmt":"2024-10-25T13:00:00","guid":{"rendered":"https:\/\/agenciainfra.com\/blog\/?p=18905"},"modified":"2024-10-29T06:54:22","modified_gmt":"2024-10-29T09:54:22","slug":"senadores-silenciam-e-podem-deixar-defesa-de-agencias-de-lado-ante-nova-investida-do-governo-avaliam-fontes","status":"publish","type":"post","link":"https:\/\/agenciainfra.com\/blog\/senadores-silenciam-e-podem-deixar-defesa-de-agencias-de-lado-ante-nova-investida-do-governo-avaliam-fontes\/","title":{"rendered":"Senadores silenciam e podem deixar defesa de ag\u00eancias de lado ante nova investida do governo, avaliam fontes"},"content":{"rendered":"\n<p class=\"has-text-align-right\"><strong>Geraldo Campos Jr. e Marisa Wanzeller, da Ag\u00eancia iNFRA<\/strong><\/p>\n\n\n\n<p>Senadores s\u00f3 devem entrar no debate sobre poss\u00edveis mudan\u00e7as na Lei Geral das Ag\u00eancias Reguladoras (<a href=\"https:\/\/www.planalto.gov.br\/ccivil_03\/_ato2019-2022\/2019\/lei\/l13848.htm\" target=\"_blank\" rel=\"noreferrer noopener\">Lei 13.848\/2019<\/a>) depois do 2\u00ba turno das elei\u00e7\u00f5es municipais, ou quando um projeto fechado for entregue pelo governo, segundo fontes ouvidas pela <strong>Ag\u00eancia iNFRA<\/strong>.<\/p>\n\n\n\n<p>Enquanto no governo e na C\u00e2mara dos Deputados o apag\u00e3o em S\u00e3o Paulo fez reacender a discuss\u00e3o, os senadores, em geral,&nbsp;t\u00eam evitado o tema para aguardar uma sinaliza\u00e7\u00e3o mais concreta que deve ser proposta pelo Pal\u00e1cio do Planalto. Tradicionalmente, a Casa Alta \u00e9 mais reticente em mexer nas regras das ag\u00eancias, uma vez que todos os diretores passaram pela sua aprova\u00e7\u00e3o. Agora, a avalia\u00e7\u00e3o \u00e9 que essa defesa n\u00e3o \u00e9 mais como era antes.<\/p>\n\n\n\n<p>Embora parte do mercado e inclusive das ag\u00eancias espere que o Senado coloque o p\u00e9 na porta contra qualquer interfer\u00eancia ou mudan\u00e7a no modelo atual, dentro da Casa tamb\u00e9m h\u00e1 certa insatisfa\u00e7\u00e3o com o formato. E essa avalia\u00e7\u00e3o piorou ante a crise da Enel em S\u00e3o Paulo, tanto entre parlamentares governistas como os de oposi\u00e7\u00e3o (sobretudo na bancada paulista).&nbsp;<\/p>\n\n\n\n<p>O governo trabalha em um projeto para mudar as regras. O tema foi defendido publicamente pelo ministro de Minas e Energia, Alexandre Silveira, depois do apag\u00e3o. O presidente Lula j\u00e1 deu o aval para que uma proposta nesse sentido comece a ser estruturada.&nbsp;<\/p>\n\n\n\n<p>A expectativa \u00e9 que um eventual projeto inclua mudan\u00e7as no modelo de nomea\u00e7\u00e3o dos diretores e cria\u00e7\u00e3o de \u00f3rg\u00e3os controladores das ag\u00eancias. A ideia que vem sendo ventilada \u00e9 ter um ente acima das reguladoras, inspirado no modelo dos Estados Unidos. \u201cPode ser uma chance do Congresso ampliar seu poder sobre as ag\u00eancias\u201d, diz uma fonte.<\/p>\n\n\n\n<p><strong>Tend\u00eancia \u00e9 ficar para 2025<\/strong><br>No entanto, a expectativa dentro do Congresso \u00e9 que nada deve ser apresentado ainda em 2024. Al\u00e9m do curto espa\u00e7o de tempo para consolidar uma proposta, a avalia\u00e7\u00e3o \u00e9 que o governo j\u00e1 tem muitos projetos priorit\u00e1rios para esse resto de ano que ficaram parados por causa das elei\u00e7\u00f5es. Se de fato vier um projeto de lei do Planalto, isso s\u00f3 deve ocorrer em 2025.<\/p>\n\n\n\n<p>Ocorre que, at\u00e9 l\u00e1, toda a insatisfa\u00e7\u00e3o atual pode se arrefecer no Congresso. \u201cSe a Enel sair do notici\u00e1rio, o que deve acontecer depois do 2\u00ba turno, se nenhum novo problema for registrado, deve ser retomada a racionalidade sobre o tema\u201d, avalia outro agente pol\u00edtico.<\/p>\n\n\n\n<p><strong>Press\u00e3o no Senado<\/strong><br>Fontes tamb\u00e9m enxergam que a pend\u00eancia quanto \u00e0 indica\u00e7\u00e3o oficial de nomes para cadeiras nas reguladoras, que devem ser sabatinados no Senado, pode travar o debate sobre altera\u00e7\u00f5es na lei. A indica\u00e7\u00e3o \u00e9 que a c\u00fapula do governo est\u00e1 articulando as vagas de uma forma ampla, para que todos os nomes sejam encaminhados \u00e0 Casa legislativa ao mesmo tempo.<\/p>\n\n\n\n<p>Uma outra leitura \u00e9 de que a auditoria da CGU (Controladoria Geral da Uni\u00e3o) na ANEEL (Ag\u00eancia Nacional de Energia El\u00e9trica), instaurada ap\u00f3s den\u00fancias do ministro Alexandre Silveira, deve aquecer a discuss\u00e3o e, talvez, force os senadores a se manifestarem.&nbsp;<\/p>\n\n\n\n<p>A press\u00e3o sobre os senadores tamb\u00e9m pode ocorrer caso a C\u00e2mara dos Deputados d\u00ea andamento e aprove um projeto de lei pr\u00f3prio sobre o tema. Existe uma sinaliza\u00e7\u00e3o de que o deputado Danilo Forte (Uni\u00e3o-CE) possa apresentar um PL (Projeto de Lei) que d\u00ea mais poder ao Congresso Nacional sobre as reguladoras, por meio das comiss\u00f5es setoriais.<\/p>\n","protected":false},"excerpt":{"rendered":"<p>Geraldo Campos Jr. e Marisa Wanzeller, da Ag\u00eancia iNFRA Senadores s\u00f3 devem entrar no debate sobre poss\u00edveis mudan\u00e7as na Lei Geral das Ag\u00eancias Reguladoras (Lei 13.848\/2019) depois do 2\u00ba turno das elei\u00e7\u00f5es municipais, ou quando um projeto fechado for entregue pelo governo, segundo fontes ouvidas pela Ag\u00eancia iNFRA. Enquanto no governo e na C\u00e2mara dos [&hellip;]<\/p>\n","protected":false},"author":1,"featured_media":17920,"comment_status":"closed","ping_status":"closed","sticky":false,"template":"","format":"standard","meta":{"_monsterinsights_skip_tracking":false,"_monsterinsights_sitenote_active":false,"_monsterinsights_sitenote_note":"","_monsterinsights_sitenote_category":0,"footnotes":""},"categories":[9714,1,10,7],"tags":[53,3002,616,8475,7829,11594,7154,7366],"class_list":["post-18905","post","type-post","status-publish","format-standard","has-post-thumbnail","hentry","category-destaque-menor","category-geral","category-infraenergia","category-infratransporte","tag-aneel","tag-apagao","tag-enel","tag-enel-sao-paulo","tag-enel-sp","tag-geraldo-campos-jr","tag-lei-geral-das-agencias-reguladoras","tag-marisa-wanzeller"],"yoast_head":"<!-- This site is optimized with the Yoast SEO Premium plugin v25.4 (Yoast SEO v26.0) - https:\/\/yoast.com\/wordpress\/plugins\/seo\/ -->\n<title>Senadores silenciam e podem deixar defesa de ag\u00eancias de lado ante nova investida do governo, avaliam fontes - Ag\u00eancia iNFRA<\/title>\n<meta name=\"robots\" content=\"index, follow, max-snippet:-1, max-image-preview:large, max-video-preview:-1\" \/>\n<link rel=\"canonical\" href=\"https:\/\/agenciainfra.com\/blog\/senadores-silenciam-e-podem-deixar-defesa-de-agencias-de-lado-ante-nova-investida-do-governo-avaliam-fontes\/\" \/>\n<meta property=\"og:locale\" content=\"pt_BR\" \/>\n<meta property=\"og:type\" content=\"article\" \/>\n<meta property=\"og:title\" content=\"Senadores silenciam e podem deixar defesa de ag\u00eancias de lado ante nova investida do governo, avaliam fontes\" \/>\n<meta property=\"og:description\" content=\"Geraldo Campos Jr. e Marisa Wanzeller, da Ag\u00eancia iNFRA Senadores s\u00f3 devem entrar no debate sobre poss\u00edveis mudan\u00e7as na Lei Geral das Ag\u00eancias Reguladoras (Lei 13.848\/2019) depois do 2\u00ba turno das elei\u00e7\u00f5es municipais, ou quando um projeto fechado for entregue pelo governo, segundo fontes ouvidas pela Ag\u00eancia iNFRA. Enquanto no governo e na C\u00e2mara dos [&hellip;]\" \/>\n<meta property=\"og:url\" content=\"https:\/\/agenciainfra.com\/blog\/senadores-silenciam-e-podem-deixar-defesa-de-agencias-de-lado-ante-nova-investida-do-governo-avaliam-fontes\/\" \/>\n<meta property=\"og:site_name\" content=\"Ag\u00eancia iNFRA\" \/>\n<meta property=\"article:publisher\" content=\"https:\/\/www.facebook.com\/ageninfra\" \/>\n<meta property=\"article:published_time\" content=\"2024-10-25T13:00:00+00:00\" \/>\n<meta property=\"article:modified_time\" content=\"2024-10-29T09:54:22+00:00\" \/>\n<meta property=\"og:image\" content=\"https:\/\/agenciainfra.com\/blog\/wp-content\/uploads\/2024\/07\/plenario-senado-foto-agencia-senado-saulo-cruz.jpg\" \/>\n\t<meta property=\"og:image:width\" content=\"1202\" \/>\n\t<meta property=\"og:image:height\" content=\"801\" \/>\n\t<meta property=\"og:image:type\" content=\"image\/jpeg\" \/>\n<meta name=\"author\" content=\"Ag\u00eancia iNFRA\" \/>\n<meta name=\"twitter:card\" content=\"summary_large_image\" \/>\n<meta name=\"twitter:creator\" content=\"@agencia_infra\" \/>\n<meta name=\"twitter:site\" content=\"@agencia_infra\" \/>\n<meta name=\"twitter:label1\" content=\"Escrito por\" \/>\n\t<meta name=\"twitter:data1\" content=\"Ag\u00eancia iNFRA\" \/>\n\t<meta name=\"twitter:label2\" content=\"Est. tempo de leitura\" \/>\n\t<meta name=\"twitter:data2\" content=\"3 minutos\" \/>\n<script type=\"application\/ld+json\" class=\"yoast-schema-graph\">{\"@context\":\"https:\/\/schema.org\",\"@graph\":[{\"@type\":\"Article\",\"@id\":\"https:\/\/agenciainfra.com\/blog\/senadores-silenciam-e-podem-deixar-defesa-de-agencias-de-lado-ante-nova-investida-do-governo-avaliam-fontes\/#article\",\"isPartOf\":{\"@id\":\"https:\/\/agenciainfra.com\/blog\/senadores-silenciam-e-podem-deixar-defesa-de-agencias-de-lado-ante-nova-investida-do-governo-avaliam-fontes\/\"},\"author\":{\"name\":\"Ag\u00eancia iNFRA\",\"@id\":\"https:\/\/agenciainfra.com\/blog\/#\/schema\/person\/34af08dff6adea4cb22b06612ba7acfa\"},\"headline\":\"Senadores silenciam e podem deixar defesa de ag\u00eancias de lado ante nova investida do governo, avaliam fontes\",\"datePublished\":\"2024-10-25T13:00:00+00:00\",\"dateModified\":\"2024-10-29T09:54:22+00:00\",\"mainEntityOfPage\":{\"@id\":\"https:\/\/agenciainfra.com\/blog\/senadores-silenciam-e-podem-deixar-defesa-de-agencias-de-lado-ante-nova-investida-do-governo-avaliam-fontes\/\"},\"wordCount\":620,\"publisher\":{\"@id\":\"https:\/\/agenciainfra.com\/blog\/#organization\"},\"image\":{\"@id\":\"https:\/\/agenciainfra.com\/blog\/senadores-silenciam-e-podem-deixar-defesa-de-agencias-de-lado-ante-nova-investida-do-governo-avaliam-fontes\/#primaryimage\"},\"thumbnailUrl\":\"https:\/\/agenciainfra.com\/blog\/wp-content\/uploads\/2024\/07\/plenario-senado-foto-agencia-senado-saulo-cruz.jpg\",\"keywords\":[\"ANEEL\",\"apag\u00e3o\",\"Enel\",\"Enel S\u00e3o Paulo\",\"ENEL SP\",\"Geraldo Campos Jr.\",\"Lei Geral das Ag\u00eancias Reguladoras\",\"Marisa Wanzeller\"],\"articleSection\":[\"Destaque Menor\",\"Geral\",\"iNFRAEnergia\",\"iNFRATransporte\"],\"inLanguage\":\"pt-BR\",\"copyrightYear\":\"2024\",\"copyrightHolder\":{\"@id\":\"https:\/\/agenciainfra.com\/blog\/#organization\"}},{\"@type\":\"WebPage\",\"@id\":\"https:\/\/agenciainfra.com\/blog\/senadores-silenciam-e-podem-deixar-defesa-de-agencias-de-lado-ante-nova-investida-do-governo-avaliam-fontes\/\",\"url\":\"https:\/\/agenciainfra.com\/blog\/senadores-silenciam-e-podem-deixar-defesa-de-agencias-de-lado-ante-nova-investida-do-governo-avaliam-fontes\/\",\"name\":\"Senadores silenciam e podem deixar defesa de ag\u00eancias de lado ante nova investida do governo, avaliam fontes - Ag\u00eancia iNFRA\",\"isPartOf\":{\"@id\":\"https:\/\/agenciainfra.com\/blog\/#website\"},\"primaryImageOfPage\":{\"@id\":\"https:\/\/agenciainfra.com\/blog\/senadores-silenciam-e-podem-deixar-defesa-de-agencias-de-lado-ante-nova-investida-do-governo-avaliam-fontes\/#primaryimage\"},\"image\":{\"@id\":\"https:\/\/agenciainfra.com\/blog\/senadores-silenciam-e-podem-deixar-defesa-de-agencias-de-lado-ante-nova-investida-do-governo-avaliam-fontes\/#primaryimage\"},\"thumbnailUrl\":\"https:\/\/agenciainfra.com\/blog\/wp-content\/uploads\/2024\/07\/plenario-senado-foto-agencia-senado-saulo-cruz.jpg\",\"datePublished\":\"2024-10-25T13:00:00+00:00\",\"dateModified\":\"2024-10-29T09:54:22+00:00\",\"breadcrumb\":{\"@id\":\"https:\/\/agenciainfra.com\/blog\/senadores-silenciam-e-podem-deixar-defesa-de-agencias-de-lado-ante-nova-investida-do-governo-avaliam-fontes\/#breadcrumb\"},\"inLanguage\":\"pt-BR\",\"potentialAction\":[{\"@type\":\"ReadAction\",\"target\":[\"https:\/\/agenciainfra.com\/blog\/senadores-silenciam-e-podem-deixar-defesa-de-agencias-de-lado-ante-nova-investida-do-governo-avaliam-fontes\/\"]}]},{\"@type\":\"ImageObject\",\"inLanguage\":\"pt-BR\",\"@id\":\"https:\/\/agenciainfra.com\/blog\/senadores-silenciam-e-podem-deixar-defesa-de-agencias-de-lado-ante-nova-investida-do-governo-avaliam-fontes\/#primaryimage\",\"url\":\"https:\/\/agenciainfra.com\/blog\/wp-content\/uploads\/2024\/07\/plenario-senado-foto-agencia-senado-saulo-cruz.jpg\",\"contentUrl\":\"https:\/\/agenciainfra.com\/blog\/wp-content\/uploads\/2024\/07\/plenario-senado-foto-agencia-senado-saulo-cruz.jpg\",\"width\":1202,\"height\":801,\"caption\":\"Foto: Saulo Cruz\/Ag\u00eancia Senado\"},{\"@type\":\"BreadcrumbList\",\"@id\":\"https:\/\/agenciainfra.com\/blog\/senadores-silenciam-e-podem-deixar-defesa-de-agencias-de-lado-ante-nova-investida-do-governo-avaliam-fontes\/#breadcrumb\",\"itemListElement\":[{\"@type\":\"ListItem\",\"position\":1,\"name\":\"In\u00edcio\",\"item\":\"https:\/\/agenciainfra.com\/blog\/\"},{\"@type\":\"ListItem\",\"position\":2,\"name\":\"Senadores silenciam e podem deixar defesa de ag\u00eancias de lado ante nova investida do governo, avaliam fontes\"}]},{\"@type\":\"WebSite\",\"@id\":\"https:\/\/agenciainfra.com\/blog\/#website\",\"url\":\"https:\/\/agenciainfra.com\/blog\/\",\"name\":\"Ag\u00eancia iNFRA\",\"description\":\"Multiplataforma de informa\u00e7\u00e3o jornal\u00edstica refer\u00eancia na \u00e1rea de infraestrutura no Brasil!\",\"publisher\":{\"@id\":\"https:\/\/agenciainfra.com\/blog\/#organization\"},\"potentialAction\":[{\"@type\":\"SearchAction\",\"target\":{\"@type\":\"EntryPoint\",\"urlTemplate\":\"https:\/\/agenciainfra.com\/blog\/?s={search_term_string}\"},\"query-input\":{\"@type\":\"PropertyValueSpecification\",\"valueRequired\":true,\"valueName\":\"search_term_string\"}}],\"inLanguage\":\"pt-BR\"},{\"@type\":\"Organization\",\"@id\":\"https:\/\/agenciainfra.com\/blog\/#organization\",\"name\":\"Ag\u00eancia iNFRA\",\"url\":\"https:\/\/agenciainfra.com\/blog\/\",\"logo\":{\"@type\":\"ImageObject\",\"inLanguage\":\"pt-BR\",\"@id\":\"https:\/\/agenciainfra.com\/blog\/#\/schema\/logo\/image\/\",\"url\":\"https:\/\/agenciainfra.com\/blog\/wp-content\/uploads\/2023\/09\/iNFRA_5-e1761735885940.png\",\"contentUrl\":\"https:\/\/agenciainfra.com\/blog\/wp-content\/uploads\/2023\/09\/iNFRA_5-e1761735885940.png\",\"width\":1672,\"height\":454,\"caption\":\"Ag\u00eancia iNFRA\"},\"image\":{\"@id\":\"https:\/\/agenciainfra.com\/blog\/#\/schema\/logo\/image\/\"},\"sameAs\":[\"https:\/\/www.facebook.com\/ageninfra\",\"https:\/\/x.com\/agencia_infra\",\"https:\/\/www.linkedin.com\/company\/ag\u00eanciainfra\/\",\"https:\/\/www.instagram.com\/agenciainfra\/\"]},{\"@type\":\"Person\",\"@id\":\"https:\/\/agenciainfra.com\/blog\/#\/schema\/person\/34af08dff6adea4cb22b06612ba7acfa\",\"name\":\"Ag\u00eancia iNFRA\",\"image\":{\"@type\":\"ImageObject\",\"inLanguage\":\"pt-BR\",\"@id\":\"https:\/\/agenciainfra.com\/blog\/#\/schema\/person\/image\/\",\"url\":\"https:\/\/secure.gravatar.com\/avatar\/d189e01678f06d8eb84d4e01f08eb848b3fffe3f8443818d3c356c66892f5be8?s=96&d=mm&r=g\",\"contentUrl\":\"https:\/\/secure.gravatar.com\/avatar\/d189e01678f06d8eb84d4e01f08eb848b3fffe3f8443818d3c356c66892f5be8?s=96&d=mm&r=g\",\"caption\":\"Ag\u00eancia iNFRA\"},\"url\":\"https:\/\/agenciainfra.com\/blog\/author\/admin\/\"}]}<\/script>\n<!-- \/ Yoast SEO Premium plugin. -->","yoast_head_json":{"title":"Senadores silenciam e podem deixar defesa de ag\u00eancias de lado ante nova investida do governo, avaliam fontes - Ag\u00eancia iNFRA","robots":{"index":"index","follow":"follow","max-snippet":"max-snippet:-1","max-image-preview":"max-image-preview:large","max-video-preview":"max-video-preview:-1"},"canonical":"https:\/\/agenciainfra.com\/blog\/senadores-silenciam-e-podem-deixar-defesa-de-agencias-de-lado-ante-nova-investida-do-governo-avaliam-fontes\/","og_locale":"pt_BR","og_type":"article","og_title":"Senadores silenciam e podem deixar defesa de ag\u00eancias de lado ante nova investida do governo, avaliam fontes","og_description":"Geraldo Campos Jr. e Marisa Wanzeller, da Ag\u00eancia iNFRA Senadores s\u00f3 devem entrar no debate sobre poss\u00edveis mudan\u00e7as na Lei Geral das Ag\u00eancias Reguladoras (Lei 13.848\/2019) depois do 2\u00ba turno das elei\u00e7\u00f5es municipais, ou quando um projeto fechado for entregue pelo governo, segundo fontes ouvidas pela Ag\u00eancia iNFRA. Enquanto no governo e na C\u00e2mara dos [&hellip;]","og_url":"https:\/\/agenciainfra.com\/blog\/senadores-silenciam-e-podem-deixar-defesa-de-agencias-de-lado-ante-nova-investida-do-governo-avaliam-fontes\/","og_site_name":"Ag\u00eancia iNFRA","article_publisher":"https:\/\/www.facebook.com\/ageninfra","article_published_time":"2024-10-25T13:00:00+00:00","article_modified_time":"2024-10-29T09:54:22+00:00","og_image":[{"width":1202,"height":801,"url":"https:\/\/agenciainfra.com\/blog\/wp-content\/uploads\/2024\/07\/plenario-senado-foto-agencia-senado-saulo-cruz.jpg","type":"image\/jpeg"}],"author":"Ag\u00eancia iNFRA","twitter_card":"summary_large_image","twitter_creator":"@agencia_infra","twitter_site":"@agencia_infra","twitter_misc":{"Escrito por":"Ag\u00eancia iNFRA","Est. tempo de leitura":"3 minutos"},"schema":{"@context":"https:\/\/schema.org","@graph":[{"@type":"Article","@id":"https:\/\/agenciainfra.com\/blog\/senadores-silenciam-e-podem-deixar-defesa-de-agencias-de-lado-ante-nova-investida-do-governo-avaliam-fontes\/#article","isPartOf":{"@id":"https:\/\/agenciainfra.com\/blog\/senadores-silenciam-e-podem-deixar-defesa-de-agencias-de-lado-ante-nova-investida-do-governo-avaliam-fontes\/"},"author":{"name":"Ag\u00eancia iNFRA","@id":"https:\/\/agenciainfra.com\/blog\/#\/schema\/person\/34af08dff6adea4cb22b06612ba7acfa"},"headline":"Senadores silenciam e podem deixar defesa de ag\u00eancias de lado ante nova investida do governo, avaliam fontes","datePublished":"2024-10-25T13:00:00+00:00","dateModified":"2024-10-29T09:54:22+00:00","mainEntityOfPage":{"@id":"https:\/\/agenciainfra.com\/blog\/senadores-silenciam-e-podem-deixar-defesa-de-agencias-de-lado-ante-nova-investida-do-governo-avaliam-fontes\/"},"wordCount":620,"publisher":{"@id":"https:\/\/agenciainfra.com\/blog\/#organization"},"image":{"@id":"https:\/\/agenciainfra.com\/blog\/senadores-silenciam-e-podem-deixar-defesa-de-agencias-de-lado-ante-nova-investida-do-governo-avaliam-fontes\/#primaryimage"},"thumbnailUrl":"https:\/\/agenciainfra.com\/blog\/wp-content\/uploads\/2024\/07\/plenario-senado-foto-agencia-senado-saulo-cruz.jpg","keywords":["ANEEL","apag\u00e3o","Enel","Enel S\u00e3o Paulo","ENEL SP","Geraldo Campos Jr.","Lei Geral das Ag\u00eancias Reguladoras","Marisa Wanzeller"],"articleSection":["Destaque Menor","Geral","iNFRAEnergia","iNFRATransporte"],"inLanguage":"pt-BR","copyrightYear":"2024","copyrightHolder":{"@id":"https:\/\/agenciainfra.com\/blog\/#organization"}},{"@type":"WebPage","@id":"https:\/\/agenciainfra.com\/blog\/senadores-silenciam-e-podem-deixar-defesa-de-agencias-de-lado-ante-nova-investida-do-governo-avaliam-fontes\/","url":"https:\/\/agenciainfra.com\/blog\/senadores-silenciam-e-podem-deixar-defesa-de-agencias-de-lado-ante-nova-investida-do-governo-avaliam-fontes\/","name":"Senadores silenciam e podem deixar defesa de ag\u00eancias de lado ante nova investida do governo, avaliam fontes - Ag\u00eancia iNFRA","isPartOf":{"@id":"https:\/\/agenciainfra.com\/blog\/#website"},"primaryImageOfPage":{"@id":"https:\/\/agenciainfra.com\/blog\/senadores-silenciam-e-podem-deixar-defesa-de-agencias-de-lado-ante-nova-investida-do-governo-avaliam-fontes\/#primaryimage"},"image":{"@id":"https:\/\/agenciainfra.com\/blog\/senadores-silenciam-e-podem-deixar-defesa-de-agencias-de-lado-ante-nova-investida-do-governo-avaliam-fontes\/#primaryimage"},"thumbnailUrl":"https:\/\/agenciainfra.com\/blog\/wp-content\/uploads\/2024\/07\/plenario-senado-foto-agencia-senado-saulo-cruz.jpg","datePublished":"2024-10-25T13:00:00+00:00","dateModified":"2024-10-29T09:54:22+00:00","breadcrumb":{"@id":"https:\/\/agenciainfra.com\/blog\/senadores-silenciam-e-podem-deixar-defesa-de-agencias-de-lado-ante-nova-investida-do-governo-avaliam-fontes\/#breadcrumb"},"inLanguage":"pt-BR","potentialAction":[{"@type":"ReadAction","target":["https:\/\/agenciainfra.com\/blog\/senadores-silenciam-e-podem-deixar-defesa-de-agencias-de-lado-ante-nova-investida-do-governo-avaliam-fontes\/"]}]},{"@type":"ImageObject","inLanguage":"pt-BR","@id":"https:\/\/agenciainfra.com\/blog\/senadores-silenciam-e-podem-deixar-defesa-de-agencias-de-lado-ante-nova-investida-do-governo-avaliam-fontes\/#primaryimage","url":"https:\/\/agenciainfra.com\/blog\/wp-content\/uploads\/2024\/07\/plenario-senado-foto-agencia-senado-saulo-cruz.jpg","contentUrl":"https:\/\/agenciainfra.com\/blog\/wp-content\/uploads\/2024\/07\/plenario-senado-foto-agencia-senado-saulo-cruz.jpg","width":1202,"height":801,"caption":"Foto: Saulo Cruz\/Ag\u00eancia Senado"},{"@type":"BreadcrumbList","@id":"https:\/\/agenciainfra.com\/blog\/senadores-silenciam-e-podem-deixar-defesa-de-agencias-de-lado-ante-nova-investida-do-governo-avaliam-fontes\/#breadcrumb","itemListElement":[{"@type":"ListItem","position":1,"name":"In\u00edcio","item":"https:\/\/agenciainfra.com\/blog\/"},{"@type":"ListItem","position":2,"name":"Senadores silenciam e podem deixar defesa de ag\u00eancias de lado ante nova investida do governo, avaliam fontes"}]},{"@type":"WebSite","@id":"https:\/\/agenciainfra.com\/blog\/#website","url":"https:\/\/agenciainfra.com\/blog\/","name":"Ag\u00eancia iNFRA","description":"Multiplataforma de informa\u00e7\u00e3o jornal\u00edstica refer\u00eancia na \u00e1rea de infraestrutura no Brasil!","publisher":{"@id":"https:\/\/agenciainfra.com\/blog\/#organization"},"potentialAction":[{"@type":"SearchAction","target":{"@type":"EntryPoint","urlTemplate":"https:\/\/agenciainfra.com\/blog\/?s={search_term_string}"},"query-input":{"@type":"PropertyValueSpecification","valueRequired":true,"valueName":"search_term_string"}}],"inLanguage":"pt-BR"},{"@type":"Organization","@id":"https:\/\/agenciainfra.com\/blog\/#organization","name":"Ag\u00eancia iNFRA","url":"https:\/\/agenciainfra.com\/blog\/","logo":{"@type":"ImageObject","inLanguage":"pt-BR","@id":"https:\/\/agenciainfra.com\/blog\/#\/schema\/logo\/image\/","url":"https:\/\/agenciainfra.com\/blog\/wp-content\/uploads\/2023\/09\/iNFRA_5-e1761735885940.png","contentUrl":"https:\/\/agenciainfra.com\/blog\/wp-content\/uploads\/2023\/09\/iNFRA_5-e1761735885940.png","width":1672,"height":454,"caption":"Ag\u00eancia iNFRA"},"image":{"@id":"https:\/\/agenciainfra.com\/blog\/#\/schema\/logo\/image\/"},"sameAs":["https:\/\/www.facebook.com\/ageninfra","https:\/\/x.com\/agencia_infra","https:\/\/www.linkedin.com\/company\/ag\u00eanciainfra\/","https:\/\/www.instagram.com\/agenciainfra\/"]},{"@type":"Person","@id":"https:\/\/agenciainfra.com\/blog\/#\/schema\/person\/34af08dff6adea4cb22b06612ba7acfa","name":"Ag\u00eancia iNFRA","image":{"@type":"ImageObject","inLanguage":"pt-BR","@id":"https:\/\/agenciainfra.com\/blog\/#\/schema\/person\/image\/","url":"https:\/\/secure.gravatar.com\/avatar\/d189e01678f06d8eb84d4e01f08eb848b3fffe3f8443818d3c356c66892f5be8?s=96&d=mm&r=g","contentUrl":"https:\/\/secure.gravatar.com\/avatar\/d189e01678f06d8eb84d4e01f08eb848b3fffe3f8443818d3c356c66892f5be8?s=96&d=mm&r=g","caption":"Ag\u00eancia iNFRA"},"url":"https:\/\/agenciainfra.com\/blog\/author\/admin\/"}]}},"_links":{"self":[{"href":"https:\/\/agenciainfra.com\/blog\/wp-json\/wp\/v2\/posts\/18905","targetHints":{"allow":["GET"]}}],"collection":[{"href":"https:\/\/agenciainfra.com\/blog\/wp-json\/wp\/v2\/posts"}],"about":[{"href":"https:\/\/agenciainfra.com\/blog\/wp-json\/wp\/v2\/types\/post"}],"author":[{"embeddable":true,"href":"https:\/\/agenciainfra.com\/blog\/wp-json\/wp\/v2\/users\/1"}],"replies":[{"embeddable":true,"href":"https:\/\/agenciainfra.com\/blog\/wp-json\/wp\/v2\/comments?post=18905"}],"version-history":[{"count":1,"href":"https:\/\/agenciainfra.com\/blog\/wp-json\/wp\/v2\/posts\/18905\/revisions"}],"predecessor-version":[{"id":18906,"href":"https:\/\/agenciainfra.com\/blog\/wp-json\/wp\/v2\/posts\/18905\/revisions\/18906"}],"wp:featuredmedia":[{"embeddable":true,"href":"https:\/\/agenciainfra.com\/blog\/wp-json\/wp\/v2\/media\/17920"}],"wp:attachment":[{"href":"https:\/\/agenciainfra.com\/blog\/wp-json\/wp\/v2\/media?parent=18905"}],"wp:term":[{"taxonomy":"category","embeddable":true,"href":"https:\/\/agenciainfra.com\/blog\/wp-json\/wp\/v2\/categories?post=18905"},{"taxonomy":"post_tag","embeddable":true,"href":"https:\/\/agenciainfra.com\/blog\/wp-json\/wp\/v2\/tags?post=18905"}],"curies":[{"name":"wp","href":"https:\/\/api.w.org\/{rel}","templated":true}]}}