{"id":18920,"date":"2024-10-29T10:00:00","date_gmt":"2024-10-29T13:00:00","guid":{"rendered":"https:\/\/agenciainfra.com\/blog\/?p=18920"},"modified":"2024-10-29T06:52:30","modified_gmt":"2024-10-29T09:52:30","slug":"ricardo-nunes-chama-alexandre-silveira-de-pessimo-ministro-e-diz-que-lula-poderia-tirar-enel-em-um-minuto","status":"publish","type":"post","link":"https:\/\/agenciainfra.com\/blog\/ricardo-nunes-chama-alexandre-silveira-de-pessimo-ministro-e-diz-que-lula-poderia-tirar-enel-em-um-minuto\/","title":{"rendered":"Ricardo Nunes chama Alexandre Silveira de &#8220;p\u00e9ssimo ministro&#8221; e diz que Lula poderia tirar Enel em &#8220;um minuto&#8221;"},"content":{"rendered":"\n<p class=\"has-text-align-right\"><strong>Geraldo Campos Jr. e Marisa Wanzeller, da\u00a0Ag\u00eancia iNFRA<\/strong><\/p>\n\n\n\n<p>Um dia depois de ter sido reeleito em S\u00e3o Paulo, o prefeito Ricardo Nunes voltou a cobrar nesta segunda-feira&nbsp;(28) que o governo federal fa\u00e7a uma interven\u00e7\u00e3o na distribuidora de energia Enel. Ele chamou Alexandre Silveira de \u201cp\u00e9ssimo ministro\u201d e disse que, se o presidente Lula quiser, pode tirar a concess\u00e3o da empresa em &#8220;um minuto&#8221;.<\/p>\n\n\n\n<p>&#8220;O governo federal, o presidente da Rep\u00fablica, esse p\u00e9ssimo ministro de Minas e Energia t\u00eam que tomar uma atitude. (&#8230;) A concess\u00e3o \u00e9 federal, a regula\u00e7\u00e3o \u00e9 federal e a fiscaliza\u00e7\u00e3o \u00e9 federal. Ent\u00e3o, o governo federal precisa olhar para a popula\u00e7\u00e3o de S\u00e3o Paulo e tirar essa empresa\u201d, disse.<\/p>\n\n\n\n<p>O prefeito defendeu que uma nova concession\u00e1ria assuma a distribui\u00e7\u00e3o de energia na cidade. \u201cN\u00f3s temos que fazer uma a\u00e7\u00e3o para ter uma nova empresa com responsabilidade, e isso, se o presidente quiser fazer, ele faz em um minuto, basta assinar o decreto fazendo interven\u00e7\u00e3o, ele tira a diretoria da Enel, p\u00f5e um interventor para come\u00e7ar a cuidar da cidade.&#8221;<\/p>\n\n\n\n<p>As declara\u00e7\u00f5es foram dadas por Nunes em entrevista \u00e0 TV Globo. O prefeito disse que a sua vota\u00e7\u00e3o expressiva (ele teve quase 60% dos votos v\u00e1lidos) vai lhe dar \u201cpeso pol\u00edtico para p\u00f4r mais for\u00e7a ainda para tirar essa empresa daqui\u201d com o apoio do governador de S\u00e3o Paulo, Tarc\u00edsio de Freitas.<\/p>\n\n\n\n<p>A elei\u00e7\u00e3o em S\u00e3o Paulo teve a distribuidora de energia como um dos principais assuntos depois do apag\u00e3o que ocorreu em 11 de outubro. O tema foi politizado por Nunes, que culpou o governo Lula pela falta de press\u00e3o \u00e0 Enel, e pelo candidato Guilherme Boulos, que culpava o atual prefeito pela falta de poda preventiva de \u00e1rvores.<\/p>\n\n\n\n<p>Com o tema no foco no debate eleitoral no 2\u00ba turno, Nunes chegou a chamar a Enel de inimiga de S\u00e3o Paulo. Foi junto com Tarc\u00edsio ao TCU (Tribunal de Contas da Uni\u00e3o) pedir a fiscaliza\u00e7\u00e3o do contrato de concess\u00e3o da Enel e que uma interven\u00e7\u00e3o seja avaliada pela ANEEL (Ag\u00eancia Nacional de Energia El\u00e9trica).<\/p>\n\n\n\n<p><strong>Relatora sorteada<\/strong><br>O processo sobre a concess\u00e3o da Enel S\u00e3o Paulo foi aberto no dia 21 de outubro pela ANEEL, com a intima\u00e7\u00e3o da empresa. Na \u00faltima sexta-feira (25), a diretora Agnes Costa foi sorteada como relatora do caso.<\/p>\n\n\n\n<p>N\u00e3o h\u00e1 prazo para conclus\u00e3o do processo, mas o diretor-geral da ANEEL, Sandoval Feitosa, disse na semana passada que a diretoria dar\u00e1 ao tema a urg\u00eancia devida.<\/p>\n\n\n\n<p>O processo na ANEEL analisar\u00e1 o relat\u00f3rio de falhas e transgress\u00f5es da Enel \u00e0 legisla\u00e7\u00e3o e ao contrato em fun\u00e7\u00e3o do apag\u00e3o e poder\u00e1 levar a ag\u00eancia a recomendar a caducidade da concess\u00e3o ao governo federal.<\/p>\n\n\n\n<p><strong>Conflitos<\/strong><br>Logo ap\u00f3s o apag\u00e3o, Silveira entrou em conflito tanto com o prefeito de S\u00e3o Paulo quanto com a ANEEL.&nbsp;<\/p>\n\n\n\n<p>Nunes publicou nas redes sociais que o ministro queria que a Enel continuasse atuando na cidade e que, &#8220;poucas horas antes de uma forte chuva atingir S\u00e3o Paulo&#8221;, Silveira estava com o presidente da companhia em evento na It\u00e1lia, &#8220;ajustando a renova\u00e7\u00e3o dos contratos&#8221; no Brasil. O ministro respondeu que se tratava de &#8220;fake news&#8221; e que o prefeito de S\u00e3o Paulo estaria &#8220;de olho na heran\u00e7a eleitoral de Pablo Mar\u00e7al&#8221; para o segundo turno das elei\u00e7\u00f5es.&nbsp;<\/p>\n\n\n\n<p>O Minist\u00e9rio de Minas e Energia ainda disse que a ANEEL foi &#8220;falha na fiscaliza\u00e7\u00e3o da distribuidora de energia&#8221; e demonstrou &#8220;falta de compromisso com a popula\u00e7\u00e3o&#8221;. &#8220;A ag\u00eancia reguladora n\u00e3o deu qualquer andamento ao processo que poderia levar \u00e0 caducidade da distribuidora, requerido h\u00e1 um ano pelo minist\u00e9rio, o que deve ensejar a apura\u00e7\u00e3o da atua\u00e7\u00e3o da ANEEL junto aos \u00f3rg\u00e3os de controle\u201d, disse a pasta em nota divulgada \u00e0 imprensa.&nbsp;<\/p>\n\n\n\n<p>O ministro Alexandre Silveira seguiu com reiteradas cr\u00edticas \u00e0 ag\u00eancia e a seus diretores, em especial, ao diretor-geral, Sandoval Feitosa, a quem acusou de ter tido um &#8220;ato de covardia&#8221; ao n\u00e3o estar presente em reuni\u00e3o convocada para tratar do apag\u00e3o. Feitosa justificou sua aus\u00eancia dizendo estar presente em fiscaliza\u00e7\u00e3o na Enel e ter enviado representantes em seu lugar.&nbsp;<\/p>\n\n\n\n<p>Silveira tamb\u00e9m refor\u00e7ou o discurso de que a ag\u00eancia estaria boicotando o atual governo, tendo em vista que seus diretores foram indicados pelo governo passado. Ele chegou a defender o fim dos mandatos nas autarquias, com altera\u00e7\u00e3o na Lei Geral das Ag\u00eancias Reguladoras.&nbsp;<\/p>\n\n\n\n<p>&#8220;Eu venho denunciando o boicote da ag\u00eancia reguladora com rela\u00e7\u00e3o \u00e0 implementa\u00e7\u00e3o das pol\u00edticas p\u00fablicas, n\u00e3o \u00e9 a primeira vez, a fala que eu estou dizendo aqui hoje n\u00e3o \u00e9 oportunista, j\u00e1 venho dizendo h\u00e1 meses que falta proatividade por parte da ag\u00eancia reguladora&#8221;, disse. &#8220;Ficou arcaica a cria\u00e7\u00e3o do modelo das ag\u00eancias reguladoras. (&#8230;) Eu sempre defendi as ag\u00eancias reguladoras, continuo defendendo, mas eu acho que elas t\u00eam que se adaptar do ponto de vista da sua autonomia. (&#8230;) Autonomia n\u00e3o quer dizer soberania&#8221;, completou.<\/p>\n","protected":false},"excerpt":{"rendered":"<p>Geraldo Campos Jr. e Marisa Wanzeller, da\u00a0Ag\u00eancia iNFRA Um dia depois de ter sido reeleito em S\u00e3o Paulo, o prefeito Ricardo Nunes voltou a cobrar nesta segunda-feira&nbsp;(28) que o governo federal fa\u00e7a uma interven\u00e7\u00e3o na distribuidora de energia Enel. Ele chamou Alexandre Silveira de \u201cp\u00e9ssimo ministro\u201d e disse que, se o presidente Lula quiser, pode [&hellip;]<\/p>\n","protected":false},"author":1,"featured_media":18921,"comment_status":"closed","ping_status":"closed","sticky":false,"template":"","format":"standard","meta":{"_monsterinsights_skip_tracking":false,"_monsterinsights_sitenote_active":false,"_monsterinsights_sitenote_note":"","_monsterinsights_sitenote_category":0,"footnotes":""},"categories":[7250,1,10],"tags":[6040,3002,11549,245,329,616,8475,282,11594,580,7366,71,6169,8450],"class_list":["post-18920","post","type-post","status-publish","format-standard","has-post-thumbnail","hentry","category-destaque-lista","category-geral","category-infraenergia","tag-alexandre-silveira","tag-apagao","tag-apagao-em-sp","tag-caducidade","tag-eleicoes","tag-enel","tag-enel-sao-paulo","tag-energia-eletrica","tag-geraldo-campos-jr","tag-lula","tag-marisa-wanzeller","tag-mme","tag-prefeitura-de-sao-paulo","tag-ricardo-nunes"],"yoast_head":"<!-- This site is optimized with the Yoast SEO Premium plugin v25.4 (Yoast SEO v26.0) - https:\/\/yoast.com\/wordpress\/plugins\/seo\/ -->\n<title>Ricardo Nunes chama Alexandre Silveira de &quot;p\u00e9ssimo ministro&quot; e diz que Lula poderia tirar Enel em &quot;um minuto&quot; - Ag\u00eancia iNFRA<\/title>\n<meta name=\"robots\" content=\"index, follow, max-snippet:-1, max-image-preview:large, max-video-preview:-1\" \/>\n<link rel=\"canonical\" href=\"https:\/\/agenciainfra.com\/blog\/ricardo-nunes-chama-alexandre-silveira-de-pessimo-ministro-e-diz-que-lula-poderia-tirar-enel-em-um-minuto\/\" \/>\n<meta property=\"og:locale\" content=\"pt_BR\" \/>\n<meta property=\"og:type\" content=\"article\" \/>\n<meta property=\"og:title\" content=\"Ricardo Nunes chama Alexandre Silveira de &quot;p\u00e9ssimo ministro&quot; e diz que Lula poderia tirar Enel em &quot;um minuto&quot;\" \/>\n<meta property=\"og:description\" content=\"Geraldo Campos Jr. e Marisa Wanzeller, da\u00a0Ag\u00eancia iNFRA Um dia depois de ter sido reeleito em S\u00e3o Paulo, o prefeito Ricardo Nunes voltou a cobrar nesta segunda-feira&nbsp;(28) que o governo federal fa\u00e7a uma interven\u00e7\u00e3o na distribuidora de energia Enel. Ele chamou Alexandre Silveira de \u201cp\u00e9ssimo ministro\u201d e disse que, se o presidente Lula quiser, pode [&hellip;]\" \/>\n<meta property=\"og:url\" content=\"https:\/\/agenciainfra.com\/blog\/ricardo-nunes-chama-alexandre-silveira-de-pessimo-ministro-e-diz-que-lula-poderia-tirar-enel-em-um-minuto\/\" \/>\n<meta property=\"og:site_name\" content=\"Ag\u00eancia iNFRA\" \/>\n<meta property=\"article:publisher\" content=\"https:\/\/www.facebook.com\/ageninfra\" \/>\n<meta property=\"article:published_time\" content=\"2024-10-29T13:00:00+00:00\" \/>\n<meta property=\"og:image\" content=\"https:\/\/agenciainfra.com\/blog\/wp-content\/uploads\/2024\/10\/ricardonunes-foto-governodesp-1.jpg\" \/>\n\t<meta property=\"og:image:width\" content=\"1200\" \/>\n\t<meta property=\"og:image:height\" content=\"800\" \/>\n\t<meta property=\"og:image:type\" content=\"image\/jpeg\" \/>\n<meta name=\"author\" content=\"Ag\u00eancia iNFRA\" \/>\n<meta name=\"twitter:card\" content=\"summary_large_image\" \/>\n<meta name=\"twitter:creator\" content=\"@agencia_infra\" \/>\n<meta name=\"twitter:site\" content=\"@agencia_infra\" \/>\n<meta name=\"twitter:label1\" content=\"Escrito por\" \/>\n\t<meta name=\"twitter:data1\" content=\"Ag\u00eancia iNFRA\" \/>\n\t<meta name=\"twitter:label2\" content=\"Est. tempo de leitura\" \/>\n\t<meta name=\"twitter:data2\" content=\"4 minutos\" \/>\n<script type=\"application\/ld+json\" class=\"yoast-schema-graph\">{\"@context\":\"https:\/\/schema.org\",\"@graph\":[{\"@type\":\"Article\",\"@id\":\"https:\/\/agenciainfra.com\/blog\/ricardo-nunes-chama-alexandre-silveira-de-pessimo-ministro-e-diz-que-lula-poderia-tirar-enel-em-um-minuto\/#article\",\"isPartOf\":{\"@id\":\"https:\/\/agenciainfra.com\/blog\/ricardo-nunes-chama-alexandre-silveira-de-pessimo-ministro-e-diz-que-lula-poderia-tirar-enel-em-um-minuto\/\"},\"author\":{\"name\":\"Ag\u00eancia iNFRA\",\"@id\":\"https:\/\/agenciainfra.com\/blog\/#\/schema\/person\/34af08dff6adea4cb22b06612ba7acfa\"},\"headline\":\"Ricardo Nunes chama Alexandre Silveira de &#8220;p\u00e9ssimo ministro&#8221; e diz que Lula poderia tirar Enel em &#8220;um minuto&#8221;\",\"datePublished\":\"2024-10-29T13:00:00+00:00\",\"mainEntityOfPage\":{\"@id\":\"https:\/\/agenciainfra.com\/blog\/ricardo-nunes-chama-alexandre-silveira-de-pessimo-ministro-e-diz-que-lula-poderia-tirar-enel-em-um-minuto\/\"},\"wordCount\":902,\"publisher\":{\"@id\":\"https:\/\/agenciainfra.com\/blog\/#organization\"},\"image\":{\"@id\":\"https:\/\/agenciainfra.com\/blog\/ricardo-nunes-chama-alexandre-silveira-de-pessimo-ministro-e-diz-que-lula-poderia-tirar-enel-em-um-minuto\/#primaryimage\"},\"thumbnailUrl\":\"https:\/\/agenciainfra.com\/blog\/wp-content\/uploads\/2024\/10\/ricardonunes-foto-governodesp-1.jpg\",\"keywords\":[\"Alexandre Silveira\",\"apag\u00e3o\",\"apag\u00e3o em sp\",\"caducidade\",\"elei\u00e7\u00f5es\",\"Enel\",\"Enel S\u00e3o Paulo\",\"energia el\u00e9trica\",\"Geraldo Campos Jr.\",\"Lula\",\"Marisa Wanzeller\",\"MME\",\"Prefeitura de S\u00e3o Paulo\",\"Ricardo Nunes\"],\"articleSection\":[\"Destaque lista\",\"Geral\",\"iNFRAEnergia\"],\"inLanguage\":\"pt-BR\",\"copyrightYear\":\"2024\",\"copyrightHolder\":{\"@id\":\"https:\/\/agenciainfra.com\/blog\/#organization\"}},{\"@type\":\"WebPage\",\"@id\":\"https:\/\/agenciainfra.com\/blog\/ricardo-nunes-chama-alexandre-silveira-de-pessimo-ministro-e-diz-que-lula-poderia-tirar-enel-em-um-minuto\/\",\"url\":\"https:\/\/agenciainfra.com\/blog\/ricardo-nunes-chama-alexandre-silveira-de-pessimo-ministro-e-diz-que-lula-poderia-tirar-enel-em-um-minuto\/\",\"name\":\"Ricardo Nunes chama Alexandre Silveira de \\\"p\u00e9ssimo ministro\\\" e diz que Lula poderia tirar Enel em \\\"um minuto\\\" - Ag\u00eancia iNFRA\",\"isPartOf\":{\"@id\":\"https:\/\/agenciainfra.com\/blog\/#website\"},\"primaryImageOfPage\":{\"@id\":\"https:\/\/agenciainfra.com\/blog\/ricardo-nunes-chama-alexandre-silveira-de-pessimo-ministro-e-diz-que-lula-poderia-tirar-enel-em-um-minuto\/#primaryimage\"},\"image\":{\"@id\":\"https:\/\/agenciainfra.com\/blog\/ricardo-nunes-chama-alexandre-silveira-de-pessimo-ministro-e-diz-que-lula-poderia-tirar-enel-em-um-minuto\/#primaryimage\"},\"thumbnailUrl\":\"https:\/\/agenciainfra.com\/blog\/wp-content\/uploads\/2024\/10\/ricardonunes-foto-governodesp-1.jpg\",\"datePublished\":\"2024-10-29T13:00:00+00:00\",\"breadcrumb\":{\"@id\":\"https:\/\/agenciainfra.com\/blog\/ricardo-nunes-chama-alexandre-silveira-de-pessimo-ministro-e-diz-que-lula-poderia-tirar-enel-em-um-minuto\/#breadcrumb\"},\"inLanguage\":\"pt-BR\",\"potentialAction\":[{\"@type\":\"ReadAction\",\"target\":[\"https:\/\/agenciainfra.com\/blog\/ricardo-nunes-chama-alexandre-silveira-de-pessimo-ministro-e-diz-que-lula-poderia-tirar-enel-em-um-minuto\/\"]}]},{\"@type\":\"ImageObject\",\"inLanguage\":\"pt-BR\",\"@id\":\"https:\/\/agenciainfra.com\/blog\/ricardo-nunes-chama-alexandre-silveira-de-pessimo-ministro-e-diz-que-lula-poderia-tirar-enel-em-um-minuto\/#primaryimage\",\"url\":\"https:\/\/agenciainfra.com\/blog\/wp-content\/uploads\/2024\/10\/ricardonunes-foto-governodesp-1.jpg\",\"contentUrl\":\"https:\/\/agenciainfra.com\/blog\/wp-content\/uploads\/2024\/10\/ricardonunes-foto-governodesp-1.jpg\",\"width\":1200,\"height\":800},{\"@type\":\"BreadcrumbList\",\"@id\":\"https:\/\/agenciainfra.com\/blog\/ricardo-nunes-chama-alexandre-silveira-de-pessimo-ministro-e-diz-que-lula-poderia-tirar-enel-em-um-minuto\/#breadcrumb\",\"itemListElement\":[{\"@type\":\"ListItem\",\"position\":1,\"name\":\"In\u00edcio\",\"item\":\"https:\/\/agenciainfra.com\/blog\/\"},{\"@type\":\"ListItem\",\"position\":2,\"name\":\"Ricardo Nunes chama Alexandre Silveira de &#8220;p\u00e9ssimo ministro&#8221; e diz que Lula poderia tirar Enel em &#8220;um minuto&#8221;\"}]},{\"@type\":\"WebSite\",\"@id\":\"https:\/\/agenciainfra.com\/blog\/#website\",\"url\":\"https:\/\/agenciainfra.com\/blog\/\",\"name\":\"Ag\u00eancia iNFRA\",\"description\":\"Multiplataforma de informa\u00e7\u00e3o jornal\u00edstica refer\u00eancia na \u00e1rea de infraestrutura no Brasil!\",\"publisher\":{\"@id\":\"https:\/\/agenciainfra.com\/blog\/#organization\"},\"potentialAction\":[{\"@type\":\"SearchAction\",\"target\":{\"@type\":\"EntryPoint\",\"urlTemplate\":\"https:\/\/agenciainfra.com\/blog\/?s={search_term_string}\"},\"query-input\":{\"@type\":\"PropertyValueSpecification\",\"valueRequired\":true,\"valueName\":\"search_term_string\"}}],\"inLanguage\":\"pt-BR\"},{\"@type\":\"Organization\",\"@id\":\"https:\/\/agenciainfra.com\/blog\/#organization\",\"name\":\"Ag\u00eancia iNFRA\",\"url\":\"https:\/\/agenciainfra.com\/blog\/\",\"logo\":{\"@type\":\"ImageObject\",\"inLanguage\":\"pt-BR\",\"@id\":\"https:\/\/agenciainfra.com\/blog\/#\/schema\/logo\/image\/\",\"url\":\"https:\/\/agenciainfra.com\/blog\/wp-content\/uploads\/2023\/09\/iNFRA_5-e1761735885940.png\",\"contentUrl\":\"https:\/\/agenciainfra.com\/blog\/wp-content\/uploads\/2023\/09\/iNFRA_5-e1761735885940.png\",\"width\":1672,\"height\":454,\"caption\":\"Ag\u00eancia iNFRA\"},\"image\":{\"@id\":\"https:\/\/agenciainfra.com\/blog\/#\/schema\/logo\/image\/\"},\"sameAs\":[\"https:\/\/www.facebook.com\/ageninfra\",\"https:\/\/x.com\/agencia_infra\",\"https:\/\/www.linkedin.com\/company\/ag\u00eanciainfra\/\",\"https:\/\/www.instagram.com\/agenciainfra\/\"]},{\"@type\":\"Person\",\"@id\":\"https:\/\/agenciainfra.com\/blog\/#\/schema\/person\/34af08dff6adea4cb22b06612ba7acfa\",\"name\":\"Ag\u00eancia iNFRA\",\"image\":{\"@type\":\"ImageObject\",\"inLanguage\":\"pt-BR\",\"@id\":\"https:\/\/agenciainfra.com\/blog\/#\/schema\/person\/image\/\",\"url\":\"https:\/\/secure.gravatar.com\/avatar\/d189e01678f06d8eb84d4e01f08eb848b3fffe3f8443818d3c356c66892f5be8?s=96&d=mm&r=g\",\"contentUrl\":\"https:\/\/secure.gravatar.com\/avatar\/d189e01678f06d8eb84d4e01f08eb848b3fffe3f8443818d3c356c66892f5be8?s=96&d=mm&r=g\",\"caption\":\"Ag\u00eancia iNFRA\"},\"url\":\"https:\/\/agenciainfra.com\/blog\/author\/admin\/\"}]}<\/script>\n<!-- \/ Yoast SEO Premium plugin. -->","yoast_head_json":{"title":"Ricardo Nunes chama Alexandre Silveira de \"p\u00e9ssimo ministro\" e diz que Lula poderia tirar Enel em \"um minuto\" - Ag\u00eancia iNFRA","robots":{"index":"index","follow":"follow","max-snippet":"max-snippet:-1","max-image-preview":"max-image-preview:large","max-video-preview":"max-video-preview:-1"},"canonical":"https:\/\/agenciainfra.com\/blog\/ricardo-nunes-chama-alexandre-silveira-de-pessimo-ministro-e-diz-que-lula-poderia-tirar-enel-em-um-minuto\/","og_locale":"pt_BR","og_type":"article","og_title":"Ricardo Nunes chama Alexandre Silveira de \"p\u00e9ssimo ministro\" e diz que Lula poderia tirar Enel em \"um minuto\"","og_description":"Geraldo Campos Jr. e Marisa Wanzeller, da\u00a0Ag\u00eancia iNFRA Um dia depois de ter sido reeleito em S\u00e3o Paulo, o prefeito Ricardo Nunes voltou a cobrar nesta segunda-feira&nbsp;(28) que o governo federal fa\u00e7a uma interven\u00e7\u00e3o na distribuidora de energia Enel. Ele chamou Alexandre Silveira de \u201cp\u00e9ssimo ministro\u201d e disse que, se o presidente Lula quiser, pode [&hellip;]","og_url":"https:\/\/agenciainfra.com\/blog\/ricardo-nunes-chama-alexandre-silveira-de-pessimo-ministro-e-diz-que-lula-poderia-tirar-enel-em-um-minuto\/","og_site_name":"Ag\u00eancia iNFRA","article_publisher":"https:\/\/www.facebook.com\/ageninfra","article_published_time":"2024-10-29T13:00:00+00:00","og_image":[{"width":1200,"height":800,"url":"https:\/\/agenciainfra.com\/blog\/wp-content\/uploads\/2024\/10\/ricardonunes-foto-governodesp-1.jpg","type":"image\/jpeg"}],"author":"Ag\u00eancia iNFRA","twitter_card":"summary_large_image","twitter_creator":"@agencia_infra","twitter_site":"@agencia_infra","twitter_misc":{"Escrito por":"Ag\u00eancia iNFRA","Est. tempo de leitura":"4 minutos"},"schema":{"@context":"https:\/\/schema.org","@graph":[{"@type":"Article","@id":"https:\/\/agenciainfra.com\/blog\/ricardo-nunes-chama-alexandre-silveira-de-pessimo-ministro-e-diz-que-lula-poderia-tirar-enel-em-um-minuto\/#article","isPartOf":{"@id":"https:\/\/agenciainfra.com\/blog\/ricardo-nunes-chama-alexandre-silveira-de-pessimo-ministro-e-diz-que-lula-poderia-tirar-enel-em-um-minuto\/"},"author":{"name":"Ag\u00eancia iNFRA","@id":"https:\/\/agenciainfra.com\/blog\/#\/schema\/person\/34af08dff6adea4cb22b06612ba7acfa"},"headline":"Ricardo Nunes chama Alexandre Silveira de &#8220;p\u00e9ssimo ministro&#8221; e diz que Lula poderia tirar Enel em &#8220;um minuto&#8221;","datePublished":"2024-10-29T13:00:00+00:00","mainEntityOfPage":{"@id":"https:\/\/agenciainfra.com\/blog\/ricardo-nunes-chama-alexandre-silveira-de-pessimo-ministro-e-diz-que-lula-poderia-tirar-enel-em-um-minuto\/"},"wordCount":902,"publisher":{"@id":"https:\/\/agenciainfra.com\/blog\/#organization"},"image":{"@id":"https:\/\/agenciainfra.com\/blog\/ricardo-nunes-chama-alexandre-silveira-de-pessimo-ministro-e-diz-que-lula-poderia-tirar-enel-em-um-minuto\/#primaryimage"},"thumbnailUrl":"https:\/\/agenciainfra.com\/blog\/wp-content\/uploads\/2024\/10\/ricardonunes-foto-governodesp-1.jpg","keywords":["Alexandre Silveira","apag\u00e3o","apag\u00e3o em sp","caducidade","elei\u00e7\u00f5es","Enel","Enel S\u00e3o Paulo","energia el\u00e9trica","Geraldo Campos Jr.","Lula","Marisa Wanzeller","MME","Prefeitura de S\u00e3o Paulo","Ricardo Nunes"],"articleSection":["Destaque lista","Geral","iNFRAEnergia"],"inLanguage":"pt-BR","copyrightYear":"2024","copyrightHolder":{"@id":"https:\/\/agenciainfra.com\/blog\/#organization"}},{"@type":"WebPage","@id":"https:\/\/agenciainfra.com\/blog\/ricardo-nunes-chama-alexandre-silveira-de-pessimo-ministro-e-diz-que-lula-poderia-tirar-enel-em-um-minuto\/","url":"https:\/\/agenciainfra.com\/blog\/ricardo-nunes-chama-alexandre-silveira-de-pessimo-ministro-e-diz-que-lula-poderia-tirar-enel-em-um-minuto\/","name":"Ricardo Nunes chama Alexandre Silveira de \"p\u00e9ssimo ministro\" e diz que Lula poderia tirar Enel em \"um minuto\" - Ag\u00eancia iNFRA","isPartOf":{"@id":"https:\/\/agenciainfra.com\/blog\/#website"},"primaryImageOfPage":{"@id":"https:\/\/agenciainfra.com\/blog\/ricardo-nunes-chama-alexandre-silveira-de-pessimo-ministro-e-diz-que-lula-poderia-tirar-enel-em-um-minuto\/#primaryimage"},"image":{"@id":"https:\/\/agenciainfra.com\/blog\/ricardo-nunes-chama-alexandre-silveira-de-pessimo-ministro-e-diz-que-lula-poderia-tirar-enel-em-um-minuto\/#primaryimage"},"thumbnailUrl":"https:\/\/agenciainfra.com\/blog\/wp-content\/uploads\/2024\/10\/ricardonunes-foto-governodesp-1.jpg","datePublished":"2024-10-29T13:00:00+00:00","breadcrumb":{"@id":"https:\/\/agenciainfra.com\/blog\/ricardo-nunes-chama-alexandre-silveira-de-pessimo-ministro-e-diz-que-lula-poderia-tirar-enel-em-um-minuto\/#breadcrumb"},"inLanguage":"pt-BR","potentialAction":[{"@type":"ReadAction","target":["https:\/\/agenciainfra.com\/blog\/ricardo-nunes-chama-alexandre-silveira-de-pessimo-ministro-e-diz-que-lula-poderia-tirar-enel-em-um-minuto\/"]}]},{"@type":"ImageObject","inLanguage":"pt-BR","@id":"https:\/\/agenciainfra.com\/blog\/ricardo-nunes-chama-alexandre-silveira-de-pessimo-ministro-e-diz-que-lula-poderia-tirar-enel-em-um-minuto\/#primaryimage","url":"https:\/\/agenciainfra.com\/blog\/wp-content\/uploads\/2024\/10\/ricardonunes-foto-governodesp-1.jpg","contentUrl":"https:\/\/agenciainfra.com\/blog\/wp-content\/uploads\/2024\/10\/ricardonunes-foto-governodesp-1.jpg","width":1200,"height":800},{"@type":"BreadcrumbList","@id":"https:\/\/agenciainfra.com\/blog\/ricardo-nunes-chama-alexandre-silveira-de-pessimo-ministro-e-diz-que-lula-poderia-tirar-enel-em-um-minuto\/#breadcrumb","itemListElement":[{"@type":"ListItem","position":1,"name":"In\u00edcio","item":"https:\/\/agenciainfra.com\/blog\/"},{"@type":"ListItem","position":2,"name":"Ricardo Nunes chama Alexandre Silveira de &#8220;p\u00e9ssimo ministro&#8221; e diz que Lula poderia tirar Enel em &#8220;um minuto&#8221;"}]},{"@type":"WebSite","@id":"https:\/\/agenciainfra.com\/blog\/#website","url":"https:\/\/agenciainfra.com\/blog\/","name":"Ag\u00eancia iNFRA","description":"Multiplataforma de informa\u00e7\u00e3o jornal\u00edstica refer\u00eancia na \u00e1rea de infraestrutura no Brasil!","publisher":{"@id":"https:\/\/agenciainfra.com\/blog\/#organization"},"potentialAction":[{"@type":"SearchAction","target":{"@type":"EntryPoint","urlTemplate":"https:\/\/agenciainfra.com\/blog\/?s={search_term_string}"},"query-input":{"@type":"PropertyValueSpecification","valueRequired":true,"valueName":"search_term_string"}}],"inLanguage":"pt-BR"},{"@type":"Organization","@id":"https:\/\/agenciainfra.com\/blog\/#organization","name":"Ag\u00eancia iNFRA","url":"https:\/\/agenciainfra.com\/blog\/","logo":{"@type":"ImageObject","inLanguage":"pt-BR","@id":"https:\/\/agenciainfra.com\/blog\/#\/schema\/logo\/image\/","url":"https:\/\/agenciainfra.com\/blog\/wp-content\/uploads\/2023\/09\/iNFRA_5-e1761735885940.png","contentUrl":"https:\/\/agenciainfra.com\/blog\/wp-content\/uploads\/2023\/09\/iNFRA_5-e1761735885940.png","width":1672,"height":454,"caption":"Ag\u00eancia iNFRA"},"image":{"@id":"https:\/\/agenciainfra.com\/blog\/#\/schema\/logo\/image\/"},"sameAs":["https:\/\/www.facebook.com\/ageninfra","https:\/\/x.com\/agencia_infra","https:\/\/www.linkedin.com\/company\/ag\u00eanciainfra\/","https:\/\/www.instagram.com\/agenciainfra\/"]},{"@type":"Person","@id":"https:\/\/agenciainfra.com\/blog\/#\/schema\/person\/34af08dff6adea4cb22b06612ba7acfa","name":"Ag\u00eancia iNFRA","image":{"@type":"ImageObject","inLanguage":"pt-BR","@id":"https:\/\/agenciainfra.com\/blog\/#\/schema\/person\/image\/","url":"https:\/\/secure.gravatar.com\/avatar\/d189e01678f06d8eb84d4e01f08eb848b3fffe3f8443818d3c356c66892f5be8?s=96&d=mm&r=g","contentUrl":"https:\/\/secure.gravatar.com\/avatar\/d189e01678f06d8eb84d4e01f08eb848b3fffe3f8443818d3c356c66892f5be8?s=96&d=mm&r=g","caption":"Ag\u00eancia iNFRA"},"url":"https:\/\/agenciainfra.com\/blog\/author\/admin\/"}]}},"_links":{"self":[{"href":"https:\/\/agenciainfra.com\/blog\/wp-json\/wp\/v2\/posts\/18920","targetHints":{"allow":["GET"]}}],"collection":[{"href":"https:\/\/agenciainfra.com\/blog\/wp-json\/wp\/v2\/posts"}],"about":[{"href":"https:\/\/agenciainfra.com\/blog\/wp-json\/wp\/v2\/types\/post"}],"author":[{"embeddable":true,"href":"https:\/\/agenciainfra.com\/blog\/wp-json\/wp\/v2\/users\/1"}],"replies":[{"embeddable":true,"href":"https:\/\/agenciainfra.com\/blog\/wp-json\/wp\/v2\/comments?post=18920"}],"version-history":[{"count":1,"href":"https:\/\/agenciainfra.com\/blog\/wp-json\/wp\/v2\/posts\/18920\/revisions"}],"predecessor-version":[{"id":18922,"href":"https:\/\/agenciainfra.com\/blog\/wp-json\/wp\/v2\/posts\/18920\/revisions\/18922"}],"wp:featuredmedia":[{"embeddable":true,"href":"https:\/\/agenciainfra.com\/blog\/wp-json\/wp\/v2\/media\/18921"}],"wp:attachment":[{"href":"https:\/\/agenciainfra.com\/blog\/wp-json\/wp\/v2\/media?parent=18920"}],"wp:term":[{"taxonomy":"category","embeddable":true,"href":"https:\/\/agenciainfra.com\/blog\/wp-json\/wp\/v2\/categories?post=18920"},{"taxonomy":"post_tag","embeddable":true,"href":"https:\/\/agenciainfra.com\/blog\/wp-json\/wp\/v2\/tags?post=18920"}],"curies":[{"name":"wp","href":"https:\/\/api.w.org\/{rel}","templated":true}]}}