{"id":18925,"date":"2024-10-29T08:00:00","date_gmt":"2024-10-29T11:00:00","guid":{"rendered":"https:\/\/agenciainfra.com\/blog\/?p=18925"},"modified":"2024-10-29T12:17:46","modified_gmt":"2024-10-29T15:17:46","slug":"presidente-da-vale-diz-esperar-que-acordo-de-renovacao-de-ferrovias-seja-concluido-em-2024","status":"publish","type":"post","link":"https:\/\/agenciainfra.com\/blog\/presidente-da-vale-diz-esperar-que-acordo-de-renovacao-de-ferrovias-seja-concluido-em-2024\/","title":{"rendered":"Presidente da Vale diz esperar que acordo de renova\u00e7\u00e3o de ferrovias seja conclu\u00eddo em 2024"},"content":{"rendered":"\n<p class=\"has-text-align-right\"><strong>Sheyla Santos, da Ag\u00eancia iNFRA<\/strong><\/p>\n\n\n\n<p>O presidente da Vale, Gustavo Pimenta, afirmou na \u00faltima sexta-feira (25) que as tratativas de renova\u00e7\u00e3o das ferrovias EFC (Estrada de Ferro Caraj\u00e1s) e EFVM (Estrada de Ferro Vit\u00f3ria a Minas), sob concess\u00e3o da empresa, t\u00eam avan\u00e7ado e que a companhia espera resolver a discuss\u00e3o at\u00e9 o fim de 2024. \u201cTem alguns procedimentos jur\u00eddicos que devem ser seguidos, mas esperamos que at\u00e9 o final do ano a gente consiga resolver essa discuss\u00e3o&#8221;, disse ele durante sua primeira participa\u00e7\u00e3o \u00e0 frente da presid\u00eancia da companhia em teleconfer\u00eancia de resultados financeiros do 3T24.<\/p>\n\n\n\n<p>\u201cTemos avan\u00e7ado, como mencionamos anteriormente, em muitos dos acordos em potencial e tamb\u00e9m [na] liquida\u00e7\u00e3o, defini\u00e7\u00e3o potencial, com o governo. E vamos concluir essa transa\u00e7\u00e3o tamb\u00e9m\u201d, completou.<\/p>\n\n\n\n<p><strong>Duplica\u00e7\u00e3o de rodovias<\/strong><br>Pela manh\u00e3, o executivo havia participado de cerim\u00f4nia no Pal\u00e1cio do Planalto para assinatura do acordo de Repactua\u00e7\u00e3o do Termo de Transa\u00e7\u00e3o de Ajustamento de Conduta em ressarcimento \u00e0 trag\u00e9dia de Mariana (MG). O novo acordo para reparar preju\u00edzos causados pelo rompimento da Barragem de Fund\u00e3o, ocorrido em novembro de 2015, foi firmado entre o governo, as empresas Vale, BHP Billiton e Samarco, e os estados de Minas Gerais e Esp\u00edrito Santo, no valor de R$ 132 bilh\u00f5es.<\/p>\n\n\n\n<p>Desse montante, R$ 15,29 bilh\u00f5es (15,52% da indeniza\u00e7\u00e3o) ser\u00e3o destinados a melhorias em rodovias e saneamento, sendo, aproximadamente, R$ 4,3 bilh\u00f5es para investimentos na BR-262\/ES e BR-356\/MG, que passar\u00e3o por obras de duplica\u00e7\u00e3o. E R$ 11 bilh\u00f5es para obras de saneamento em Minas e no Esp\u00edrito Santo.<\/p>\n\n\n\n<p>O BNDES (Banco Nacional de Desenvolvimento Econ\u00f4mico e Social) far\u00e1 a gest\u00e3o do Fundo Rio Doce, no valor de R$ 100 bilh\u00f5es. Os recursos ser\u00e3o pagos pelas tr\u00eas empresas de forma parcelada durante 20 anos. De acordo com o banco de fomento, o primeiro pagamento de R$ 5 bilh\u00f5es ser\u00e1 feito 30 dias ap\u00f3s a assinatura do acordo judicial. O fundo privado, bem como suas regras, ser\u00e1 regulamentado por decreto presidencial e ter\u00e1 um Comit\u00ea Gestor para estabelecer diretrizes, aprovar plano anual de aplica\u00e7\u00e3o dos recursos e relat\u00f3rios de execu\u00e7\u00e3o.<\/p>\n\n\n\n<p>J\u00e1 o pagamento dos R$ 32 bilh\u00f5es restantes ser\u00e1 distribu\u00eddo em obriga\u00e7\u00f5es das empresas, incluindo indeniza\u00e7\u00f5es individuais. Al\u00e9m dos R$ 132 bilh\u00f5es, o governo afirma que as empresas j\u00e1 desembolsaram R$ 38 bilh\u00f5es por meio da Funda\u00e7\u00e3o Renova, gerida pela Samarco, que com o novo acordo ser\u00e1 extinguida.<\/p>\n\n\n\n<p><strong>PPPs para saneamento<\/strong><br>O advogado-geral da Uni\u00e3o, Jorge Messias, que conduziu o acordo, disse que, a partir da aloca\u00e7\u00e3o dos recursos, a modelagem institucional, jur\u00eddica e econ\u00f4mica destinada \u00e0s rodovias ainda vai ser estudada pela Uni\u00e3o e os estados. Em rela\u00e7\u00e3o ao saneamento, ele ressaltou que o ministro Rui Costa, da Casa Civil, sinalizou a possibilidade de construir PPPs (Parcerias P\u00fablico-Privadas). Leia&nbsp;<a href=\"https:\/\/agenciainfra.us14.list-manage.com\/track\/click?u=d460dd1bcf9ba0ae040e1fc0f&amp;id=2cd2d94d7e&amp;e=55b7a27fc9\" rel=\"noreferrer noopener\" target=\"_blank\">aqui<\/a>&nbsp;a apresenta\u00e7\u00e3o sobre o acordo de repactua\u00e7\u00e3o.<\/p>\n\n\n\n<p>O governador de Minas Gerais, Romeu Zema, afirmou que o plano do estado tem sido conceder as rodovias que t\u00eam viabilidade econ\u00f4mica para a iniciativa privada. \u201cMas cada caso \u00e9 um caso. Se n\u00f3s aplicarmos numa rodovia que n\u00e3o tem viabilidade econ\u00f4mica vai caber ao estado estar dando a manuten\u00e7\u00e3o\u201d, disse.<\/p>\n\n\n\n<p>Renato Casagrande, governador do Esp\u00edrito Santo, afirmou que os recursos para rodovias ser\u00e3o destinados a melhorias na BR-262. \u201cN\u00f3s temos duas alternativas. A gente vai descentralizar esse recurso para o DNIT [Departamento Nacional de Infraestrutura de Transportes] e o DNIT poder\u00e1 fazer uma contrata\u00e7\u00e3o da obra (&#8230;) e ao mesmo tempo vai ter que fazer a concess\u00e3o do restante desse trecho. Ou esse recurso poder\u00e1 entrar numa concess\u00e3o patrocinada\u201d, explicou.<\/p>\n\n\n\n<p><strong>Comiss\u00e3o de ferrovias<\/strong><br>O Minist\u00e9rio dos Transportes publicou, na sexta-feira, a&nbsp;<a href=\"https:\/\/agenciainfra.us14.list-manage.com\/track\/click?u=d460dd1bcf9ba0ae040e1fc0f&amp;id=c71bda3dbd&amp;e=55b7a27fc9\" rel=\"noreferrer noopener\" target=\"_blank\">Portaria 974<\/a>, que institui comiss\u00e3o permanente para acompanhar a estrutura\u00e7\u00e3o de empreendimentos ferrovi\u00e1rios, que possam potencialmente ser explorados em regime p\u00fablico, mediante outorga de concess\u00e3o. Essa comiss\u00e3o vai trabalhar para formatar as novas concess\u00f5es do Plano Nacional de Ferrovias, a ser anunciado.<\/p>\n\n\n\n<p>Segundo a pasta, as delibera\u00e7\u00f5es da comiss\u00e3o servir\u00e3o para subsidiar decis\u00f5es e alinhar a\u00e7\u00f5es entre os \u00f3rg\u00e3os envolvidos no processo de estrutura\u00e7\u00e3o dos empreendimentos. A comiss\u00e3o ser\u00e1 presidida por um representante da Secretaria Nacional de Transporte Ferrovi\u00e1rio e formada por representantes da pasta e de \u00f3rg\u00e3os como a ANTT (Ag\u00eancia Nacional de Transportes Terrestres) e a Infra S.A.<\/p>\n","protected":false},"excerpt":{"rendered":"<p>Sheyla Santos, da Ag\u00eancia iNFRA O presidente da Vale, Gustavo Pimenta, afirmou na \u00faltima sexta-feira (25) que as tratativas de renova\u00e7\u00e3o das ferrovias EFC (Estrada de Ferro Caraj\u00e1s) e EFVM (Estrada de Ferro Vit\u00f3ria a Minas), sob concess\u00e3o da empresa, t\u00eam avan\u00e7ado e que a companhia espera resolver a discuss\u00e3o at\u00e9 o fim de 2024. [&hellip;]<\/p>\n","protected":false},"author":1,"featured_media":18926,"comment_status":"closed","ping_status":"closed","sticky":false,"template":"","format":"standard","meta":{"_monsterinsights_skip_tracking":false,"_monsterinsights_sitenote_active":false,"_monsterinsights_sitenote_note":"","_monsterinsights_sitenote_category":0,"footnotes":""},"categories":[7250,1,7],"tags":[5978,78,229,228,120,11612,34,32,7169,5067,83],"class_list":["post-18925","post","type-post","status-publish","format-standard","has-post-thumbnail","hentry","category-destaque-lista","category-geral","category-infratransporte","tag-acordo-de-mariana","tag-concessoes","tag-efc","tag-efvm","tag-ferrovias","tag-gustavo-pimenta","tag-infraestrutura","tag-investimentos","tag-renovacao-de-concessoes","tag-renovacao-de-ferrovias","tag-vale"],"yoast_head":"<!-- This site is optimized with the Yoast SEO Premium plugin v25.4 (Yoast SEO v26.0) - https:\/\/yoast.com\/wordpress\/plugins\/seo\/ -->\n<title>Presidente da Vale diz esperar que acordo de renova\u00e7\u00e3o de ferrovias seja conclu\u00eddo em 2024 - Ag\u00eancia iNFRA<\/title>\n<meta name=\"robots\" content=\"index, follow, max-snippet:-1, max-image-preview:large, max-video-preview:-1\" \/>\n<link rel=\"canonical\" href=\"https:\/\/agenciainfra.com\/blog\/presidente-da-vale-diz-esperar-que-acordo-de-renovacao-de-ferrovias-seja-concluido-em-2024\/\" \/>\n<meta property=\"og:locale\" content=\"pt_BR\" \/>\n<meta property=\"og:type\" content=\"article\" \/>\n<meta property=\"og:title\" content=\"Presidente da Vale diz esperar que acordo de renova\u00e7\u00e3o de ferrovias seja conclu\u00eddo em 2024\" \/>\n<meta property=\"og:description\" content=\"Sheyla Santos, da Ag\u00eancia iNFRA O presidente da Vale, Gustavo Pimenta, afirmou na \u00faltima sexta-feira (25) que as tratativas de renova\u00e7\u00e3o das ferrovias EFC (Estrada de Ferro Caraj\u00e1s) e EFVM (Estrada de Ferro Vit\u00f3ria a Minas), sob concess\u00e3o da empresa, t\u00eam avan\u00e7ado e que a companhia espera resolver a discuss\u00e3o at\u00e9 o fim de 2024. [&hellip;]\" \/>\n<meta property=\"og:url\" content=\"https:\/\/agenciainfra.com\/blog\/presidente-da-vale-diz-esperar-que-acordo-de-renovacao-de-ferrovias-seja-concluido-em-2024\/\" \/>\n<meta property=\"og:site_name\" content=\"Ag\u00eancia iNFRA\" \/>\n<meta property=\"article:publisher\" content=\"https:\/\/www.facebook.com\/ageninfra\" \/>\n<meta property=\"article:published_time\" content=\"2024-10-29T11:00:00+00:00\" \/>\n<meta property=\"article:modified_time\" content=\"2024-10-29T15:17:46+00:00\" \/>\n<meta property=\"og:image\" content=\"https:\/\/agenciainfra.com\/blog\/wp-content\/uploads\/2024\/10\/gustavo-pimenta-foto-divulgacao-vale.jpg\" \/>\n\t<meta property=\"og:image:width\" content=\"1200\" \/>\n\t<meta property=\"og:image:height\" content=\"731\" \/>\n\t<meta property=\"og:image:type\" content=\"image\/jpeg\" \/>\n<meta name=\"author\" content=\"Ag\u00eancia iNFRA\" \/>\n<meta name=\"twitter:card\" content=\"summary_large_image\" \/>\n<meta name=\"twitter:creator\" content=\"@agencia_infra\" \/>\n<meta name=\"twitter:site\" content=\"@agencia_infra\" \/>\n<meta name=\"twitter:label1\" content=\"Escrito por\" \/>\n\t<meta name=\"twitter:data1\" content=\"Ag\u00eancia iNFRA\" \/>\n\t<meta name=\"twitter:label2\" content=\"Est. tempo de leitura\" \/>\n\t<meta name=\"twitter:data2\" content=\"4 minutos\" \/>\n<script type=\"application\/ld+json\" class=\"yoast-schema-graph\">{\"@context\":\"https:\/\/schema.org\",\"@graph\":[{\"@type\":\"Article\",\"@id\":\"https:\/\/agenciainfra.com\/blog\/presidente-da-vale-diz-esperar-que-acordo-de-renovacao-de-ferrovias-seja-concluido-em-2024\/#article\",\"isPartOf\":{\"@id\":\"https:\/\/agenciainfra.com\/blog\/presidente-da-vale-diz-esperar-que-acordo-de-renovacao-de-ferrovias-seja-concluido-em-2024\/\"},\"author\":{\"name\":\"Ag\u00eancia iNFRA\",\"@id\":\"https:\/\/agenciainfra.com\/blog\/#\/schema\/person\/34af08dff6adea4cb22b06612ba7acfa\"},\"headline\":\"Presidente da Vale diz esperar que acordo de renova\u00e7\u00e3o de ferrovias seja conclu\u00eddo em 2024\",\"datePublished\":\"2024-10-29T11:00:00+00:00\",\"dateModified\":\"2024-10-29T15:17:46+00:00\",\"mainEntityOfPage\":{\"@id\":\"https:\/\/agenciainfra.com\/blog\/presidente-da-vale-diz-esperar-que-acordo-de-renovacao-de-ferrovias-seja-concluido-em-2024\/\"},\"wordCount\":789,\"publisher\":{\"@id\":\"https:\/\/agenciainfra.com\/blog\/#organization\"},\"image\":{\"@id\":\"https:\/\/agenciainfra.com\/blog\/presidente-da-vale-diz-esperar-que-acordo-de-renovacao-de-ferrovias-seja-concluido-em-2024\/#primaryimage\"},\"thumbnailUrl\":\"https:\/\/agenciainfra.com\/blog\/wp-content\/uploads\/2024\/10\/gustavo-pimenta-foto-divulgacao-vale.jpg\",\"keywords\":[\"Acordo de Mariana\",\"concess\u00f5es\",\"EFC\",\"EFVM\",\"Ferrovias\",\"Gustavo Pimenta\",\"Infraestrutura\",\"Investimentos\",\"renova\u00e7\u00e3o de concess\u00f5es\",\"renova\u00e7\u00e3o de ferrovias\",\"Vale\"],\"articleSection\":[\"Destaque lista\",\"Geral\",\"iNFRATransporte\"],\"inLanguage\":\"pt-BR\",\"copyrightYear\":\"2024\",\"copyrightHolder\":{\"@id\":\"https:\/\/agenciainfra.com\/blog\/#organization\"}},{\"@type\":\"WebPage\",\"@id\":\"https:\/\/agenciainfra.com\/blog\/presidente-da-vale-diz-esperar-que-acordo-de-renovacao-de-ferrovias-seja-concluido-em-2024\/\",\"url\":\"https:\/\/agenciainfra.com\/blog\/presidente-da-vale-diz-esperar-que-acordo-de-renovacao-de-ferrovias-seja-concluido-em-2024\/\",\"name\":\"Presidente da Vale diz esperar que acordo de renova\u00e7\u00e3o de ferrovias seja conclu\u00eddo em 2024 - Ag\u00eancia iNFRA\",\"isPartOf\":{\"@id\":\"https:\/\/agenciainfra.com\/blog\/#website\"},\"primaryImageOfPage\":{\"@id\":\"https:\/\/agenciainfra.com\/blog\/presidente-da-vale-diz-esperar-que-acordo-de-renovacao-de-ferrovias-seja-concluido-em-2024\/#primaryimage\"},\"image\":{\"@id\":\"https:\/\/agenciainfra.com\/blog\/presidente-da-vale-diz-esperar-que-acordo-de-renovacao-de-ferrovias-seja-concluido-em-2024\/#primaryimage\"},\"thumbnailUrl\":\"https:\/\/agenciainfra.com\/blog\/wp-content\/uploads\/2024\/10\/gustavo-pimenta-foto-divulgacao-vale.jpg\",\"datePublished\":\"2024-10-29T11:00:00+00:00\",\"dateModified\":\"2024-10-29T15:17:46+00:00\",\"breadcrumb\":{\"@id\":\"https:\/\/agenciainfra.com\/blog\/presidente-da-vale-diz-esperar-que-acordo-de-renovacao-de-ferrovias-seja-concluido-em-2024\/#breadcrumb\"},\"inLanguage\":\"pt-BR\",\"potentialAction\":[{\"@type\":\"ReadAction\",\"target\":[\"https:\/\/agenciainfra.com\/blog\/presidente-da-vale-diz-esperar-que-acordo-de-renovacao-de-ferrovias-seja-concluido-em-2024\/\"]}]},{\"@type\":\"ImageObject\",\"inLanguage\":\"pt-BR\",\"@id\":\"https:\/\/agenciainfra.com\/blog\/presidente-da-vale-diz-esperar-que-acordo-de-renovacao-de-ferrovias-seja-concluido-em-2024\/#primaryimage\",\"url\":\"https:\/\/agenciainfra.com\/blog\/wp-content\/uploads\/2024\/10\/gustavo-pimenta-foto-divulgacao-vale.jpg\",\"contentUrl\":\"https:\/\/agenciainfra.com\/blog\/wp-content\/uploads\/2024\/10\/gustavo-pimenta-foto-divulgacao-vale.jpg\",\"width\":1200,\"height\":731,\"caption\":\"Foto: Divulga\u00e7\u00e3o\/Vale\"},{\"@type\":\"BreadcrumbList\",\"@id\":\"https:\/\/agenciainfra.com\/blog\/presidente-da-vale-diz-esperar-que-acordo-de-renovacao-de-ferrovias-seja-concluido-em-2024\/#breadcrumb\",\"itemListElement\":[{\"@type\":\"ListItem\",\"position\":1,\"name\":\"In\u00edcio\",\"item\":\"https:\/\/agenciainfra.com\/blog\/\"},{\"@type\":\"ListItem\",\"position\":2,\"name\":\"Presidente da Vale diz esperar que acordo de renova\u00e7\u00e3o de ferrovias seja conclu\u00eddo em 2024\"}]},{\"@type\":\"WebSite\",\"@id\":\"https:\/\/agenciainfra.com\/blog\/#website\",\"url\":\"https:\/\/agenciainfra.com\/blog\/\",\"name\":\"Ag\u00eancia iNFRA\",\"description\":\"Multiplataforma de informa\u00e7\u00e3o jornal\u00edstica refer\u00eancia na \u00e1rea de infraestrutura no Brasil!\",\"publisher\":{\"@id\":\"https:\/\/agenciainfra.com\/blog\/#organization\"},\"potentialAction\":[{\"@type\":\"SearchAction\",\"target\":{\"@type\":\"EntryPoint\",\"urlTemplate\":\"https:\/\/agenciainfra.com\/blog\/?s={search_term_string}\"},\"query-input\":{\"@type\":\"PropertyValueSpecification\",\"valueRequired\":true,\"valueName\":\"search_term_string\"}}],\"inLanguage\":\"pt-BR\"},{\"@type\":\"Organization\",\"@id\":\"https:\/\/agenciainfra.com\/blog\/#organization\",\"name\":\"Ag\u00eancia iNFRA\",\"url\":\"https:\/\/agenciainfra.com\/blog\/\",\"logo\":{\"@type\":\"ImageObject\",\"inLanguage\":\"pt-BR\",\"@id\":\"https:\/\/agenciainfra.com\/blog\/#\/schema\/logo\/image\/\",\"url\":\"https:\/\/agenciainfra.com\/blog\/wp-content\/uploads\/2023\/09\/iNFRA_5-e1761735885940.png\",\"contentUrl\":\"https:\/\/agenciainfra.com\/blog\/wp-content\/uploads\/2023\/09\/iNFRA_5-e1761735885940.png\",\"width\":1672,\"height\":454,\"caption\":\"Ag\u00eancia iNFRA\"},\"image\":{\"@id\":\"https:\/\/agenciainfra.com\/blog\/#\/schema\/logo\/image\/\"},\"sameAs\":[\"https:\/\/www.facebook.com\/ageninfra\",\"https:\/\/x.com\/agencia_infra\",\"https:\/\/www.linkedin.com\/company\/ag\u00eanciainfra\/\",\"https:\/\/www.instagram.com\/agenciainfra\/\"]},{\"@type\":\"Person\",\"@id\":\"https:\/\/agenciainfra.com\/blog\/#\/schema\/person\/34af08dff6adea4cb22b06612ba7acfa\",\"name\":\"Ag\u00eancia iNFRA\",\"image\":{\"@type\":\"ImageObject\",\"inLanguage\":\"pt-BR\",\"@id\":\"https:\/\/agenciainfra.com\/blog\/#\/schema\/person\/image\/\",\"url\":\"https:\/\/secure.gravatar.com\/avatar\/d189e01678f06d8eb84d4e01f08eb848b3fffe3f8443818d3c356c66892f5be8?s=96&d=mm&r=g\",\"contentUrl\":\"https:\/\/secure.gravatar.com\/avatar\/d189e01678f06d8eb84d4e01f08eb848b3fffe3f8443818d3c356c66892f5be8?s=96&d=mm&r=g\",\"caption\":\"Ag\u00eancia iNFRA\"},\"url\":\"https:\/\/agenciainfra.com\/blog\/author\/admin\/\"}]}<\/script>\n<!-- \/ Yoast SEO Premium plugin. -->","yoast_head_json":{"title":"Presidente da Vale diz esperar que acordo de renova\u00e7\u00e3o de ferrovias seja conclu\u00eddo em 2024 - Ag\u00eancia iNFRA","robots":{"index":"index","follow":"follow","max-snippet":"max-snippet:-1","max-image-preview":"max-image-preview:large","max-video-preview":"max-video-preview:-1"},"canonical":"https:\/\/agenciainfra.com\/blog\/presidente-da-vale-diz-esperar-que-acordo-de-renovacao-de-ferrovias-seja-concluido-em-2024\/","og_locale":"pt_BR","og_type":"article","og_title":"Presidente da Vale diz esperar que acordo de renova\u00e7\u00e3o de ferrovias seja conclu\u00eddo em 2024","og_description":"Sheyla Santos, da Ag\u00eancia iNFRA O presidente da Vale, Gustavo Pimenta, afirmou na \u00faltima sexta-feira (25) que as tratativas de renova\u00e7\u00e3o das ferrovias EFC (Estrada de Ferro Caraj\u00e1s) e EFVM (Estrada de Ferro Vit\u00f3ria a Minas), sob concess\u00e3o da empresa, t\u00eam avan\u00e7ado e que a companhia espera resolver a discuss\u00e3o at\u00e9 o fim de 2024. [&hellip;]","og_url":"https:\/\/agenciainfra.com\/blog\/presidente-da-vale-diz-esperar-que-acordo-de-renovacao-de-ferrovias-seja-concluido-em-2024\/","og_site_name":"Ag\u00eancia iNFRA","article_publisher":"https:\/\/www.facebook.com\/ageninfra","article_published_time":"2024-10-29T11:00:00+00:00","article_modified_time":"2024-10-29T15:17:46+00:00","og_image":[{"width":1200,"height":731,"url":"https:\/\/agenciainfra.com\/blog\/wp-content\/uploads\/2024\/10\/gustavo-pimenta-foto-divulgacao-vale.jpg","type":"image\/jpeg"}],"author":"Ag\u00eancia iNFRA","twitter_card":"summary_large_image","twitter_creator":"@agencia_infra","twitter_site":"@agencia_infra","twitter_misc":{"Escrito por":"Ag\u00eancia iNFRA","Est. tempo de leitura":"4 minutos"},"schema":{"@context":"https:\/\/schema.org","@graph":[{"@type":"Article","@id":"https:\/\/agenciainfra.com\/blog\/presidente-da-vale-diz-esperar-que-acordo-de-renovacao-de-ferrovias-seja-concluido-em-2024\/#article","isPartOf":{"@id":"https:\/\/agenciainfra.com\/blog\/presidente-da-vale-diz-esperar-que-acordo-de-renovacao-de-ferrovias-seja-concluido-em-2024\/"},"author":{"name":"Ag\u00eancia iNFRA","@id":"https:\/\/agenciainfra.com\/blog\/#\/schema\/person\/34af08dff6adea4cb22b06612ba7acfa"},"headline":"Presidente da Vale diz esperar que acordo de renova\u00e7\u00e3o de ferrovias seja conclu\u00eddo em 2024","datePublished":"2024-10-29T11:00:00+00:00","dateModified":"2024-10-29T15:17:46+00:00","mainEntityOfPage":{"@id":"https:\/\/agenciainfra.com\/blog\/presidente-da-vale-diz-esperar-que-acordo-de-renovacao-de-ferrovias-seja-concluido-em-2024\/"},"wordCount":789,"publisher":{"@id":"https:\/\/agenciainfra.com\/blog\/#organization"},"image":{"@id":"https:\/\/agenciainfra.com\/blog\/presidente-da-vale-diz-esperar-que-acordo-de-renovacao-de-ferrovias-seja-concluido-em-2024\/#primaryimage"},"thumbnailUrl":"https:\/\/agenciainfra.com\/blog\/wp-content\/uploads\/2024\/10\/gustavo-pimenta-foto-divulgacao-vale.jpg","keywords":["Acordo de Mariana","concess\u00f5es","EFC","EFVM","Ferrovias","Gustavo Pimenta","Infraestrutura","Investimentos","renova\u00e7\u00e3o de concess\u00f5es","renova\u00e7\u00e3o de ferrovias","Vale"],"articleSection":["Destaque lista","Geral","iNFRATransporte"],"inLanguage":"pt-BR","copyrightYear":"2024","copyrightHolder":{"@id":"https:\/\/agenciainfra.com\/blog\/#organization"}},{"@type":"WebPage","@id":"https:\/\/agenciainfra.com\/blog\/presidente-da-vale-diz-esperar-que-acordo-de-renovacao-de-ferrovias-seja-concluido-em-2024\/","url":"https:\/\/agenciainfra.com\/blog\/presidente-da-vale-diz-esperar-que-acordo-de-renovacao-de-ferrovias-seja-concluido-em-2024\/","name":"Presidente da Vale diz esperar que acordo de renova\u00e7\u00e3o de ferrovias seja conclu\u00eddo em 2024 - Ag\u00eancia iNFRA","isPartOf":{"@id":"https:\/\/agenciainfra.com\/blog\/#website"},"primaryImageOfPage":{"@id":"https:\/\/agenciainfra.com\/blog\/presidente-da-vale-diz-esperar-que-acordo-de-renovacao-de-ferrovias-seja-concluido-em-2024\/#primaryimage"},"image":{"@id":"https:\/\/agenciainfra.com\/blog\/presidente-da-vale-diz-esperar-que-acordo-de-renovacao-de-ferrovias-seja-concluido-em-2024\/#primaryimage"},"thumbnailUrl":"https:\/\/agenciainfra.com\/blog\/wp-content\/uploads\/2024\/10\/gustavo-pimenta-foto-divulgacao-vale.jpg","datePublished":"2024-10-29T11:00:00+00:00","dateModified":"2024-10-29T15:17:46+00:00","breadcrumb":{"@id":"https:\/\/agenciainfra.com\/blog\/presidente-da-vale-diz-esperar-que-acordo-de-renovacao-de-ferrovias-seja-concluido-em-2024\/#breadcrumb"},"inLanguage":"pt-BR","potentialAction":[{"@type":"ReadAction","target":["https:\/\/agenciainfra.com\/blog\/presidente-da-vale-diz-esperar-que-acordo-de-renovacao-de-ferrovias-seja-concluido-em-2024\/"]}]},{"@type":"ImageObject","inLanguage":"pt-BR","@id":"https:\/\/agenciainfra.com\/blog\/presidente-da-vale-diz-esperar-que-acordo-de-renovacao-de-ferrovias-seja-concluido-em-2024\/#primaryimage","url":"https:\/\/agenciainfra.com\/blog\/wp-content\/uploads\/2024\/10\/gustavo-pimenta-foto-divulgacao-vale.jpg","contentUrl":"https:\/\/agenciainfra.com\/blog\/wp-content\/uploads\/2024\/10\/gustavo-pimenta-foto-divulgacao-vale.jpg","width":1200,"height":731,"caption":"Foto: Divulga\u00e7\u00e3o\/Vale"},{"@type":"BreadcrumbList","@id":"https:\/\/agenciainfra.com\/blog\/presidente-da-vale-diz-esperar-que-acordo-de-renovacao-de-ferrovias-seja-concluido-em-2024\/#breadcrumb","itemListElement":[{"@type":"ListItem","position":1,"name":"In\u00edcio","item":"https:\/\/agenciainfra.com\/blog\/"},{"@type":"ListItem","position":2,"name":"Presidente da Vale diz esperar que acordo de renova\u00e7\u00e3o de ferrovias seja conclu\u00eddo em 2024"}]},{"@type":"WebSite","@id":"https:\/\/agenciainfra.com\/blog\/#website","url":"https:\/\/agenciainfra.com\/blog\/","name":"Ag\u00eancia iNFRA","description":"Multiplataforma de informa\u00e7\u00e3o jornal\u00edstica refer\u00eancia na \u00e1rea de infraestrutura no Brasil!","publisher":{"@id":"https:\/\/agenciainfra.com\/blog\/#organization"},"potentialAction":[{"@type":"SearchAction","target":{"@type":"EntryPoint","urlTemplate":"https:\/\/agenciainfra.com\/blog\/?s={search_term_string}"},"query-input":{"@type":"PropertyValueSpecification","valueRequired":true,"valueName":"search_term_string"}}],"inLanguage":"pt-BR"},{"@type":"Organization","@id":"https:\/\/agenciainfra.com\/blog\/#organization","name":"Ag\u00eancia iNFRA","url":"https:\/\/agenciainfra.com\/blog\/","logo":{"@type":"ImageObject","inLanguage":"pt-BR","@id":"https:\/\/agenciainfra.com\/blog\/#\/schema\/logo\/image\/","url":"https:\/\/agenciainfra.com\/blog\/wp-content\/uploads\/2023\/09\/iNFRA_5-e1761735885940.png","contentUrl":"https:\/\/agenciainfra.com\/blog\/wp-content\/uploads\/2023\/09\/iNFRA_5-e1761735885940.png","width":1672,"height":454,"caption":"Ag\u00eancia iNFRA"},"image":{"@id":"https:\/\/agenciainfra.com\/blog\/#\/schema\/logo\/image\/"},"sameAs":["https:\/\/www.facebook.com\/ageninfra","https:\/\/x.com\/agencia_infra","https:\/\/www.linkedin.com\/company\/ag\u00eanciainfra\/","https:\/\/www.instagram.com\/agenciainfra\/"]},{"@type":"Person","@id":"https:\/\/agenciainfra.com\/blog\/#\/schema\/person\/34af08dff6adea4cb22b06612ba7acfa","name":"Ag\u00eancia iNFRA","image":{"@type":"ImageObject","inLanguage":"pt-BR","@id":"https:\/\/agenciainfra.com\/blog\/#\/schema\/person\/image\/","url":"https:\/\/secure.gravatar.com\/avatar\/d189e01678f06d8eb84d4e01f08eb848b3fffe3f8443818d3c356c66892f5be8?s=96&d=mm&r=g","contentUrl":"https:\/\/secure.gravatar.com\/avatar\/d189e01678f06d8eb84d4e01f08eb848b3fffe3f8443818d3c356c66892f5be8?s=96&d=mm&r=g","caption":"Ag\u00eancia iNFRA"},"url":"https:\/\/agenciainfra.com\/blog\/author\/admin\/"}]}},"_links":{"self":[{"href":"https:\/\/agenciainfra.com\/blog\/wp-json\/wp\/v2\/posts\/18925","targetHints":{"allow":["GET"]}}],"collection":[{"href":"https:\/\/agenciainfra.com\/blog\/wp-json\/wp\/v2\/posts"}],"about":[{"href":"https:\/\/agenciainfra.com\/blog\/wp-json\/wp\/v2\/types\/post"}],"author":[{"embeddable":true,"href":"https:\/\/agenciainfra.com\/blog\/wp-json\/wp\/v2\/users\/1"}],"replies":[{"embeddable":true,"href":"https:\/\/agenciainfra.com\/blog\/wp-json\/wp\/v2\/comments?post=18925"}],"version-history":[{"count":1,"href":"https:\/\/agenciainfra.com\/blog\/wp-json\/wp\/v2\/posts\/18925\/revisions"}],"predecessor-version":[{"id":18927,"href":"https:\/\/agenciainfra.com\/blog\/wp-json\/wp\/v2\/posts\/18925\/revisions\/18927"}],"wp:featuredmedia":[{"embeddable":true,"href":"https:\/\/agenciainfra.com\/blog\/wp-json\/wp\/v2\/media\/18926"}],"wp:attachment":[{"href":"https:\/\/agenciainfra.com\/blog\/wp-json\/wp\/v2\/media?parent=18925"}],"wp:term":[{"taxonomy":"category","embeddable":true,"href":"https:\/\/agenciainfra.com\/blog\/wp-json\/wp\/v2\/categories?post=18925"},{"taxonomy":"post_tag","embeddable":true,"href":"https:\/\/agenciainfra.com\/blog\/wp-json\/wp\/v2\/tags?post=18925"}],"curies":[{"name":"wp","href":"https:\/\/api.w.org\/{rel}","templated":true}]}}