{"id":18940,"date":"2024-10-31T15:00:00","date_gmt":"2024-10-31T18:00:00","guid":{"rendered":"https:\/\/agenciainfra.com\/blog\/?p=18940"},"modified":"2024-11-01T12:27:51","modified_gmt":"2024-11-01T15:27:51","slug":"opiniao-os-interminaveis-obstaculos-de-obtencao-do-reidi-para-geracao-distribuida","status":"publish","type":"post","link":"https:\/\/agenciainfra.com\/blog\/opiniao-os-interminaveis-obstaculos-de-obtencao-do-reidi-para-geracao-distribuida\/","title":{"rendered":"Opini\u00e3o \u2013 Os intermin\u00e1veis obst\u00e1culos de obten\u00e7\u00e3o do REIDI para gera\u00e7\u00e3o distribu\u00edda"},"content":{"rendered":"\n<p class=\"has-text-align-right\"><strong>Luis Claudio Yukio* e Gabriela Santos<\/strong>**<\/p>\n\n\n\n<p>N\u00e3o \u00e9 novidade que, ap\u00f3s a promulga\u00e7\u00e3o da Lei n\u00b0 14.300, de 6 de janeiro de 2022, conhecida como o Marco Legal da Gera\u00e7\u00e3o Distribu\u00edda, o Governo Federal fez de tudo para afastar o disposto no artigo 28, ou seja, a concess\u00e3o do benef\u00edcio ao Reidi (Regime Especial de Incentivos para o Desenvolvimento da Infraestrutura) para gera\u00e7\u00e3o distribu\u00edda (minigera\u00e7\u00e3o \u2013 projetos de energia enquadrados entre 75 kW a 5MW no caso de solar e e\u00f3licas).<\/p>\n\n\n\n<p>A primeira tentativa foi o veto presidencial ao mencionado artigo 28, veto esse derrubado em agosto de 2022 pelo Poder Legislativo. Ou seja, na contagem mais conservadora pode-se dizer que os contribuintes teriam direito ao Reidi desde meados do ano de 2022. Mesmo com a mudan\u00e7a de governo, o direito dos contribuintes ficou em um segundo plano, pois, apesar de garantido em Lei, a administra\u00e7\u00e3o direta postergava a regulamenta\u00e7\u00e3o do pedido de Reidi.<\/p>\n\n\n\n<p>Com efeito, o MME (Minist\u00e9rio de Minas e Energia) demorou cerca de dois anos para publicar a regulamenta\u00e7\u00e3o necess\u00e1ria \u00e0 obten\u00e7\u00e3o desse benef\u00edcio fiscal. Essa regulamenta\u00e7\u00e3o foi t\u00e3o somente publicada por meio da Portaria Normativa n\u00b0 78\/GM\/MME, em 5 de junho de 2024, no Di\u00e1rio Oficial da Uni\u00e3o.<\/p>\n\n\n\n<p>\u00c9 importante ter em mente que o objetivo do Reidi \u00e9 suspender a incid\u00eancia do PIS (Programa de Integra\u00e7\u00e3o Social), da Cofins (Contribui\u00e7\u00e3o para o Financiamento da Seguridade Social), do PIS-Importa\u00e7\u00e3o e da Cofins-Importa\u00e7\u00e3o sobre os equipamentos e servi\u00e7os incorporados \u00e0 usina de energia constru\u00edda.<\/p>\n\n\n\n<p>Nesse sentido, a publica\u00e7\u00e3o da referida regulamenta\u00e7\u00e3o parecia, finalmente, sinalizar uma oportunidade para usufruir desse benef\u00edcio fiscal, uma vez que sua inten\u00e7\u00e3o \u00e9 justamente incentivar a expans\u00e3o da minigera\u00e7\u00e3o distribu\u00edda de energia el\u00e9trica.<\/p>\n\n\n\n<p>Na pr\u00e1tica, n\u00e3o foi isso que se verificou com a primeira an\u00e1lise dos projetos de Gera\u00e7\u00e3o Distribu\u00edda uma vez que a regulamenta\u00e7\u00e3o tenha aparentemente resolvido parte do problema, a ANEEL (Ag\u00eancia Nacional de Energia El\u00e9trica) e o MME ainda enfrentam desafios para adequar seus sistemas e conceito \u00e0s exig\u00eancias da nova portaria normativa.<\/p>\n\n\n\n<p>Um exemplo \u00e9 a necessidade de apresentar o pedido por meio de um formul\u00e1rio de informa\u00e7\u00f5es, que s\u00f3 foi disponibilizado pela ANEEL cerca de um m\u00eas ap\u00f3s a regulamenta\u00e7\u00e3o, o que continuou impedindo o pleno direito de beneficiarem-se do benef\u00edcio. Al\u00e9m disso, as distribuidoras tamb\u00e9m n\u00e3o ajustaram seus sistemas para receber os formul\u00e1rios devidamente preenchidos sendo que cada uma adotou um procedimento diferente.<\/p>\n\n\n\n<p>Pode-se relevar alguma inconsist\u00eancia por se tratar de um procedimento relativamente novo, mas o atraso de dois anos aliado a conceitos emprestados de projetos de gera\u00e7\u00e3o centralizada (acima de 5MW) acabam por desmotivar cada vez mais os empres\u00e1rios do setor.<\/p>\n\n\n\n<p>Observa-se no resultado da primeira rodada de an\u00e1lise de pedidos que o resultado publicado pela ANEEL em 3 de outubro, que aproximadamente 42 projetos foram considerados como &#8220;n\u00e3o recomendados&#8221; pelas distribuidoras de energia el\u00e9trica, enquanto apenas 14 foram recomendados.<\/p>\n\n\n\n<p>Com base em crit\u00e9rios de car\u00e1ter gen\u00e9rico e n\u00e3o especificados individualmente, as distribuidoras n\u00e3o recomendaram a maioria dos projetos de micro e minigera\u00e7\u00e3o distribu\u00edda, sem oferecer aos contribuintes a oportunidade de se adequarem \u00e0s exig\u00eancias ou uma explica\u00e7\u00e3o clara para o indeferimento.<\/p>\n\n\n\n<p>Nesse cen\u00e1rio, interessante destacar que, desde o chamamento p\u00fablico provido pela ANEEL e pelo MME, as principais empresas do setor manifestaram-se no sentido de que a ado\u00e7\u00e3o de crit\u00e9rios inerentes aos projetos de gera\u00e7\u00e3o centralizada n\u00e3o seria adequada para esses projetos menores, devido ao impacto do custo em escala.<\/p>\n\n\n\n<p>Um dos crit\u00e9rios impostos pela ANEEL e MME para a aprova\u00e7\u00e3o do projeto \u00e9 o valor padr\u00e3o referente ao custo de implanta\u00e7\u00e3o. No caso de energia solar o limite estabelecido \u00e9 de R$ 4.000,00 k\/W, ou seja, para fazer jus ao Reidi, o valor estimado do capex (despesa de implanta\u00e7\u00e3o) n\u00e3o pode ultrapassar esse limite.&nbsp; Contudo, esse mesmo teto \u00e9 aplicado a empreendimentos de gera\u00e7\u00e3o centralizada, que s\u00e3o significativamente maiores, contudo, o custo \u00e9 dilu\u00eddo em fun\u00e7\u00e3o da maior produ\u00e7\u00e3o.<\/p>\n\n\n\n<p>Tome-se como exemplo um projeto de gera\u00e7\u00e3o centralizada de 50 MW de fonte solar. Nesse caso, o custo por megawatt na constru\u00e7\u00e3o ser\u00e1 dilu\u00eddo em uma raz\u00e3o de 50. Por outro lado, uma minigeradora de 5MW ter\u00e1 seu custo calculado com base em um denominador muito menor, uma vez que produz menos energia. N\u00e3o h\u00e1 uma rela\u00e7\u00e3o parit\u00e1ria na quest\u00e3o de custos, pois todo o planejamento, a engenharia e outros servi\u00e7os s\u00e3o praticamente os mesmos para ambos os casos. Sem contar que, no caso de aquisi\u00e7\u00e3o de quantidades enormes de placas fotovoltaicas para projetos maiores de gera\u00e7\u00e3o centralizada, o custo unit\u00e1rio dessas tende a cair.<\/p>\n\n\n\n<p>Destaque-se que n\u00e3o existe na Lei 11.488\/2007, que instituiu o Reidi, qualquer limita\u00e7\u00e3o de valor, sendo que essa imposi\u00e7\u00e3o decorre do Poder Executivo. Ora, embora se reconhe\u00e7a que o administrador possa estabelecer limites objetivos, isso deve ser feito com uma razoabilidade, o que n\u00e3o se mostra no caso do limite arbitr\u00e1rio imposto.<\/p>\n\n\n\n<p>Nesse cen\u00e1rio, \u00e9 importante destacar que a pr\u00f3pria ANEEL e o MME admitem que os valores limites poder\u00e3o ser revistos. Ou seja, a pr\u00f3pria administra\u00e7\u00e3o p\u00fablica sabe que est\u00e1 utilizando de crit\u00e9rios n\u00e3o ideias para a minigera\u00e7\u00e3o.<\/p>\n\n\n\n<p>Diante desse cen\u00e1rio, at\u00e9 o presente momento, fica claro que a aplica\u00e7\u00e3o do Reidi para implanta\u00e7\u00e3o de minigeradoras el\u00e9tricas foi algo imposto ao governo federal, que realmente fez e faz de tudo para que o direito do contribuinte fique em segundo plano. Isso denota uma falta de vis\u00e3o, pois os projetos de mini e microgera\u00e7\u00e3o poderiam eliminar o mais recente gargalo que a infraestrutura el\u00e9trica enfrenta: a distribui\u00e7\u00e3o das geradoras para o mercado consumidor.<\/p>\n\n\n\n<p><strong>* Luis Claudio Yukio<\/strong> \u00e9 advogado tributarista e s\u00f3cio do Toledo Marchetti Advogados. Professor de planejamento tribut\u00e1rio na p\u00f3s-gradua\u00e7\u00e3o (lato sensu) da PUC\/SP; Mestre em Direito Tribut\u00e1rio pela FGV\/SP; LL.M. em Direito Tribut\u00e1rio pelo IBMEC\/SP; Bacharel em Direito pela Universidade de S\u00e3o Paulo.<\/p>\n\n\n\n<p><strong>** Gabriela Santos<\/strong> \u00e9 advogada no escrit\u00f3rio Toledo Marchetti Advogados.<\/p>\n\n\n\n<p class=\"has-luminous-vivid-orange-color has-text-color has-link-color wp-elements-fd3f544adf696c46a4d36363cd72c59e\">As opini\u00f5es dos autores n\u00e3o refletem necessariamente o pensamento da<strong> Ag\u00eancia iNFRA<\/strong>, sendo de total responsabilidade do autor as informa\u00e7\u00f5es, ju\u00edzos de valor e conceitos descritos no texto.<\/p>\n","protected":false},"excerpt":{"rendered":"<p>Luis Claudio Yukio* e Gabriela Santos** N\u00e3o \u00e9 novidade que, ap\u00f3s a promulga\u00e7\u00e3o da Lei n\u00b0 14.300, de 6 de janeiro de 2022, conhecida como o Marco Legal da Gera\u00e7\u00e3o Distribu\u00edda, o Governo Federal fez de tudo para afastar o disposto no artigo 28, ou seja, a concess\u00e3o do benef\u00edcio ao Reidi (Regime Especial de [&hellip;]<\/p>\n","protected":false},"author":1,"featured_media":18984,"comment_status":"closed","ping_status":"closed","sticky":false,"template":"","format":"standard","meta":{"_monsterinsights_skip_tracking":false,"_monsterinsights_sitenote_active":false,"_monsterinsights_sitenote_note":"","_monsterinsights_sitenote_category":0,"footnotes":""},"categories":[7250,1,10,10040],"tags":[53,11620,850,6977,5312,71,10317,261,4362],"class_list":["post-18940","post","type-post","status-publish","format-standard","has-post-thumbnail","hentry","category-destaque-lista","category-geral","category-infraenergia","category-opiniao","tag-aneel","tag-gabriela-fernandes","tag-geracao-distribuida","tag-luis-claudio-yukio","tag-marco-legal-da-geracao-distribuida","tag-mme","tag-opiniao","tag-reidi","tag-toledo-marchetti-advogados"],"yoast_head":"<!-- This site is optimized with the Yoast SEO Premium plugin v25.4 (Yoast SEO v26.0) - https:\/\/yoast.com\/wordpress\/plugins\/seo\/ -->\n<title>Opini\u00e3o \u2013 Os intermin\u00e1veis obst\u00e1culos de obten\u00e7\u00e3o do REIDI para gera\u00e7\u00e3o distribu\u00edda - Ag\u00eancia iNFRA<\/title>\n<meta name=\"robots\" content=\"index, follow, max-snippet:-1, max-image-preview:large, max-video-preview:-1\" \/>\n<link rel=\"canonical\" href=\"https:\/\/agenciainfra.com\/blog\/opiniao-os-interminaveis-obstaculos-de-obtencao-do-reidi-para-geracao-distribuida\/\" \/>\n<meta property=\"og:locale\" content=\"pt_BR\" \/>\n<meta property=\"og:type\" content=\"article\" \/>\n<meta property=\"og:title\" content=\"Opini\u00e3o \u2013 Os intermin\u00e1veis obst\u00e1culos de obten\u00e7\u00e3o do REIDI para gera\u00e7\u00e3o distribu\u00edda\" \/>\n<meta property=\"og:description\" content=\"Luis Claudio Yukio* e Gabriela Santos** N\u00e3o \u00e9 novidade que, ap\u00f3s a promulga\u00e7\u00e3o da Lei n\u00b0 14.300, de 6 de janeiro de 2022, conhecida como o Marco Legal da Gera\u00e7\u00e3o Distribu\u00edda, o Governo Federal fez de tudo para afastar o disposto no artigo 28, ou seja, a concess\u00e3o do benef\u00edcio ao Reidi (Regime Especial de [&hellip;]\" \/>\n<meta property=\"og:url\" content=\"https:\/\/agenciainfra.com\/blog\/opiniao-os-interminaveis-obstaculos-de-obtencao-do-reidi-para-geracao-distribuida\/\" \/>\n<meta property=\"og:site_name\" content=\"Ag\u00eancia iNFRA\" \/>\n<meta property=\"article:publisher\" content=\"https:\/\/www.facebook.com\/ageninfra\" \/>\n<meta property=\"article:published_time\" content=\"2024-10-31T18:00:00+00:00\" \/>\n<meta property=\"article:modified_time\" content=\"2024-11-01T15:27:51+00:00\" \/>\n<meta property=\"og:image\" content=\"https:\/\/agenciainfra.com\/blog\/wp-content\/uploads\/2024\/10\/opiniao-luis-gabriela-foto.jpg\" \/>\n\t<meta property=\"og:image:width\" content=\"1200\" \/>\n\t<meta property=\"og:image:height\" content=\"800\" \/>\n\t<meta property=\"og:image:type\" content=\"image\/jpeg\" \/>\n<meta name=\"author\" content=\"Ag\u00eancia iNFRA\" \/>\n<meta name=\"twitter:card\" content=\"summary_large_image\" \/>\n<meta name=\"twitter:creator\" content=\"@agencia_infra\" \/>\n<meta name=\"twitter:site\" content=\"@agencia_infra\" \/>\n<meta name=\"twitter:label1\" content=\"Escrito por\" \/>\n\t<meta name=\"twitter:data1\" content=\"Ag\u00eancia iNFRA\" \/>\n\t<meta name=\"twitter:label2\" content=\"Est. tempo de leitura\" \/>\n\t<meta name=\"twitter:data2\" content=\"6 minutos\" \/>\n<script type=\"application\/ld+json\" class=\"yoast-schema-graph\">{\"@context\":\"https:\/\/schema.org\",\"@graph\":[{\"@type\":\"Article\",\"@id\":\"https:\/\/agenciainfra.com\/blog\/opiniao-os-interminaveis-obstaculos-de-obtencao-do-reidi-para-geracao-distribuida\/#article\",\"isPartOf\":{\"@id\":\"https:\/\/agenciainfra.com\/blog\/opiniao-os-interminaveis-obstaculos-de-obtencao-do-reidi-para-geracao-distribuida\/\"},\"author\":{\"name\":\"Ag\u00eancia iNFRA\",\"@id\":\"https:\/\/agenciainfra.com\/blog\/#\/schema\/person\/34af08dff6adea4cb22b06612ba7acfa\"},\"headline\":\"Opini\u00e3o \u2013 Os intermin\u00e1veis obst\u00e1culos de obten\u00e7\u00e3o do REIDI para gera\u00e7\u00e3o distribu\u00edda\",\"datePublished\":\"2024-10-31T18:00:00+00:00\",\"dateModified\":\"2024-11-01T15:27:51+00:00\",\"mainEntityOfPage\":{\"@id\":\"https:\/\/agenciainfra.com\/blog\/opiniao-os-interminaveis-obstaculos-de-obtencao-do-reidi-para-geracao-distribuida\/\"},\"wordCount\":1123,\"publisher\":{\"@id\":\"https:\/\/agenciainfra.com\/blog\/#organization\"},\"image\":{\"@id\":\"https:\/\/agenciainfra.com\/blog\/opiniao-os-interminaveis-obstaculos-de-obtencao-do-reidi-para-geracao-distribuida\/#primaryimage\"},\"thumbnailUrl\":\"https:\/\/agenciainfra.com\/blog\/wp-content\/uploads\/2024\/10\/opiniao-luis-gabriela-foto.jpg\",\"keywords\":[\"ANEEL\",\"Gabriela Fernandes\",\"gera\u00e7\u00e3o distribu\u00edda\",\"Luis Claudio Yukio\",\"marco legal da gera\u00e7\u00e3o distribu\u00edda\",\"MME\",\"opini\u00e3o\",\"REIDI\",\"Toledo Marchetti Advogados\"],\"articleSection\":[\"Destaque lista\",\"Geral\",\"iNFRAEnergia\",\"Opini\u00e3o\"],\"inLanguage\":\"pt-BR\",\"copyrightYear\":\"2024\",\"copyrightHolder\":{\"@id\":\"https:\/\/agenciainfra.com\/blog\/#organization\"}},{\"@type\":\"WebPage\",\"@id\":\"https:\/\/agenciainfra.com\/blog\/opiniao-os-interminaveis-obstaculos-de-obtencao-do-reidi-para-geracao-distribuida\/\",\"url\":\"https:\/\/agenciainfra.com\/blog\/opiniao-os-interminaveis-obstaculos-de-obtencao-do-reidi-para-geracao-distribuida\/\",\"name\":\"Opini\u00e3o \u2013 Os intermin\u00e1veis obst\u00e1culos de obten\u00e7\u00e3o do REIDI para gera\u00e7\u00e3o distribu\u00edda - Ag\u00eancia iNFRA\",\"isPartOf\":{\"@id\":\"https:\/\/agenciainfra.com\/blog\/#website\"},\"primaryImageOfPage\":{\"@id\":\"https:\/\/agenciainfra.com\/blog\/opiniao-os-interminaveis-obstaculos-de-obtencao-do-reidi-para-geracao-distribuida\/#primaryimage\"},\"image\":{\"@id\":\"https:\/\/agenciainfra.com\/blog\/opiniao-os-interminaveis-obstaculos-de-obtencao-do-reidi-para-geracao-distribuida\/#primaryimage\"},\"thumbnailUrl\":\"https:\/\/agenciainfra.com\/blog\/wp-content\/uploads\/2024\/10\/opiniao-luis-gabriela-foto.jpg\",\"datePublished\":\"2024-10-31T18:00:00+00:00\",\"dateModified\":\"2024-11-01T15:27:51+00:00\",\"breadcrumb\":{\"@id\":\"https:\/\/agenciainfra.com\/blog\/opiniao-os-interminaveis-obstaculos-de-obtencao-do-reidi-para-geracao-distribuida\/#breadcrumb\"},\"inLanguage\":\"pt-BR\",\"potentialAction\":[{\"@type\":\"ReadAction\",\"target\":[\"https:\/\/agenciainfra.com\/blog\/opiniao-os-interminaveis-obstaculos-de-obtencao-do-reidi-para-geracao-distribuida\/\"]}]},{\"@type\":\"ImageObject\",\"inLanguage\":\"pt-BR\",\"@id\":\"https:\/\/agenciainfra.com\/blog\/opiniao-os-interminaveis-obstaculos-de-obtencao-do-reidi-para-geracao-distribuida\/#primaryimage\",\"url\":\"https:\/\/agenciainfra.com\/blog\/wp-content\/uploads\/2024\/10\/opiniao-luis-gabriela-foto.jpg\",\"contentUrl\":\"https:\/\/agenciainfra.com\/blog\/wp-content\/uploads\/2024\/10\/opiniao-luis-gabriela-foto.jpg\",\"width\":1200,\"height\":800},{\"@type\":\"BreadcrumbList\",\"@id\":\"https:\/\/agenciainfra.com\/blog\/opiniao-os-interminaveis-obstaculos-de-obtencao-do-reidi-para-geracao-distribuida\/#breadcrumb\",\"itemListElement\":[{\"@type\":\"ListItem\",\"position\":1,\"name\":\"In\u00edcio\",\"item\":\"https:\/\/agenciainfra.com\/blog\/\"},{\"@type\":\"ListItem\",\"position\":2,\"name\":\"Opini\u00e3o \u2013 Os intermin\u00e1veis obst\u00e1culos de obten\u00e7\u00e3o do REIDI para gera\u00e7\u00e3o distribu\u00edda\"}]},{\"@type\":\"WebSite\",\"@id\":\"https:\/\/agenciainfra.com\/blog\/#website\",\"url\":\"https:\/\/agenciainfra.com\/blog\/\",\"name\":\"Ag\u00eancia iNFRA\",\"description\":\"Multiplataforma de informa\u00e7\u00e3o jornal\u00edstica refer\u00eancia na \u00e1rea de infraestrutura no Brasil!\",\"publisher\":{\"@id\":\"https:\/\/agenciainfra.com\/blog\/#organization\"},\"potentialAction\":[{\"@type\":\"SearchAction\",\"target\":{\"@type\":\"EntryPoint\",\"urlTemplate\":\"https:\/\/agenciainfra.com\/blog\/?s={search_term_string}\"},\"query-input\":{\"@type\":\"PropertyValueSpecification\",\"valueRequired\":true,\"valueName\":\"search_term_string\"}}],\"inLanguage\":\"pt-BR\"},{\"@type\":\"Organization\",\"@id\":\"https:\/\/agenciainfra.com\/blog\/#organization\",\"name\":\"Ag\u00eancia iNFRA\",\"url\":\"https:\/\/agenciainfra.com\/blog\/\",\"logo\":{\"@type\":\"ImageObject\",\"inLanguage\":\"pt-BR\",\"@id\":\"https:\/\/agenciainfra.com\/blog\/#\/schema\/logo\/image\/\",\"url\":\"https:\/\/agenciainfra.com\/blog\/wp-content\/uploads\/2023\/09\/iNFRA_5-e1761735885940.png\",\"contentUrl\":\"https:\/\/agenciainfra.com\/blog\/wp-content\/uploads\/2023\/09\/iNFRA_5-e1761735885940.png\",\"width\":1672,\"height\":454,\"caption\":\"Ag\u00eancia iNFRA\"},\"image\":{\"@id\":\"https:\/\/agenciainfra.com\/blog\/#\/schema\/logo\/image\/\"},\"sameAs\":[\"https:\/\/www.facebook.com\/ageninfra\",\"https:\/\/x.com\/agencia_infra\",\"https:\/\/www.linkedin.com\/company\/ag\u00eanciainfra\/\",\"https:\/\/www.instagram.com\/agenciainfra\/\"]},{\"@type\":\"Person\",\"@id\":\"https:\/\/agenciainfra.com\/blog\/#\/schema\/person\/34af08dff6adea4cb22b06612ba7acfa\",\"name\":\"Ag\u00eancia iNFRA\",\"image\":{\"@type\":\"ImageObject\",\"inLanguage\":\"pt-BR\",\"@id\":\"https:\/\/agenciainfra.com\/blog\/#\/schema\/person\/image\/\",\"url\":\"https:\/\/secure.gravatar.com\/avatar\/d189e01678f06d8eb84d4e01f08eb848b3fffe3f8443818d3c356c66892f5be8?s=96&d=mm&r=g\",\"contentUrl\":\"https:\/\/secure.gravatar.com\/avatar\/d189e01678f06d8eb84d4e01f08eb848b3fffe3f8443818d3c356c66892f5be8?s=96&d=mm&r=g\",\"caption\":\"Ag\u00eancia iNFRA\"},\"url\":\"https:\/\/agenciainfra.com\/blog\/author\/admin\/\"}]}<\/script>\n<!-- \/ Yoast SEO Premium plugin. -->","yoast_head_json":{"title":"Opini\u00e3o \u2013 Os intermin\u00e1veis obst\u00e1culos de obten\u00e7\u00e3o do REIDI para gera\u00e7\u00e3o distribu\u00edda - Ag\u00eancia iNFRA","robots":{"index":"index","follow":"follow","max-snippet":"max-snippet:-1","max-image-preview":"max-image-preview:large","max-video-preview":"max-video-preview:-1"},"canonical":"https:\/\/agenciainfra.com\/blog\/opiniao-os-interminaveis-obstaculos-de-obtencao-do-reidi-para-geracao-distribuida\/","og_locale":"pt_BR","og_type":"article","og_title":"Opini\u00e3o \u2013 Os intermin\u00e1veis obst\u00e1culos de obten\u00e7\u00e3o do REIDI para gera\u00e7\u00e3o distribu\u00edda","og_description":"Luis Claudio Yukio* e Gabriela Santos** N\u00e3o \u00e9 novidade que, ap\u00f3s a promulga\u00e7\u00e3o da Lei n\u00b0 14.300, de 6 de janeiro de 2022, conhecida como o Marco Legal da Gera\u00e7\u00e3o Distribu\u00edda, o Governo Federal fez de tudo para afastar o disposto no artigo 28, ou seja, a concess\u00e3o do benef\u00edcio ao Reidi (Regime Especial de [&hellip;]","og_url":"https:\/\/agenciainfra.com\/blog\/opiniao-os-interminaveis-obstaculos-de-obtencao-do-reidi-para-geracao-distribuida\/","og_site_name":"Ag\u00eancia iNFRA","article_publisher":"https:\/\/www.facebook.com\/ageninfra","article_published_time":"2024-10-31T18:00:00+00:00","article_modified_time":"2024-11-01T15:27:51+00:00","og_image":[{"width":1200,"height":800,"url":"https:\/\/agenciainfra.com\/blog\/wp-content\/uploads\/2024\/10\/opiniao-luis-gabriela-foto.jpg","type":"image\/jpeg"}],"author":"Ag\u00eancia iNFRA","twitter_card":"summary_large_image","twitter_creator":"@agencia_infra","twitter_site":"@agencia_infra","twitter_misc":{"Escrito por":"Ag\u00eancia iNFRA","Est. tempo de leitura":"6 minutos"},"schema":{"@context":"https:\/\/schema.org","@graph":[{"@type":"Article","@id":"https:\/\/agenciainfra.com\/blog\/opiniao-os-interminaveis-obstaculos-de-obtencao-do-reidi-para-geracao-distribuida\/#article","isPartOf":{"@id":"https:\/\/agenciainfra.com\/blog\/opiniao-os-interminaveis-obstaculos-de-obtencao-do-reidi-para-geracao-distribuida\/"},"author":{"name":"Ag\u00eancia iNFRA","@id":"https:\/\/agenciainfra.com\/blog\/#\/schema\/person\/34af08dff6adea4cb22b06612ba7acfa"},"headline":"Opini\u00e3o \u2013 Os intermin\u00e1veis obst\u00e1culos de obten\u00e7\u00e3o do REIDI para gera\u00e7\u00e3o distribu\u00edda","datePublished":"2024-10-31T18:00:00+00:00","dateModified":"2024-11-01T15:27:51+00:00","mainEntityOfPage":{"@id":"https:\/\/agenciainfra.com\/blog\/opiniao-os-interminaveis-obstaculos-de-obtencao-do-reidi-para-geracao-distribuida\/"},"wordCount":1123,"publisher":{"@id":"https:\/\/agenciainfra.com\/blog\/#organization"},"image":{"@id":"https:\/\/agenciainfra.com\/blog\/opiniao-os-interminaveis-obstaculos-de-obtencao-do-reidi-para-geracao-distribuida\/#primaryimage"},"thumbnailUrl":"https:\/\/agenciainfra.com\/blog\/wp-content\/uploads\/2024\/10\/opiniao-luis-gabriela-foto.jpg","keywords":["ANEEL","Gabriela Fernandes","gera\u00e7\u00e3o distribu\u00edda","Luis Claudio Yukio","marco legal da gera\u00e7\u00e3o distribu\u00edda","MME","opini\u00e3o","REIDI","Toledo Marchetti Advogados"],"articleSection":["Destaque lista","Geral","iNFRAEnergia","Opini\u00e3o"],"inLanguage":"pt-BR","copyrightYear":"2024","copyrightHolder":{"@id":"https:\/\/agenciainfra.com\/blog\/#organization"}},{"@type":"WebPage","@id":"https:\/\/agenciainfra.com\/blog\/opiniao-os-interminaveis-obstaculos-de-obtencao-do-reidi-para-geracao-distribuida\/","url":"https:\/\/agenciainfra.com\/blog\/opiniao-os-interminaveis-obstaculos-de-obtencao-do-reidi-para-geracao-distribuida\/","name":"Opini\u00e3o \u2013 Os intermin\u00e1veis obst\u00e1culos de obten\u00e7\u00e3o do REIDI para gera\u00e7\u00e3o distribu\u00edda - Ag\u00eancia iNFRA","isPartOf":{"@id":"https:\/\/agenciainfra.com\/blog\/#website"},"primaryImageOfPage":{"@id":"https:\/\/agenciainfra.com\/blog\/opiniao-os-interminaveis-obstaculos-de-obtencao-do-reidi-para-geracao-distribuida\/#primaryimage"},"image":{"@id":"https:\/\/agenciainfra.com\/blog\/opiniao-os-interminaveis-obstaculos-de-obtencao-do-reidi-para-geracao-distribuida\/#primaryimage"},"thumbnailUrl":"https:\/\/agenciainfra.com\/blog\/wp-content\/uploads\/2024\/10\/opiniao-luis-gabriela-foto.jpg","datePublished":"2024-10-31T18:00:00+00:00","dateModified":"2024-11-01T15:27:51+00:00","breadcrumb":{"@id":"https:\/\/agenciainfra.com\/blog\/opiniao-os-interminaveis-obstaculos-de-obtencao-do-reidi-para-geracao-distribuida\/#breadcrumb"},"inLanguage":"pt-BR","potentialAction":[{"@type":"ReadAction","target":["https:\/\/agenciainfra.com\/blog\/opiniao-os-interminaveis-obstaculos-de-obtencao-do-reidi-para-geracao-distribuida\/"]}]},{"@type":"ImageObject","inLanguage":"pt-BR","@id":"https:\/\/agenciainfra.com\/blog\/opiniao-os-interminaveis-obstaculos-de-obtencao-do-reidi-para-geracao-distribuida\/#primaryimage","url":"https:\/\/agenciainfra.com\/blog\/wp-content\/uploads\/2024\/10\/opiniao-luis-gabriela-foto.jpg","contentUrl":"https:\/\/agenciainfra.com\/blog\/wp-content\/uploads\/2024\/10\/opiniao-luis-gabriela-foto.jpg","width":1200,"height":800},{"@type":"BreadcrumbList","@id":"https:\/\/agenciainfra.com\/blog\/opiniao-os-interminaveis-obstaculos-de-obtencao-do-reidi-para-geracao-distribuida\/#breadcrumb","itemListElement":[{"@type":"ListItem","position":1,"name":"In\u00edcio","item":"https:\/\/agenciainfra.com\/blog\/"},{"@type":"ListItem","position":2,"name":"Opini\u00e3o \u2013 Os intermin\u00e1veis obst\u00e1culos de obten\u00e7\u00e3o do REIDI para gera\u00e7\u00e3o distribu\u00edda"}]},{"@type":"WebSite","@id":"https:\/\/agenciainfra.com\/blog\/#website","url":"https:\/\/agenciainfra.com\/blog\/","name":"Ag\u00eancia iNFRA","description":"Multiplataforma de informa\u00e7\u00e3o jornal\u00edstica refer\u00eancia na \u00e1rea de infraestrutura no Brasil!","publisher":{"@id":"https:\/\/agenciainfra.com\/blog\/#organization"},"potentialAction":[{"@type":"SearchAction","target":{"@type":"EntryPoint","urlTemplate":"https:\/\/agenciainfra.com\/blog\/?s={search_term_string}"},"query-input":{"@type":"PropertyValueSpecification","valueRequired":true,"valueName":"search_term_string"}}],"inLanguage":"pt-BR"},{"@type":"Organization","@id":"https:\/\/agenciainfra.com\/blog\/#organization","name":"Ag\u00eancia iNFRA","url":"https:\/\/agenciainfra.com\/blog\/","logo":{"@type":"ImageObject","inLanguage":"pt-BR","@id":"https:\/\/agenciainfra.com\/blog\/#\/schema\/logo\/image\/","url":"https:\/\/agenciainfra.com\/blog\/wp-content\/uploads\/2023\/09\/iNFRA_5-e1761735885940.png","contentUrl":"https:\/\/agenciainfra.com\/blog\/wp-content\/uploads\/2023\/09\/iNFRA_5-e1761735885940.png","width":1672,"height":454,"caption":"Ag\u00eancia iNFRA"},"image":{"@id":"https:\/\/agenciainfra.com\/blog\/#\/schema\/logo\/image\/"},"sameAs":["https:\/\/www.facebook.com\/ageninfra","https:\/\/x.com\/agencia_infra","https:\/\/www.linkedin.com\/company\/ag\u00eanciainfra\/","https:\/\/www.instagram.com\/agenciainfra\/"]},{"@type":"Person","@id":"https:\/\/agenciainfra.com\/blog\/#\/schema\/person\/34af08dff6adea4cb22b06612ba7acfa","name":"Ag\u00eancia iNFRA","image":{"@type":"ImageObject","inLanguage":"pt-BR","@id":"https:\/\/agenciainfra.com\/blog\/#\/schema\/person\/image\/","url":"https:\/\/secure.gravatar.com\/avatar\/d189e01678f06d8eb84d4e01f08eb848b3fffe3f8443818d3c356c66892f5be8?s=96&d=mm&r=g","contentUrl":"https:\/\/secure.gravatar.com\/avatar\/d189e01678f06d8eb84d4e01f08eb848b3fffe3f8443818d3c356c66892f5be8?s=96&d=mm&r=g","caption":"Ag\u00eancia iNFRA"},"url":"https:\/\/agenciainfra.com\/blog\/author\/admin\/"}]}},"_links":{"self":[{"href":"https:\/\/agenciainfra.com\/blog\/wp-json\/wp\/v2\/posts\/18940","targetHints":{"allow":["GET"]}}],"collection":[{"href":"https:\/\/agenciainfra.com\/blog\/wp-json\/wp\/v2\/posts"}],"about":[{"href":"https:\/\/agenciainfra.com\/blog\/wp-json\/wp\/v2\/types\/post"}],"author":[{"embeddable":true,"href":"https:\/\/agenciainfra.com\/blog\/wp-json\/wp\/v2\/users\/1"}],"replies":[{"embeddable":true,"href":"https:\/\/agenciainfra.com\/blog\/wp-json\/wp\/v2\/comments?post=18940"}],"version-history":[{"count":3,"href":"https:\/\/agenciainfra.com\/blog\/wp-json\/wp\/v2\/posts\/18940\/revisions"}],"predecessor-version":[{"id":18988,"href":"https:\/\/agenciainfra.com\/blog\/wp-json\/wp\/v2\/posts\/18940\/revisions\/18988"}],"wp:featuredmedia":[{"embeddable":true,"href":"https:\/\/agenciainfra.com\/blog\/wp-json\/wp\/v2\/media\/18984"}],"wp:attachment":[{"href":"https:\/\/agenciainfra.com\/blog\/wp-json\/wp\/v2\/media?parent=18940"}],"wp:term":[{"taxonomy":"category","embeddable":true,"href":"https:\/\/agenciainfra.com\/blog\/wp-json\/wp\/v2\/categories?post=18940"},{"taxonomy":"post_tag","embeddable":true,"href":"https:\/\/agenciainfra.com\/blog\/wp-json\/wp\/v2\/tags?post=18940"}],"curies":[{"name":"wp","href":"https:\/\/api.w.org\/{rel}","templated":true}]}}