{"id":18948,"date":"2024-10-30T09:00:00","date_gmt":"2024-10-30T12:00:00","guid":{"rendered":"https:\/\/agenciainfra.com\/blog\/?p=18948"},"modified":"2026-01-22T10:20:08","modified_gmt":"2026-01-22T13:20:08","slug":"aneel-fiscalizara-ccee-por-operacao-com-beneficio-11-vezes-menor-que-o-previsto-para-o-consumidor","status":"publish","type":"post","link":"https:\/\/agenciainfra.com\/blog\/aneel-fiscalizara-ccee-por-operacao-com-beneficio-11-vezes-menor-que-o-previsto-para-o-consumidor\/","title":{"rendered":"ANEEL fiscalizar\u00e1 CCEE por opera\u00e7\u00e3o com benef\u00edcio 11 vezes menor que o previsto para o consumidor"},"content":{"rendered":"\n<p class=\"has-text-align-right\"><strong>Geraldo Campos Jr., da Ag\u00eancia iNFRA<\/strong><\/p>\n\n\n\n<p>A ANEEL (Ag\u00eancia Nacional de Energia El\u00e9trica) aprovou nesta ter\u00e7a-feira (29) que seja instaurada fiscaliza\u00e7\u00e3o na CCEE (C\u00e2mara de Comercializa\u00e7\u00e3o de Energia El\u00e9trica) sobre os tr\u00e2mites realizados na opera\u00e7\u00e3o de antecipa\u00e7\u00e3o de receb\u00edveis da Eletrobras, no modelo de securitiza\u00e7\u00e3o, autorizada pela&nbsp;<a href=\"https:\/\/www.planalto.gov.br\/ccivil_03\/_ato2023-2026\/2024\/mpv\/mpv1212.htm\" target=\"_blank\" rel=\"noreferrer noopener\">MP (Medida Provis\u00f3ria) 1.212\/2024<\/a>.<\/p>\n\n\n\n<p>O relator do processo, diretor Fernando Mosna, sustentou que a CCEE fez sucessivas revis\u00f5es no c\u00e1lculo do benef\u00edcio ao consumidor. O valor final do benef\u00edcio ficou R$ 46,5 milh\u00f5es, ou seja, 11 vezes menor que os R$ 510 milh\u00f5es de al\u00edvio calculados inicialmente pela entidade e homologados em despacho do secret\u00e1rio de Energia El\u00e9trica do MME (Minist\u00e9rio de Minas e Energia), Gentil Nogueira. Leia o voto neste&nbsp;<a href=\"https:\/\/mcusercontent.com\/d460dd1bcf9ba0ae040e1fc0f\/files\/a601a8d5-063a-ed37-1230-d0b1827d53e1\/Voto_securitiza_ccedil_atilde_o_CDE_e_quita_ccedil_atilde_o_Contas_final2.pdf\" target=\"_blank\" rel=\"noreferrer noopener\">link<\/a>.<\/p>\n\n\n\n<p>O impacto tarif\u00e1rio m\u00e9dio com o benef\u00edcio menor foi calculado pela ANEEL em 0,02%. No entanto, apenas os clientes de 50 distribuidoras ter\u00e3o alguma redu\u00e7\u00e3o tarif\u00e1ria com a opera\u00e7\u00e3o. Para os consumidores de outras 53 empresas, o impacto do benef\u00edcio n\u00e3o ser\u00e1 sentido. Isso porque essas concession\u00e1rias tinham mais valor a receber da Eletrobras do que a pagar pelas Contas Covid e de Escassez H\u00eddrica.<\/p>\n\n\n\n<p>Esse grupo de 53 empresas ter\u00e1 preju\u00edzo com a opera\u00e7\u00e3o de R$ 1,17 bilh\u00e3o. S\u00f3 os consumidores da Cemig ter\u00e3o um custo de R$ 175 milh\u00f5es, segundo a ANEEL. J\u00e1 nas 50 distribuidoras que ter\u00e3o ganho com a securitiza\u00e7\u00e3o, o benef\u00edcio total foi calculado em R$ 1,22 bilh\u00e3o.<\/p>\n\n\n\n<p>Mosna entendeu que, dessa forma, houve falta de isonomia e que a opera\u00e7\u00e3o n\u00e3o foi ben\u00e9fica aos consumidores. Afirmou que a securitiza\u00e7\u00e3o foi mais vantajosa para os bancos do que para o setor. Os c\u00e1lculos do impacto por distribuidora passar\u00e3o por consulta p\u00fablica at\u00e9 13 de dezembro.<\/p>\n\n\n\n<p>&#8220;As sucessivas revis\u00f5es do benef\u00edcio ao consumidor e das premissas associadas somadas \u00e0 aus\u00eancia de conhecimento pela ANEEL de informa\u00e7\u00f5es cruciais como sobre os detalhes do c\u00e1lculo de benef\u00edcio ao consumidor justificam a necessidade de fiscaliza\u00e7\u00e3o espec\u00edfica em rela\u00e7\u00e3o \u00e0 atua\u00e7\u00e3o da CCEE&#8221;, afirmou Mosna.<\/p>\n\n\n\n<p>O diretor afirmou que o benef\u00edcio ao consumidor inicialmente calculado pela CCEE foi superdimensionado em um aparente &#8220;artif\u00edcio para inflar&#8221; o valor e demonstrar a vantajosidade da opera\u00e7\u00e3o. Mosna destacou ainda que Gentil n\u00e3o homologou o novo valor ap\u00f3s a revis\u00e3o e que a situa\u00e7\u00e3o &#8220;coloca em xeque a confian\u00e7a da sociedade na condu\u00e7\u00e3o das pol\u00edticas p\u00fablicas pelo MME&#8221;.<\/p>\n\n\n\n<p><strong>Apura\u00e7\u00e3o do TCU e da CGU<\/strong><br>O diretor Fernando Mosna avaliou que o despacho de Gentil Nogueira que autorizou a opera\u00e7\u00e3o sem o efetivo benef\u00edcio econ\u00f4mico ao consumidor demonstra aparente erro grosseiro e falha na execu\u00e7\u00e3o das atribui\u00e7\u00f5es do secret\u00e1rio. Gentil&nbsp;\u00e9 cotado para assumir a quinta diretoria da ANEEL que est\u00e1 vaga desde maio.<\/p>\n\n\n\n<p>Como a ANEEL n\u00e3o tem poder fiscalizat\u00f3rio sobre o minist\u00e9rio, o relator votou para que o caso fosse encaminhado para an\u00e1lise do TCU (Tribunal de Contas da Uni\u00e3o) e da CGU (Controladoria Geral da Uni\u00e3o), para que os \u00f3rg\u00e3os possam avaliar a abertura de auditoria e sindic\u00e2ncia sobre os atos do secret\u00e1rio. Tamb\u00e9m prop\u00f4s encaminhar o processo para an\u00e1lise de comiss\u00f5es competentes do Congresso Nacional.<\/p>\n\n\n\n<p>No entanto, esses encaminhamentos n\u00e3o foram aprovados pela maioria. O diretor-geral, Sandoval Feitosa, e a diretora Agnes Costa foram contra, entendendo que primeiro seria necess\u00e1rio concluir a fiscaliza\u00e7\u00e3o na ANEEL e fixar o impacto tarif\u00e1rio. Desta forma, a vota\u00e7\u00e3o sobre esses itens terminou empatada, ou seja, sem delibera\u00e7\u00e3o.<\/p>\n\n\n\n<p><strong>Minist\u00e9rio defende securitiza\u00e7\u00e3o<\/strong><br>Poucas horas depois da vota\u00e7\u00e3o na ANEEL, o Minist\u00e9rio de Minas e Energia divulgou nota defendendo a antecipa\u00e7\u00e3o de receb\u00edveis da Eletrobras, no modelo de securitiza\u00e7\u00e3o, autorizada pela MP 1.212\/2024. A pasta afirmou que a opera\u00e7\u00e3o resultou em benef\u00edcios ao consumidor, com redu\u00e7\u00e3o das taxas de juros ante as contas Covid e de Escassez H\u00eddrica, al\u00e9m de ganhos macroecon\u00f4micos e sociais.<\/p>\n\n\n\n<p>A nota cita o comunicado publicado em 19 de agosto pela ANEEL (Ag\u00eancia Nacional de Energia El\u00e9trica) informando que a antecipa\u00e7\u00e3o dos receb\u00edveis da CDE Eletrobras para abater as contas Covid e Escassez H\u00eddrica levaria a uma percep\u00e7\u00e3o para os consumidores de redu\u00e7\u00e3o m\u00e9dia de 1,8% na tarifa.<\/p>\n\n\n\n<p><strong>Leia a nota do MME na \u00edntegra:<\/strong><br>&#8220;Diferentemente dos empr\u00e9stimos contratados no passado, a MP&nbsp;n\u00ba 1.212\/2024 estabeleceu como condi\u00e7\u00e3o para a realiza\u00e7\u00e3o da opera\u00e7\u00e3o de antecipa\u00e7\u00e3o de receb\u00edveis a caracteriza\u00e7\u00e3o de benef\u00edcio aos consumidores. As diretrizes para aferi\u00e7\u00e3o desse benef\u00edcio foram estabelecidas pela Portaria Interministerial MME\/MF n\u00ba 1\/2024, a qual estabeleceu que a opera\u00e7\u00e3o deveria ser realizada quando as proje\u00e7\u00f5es indicassem que o cen\u00e1rio de realiza\u00e7\u00e3o da opera\u00e7\u00e3o de antecipa\u00e7\u00e3o resultasse, sob a \u00f3tica dos consumidores, em um valor presente l\u00edquido superior ao do cen\u00e1rio de n\u00e3o realiza\u00e7\u00e3o.<\/p>\n\n\n\n<p>Nesse sentido, por naturalmente envolver incertezas inerentes a qualquer proje\u00e7\u00e3o, o resultado do benef\u00edcio aos consumidores foi sendo atualizado ao longo do processo, considerando-se, dentre outros aspectos, a data de quita\u00e7\u00e3o dos empr\u00e9stimos, as expectativas relativas \u00e0 evolu\u00e7\u00e3o da taxa DI e \u00e0 infla\u00e7\u00e3o, a atualiza\u00e7\u00e3o dos saldos devedores das Contas Covid e Escassez H\u00eddrica, bem como os demais custos administrativos, financeiros e tribut\u00e1rios envolvidos.<\/p>\n\n\n\n<p>Em termos pr\u00e1ticos, as condicionantes estabelecidas a partir da MP&nbsp;1.212\/2024 garantiram a negocia\u00e7\u00e3o de taxas de juros significativamente menores que as anteriormente pactuadas. Enquanto os empr\u00e9stimos das Contas Covid e Escassez H\u00eddrica tiveram uma taxa de juros efetiva equivalente a CDI+3,6% ao ano, a opera\u00e7\u00e3o de antecipa\u00e7\u00e3o de receb\u00edveis foi negociada com uma taxa efetiva equivalente a CDI+2,2% ao ano.<\/p>\n\n\n\n<p>Em rela\u00e7\u00e3o aos impactos tarif\u00e1rios, a ANEEL&nbsp;<a href=\"https:\/\/www.gov.br\/aneel\/pt-br\/empreendedores\/avisos\/atendimento-ao-artigo-6o-da-portaria-interministerial-mme-mf-no-1-de-4-de-julho-de-2024\" target=\"_blank\" rel=\"noreferrer noopener\">divulgou comunicado<\/a>, em 19 de agosto de 2024, indicando os benef\u00edcios da medida. Em termos espec\u00edficos, a Ag\u00eancia relatou que a medida implicaria uma redu\u00e7\u00e3o tarif\u00e1ria m\u00e9dia de 1,8%. Destaca-se que essa redu\u00e7\u00e3o, conforme explicado pela ag\u00eancia em seu comunicado, j\u00e1 considerava o n\u00e3o recebimento dos recursos da Eletrobras, em 2025, os quais ser\u00e3o destinados ao pagamento dos credores da opera\u00e7\u00e3o de antecipa\u00e7\u00e3o.<br><br>Dando continuidade ao processo, nesta ter\u00e7a-feira (29), a ANEEL decidiu pela abertura de consulta p\u00fablica para discutir proposta de regulamenta\u00e7\u00e3o dos efeitos para cada distribuidora da quita\u00e7\u00e3o antecipada das Contas Covid e Escassez, nos termos da Medida Provis\u00f3ria 1.212\/2024 e da Portaria Interministerial MME\/MF 1\/2024.<\/p>\n\n\n\n<p>Por fim, deve-se destacar que os impactos da quita\u00e7\u00e3o antecipada extrapolam o benef\u00edcio mensurado na forma proposta pela referida Portaria Interministerial. Afinal, o crit\u00e9rio objetivo estabelecido para a celebra\u00e7\u00e3o da opera\u00e7\u00e3o de antecipa\u00e7\u00e3o n\u00e3o mensura os benef\u00edcios macroecon\u00f4micos decorrentes da redu\u00e7\u00e3o tarif\u00e1ria, nem mesmo os benef\u00edcios sociais decorrentes do aumento da disponibilidade de renda das fam\u00edlias brasileiras.&#8221;<\/p>\n","protected":false},"excerpt":{"rendered":"<p>Geraldo Campos Jr., da Ag\u00eancia iNFRA A ANEEL (Ag\u00eancia Nacional de Energia El\u00e9trica) aprovou nesta ter\u00e7a-feira (29) que seja instaurada fiscaliza\u00e7\u00e3o na CCEE (C\u00e2mara de Comercializa\u00e7\u00e3o de Energia El\u00e9trica) sobre os tr\u00e2mites realizados na opera\u00e7\u00e3o de antecipa\u00e7\u00e3o de receb\u00edveis da Eletrobras, no modelo de securitiza\u00e7\u00e3o, autorizada pela&nbsp;MP (Medida Provis\u00f3ria) 1.212\/2024. O relator do processo, diretor [&hellip;]<\/p>\n","protected":false},"author":1,"featured_media":16379,"comment_status":"closed","ping_status":"closed","sticky":false,"template":"","format":"standard","meta":{"_monsterinsights_skip_tracking":false,"_monsterinsights_sitenote_active":false,"_monsterinsights_sitenote_note":"","_monsterinsights_sitenote_category":0,"footnotes":""},"categories":[7250,1,10],"tags":[53,14,56,302,1887,11077,11625,50,7014,380,6781,11624,71,9072,3182,215],"class_list":["post-18948","post","type-post","status-publish","format-standard","has-post-thumbnail","hentry","category-destaque-lista","category-geral","category-infraenergia","tag-aneel","tag-ccee","tag-cde","tag-cemig","tag-consumidor","tag-conta-covid-2","tag-conta-de-escassez-hidrica","tag-eletrobras","tag-fernando-mosna","tag-fiscalizacao","tag-gentil-nogueira","tag-geraldo-campos-jr-2","tag-mme","tag-mp-1-212-2024","tag-securitizacao","tag-tarifas"],"yoast_head":"<!-- This site is optimized with the Yoast SEO Premium plugin v25.4 (Yoast SEO v26.0) - https:\/\/yoast.com\/wordpress\/plugins\/seo\/ -->\n<title>ANEEL fiscalizar\u00e1 CCEE por opera\u00e7\u00e3o com benef\u00edcio 11 vezes menor que o previsto para o consumidor - Ag\u00eancia iNFRA<\/title>\n<meta name=\"robots\" content=\"index, follow, max-snippet:-1, max-image-preview:large, max-video-preview:-1\" \/>\n<link rel=\"canonical\" href=\"https:\/\/agenciainfra.com\/blog\/aneel-fiscalizara-ccee-por-operacao-com-beneficio-11-vezes-menor-que-o-previsto-para-o-consumidor\/\" \/>\n<meta property=\"og:locale\" content=\"pt_BR\" \/>\n<meta property=\"og:type\" content=\"article\" \/>\n<meta property=\"og:title\" content=\"ANEEL fiscalizar\u00e1 CCEE por opera\u00e7\u00e3o com benef\u00edcio 11 vezes menor que o previsto para o consumidor\" \/>\n<meta property=\"og:description\" content=\"Geraldo Campos Jr., da Ag\u00eancia iNFRA A ANEEL (Ag\u00eancia Nacional de Energia El\u00e9trica) aprovou nesta ter\u00e7a-feira (29) que seja instaurada fiscaliza\u00e7\u00e3o na CCEE (C\u00e2mara de Comercializa\u00e7\u00e3o de Energia El\u00e9trica) sobre os tr\u00e2mites realizados na opera\u00e7\u00e3o de antecipa\u00e7\u00e3o de receb\u00edveis da Eletrobras, no modelo de securitiza\u00e7\u00e3o, autorizada pela&nbsp;MP (Medida Provis\u00f3ria) 1.212\/2024. O relator do processo, diretor [&hellip;]\" \/>\n<meta property=\"og:url\" content=\"https:\/\/agenciainfra.com\/blog\/aneel-fiscalizara-ccee-por-operacao-com-beneficio-11-vezes-menor-que-o-previsto-para-o-consumidor\/\" \/>\n<meta property=\"og:site_name\" content=\"Ag\u00eancia iNFRA\" \/>\n<meta property=\"article:publisher\" content=\"https:\/\/www.facebook.com\/ageninfra\" \/>\n<meta property=\"article:published_time\" content=\"2024-10-30T12:00:00+00:00\" \/>\n<meta property=\"article:modified_time\" content=\"2026-01-22T13:20:08+00:00\" \/>\n<meta property=\"og:image\" content=\"https:\/\/agenciainfra.com\/blog\/wp-content\/uploads\/2024\/04\/Predio-CCEE-foto-divulgacao.jpg\" \/>\n\t<meta property=\"og:image:width\" content=\"1202\" \/>\n\t<meta property=\"og:image:height\" content=\"772\" \/>\n\t<meta property=\"og:image:type\" content=\"image\/jpeg\" \/>\n<meta name=\"author\" content=\"Ag\u00eancia iNFRA\" \/>\n<meta name=\"twitter:card\" content=\"summary_large_image\" \/>\n<meta name=\"twitter:creator\" content=\"@agencia_infra\" \/>\n<meta name=\"twitter:site\" content=\"@agencia_infra\" \/>\n<meta name=\"twitter:label1\" content=\"Escrito por\" \/>\n\t<meta name=\"twitter:data1\" content=\"Ag\u00eancia iNFRA\" \/>\n\t<meta name=\"twitter:label2\" content=\"Est. tempo de leitura\" \/>\n\t<meta name=\"twitter:data2\" content=\"6 minutos\" \/>\n<script type=\"application\/ld+json\" class=\"yoast-schema-graph\">{\"@context\":\"https:\/\/schema.org\",\"@graph\":[{\"@type\":\"Article\",\"@id\":\"https:\/\/agenciainfra.com\/blog\/aneel-fiscalizara-ccee-por-operacao-com-beneficio-11-vezes-menor-que-o-previsto-para-o-consumidor\/#article\",\"isPartOf\":{\"@id\":\"https:\/\/agenciainfra.com\/blog\/aneel-fiscalizara-ccee-por-operacao-com-beneficio-11-vezes-menor-que-o-previsto-para-o-consumidor\/\"},\"author\":{\"name\":\"Ag\u00eancia iNFRA\",\"@id\":\"https:\/\/agenciainfra.com\/blog\/#\/schema\/person\/34af08dff6adea4cb22b06612ba7acfa\"},\"headline\":\"ANEEL fiscalizar\u00e1 CCEE por opera\u00e7\u00e3o com benef\u00edcio 11 vezes menor que o previsto para o consumidor\",\"datePublished\":\"2024-10-30T12:00:00+00:00\",\"dateModified\":\"2026-01-22T13:20:08+00:00\",\"mainEntityOfPage\":{\"@id\":\"https:\/\/agenciainfra.com\/blog\/aneel-fiscalizara-ccee-por-operacao-com-beneficio-11-vezes-menor-que-o-previsto-para-o-consumidor\/\"},\"wordCount\":1230,\"publisher\":{\"@id\":\"https:\/\/agenciainfra.com\/blog\/#organization\"},\"image\":{\"@id\":\"https:\/\/agenciainfra.com\/blog\/aneel-fiscalizara-ccee-por-operacao-com-beneficio-11-vezes-menor-que-o-previsto-para-o-consumidor\/#primaryimage\"},\"thumbnailUrl\":\"https:\/\/agenciainfra.com\/blog\/wp-content\/uploads\/2024\/04\/Predio-CCEE-foto-divulgacao.jpg\",\"keywords\":[\"ANEEL\",\"ccee\",\"CDE\",\"CEMIG\",\"consumidor\",\"Conta Covid\",\"Conta de Escassez H\u00eddrica\",\"Eletrobras\",\"Fernando Mosna\",\"fiscaliza\u00e7\u00e3o\",\"Gentil Nogueira\",\"Geraldo Campos Jr\",\"MME\",\"MP 1.212\/2024\",\"securitiza\u00e7\u00e3o\",\"tarifas\"],\"articleSection\":[\"Destaque lista\",\"Geral\",\"iNFRAEnergia\"],\"inLanguage\":\"pt-BR\",\"copyrightYear\":\"2024\",\"copyrightHolder\":{\"@id\":\"https:\/\/agenciainfra.com\/blog\/#organization\"}},{\"@type\":\"WebPage\",\"@id\":\"https:\/\/agenciainfra.com\/blog\/aneel-fiscalizara-ccee-por-operacao-com-beneficio-11-vezes-menor-que-o-previsto-para-o-consumidor\/\",\"url\":\"https:\/\/agenciainfra.com\/blog\/aneel-fiscalizara-ccee-por-operacao-com-beneficio-11-vezes-menor-que-o-previsto-para-o-consumidor\/\",\"name\":\"ANEEL fiscalizar\u00e1 CCEE por opera\u00e7\u00e3o com benef\u00edcio 11 vezes menor que o previsto para o consumidor - Ag\u00eancia iNFRA\",\"isPartOf\":{\"@id\":\"https:\/\/agenciainfra.com\/blog\/#website\"},\"primaryImageOfPage\":{\"@id\":\"https:\/\/agenciainfra.com\/blog\/aneel-fiscalizara-ccee-por-operacao-com-beneficio-11-vezes-menor-que-o-previsto-para-o-consumidor\/#primaryimage\"},\"image\":{\"@id\":\"https:\/\/agenciainfra.com\/blog\/aneel-fiscalizara-ccee-por-operacao-com-beneficio-11-vezes-menor-que-o-previsto-para-o-consumidor\/#primaryimage\"},\"thumbnailUrl\":\"https:\/\/agenciainfra.com\/blog\/wp-content\/uploads\/2024\/04\/Predio-CCEE-foto-divulgacao.jpg\",\"datePublished\":\"2024-10-30T12:00:00+00:00\",\"dateModified\":\"2026-01-22T13:20:08+00:00\",\"breadcrumb\":{\"@id\":\"https:\/\/agenciainfra.com\/blog\/aneel-fiscalizara-ccee-por-operacao-com-beneficio-11-vezes-menor-que-o-previsto-para-o-consumidor\/#breadcrumb\"},\"inLanguage\":\"pt-BR\",\"potentialAction\":[{\"@type\":\"ReadAction\",\"target\":[\"https:\/\/agenciainfra.com\/blog\/aneel-fiscalizara-ccee-por-operacao-com-beneficio-11-vezes-menor-que-o-previsto-para-o-consumidor\/\"]}]},{\"@type\":\"ImageObject\",\"inLanguage\":\"pt-BR\",\"@id\":\"https:\/\/agenciainfra.com\/blog\/aneel-fiscalizara-ccee-por-operacao-com-beneficio-11-vezes-menor-que-o-previsto-para-o-consumidor\/#primaryimage\",\"url\":\"https:\/\/agenciainfra.com\/blog\/wp-content\/uploads\/2024\/04\/Predio-CCEE-foto-divulgacao.jpg\",\"contentUrl\":\"https:\/\/agenciainfra.com\/blog\/wp-content\/uploads\/2024\/04\/Predio-CCEE-foto-divulgacao.jpg\",\"width\":1202,\"height\":772,\"caption\":\"Foto: CCEE\"},{\"@type\":\"BreadcrumbList\",\"@id\":\"https:\/\/agenciainfra.com\/blog\/aneel-fiscalizara-ccee-por-operacao-com-beneficio-11-vezes-menor-que-o-previsto-para-o-consumidor\/#breadcrumb\",\"itemListElement\":[{\"@type\":\"ListItem\",\"position\":1,\"name\":\"In\u00edcio\",\"item\":\"https:\/\/agenciainfra.com\/blog\/\"},{\"@type\":\"ListItem\",\"position\":2,\"name\":\"ANEEL fiscalizar\u00e1 CCEE por opera\u00e7\u00e3o com benef\u00edcio 11 vezes menor que o previsto para o consumidor\"}]},{\"@type\":\"WebSite\",\"@id\":\"https:\/\/agenciainfra.com\/blog\/#website\",\"url\":\"https:\/\/agenciainfra.com\/blog\/\",\"name\":\"Ag\u00eancia iNFRA\",\"description\":\"Multiplataforma de informa\u00e7\u00e3o jornal\u00edstica refer\u00eancia na \u00e1rea de infraestrutura no Brasil!\",\"publisher\":{\"@id\":\"https:\/\/agenciainfra.com\/blog\/#organization\"},\"potentialAction\":[{\"@type\":\"SearchAction\",\"target\":{\"@type\":\"EntryPoint\",\"urlTemplate\":\"https:\/\/agenciainfra.com\/blog\/?s={search_term_string}\"},\"query-input\":{\"@type\":\"PropertyValueSpecification\",\"valueRequired\":true,\"valueName\":\"search_term_string\"}}],\"inLanguage\":\"pt-BR\"},{\"@type\":\"Organization\",\"@id\":\"https:\/\/agenciainfra.com\/blog\/#organization\",\"name\":\"Ag\u00eancia iNFRA\",\"url\":\"https:\/\/agenciainfra.com\/blog\/\",\"logo\":{\"@type\":\"ImageObject\",\"inLanguage\":\"pt-BR\",\"@id\":\"https:\/\/agenciainfra.com\/blog\/#\/schema\/logo\/image\/\",\"url\":\"https:\/\/agenciainfra.com\/blog\/wp-content\/uploads\/2023\/09\/iNFRA_5-e1761735885940.png\",\"contentUrl\":\"https:\/\/agenciainfra.com\/blog\/wp-content\/uploads\/2023\/09\/iNFRA_5-e1761735885940.png\",\"width\":1672,\"height\":454,\"caption\":\"Ag\u00eancia iNFRA\"},\"image\":{\"@id\":\"https:\/\/agenciainfra.com\/blog\/#\/schema\/logo\/image\/\"},\"sameAs\":[\"https:\/\/www.facebook.com\/ageninfra\",\"https:\/\/x.com\/agencia_infra\",\"https:\/\/www.linkedin.com\/company\/ag\u00eanciainfra\/\",\"https:\/\/www.instagram.com\/agenciainfra\/\"]},{\"@type\":\"Person\",\"@id\":\"https:\/\/agenciainfra.com\/blog\/#\/schema\/person\/34af08dff6adea4cb22b06612ba7acfa\",\"name\":\"Ag\u00eancia iNFRA\",\"image\":{\"@type\":\"ImageObject\",\"inLanguage\":\"pt-BR\",\"@id\":\"https:\/\/agenciainfra.com\/blog\/#\/schema\/person\/image\/\",\"url\":\"https:\/\/secure.gravatar.com\/avatar\/d189e01678f06d8eb84d4e01f08eb848b3fffe3f8443818d3c356c66892f5be8?s=96&d=mm&r=g\",\"contentUrl\":\"https:\/\/secure.gravatar.com\/avatar\/d189e01678f06d8eb84d4e01f08eb848b3fffe3f8443818d3c356c66892f5be8?s=96&d=mm&r=g\",\"caption\":\"Ag\u00eancia iNFRA\"},\"url\":\"https:\/\/agenciainfra.com\/blog\/author\/admin\/\"}]}<\/script>\n<!-- \/ Yoast SEO Premium plugin. -->","yoast_head_json":{"title":"ANEEL fiscalizar\u00e1 CCEE por opera\u00e7\u00e3o com benef\u00edcio 11 vezes menor que o previsto para o consumidor - Ag\u00eancia iNFRA","robots":{"index":"index","follow":"follow","max-snippet":"max-snippet:-1","max-image-preview":"max-image-preview:large","max-video-preview":"max-video-preview:-1"},"canonical":"https:\/\/agenciainfra.com\/blog\/aneel-fiscalizara-ccee-por-operacao-com-beneficio-11-vezes-menor-que-o-previsto-para-o-consumidor\/","og_locale":"pt_BR","og_type":"article","og_title":"ANEEL fiscalizar\u00e1 CCEE por opera\u00e7\u00e3o com benef\u00edcio 11 vezes menor que o previsto para o consumidor","og_description":"Geraldo Campos Jr., da Ag\u00eancia iNFRA A ANEEL (Ag\u00eancia Nacional de Energia El\u00e9trica) aprovou nesta ter\u00e7a-feira (29) que seja instaurada fiscaliza\u00e7\u00e3o na CCEE (C\u00e2mara de Comercializa\u00e7\u00e3o de Energia El\u00e9trica) sobre os tr\u00e2mites realizados na opera\u00e7\u00e3o de antecipa\u00e7\u00e3o de receb\u00edveis da Eletrobras, no modelo de securitiza\u00e7\u00e3o, autorizada pela&nbsp;MP (Medida Provis\u00f3ria) 1.212\/2024. O relator do processo, diretor [&hellip;]","og_url":"https:\/\/agenciainfra.com\/blog\/aneel-fiscalizara-ccee-por-operacao-com-beneficio-11-vezes-menor-que-o-previsto-para-o-consumidor\/","og_site_name":"Ag\u00eancia iNFRA","article_publisher":"https:\/\/www.facebook.com\/ageninfra","article_published_time":"2024-10-30T12:00:00+00:00","article_modified_time":"2026-01-22T13:20:08+00:00","og_image":[{"width":1202,"height":772,"url":"https:\/\/agenciainfra.com\/blog\/wp-content\/uploads\/2024\/04\/Predio-CCEE-foto-divulgacao.jpg","type":"image\/jpeg"}],"author":"Ag\u00eancia iNFRA","twitter_card":"summary_large_image","twitter_creator":"@agencia_infra","twitter_site":"@agencia_infra","twitter_misc":{"Escrito por":"Ag\u00eancia iNFRA","Est. tempo de leitura":"6 minutos"},"schema":{"@context":"https:\/\/schema.org","@graph":[{"@type":"Article","@id":"https:\/\/agenciainfra.com\/blog\/aneel-fiscalizara-ccee-por-operacao-com-beneficio-11-vezes-menor-que-o-previsto-para-o-consumidor\/#article","isPartOf":{"@id":"https:\/\/agenciainfra.com\/blog\/aneel-fiscalizara-ccee-por-operacao-com-beneficio-11-vezes-menor-que-o-previsto-para-o-consumidor\/"},"author":{"name":"Ag\u00eancia iNFRA","@id":"https:\/\/agenciainfra.com\/blog\/#\/schema\/person\/34af08dff6adea4cb22b06612ba7acfa"},"headline":"ANEEL fiscalizar\u00e1 CCEE por opera\u00e7\u00e3o com benef\u00edcio 11 vezes menor que o previsto para o consumidor","datePublished":"2024-10-30T12:00:00+00:00","dateModified":"2026-01-22T13:20:08+00:00","mainEntityOfPage":{"@id":"https:\/\/agenciainfra.com\/blog\/aneel-fiscalizara-ccee-por-operacao-com-beneficio-11-vezes-menor-que-o-previsto-para-o-consumidor\/"},"wordCount":1230,"publisher":{"@id":"https:\/\/agenciainfra.com\/blog\/#organization"},"image":{"@id":"https:\/\/agenciainfra.com\/blog\/aneel-fiscalizara-ccee-por-operacao-com-beneficio-11-vezes-menor-que-o-previsto-para-o-consumidor\/#primaryimage"},"thumbnailUrl":"https:\/\/agenciainfra.com\/blog\/wp-content\/uploads\/2024\/04\/Predio-CCEE-foto-divulgacao.jpg","keywords":["ANEEL","ccee","CDE","CEMIG","consumidor","Conta Covid","Conta de Escassez H\u00eddrica","Eletrobras","Fernando Mosna","fiscaliza\u00e7\u00e3o","Gentil Nogueira","Geraldo Campos Jr","MME","MP 1.212\/2024","securitiza\u00e7\u00e3o","tarifas"],"articleSection":["Destaque lista","Geral","iNFRAEnergia"],"inLanguage":"pt-BR","copyrightYear":"2024","copyrightHolder":{"@id":"https:\/\/agenciainfra.com\/blog\/#organization"}},{"@type":"WebPage","@id":"https:\/\/agenciainfra.com\/blog\/aneel-fiscalizara-ccee-por-operacao-com-beneficio-11-vezes-menor-que-o-previsto-para-o-consumidor\/","url":"https:\/\/agenciainfra.com\/blog\/aneel-fiscalizara-ccee-por-operacao-com-beneficio-11-vezes-menor-que-o-previsto-para-o-consumidor\/","name":"ANEEL fiscalizar\u00e1 CCEE por opera\u00e7\u00e3o com benef\u00edcio 11 vezes menor que o previsto para o consumidor - Ag\u00eancia iNFRA","isPartOf":{"@id":"https:\/\/agenciainfra.com\/blog\/#website"},"primaryImageOfPage":{"@id":"https:\/\/agenciainfra.com\/blog\/aneel-fiscalizara-ccee-por-operacao-com-beneficio-11-vezes-menor-que-o-previsto-para-o-consumidor\/#primaryimage"},"image":{"@id":"https:\/\/agenciainfra.com\/blog\/aneel-fiscalizara-ccee-por-operacao-com-beneficio-11-vezes-menor-que-o-previsto-para-o-consumidor\/#primaryimage"},"thumbnailUrl":"https:\/\/agenciainfra.com\/blog\/wp-content\/uploads\/2024\/04\/Predio-CCEE-foto-divulgacao.jpg","datePublished":"2024-10-30T12:00:00+00:00","dateModified":"2026-01-22T13:20:08+00:00","breadcrumb":{"@id":"https:\/\/agenciainfra.com\/blog\/aneel-fiscalizara-ccee-por-operacao-com-beneficio-11-vezes-menor-que-o-previsto-para-o-consumidor\/#breadcrumb"},"inLanguage":"pt-BR","potentialAction":[{"@type":"ReadAction","target":["https:\/\/agenciainfra.com\/blog\/aneel-fiscalizara-ccee-por-operacao-com-beneficio-11-vezes-menor-que-o-previsto-para-o-consumidor\/"]}]},{"@type":"ImageObject","inLanguage":"pt-BR","@id":"https:\/\/agenciainfra.com\/blog\/aneel-fiscalizara-ccee-por-operacao-com-beneficio-11-vezes-menor-que-o-previsto-para-o-consumidor\/#primaryimage","url":"https:\/\/agenciainfra.com\/blog\/wp-content\/uploads\/2024\/04\/Predio-CCEE-foto-divulgacao.jpg","contentUrl":"https:\/\/agenciainfra.com\/blog\/wp-content\/uploads\/2024\/04\/Predio-CCEE-foto-divulgacao.jpg","width":1202,"height":772,"caption":"Foto: CCEE"},{"@type":"BreadcrumbList","@id":"https:\/\/agenciainfra.com\/blog\/aneel-fiscalizara-ccee-por-operacao-com-beneficio-11-vezes-menor-que-o-previsto-para-o-consumidor\/#breadcrumb","itemListElement":[{"@type":"ListItem","position":1,"name":"In\u00edcio","item":"https:\/\/agenciainfra.com\/blog\/"},{"@type":"ListItem","position":2,"name":"ANEEL fiscalizar\u00e1 CCEE por opera\u00e7\u00e3o com benef\u00edcio 11 vezes menor que o previsto para o consumidor"}]},{"@type":"WebSite","@id":"https:\/\/agenciainfra.com\/blog\/#website","url":"https:\/\/agenciainfra.com\/blog\/","name":"Ag\u00eancia iNFRA","description":"Multiplataforma de informa\u00e7\u00e3o jornal\u00edstica refer\u00eancia na \u00e1rea de infraestrutura no Brasil!","publisher":{"@id":"https:\/\/agenciainfra.com\/blog\/#organization"},"potentialAction":[{"@type":"SearchAction","target":{"@type":"EntryPoint","urlTemplate":"https:\/\/agenciainfra.com\/blog\/?s={search_term_string}"},"query-input":{"@type":"PropertyValueSpecification","valueRequired":true,"valueName":"search_term_string"}}],"inLanguage":"pt-BR"},{"@type":"Organization","@id":"https:\/\/agenciainfra.com\/blog\/#organization","name":"Ag\u00eancia iNFRA","url":"https:\/\/agenciainfra.com\/blog\/","logo":{"@type":"ImageObject","inLanguage":"pt-BR","@id":"https:\/\/agenciainfra.com\/blog\/#\/schema\/logo\/image\/","url":"https:\/\/agenciainfra.com\/blog\/wp-content\/uploads\/2023\/09\/iNFRA_5-e1761735885940.png","contentUrl":"https:\/\/agenciainfra.com\/blog\/wp-content\/uploads\/2023\/09\/iNFRA_5-e1761735885940.png","width":1672,"height":454,"caption":"Ag\u00eancia iNFRA"},"image":{"@id":"https:\/\/agenciainfra.com\/blog\/#\/schema\/logo\/image\/"},"sameAs":["https:\/\/www.facebook.com\/ageninfra","https:\/\/x.com\/agencia_infra","https:\/\/www.linkedin.com\/company\/ag\u00eanciainfra\/","https:\/\/www.instagram.com\/agenciainfra\/"]},{"@type":"Person","@id":"https:\/\/agenciainfra.com\/blog\/#\/schema\/person\/34af08dff6adea4cb22b06612ba7acfa","name":"Ag\u00eancia iNFRA","image":{"@type":"ImageObject","inLanguage":"pt-BR","@id":"https:\/\/agenciainfra.com\/blog\/#\/schema\/person\/image\/","url":"https:\/\/secure.gravatar.com\/avatar\/d189e01678f06d8eb84d4e01f08eb848b3fffe3f8443818d3c356c66892f5be8?s=96&d=mm&r=g","contentUrl":"https:\/\/secure.gravatar.com\/avatar\/d189e01678f06d8eb84d4e01f08eb848b3fffe3f8443818d3c356c66892f5be8?s=96&d=mm&r=g","caption":"Ag\u00eancia iNFRA"},"url":"https:\/\/agenciainfra.com\/blog\/author\/admin\/"}]}},"_links":{"self":[{"href":"https:\/\/agenciainfra.com\/blog\/wp-json\/wp\/v2\/posts\/18948","targetHints":{"allow":["GET"]}}],"collection":[{"href":"https:\/\/agenciainfra.com\/blog\/wp-json\/wp\/v2\/posts"}],"about":[{"href":"https:\/\/agenciainfra.com\/blog\/wp-json\/wp\/v2\/types\/post"}],"author":[{"embeddable":true,"href":"https:\/\/agenciainfra.com\/blog\/wp-json\/wp\/v2\/users\/1"}],"replies":[{"embeddable":true,"href":"https:\/\/agenciainfra.com\/blog\/wp-json\/wp\/v2\/comments?post=18948"}],"version-history":[{"count":1,"href":"https:\/\/agenciainfra.com\/blog\/wp-json\/wp\/v2\/posts\/18948\/revisions"}],"predecessor-version":[{"id":18949,"href":"https:\/\/agenciainfra.com\/blog\/wp-json\/wp\/v2\/posts\/18948\/revisions\/18949"}],"wp:featuredmedia":[{"embeddable":true,"href":"https:\/\/agenciainfra.com\/blog\/wp-json\/wp\/v2\/media\/16379"}],"wp:attachment":[{"href":"https:\/\/agenciainfra.com\/blog\/wp-json\/wp\/v2\/media?parent=18948"}],"wp:term":[{"taxonomy":"category","embeddable":true,"href":"https:\/\/agenciainfra.com\/blog\/wp-json\/wp\/v2\/categories?post=18948"},{"taxonomy":"post_tag","embeddable":true,"href":"https:\/\/agenciainfra.com\/blog\/wp-json\/wp\/v2\/tags?post=18948"}],"curies":[{"name":"wp","href":"https:\/\/api.w.org\/{rel}","templated":true}]}}