{"id":18964,"date":"2024-10-31T09:00:00","date_gmt":"2024-10-31T12:00:00","guid":{"rendered":"https:\/\/agenciainfra.com\/blog\/?p=18964"},"modified":"2024-11-01T10:39:56","modified_gmt":"2024-11-01T13:39:56","slug":"senador-apresenta-projeto-que-anula-venda-da-amazonas-energia-autorizada-sob-decisao-judicial","status":"publish","type":"post","link":"https:\/\/agenciainfra.com\/blog\/senador-apresenta-projeto-que-anula-venda-da-amazonas-energia-autorizada-sob-decisao-judicial\/","title":{"rendered":"Senador apresenta projeto que anula venda da Amazonas Energia autorizada sob decis\u00e3o judicial"},"content":{"rendered":"\n<p class=\"has-text-align-right\"><strong>Marisa Wanzeller, da Ag\u00eancia iNFRA<\/strong><\/p>\n\n\n\n<p>O senador Rog\u00e9rio Marinho (PL-RN) protocolou o&nbsp;<a href=\"https:\/\/www25.senado.leg.br\/web\/atividade\/materias\/-\/materia\/165940\" target=\"_blank\" rel=\"noreferrer noopener\">PDL (Projeto de Decreto Legislativo) 372\/2024<\/a>&nbsp;a fim de extinguir a an\u00e1lise de transfer\u00eancia da Amazonas Energia para a \u00c2mbar Energia, do grupo J&amp;F, e de convers\u00e3o de contratos de t\u00e9rmicas na regi\u00e3o Norte, compradas da Eletrobras tamb\u00e9m pela \u00c2mbar, em CERs (Contratos de Energia de Reserva).&nbsp;<\/p>\n\n\n\n<p>As opera\u00e7\u00f5es foram assinadas com base em decis\u00e3o judicial, que obrigou a ANEEL (Ag\u00eancia Nacional de Energia El\u00e9trica) a autorizar os procedimentos conforme os termos da compradora.&nbsp;Tais condi\u00e7\u00f5es, no entanto, n\u00e3o t\u00eam respaldo administrativo na diretoria da ag\u00eancia. &nbsp;<\/p>\n\n\n\n<p>O senador destacou na justificativa do projeto que a \u00c2mbar Energia assinou o termo de transfer\u00eancia ap\u00f3s o prazo de vencimento da <a href=\"https:\/\/www.congressonacional.leg.br\/materias\/medidas-provisorias\/-\/mpv\/164120\">MP (Medida Provis\u00f3ria) 1.232\/2024<\/a>, que inviabilizava a opera\u00e7\u00e3o. Dessa forma, n\u00e3o haveria como dar prosseguimento ao processo.\u00a0<\/p>\n\n\n\n<p>&#8220;Conclui-se que a proposi\u00e7\u00e3o de decreto legislativo se reveste de car\u00e1ter essencial para a regulariza\u00e7\u00e3o das rela\u00e7\u00f5es jur\u00eddicas afetadas pela perda de efic\u00e1cia da Medida Provis\u00f3ria n\u00ba 1.232, de 12 de junho de 2024, sobretudo, quando incide sobre o pleito in\u00fameras controv\u00e9rsias judiciais&#8221;, diz o documento.&nbsp;<\/p>\n\n\n\n<p><strong>Prazo<\/strong><br>Especialistas apontam que, para o PDL ter validade, ele precisa ser aprovado pelo Congresso Nacional at\u00e9 9 de dezembro deste ano. Isso porque o Art. 62, par\u00e1grafo 11, da constitui\u00e7\u00e3o diz que as rela\u00e7\u00f5es jur\u00eddicas constitu\u00eddas e decorrentes dos atos praticados durante a vig\u00eancia de uma medida provis\u00f3ria ser\u00e3o mantidas caso n\u00e3o seja editado um decreto legislativo at\u00e9 60 dias ap\u00f3s a rejei\u00e7\u00e3o ou perda de efic\u00e1cia de uma medida provis\u00f3ria.&nbsp;<\/p>\n\n\n\n<p><strong>Constitucionalidade<\/strong><br>Henrique Reis, s\u00f3cio de Energia no escrit\u00f3rio de L.O. Baptista Advogados, avalia que a aprova\u00e7\u00e3o de PDL justificado em uma alegada &#8220;controv\u00e9rsia judicial&#8221; pode levar a um questionamento da constitucionalidade do decreto legislativo. Segundo ele, apesar de existir um inc\u00f4modo com a judicializa\u00e7\u00e3o de processos que passam por \u00f3rg\u00e3os t\u00e9cnicos aut\u00f4nomos, esse \u00e9 um direito assegurado pela Constitui\u00e7\u00e3o Federal.&nbsp;<\/p>\n\n\n\n<p>&#8220;O fato de haver uma decis\u00e3o judicial, claro, pode sim ter uma sensibilidade em raz\u00e3o de ser um tema complexo, um setor complexo, em que tem uma ag\u00eancia que tem autonomia institucional, compet\u00eancia t\u00e9cnica para poder deliberar sobre esses assuntos, mas, ao mesmo tempo, uma an\u00e1lise, em tese, \u00e9 leg\u00edtima. Inclusive pela pr\u00f3pria Constitui\u00e7\u00e3o, \u00e9 leg\u00edtimo que esse agente, ao n\u00e3o se dar por satisfeito em face de uma decis\u00e3o administrativa, recorra ao Judici\u00e1rio. \u00c9 desej\u00e1vel ou n\u00e3o? \u00c9 uma discuss\u00e3o filos\u00f3fica, mas a Constitui\u00e7\u00e3o garante o direito&#8221;, concluiu.&nbsp;<\/p>\n\n\n\n<p>Outro questionamento levantado pelo especialista \u00e9 se um decreto legislativo, que segundo a Constitui\u00e7\u00e3o teria por objetivo disciplinar as rela\u00e7\u00f5es jur\u00eddicas decorrentes de uma MP, poderia extinguir tais rela\u00e7\u00f5es. &#8220;Se ele considerar que foi estabelecida uma rela\u00e7\u00e3o jur\u00eddica, eu tenho d\u00favida se ele poderia, ao disciplinar, extinguir essas rela\u00e7\u00f5es&#8221;, afirmou o advogado.<\/p>\n\n\n\n<p>&#8220;Ele est\u00e1 considerando \u00e9 que n\u00e3o houve essa conclus\u00e3o da opera\u00e7\u00e3o. Se ele entendeu que n\u00e3o foi conclu\u00eddo o processo, eu entendo que caberia \u00e0&nbsp;pr\u00f3pria ANEEL dizer isso no processo administrativo. E tem uma contesta\u00e7\u00e3o da ANEEL em que ela firma isso, que foi assinado no dia 11 de outubro e n\u00e3o no dia 10 de outubro. N\u00e3o seria mat\u00e9ria de decreto legislativo&#8221;, avaliou.<\/p>\n","protected":false},"excerpt":{"rendered":"<p>Marisa Wanzeller, da Ag\u00eancia iNFRA O senador Rog\u00e9rio Marinho (PL-RN) protocolou o&nbsp;PDL (Projeto de Decreto Legislativo) 372\/2024&nbsp;a fim de extinguir a an\u00e1lise de transfer\u00eancia da Amazonas Energia para a \u00c2mbar Energia, do grupo J&amp;F, e de convers\u00e3o de contratos de t\u00e9rmicas na regi\u00e3o Norte, compradas da Eletrobras tamb\u00e9m pela \u00c2mbar, em CERs (Contratos de Energia [&hellip;]<\/p>\n","protected":false},"author":1,"featured_media":18965,"comment_status":"closed","ping_status":"closed","sticky":false,"template":"","format":"standard","meta":{"_monsterinsights_skip_tracking":false,"_monsterinsights_sitenote_active":false,"_monsterinsights_sitenote_note":"","_monsterinsights_sitenote_category":0,"footnotes":""},"categories":[7250,1,10],"tags":[144,5481,53,11598,50,5482,7366,10043,11629,3099,11630],"class_list":["post-18964","post","type-post","status-publish","format-standard","has-post-thumbnail","hentry","category-destaque-lista","category-geral","category-infraenergia","tag-amazonas-energia","tag-ambar-energia","tag-aneel","tag-cers","tag-eletrobras","tag-jf","tag-marisa-wanzeller","tag-mp-1-232-2024","tag-pdl-372-2024","tag-rogerio-marinho","tag-termicas-do-norte"],"yoast_head":"<!-- This site is optimized with the Yoast SEO Premium plugin v25.4 (Yoast SEO v26.0) - https:\/\/yoast.com\/wordpress\/plugins\/seo\/ -->\n<title>Senador apresenta projeto que anula venda da Amazonas Energia autorizada sob decis\u00e3o judicial - Ag\u00eancia iNFRA<\/title>\n<meta name=\"robots\" content=\"index, follow, max-snippet:-1, max-image-preview:large, max-video-preview:-1\" \/>\n<link rel=\"canonical\" href=\"https:\/\/agenciainfra.com\/blog\/senador-apresenta-projeto-que-anula-venda-da-amazonas-energia-autorizada-sob-decisao-judicial\/\" \/>\n<meta property=\"og:locale\" content=\"pt_BR\" \/>\n<meta property=\"og:type\" content=\"article\" \/>\n<meta property=\"og:title\" content=\"Senador apresenta projeto que anula venda da Amazonas Energia autorizada sob decis\u00e3o judicial\" \/>\n<meta property=\"og:description\" content=\"Marisa Wanzeller, da Ag\u00eancia iNFRA O senador Rog\u00e9rio Marinho (PL-RN) protocolou o&nbsp;PDL (Projeto de Decreto Legislativo) 372\/2024&nbsp;a fim de extinguir a an\u00e1lise de transfer\u00eancia da Amazonas Energia para a \u00c2mbar Energia, do grupo J&amp;F, e de convers\u00e3o de contratos de t\u00e9rmicas na regi\u00e3o Norte, compradas da Eletrobras tamb\u00e9m pela \u00c2mbar, em CERs (Contratos de Energia [&hellip;]\" \/>\n<meta property=\"og:url\" content=\"https:\/\/agenciainfra.com\/blog\/senador-apresenta-projeto-que-anula-venda-da-amazonas-energia-autorizada-sob-decisao-judicial\/\" \/>\n<meta property=\"og:site_name\" content=\"Ag\u00eancia iNFRA\" \/>\n<meta property=\"article:publisher\" content=\"https:\/\/www.facebook.com\/ageninfra\" \/>\n<meta property=\"article:published_time\" content=\"2024-10-31T12:00:00+00:00\" \/>\n<meta property=\"article:modified_time\" content=\"2024-11-01T13:39:56+00:00\" \/>\n<meta property=\"og:image\" content=\"https:\/\/agenciainfra.com\/blog\/wp-content\/uploads\/2024\/10\/rogerio-marinho-foto-waldemir-barreto-agencia-senado.jpg\" \/>\n\t<meta property=\"og:image:width\" content=\"640\" \/>\n\t<meta property=\"og:image:height\" content=\"427\" \/>\n\t<meta property=\"og:image:type\" content=\"image\/jpeg\" \/>\n<meta name=\"author\" content=\"Ag\u00eancia iNFRA\" \/>\n<meta name=\"twitter:card\" content=\"summary_large_image\" \/>\n<meta name=\"twitter:creator\" content=\"@agencia_infra\" \/>\n<meta name=\"twitter:site\" content=\"@agencia_infra\" \/>\n<meta name=\"twitter:label1\" content=\"Escrito por\" \/>\n\t<meta name=\"twitter:data1\" content=\"Ag\u00eancia iNFRA\" \/>\n\t<meta name=\"twitter:label2\" content=\"Est. tempo de leitura\" \/>\n\t<meta name=\"twitter:data2\" content=\"3 minutos\" \/>\n<script type=\"application\/ld+json\" class=\"yoast-schema-graph\">{\"@context\":\"https:\/\/schema.org\",\"@graph\":[{\"@type\":\"Article\",\"@id\":\"https:\/\/agenciainfra.com\/blog\/senador-apresenta-projeto-que-anula-venda-da-amazonas-energia-autorizada-sob-decisao-judicial\/#article\",\"isPartOf\":{\"@id\":\"https:\/\/agenciainfra.com\/blog\/senador-apresenta-projeto-que-anula-venda-da-amazonas-energia-autorizada-sob-decisao-judicial\/\"},\"author\":{\"name\":\"Ag\u00eancia iNFRA\",\"@id\":\"https:\/\/agenciainfra.com\/blog\/#\/schema\/person\/34af08dff6adea4cb22b06612ba7acfa\"},\"headline\":\"Senador apresenta projeto que anula venda da Amazonas Energia autorizada sob decis\u00e3o judicial\",\"datePublished\":\"2024-10-31T12:00:00+00:00\",\"dateModified\":\"2024-11-01T13:39:56+00:00\",\"mainEntityOfPage\":{\"@id\":\"https:\/\/agenciainfra.com\/blog\/senador-apresenta-projeto-que-anula-venda-da-amazonas-energia-autorizada-sob-decisao-judicial\/\"},\"wordCount\":618,\"publisher\":{\"@id\":\"https:\/\/agenciainfra.com\/blog\/#organization\"},\"image\":{\"@id\":\"https:\/\/agenciainfra.com\/blog\/senador-apresenta-projeto-que-anula-venda-da-amazonas-energia-autorizada-sob-decisao-judicial\/#primaryimage\"},\"thumbnailUrl\":\"https:\/\/agenciainfra.com\/blog\/wp-content\/uploads\/2024\/10\/rogerio-marinho-foto-waldemir-barreto-agencia-senado.jpg\",\"keywords\":[\"Amazonas Energia\",\"\u00c2mbar Energia\",\"ANEEL\",\"CERs\",\"Eletrobras\",\"J&amp;F\",\"Marisa Wanzeller\",\"MP 1.232\/2024\",\"PDL 372\/2024\",\"Rog\u00e9rio Marinho\",\"t\u00e9rmicas do Norte\"],\"articleSection\":[\"Destaque lista\",\"Geral\",\"iNFRAEnergia\"],\"inLanguage\":\"pt-BR\",\"copyrightYear\":\"2024\",\"copyrightHolder\":{\"@id\":\"https:\/\/agenciainfra.com\/blog\/#organization\"}},{\"@type\":\"WebPage\",\"@id\":\"https:\/\/agenciainfra.com\/blog\/senador-apresenta-projeto-que-anula-venda-da-amazonas-energia-autorizada-sob-decisao-judicial\/\",\"url\":\"https:\/\/agenciainfra.com\/blog\/senador-apresenta-projeto-que-anula-venda-da-amazonas-energia-autorizada-sob-decisao-judicial\/\",\"name\":\"Senador apresenta projeto que anula venda da Amazonas Energia autorizada sob decis\u00e3o judicial - Ag\u00eancia iNFRA\",\"isPartOf\":{\"@id\":\"https:\/\/agenciainfra.com\/blog\/#website\"},\"primaryImageOfPage\":{\"@id\":\"https:\/\/agenciainfra.com\/blog\/senador-apresenta-projeto-que-anula-venda-da-amazonas-energia-autorizada-sob-decisao-judicial\/#primaryimage\"},\"image\":{\"@id\":\"https:\/\/agenciainfra.com\/blog\/senador-apresenta-projeto-que-anula-venda-da-amazonas-energia-autorizada-sob-decisao-judicial\/#primaryimage\"},\"thumbnailUrl\":\"https:\/\/agenciainfra.com\/blog\/wp-content\/uploads\/2024\/10\/rogerio-marinho-foto-waldemir-barreto-agencia-senado.jpg\",\"datePublished\":\"2024-10-31T12:00:00+00:00\",\"dateModified\":\"2024-11-01T13:39:56+00:00\",\"breadcrumb\":{\"@id\":\"https:\/\/agenciainfra.com\/blog\/senador-apresenta-projeto-que-anula-venda-da-amazonas-energia-autorizada-sob-decisao-judicial\/#breadcrumb\"},\"inLanguage\":\"pt-BR\",\"potentialAction\":[{\"@type\":\"ReadAction\",\"target\":[\"https:\/\/agenciainfra.com\/blog\/senador-apresenta-projeto-que-anula-venda-da-amazonas-energia-autorizada-sob-decisao-judicial\/\"]}]},{\"@type\":\"ImageObject\",\"inLanguage\":\"pt-BR\",\"@id\":\"https:\/\/agenciainfra.com\/blog\/senador-apresenta-projeto-que-anula-venda-da-amazonas-energia-autorizada-sob-decisao-judicial\/#primaryimage\",\"url\":\"https:\/\/agenciainfra.com\/blog\/wp-content\/uploads\/2024\/10\/rogerio-marinho-foto-waldemir-barreto-agencia-senado.jpg\",\"contentUrl\":\"https:\/\/agenciainfra.com\/blog\/wp-content\/uploads\/2024\/10\/rogerio-marinho-foto-waldemir-barreto-agencia-senado.jpg\",\"width\":640,\"height\":427},{\"@type\":\"BreadcrumbList\",\"@id\":\"https:\/\/agenciainfra.com\/blog\/senador-apresenta-projeto-que-anula-venda-da-amazonas-energia-autorizada-sob-decisao-judicial\/#breadcrumb\",\"itemListElement\":[{\"@type\":\"ListItem\",\"position\":1,\"name\":\"In\u00edcio\",\"item\":\"https:\/\/agenciainfra.com\/blog\/\"},{\"@type\":\"ListItem\",\"position\":2,\"name\":\"Senador apresenta projeto que anula venda da Amazonas Energia autorizada sob decis\u00e3o judicial\"}]},{\"@type\":\"WebSite\",\"@id\":\"https:\/\/agenciainfra.com\/blog\/#website\",\"url\":\"https:\/\/agenciainfra.com\/blog\/\",\"name\":\"Ag\u00eancia iNFRA\",\"description\":\"Multiplataforma de informa\u00e7\u00e3o jornal\u00edstica refer\u00eancia na \u00e1rea de infraestrutura no Brasil!\",\"publisher\":{\"@id\":\"https:\/\/agenciainfra.com\/blog\/#organization\"},\"potentialAction\":[{\"@type\":\"SearchAction\",\"target\":{\"@type\":\"EntryPoint\",\"urlTemplate\":\"https:\/\/agenciainfra.com\/blog\/?s={search_term_string}\"},\"query-input\":{\"@type\":\"PropertyValueSpecification\",\"valueRequired\":true,\"valueName\":\"search_term_string\"}}],\"inLanguage\":\"pt-BR\"},{\"@type\":\"Organization\",\"@id\":\"https:\/\/agenciainfra.com\/blog\/#organization\",\"name\":\"Ag\u00eancia iNFRA\",\"url\":\"https:\/\/agenciainfra.com\/blog\/\",\"logo\":{\"@type\":\"ImageObject\",\"inLanguage\":\"pt-BR\",\"@id\":\"https:\/\/agenciainfra.com\/blog\/#\/schema\/logo\/image\/\",\"url\":\"https:\/\/agenciainfra.com\/blog\/wp-content\/uploads\/2023\/09\/iNFRA_5-e1761735885940.png\",\"contentUrl\":\"https:\/\/agenciainfra.com\/blog\/wp-content\/uploads\/2023\/09\/iNFRA_5-e1761735885940.png\",\"width\":1672,\"height\":454,\"caption\":\"Ag\u00eancia iNFRA\"},\"image\":{\"@id\":\"https:\/\/agenciainfra.com\/blog\/#\/schema\/logo\/image\/\"},\"sameAs\":[\"https:\/\/www.facebook.com\/ageninfra\",\"https:\/\/x.com\/agencia_infra\",\"https:\/\/www.linkedin.com\/company\/ag\u00eanciainfra\/\",\"https:\/\/www.instagram.com\/agenciainfra\/\"]},{\"@type\":\"Person\",\"@id\":\"https:\/\/agenciainfra.com\/blog\/#\/schema\/person\/34af08dff6adea4cb22b06612ba7acfa\",\"name\":\"Ag\u00eancia iNFRA\",\"image\":{\"@type\":\"ImageObject\",\"inLanguage\":\"pt-BR\",\"@id\":\"https:\/\/agenciainfra.com\/blog\/#\/schema\/person\/image\/\",\"url\":\"https:\/\/secure.gravatar.com\/avatar\/d189e01678f06d8eb84d4e01f08eb848b3fffe3f8443818d3c356c66892f5be8?s=96&d=mm&r=g\",\"contentUrl\":\"https:\/\/secure.gravatar.com\/avatar\/d189e01678f06d8eb84d4e01f08eb848b3fffe3f8443818d3c356c66892f5be8?s=96&d=mm&r=g\",\"caption\":\"Ag\u00eancia iNFRA\"},\"url\":\"https:\/\/agenciainfra.com\/blog\/author\/admin\/\"}]}<\/script>\n<!-- \/ Yoast SEO Premium plugin. -->","yoast_head_json":{"title":"Senador apresenta projeto que anula venda da Amazonas Energia autorizada sob decis\u00e3o judicial - Ag\u00eancia iNFRA","robots":{"index":"index","follow":"follow","max-snippet":"max-snippet:-1","max-image-preview":"max-image-preview:large","max-video-preview":"max-video-preview:-1"},"canonical":"https:\/\/agenciainfra.com\/blog\/senador-apresenta-projeto-que-anula-venda-da-amazonas-energia-autorizada-sob-decisao-judicial\/","og_locale":"pt_BR","og_type":"article","og_title":"Senador apresenta projeto que anula venda da Amazonas Energia autorizada sob decis\u00e3o judicial","og_description":"Marisa Wanzeller, da Ag\u00eancia iNFRA O senador Rog\u00e9rio Marinho (PL-RN) protocolou o&nbsp;PDL (Projeto de Decreto Legislativo) 372\/2024&nbsp;a fim de extinguir a an\u00e1lise de transfer\u00eancia da Amazonas Energia para a \u00c2mbar Energia, do grupo J&amp;F, e de convers\u00e3o de contratos de t\u00e9rmicas na regi\u00e3o Norte, compradas da Eletrobras tamb\u00e9m pela \u00c2mbar, em CERs (Contratos de Energia [&hellip;]","og_url":"https:\/\/agenciainfra.com\/blog\/senador-apresenta-projeto-que-anula-venda-da-amazonas-energia-autorizada-sob-decisao-judicial\/","og_site_name":"Ag\u00eancia iNFRA","article_publisher":"https:\/\/www.facebook.com\/ageninfra","article_published_time":"2024-10-31T12:00:00+00:00","article_modified_time":"2024-11-01T13:39:56+00:00","og_image":[{"width":640,"height":427,"url":"https:\/\/agenciainfra.com\/blog\/wp-content\/uploads\/2024\/10\/rogerio-marinho-foto-waldemir-barreto-agencia-senado.jpg","type":"image\/jpeg"}],"author":"Ag\u00eancia iNFRA","twitter_card":"summary_large_image","twitter_creator":"@agencia_infra","twitter_site":"@agencia_infra","twitter_misc":{"Escrito por":"Ag\u00eancia iNFRA","Est. tempo de leitura":"3 minutos"},"schema":{"@context":"https:\/\/schema.org","@graph":[{"@type":"Article","@id":"https:\/\/agenciainfra.com\/blog\/senador-apresenta-projeto-que-anula-venda-da-amazonas-energia-autorizada-sob-decisao-judicial\/#article","isPartOf":{"@id":"https:\/\/agenciainfra.com\/blog\/senador-apresenta-projeto-que-anula-venda-da-amazonas-energia-autorizada-sob-decisao-judicial\/"},"author":{"name":"Ag\u00eancia iNFRA","@id":"https:\/\/agenciainfra.com\/blog\/#\/schema\/person\/34af08dff6adea4cb22b06612ba7acfa"},"headline":"Senador apresenta projeto que anula venda da Amazonas Energia autorizada sob decis\u00e3o judicial","datePublished":"2024-10-31T12:00:00+00:00","dateModified":"2024-11-01T13:39:56+00:00","mainEntityOfPage":{"@id":"https:\/\/agenciainfra.com\/blog\/senador-apresenta-projeto-que-anula-venda-da-amazonas-energia-autorizada-sob-decisao-judicial\/"},"wordCount":618,"publisher":{"@id":"https:\/\/agenciainfra.com\/blog\/#organization"},"image":{"@id":"https:\/\/agenciainfra.com\/blog\/senador-apresenta-projeto-que-anula-venda-da-amazonas-energia-autorizada-sob-decisao-judicial\/#primaryimage"},"thumbnailUrl":"https:\/\/agenciainfra.com\/blog\/wp-content\/uploads\/2024\/10\/rogerio-marinho-foto-waldemir-barreto-agencia-senado.jpg","keywords":["Amazonas Energia","\u00c2mbar Energia","ANEEL","CERs","Eletrobras","J&amp;F","Marisa Wanzeller","MP 1.232\/2024","PDL 372\/2024","Rog\u00e9rio Marinho","t\u00e9rmicas do Norte"],"articleSection":["Destaque lista","Geral","iNFRAEnergia"],"inLanguage":"pt-BR","copyrightYear":"2024","copyrightHolder":{"@id":"https:\/\/agenciainfra.com\/blog\/#organization"}},{"@type":"WebPage","@id":"https:\/\/agenciainfra.com\/blog\/senador-apresenta-projeto-que-anula-venda-da-amazonas-energia-autorizada-sob-decisao-judicial\/","url":"https:\/\/agenciainfra.com\/blog\/senador-apresenta-projeto-que-anula-venda-da-amazonas-energia-autorizada-sob-decisao-judicial\/","name":"Senador apresenta projeto que anula venda da Amazonas Energia autorizada sob decis\u00e3o judicial - Ag\u00eancia iNFRA","isPartOf":{"@id":"https:\/\/agenciainfra.com\/blog\/#website"},"primaryImageOfPage":{"@id":"https:\/\/agenciainfra.com\/blog\/senador-apresenta-projeto-que-anula-venda-da-amazonas-energia-autorizada-sob-decisao-judicial\/#primaryimage"},"image":{"@id":"https:\/\/agenciainfra.com\/blog\/senador-apresenta-projeto-que-anula-venda-da-amazonas-energia-autorizada-sob-decisao-judicial\/#primaryimage"},"thumbnailUrl":"https:\/\/agenciainfra.com\/blog\/wp-content\/uploads\/2024\/10\/rogerio-marinho-foto-waldemir-barreto-agencia-senado.jpg","datePublished":"2024-10-31T12:00:00+00:00","dateModified":"2024-11-01T13:39:56+00:00","breadcrumb":{"@id":"https:\/\/agenciainfra.com\/blog\/senador-apresenta-projeto-que-anula-venda-da-amazonas-energia-autorizada-sob-decisao-judicial\/#breadcrumb"},"inLanguage":"pt-BR","potentialAction":[{"@type":"ReadAction","target":["https:\/\/agenciainfra.com\/blog\/senador-apresenta-projeto-que-anula-venda-da-amazonas-energia-autorizada-sob-decisao-judicial\/"]}]},{"@type":"ImageObject","inLanguage":"pt-BR","@id":"https:\/\/agenciainfra.com\/blog\/senador-apresenta-projeto-que-anula-venda-da-amazonas-energia-autorizada-sob-decisao-judicial\/#primaryimage","url":"https:\/\/agenciainfra.com\/blog\/wp-content\/uploads\/2024\/10\/rogerio-marinho-foto-waldemir-barreto-agencia-senado.jpg","contentUrl":"https:\/\/agenciainfra.com\/blog\/wp-content\/uploads\/2024\/10\/rogerio-marinho-foto-waldemir-barreto-agencia-senado.jpg","width":640,"height":427},{"@type":"BreadcrumbList","@id":"https:\/\/agenciainfra.com\/blog\/senador-apresenta-projeto-que-anula-venda-da-amazonas-energia-autorizada-sob-decisao-judicial\/#breadcrumb","itemListElement":[{"@type":"ListItem","position":1,"name":"In\u00edcio","item":"https:\/\/agenciainfra.com\/blog\/"},{"@type":"ListItem","position":2,"name":"Senador apresenta projeto que anula venda da Amazonas Energia autorizada sob decis\u00e3o judicial"}]},{"@type":"WebSite","@id":"https:\/\/agenciainfra.com\/blog\/#website","url":"https:\/\/agenciainfra.com\/blog\/","name":"Ag\u00eancia iNFRA","description":"Multiplataforma de informa\u00e7\u00e3o jornal\u00edstica refer\u00eancia na \u00e1rea de infraestrutura no Brasil!","publisher":{"@id":"https:\/\/agenciainfra.com\/blog\/#organization"},"potentialAction":[{"@type":"SearchAction","target":{"@type":"EntryPoint","urlTemplate":"https:\/\/agenciainfra.com\/blog\/?s={search_term_string}"},"query-input":{"@type":"PropertyValueSpecification","valueRequired":true,"valueName":"search_term_string"}}],"inLanguage":"pt-BR"},{"@type":"Organization","@id":"https:\/\/agenciainfra.com\/blog\/#organization","name":"Ag\u00eancia iNFRA","url":"https:\/\/agenciainfra.com\/blog\/","logo":{"@type":"ImageObject","inLanguage":"pt-BR","@id":"https:\/\/agenciainfra.com\/blog\/#\/schema\/logo\/image\/","url":"https:\/\/agenciainfra.com\/blog\/wp-content\/uploads\/2023\/09\/iNFRA_5-e1761735885940.png","contentUrl":"https:\/\/agenciainfra.com\/blog\/wp-content\/uploads\/2023\/09\/iNFRA_5-e1761735885940.png","width":1672,"height":454,"caption":"Ag\u00eancia iNFRA"},"image":{"@id":"https:\/\/agenciainfra.com\/blog\/#\/schema\/logo\/image\/"},"sameAs":["https:\/\/www.facebook.com\/ageninfra","https:\/\/x.com\/agencia_infra","https:\/\/www.linkedin.com\/company\/ag\u00eanciainfra\/","https:\/\/www.instagram.com\/agenciainfra\/"]},{"@type":"Person","@id":"https:\/\/agenciainfra.com\/blog\/#\/schema\/person\/34af08dff6adea4cb22b06612ba7acfa","name":"Ag\u00eancia iNFRA","image":{"@type":"ImageObject","inLanguage":"pt-BR","@id":"https:\/\/agenciainfra.com\/blog\/#\/schema\/person\/image\/","url":"https:\/\/secure.gravatar.com\/avatar\/d189e01678f06d8eb84d4e01f08eb848b3fffe3f8443818d3c356c66892f5be8?s=96&d=mm&r=g","contentUrl":"https:\/\/secure.gravatar.com\/avatar\/d189e01678f06d8eb84d4e01f08eb848b3fffe3f8443818d3c356c66892f5be8?s=96&d=mm&r=g","caption":"Ag\u00eancia iNFRA"},"url":"https:\/\/agenciainfra.com\/blog\/author\/admin\/"}]}},"_links":{"self":[{"href":"https:\/\/agenciainfra.com\/blog\/wp-json\/wp\/v2\/posts\/18964","targetHints":{"allow":["GET"]}}],"collection":[{"href":"https:\/\/agenciainfra.com\/blog\/wp-json\/wp\/v2\/posts"}],"about":[{"href":"https:\/\/agenciainfra.com\/blog\/wp-json\/wp\/v2\/types\/post"}],"author":[{"embeddable":true,"href":"https:\/\/agenciainfra.com\/blog\/wp-json\/wp\/v2\/users\/1"}],"replies":[{"embeddable":true,"href":"https:\/\/agenciainfra.com\/blog\/wp-json\/wp\/v2\/comments?post=18964"}],"version-history":[{"count":2,"href":"https:\/\/agenciainfra.com\/blog\/wp-json\/wp\/v2\/posts\/18964\/revisions"}],"predecessor-version":[{"id":18967,"href":"https:\/\/agenciainfra.com\/blog\/wp-json\/wp\/v2\/posts\/18964\/revisions\/18967"}],"wp:featuredmedia":[{"embeddable":true,"href":"https:\/\/agenciainfra.com\/blog\/wp-json\/wp\/v2\/media\/18965"}],"wp:attachment":[{"href":"https:\/\/agenciainfra.com\/blog\/wp-json\/wp\/v2\/media?parent=18964"}],"wp:term":[{"taxonomy":"category","embeddable":true,"href":"https:\/\/agenciainfra.com\/blog\/wp-json\/wp\/v2\/categories?post=18964"},{"taxonomy":"post_tag","embeddable":true,"href":"https:\/\/agenciainfra.com\/blog\/wp-json\/wp\/v2\/tags?post=18964"}],"curies":[{"name":"wp","href":"https:\/\/api.w.org\/{rel}","templated":true}]}}