{"id":18994,"date":"2024-11-04T09:00:00","date_gmt":"2024-11-04T12:00:00","guid":{"rendered":"https:\/\/agenciainfra.com\/blog\/?p=18994"},"modified":"2024-11-05T11:40:16","modified_gmt":"2024-11-05T14:40:16","slug":"tecnicos-da-aneel-dizem-que-light-nao-deve-ter-direito-a-revisao-tarifaria-extraordinaria","status":"publish","type":"post","link":"https:\/\/agenciainfra.com\/blog\/tecnicos-da-aneel-dizem-que-light-nao-deve-ter-direito-a-revisao-tarifaria-extraordinaria\/","title":{"rendered":"T\u00e9cnicos da ANEEL dizem que Light n\u00e3o deve ter direito \u00e0 revis\u00e3o tarif\u00e1ria extraordin\u00e1ria"},"content":{"rendered":"\n<p class=\"has-text-align-right\"><strong>Geraldo Campos Jr., da Ag\u00eancia iNFRA<\/strong><\/p>\n\n\n\n<p>A Procuradoria Federal junto \u00e0 ANEEL (Ag\u00eancia Nacional de Energia El\u00e9trica) e superintend\u00eancias da reguladora recomendaram que a diretoria rejeite o pedido de RTE (Revis\u00e3o Tarif\u00e1ria Extraordin\u00e1ria) da Light, distribuidora de energia el\u00e9trica do Rio de Janeiro. O processo foi pautado para a reuni\u00e3o da ag\u00eancia desta ter\u00e7a-feira (5) e est\u00e1 sob a relatoria do diretor Fernando Mosna.<br><br>Os pareceres\u00a0<a href=\"https:\/\/agenciainfra.us14.list-manage.com\/track\/click?u=d460dd1bcf9ba0ae040e1fc0f&amp;id=b8d1570fa9&amp;e=1192c754bc\" target=\"_blank\" rel=\"noreferrer noopener\">t\u00e9cnico<\/a>\u00a0e\u00a0<a href=\"https:\/\/agenciainfra.us14.list-manage.com\/track\/click?u=d460dd1bcf9ba0ae040e1fc0f&amp;id=52e4d09f6d&amp;e=1192c754bc\" target=\"_blank\" rel=\"noreferrer noopener\">jur\u00eddico<\/a>\u00a0concluem que a empresa n\u00e3o tem direito \u00e0 revis\u00e3o extraordin\u00e1ria no momento por n\u00e3o apresentar os crit\u00e9rios de admissibilidade, como a evid\u00eancia de desequil\u00edbrio econ\u00f4mico-financeiro causado por um fato novo e alheio \u00e0 concession\u00e1ria.<br><br><strong>Repasse de perdas<\/strong><br>A Light pleiteia no processo a reavalia\u00e7\u00e3o dos par\u00e2metros de perdas n\u00e3o t\u00e9cnicas que foram estabelecidos na\u00a0RTP (Revis\u00e3o Tarif\u00e1ria Peri\u00f3dica) de 2022, que fixou os limites regulat\u00f3rios para cada ano do ciclo de 2022 a 2026. Com um aumento desses percentuais, poderia ampliar o repasse do custo com as perdas para as tarifas.<\/p>\n\n\n\n<p>Para o ciclo 2022-2026, as taxas de perdas n\u00e3o t\u00e9cnicas da distribuidora foram fixadas em \u00edndices de 42,9% a 40,7%, a depender do ano. Foram os maiores da hist\u00f3ria da concess\u00e3o. No requerimento de RTE, a Light pediu a eleva\u00e7\u00e3o dos limites de 53,8% a 49,2%, percentuais bem maiores. Justificou o tratamento diferenciado pela exist\u00eancia de v\u00e1rias regi\u00f5es com severas restri\u00e7\u00f5es operacionais na \u00e1rea de concess\u00e3o.<br><br>A empresa inclusive requereu que os novos percentuais de perdas sejam retroativos a 2022,&nbsp;argumentando que o regramento da ANEEL permitiria que \u201ca ag\u00eancia revisasse seus pr\u00f3prios atos, com base em sua conveni\u00eancia e oportunidade, de forma a melhor satisfazer o interesse p\u00fablico\u201d.<br><br>A \u00e1rea t\u00e9cnica, por\u00e9m,&nbsp;sustentou que \u201cn\u00e3o ser\u00e3o admitidos pedidos de RTE para compensar fatos geradores origin\u00e1rios de inefici\u00eancia empresarial e\/ou atualizar par\u00e2metros regulat\u00f3rios em decorr\u00eancia de altera\u00e7\u00f5es metodol\u00f3gicas\u201d.&nbsp;<br><br>O requerimento de RTE foi ingressado pela distribuidora em 21 de mar\u00e7o de 2023 para equilibrar seus custos, diante de dificuldades financeiras do Grupo Light. Pouco depois, em 12 de maio do mesmo ano, a empresa entrou com pedido de recupera\u00e7\u00e3o judicial, que perdura at\u00e9 hoje. A concess\u00e3o de energia carioca \u00e9 uma das mais complexas do pa\u00eds, com altos \u00edndices de perdas n\u00e3o t\u00e9cnicas causadas por furtos e elevada inadimpl\u00eancia.<br><br>A empresa ponderou ainda que seu mercado de baixa tens\u00e3o diminuiu desde 2015 a 2022, enquanto os \u00edndices de perdas n\u00e3o t\u00e9cnicas cresceram. No entanto, a nota t\u00e9cnica afirma que \u201cas varia\u00e7\u00f5es do mercado fazem parte do risco do neg\u00f3cio, n\u00e3o&nbsp;podendo a ANEEL ajustar par\u00e2metros quando essa varia\u00e7\u00e3o \u00e9 desfavor\u00e1vel para a distribuidora\u201d.<br><br><strong>Procuradoria<\/strong><br>O parecer da Procuradoria Federal junto \u00e0 ANEEL afirma que seria preciso haver uma altera\u00e7\u00e3o significativa das condi\u00e7\u00f5es estabelecidas no contrato que desequilibre a concess\u00e3o para que ocorra o benef\u00edcio de uma RTE. E avalia que isso n\u00e3o ocorreu no caso da Light.<br><br>Conforme o entendimento da Procuradoria Federal, fatos previs\u00edveis e ligados diretamente \u00e0s a\u00e7\u00f5es da concession\u00e1ria, como as taxas de perdas, n\u00e3o podem ser considerados para an\u00e1lise da RTE. \u201c\u00c9 necess\u00e1rio que as condi\u00e7\u00f5es estabelecidas no contrato sejam significativamente alteradas, pois o compromisso \u00e9 com a estabilidade dos n\u00edveis regulat\u00f3rios estipulados \u00e0 concess\u00e3o, e n\u00e3o com os resultados financeiros da empresa\u201d.<br><br>A procuradoria entende pela inadmissibilidade da revis\u00e3o tarif\u00e1ria extraordin\u00e1ria por princ\u00edpios como estabilidade do processo e seguran\u00e7a jur\u00eddica, o que impedir\u00e1 a reforma da decis\u00e3o tornada definitiva na RTP 2022.<br><br>O parecer diz ainda que a Light n\u00e3o interp\u00f4s recurso administrativo contr\u00e1rio \u00e0 decis\u00e3o da RTP em 2022. J\u00e1 em 2023, no processo de RTA (Reajuste Tarif\u00e1rio Anual), a empresa pediu a revis\u00e3o dos \u00edndices, mas o pleito foi negado pela ag\u00eancia com o argumento de que n\u00e3o caberia rever os percentuais regulat\u00f3rios de perdas n\u00e3o t\u00e9cnicas estabelecidos na RTP de 2022 em processo de reajuste tarif\u00e1rio.<\/p>\n","protected":false},"excerpt":{"rendered":"<p>Geraldo Campos Jr., da Ag\u00eancia iNFRA A Procuradoria Federal junto \u00e0 ANEEL (Ag\u00eancia Nacional de Energia El\u00e9trica) e superintend\u00eancias da reguladora recomendaram que a diretoria rejeite o pedido de RTE (Revis\u00e3o Tarif\u00e1ria Extraordin\u00e1ria) da Light, distribuidora de energia el\u00e9trica do Rio de Janeiro. O processo foi pautado para a reuni\u00e3o da ag\u00eancia desta ter\u00e7a-feira (5) [&hellip;]<\/p>\n","protected":false},"author":1,"featured_media":12781,"comment_status":"closed","ping_status":"closed","sticky":false,"template":"","format":"standard","meta":{"_monsterinsights_skip_tracking":false,"_monsterinsights_sitenote_active":false,"_monsterinsights_sitenote_note":"","_monsterinsights_sitenote_category":0,"footnotes":""},"categories":[7250,1,10],"tags":[53,1082,282,7014,11594,1867,8864,2690,739,5586],"class_list":["post-18994","post","type-post","status-publish","format-standard","has-post-thumbnail","hentry","category-destaque-lista","category-geral","category-infraenergia","tag-aneel","tag-distribuicao-de-energia","tag-energia-eletrica","tag-fernando-mosna","tag-geraldo-campos-jr","tag-light","tag-reajuste-tarifario","tag-revisao-tarifaria","tag-tarifa","tag-tarifa-de-energia"],"yoast_head":"<!-- This site is optimized with the Yoast SEO Premium plugin v25.4 (Yoast SEO v26.0) - https:\/\/yoast.com\/wordpress\/plugins\/seo\/ -->\n<title>T\u00e9cnicos da ANEEL dizem que Light n\u00e3o deve ter direito \u00e0 revis\u00e3o tarif\u00e1ria extraordin\u00e1ria - Ag\u00eancia iNFRA<\/title>\n<meta name=\"robots\" content=\"index, follow, max-snippet:-1, max-image-preview:large, max-video-preview:-1\" \/>\n<link rel=\"canonical\" href=\"https:\/\/agenciainfra.com\/blog\/tecnicos-da-aneel-dizem-que-light-nao-deve-ter-direito-a-revisao-tarifaria-extraordinaria\/\" \/>\n<meta property=\"og:locale\" content=\"pt_BR\" \/>\n<meta property=\"og:type\" content=\"article\" \/>\n<meta property=\"og:title\" content=\"T\u00e9cnicos da ANEEL dizem que Light n\u00e3o deve ter direito \u00e0 revis\u00e3o tarif\u00e1ria extraordin\u00e1ria\" \/>\n<meta property=\"og:description\" content=\"Geraldo Campos Jr., da Ag\u00eancia iNFRA A Procuradoria Federal junto \u00e0 ANEEL (Ag\u00eancia Nacional de Energia El\u00e9trica) e superintend\u00eancias da reguladora recomendaram que a diretoria rejeite o pedido de RTE (Revis\u00e3o Tarif\u00e1ria Extraordin\u00e1ria) da Light, distribuidora de energia el\u00e9trica do Rio de Janeiro. O processo foi pautado para a reuni\u00e3o da ag\u00eancia desta ter\u00e7a-feira (5) [&hellip;]\" \/>\n<meta property=\"og:url\" content=\"https:\/\/agenciainfra.com\/blog\/tecnicos-da-aneel-dizem-que-light-nao-deve-ter-direito-a-revisao-tarifaria-extraordinaria\/\" \/>\n<meta property=\"og:site_name\" content=\"Ag\u00eancia iNFRA\" \/>\n<meta property=\"article:publisher\" content=\"https:\/\/www.facebook.com\/ageninfra\" \/>\n<meta property=\"article:published_time\" content=\"2024-11-04T12:00:00+00:00\" \/>\n<meta property=\"article:modified_time\" content=\"2024-11-05T14:40:16+00:00\" \/>\n<meta property=\"og:image\" content=\"https:\/\/agenciainfra.com\/blog\/wp-content\/uploads\/2023\/06\/trabalhador-light-poste-foto-facebook-da-light.jpg\" \/>\n\t<meta property=\"og:image:width\" content=\"1202\" \/>\n\t<meta property=\"og:image:height\" content=\"805\" \/>\n\t<meta property=\"og:image:type\" content=\"image\/jpeg\" \/>\n<meta name=\"author\" content=\"Ag\u00eancia iNFRA\" \/>\n<meta name=\"twitter:card\" content=\"summary_large_image\" \/>\n<meta name=\"twitter:creator\" content=\"@agencia_infra\" \/>\n<meta name=\"twitter:site\" content=\"@agencia_infra\" \/>\n<meta name=\"twitter:label1\" content=\"Escrito por\" \/>\n\t<meta name=\"twitter:data1\" content=\"Ag\u00eancia iNFRA\" \/>\n\t<meta name=\"twitter:label2\" content=\"Est. tempo de leitura\" \/>\n\t<meta name=\"twitter:data2\" content=\"4 minutos\" \/>\n<script type=\"application\/ld+json\" class=\"yoast-schema-graph\">{\"@context\":\"https:\/\/schema.org\",\"@graph\":[{\"@type\":\"Article\",\"@id\":\"https:\/\/agenciainfra.com\/blog\/tecnicos-da-aneel-dizem-que-light-nao-deve-ter-direito-a-revisao-tarifaria-extraordinaria\/#article\",\"isPartOf\":{\"@id\":\"https:\/\/agenciainfra.com\/blog\/tecnicos-da-aneel-dizem-que-light-nao-deve-ter-direito-a-revisao-tarifaria-extraordinaria\/\"},\"author\":{\"name\":\"Ag\u00eancia iNFRA\",\"@id\":\"https:\/\/agenciainfra.com\/blog\/#\/schema\/person\/34af08dff6adea4cb22b06612ba7acfa\"},\"headline\":\"T\u00e9cnicos da ANEEL dizem que Light n\u00e3o deve ter direito \u00e0 revis\u00e3o tarif\u00e1ria extraordin\u00e1ria\",\"datePublished\":\"2024-11-04T12:00:00+00:00\",\"dateModified\":\"2024-11-05T14:40:16+00:00\",\"mainEntityOfPage\":{\"@id\":\"https:\/\/agenciainfra.com\/blog\/tecnicos-da-aneel-dizem-que-light-nao-deve-ter-direito-a-revisao-tarifaria-extraordinaria\/\"},\"wordCount\":726,\"publisher\":{\"@id\":\"https:\/\/agenciainfra.com\/blog\/#organization\"},\"image\":{\"@id\":\"https:\/\/agenciainfra.com\/blog\/tecnicos-da-aneel-dizem-que-light-nao-deve-ter-direito-a-revisao-tarifaria-extraordinaria\/#primaryimage\"},\"thumbnailUrl\":\"https:\/\/agenciainfra.com\/blog\/wp-content\/uploads\/2023\/06\/trabalhador-light-poste-foto-facebook-da-light.jpg\",\"keywords\":[\"ANEEL\",\"distribui\u00e7\u00e3o de energia\",\"energia el\u00e9trica\",\"Fernando Mosna\",\"Geraldo Campos Jr.\",\"Light\",\"Reajuste tarif\u00e1rio\",\"revis\u00e3o tarif\u00e1ria\",\"Tarifa\",\"tarifa de energia\"],\"articleSection\":[\"Destaque lista\",\"Geral\",\"iNFRAEnergia\"],\"inLanguage\":\"pt-BR\",\"copyrightYear\":\"2024\",\"copyrightHolder\":{\"@id\":\"https:\/\/agenciainfra.com\/blog\/#organization\"}},{\"@type\":\"WebPage\",\"@id\":\"https:\/\/agenciainfra.com\/blog\/tecnicos-da-aneel-dizem-que-light-nao-deve-ter-direito-a-revisao-tarifaria-extraordinaria\/\",\"url\":\"https:\/\/agenciainfra.com\/blog\/tecnicos-da-aneel-dizem-que-light-nao-deve-ter-direito-a-revisao-tarifaria-extraordinaria\/\",\"name\":\"T\u00e9cnicos da ANEEL dizem que Light n\u00e3o deve ter direito \u00e0 revis\u00e3o tarif\u00e1ria extraordin\u00e1ria - Ag\u00eancia iNFRA\",\"isPartOf\":{\"@id\":\"https:\/\/agenciainfra.com\/blog\/#website\"},\"primaryImageOfPage\":{\"@id\":\"https:\/\/agenciainfra.com\/blog\/tecnicos-da-aneel-dizem-que-light-nao-deve-ter-direito-a-revisao-tarifaria-extraordinaria\/#primaryimage\"},\"image\":{\"@id\":\"https:\/\/agenciainfra.com\/blog\/tecnicos-da-aneel-dizem-que-light-nao-deve-ter-direito-a-revisao-tarifaria-extraordinaria\/#primaryimage\"},\"thumbnailUrl\":\"https:\/\/agenciainfra.com\/blog\/wp-content\/uploads\/2023\/06\/trabalhador-light-poste-foto-facebook-da-light.jpg\",\"datePublished\":\"2024-11-04T12:00:00+00:00\",\"dateModified\":\"2024-11-05T14:40:16+00:00\",\"breadcrumb\":{\"@id\":\"https:\/\/agenciainfra.com\/blog\/tecnicos-da-aneel-dizem-que-light-nao-deve-ter-direito-a-revisao-tarifaria-extraordinaria\/#breadcrumb\"},\"inLanguage\":\"pt-BR\",\"potentialAction\":[{\"@type\":\"ReadAction\",\"target\":[\"https:\/\/agenciainfra.com\/blog\/tecnicos-da-aneel-dizem-que-light-nao-deve-ter-direito-a-revisao-tarifaria-extraordinaria\/\"]}]},{\"@type\":\"ImageObject\",\"inLanguage\":\"pt-BR\",\"@id\":\"https:\/\/agenciainfra.com\/blog\/tecnicos-da-aneel-dizem-que-light-nao-deve-ter-direito-a-revisao-tarifaria-extraordinaria\/#primaryimage\",\"url\":\"https:\/\/agenciainfra.com\/blog\/wp-content\/uploads\/2023\/06\/trabalhador-light-poste-foto-facebook-da-light.jpg\",\"contentUrl\":\"https:\/\/agenciainfra.com\/blog\/wp-content\/uploads\/2023\/06\/trabalhador-light-poste-foto-facebook-da-light.jpg\",\"width\":1202,\"height\":805},{\"@type\":\"BreadcrumbList\",\"@id\":\"https:\/\/agenciainfra.com\/blog\/tecnicos-da-aneel-dizem-que-light-nao-deve-ter-direito-a-revisao-tarifaria-extraordinaria\/#breadcrumb\",\"itemListElement\":[{\"@type\":\"ListItem\",\"position\":1,\"name\":\"In\u00edcio\",\"item\":\"https:\/\/agenciainfra.com\/blog\/\"},{\"@type\":\"ListItem\",\"position\":2,\"name\":\"T\u00e9cnicos da ANEEL dizem que Light n\u00e3o deve ter direito \u00e0 revis\u00e3o tarif\u00e1ria extraordin\u00e1ria\"}]},{\"@type\":\"WebSite\",\"@id\":\"https:\/\/agenciainfra.com\/blog\/#website\",\"url\":\"https:\/\/agenciainfra.com\/blog\/\",\"name\":\"Ag\u00eancia iNFRA\",\"description\":\"Multiplataforma de informa\u00e7\u00e3o jornal\u00edstica refer\u00eancia na \u00e1rea de infraestrutura no Brasil!\",\"publisher\":{\"@id\":\"https:\/\/agenciainfra.com\/blog\/#organization\"},\"potentialAction\":[{\"@type\":\"SearchAction\",\"target\":{\"@type\":\"EntryPoint\",\"urlTemplate\":\"https:\/\/agenciainfra.com\/blog\/?s={search_term_string}\"},\"query-input\":{\"@type\":\"PropertyValueSpecification\",\"valueRequired\":true,\"valueName\":\"search_term_string\"}}],\"inLanguage\":\"pt-BR\"},{\"@type\":\"Organization\",\"@id\":\"https:\/\/agenciainfra.com\/blog\/#organization\",\"name\":\"Ag\u00eancia iNFRA\",\"url\":\"https:\/\/agenciainfra.com\/blog\/\",\"logo\":{\"@type\":\"ImageObject\",\"inLanguage\":\"pt-BR\",\"@id\":\"https:\/\/agenciainfra.com\/blog\/#\/schema\/logo\/image\/\",\"url\":\"https:\/\/agenciainfra.com\/blog\/wp-content\/uploads\/2023\/09\/iNFRA_5-e1761735885940.png\",\"contentUrl\":\"https:\/\/agenciainfra.com\/blog\/wp-content\/uploads\/2023\/09\/iNFRA_5-e1761735885940.png\",\"width\":1672,\"height\":454,\"caption\":\"Ag\u00eancia iNFRA\"},\"image\":{\"@id\":\"https:\/\/agenciainfra.com\/blog\/#\/schema\/logo\/image\/\"},\"sameAs\":[\"https:\/\/www.facebook.com\/ageninfra\",\"https:\/\/x.com\/agencia_infra\",\"https:\/\/www.linkedin.com\/company\/ag\u00eanciainfra\/\",\"https:\/\/www.instagram.com\/agenciainfra\/\"]},{\"@type\":\"Person\",\"@id\":\"https:\/\/agenciainfra.com\/blog\/#\/schema\/person\/34af08dff6adea4cb22b06612ba7acfa\",\"name\":\"Ag\u00eancia iNFRA\",\"image\":{\"@type\":\"ImageObject\",\"inLanguage\":\"pt-BR\",\"@id\":\"https:\/\/agenciainfra.com\/blog\/#\/schema\/person\/image\/\",\"url\":\"https:\/\/secure.gravatar.com\/avatar\/d189e01678f06d8eb84d4e01f08eb848b3fffe3f8443818d3c356c66892f5be8?s=96&d=mm&r=g\",\"contentUrl\":\"https:\/\/secure.gravatar.com\/avatar\/d189e01678f06d8eb84d4e01f08eb848b3fffe3f8443818d3c356c66892f5be8?s=96&d=mm&r=g\",\"caption\":\"Ag\u00eancia iNFRA\"},\"url\":\"https:\/\/agenciainfra.com\/blog\/author\/admin\/\"}]}<\/script>\n<!-- \/ Yoast SEO Premium plugin. -->","yoast_head_json":{"title":"T\u00e9cnicos da ANEEL dizem que Light n\u00e3o deve ter direito \u00e0 revis\u00e3o tarif\u00e1ria extraordin\u00e1ria - Ag\u00eancia iNFRA","robots":{"index":"index","follow":"follow","max-snippet":"max-snippet:-1","max-image-preview":"max-image-preview:large","max-video-preview":"max-video-preview:-1"},"canonical":"https:\/\/agenciainfra.com\/blog\/tecnicos-da-aneel-dizem-que-light-nao-deve-ter-direito-a-revisao-tarifaria-extraordinaria\/","og_locale":"pt_BR","og_type":"article","og_title":"T\u00e9cnicos da ANEEL dizem que Light n\u00e3o deve ter direito \u00e0 revis\u00e3o tarif\u00e1ria extraordin\u00e1ria","og_description":"Geraldo Campos Jr., da Ag\u00eancia iNFRA A Procuradoria Federal junto \u00e0 ANEEL (Ag\u00eancia Nacional de Energia El\u00e9trica) e superintend\u00eancias da reguladora recomendaram que a diretoria rejeite o pedido de RTE (Revis\u00e3o Tarif\u00e1ria Extraordin\u00e1ria) da Light, distribuidora de energia el\u00e9trica do Rio de Janeiro. O processo foi pautado para a reuni\u00e3o da ag\u00eancia desta ter\u00e7a-feira (5) [&hellip;]","og_url":"https:\/\/agenciainfra.com\/blog\/tecnicos-da-aneel-dizem-que-light-nao-deve-ter-direito-a-revisao-tarifaria-extraordinaria\/","og_site_name":"Ag\u00eancia iNFRA","article_publisher":"https:\/\/www.facebook.com\/ageninfra","article_published_time":"2024-11-04T12:00:00+00:00","article_modified_time":"2024-11-05T14:40:16+00:00","og_image":[{"width":1202,"height":805,"url":"https:\/\/agenciainfra.com\/blog\/wp-content\/uploads\/2023\/06\/trabalhador-light-poste-foto-facebook-da-light.jpg","type":"image\/jpeg"}],"author":"Ag\u00eancia iNFRA","twitter_card":"summary_large_image","twitter_creator":"@agencia_infra","twitter_site":"@agencia_infra","twitter_misc":{"Escrito por":"Ag\u00eancia iNFRA","Est. tempo de leitura":"4 minutos"},"schema":{"@context":"https:\/\/schema.org","@graph":[{"@type":"Article","@id":"https:\/\/agenciainfra.com\/blog\/tecnicos-da-aneel-dizem-que-light-nao-deve-ter-direito-a-revisao-tarifaria-extraordinaria\/#article","isPartOf":{"@id":"https:\/\/agenciainfra.com\/blog\/tecnicos-da-aneel-dizem-que-light-nao-deve-ter-direito-a-revisao-tarifaria-extraordinaria\/"},"author":{"name":"Ag\u00eancia iNFRA","@id":"https:\/\/agenciainfra.com\/blog\/#\/schema\/person\/34af08dff6adea4cb22b06612ba7acfa"},"headline":"T\u00e9cnicos da ANEEL dizem que Light n\u00e3o deve ter direito \u00e0 revis\u00e3o tarif\u00e1ria extraordin\u00e1ria","datePublished":"2024-11-04T12:00:00+00:00","dateModified":"2024-11-05T14:40:16+00:00","mainEntityOfPage":{"@id":"https:\/\/agenciainfra.com\/blog\/tecnicos-da-aneel-dizem-que-light-nao-deve-ter-direito-a-revisao-tarifaria-extraordinaria\/"},"wordCount":726,"publisher":{"@id":"https:\/\/agenciainfra.com\/blog\/#organization"},"image":{"@id":"https:\/\/agenciainfra.com\/blog\/tecnicos-da-aneel-dizem-que-light-nao-deve-ter-direito-a-revisao-tarifaria-extraordinaria\/#primaryimage"},"thumbnailUrl":"https:\/\/agenciainfra.com\/blog\/wp-content\/uploads\/2023\/06\/trabalhador-light-poste-foto-facebook-da-light.jpg","keywords":["ANEEL","distribui\u00e7\u00e3o de energia","energia el\u00e9trica","Fernando Mosna","Geraldo Campos Jr.","Light","Reajuste tarif\u00e1rio","revis\u00e3o tarif\u00e1ria","Tarifa","tarifa de energia"],"articleSection":["Destaque lista","Geral","iNFRAEnergia"],"inLanguage":"pt-BR","copyrightYear":"2024","copyrightHolder":{"@id":"https:\/\/agenciainfra.com\/blog\/#organization"}},{"@type":"WebPage","@id":"https:\/\/agenciainfra.com\/blog\/tecnicos-da-aneel-dizem-que-light-nao-deve-ter-direito-a-revisao-tarifaria-extraordinaria\/","url":"https:\/\/agenciainfra.com\/blog\/tecnicos-da-aneel-dizem-que-light-nao-deve-ter-direito-a-revisao-tarifaria-extraordinaria\/","name":"T\u00e9cnicos da ANEEL dizem que Light n\u00e3o deve ter direito \u00e0 revis\u00e3o tarif\u00e1ria extraordin\u00e1ria - Ag\u00eancia iNFRA","isPartOf":{"@id":"https:\/\/agenciainfra.com\/blog\/#website"},"primaryImageOfPage":{"@id":"https:\/\/agenciainfra.com\/blog\/tecnicos-da-aneel-dizem-que-light-nao-deve-ter-direito-a-revisao-tarifaria-extraordinaria\/#primaryimage"},"image":{"@id":"https:\/\/agenciainfra.com\/blog\/tecnicos-da-aneel-dizem-que-light-nao-deve-ter-direito-a-revisao-tarifaria-extraordinaria\/#primaryimage"},"thumbnailUrl":"https:\/\/agenciainfra.com\/blog\/wp-content\/uploads\/2023\/06\/trabalhador-light-poste-foto-facebook-da-light.jpg","datePublished":"2024-11-04T12:00:00+00:00","dateModified":"2024-11-05T14:40:16+00:00","breadcrumb":{"@id":"https:\/\/agenciainfra.com\/blog\/tecnicos-da-aneel-dizem-que-light-nao-deve-ter-direito-a-revisao-tarifaria-extraordinaria\/#breadcrumb"},"inLanguage":"pt-BR","potentialAction":[{"@type":"ReadAction","target":["https:\/\/agenciainfra.com\/blog\/tecnicos-da-aneel-dizem-que-light-nao-deve-ter-direito-a-revisao-tarifaria-extraordinaria\/"]}]},{"@type":"ImageObject","inLanguage":"pt-BR","@id":"https:\/\/agenciainfra.com\/blog\/tecnicos-da-aneel-dizem-que-light-nao-deve-ter-direito-a-revisao-tarifaria-extraordinaria\/#primaryimage","url":"https:\/\/agenciainfra.com\/blog\/wp-content\/uploads\/2023\/06\/trabalhador-light-poste-foto-facebook-da-light.jpg","contentUrl":"https:\/\/agenciainfra.com\/blog\/wp-content\/uploads\/2023\/06\/trabalhador-light-poste-foto-facebook-da-light.jpg","width":1202,"height":805},{"@type":"BreadcrumbList","@id":"https:\/\/agenciainfra.com\/blog\/tecnicos-da-aneel-dizem-que-light-nao-deve-ter-direito-a-revisao-tarifaria-extraordinaria\/#breadcrumb","itemListElement":[{"@type":"ListItem","position":1,"name":"In\u00edcio","item":"https:\/\/agenciainfra.com\/blog\/"},{"@type":"ListItem","position":2,"name":"T\u00e9cnicos da ANEEL dizem que Light n\u00e3o deve ter direito \u00e0 revis\u00e3o tarif\u00e1ria extraordin\u00e1ria"}]},{"@type":"WebSite","@id":"https:\/\/agenciainfra.com\/blog\/#website","url":"https:\/\/agenciainfra.com\/blog\/","name":"Ag\u00eancia iNFRA","description":"Multiplataforma de informa\u00e7\u00e3o jornal\u00edstica refer\u00eancia na \u00e1rea de infraestrutura no Brasil!","publisher":{"@id":"https:\/\/agenciainfra.com\/blog\/#organization"},"potentialAction":[{"@type":"SearchAction","target":{"@type":"EntryPoint","urlTemplate":"https:\/\/agenciainfra.com\/blog\/?s={search_term_string}"},"query-input":{"@type":"PropertyValueSpecification","valueRequired":true,"valueName":"search_term_string"}}],"inLanguage":"pt-BR"},{"@type":"Organization","@id":"https:\/\/agenciainfra.com\/blog\/#organization","name":"Ag\u00eancia iNFRA","url":"https:\/\/agenciainfra.com\/blog\/","logo":{"@type":"ImageObject","inLanguage":"pt-BR","@id":"https:\/\/agenciainfra.com\/blog\/#\/schema\/logo\/image\/","url":"https:\/\/agenciainfra.com\/blog\/wp-content\/uploads\/2023\/09\/iNFRA_5-e1761735885940.png","contentUrl":"https:\/\/agenciainfra.com\/blog\/wp-content\/uploads\/2023\/09\/iNFRA_5-e1761735885940.png","width":1672,"height":454,"caption":"Ag\u00eancia iNFRA"},"image":{"@id":"https:\/\/agenciainfra.com\/blog\/#\/schema\/logo\/image\/"},"sameAs":["https:\/\/www.facebook.com\/ageninfra","https:\/\/x.com\/agencia_infra","https:\/\/www.linkedin.com\/company\/ag\u00eanciainfra\/","https:\/\/www.instagram.com\/agenciainfra\/"]},{"@type":"Person","@id":"https:\/\/agenciainfra.com\/blog\/#\/schema\/person\/34af08dff6adea4cb22b06612ba7acfa","name":"Ag\u00eancia iNFRA","image":{"@type":"ImageObject","inLanguage":"pt-BR","@id":"https:\/\/agenciainfra.com\/blog\/#\/schema\/person\/image\/","url":"https:\/\/secure.gravatar.com\/avatar\/d189e01678f06d8eb84d4e01f08eb848b3fffe3f8443818d3c356c66892f5be8?s=96&d=mm&r=g","contentUrl":"https:\/\/secure.gravatar.com\/avatar\/d189e01678f06d8eb84d4e01f08eb848b3fffe3f8443818d3c356c66892f5be8?s=96&d=mm&r=g","caption":"Ag\u00eancia iNFRA"},"url":"https:\/\/agenciainfra.com\/blog\/author\/admin\/"}]}},"_links":{"self":[{"href":"https:\/\/agenciainfra.com\/blog\/wp-json\/wp\/v2\/posts\/18994","targetHints":{"allow":["GET"]}}],"collection":[{"href":"https:\/\/agenciainfra.com\/blog\/wp-json\/wp\/v2\/posts"}],"about":[{"href":"https:\/\/agenciainfra.com\/blog\/wp-json\/wp\/v2\/types\/post"}],"author":[{"embeddable":true,"href":"https:\/\/agenciainfra.com\/blog\/wp-json\/wp\/v2\/users\/1"}],"replies":[{"embeddable":true,"href":"https:\/\/agenciainfra.com\/blog\/wp-json\/wp\/v2\/comments?post=18994"}],"version-history":[{"count":1,"href":"https:\/\/agenciainfra.com\/blog\/wp-json\/wp\/v2\/posts\/18994\/revisions"}],"predecessor-version":[{"id":18995,"href":"https:\/\/agenciainfra.com\/blog\/wp-json\/wp\/v2\/posts\/18994\/revisions\/18995"}],"wp:featuredmedia":[{"embeddable":true,"href":"https:\/\/agenciainfra.com\/blog\/wp-json\/wp\/v2\/media\/12781"}],"wp:attachment":[{"href":"https:\/\/agenciainfra.com\/blog\/wp-json\/wp\/v2\/media?parent=18994"}],"wp:term":[{"taxonomy":"category","embeddable":true,"href":"https:\/\/agenciainfra.com\/blog\/wp-json\/wp\/v2\/categories?post=18994"},{"taxonomy":"post_tag","embeddable":true,"href":"https:\/\/agenciainfra.com\/blog\/wp-json\/wp\/v2\/tags?post=18994"}],"curies":[{"name":"wp","href":"https:\/\/api.w.org\/{rel}","templated":true}]}}